{"id":7819,"name":"El Petit de Cal Eril","url":"https:\/\/elpetitdecaleril.com\/","description":"Un nombre clave de la escena musical catalana de la \u00faltima d\u00e9cada. Con un discurso \u00fanico y poco complaciente, siempre en una b\u00fasqueda constante de cambio, el cuarteto ha protagonizado giras maratonianas y encadenado una serie de \u00e1lbumes referenciales como \"Por qu\u00e8 es grillen les patates?\" o \"N.S.C.A.L.H.\"","link":"https:\/\/errr-magazine.com\/english\/author\/el-petit-de-cal-eril\/","slug":"el-petit-de-cal-eril","avatar_urls":{"24":"https:\/\/secure.gravatar.com\/avatar\/b8ccc91cc3d00a710ab3061b0612ec51fe1061667e9548f62d3c0ca45738f7e8?s=24&d=identicon&r=g","48":"https:\/\/secure.gravatar.com\/avatar\/b8ccc91cc3d00a710ab3061b0612ec51fe1061667e9548f62d3c0ca45738f7e8?s=48&d=identicon&r=g","96":"https:\/\/secure.gravatar.com\/avatar\/b8ccc91cc3d00a710ab3061b0612ec51fe1061667e9548f62d3c0ca45738f7e8?s=96&d=identicon&r=g"},"meta":{"jetpack_donation_warning_dismissed":false},"acf":[],"yoast_head":"<!-- This site is optimized with the Yoast SEO plugin v27.2 - https:\/\/yoast.com\/product\/yoast-seo-wordpress\/ -->\n<title>El Petit de Cal Eril, autor en ERRR MAGAZINE<\/title>\n<meta name=\"robots\" content=\"index, follow, max-snippet:-1, max-image-preview:large, max-video-preview:-1\" \/>\n<link rel=\"canonical\" href=\"https:\/\/errr-magazine.com\/english\/author\/el-petit-de-cal-eril\/\" \/>\n<meta property=\"og:locale\" content=\"en_US\" \/>\n<meta property=\"og:type\" content=\"profile\" \/>\n<meta property=\"og:title\" content=\"El Petit de Cal Eril, autor en ERRR MAGAZINE\" \/>\n<meta property=\"og:url\" content=\"https:\/\/errr-magazine.com\/english\/author\/el-petit-de-cal-eril\/\" \/>\n<meta property=\"og:site_name\" content=\"ERRR MAGAZINE\" \/>\n<meta property=\"og:image\" content=\"https:\/\/secure.gravatar.com\/avatar\/b8ccc91cc3d00a710ab3061b0612ec51fe1061667e9548f62d3c0ca45738f7e8?s=500&d=identicon&r=g\" \/>\n<meta name=\"twitter:card\" content=\"summary_large_image\" \/>\n<script type=\"application\/ld+json\" class=\"yoast-schema-graph\">{\"@context\":\"https:\/\/schema.org\",\"@graph\":[{\"@type\":\"ProfilePage\",\"@id\":\"https:\/\/errr-magazine.com\/author\/el-petit-de-cal-eril\/\",\"url\":\"https:\/\/errr-magazine.com\/author\/el-petit-de-cal-eril\/\",\"name\":\"El Petit de Cal Eril, autor en ERRR MAGAZINE\",\"isPartOf\":{\"@id\":\"https:\/\/errr-magazine.com\/#website\"},\"breadcrumb\":{\"@id\":\"https:\/\/errr-magazine.com\/author\/el-petit-de-cal-eril\/#breadcrumb\"},\"inLanguage\":\"en-US\",\"potentialAction\":[{\"@type\":\"ReadAction\",\"target\":[\"https:\/\/errr-magazine.com\/author\/el-petit-de-cal-eril\/\"]}]},{\"@type\":\"BreadcrumbList\",\"@id\":\"https:\/\/errr-magazine.com\/author\/el-petit-de-cal-eril\/#breadcrumb\",\"itemListElement\":[{\"@type\":\"ListItem\",\"position\":1,\"name\":\"Portada\",\"item\":\"https:\/\/errr-magazine.com\/\"},{\"@type\":\"ListItem\",\"position\":2,\"name\":\"Archivo de El Petit de Cal Eril\"}]},{\"@type\":\"WebSite\",\"@id\":\"https:\/\/errr-magazine.com\/#website\",\"url\":\"https:\/\/errr-magazine.com\/\",\"name\":\"ERRR MAGAZINE\",\"description\":\"\",\"potentialAction\":[{\"@type\":\"SearchAction\",\"target\":{\"@type\":\"EntryPoint\",\"urlTemplate\":\"https:\/\/errr-magazine.com\/?s={search_term_string}\"},\"query-input\":{\"@type\":\"PropertyValueSpecification\",\"valueRequired\":true,\"valueName\":\"search_term_string\"}}],\"inLanguage\":\"en-US\"},{\"@type\":\"Person\",\"@id\":\"https:\/\/errr-magazine.com\/#\/schema\/person\/4568019dfc56fa749ccb214d0741eb34\",\"name\":\"El Petit de Cal Eril\",\"image\":{\"@type\":\"ImageObject\",\"inLanguage\":\"en-US\",\"@id\":\"https:\/\/secure.gravatar.com\/avatar\/b8ccc91cc3d00a710ab3061b0612ec51fe1061667e9548f62d3c0ca45738f7e8?s=96&d=identicon&r=g\",\"url\":\"https:\/\/secure.gravatar.com\/avatar\/b8ccc91cc3d00a710ab3061b0612ec51fe1061667e9548f62d3c0ca45738f7e8?s=96&d=identicon&r=g\",\"contentUrl\":\"https:\/\/secure.gravatar.com\/avatar\/b8ccc91cc3d00a710ab3061b0612ec51fe1061667e9548f62d3c0ca45738f7e8?s=96&d=identicon&r=g\",\"caption\":\"El Petit de Cal Eril\"},\"description\":\"Un nombre clave de la escena musical catalana de la \u00faltima d\u00e9cada. Con un discurso \u00fanico y poco complaciente, siempre en una b\u00fasqueda constante de cambio, el cuarteto ha protagonizado giras maratonianas y encadenado una serie de \u00e1lbumes referenciales como \\\"Por qu\u00e8 es grillen les patates?\\\" o \\\"N.S.C.A.L.H.\\\"\",\"sameAs\":[\"https:\/\/elpetitdecaleril.com\/\"],\"mainEntityOfPage\":{\"@id\":\"https:\/\/errr-magazine.com\/author\/el-petit-de-cal-eril\/\"}}]}<\/script>\n<!-- \/ Yoast SEO plugin. -->","yoast_head_json":{"title":"El Petit de Cal Eril, autor en ERRR MAGAZINE","robots":{"index":"index","follow":"follow","max-snippet":"max-snippet:-1","max-image-preview":"max-image-preview:large","max-video-preview":"max-video-preview:-1"},"canonical":"https:\/\/errr-magazine.com\/english\/author\/el-petit-de-cal-eril\/","og_locale":"en_US","og_type":"profile","og_title":"El Petit de Cal Eril, autor en ERRR MAGAZINE","og_url":"https:\/\/errr-magazine.com\/english\/author\/el-petit-de-cal-eril\/","og_site_name":"ERRR MAGAZINE","og_image":[{"url":"https:\/\/secure.gravatar.com\/avatar\/b8ccc91cc3d00a710ab3061b0612ec51fe1061667e9548f62d3c0ca45738f7e8?s=500&d=identicon&r=g","type":"","width":"","height":""}],"twitter_card":"summary_large_image","schema":{"@context":"https:\/\/schema.org","@graph":[{"@type":"ProfilePage","@id":"https:\/\/errr-magazine.com\/author\/el-petit-de-cal-eril\/","url":"https:\/\/errr-magazine.com\/author\/el-petit-de-cal-eril\/","name":"El Petit de Cal Eril, autor en ERRR MAGAZINE","isPartOf":{"@id":"https:\/\/errr-magazine.com\/#website"},"breadcrumb":{"@id":"https:\/\/errr-magazine.com\/author\/el-petit-de-cal-eril\/#breadcrumb"},"inLanguage":"en-US","potentialAction":[{"@type":"ReadAction","target":["https:\/\/errr-magazine.com\/author\/el-petit-de-cal-eril\/"]}]},{"@type":"BreadcrumbList","@id":"https:\/\/errr-magazine.com\/author\/el-petit-de-cal-eril\/#breadcrumb","itemListElement":[{"@type":"ListItem","position":1,"name":"Portada","item":"https:\/\/errr-magazine.com\/"},{"@type":"ListItem","position":2,"name":"Archivo de El Petit de Cal Eril"}]},{"@type":"WebSite","@id":"https:\/\/errr-magazine.com\/#website","url":"https:\/\/errr-magazine.com\/","name":"ERRR MAGAZINE","description":"","potentialAction":[{"@type":"SearchAction","target":{"@type":"EntryPoint","urlTemplate":"https:\/\/errr-magazine.com\/?s={search_term_string}"},"query-input":{"@type":"PropertyValueSpecification","valueRequired":true,"valueName":"search_term_string"}}],"inLanguage":"en-US"},{"@type":"Person","@id":"https:\/\/errr-magazine.com\/#\/schema\/person\/4568019dfc56fa749ccb214d0741eb34","name":"El Petit de Cal Eril","image":{"@type":"ImageObject","inLanguage":"en-US","@id":"https:\/\/secure.gravatar.com\/avatar\/b8ccc91cc3d00a710ab3061b0612ec51fe1061667e9548f62d3c0ca45738f7e8?s=96&d=identicon&r=g","url":"https:\/\/secure.gravatar.com\/avatar\/b8ccc91cc3d00a710ab3061b0612ec51fe1061667e9548f62d3c0ca45738f7e8?s=96&d=identicon&r=g","contentUrl":"https:\/\/secure.gravatar.com\/avatar\/b8ccc91cc3d00a710ab3061b0612ec51fe1061667e9548f62d3c0ca45738f7e8?s=96&d=identicon&r=g","caption":"El Petit de Cal Eril"},"description":"Un nombre clave de la escena musical catalana de la \u00faltima d\u00e9cada. Con un discurso \u00fanico y poco complaciente, siempre en una b\u00fasqueda constante de cambio, el cuarteto ha protagonizado giras maratonianas y encadenado una serie de \u00e1lbumes referenciales como \"Por qu\u00e8 es grillen les patates?\" o \"N.S.C.A.L.H.\"","sameAs":["https:\/\/elpetitdecaleril.com\/"],"mainEntityOfPage":{"@id":"https:\/\/errr-magazine.com\/author\/el-petit-de-cal-eril\/"}}]}},"_links":{"self":[{"href":"https:\/\/errr-magazine.com\/english\/wp-json\/wp\/v2\/users\/7819","targetHints":{"allow":["GET"]}}],"collection":[{"href":"https:\/\/errr-magazine.com\/english\/wp-json\/wp\/v2\/users"}]}}