{"id":205543,"date":"2026-04-27T12:40:48","date_gmt":"2026-04-27T18:40:48","guid":{"rendered":"https:\/\/errr-magazine.com\/?p=205543"},"modified":"2026-04-27T12:40:53","modified_gmt":"2026-04-27T18:40:53","slug":"ajeno-cafeteria","status":"publish","type":"post","link":"https:\/\/errr-magazine.com\/english\/ajeno-cafeteria\/","title":{"rendered":"Ajeno Cafeter\u00eda"},"content":{"rendered":"<p><strong>How did this place come about and what made it different from the start?<br><\/strong><a href=\"https:\/\/www.instagram.com\/ajeno.cafeteria\/\"><strong>Ajeno<\/strong><\/a> started more as a feeling than a plan. The idea of \u200b\u200ba coffee shop had always been there, but for a long time it existed only in my ideals, something that hadn't yet found its moment. Eventually, the opportunity arose to make it a reality, and that's when the idea took shape: to create a space that didn't feel entirely personal, but rather a place anyone could inhabit emotionally. From the beginning, what made it different was that intention: we didn't just want to serve coffee, we wanted to build an atmosphere where people could feel removed from the everyday, even if only for a few minutes.<\/p>\n\n\n\n<figure class=\"wp-block-image size-large\"><img decoding=\"async\" width=\"683\" height=\"1024\" data-src=\"https:\/\/errr-magazine.com\/wp-content\/uploads\/2026\/04\/IMG_0267_SnapseedCopy-683x1024.jpg\" alt=\"\" class=\"wp-image-205547 lazyload\" data-srcset=\"https:\/\/errr-magazine.com\/wp-content\/uploads\/2026\/04\/IMG_0267_SnapseedCopy-683x1024.jpg 683w, https:\/\/errr-magazine.com\/wp-content\/uploads\/2026\/04\/IMG_0267_SnapseedCopy-200x300.jpg 200w, https:\/\/errr-magazine.com\/wp-content\/uploads\/2026\/04\/IMG_0267_SnapseedCopy-768x1152.jpg 768w, https:\/\/errr-magazine.com\/wp-content\/uploads\/2026\/04\/IMG_0267_SnapseedCopy-1024x1536.jpg 1024w, https:\/\/errr-magazine.com\/wp-content\/uploads\/2026\/04\/IMG_0267_SnapseedCopy-1365x2048.jpg 1365w, https:\/\/errr-magazine.com\/wp-content\/uploads\/2026\/04\/IMG_0267_SnapseedCopy-8x12.jpg 8w, https:\/\/errr-magazine.com\/wp-content\/uploads\/2026\/04\/IMG_0267_SnapseedCopy-scaled.jpg 1707w\" data-sizes=\"(max-width: 683px) 100vw, 683px\" src=\"data:image\/svg+xml;base64,PHN2ZyB3aWR0aD0iMSIgaGVpZ2h0PSIxIiB4bWxucz0iaHR0cDovL3d3dy53My5vcmcvMjAwMC9zdmciPjwvc3ZnPg==\" style=\"--smush-placeholder-width: 683px; --smush-placeholder-aspect-ratio: 683\/1024;\" \/><\/figure>\n\n\n\n<p><strong>What part of the day, space, or creative process do those who work here enjoy the most?<br><\/strong>There's something very special about the in-between moments: when the space isn't completely full or empty. We truly enjoy observing how the space changes with the daylight and how each client inhabits it differently. In the creative process, the most enjoyable part is thinking about small details\u2014a phrase, a texture, an image\u2014that ultimately build the complete experience.<\/p>\n\n\n\n<figure class=\"wp-block-image size-large\"><img decoding=\"async\" width=\"683\" height=\"1024\" data-src=\"https:\/\/errr-magazine.com\/wp-content\/uploads\/2026\/04\/IMG_0021-copy-683x1024.jpg\" alt=\"\" class=\"wp-image-205548 lazyload\" data-srcset=\"https:\/\/errr-magazine.com\/wp-content\/uploads\/2026\/04\/IMG_0021-copy-683x1024.jpg 683w, https:\/\/errr-magazine.com\/wp-content\/uploads\/2026\/04\/IMG_0021-copy-200x300.jpg 200w, https:\/\/errr-magazine.com\/wp-content\/uploads\/2026\/04\/IMG_0021-copy-768x1152.jpg 768w, https:\/\/errr-magazine.com\/wp-content\/uploads\/2026\/04\/IMG_0021-copy-1024x1536.jpg 1024w, https:\/\/errr-magazine.com\/wp-content\/uploads\/2026\/04\/IMG_0021-copy-1365x2048.jpg 1365w, https:\/\/errr-magazine.com\/wp-content\/uploads\/2026\/04\/IMG_0021-copy-8x12.jpg 8w, https:\/\/errr-magazine.com\/wp-content\/uploads\/2026\/04\/IMG_0021-copy.jpg 1500w\" data-sizes=\"(max-width: 683px) 100vw, 683px\" src=\"data:image\/svg+xml;base64,PHN2ZyB3aWR0aD0iMSIgaGVpZ2h0PSIxIiB4bWxucz0iaHR0cDovL3d3dy53My5vcmcvMjAwMC9zdmciPjwvc3ZnPg==\" style=\"--smush-placeholder-width: 683px; --smush-placeholder-aspect-ratio: 683\/1024;\" \/><\/figure>\n\n\n\n<p><strong>If someone is coming in for the first time, what should they not miss?<br><\/strong>More than anything specific, they shouldn't miss the moment of pause. Sitting, observing, a little chat, listening. Maybe a coffee and a cookie, but above all, the feeling of being in a place that demands nothing more than simply being.<\/p>\n\n\n\n<figure class=\"wp-block-image size-large\"><img decoding=\"async\" width=\"683\" height=\"1024\" data-src=\"https:\/\/errr-magazine.com\/wp-content\/uploads\/2026\/04\/IMG_0203-copy-683x1024.jpg\" alt=\"\" class=\"wp-image-205549 lazyload\" data-srcset=\"https:\/\/errr-magazine.com\/wp-content\/uploads\/2026\/04\/IMG_0203-copy-683x1024.jpg 683w, https:\/\/errr-magazine.com\/wp-content\/uploads\/2026\/04\/IMG_0203-copy-200x300.jpg 200w, https:\/\/errr-magazine.com\/wp-content\/uploads\/2026\/04\/IMG_0203-copy-768x1152.jpg 768w, https:\/\/errr-magazine.com\/wp-content\/uploads\/2026\/04\/IMG_0203-copy-1024x1536.jpg 1024w, https:\/\/errr-magazine.com\/wp-content\/uploads\/2026\/04\/IMG_0203-copy-1365x2048.jpg 1365w, https:\/\/errr-magazine.com\/wp-content\/uploads\/2026\/04\/IMG_0203-copy-8x12.jpg 8w, https:\/\/errr-magazine.com\/wp-content\/uploads\/2026\/04\/IMG_0203-copy.jpg 1500w\" data-sizes=\"(max-width: 683px) 100vw, 683px\" src=\"data:image\/svg+xml;base64,PHN2ZyB3aWR0aD0iMSIgaGVpZ2h0PSIxIiB4bWxucz0iaHR0cDovL3d3dy53My5vcmcvMjAwMC9zdmciPjwvc3ZnPg==\" style=\"--smush-placeholder-width: 683px; --smush-placeholder-aspect-ratio: 683\/1024;\" \/><\/figure>\n\n\n\n<p><strong>What has been an interesting challenge that has made you rethink something about the project?<br><\/strong>One of the biggest challenges has been understanding that growth doesn't mean losing our essence. It has made us constantly rethink what is truly Ajeno and what is just external noise. This process has helped us make more conscious decisions and better protect the project's identity.\u00a0<\/p>\n\n\n\n<figure class=\"wp-block-image size-large\"><img decoding=\"async\" width=\"683\" height=\"1024\" data-src=\"https:\/\/errr-magazine.com\/wp-content\/uploads\/2026\/04\/IMG_1660-copy-683x1024.jpg\" alt=\"\" class=\"wp-image-205550 lazyload\" data-srcset=\"https:\/\/errr-magazine.com\/wp-content\/uploads\/2026\/04\/IMG_1660-copy-683x1024.jpg 683w, https:\/\/errr-magazine.com\/wp-content\/uploads\/2026\/04\/IMG_1660-copy-200x300.jpg 200w, https:\/\/errr-magazine.com\/wp-content\/uploads\/2026\/04\/IMG_1660-copy-768x1152.jpg 768w, https:\/\/errr-magazine.com\/wp-content\/uploads\/2026\/04\/IMG_1660-copy-1024x1536.jpg 1024w, https:\/\/errr-magazine.com\/wp-content\/uploads\/2026\/04\/IMG_1660-copy-1365x2048.jpg 1365w, https:\/\/errr-magazine.com\/wp-content\/uploads\/2026\/04\/IMG_1660-copy-8x12.jpg 8w, https:\/\/errr-magazine.com\/wp-content\/uploads\/2026\/04\/IMG_1660-copy.jpg 1500w\" data-sizes=\"(max-width: 683px) 100vw, 683px\" src=\"data:image\/svg+xml;base64,PHN2ZyB3aWR0aD0iMSIgaGVpZ2h0PSIxIiB4bWxucz0iaHR0cDovL3d3dy53My5vcmcvMjAwMC9zdmciPjwvc3ZnPg==\" style=\"--smush-placeholder-width: 683px; --smush-placeholder-aspect-ratio: 683\/1024;\" \/><\/figure>\n\n\n\n<p><strong>What influence, idea, or reference continues to shape the way you work today?<br><\/strong>We continue to be guided by the idea of \u200b\u200bthe \"foreign\" as something that doesn't quite belong, but at the same time feels close. This duality is the basis of everything: in space, in flavors, in communication.\u00a0\u00a0<\/p>\n\n\n\n<figure class=\"wp-block-image size-large\"><img decoding=\"async\" width=\"683\" height=\"1024\" data-src=\"https:\/\/errr-magazine.com\/wp-content\/uploads\/2026\/04\/3U1A2682-copy-683x1024.jpg\" alt=\"\" class=\"wp-image-205551 lazyload\" data-srcset=\"https:\/\/errr-magazine.com\/wp-content\/uploads\/2026\/04\/3U1A2682-copy-683x1024.jpg 683w, https:\/\/errr-magazine.com\/wp-content\/uploads\/2026\/04\/3U1A2682-copy-200x300.jpg 200w, https:\/\/errr-magazine.com\/wp-content\/uploads\/2026\/04\/3U1A2682-copy-768x1152.jpg 768w, https:\/\/errr-magazine.com\/wp-content\/uploads\/2026\/04\/3U1A2682-copy-1024x1536.jpg 1024w, https:\/\/errr-magazine.com\/wp-content\/uploads\/2026\/04\/3U1A2682-copy-1365x2048.jpg 1365w, https:\/\/errr-magazine.com\/wp-content\/uploads\/2026\/04\/3U1A2682-copy-8x12.jpg 8w, https:\/\/errr-magazine.com\/wp-content\/uploads\/2026\/04\/3U1A2682-copy.jpg 1505w\" data-sizes=\"(max-width: 683px) 100vw, 683px\" src=\"data:image\/svg+xml;base64,PHN2ZyB3aWR0aD0iMSIgaGVpZ2h0PSIxIiB4bWxucz0iaHR0cDovL3d3dy53My5vcmcvMjAwMC9zdmciPjwvc3ZnPg==\" style=\"--smush-placeholder-width: 683px; --smush-placeholder-aspect-ratio: 683\/1024;\" \/><\/figure>\n\n\n\n<p><strong>What place, project, or person has inspired you recently and why?<br><\/strong>We're greatly inspired by projects that manage to build identity from simplicity. Places where each element seems small on its own, but together they create something truly authentic. That coherence is something we constantly strive for.<\/p>\n\n\n\n<figure class=\"wp-block-image size-large\"><img decoding=\"async\" width=\"683\" height=\"1024\" data-src=\"https:\/\/errr-magazine.com\/wp-content\/uploads\/2026\/04\/IMG_7402-copy-683x1024.jpg\" alt=\"\" class=\"wp-image-205553 lazyload\" data-srcset=\"https:\/\/errr-magazine.com\/wp-content\/uploads\/2026\/04\/IMG_7402-copy-683x1024.jpg 683w, https:\/\/errr-magazine.com\/wp-content\/uploads\/2026\/04\/IMG_7402-copy-200x300.jpg 200w, https:\/\/errr-magazine.com\/wp-content\/uploads\/2026\/04\/IMG_7402-copy-768x1152.jpg 768w, https:\/\/errr-magazine.com\/wp-content\/uploads\/2026\/04\/IMG_7402-copy-1024x1536.jpg 1024w, https:\/\/errr-magazine.com\/wp-content\/uploads\/2026\/04\/IMG_7402-copy-1365x2048.jpg 1365w, https:\/\/errr-magazine.com\/wp-content\/uploads\/2026\/04\/IMG_7402-copy-8x12.jpg 8w, https:\/\/errr-magazine.com\/wp-content\/uploads\/2026\/04\/IMG_7402-copy.jpg 1500w\" data-sizes=\"(max-width: 683px) 100vw, 683px\" src=\"data:image\/svg+xml;base64,PHN2ZyB3aWR0aD0iMSIgaGVpZ2h0PSIxIiB4bWxucz0iaHR0cDovL3d3dy53My5vcmcvMjAwMC9zdmciPjwvc3ZnPg==\" style=\"--smush-placeholder-width: 683px; --smush-placeholder-aspect-ratio: 683\/1024;\" \/><\/figure>\n\n\n\n<p><strong>If your space could invite someone to collaborate for a day, who would it be and what would you do together?<br><\/strong>Perhaps someone who understands coffee as a creative language, not just a technical one. I've always been an art lover, so we'd probably do some kind of intervention in the space: a mix of a special menu and a small visual exhibition\u2014art, photography, something like that.<\/p>\n\n\n\n<figure class=\"wp-block-image size-large\"><img decoding=\"async\" width=\"683\" height=\"1024\" data-src=\"https:\/\/errr-magazine.com\/wp-content\/uploads\/2026\/04\/IMG_7405-copy-683x1024.jpg\" alt=\"\" class=\"wp-image-205554 lazyload\" data-srcset=\"https:\/\/errr-magazine.com\/wp-content\/uploads\/2026\/04\/IMG_7405-copy-683x1024.jpg 683w, https:\/\/errr-magazine.com\/wp-content\/uploads\/2026\/04\/IMG_7405-copy-200x300.jpg 200w, https:\/\/errr-magazine.com\/wp-content\/uploads\/2026\/04\/IMG_7405-copy-768x1152.jpg 768w, https:\/\/errr-magazine.com\/wp-content\/uploads\/2026\/04\/IMG_7405-copy-1024x1536.jpg 1024w, https:\/\/errr-magazine.com\/wp-content\/uploads\/2026\/04\/IMG_7405-copy-1365x2048.jpg 1365w, https:\/\/errr-magazine.com\/wp-content\/uploads\/2026\/04\/IMG_7405-copy-8x12.jpg 8w, https:\/\/errr-magazine.com\/wp-content\/uploads\/2026\/04\/IMG_7405-copy.jpg 1500w\" data-sizes=\"(max-width: 683px) 100vw, 683px\" src=\"data:image\/svg+xml;base64,PHN2ZyB3aWR0aD0iMSIgaGVpZ2h0PSIxIiB4bWxucz0iaHR0cDovL3d3dy53My5vcmcvMjAwMC9zdmciPjwvc3ZnPg==\" style=\"--smush-placeholder-width: 683px; --smush-placeholder-aspect-ratio: 683\/1024;\" \/><\/figure>\n\n\n\n<p><strong>Is there an object, corner or detail of the place that has a story that few people know?<br><\/strong>It's funny, because in a way, the space was already foreign before it became foreign. Much of what exists today was already there, but over time we gradually appropriated every corner, giving it intention and meaning. What once didn't belong to us now has a story, an emotion, or a decision behind it. Perhaps that's the detail few know: that the place wasn't built from scratch, but rather transformed until it felt like ours, without ceasing to be foreign.<\/p>\n\n\n\n<figure class=\"wp-block-image size-large\"><img decoding=\"async\" width=\"683\" height=\"1024\" data-src=\"https:\/\/errr-magazine.com\/wp-content\/uploads\/2026\/04\/IMG_7405-copy-1-683x1024.jpg\" alt=\"\" class=\"wp-image-205555 lazyload\" data-srcset=\"https:\/\/errr-magazine.com\/wp-content\/uploads\/2026\/04\/IMG_7405-copy-1-683x1024.jpg 683w, https:\/\/errr-magazine.com\/wp-content\/uploads\/2026\/04\/IMG_7405-copy-1-200x300.jpg 200w, https:\/\/errr-magazine.com\/wp-content\/uploads\/2026\/04\/IMG_7405-copy-1-768x1152.jpg 768w, https:\/\/errr-magazine.com\/wp-content\/uploads\/2026\/04\/IMG_7405-copy-1-1024x1536.jpg 1024w, https:\/\/errr-magazine.com\/wp-content\/uploads\/2026\/04\/IMG_7405-copy-1-1365x2048.jpg 1365w, https:\/\/errr-magazine.com\/wp-content\/uploads\/2026\/04\/IMG_7405-copy-1-8x12.jpg 8w, https:\/\/errr-magazine.com\/wp-content\/uploads\/2026\/04\/IMG_7405-copy-1.jpg 1500w\" data-sizes=\"(max-width: 683px) 100vw, 683px\" src=\"data:image\/svg+xml;base64,PHN2ZyB3aWR0aD0iMSIgaGVpZ2h0PSIxIiB4bWxucz0iaHR0cDovL3d3dy53My5vcmcvMjAwMC9zdmciPjwvc3ZnPg==\" style=\"--smush-placeholder-width: 683px; --smush-placeholder-aspect-ratio: 683\/1024;\" \/><\/figure>\n\n\n\n<p><strong>If this project were a city, a book, or a record, which would it be and why?<br><\/strong>It would be like a notebook: fragmented, intimate, sometimes unfinished. Something that doesn't necessarily follow a clear structure, but feels honest on every page. Ajeno draws heavily on the inspiration of intimate feelings. Ajeno Cafeteria doesn't strive for perfection, but rather seeks to be a part of each person who feels free to share their day, how they feel, even becoming almost like friends: in short, the feelings and stories of each person who is part of Ajeno Cafeteria.<\/p>\n\n\n\n<p><strong>Answers by <a href=\"https:\/\/www.instagram.com\/edgaralfaro\/\">Edgar Alfaro<\/a>, Founder and Creative Director of Ajeno Cafeteria.<\/strong><\/p>","protected":false},"excerpt":{"rendered":"<p>We're greatly inspired by projects that manage to build identity from simplicity. Places where each element seems small on its own, but together they create something truly authentic. That coherence is something we constantly strive for.<\/p>","protected":false},"author":8419,"featured_media":205546,"comment_status":"closed","ping_status":"closed","sticky":false,"template":"places","format":"standard","meta":{"_acf_changed":false,"cybocfi_hide_featured_image":"","_jetpack_memberships_contains_paid_content":false,"footnotes":""},"categories":[17851],"tags":[],"class_list":["post-205543","post","type-post","status-publish","format-standard","has-post-thumbnail","hentry","category-cafeterias-y-panaderias"],"acf":[],"mb":[],"yoast_head":"<!-- This site is optimized with the Yoast SEO plugin v27.2 - https:\/\/yoast.com\/product\/yoast-seo-wordpress\/ -->\n<title>Ajeno Cafeter\u00eda - ERRR MAGAZINE<\/title>\n<meta name=\"robots\" content=\"index, follow, max-snippet:-1, max-image-preview:large, max-video-preview:-1\" \/>\n<link rel=\"canonical\" href=\"https:\/\/errr-magazine.com\/english\/ajeno-cafeteria\/\" \/>\n<meta property=\"og:locale\" content=\"en_US\" \/>\n<meta property=\"og:type\" content=\"article\" \/>\n<meta property=\"og:title\" content=\"Ajeno Cafeter\u00eda - ERRR MAGAZINE\" \/>\n<meta property=\"og:description\" content=\"Nos inspiran mucho los proyectos que logran construir identidad desde lo simple. Lugares donde cada elemento parece peque\u00f1o por s\u00ed solo, pero que juntos crean algo muy honesto. Esa coherencia es algo que constantemente buscamos.\" \/>\n<meta property=\"og:url\" content=\"https:\/\/errr-magazine.com\/english\/ajeno-cafeteria\/\" \/>\n<meta property=\"og:site_name\" content=\"ERRR MAGAZINE\" \/>\n<meta property=\"article:published_time\" content=\"2026-04-27T18:40:48+00:00\" \/>\n<meta property=\"article:modified_time\" content=\"2026-04-27T18:40:53+00:00\" \/>\n<meta property=\"og:image\" content=\"https:\/\/errr-magazine.com\/wp-content\/uploads\/2026\/04\/IMG_1440-scaled.jpg\" \/>\n\t<meta property=\"og:image:width\" content=\"1707\" \/>\n\t<meta property=\"og:image:height\" content=\"2560\" \/>\n\t<meta property=\"og:image:type\" content=\"image\/jpeg\" \/>\n<meta name=\"author\" content=\"Ajeno Cafeter\u00eda\" \/>\n<meta name=\"twitter:card\" content=\"summary_large_image\" \/>\n<meta name=\"twitter:label1\" content=\"Written by\" \/>\n\t<meta name=\"twitter:data1\" content=\"Ajeno Cafeter\u00eda\" \/>\n\t<meta name=\"twitter:label2\" content=\"Est. reading time\" \/>\n\t<meta name=\"twitter:data2\" content=\"5 minutes\" \/>\n<script type=\"application\/ld+json\" class=\"yoast-schema-graph\">{\"@context\":\"https:\/\/schema.org\",\"@graph\":[{\"@type\":\"Article\",\"@id\":\"https:\/\/errr-magazine.com\/ajeno-cafeteria\/#article\",\"isPartOf\":{\"@id\":\"https:\/\/errr-magazine.com\/ajeno-cafeteria\/\"},\"author\":{\"name\":\"Ajeno Cafeter\u00eda\",\"@id\":\"https:\/\/errr-magazine.com\/#\/schema\/person\/5e565131c1ea0ffdb6cf1f7acd730db9\"},\"headline\":\"Ajeno Cafeter\u00eda\",\"datePublished\":\"2026-04-27T18:40:48+00:00\",\"dateModified\":\"2026-04-27T18:40:53+00:00\",\"mainEntityOfPage\":{\"@id\":\"https:\/\/errr-magazine.com\/ajeno-cafeteria\/\"},\"wordCount\":746,\"image\":{\"@id\":\"https:\/\/errr-magazine.com\/ajeno-cafeteria\/#primaryimage\"},\"thumbnailUrl\":\"https:\/\/errr-magazine.com\/wp-content\/uploads\/2026\/04\/IMG_1440-scaled.jpg\",\"articleSection\":[\"Cafeterias y panader\u00edas\"],\"inLanguage\":\"en-US\"},{\"@type\":\"WebPage\",\"@id\":\"https:\/\/errr-magazine.com\/ajeno-cafeteria\/\",\"url\":\"https:\/\/errr-magazine.com\/ajeno-cafeteria\/\",\"name\":\"Ajeno Cafeter\u00eda - ERRR MAGAZINE\",\"isPartOf\":{\"@id\":\"https:\/\/errr-magazine.com\/#website\"},\"primaryImageOfPage\":{\"@id\":\"https:\/\/errr-magazine.com\/ajeno-cafeteria\/#primaryimage\"},\"image\":{\"@id\":\"https:\/\/errr-magazine.com\/ajeno-cafeteria\/#primaryimage\"},\"thumbnailUrl\":\"https:\/\/errr-magazine.com\/wp-content\/uploads\/2026\/04\/IMG_1440-scaled.jpg\",\"datePublished\":\"2026-04-27T18:40:48+00:00\",\"dateModified\":\"2026-04-27T18:40:53+00:00\",\"author\":{\"@id\":\"https:\/\/errr-magazine.com\/#\/schema\/person\/5e565131c1ea0ffdb6cf1f7acd730db9\"},\"breadcrumb\":{\"@id\":\"https:\/\/errr-magazine.com\/ajeno-cafeteria\/#breadcrumb\"},\"inLanguage\":\"en-US\",\"potentialAction\":[{\"@type\":\"ReadAction\",\"target\":[\"https:\/\/errr-magazine.com\/ajeno-cafeteria\/\"]}]},{\"@type\":\"ImageObject\",\"inLanguage\":\"en-US\",\"@id\":\"https:\/\/errr-magazine.com\/ajeno-cafeteria\/#primaryimage\",\"url\":\"https:\/\/errr-magazine.com\/wp-content\/uploads\/2026\/04\/IMG_1440-scaled.jpg\",\"contentUrl\":\"https:\/\/errr-magazine.com\/wp-content\/uploads\/2026\/04\/IMG_1440-scaled.jpg\",\"width\":1707,\"height\":2560},{\"@type\":\"BreadcrumbList\",\"@id\":\"https:\/\/errr-magazine.com\/ajeno-cafeteria\/#breadcrumb\",\"itemListElement\":[{\"@type\":\"ListItem\",\"position\":1,\"name\":\"Portada\",\"item\":\"https:\/\/errr-magazine.com\/\"},{\"@type\":\"ListItem\",\"position\":2,\"name\":\"Ajeno Cafeter\u00eda\"}]},{\"@type\":\"WebSite\",\"@id\":\"https:\/\/errr-magazine.com\/#website\",\"url\":\"https:\/\/errr-magazine.com\/\",\"name\":\"ERRR MAGAZINE\",\"description\":\"\",\"potentialAction\":[{\"@type\":\"SearchAction\",\"target\":{\"@type\":\"EntryPoint\",\"urlTemplate\":\"https:\/\/errr-magazine.com\/?s={search_term_string}\"},\"query-input\":{\"@type\":\"PropertyValueSpecification\",\"valueRequired\":true,\"valueName\":\"search_term_string\"}}],\"inLanguage\":\"en-US\"},{\"@type\":\"Person\",\"@id\":\"https:\/\/errr-magazine.com\/#\/schema\/person\/5e565131c1ea0ffdb6cf1f7acd730db9\",\"name\":\"Ajeno Cafeter\u00eda\",\"image\":{\"@type\":\"ImageObject\",\"inLanguage\":\"en-US\",\"@id\":\"https:\/\/secure.gravatar.com\/avatar\/ef3b16164cdffbad0a9928221c6cfd901f7590dac01261fafa35c2cccd1e78c4?s=96&d=identicon&r=g\",\"url\":\"https:\/\/secure.gravatar.com\/avatar\/ef3b16164cdffbad0a9928221c6cfd901f7590dac01261fafa35c2cccd1e78c4?s=96&d=identicon&r=g\",\"contentUrl\":\"https:\/\/secure.gravatar.com\/avatar\/ef3b16164cdffbad0a9928221c6cfd901f7590dac01261fafa35c2cccd1e78c4?s=96&d=identicon&r=g\",\"caption\":\"Ajeno Cafeter\u00eda\"},\"description\":\"Martes a Domingo Gral. F\u00e9lix Ireta 329 A, D\u00e1maso C\u00e1rdenas Sahuayo De Morelos, Michoac\u00e1n De Ocampo M\u00e9xico\",\"sameAs\":[\"https:\/\/www.instagram.com\/ajeno.cafeteria\/\"],\"url\":\"https:\/\/errr-magazine.com\/english\/author\/ajenjo\/\"}]}<\/script>\n<!-- \/ Yoast SEO plugin. -->","yoast_head_json":{"title":"Ajeno Cafeter\u00eda - ERRR MAGAZINE","robots":{"index":"index","follow":"follow","max-snippet":"max-snippet:-1","max-image-preview":"max-image-preview:large","max-video-preview":"max-video-preview:-1"},"canonical":"https:\/\/errr-magazine.com\/english\/ajeno-cafeteria\/","og_locale":"en_US","og_type":"article","og_title":"Ajeno Cafeter\u00eda - ERRR MAGAZINE","og_description":"Nos inspiran mucho los proyectos que logran construir identidad desde lo simple. Lugares donde cada elemento parece peque\u00f1o por s\u00ed solo, pero que juntos crean algo muy honesto. Esa coherencia es algo que constantemente buscamos.","og_url":"https:\/\/errr-magazine.com\/english\/ajeno-cafeteria\/","og_site_name":"ERRR MAGAZINE","article_published_time":"2026-04-27T18:40:48+00:00","article_modified_time":"2026-04-27T18:40:53+00:00","og_image":[{"width":1707,"height":2560,"url":"https:\/\/errr-magazine.com\/wp-content\/uploads\/2026\/04\/IMG_1440-scaled.jpg","type":"image\/jpeg"}],"author":"Ajeno Cafeter\u00eda","twitter_card":"summary_large_image","twitter_misc":{"Written by":"Ajeno Cafeter\u00eda","Est. reading time":"5 minutes"},"schema":{"@context":"https:\/\/schema.org","@graph":[{"@type":"Article","@id":"https:\/\/errr-magazine.com\/ajeno-cafeteria\/#article","isPartOf":{"@id":"https:\/\/errr-magazine.com\/ajeno-cafeteria\/"},"author":{"name":"Ajeno Cafeter\u00eda","@id":"https:\/\/errr-magazine.com\/#\/schema\/person\/5e565131c1ea0ffdb6cf1f7acd730db9"},"headline":"Ajeno Cafeter\u00eda","datePublished":"2026-04-27T18:40:48+00:00","dateModified":"2026-04-27T18:40:53+00:00","mainEntityOfPage":{"@id":"https:\/\/errr-magazine.com\/ajeno-cafeteria\/"},"wordCount":746,"image":{"@id":"https:\/\/errr-magazine.com\/ajeno-cafeteria\/#primaryimage"},"thumbnailUrl":"https:\/\/errr-magazine.com\/wp-content\/uploads\/2026\/04\/IMG_1440-scaled.jpg","articleSection":["Cafeterias y panader\u00edas"],"inLanguage":"en-US"},{"@type":"WebPage","@id":"https:\/\/errr-magazine.com\/ajeno-cafeteria\/","url":"https:\/\/errr-magazine.com\/ajeno-cafeteria\/","name":"Ajeno Cafeter\u00eda - ERRR MAGAZINE","isPartOf":{"@id":"https:\/\/errr-magazine.com\/#website"},"primaryImageOfPage":{"@id":"https:\/\/errr-magazine.com\/ajeno-cafeteria\/#primaryimage"},"image":{"@id":"https:\/\/errr-magazine.com\/ajeno-cafeteria\/#primaryimage"},"thumbnailUrl":"https:\/\/errr-magazine.com\/wp-content\/uploads\/2026\/04\/IMG_1440-scaled.jpg","datePublished":"2026-04-27T18:40:48+00:00","dateModified":"2026-04-27T18:40:53+00:00","author":{"@id":"https:\/\/errr-magazine.com\/#\/schema\/person\/5e565131c1ea0ffdb6cf1f7acd730db9"},"breadcrumb":{"@id":"https:\/\/errr-magazine.com\/ajeno-cafeteria\/#breadcrumb"},"inLanguage":"en-US","potentialAction":[{"@type":"ReadAction","target":["https:\/\/errr-magazine.com\/ajeno-cafeteria\/"]}]},{"@type":"ImageObject","inLanguage":"en-US","@id":"https:\/\/errr-magazine.com\/ajeno-cafeteria\/#primaryimage","url":"https:\/\/errr-magazine.com\/wp-content\/uploads\/2026\/04\/IMG_1440-scaled.jpg","contentUrl":"https:\/\/errr-magazine.com\/wp-content\/uploads\/2026\/04\/IMG_1440-scaled.jpg","width":1707,"height":2560},{"@type":"BreadcrumbList","@id":"https:\/\/errr-magazine.com\/ajeno-cafeteria\/#breadcrumb","itemListElement":[{"@type":"ListItem","position":1,"name":"Portada","item":"https:\/\/errr-magazine.com\/"},{"@type":"ListItem","position":2,"name":"Ajeno Cafeter\u00eda"}]},{"@type":"WebSite","@id":"https:\/\/errr-magazine.com\/#website","url":"https:\/\/errr-magazine.com\/","name":"ERRR MAGAZINE","description":"","potentialAction":[{"@type":"SearchAction","target":{"@type":"EntryPoint","urlTemplate":"https:\/\/errr-magazine.com\/?s={search_term_string}"},"query-input":{"@type":"PropertyValueSpecification","valueRequired":true,"valueName":"search_term_string"}}],"inLanguage":"en-US"},{"@type":"Person","@id":"https:\/\/errr-magazine.com\/#\/schema\/person\/5e565131c1ea0ffdb6cf1f7acd730db9","name":"Ajeno Cafeter\u00eda","image":{"@type":"ImageObject","inLanguage":"en-US","@id":"https:\/\/secure.gravatar.com\/avatar\/ef3b16164cdffbad0a9928221c6cfd901f7590dac01261fafa35c2cccd1e78c4?s=96&d=identicon&r=g","url":"https:\/\/secure.gravatar.com\/avatar\/ef3b16164cdffbad0a9928221c6cfd901f7590dac01261fafa35c2cccd1e78c4?s=96&d=identicon&r=g","contentUrl":"https:\/\/secure.gravatar.com\/avatar\/ef3b16164cdffbad0a9928221c6cfd901f7590dac01261fafa35c2cccd1e78c4?s=96&d=identicon&r=g","caption":"Ajeno Cafeter\u00eda"},"description":"Martes a Domingo Gral. F\u00e9lix Ireta 329 A, D\u00e1maso C\u00e1rdenas Sahuayo De Morelos, Michoac\u00e1n De Ocampo M\u00e9xico","sameAs":["https:\/\/www.instagram.com\/ajeno.cafeteria\/"],"url":"https:\/\/errr-magazine.com\/english\/author\/ajenjo\/"}]}},"jetpack_featured_media_url":"https:\/\/errr-magazine.com\/wp-content\/uploads\/2026\/04\/IMG_1440-scaled.jpg","jetpack-related-posts":[{"id":200635,"url":"https:\/\/errr-magazine.com\/english\/alabastro-cafe\/","url_meta":{"origin":205543,"position":0},"title":"Alabastro Caf\u00e9","author":"Alabastro Caf\u00e9","date":"02\/20\/2026","format":false,"excerpt":"It was born as a dream shared by two girls aged eight and seven, which became reality twenty years later. From the beginning, we wanted to create a space where people could enjoy a delicious cup of coffee and a good dessert, or have breakfast in harmony.\u00a0","rel":"","context":"In &quot;Cafeterias y panader\u00edas&quot;","block_context":{"text":"Cafeterias y panader\u00edas","link":"https:\/\/errr-magazine.com\/english\/category\/places\/cafeterias-y-panaderias\/"},"img":{"alt_text":"","src":"https:\/\/i0.wp.com\/errr-magazine.com\/wp-content\/uploads\/2026\/02\/MTW6089-1.jpeg?resize=350%2C200&ssl=1","width":350,"height":200,"srcset":"https:\/\/i0.wp.com\/errr-magazine.com\/wp-content\/uploads\/2026\/02\/MTW6089-1.jpeg?resize=350%2C200&ssl=1 1x, https:\/\/i0.wp.com\/errr-magazine.com\/wp-content\/uploads\/2026\/02\/MTW6089-1.jpeg?resize=525%2C300&ssl=1 1.5x, https:\/\/i0.wp.com\/errr-magazine.com\/wp-content\/uploads\/2026\/02\/MTW6089-1.jpeg?resize=700%2C400&ssl=1 2x, https:\/\/i0.wp.com\/errr-magazine.com\/wp-content\/uploads\/2026\/02\/MTW6089-1.jpeg?resize=1050%2C600&ssl=1 3x"},"classes":[]},{"id":200548,"url":"https:\/\/errr-magazine.com\/english\/blah-blah-cafe\/","url_meta":{"origin":205543,"position":1},"title":"Blah Blah Caf\u00e9","author":"Blah Blah Caf\u00e9","date":"02\/19\/2026","format":false,"excerpt":"When tables fill with ceramics, watercolors, or wine glasses, the space transforms and becomes a creative meeting point. Seeing people connect with each other is probably the most rewarding part.\u00a0","rel":"","context":"In &quot;Cafeterias y panader\u00edas&quot;","block_context":{"text":"Cafeterias y panader\u00edas","link":"https:\/\/errr-magazine.com\/english\/category\/places\/cafeterias-y-panaderias\/"},"img":{"alt_text":"","src":"https:\/\/i0.wp.com\/errr-magazine.com\/wp-content\/uploads\/2026\/02\/4-3-scaled.jpeg?resize=350%2C200&ssl=1","width":350,"height":200,"srcset":"https:\/\/i0.wp.com\/errr-magazine.com\/wp-content\/uploads\/2026\/02\/4-3-scaled.jpeg?resize=350%2C200&ssl=1 1x, https:\/\/i0.wp.com\/errr-magazine.com\/wp-content\/uploads\/2026\/02\/4-3-scaled.jpeg?resize=525%2C300&ssl=1 1.5x, https:\/\/i0.wp.com\/errr-magazine.com\/wp-content\/uploads\/2026\/02\/4-3-scaled.jpeg?resize=700%2C400&ssl=1 2x, https:\/\/i0.wp.com\/errr-magazine.com\/wp-content\/uploads\/2026\/02\/4-3-scaled.jpeg?resize=1050%2C600&ssl=1 3x, https:\/\/i0.wp.com\/errr-magazine.com\/wp-content\/uploads\/2026\/02\/4-3-scaled.jpeg?resize=1400%2C800&ssl=1 4x"},"classes":[]},{"id":201110,"url":"https:\/\/errr-magazine.com\/english\/galerie-coffee\/","url_meta":{"origin":205543,"position":2},"title":"Galerie Coffee","author":"Galerie Coffee","date":"02\/25\/2026","format":false,"excerpt":"We began integrating art as an experience: canvases in different sizes, tote bags, cotton bags, mirrors, and various pieces to customize. Our mission has always been to support and give visibility to local artists and businesses.","rel":"","context":"In &quot;Cafeterias y panader\u00edas&quot;","block_context":{"text":"Cafeterias y panader\u00edas","link":"https:\/\/errr-magazine.com\/english\/category\/places\/cafeterias-y-panaderias\/"},"img":{"alt_text":"","src":"https:\/\/i0.wp.com\/errr-magazine.com\/wp-content\/uploads\/2026\/02\/2-8.jpg?resize=350%2C200&ssl=1","width":350,"height":200,"srcset":"https:\/\/i0.wp.com\/errr-magazine.com\/wp-content\/uploads\/2026\/02\/2-8.jpg?resize=350%2C200&ssl=1 1x, https:\/\/i0.wp.com\/errr-magazine.com\/wp-content\/uploads\/2026\/02\/2-8.jpg?resize=525%2C300&ssl=1 1.5x, https:\/\/i0.wp.com\/errr-magazine.com\/wp-content\/uploads\/2026\/02\/2-8.jpg?resize=700%2C400&ssl=1 2x"},"classes":[]},{"id":202248,"url":"https:\/\/errr-magazine.com\/english\/cafe-proyecto-cero\/","url_meta":{"origin":205543,"position":3},"title":"Caf\u00e9 Proyecto Cero","author":"Caf\u00e9 Proyecto Cero","date":"03\/13\/2026","format":false,"excerpt":"A coffee project that feels out of this world\u2014a kind of space exploration in search of new sensations for people. A caf\u00e9 made for takeoff, something you can enjoy at the bar or take home.","rel":"","context":"In &quot;Cafeterias y panader\u00edas&quot;","block_context":{"text":"Cafeterias y panader\u00edas","link":"https:\/\/errr-magazine.com\/english\/category\/places\/cafeterias-y-panaderias\/"},"img":{"alt_text":"","src":"https:\/\/i0.wp.com\/errr-magazine.com\/wp-content\/uploads\/2026\/03\/image23-scaled.jpeg?resize=350%2C200&ssl=1","width":350,"height":200,"srcset":"https:\/\/i0.wp.com\/errr-magazine.com\/wp-content\/uploads\/2026\/03\/image23-scaled.jpeg?resize=350%2C200&ssl=1 1x, https:\/\/i0.wp.com\/errr-magazine.com\/wp-content\/uploads\/2026\/03\/image23-scaled.jpeg?resize=525%2C300&ssl=1 1.5x, https:\/\/i0.wp.com\/errr-magazine.com\/wp-content\/uploads\/2026\/03\/image23-scaled.jpeg?resize=700%2C400&ssl=1 2x, https:\/\/i0.wp.com\/errr-magazine.com\/wp-content\/uploads\/2026\/03\/image23-scaled.jpeg?resize=1050%2C600&ssl=1 3x, https:\/\/i0.wp.com\/errr-magazine.com\/wp-content\/uploads\/2026\/03\/image23-scaled.jpeg?resize=1400%2C800&ssl=1 4x"},"classes":[]},{"id":200513,"url":"https:\/\/errr-magazine.com\/english\/pasguato\/","url_meta":{"origin":205543,"position":4},"title":"Pasguato","author":"Pasguato","date":"02\/19\/2026","format":false,"excerpt":"El nombre viene de algo muy personal: mi abuelita nos dice \u201cpazguatos\u201d a sus nietos e hijos. Significa algo as\u00ed como \u201cmenso\u201d, pero en tono cari\u00f1oso. Me gust\u00f3 escribirlo con \u201cs\u201d en lugar de \u201cz\u201d; apropi\u00e1rmelo. El proyecto tambi\u00e9n tiene eso: no tomarse demasiado en serio las cosas, pero s\u00ed\u2026","rel":"","context":"In &quot;Cafeterias y panader\u00edas&quot;","block_context":{"text":"Cafeterias y panader\u00edas","link":"https:\/\/errr-magazine.com\/english\/category\/places\/cafeterias-y-panaderias\/"},"img":{"alt_text":"","src":"https:\/\/i0.wp.com\/errr-magazine.com\/wp-content\/uploads\/2026\/02\/1-5.jpg?resize=350%2C200&ssl=1","width":350,"height":200,"srcset":"https:\/\/i0.wp.com\/errr-magazine.com\/wp-content\/uploads\/2026\/02\/1-5.jpg?resize=350%2C200&ssl=1 1x, https:\/\/i0.wp.com\/errr-magazine.com\/wp-content\/uploads\/2026\/02\/1-5.jpg?resize=525%2C300&ssl=1 1.5x, https:\/\/i0.wp.com\/errr-magazine.com\/wp-content\/uploads\/2026\/02\/1-5.jpg?resize=700%2C400&ssl=1 2x, https:\/\/i0.wp.com\/errr-magazine.com\/wp-content\/uploads\/2026\/02\/1-5.jpg?resize=1050%2C600&ssl=1 3x, https:\/\/i0.wp.com\/errr-magazine.com\/wp-content\/uploads\/2026\/02\/1-5.jpg?resize=1400%2C800&ssl=1 4x"},"classes":[]},{"id":201361,"url":"https:\/\/errr-magazine.com\/english\/nomad-cafe\/","url_meta":{"origin":205543,"position":5},"title":"Nomad Caf\u00e9","author":"Nomad Caf\u00e9","date":"03\/01\/2026","format":false,"excerpt":"We really enjoy calibrating the espresso and that moment when we realize that, day by day, our espressos keep getting better.","rel":"","context":"In &quot;Cafeterias y panader\u00edas&quot;","block_context":{"text":"Cafeterias y panader\u00edas","link":"https:\/\/errr-magazine.com\/english\/category\/places\/cafeterias-y-panaderias\/"},"img":{"alt_text":"","src":"https:\/\/i0.wp.com\/errr-magazine.com\/wp-content\/uploads\/2026\/03\/MTW4079-scaled-copy-1.jpg?resize=350%2C200&ssl=1","width":350,"height":200,"srcset":"https:\/\/i0.wp.com\/errr-magazine.com\/wp-content\/uploads\/2026\/03\/MTW4079-scaled-copy-1.jpg?resize=350%2C200&ssl=1 1x, https:\/\/i0.wp.com\/errr-magazine.com\/wp-content\/uploads\/2026\/03\/MTW4079-scaled-copy-1.jpg?resize=525%2C300&ssl=1 1.5x, https:\/\/i0.wp.com\/errr-magazine.com\/wp-content\/uploads\/2026\/03\/MTW4079-scaled-copy-1.jpg?resize=700%2C400&ssl=1 2x, https:\/\/i0.wp.com\/errr-magazine.com\/wp-content\/uploads\/2026\/03\/MTW4079-scaled-copy-1.jpg?resize=1050%2C600&ssl=1 3x, https:\/\/i0.wp.com\/errr-magazine.com\/wp-content\/uploads\/2026\/03\/MTW4079-scaled-copy-1.jpg?resize=1400%2C800&ssl=1 4x"},"classes":[]}],"jetpack_sharing_enabled":true,"mfb_rest_fields":["title","yoast_head","yoast_head_json","jetpack_featured_media_url","jetpack-related-posts","jetpack_sharing_enabled"],"_links":{"self":[{"href":"https:\/\/errr-magazine.com\/english\/wp-json\/wp\/v2\/posts\/205543","targetHints":{"allow":["GET"]}}],"collection":[{"href":"https:\/\/errr-magazine.com\/english\/wp-json\/wp\/v2\/posts"}],"about":[{"href":"https:\/\/errr-magazine.com\/english\/wp-json\/wp\/v2\/types\/post"}],"author":[{"embeddable":true,"href":"https:\/\/errr-magazine.com\/english\/wp-json\/wp\/v2\/users\/8419"}],"replies":[{"embeddable":true,"href":"https:\/\/errr-magazine.com\/english\/wp-json\/wp\/v2\/comments?post=205543"}],"version-history":[{"count":2,"href":"https:\/\/errr-magazine.com\/english\/wp-json\/wp\/v2\/posts\/205543\/revisions"}],"predecessor-version":[{"id":205556,"href":"https:\/\/errr-magazine.com\/english\/wp-json\/wp\/v2\/posts\/205543\/revisions\/205556"}],"wp:featuredmedia":[{"embeddable":true,"href":"https:\/\/errr-magazine.com\/english\/wp-json\/wp\/v2\/media\/205546"}],"wp:attachment":[{"href":"https:\/\/errr-magazine.com\/english\/wp-json\/wp\/v2\/media?parent=205543"}],"wp:term":[{"taxonomy":"category","embeddable":true,"href":"https:\/\/errr-magazine.com\/english\/wp-json\/wp\/v2\/categories?post=205543"},{"taxonomy":"post_tag","embeddable":true,"href":"https:\/\/errr-magazine.com\/english\/wp-json\/wp\/v2\/tags?post=205543"}],"curies":[{"name":"wp","href":"https:\/\/api.w.org\/{rel}","templated":true}]}}