{"id":203508,"date":"2026-04-02T17:34:55","date_gmt":"2026-04-02T23:34:55","guid":{"rendered":"https:\/\/errr-magazine.com\/?p=203508"},"modified":"2026-04-02T19:37:21","modified_gmt":"2026-04-03T01:37:21","slug":"espresso-ergo-sum-taller-de-poesia-con-cafeina","status":"publish","type":"post","link":"https:\/\/errr-magazine.com\/english\/espresso-ergo-sum-taller-de-poesia-con-cafeina\/","title":{"rendered":"Espresso, ergo sum: taller de poes\u00eda con cafe\u00edna"},"content":{"rendered":"\n<div class=\"wp-block-columns is-layout-flex wp-container-core-columns-is-layout-28f84493 wp-block-columns-is-layout-flex\">\n<div class=\"wp-block-column is-layout-flow wp-block-column-is-layout-flow\">\n<h3 class=\"wp-block-heading\">Espresso, ergo sum: taller de poes\u00eda con cafe\u00edna<\/h3>\n\n\n\n<p>&#8220;Se sentaban <br>deliberadamente muy separados, para experimentar, cada d\u00eda, <br>la dulzura de verse a trav\u00e9s <br>de la distancia.&#8221;<br><br>\u2014 Louise Gl\u00fcck<\/p>\n<\/div>\n\n\n\n<div class=\"wp-block-column is-layout-flow wp-block-column-is-layout-flow\"><\/div>\n<\/div>\n\n\n\n<div class=\"wp-block-columns is-layout-flex wp-container-core-columns-is-layout-28f84493 wp-block-columns-is-layout-flex\">\n<div class=\"wp-block-column is-layout-flow wp-block-column-is-layout-flow\">\n<figure class=\"wp-block-image size-large\"><img decoding=\"async\" width=\"722\" height=\"1024\" data-src=\"https:\/\/errr-magazine.com\/wp-content\/uploads\/2026\/04\/Foto-6-722x1024.jpg\" alt=\"\" class=\"wp-image-203516 lazyload\" data-srcset=\"https:\/\/errr-magazine.com\/wp-content\/uploads\/2026\/04\/Foto-6-722x1024.jpg 722w, https:\/\/errr-magazine.com\/wp-content\/uploads\/2026\/04\/Foto-6-212x300.jpg 212w, https:\/\/errr-magazine.com\/wp-content\/uploads\/2026\/04\/Foto-6-768x1089.jpg 768w, https:\/\/errr-magazine.com\/wp-content\/uploads\/2026\/04\/Foto-6-1083x1536.jpg 1083w, https:\/\/errr-magazine.com\/wp-content\/uploads\/2026\/04\/Foto-6-8x12.jpg 8w, https:\/\/errr-magazine.com\/wp-content\/uploads\/2026\/04\/Foto-6.jpg 1419w\" data-sizes=\"(max-width: 722px) 100vw, 722px\" src=\"data:image\/svg+xml;base64,PHN2ZyB3aWR0aD0iMSIgaGVpZ2h0PSIxIiB4bWxucz0iaHR0cDovL3d3dy53My5vcmcvMjAwMC9zdmciPjwvc3ZnPg==\" style=\"--smush-placeholder-width: 722px; --smush-placeholder-aspect-ratio: 722\/1024;\" \/><\/figure>\n<\/div>\n\n\n\n<div class=\"wp-block-column is-layout-flow wp-block-column-is-layout-flow\">\n<p><strong>4 sesiones<\/strong> presenciales de dos horas cada una<br><strong>Lugar<\/strong>: <a href=\"https:\/\/www.instagram.com\/funkycafe.mx\/\" target=\"_blank\" rel=\"noreferrer noopener\"><strong>Funky Caf\u00e9 <\/strong><\/a>(Guadalajara 62, Roma Norte, CDMX)<br><strong>Fechas<\/strong>: los martes 12, 19, 26 de mayo y 2 de junio<br><strong>Horario<\/strong>: de 19 a 21 hrs<br><strong>Costo<\/strong>: $2,000 MXN (incluye un ejemplar de <a href=\"https:\/\/errr-magazine.com\/magazine\/\" target=\"_blank\" rel=\"noreferrer noopener\"><strong>ERRR Magazine<\/strong><\/a>)<br><strong>Imparte<\/strong>: <strong><a href=\"https:\/\/www.instagram.com\/e_vizcaya\/\" target=\"_blank\" rel=\"noreferrer noopener\">Emmanuel Vizcaya<\/a><\/strong><\/p>\n\n\n\n<p>\u00a1Cupo limitado!<\/p>\n\n\n\n<p>Para inscribirte, haz clic en el bot\u00f3n para ir a Mercado Pago y realizar el pago con tarjeta de d\u00e9bito\/cr\u00e9dito, por transferencia SPEI o en efectivo. Una vez que hayas hecho el pago, m\u00e1ndanos por favor tu comprobante y nombre completo a info@errr-magazine.com para reservar tu lugar.<\/p>\n\n\n\n<div class=\"wp-block-buttons is-layout-flex wp-block-buttons-is-layout-flex\">\n<div class=\"wp-block-button is-style-outline is-style-outline--1\"><a class=\"wp-block-button__link wp-element-button\" href=\"https:\/\/mpago.la\/1Q8zUYk\" style=\"border-width:1px;border-top-left-radius:8px;border-top-right-radius:8px;border-bottom-left-radius:8px;border-bottom-right-radius:8px\" target=\"_blank\" rel=\"noreferrer noopener\">Inscribirme<\/a><\/div>\n<\/div>\n\n\n\n<p>Taller te\u00f3rico-pr\u00e1ctico dirigido a toda persona que profese un amor apasionado por el caf\u00e9 y tenga el inter\u00e9s de escribir peque\u00f1os textos po\u00e9ticos al respecto. Las sesiones abordar\u00e1n claves y t\u00e9cnicas de la poes\u00eda, acompa\u00f1adas ejercicios creativos, as\u00ed que no se necesita experiencia previa. Tambi\u00e9n se leer\u00e1n poemas contempor\u00e1neos mientras se bebe una buena taza. <\/p>\n\n\n\n<p>Al finalizar el taller, <strong>un texto de cada participante ser\u00e1 publicado en el siguiente n\u00famero de las <\/strong><a href=\"https:\/\/errr-magazine.com\/prints\/\" target=\"_blank\" rel=\"noreferrer noopener\"><strong>ERRR PRINTS For the Coffee Lovers<\/strong><\/a>. Adem\u00e1s, se entregar\u00e1 una constancia de participaci\u00f3n por parte de ERRR Magazine.<\/p>\n\n\n\n<p><strong>Semblanza del tallerista: <a href=\"https:\/\/www.instagram.com\/e_vizcaya\/\" target=\"_blank\" rel=\"noreferrer noopener\">Emmanuel Vizcaya<\/a><\/strong> (CDMX, 1989). Ensayista, narrador y poeta. Su obra suele explorar temas como la tecnolog\u00eda, la transformaci\u00f3n del lenguaje y la ficci\u00f3n especulativa. Fue uno de los fundadores de la revista digital [Radiador] Magazine y beneficiario del programa \u201cJ\u00f3venes Creadores 2024-2025\u201d del SACPC en Ensayo Creativo. Con frecuencia imparte talleres de escritura y produce ROTTTOR, un proyecto de experimentaci\u00f3n sonora y m\u00fasica electr\u00f3nica. <br><strong><a href=\"http:\/\/emmanuelvizcaya.blogspot.com\" target=\"_blank\" rel=\"noreferrer noopener\">emmanuelvizcaya.blogspot.com<\/a><\/strong><\/p>\n<\/div>\n<\/div>\n\n\n\n<div style=\"height:40px\" aria-hidden=\"true\" class=\"wp-block-spacer\"><\/div>\n\n\n\n<p><\/p>\n\n\n\n<p><\/p>\n\n\n\n<p><\/p>\n","protected":false},"excerpt":{"rendered":"<p>Espresso, ergo sum: taller de poes\u00eda con cafe\u00edna &#8220;Se sentaban deliberadamente muy separados, para experimentar, cada d\u00eda, la dulzura de verse a trav\u00e9s de la distancia.&#8221; \u2014 Louise Gl\u00fcck 4 sesiones presenciales de dos horas cada unaLugar: Funky Caf\u00e9 (Guadalajara 62, Roma Norte, CDMX)Fechas: los martes 12, 19, 26 de mayo y 2 de junioHorario: [&hellip;]<\/p>\n","protected":false},"author":2641,"featured_media":0,"comment_status":"closed","ping_status":"closed","sticky":false,"template":"producto","format":"standard","meta":{"_acf_changed":false,"cybocfi_hide_featured_image":"","_jetpack_memberships_contains_paid_content":false,"footnotes":""},"categories":[17868],"tags":[],"class_list":["post-203508","post","type-post","status-publish","format-standard","hentry","category-talleres"],"acf":[],"mb":[],"yoast_head":"<!-- This site is optimized with the Yoast SEO plugin v27.2 - https:\/\/yoast.com\/product\/yoast-seo-wordpress\/ -->\n<title>Espresso, ergo sum: taller de poes\u00eda con cafe\u00edna - ERRR MAGAZINE<\/title>\n<meta name=\"robots\" content=\"index, follow, max-snippet:-1, max-image-preview:large, max-video-preview:-1\" \/>\n<link rel=\"canonical\" href=\"https:\/\/errr-magazine.com\/english\/espresso-ergo-sum-taller-de-poesia-con-cafeina\/\" \/>\n<meta property=\"og:locale\" content=\"en_US\" \/>\n<meta property=\"og:type\" content=\"article\" \/>\n<meta property=\"og:title\" content=\"Espresso, ergo sum: taller de poes\u00eda con cafe\u00edna - ERRR MAGAZINE\" \/>\n<meta property=\"og:description\" content=\"Espresso, ergo sum: taller de poes\u00eda con cafe\u00edna &#8220;Se sentaban deliberadamente muy separados, para experimentar, cada d\u00eda, la dulzura de verse a trav\u00e9s de la distancia.&#8221; \u2014 Louise Gl\u00fcck 4 sesiones presenciales de dos horas cada unaLugar: Funky Caf\u00e9 (Guadalajara 62, Roma Norte, CDMX)Fechas: los martes 12, 19, 26 de mayo y 2 de junioHorario: [&hellip;]\" \/>\n<meta property=\"og:url\" content=\"https:\/\/errr-magazine.com\/english\/espresso-ergo-sum-taller-de-poesia-con-cafeina\/\" \/>\n<meta property=\"og:site_name\" content=\"ERRR MAGAZINE\" \/>\n<meta property=\"article:published_time\" content=\"2026-04-02T23:34:55+00:00\" \/>\n<meta property=\"article:modified_time\" content=\"2026-04-03T01:37:21+00:00\" \/>\n<meta property=\"og:image\" content=\"https:\/\/errr-magazine.com\/wp-content\/uploads\/2026\/04\/Foto-6.jpg\" \/>\n\t<meta property=\"og:image:width\" content=\"1419\" \/>\n\t<meta property=\"og:image:height\" content=\"2012\" \/>\n\t<meta property=\"og:image:type\" content=\"image\/jpeg\" \/>\n<meta name=\"author\" content=\"ERRR Magazine\" \/>\n<meta name=\"twitter:card\" content=\"summary_large_image\" \/>\n<meta name=\"twitter:label1\" content=\"Written by\" \/>\n\t<meta name=\"twitter:data1\" content=\"ERRR Magazine\" \/>\n\t<meta name=\"twitter:label2\" content=\"Est. reading time\" \/>\n\t<meta name=\"twitter:data2\" content=\"2 minutes\" \/>\n<script type=\"application\/ld+json\" class=\"yoast-schema-graph\">{\"@context\":\"https:\/\/schema.org\",\"@graph\":[{\"@type\":\"Article\",\"@id\":\"https:\/\/errr-magazine.com\/espresso-ergo-sum-taller-de-poesia-con-cafeina\/#article\",\"isPartOf\":{\"@id\":\"https:\/\/errr-magazine.com\/espresso-ergo-sum-taller-de-poesia-con-cafeina\/\"},\"author\":{\"name\":\"ERRR Magazine\",\"@id\":\"https:\/\/errr-magazine.com\/#\/schema\/person\/9e0858f05dc38c2acec51398a0490ecc\"},\"headline\":\"Espresso, ergo sum: taller de poes\u00eda con cafe\u00edna\",\"datePublished\":\"2026-04-02T23:34:55+00:00\",\"dateModified\":\"2026-04-03T01:37:21+00:00\",\"mainEntityOfPage\":{\"@id\":\"https:\/\/errr-magazine.com\/espresso-ergo-sum-taller-de-poesia-con-cafeina\/\"},\"wordCount\":318,\"image\":{\"@id\":\"https:\/\/errr-magazine.com\/espresso-ergo-sum-taller-de-poesia-con-cafeina\/#primaryimage\"},\"thumbnailUrl\":\"https:\/\/errr-magazine.com\/wp-content\/uploads\/2026\/04\/Foto-6-722x1024.jpg\",\"articleSection\":[\"Talleres\"],\"inLanguage\":\"en-US\"},{\"@type\":\"WebPage\",\"@id\":\"https:\/\/errr-magazine.com\/espresso-ergo-sum-taller-de-poesia-con-cafeina\/\",\"url\":\"https:\/\/errr-magazine.com\/espresso-ergo-sum-taller-de-poesia-con-cafeina\/\",\"name\":\"Espresso, ergo sum: taller de poes\u00eda con cafe\u00edna - ERRR MAGAZINE\",\"isPartOf\":{\"@id\":\"https:\/\/errr-magazine.com\/#website\"},\"primaryImageOfPage\":{\"@id\":\"https:\/\/errr-magazine.com\/espresso-ergo-sum-taller-de-poesia-con-cafeina\/#primaryimage\"},\"image\":{\"@id\":\"https:\/\/errr-magazine.com\/espresso-ergo-sum-taller-de-poesia-con-cafeina\/#primaryimage\"},\"thumbnailUrl\":\"https:\/\/errr-magazine.com\/wp-content\/uploads\/2026\/04\/Foto-6-722x1024.jpg\",\"datePublished\":\"2026-04-02T23:34:55+00:00\",\"dateModified\":\"2026-04-03T01:37:21+00:00\",\"author\":{\"@id\":\"https:\/\/errr-magazine.com\/#\/schema\/person\/9e0858f05dc38c2acec51398a0490ecc\"},\"breadcrumb\":{\"@id\":\"https:\/\/errr-magazine.com\/espresso-ergo-sum-taller-de-poesia-con-cafeina\/#breadcrumb\"},\"inLanguage\":\"en-US\",\"potentialAction\":[{\"@type\":\"ReadAction\",\"target\":[\"https:\/\/errr-magazine.com\/espresso-ergo-sum-taller-de-poesia-con-cafeina\/\"]}]},{\"@type\":\"ImageObject\",\"inLanguage\":\"en-US\",\"@id\":\"https:\/\/errr-magazine.com\/espresso-ergo-sum-taller-de-poesia-con-cafeina\/#primaryimage\",\"url\":\"https:\/\/errr-magazine.com\/wp-content\/uploads\/2026\/04\/Foto-6-722x1024.jpg\",\"contentUrl\":\"https:\/\/errr-magazine.com\/wp-content\/uploads\/2026\/04\/Foto-6-722x1024.jpg\"},{\"@type\":\"BreadcrumbList\",\"@id\":\"https:\/\/errr-magazine.com\/espresso-ergo-sum-taller-de-poesia-con-cafeina\/#breadcrumb\",\"itemListElement\":[{\"@type\":\"ListItem\",\"position\":1,\"name\":\"Portada\",\"item\":\"https:\/\/errr-magazine.com\/\"},{\"@type\":\"ListItem\",\"position\":2,\"name\":\"Espresso, ergo sum: taller de poes\u00eda con cafe\u00edna\"}]},{\"@type\":\"WebSite\",\"@id\":\"https:\/\/errr-magazine.com\/#website\",\"url\":\"https:\/\/errr-magazine.com\/\",\"name\":\"ERRR MAGAZINE\",\"description\":\"\",\"potentialAction\":[{\"@type\":\"SearchAction\",\"target\":{\"@type\":\"EntryPoint\",\"urlTemplate\":\"https:\/\/errr-magazine.com\/?s={search_term_string}\"},\"query-input\":{\"@type\":\"PropertyValueSpecification\",\"valueRequired\":true,\"valueName\":\"search_term_string\"}}],\"inLanguage\":\"en-US\"},{\"@type\":\"Person\",\"@id\":\"https:\/\/errr-magazine.com\/#\/schema\/person\/9e0858f05dc38c2acec51398a0490ecc\",\"name\":\"ERRR Magazine\",\"image\":{\"@type\":\"ImageObject\",\"inLanguage\":\"en-US\",\"@id\":\"https:\/\/secure.gravatar.com\/avatar\/be6323ad9d2e9ccb64dc094c5186e3c87ec45625ba818bfb3ada521ae559d3a3?s=96&d=identicon&r=g\",\"url\":\"https:\/\/secure.gravatar.com\/avatar\/be6323ad9d2e9ccb64dc094c5186e3c87ec45625ba818bfb3ada521ae559d3a3?s=96&d=identicon&r=g\",\"contentUrl\":\"https:\/\/secure.gravatar.com\/avatar\/be6323ad9d2e9ccb64dc094c5186e3c87ec45625ba818bfb3ada521ae559d3a3?s=96&d=identicon&r=g\",\"caption\":\"ERRR Magazine\"},\"url\":\"https:\/\/errr-magazine.com\/english\/author\/errr-magazine\/\"}]}<\/script>\n<!-- \/ Yoast SEO plugin. -->","yoast_head_json":{"title":"Espresso, ergo sum: taller de poes\u00eda con cafe\u00edna - ERRR MAGAZINE","robots":{"index":"index","follow":"follow","max-snippet":"max-snippet:-1","max-image-preview":"max-image-preview:large","max-video-preview":"max-video-preview:-1"},"canonical":"https:\/\/errr-magazine.com\/english\/espresso-ergo-sum-taller-de-poesia-con-cafeina\/","og_locale":"en_US","og_type":"article","og_title":"Espresso, ergo sum: taller de poes\u00eda con cafe\u00edna - ERRR MAGAZINE","og_description":"Espresso, ergo sum: taller de poes\u00eda con cafe\u00edna &#8220;Se sentaban deliberadamente muy separados, para experimentar, cada d\u00eda, la dulzura de verse a trav\u00e9s de la distancia.&#8221; \u2014 Louise Gl\u00fcck 4 sesiones presenciales de dos horas cada unaLugar: Funky Caf\u00e9 (Guadalajara 62, Roma Norte, CDMX)Fechas: los martes 12, 19, 26 de mayo y 2 de junioHorario: [&hellip;]","og_url":"https:\/\/errr-magazine.com\/english\/espresso-ergo-sum-taller-de-poesia-con-cafeina\/","og_site_name":"ERRR MAGAZINE","article_published_time":"2026-04-02T23:34:55+00:00","article_modified_time":"2026-04-03T01:37:21+00:00","og_image":[{"width":1419,"height":2012,"url":"https:\/\/errr-magazine.com\/wp-content\/uploads\/2026\/04\/Foto-6.jpg","type":"image\/jpeg"}],"author":"ERRR Magazine","twitter_card":"summary_large_image","twitter_misc":{"Written by":"ERRR Magazine","Est. reading time":"2 minutes"},"schema":{"@context":"https:\/\/schema.org","@graph":[{"@type":"Article","@id":"https:\/\/errr-magazine.com\/espresso-ergo-sum-taller-de-poesia-con-cafeina\/#article","isPartOf":{"@id":"https:\/\/errr-magazine.com\/espresso-ergo-sum-taller-de-poesia-con-cafeina\/"},"author":{"name":"ERRR Magazine","@id":"https:\/\/errr-magazine.com\/#\/schema\/person\/9e0858f05dc38c2acec51398a0490ecc"},"headline":"Espresso, ergo sum: taller de poes\u00eda con cafe\u00edna","datePublished":"2026-04-02T23:34:55+00:00","dateModified":"2026-04-03T01:37:21+00:00","mainEntityOfPage":{"@id":"https:\/\/errr-magazine.com\/espresso-ergo-sum-taller-de-poesia-con-cafeina\/"},"wordCount":318,"image":{"@id":"https:\/\/errr-magazine.com\/espresso-ergo-sum-taller-de-poesia-con-cafeina\/#primaryimage"},"thumbnailUrl":"https:\/\/errr-magazine.com\/wp-content\/uploads\/2026\/04\/Foto-6-722x1024.jpg","articleSection":["Talleres"],"inLanguage":"en-US"},{"@type":"WebPage","@id":"https:\/\/errr-magazine.com\/espresso-ergo-sum-taller-de-poesia-con-cafeina\/","url":"https:\/\/errr-magazine.com\/espresso-ergo-sum-taller-de-poesia-con-cafeina\/","name":"Espresso, ergo sum: taller de poes\u00eda con cafe\u00edna - ERRR MAGAZINE","isPartOf":{"@id":"https:\/\/errr-magazine.com\/#website"},"primaryImageOfPage":{"@id":"https:\/\/errr-magazine.com\/espresso-ergo-sum-taller-de-poesia-con-cafeina\/#primaryimage"},"image":{"@id":"https:\/\/errr-magazine.com\/espresso-ergo-sum-taller-de-poesia-con-cafeina\/#primaryimage"},"thumbnailUrl":"https:\/\/errr-magazine.com\/wp-content\/uploads\/2026\/04\/Foto-6-722x1024.jpg","datePublished":"2026-04-02T23:34:55+00:00","dateModified":"2026-04-03T01:37:21+00:00","author":{"@id":"https:\/\/errr-magazine.com\/#\/schema\/person\/9e0858f05dc38c2acec51398a0490ecc"},"breadcrumb":{"@id":"https:\/\/errr-magazine.com\/espresso-ergo-sum-taller-de-poesia-con-cafeina\/#breadcrumb"},"inLanguage":"en-US","potentialAction":[{"@type":"ReadAction","target":["https:\/\/errr-magazine.com\/espresso-ergo-sum-taller-de-poesia-con-cafeina\/"]}]},{"@type":"ImageObject","inLanguage":"en-US","@id":"https:\/\/errr-magazine.com\/espresso-ergo-sum-taller-de-poesia-con-cafeina\/#primaryimage","url":"https:\/\/errr-magazine.com\/wp-content\/uploads\/2026\/04\/Foto-6-722x1024.jpg","contentUrl":"https:\/\/errr-magazine.com\/wp-content\/uploads\/2026\/04\/Foto-6-722x1024.jpg"},{"@type":"BreadcrumbList","@id":"https:\/\/errr-magazine.com\/espresso-ergo-sum-taller-de-poesia-con-cafeina\/#breadcrumb","itemListElement":[{"@type":"ListItem","position":1,"name":"Portada","item":"https:\/\/errr-magazine.com\/"},{"@type":"ListItem","position":2,"name":"Espresso, ergo sum: taller de poes\u00eda con cafe\u00edna"}]},{"@type":"WebSite","@id":"https:\/\/errr-magazine.com\/#website","url":"https:\/\/errr-magazine.com\/","name":"ERRR MAGAZINE","description":"","potentialAction":[{"@type":"SearchAction","target":{"@type":"EntryPoint","urlTemplate":"https:\/\/errr-magazine.com\/?s={search_term_string}"},"query-input":{"@type":"PropertyValueSpecification","valueRequired":true,"valueName":"search_term_string"}}],"inLanguage":"en-US"},{"@type":"Person","@id":"https:\/\/errr-magazine.com\/#\/schema\/person\/9e0858f05dc38c2acec51398a0490ecc","name":"ERRR Magazine","image":{"@type":"ImageObject","inLanguage":"en-US","@id":"https:\/\/secure.gravatar.com\/avatar\/be6323ad9d2e9ccb64dc094c5186e3c87ec45625ba818bfb3ada521ae559d3a3?s=96&d=identicon&r=g","url":"https:\/\/secure.gravatar.com\/avatar\/be6323ad9d2e9ccb64dc094c5186e3c87ec45625ba818bfb3ada521ae559d3a3?s=96&d=identicon&r=g","contentUrl":"https:\/\/secure.gravatar.com\/avatar\/be6323ad9d2e9ccb64dc094c5186e3c87ec45625ba818bfb3ada521ae559d3a3?s=96&d=identicon&r=g","caption":"ERRR Magazine"},"url":"https:\/\/errr-magazine.com\/english\/author\/errr-magazine\/"}]}},"jetpack_featured_media_url":"","jetpack-related-posts":[{"id":183684,"url":"https:\/\/errr-magazine.com\/english\/cafeina-y-miel\/","url_meta":{"origin":203508,"position":0},"title":"Cafe\u00edna y miel","author":"Tania RM","date":"04\/02\/2023","format":false,"excerpt":"Era mediod\u00eda cuando entr\u00e9 al caf\u00e9 y lo vi detr\u00e1s de la barra preparando un espresso, me distraje viendo los pasteles en el aparador. Sent\u00ed con insistencia su mirada, levant\u00e9 la vista y cruzamos miradas. Una voz suave me acarici\u00f3 con un `hola\u00b4 contest\u00e9 con otro `hola\u00b4 y sonre\u00edmos al\u2026","rel":"","context":"In &quot;Writing&quot;","block_context":{"text":"Writing","link":"https:\/\/errr-magazine.com\/english\/category\/writing\/"},"img":{"alt_text":"","src":"https:\/\/i0.wp.com\/errr-magazine.com\/wp-content\/uploads\/2023\/03\/4708101983_de6c498c68_k.jpg?resize=350%2C200&ssl=1","width":350,"height":200,"srcset":"https:\/\/i0.wp.com\/errr-magazine.com\/wp-content\/uploads\/2023\/03\/4708101983_de6c498c68_k.jpg?resize=350%2C200&ssl=1 1x, https:\/\/i0.wp.com\/errr-magazine.com\/wp-content\/uploads\/2023\/03\/4708101983_de6c498c68_k.jpg?resize=525%2C300&ssl=1 1.5x, https:\/\/i0.wp.com\/errr-magazine.com\/wp-content\/uploads\/2023\/03\/4708101983_de6c498c68_k.jpg?resize=700%2C400&ssl=1 2x, https:\/\/i0.wp.com\/errr-magazine.com\/wp-content\/uploads\/2023\/03\/4708101983_de6c498c68_k.jpg?resize=1050%2C600&ssl=1 3x, https:\/\/i0.wp.com\/errr-magazine.com\/wp-content\/uploads\/2023\/03\/4708101983_de6c498c68_k.jpg?resize=1400%2C800&ssl=1 4x"},"classes":[]},{"id":127126,"url":"https:\/\/errr-magazine.com\/english\/inventario\/","url_meta":{"origin":203508,"position":1},"title":"Inventory","author":"giovanniocana","date":"01\/21\/2018","format":false,"excerpt":"A mis nervios, pulsaciones que no controlo, huyo\u00a0de vez en cuando en busca de esta situaci\u00f3n, buscando que salgan disparados, que choquen unos con otros, que colapsen, que degeneren mi vista. Otra visi\u00f3n del mundo me regalan cuando se divierten y truenan mis piernas, cuando mi mano cava una tumba\u2026","rel":"","context":"In &quot;Textos&quot;","block_context":{"text":"Textos","link":"https:\/\/errr-magazine.com\/english\/category\/textos\/"},"img":{"alt_text":"","src":"","width":0,"height":0},"classes":[]},{"id":186572,"url":"https:\/\/errr-magazine.com\/english\/cafe-recalentado\/","url_meta":{"origin":203508,"position":2},"title":"Caf\u00e9 recalentado","author":"Ezekiel Tercero","date":"05\/08\/2025","format":false,"excerpt":"Por favor, s\u00edrvame un caf\u00e9 bien cargado, pero de ese que se refleja en sus ojos. No se ofenda si le digo que quiero beberlo bien caliente, para sentir el amargo sabor de sus besos. No deseo az\u00facar, gracias; ciertas cosas dulces no van conmigo. Prefiero que la cafe\u00edna me\u2026","rel":"","context":"In &quot;Textos&quot;","block_context":{"text":"Textos","link":"https:\/\/errr-magazine.com\/english\/category\/textos\/"},"img":{"alt_text":"","src":"","width":0,"height":0},"classes":[]},{"id":193515,"url":"https:\/\/errr-magazine.com\/english\/wo-cafe-de-especialidad\/","url_meta":{"origin":203508,"position":3},"title":"WO Specialty Coffee","author":"WO Caf\u00e9 de Especialidad","date":"09\/26\/2025","format":false,"excerpt":"From the beginning, we were clear that we wanted to bring this world to life in a warm and simple way: something that sets us apart is the closeness we have with our customers, the time we spend explaining what espresso is, how to prepare their drinks, and what's behind each bean.","rel":"","context":"In &quot;Cafeterias y panader\u00edas&quot;","block_context":{"text":"Cafeterias y panader\u00edas","link":"https:\/\/errr-magazine.com\/english\/category\/places\/cafeterias-y-panaderias\/"},"img":{"alt_text":"","src":"https:\/\/i0.wp.com\/errr-magazine.com\/wp-content\/uploads\/2025\/09\/3-2-5-scaled.jpg?resize=350%2C200&ssl=1","width":350,"height":200,"srcset":"https:\/\/i0.wp.com\/errr-magazine.com\/wp-content\/uploads\/2025\/09\/3-2-5-scaled.jpg?resize=350%2C200&ssl=1 1x, https:\/\/i0.wp.com\/errr-magazine.com\/wp-content\/uploads\/2025\/09\/3-2-5-scaled.jpg?resize=525%2C300&ssl=1 1.5x, https:\/\/i0.wp.com\/errr-magazine.com\/wp-content\/uploads\/2025\/09\/3-2-5-scaled.jpg?resize=700%2C400&ssl=1 2x, https:\/\/i0.wp.com\/errr-magazine.com\/wp-content\/uploads\/2025\/09\/3-2-5-scaled.jpg?resize=1050%2C600&ssl=1 3x, https:\/\/i0.wp.com\/errr-magazine.com\/wp-content\/uploads\/2025\/09\/3-2-5-scaled.jpg?resize=1400%2C800&ssl=1 4x"},"classes":[]},{"id":127953,"url":"https:\/\/errr-magazine.com\/english\/una-vez-y-nunca-mas\/","url_meta":{"origin":203508,"position":4},"title":"Una vez y nunca m\u00e1s","author":"Sayuri Le\u00f3n","date":"01\/22\/2018","format":false,"excerpt":"Estar\u00e9 vestida de novia en Las Vegas haci\u00e9ndole fiel a un amor imposible. Estar\u00e9 leyendo revistas de famosos artistas, bebiendo caf\u00e9 para ser Miss Cafe\u00edna. Conducir\u00e9 por las calles de la nostalgia y en ese preciso momento recordar\u00e9 que hab\u00eda confundido \u201ctiempo\" con \"sufrimiento\u201d. Escribir\u00e9 en Budapest una carta bonita\u2026","rel":"","context":"In &quot;Textos&quot;","block_context":{"text":"Textos","link":"https:\/\/errr-magazine.com\/english\/category\/textos\/"},"img":{"alt_text":"","src":"","width":0,"height":0},"classes":[]},{"id":192987,"url":"https:\/\/errr-magazine.com\/english\/cucurucho\/","url_meta":{"origin":203508,"position":5},"title":"Cucurucho","author":"Cucurucho","date":"09\/15\/2025","format":false,"excerpt":"Japan continues to be a great inspiration. This year, our relationship with the Japanese coffee community and exposure to their way of integrating tradition with the cutting edge has led us to rethink the future of Cucurucho and Company as a cultural bridge between Mexico and Asia.","rel":"","context":"In &quot;Cafeterias y panader\u00edas&quot;","block_context":{"text":"Cafeterias y panader\u00edas","link":"https:\/\/errr-magazine.com\/english\/category\/places\/cafeterias-y-panaderias\/"},"img":{"alt_text":"","src":"https:\/\/i0.wp.com\/errr-magazine.com\/wp-content\/uploads\/2025\/09\/WhatsApp-Image-2025-09-04-at-17.09.52-3.jpeg?resize=350%2C200&ssl=1","width":350,"height":200,"srcset":"https:\/\/i0.wp.com\/errr-magazine.com\/wp-content\/uploads\/2025\/09\/WhatsApp-Image-2025-09-04-at-17.09.52-3.jpeg?resize=350%2C200&ssl=1 1x, https:\/\/i0.wp.com\/errr-magazine.com\/wp-content\/uploads\/2025\/09\/WhatsApp-Image-2025-09-04-at-17.09.52-3.jpeg?resize=525%2C300&ssl=1 1.5x, https:\/\/i0.wp.com\/errr-magazine.com\/wp-content\/uploads\/2025\/09\/WhatsApp-Image-2025-09-04-at-17.09.52-3.jpeg?resize=700%2C400&ssl=1 2x, https:\/\/i0.wp.com\/errr-magazine.com\/wp-content\/uploads\/2025\/09\/WhatsApp-Image-2025-09-04-at-17.09.52-3.jpeg?resize=1050%2C600&ssl=1 3x, https:\/\/i0.wp.com\/errr-magazine.com\/wp-content\/uploads\/2025\/09\/WhatsApp-Image-2025-09-04-at-17.09.52-3.jpeg?resize=1400%2C800&ssl=1 4x"},"classes":[]}],"jetpack_sharing_enabled":true,"mfb_rest_fields":["title","yoast_head","yoast_head_json","jetpack_featured_media_url","jetpack-related-posts","jetpack_sharing_enabled"],"_links":{"self":[{"href":"https:\/\/errr-magazine.com\/english\/wp-json\/wp\/v2\/posts\/203508","targetHints":{"allow":["GET"]}}],"collection":[{"href":"https:\/\/errr-magazine.com\/english\/wp-json\/wp\/v2\/posts"}],"about":[{"href":"https:\/\/errr-magazine.com\/english\/wp-json\/wp\/v2\/types\/post"}],"author":[{"embeddable":true,"href":"https:\/\/errr-magazine.com\/english\/wp-json\/wp\/v2\/users\/2641"}],"replies":[{"embeddable":true,"href":"https:\/\/errr-magazine.com\/english\/wp-json\/wp\/v2\/comments?post=203508"}],"version-history":[{"count":24,"href":"https:\/\/errr-magazine.com\/english\/wp-json\/wp\/v2\/posts\/203508\/revisions"}],"predecessor-version":[{"id":203545,"href":"https:\/\/errr-magazine.com\/english\/wp-json\/wp\/v2\/posts\/203508\/revisions\/203545"}],"wp:attachment":[{"href":"https:\/\/errr-magazine.com\/english\/wp-json\/wp\/v2\/media?parent=203508"}],"wp:term":[{"taxonomy":"category","embeddable":true,"href":"https:\/\/errr-magazine.com\/english\/wp-json\/wp\/v2\/categories?post=203508"},{"taxonomy":"post_tag","embeddable":true,"href":"https:\/\/errr-magazine.com\/english\/wp-json\/wp\/v2\/tags?post=203508"}],"curies":[{"name":"wp","href":"https:\/\/api.w.org\/{rel}","templated":true}]}}