{"id":203374,"date":"2026-03-30T11:00:00","date_gmt":"2026-03-30T17:00:00","guid":{"rendered":"https:\/\/errr-magazine.com\/?p=203374"},"modified":"2026-03-29T19:21:35","modified_gmt":"2026-03-30T01:21:35","slug":"ver-el-amanecer","status":"publish","type":"post","link":"https:\/\/errr-magazine.com\/english\/ver-el-amanecer\/","title":{"rendered":"Watching The Sunrise"},"content":{"rendered":"<p><strong>What habit has been sustaining you lately?<\/strong><br>Lately, I\u2019ve been hiking more than usual, with the return of the sun and the seasonal blues now gone with the cold weather.<\/p>\n\n\n\n<p><strong>What time of day do you feel most like yourself?<\/strong><br>I\u2019m a morning person and feel an overwhelming sense of hope and comfort when watching the sunrise.<\/p>\n\n\n\n<p><strong>When recently did you feel out of place?<\/strong><br>I felt out of place at my new job, but I think that\u2019s normal with any new beginning.<\/p>\n\n\n\n<p><strong>What are you still holding onto even though you know you\u2019ll eventually have to let go?<br><\/strong>I\u2019ve been holding onto some old friendships that I know have no future. I think it\u2019s just human nature to linger like that. We are creatures of habit.<\/p>\n\n\n\n<p><strong>What scares you more today: change or staying the same? Why?<br><\/strong>Staying the same scares me more. Change is a crucial part of living, improving, and learning.<\/p>\n\n\n\n<p><strong>Recommend a movie, an album, and a book and tell us why you liked each one.<br><\/strong>Movie: <em><strong><a href=\"https:\/\/letterboxd.com\/film\/mulholland-drive\/\">Mulholland Drive<\/a><\/strong><\/em> by David Lynch; album: <em>Everything You&#8217;ve Come to Expect<\/em> from <strong><a href=\"https:\/\/open.spotify.com\/artist\/2Z7UcsdweVlRbAk5wH5fsf?si=zBPkA4qUTBWKTopngusrwQ\">The Last Shadow Puppets<\/a><\/strong>; book: <em><strong><a href=\"https:\/\/www.goodreads.com\/book\/show\/337\">Perfume: The Story of a Murderer<\/a><\/strong><\/em> by Patrick S\u00fcskind.<\/p>","protected":false},"excerpt":{"rendered":"<p>I\u2019m a morning person and feel an overwhelming sense of hope and comfort when watching the sunrise.<\/p>","protected":false},"author":8380,"featured_media":203376,"comment_status":"closed","ping_status":"closed","sticky":false,"template":"","format":"standard","meta":{"_acf_changed":false,"cybocfi_hide_featured_image":"","_jetpack_memberships_contains_paid_content":false,"footnotes":""},"categories":[17867],"tags":[],"class_list":["post-203374","post","type-post","status-publish","format-standard","has-post-thumbnail","hentry","category-personas"],"acf":[],"mb":[],"yoast_head":"<!-- This site is optimized with the Yoast SEO plugin v27.2 - https:\/\/yoast.com\/product\/yoast-seo-wordpress\/ -->\n<title>Ver el amanecer - ERRR MAGAZINE<\/title>\n<meta name=\"robots\" content=\"index, follow, max-snippet:-1, max-image-preview:large, max-video-preview:-1\" \/>\n<link rel=\"canonical\" href=\"https:\/\/errr-magazine.com\/english\/ver-el-amanecer\/\" \/>\n<meta property=\"og:locale\" content=\"en_US\" \/>\n<meta property=\"og:type\" content=\"article\" \/>\n<meta property=\"og:title\" content=\"Ver el amanecer - ERRR MAGAZINE\" \/>\n<meta property=\"og:description\" content=\"Soy una persona de ma\u00f1anas y siento una abrumadora sensaci\u00f3n de esperanza y consuelo al ver el amanecer.\" \/>\n<meta property=\"og:url\" content=\"https:\/\/errr-magazine.com\/english\/ver-el-amanecer\/\" \/>\n<meta property=\"og:site_name\" content=\"ERRR MAGAZINE\" \/>\n<meta property=\"article:published_time\" content=\"2026-03-30T17:00:00+00:00\" \/>\n<meta property=\"og:image\" content=\"https:\/\/errr-magazine.com\/wp-content\/uploads\/2026\/03\/IMG_7223.jpeg\" \/>\n\t<meta property=\"og:image:width\" content=\"1326\" \/>\n\t<meta property=\"og:image:height\" content=\"2000\" \/>\n\t<meta property=\"og:image:type\" content=\"image\/jpeg\" \/>\n<meta name=\"author\" content=\"Ivona Mlakic\" \/>\n<meta name=\"twitter:card\" content=\"summary_large_image\" \/>\n<meta name=\"twitter:label1\" content=\"Written by\" \/>\n\t<meta name=\"twitter:data1\" content=\"Ivona Mlakic\" \/>\n\t<meta name=\"twitter:label2\" content=\"Est. reading time\" \/>\n\t<meta name=\"twitter:data2\" content=\"2 minutes\" \/>\n<script type=\"application\/ld+json\" class=\"yoast-schema-graph\">{\"@context\":\"https:\/\/schema.org\",\"@graph\":[{\"@type\":\"Article\",\"@id\":\"https:\/\/errr-magazine.com\/ver-el-amanecer\/#article\",\"isPartOf\":{\"@id\":\"https:\/\/errr-magazine.com\/ver-el-amanecer\/\"},\"author\":{\"name\":\"Ivona Mlakic\",\"@id\":\"https:\/\/errr-magazine.com\/#\/schema\/person\/a9c3c697d5953beff3c56eef2522b9f1\"},\"headline\":\"Ver el amanecer\",\"datePublished\":\"2026-03-30T17:00:00+00:00\",\"mainEntityOfPage\":{\"@id\":\"https:\/\/errr-magazine.com\/ver-el-amanecer\/\"},\"wordCount\":217,\"image\":{\"@id\":\"https:\/\/errr-magazine.com\/ver-el-amanecer\/#primaryimage\"},\"thumbnailUrl\":\"https:\/\/errr-magazine.com\/wp-content\/uploads\/2026\/03\/IMG_7223.jpeg\",\"articleSection\":[\"Personas\"],\"inLanguage\":\"en-US\"},{\"@type\":\"WebPage\",\"@id\":\"https:\/\/errr-magazine.com\/ver-el-amanecer\/\",\"url\":\"https:\/\/errr-magazine.com\/ver-el-amanecer\/\",\"name\":\"Ver el amanecer - ERRR MAGAZINE\",\"isPartOf\":{\"@id\":\"https:\/\/errr-magazine.com\/#website\"},\"primaryImageOfPage\":{\"@id\":\"https:\/\/errr-magazine.com\/ver-el-amanecer\/#primaryimage\"},\"image\":{\"@id\":\"https:\/\/errr-magazine.com\/ver-el-amanecer\/#primaryimage\"},\"thumbnailUrl\":\"https:\/\/errr-magazine.com\/wp-content\/uploads\/2026\/03\/IMG_7223.jpeg\",\"datePublished\":\"2026-03-30T17:00:00+00:00\",\"author\":{\"@id\":\"https:\/\/errr-magazine.com\/#\/schema\/person\/a9c3c697d5953beff3c56eef2522b9f1\"},\"breadcrumb\":{\"@id\":\"https:\/\/errr-magazine.com\/ver-el-amanecer\/#breadcrumb\"},\"inLanguage\":\"en-US\",\"potentialAction\":[{\"@type\":\"ReadAction\",\"target\":[\"https:\/\/errr-magazine.com\/ver-el-amanecer\/\"]}]},{\"@type\":\"ImageObject\",\"inLanguage\":\"en-US\",\"@id\":\"https:\/\/errr-magazine.com\/ver-el-amanecer\/#primaryimage\",\"url\":\"https:\/\/errr-magazine.com\/wp-content\/uploads\/2026\/03\/IMG_7223.jpeg\",\"contentUrl\":\"https:\/\/errr-magazine.com\/wp-content\/uploads\/2026\/03\/IMG_7223.jpeg\",\"width\":1326,\"height\":2000},{\"@type\":\"BreadcrumbList\",\"@id\":\"https:\/\/errr-magazine.com\/ver-el-amanecer\/#breadcrumb\",\"itemListElement\":[{\"@type\":\"ListItem\",\"position\":1,\"name\":\"Portada\",\"item\":\"https:\/\/errr-magazine.com\/\"},{\"@type\":\"ListItem\",\"position\":2,\"name\":\"Ver el amanecer\"}]},{\"@type\":\"WebSite\",\"@id\":\"https:\/\/errr-magazine.com\/#website\",\"url\":\"https:\/\/errr-magazine.com\/\",\"name\":\"ERRR MAGAZINE\",\"description\":\"\",\"potentialAction\":[{\"@type\":\"SearchAction\",\"target\":{\"@type\":\"EntryPoint\",\"urlTemplate\":\"https:\/\/errr-magazine.com\/?s={search_term_string}\"},\"query-input\":{\"@type\":\"PropertyValueSpecification\",\"valueRequired\":true,\"valueName\":\"search_term_string\"}}],\"inLanguage\":\"en-US\"},{\"@type\":\"Person\",\"@id\":\"https:\/\/errr-magazine.com\/#\/schema\/person\/a9c3c697d5953beff3c56eef2522b9f1\",\"name\":\"Ivona Mlakic\",\"image\":{\"@type\":\"ImageObject\",\"inLanguage\":\"en-US\",\"@id\":\"https:\/\/secure.gravatar.com\/avatar\/28b307c6cdbccf10523d1abcd49e89ebb66b6d96c9988dffc724354f7953be38?s=96&d=identicon&r=g\",\"url\":\"https:\/\/secure.gravatar.com\/avatar\/28b307c6cdbccf10523d1abcd49e89ebb66b6d96c9988dffc724354f7953be38?s=96&d=identicon&r=g\",\"contentUrl\":\"https:\/\/secure.gravatar.com\/avatar\/28b307c6cdbccf10523d1abcd49e89ebb66b6d96c9988dffc724354f7953be38?s=96&d=identicon&r=g\",\"caption\":\"Ivona Mlakic\"},\"description\":\"Soy veterinaria y vivo en Croacia. Me apasiona enormemente el activismo en defensa de los derechos de los animales.\",\"sameAs\":[\"https:\/\/www.instagram.com\/ivoncek\/\"],\"url\":\"https:\/\/errr-magazine.com\/english\/author\/ivona-mlkc\/\"}]}<\/script>\n<!-- \/ Yoast SEO plugin. -->","yoast_head_json":{"title":"Watching the sunrise - ERRR MAGAZINE","robots":{"index":"index","follow":"follow","max-snippet":"max-snippet:-1","max-image-preview":"max-image-preview:large","max-video-preview":"max-video-preview:-1"},"canonical":"https:\/\/errr-magazine.com\/english\/ver-el-amanecer\/","og_locale":"en_US","og_type":"article","og_title":"Ver el amanecer - ERRR MAGAZINE","og_description":"Soy una persona de ma\u00f1anas y siento una abrumadora sensaci\u00f3n de esperanza y consuelo al ver el amanecer.","og_url":"https:\/\/errr-magazine.com\/english\/ver-el-amanecer\/","og_site_name":"ERRR MAGAZINE","article_published_time":"2026-03-30T17:00:00+00:00","og_image":[{"width":1326,"height":2000,"url":"https:\/\/errr-magazine.com\/wp-content\/uploads\/2026\/03\/IMG_7223.jpeg","type":"image\/jpeg"}],"author":"Ivona Mlakic","twitter_card":"summary_large_image","twitter_misc":{"Written by":"Ivona Mlakic","Est. reading time":"2 minutes"},"schema":{"@context":"https:\/\/schema.org","@graph":[{"@type":"Article","@id":"https:\/\/errr-magazine.com\/ver-el-amanecer\/#article","isPartOf":{"@id":"https:\/\/errr-magazine.com\/ver-el-amanecer\/"},"author":{"name":"Ivona Mlakic","@id":"https:\/\/errr-magazine.com\/#\/schema\/person\/a9c3c697d5953beff3c56eef2522b9f1"},"headline":"Ver el amanecer","datePublished":"2026-03-30T17:00:00+00:00","mainEntityOfPage":{"@id":"https:\/\/errr-magazine.com\/ver-el-amanecer\/"},"wordCount":217,"image":{"@id":"https:\/\/errr-magazine.com\/ver-el-amanecer\/#primaryimage"},"thumbnailUrl":"https:\/\/errr-magazine.com\/wp-content\/uploads\/2026\/03\/IMG_7223.jpeg","articleSection":["Personas"],"inLanguage":"en-US"},{"@type":"WebPage","@id":"https:\/\/errr-magazine.com\/ver-el-amanecer\/","url":"https:\/\/errr-magazine.com\/ver-el-amanecer\/","name":"Watching the sunrise - ERRR MAGAZINE","isPartOf":{"@id":"https:\/\/errr-magazine.com\/#website"},"primaryImageOfPage":{"@id":"https:\/\/errr-magazine.com\/ver-el-amanecer\/#primaryimage"},"image":{"@id":"https:\/\/errr-magazine.com\/ver-el-amanecer\/#primaryimage"},"thumbnailUrl":"https:\/\/errr-magazine.com\/wp-content\/uploads\/2026\/03\/IMG_7223.jpeg","datePublished":"2026-03-30T17:00:00+00:00","author":{"@id":"https:\/\/errr-magazine.com\/#\/schema\/person\/a9c3c697d5953beff3c56eef2522b9f1"},"breadcrumb":{"@id":"https:\/\/errr-magazine.com\/ver-el-amanecer\/#breadcrumb"},"inLanguage":"en-US","potentialAction":[{"@type":"ReadAction","target":["https:\/\/errr-magazine.com\/ver-el-amanecer\/"]}]},{"@type":"ImageObject","inLanguage":"en-US","@id":"https:\/\/errr-magazine.com\/ver-el-amanecer\/#primaryimage","url":"https:\/\/errr-magazine.com\/wp-content\/uploads\/2026\/03\/IMG_7223.jpeg","contentUrl":"https:\/\/errr-magazine.com\/wp-content\/uploads\/2026\/03\/IMG_7223.jpeg","width":1326,"height":2000},{"@type":"BreadcrumbList","@id":"https:\/\/errr-magazine.com\/ver-el-amanecer\/#breadcrumb","itemListElement":[{"@type":"ListItem","position":1,"name":"Portada","item":"https:\/\/errr-magazine.com\/"},{"@type":"ListItem","position":2,"name":"Ver el amanecer"}]},{"@type":"WebSite","@id":"https:\/\/errr-magazine.com\/#website","url":"https:\/\/errr-magazine.com\/","name":"ERRR MAGAZINE","description":"","potentialAction":[{"@type":"SearchAction","target":{"@type":"EntryPoint","urlTemplate":"https:\/\/errr-magazine.com\/?s={search_term_string}"},"query-input":{"@type":"PropertyValueSpecification","valueRequired":true,"valueName":"search_term_string"}}],"inLanguage":"en-US"},{"@type":"Person","@id":"https:\/\/errr-magazine.com\/#\/schema\/person\/a9c3c697d5953beff3c56eef2522b9f1","name":"Ivona Mlakic","image":{"@type":"ImageObject","inLanguage":"en-US","@id":"https:\/\/secure.gravatar.com\/avatar\/28b307c6cdbccf10523d1abcd49e89ebb66b6d96c9988dffc724354f7953be38?s=96&d=identicon&r=g","url":"https:\/\/secure.gravatar.com\/avatar\/28b307c6cdbccf10523d1abcd49e89ebb66b6d96c9988dffc724354f7953be38?s=96&d=identicon&r=g","contentUrl":"https:\/\/secure.gravatar.com\/avatar\/28b307c6cdbccf10523d1abcd49e89ebb66b6d96c9988dffc724354f7953be38?s=96&d=identicon&r=g","caption":"Ivona Mlakic"},"description":"I am a veterinarian living in Croatia with a huge passion for animal rights activism.","sameAs":["https:\/\/www.instagram.com\/ivoncek\/"],"url":"https:\/\/errr-magazine.com\/english\/author\/ivona-mlkc\/"}]}},"jetpack_featured_media_url":"https:\/\/errr-magazine.com\/wp-content\/uploads\/2026\/03\/IMG_7223.jpeg","jetpack-related-posts":[{"id":202949,"url":"https:\/\/errr-magazine.com\/english\/sonreir-a-desconocidos\/","url_meta":{"origin":203374,"position":0},"title":"Smiling at Strangers","author":"Katja Apfelbaum","date":"03\/23\/2026","format":false,"excerpt":"Every time I hear that someone used to be vegan but gave up, I lose a bit more faith in humanity.","rel":"","context":"In &quot;Personas&quot;","block_context":{"text":"Personas","link":"https:\/\/errr-magazine.com\/english\/category\/interviews\/personas\/"},"img":{"alt_text":"","src":"https:\/\/i0.wp.com\/errr-magazine.com\/wp-content\/uploads\/2026\/03\/R1-06163-0025-scaled.jpg?resize=350%2C200&ssl=1","width":350,"height":200,"srcset":"https:\/\/i0.wp.com\/errr-magazine.com\/wp-content\/uploads\/2026\/03\/R1-06163-0025-scaled.jpg?resize=350%2C200&ssl=1 1x, https:\/\/i0.wp.com\/errr-magazine.com\/wp-content\/uploads\/2026\/03\/R1-06163-0025-scaled.jpg?resize=525%2C300&ssl=1 1.5x, https:\/\/i0.wp.com\/errr-magazine.com\/wp-content\/uploads\/2026\/03\/R1-06163-0025-scaled.jpg?resize=700%2C400&ssl=1 2x, https:\/\/i0.wp.com\/errr-magazine.com\/wp-content\/uploads\/2026\/03\/R1-06163-0025-scaled.jpg?resize=1050%2C600&ssl=1 3x, https:\/\/i0.wp.com\/errr-magazine.com\/wp-content\/uploads\/2026\/03\/R1-06163-0025-scaled.jpg?resize=1400%2C800&ssl=1 4x"},"classes":[]},{"id":202727,"url":"https:\/\/errr-magazine.com\/english\/sonar-con-libertad\/","url_meta":{"origin":203374,"position":1},"title":"Dream Freely","author":"Roni Caspi","date":"03\/21\/2026","format":false,"excerpt":"I love movement, discovery, and trying new things. As a photographer, I\u2019m constantly working on different and diverse projects, which suits my personality perfectly.","rel":"","context":"In &quot;Personas&quot;","block_context":{"text":"Personas","link":"https:\/\/errr-magazine.com\/english\/category\/interviews\/personas\/"},"img":{"alt_text":"","src":"https:\/\/i0.wp.com\/errr-magazine.com\/wp-content\/uploads\/2026\/03\/RoniC1738-R1-27-28A-scaled.jpg?resize=350%2C200&ssl=1","width":350,"height":200,"srcset":"https:\/\/i0.wp.com\/errr-magazine.com\/wp-content\/uploads\/2026\/03\/RoniC1738-R1-27-28A-scaled.jpg?resize=350%2C200&ssl=1 1x, https:\/\/i0.wp.com\/errr-magazine.com\/wp-content\/uploads\/2026\/03\/RoniC1738-R1-27-28A-scaled.jpg?resize=525%2C300&ssl=1 1.5x, https:\/\/i0.wp.com\/errr-magazine.com\/wp-content\/uploads\/2026\/03\/RoniC1738-R1-27-28A-scaled.jpg?resize=700%2C400&ssl=1 2x, https:\/\/i0.wp.com\/errr-magazine.com\/wp-content\/uploads\/2026\/03\/RoniC1738-R1-27-28A-scaled.jpg?resize=1050%2C600&ssl=1 3x, https:\/\/i0.wp.com\/errr-magazine.com\/wp-content\/uploads\/2026\/03\/RoniC1738-R1-27-28A-scaled.jpg?resize=1400%2C800&ssl=1 4x"},"classes":[]},{"id":202086,"url":"https:\/\/errr-magazine.com\/english\/hora-dorada-2\/","url_meta":{"origin":203374,"position":2},"title":"Golden Hour","author":"Iulia Panici","date":"03\/13\/2026","format":false,"excerpt":"I feel most like myself during golden hour, when the light inspires me.","rel":"","context":"In &quot;Personas&quot;","block_context":{"text":"Personas","link":"https:\/\/errr-magazine.com\/english\/category\/interviews\/personas\/"},"img":{"alt_text":"","src":"https:\/\/i0.wp.com\/errr-magazine.com\/wp-content\/uploads\/2026\/03\/IMG_2423-scaled.jpg?resize=350%2C200&ssl=1","width":350,"height":200,"srcset":"https:\/\/i0.wp.com\/errr-magazine.com\/wp-content\/uploads\/2026\/03\/IMG_2423-scaled.jpg?resize=350%2C200&ssl=1 1x, https:\/\/i0.wp.com\/errr-magazine.com\/wp-content\/uploads\/2026\/03\/IMG_2423-scaled.jpg?resize=525%2C300&ssl=1 1.5x, https:\/\/i0.wp.com\/errr-magazine.com\/wp-content\/uploads\/2026\/03\/IMG_2423-scaled.jpg?resize=700%2C400&ssl=1 2x, https:\/\/i0.wp.com\/errr-magazine.com\/wp-content\/uploads\/2026\/03\/IMG_2423-scaled.jpg?resize=1050%2C600&ssl=1 3x, https:\/\/i0.wp.com\/errr-magazine.com\/wp-content\/uploads\/2026\/03\/IMG_2423-scaled.jpg?resize=1400%2C800&ssl=1 4x"},"classes":[]},{"id":133387,"url":"https:\/\/errr-magazine.com\/english\/un-amanecer\/","url_meta":{"origin":203374,"position":3},"title":"A sunrise","author":"Susan De la Cruz","date":"05\/25\/2018","format":false,"excerpt":"Saber que uno se pasa la vida buscando la felicidad, cuando la tenemos frente a nuestros ojos. Cada ma\u00f1ana al despertar y ver un amanecer es saber que tenemos la oportunidad para ser felices, en el aroma de tu taza de caf\u00e9 y en esa peque\u00f1a lectura mirando por la\u2026","rel":"","context":"In &quot;Textos&quot;","block_context":{"text":"Textos","link":"https:\/\/errr-magazine.com\/english\/category\/textos\/"},"img":{"alt_text":"","src":"https:\/\/i0.wp.com\/errr-magazine.com\/wp-content\/uploads\/2018\/05\/66a083460f11f19d-11.jpg?resize=350%2C200&ssl=1","width":350,"height":200,"srcset":"https:\/\/i0.wp.com\/errr-magazine.com\/wp-content\/uploads\/2018\/05\/66a083460f11f19d-11.jpg?resize=350%2C200&ssl=1 1x, https:\/\/i0.wp.com\/errr-magazine.com\/wp-content\/uploads\/2018\/05\/66a083460f11f19d-11.jpg?resize=525%2C300&ssl=1 1.5x"},"classes":[]},{"id":200583,"url":"https:\/\/errr-magazine.com\/english\/lo-que-nos-hace-sonar\/","url_meta":{"origin":203374,"position":4},"title":"What Makes Us Dream","author":"Elie B","date":"02\/26\/2026","format":false,"excerpt":"I love life even more and I try to enjoy all the happiness that comes my way.","rel":"","context":"In &quot;Personas&quot;","block_context":{"text":"Personas","link":"https:\/\/errr-magazine.com\/english\/category\/interviews\/personas\/"},"img":{"alt_text":"","src":"https:\/\/i0.wp.com\/errr-magazine.com\/wp-content\/uploads\/2026\/02\/000043600023-scaled.jpeg?resize=350%2C200&ssl=1","width":350,"height":200,"srcset":"https:\/\/i0.wp.com\/errr-magazine.com\/wp-content\/uploads\/2026\/02\/000043600023-scaled.jpeg?resize=350%2C200&ssl=1 1x, https:\/\/i0.wp.com\/errr-magazine.com\/wp-content\/uploads\/2026\/02\/000043600023-scaled.jpeg?resize=525%2C300&ssl=1 1.5x, https:\/\/i0.wp.com\/errr-magazine.com\/wp-content\/uploads\/2026\/02\/000043600023-scaled.jpeg?resize=700%2C400&ssl=1 2x, https:\/\/i0.wp.com\/errr-magazine.com\/wp-content\/uploads\/2026\/02\/000043600023-scaled.jpeg?resize=1050%2C600&ssl=1 3x, https:\/\/i0.wp.com\/errr-magazine.com\/wp-content\/uploads\/2026\/02\/000043600023-scaled.jpeg?resize=1400%2C800&ssl=1 4x"},"classes":[]},{"id":201508,"url":"https:\/\/errr-magazine.com\/english\/la-primera-taza-de-cafe\/","url_meta":{"origin":203374,"position":5},"title":"The First Cup of Coffee","author":"Anna Holodna","date":"03\/06\/2026","format":false,"excerpt":"It\u2019s hard to feel like you belong when you\u2019re constantly changing cities, apartments, jobs, and circles of people.","rel":"","context":"In &quot;Personas&quot;","block_context":{"text":"Personas","link":"https:\/\/errr-magazine.com\/english\/category\/interviews\/personas\/"},"img":{"alt_text":"","src":"https:\/\/i0.wp.com\/errr-magazine.com\/wp-content\/uploads\/2026\/03\/104801240038-scaled.jpg?resize=350%2C200&ssl=1","width":350,"height":200,"srcset":"https:\/\/i0.wp.com\/errr-magazine.com\/wp-content\/uploads\/2026\/03\/104801240038-scaled.jpg?resize=350%2C200&ssl=1 1x, https:\/\/i0.wp.com\/errr-magazine.com\/wp-content\/uploads\/2026\/03\/104801240038-scaled.jpg?resize=525%2C300&ssl=1 1.5x, https:\/\/i0.wp.com\/errr-magazine.com\/wp-content\/uploads\/2026\/03\/104801240038-scaled.jpg?resize=700%2C400&ssl=1 2x, https:\/\/i0.wp.com\/errr-magazine.com\/wp-content\/uploads\/2026\/03\/104801240038-scaled.jpg?resize=1050%2C600&ssl=1 3x, https:\/\/i0.wp.com\/errr-magazine.com\/wp-content\/uploads\/2026\/03\/104801240038-scaled.jpg?resize=1400%2C800&ssl=1 4x"},"classes":[]}],"jetpack_sharing_enabled":true,"mfb_rest_fields":["title","yoast_head","yoast_head_json","jetpack_featured_media_url","jetpack-related-posts","jetpack_sharing_enabled"],"_links":{"self":[{"href":"https:\/\/errr-magazine.com\/english\/wp-json\/wp\/v2\/posts\/203374","targetHints":{"allow":["GET"]}}],"collection":[{"href":"https:\/\/errr-magazine.com\/english\/wp-json\/wp\/v2\/posts"}],"about":[{"href":"https:\/\/errr-magazine.com\/english\/wp-json\/wp\/v2\/types\/post"}],"author":[{"embeddable":true,"href":"https:\/\/errr-magazine.com\/english\/wp-json\/wp\/v2\/users\/8380"}],"replies":[{"embeddable":true,"href":"https:\/\/errr-magazine.com\/english\/wp-json\/wp\/v2\/comments?post=203374"}],"version-history":[{"count":1,"href":"https:\/\/errr-magazine.com\/english\/wp-json\/wp\/v2\/posts\/203374\/revisions"}],"predecessor-version":[{"id":203377,"href":"https:\/\/errr-magazine.com\/english\/wp-json\/wp\/v2\/posts\/203374\/revisions\/203377"}],"wp:featuredmedia":[{"embeddable":true,"href":"https:\/\/errr-magazine.com\/english\/wp-json\/wp\/v2\/media\/203376"}],"wp:attachment":[{"href":"https:\/\/errr-magazine.com\/english\/wp-json\/wp\/v2\/media?parent=203374"}],"wp:term":[{"taxonomy":"category","embeddable":true,"href":"https:\/\/errr-magazine.com\/english\/wp-json\/wp\/v2\/categories?post=203374"},{"taxonomy":"post_tag","embeddable":true,"href":"https:\/\/errr-magazine.com\/english\/wp-json\/wp\/v2\/tags?post=203374"}],"curies":[{"name":"wp","href":"https:\/\/api.w.org\/{rel}","templated":true}]}}