{"id":203320,"date":"2026-03-29T07:00:00","date_gmt":"2026-03-29T13:00:00","guid":{"rendered":"https:\/\/errr-magazine.com\/?p=203320"},"modified":"2026-03-28T20:05:32","modified_gmt":"2026-03-29T02:05:32","slug":"el-trafico-de-esta-ciudad","status":"publish","type":"post","link":"https:\/\/errr-magazine.com\/english\/el-trafico-de-esta-ciudad\/","title":{"rendered":"The Traffic of This City"},"content":{"rendered":"<p><strong>What pieces or projects have you been working on lately?<br><\/strong>I spent the winter in Mexico City, and from there I drew inspiration for a series of images based on the traffic of this city. I\u2019m very interested in the contrast between speed, solid concrete, and natural forms\u2014how these three layers coexist.<\/p>\n\n\n\n<figure class=\"wp-block-image size-large\"><img decoding=\"async\" width=\"683\" height=\"1024\" data-src=\"https:\/\/errr-magazine.com\/wp-content\/uploads\/2026\/03\/ARBOL-683x1024.jpg\" alt=\"\" class=\"wp-image-203322 lazyload\" data-srcset=\"https:\/\/errr-magazine.com\/wp-content\/uploads\/2026\/03\/ARBOL-683x1024.jpg 683w, https:\/\/errr-magazine.com\/wp-content\/uploads\/2026\/03\/ARBOL-200x300.jpg 200w, https:\/\/errr-magazine.com\/wp-content\/uploads\/2026\/03\/ARBOL-768x1151.jpg 768w, https:\/\/errr-magazine.com\/wp-content\/uploads\/2026\/03\/ARBOL-1024x1536.jpg 1024w, https:\/\/errr-magazine.com\/wp-content\/uploads\/2026\/03\/ARBOL-1366x2048.jpg 1366w, https:\/\/errr-magazine.com\/wp-content\/uploads\/2026\/03\/ARBOL-8x12.jpg 8w, https:\/\/errr-magazine.com\/wp-content\/uploads\/2026\/03\/ARBOL.jpg 1500w\" data-sizes=\"(max-width: 683px) 100vw, 683px\" src=\"data:image\/svg+xml;base64,PHN2ZyB3aWR0aD0iMSIgaGVpZ2h0PSIxIiB4bWxucz0iaHR0cDovL3d3dy53My5vcmcvMjAwMC9zdmciPjwvc3ZnPg==\" style=\"--smush-placeholder-width: 683px; --smush-placeholder-aspect-ratio: 683\/1024;\" \/><\/figure>\n\n\n\n<p><strong>What did you learn (or unlearn) while working on them?<br><\/strong>I\u2019m learning a new language for my illustrations\u2014something more dynamic and less controlled. I\u2019m also learning to do things in a more spontaneous way.<\/p>\n\n\n\n<figure class=\"wp-block-image size-large\"><img decoding=\"async\" width=\"1007\" height=\"1024\" data-src=\"https:\/\/errr-magazine.com\/wp-content\/uploads\/2026\/03\/1-17-1007x1024.jpg\" alt=\"\" class=\"wp-image-203324 lazyload\" data-srcset=\"https:\/\/errr-magazine.com\/wp-content\/uploads\/2026\/03\/1-17-1007x1024.jpg 1007w, https:\/\/errr-magazine.com\/wp-content\/uploads\/2026\/03\/1-17-295x300.jpg 295w, https:\/\/errr-magazine.com\/wp-content\/uploads\/2026\/03\/1-17-768x781.jpg 768w, https:\/\/errr-magazine.com\/wp-content\/uploads\/2026\/03\/1-17-12x12.jpg 12w, https:\/\/errr-magazine.com\/wp-content\/uploads\/2026\/03\/1-17.jpg 1294w\" data-sizes=\"(max-width: 1007px) 100vw, 1007px\" src=\"data:image\/svg+xml;base64,PHN2ZyB3aWR0aD0iMSIgaGVpZ2h0PSIxIiB4bWxucz0iaHR0cDovL3d3dy53My5vcmcvMjAwMC9zdmciPjwvc3ZnPg==\" style=\"--smush-placeholder-width: 1007px; --smush-placeholder-aspect-ratio: 1007\/1024;\" \/><\/figure>\n\n\n\n<p><strong>What words, ideas or emotions were going through your head?<br><\/strong>Speed, parking, contrast, but also a certain sense of humor.<\/p>\n\n\n\n<figure class=\"wp-block-image size-large\"><img decoding=\"async\" width=\"923\" height=\"1024\" data-src=\"https:\/\/errr-magazine.com\/wp-content\/uploads\/2026\/03\/2-11-923x1024.jpg\" alt=\"\" class=\"wp-image-203325 lazyload\" data-srcset=\"https:\/\/errr-magazine.com\/wp-content\/uploads\/2026\/03\/2-11-923x1024.jpg 923w, https:\/\/errr-magazine.com\/wp-content\/uploads\/2026\/03\/2-11-270x300.jpg 270w, https:\/\/errr-magazine.com\/wp-content\/uploads\/2026\/03\/2-11-768x852.jpg 768w, https:\/\/errr-magazine.com\/wp-content\/uploads\/2026\/03\/2-11-11x12.jpg 11w, https:\/\/errr-magazine.com\/wp-content\/uploads\/2026\/03\/2-11.jpg 1206w\" data-sizes=\"(max-width: 923px) 100vw, 923px\" src=\"data:image\/svg+xml;base64,PHN2ZyB3aWR0aD0iMSIgaGVpZ2h0PSIxIiB4bWxucz0iaHR0cDovL3d3dy53My5vcmcvMjAwMC9zdmciPjwvc3ZnPg==\" style=\"--smush-placeholder-width: 923px; --smush-placeholder-aspect-ratio: 923\/1024;\" \/><\/figure>\n\n\n\n<p><strong>Were there any conversations, movies, music, or books that made their way into that work?<br><\/strong>There\u2019s a scene in the film <em><strong><a href=\"https:\/\/letterboxd.com\/film\/weekend-1967\/\">Week-end<\/a><\/strong><\/em> by Jean-Luc Godard that reminds me of what I\u2019m trying to explore. <\/p>\n\n\n\n<figure class=\"wp-block-image size-full\"><img decoding=\"async\" width=\"936\" height=\"1016\" data-src=\"https:\/\/errr-magazine.com\/wp-content\/uploads\/2026\/03\/lili1.jpg\" alt=\"\" class=\"wp-image-203326 lazyload\" data-srcset=\"https:\/\/errr-magazine.com\/wp-content\/uploads\/2026\/03\/lili1.jpg 936w, https:\/\/errr-magazine.com\/wp-content\/uploads\/2026\/03\/lili1-276x300.jpg 276w, https:\/\/errr-magazine.com\/wp-content\/uploads\/2026\/03\/lili1-768x834.jpg 768w, https:\/\/errr-magazine.com\/wp-content\/uploads\/2026\/03\/lili1-11x12.jpg 11w\" data-sizes=\"(max-width: 936px) 100vw, 936px\" src=\"data:image\/svg+xml;base64,PHN2ZyB3aWR0aD0iMSIgaGVpZ2h0PSIxIiB4bWxucz0iaHR0cDovL3d3dy53My5vcmcvMjAwMC9zdmciPjwvc3ZnPg==\" style=\"--smush-placeholder-width: 936px; --smush-placeholder-aspect-ratio: 936\/1016;\" \/><\/figure>\n\n\n\n<p><strong>What's been the most difficult thing you've faced recently in your creative process?<br><\/strong>Finding time for personal projects within commercial commissions.<\/p>\n\n\n\n<figure class=\"wp-block-image size-large\"><img decoding=\"async\" width=\"896\" height=\"1024\" data-src=\"https:\/\/errr-magazine.com\/wp-content\/uploads\/2026\/03\/Screenshot-2025-08-15-at-11.04.50-896x1024.jpg\" alt=\"\" class=\"wp-image-203327 lazyload\" data-srcset=\"https:\/\/errr-magazine.com\/wp-content\/uploads\/2026\/03\/Screenshot-2025-08-15-at-11.04.50-896x1024.jpg 896w, https:\/\/errr-magazine.com\/wp-content\/uploads\/2026\/03\/Screenshot-2025-08-15-at-11.04.50-262x300.jpg 262w, https:\/\/errr-magazine.com\/wp-content\/uploads\/2026\/03\/Screenshot-2025-08-15-at-11.04.50-768x878.jpg 768w, https:\/\/errr-magazine.com\/wp-content\/uploads\/2026\/03\/Screenshot-2025-08-15-at-11.04.50-10x12.jpg 10w, https:\/\/errr-magazine.com\/wp-content\/uploads\/2026\/03\/Screenshot-2025-08-15-at-11.04.50.jpg 1146w\" data-sizes=\"(max-width: 896px) 100vw, 896px\" src=\"data:image\/svg+xml;base64,PHN2ZyB3aWR0aD0iMSIgaGVpZ2h0PSIxIiB4bWxucz0iaHR0cDovL3d3dy53My5vcmcvMjAwMC9zdmciPjwvc3ZnPg==\" style=\"--smush-placeholder-width: 896px; --smush-placeholder-aspect-ratio: 896\/1024;\" \/><\/figure>\n\n\n\n<p><strong>What is your favorite restaurant and what do you recommend we order?<br><a href=\"https:\/\/www.instagram.com\/cantonmexicali\/\">El Canton Mexicali<\/a><\/strong> \u2014order the cucumber salad. It\u2019s delicious.<\/p>\n\n\n\n<figure class=\"wp-block-image size-large\"><img decoding=\"async\" width=\"784\" height=\"1024\" data-src=\"https:\/\/errr-magazine.com\/wp-content\/uploads\/2026\/03\/VOLCAN1-784x1024.jpg\" alt=\"\" class=\"wp-image-203328 lazyload\" data-srcset=\"https:\/\/errr-magazine.com\/wp-content\/uploads\/2026\/03\/VOLCAN1-784x1024.jpg 784w, https:\/\/errr-magazine.com\/wp-content\/uploads\/2026\/03\/VOLCAN1-230x300.jpg 230w, https:\/\/errr-magazine.com\/wp-content\/uploads\/2026\/03\/VOLCAN1-768x1003.jpg 768w, https:\/\/errr-magazine.com\/wp-content\/uploads\/2026\/03\/VOLCAN1-1177x1536.jpg 1177w, https:\/\/errr-magazine.com\/wp-content\/uploads\/2026\/03\/VOLCAN1-9x12.jpg 9w, https:\/\/errr-magazine.com\/wp-content\/uploads\/2026\/03\/VOLCAN1.jpg 1477w\" data-sizes=\"(max-width: 784px) 100vw, 784px\" src=\"data:image\/svg+xml;base64,PHN2ZyB3aWR0aD0iMSIgaGVpZ2h0PSIxIiB4bWxucz0iaHR0cDovL3d3dy53My5vcmcvMjAwMC9zdmciPjwvc3ZnPg==\" style=\"--smush-placeholder-width: 784px; --smush-placeholder-aspect-ratio: 784\/1024;\" \/><\/figure>\n\n\n\n<p><strong>If your life were a movie this month, what would it be called and who would write the soundtrack?<br><\/strong>I think it would be a comedy. I find it hard to come up with a title, but the soundtrack would be something like the intro to <em>El Chavo del 8<\/em> from <strong><a href=\"https:\/\/open.spotify.com\/artist\/09x9KmiHgFJgWySzkMRNGx?si=hrWMh0uJR7q_WGHwQPWOVg\">Jean-Jacques Perrey<\/a><\/strong>.<\/p>\n\n\n\n<figure class=\"wp-block-image size-large\"><img decoding=\"async\" width=\"888\" height=\"1024\" data-src=\"https:\/\/errr-magazine.com\/wp-content\/uploads\/2026\/03\/3-9-888x1024.jpg\" alt=\"\" class=\"wp-image-203329 lazyload\" data-srcset=\"https:\/\/errr-magazine.com\/wp-content\/uploads\/2026\/03\/3-9-888x1024.jpg 888w, https:\/\/errr-magazine.com\/wp-content\/uploads\/2026\/03\/3-9-260x300.jpg 260w, https:\/\/errr-magazine.com\/wp-content\/uploads\/2026\/03\/3-9-768x886.jpg 768w, https:\/\/errr-magazine.com\/wp-content\/uploads\/2026\/03\/3-9-10x12.jpg 10w, https:\/\/errr-magazine.com\/wp-content\/uploads\/2026\/03\/3-9.jpg 1098w\" data-sizes=\"(max-width: 888px) 100vw, 888px\" src=\"data:image\/svg+xml;base64,PHN2ZyB3aWR0aD0iMSIgaGVpZ2h0PSIxIiB4bWxucz0iaHR0cDovL3d3dy53My5vcmcvMjAwMC9zdmciPjwvc3ZnPg==\" style=\"--smush-placeholder-width: 888px; --smush-placeholder-aspect-ratio: 888\/1024;\" \/><\/figure>\n\n\n\n<p><strong>Which studios, laboratories, or workshops have you collaborated with recently or would you like to collaborate with in the future?<br><\/strong>I made a calendar with <strong><a href=\"https:\/\/www.instagram.com\/magma.editions\/\">Ediciones Magma<\/a><\/strong> in France. They\u2019re a publishing house that mostly works with risography.<\/p>\n\n\n\n<figure class=\"wp-block-image size-large\"><img decoding=\"async\" width=\"768\" height=\"1024\" data-src=\"https:\/\/errr-magazine.com\/wp-content\/uploads\/2026\/03\/VOLCAN2-768x1024.jpg\" alt=\"\" class=\"wp-image-203330 lazyload\" data-srcset=\"https:\/\/errr-magazine.com\/wp-content\/uploads\/2026\/03\/VOLCAN2-768x1024.jpg 768w, https:\/\/errr-magazine.com\/wp-content\/uploads\/2026\/03\/VOLCAN2-225x300.jpg 225w, https:\/\/errr-magazine.com\/wp-content\/uploads\/2026\/03\/VOLCAN2-1152x1536.jpg 1152w, https:\/\/errr-magazine.com\/wp-content\/uploads\/2026\/03\/VOLCAN2-9x12.jpg 9w, https:\/\/errr-magazine.com\/wp-content\/uploads\/2026\/03\/VOLCAN2.jpg 1461w\" data-sizes=\"(max-width: 768px) 100vw, 768px\" src=\"data:image\/svg+xml;base64,PHN2ZyB3aWR0aD0iMSIgaGVpZ2h0PSIxIiB4bWxucz0iaHR0cDovL3d3dy53My5vcmcvMjAwMC9zdmciPjwvc3ZnPg==\" style=\"--smush-placeholder-width: 768px; --smush-placeholder-aspect-ratio: 768\/1024;\" \/><\/figure>\n\n\n\n<p><strong>Recommend one or more artists you follow who inspire you, and tell us what you like most about their work or their way of working.<br><\/strong>For now, some who really inspire me are <strong><a href=\"https:\/\/www.instagram.com\/alexis_jamet\/\">Alexis Jamet<\/a><\/strong>, <strong><a href=\"https:\/\/www.instagram.com\/mariamedem\/\">Maria Medem<\/a><\/strong>, <strong><a href=\"https:\/\/www.instagram.com\/andreas.samuelsson\/\">Andreas Samuelsson<\/a><\/strong>, among others.<\/p>","protected":false},"excerpt":{"rendered":"<p>I spent the winter in Mexico City, and from there I drew inspiration for a series of images based on the traffic of this city. I\u2019m very interested in the contrast between speed, solid concrete, and natural forms\u2014how these three layers coexist.<\/p>","protected":false},"author":8376,"featured_media":203321,"comment_status":"closed","ping_status":"closed","sticky":false,"template":"","format":"standard","meta":{"_acf_changed":false,"cybocfi_hide_featured_image":"","_jetpack_memberships_contains_paid_content":false,"footnotes":""},"categories":[17856],"tags":[],"class_list":["post-203320","post","type-post","status-publish","format-standard","has-post-thumbnail","hentry","category-artes-visuales"],"acf":[],"mb":[],"yoast_head":"<!-- This site is optimized with the Yoast SEO plugin v27.2 - https:\/\/yoast.com\/product\/yoast-seo-wordpress\/ -->\n<title>El tr\u00e1fico de esta ciudad - ERRR MAGAZINE<\/title>\n<meta name=\"robots\" content=\"index, follow, max-snippet:-1, max-image-preview:large, max-video-preview:-1\" \/>\n<link rel=\"canonical\" href=\"https:\/\/errr-magazine.com\/english\/el-trafico-de-esta-ciudad\/\" \/>\n<meta property=\"og:locale\" content=\"en_US\" \/>\n<meta property=\"og:type\" content=\"article\" \/>\n<meta property=\"og:title\" content=\"El tr\u00e1fico de esta ciudad - ERRR MAGAZINE\" \/>\n<meta property=\"og:description\" content=\"Pas\u00e9 el invierno en la Ciudad de M\u00e9xico y de ah\u00ed saqu\u00e9 inspiraci\u00f3n para una serie de im\u00e1genes basadas en el tr\u00e1fico de esta ciudad. Me interesa mucho el contraste entre la velocidad, el concreto solido y las formas naturales; c\u00f3mo las tres capas coexisten.\" \/>\n<meta property=\"og:url\" content=\"https:\/\/errr-magazine.com\/english\/el-trafico-de-esta-ciudad\/\" \/>\n<meta property=\"og:site_name\" content=\"ERRR MAGAZINE\" \/>\n<meta property=\"article:published_time\" content=\"2026-03-29T13:00:00+00:00\" \/>\n<meta property=\"og:image\" content=\"https:\/\/errr-magazine.com\/wp-content\/uploads\/2026\/03\/Screenshot-2025-08-15-at-11.07.32.jpg\" \/>\n\t<meta property=\"og:image:width\" content=\"1182\" \/>\n\t<meta property=\"og:image:height\" content=\"1274\" \/>\n\t<meta property=\"og:image:type\" content=\"image\/jpeg\" \/>\n<meta name=\"author\" content=\"Elena Boils\" \/>\n<meta name=\"twitter:card\" content=\"summary_large_image\" \/>\n<meta name=\"twitter:label1\" content=\"Written by\" \/>\n\t<meta name=\"twitter:data1\" content=\"Elena Boils\" \/>\n\t<meta name=\"twitter:label2\" content=\"Est. reading time\" \/>\n\t<meta name=\"twitter:data2\" content=\"4 minutes\" \/>\n<script type=\"application\/ld+json\" class=\"yoast-schema-graph\">{\"@context\":\"https:\/\/schema.org\",\"@graph\":[{\"@type\":\"Article\",\"@id\":\"https:\/\/errr-magazine.com\/el-trafico-de-esta-ciudad\/#article\",\"isPartOf\":{\"@id\":\"https:\/\/errr-magazine.com\/el-trafico-de-esta-ciudad\/\"},\"author\":{\"name\":\"Elena Boils\",\"@id\":\"https:\/\/errr-magazine.com\/#\/schema\/person\/b9f0610396568724dac414d6dc495b73\"},\"headline\":\"El tr\u00e1fico de esta ciudad\",\"datePublished\":\"2026-03-29T13:00:00+00:00\",\"mainEntityOfPage\":{\"@id\":\"https:\/\/errr-magazine.com\/el-trafico-de-esta-ciudad\/\"},\"wordCount\":335,\"image\":{\"@id\":\"https:\/\/errr-magazine.com\/el-trafico-de-esta-ciudad\/#primaryimage\"},\"thumbnailUrl\":\"https:\/\/errr-magazine.com\/wp-content\/uploads\/2026\/03\/Screenshot-2025-08-15-at-11.07.32.jpg\",\"articleSection\":[\"Artes visuales\"],\"inLanguage\":\"en-US\"},{\"@type\":\"WebPage\",\"@id\":\"https:\/\/errr-magazine.com\/el-trafico-de-esta-ciudad\/\",\"url\":\"https:\/\/errr-magazine.com\/el-trafico-de-esta-ciudad\/\",\"name\":\"El tr\u00e1fico de esta ciudad - ERRR MAGAZINE\",\"isPartOf\":{\"@id\":\"https:\/\/errr-magazine.com\/#website\"},\"primaryImageOfPage\":{\"@id\":\"https:\/\/errr-magazine.com\/el-trafico-de-esta-ciudad\/#primaryimage\"},\"image\":{\"@id\":\"https:\/\/errr-magazine.com\/el-trafico-de-esta-ciudad\/#primaryimage\"},\"thumbnailUrl\":\"https:\/\/errr-magazine.com\/wp-content\/uploads\/2026\/03\/Screenshot-2025-08-15-at-11.07.32.jpg\",\"datePublished\":\"2026-03-29T13:00:00+00:00\",\"author\":{\"@id\":\"https:\/\/errr-magazine.com\/#\/schema\/person\/b9f0610396568724dac414d6dc495b73\"},\"breadcrumb\":{\"@id\":\"https:\/\/errr-magazine.com\/el-trafico-de-esta-ciudad\/#breadcrumb\"},\"inLanguage\":\"en-US\",\"potentialAction\":[{\"@type\":\"ReadAction\",\"target\":[\"https:\/\/errr-magazine.com\/el-trafico-de-esta-ciudad\/\"]}]},{\"@type\":\"ImageObject\",\"inLanguage\":\"en-US\",\"@id\":\"https:\/\/errr-magazine.com\/el-trafico-de-esta-ciudad\/#primaryimage\",\"url\":\"https:\/\/errr-magazine.com\/wp-content\/uploads\/2026\/03\/Screenshot-2025-08-15-at-11.07.32.jpg\",\"contentUrl\":\"https:\/\/errr-magazine.com\/wp-content\/uploads\/2026\/03\/Screenshot-2025-08-15-at-11.07.32.jpg\",\"width\":1182,\"height\":1274},{\"@type\":\"BreadcrumbList\",\"@id\":\"https:\/\/errr-magazine.com\/el-trafico-de-esta-ciudad\/#breadcrumb\",\"itemListElement\":[{\"@type\":\"ListItem\",\"position\":1,\"name\":\"Portada\",\"item\":\"https:\/\/errr-magazine.com\/\"},{\"@type\":\"ListItem\",\"position\":2,\"name\":\"El tr\u00e1fico de esta ciudad\"}]},{\"@type\":\"WebSite\",\"@id\":\"https:\/\/errr-magazine.com\/#website\",\"url\":\"https:\/\/errr-magazine.com\/\",\"name\":\"ERRR MAGAZINE\",\"description\":\"\",\"potentialAction\":[{\"@type\":\"SearchAction\",\"target\":{\"@type\":\"EntryPoint\",\"urlTemplate\":\"https:\/\/errr-magazine.com\/?s={search_term_string}\"},\"query-input\":{\"@type\":\"PropertyValueSpecification\",\"valueRequired\":true,\"valueName\":\"search_term_string\"}}],\"inLanguage\":\"en-US\"},{\"@type\":\"Person\",\"@id\":\"https:\/\/errr-magazine.com\/#\/schema\/person\/b9f0610396568724dac414d6dc495b73\",\"name\":\"Elena Boils\",\"image\":{\"@type\":\"ImageObject\",\"inLanguage\":\"en-US\",\"@id\":\"https:\/\/secure.gravatar.com\/avatar\/71db0a62660ad77679b026308a2646d62fe0c3ca9a8c549cce639b78c2d35b11?s=96&d=identicon&r=g\",\"url\":\"https:\/\/secure.gravatar.com\/avatar\/71db0a62660ad77679b026308a2646d62fe0c3ca9a8c549cce639b78c2d35b11?s=96&d=identicon&r=g\",\"contentUrl\":\"https:\/\/secure.gravatar.com\/avatar\/71db0a62660ad77679b026308a2646d62fe0c3ca9a8c549cce639b78c2d35b11?s=96&d=identicon&r=g\",\"caption\":\"Elena Boils\"},\"description\":\"Naci\u00f3 en Puebla y ahora vive entre Londres y la Ciudad de M\u00e9xico. Trabaja principalmente como ilustradora pero tambi\u00e9n tiene una pr\u00e1ctica de pintura y animaci\u00f3n .\",\"sameAs\":[\"https:\/\/www.instagram.com\/elenaboils\/\"],\"url\":\"https:\/\/errr-magazine.com\/english\/author\/helloelenaboilscom\/\"}]}<\/script>\n<!-- \/ Yoast SEO plugin. -->","yoast_head_json":{"title":"The Traffic of This City - ERRR MAGAZINE","robots":{"index":"index","follow":"follow","max-snippet":"max-snippet:-1","max-image-preview":"max-image-preview:large","max-video-preview":"max-video-preview:-1"},"canonical":"https:\/\/errr-magazine.com\/english\/el-trafico-de-esta-ciudad\/","og_locale":"en_US","og_type":"article","og_title":"El tr\u00e1fico de esta ciudad - ERRR MAGAZINE","og_description":"Pas\u00e9 el invierno en la Ciudad de M\u00e9xico y de ah\u00ed saqu\u00e9 inspiraci\u00f3n para una serie de im\u00e1genes basadas en el tr\u00e1fico de esta ciudad. Me interesa mucho el contraste entre la velocidad, el concreto solido y las formas naturales; c\u00f3mo las tres capas coexisten.","og_url":"https:\/\/errr-magazine.com\/english\/el-trafico-de-esta-ciudad\/","og_site_name":"ERRR MAGAZINE","article_published_time":"2026-03-29T13:00:00+00:00","og_image":[{"width":1182,"height":1274,"url":"https:\/\/errr-magazine.com\/wp-content\/uploads\/2026\/03\/Screenshot-2025-08-15-at-11.07.32.jpg","type":"image\/jpeg"}],"author":"Elena Boils","twitter_card":"summary_large_image","twitter_misc":{"Written by":"Elena Boils","Est. reading time":"4 minutes"},"schema":{"@context":"https:\/\/schema.org","@graph":[{"@type":"Article","@id":"https:\/\/errr-magazine.com\/el-trafico-de-esta-ciudad\/#article","isPartOf":{"@id":"https:\/\/errr-magazine.com\/el-trafico-de-esta-ciudad\/"},"author":{"name":"Elena Boils","@id":"https:\/\/errr-magazine.com\/#\/schema\/person\/b9f0610396568724dac414d6dc495b73"},"headline":"El tr\u00e1fico de esta ciudad","datePublished":"2026-03-29T13:00:00+00:00","mainEntityOfPage":{"@id":"https:\/\/errr-magazine.com\/el-trafico-de-esta-ciudad\/"},"wordCount":335,"image":{"@id":"https:\/\/errr-magazine.com\/el-trafico-de-esta-ciudad\/#primaryimage"},"thumbnailUrl":"https:\/\/errr-magazine.com\/wp-content\/uploads\/2026\/03\/Screenshot-2025-08-15-at-11.07.32.jpg","articleSection":["Artes visuales"],"inLanguage":"en-US"},{"@type":"WebPage","@id":"https:\/\/errr-magazine.com\/el-trafico-de-esta-ciudad\/","url":"https:\/\/errr-magazine.com\/el-trafico-de-esta-ciudad\/","name":"The Traffic of This City - ERRR MAGAZINE","isPartOf":{"@id":"https:\/\/errr-magazine.com\/#website"},"primaryImageOfPage":{"@id":"https:\/\/errr-magazine.com\/el-trafico-de-esta-ciudad\/#primaryimage"},"image":{"@id":"https:\/\/errr-magazine.com\/el-trafico-de-esta-ciudad\/#primaryimage"},"thumbnailUrl":"https:\/\/errr-magazine.com\/wp-content\/uploads\/2026\/03\/Screenshot-2025-08-15-at-11.07.32.jpg","datePublished":"2026-03-29T13:00:00+00:00","author":{"@id":"https:\/\/errr-magazine.com\/#\/schema\/person\/b9f0610396568724dac414d6dc495b73"},"breadcrumb":{"@id":"https:\/\/errr-magazine.com\/el-trafico-de-esta-ciudad\/#breadcrumb"},"inLanguage":"en-US","potentialAction":[{"@type":"ReadAction","target":["https:\/\/errr-magazine.com\/el-trafico-de-esta-ciudad\/"]}]},{"@type":"ImageObject","inLanguage":"en-US","@id":"https:\/\/errr-magazine.com\/el-trafico-de-esta-ciudad\/#primaryimage","url":"https:\/\/errr-magazine.com\/wp-content\/uploads\/2026\/03\/Screenshot-2025-08-15-at-11.07.32.jpg","contentUrl":"https:\/\/errr-magazine.com\/wp-content\/uploads\/2026\/03\/Screenshot-2025-08-15-at-11.07.32.jpg","width":1182,"height":1274},{"@type":"BreadcrumbList","@id":"https:\/\/errr-magazine.com\/el-trafico-de-esta-ciudad\/#breadcrumb","itemListElement":[{"@type":"ListItem","position":1,"name":"Portada","item":"https:\/\/errr-magazine.com\/"},{"@type":"ListItem","position":2,"name":"El tr\u00e1fico de esta ciudad"}]},{"@type":"WebSite","@id":"https:\/\/errr-magazine.com\/#website","url":"https:\/\/errr-magazine.com\/","name":"ERRR MAGAZINE","description":"","potentialAction":[{"@type":"SearchAction","target":{"@type":"EntryPoint","urlTemplate":"https:\/\/errr-magazine.com\/?s={search_term_string}"},"query-input":{"@type":"PropertyValueSpecification","valueRequired":true,"valueName":"search_term_string"}}],"inLanguage":"en-US"},{"@type":"Person","@id":"https:\/\/errr-magazine.com\/#\/schema\/person\/b9f0610396568724dac414d6dc495b73","name":"Elena Boils","image":{"@type":"ImageObject","inLanguage":"en-US","@id":"https:\/\/secure.gravatar.com\/avatar\/71db0a62660ad77679b026308a2646d62fe0c3ca9a8c549cce639b78c2d35b11?s=96&d=identicon&r=g","url":"https:\/\/secure.gravatar.com\/avatar\/71db0a62660ad77679b026308a2646d62fe0c3ca9a8c549cce639b78c2d35b11?s=96&d=identicon&r=g","contentUrl":"https:\/\/secure.gravatar.com\/avatar\/71db0a62660ad77679b026308a2646d62fe0c3ca9a8c549cce639b78c2d35b11?s=96&d=identicon&r=g","caption":"Elena Boils"},"description":"She was born in Puebla and now lives between London and Mexico City. She works mainly as an illustrator but also has a painting and animation practice.","sameAs":["https:\/\/www.instagram.com\/elenaboils\/"],"url":"https:\/\/errr-magazine.com\/english\/author\/helloelenaboilscom\/"}]}},"jetpack_featured_media_url":"https:\/\/errr-magazine.com\/wp-content\/uploads\/2026\/03\/Screenshot-2025-08-15-at-11.07.32.jpg","jetpack-related-posts":[{"id":200324,"url":"https:\/\/errr-magazine.com\/english\/bombs-coffee\/","url_meta":{"origin":203320,"position":0},"title":"Bombs Coffee","author":"Bombs Coffee","date":"02\/16\/2026","format":false,"excerpt":"The intention was to bring a different concept to Durango: a space that combined technique, innovation in beverages, and clear inspiration from international projects that understood coffee as an experience, not just consumption.","rel":"","context":"In &quot;Cafeterias y panader\u00edas&quot;","block_context":{"text":"Cafeterias y panader\u00edas","link":"https:\/\/errr-magazine.com\/english\/category\/places\/cafeterias-y-panaderias\/"},"img":{"alt_text":"","src":"https:\/\/i0.wp.com\/errr-magazine.com\/wp-content\/uploads\/2026\/02\/DSC01887.png?resize=350%2C200&ssl=1","width":350,"height":200,"srcset":"https:\/\/i0.wp.com\/errr-magazine.com\/wp-content\/uploads\/2026\/02\/DSC01887.png?resize=350%2C200&ssl=1 1x, https:\/\/i0.wp.com\/errr-magazine.com\/wp-content\/uploads\/2026\/02\/DSC01887.png?resize=525%2C300&ssl=1 1.5x, https:\/\/i0.wp.com\/errr-magazine.com\/wp-content\/uploads\/2026\/02\/DSC01887.png?resize=700%2C400&ssl=1 2x, https:\/\/i0.wp.com\/errr-magazine.com\/wp-content\/uploads\/2026\/02\/DSC01887.png?resize=1050%2C600&ssl=1 3x, https:\/\/i0.wp.com\/errr-magazine.com\/wp-content\/uploads\/2026\/02\/DSC01887.png?resize=1400%2C800&ssl=1 4x"},"classes":[]},{"id":201426,"url":"https:\/\/errr-magazine.com\/english\/segundas-oportunidades\/","url_meta":{"origin":203320,"position":1},"title":"Second Chances","author":"Renata Rains","date":"03\/05\/2026","format":false,"excerpt":"Lately, I\u2019ve been working alongside my partner on a multimedia project that intersects performance, video, and music, incorporating my handmade masks and analog photography.","rel":"","context":"In &quot;Artes visuales&quot;","block_context":{"text":"Artes visuales","link":"https:\/\/errr-magazine.com\/english\/category\/interviews\/artes-visuales\/"},"img":{"alt_text":"","src":"https:\/\/i0.wp.com\/errr-magazine.com\/wp-content\/uploads\/2026\/03\/Renata-Rains_ERRR_MAG-17-scaled.jpg?resize=350%2C200&ssl=1","width":350,"height":200,"srcset":"https:\/\/i0.wp.com\/errr-magazine.com\/wp-content\/uploads\/2026\/03\/Renata-Rains_ERRR_MAG-17-scaled.jpg?resize=350%2C200&ssl=1 1x, https:\/\/i0.wp.com\/errr-magazine.com\/wp-content\/uploads\/2026\/03\/Renata-Rains_ERRR_MAG-17-scaled.jpg?resize=525%2C300&ssl=1 1.5x, https:\/\/i0.wp.com\/errr-magazine.com\/wp-content\/uploads\/2026\/03\/Renata-Rains_ERRR_MAG-17-scaled.jpg?resize=700%2C400&ssl=1 2x, https:\/\/i0.wp.com\/errr-magazine.com\/wp-content\/uploads\/2026\/03\/Renata-Rains_ERRR_MAG-17-scaled.jpg?resize=1050%2C600&ssl=1 3x, https:\/\/i0.wp.com\/errr-magazine.com\/wp-content\/uploads\/2026\/03\/Renata-Rains_ERRR_MAG-17-scaled.jpg?resize=1400%2C800&ssl=1 4x"},"classes":[]},{"id":202733,"url":"https:\/\/errr-magazine.com\/english\/invierno-britanico\/","url_meta":{"origin":203320,"position":2},"title":"British Winter","author":"Harry Stamatov","date":"03\/21\/2026","format":false,"excerpt":"I\u2019m drawn to the collaborative nature of lifestyle, portrait and brand projects, and the process of developing ideas together. Turning an idea into visuals that evoke feelings and tell a story is what I find most fulfilling.","rel":"","context":"In &quot;Artes visuales&quot;","block_context":{"text":"Artes visuales","link":"https:\/\/errr-magazine.com\/english\/category\/interviews\/artes-visuales\/"},"img":{"alt_text":"","src":"https:\/\/i0.wp.com\/errr-magazine.com\/wp-content\/uploads\/2026\/03\/Selin-Hinterland-living-21.01.25-.jpg?resize=350%2C200&ssl=1","width":350,"height":200,"srcset":"https:\/\/i0.wp.com\/errr-magazine.com\/wp-content\/uploads\/2026\/03\/Selin-Hinterland-living-21.01.25-.jpg?resize=350%2C200&ssl=1 1x, https:\/\/i0.wp.com\/errr-magazine.com\/wp-content\/uploads\/2026\/03\/Selin-Hinterland-living-21.01.25-.jpg?resize=525%2C300&ssl=1 1.5x, https:\/\/i0.wp.com\/errr-magazine.com\/wp-content\/uploads\/2026\/03\/Selin-Hinterland-living-21.01.25-.jpg?resize=700%2C400&ssl=1 2x, https:\/\/i0.wp.com\/errr-magazine.com\/wp-content\/uploads\/2026\/03\/Selin-Hinterland-living-21.01.25-.jpg?resize=1050%2C600&ssl=1 3x, https:\/\/i0.wp.com\/errr-magazine.com\/wp-content\/uploads\/2026\/03\/Selin-Hinterland-living-21.01.25-.jpg?resize=1400%2C800&ssl=1 4x"},"classes":[]},{"id":205822,"url":"https:\/\/errr-magazine.com\/english\/el-arte-de-mirar-atras\/","url_meta":{"origin":203320,"position":3},"title":"The art of looking back","author":"Andr\u00e9s Belisario","date":"04\/29\/2026","format":false,"excerpt":"Scanning, cutting and labeling my negatives accurately acts as a bookend and sets me up for the next roll. The process resets me in a way I didn't expect, maybe it's the clarity that comes from looking around and taking stock of where you're at.","rel":"","context":"In &quot;Artes visuales&quot;","block_context":{"text":"Artes visuales","link":"https:\/\/errr-magazine.com\/english\/category\/interviews\/artes-visuales\/"},"img":{"alt_text":"","src":"https:\/\/i0.wp.com\/errr-magazine.com\/wp-content\/uploads\/2026\/04\/AB_ERR_Resized-3.jpg?resize=350%2C200&ssl=1","width":350,"height":200,"srcset":"https:\/\/i0.wp.com\/errr-magazine.com\/wp-content\/uploads\/2026\/04\/AB_ERR_Resized-3.jpg?resize=350%2C200&ssl=1 1x, https:\/\/i0.wp.com\/errr-magazine.com\/wp-content\/uploads\/2026\/04\/AB_ERR_Resized-3.jpg?resize=525%2C300&ssl=1 1.5x, https:\/\/i0.wp.com\/errr-magazine.com\/wp-content\/uploads\/2026\/04\/AB_ERR_Resized-3.jpg?resize=700%2C400&ssl=1 2x, https:\/\/i0.wp.com\/errr-magazine.com\/wp-content\/uploads\/2026\/04\/AB_ERR_Resized-3.jpg?resize=1050%2C600&ssl=1 3x, https:\/\/i0.wp.com\/errr-magazine.com\/wp-content\/uploads\/2026\/04\/AB_ERR_Resized-3.jpg?resize=1400%2C800&ssl=1 4x"},"classes":[]},{"id":203073,"url":"https:\/\/errr-magazine.com\/english\/abismo-de-terciopelo\/","url_meta":{"origin":203320,"position":4},"title":"Velvet Abyss","author":"Maria Dias","date":"03\/26\/2026","format":false,"excerpt":"I\u2019m interested in how images can inhabit space, how sequences are built, and how a book can function almost like a structure\u2014something you enter rather than scroll through.","rel":"","context":"In &quot;Artes visuales&quot;","block_context":{"text":"Artes visuales","link":"https:\/\/errr-magazine.com\/english\/category\/interviews\/artes-visuales\/"},"img":{"alt_text":"","src":"https:\/\/i0.wp.com\/errr-magazine.com\/wp-content\/uploads\/2026\/03\/Photo-03.02.2026-22-56-57-2-1-scaled.jpg?resize=350%2C200&ssl=1","width":350,"height":200,"srcset":"https:\/\/i0.wp.com\/errr-magazine.com\/wp-content\/uploads\/2026\/03\/Photo-03.02.2026-22-56-57-2-1-scaled.jpg?resize=350%2C200&ssl=1 1x, https:\/\/i0.wp.com\/errr-magazine.com\/wp-content\/uploads\/2026\/03\/Photo-03.02.2026-22-56-57-2-1-scaled.jpg?resize=525%2C300&ssl=1 1.5x, https:\/\/i0.wp.com\/errr-magazine.com\/wp-content\/uploads\/2026\/03\/Photo-03.02.2026-22-56-57-2-1-scaled.jpg?resize=700%2C400&ssl=1 2x, https:\/\/i0.wp.com\/errr-magazine.com\/wp-content\/uploads\/2026\/03\/Photo-03.02.2026-22-56-57-2-1-scaled.jpg?resize=1050%2C600&ssl=1 3x, https:\/\/i0.wp.com\/errr-magazine.com\/wp-content\/uploads\/2026\/03\/Photo-03.02.2026-22-56-57-2-1-scaled.jpg?resize=1400%2C800&ssl=1 4x"},"classes":[]},{"id":202022,"url":"https:\/\/errr-magazine.com\/english\/corteza\/","url_meta":{"origin":203320,"position":5},"title":"Corteza","author":"Corteza","date":"03\/09\/2026","format":false,"excerpt":"We never first thought about opening a business, but about creating a space where bread, conversation, and time could coexist naturally. Over time, Corteza became a kind of open house around the oven.","rel":"","context":"In &quot;Cafeterias y panader\u00edas&quot;","block_context":{"text":"Cafeterias y panader\u00edas","link":"https:\/\/errr-magazine.com\/english\/category\/places\/cafeterias-y-panaderias\/"},"img":{"alt_text":"","src":"https:\/\/i0.wp.com\/errr-magazine.com\/wp-content\/uploads\/2026\/03\/RLT03185-2-scaled.jpg?resize=350%2C200&ssl=1","width":350,"height":200,"srcset":"https:\/\/i0.wp.com\/errr-magazine.com\/wp-content\/uploads\/2026\/03\/RLT03185-2-scaled.jpg?resize=350%2C200&ssl=1 1x, https:\/\/i0.wp.com\/errr-magazine.com\/wp-content\/uploads\/2026\/03\/RLT03185-2-scaled.jpg?resize=525%2C300&ssl=1 1.5x, https:\/\/i0.wp.com\/errr-magazine.com\/wp-content\/uploads\/2026\/03\/RLT03185-2-scaled.jpg?resize=700%2C400&ssl=1 2x, https:\/\/i0.wp.com\/errr-magazine.com\/wp-content\/uploads\/2026\/03\/RLT03185-2-scaled.jpg?resize=1050%2C600&ssl=1 3x, https:\/\/i0.wp.com\/errr-magazine.com\/wp-content\/uploads\/2026\/03\/RLT03185-2-scaled.jpg?resize=1400%2C800&ssl=1 4x"},"classes":[]}],"jetpack_sharing_enabled":true,"mfb_rest_fields":["title","yoast_head","yoast_head_json","jetpack_featured_media_url","jetpack-related-posts","jetpack_sharing_enabled"],"_links":{"self":[{"href":"https:\/\/errr-magazine.com\/english\/wp-json\/wp\/v2\/posts\/203320","targetHints":{"allow":["GET"]}}],"collection":[{"href":"https:\/\/errr-magazine.com\/english\/wp-json\/wp\/v2\/posts"}],"about":[{"href":"https:\/\/errr-magazine.com\/english\/wp-json\/wp\/v2\/types\/post"}],"author":[{"embeddable":true,"href":"https:\/\/errr-magazine.com\/english\/wp-json\/wp\/v2\/users\/8376"}],"replies":[{"embeddable":true,"href":"https:\/\/errr-magazine.com\/english\/wp-json\/wp\/v2\/comments?post=203320"}],"version-history":[{"count":3,"href":"https:\/\/errr-magazine.com\/english\/wp-json\/wp\/v2\/posts\/203320\/revisions"}],"predecessor-version":[{"id":203453,"href":"https:\/\/errr-magazine.com\/english\/wp-json\/wp\/v2\/posts\/203320\/revisions\/203453"}],"wp:featuredmedia":[{"embeddable":true,"href":"https:\/\/errr-magazine.com\/english\/wp-json\/wp\/v2\/media\/203321"}],"wp:attachment":[{"href":"https:\/\/errr-magazine.com\/english\/wp-json\/wp\/v2\/media?parent=203320"}],"wp:term":[{"taxonomy":"category","embeddable":true,"href":"https:\/\/errr-magazine.com\/english\/wp-json\/wp\/v2\/categories?post=203320"},{"taxonomy":"post_tag","embeddable":true,"href":"https:\/\/errr-magazine.com\/english\/wp-json\/wp\/v2\/tags?post=203320"}],"curies":[{"name":"wp","href":"https:\/\/api.w.org\/{rel}","templated":true}]}}