{"id":202464,"date":"2026-03-16T11:00:00","date_gmt":"2026-03-16T17:00:00","guid":{"rendered":"https:\/\/errr-magazine.com\/?p=202464"},"modified":"2026-03-15T22:04:56","modified_gmt":"2026-03-16T04:04:56","slug":"pense-que-tenia-mas-tiempo","status":"publish","type":"post","link":"https:\/\/errr-magazine.com\/english\/pense-que-tenia-mas-tiempo\/","title":{"rendered":"I Thought I Had More Time"},"content":{"rendered":"<p><strong>What pieces or projects have you been working on lately?<\/strong><br>Lately I\u2019ve been working on a small but meaningful collection of black and white photographs from my first trip to the snow (the Victorian Alps in Australia, to be specific). They were shot on a cheap point-and-shoot camera and developed at <strong><a href=\"https:\/\/www.instagram.com\/fotofastfilm\/\">Fotofast<\/a><\/strong>, which suited the way I wanted to experience the trip.<\/p>\n\n\n\n<p>Alongside that, I\u2019ve been sharing amateur poetry from the archives of my iPhone Notes app. These are words that were never intended for an audience but feel important to share now. If you\u2019re interested in poems about sad-girl yearning and\/or the state of the world, I have started posting them at <strong><a href=\"https:\/\/www.instagram.com\/intentional.words\/\">Instagram<\/a><\/strong>. I\u2019ve also included some less recent photography work that (I think) complements the black and white images.<\/p>\n\n\n\n<figure class=\"wp-block-image size-large\"><img decoding=\"async\" width=\"1024\" height=\"679\" data-src=\"https:\/\/errr-magazine.com\/wp-content\/uploads\/2026\/03\/000044340010-1024x679.jpg\" alt=\"\" class=\"wp-image-202467 lazyload\" data-srcset=\"https:\/\/errr-magazine.com\/wp-content\/uploads\/2026\/03\/000044340010-1024x679.jpg 1024w, https:\/\/errr-magazine.com\/wp-content\/uploads\/2026\/03\/000044340010-300x199.jpg 300w, https:\/\/errr-magazine.com\/wp-content\/uploads\/2026\/03\/000044340010-768x509.jpg 768w, https:\/\/errr-magazine.com\/wp-content\/uploads\/2026\/03\/000044340010-1536x1018.jpg 1536w, https:\/\/errr-magazine.com\/wp-content\/uploads\/2026\/03\/000044340010-18x12.jpg 18w, https:\/\/errr-magazine.com\/wp-content\/uploads\/2026\/03\/000044340010.jpg 1565w\" data-sizes=\"(max-width: 1024px) 100vw, 1024px\" src=\"data:image\/svg+xml;base64,PHN2ZyB3aWR0aD0iMSIgaGVpZ2h0PSIxIiB4bWxucz0iaHR0cDovL3d3dy53My5vcmcvMjAwMC9zdmciPjwvc3ZnPg==\" style=\"--smush-placeholder-width: 1024px; --smush-placeholder-aspect-ratio: 1024\/679;\" \/><\/figure>\n\n\n\n<p><strong>What did you learn (or unlearn) while working on them?<\/strong><br>The Victorian Alps showed me that they are rugged and beautiful, but also confirmed that I could not live south of Sydney long-term due to my SAD diagnosis and how strongly the cold weather affected me. Being in the snow made me aware of how temporary the experience was.<\/p>\n\n\n\n<p>After the trip, my life changed in ways I did not expect, and I had to recontextualise the images through that shift. The brief snow season we experience in Australia became a quiet way of thinking about the nature of temporary connections, including the one with the person I went on that road trip with, who I have since parted ways with. On a lighter note, I also learned that people from Sydney are very bad drivers.<\/p>\n\n\n\n<figure class=\"wp-block-image size-large\"><img decoding=\"async\" width=\"678\" height=\"1024\" data-src=\"https:\/\/errr-magazine.com\/wp-content\/uploads\/2026\/03\/000044340023-678x1024.jpg\" alt=\"\" class=\"wp-image-202468 lazyload\" data-srcset=\"https:\/\/errr-magazine.com\/wp-content\/uploads\/2026\/03\/000044340023-678x1024.jpg 678w, https:\/\/errr-magazine.com\/wp-content\/uploads\/2026\/03\/000044340023-199x300.jpg 199w, https:\/\/errr-magazine.com\/wp-content\/uploads\/2026\/03\/000044340023-768x1159.jpg 768w, https:\/\/errr-magazine.com\/wp-content\/uploads\/2026\/03\/000044340023-8x12.jpg 8w, https:\/\/errr-magazine.com\/wp-content\/uploads\/2026\/03\/000044340023.jpg 975w\" data-sizes=\"(max-width: 678px) 100vw, 678px\" src=\"data:image\/svg+xml;base64,PHN2ZyB3aWR0aD0iMSIgaGVpZ2h0PSIxIiB4bWxucz0iaHR0cDovL3d3dy53My5vcmcvMjAwMC9zdmciPjwvc3ZnPg==\" style=\"--smush-placeholder-width: 678px; --smush-placeholder-aspect-ratio: 678\/1024;\" \/><\/figure>\n\n\n\n<p><strong>What words, ideas or emotions were going through your head?<\/strong><br>The words \u201cBoth things can be true at once\u201d bring me a strange kind of comfort in relation to these images. I can hold the childlike joy and novelty of seeing snow for the first time alongside the reality that I was also experiencing depression triggered by the cold and lack of sunlight. They exist together. That tension between joy and heaviness is an underlying part of the work, I think.<\/p>\n\n\n\n<figure class=\"wp-block-image size-large\"><img decoding=\"async\" width=\"679\" height=\"1024\" data-src=\"https:\/\/errr-magazine.com\/wp-content\/uploads\/2026\/03\/000058670035_0-679x1024.jpg\" alt=\"\" class=\"wp-image-202469 lazyload\" data-srcset=\"https:\/\/errr-magazine.com\/wp-content\/uploads\/2026\/03\/000058670035_0-679x1024.jpg 679w, https:\/\/errr-magazine.com\/wp-content\/uploads\/2026\/03\/000058670035_0-199x300.jpg 199w, https:\/\/errr-magazine.com\/wp-content\/uploads\/2026\/03\/000058670035_0-768x1159.jpg 768w, https:\/\/errr-magazine.com\/wp-content\/uploads\/2026\/03\/000058670035_0-1018x1536.jpg 1018w, https:\/\/errr-magazine.com\/wp-content\/uploads\/2026\/03\/000058670035_0-1357x2048.jpg 1357w, https:\/\/errr-magazine.com\/wp-content\/uploads\/2026\/03\/000058670035_0-8x12.jpg 8w, https:\/\/errr-magazine.com\/wp-content\/uploads\/2026\/03\/000058670035_0.jpg 1696w\" data-sizes=\"(max-width: 679px) 100vw, 679px\" src=\"data:image\/svg+xml;base64,PHN2ZyB3aWR0aD0iMSIgaGVpZ2h0PSIxIiB4bWxucz0iaHR0cDovL3d3dy53My5vcmcvMjAwMC9zdmciPjwvc3ZnPg==\" style=\"--smush-placeholder-width: 679px; --smush-placeholder-aspect-ratio: 679\/1024;\" \/><\/figure>\n\n\n\n<p><strong>Were there any conversations, movies, music, or books that made their way into that work?<\/strong><br>Music is inseparable from my creative tendencies and the way I experience aesthetic, so it definitely shaped how I remember the trip. If the snow trip had a soundtrack, it would include the songs \"Twilight Driving\" by <strong><a href=\"https:\/\/open.spotify.com\/artist\/3I3Fz1DeUY0icXFvOjbXm7?si=vRGVjVlSRPCt6p6tiSE5sA\">Methyl Ethyl<\/a><\/strong>, \u201cRoad Head\u201d by <strong><a href=\"https:\/\/open.spotify.com\/artist\/7MoIc5s9KXolCBH1fy9kkw?si=WJ3QMn0cSoi6UYzRU8y0_w\">Japanese Breakfast<\/a><\/strong> and \u201cMythological Beauty\u201d by <strong><a href=\"https:\/\/open.spotify.com\/artist\/5QdyldG4Fl4TPiOIeMNpBZ?si=bxkRcnKLSUehMkqoz1IR4w\">Big Thief<\/a><\/strong>.<\/p>\n\n\n\n<figure class=\"wp-block-image size-large\"><img decoding=\"async\" width=\"679\" height=\"1024\" data-src=\"https:\/\/errr-magazine.com\/wp-content\/uploads\/2026\/03\/000044340032-679x1024.jpg\" alt=\"\" class=\"wp-image-202470 lazyload\" data-srcset=\"https:\/\/errr-magazine.com\/wp-content\/uploads\/2026\/03\/000044340032-679x1024.jpg 679w, https:\/\/errr-magazine.com\/wp-content\/uploads\/2026\/03\/000044340032-199x300.jpg 199w, https:\/\/errr-magazine.com\/wp-content\/uploads\/2026\/03\/000044340032-768x1159.jpg 768w, https:\/\/errr-magazine.com\/wp-content\/uploads\/2026\/03\/000044340032-1018x1536.jpg 1018w, https:\/\/errr-magazine.com\/wp-content\/uploads\/2026\/03\/000044340032-8x12.jpg 8w, https:\/\/errr-magazine.com\/wp-content\/uploads\/2026\/03\/000044340032.jpg 1037w\" data-sizes=\"(max-width: 679px) 100vw, 679px\" src=\"data:image\/svg+xml;base64,PHN2ZyB3aWR0aD0iMSIgaGVpZ2h0PSIxIiB4bWxucz0iaHR0cDovL3d3dy53My5vcmcvMjAwMC9zdmciPjwvc3ZnPg==\" style=\"--smush-placeholder-width: 679px; --smush-placeholder-aspect-ratio: 679\/1024;\" \/><\/figure>\n\n\n\n<p><strong>What's been the most difficult thing you've faced recently in your creative process?<\/strong><br>The most difficult part was trying (and failing) to balance creative practice with my political organising work. Making room for both without neglecting either has been an ongoing challenge.<\/p>\n\n\n\n<figure class=\"wp-block-image size-large\"><img decoding=\"async\" width=\"1024\" height=\"679\" data-src=\"https:\/\/errr-magazine.com\/wp-content\/uploads\/2026\/03\/000067620016_19A-1024x679.jpg\" alt=\"\" class=\"wp-image-202471 lazyload\" data-srcset=\"https:\/\/errr-magazine.com\/wp-content\/uploads\/2026\/03\/000067620016_19A-1024x679.jpg 1024w, https:\/\/errr-magazine.com\/wp-content\/uploads\/2026\/03\/000067620016_19A-300x199.jpg 300w, https:\/\/errr-magazine.com\/wp-content\/uploads\/2026\/03\/000067620016_19A-768x509.jpg 768w, https:\/\/errr-magazine.com\/wp-content\/uploads\/2026\/03\/000067620016_19A-1536x1018.jpg 1536w, https:\/\/errr-magazine.com\/wp-content\/uploads\/2026\/03\/000067620016_19A-2048x1358.jpg 2048w, https:\/\/errr-magazine.com\/wp-content\/uploads\/2026\/03\/000067620016_19A-18x12.jpg 18w\" data-sizes=\"(max-width: 1024px) 100vw, 1024px\" src=\"data:image\/svg+xml;base64,PHN2ZyB3aWR0aD0iMSIgaGVpZ2h0PSIxIiB4bWxucz0iaHR0cDovL3d3dy53My5vcmcvMjAwMC9zdmciPjwvc3ZnPg==\" style=\"--smush-placeholder-width: 1024px; --smush-placeholder-aspect-ratio: 1024\/679;\" \/><\/figure>\n\n\n\n<p><strong>What is your favorite restaurant and what do you recommend we order?<\/strong><br><strong><a href=\"https:\/\/www.instagram.com\/vege_me\/\">Vege me<\/a><\/strong>in South Brisbane is a long-time favourite of mine, and I would recommend the radish cakes, especially if you are open to foods with unfamiliar textures!<\/p>\n\n\n\n<figure class=\"wp-block-image size-large\"><img decoding=\"async\" width=\"1024\" height=\"679\" data-src=\"https:\/\/errr-magazine.com\/wp-content\/uploads\/2026\/03\/000086520023_-1024x679.jpg\" alt=\"\" class=\"wp-image-202473 lazyload\" data-srcset=\"https:\/\/errr-magazine.com\/wp-content\/uploads\/2026\/03\/000086520023_-1024x679.jpg 1024w, https:\/\/errr-magazine.com\/wp-content\/uploads\/2026\/03\/000086520023_-300x199.jpg 300w, https:\/\/errr-magazine.com\/wp-content\/uploads\/2026\/03\/000086520023_-768x509.jpg 768w, https:\/\/errr-magazine.com\/wp-content\/uploads\/2026\/03\/000086520023_-1536x1018.jpg 1536w, https:\/\/errr-magazine.com\/wp-content\/uploads\/2026\/03\/000086520023_-2048x1358.jpg 2048w, https:\/\/errr-magazine.com\/wp-content\/uploads\/2026\/03\/000086520023_-18x12.jpg 18w\" data-sizes=\"(max-width: 1024px) 100vw, 1024px\" src=\"data:image\/svg+xml;base64,PHN2ZyB3aWR0aD0iMSIgaGVpZ2h0PSIxIiB4bWxucz0iaHR0cDovL3d3dy53My5vcmcvMjAwMC9zdmciPjwvc3ZnPg==\" style=\"--smush-placeholder-width: 1024px; --smush-placeholder-aspect-ratio: 1024\/679;\" \/><\/figure>\n\n\n\n<p><strong>If your life were a movie this month, what would it be called and who would write the soundtrack?<\/strong><br>The movie would probably be called <em>I Thought I Had More Time<\/em>. It\u2019s about juggling ADHD, shifting relationships, and saying yes too often. <strong><a href=\"https:\/\/letterboxd.com\/director\/emerald-fennell-1\/\">Emerald Fennell<\/a><\/strong> would curate the soundtrack.<\/p>\n\n\n\n<figure class=\"wp-block-image size-large\"><img decoding=\"async\" width=\"679\" height=\"1024\" data-src=\"https:\/\/errr-magazine.com\/wp-content\/uploads\/2026\/03\/000044340024-679x1024.jpg\" alt=\"\" class=\"wp-image-202472 lazyload\" data-srcset=\"https:\/\/errr-magazine.com\/wp-content\/uploads\/2026\/03\/000044340024-679x1024.jpg 679w, https:\/\/errr-magazine.com\/wp-content\/uploads\/2026\/03\/000044340024-199x300.jpg 199w, https:\/\/errr-magazine.com\/wp-content\/uploads\/2026\/03\/000044340024-768x1158.jpg 768w, https:\/\/errr-magazine.com\/wp-content\/uploads\/2026\/03\/000044340024-8x12.jpg 8w, https:\/\/errr-magazine.com\/wp-content\/uploads\/2026\/03\/000044340024.jpg 905w\" data-sizes=\"(max-width: 679px) 100vw, 679px\" src=\"data:image\/svg+xml;base64,PHN2ZyB3aWR0aD0iMSIgaGVpZ2h0PSIxIiB4bWxucz0iaHR0cDovL3d3dy53My5vcmcvMjAwMC9zdmciPjwvc3ZnPg==\" style=\"--smush-placeholder-width: 679px; --smush-placeholder-aspect-ratio: 679\/1024;\" \/><\/figure>\n\n\n\n<p><strong><strong>Recommend one or more artists you follow who inspire you, and tell us what you like most about their work or their way of working.<\/strong><\/strong><br>I\u2019ve recently discovered some incredibly talented, lesser-known artists on Instagram. Two Australian artists I want to shout out are <br><strong><a href=\"https:\/\/www.instagram.com\/the_collagery\/\">The Collagery<\/a><\/strong> and <strong><a href=\"https:\/\/letterboxd.com\/director\/emerald-fennell-1\/\">Eleanor Maree<\/a><\/strong>, both of whom create work that feels both familiar and strange. Lately I am also inspired by Canadian musician <strong><a href=\"https:\/\/www.instagram.com\/goldieboutilier\/\">Goldie<\/a><\/strong>; you should definitely listen to her new album!<\/p>\n\n\n\n<p><\/p>","protected":false},"excerpt":{"rendered":"<p>The brief snow season we experience in Australia became a quiet way of thinking about the nature of temporary connections, including the one with the person I went on that road trip with, who I have since parted ways with. <\/p>","protected":false},"author":8319,"featured_media":202466,"comment_status":"closed","ping_status":"closed","sticky":false,"template":"","format":"standard","meta":{"_acf_changed":false,"cybocfi_hide_featured_image":"","_jetpack_memberships_contains_paid_content":false,"footnotes":""},"categories":[17856],"tags":[],"class_list":["post-202464","post","type-post","status-publish","format-standard","has-post-thumbnail","hentry","category-artes-visuales"],"acf":[],"mb":[],"yoast_head":"<!-- This site is optimized with the Yoast SEO plugin v27.2 - https:\/\/yoast.com\/product\/yoast-seo-wordpress\/ -->\n<title>Pens\u00e9 que ten\u00eda m\u00e1s tiempo - ERRR MAGAZINE<\/title>\n<meta name=\"robots\" content=\"index, follow, max-snippet:-1, max-image-preview:large, max-video-preview:-1\" \/>\n<link rel=\"canonical\" href=\"https:\/\/errr-magazine.com\/english\/pense-que-tenia-mas-tiempo\/\" \/>\n<meta property=\"og:locale\" content=\"en_US\" \/>\n<meta property=\"og:type\" content=\"article\" \/>\n<meta property=\"og:title\" content=\"Pens\u00e9 que ten\u00eda m\u00e1s tiempo - ERRR MAGAZINE\" \/>\n<meta property=\"og:description\" content=\"La breve temporada de nieve que experimentamos en Australia se convirti\u00f3 en una forma silenciosa de pensar sobre la naturaleza de las conexiones temporales, incluida la que ten\u00eda con la persona con la que hice ese road trip y de quien desde entonces me he separado.\" \/>\n<meta property=\"og:url\" content=\"https:\/\/errr-magazine.com\/english\/pense-que-tenia-mas-tiempo\/\" \/>\n<meta property=\"og:site_name\" content=\"ERRR MAGAZINE\" \/>\n<meta property=\"article:published_time\" content=\"2026-03-16T17:00:00+00:00\" \/>\n<meta property=\"og:image\" content=\"https:\/\/errr-magazine.com\/wp-content\/uploads\/2026\/03\/000034590007_-scaled.jpg\" \/>\n\t<meta property=\"og:image:width\" content=\"1697\" \/>\n\t<meta property=\"og:image:height\" content=\"2560\" \/>\n\t<meta property=\"og:image:type\" content=\"image\/jpeg\" \/>\n<meta name=\"author\" content=\"Evie Tolo\" \/>\n<meta name=\"twitter:card\" content=\"summary_large_image\" \/>\n<meta name=\"twitter:label1\" content=\"Written by\" \/>\n\t<meta name=\"twitter:data1\" content=\"Evie Tolo\" \/>\n\t<meta name=\"twitter:label2\" content=\"Est. reading time\" \/>\n\t<meta name=\"twitter:data2\" content=\"5 minutes\" \/>\n<script type=\"application\/ld+json\" class=\"yoast-schema-graph\">{\"@context\":\"https:\/\/schema.org\",\"@graph\":[{\"@type\":\"Article\",\"@id\":\"https:\/\/errr-magazine.com\/pense-que-tenia-mas-tiempo\/#article\",\"isPartOf\":{\"@id\":\"https:\/\/errr-magazine.com\/pense-que-tenia-mas-tiempo\/\"},\"author\":{\"name\":\"Evie Tolo\",\"@id\":\"https:\/\/errr-magazine.com\/#\/schema\/person\/111ed40ea0c48ca5650e68d91ddd2bd7\"},\"headline\":\"Pens\u00e9 que ten\u00eda m\u00e1s tiempo\",\"datePublished\":\"2026-03-16T17:00:00+00:00\",\"mainEntityOfPage\":{\"@id\":\"https:\/\/errr-magazine.com\/pense-que-tenia-mas-tiempo\/\"},\"wordCount\":717,\"image\":{\"@id\":\"https:\/\/errr-magazine.com\/pense-que-tenia-mas-tiempo\/#primaryimage\"},\"thumbnailUrl\":\"https:\/\/errr-magazine.com\/wp-content\/uploads\/2026\/03\/000034590007_-scaled.jpg\",\"articleSection\":[\"Artes visuales\"],\"inLanguage\":\"en-US\"},{\"@type\":\"WebPage\",\"@id\":\"https:\/\/errr-magazine.com\/pense-que-tenia-mas-tiempo\/\",\"url\":\"https:\/\/errr-magazine.com\/pense-que-tenia-mas-tiempo\/\",\"name\":\"Pens\u00e9 que ten\u00eda m\u00e1s tiempo - ERRR MAGAZINE\",\"isPartOf\":{\"@id\":\"https:\/\/errr-magazine.com\/#website\"},\"primaryImageOfPage\":{\"@id\":\"https:\/\/errr-magazine.com\/pense-que-tenia-mas-tiempo\/#primaryimage\"},\"image\":{\"@id\":\"https:\/\/errr-magazine.com\/pense-que-tenia-mas-tiempo\/#primaryimage\"},\"thumbnailUrl\":\"https:\/\/errr-magazine.com\/wp-content\/uploads\/2026\/03\/000034590007_-scaled.jpg\",\"datePublished\":\"2026-03-16T17:00:00+00:00\",\"author\":{\"@id\":\"https:\/\/errr-magazine.com\/#\/schema\/person\/111ed40ea0c48ca5650e68d91ddd2bd7\"},\"breadcrumb\":{\"@id\":\"https:\/\/errr-magazine.com\/pense-que-tenia-mas-tiempo\/#breadcrumb\"},\"inLanguage\":\"en-US\",\"potentialAction\":[{\"@type\":\"ReadAction\",\"target\":[\"https:\/\/errr-magazine.com\/pense-que-tenia-mas-tiempo\/\"]}]},{\"@type\":\"ImageObject\",\"inLanguage\":\"en-US\",\"@id\":\"https:\/\/errr-magazine.com\/pense-que-tenia-mas-tiempo\/#primaryimage\",\"url\":\"https:\/\/errr-magazine.com\/wp-content\/uploads\/2026\/03\/000034590007_-scaled.jpg\",\"contentUrl\":\"https:\/\/errr-magazine.com\/wp-content\/uploads\/2026\/03\/000034590007_-scaled.jpg\",\"width\":1697,\"height\":2560},{\"@type\":\"BreadcrumbList\",\"@id\":\"https:\/\/errr-magazine.com\/pense-que-tenia-mas-tiempo\/#breadcrumb\",\"itemListElement\":[{\"@type\":\"ListItem\",\"position\":1,\"name\":\"Portada\",\"item\":\"https:\/\/errr-magazine.com\/\"},{\"@type\":\"ListItem\",\"position\":2,\"name\":\"Pens\u00e9 que ten\u00eda m\u00e1s tiempo\"}]},{\"@type\":\"WebSite\",\"@id\":\"https:\/\/errr-magazine.com\/#website\",\"url\":\"https:\/\/errr-magazine.com\/\",\"name\":\"ERRR MAGAZINE\",\"description\":\"\",\"potentialAction\":[{\"@type\":\"SearchAction\",\"target\":{\"@type\":\"EntryPoint\",\"urlTemplate\":\"https:\/\/errr-magazine.com\/?s={search_term_string}\"},\"query-input\":{\"@type\":\"PropertyValueSpecification\",\"valueRequired\":true,\"valueName\":\"search_term_string\"}}],\"inLanguage\":\"en-US\"},{\"@type\":\"Person\",\"@id\":\"https:\/\/errr-magazine.com\/#\/schema\/person\/111ed40ea0c48ca5650e68d91ddd2bd7\",\"name\":\"Evie Tolo\",\"image\":{\"@type\":\"ImageObject\",\"inLanguage\":\"en-US\",\"@id\":\"https:\/\/secure.gravatar.com\/avatar\/fb52cb3fcf11727e90b6885da6bf1f6a877a59f3b175796cb5f42e02d4a5e545?s=96&d=identicon&r=g\",\"url\":\"https:\/\/secure.gravatar.com\/avatar\/fb52cb3fcf11727e90b6885da6bf1f6a877a59f3b175796cb5f42e02d4a5e545?s=96&d=identicon&r=g\",\"contentUrl\":\"https:\/\/secure.gravatar.com\/avatar\/fb52cb3fcf11727e90b6885da6bf1f6a877a59f3b175796cb5f42e02d4a5e545?s=96&d=identicon&r=g\",\"caption\":\"Evie Tolo\"},\"description\":\"Aficionada a la fotograf\u00eda, la poes\u00eda y la m\u00fasica alternativa, originaria de Brisbane, Australia. Me atrae el arte que evoca una experiencia est\u00e9tica y el arte que busca transformar el mundo. \u00a1Tambi\u00e9n creo que el buen arte no siempre tiene que lograr ambas cosas!\",\"sameAs\":[\"https:\/\/www.instagram.com\/evie.to.lo\/\"],\"url\":\"https:\/\/errr-magazine.com\/english\/author\/evatolo97\/\"}]}<\/script>\n<!-- \/ Yoast SEO plugin. -->","yoast_head_json":{"title":"I Thought I Had More Time - ERRR MAGAZINE","robots":{"index":"index","follow":"follow","max-snippet":"max-snippet:-1","max-image-preview":"max-image-preview:large","max-video-preview":"max-video-preview:-1"},"canonical":"https:\/\/errr-magazine.com\/english\/pense-que-tenia-mas-tiempo\/","og_locale":"en_US","og_type":"article","og_title":"Pens\u00e9 que ten\u00eda m\u00e1s tiempo - ERRR MAGAZINE","og_description":"La breve temporada de nieve que experimentamos en Australia se convirti\u00f3 en una forma silenciosa de pensar sobre la naturaleza de las conexiones temporales, incluida la que ten\u00eda con la persona con la que hice ese road trip y de quien desde entonces me he separado.","og_url":"https:\/\/errr-magazine.com\/english\/pense-que-tenia-mas-tiempo\/","og_site_name":"ERRR MAGAZINE","article_published_time":"2026-03-16T17:00:00+00:00","og_image":[{"width":1697,"height":2560,"url":"https:\/\/errr-magazine.com\/wp-content\/uploads\/2026\/03\/000034590007_-scaled.jpg","type":"image\/jpeg"}],"author":"Evie Tolo","twitter_card":"summary_large_image","twitter_misc":{"Written by":"Evie Tolo","Est. reading time":"5 minutes"},"schema":{"@context":"https:\/\/schema.org","@graph":[{"@type":"Article","@id":"https:\/\/errr-magazine.com\/pense-que-tenia-mas-tiempo\/#article","isPartOf":{"@id":"https:\/\/errr-magazine.com\/pense-que-tenia-mas-tiempo\/"},"author":{"name":"Evie Tolo","@id":"https:\/\/errr-magazine.com\/#\/schema\/person\/111ed40ea0c48ca5650e68d91ddd2bd7"},"headline":"Pens\u00e9 que ten\u00eda m\u00e1s tiempo","datePublished":"2026-03-16T17:00:00+00:00","mainEntityOfPage":{"@id":"https:\/\/errr-magazine.com\/pense-que-tenia-mas-tiempo\/"},"wordCount":717,"image":{"@id":"https:\/\/errr-magazine.com\/pense-que-tenia-mas-tiempo\/#primaryimage"},"thumbnailUrl":"https:\/\/errr-magazine.com\/wp-content\/uploads\/2026\/03\/000034590007_-scaled.jpg","articleSection":["Artes visuales"],"inLanguage":"en-US"},{"@type":"WebPage","@id":"https:\/\/errr-magazine.com\/pense-que-tenia-mas-tiempo\/","url":"https:\/\/errr-magazine.com\/pense-que-tenia-mas-tiempo\/","name":"I Thought I Had More Time - ERRR MAGAZINE","isPartOf":{"@id":"https:\/\/errr-magazine.com\/#website"},"primaryImageOfPage":{"@id":"https:\/\/errr-magazine.com\/pense-que-tenia-mas-tiempo\/#primaryimage"},"image":{"@id":"https:\/\/errr-magazine.com\/pense-que-tenia-mas-tiempo\/#primaryimage"},"thumbnailUrl":"https:\/\/errr-magazine.com\/wp-content\/uploads\/2026\/03\/000034590007_-scaled.jpg","datePublished":"2026-03-16T17:00:00+00:00","author":{"@id":"https:\/\/errr-magazine.com\/#\/schema\/person\/111ed40ea0c48ca5650e68d91ddd2bd7"},"breadcrumb":{"@id":"https:\/\/errr-magazine.com\/pense-que-tenia-mas-tiempo\/#breadcrumb"},"inLanguage":"en-US","potentialAction":[{"@type":"ReadAction","target":["https:\/\/errr-magazine.com\/pense-que-tenia-mas-tiempo\/"]}]},{"@type":"ImageObject","inLanguage":"en-US","@id":"https:\/\/errr-magazine.com\/pense-que-tenia-mas-tiempo\/#primaryimage","url":"https:\/\/errr-magazine.com\/wp-content\/uploads\/2026\/03\/000034590007_-scaled.jpg","contentUrl":"https:\/\/errr-magazine.com\/wp-content\/uploads\/2026\/03\/000034590007_-scaled.jpg","width":1697,"height":2560},{"@type":"BreadcrumbList","@id":"https:\/\/errr-magazine.com\/pense-que-tenia-mas-tiempo\/#breadcrumb","itemListElement":[{"@type":"ListItem","position":1,"name":"Portada","item":"https:\/\/errr-magazine.com\/"},{"@type":"ListItem","position":2,"name":"Pens\u00e9 que ten\u00eda m\u00e1s tiempo"}]},{"@type":"WebSite","@id":"https:\/\/errr-magazine.com\/#website","url":"https:\/\/errr-magazine.com\/","name":"ERRR MAGAZINE","description":"","potentialAction":[{"@type":"SearchAction","target":{"@type":"EntryPoint","urlTemplate":"https:\/\/errr-magazine.com\/?s={search_term_string}"},"query-input":{"@type":"PropertyValueSpecification","valueRequired":true,"valueName":"search_term_string"}}],"inLanguage":"en-US"},{"@type":"Person","@id":"https:\/\/errr-magazine.com\/#\/schema\/person\/111ed40ea0c48ca5650e68d91ddd2bd7","name":"Evie Tolo","image":{"@type":"ImageObject","inLanguage":"en-US","@id":"https:\/\/secure.gravatar.com\/avatar\/fb52cb3fcf11727e90b6885da6bf1f6a877a59f3b175796cb5f42e02d4a5e545?s=96&d=identicon&r=g","url":"https:\/\/secure.gravatar.com\/avatar\/fb52cb3fcf11727e90b6885da6bf1f6a877a59f3b175796cb5f42e02d4a5e545?s=96&d=identicon&r=g","contentUrl":"https:\/\/secure.gravatar.com\/avatar\/fb52cb3fcf11727e90b6885da6bf1f6a877a59f3b175796cb5f42e02d4a5e545?s=96&d=identicon&r=g","caption":"Evie Tolo"},"description":"Amateur girl photographer, poet and alternative music fiend from Brisbane, Australia. I'm drawn to art that evokes an aesthetic experience and art that seeks to change the world. I also believe that good art doesn't always have to do both!","sameAs":["https:\/\/www.instagram.com\/evie.to.lo\/"],"url":"https:\/\/errr-magazine.com\/english\/author\/evatolo97\/"}]}},"jetpack_featured_media_url":"https:\/\/errr-magazine.com\/wp-content\/uploads\/2026\/03\/000034590007_-scaled.jpg","jetpack-related-posts":[{"id":200116,"url":"https:\/\/errr-magazine.com\/english\/la-grandeza-dentro-de-ti\/","url_meta":{"origin":202464,"position":0},"title":"The Greatness Within You","author":"Wendy Lupercio Garc\u00eda","date":"02\/21\/2026","format":false,"excerpt":"Every time I take a tool to shape an idea, it\u2019s a moment that makes me feel alive and aware of myself in the present. Also, dreaming of creating opens space for a world without limits, where perfection is precisely that because it is imperfect.","rel":"","context":"In &quot;Artes visuales&quot;","block_context":{"text":"Artes visuales","link":"https:\/\/errr-magazine.com\/english\/category\/interviews\/artes-visuales\/"},"img":{"alt_text":"","src":"https:\/\/i0.wp.com\/errr-magazine.com\/wp-content\/uploads\/2026\/02\/20251009_105705-scaled.jpg?resize=350%2C200&ssl=1","width":350,"height":200,"srcset":"https:\/\/i0.wp.com\/errr-magazine.com\/wp-content\/uploads\/2026\/02\/20251009_105705-scaled.jpg?resize=350%2C200&ssl=1 1x, https:\/\/i0.wp.com\/errr-magazine.com\/wp-content\/uploads\/2026\/02\/20251009_105705-scaled.jpg?resize=525%2C300&ssl=1 1.5x, https:\/\/i0.wp.com\/errr-magazine.com\/wp-content\/uploads\/2026\/02\/20251009_105705-scaled.jpg?resize=700%2C400&ssl=1 2x, https:\/\/i0.wp.com\/errr-magazine.com\/wp-content\/uploads\/2026\/02\/20251009_105705-scaled.jpg?resize=1050%2C600&ssl=1 3x, https:\/\/i0.wp.com\/errr-magazine.com\/wp-content\/uploads\/2026\/02\/20251009_105705-scaled.jpg?resize=1400%2C800&ssl=1 4x"},"classes":[]},{"id":204512,"url":"https:\/\/errr-magazine.com\/english\/the-power-of-uncertainty\/","url_meta":{"origin":202464,"position":1},"title":"The power of uncertainty","author":"Alina Ackwonu","date":"04\/18\/2026","format":false,"excerpt":"I am learning to take a step back, go for a walk or even sleep over a project. I'm learning to be more patient with things. To give projects space and time. But in the end it's such a balance you have to find in it. Some of my best work has been when I didn't overthink anything and just put myself out there.","rel":"","context":"In &quot;Artes visuales&quot;","block_context":{"text":"Artes visuales","link":"https:\/\/errr-magazine.com\/english\/category\/interviews\/artes-visuales\/"},"img":{"alt_text":"","src":"https:\/\/i0.wp.com\/errr-magazine.com\/wp-content\/uploads\/2026\/04\/IMG_3445-scaled.jpg?resize=350%2C200&ssl=1","width":350,"height":200,"srcset":"https:\/\/i0.wp.com\/errr-magazine.com\/wp-content\/uploads\/2026\/04\/IMG_3445-scaled.jpg?resize=350%2C200&ssl=1 1x, https:\/\/i0.wp.com\/errr-magazine.com\/wp-content\/uploads\/2026\/04\/IMG_3445-scaled.jpg?resize=525%2C300&ssl=1 1.5x, https:\/\/i0.wp.com\/errr-magazine.com\/wp-content\/uploads\/2026\/04\/IMG_3445-scaled.jpg?resize=700%2C400&ssl=1 2x, https:\/\/i0.wp.com\/errr-magazine.com\/wp-content\/uploads\/2026\/04\/IMG_3445-scaled.jpg?resize=1050%2C600&ssl=1 3x, https:\/\/i0.wp.com\/errr-magazine.com\/wp-content\/uploads\/2026\/04\/IMG_3445-scaled.jpg?resize=1400%2C800&ssl=1 4x"},"classes":[]},{"id":203140,"url":"https:\/\/errr-magazine.com\/english\/regresar-a-casa\/","url_meta":{"origin":202464,"position":2},"title":"Returning Home","author":"Emilia Ponce de Le\u00f3n","date":"03\/27\/2026","format":false,"excerpt":"A desire to see familiar places with fresh eyes, to honor imperfection, and to reconnect with the magic found in everyday life.","rel":"","context":"In &quot;Artes visuales&quot;","block_context":{"text":"Artes visuales","link":"https:\/\/errr-magazine.com\/english\/category\/interviews\/artes-visuales\/"},"img":{"alt_text":"","src":"https:\/\/i0.wp.com\/errr-magazine.com\/wp-content\/uploads\/2026\/03\/000038310018-1-scaled.jpg?resize=350%2C200&ssl=1","width":350,"height":200,"srcset":"https:\/\/i0.wp.com\/errr-magazine.com\/wp-content\/uploads\/2026\/03\/000038310018-1-scaled.jpg?resize=350%2C200&ssl=1 1x, https:\/\/i0.wp.com\/errr-magazine.com\/wp-content\/uploads\/2026\/03\/000038310018-1-scaled.jpg?resize=525%2C300&ssl=1 1.5x, https:\/\/i0.wp.com\/errr-magazine.com\/wp-content\/uploads\/2026\/03\/000038310018-1-scaled.jpg?resize=700%2C400&ssl=1 2x, https:\/\/i0.wp.com\/errr-magazine.com\/wp-content\/uploads\/2026\/03\/000038310018-1-scaled.jpg?resize=1050%2C600&ssl=1 3x, https:\/\/i0.wp.com\/errr-magazine.com\/wp-content\/uploads\/2026\/03\/000038310018-1-scaled.jpg?resize=1400%2C800&ssl=1 4x"},"classes":[]},{"id":193082,"url":"https:\/\/errr-magazine.com\/english\/los-tres-bandidos-y-la-nahuala-del-rio\/","url_meta":{"origin":202464,"position":3},"title":"Los tres bandidos y la nahuala del r\u00edo","author":"Mauricio Padilla","date":"09\/17\/2025","format":false,"excerpt":"Cada viaje aprendo algo nuevo, desde una receta de cocina, hasta temas m\u00e1s complejos. Por decir alguna, ahora s\u00e9 sobre el deporte del rodeo, que comparte cosas con la charreada, pero definitivamente es como se acostumbra en el norte de M\u00e9xico y el sur del gabacho.","rel":"","context":"In &quot;Artes visuales&quot;","block_context":{"text":"Artes visuales","link":"https:\/\/errr-magazine.com\/english\/category\/interviews\/artes-visuales\/"},"img":{"alt_text":"","src":"https:\/\/i0.wp.com\/errr-magazine.com\/wp-content\/uploads\/2025\/09\/Foto-3-scaled.jpg?resize=350%2C200&ssl=1","width":350,"height":200,"srcset":"https:\/\/i0.wp.com\/errr-magazine.com\/wp-content\/uploads\/2025\/09\/Foto-3-scaled.jpg?resize=350%2C200&ssl=1 1x, https:\/\/i0.wp.com\/errr-magazine.com\/wp-content\/uploads\/2025\/09\/Foto-3-scaled.jpg?resize=525%2C300&ssl=1 1.5x, https:\/\/i0.wp.com\/errr-magazine.com\/wp-content\/uploads\/2025\/09\/Foto-3-scaled.jpg?resize=700%2C400&ssl=1 2x, https:\/\/i0.wp.com\/errr-magazine.com\/wp-content\/uploads\/2025\/09\/Foto-3-scaled.jpg?resize=1050%2C600&ssl=1 3x, https:\/\/i0.wp.com\/errr-magazine.com\/wp-content\/uploads\/2025\/09\/Foto-3-scaled.jpg?resize=1400%2C800&ssl=1 4x"},"classes":[]},{"id":196808,"url":"https:\/\/errr-magazine.com\/english\/ma\/","url_meta":{"origin":202464,"position":4},"title":"Ma","author":"Mario V\u00e1zquez","date":"01\/04\/2026","format":false,"excerpt":"I believe that to be a good photographer, it's important to live; it's not about shooting all the time, it's important to experience new things and thus open yourself to new perspectives. From time to time, in these spaces, I feel the urge to shoot, to create, but without haste, simply because life allows it.","rel":"","context":"In &quot;Artes visuales&quot;","block_context":{"text":"Artes visuales","link":"https:\/\/errr-magazine.com\/english\/category\/interviews\/artes-visuales\/"},"img":{"alt_text":"","src":"https:\/\/i0.wp.com\/errr-magazine.com\/wp-content\/uploads\/2026\/01\/MarioVazz-Errr-7-scaled.jpg?resize=350%2C200&ssl=1","width":350,"height":200,"srcset":"https:\/\/i0.wp.com\/errr-magazine.com\/wp-content\/uploads\/2026\/01\/MarioVazz-Errr-7-scaled.jpg?resize=350%2C200&ssl=1 1x, https:\/\/i0.wp.com\/errr-magazine.com\/wp-content\/uploads\/2026\/01\/MarioVazz-Errr-7-scaled.jpg?resize=525%2C300&ssl=1 1.5x, https:\/\/i0.wp.com\/errr-magazine.com\/wp-content\/uploads\/2026\/01\/MarioVazz-Errr-7-scaled.jpg?resize=700%2C400&ssl=1 2x, https:\/\/i0.wp.com\/errr-magazine.com\/wp-content\/uploads\/2026\/01\/MarioVazz-Errr-7-scaled.jpg?resize=1050%2C600&ssl=1 3x, https:\/\/i0.wp.com\/errr-magazine.com\/wp-content\/uploads\/2026\/01\/MarioVazz-Errr-7-scaled.jpg?resize=1400%2C800&ssl=1 4x"},"classes":[]},{"id":202733,"url":"https:\/\/errr-magazine.com\/english\/invierno-britanico\/","url_meta":{"origin":202464,"position":5},"title":"British Winter","author":"Harry Stamatov","date":"03\/21\/2026","format":false,"excerpt":"I\u2019m drawn to the collaborative nature of lifestyle, portrait and brand projects, and the process of developing ideas together. Turning an idea into visuals that evoke feelings and tell a story is what I find most fulfilling.","rel":"","context":"In &quot;Artes visuales&quot;","block_context":{"text":"Artes visuales","link":"https:\/\/errr-magazine.com\/english\/category\/interviews\/artes-visuales\/"},"img":{"alt_text":"","src":"https:\/\/i0.wp.com\/errr-magazine.com\/wp-content\/uploads\/2026\/03\/Selin-Hinterland-living-21.01.25-.jpg?resize=350%2C200&ssl=1","width":350,"height":200,"srcset":"https:\/\/i0.wp.com\/errr-magazine.com\/wp-content\/uploads\/2026\/03\/Selin-Hinterland-living-21.01.25-.jpg?resize=350%2C200&ssl=1 1x, https:\/\/i0.wp.com\/errr-magazine.com\/wp-content\/uploads\/2026\/03\/Selin-Hinterland-living-21.01.25-.jpg?resize=525%2C300&ssl=1 1.5x, https:\/\/i0.wp.com\/errr-magazine.com\/wp-content\/uploads\/2026\/03\/Selin-Hinterland-living-21.01.25-.jpg?resize=700%2C400&ssl=1 2x, https:\/\/i0.wp.com\/errr-magazine.com\/wp-content\/uploads\/2026\/03\/Selin-Hinterland-living-21.01.25-.jpg?resize=1050%2C600&ssl=1 3x, https:\/\/i0.wp.com\/errr-magazine.com\/wp-content\/uploads\/2026\/03\/Selin-Hinterland-living-21.01.25-.jpg?resize=1400%2C800&ssl=1 4x"},"classes":[]}],"jetpack_sharing_enabled":true,"mfb_rest_fields":["title","yoast_head","yoast_head_json","jetpack_featured_media_url","jetpack-related-posts","jetpack_sharing_enabled"],"_links":{"self":[{"href":"https:\/\/errr-magazine.com\/english\/wp-json\/wp\/v2\/posts\/202464","targetHints":{"allow":["GET"]}}],"collection":[{"href":"https:\/\/errr-magazine.com\/english\/wp-json\/wp\/v2\/posts"}],"about":[{"href":"https:\/\/errr-magazine.com\/english\/wp-json\/wp\/v2\/types\/post"}],"author":[{"embeddable":true,"href":"https:\/\/errr-magazine.com\/english\/wp-json\/wp\/v2\/users\/8319"}],"replies":[{"embeddable":true,"href":"https:\/\/errr-magazine.com\/english\/wp-json\/wp\/v2\/comments?post=202464"}],"version-history":[{"count":1,"href":"https:\/\/errr-magazine.com\/english\/wp-json\/wp\/v2\/posts\/202464\/revisions"}],"predecessor-version":[{"id":202474,"href":"https:\/\/errr-magazine.com\/english\/wp-json\/wp\/v2\/posts\/202464\/revisions\/202474"}],"wp:featuredmedia":[{"embeddable":true,"href":"https:\/\/errr-magazine.com\/english\/wp-json\/wp\/v2\/media\/202466"}],"wp:attachment":[{"href":"https:\/\/errr-magazine.com\/english\/wp-json\/wp\/v2\/media?parent=202464"}],"wp:term":[{"taxonomy":"category","embeddable":true,"href":"https:\/\/errr-magazine.com\/english\/wp-json\/wp\/v2\/categories?post=202464"},{"taxonomy":"post_tag","embeddable":true,"href":"https:\/\/errr-magazine.com\/english\/wp-json\/wp\/v2\/tags?post=202464"}],"curies":[{"name":"wp","href":"https:\/\/api.w.org\/{rel}","templated":true}]}}