{"id":201531,"date":"2026-03-07T11:00:00","date_gmt":"2026-03-07T17:00:00","guid":{"rendered":"https:\/\/errr-magazine.com\/?p=201531"},"modified":"2026-03-06T13:44:19","modified_gmt":"2026-03-06T19:44:19","slug":"las-cenizas-vuelan","status":"publish","type":"post","link":"https:\/\/errr-magazine.com\/english\/las-cenizas-vuelan\/","title":{"rendered":"The Ashes Fly"},"content":{"rendered":"<p><strong>What pieces or projects have you been working on lately?<\/strong><br>I\u2019m currently working with three very important people in my life in a creative studio called <strong><a href=\"https:\/\/www.instagram.com\/quincunce.co\/\">Quincunce<\/a><\/strong>. We\u2019re in a development phase, beginning with the creation of our identity and seeking to define what we want to be within the art world.<\/p>\n\n\n\n<p>On a personal level, I\u2019ve been taking photographs for over ten years; however, once I began working with analog photography, I gave my work a sense of pursuit. Everything I photographed became a constant questioning of belonging, identity, and the simple act of existing and \u201cbeing.\u201d<\/p>\n\n\n\n<p>This process gradually led me toward a search for myself. By observing, I noticed how easily people coexist, without discomfort or fear of the social environment; people simply exist, naturally. In contrast, I felt that I lacked that sense of existence and failed when trying to embody it, so my photographs became a longing for a meaningful existence.<\/p>\n\n\n\n<p>I\u2019m currently at a stage in my project where I\u2019m trying to connect all those past years into a kind of visual thesis, gathering everything I\u2019ve learned throughout my personal journey. Beyond being a project for others\u2019 contemplation, it has been a learning process that became embedded in me. In an empirical way, I collected knowledge that helped me survive difficult circumstances that have emotionally overwhelmed me.<\/p>\n\n\n\n<figure class=\"wp-block-image size-large\"><img decoding=\"async\" width=\"1024\" height=\"682\" data-src=\"https:\/\/errr-magazine.com\/wp-content\/uploads\/2026\/03\/Foto-29-01-26-10-31-30-pm-6-1024x682.jpg\" alt=\"\" class=\"wp-image-201534 lazyload\" data-srcset=\"https:\/\/errr-magazine.com\/wp-content\/uploads\/2026\/03\/Foto-29-01-26-10-31-30-pm-6-1024x682.jpg 1024w, https:\/\/errr-magazine.com\/wp-content\/uploads\/2026\/03\/Foto-29-01-26-10-31-30-pm-6-300x200.jpg 300w, https:\/\/errr-magazine.com\/wp-content\/uploads\/2026\/03\/Foto-29-01-26-10-31-30-pm-6-768x512.jpg 768w, https:\/\/errr-magazine.com\/wp-content\/uploads\/2026\/03\/Foto-29-01-26-10-31-30-pm-6-18x12.jpg 18w, https:\/\/errr-magazine.com\/wp-content\/uploads\/2026\/03\/Foto-29-01-26-10-31-30-pm-6.jpg 1415w\" data-sizes=\"(max-width: 1024px) 100vw, 1024px\" src=\"data:image\/svg+xml;base64,PHN2ZyB3aWR0aD0iMSIgaGVpZ2h0PSIxIiB4bWxucz0iaHR0cDovL3d3dy53My5vcmcvMjAwMC9zdmciPjwvc3ZnPg==\" style=\"--smush-placeholder-width: 1024px; --smush-placeholder-aspect-ratio: 1024\/682;\" \/><\/figure>\n\n\n\n<p><strong>What did you learn (or unlearn) while working on them?<\/strong><br>At first, I believed that the only photographs capable of communicating something \u2014 of holding depth or carrying the weight of a story \u2014 were those that involved people. However, I began to notice that everything around us says something.<\/p>\n\n\n\n<p>A few years ago, I had the opportunity to visit the town where I was born. Seeing houses still uninhabited, I reflected on how observing them stirred hidden feelings in me that I couldn\u2019t clearly identify, yet they were entirely palpable. They weren\u2019t abandoned; there was simply no longer a human life present. What was curious is that the identity of that place had not lost its essence.<\/p>\n\n\n\n<p>From that moment on, my perspective expanded. My eyes no longer captured only people, but also the way their identities remain within the spaces they inhabit and within those around them.<\/p>\n\n\n\n<p>I unlearned how to observe in order to learn how to see again.<\/p>\n\n\n\n<figure class=\"wp-block-image size-large\"><img decoding=\"async\" width=\"1024\" height=\"682\" data-src=\"https:\/\/errr-magazine.com\/wp-content\/uploads\/2026\/03\/Foto-29-01-26-10-31-30-pm-3-1024x682.jpg\" alt=\"\" class=\"wp-image-201535 lazyload\" data-srcset=\"https:\/\/errr-magazine.com\/wp-content\/uploads\/2026\/03\/Foto-29-01-26-10-31-30-pm-3-1024x682.jpg 1024w, https:\/\/errr-magazine.com\/wp-content\/uploads\/2026\/03\/Foto-29-01-26-10-31-30-pm-3-300x200.jpg 300w, https:\/\/errr-magazine.com\/wp-content\/uploads\/2026\/03\/Foto-29-01-26-10-31-30-pm-3-768x512.jpg 768w, https:\/\/errr-magazine.com\/wp-content\/uploads\/2026\/03\/Foto-29-01-26-10-31-30-pm-3-18x12.jpg 18w, https:\/\/errr-magazine.com\/wp-content\/uploads\/2026\/03\/Foto-29-01-26-10-31-30-pm-3.jpg 1409w\" data-sizes=\"(max-width: 1024px) 100vw, 1024px\" src=\"data:image\/svg+xml;base64,PHN2ZyB3aWR0aD0iMSIgaGVpZ2h0PSIxIiB4bWxucz0iaHR0cDovL3d3dy53My5vcmcvMjAwMC9zdmciPjwvc3ZnPg==\" style=\"--smush-placeholder-width: 1024px; --smush-placeholder-aspect-ratio: 1024\/682;\" \/><\/figure>\n\n\n\n<p><strong>Were there any conversations, movies, music, or books that made their way into that work?<\/strong><br>There is a short film, a movie, a song, and a poem that I feel somehow intersected with my work.<\/p>\n\n\n\n<p>The short film is <em><strong><a href=\"https:\/\/letterboxd.com\/film\/persona-2019\/\">Persona: Walking at Night<\/a><\/strong><\/em> by Kim Jong-kwan. It tells the story of a young woman who reunites in a dream with her former partner to say goodbye one last time, as she had died days earlier. I connected deeply with a line in the script where she says: \u201cDreams and death lead nowhere; they end in nothingness and fall into oblivion. We are here, but no one will remember us. Everything has disappeared and only the night remains. Goodbye.\u201d<\/p>\n\n\n\n<p>The film is <strong><em><a href=\"https:\/\/letterboxd.com\/film\/memoir-of-a-snail\/\">Memoir of a Snail<\/a><\/em><\/strong>by Adam Elliot. This work captures a profoundly human quality that continues to amaze me to this day: resilience. It\u2019s something I\u2019ve witnessed in many people around me and in those I\u2019ve photographed.<\/p>\n\n\n\n<p>The song \"Class of 2013\" by <strong><a href=\"https:\/\/open.spotify.com\/artist\/2uYWxilOVlUdk4oV9DvwqK?si=vtW0Brb2SoKanjVxGMRcsg\">Mitski<\/a><\/strong>speaks about continuing to dream despite the trail of exhaustion it leaves behind. I felt it was deeply personal the first time I heard it; however, whenever I had a profound conversation with someone, I felt accompanied and came to understand the immense complexity within people \u2014 so much chaos, and yet there is always a warm glimmer of light that pushes us to keep dreaming.<\/p>\n\n\n\n<p>Lastly, a poem by <strong><a href=\"https:\/\/www.goodreads.com\/author\/show\/112534.Alejandra_Pizarnik\">Alejandra Pizarnik<\/a><\/strong>, taken from her diaries:<\/p>\n\n\n\n<p class=\"has-text-align-left\"><em>I inhabit the moon with frenzy. I am not afraid of dying; I am afraid of this foreign, aggressive earth\u2026 I cannot think about concrete things; they do not interest me. I do not know how to speak like everyone else. My words are strange and come from afar, from where it is not, from encounters with no one\u2026<\/em><\/p>\n\n\n\n<p>This fragment deeply relates to my interest in understanding the vastness of this world and the people who inhabit it.<\/p>\n\n\n\n<figure class=\"wp-block-image size-large\"><img decoding=\"async\" width=\"1024\" height=\"684\" data-src=\"https:\/\/errr-magazine.com\/wp-content\/uploads\/2026\/03\/Foto-29-01-26-10-31-30-pm-4-1024x684.jpg\" alt=\"\" class=\"wp-image-201536 lazyload\" data-srcset=\"https:\/\/errr-magazine.com\/wp-content\/uploads\/2026\/03\/Foto-29-01-26-10-31-30-pm-4-1024x684.jpg 1024w, https:\/\/errr-magazine.com\/wp-content\/uploads\/2026\/03\/Foto-29-01-26-10-31-30-pm-4-300x200.jpg 300w, https:\/\/errr-magazine.com\/wp-content\/uploads\/2026\/03\/Foto-29-01-26-10-31-30-pm-4-768x513.jpg 768w, https:\/\/errr-magazine.com\/wp-content\/uploads\/2026\/03\/Foto-29-01-26-10-31-30-pm-4-18x12.jpg 18w, https:\/\/errr-magazine.com\/wp-content\/uploads\/2026\/03\/Foto-29-01-26-10-31-30-pm-4.jpg 1414w\" data-sizes=\"(max-width: 1024px) 100vw, 1024px\" src=\"data:image\/svg+xml;base64,PHN2ZyB3aWR0aD0iMSIgaGVpZ2h0PSIxIiB4bWxucz0iaHR0cDovL3d3dy53My5vcmcvMjAwMC9zdmciPjwvc3ZnPg==\" style=\"--smush-placeholder-width: 1024px; --smush-placeholder-aspect-ratio: 1024\/684;\" \/><\/figure>\n\n\n\n<p><strong>What's been the most difficult thing you've faced recently in your creative process?<\/strong><br>The pressure I place on myself has left traces of creative block and ideas that, when overthought, end up becoming abandoned projects or thoughts suspended in the air. I believe the hardest part has been continuing to trust my mind to generate new ideas and to stop distrusting the ones that already exist.<\/p>\n\n\n\n<p>I also feel that the world runs while I barely walk. I\u2019m a very anxious person, and time is a factor that constantly keeps me rushing. Sometimes it overwhelms me to have so many things to do, but when I manage to organize my thoughts, little by little I begin to flow creatively again.<\/p>\n\n\n\n<figure class=\"wp-block-image size-large\"><img decoding=\"async\" width=\"1024\" height=\"679\" data-src=\"https:\/\/errr-magazine.com\/wp-content\/uploads\/2026\/03\/Foto-29-01-26-10-31-30-pm-13-1024x679.jpg\" alt=\"\" class=\"wp-image-201540 lazyload\" data-srcset=\"https:\/\/errr-magazine.com\/wp-content\/uploads\/2026\/03\/Foto-29-01-26-10-31-30-pm-13-1024x679.jpg 1024w, https:\/\/errr-magazine.com\/wp-content\/uploads\/2026\/03\/Foto-29-01-26-10-31-30-pm-13-300x199.jpg 300w, https:\/\/errr-magazine.com\/wp-content\/uploads\/2026\/03\/Foto-29-01-26-10-31-30-pm-13-768x509.jpg 768w, https:\/\/errr-magazine.com\/wp-content\/uploads\/2026\/03\/Foto-29-01-26-10-31-30-pm-13-18x12.jpg 18w, https:\/\/errr-magazine.com\/wp-content\/uploads\/2026\/03\/Foto-29-01-26-10-31-30-pm-13.jpg 1500w\" data-sizes=\"(max-width: 1024px) 100vw, 1024px\" src=\"data:image\/svg+xml;base64,PHN2ZyB3aWR0aD0iMSIgaGVpZ2h0PSIxIiB4bWxucz0iaHR0cDovL3d3dy53My5vcmcvMjAwMC9zdmciPjwvc3ZnPg==\" style=\"--smush-placeholder-width: 1024px; --smush-placeholder-aspect-ratio: 1024\/679;\" \/><\/figure>\n\n\n\n<p><strong>What is your favorite restaurant and what do you recommend we order?<\/strong><br>I\u2019m quite unstable when it comes to having favorite places, since I tend to change them often. Currently, one of my favorite spots isn\u2019t a restaurant but a caf\u00e9 called <strong><a href=\"https:\/\/www.instagram.com\/rolandcoffeebar\/\">Roland<\/a><\/strong>. It may sound unusual, but you won\u2019t regret it: I always order the jamaica bajo cero\u2014a cold brew with hibiscus concentrate. Whenever I\u2019m in Barrio Antiguo, I almost always make it a mandatory stop. As a bonus, everyone who works there is incredibly kind.<\/p>\n\n\n\n<figure class=\"wp-block-image size-large\"><img decoding=\"async\" width=\"1024\" height=\"681\" data-src=\"https:\/\/errr-magazine.com\/wp-content\/uploads\/2026\/03\/Foto-29-01-26-10-31-30-pm-8-1024x681.jpg\" alt=\"\" class=\"wp-image-201533 lazyload\" data-srcset=\"https:\/\/errr-magazine.com\/wp-content\/uploads\/2026\/03\/Foto-29-01-26-10-31-30-pm-8-1024x681.jpg 1024w, https:\/\/errr-magazine.com\/wp-content\/uploads\/2026\/03\/Foto-29-01-26-10-31-30-pm-8-300x199.jpg 300w, https:\/\/errr-magazine.com\/wp-content\/uploads\/2026\/03\/Foto-29-01-26-10-31-30-pm-8-768x511.jpg 768w, https:\/\/errr-magazine.com\/wp-content\/uploads\/2026\/03\/Foto-29-01-26-10-31-30-pm-8-18x12.jpg 18w, https:\/\/errr-magazine.com\/wp-content\/uploads\/2026\/03\/Foto-29-01-26-10-31-30-pm-8.jpg 1429w\" data-sizes=\"(max-width: 1024px) 100vw, 1024px\" src=\"data:image\/svg+xml;base64,PHN2ZyB3aWR0aD0iMSIgaGVpZ2h0PSIxIiB4bWxucz0iaHR0cDovL3d3dy53My5vcmcvMjAwMC9zdmciPjwvc3ZnPg==\" style=\"--smush-placeholder-width: 1024px; --smush-placeholder-aspect-ratio: 1024\/681;\" \/><\/figure>\n\n\n\n<p><strong>If your life were a movie this month, what would it be called and who would write the soundtrack?<\/strong><br>I think it would be called <em>The Ashes Fly<\/em> , and the soundtrack would be created by <strong><a href=\"https:\/\/open.spotify.com\/artist\/00FQb4jTyendYWaN8pK0wa?si=mQtAl9MGTJqPfm8FrrZqTA\">Lana del Rey<\/a><\/strong>.<\/p>\n\n\n\n<figure class=\"wp-block-image size-large\"><img decoding=\"async\" width=\"679\" height=\"1024\" data-src=\"https:\/\/errr-magazine.com\/wp-content\/uploads\/2026\/03\/Foto-29-01-26-10-31-30-pm-14-679x1024.jpg\" alt=\"\" class=\"wp-image-201539 lazyload\" data-srcset=\"https:\/\/errr-magazine.com\/wp-content\/uploads\/2026\/03\/Foto-29-01-26-10-31-30-pm-14-679x1024.jpg 679w, https:\/\/errr-magazine.com\/wp-content\/uploads\/2026\/03\/Foto-29-01-26-10-31-30-pm-14-199x300.jpg 199w, https:\/\/errr-magazine.com\/wp-content\/uploads\/2026\/03\/Foto-29-01-26-10-31-30-pm-14-768x1159.jpg 768w, https:\/\/errr-magazine.com\/wp-content\/uploads\/2026\/03\/Foto-29-01-26-10-31-30-pm-14-1018x1536.jpg 1018w, https:\/\/errr-magazine.com\/wp-content\/uploads\/2026\/03\/Foto-29-01-26-10-31-30-pm-14-8x12.jpg 8w, https:\/\/errr-magazine.com\/wp-content\/uploads\/2026\/03\/Foto-29-01-26-10-31-30-pm-14.jpg 1054w\" data-sizes=\"(max-width: 679px) 100vw, 679px\" src=\"data:image\/svg+xml;base64,PHN2ZyB3aWR0aD0iMSIgaGVpZ2h0PSIxIiB4bWxucz0iaHR0cDovL3d3dy53My5vcmcvMjAwMC9zdmciPjwvc3ZnPg==\" style=\"--smush-placeholder-width: 679px; --smush-placeholder-aspect-ratio: 679\/1024;\" \/><\/figure>\n\n\n\n<p><strong>Recommend one or more artists you follow who inspire you, and tell us what you like most about their work or their way of working.<br><\/strong>The works of <strong><a href=\"https:\/\/www.instagram.com\/petrafcollins\/\">Petra Collins<\/a><\/strong>, <strong><a href=\"https:\/\/www.instagram.com\/carlosdemanuell\/\">Carlos Manuel <\/a><\/strong>and <strong><a href=\"https:\/\/www.instagram.com\/jc____b\/\">Juan Carlos Beltr\u00e1n<\/a><\/strong> have inspired me the most. I consider their work to be extremely refined \u2014 from their framing, their use of color, and the contrasts when they work in black and white, to the emotion they convey and everything they manage to communicate in a single photograph. Their way of working feels creative, natural, and guided by impeccable direction.<\/p>\n\n\n\n<p><\/p>","protected":false},"excerpt":{"rendered":"<p>Once I began working with analog photography, I gave my work a sense of pursuit. Everything I photographed became a constant questioning of belonging, identity, and the simple act of existing and \u201cbeing.\u201d<\/p>","protected":false},"author":8276,"featured_media":201537,"comment_status":"closed","ping_status":"closed","sticky":false,"template":"","format":"standard","meta":{"_acf_changed":false,"cybocfi_hide_featured_image":"","_jetpack_memberships_contains_paid_content":false,"footnotes":""},"categories":[17856],"tags":[],"class_list":["post-201531","post","type-post","status-publish","format-standard","has-post-thumbnail","hentry","category-artes-visuales"],"acf":[],"mb":[],"yoast_head":"<!-- This site is optimized with the Yoast SEO plugin v27.2 - https:\/\/yoast.com\/product\/yoast-seo-wordpress\/ -->\n<title>Las cenizas vuelan - ERRR MAGAZINE<\/title>\n<meta name=\"robots\" content=\"index, follow, max-snippet:-1, max-image-preview:large, max-video-preview:-1\" \/>\n<link rel=\"canonical\" href=\"https:\/\/errr-magazine.com\/english\/las-cenizas-vuelan\/\" \/>\n<meta property=\"og:locale\" content=\"en_US\" \/>\n<meta property=\"og:type\" content=\"article\" \/>\n<meta property=\"og:title\" content=\"Las cenizas vuelan - ERRR MAGAZINE\" \/>\n<meta property=\"og:description\" content=\"A partir de que comenc\u00e9 en la fotograf\u00eda anal\u00f3gica le di un sentido de b\u00fasqueda a mi trabajo, donde todo lo que fotografiaba se volvi\u00f3 un cuestionamiento constante sobre la pertenencia, la identidad y el simple hecho de existir y \u201cser\u201d.\" \/>\n<meta property=\"og:url\" content=\"https:\/\/errr-magazine.com\/english\/las-cenizas-vuelan\/\" \/>\n<meta property=\"og:site_name\" content=\"ERRR MAGAZINE\" \/>\n<meta property=\"article:published_time\" content=\"2026-03-07T17:00:00+00:00\" \/>\n<meta property=\"og:image\" content=\"https:\/\/errr-magazine.com\/wp-content\/uploads\/2026\/03\/Foto-29-01-26-10-31-30-pm-1.jpg\" \/>\n\t<meta property=\"og:image:width\" content=\"1406\" \/>\n\t<meta property=\"og:image:height\" content=\"932\" \/>\n\t<meta property=\"og:image:type\" content=\"image\/jpeg\" \/>\n<meta name=\"author\" content=\"Karla Villag\u00f3mez\" \/>\n<meta name=\"twitter:card\" content=\"summary_large_image\" \/>\n<meta name=\"twitter:label1\" content=\"Written by\" \/>\n\t<meta name=\"twitter:data1\" content=\"Karla Villag\u00f3mez\" \/>\n\t<meta name=\"twitter:label2\" content=\"Est. reading time\" \/>\n\t<meta name=\"twitter:data2\" content=\"7 minutes\" \/>\n<script type=\"application\/ld+json\" class=\"yoast-schema-graph\">{\"@context\":\"https:\/\/schema.org\",\"@graph\":[{\"@type\":\"Article\",\"@id\":\"https:\/\/errr-magazine.com\/las-cenizas-vuelan\/#article\",\"isPartOf\":{\"@id\":\"https:\/\/errr-magazine.com\/las-cenizas-vuelan\/\"},\"author\":{\"name\":\"Karla Villag\u00f3mez\",\"@id\":\"https:\/\/errr-magazine.com\/#\/schema\/person\/b11e1df61863a9a356925e7faf07834d\"},\"headline\":\"Las cenizas vuelan\",\"datePublished\":\"2026-03-07T17:00:00+00:00\",\"mainEntityOfPage\":{\"@id\":\"https:\/\/errr-magazine.com\/las-cenizas-vuelan\/\"},\"wordCount\":1135,\"image\":{\"@id\":\"https:\/\/errr-magazine.com\/las-cenizas-vuelan\/#primaryimage\"},\"thumbnailUrl\":\"https:\/\/errr-magazine.com\/wp-content\/uploads\/2026\/03\/Foto-29-01-26-10-31-30-pm-1.jpg\",\"articleSection\":[\"Artes visuales\"],\"inLanguage\":\"en-US\"},{\"@type\":\"WebPage\",\"@id\":\"https:\/\/errr-magazine.com\/las-cenizas-vuelan\/\",\"url\":\"https:\/\/errr-magazine.com\/las-cenizas-vuelan\/\",\"name\":\"Las cenizas vuelan - ERRR MAGAZINE\",\"isPartOf\":{\"@id\":\"https:\/\/errr-magazine.com\/#website\"},\"primaryImageOfPage\":{\"@id\":\"https:\/\/errr-magazine.com\/las-cenizas-vuelan\/#primaryimage\"},\"image\":{\"@id\":\"https:\/\/errr-magazine.com\/las-cenizas-vuelan\/#primaryimage\"},\"thumbnailUrl\":\"https:\/\/errr-magazine.com\/wp-content\/uploads\/2026\/03\/Foto-29-01-26-10-31-30-pm-1.jpg\",\"datePublished\":\"2026-03-07T17:00:00+00:00\",\"author\":{\"@id\":\"https:\/\/errr-magazine.com\/#\/schema\/person\/b11e1df61863a9a356925e7faf07834d\"},\"breadcrumb\":{\"@id\":\"https:\/\/errr-magazine.com\/las-cenizas-vuelan\/#breadcrumb\"},\"inLanguage\":\"en-US\",\"potentialAction\":[{\"@type\":\"ReadAction\",\"target\":[\"https:\/\/errr-magazine.com\/las-cenizas-vuelan\/\"]}]},{\"@type\":\"ImageObject\",\"inLanguage\":\"en-US\",\"@id\":\"https:\/\/errr-magazine.com\/las-cenizas-vuelan\/#primaryimage\",\"url\":\"https:\/\/errr-magazine.com\/wp-content\/uploads\/2026\/03\/Foto-29-01-26-10-31-30-pm-1.jpg\",\"contentUrl\":\"https:\/\/errr-magazine.com\/wp-content\/uploads\/2026\/03\/Foto-29-01-26-10-31-30-pm-1.jpg\",\"width\":1406,\"height\":932},{\"@type\":\"BreadcrumbList\",\"@id\":\"https:\/\/errr-magazine.com\/las-cenizas-vuelan\/#breadcrumb\",\"itemListElement\":[{\"@type\":\"ListItem\",\"position\":1,\"name\":\"Portada\",\"item\":\"https:\/\/errr-magazine.com\/\"},{\"@type\":\"ListItem\",\"position\":2,\"name\":\"Las cenizas vuelan\"}]},{\"@type\":\"WebSite\",\"@id\":\"https:\/\/errr-magazine.com\/#website\",\"url\":\"https:\/\/errr-magazine.com\/\",\"name\":\"ERRR MAGAZINE\",\"description\":\"\",\"potentialAction\":[{\"@type\":\"SearchAction\",\"target\":{\"@type\":\"EntryPoint\",\"urlTemplate\":\"https:\/\/errr-magazine.com\/?s={search_term_string}\"},\"query-input\":{\"@type\":\"PropertyValueSpecification\",\"valueRequired\":true,\"valueName\":\"search_term_string\"}}],\"inLanguage\":\"en-US\"},{\"@type\":\"Person\",\"@id\":\"https:\/\/errr-magazine.com\/#\/schema\/person\/b11e1df61863a9a356925e7faf07834d\",\"name\":\"Karla Villag\u00f3mez\",\"image\":{\"@type\":\"ImageObject\",\"inLanguage\":\"en-US\",\"@id\":\"https:\/\/secure.gravatar.com\/avatar\/201ec356ed650055b928c8acc2fbde626897b29ffcadca27d342869f3cffd807?s=96&d=identicon&r=g\",\"url\":\"https:\/\/secure.gravatar.com\/avatar\/201ec356ed650055b928c8acc2fbde626897b29ffcadca27d342869f3cffd807?s=96&d=identicon&r=g\",\"contentUrl\":\"https:\/\/secure.gravatar.com\/avatar\/201ec356ed650055b928c8acc2fbde626897b29ffcadca27d342869f3cffd807?s=96&d=identicon&r=g\",\"caption\":\"Karla Villag\u00f3mez\"},\"description\":\"Soy pseudo fot\u00f3grafa y actualmente trabajo en Pantera Film Lab. A mis 27 a\u00f1os de vida sigo buscando, a trav\u00e9s de la fotograf\u00eda, una definici\u00f3n de lo que verdaderamente es ser artista para m\u00ed.\",\"sameAs\":[\"https:\/\/www.instagram.com\/by.moonk\/\"],\"url\":\"https:\/\/errr-magazine.com\/english\/author\/blue-moonk\/\"}]}<\/script>\n<!-- \/ Yoast SEO plugin. -->","yoast_head_json":{"title":"The Ashes Fly - ERRR MAGAZINE","robots":{"index":"index","follow":"follow","max-snippet":"max-snippet:-1","max-image-preview":"max-image-preview:large","max-video-preview":"max-video-preview:-1"},"canonical":"https:\/\/errr-magazine.com\/english\/las-cenizas-vuelan\/","og_locale":"en_US","og_type":"article","og_title":"Las cenizas vuelan - ERRR MAGAZINE","og_description":"A partir de que comenc\u00e9 en la fotograf\u00eda anal\u00f3gica le di un sentido de b\u00fasqueda a mi trabajo, donde todo lo que fotografiaba se volvi\u00f3 un cuestionamiento constante sobre la pertenencia, la identidad y el simple hecho de existir y \u201cser\u201d.","og_url":"https:\/\/errr-magazine.com\/english\/las-cenizas-vuelan\/","og_site_name":"ERRR MAGAZINE","article_published_time":"2026-03-07T17:00:00+00:00","og_image":[{"width":1406,"height":932,"url":"https:\/\/errr-magazine.com\/wp-content\/uploads\/2026\/03\/Foto-29-01-26-10-31-30-pm-1.jpg","type":"image\/jpeg"}],"author":"Karla Villag\u00f3mez","twitter_card":"summary_large_image","twitter_misc":{"Written by":"Karla Villag\u00f3mez","Est. reading time":"7 minutes"},"schema":{"@context":"https:\/\/schema.org","@graph":[{"@type":"Article","@id":"https:\/\/errr-magazine.com\/las-cenizas-vuelan\/#article","isPartOf":{"@id":"https:\/\/errr-magazine.com\/las-cenizas-vuelan\/"},"author":{"name":"Karla Villag\u00f3mez","@id":"https:\/\/errr-magazine.com\/#\/schema\/person\/b11e1df61863a9a356925e7faf07834d"},"headline":"Las cenizas vuelan","datePublished":"2026-03-07T17:00:00+00:00","mainEntityOfPage":{"@id":"https:\/\/errr-magazine.com\/las-cenizas-vuelan\/"},"wordCount":1135,"image":{"@id":"https:\/\/errr-magazine.com\/las-cenizas-vuelan\/#primaryimage"},"thumbnailUrl":"https:\/\/errr-magazine.com\/wp-content\/uploads\/2026\/03\/Foto-29-01-26-10-31-30-pm-1.jpg","articleSection":["Artes visuales"],"inLanguage":"en-US"},{"@type":"WebPage","@id":"https:\/\/errr-magazine.com\/las-cenizas-vuelan\/","url":"https:\/\/errr-magazine.com\/las-cenizas-vuelan\/","name":"The Ashes Fly - ERRR MAGAZINE","isPartOf":{"@id":"https:\/\/errr-magazine.com\/#website"},"primaryImageOfPage":{"@id":"https:\/\/errr-magazine.com\/las-cenizas-vuelan\/#primaryimage"},"image":{"@id":"https:\/\/errr-magazine.com\/las-cenizas-vuelan\/#primaryimage"},"thumbnailUrl":"https:\/\/errr-magazine.com\/wp-content\/uploads\/2026\/03\/Foto-29-01-26-10-31-30-pm-1.jpg","datePublished":"2026-03-07T17:00:00+00:00","author":{"@id":"https:\/\/errr-magazine.com\/#\/schema\/person\/b11e1df61863a9a356925e7faf07834d"},"breadcrumb":{"@id":"https:\/\/errr-magazine.com\/las-cenizas-vuelan\/#breadcrumb"},"inLanguage":"en-US","potentialAction":[{"@type":"ReadAction","target":["https:\/\/errr-magazine.com\/las-cenizas-vuelan\/"]}]},{"@type":"ImageObject","inLanguage":"en-US","@id":"https:\/\/errr-magazine.com\/las-cenizas-vuelan\/#primaryimage","url":"https:\/\/errr-magazine.com\/wp-content\/uploads\/2026\/03\/Foto-29-01-26-10-31-30-pm-1.jpg","contentUrl":"https:\/\/errr-magazine.com\/wp-content\/uploads\/2026\/03\/Foto-29-01-26-10-31-30-pm-1.jpg","width":1406,"height":932},{"@type":"BreadcrumbList","@id":"https:\/\/errr-magazine.com\/las-cenizas-vuelan\/#breadcrumb","itemListElement":[{"@type":"ListItem","position":1,"name":"Portada","item":"https:\/\/errr-magazine.com\/"},{"@type":"ListItem","position":2,"name":"Las cenizas vuelan"}]},{"@type":"WebSite","@id":"https:\/\/errr-magazine.com\/#website","url":"https:\/\/errr-magazine.com\/","name":"ERRR MAGAZINE","description":"","potentialAction":[{"@type":"SearchAction","target":{"@type":"EntryPoint","urlTemplate":"https:\/\/errr-magazine.com\/?s={search_term_string}"},"query-input":{"@type":"PropertyValueSpecification","valueRequired":true,"valueName":"search_term_string"}}],"inLanguage":"en-US"},{"@type":"Person","@id":"https:\/\/errr-magazine.com\/#\/schema\/person\/b11e1df61863a9a356925e7faf07834d","name":"Karla Villag\u00f3mez","image":{"@type":"ImageObject","inLanguage":"en-US","@id":"https:\/\/secure.gravatar.com\/avatar\/201ec356ed650055b928c8acc2fbde626897b29ffcadca27d342869f3cffd807?s=96&d=identicon&r=g","url":"https:\/\/secure.gravatar.com\/avatar\/201ec356ed650055b928c8acc2fbde626897b29ffcadca27d342869f3cffd807?s=96&d=identicon&r=g","contentUrl":"https:\/\/secure.gravatar.com\/avatar\/201ec356ed650055b928c8acc2fbde626897b29ffcadca27d342869f3cffd807?s=96&d=identicon&r=g","caption":"Karla Villag\u00f3mez"},"description":"I am a pseudo-photographer and currently work at Pantera Film Lab. At 27 years old, I continue searching, through photography, for a definition of what it truly means \u2014 for me \u2014 to be an artist.","sameAs":["https:\/\/www.instagram.com\/by.moonk\/"],"url":"https:\/\/errr-magazine.com\/english\/author\/blue-moonk\/"}]}},"jetpack_featured_media_url":"https:\/\/errr-magazine.com\/wp-content\/uploads\/2026\/03\/Foto-29-01-26-10-31-30-pm-1.jpg","jetpack-related-posts":[{"id":201841,"url":"https:\/\/errr-magazine.com\/english\/nieves-de-enero\/","url_meta":{"origin":201531,"position":0},"title":"January Snows","author":"Ligorio Salgado","date":"03\/08\/2026","format":false,"excerpt":"One of the central axes has been solitude\u2014not as a lack or something negative, but as a necessary space to encounter oneself. From a perspective close to Taoism, solitude becomes silence, and silence becomes clarity.","rel":"","context":"In &quot;Artes visuales&quot;","block_context":{"text":"Artes visuales","link":"https:\/\/errr-magazine.com\/english\/category\/interviews\/artes-visuales\/"},"img":{"alt_text":"","src":"https:\/\/i0.wp.com\/errr-magazine.com\/wp-content\/uploads\/2026\/03\/solo-3-1.jpg?resize=350%2C200&ssl=1","width":350,"height":200,"srcset":"https:\/\/i0.wp.com\/errr-magazine.com\/wp-content\/uploads\/2026\/03\/solo-3-1.jpg?resize=350%2C200&ssl=1 1x, https:\/\/i0.wp.com\/errr-magazine.com\/wp-content\/uploads\/2026\/03\/solo-3-1.jpg?resize=525%2C300&ssl=1 1.5x, https:\/\/i0.wp.com\/errr-magazine.com\/wp-content\/uploads\/2026\/03\/solo-3-1.jpg?resize=700%2C400&ssl=1 2x, https:\/\/i0.wp.com\/errr-magazine.com\/wp-content\/uploads\/2026\/03\/solo-3-1.jpg?resize=1050%2C600&ssl=1 3x, https:\/\/i0.wp.com\/errr-magazine.com\/wp-content\/uploads\/2026\/03\/solo-3-1.jpg?resize=1400%2C800&ssl=1 4x"},"classes":[]},{"id":202933,"url":"https:\/\/errr-magazine.com\/english\/el-regreso\/","url_meta":{"origin":201531,"position":1},"title":"The Return","author":"Mark \u201cMac\u201d Gamier","date":"03\/23\/2026","format":false,"excerpt":"You have to keep shooting as often as you can to stay inspired. If you keep practicing photography, you\u2019ll be able to get out of the rut and find inspiration and motivation.","rel":"","context":"In &quot;Artes visuales&quot;","block_context":{"text":"Artes visuales","link":"https:\/\/errr-magazine.com\/english\/category\/interviews\/artes-visuales\/"},"img":{"alt_text":"","src":"https:\/\/i0.wp.com\/errr-magazine.com\/wp-content\/uploads\/2026\/03\/000014-2-scaled.jpg?resize=350%2C200&ssl=1","width":350,"height":200,"srcset":"https:\/\/i0.wp.com\/errr-magazine.com\/wp-content\/uploads\/2026\/03\/000014-2-scaled.jpg?resize=350%2C200&ssl=1 1x, https:\/\/i0.wp.com\/errr-magazine.com\/wp-content\/uploads\/2026\/03\/000014-2-scaled.jpg?resize=525%2C300&ssl=1 1.5x, https:\/\/i0.wp.com\/errr-magazine.com\/wp-content\/uploads\/2026\/03\/000014-2-scaled.jpg?resize=700%2C400&ssl=1 2x, https:\/\/i0.wp.com\/errr-magazine.com\/wp-content\/uploads\/2026\/03\/000014-2-scaled.jpg?resize=1050%2C600&ssl=1 3x, https:\/\/i0.wp.com\/errr-magazine.com\/wp-content\/uploads\/2026\/03\/000014-2-scaled.jpg?resize=1400%2C800&ssl=1 4x"},"classes":[]},{"id":157501,"url":"https:\/\/errr-magazine.com\/english\/navel-gazing\/","url_meta":{"origin":201531,"position":2},"title":"Navel gazing","author":"Dani Southcombe","date":"04\/11\/2020","format":false,"excerpt":"1. \u00bfCu\u00e1l es tu palabra favorita? 'no' and 'icecream' and 'pancakes' 2. \u00bfQu\u00e9 so\u00f1aste anoche? The most recent dream I have a clear memory of is of my friend visiting my backyard and meeting with me and my dogs before doing a tarot reading for me. 3. \u00bfCu\u00e1l es la\u2026","rel":"","context":"In &quot;Textos&quot;","block_context":{"text":"Textos","link":"https:\/\/errr-magazine.com\/english\/category\/textos\/"},"img":{"alt_text":"","src":"","width":0,"height":0},"classes":[]},{"id":203192,"url":"https:\/\/errr-magazine.com\/english\/rings-of-saturn\/","url_meta":{"origin":201531,"position":3},"title":"Rings of Saturn","author":"Andr\u00e9s Gaviria Villarreal","date":"03\/28\/2026","format":false,"excerpt":"It\u2019s easier to adhere to rules and judge based on imposed, defined, and clear canons, but it\u2019s also suffocating\u2014at least for me and for my eye, which doesn\u2019t naturally see through those parameters.","rel":"","context":"In &quot;Artes visuales&quot;","block_context":{"text":"Artes visuales","link":"https:\/\/errr-magazine.com\/english\/category\/interviews\/artes-visuales\/"},"img":{"alt_text":"","src":"https:\/\/i0.wp.com\/errr-magazine.com\/wp-content\/uploads\/2026\/03\/T.jpg?resize=350%2C200&ssl=1","width":350,"height":200,"srcset":"https:\/\/i0.wp.com\/errr-magazine.com\/wp-content\/uploads\/2026\/03\/T.jpg?resize=350%2C200&ssl=1 1x, https:\/\/i0.wp.com\/errr-magazine.com\/wp-content\/uploads\/2026\/03\/T.jpg?resize=525%2C300&ssl=1 1.5x, https:\/\/i0.wp.com\/errr-magazine.com\/wp-content\/uploads\/2026\/03\/T.jpg?resize=700%2C400&ssl=1 2x, https:\/\/i0.wp.com\/errr-magazine.com\/wp-content\/uploads\/2026\/03\/T.jpg?resize=1050%2C600&ssl=1 3x, https:\/\/i0.wp.com\/errr-magazine.com\/wp-content\/uploads\/2026\/03\/T.jpg?resize=1400%2C800&ssl=1 4x"},"classes":[]},{"id":203150,"url":"https:\/\/errr-magazine.com\/english\/un-lugar-en-el-mundo\/","url_meta":{"origin":201531,"position":4},"title":"A Place in the World","author":"Rodol Pizano","date":"03\/27\/2026","format":false,"excerpt":"It has been a very interesting process because along the way I discovered that there are many ways to create narratives\u2014not only those we might call conventional\u2014which also encourages continuous experimentation.","rel":"","context":"In &quot;Artes visuales&quot;","block_context":{"text":"Artes visuales","link":"https:\/\/errr-magazine.com\/english\/category\/interviews\/artes-visuales\/"},"img":{"alt_text":"","src":"https:\/\/i0.wp.com\/errr-magazine.com\/wp-content\/uploads\/2026\/03\/globos_4-scaled.jpg?resize=350%2C200&ssl=1","width":350,"height":200,"srcset":"https:\/\/i0.wp.com\/errr-magazine.com\/wp-content\/uploads\/2026\/03\/globos_4-scaled.jpg?resize=350%2C200&ssl=1 1x, https:\/\/i0.wp.com\/errr-magazine.com\/wp-content\/uploads\/2026\/03\/globos_4-scaled.jpg?resize=525%2C300&ssl=1 1.5x, https:\/\/i0.wp.com\/errr-magazine.com\/wp-content\/uploads\/2026\/03\/globos_4-scaled.jpg?resize=700%2C400&ssl=1 2x, https:\/\/i0.wp.com\/errr-magazine.com\/wp-content\/uploads\/2026\/03\/globos_4-scaled.jpg?resize=1050%2C600&ssl=1 3x, https:\/\/i0.wp.com\/errr-magazine.com\/wp-content\/uploads\/2026\/03\/globos_4-scaled.jpg?resize=1400%2C800&ssl=1 4x"},"classes":[]},{"id":202464,"url":"https:\/\/errr-magazine.com\/english\/pense-que-tenia-mas-tiempo\/","url_meta":{"origin":201531,"position":5},"title":"I Thought I Had More Time","author":"Evie Tolo","date":"03\/16\/2026","format":false,"excerpt":"The brief snow season we experience in Australia became a quiet way of thinking about the nature of temporary connections, including the one with the person I went on that road trip with, who I have since parted ways with.","rel":"","context":"In &quot;Artes visuales&quot;","block_context":{"text":"Artes visuales","link":"https:\/\/errr-magazine.com\/english\/category\/interviews\/artes-visuales\/"},"img":{"alt_text":"","src":"https:\/\/i0.wp.com\/errr-magazine.com\/wp-content\/uploads\/2026\/03\/000034590007_-scaled.jpg?resize=350%2C200&ssl=1","width":350,"height":200,"srcset":"https:\/\/i0.wp.com\/errr-magazine.com\/wp-content\/uploads\/2026\/03\/000034590007_-scaled.jpg?resize=350%2C200&ssl=1 1x, https:\/\/i0.wp.com\/errr-magazine.com\/wp-content\/uploads\/2026\/03\/000034590007_-scaled.jpg?resize=525%2C300&ssl=1 1.5x, https:\/\/i0.wp.com\/errr-magazine.com\/wp-content\/uploads\/2026\/03\/000034590007_-scaled.jpg?resize=700%2C400&ssl=1 2x, https:\/\/i0.wp.com\/errr-magazine.com\/wp-content\/uploads\/2026\/03\/000034590007_-scaled.jpg?resize=1050%2C600&ssl=1 3x, https:\/\/i0.wp.com\/errr-magazine.com\/wp-content\/uploads\/2026\/03\/000034590007_-scaled.jpg?resize=1400%2C800&ssl=1 4x"},"classes":[]}],"jetpack_sharing_enabled":true,"mfb_rest_fields":["title","yoast_head","yoast_head_json","jetpack_featured_media_url","jetpack-related-posts","jetpack_sharing_enabled"],"_links":{"self":[{"href":"https:\/\/errr-magazine.com\/english\/wp-json\/wp\/v2\/posts\/201531","targetHints":{"allow":["GET"]}}],"collection":[{"href":"https:\/\/errr-magazine.com\/english\/wp-json\/wp\/v2\/posts"}],"about":[{"href":"https:\/\/errr-magazine.com\/english\/wp-json\/wp\/v2\/types\/post"}],"author":[{"embeddable":true,"href":"https:\/\/errr-magazine.com\/english\/wp-json\/wp\/v2\/users\/8276"}],"replies":[{"embeddable":true,"href":"https:\/\/errr-magazine.com\/english\/wp-json\/wp\/v2\/comments?post=201531"}],"version-history":[{"count":3,"href":"https:\/\/errr-magazine.com\/english\/wp-json\/wp\/v2\/posts\/201531\/revisions"}],"predecessor-version":[{"id":201811,"href":"https:\/\/errr-magazine.com\/english\/wp-json\/wp\/v2\/posts\/201531\/revisions\/201811"}],"wp:featuredmedia":[{"embeddable":true,"href":"https:\/\/errr-magazine.com\/english\/wp-json\/wp\/v2\/media\/201537"}],"wp:attachment":[{"href":"https:\/\/errr-magazine.com\/english\/wp-json\/wp\/v2\/media?parent=201531"}],"wp:term":[{"taxonomy":"category","embeddable":true,"href":"https:\/\/errr-magazine.com\/english\/wp-json\/wp\/v2\/categories?post=201531"},{"taxonomy":"post_tag","embeddable":true,"href":"https:\/\/errr-magazine.com\/english\/wp-json\/wp\/v2\/tags?post=201531"}],"curies":[{"name":"wp","href":"https:\/\/api.w.org\/{rel}","templated":true}]}}