{"id":201338,"date":"2026-03-04T11:00:00","date_gmt":"2026-03-04T17:00:00","guid":{"rendered":"https:\/\/errr-magazine.com\/?p=201338"},"modified":"2026-06-09T05:26:48","modified_gmt":"2026-06-09T11:26:48","slug":"la-luz-se-desvanece","status":"publish","type":"post","link":"https:\/\/errr-magazine.com\/english\/la-luz-se-desvanece\/","title":{"rendered":"The Light Fades"},"content":{"rendered":"<p class=\"wp-block-paragraph\"><strong>What habit has been sustaining you lately?<\/strong><br>In winter, even in the south of France, the light fades. I find myself taking fewer photographs and turning instead to books, to cinema, to the theatre. These arts feed my imagination and creativity, keeping me connected to the present moment and to my inner world. Cinema has held an important place in my life since early childhood, and photography has naturally become the primary medium through which I explore the world \u2014 and myself. Words give rise to images and sensations within me, which I carry quietly, letting them take shape over time, until they find their way into a photographic series. What moves me most is not the image itself, but what it allows me to feel and to share.<\/p>\n\n\n\n<p class=\"wp-block-paragraph\"><strong>What time of day do you feel most like yourself?<br><\/strong>In the quiet of morning, just after waking \u2014 or at any moment of the day when I am alone with myself. It is in these suspended moments that I feel most true, as it is rare to be entirely oneself in the presence of others. For this reason, self-portraiture has always felt more comfortable to me. What began simply as a practical way to learn the act of photographing has gradually become an exploratory space, where I feel freer and more spontaneous than during sessions with models. My self-portraits embrace an introspective form of photography, one that quietly infiltrates everyday life.<\/p>\n\n\n\n<p class=\"wp-block-paragraph\"><strong>When recently did you feel out of place?<\/strong><br>Sitting alone at a restaurant table not long ago, I felt slightly out of place. I did not quite belong to the usual rhythm, nor the familiar style of the clientele.<\/p>\n\n\n\n<p class=\"wp-block-paragraph\"><strong>What are you still holding onto even though you know you\u2019ll eventually have to let go?<\/strong><br>I am rather determined when an idea takes hold of me. In the difficulty of seeing it through, we sometimes become more na\u00efve, more inventive \u2014 and it is precisely there that creativity opens up, inviting us to question ourselves and allowing the original desire to quietly evolve.<\/p>\n\n\n\n<p class=\"wp-block-paragraph\"><strong>What scares you more today: change or staying the same?<\/strong><br>The thought of staying the same frightens me most. I love the idea of evolving, of growing, of learning new things. In my photographic practice, I enjoy changing my habits, letting something new emerge, and surprising myself along the way.<\/p>\n\n\n\n<p class=\"wp-block-paragraph\"><strong>Recommend a movie, an album, and a book.<br><\/strong>Hard to pick just one:<strong><a href=\"https:\/\/letterboxd.com\/film\/black-dog-2024\/\"> <em>Black Dog<\/em><\/a><\/strong> by Hu Guan <strong><a href=\"https:\/\/letterboxd.com\/film\/sentimental-value-2025\/\"><em>Sentimental Value<\/em> <\/a><\/strong>by Joachim Trier or any Tarkovsky movie. An album would be <em>Hot Dreams<\/em> from <strong><a href=\"https:\/\/open.spotify.com\/artist\/7HeVXdOdMhLslVputGTZFQ?si=PjJPgUKHQCy3RhbUZ-sS9g\">Timber Timbre<\/a><\/strong> and a book, <em><strong><a href=\"https:\/\/www.goodreads.com\/book\/show\/17607.All_About_Love\">All About Love<\/a><\/strong><\/em> by bell hooks.<\/p>\n\n\n\n<p class=\"wp-block-paragraph\"><strong>What is your favorite restaurant and what do you recommend we order?<\/strong><br>I would say <strong><a href=\"https:\/\/www.instagram.com\/leconsolat\/\">Le Consolat<\/a><\/strong> in Marseille, a restaurant serving Asian cuisine full of nuances, and I would order their bold reinterpretation of mussels and fries, stir-fried in a wok with yuxiang sauce.<\/p>\n\n\n\n<p class=\"wp-block-paragraph\"><strong>Which friend have you admired lately, and why?<br><\/strong>The work of <strong><a href=\"https:\/\/www.instagram.com\/francesca.woodman\/\">Francesca Woodman<\/a><\/strong> is and will always be the one that moves me the most, and the one I identify with most deeply. <strong><a href=\"https:\/\/www.linascheynius.com\/\">Lina Scheynius<\/a><\/strong>, for her part, captures everyday life with subtlety in a delicate style that is uniquely her own, and she inspired me to start my personal photographic diary.<\/p>\n\n\n\n<p class=\"wp-block-paragraph\"><\/p>","protected":false},"excerpt":{"rendered":"<p>Words give rise to images and sensations within me, which I carry quietly, letting them take shape over time, until they find their way into a photographic series.<\/p>","protected":false},"author":8261,"featured_media":201340,"comment_status":"closed","ping_status":"closed","sticky":false,"template":"","format":"standard","meta":{"_acf_changed":false,"cybocfi_hide_featured_image":"","_jetpack_feature_clip_id":0,"_jetpack_memberships_contains_paid_content":false,"footnotes":""},"categories":[17849],"tags":[],"class_list":["post-201338","post","type-post","status-publish","format-standard","has-post-thumbnail","hentry","category-interviews"],"acf":[],"mb":[],"yoast_head":"<!-- This site is optimized with the Yoast SEO plugin v28.0 - https:\/\/yoast.com\/product\/yoast-seo-wordpress\/ -->\n<title>La luz se desvanece - ERRR MAGAZINE<\/title>\n<meta name=\"robots\" content=\"index, follow, max-snippet:-1, max-image-preview:large, max-video-preview:-1\" \/>\n<link rel=\"canonical\" href=\"https:\/\/errr-magazine.com\/english\/la-luz-se-desvanece\/\" \/>\n<meta property=\"og:locale\" content=\"en_US\" \/>\n<meta property=\"og:type\" content=\"article\" \/>\n<meta property=\"og:title\" content=\"La luz se desvanece - ERRR MAGAZINE\" \/>\n<meta property=\"og:description\" content=\"Las palabras dan lugar en m\u00ed a im\u00e1genes y sensaciones que guardo en silencio, dej\u00e1ndolas tomar forma con el tiempo, hasta que encuentran su camino en una serie fotogr\u00e1fica.\" \/>\n<meta property=\"og:url\" content=\"https:\/\/errr-magazine.com\/english\/la-luz-se-desvanece\/\" \/>\n<meta property=\"og:site_name\" content=\"ERRR MAGAZINE\" \/>\n<meta property=\"article:published_time\" content=\"2026-03-04T17:00:00+00:00\" \/>\n<meta property=\"article:modified_time\" content=\"2026-06-09T11:26:48+00:00\" \/>\n<meta property=\"og:image\" content=\"https:\/\/errr-magazine.com\/wp-content\/uploads\/2026\/02\/2-10.jpg\" \/>\n\t<meta property=\"og:image:width\" content=\"814\" \/>\n\t<meta property=\"og:image:height\" content=\"1212\" \/>\n\t<meta property=\"og:image:type\" content=\"image\/jpeg\" \/>\n<meta name=\"author\" content=\"Camille PONS\" \/>\n<meta name=\"twitter:card\" content=\"summary_large_image\" \/>\n<meta name=\"twitter:label1\" content=\"Written by\" \/>\n\t<meta name=\"twitter:data1\" content=\"Camille PONS\" \/>\n\t<meta name=\"twitter:label2\" content=\"Est. reading time\" \/>\n\t<meta name=\"twitter:data2\" content=\"3 minutes\" \/>\n<script type=\"application\/ld+json\" class=\"yoast-schema-graph\">{\"@context\":\"https:\\\/\\\/schema.org\",\"@graph\":[{\"@type\":\"Article\",\"@id\":\"https:\\\/\\\/errr-magazine.com\\\/la-luz-se-desvanece\\\/#article\",\"isPartOf\":{\"@id\":\"https:\\\/\\\/errr-magazine.com\\\/la-luz-se-desvanece\\\/\"},\"author\":{\"name\":\"Camille PONS\",\"@id\":\"https:\\\/\\\/errr-magazine.com\\\/#\\\/schema\\\/person\\\/56a98ab589c8ade8a59e4d038cf6166f\"},\"headline\":\"La luz se desvanece\",\"datePublished\":\"2026-03-04T17:00:00+00:00\",\"dateModified\":\"2026-06-09T11:26:48+00:00\",\"mainEntityOfPage\":{\"@id\":\"https:\\\/\\\/errr-magazine.com\\\/la-luz-se-desvanece\\\/\"},\"wordCount\":600,\"image\":{\"@id\":\"https:\\\/\\\/errr-magazine.com\\\/la-luz-se-desvanece\\\/#primaryimage\"},\"thumbnailUrl\":\"https:\\\/\\\/i0.wp.com\\\/errr-magazine.com\\\/wp-content\\\/uploads\\\/2026\\\/02\\\/2-10.jpg?fit=814%2C1212&ssl=1\",\"articleSection\":[\"Interviews\"],\"inLanguage\":\"en-US\"},{\"@type\":\"WebPage\",\"@id\":\"https:\\\/\\\/errr-magazine.com\\\/la-luz-se-desvanece\\\/\",\"url\":\"https:\\\/\\\/errr-magazine.com\\\/la-luz-se-desvanece\\\/\",\"name\":\"La luz se desvanece - ERRR MAGAZINE\",\"isPartOf\":{\"@id\":\"https:\\\/\\\/errr-magazine.com\\\/#website\"},\"primaryImageOfPage\":{\"@id\":\"https:\\\/\\\/errr-magazine.com\\\/la-luz-se-desvanece\\\/#primaryimage\"},\"image\":{\"@id\":\"https:\\\/\\\/errr-magazine.com\\\/la-luz-se-desvanece\\\/#primaryimage\"},\"thumbnailUrl\":\"https:\\\/\\\/i0.wp.com\\\/errr-magazine.com\\\/wp-content\\\/uploads\\\/2026\\\/02\\\/2-10.jpg?fit=814%2C1212&ssl=1\",\"datePublished\":\"2026-03-04T17:00:00+00:00\",\"dateModified\":\"2026-06-09T11:26:48+00:00\",\"author\":{\"@id\":\"https:\\\/\\\/errr-magazine.com\\\/#\\\/schema\\\/person\\\/56a98ab589c8ade8a59e4d038cf6166f\"},\"breadcrumb\":{\"@id\":\"https:\\\/\\\/errr-magazine.com\\\/la-luz-se-desvanece\\\/#breadcrumb\"},\"inLanguage\":\"en-US\",\"potentialAction\":[{\"@type\":\"ReadAction\",\"target\":[\"https:\\\/\\\/errr-magazine.com\\\/la-luz-se-desvanece\\\/\"]}]},{\"@type\":\"ImageObject\",\"inLanguage\":\"en-US\",\"@id\":\"https:\\\/\\\/errr-magazine.com\\\/la-luz-se-desvanece\\\/#primaryimage\",\"url\":\"https:\\\/\\\/i0.wp.com\\\/errr-magazine.com\\\/wp-content\\\/uploads\\\/2026\\\/02\\\/2-10.jpg?fit=814%2C1212&ssl=1\",\"contentUrl\":\"https:\\\/\\\/i0.wp.com\\\/errr-magazine.com\\\/wp-content\\\/uploads\\\/2026\\\/02\\\/2-10.jpg?fit=814%2C1212&ssl=1\",\"width\":814,\"height\":1212},{\"@type\":\"BreadcrumbList\",\"@id\":\"https:\\\/\\\/errr-magazine.com\\\/la-luz-se-desvanece\\\/#breadcrumb\",\"itemListElement\":[{\"@type\":\"ListItem\",\"position\":1,\"name\":\"Portada\",\"item\":\"https:\\\/\\\/errr-magazine.com\\\/\"},{\"@type\":\"ListItem\",\"position\":2,\"name\":\"La luz se desvanece\"}]},{\"@type\":\"WebSite\",\"@id\":\"https:\\\/\\\/errr-magazine.com\\\/#website\",\"url\":\"https:\\\/\\\/errr-magazine.com\\\/\",\"name\":\"ERRR MAGAZINE\",\"description\":\"\",\"potentialAction\":[{\"@type\":\"SearchAction\",\"target\":{\"@type\":\"EntryPoint\",\"urlTemplate\":\"https:\\\/\\\/errr-magazine.com\\\/?s={search_term_string}\"},\"query-input\":{\"@type\":\"PropertyValueSpecification\",\"valueRequired\":true,\"valueName\":\"search_term_string\"}}],\"inLanguage\":\"en-US\"},{\"@type\":\"Person\",\"@id\":\"https:\\\/\\\/errr-magazine.com\\\/#\\\/schema\\\/person\\\/56a98ab589c8ade8a59e4d038cf6166f\",\"name\":\"Camille PONS\",\"image\":{\"@type\":\"ImageObject\",\"inLanguage\":\"en-US\",\"@id\":\"https:\\\/\\\/secure.gravatar.com\\\/avatar\\\/526d82daa5ce5017fa70447a2f0b632a4dd2ad420e64f71fba348153f0546922?s=96&d=identicon&r=g\",\"url\":\"https:\\\/\\\/secure.gravatar.com\\\/avatar\\\/526d82daa5ce5017fa70447a2f0b632a4dd2ad420e64f71fba348153f0546922?s=96&d=identicon&r=g\",\"contentUrl\":\"https:\\\/\\\/secure.gravatar.com\\\/avatar\\\/526d82daa5ce5017fa70447a2f0b632a4dd2ad420e64f71fba348153f0546922?s=96&d=identicon&r=g\",\"caption\":\"Camille PONS\"},\"description\":\"Fot\u00f3grafa francesa que se centra en el autorretrato y en capturar emociones sutiles. Explora temas como la identidad y la vulnerabilidad, aprovechando la luz natural para transmitir emociones, momentos y narrativas impregnadas de gracia y sinceridad.\",\"sameAs\":[\"https:\\\/\\\/www.instagram.com\\\/cllepons\\\/\"],\"url\":\"https:\\\/\\\/errr-magazine.com\\\/english\\\/author\\\/camillepons\\\/\"}]}<\/script>\n<!-- \/ Yoast SEO plugin. -->","yoast_head_json":{"title":"The Light Fades - ERRR MAGAZINE","robots":{"index":"index","follow":"follow","max-snippet":"max-snippet:-1","max-image-preview":"max-image-preview:large","max-video-preview":"max-video-preview:-1"},"canonical":"https:\/\/errr-magazine.com\/english\/la-luz-se-desvanece\/","og_locale":"en_US","og_type":"article","og_title":"La luz se desvanece - ERRR MAGAZINE","og_description":"Las palabras dan lugar en m\u00ed a im\u00e1genes y sensaciones que guardo en silencio, dej\u00e1ndolas tomar forma con el tiempo, hasta que encuentran su camino en una serie fotogr\u00e1fica.","og_url":"https:\/\/errr-magazine.com\/english\/la-luz-se-desvanece\/","og_site_name":"ERRR MAGAZINE","article_published_time":"2026-03-04T17:00:00+00:00","article_modified_time":"2026-06-09T11:26:48+00:00","og_image":[{"width":814,"height":1212,"url":"https:\/\/errr-magazine.com\/wp-content\/uploads\/2026\/02\/2-10.jpg","type":"image\/jpeg"}],"author":"Camille PONS","twitter_card":"summary_large_image","twitter_misc":{"Written by":"Camille PONS","Est. reading time":"3 minutes"},"schema":{"@context":"https:\/\/schema.org","@graph":[{"@type":"Article","@id":"https:\/\/errr-magazine.com\/la-luz-se-desvanece\/#article","isPartOf":{"@id":"https:\/\/errr-magazine.com\/la-luz-se-desvanece\/"},"author":{"name":"Camille PONS","@id":"https:\/\/errr-magazine.com\/#\/schema\/person\/56a98ab589c8ade8a59e4d038cf6166f"},"headline":"La luz se desvanece","datePublished":"2026-03-04T17:00:00+00:00","dateModified":"2026-06-09T11:26:48+00:00","mainEntityOfPage":{"@id":"https:\/\/errr-magazine.com\/la-luz-se-desvanece\/"},"wordCount":600,"image":{"@id":"https:\/\/errr-magazine.com\/la-luz-se-desvanece\/#primaryimage"},"thumbnailUrl":"https:\/\/i0.wp.com\/errr-magazine.com\/wp-content\/uploads\/2026\/02\/2-10.jpg?fit=814%2C1212&ssl=1","articleSection":["Interviews"],"inLanguage":"en-US"},{"@type":"WebPage","@id":"https:\/\/errr-magazine.com\/la-luz-se-desvanece\/","url":"https:\/\/errr-magazine.com\/la-luz-se-desvanece\/","name":"The Light Fades - ERRR MAGAZINE","isPartOf":{"@id":"https:\/\/errr-magazine.com\/#website"},"primaryImageOfPage":{"@id":"https:\/\/errr-magazine.com\/la-luz-se-desvanece\/#primaryimage"},"image":{"@id":"https:\/\/errr-magazine.com\/la-luz-se-desvanece\/#primaryimage"},"thumbnailUrl":"https:\/\/i0.wp.com\/errr-magazine.com\/wp-content\/uploads\/2026\/02\/2-10.jpg?fit=814%2C1212&ssl=1","datePublished":"2026-03-04T17:00:00+00:00","dateModified":"2026-06-09T11:26:48+00:00","author":{"@id":"https:\/\/errr-magazine.com\/#\/schema\/person\/56a98ab589c8ade8a59e4d038cf6166f"},"breadcrumb":{"@id":"https:\/\/errr-magazine.com\/la-luz-se-desvanece\/#breadcrumb"},"inLanguage":"en-US","potentialAction":[{"@type":"ReadAction","target":["https:\/\/errr-magazine.com\/la-luz-se-desvanece\/"]}]},{"@type":"ImageObject","inLanguage":"en-US","@id":"https:\/\/errr-magazine.com\/la-luz-se-desvanece\/#primaryimage","url":"https:\/\/i0.wp.com\/errr-magazine.com\/wp-content\/uploads\/2026\/02\/2-10.jpg?fit=814%2C1212&ssl=1","contentUrl":"https:\/\/i0.wp.com\/errr-magazine.com\/wp-content\/uploads\/2026\/02\/2-10.jpg?fit=814%2C1212&ssl=1","width":814,"height":1212},{"@type":"BreadcrumbList","@id":"https:\/\/errr-magazine.com\/la-luz-se-desvanece\/#breadcrumb","itemListElement":[{"@type":"ListItem","position":1,"name":"Portada","item":"https:\/\/errr-magazine.com\/"},{"@type":"ListItem","position":2,"name":"La luz se desvanece"}]},{"@type":"WebSite","@id":"https:\/\/errr-magazine.com\/#website","url":"https:\/\/errr-magazine.com\/","name":"ERRR MAGAZINE","description":"","potentialAction":[{"@type":"SearchAction","target":{"@type":"EntryPoint","urlTemplate":"https:\/\/errr-magazine.com\/?s={search_term_string}"},"query-input":{"@type":"PropertyValueSpecification","valueRequired":true,"valueName":"search_term_string"}}],"inLanguage":"en-US"},{"@type":"Person","@id":"https:\/\/errr-magazine.com\/#\/schema\/person\/56a98ab589c8ade8a59e4d038cf6166f","name":"Camille PONS","image":{"@type":"ImageObject","inLanguage":"en-US","@id":"https:\/\/secure.gravatar.com\/avatar\/526d82daa5ce5017fa70447a2f0b632a4dd2ad420e64f71fba348153f0546922?s=96&d=identicon&r=g","url":"https:\/\/secure.gravatar.com\/avatar\/526d82daa5ce5017fa70447a2f0b632a4dd2ad420e64f71fba348153f0546922?s=96&d=identicon&r=g","contentUrl":"https:\/\/secure.gravatar.com\/avatar\/526d82daa5ce5017fa70447a2f0b632a4dd2ad420e64f71fba348153f0546922?s=96&d=identicon&r=g","caption":"Camille PONS"},"description":"French photographer who focuses on self-portraiture and capturing nuanced emotions. She explores themes of identity, vulnerability, while harnessing natural light to convey emotions, moments and narratives imbued with grace and sincerity.","sameAs":["https:\/\/www.instagram.com\/cllepons\/"],"url":"https:\/\/errr-magazine.com\/english\/author\/camillepons\/"}]}},"jetpack_sharing_enabled":true,"jetpack_featured_media_url":"https:\/\/i0.wp.com\/errr-magazine.com\/wp-content\/uploads\/2026\/02\/2-10.jpg?fit=814%2C1212&ssl=1","mfb_rest_fields":["title","yoast_head","yoast_head_json","jetpack_sharing_enabled","jetpack_featured_media_url"],"_links":{"self":[{"href":"https:\/\/errr-magazine.com\/english\/wp-json\/wp\/v2\/posts\/201338","targetHints":{"allow":["GET"]}}],"collection":[{"href":"https:\/\/errr-magazine.com\/english\/wp-json\/wp\/v2\/posts"}],"about":[{"href":"https:\/\/errr-magazine.com\/english\/wp-json\/wp\/v2\/types\/post"}],"author":[{"embeddable":true,"href":"https:\/\/errr-magazine.com\/english\/wp-json\/wp\/v2\/users\/8261"}],"replies":[{"embeddable":true,"href":"https:\/\/errr-magazine.com\/english\/wp-json\/wp\/v2\/comments?post=201338"}],"version-history":[{"count":1,"href":"https:\/\/errr-magazine.com\/english\/wp-json\/wp\/v2\/posts\/201338\/revisions"}],"predecessor-version":[{"id":201342,"href":"https:\/\/errr-magazine.com\/english\/wp-json\/wp\/v2\/posts\/201338\/revisions\/201342"}],"wp:featuredmedia":[{"embeddable":true,"href":"https:\/\/errr-magazine.com\/english\/wp-json\/wp\/v2\/media\/201340"}],"wp:attachment":[{"href":"https:\/\/errr-magazine.com\/english\/wp-json\/wp\/v2\/media?parent=201338"}],"wp:term":[{"taxonomy":"category","embeddable":true,"href":"https:\/\/errr-magazine.com\/english\/wp-json\/wp\/v2\/categories?post=201338"},{"taxonomy":"post_tag","embeddable":true,"href":"https:\/\/errr-magazine.com\/english\/wp-json\/wp\/v2\/tags?post=201338"}],"curies":[{"name":"wp","href":"https:\/\/api.w.org\/{rel}","templated":true}]}}