{"id":197633,"date":"2026-01-13T17:35:44","date_gmt":"2026-01-13T23:35:44","guid":{"rendered":"https:\/\/errr-magazine.com\/?p=197633"},"modified":"2026-01-13T17:35:48","modified_gmt":"2026-01-13T23:35:48","slug":"segunda-fecha-yo-la-tengo-en-el-foro-indie-rocks","status":"publish","type":"post","link":"https:\/\/errr-magazine.com\/english\/segunda-fecha-yo-la-tengo-en-el-foro-indie-rocks\/","title":{"rendered":"Segunda fecha:\u00a0Yo La Tengo en el Foro Indie Rocks!"},"content":{"rendered":"<p>La Ciudad de M\u00e9xico no se conform\u00f3 con una sola fecha. Yo La Tengo suma&nbsp;<strong>un segundo show<\/strong>&nbsp;y confirma que su regreso no es un gesto nost\u00e1lgico, sino una visita necesaria.<\/p>\n\n\n\n<p>La banda originaria de Hoboken, Nueva Jersey, se presentar\u00e1&nbsp;<strong>el 20 y 21 de enero de 2026<\/strong>&nbsp;in the&nbsp;<strong>Sala (A) del Foro Indie Rocks!<\/strong>, trayendo de vuelta su universo sonoro y el material de&nbsp;<em>This Stupid World<\/em>, su m\u00e1s reciente \u00e1lbum de estudio, editado en 2023 a trav\u00e9s de Matador Records.<\/p>\n\n\n\n<figure class=\"wp-block-embed is-type-video is-provider-youtube wp-block-embed-youtube wp-embed-aspect-16-9 wp-has-aspect-ratio\"><div class=\"wp-block-embed__wrapper\">\n<iframe title=\"Yo La Tengo- The Bunker Sessions (Full Performance)\" width=\"500\" height=\"281\" data-src=\"https:\/\/www.youtube.com\/embed\/tSGWzvsOFYY?start=4&#038;feature=oembed\" frameborder=\"0\" allow=\"accelerometer; autoplay; clipboard-write; encrypted-media; gyroscope; picture-in-picture; web-share\" referrerpolicy=\"strict-origin-when-cross-origin\" allowfullscreen src=\"data:image\/svg+xml;base64,PHN2ZyB3aWR0aD0iMSIgaGVpZ2h0PSIxIiB4bWxucz0iaHR0cDovL3d3dy53My5vcmcvMjAwMC9zdmciPjwvc3ZnPg==\" class=\"lazyload\" data-load-mode=\"1\"><\/iframe>\n<\/div><\/figure>\n\n\n\n<p>Formada en 1984 por&nbsp;<strong>Ira Kaplan y Georgia Hubley<\/strong>, a quienes m\u00e1s tarde se unir\u00eda&nbsp;<strong>James McNew<\/strong>&nbsp;en 1992, Yo La Tengo se ha convertido en una banda de culto imposible de encasillar. Su m\u00fasica se mueve con naturalidad entre el folk, el noise, el punk, el shoegaze y la experimentaci\u00f3n electr\u00f3nica, siempre con una identidad propia que ha resistido modas, ciclos y algoritmos.<\/p>\n\n\n\n<p>M\u00e1s all\u00e1 del \u00e9xito comercial, Yo La Tengo ocupa un lugar privilegiado en la historia del indie rock: una banda profundamente respetada por la cr\u00edtica y abrazada por un p\u00fablico que entiende el valor de sus silencios, sus explosiones y su constante reinvenci\u00f3n. Sus visitas a M\u00e9xico han sido prueba de ello.<\/p>\n\n\n\n<p>Este regreso a la CDMX forma parte de una agenda intensa para la banda, que incluye una&nbsp;<strong>gira por Latinoam\u00e9rica<\/strong>, una&nbsp;<strong>residencia de ocho conciertos en Nueva York<\/strong>&nbsp;hacia el cierre de 2025 y su participaci\u00f3n en la&nbsp;<strong>edici\u00f3n 2026 del Wilco\u2019s Sky Blue Sky Festival<\/strong>&nbsp;en la Riviera Maya.<\/p>\n\n\n\n<p>Los boletos para la&nbsp;<strong>segunda fecha<\/strong>&nbsp;ya se encuentran disponibles a trav\u00e9s de&nbsp;<strong>Feverup.com<\/strong>. Dos noches para dejarse llevar por una banda que nunca ha tenido prisa, pero siempre ha sabido llegar a tiempo.&nbsp;<\/p>\n\n\n\n<p><a href=\"https:\/\/indierocks.us14.list-manage.com\/track\/click?u=4a5569f9fc100b6291dbfcb18&amp;id=e6f50a8762&amp;e=dc78f3b167\" target=\"_blank\" rel=\"noreferrer noopener\"><strong>Arte por: @eloscar_lc<\/strong><\/a><\/p>","protected":false},"excerpt":{"rendered":"<p>La Ciudad de M\u00e9xico no se conform\u00f3 con una sola fecha. Yo La Tengo suma&nbsp;un segundo show&nbsp;y confirma que su regreso no es un gesto nost\u00e1lgico, sino una visita necesaria. La banda originaria de Hoboken, Nueva Jersey, se presentar\u00e1&nbsp;el 20 y 21 de enero de 2026&nbsp;en la&nbsp;Sala (A) del Foro Indie Rocks!, trayendo de vuelta [&hellip;]<\/p>\n","protected":false},"author":7791,"featured_media":197634,"comment_status":"closed","ping_status":"closed","sticky":false,"template":"","format":"standard","meta":{"_acf_changed":false,"cybocfi_hide_featured_image":"","_jetpack_memberships_contains_paid_content":false,"footnotes":""},"categories":[17462],"tags":[],"class_list":["post-197633","post","type-post","status-publish","format-standard","has-post-thumbnail","hentry","category-noticias"],"acf":[],"mb":[],"yoast_head":"<!-- This site is optimized with the Yoast SEO plugin v27.2 - https:\/\/yoast.com\/product\/yoast-seo-wordpress\/ -->\n<title>Segunda fecha:\u00a0Yo La Tengo en el Foro Indie Rocks! - ERRR MAGAZINE<\/title>\n<meta name=\"robots\" content=\"index, follow, max-snippet:-1, max-image-preview:large, max-video-preview:-1\" \/>\n<link rel=\"canonical\" href=\"https:\/\/errr-magazine.com\/english\/segunda-fecha-yo-la-tengo-en-el-foro-indie-rocks\/\" \/>\n<meta property=\"og:locale\" content=\"en_US\" \/>\n<meta property=\"og:type\" content=\"article\" \/>\n<meta property=\"og:title\" content=\"Segunda fecha:\u00a0Yo La Tengo en el Foro Indie Rocks! - ERRR MAGAZINE\" \/>\n<meta property=\"og:description\" content=\"La Ciudad de M\u00e9xico no se conform\u00f3 con una sola fecha. Yo La Tengo suma&nbsp;un segundo show&nbsp;y confirma que su regreso no es un gesto nost\u00e1lgico, sino una visita necesaria. La banda originaria de Hoboken, Nueva Jersey, se presentar\u00e1&nbsp;el 20 y 21 de enero de 2026&nbsp;en la&nbsp;Sala (A) del Foro Indie Rocks!, trayendo de vuelta [&hellip;]\" \/>\n<meta property=\"og:url\" content=\"https:\/\/errr-magazine.com\/english\/segunda-fecha-yo-la-tengo-en-el-foro-indie-rocks\/\" \/>\n<meta property=\"og:site_name\" content=\"ERRR MAGAZINE\" \/>\n<meta property=\"article:published_time\" content=\"2026-01-13T23:35:44+00:00\" \/>\n<meta property=\"article:modified_time\" content=\"2026-01-13T23:35:48+00:00\" \/>\n<meta property=\"og:image\" content=\"https:\/\/errr-magazine.com\/wp-content\/uploads\/2026\/01\/unnamed.jpg\" \/>\n\t<meta property=\"og:image:width\" content=\"1081\" \/>\n\t<meta property=\"og:image:height\" content=\"1351\" \/>\n\t<meta property=\"og:image:type\" content=\"image\/jpeg\" \/>\n<meta name=\"author\" content=\"Marina V\u00e9lez\" \/>\n<meta name=\"twitter:card\" content=\"summary_large_image\" \/>\n<meta name=\"twitter:label1\" content=\"Written by\" \/>\n\t<meta name=\"twitter:data1\" content=\"Marina V\u00e9lez\" \/>\n\t<meta name=\"twitter:label2\" content=\"Est. reading time\" \/>\n\t<meta name=\"twitter:data2\" content=\"2 minutes\" \/>\n<script type=\"application\/ld+json\" class=\"yoast-schema-graph\">{\"@context\":\"https:\/\/schema.org\",\"@graph\":[{\"@type\":\"Article\",\"@id\":\"https:\/\/errr-magazine.com\/segunda-fecha-yo-la-tengo-en-el-foro-indie-rocks\/#article\",\"isPartOf\":{\"@id\":\"https:\/\/errr-magazine.com\/segunda-fecha-yo-la-tengo-en-el-foro-indie-rocks\/\"},\"author\":{\"name\":\"Marina V\u00e9lez\",\"@id\":\"https:\/\/errr-magazine.com\/#\/schema\/person\/dc795a3be43d63e4ff57a800db5ccb96\"},\"headline\":\"Segunda fecha:\u00a0Yo La Tengo en el Foro Indie Rocks!\",\"datePublished\":\"2026-01-13T23:35:44+00:00\",\"dateModified\":\"2026-01-13T23:35:48+00:00\",\"mainEntityOfPage\":{\"@id\":\"https:\/\/errr-magazine.com\/segunda-fecha-yo-la-tengo-en-el-foro-indie-rocks\/\"},\"wordCount\":338,\"image\":{\"@id\":\"https:\/\/errr-magazine.com\/segunda-fecha-yo-la-tengo-en-el-foro-indie-rocks\/#primaryimage\"},\"thumbnailUrl\":\"https:\/\/errr-magazine.com\/wp-content\/uploads\/2026\/01\/unnamed.jpg\",\"articleSection\":[\"Noticias\"],\"inLanguage\":\"en-US\"},{\"@type\":\"WebPage\",\"@id\":\"https:\/\/errr-magazine.com\/segunda-fecha-yo-la-tengo-en-el-foro-indie-rocks\/\",\"url\":\"https:\/\/errr-magazine.com\/segunda-fecha-yo-la-tengo-en-el-foro-indie-rocks\/\",\"name\":\"Segunda fecha:\u00a0Yo La Tengo en el Foro Indie Rocks! - ERRR MAGAZINE\",\"isPartOf\":{\"@id\":\"https:\/\/errr-magazine.com\/#website\"},\"primaryImageOfPage\":{\"@id\":\"https:\/\/errr-magazine.com\/segunda-fecha-yo-la-tengo-en-el-foro-indie-rocks\/#primaryimage\"},\"image\":{\"@id\":\"https:\/\/errr-magazine.com\/segunda-fecha-yo-la-tengo-en-el-foro-indie-rocks\/#primaryimage\"},\"thumbnailUrl\":\"https:\/\/errr-magazine.com\/wp-content\/uploads\/2026\/01\/unnamed.jpg\",\"datePublished\":\"2026-01-13T23:35:44+00:00\",\"dateModified\":\"2026-01-13T23:35:48+00:00\",\"author\":{\"@id\":\"https:\/\/errr-magazine.com\/#\/schema\/person\/dc795a3be43d63e4ff57a800db5ccb96\"},\"breadcrumb\":{\"@id\":\"https:\/\/errr-magazine.com\/segunda-fecha-yo-la-tengo-en-el-foro-indie-rocks\/#breadcrumb\"},\"inLanguage\":\"en-US\",\"potentialAction\":[{\"@type\":\"ReadAction\",\"target\":[\"https:\/\/errr-magazine.com\/segunda-fecha-yo-la-tengo-en-el-foro-indie-rocks\/\"]}]},{\"@type\":\"ImageObject\",\"inLanguage\":\"en-US\",\"@id\":\"https:\/\/errr-magazine.com\/segunda-fecha-yo-la-tengo-en-el-foro-indie-rocks\/#primaryimage\",\"url\":\"https:\/\/errr-magazine.com\/wp-content\/uploads\/2026\/01\/unnamed.jpg\",\"contentUrl\":\"https:\/\/errr-magazine.com\/wp-content\/uploads\/2026\/01\/unnamed.jpg\",\"width\":1081,\"height\":1351},{\"@type\":\"BreadcrumbList\",\"@id\":\"https:\/\/errr-magazine.com\/segunda-fecha-yo-la-tengo-en-el-foro-indie-rocks\/#breadcrumb\",\"itemListElement\":[{\"@type\":\"ListItem\",\"position\":1,\"name\":\"Portada\",\"item\":\"https:\/\/errr-magazine.com\/\"},{\"@type\":\"ListItem\",\"position\":2,\"name\":\"Segunda fecha:\u00a0Yo La Tengo en el Foro Indie Rocks!\"}]},{\"@type\":\"WebSite\",\"@id\":\"https:\/\/errr-magazine.com\/#website\",\"url\":\"https:\/\/errr-magazine.com\/\",\"name\":\"ERRR MAGAZINE\",\"description\":\"\",\"potentialAction\":[{\"@type\":\"SearchAction\",\"target\":{\"@type\":\"EntryPoint\",\"urlTemplate\":\"https:\/\/errr-magazine.com\/?s={search_term_string}\"},\"query-input\":{\"@type\":\"PropertyValueSpecification\",\"valueRequired\":true,\"valueName\":\"search_term_string\"}}],\"inLanguage\":\"en-US\"},{\"@type\":\"Person\",\"@id\":\"https:\/\/errr-magazine.com\/#\/schema\/person\/dc795a3be43d63e4ff57a800db5ccb96\",\"name\":\"Marina V\u00e9lez\",\"image\":{\"@type\":\"ImageObject\",\"inLanguage\":\"en-US\",\"@id\":\"https:\/\/secure.gravatar.com\/avatar\/65e688e2caaa095e04a02896c8ab84085efffd1dba991b9675904323ee1bfd39?s=96&d=identicon&r=g\",\"url\":\"https:\/\/secure.gravatar.com\/avatar\/65e688e2caaa095e04a02896c8ab84085efffd1dba991b9675904323ee1bfd39?s=96&d=identicon&r=g\",\"contentUrl\":\"https:\/\/secure.gravatar.com\/avatar\/65e688e2caaa095e04a02896c8ab84085efffd1dba991b9675904323ee1bfd39?s=96&d=identicon&r=g\",\"caption\":\"Marina V\u00e9lez\"},\"description\":\"Periodista y editora cultural especializada en m\u00fasica y arte contempor\u00e1neo.\",\"url\":\"https:\/\/errr-magazine.com\/english\/author\/marina-velez\/\"}]}<\/script>\n<!-- \/ Yoast SEO plugin. -->","yoast_head_json":{"title":"Segunda fecha:\u00a0Yo La Tengo en el Foro Indie Rocks! - ERRR MAGAZINE","robots":{"index":"index","follow":"follow","max-snippet":"max-snippet:-1","max-image-preview":"max-image-preview:large","max-video-preview":"max-video-preview:-1"},"canonical":"https:\/\/errr-magazine.com\/english\/segunda-fecha-yo-la-tengo-en-el-foro-indie-rocks\/","og_locale":"en_US","og_type":"article","og_title":"Segunda fecha:\u00a0Yo La Tengo en el Foro Indie Rocks! - ERRR MAGAZINE","og_description":"La Ciudad de M\u00e9xico no se conform\u00f3 con una sola fecha. Yo La Tengo suma&nbsp;un segundo show&nbsp;y confirma que su regreso no es un gesto nost\u00e1lgico, sino una visita necesaria. La banda originaria de Hoboken, Nueva Jersey, se presentar\u00e1&nbsp;el 20 y 21 de enero de 2026&nbsp;en la&nbsp;Sala (A) del Foro Indie Rocks!, trayendo de vuelta [&hellip;]","og_url":"https:\/\/errr-magazine.com\/english\/segunda-fecha-yo-la-tengo-en-el-foro-indie-rocks\/","og_site_name":"ERRR MAGAZINE","article_published_time":"2026-01-13T23:35:44+00:00","article_modified_time":"2026-01-13T23:35:48+00:00","og_image":[{"width":1081,"height":1351,"url":"https:\/\/errr-magazine.com\/wp-content\/uploads\/2026\/01\/unnamed.jpg","type":"image\/jpeg"}],"author":"Marina V\u00e9lez","twitter_card":"summary_large_image","twitter_misc":{"Written by":"Marina V\u00e9lez","Est. reading time":"2 minutes"},"schema":{"@context":"https:\/\/schema.org","@graph":[{"@type":"Article","@id":"https:\/\/errr-magazine.com\/segunda-fecha-yo-la-tengo-en-el-foro-indie-rocks\/#article","isPartOf":{"@id":"https:\/\/errr-magazine.com\/segunda-fecha-yo-la-tengo-en-el-foro-indie-rocks\/"},"author":{"name":"Marina V\u00e9lez","@id":"https:\/\/errr-magazine.com\/#\/schema\/person\/dc795a3be43d63e4ff57a800db5ccb96"},"headline":"Segunda fecha:\u00a0Yo La Tengo en el Foro Indie Rocks!","datePublished":"2026-01-13T23:35:44+00:00","dateModified":"2026-01-13T23:35:48+00:00","mainEntityOfPage":{"@id":"https:\/\/errr-magazine.com\/segunda-fecha-yo-la-tengo-en-el-foro-indie-rocks\/"},"wordCount":338,"image":{"@id":"https:\/\/errr-magazine.com\/segunda-fecha-yo-la-tengo-en-el-foro-indie-rocks\/#primaryimage"},"thumbnailUrl":"https:\/\/errr-magazine.com\/wp-content\/uploads\/2026\/01\/unnamed.jpg","articleSection":["Noticias"],"inLanguage":"en-US"},{"@type":"WebPage","@id":"https:\/\/errr-magazine.com\/segunda-fecha-yo-la-tengo-en-el-foro-indie-rocks\/","url":"https:\/\/errr-magazine.com\/segunda-fecha-yo-la-tengo-en-el-foro-indie-rocks\/","name":"Segunda fecha:\u00a0Yo La Tengo en el Foro Indie Rocks! - ERRR MAGAZINE","isPartOf":{"@id":"https:\/\/errr-magazine.com\/#website"},"primaryImageOfPage":{"@id":"https:\/\/errr-magazine.com\/segunda-fecha-yo-la-tengo-en-el-foro-indie-rocks\/#primaryimage"},"image":{"@id":"https:\/\/errr-magazine.com\/segunda-fecha-yo-la-tengo-en-el-foro-indie-rocks\/#primaryimage"},"thumbnailUrl":"https:\/\/errr-magazine.com\/wp-content\/uploads\/2026\/01\/unnamed.jpg","datePublished":"2026-01-13T23:35:44+00:00","dateModified":"2026-01-13T23:35:48+00:00","author":{"@id":"https:\/\/errr-magazine.com\/#\/schema\/person\/dc795a3be43d63e4ff57a800db5ccb96"},"breadcrumb":{"@id":"https:\/\/errr-magazine.com\/segunda-fecha-yo-la-tengo-en-el-foro-indie-rocks\/#breadcrumb"},"inLanguage":"en-US","potentialAction":[{"@type":"ReadAction","target":["https:\/\/errr-magazine.com\/segunda-fecha-yo-la-tengo-en-el-foro-indie-rocks\/"]}]},{"@type":"ImageObject","inLanguage":"en-US","@id":"https:\/\/errr-magazine.com\/segunda-fecha-yo-la-tengo-en-el-foro-indie-rocks\/#primaryimage","url":"https:\/\/errr-magazine.com\/wp-content\/uploads\/2026\/01\/unnamed.jpg","contentUrl":"https:\/\/errr-magazine.com\/wp-content\/uploads\/2026\/01\/unnamed.jpg","width":1081,"height":1351},{"@type":"BreadcrumbList","@id":"https:\/\/errr-magazine.com\/segunda-fecha-yo-la-tengo-en-el-foro-indie-rocks\/#breadcrumb","itemListElement":[{"@type":"ListItem","position":1,"name":"Portada","item":"https:\/\/errr-magazine.com\/"},{"@type":"ListItem","position":2,"name":"Segunda fecha:\u00a0Yo La Tengo en el Foro Indie Rocks!"}]},{"@type":"WebSite","@id":"https:\/\/errr-magazine.com\/#website","url":"https:\/\/errr-magazine.com\/","name":"ERRR MAGAZINE","description":"","potentialAction":[{"@type":"SearchAction","target":{"@type":"EntryPoint","urlTemplate":"https:\/\/errr-magazine.com\/?s={search_term_string}"},"query-input":{"@type":"PropertyValueSpecification","valueRequired":true,"valueName":"search_term_string"}}],"inLanguage":"en-US"},{"@type":"Person","@id":"https:\/\/errr-magazine.com\/#\/schema\/person\/dc795a3be43d63e4ff57a800db5ccb96","name":"Marina Velez","image":{"@type":"ImageObject","inLanguage":"en-US","@id":"https:\/\/secure.gravatar.com\/avatar\/65e688e2caaa095e04a02896c8ab84085efffd1dba991b9675904323ee1bfd39?s=96&d=identicon&r=g","url":"https:\/\/secure.gravatar.com\/avatar\/65e688e2caaa095e04a02896c8ab84085efffd1dba991b9675904323ee1bfd39?s=96&d=identicon&r=g","contentUrl":"https:\/\/secure.gravatar.com\/avatar\/65e688e2caaa095e04a02896c8ab84085efffd1dba991b9675904323ee1bfd39?s=96&d=identicon&r=g","caption":"Marina V\u00e9lez"},"description":"Journalist and cultural editor specializing in contemporary music and art.","url":"https:\/\/errr-magazine.com\/english\/author\/marina-velez\/"}]}},"jetpack_featured_media_url":"https:\/\/errr-magazine.com\/wp-content\/uploads\/2026\/01\/unnamed.jpg","jetpack-related-posts":[{"id":194395,"url":"https:\/\/errr-magazine.com\/english\/hipnosis-trae-de-vuelta-a-yo-la-tengo-en-el-foro-indie-rocks\/","url_meta":{"origin":197633,"position":0},"title":"Hipnosis trae de vuelta a Yo La Tengo en el Foro Indie Rocks!","author":"Marina V\u00e9lez","date":"10\/09\/2025","format":false,"excerpt":"La Ciudad de M\u00e9xico abre el 2026 con un regreso imperdible: Yo La Tengo se presentar\u00e1 el pr\u00f3ximo 20 de enero, gracias a la curadur\u00eda de Hipnosis. Los boletos ya est\u00e1n disponibles para quienes quieran ser parte de esta cita.","rel":"","context":"In &quot;Noticias&quot;","block_context":{"text":"Noticias","link":"https:\/\/errr-magazine.com\/english\/category\/noticias\/"},"img":{"alt_text":"","src":"https:\/\/i0.wp.com\/errr-magazine.com\/wp-content\/uploads\/2025\/10\/d5708b8c-2aa7-4379-8ff4-621f13d95c90.jpeg?resize=350%2C200&ssl=1","width":350,"height":200,"srcset":"https:\/\/i0.wp.com\/errr-magazine.com\/wp-content\/uploads\/2025\/10\/d5708b8c-2aa7-4379-8ff4-621f13d95c90.jpeg?resize=350%2C200&ssl=1 1x, https:\/\/i0.wp.com\/errr-magazine.com\/wp-content\/uploads\/2025\/10\/d5708b8c-2aa7-4379-8ff4-621f13d95c90.jpeg?resize=525%2C300&ssl=1 1.5x, https:\/\/i0.wp.com\/errr-magazine.com\/wp-content\/uploads\/2025\/10\/d5708b8c-2aa7-4379-8ff4-621f13d95c90.jpeg?resize=700%2C400&ssl=1 2x, https:\/\/i0.wp.com\/errr-magazine.com\/wp-content\/uploads\/2025\/10\/d5708b8c-2aa7-4379-8ff4-621f13d95c90.jpeg?resize=1050%2C600&ssl=1 3x, https:\/\/i0.wp.com\/errr-magazine.com\/wp-content\/uploads\/2025\/10\/d5708b8c-2aa7-4379-8ff4-621f13d95c90.jpeg?resize=1400%2C800&ssl=1 4x"},"classes":[]},{"id":190771,"url":"https:\/\/errr-magazine.com\/english\/juana-aguirre-llega-a-cdmx-con-su-disco-mas-mutante\/","url_meta":{"origin":197633,"position":1},"title":"Juana Aguirre llega a CDMX con su disco m\u00e1s mutante","author":"Luc\u00eda Barrag\u00e1n","date":"06\/26\/2025","format":false,"excerpt":"El pr\u00f3ximo 14 de octubre, la compositora y productora argentina aterriza en el Foro Indie Rocks! para presentar\u00a0an\u00f3nimo, su segundo disco de estudio, despu\u00e9s de recorrer Medell\u00edn, Berl\u00edn, Londres y otras coordenadas del mapa global.","rel":"","context":"In &quot;Noticias&quot;","block_context":{"text":"Noticias","link":"https:\/\/errr-magazine.com\/english\/category\/noticias\/"},"img":{"alt_text":"","src":"https:\/\/i0.wp.com\/errr-magazine.com\/wp-content\/uploads\/2025\/06\/lAOk-L5q.jpeg?resize=350%2C200&ssl=1","width":350,"height":200,"srcset":"https:\/\/i0.wp.com\/errr-magazine.com\/wp-content\/uploads\/2025\/06\/lAOk-L5q.jpeg?resize=350%2C200&ssl=1 1x, https:\/\/i0.wp.com\/errr-magazine.com\/wp-content\/uploads\/2025\/06\/lAOk-L5q.jpeg?resize=525%2C300&ssl=1 1.5x, https:\/\/i0.wp.com\/errr-magazine.com\/wp-content\/uploads\/2025\/06\/lAOk-L5q.jpeg?resize=700%2C400&ssl=1 2x, https:\/\/i0.wp.com\/errr-magazine.com\/wp-content\/uploads\/2025\/06\/lAOk-L5q.jpeg?resize=1050%2C600&ssl=1 3x, https:\/\/i0.wp.com\/errr-magazine.com\/wp-content\/uploads\/2025\/06\/lAOk-L5q.jpeg?resize=1400%2C800&ssl=1 4x"},"classes":[]},{"id":193989,"url":"https:\/\/errr-magazine.com\/english\/hipnosis-2025-dos-dias-dos-dimensiones\/","url_meta":{"origin":197633,"position":2},"title":"Hipnosis 2025: dos d\u00edas, dos dimensiones","author":"Luc\u00eda Barrag\u00e1n","date":"10\/03\/2025","format":false,"excerpt":"El 1 y 2 de noviembre, Hipnosis 2025 toma el Estadio Fray Nano con un cartel de dos dimensiones: Pavement, Dinosaur Jr., Molchat Doma, Spiritualized, Motorama, Crumb y m\u00e1s. Un viaje sonoro entre noise, post-punk, psicodelia y ensue\u00f1o","rel":"","context":"In &quot;Noticias&quot;","block_context":{"text":"Noticias","link":"https:\/\/errr-magazine.com\/english\/category\/noticias\/"},"img":{"alt_text":"","src":"https:\/\/i0.wp.com\/errr-magazine.com\/wp-content\/uploads\/2025\/10\/4686059967_7e29aed04c_o.jpg?resize=350%2C200&ssl=1","width":350,"height":200,"srcset":"https:\/\/i0.wp.com\/errr-magazine.com\/wp-content\/uploads\/2025\/10\/4686059967_7e29aed04c_o.jpg?resize=350%2C200&ssl=1 1x, https:\/\/i0.wp.com\/errr-magazine.com\/wp-content\/uploads\/2025\/10\/4686059967_7e29aed04c_o.jpg?resize=525%2C300&ssl=1 1.5x, https:\/\/i0.wp.com\/errr-magazine.com\/wp-content\/uploads\/2025\/10\/4686059967_7e29aed04c_o.jpg?resize=700%2C400&ssl=1 2x, https:\/\/i0.wp.com\/errr-magazine.com\/wp-content\/uploads\/2025\/10\/4686059967_7e29aed04c_o.jpg?resize=1050%2C600&ssl=1 3x, https:\/\/i0.wp.com\/errr-magazine.com\/wp-content\/uploads\/2025\/10\/4686059967_7e29aed04c_o.jpg?resize=1400%2C800&ssl=1 4x"},"classes":[]},{"id":171670,"url":"https:\/\/errr-magazine.com\/english\/cherries\/","url_meta":{"origin":197633,"position":3},"title":"Cherries","author":"Piotr Pietrus","date":"05\/18\/2021","format":false,"excerpt":"Antifascists responding the right way to a recent neo-Nazi march in Berlin. This shot was taken during the first Corona lockdown in April 2020. Home, family and steaming bathwater - I am very grateful to have these stable rocks in a world out of balance. A picture of Jesus for\u2026","rel":"","context":"In &quot;Textos&quot;","block_context":{"text":"Textos","link":"https:\/\/errr-magazine.com\/english\/category\/textos\/"},"img":{"alt_text":"","src":"https:\/\/i0.wp.com\/errr-magazine.com\/wp-content\/uploads\/2021\/05\/5max-scaled.jpg?resize=350%2C200&ssl=1","width":350,"height":200,"srcset":"https:\/\/i0.wp.com\/errr-magazine.com\/wp-content\/uploads\/2021\/05\/5max-scaled.jpg?resize=350%2C200&ssl=1 1x, https:\/\/i0.wp.com\/errr-magazine.com\/wp-content\/uploads\/2021\/05\/5max-scaled.jpg?resize=525%2C300&ssl=1 1.5x, https:\/\/i0.wp.com\/errr-magazine.com\/wp-content\/uploads\/2021\/05\/5max-scaled.jpg?resize=700%2C400&ssl=1 2x, https:\/\/i0.wp.com\/errr-magazine.com\/wp-content\/uploads\/2021\/05\/5max-scaled.jpg?resize=1050%2C600&ssl=1 3x, https:\/\/i0.wp.com\/errr-magazine.com\/wp-content\/uploads\/2021\/05\/5max-scaled.jpg?resize=1400%2C800&ssl=1 4x"},"classes":[]},{"id":184853,"url":"https:\/\/errr-magazine.com\/english\/miercoles-31-de-mayo\/","url_meta":{"origin":197633,"position":4},"title":"Mi\u00e9rcoles 31 de mayo","author":"Iv\u00e1n Guti\u00e9rrez","date":"06\/22\/2023","format":false,"excerpt":"Mi\u00e9rcoles 31 de mayo, Foro Indie Rocks. Es la primera vez que estoy en este escenario importante de la escena musical independiente. En \u00e9l se han presentado bandas y m\u00fasicos de gran trascendencia. La alineaci\u00f3n musical de esta noche la forman Abel Ib\u00e1\u00f1ez G., Amapola y Madame R\u00e9camier, tres proyectos\u2026","rel":"","context":"In &quot;Writing&quot;","block_context":{"text":"Writing","link":"https:\/\/errr-magazine.com\/english\/category\/writing\/"},"img":{"alt_text":"","src":"https:\/\/i0.wp.com\/errr-magazine.com\/wp-content\/uploads\/2023\/06\/DSC_2390-scaled.jpg?resize=350%2C200&ssl=1","width":350,"height":200,"srcset":"https:\/\/i0.wp.com\/errr-magazine.com\/wp-content\/uploads\/2023\/06\/DSC_2390-scaled.jpg?resize=350%2C200&ssl=1 1x, https:\/\/i0.wp.com\/errr-magazine.com\/wp-content\/uploads\/2023\/06\/DSC_2390-scaled.jpg?resize=525%2C300&ssl=1 1.5x, https:\/\/i0.wp.com\/errr-magazine.com\/wp-content\/uploads\/2023\/06\/DSC_2390-scaled.jpg?resize=700%2C400&ssl=1 2x, https:\/\/i0.wp.com\/errr-magazine.com\/wp-content\/uploads\/2023\/06\/DSC_2390-scaled.jpg?resize=1050%2C600&ssl=1 3x, https:\/\/i0.wp.com\/errr-magazine.com\/wp-content\/uploads\/2023\/06\/DSC_2390-scaled.jpg?resize=1400%2C800&ssl=1 4x"},"classes":[]},{"id":182642,"url":"https:\/\/errr-magazine.com\/english\/home-a-memory\/","url_meta":{"origin":197633,"position":5},"title":"home (a memory)","author":"Zoe Grey","date":"08\/30\/2021","format":false,"excerpt":"I made this drawing quite quickly, so the marks are fast and expressive, not over considered or second guessed. There is a rawness to the work I enjoy...","rel":"","context":"In &quot;Interview&quot;","block_context":{"text":"Interview","link":"https:\/\/errr-magazine.com\/english\/category\/interviews\/"},"img":{"alt_text":"","src":"https:\/\/i0.wp.com\/errr-magazine.com\/wp-content\/uploads\/2022\/08\/Zoe_Grey_Home_a_memory-1.jpg?resize=350%2C200&ssl=1","width":350,"height":200,"srcset":"https:\/\/i0.wp.com\/errr-magazine.com\/wp-content\/uploads\/2022\/08\/Zoe_Grey_Home_a_memory-1.jpg?resize=350%2C200&ssl=1 1x, https:\/\/i0.wp.com\/errr-magazine.com\/wp-content\/uploads\/2022\/08\/Zoe_Grey_Home_a_memory-1.jpg?resize=525%2C300&ssl=1 1.5x, https:\/\/i0.wp.com\/errr-magazine.com\/wp-content\/uploads\/2022\/08\/Zoe_Grey_Home_a_memory-1.jpg?resize=700%2C400&ssl=1 2x, https:\/\/i0.wp.com\/errr-magazine.com\/wp-content\/uploads\/2022\/08\/Zoe_Grey_Home_a_memory-1.jpg?resize=1050%2C600&ssl=1 3x, https:\/\/i0.wp.com\/errr-magazine.com\/wp-content\/uploads\/2022\/08\/Zoe_Grey_Home_a_memory-1.jpg?resize=1400%2C800&ssl=1 4x"},"classes":[]}],"jetpack_sharing_enabled":true,"mfb_rest_fields":["title","yoast_head","yoast_head_json","jetpack_featured_media_url","jetpack-related-posts","jetpack_sharing_enabled"],"_links":{"self":[{"href":"https:\/\/errr-magazine.com\/english\/wp-json\/wp\/v2\/posts\/197633","targetHints":{"allow":["GET"]}}],"collection":[{"href":"https:\/\/errr-magazine.com\/english\/wp-json\/wp\/v2\/posts"}],"about":[{"href":"https:\/\/errr-magazine.com\/english\/wp-json\/wp\/v2\/types\/post"}],"author":[{"embeddable":true,"href":"https:\/\/errr-magazine.com\/english\/wp-json\/wp\/v2\/users\/7791"}],"replies":[{"embeddable":true,"href":"https:\/\/errr-magazine.com\/english\/wp-json\/wp\/v2\/comments?post=197633"}],"version-history":[{"count":1,"href":"https:\/\/errr-magazine.com\/english\/wp-json\/wp\/v2\/posts\/197633\/revisions"}],"predecessor-version":[{"id":197635,"href":"https:\/\/errr-magazine.com\/english\/wp-json\/wp\/v2\/posts\/197633\/revisions\/197635"}],"wp:featuredmedia":[{"embeddable":true,"href":"https:\/\/errr-magazine.com\/english\/wp-json\/wp\/v2\/media\/197634"}],"wp:attachment":[{"href":"https:\/\/errr-magazine.com\/english\/wp-json\/wp\/v2\/media?parent=197633"}],"wp:term":[{"taxonomy":"category","embeddable":true,"href":"https:\/\/errr-magazine.com\/english\/wp-json\/wp\/v2\/categories?post=197633"},{"taxonomy":"post_tag","embeddable":true,"href":"https:\/\/errr-magazine.com\/english\/wp-json\/wp\/v2\/tags?post=197633"}],"curies":[{"name":"wp","href":"https:\/\/api.w.org\/{rel}","templated":true}]}}