{"id":196845,"date":"2026-01-04T07:00:00","date_gmt":"2026-01-04T13:00:00","guid":{"rendered":"https:\/\/errr-magazine.com\/?p=196845"},"modified":"2026-01-04T07:37:43","modified_gmt":"2026-01-04T13:37:43","slug":"temporada-de-eclipses","status":"publish","type":"post","link":"https:\/\/errr-magazine.com\/english\/temporada-de-eclipses\/","title":{"rendered":"Eclipse season"},"content":{"rendered":"<p><strong>What pieces or projects have you been working on lately?<\/strong><br>A bit of everything, trying to expand as much as possible and explore different paths. Lately, I\u2019ve been working a lot photographing people, exploring the body, whether in a controlled environment with a model or in spontaneous street scenes. I love observing bodies and how each one interacts with its space and the light. The experience of directing and connecting with someone feels very enriching. Likewise, photographing strangers on the street feels like a very important act of attention and discovery. I\u2019m also working on a <em>stop motion<\/em> project animating butterflies, which excites me a lot, and recently I directed a dance short about self-criticism, which ended up being a very healing experience.<\/p>\n\n\n\n<figure class=\"wp-block-image size-large\"><img decoding=\"async\" width=\"683\" height=\"1024\" data-src=\"https:\/\/errr-magazine.com\/wp-content\/uploads\/2026\/01\/RCN-14-683x1024.jpg\" alt=\"\" class=\"wp-image-196848 lazyload\" data-srcset=\"https:\/\/errr-magazine.com\/wp-content\/uploads\/2026\/01\/RCN-14-683x1024.jpg 683w, https:\/\/errr-magazine.com\/wp-content\/uploads\/2026\/01\/RCN-14-200x300.jpg 200w, https:\/\/errr-magazine.com\/wp-content\/uploads\/2026\/01\/RCN-14-768x1152.jpg 768w, https:\/\/errr-magazine.com\/wp-content\/uploads\/2026\/01\/RCN-14-8x12.jpg 8w, https:\/\/errr-magazine.com\/wp-content\/uploads\/2026\/01\/RCN-14.jpg 1000w\" data-sizes=\"(max-width: 683px) 100vw, 683px\" src=\"data:image\/svg+xml;base64,PHN2ZyB3aWR0aD0iMSIgaGVpZ2h0PSIxIiB4bWxucz0iaHR0cDovL3d3dy53My5vcmcvMjAwMC9zdmciPjwvc3ZnPg==\" style=\"--smush-placeholder-width: 683px; --smush-placeholder-aspect-ratio: 683\/1024;\" \/><\/figure>\n\n\n\n<p><strong>What did you learn (or unlearn) while working on them?<\/strong><br>With these projects, I learned a lot about my own post-production process. Before, I didn\u2019t give it much importance because I didn\u2019t feel technically prepared and couldn\u2019t achieve the results I wanted. With each project, I experimented more and more, but I ended up relying too much on editing and retouching. I learned the importance of finding a balance between both: trying to get it right in the scene while letting retouching enhance rather than fix. I\u2019ve also enjoyed applying what I\u2019ve learned to video, simply to observe how the image transforms and behaves differently.<\/p>\n\n\n\n<figure class=\"wp-block-image size-large\"><img decoding=\"async\" width=\"1024\" height=\"683\" data-src=\"https:\/\/errr-magazine.com\/wp-content\/uploads\/2026\/01\/RCN-15--1024x683.jpg\" alt=\"\" class=\"wp-image-196849 lazyload\" data-srcset=\"https:\/\/errr-magazine.com\/wp-content\/uploads\/2026\/01\/RCN-15--1024x683.jpg 1024w, https:\/\/errr-magazine.com\/wp-content\/uploads\/2026\/01\/RCN-15--300x200.jpg 300w, https:\/\/errr-magazine.com\/wp-content\/uploads\/2026\/01\/RCN-15--768x513.jpg 768w, https:\/\/errr-magazine.com\/wp-content\/uploads\/2026\/01\/RCN-15--18x12.jpg 18w, https:\/\/errr-magazine.com\/wp-content\/uploads\/2026\/01\/RCN-15-.jpg 1500w\" data-sizes=\"(max-width: 1024px) 100vw, 1024px\" src=\"data:image\/svg+xml;base64,PHN2ZyB3aWR0aD0iMSIgaGVpZ2h0PSIxIiB4bWxucz0iaHR0cDovL3d3dy53My5vcmcvMjAwMC9zdmciPjwvc3ZnPg==\" style=\"--smush-placeholder-width: 1024px; --smush-placeholder-aspect-ratio: 1024\/683;\" \/><\/figure>\n\n\n\n<p><strong>What words, ideas or emotions were going through your head?<\/strong><br>I thought about how fragile and at the same time powerful the body is, how lucky we are to be able to experience it, and the importance of checking the white balance on my camera.<\/p>\n\n\n\n<figure class=\"wp-block-image size-large\"><img decoding=\"async\" width=\"1024\" height=\"679\" data-src=\"https:\/\/errr-magazine.com\/wp-content\/uploads\/2026\/01\/RCN-20--1024x679.jpg\" alt=\"\" class=\"wp-image-196850 lazyload\" data-srcset=\"https:\/\/errr-magazine.com\/wp-content\/uploads\/2026\/01\/RCN-20--1024x679.jpg 1024w, https:\/\/errr-magazine.com\/wp-content\/uploads\/2026\/01\/RCN-20--300x199.jpg 300w, https:\/\/errr-magazine.com\/wp-content\/uploads\/2026\/01\/RCN-20--768x509.jpg 768w, https:\/\/errr-magazine.com\/wp-content\/uploads\/2026\/01\/RCN-20--18x12.jpg 18w, https:\/\/errr-magazine.com\/wp-content\/uploads\/2026\/01\/RCN-20-.jpg 1500w\" data-sizes=\"(max-width: 1024px) 100vw, 1024px\" src=\"data:image\/svg+xml;base64,PHN2ZyB3aWR0aD0iMSIgaGVpZ2h0PSIxIiB4bWxucz0iaHR0cDovL3d3dy53My5vcmcvMjAwMC9zdmciPjwvc3ZnPg==\" style=\"--smush-placeholder-width: 1024px; --smush-placeholder-aspect-ratio: 1024\/679;\" \/><\/figure>\n\n\n\n<p><strong>Were there any conversations, movies, music, or books that made their way into that work?<\/strong><br>There\u2019s always a lot swirling in my head. For these projects, I thought a lot about the work of Justine Kurland, especially her series <em><a href=\"https:\/\/www.justinekurland.com\/work\/girl-pictures-19972002\">Girl Pictures<\/a><\/em>. I love how sincere the photos are, and I\u2019ve always felt a strong connection to them. I would love to create something in which people see themselves reflected. I also thought about the movie <em><a href=\"https:\/\/letterboxd.com\/film\/perfect-blue\/\">Perfect Blue<\/a><\/em> Perfect Blue by Satoshi Kon and <a href=\"http:\/\/letterboxd.com\/film\/bathroom-intimacy\/\"><em>Bathroom Intimacy<\/em> <\/a>by Jaime Humberto because of the atmosphere. Likewise, the album Push <em><a href=\"https:\/\/open.spotify.com\/album\/094LVoZpuHpU0QwZQNmqAc?si=eMVAUppRSwK54VtXZPLGIg\">Push<\/a><\/em> by Sextile inspired me with its energy.<\/p>\n\n\n\n<figure class=\"wp-block-image size-large\"><img decoding=\"async\" width=\"1024\" height=\"683\" data-src=\"https:\/\/errr-magazine.com\/wp-content\/uploads\/2026\/01\/RCN-10--1024x683.jpg\" alt=\"\" class=\"wp-image-196851 lazyload\" data-srcset=\"https:\/\/errr-magazine.com\/wp-content\/uploads\/2026\/01\/RCN-10--1024x683.jpg 1024w, https:\/\/errr-magazine.com\/wp-content\/uploads\/2026\/01\/RCN-10--300x200.jpg 300w, https:\/\/errr-magazine.com\/wp-content\/uploads\/2026\/01\/RCN-10--768x513.jpg 768w, https:\/\/errr-magazine.com\/wp-content\/uploads\/2026\/01\/RCN-10--18x12.jpg 18w, https:\/\/errr-magazine.com\/wp-content\/uploads\/2026\/01\/RCN-10-.jpg 1500w\" data-sizes=\"(max-width: 1024px) 100vw, 1024px\" src=\"data:image\/svg+xml;base64,PHN2ZyB3aWR0aD0iMSIgaGVpZ2h0PSIxIiB4bWxucz0iaHR0cDovL3d3dy53My5vcmcvMjAwMC9zdmciPjwvc3ZnPg==\" style=\"--smush-placeholder-width: 1024px; --smush-placeholder-aspect-ratio: 1024\/683;\" \/><\/figure>\n\n\n\n<p><strong>What's been the most difficult thing you've faced recently in your creative process?<\/strong><br>Finding the balance between the aesthetic and the meaningful. I love images, but sometimes I worry about falling into the superficiality of presenting only \u201cpretty photographs.\u201d For me, context is just as important as technique, and I have to constantly remind myself that one doesn\u2019t exclude the other. That said, I enjoy much more when a photograph invites me to see the photographer\u2019s personality and values reflected in their work, rather than focusing only on technical matters, like \u201cwhat lighting or lens did they use?\u201d<\/p>\n\n\n\n<figure class=\"wp-block-image size-large\"><img decoding=\"async\" width=\"679\" height=\"1024\" data-src=\"https:\/\/errr-magazine.com\/wp-content\/uploads\/2026\/01\/RCN-6--679x1024.jpg\" alt=\"\" class=\"wp-image-196852 lazyload\" data-srcset=\"https:\/\/errr-magazine.com\/wp-content\/uploads\/2026\/01\/RCN-6--679x1024.jpg 679w, https:\/\/errr-magazine.com\/wp-content\/uploads\/2026\/01\/RCN-6--199x300.jpg 199w, https:\/\/errr-magazine.com\/wp-content\/uploads\/2026\/01\/RCN-6--768x1158.jpg 768w, https:\/\/errr-magazine.com\/wp-content\/uploads\/2026\/01\/RCN-6--8x12.jpg 8w, https:\/\/errr-magazine.com\/wp-content\/uploads\/2026\/01\/RCN-6-.jpg 995w\" data-sizes=\"(max-width: 679px) 100vw, 679px\" src=\"data:image\/svg+xml;base64,PHN2ZyB3aWR0aD0iMSIgaGVpZ2h0PSIxIiB4bWxucz0iaHR0cDovL3d3dy53My5vcmcvMjAwMC9zdmciPjwvc3ZnPg==\" style=\"--smush-placeholder-width: 679px; --smush-placeholder-aspect-ratio: 679\/1024;\" \/><\/figure>\n\n\n\n<p><strong>What is your favorite restaurant and what do you recommend we order?<\/strong><br>It changes all the time. I recently discovered a place called <em>Bangkok<\/em>inside Galer\u00edas Plaza de las Estrellas, right in front of Juan Gabriel\u2019s star. It\u2019s excellent, especially the mango and rice dessert. I also recommend <em>Faba<\/em> on Chiapas Street; it just opened, and everything I tried was amazing.<\/p>\n\n\n\n<figure class=\"wp-block-image size-large\"><img decoding=\"async\" width=\"683\" height=\"1024\" data-src=\"https:\/\/errr-magazine.com\/wp-content\/uploads\/2026\/01\/RCN-8--683x1024.jpg\" alt=\"\" class=\"wp-image-196853 lazyload\" data-srcset=\"https:\/\/errr-magazine.com\/wp-content\/uploads\/2026\/01\/RCN-8--683x1024.jpg 683w, https:\/\/errr-magazine.com\/wp-content\/uploads\/2026\/01\/RCN-8--200x300.jpg 200w, https:\/\/errr-magazine.com\/wp-content\/uploads\/2026\/01\/RCN-8--768x1152.jpg 768w, https:\/\/errr-magazine.com\/wp-content\/uploads\/2026\/01\/RCN-8--8x12.jpg 8w, https:\/\/errr-magazine.com\/wp-content\/uploads\/2026\/01\/RCN-8-.jpg 1000w\" data-sizes=\"(max-width: 683px) 100vw, 683px\" src=\"data:image\/svg+xml;base64,PHN2ZyB3aWR0aD0iMSIgaGVpZ2h0PSIxIiB4bWxucz0iaHR0cDovL3d3dy53My5vcmcvMjAwMC9zdmciPjwvc3ZnPg==\" style=\"--smush-placeholder-width: 683px; --smush-placeholder-aspect-ratio: 683\/1024;\" \/><\/figure>\n\n\n\n<p><strong>If your life were a movie this month, what would it be called and who would write the soundtrack?<\/strong><br>If this month was a movie, it would be called <em>Eclipse season<\/em>, because September was a bit intense, and the <em>soundtrack <\/em>would have to be a collaboration between <a href=\"https:\/\/open.spotify.com\/artist\/6uothxMWeLWIhsGeF7cyo4?si=ZB30x-U2S0KCwaL4VKDWxQ\">Enya<\/a>, <a href=\"https:\/\/open.spotify.com\/artist\/5CFSYjc0PAiQvndFjafabk?si=ioVnerTBTLOK-bxDY9jPHQ\">Dean Blunt,<\/a> and <a href=\"https:\/\/open.spotify.com\/artist\/1P6U1dCeHxPui5pIrGmndZ?si=IDkDPSX2SC6DVP2HwVbJuA\">Air<\/a>.<\/p>\n\n\n\n<figure class=\"wp-block-image size-large\"><img decoding=\"async\" width=\"1024\" height=\"683\" data-src=\"https:\/\/errr-magazine.com\/wp-content\/uploads\/2026\/01\/RCN-12--1024x683.jpg\" alt=\"\" class=\"wp-image-196854 lazyload\" data-srcset=\"https:\/\/errr-magazine.com\/wp-content\/uploads\/2026\/01\/RCN-12--1024x683.jpg 1024w, https:\/\/errr-magazine.com\/wp-content\/uploads\/2026\/01\/RCN-12--300x200.jpg 300w, https:\/\/errr-magazine.com\/wp-content\/uploads\/2026\/01\/RCN-12--768x512.jpg 768w, https:\/\/errr-magazine.com\/wp-content\/uploads\/2026\/01\/RCN-12--18x12.jpg 18w, https:\/\/errr-magazine.com\/wp-content\/uploads\/2026\/01\/RCN-12-.jpg 1500w\" data-sizes=\"(max-width: 1024px) 100vw, 1024px\" src=\"data:image\/svg+xml;base64,PHN2ZyB3aWR0aD0iMSIgaGVpZ2h0PSIxIiB4bWxucz0iaHR0cDovL3d3dy53My5vcmcvMjAwMC9zdmciPjwvc3ZnPg==\" style=\"--smush-placeholder-width: 1024px; --smush-placeholder-aspect-ratio: 1024\/683;\" \/><\/figure>\n\n\n\n<p><strong>Recommend one or more artists you follow who inspire you, and tell us what you like most about their work or their way of working.<\/strong><br>I deeply admire my friends and the way they create, especially my dance colleagues, who inspire me with their ability to solve and materialize what they imagine, as well as their constant drive to keep creating and encouraging each other. Among the artists who inspire me, I would say Juergen Teller, especially a <a href=\"https:\/\/www.dazeddigital.com\/fashion\/gallery\/33185\/3\/juergen-teller-i-need-to-live\">photo<\/a> he took of Bj\u00f6rk with her son at the Blue Lagoon in Iceland. I love how relaxed Bj\u00f6rk looks and the fact that it was taken in such an iconic location in her home country. I\u2019m fascinated by the context and intimacy of that image.<\/p>\n\n\n\n<p><\/p>","protected":false},"excerpt":{"rendered":"<p>I love visuals, but sometimes I worry about falling into the trap of simply presenting \"pretty pictures.\" For me, context is just as important as technique, and I have to constantly remind myself that one doesn't exclude the other.<\/p>","protected":false},"author":8060,"featured_media":196860,"comment_status":"closed","ping_status":"closed","sticky":false,"template":"","format":"standard","meta":{"_acf_changed":false,"cybocfi_hide_featured_image":"","_jetpack_memberships_contains_paid_content":false,"footnotes":""},"categories":[17856],"tags":[],"class_list":["post-196845","post","type-post","status-publish","format-standard","has-post-thumbnail","hentry","category-artes-visuales"],"acf":[],"mb":[],"yoast_head":"<!-- This site is optimized with the Yoast SEO plugin v27.2 - https:\/\/yoast.com\/product\/yoast-seo-wordpress\/ -->\n<title>Temporada de eclipses - ERRR MAGAZINE<\/title>\n<meta name=\"robots\" content=\"index, follow, max-snippet:-1, max-image-preview:large, max-video-preview:-1\" \/>\n<link rel=\"canonical\" href=\"https:\/\/errr-magazine.com\/english\/temporada-de-eclipses\/\" \/>\n<meta property=\"og:locale\" content=\"en_US\" \/>\n<meta property=\"og:type\" content=\"article\" \/>\n<meta property=\"og:title\" content=\"Temporada de eclipses - ERRR MAGAZINE\" \/>\n<meta property=\"og:description\" content=\"Amo la imagen, pero a veces me preocupa caer en la superficialidad de presentar \u00fanicamente \u201cfotograf\u00edas bonitas\u201d. Para m\u00ed, el contexto tiene tanto valor como lo t\u00e9cnico, y me tengo que recordar constantemente que una no excluye a la otra.\" \/>\n<meta property=\"og:url\" content=\"https:\/\/errr-magazine.com\/english\/temporada-de-eclipses\/\" \/>\n<meta property=\"og:site_name\" content=\"ERRR MAGAZINE\" \/>\n<meta property=\"article:published_time\" content=\"2026-01-04T13:00:00+00:00\" \/>\n<meta property=\"article:modified_time\" content=\"2026-01-04T13:37:43+00:00\" \/>\n<meta property=\"og:image\" content=\"https:\/\/errr-magazine.com\/wp-content\/uploads\/2026\/01\/RCN-9-1-1.jpg\" \/>\n\t<meta property=\"og:image:width\" content=\"1500\" \/>\n\t<meta property=\"og:image:height\" content=\"1000\" \/>\n\t<meta property=\"og:image:type\" content=\"image\/jpeg\" \/>\n<meta name=\"author\" content=\"Roberta Cornew Nu\u00f1ez\" \/>\n<meta name=\"twitter:card\" content=\"summary_large_image\" \/>\n<meta name=\"twitter:label1\" content=\"Written by\" \/>\n\t<meta name=\"twitter:data1\" content=\"Roberta Cornew Nu\u00f1ez\" \/>\n\t<meta name=\"twitter:label2\" content=\"Est. reading time\" \/>\n\t<meta name=\"twitter:data2\" content=\"5 minutes\" \/>\n<script type=\"application\/ld+json\" class=\"yoast-schema-graph\">{\"@context\":\"https:\/\/schema.org\",\"@graph\":[{\"@type\":\"Article\",\"@id\":\"https:\/\/errr-magazine.com\/temporada-de-eclipses\/#article\",\"isPartOf\":{\"@id\":\"https:\/\/errr-magazine.com\/temporada-de-eclipses\/\"},\"author\":{\"name\":\"Roberta Cornew Nu\u00f1ez\",\"@id\":\"https:\/\/errr-magazine.com\/#\/schema\/person\/3b4582c73f86a32416a81c08386a5658\"},\"headline\":\"Temporada de eclipses\",\"datePublished\":\"2026-01-04T13:00:00+00:00\",\"dateModified\":\"2026-01-04T13:37:43+00:00\",\"mainEntityOfPage\":{\"@id\":\"https:\/\/errr-magazine.com\/temporada-de-eclipses\/\"},\"wordCount\":789,\"image\":{\"@id\":\"https:\/\/errr-magazine.com\/temporada-de-eclipses\/#primaryimage\"},\"thumbnailUrl\":\"https:\/\/errr-magazine.com\/wp-content\/uploads\/2026\/01\/RCN-9-1-1.jpg\",\"articleSection\":[\"Artes visuales\"],\"inLanguage\":\"en-US\"},{\"@type\":\"WebPage\",\"@id\":\"https:\/\/errr-magazine.com\/temporada-de-eclipses\/\",\"url\":\"https:\/\/errr-magazine.com\/temporada-de-eclipses\/\",\"name\":\"Temporada de eclipses - ERRR MAGAZINE\",\"isPartOf\":{\"@id\":\"https:\/\/errr-magazine.com\/#website\"},\"primaryImageOfPage\":{\"@id\":\"https:\/\/errr-magazine.com\/temporada-de-eclipses\/#primaryimage\"},\"image\":{\"@id\":\"https:\/\/errr-magazine.com\/temporada-de-eclipses\/#primaryimage\"},\"thumbnailUrl\":\"https:\/\/errr-magazine.com\/wp-content\/uploads\/2026\/01\/RCN-9-1-1.jpg\",\"datePublished\":\"2026-01-04T13:00:00+00:00\",\"dateModified\":\"2026-01-04T13:37:43+00:00\",\"author\":{\"@id\":\"https:\/\/errr-magazine.com\/#\/schema\/person\/3b4582c73f86a32416a81c08386a5658\"},\"breadcrumb\":{\"@id\":\"https:\/\/errr-magazine.com\/temporada-de-eclipses\/#breadcrumb\"},\"inLanguage\":\"en-US\",\"potentialAction\":[{\"@type\":\"ReadAction\",\"target\":[\"https:\/\/errr-magazine.com\/temporada-de-eclipses\/\"]}]},{\"@type\":\"ImageObject\",\"inLanguage\":\"en-US\",\"@id\":\"https:\/\/errr-magazine.com\/temporada-de-eclipses\/#primaryimage\",\"url\":\"https:\/\/errr-magazine.com\/wp-content\/uploads\/2026\/01\/RCN-9-1-1.jpg\",\"contentUrl\":\"https:\/\/errr-magazine.com\/wp-content\/uploads\/2026\/01\/RCN-9-1-1.jpg\",\"width\":1500,\"height\":1000},{\"@type\":\"BreadcrumbList\",\"@id\":\"https:\/\/errr-magazine.com\/temporada-de-eclipses\/#breadcrumb\",\"itemListElement\":[{\"@type\":\"ListItem\",\"position\":1,\"name\":\"Portada\",\"item\":\"https:\/\/errr-magazine.com\/\"},{\"@type\":\"ListItem\",\"position\":2,\"name\":\"Temporada de eclipses\"}]},{\"@type\":\"WebSite\",\"@id\":\"https:\/\/errr-magazine.com\/#website\",\"url\":\"https:\/\/errr-magazine.com\/\",\"name\":\"ERRR MAGAZINE\",\"description\":\"\",\"potentialAction\":[{\"@type\":\"SearchAction\",\"target\":{\"@type\":\"EntryPoint\",\"urlTemplate\":\"https:\/\/errr-magazine.com\/?s={search_term_string}\"},\"query-input\":{\"@type\":\"PropertyValueSpecification\",\"valueRequired\":true,\"valueName\":\"search_term_string\"}}],\"inLanguage\":\"en-US\"},{\"@type\":\"Person\",\"@id\":\"https:\/\/errr-magazine.com\/#\/schema\/person\/3b4582c73f86a32416a81c08386a5658\",\"name\":\"Roberta Cornew Nu\u00f1ez\",\"image\":{\"@type\":\"ImageObject\",\"inLanguage\":\"en-US\",\"@id\":\"https:\/\/secure.gravatar.com\/avatar\/100e0ec4738c517414b2ed2f3c67b7d921c316b45a8aaabc2cb309e85cc54690?s=96&d=identicon&r=g\",\"url\":\"https:\/\/secure.gravatar.com\/avatar\/100e0ec4738c517414b2ed2f3c67b7d921c316b45a8aaabc2cb309e85cc54690?s=96&d=identicon&r=g\",\"contentUrl\":\"https:\/\/secure.gravatar.com\/avatar\/100e0ec4738c517414b2ed2f3c67b7d921c316b45a8aaabc2cb309e85cc54690?s=96&d=identicon&r=g\",\"caption\":\"Roberta Cornew Nu\u00f1ez\"},\"description\":\"Roberta Cornew Nu\u00f1ez es una fot\u00f3grafa y cineasta de la ciudad de M\u00e9xico.\",\"sameAs\":[\"https:\/\/www.instagram.com\/productoflash\/\"],\"url\":\"https:\/\/errr-magazine.com\/english\/author\/rcn\/\"}]}<\/script>\n<!-- \/ Yoast SEO plugin. -->","yoast_head_json":{"title":"Temporada de eclipses - ERRR MAGAZINE","robots":{"index":"index","follow":"follow","max-snippet":"max-snippet:-1","max-image-preview":"max-image-preview:large","max-video-preview":"max-video-preview:-1"},"canonical":"https:\/\/errr-magazine.com\/english\/temporada-de-eclipses\/","og_locale":"en_US","og_type":"article","og_title":"Temporada de eclipses - ERRR MAGAZINE","og_description":"Amo la imagen, pero a veces me preocupa caer en la superficialidad de presentar \u00fanicamente \u201cfotograf\u00edas bonitas\u201d. Para m\u00ed, el contexto tiene tanto valor como lo t\u00e9cnico, y me tengo que recordar constantemente que una no excluye a la otra.","og_url":"https:\/\/errr-magazine.com\/english\/temporada-de-eclipses\/","og_site_name":"ERRR MAGAZINE","article_published_time":"2026-01-04T13:00:00+00:00","article_modified_time":"2026-01-04T13:37:43+00:00","og_image":[{"width":1500,"height":1000,"url":"https:\/\/errr-magazine.com\/wp-content\/uploads\/2026\/01\/RCN-9-1-1.jpg","type":"image\/jpeg"}],"author":"Roberta Cornew Nu\u00f1ez","twitter_card":"summary_large_image","twitter_misc":{"Written by":"Roberta Cornew Nu\u00f1ez","Est. reading time":"5 minutes"},"schema":{"@context":"https:\/\/schema.org","@graph":[{"@type":"Article","@id":"https:\/\/errr-magazine.com\/temporada-de-eclipses\/#article","isPartOf":{"@id":"https:\/\/errr-magazine.com\/temporada-de-eclipses\/"},"author":{"name":"Roberta Cornew Nu\u00f1ez","@id":"https:\/\/errr-magazine.com\/#\/schema\/person\/3b4582c73f86a32416a81c08386a5658"},"headline":"Temporada de eclipses","datePublished":"2026-01-04T13:00:00+00:00","dateModified":"2026-01-04T13:37:43+00:00","mainEntityOfPage":{"@id":"https:\/\/errr-magazine.com\/temporada-de-eclipses\/"},"wordCount":789,"image":{"@id":"https:\/\/errr-magazine.com\/temporada-de-eclipses\/#primaryimage"},"thumbnailUrl":"https:\/\/errr-magazine.com\/wp-content\/uploads\/2026\/01\/RCN-9-1-1.jpg","articleSection":["Artes visuales"],"inLanguage":"en-US"},{"@type":"WebPage","@id":"https:\/\/errr-magazine.com\/temporada-de-eclipses\/","url":"https:\/\/errr-magazine.com\/temporada-de-eclipses\/","name":"Temporada de eclipses - ERRR MAGAZINE","isPartOf":{"@id":"https:\/\/errr-magazine.com\/#website"},"primaryImageOfPage":{"@id":"https:\/\/errr-magazine.com\/temporada-de-eclipses\/#primaryimage"},"image":{"@id":"https:\/\/errr-magazine.com\/temporada-de-eclipses\/#primaryimage"},"thumbnailUrl":"https:\/\/errr-magazine.com\/wp-content\/uploads\/2026\/01\/RCN-9-1-1.jpg","datePublished":"2026-01-04T13:00:00+00:00","dateModified":"2026-01-04T13:37:43+00:00","author":{"@id":"https:\/\/errr-magazine.com\/#\/schema\/person\/3b4582c73f86a32416a81c08386a5658"},"breadcrumb":{"@id":"https:\/\/errr-magazine.com\/temporada-de-eclipses\/#breadcrumb"},"inLanguage":"en-US","potentialAction":[{"@type":"ReadAction","target":["https:\/\/errr-magazine.com\/temporada-de-eclipses\/"]}]},{"@type":"ImageObject","inLanguage":"en-US","@id":"https:\/\/errr-magazine.com\/temporada-de-eclipses\/#primaryimage","url":"https:\/\/errr-magazine.com\/wp-content\/uploads\/2026\/01\/RCN-9-1-1.jpg","contentUrl":"https:\/\/errr-magazine.com\/wp-content\/uploads\/2026\/01\/RCN-9-1-1.jpg","width":1500,"height":1000},{"@type":"BreadcrumbList","@id":"https:\/\/errr-magazine.com\/temporada-de-eclipses\/#breadcrumb","itemListElement":[{"@type":"ListItem","position":1,"name":"Portada","item":"https:\/\/errr-magazine.com\/"},{"@type":"ListItem","position":2,"name":"Temporada de eclipses"}]},{"@type":"WebSite","@id":"https:\/\/errr-magazine.com\/#website","url":"https:\/\/errr-magazine.com\/","name":"ERRR MAGAZINE","description":"","potentialAction":[{"@type":"SearchAction","target":{"@type":"EntryPoint","urlTemplate":"https:\/\/errr-magazine.com\/?s={search_term_string}"},"query-input":{"@type":"PropertyValueSpecification","valueRequired":true,"valueName":"search_term_string"}}],"inLanguage":"en-US"},{"@type":"Person","@id":"https:\/\/errr-magazine.com\/#\/schema\/person\/3b4582c73f86a32416a81c08386a5658","name":"Roberta Cornew Nu\u00f1ez","image":{"@type":"ImageObject","inLanguage":"en-US","@id":"https:\/\/secure.gravatar.com\/avatar\/100e0ec4738c517414b2ed2f3c67b7d921c316b45a8aaabc2cb309e85cc54690?s=96&d=identicon&r=g","url":"https:\/\/secure.gravatar.com\/avatar\/100e0ec4738c517414b2ed2f3c67b7d921c316b45a8aaabc2cb309e85cc54690?s=96&d=identicon&r=g","contentUrl":"https:\/\/secure.gravatar.com\/avatar\/100e0ec4738c517414b2ed2f3c67b7d921c316b45a8aaabc2cb309e85cc54690?s=96&d=identicon&r=g","caption":"Roberta Cornew Nu\u00f1ez"},"description":"Roberta Cornew Nu\u00f1ez is a photographer and filmmaker from Mexico City.","sameAs":["https:\/\/www.instagram.com\/productoflash\/"],"url":"https:\/\/errr-magazine.com\/english\/author\/rcn\/"}]}},"jetpack_featured_media_url":"https:\/\/errr-magazine.com\/wp-content\/uploads\/2026\/01\/RCN-9-1-1.jpg","jetpack-related-posts":[{"id":203393,"url":"https:\/\/errr-magazine.com\/english\/epocas-pasadas\/","url_meta":{"origin":196845,"position":0},"title":"Bygone Eras","author":"Michele Hamparian","date":"03\/31\/2026","format":false,"excerpt":"I\u2019ve always been obsessed with bygone eras \u2014 the cars, the fashion, the music, and the way we\u2019ve evolved as a society. But more than anything, I\u2019m drawn to architecture: the designs that were brought to life decades ago and that have, in many cases, been left almost entirely unchanged.","rel":"","context":"In &quot;Artes visuales&quot;","block_context":{"text":"Artes visuales","link":"https:\/\/errr-magazine.com\/english\/category\/interviews\/artes-visuales\/"},"img":{"alt_text":"","src":"https:\/\/i0.wp.com\/errr-magazine.com\/wp-content\/uploads\/2026\/03\/000063360021.jpg?resize=350%2C200&ssl=1","width":350,"height":200,"srcset":"https:\/\/i0.wp.com\/errr-magazine.com\/wp-content\/uploads\/2026\/03\/000063360021.jpg?resize=350%2C200&ssl=1 1x, https:\/\/i0.wp.com\/errr-magazine.com\/wp-content\/uploads\/2026\/03\/000063360021.jpg?resize=525%2C300&ssl=1 1.5x, https:\/\/i0.wp.com\/errr-magazine.com\/wp-content\/uploads\/2026\/03\/000063360021.jpg?resize=700%2C400&ssl=1 2x, https:\/\/i0.wp.com\/errr-magazine.com\/wp-content\/uploads\/2026\/03\/000063360021.jpg?resize=1050%2C600&ssl=1 3x"},"classes":[]},{"id":200039,"url":"https:\/\/errr-magazine.com\/english\/para-entonces\/","url_meta":{"origin":196845,"position":1},"title":"For Then","author":"Valeria Espitia Ducoing","date":"02\/23\/2026","format":false,"excerpt":"I learned to find myself in what we avoid looking at\u2014in what hurts or makes us uncomfortable but insists on staying in our depths. I discovered the power that lies in fragility and the possibility of collective connection that emerges from the intimate.","rel":"","context":"In &quot;Artes visuales&quot;","block_context":{"text":"Artes visuales","link":"https:\/\/errr-magazine.com\/english\/category\/interviews\/artes-visuales\/"},"img":{"alt_text":"","src":"https:\/\/i0.wp.com\/errr-magazine.com\/wp-content\/uploads\/2026\/02\/DSC4556-scaled.jpg?resize=350%2C200&ssl=1","width":350,"height":200,"srcset":"https:\/\/i0.wp.com\/errr-magazine.com\/wp-content\/uploads\/2026\/02\/DSC4556-scaled.jpg?resize=350%2C200&ssl=1 1x, https:\/\/i0.wp.com\/errr-magazine.com\/wp-content\/uploads\/2026\/02\/DSC4556-scaled.jpg?resize=525%2C300&ssl=1 1.5x, https:\/\/i0.wp.com\/errr-magazine.com\/wp-content\/uploads\/2026\/02\/DSC4556-scaled.jpg?resize=700%2C400&ssl=1 2x, https:\/\/i0.wp.com\/errr-magazine.com\/wp-content\/uploads\/2026\/02\/DSC4556-scaled.jpg?resize=1050%2C600&ssl=1 3x, https:\/\/i0.wp.com\/errr-magazine.com\/wp-content\/uploads\/2026\/02\/DSC4556-scaled.jpg?resize=1400%2C800&ssl=1 4x"},"classes":[]},{"id":202064,"url":"https:\/\/errr-magazine.com\/english\/vivimos-aqui\/","url_meta":{"origin":196845,"position":2},"title":"We Live Here","author":"Guillermo Laguna","date":"03\/12\/2026","format":false,"excerpt":"Durante mucho tiempo estuve enfocado en hacer retratos, pero en los \u00faltimos dos a\u00f1os, me he enfocado m\u00e1s en salir y hacer fotograf\u00eda de calle en mi ciudad o en los lugares a los que viajo.","rel":"","context":"In &quot;Artes visuales&quot;","block_context":{"text":"Artes visuales","link":"https:\/\/errr-magazine.com\/english\/category\/interviews\/artes-visuales\/"},"img":{"alt_text":"","src":"https:\/\/i0.wp.com\/errr-magazine.com\/wp-content\/uploads\/2026\/03\/1-6.jpg?resize=350%2C200&ssl=1","width":350,"height":200,"srcset":"https:\/\/i0.wp.com\/errr-magazine.com\/wp-content\/uploads\/2026\/03\/1-6.jpg?resize=350%2C200&ssl=1 1x, https:\/\/i0.wp.com\/errr-magazine.com\/wp-content\/uploads\/2026\/03\/1-6.jpg?resize=525%2C300&ssl=1 1.5x, https:\/\/i0.wp.com\/errr-magazine.com\/wp-content\/uploads\/2026\/03\/1-6.jpg?resize=700%2C400&ssl=1 2x, https:\/\/i0.wp.com\/errr-magazine.com\/wp-content\/uploads\/2026\/03\/1-6.jpg?resize=1050%2C600&ssl=1 3x, https:\/\/i0.wp.com\/errr-magazine.com\/wp-content\/uploads\/2026\/03\/1-6.jpg?resize=1400%2C800&ssl=1 4x"},"classes":[]},{"id":202933,"url":"https:\/\/errr-magazine.com\/english\/el-regreso\/","url_meta":{"origin":196845,"position":3},"title":"The Return","author":"Mark \u201cMac\u201d Gamier","date":"03\/23\/2026","format":false,"excerpt":"You have to keep shooting as often as you can to stay inspired. If you keep practicing photography, you\u2019ll be able to get out of the rut and find inspiration and motivation.","rel":"","context":"In &quot;Artes visuales&quot;","block_context":{"text":"Artes visuales","link":"https:\/\/errr-magazine.com\/english\/category\/interviews\/artes-visuales\/"},"img":{"alt_text":"","src":"https:\/\/i0.wp.com\/errr-magazine.com\/wp-content\/uploads\/2026\/03\/000014-2-scaled.jpg?resize=350%2C200&ssl=1","width":350,"height":200,"srcset":"https:\/\/i0.wp.com\/errr-magazine.com\/wp-content\/uploads\/2026\/03\/000014-2-scaled.jpg?resize=350%2C200&ssl=1 1x, https:\/\/i0.wp.com\/errr-magazine.com\/wp-content\/uploads\/2026\/03\/000014-2-scaled.jpg?resize=525%2C300&ssl=1 1.5x, https:\/\/i0.wp.com\/errr-magazine.com\/wp-content\/uploads\/2026\/03\/000014-2-scaled.jpg?resize=700%2C400&ssl=1 2x, https:\/\/i0.wp.com\/errr-magazine.com\/wp-content\/uploads\/2026\/03\/000014-2-scaled.jpg?resize=1050%2C600&ssl=1 3x, https:\/\/i0.wp.com\/errr-magazine.com\/wp-content\/uploads\/2026\/03\/000014-2-scaled.jpg?resize=1400%2C800&ssl=1 4x"},"classes":[]},{"id":201995,"url":"https:\/\/errr-magazine.com\/english\/reboot-from-recover\/","url_meta":{"origin":196845,"position":4},"title":"Reboot From Recover","author":"Iv\u00e1n Olvera","date":"03\/11\/2026","format":false,"excerpt":"Rather than closed projects, my practice functions as a process of exploration and inner discovery, where each image becomes an episode that feeds into a larger project focused on maintaining my sense of wonder, feeling present, and nurturing an internal dialogue.","rel":"","context":"In &quot;Artes visuales&quot;","block_context":{"text":"Artes visuales","link":"https:\/\/errr-magazine.com\/english\/category\/interviews\/artes-visuales\/"},"img":{"alt_text":"","src":"https:\/\/i0.wp.com\/errr-magazine.com\/wp-content\/uploads\/2026\/03\/AAA027.jpg?resize=350%2C200&ssl=1","width":350,"height":200,"srcset":"https:\/\/i0.wp.com\/errr-magazine.com\/wp-content\/uploads\/2026\/03\/AAA027.jpg?resize=350%2C200&ssl=1 1x, https:\/\/i0.wp.com\/errr-magazine.com\/wp-content\/uploads\/2026\/03\/AAA027.jpg?resize=525%2C300&ssl=1 1.5x, https:\/\/i0.wp.com\/errr-magazine.com\/wp-content\/uploads\/2026\/03\/AAA027.jpg?resize=700%2C400&ssl=1 2x, https:\/\/i0.wp.com\/errr-magazine.com\/wp-content\/uploads\/2026\/03\/AAA027.jpg?resize=1050%2C600&ssl=1 3x"},"classes":[]},{"id":202230,"url":"https:\/\/errr-magazine.com\/english\/dias-tranquilos\/","url_meta":{"origin":196845,"position":5},"title":"Quiet Days","author":"Hazel Noxpanco","date":"03\/13\/2026","format":false,"excerpt":"Sometimes a good photograph appears when I stop looking for it so desperately. I\u2019ve also learned that I don\u2019t always have to be creating something new to feel like I\u2019m moving forward.","rel":"","context":"In &quot;Artes visuales&quot;","block_context":{"text":"Artes visuales","link":"https:\/\/errr-magazine.com\/english\/category\/interviews\/artes-visuales\/"},"img":{"alt_text":"","src":"https:\/\/i0.wp.com\/errr-magazine.com\/wp-content\/uploads\/2026\/03\/11-4.jpg?resize=350%2C200&ssl=1","width":350,"height":200,"srcset":"https:\/\/i0.wp.com\/errr-magazine.com\/wp-content\/uploads\/2026\/03\/11-4.jpg?resize=350%2C200&ssl=1 1x, https:\/\/i0.wp.com\/errr-magazine.com\/wp-content\/uploads\/2026\/03\/11-4.jpg?resize=525%2C300&ssl=1 1.5x, https:\/\/i0.wp.com\/errr-magazine.com\/wp-content\/uploads\/2026\/03\/11-4.jpg?resize=700%2C400&ssl=1 2x"},"classes":[]}],"jetpack_sharing_enabled":true,"mfb_rest_fields":["title","yoast_head","yoast_head_json","jetpack_featured_media_url","jetpack-related-posts","jetpack_sharing_enabled"],"_links":{"self":[{"href":"https:\/\/errr-magazine.com\/english\/wp-json\/wp\/v2\/posts\/196845","targetHints":{"allow":["GET"]}}],"collection":[{"href":"https:\/\/errr-magazine.com\/english\/wp-json\/wp\/v2\/posts"}],"about":[{"href":"https:\/\/errr-magazine.com\/english\/wp-json\/wp\/v2\/types\/post"}],"author":[{"embeddable":true,"href":"https:\/\/errr-magazine.com\/english\/wp-json\/wp\/v2\/users\/8060"}],"replies":[{"embeddable":true,"href":"https:\/\/errr-magazine.com\/english\/wp-json\/wp\/v2\/comments?post=196845"}],"version-history":[{"count":4,"href":"https:\/\/errr-magazine.com\/english\/wp-json\/wp\/v2\/posts\/196845\/revisions"}],"predecessor-version":[{"id":196861,"href":"https:\/\/errr-magazine.com\/english\/wp-json\/wp\/v2\/posts\/196845\/revisions\/196861"}],"wp:featuredmedia":[{"embeddable":true,"href":"https:\/\/errr-magazine.com\/english\/wp-json\/wp\/v2\/media\/196860"}],"wp:attachment":[{"href":"https:\/\/errr-magazine.com\/english\/wp-json\/wp\/v2\/media?parent=196845"}],"wp:term":[{"taxonomy":"category","embeddable":true,"href":"https:\/\/errr-magazine.com\/english\/wp-json\/wp\/v2\/categories?post=196845"},{"taxonomy":"post_tag","embeddable":true,"href":"https:\/\/errr-magazine.com\/english\/wp-json\/wp\/v2\/tags?post=196845"}],"curies":[{"name":"wp","href":"https:\/\/api.w.org\/{rel}","templated":true}]}}