{"id":196762,"date":"2026-01-03T07:00:00","date_gmt":"2026-01-03T13:00:00","guid":{"rendered":"https:\/\/errr-magazine.com\/?p=196762"},"modified":"2026-01-03T08:22:20","modified_gmt":"2026-01-03T14:22:20","slug":"la-tierra-sabe-mis-pasos","status":"publish","type":"post","link":"https:\/\/errr-magazine.com\/english\/la-tierra-sabe-mis-pasos\/","title":{"rendered":"The land knows my steps"},"content":{"rendered":"<p><strong>What pieces or projects have you been working on lately?<\/strong><\/p>\n\n\n\n<p>I'm working on several series of handmade collages, a hat collection, some writing projects, and other ideas in development. It's been a very hectic month.<\/p>\n\n\n\n<p>For now, I\u2019m focused on a project that I\u2019ll be presenting soon: a series of collages that function as fragments of a landscape, built through interventions with paper, pigments, and textiles.&nbsp;<\/p>\n\n\n\n<p>Lately, I\u2019ve also been exploring analog photography. I'm interested in understanding how different media work to generate references, and in experimenting with various techniques and materials in the development of my work.<\/p>\n\n\n\n<figure class=\"wp-block-image size-large is-resized\"><img decoding=\"async\" width=\"571\" height=\"766\" data-src=\"https:\/\/errr-magazine.com\/wp-content\/uploads\/2026\/01\/5-collage-manual-page0-9-edited.jpg\" alt=\"\" class=\"wp-image-196801 lazyload\" style=\"--smush-placeholder-width: 571px; --smush-placeholder-aspect-ratio: 571\/766;aspect-ratio:0.7454366344092253;width:650px;height:auto\" data-srcset=\"https:\/\/errr-magazine.com\/wp-content\/uploads\/2026\/01\/5-collage-manual-page0-9-edited.jpg 571w, https:\/\/errr-magazine.com\/wp-content\/uploads\/2026\/01\/5-collage-manual-page0-9-edited-224x300.jpg 224w, https:\/\/errr-magazine.com\/wp-content\/uploads\/2026\/01\/5-collage-manual-page0-9-edited-9x12.jpg 9w\" data-sizes=\"(max-width: 571px) 100vw, 571px\" src=\"data:image\/svg+xml;base64,PHN2ZyB3aWR0aD0iMSIgaGVpZ2h0PSIxIiB4bWxucz0iaHR0cDovL3d3dy53My5vcmcvMjAwMC9zdmciPjwvc3ZnPg==\" \/><\/figure>\n\n\n\n<p><strong>What did you learn (or unlearn) while working on them?<\/strong><\/p>\n\n\n\n<p>With collage, I\u2019ve learned to let go of my obsessive side a little and allow myself to be guided by images, textures, and mistakes. I usually spend many hours on details, but I discovered that this technique allows me to disconnect and find a calm that I don\u2019t always achieve with other media.<\/p>\n\n\n\n<figure class=\"wp-block-image size-large\"><img decoding=\"async\" width=\"1024\" height=\"753\" data-src=\"https:\/\/errr-magazine.com\/wp-content\/uploads\/2026\/01\/6-serie-zurcido_collage-manual-1-1024x753.jpg\" alt=\"\" class=\"wp-image-196775 lazyload\" data-srcset=\"https:\/\/errr-magazine.com\/wp-content\/uploads\/2026\/01\/6-serie-zurcido_collage-manual-1-1024x753.jpg 1024w, https:\/\/errr-magazine.com\/wp-content\/uploads\/2026\/01\/6-serie-zurcido_collage-manual-1-300x221.jpg 300w, https:\/\/errr-magazine.com\/wp-content\/uploads\/2026\/01\/6-serie-zurcido_collage-manual-1-768x565.jpg 768w, https:\/\/errr-magazine.com\/wp-content\/uploads\/2026\/01\/6-serie-zurcido_collage-manual-1-1536x1130.jpg 1536w, https:\/\/errr-magazine.com\/wp-content\/uploads\/2026\/01\/6-serie-zurcido_collage-manual-1-16x12.jpg 16w, https:\/\/errr-magazine.com\/wp-content\/uploads\/2026\/01\/6-serie-zurcido_collage-manual-1.jpg 2048w\" data-sizes=\"(max-width: 1024px) 100vw, 1024px\" src=\"data:image\/svg+xml;base64,PHN2ZyB3aWR0aD0iMSIgaGVpZ2h0PSIxIiB4bWxucz0iaHR0cDovL3d3dy53My5vcmcvMjAwMC9zdmciPjwvc3ZnPg==\" style=\"--smush-placeholder-width: 1024px; --smush-placeholder-aspect-ratio: 1024\/753;\" \/><\/figure>\n\n\n\n<p><strong>What words, ideas or emotions were going through your head?<\/strong><\/p>\n\n\n\n<p>Observation, calm, understanding, movement, inhabiting.<\/p>\n\n\n\n<figure class=\"wp-block-image size-full\"><img decoding=\"async\" width=\"1716\" height=\"2560\" data-src=\"https:\/\/errr-magazine.com\/wp-content\/uploads\/2026\/01\/4-R1-01132-0028-scaled.jpg\" alt=\"\" class=\"wp-image-196768 lazyload\" data-srcset=\"https:\/\/errr-magazine.com\/wp-content\/uploads\/2026\/01\/4-R1-01132-0028-scaled.jpg 1716w, https:\/\/errr-magazine.com\/wp-content\/uploads\/2026\/01\/4-R1-01132-0028-201x300.jpg 201w, https:\/\/errr-magazine.com\/wp-content\/uploads\/2026\/01\/4-R1-01132-0028-686x1024.jpg 686w, https:\/\/errr-magazine.com\/wp-content\/uploads\/2026\/01\/4-R1-01132-0028-768x1146.jpg 768w, https:\/\/errr-magazine.com\/wp-content\/uploads\/2026\/01\/4-R1-01132-0028-1030x1536.jpg 1030w, https:\/\/errr-magazine.com\/wp-content\/uploads\/2026\/01\/4-R1-01132-0028-1373x2048.jpg 1373w, https:\/\/errr-magazine.com\/wp-content\/uploads\/2026\/01\/4-R1-01132-0028-8x12.jpg 8w\" data-sizes=\"(max-width: 1716px) 100vw, 1716px\" src=\"data:image\/svg+xml;base64,PHN2ZyB3aWR0aD0iMSIgaGVpZ2h0PSIxIiB4bWxucz0iaHR0cDovL3d3dy53My5vcmcvMjAwMC9zdmciPjwvc3ZnPg==\" style=\"--smush-placeholder-width: 1716px; --smush-placeholder-aspect-ratio: 1716\/2560;\" \/><\/figure>\n\n\n\n<p><strong>Were there any conversations, movies, music, or books that made their way into that work?<\/strong><\/p>\n\n\n\n<p>Yes, a little bit of everything. I\u2019ve always enjoyed having music, series, and cinema close by. Much of my work is connected to landscape, nature, and the relationship I establish with objects and materials.<\/p>\n\n\n\n<p>I recently read <em><a href=\"https:\/\/www.goodreads.com\/book\/show\/236116003-el-hombre-en-el-jard-n?from_search=true&amp;from_srp=true&amp;qid=OImvltpB1Y&amp;rank=1\">El Hombre en el Jard\u00edn<\/a> <\/em>by Gilma Luque and highly recommend it. My go-to book is <em><a href=\"https:\/\/www.goodreads.com\/book\/show\/1163551.La_Monta_a_del_Alma?from_search=true&amp;from_srp=true&amp;qid=SNa51aXyjr&amp;rank=1\">Soul Mountain<\/a> <\/em>by Gao Xingjian, and the ones I currently keep on my desk are <em><a href=\"https:\/\/www.goodreads.com\/book\/show\/119628.El_escritor_y_sus_fantasmas?from_search=true&amp;from_srp=true&amp;qid=mKOYIeTU9R&amp;rank=1\">The Writer and His Ghosts<\/a><\/em> by Ernesto Sabato, <em><a href=\"https:\/\/www.goodreads.com\/book\/show\/7778891-el-artesano?from_search=true&amp;from_srp=true&amp;qid=tTYfvOIJ72&amp;rank=1\">The Craftsman<\/a><\/em> by Richard Sennett, and <em><a href=\"https:\/\/www.goodreads.com\/book\/show\/56571073-gestos-de-aire-y-de-piedra?from_search=true&amp;from_srp=true&amp;qid=08165io9Gi&amp;rank=1\">Gestos de aire y de piedra<\/a> <\/em>by Georges Didi-Huberman.<\/p>\n\n\n\n<p>When working with magazine photographs, paper, and textiles, I find that music and films are often some of the influences that extend the most into my work. There are films that leave me with a desire to keep and treasure them for a long time: The Wind Will Carry Us by Abbas Kiarostami, Bandits of Orgosolo by Vittorio De Seta (along with some of his documentaries), and C\u00e9line by Jean-Claude Brisseau. Regarding music, this month I\u2019ve had The Platters on repeat, Glen Campbell, Mina, Roscoe by Midlake, and Flores Astrais by Secos e Molhados, among others. <em><a href=\"https:\/\/www.youtube.com\/watch?v=xq1gXC3119A\">The Wind Will Carry Us<\/a><\/em>by Abbas Kiarostami, <em><a href=\"https:\/\/www.youtube.com\/watch?v=W7IlBXAPFRA\">Bandits of Orgosolo<\/a><\/em>by Vittorio De Seta (along with some of his documentaries), and <em>C\u00e9line<\/em>by Jean-Claude Brisseau. Regarding music, this month I\u2019ve had <a href=\"https:\/\/open.spotify.com\/artist\/6KWcxMWVNVIYbdOQyJtsSy?si=gLbBSuDBTkyLILp-QYlEmw\">The Platters<\/a> on repeat,<a href=\"https:\/\/open.spotify.com\/artist\/59hLmB5DrdihCYtNeFeW1U?si=W54-q0BtSbCBIc4PuIDVmA\"> Glen Campbell<\/a>, <a href=\"https:\/\/open.spotify.com\/artist\/3HL1CyOnDLFJo1Rr8YBlKy?si=6U9vZ5IKQFmwaymzfbn7YA\">Mina<\/a>; <a href=\"https:\/\/open.spotify.com\/track\/01qJhVPCHFFR6wJ5ptyw17?si=1dde7eb1e96042e1\"><em>Roscoe<\/em> by Midlake,<\/a> and <a href=\"https:\/\/open.spotify.com\/track\/1PJav3utD7mvErlUwKC40c?si=09a3623baba5485a\"><em>Flores Astrais<\/em> by Secos e Molhados,<\/a>, among others.<\/p>\n\n\n\n<figure class=\"wp-block-image size-large\"><img decoding=\"async\" width=\"686\" height=\"1024\" data-src=\"https:\/\/errr-magazine.com\/wp-content\/uploads\/2026\/01\/1-R1-Autorretrato-686x1024.jpg\" alt=\"\" class=\"wp-image-196769 lazyload\" data-srcset=\"https:\/\/errr-magazine.com\/wp-content\/uploads\/2026\/01\/1-R1-Autorretrato-686x1024.jpg 686w, https:\/\/errr-magazine.com\/wp-content\/uploads\/2026\/01\/1-R1-Autorretrato-201x300.jpg 201w, https:\/\/errr-magazine.com\/wp-content\/uploads\/2026\/01\/1-R1-Autorretrato-768x1146.jpg 768w, https:\/\/errr-magazine.com\/wp-content\/uploads\/2026\/01\/1-R1-Autorretrato-1030x1536.jpg 1030w, https:\/\/errr-magazine.com\/wp-content\/uploads\/2026\/01\/1-R1-Autorretrato-1373x2048.jpg 1373w, https:\/\/errr-magazine.com\/wp-content\/uploads\/2026\/01\/1-R1-Autorretrato-8x12.jpg 8w, https:\/\/errr-magazine.com\/wp-content\/uploads\/2026\/01\/1-R1-Autorretrato-scaled.jpg 1716w\" data-sizes=\"(max-width: 686px) 100vw, 686px\" src=\"data:image\/svg+xml;base64,PHN2ZyB3aWR0aD0iMSIgaGVpZ2h0PSIxIiB4bWxucz0iaHR0cDovL3d3dy53My5vcmcvMjAwMC9zdmciPjwvc3ZnPg==\" style=\"--smush-placeholder-width: 686px; --smush-placeholder-aspect-ratio: 686\/1024;\" \/><\/figure>\n\n\n\n<p><strong>What's been the most difficult thing you've faced recently in your creative process?<\/strong><\/p>\n\n\n\n<p>The pressure of deadlines and the speed at which I sometimes have to work often disrupts my usual rhythm, which is slower when I organize and analyze ideas. In a way, I think changing my pace is important to challenge new obstacles, develop skills, and also learn from what comes up.<\/p>\n\n\n\n<figure class=\"wp-block-image size-large\"><img decoding=\"async\" width=\"1024\" height=\"686\" data-src=\"https:\/\/errr-magazine.com\/wp-content\/uploads\/2026\/01\/3-R1-01132-0019-1024x686.jpg\" alt=\"\" class=\"wp-image-196770 lazyload\" data-srcset=\"https:\/\/errr-magazine.com\/wp-content\/uploads\/2026\/01\/3-R1-01132-0019-1024x686.jpg 1024w, https:\/\/errr-magazine.com\/wp-content\/uploads\/2026\/01\/3-R1-01132-0019-300x201.jpg 300w, https:\/\/errr-magazine.com\/wp-content\/uploads\/2026\/01\/3-R1-01132-0019-768x515.jpg 768w, https:\/\/errr-magazine.com\/wp-content\/uploads\/2026\/01\/3-R1-01132-0019-1536x1030.jpg 1536w, https:\/\/errr-magazine.com\/wp-content\/uploads\/2026\/01\/3-R1-01132-0019-2048x1373.jpg 2048w, https:\/\/errr-magazine.com\/wp-content\/uploads\/2026\/01\/3-R1-01132-0019-18x12.jpg 18w\" data-sizes=\"(max-width: 1024px) 100vw, 1024px\" src=\"data:image\/svg+xml;base64,PHN2ZyB3aWR0aD0iMSIgaGVpZ2h0PSIxIiB4bWxucz0iaHR0cDovL3d3dy53My5vcmcvMjAwMC9zdmciPjwvc3ZnPg==\" style=\"--smush-placeholder-width: 1024px; --smush-placeholder-aspect-ratio: 1024\/686;\" \/><\/figure>\n\n\n\n<p><strong>What is your favorite restaurant and what do you recommend we order?<\/strong><\/p>\n\n\n\n<p>I enjoy going to <em><a href=\"https:\/\/www.instagram.com\/yamato.mty\/?hl=es\">YAMA-TO<\/a> <\/em>in Monterrey on my birthday.I would recommend the INARI sushi with the Shoyu Ramen combo, which includes yakimeshi with meat and gyozas.<\/p>\n\n\n\n<figure class=\"wp-block-image size-large\"><img decoding=\"async\" width=\"736\" height=\"1024\" data-src=\"https:\/\/errr-magazine.com\/wp-content\/uploads\/2026\/01\/4-serie-zurcido_collage-manual-736x1024.jpg\" alt=\"\" class=\"wp-image-196771 lazyload\" data-srcset=\"https:\/\/errr-magazine.com\/wp-content\/uploads\/2026\/01\/4-serie-zurcido_collage-manual-736x1024.jpg 736w, https:\/\/errr-magazine.com\/wp-content\/uploads\/2026\/01\/4-serie-zurcido_collage-manual-216x300.jpg 216w, https:\/\/errr-magazine.com\/wp-content\/uploads\/2026\/01\/4-serie-zurcido_collage-manual-768x1069.jpg 768w, https:\/\/errr-magazine.com\/wp-content\/uploads\/2026\/01\/4-serie-zurcido_collage-manual-1104x1536.jpg 1104w, https:\/\/errr-magazine.com\/wp-content\/uploads\/2026\/01\/4-serie-zurcido_collage-manual-9x12.jpg 9w, https:\/\/errr-magazine.com\/wp-content\/uploads\/2026\/01\/4-serie-zurcido_collage-manual.jpg 1472w\" data-sizes=\"(max-width: 736px) 100vw, 736px\" src=\"data:image\/svg+xml;base64,PHN2ZyB3aWR0aD0iMSIgaGVpZ2h0PSIxIiB4bWxucz0iaHR0cDovL3d3dy53My5vcmcvMjAwMC9zdmciPjwvc3ZnPg==\" style=\"--smush-placeholder-width: 736px; --smush-placeholder-aspect-ratio: 736\/1024;\" \/><\/figure>\n\n\n\n<p><strong>If your life were a movie this month, what would it be called and who would write the soundtrack?<\/strong><\/p>\n\n\n\n<p><em>The land knows my steps<\/em>. The soundtrack would probably include<a href=\"https:\/\/open.spotify.com\/track\/0mLoTgCB8oU0sJGojRtvDu?si=023f90a0a5b74991\"> <em>Gentle on my mind<\/em> by Glen Campbell.<\/a><\/p>\n\n\n\n<figure class=\"wp-block-image size-large\"><img decoding=\"async\" width=\"975\" height=\"1359\" data-src=\"https:\/\/errr-magazine.com\/wp-content\/uploads\/2026\/01\/12-RETRATO-CON-SOMBREROS-POR-RUTH-ELIZONDO-edited.jpg\" alt=\"\" class=\"wp-image-196797 lazyload\" style=\"--smush-placeholder-width: 975px; --smush-placeholder-aspect-ratio: 975\/1359;aspect-ratio:0.7177735217488828\" data-srcset=\"https:\/\/errr-magazine.com\/wp-content\/uploads\/2026\/01\/12-RETRATO-CON-SOMBREROS-POR-RUTH-ELIZONDO-edited.jpg 975w, https:\/\/errr-magazine.com\/wp-content\/uploads\/2026\/01\/12-RETRATO-CON-SOMBREROS-POR-RUTH-ELIZONDO-edited-215x300.jpg 215w, https:\/\/errr-magazine.com\/wp-content\/uploads\/2026\/01\/12-RETRATO-CON-SOMBREROS-POR-RUTH-ELIZONDO-edited-735x1024.jpg 735w, https:\/\/errr-magazine.com\/wp-content\/uploads\/2026\/01\/12-RETRATO-CON-SOMBREROS-POR-RUTH-ELIZONDO-edited-768x1070.jpg 768w, https:\/\/errr-magazine.com\/wp-content\/uploads\/2026\/01\/12-RETRATO-CON-SOMBREROS-POR-RUTH-ELIZONDO-edited-9x12.jpg 9w\" data-sizes=\"(max-width: 975px) 100vw, 975px\" src=\"data:image\/svg+xml;base64,PHN2ZyB3aWR0aD0iMSIgaGVpZ2h0PSIxIiB4bWxucz0iaHR0cDovL3d3dy53My5vcmcvMjAwMC9zdmciPjwvc3ZnPg==\" \/><\/figure>\n\n\n\n<p><strong>Recommend us an artist you follow who inspires you, and tell us what you like most about their work or their way of working.<\/strong><\/p>\n\n\n\n<p>Thanks to my sister,  recently I\u2019ve discovered more about <a href=\"https:\/\/www.gerdagruber.mx\/6\">Gerda Gruber\u2019s work<\/a>. I\u2019ve always been interested in formative processes, manual practice, and sculpture, but although I\u2019ve followed and admired several artists over the years, I hadn\u2019t felt such a deep and motivating affinity as I do with her work and trajectory. I\u2019m excited to continue exploring her assembly processes, as well as her curiosity about materials, knowledge, and production. Just this week, an exhibition opening in Monterrey reviews her 50-year career in Mexico, which I highly recommend attending.<\/p>\n\n\n\n<p><\/p>","protected":false},"excerpt":{"rendered":"<p>Through collage, I've learned to loosen up a bit on my obsessive side and let myself be guided by the images, the textures, and even the mistakes. I've discovered that this technique allows me to disconnect and find a calm that I don't always achieve with other mediums.<\/p>","protected":false},"author":8057,"featured_media":196764,"comment_status":"closed","ping_status":"closed","sticky":false,"template":"","format":"standard","meta":{"_acf_changed":false,"cybocfi_hide_featured_image":"","_jetpack_memberships_contains_paid_content":false,"footnotes":""},"categories":[17856],"tags":[],"class_list":["post-196762","post","type-post","status-publish","format-standard","has-post-thumbnail","hentry","category-artes-visuales"],"acf":[],"mb":[],"yoast_head":"<!-- This site is optimized with the Yoast SEO plugin v27.2 - https:\/\/yoast.com\/product\/yoast-seo-wordpress\/ -->\n<title>La tierra sabe mis pasos - ERRR MAGAZINE<\/title>\n<meta name=\"robots\" content=\"index, follow, max-snippet:-1, max-image-preview:large, max-video-preview:-1\" \/>\n<link rel=\"canonical\" href=\"https:\/\/errr-magazine.com\/english\/la-tierra-sabe-mis-pasos\/\" \/>\n<meta property=\"og:locale\" content=\"en_US\" \/>\n<meta property=\"og:type\" content=\"article\" \/>\n<meta property=\"og:title\" content=\"La tierra sabe mis pasos - ERRR MAGAZINE\" \/>\n<meta property=\"og:description\" content=\"Con el collage he aprendido a soltar un poco mi lado obsesivo y a dejarme guiar por las im\u00e1genes, las texturas y el error. Descubr\u00ed que esta t\u00e9cnica me permite desconectarme y encontrar una calma que no siempre consigo con otros medios.\" \/>\n<meta property=\"og:url\" content=\"https:\/\/errr-magazine.com\/english\/la-tierra-sabe-mis-pasos\/\" \/>\n<meta property=\"og:site_name\" content=\"ERRR MAGAZINE\" \/>\n<meta property=\"article:published_time\" content=\"2026-01-03T13:00:00+00:00\" \/>\n<meta property=\"article:modified_time\" content=\"2026-01-03T14:22:20+00:00\" \/>\n<meta property=\"og:image\" content=\"https:\/\/errr-magazine.com\/wp-content\/uploads\/2026\/01\/2-R1-01132-0010-scaled.jpg\" \/>\n\t<meta property=\"og:image:width\" content=\"2560\" \/>\n\t<meta property=\"og:image:height\" content=\"1716\" \/>\n\t<meta property=\"og:image:type\" content=\"image\/jpeg\" \/>\n<meta name=\"author\" content=\"Alexandra Ruiz\" \/>\n<meta name=\"twitter:card\" content=\"summary_large_image\" \/>\n<meta name=\"twitter:label1\" content=\"Written by\" \/>\n\t<meta name=\"twitter:data1\" content=\"Alexandra Ruiz\" \/>\n\t<meta name=\"twitter:label2\" content=\"Est. reading time\" \/>\n\t<meta name=\"twitter:data2\" content=\"5 minutes\" \/>\n<script type=\"application\/ld+json\" class=\"yoast-schema-graph\">{\"@context\":\"https:\/\/schema.org\",\"@graph\":[{\"@type\":\"Article\",\"@id\":\"https:\/\/errr-magazine.com\/la-tierra-sabe-mis-pasos\/#article\",\"isPartOf\":{\"@id\":\"https:\/\/errr-magazine.com\/la-tierra-sabe-mis-pasos\/\"},\"author\":{\"name\":\"Alexandra Ruiz\",\"@id\":\"https:\/\/errr-magazine.com\/#\/schema\/person\/210c4a62df5b8aedd07db3dbe9df0443\"},\"headline\":\"La tierra sabe mis pasos\",\"datePublished\":\"2026-01-03T13:00:00+00:00\",\"dateModified\":\"2026-01-03T14:22:20+00:00\",\"mainEntityOfPage\":{\"@id\":\"https:\/\/errr-magazine.com\/la-tierra-sabe-mis-pasos\/\"},\"wordCount\":703,\"image\":{\"@id\":\"https:\/\/errr-magazine.com\/la-tierra-sabe-mis-pasos\/#primaryimage\"},\"thumbnailUrl\":\"https:\/\/errr-magazine.com\/wp-content\/uploads\/2026\/01\/2-R1-01132-0010-scaled.jpg\",\"articleSection\":[\"Artes visuales\"],\"inLanguage\":\"en-US\"},{\"@type\":\"WebPage\",\"@id\":\"https:\/\/errr-magazine.com\/la-tierra-sabe-mis-pasos\/\",\"url\":\"https:\/\/errr-magazine.com\/la-tierra-sabe-mis-pasos\/\",\"name\":\"La tierra sabe mis pasos - ERRR MAGAZINE\",\"isPartOf\":{\"@id\":\"https:\/\/errr-magazine.com\/#website\"},\"primaryImageOfPage\":{\"@id\":\"https:\/\/errr-magazine.com\/la-tierra-sabe-mis-pasos\/#primaryimage\"},\"image\":{\"@id\":\"https:\/\/errr-magazine.com\/la-tierra-sabe-mis-pasos\/#primaryimage\"},\"thumbnailUrl\":\"https:\/\/errr-magazine.com\/wp-content\/uploads\/2026\/01\/2-R1-01132-0010-scaled.jpg\",\"datePublished\":\"2026-01-03T13:00:00+00:00\",\"dateModified\":\"2026-01-03T14:22:20+00:00\",\"author\":{\"@id\":\"https:\/\/errr-magazine.com\/#\/schema\/person\/210c4a62df5b8aedd07db3dbe9df0443\"},\"breadcrumb\":{\"@id\":\"https:\/\/errr-magazine.com\/la-tierra-sabe-mis-pasos\/#breadcrumb\"},\"inLanguage\":\"en-US\",\"potentialAction\":[{\"@type\":\"ReadAction\",\"target\":[\"https:\/\/errr-magazine.com\/la-tierra-sabe-mis-pasos\/\"]}]},{\"@type\":\"ImageObject\",\"inLanguage\":\"en-US\",\"@id\":\"https:\/\/errr-magazine.com\/la-tierra-sabe-mis-pasos\/#primaryimage\",\"url\":\"https:\/\/errr-magazine.com\/wp-content\/uploads\/2026\/01\/2-R1-01132-0010-scaled.jpg\",\"contentUrl\":\"https:\/\/errr-magazine.com\/wp-content\/uploads\/2026\/01\/2-R1-01132-0010-scaled.jpg\",\"width\":2560,\"height\":1716},{\"@type\":\"BreadcrumbList\",\"@id\":\"https:\/\/errr-magazine.com\/la-tierra-sabe-mis-pasos\/#breadcrumb\",\"itemListElement\":[{\"@type\":\"ListItem\",\"position\":1,\"name\":\"Portada\",\"item\":\"https:\/\/errr-magazine.com\/\"},{\"@type\":\"ListItem\",\"position\":2,\"name\":\"La tierra sabe mis pasos\"}]},{\"@type\":\"WebSite\",\"@id\":\"https:\/\/errr-magazine.com\/#website\",\"url\":\"https:\/\/errr-magazine.com\/\",\"name\":\"ERRR MAGAZINE\",\"description\":\"\",\"potentialAction\":[{\"@type\":\"SearchAction\",\"target\":{\"@type\":\"EntryPoint\",\"urlTemplate\":\"https:\/\/errr-magazine.com\/?s={search_term_string}\"},\"query-input\":{\"@type\":\"PropertyValueSpecification\",\"valueRequired\":true,\"valueName\":\"search_term_string\"}}],\"inLanguage\":\"en-US\"},{\"@type\":\"Person\",\"@id\":\"https:\/\/errr-magazine.com\/#\/schema\/person\/210c4a62df5b8aedd07db3dbe9df0443\",\"name\":\"Alexandra Ruiz\",\"image\":{\"@type\":\"ImageObject\",\"inLanguage\":\"en-US\",\"@id\":\"https:\/\/secure.gravatar.com\/avatar\/e43cbf06e02c74545b574fa6454fc652d327e484ca84490560dcd797d295061f?s=96&d=identicon&r=g\",\"url\":\"https:\/\/secure.gravatar.com\/avatar\/e43cbf06e02c74545b574fa6454fc652d327e484ca84490560dcd797d295061f?s=96&d=identicon&r=g\",\"contentUrl\":\"https:\/\/secure.gravatar.com\/avatar\/e43cbf06e02c74545b574fa6454fc652d327e484ca84490560dcd797d295061f?s=96&d=identicon&r=g\",\"caption\":\"Alexandra Ruiz\"},\"description\":\"(1990) Monterrey, N.L. M\u00e9xico. Artista multidisciplinaria mexicana. Su trabajo explora las relaciones entre cuerpo, memoria y materialidad a trave\u00e9s de medios como el collage, la escritura, el objeto textil y el audiovisual.\",\"sameAs\":[\"https:\/\/alexandraruiz.mx\/\"],\"url\":\"https:\/\/errr-magazine.com\/english\/author\/alexandraruiz-mx\/\"}]}<\/script>\n<!-- \/ Yoast SEO plugin. -->","yoast_head_json":{"title":"La tierra sabe mis pasos - ERRR MAGAZINE","robots":{"index":"index","follow":"follow","max-snippet":"max-snippet:-1","max-image-preview":"max-image-preview:large","max-video-preview":"max-video-preview:-1"},"canonical":"https:\/\/errr-magazine.com\/english\/la-tierra-sabe-mis-pasos\/","og_locale":"en_US","og_type":"article","og_title":"La tierra sabe mis pasos - ERRR MAGAZINE","og_description":"Con el collage he aprendido a soltar un poco mi lado obsesivo y a dejarme guiar por las im\u00e1genes, las texturas y el error. Descubr\u00ed que esta t\u00e9cnica me permite desconectarme y encontrar una calma que no siempre consigo con otros medios.","og_url":"https:\/\/errr-magazine.com\/english\/la-tierra-sabe-mis-pasos\/","og_site_name":"ERRR MAGAZINE","article_published_time":"2026-01-03T13:00:00+00:00","article_modified_time":"2026-01-03T14:22:20+00:00","og_image":[{"width":2560,"height":1716,"url":"https:\/\/errr-magazine.com\/wp-content\/uploads\/2026\/01\/2-R1-01132-0010-scaled.jpg","type":"image\/jpeg"}],"author":"Alexandra Ruiz","twitter_card":"summary_large_image","twitter_misc":{"Written by":"Alexandra Ruiz","Est. reading time":"5 minutes"},"schema":{"@context":"https:\/\/schema.org","@graph":[{"@type":"Article","@id":"https:\/\/errr-magazine.com\/la-tierra-sabe-mis-pasos\/#article","isPartOf":{"@id":"https:\/\/errr-magazine.com\/la-tierra-sabe-mis-pasos\/"},"author":{"name":"Alexandra Ruiz","@id":"https:\/\/errr-magazine.com\/#\/schema\/person\/210c4a62df5b8aedd07db3dbe9df0443"},"headline":"La tierra sabe mis pasos","datePublished":"2026-01-03T13:00:00+00:00","dateModified":"2026-01-03T14:22:20+00:00","mainEntityOfPage":{"@id":"https:\/\/errr-magazine.com\/la-tierra-sabe-mis-pasos\/"},"wordCount":703,"image":{"@id":"https:\/\/errr-magazine.com\/la-tierra-sabe-mis-pasos\/#primaryimage"},"thumbnailUrl":"https:\/\/errr-magazine.com\/wp-content\/uploads\/2026\/01\/2-R1-01132-0010-scaled.jpg","articleSection":["Artes visuales"],"inLanguage":"en-US"},{"@type":"WebPage","@id":"https:\/\/errr-magazine.com\/la-tierra-sabe-mis-pasos\/","url":"https:\/\/errr-magazine.com\/la-tierra-sabe-mis-pasos\/","name":"La tierra sabe mis pasos - ERRR MAGAZINE","isPartOf":{"@id":"https:\/\/errr-magazine.com\/#website"},"primaryImageOfPage":{"@id":"https:\/\/errr-magazine.com\/la-tierra-sabe-mis-pasos\/#primaryimage"},"image":{"@id":"https:\/\/errr-magazine.com\/la-tierra-sabe-mis-pasos\/#primaryimage"},"thumbnailUrl":"https:\/\/errr-magazine.com\/wp-content\/uploads\/2026\/01\/2-R1-01132-0010-scaled.jpg","datePublished":"2026-01-03T13:00:00+00:00","dateModified":"2026-01-03T14:22:20+00:00","author":{"@id":"https:\/\/errr-magazine.com\/#\/schema\/person\/210c4a62df5b8aedd07db3dbe9df0443"},"breadcrumb":{"@id":"https:\/\/errr-magazine.com\/la-tierra-sabe-mis-pasos\/#breadcrumb"},"inLanguage":"en-US","potentialAction":[{"@type":"ReadAction","target":["https:\/\/errr-magazine.com\/la-tierra-sabe-mis-pasos\/"]}]},{"@type":"ImageObject","inLanguage":"en-US","@id":"https:\/\/errr-magazine.com\/la-tierra-sabe-mis-pasos\/#primaryimage","url":"https:\/\/errr-magazine.com\/wp-content\/uploads\/2026\/01\/2-R1-01132-0010-scaled.jpg","contentUrl":"https:\/\/errr-magazine.com\/wp-content\/uploads\/2026\/01\/2-R1-01132-0010-scaled.jpg","width":2560,"height":1716},{"@type":"BreadcrumbList","@id":"https:\/\/errr-magazine.com\/la-tierra-sabe-mis-pasos\/#breadcrumb","itemListElement":[{"@type":"ListItem","position":1,"name":"Portada","item":"https:\/\/errr-magazine.com\/"},{"@type":"ListItem","position":2,"name":"La tierra sabe mis pasos"}]},{"@type":"WebSite","@id":"https:\/\/errr-magazine.com\/#website","url":"https:\/\/errr-magazine.com\/","name":"ERRR MAGAZINE","description":"","potentialAction":[{"@type":"SearchAction","target":{"@type":"EntryPoint","urlTemplate":"https:\/\/errr-magazine.com\/?s={search_term_string}"},"query-input":{"@type":"PropertyValueSpecification","valueRequired":true,"valueName":"search_term_string"}}],"inLanguage":"en-US"},{"@type":"Person","@id":"https:\/\/errr-magazine.com\/#\/schema\/person\/210c4a62df5b8aedd07db3dbe9df0443","name":"Alexandra Ruiz","image":{"@type":"ImageObject","inLanguage":"en-US","@id":"https:\/\/secure.gravatar.com\/avatar\/e43cbf06e02c74545b574fa6454fc652d327e484ca84490560dcd797d295061f?s=96&d=identicon&r=g","url":"https:\/\/secure.gravatar.com\/avatar\/e43cbf06e02c74545b574fa6454fc652d327e484ca84490560dcd797d295061f?s=96&d=identicon&r=g","contentUrl":"https:\/\/secure.gravatar.com\/avatar\/e43cbf06e02c74545b574fa6454fc652d327e484ca84490560dcd797d295061f?s=96&d=identicon&r=g","caption":"Alexandra Ruiz"},"description":"(1990) Monterrey, N.L. Mexican multidisciplinary artist. Her work explores the relationships between body, memory, and materiality through media such as collage, writing, textile objects, and audiovisual practices.","sameAs":["https:\/\/alexandraruiz.mx\/"],"url":"https:\/\/errr-magazine.com\/english\/author\/alexandraruiz-mx\/"}]}},"jetpack_featured_media_url":"https:\/\/errr-magazine.com\/wp-content\/uploads\/2026\/01\/2-R1-01132-0010-scaled.jpg","jetpack-related-posts":[{"id":203378,"url":"https:\/\/errr-magazine.com\/english\/estos-dias\/","url_meta":{"origin":196762,"position":0},"title":"These Days","author":"Laurence Briat","date":"03\/30\/2026","format":false,"excerpt":"I love the process: finding, collecting, cutting, deconstructing, selecting, recomposing, pasting\u2026 Over the years, I have used different media (painting, drawing, engraving, photogravure), and my personal conception of collage has been shaped at the intersection of all these practices.","rel":"","context":"In &quot;Artes visuales&quot;","block_context":{"text":"Artes visuales","link":"https:\/\/errr-magazine.com\/english\/category\/interviews\/artes-visuales\/"},"img":{"alt_text":"","src":"https:\/\/i0.wp.com\/errr-magazine.com\/wp-content\/uploads\/2026\/03\/Briat-6.jpg?resize=350%2C200&ssl=1","width":350,"height":200,"srcset":"https:\/\/i0.wp.com\/errr-magazine.com\/wp-content\/uploads\/2026\/03\/Briat-6.jpg?resize=350%2C200&ssl=1 1x, https:\/\/i0.wp.com\/errr-magazine.com\/wp-content\/uploads\/2026\/03\/Briat-6.jpg?resize=525%2C300&ssl=1 1.5x, https:\/\/i0.wp.com\/errr-magazine.com\/wp-content\/uploads\/2026\/03\/Briat-6.jpg?resize=700%2C400&ssl=1 2x, https:\/\/i0.wp.com\/errr-magazine.com\/wp-content\/uploads\/2026\/03\/Briat-6.jpg?resize=1050%2C600&ssl=1 3x"},"classes":[]},{"id":203409,"url":"https:\/\/errr-magazine.com\/english\/dormir-profundamente\/","url_meta":{"origin":196762,"position":1},"title":"Sleep Soundly","author":"Alisa Gulkanyan","date":"03\/31\/2026","format":false,"excerpt":"Working with paper and printed photographs is a continuous learning process. It develops my compositional skills, color sense, and creativity in general.","rel":"","context":"In &quot;Artes visuales&quot;","block_context":{"text":"Artes visuales","link":"https:\/\/errr-magazine.com\/english\/category\/interviews\/artes-visuales\/"},"img":{"alt_text":"","src":"https:\/\/i0.wp.com\/errr-magazine.com\/wp-content\/uploads\/2026\/03\/UU_sewing_1-scaled.jpg?resize=350%2C200&ssl=1","width":350,"height":200,"srcset":"https:\/\/i0.wp.com\/errr-magazine.com\/wp-content\/uploads\/2026\/03\/UU_sewing_1-scaled.jpg?resize=350%2C200&ssl=1 1x, https:\/\/i0.wp.com\/errr-magazine.com\/wp-content\/uploads\/2026\/03\/UU_sewing_1-scaled.jpg?resize=525%2C300&ssl=1 1.5x, https:\/\/i0.wp.com\/errr-magazine.com\/wp-content\/uploads\/2026\/03\/UU_sewing_1-scaled.jpg?resize=700%2C400&ssl=1 2x, https:\/\/i0.wp.com\/errr-magazine.com\/wp-content\/uploads\/2026\/03\/UU_sewing_1-scaled.jpg?resize=1050%2C600&ssl=1 3x, https:\/\/i0.wp.com\/errr-magazine.com\/wp-content\/uploads\/2026\/03\/UU_sewing_1-scaled.jpg?resize=1400%2C800&ssl=1 4x"},"classes":[]},{"id":202824,"url":"https:\/\/errr-magazine.com\/english\/otra-ciudad-para-otra-vida\/","url_meta":{"origin":196762,"position":2},"title":"Another City for Another Life","author":"Martin Lacreuse","date":"03\/22\/2026","format":false,"excerpt":"I don\u2019t have a conceptual approach to art. Almost provocatively, I would say I have no ideas. In reality, I try not to have any. I would like to simply make a image randomly, throwing pieces of paper onto a blank sheet.","rel":"","context":"In &quot;Artes visuales&quot;","block_context":{"text":"Artes visuales","link":"https:\/\/errr-magazine.com\/english\/category\/interviews\/artes-visuales\/"},"img":{"alt_text":"","src":"https:\/\/i0.wp.com\/errr-magazine.com\/wp-content\/uploads\/2026\/03\/Feuilles04.jpg?resize=350%2C200&ssl=1","width":350,"height":200,"srcset":"https:\/\/i0.wp.com\/errr-magazine.com\/wp-content\/uploads\/2026\/03\/Feuilles04.jpg?resize=350%2C200&ssl=1 1x, https:\/\/i0.wp.com\/errr-magazine.com\/wp-content\/uploads\/2026\/03\/Feuilles04.jpg?resize=525%2C300&ssl=1 1.5x, https:\/\/i0.wp.com\/errr-magazine.com\/wp-content\/uploads\/2026\/03\/Feuilles04.jpg?resize=700%2C400&ssl=1 2x, https:\/\/i0.wp.com\/errr-magazine.com\/wp-content\/uploads\/2026\/03\/Feuilles04.jpg?resize=1050%2C600&ssl=1 3x"},"classes":[]},{"id":201893,"url":"https:\/\/errr-magazine.com\/english\/enamorandome-de-extranos-amigos-y-espacios\/","url_meta":{"origin":196762,"position":3},"title":"Falling In Love With Strangers, Friends &amp; Spaces","author":"Natasha Arbon","date":"03\/09\/2026","format":false,"excerpt":"From photos of my loved ones to strangers and scenes I observe on my travels, I couldn\u2019t imagine a world where that no longer feeds my soul. I hope you enjoy this selection of film photos pulled from this ever-growing archive.","rel":"","context":"In &quot;Artes visuales&quot;","block_context":{"text":"Artes visuales","link":"https:\/\/errr-magazine.com\/english\/category\/interviews\/artes-visuales\/"},"img":{"alt_text":"","src":"https:\/\/i0.wp.com\/errr-magazine.com\/wp-content\/uploads\/2026\/03\/1-2.jpg?resize=350%2C200&ssl=1","width":350,"height":200,"srcset":"https:\/\/i0.wp.com\/errr-magazine.com\/wp-content\/uploads\/2026\/03\/1-2.jpg?resize=350%2C200&ssl=1 1x, https:\/\/i0.wp.com\/errr-magazine.com\/wp-content\/uploads\/2026\/03\/1-2.jpg?resize=525%2C300&ssl=1 1.5x, https:\/\/i0.wp.com\/errr-magazine.com\/wp-content\/uploads\/2026\/03\/1-2.jpg?resize=700%2C400&ssl=1 2x, https:\/\/i0.wp.com\/errr-magazine.com\/wp-content\/uploads\/2026\/03\/1-2.jpg?resize=1050%2C600&ssl=1 3x"},"classes":[]},{"id":189473,"url":"https:\/\/errr-magazine.com\/english\/sentimentalismo-nostalgico\/","url_meta":{"origin":196762,"position":4},"title":"Sentimentalismo nost\u00e1lgico","author":"Ivan Barrera","date":"05\/03\/2025","format":false,"excerpt":"Tambi\u00e9n pensaba en la libertad creativa que albergaba el salon de clases, cuando se abandonaban las repeticiones de letras o las matem\u00e1ticas y nos refugi\u00e1bamos en recortar y pegar, convirti\u00e9ndose en un propio lenguaje.","rel":"","context":"In &quot;Interview&quot;","block_context":{"text":"Interview","link":"https:\/\/errr-magazine.com\/english\/category\/interviews\/"},"img":{"alt_text":"","src":"https:\/\/i0.wp.com\/errr-magazine.com\/wp-content\/uploads\/2025\/05\/THE-LOVER.png?resize=350%2C200&ssl=1","width":350,"height":200,"srcset":"https:\/\/i0.wp.com\/errr-magazine.com\/wp-content\/uploads\/2025\/05\/THE-LOVER.png?resize=350%2C200&ssl=1 1x, https:\/\/i0.wp.com\/errr-magazine.com\/wp-content\/uploads\/2025\/05\/THE-LOVER.png?resize=525%2C300&ssl=1 1.5x, https:\/\/i0.wp.com\/errr-magazine.com\/wp-content\/uploads\/2025\/05\/THE-LOVER.png?resize=700%2C400&ssl=1 2x, https:\/\/i0.wp.com\/errr-magazine.com\/wp-content\/uploads\/2025\/05\/THE-LOVER.png?resize=1050%2C600&ssl=1 3x, https:\/\/i0.wp.com\/errr-magazine.com\/wp-content\/uploads\/2025\/05\/THE-LOVER.png?resize=1400%2C800&ssl=1 4x"},"classes":[]},{"id":167318,"url":"https:\/\/errr-magazine.com\/english\/incrustados-unos-dentro-de-otros\/","url_meta":{"origin":196762,"position":5},"title":"Embedded inside each other","author":"Israel Vargas","date":"06\/13\/2022","format":false,"excerpt":"Cada vez que regreso a estudiar su trabajo observo nuevas cosas; me inspira el movimiento, las texturas en la pintura y la manera en que expresa su ideolog\u00eda...","rel":"","context":"In &quot;Interview&quot;","block_context":{"text":"Interview","link":"https:\/\/errr-magazine.com\/english\/category\/interviews\/"},"img":{"alt_text":"","src":"https:\/\/i0.wp.com\/errr-magazine.com\/wp-content\/uploads\/2021\/02\/02-Plataformas.jpg?resize=350%2C200&ssl=1","width":350,"height":200,"srcset":"https:\/\/i0.wp.com\/errr-magazine.com\/wp-content\/uploads\/2021\/02\/02-Plataformas.jpg?resize=350%2C200&ssl=1 1x, https:\/\/i0.wp.com\/errr-magazine.com\/wp-content\/uploads\/2021\/02\/02-Plataformas.jpg?resize=525%2C300&ssl=1 1.5x, https:\/\/i0.wp.com\/errr-magazine.com\/wp-content\/uploads\/2021\/02\/02-Plataformas.jpg?resize=700%2C400&ssl=1 2x, https:\/\/i0.wp.com\/errr-magazine.com\/wp-content\/uploads\/2021\/02\/02-Plataformas.jpg?resize=1050%2C600&ssl=1 3x, https:\/\/i0.wp.com\/errr-magazine.com\/wp-content\/uploads\/2021\/02\/02-Plataformas.jpg?resize=1400%2C800&ssl=1 4x"},"classes":[]}],"jetpack_sharing_enabled":true,"mfb_rest_fields":["title","yoast_head","yoast_head_json","jetpack_featured_media_url","jetpack-related-posts","jetpack_sharing_enabled"],"_links":{"self":[{"href":"https:\/\/errr-magazine.com\/english\/wp-json\/wp\/v2\/posts\/196762","targetHints":{"allow":["GET"]}}],"collection":[{"href":"https:\/\/errr-magazine.com\/english\/wp-json\/wp\/v2\/posts"}],"about":[{"href":"https:\/\/errr-magazine.com\/english\/wp-json\/wp\/v2\/types\/post"}],"author":[{"embeddable":true,"href":"https:\/\/errr-magazine.com\/english\/wp-json\/wp\/v2\/users\/8057"}],"replies":[{"embeddable":true,"href":"https:\/\/errr-magazine.com\/english\/wp-json\/wp\/v2\/comments?post=196762"}],"version-history":[{"count":9,"href":"https:\/\/errr-magazine.com\/english\/wp-json\/wp\/v2\/posts\/196762\/revisions"}],"predecessor-version":[{"id":196807,"href":"https:\/\/errr-magazine.com\/english\/wp-json\/wp\/v2\/posts\/196762\/revisions\/196807"}],"wp:featuredmedia":[{"embeddable":true,"href":"https:\/\/errr-magazine.com\/english\/wp-json\/wp\/v2\/media\/196764"}],"wp:attachment":[{"href":"https:\/\/errr-magazine.com\/english\/wp-json\/wp\/v2\/media?parent=196762"}],"wp:term":[{"taxonomy":"category","embeddable":true,"href":"https:\/\/errr-magazine.com\/english\/wp-json\/wp\/v2\/categories?post=196762"},{"taxonomy":"post_tag","embeddable":true,"href":"https:\/\/errr-magazine.com\/english\/wp-json\/wp\/v2\/tags?post=196762"}],"curies":[{"name":"wp","href":"https:\/\/api.w.org\/{rel}","templated":true}]}}