{"id":196682,"date":"2026-01-04T07:00:00","date_gmt":"2026-01-04T13:00:00","guid":{"rendered":"https:\/\/errr-magazine.com\/?p=196682"},"modified":"2026-01-04T05:03:50","modified_gmt":"2026-01-04T11:03:50","slug":"carta-al-tiempo","status":"publish","type":"post","link":"https:\/\/errr-magazine.com\/english\/carta-al-tiempo\/","title":{"rendered":"Letter to time"},"content":{"rendered":"<p><strong>What pieces or projects have you been working on lately?<\/strong><\/p>\n\n\n\n<p>For some years now I have been working on a photographic project that, for now, I'll call&nbsp;<em>Letter to time<\/em>. It is an exploration of the everyday, the fragile,  and the intimate. By carefully looking at what surrounds me, I record ephemeral scenes: the light filtering through the blinds, a piece of ice about to break, birds in flight, the portrait of someone I may not see so often, a dish served just before it disappears. I approach these images without a strong conceptual framework, rather from a spontaneous, playful, even from a place of slight innocence.<\/p>\n\n\n\n<figure class=\"wp-block-image size-large\"><img decoding=\"async\" width=\"1024\" height=\"685\" data-src=\"https:\/\/errr-magazine.com\/wp-content\/uploads\/2026\/01\/Desayuno-1024x685.jpg\" alt=\"\" class=\"wp-image-196758 lazyload\" data-srcset=\"https:\/\/errr-magazine.com\/wp-content\/uploads\/2026\/01\/Desayuno-1024x685.jpg 1024w, https:\/\/errr-magazine.com\/wp-content\/uploads\/2026\/01\/Desayuno-300x201.jpg 300w, https:\/\/errr-magazine.com\/wp-content\/uploads\/2026\/01\/Desayuno-768x514.jpg 768w, https:\/\/errr-magazine.com\/wp-content\/uploads\/2026\/01\/Desayuno-18x12.jpg 18w, https:\/\/errr-magazine.com\/wp-content\/uploads\/2026\/01\/Desayuno.jpg 1417w\" data-sizes=\"(max-width: 1024px) 100vw, 1024px\" src=\"data:image\/svg+xml;base64,PHN2ZyB3aWR0aD0iMSIgaGVpZ2h0PSIxIiB4bWxucz0iaHR0cDovL3d3dy53My5vcmcvMjAwMC9zdmciPjwvc3ZnPg==\" style=\"--smush-placeholder-width: 1024px; --smush-placeholder-aspect-ratio: 1024\/685;\" \/><\/figure>\n\n\n\n<p><strong>What did you learn (or unlearn) while working on them?<\/strong><\/p>\n\n\n\n<p>I have learned to look at the world through analog photography, which for me is very different from digital. Walking around with a light and completely manual camera, where each shot is scarce, has made me more aware of my gaze and of what -things or people- I decide to focus on. It has also taught me to observe light and to read its glints, shimmers and shadows as messages coming from somewhere. I feel that light always has something to say, and my task is to interpret it: to ask myself what illuminates, what it leaves in shadow, and why<\/p>\n\n\n\n<p>That close coexistence with the camera makes me feel accompanied. Since I migrated to Madrid in 2018, I have gone through many moments of loneliness and doubts about the decision to stay. Perhaps the camera is, for me, the space where I go narrating my life on this side of the world, with the intention of reminding me that here I am, and here I continue.<\/p>\n\n\n\n<figure class=\"wp-block-image size-large\"><img decoding=\"async\" width=\"1024\" height=\"687\" data-src=\"https:\/\/errr-magazine.com\/wp-content\/uploads\/2026\/01\/Hielo-1-1024x687.jpg\" alt=\"\" class=\"wp-image-196831 lazyload\" data-srcset=\"https:\/\/errr-magazine.com\/wp-content\/uploads\/2026\/01\/Hielo-1-1024x687.jpg 1024w, https:\/\/errr-magazine.com\/wp-content\/uploads\/2026\/01\/Hielo-1-300x201.jpg 300w, https:\/\/errr-magazine.com\/wp-content\/uploads\/2026\/01\/Hielo-1-768x515.jpg 768w, https:\/\/errr-magazine.com\/wp-content\/uploads\/2026\/01\/Hielo-1-18x12.jpg 18w, https:\/\/errr-magazine.com\/wp-content\/uploads\/2026\/01\/Hielo-1.jpg 1417w\" data-sizes=\"(max-width: 1024px) 100vw, 1024px\" src=\"data:image\/svg+xml;base64,PHN2ZyB3aWR0aD0iMSIgaGVpZ2h0PSIxIiB4bWxucz0iaHR0cDovL3d3dy53My5vcmcvMjAwMC9zdmciPjwvc3ZnPg==\" style=\"--smush-placeholder-width: 1024px; --smush-placeholder-aspect-ratio: 1024\/687;\" \/><\/figure>\n\n\n\n<p><strong>What words, ideas or emotions were going through your head?<\/strong><\/p>\n\n\n\n<p>I think what moves me most to photograph is the feeling that what I am seeing is about to end, to fade, to disappear and never return. I don\u2019t experience it as something tragic, but rather as an almost visceral need to preserve it, to make it mine, to try to stop it,  even though I know it's an absolute fiction, an illusory dream.<\/p>\n\n\n\n<p>Photographing in analog, without seeing the result immediately, gives me other rhythms. Developing, waiting, receiving the images from the surprise... all this makes me think of a slower time, almost circular. The past inscribed in each photograph speaks to me: I feel those images as messages that my former self sends me, and that I gather little by little with the intention of, someday, putting together a visual story. There is something profoundly magical in that process of waiting and not knowing what could finally be revealed.<\/p>\n\n\n\n<figure class=\"wp-block-image size-large\"><img decoding=\"async\" width=\"1024\" height=\"685\" data-src=\"https:\/\/errr-magazine.com\/wp-content\/uploads\/2026\/01\/Mahuaypampa-1024x685.jpg\" alt=\"\" class=\"wp-image-196750 lazyload\" data-srcset=\"https:\/\/errr-magazine.com\/wp-content\/uploads\/2026\/01\/Mahuaypampa-1024x685.jpg 1024w, https:\/\/errr-magazine.com\/wp-content\/uploads\/2026\/01\/Mahuaypampa-300x201.jpg 300w, https:\/\/errr-magazine.com\/wp-content\/uploads\/2026\/01\/Mahuaypampa-768x514.jpg 768w, https:\/\/errr-magazine.com\/wp-content\/uploads\/2026\/01\/Mahuaypampa-18x12.jpg 18w, https:\/\/errr-magazine.com\/wp-content\/uploads\/2026\/01\/Mahuaypampa.jpg 1417w\" data-sizes=\"(max-width: 1024px) 100vw, 1024px\" src=\"data:image\/svg+xml;base64,PHN2ZyB3aWR0aD0iMSIgaGVpZ2h0PSIxIiB4bWxucz0iaHR0cDovL3d3dy53My5vcmcvMjAwMC9zdmciPjwvc3ZnPg==\" style=\"--smush-placeholder-width: 1024px; --smush-placeholder-aspect-ratio: 1024\/685;\" \/><\/figure>\n\n\n\n<p><strong>Were there any conversations, movies, music, or books that made their way into that work?<\/strong><\/p>\n\n\n\n<p>The book<em>\u00a0<a href=\"https:\/\/www.goodreads.com\/book\/show\/49394460\">The years<\/a><\/em>\u00a0by Annie Ernaux made me think about the ephemeral nature of what we see, about the passing of time and about photography as a silent witness of what has been lived. There are phrases of hers that stuck in my mind:\u00a0<em>\u201cAll images will disappear.\u201d<\/em>\u00a0and\u00a0<em>\u201cTo save something from the time when we will never be there anymore.\u201d<\/em>\u00a0I feel that he speaks from a certain resignation and coldness, but also with a deep desire to preserve what we see, what we live, what we feel. I like to imagine that, in the future, when many years have passed, I will look at these photographs with the same gaze with which Ernaux approaches memory: from a kind of melancholy and gratitude.<\/p>\n\n\n\n<p>I also believe that Sofia Coppola's cinematography has marked me ever since I saw&nbsp;<em><a href=\"https:\/\/www.youtube.com\/watch?v=8kDcCGlaBwY\">The Virgin Suicides<\/a><\/em>, many years ago. he way her camera lingers on certain objects, and her use of natural light, evokes a sensitivity to everyday life: pauses, colors, textures, empty spaces. Her gaze on so-called \u201cfeminine\u201d processes is imbued with intimacy, solitude, and uncertainty, and that inspires me.<\/p>\n\n\n\n<p>And, finally, there is a poem that accompanies me:&nbsp;<em><a href=\"https:\/\/www.poetryfoundation.org\/poems\/56159\/this-is-just-to-say\">This is just to say<\/a><\/em>, by William Carlos Williams. It is a very short text, but in it I find an enormous teaching: the possibility of looking at the everyday with tenderness, of discovering beauty in the simplest things, in what could go unnoticed. Perhaps that is why I feel it so close to photography: that ability to rescue the small, the fleeting, and turn it into memory.<\/p>\n\n\n\n<figure class=\"wp-block-image size-large\"><img decoding=\"async\" width=\"1024\" height=\"685\" data-src=\"https:\/\/errr-magazine.com\/wp-content\/uploads\/2026\/01\/Tamara-Ali-y-Dani_05-1-1024x685.jpg\" alt=\"\" class=\"wp-image-196832 lazyload\" data-srcset=\"https:\/\/errr-magazine.com\/wp-content\/uploads\/2026\/01\/Tamara-Ali-y-Dani_05-1-1024x685.jpg 1024w, https:\/\/errr-magazine.com\/wp-content\/uploads\/2026\/01\/Tamara-Ali-y-Dani_05-1-300x201.jpg 300w, https:\/\/errr-magazine.com\/wp-content\/uploads\/2026\/01\/Tamara-Ali-y-Dani_05-1-768x514.jpg 768w, https:\/\/errr-magazine.com\/wp-content\/uploads\/2026\/01\/Tamara-Ali-y-Dani_05-1-1536x1027.jpg 1536w, https:\/\/errr-magazine.com\/wp-content\/uploads\/2026\/01\/Tamara-Ali-y-Dani_05-1-18x12.jpg 18w, https:\/\/errr-magazine.com\/wp-content\/uploads\/2026\/01\/Tamara-Ali-y-Dani_05-1.jpg 1772w\" data-sizes=\"(max-width: 1024px) 100vw, 1024px\" src=\"data:image\/svg+xml;base64,PHN2ZyB3aWR0aD0iMSIgaGVpZ2h0PSIxIiB4bWxucz0iaHR0cDovL3d3dy53My5vcmcvMjAwMC9zdmciPjwvc3ZnPg==\" style=\"--smush-placeholder-width: 1024px; --smush-placeholder-aspect-ratio: 1024\/685;\" \/><\/figure>\n\n\n\n<p><strong>What's been the most difficult thing you've faced recently in your creative process?<\/strong><\/p>\n\n\n\n<p>I think the most difficult thing for me is to conceptualize what I do. I have been taking these photos for many years almost without realizing what I was building: for me it was rather an accompaniment to daily life, something I was doing in parallel to my doctoral thesis, which studies violence against women during the internal armed conflict in Peru from the works of women artists. That is why I feel that this work was born from intuition and spontaneity, without having to think about it too much.<\/p>\n\n\n\n<p>I have been sharing images on social networks, but without a clear guide or someone to help me look beyond the obvious. It is a project to which I have not yet found a limit: I don't know when I'm going to stop, although maybe I'm about to think about it with more body and direction. In the end, images speak to us, and I feel that mine have already begun to whisper to each other.<\/p>\n\n\n\n<figure class=\"wp-block-image size-large\"><img decoding=\"async\" width=\"685\" height=\"1024\" data-src=\"https:\/\/errr-magazine.com\/wp-content\/uploads\/2026\/01\/Tulips-1-685x1024.jpg\" alt=\"\" class=\"wp-image-196752 lazyload\" data-srcset=\"https:\/\/errr-magazine.com\/wp-content\/uploads\/2026\/01\/Tulips-1-685x1024.jpg 685w, https:\/\/errr-magazine.com\/wp-content\/uploads\/2026\/01\/Tulips-1-201x300.jpg 201w, https:\/\/errr-magazine.com\/wp-content\/uploads\/2026\/01\/Tulips-1-768x1148.jpg 768w, https:\/\/errr-magazine.com\/wp-content\/uploads\/2026\/01\/Tulips-1-8x12.jpg 8w, https:\/\/errr-magazine.com\/wp-content\/uploads\/2026\/01\/Tulips-1.jpg 948w\" data-sizes=\"(max-width: 685px) 100vw, 685px\" src=\"data:image\/svg+xml;base64,PHN2ZyB3aWR0aD0iMSIgaGVpZ2h0PSIxIiB4bWxucz0iaHR0cDovL3d3dy53My5vcmcvMjAwMC9zdmciPjwvc3ZnPg==\" style=\"--smush-placeholder-width: 685px; --smush-placeholder-aspect-ratio: 685\/1024;\" \/><\/figure>\n\n\n\n<p><strong>What is your favorite restaurant and what do you recommend we order?<\/strong><\/p>\n\n\n\n<p>&nbsp;My favorite restaurant is called <a href=\"https:\/\/www.instagram.com\/isolinataberna\/?hl=es\">Isolina<\/a> and it\u2019s located in the Barranco neighborhood of Lima, Peru. I\u2019d start with a pisco sour, then have a ceviche with fried octopus, seco de cordero, and for dessert, a crema volteada\u2014undoubtedly the best in Lima.&nbsp;&nbsp;<\/p>\n\n\n\n<figure class=\"wp-block-image size-large\"><img decoding=\"async\" width=\"687\" height=\"1024\" data-src=\"https:\/\/errr-magazine.com\/wp-content\/uploads\/2026\/01\/Almendro-Sudakasa-687x1024.jpg\" alt=\"\" class=\"wp-image-196754 lazyload\" data-srcset=\"https:\/\/errr-magazine.com\/wp-content\/uploads\/2026\/01\/Almendro-Sudakasa-687x1024.jpg 687w, https:\/\/errr-magazine.com\/wp-content\/uploads\/2026\/01\/Almendro-Sudakasa-201x300.jpg 201w, https:\/\/errr-magazine.com\/wp-content\/uploads\/2026\/01\/Almendro-Sudakasa-768x1144.jpg 768w, https:\/\/errr-magazine.com\/wp-content\/uploads\/2026\/01\/Almendro-Sudakasa-8x12.jpg 8w, https:\/\/errr-magazine.com\/wp-content\/uploads\/2026\/01\/Almendro-Sudakasa.jpg 951w\" data-sizes=\"(max-width: 687px) 100vw, 687px\" src=\"data:image\/svg+xml;base64,PHN2ZyB3aWR0aD0iMSIgaGVpZ2h0PSIxIiB4bWxucz0iaHR0cDovL3d3dy53My5vcmcvMjAwMC9zdmciPjwvc3ZnPg==\" style=\"--smush-placeholder-width: 687px; --smush-placeholder-aspect-ratio: 687\/1024;\" \/><\/figure>\n\n\n\n<p><strong>If your life were a movie this month, what would it be called and who would write the soundtrack?<\/strong><\/p>\n\n\n\n<p>I think that uncertainty has been very present in this month, so I would name it&nbsp;<em>A little more salt.&nbsp;<\/em>The soundtrack would be by the peruvian singer <em><a href=\"https:\/\/open.spotify.com\/artist\/7nZ3e67Mo4DLU1RC81KX8H\">La l\u00e1.<\/a><\/em><\/p>\n\n\n\n<figure class=\"wp-block-image size-large\"><img decoding=\"async\" width=\"685\" height=\"1024\" data-src=\"https:\/\/errr-magazine.com\/wp-content\/uploads\/2026\/01\/Rocio-1-685x1024.jpg\" alt=\"\" class=\"wp-image-196753 lazyload\" data-srcset=\"https:\/\/errr-magazine.com\/wp-content\/uploads\/2026\/01\/Rocio-1-685x1024.jpg 685w, https:\/\/errr-magazine.com\/wp-content\/uploads\/2026\/01\/Rocio-1-201x300.jpg 201w, https:\/\/errr-magazine.com\/wp-content\/uploads\/2026\/01\/Rocio-1-768x1148.jpg 768w, https:\/\/errr-magazine.com\/wp-content\/uploads\/2026\/01\/Rocio-1-8x12.jpg 8w, https:\/\/errr-magazine.com\/wp-content\/uploads\/2026\/01\/Rocio-1.jpg 948w\" data-sizes=\"(max-width: 685px) 100vw, 685px\" src=\"data:image\/svg+xml;base64,PHN2ZyB3aWR0aD0iMSIgaGVpZ2h0PSIxIiB4bWxucz0iaHR0cDovL3d3dy53My5vcmcvMjAwMC9zdmciPjwvc3ZnPg==\" style=\"--smush-placeholder-width: 685px; --smush-placeholder-aspect-ratio: 685\/1024;\" \/><\/figure>\n\n\n\n<p><strong>Recommend us an artist you follow who inspires you, and tell us what you like most about their work or their way of working.<\/strong><\/p>\n\n\n\n<p>I really admire the work of the peruvian artist <em><a href=\"https:\/\/analiaorezzoli.com\/\">Ana L\u00eda Or\u00e9zzoli<\/a><\/em>. She is a photographer who also captures the everyday and the intimate. In addition to creating exhibition projects where photography opens up to new possibilities of display, she has produced self-published photobooks in which she plays with words. Combining images and text is one of the processes I admire most, and I think she makes it look and sound wonderful.&nbsp;<\/p>\n\n\n\n<p><\/p>","protected":false},"excerpt":{"rendered":"<p>I think what motivates me most to photograph is the feeling that what I'm seeing is about to end, to fade away, to disappear and never return. I don't experience it as something tragic, but as an almost visceral need to preserve it, to make it my own.<\/p>","protected":false},"author":8055,"featured_media":196755,"comment_status":"closed","ping_status":"closed","sticky":false,"template":"","format":"standard","meta":{"_acf_changed":false,"cybocfi_hide_featured_image":"","_jetpack_memberships_contains_paid_content":false,"footnotes":""},"categories":[17856],"tags":[],"class_list":["post-196682","post","type-post","status-publish","format-standard","has-post-thumbnail","hentry","category-artes-visuales"],"acf":[],"mb":[],"yoast_head":"<!-- This site is optimized with the Yoast SEO plugin v27.2 - https:\/\/yoast.com\/product\/yoast-seo-wordpress\/ -->\n<title>Carta al tiempo - ERRR MAGAZINE<\/title>\n<meta name=\"robots\" content=\"index, follow, max-snippet:-1, max-image-preview:large, max-video-preview:-1\" \/>\n<link rel=\"canonical\" href=\"https:\/\/errr-magazine.com\/english\/carta-al-tiempo\/\" \/>\n<meta property=\"og:locale\" content=\"en_US\" \/>\n<meta property=\"og:type\" content=\"article\" \/>\n<meta property=\"og:title\" content=\"Carta al tiempo - ERRR MAGAZINE\" \/>\n<meta property=\"og:description\" content=\"Creo que lo que m\u00e1s me mueve a fotografiar es la sensaci\u00f3n de que lo que estoy viendo est\u00e1 a punto de terminar, de desvanecerse, de desaparecer y ya no volver\u00e1. No lo vivo como algo tr\u00e1gico, sino como una necesidad casi visceral de conservarlo, de hacerlo m\u00edo.\" \/>\n<meta property=\"og:url\" content=\"https:\/\/errr-magazine.com\/english\/carta-al-tiempo\/\" \/>\n<meta property=\"og:site_name\" content=\"ERRR MAGAZINE\" \/>\n<meta property=\"article:published_time\" content=\"2026-01-04T13:00:00+00:00\" \/>\n<meta property=\"og:image\" content=\"https:\/\/errr-magazine.com\/wp-content\/uploads\/2026\/01\/Alpujarra-1.jpg\" \/>\n\t<meta property=\"og:image:width\" content=\"1772\" \/>\n\t<meta property=\"og:image:height\" content=\"1205\" \/>\n\t<meta property=\"og:image:type\" content=\"image\/jpeg\" \/>\n<meta name=\"author\" content=\"Sof\u00eda Alvarez Capu\u00f1ay\" \/>\n<meta name=\"twitter:card\" content=\"summary_large_image\" \/>\n<meta name=\"twitter:label1\" content=\"Written by\" \/>\n\t<meta name=\"twitter:data1\" content=\"Sof\u00eda Alvarez Capu\u00f1ay\" \/>\n\t<meta name=\"twitter:label2\" content=\"Est. reading time\" \/>\n\t<meta name=\"twitter:data2\" content=\"7 minutes\" \/>\n<script type=\"application\/ld+json\" class=\"yoast-schema-graph\">{\"@context\":\"https:\/\/schema.org\",\"@graph\":[{\"@type\":\"Article\",\"@id\":\"https:\/\/errr-magazine.com\/carta-al-tiempo\/#article\",\"isPartOf\":{\"@id\":\"https:\/\/errr-magazine.com\/carta-al-tiempo\/\"},\"author\":{\"name\":\"Sof\u00eda Alvarez Capu\u00f1ay\",\"@id\":\"https:\/\/errr-magazine.com\/#\/schema\/person\/e327f3d57f0276660fbbed0ca7bb484f\"},\"headline\":\"Carta al tiempo\",\"datePublished\":\"2026-01-04T13:00:00+00:00\",\"mainEntityOfPage\":{\"@id\":\"https:\/\/errr-magazine.com\/carta-al-tiempo\/\"},\"wordCount\":1205,\"image\":{\"@id\":\"https:\/\/errr-magazine.com\/carta-al-tiempo\/#primaryimage\"},\"thumbnailUrl\":\"https:\/\/errr-magazine.com\/wp-content\/uploads\/2026\/01\/Alpujarra-1.jpg\",\"articleSection\":[\"Artes visuales\"],\"inLanguage\":\"en-US\"},{\"@type\":\"WebPage\",\"@id\":\"https:\/\/errr-magazine.com\/carta-al-tiempo\/\",\"url\":\"https:\/\/errr-magazine.com\/carta-al-tiempo\/\",\"name\":\"Carta al tiempo - ERRR MAGAZINE\",\"isPartOf\":{\"@id\":\"https:\/\/errr-magazine.com\/#website\"},\"primaryImageOfPage\":{\"@id\":\"https:\/\/errr-magazine.com\/carta-al-tiempo\/#primaryimage\"},\"image\":{\"@id\":\"https:\/\/errr-magazine.com\/carta-al-tiempo\/#primaryimage\"},\"thumbnailUrl\":\"https:\/\/errr-magazine.com\/wp-content\/uploads\/2026\/01\/Alpujarra-1.jpg\",\"datePublished\":\"2026-01-04T13:00:00+00:00\",\"author\":{\"@id\":\"https:\/\/errr-magazine.com\/#\/schema\/person\/e327f3d57f0276660fbbed0ca7bb484f\"},\"breadcrumb\":{\"@id\":\"https:\/\/errr-magazine.com\/carta-al-tiempo\/#breadcrumb\"},\"inLanguage\":\"en-US\",\"potentialAction\":[{\"@type\":\"ReadAction\",\"target\":[\"https:\/\/errr-magazine.com\/carta-al-tiempo\/\"]}]},{\"@type\":\"ImageObject\",\"inLanguage\":\"en-US\",\"@id\":\"https:\/\/errr-magazine.com\/carta-al-tiempo\/#primaryimage\",\"url\":\"https:\/\/errr-magazine.com\/wp-content\/uploads\/2026\/01\/Alpujarra-1.jpg\",\"contentUrl\":\"https:\/\/errr-magazine.com\/wp-content\/uploads\/2026\/01\/Alpujarra-1.jpg\",\"width\":1772,\"height\":1205},{\"@type\":\"BreadcrumbList\",\"@id\":\"https:\/\/errr-magazine.com\/carta-al-tiempo\/#breadcrumb\",\"itemListElement\":[{\"@type\":\"ListItem\",\"position\":1,\"name\":\"Portada\",\"item\":\"https:\/\/errr-magazine.com\/\"},{\"@type\":\"ListItem\",\"position\":2,\"name\":\"Carta al tiempo\"}]},{\"@type\":\"WebSite\",\"@id\":\"https:\/\/errr-magazine.com\/#website\",\"url\":\"https:\/\/errr-magazine.com\/\",\"name\":\"ERRR MAGAZINE\",\"description\":\"\",\"potentialAction\":[{\"@type\":\"SearchAction\",\"target\":{\"@type\":\"EntryPoint\",\"urlTemplate\":\"https:\/\/errr-magazine.com\/?s={search_term_string}\"},\"query-input\":{\"@type\":\"PropertyValueSpecification\",\"valueRequired\":true,\"valueName\":\"search_term_string\"}}],\"inLanguage\":\"en-US\"},{\"@type\":\"Person\",\"@id\":\"https:\/\/errr-magazine.com\/#\/schema\/person\/e327f3d57f0276660fbbed0ca7bb484f\",\"name\":\"Sof\u00eda Alvarez Capu\u00f1ay\",\"image\":{\"@type\":\"ImageObject\",\"inLanguage\":\"en-US\",\"@id\":\"https:\/\/secure.gravatar.com\/avatar\/fe8f87da260e055ea3a7b1c04512c0d17e649108c780d0e929b1b93af53717a3?s=96&d=identicon&r=g\",\"url\":\"https:\/\/secure.gravatar.com\/avatar\/fe8f87da260e055ea3a7b1c04512c0d17e649108c780d0e929b1b93af53717a3?s=96&d=identicon&r=g\",\"contentUrl\":\"https:\/\/secure.gravatar.com\/avatar\/fe8f87da260e055ea3a7b1c04512c0d17e649108c780d0e929b1b93af53717a3?s=96&d=identicon&r=g\",\"caption\":\"Sof\u00eda Alvarez Capu\u00f1ay\"},\"description\":\"Lima, 1989. Resido en Madrid. Soy fot\u00f3grafa, investigadora y artista visual. Actualmente me encuentro escribiendo mi tesis doctoral en la Facultad de Bellas Artes de la Universidad Complutense de Madrid. Me gusta mucho leer frente al mar.\",\"sameAs\":[\"https:\/\/www.instagram.com\/fotos.de.sofia\/\"],\"url\":\"https:\/\/errr-magazine.com\/english\/author\/sofia-alvarez-cc\/\"}]}<\/script>\n<!-- \/ Yoast SEO plugin. -->","yoast_head_json":{"title":"Carta al tiempo - ERRR MAGAZINE","robots":{"index":"index","follow":"follow","max-snippet":"max-snippet:-1","max-image-preview":"max-image-preview:large","max-video-preview":"max-video-preview:-1"},"canonical":"https:\/\/errr-magazine.com\/english\/carta-al-tiempo\/","og_locale":"en_US","og_type":"article","og_title":"Carta al tiempo - ERRR MAGAZINE","og_description":"Creo que lo que m\u00e1s me mueve a fotografiar es la sensaci\u00f3n de que lo que estoy viendo est\u00e1 a punto de terminar, de desvanecerse, de desaparecer y ya no volver\u00e1. No lo vivo como algo tr\u00e1gico, sino como una necesidad casi visceral de conservarlo, de hacerlo m\u00edo.","og_url":"https:\/\/errr-magazine.com\/english\/carta-al-tiempo\/","og_site_name":"ERRR MAGAZINE","article_published_time":"2026-01-04T13:00:00+00:00","og_image":[{"width":1772,"height":1205,"url":"https:\/\/errr-magazine.com\/wp-content\/uploads\/2026\/01\/Alpujarra-1.jpg","type":"image\/jpeg"}],"author":"Sof\u00eda Alvarez Capu\u00f1ay","twitter_card":"summary_large_image","twitter_misc":{"Written by":"Sof\u00eda Alvarez Capu\u00f1ay","Est. reading time":"7 minutes"},"schema":{"@context":"https:\/\/schema.org","@graph":[{"@type":"Article","@id":"https:\/\/errr-magazine.com\/carta-al-tiempo\/#article","isPartOf":{"@id":"https:\/\/errr-magazine.com\/carta-al-tiempo\/"},"author":{"name":"Sof\u00eda Alvarez Capu\u00f1ay","@id":"https:\/\/errr-magazine.com\/#\/schema\/person\/e327f3d57f0276660fbbed0ca7bb484f"},"headline":"Carta al tiempo","datePublished":"2026-01-04T13:00:00+00:00","mainEntityOfPage":{"@id":"https:\/\/errr-magazine.com\/carta-al-tiempo\/"},"wordCount":1205,"image":{"@id":"https:\/\/errr-magazine.com\/carta-al-tiempo\/#primaryimage"},"thumbnailUrl":"https:\/\/errr-magazine.com\/wp-content\/uploads\/2026\/01\/Alpujarra-1.jpg","articleSection":["Artes visuales"],"inLanguage":"en-US"},{"@type":"WebPage","@id":"https:\/\/errr-magazine.com\/carta-al-tiempo\/","url":"https:\/\/errr-magazine.com\/carta-al-tiempo\/","name":"Carta al tiempo - ERRR MAGAZINE","isPartOf":{"@id":"https:\/\/errr-magazine.com\/#website"},"primaryImageOfPage":{"@id":"https:\/\/errr-magazine.com\/carta-al-tiempo\/#primaryimage"},"image":{"@id":"https:\/\/errr-magazine.com\/carta-al-tiempo\/#primaryimage"},"thumbnailUrl":"https:\/\/errr-magazine.com\/wp-content\/uploads\/2026\/01\/Alpujarra-1.jpg","datePublished":"2026-01-04T13:00:00+00:00","author":{"@id":"https:\/\/errr-magazine.com\/#\/schema\/person\/e327f3d57f0276660fbbed0ca7bb484f"},"breadcrumb":{"@id":"https:\/\/errr-magazine.com\/carta-al-tiempo\/#breadcrumb"},"inLanguage":"en-US","potentialAction":[{"@type":"ReadAction","target":["https:\/\/errr-magazine.com\/carta-al-tiempo\/"]}]},{"@type":"ImageObject","inLanguage":"en-US","@id":"https:\/\/errr-magazine.com\/carta-al-tiempo\/#primaryimage","url":"https:\/\/errr-magazine.com\/wp-content\/uploads\/2026\/01\/Alpujarra-1.jpg","contentUrl":"https:\/\/errr-magazine.com\/wp-content\/uploads\/2026\/01\/Alpujarra-1.jpg","width":1772,"height":1205},{"@type":"BreadcrumbList","@id":"https:\/\/errr-magazine.com\/carta-al-tiempo\/#breadcrumb","itemListElement":[{"@type":"ListItem","position":1,"name":"Portada","item":"https:\/\/errr-magazine.com\/"},{"@type":"ListItem","position":2,"name":"Carta al tiempo"}]},{"@type":"WebSite","@id":"https:\/\/errr-magazine.com\/#website","url":"https:\/\/errr-magazine.com\/","name":"ERRR MAGAZINE","description":"","potentialAction":[{"@type":"SearchAction","target":{"@type":"EntryPoint","urlTemplate":"https:\/\/errr-magazine.com\/?s={search_term_string}"},"query-input":{"@type":"PropertyValueSpecification","valueRequired":true,"valueName":"search_term_string"}}],"inLanguage":"en-US"},{"@type":"Person","@id":"https:\/\/errr-magazine.com\/#\/schema\/person\/e327f3d57f0276660fbbed0ca7bb484f","name":"Sofia Alvarez Capu\u00f1ay","image":{"@type":"ImageObject","inLanguage":"en-US","@id":"https:\/\/secure.gravatar.com\/avatar\/fe8f87da260e055ea3a7b1c04512c0d17e649108c780d0e929b1b93af53717a3?s=96&d=identicon&r=g","url":"https:\/\/secure.gravatar.com\/avatar\/fe8f87da260e055ea3a7b1c04512c0d17e649108c780d0e929b1b93af53717a3?s=96&d=identicon&r=g","contentUrl":"https:\/\/secure.gravatar.com\/avatar\/fe8f87da260e055ea3a7b1c04512c0d17e649108c780d0e929b1b93af53717a3?s=96&d=identicon&r=g","caption":"Sof\u00eda Alvarez Capu\u00f1ay"},"description":"Lima, 1989. I live in Madrid. I am a photographer, researcher and visual artist. I am currently writing my doctoral thesis at the Faculty of Fine Arts at the Complutense University of Madrid. I love reading in front of the sea.","sameAs":["https:\/\/www.instagram.com\/fotos.de.sofia\/"],"url":"https:\/\/errr-magazine.com\/english\/author\/sofia-alvarez-cc\/"}]}},"jetpack_featured_media_url":"https:\/\/errr-magazine.com\/wp-content\/uploads\/2026\/01\/Alpujarra-1.jpg","jetpack-related-posts":[{"id":202374,"url":"https:\/\/errr-magazine.com\/english\/los-nombres-de-mi-padre\/","url_meta":{"origin":196682,"position":0},"title":"Los nombres de mi padre","author":"Daniel Salda\u00f1a Par\u00eds","date":"03\/17\/2026","format":false,"excerpt":"Naci\u00f3 de la idea de un personaje que emprende una investigaci\u00f3n en torno a un amigo de sus padres desaparecido hace muchos a\u00f1os. Tambi\u00e9n naci\u00f3 de una curiosidad por reconstruir la historia del proyecto original de Ciudad Sat\u00e9lite. Y en cierto sentido tambi\u00e9n naci\u00f3 del hecho de que mi padre\u2026","rel":"","context":"In &quot;Libros&quot;","block_context":{"text":"Libros","link":"https:\/\/errr-magazine.com\/english\/category\/interviews\/libros\/"},"img":{"alt_text":"","src":"https:\/\/i0.wp.com\/errr-magazine.com\/wp-content\/uploads\/2026\/03\/1-14.jpg?resize=350%2C200&ssl=1","width":350,"height":200,"srcset":"https:\/\/i0.wp.com\/errr-magazine.com\/wp-content\/uploads\/2026\/03\/1-14.jpg?resize=350%2C200&ssl=1 1x, https:\/\/i0.wp.com\/errr-magazine.com\/wp-content\/uploads\/2026\/03\/1-14.jpg?resize=525%2C300&ssl=1 1.5x, https:\/\/i0.wp.com\/errr-magazine.com\/wp-content\/uploads\/2026\/03\/1-14.jpg?resize=700%2C400&ssl=1 2x, https:\/\/i0.wp.com\/errr-magazine.com\/wp-content\/uploads\/2026\/03\/1-14.jpg?resize=1050%2C600&ssl=1 3x, https:\/\/i0.wp.com\/errr-magazine.com\/wp-content\/uploads\/2026\/03\/1-14.jpg?resize=1400%2C800&ssl=1 4x"},"classes":[]},{"id":202809,"url":"https:\/\/errr-magazine.com\/english\/obrero\/","url_meta":{"origin":196682,"position":1},"title":"Obrero","author":"Obrero","date":"03\/20\/2026","format":false,"excerpt":"The intention was never to hide the processes, but quite the opposite: here you can see them. The kitchen, the bar, the bakery, and the toaster are all in plain sight. We believe that when the work is serious and the craft is genuine, showing it is also part of the experience.","rel":"","context":"In &quot;Cafeterias y panader\u00edas&quot;","block_context":{"text":"Cafeterias y panader\u00edas","link":"https:\/\/errr-magazine.com\/english\/category\/places\/cafeterias-y-panaderias\/"},"img":{"alt_text":"","src":"https:\/\/i0.wp.com\/errr-magazine.com\/wp-content\/uploads\/2026\/03\/OBRERO-01-scaled.jpg?resize=350%2C200&ssl=1","width":350,"height":200,"srcset":"https:\/\/i0.wp.com\/errr-magazine.com\/wp-content\/uploads\/2026\/03\/OBRERO-01-scaled.jpg?resize=350%2C200&ssl=1 1x, https:\/\/i0.wp.com\/errr-magazine.com\/wp-content\/uploads\/2026\/03\/OBRERO-01-scaled.jpg?resize=525%2C300&ssl=1 1.5x, https:\/\/i0.wp.com\/errr-magazine.com\/wp-content\/uploads\/2026\/03\/OBRERO-01-scaled.jpg?resize=700%2C400&ssl=1 2x, https:\/\/i0.wp.com\/errr-magazine.com\/wp-content\/uploads\/2026\/03\/OBRERO-01-scaled.jpg?resize=1050%2C600&ssl=1 3x, https:\/\/i0.wp.com\/errr-magazine.com\/wp-content\/uploads\/2026\/03\/OBRERO-01-scaled.jpg?resize=1400%2C800&ssl=1 4x"},"classes":[]},{"id":200648,"url":"https:\/\/errr-magazine.com\/english\/solovino-cafe\/","url_meta":{"origin":196682,"position":2},"title":"Solovino Caf\u00e9","author":"Solovino Caf\u00e9","date":"02\/20\/2026","format":false,"excerpt":"Before knowing how to steam milk, calibrate a grinder, or make great chilaquiles, it\u2019s essential to understand that hospitality is the most important thing for us.","rel":"","context":"In &quot;Cafeterias y panader\u00edas&quot;","block_context":{"text":"Cafeterias y panader\u00edas","link":"https:\/\/errr-magazine.com\/english\/category\/places\/cafeterias-y-panaderias\/"},"img":{"alt_text":"","src":"https:\/\/i0.wp.com\/errr-magazine.com\/wp-content\/uploads\/2026\/02\/1-20.jpg?resize=350%2C200&ssl=1","width":350,"height":200,"srcset":"https:\/\/i0.wp.com\/errr-magazine.com\/wp-content\/uploads\/2026\/02\/1-20.jpg?resize=350%2C200&ssl=1 1x, https:\/\/i0.wp.com\/errr-magazine.com\/wp-content\/uploads\/2026\/02\/1-20.jpg?resize=525%2C300&ssl=1 1.5x, https:\/\/i0.wp.com\/errr-magazine.com\/wp-content\/uploads\/2026\/02\/1-20.jpg?resize=700%2C400&ssl=1 2x, https:\/\/i0.wp.com\/errr-magazine.com\/wp-content\/uploads\/2026\/02\/1-20.jpg?resize=1050%2C600&ssl=1 3x, https:\/\/i0.wp.com\/errr-magazine.com\/wp-content\/uploads\/2026\/02\/1-20.jpg?resize=1400%2C800&ssl=1 4x"},"classes":[]},{"id":202434,"url":"https:\/\/errr-magazine.com\/english\/separadas-y-una-misma\/","url_meta":{"origin":196682,"position":3},"title":"Separated Yet One","author":"Carolina Monterrubio","date":"03\/15\/2026","format":false,"excerpt":"My main project is motherhood. In the coming months, I hope to return to the ceramic project and refocus on developing editorial projects, which remain the central axis of my practice and the space where I most enjoy working.","rel":"","context":"In &quot;Artes visuales&quot;","block_context":{"text":"Artes visuales","link":"https:\/\/errr-magazine.com\/english\/category\/interviews\/artes-visuales\/"},"img":{"alt_text":"","src":"https:\/\/i0.wp.com\/errr-magazine.com\/wp-content\/uploads\/2026\/03\/1-13-scaled.jpg?resize=350%2C200&ssl=1","width":350,"height":200,"srcset":"https:\/\/i0.wp.com\/errr-magazine.com\/wp-content\/uploads\/2026\/03\/1-13-scaled.jpg?resize=350%2C200&ssl=1 1x, https:\/\/i0.wp.com\/errr-magazine.com\/wp-content\/uploads\/2026\/03\/1-13-scaled.jpg?resize=525%2C300&ssl=1 1.5x, https:\/\/i0.wp.com\/errr-magazine.com\/wp-content\/uploads\/2026\/03\/1-13-scaled.jpg?resize=700%2C400&ssl=1 2x, https:\/\/i0.wp.com\/errr-magazine.com\/wp-content\/uploads\/2026\/03\/1-13-scaled.jpg?resize=1050%2C600&ssl=1 3x, https:\/\/i0.wp.com\/errr-magazine.com\/wp-content\/uploads\/2026\/03\/1-13-scaled.jpg?resize=1400%2C800&ssl=1 4x"},"classes":[]},{"id":129934,"url":"https:\/\/errr-magazine.com\/english\/cartas-no-entregadas\/","url_meta":{"origin":196682,"position":4},"title":"Cartas no entregadas","author":"Mariano A.","date":"03\/17\/2018","format":false,"excerpt":"Abr\u00ed el ba\u00fal de los recuerdos y ah\u00ed estaban apiladas cientos de cartas que no hab\u00edan llegado a su destino. Acumulando polvo y recuerdos las cartas aumentaban al n\u00famero de ciento cincuenta o \u00bfSin cuenta? El ba\u00fal de los recuerdos no es literalmente un ba\u00fal es un lugar donde guardo\u2026","rel":"","context":"In &quot;Textos&quot;","block_context":{"text":"Textos","link":"https:\/\/errr-magazine.com\/english\/category\/textos\/"},"img":{"alt_text":"","src":"","width":0,"height":0},"classes":[]},{"id":201460,"url":"https:\/\/errr-magazine.com\/english\/el-sillon-tambien-es-un-punto-de-vista\/","url_meta":{"origin":196682,"position":5},"title":"The Couch Is Also a Point of View","author":"Miriam G\u00f3mez","date":"03\/05\/2026","format":false,"excerpt":"Being inactive is discovering that the world doesn\u2019t collapse if I don\u2019t hold it up. That the house survives the dinosaur. That the couch is also a point of view. That not producing is not disappearing.","rel":"","context":"In &quot;Narrativa&quot;","block_context":{"text":"Narrativa","link":"https:\/\/errr-magazine.com\/english\/category\/writing\/narrativa\/"},"img":{"alt_text":"","src":"https:\/\/i0.wp.com\/errr-magazine.com\/wp-content\/uploads\/2026\/03\/Copia-de-CHP-FEB26-22-scaled.jpg?resize=350%2C200&ssl=1","width":350,"height":200,"srcset":"https:\/\/i0.wp.com\/errr-magazine.com\/wp-content\/uploads\/2026\/03\/Copia-de-CHP-FEB26-22-scaled.jpg?resize=350%2C200&ssl=1 1x, https:\/\/i0.wp.com\/errr-magazine.com\/wp-content\/uploads\/2026\/03\/Copia-de-CHP-FEB26-22-scaled.jpg?resize=525%2C300&ssl=1 1.5x, https:\/\/i0.wp.com\/errr-magazine.com\/wp-content\/uploads\/2026\/03\/Copia-de-CHP-FEB26-22-scaled.jpg?resize=700%2C400&ssl=1 2x, https:\/\/i0.wp.com\/errr-magazine.com\/wp-content\/uploads\/2026\/03\/Copia-de-CHP-FEB26-22-scaled.jpg?resize=1050%2C600&ssl=1 3x, https:\/\/i0.wp.com\/errr-magazine.com\/wp-content\/uploads\/2026\/03\/Copia-de-CHP-FEB26-22-scaled.jpg?resize=1400%2C800&ssl=1 4x"},"classes":[]}],"jetpack_sharing_enabled":true,"mfb_rest_fields":["title","yoast_head","yoast_head_json","jetpack_featured_media_url","jetpack-related-posts","jetpack_sharing_enabled"],"_links":{"self":[{"href":"https:\/\/errr-magazine.com\/english\/wp-json\/wp\/v2\/posts\/196682","targetHints":{"allow":["GET"]}}],"collection":[{"href":"https:\/\/errr-magazine.com\/english\/wp-json\/wp\/v2\/posts"}],"about":[{"href":"https:\/\/errr-magazine.com\/english\/wp-json\/wp\/v2\/types\/post"}],"author":[{"embeddable":true,"href":"https:\/\/errr-magazine.com\/english\/wp-json\/wp\/v2\/users\/8055"}],"replies":[{"embeddable":true,"href":"https:\/\/errr-magazine.com\/english\/wp-json\/wp\/v2\/comments?post=196682"}],"version-history":[{"count":4,"href":"https:\/\/errr-magazine.com\/english\/wp-json\/wp\/v2\/posts\/196682\/revisions"}],"predecessor-version":[{"id":196833,"href":"https:\/\/errr-magazine.com\/english\/wp-json\/wp\/v2\/posts\/196682\/revisions\/196833"}],"wp:featuredmedia":[{"embeddable":true,"href":"https:\/\/errr-magazine.com\/english\/wp-json\/wp\/v2\/media\/196755"}],"wp:attachment":[{"href":"https:\/\/errr-magazine.com\/english\/wp-json\/wp\/v2\/media?parent=196682"}],"wp:term":[{"taxonomy":"category","embeddable":true,"href":"https:\/\/errr-magazine.com\/english\/wp-json\/wp\/v2\/categories?post=196682"},{"taxonomy":"post_tag","embeddable":true,"href":"https:\/\/errr-magazine.com\/english\/wp-json\/wp\/v2\/tags?post=196682"}],"curies":[{"name":"wp","href":"https:\/\/api.w.org\/{rel}","templated":true}]}}