{"id":195473,"date":"2025-12-10T12:14:12","date_gmt":"2025-12-10T18:14:12","guid":{"rendered":"https:\/\/errr-magazine.com\/?p=195473"},"modified":"2025-12-10T12:28:03","modified_gmt":"2025-12-10T18:28:03","slug":"la-danza","status":"publish","type":"post","link":"https:\/\/errr-magazine.com\/english\/la-danza\/","title":{"rendered":"The dance"},"content":{"rendered":"<p><strong>What pieces or projects have you been working on lately?<\/strong>\u00a0<br>Lately I have been working on photographic pieces about the human body, especially its own language and expressions.<\/p>\n\n\n\n<figure class=\"wp-block-image size-large\"><img decoding=\"async\" width=\"686\" height=\"1024\" data-src=\"https:\/\/errr-magazine.com\/wp-content\/uploads\/2025\/12\/La-Danza-1-686x1024.jpg\" alt=\"\" class=\"wp-image-195475 lazyload\" data-srcset=\"https:\/\/errr-magazine.com\/wp-content\/uploads\/2025\/12\/La-Danza-1-686x1024.jpg 686w, https:\/\/errr-magazine.com\/wp-content\/uploads\/2025\/12\/La-Danza-1-201x300.jpg 201w, https:\/\/errr-magazine.com\/wp-content\/uploads\/2025\/12\/La-Danza-1-768x1146.jpg 768w, https:\/\/errr-magazine.com\/wp-content\/uploads\/2025\/12\/La-Danza-1-1029x1536.jpg 1029w, https:\/\/errr-magazine.com\/wp-content\/uploads\/2025\/12\/La-Danza-1-1373x2048.jpg 1373w, https:\/\/errr-magazine.com\/wp-content\/uploads\/2025\/12\/La-Danza-1-8x12.jpg 8w, https:\/\/errr-magazine.com\/wp-content\/uploads\/2025\/12\/La-Danza-1.jpg 1532w\" data-sizes=\"(max-width: 686px) 100vw, 686px\" src=\"data:image\/svg+xml;base64,PHN2ZyB3aWR0aD0iMSIgaGVpZ2h0PSIxIiB4bWxucz0iaHR0cDovL3d3dy53My5vcmcvMjAwMC9zdmciPjwvc3ZnPg==\" style=\"--smush-placeholder-width: 686px; --smush-placeholder-aspect-ratio: 686\/1024;\" \/><\/figure>\n\n\n\n<p><strong>What did you learn (or unlearn) while working on them?\u00a0<br><\/strong>Something I learned and am still learning is the language and syntax that exist within our hands; it's amazing how we can communicate even without words.<\/p>\n\n\n\n<figure class=\"wp-block-image size-large\"><img decoding=\"async\" width=\"685\" height=\"1024\" data-src=\"https:\/\/errr-magazine.com\/wp-content\/uploads\/2025\/12\/Periferias-685x1024.jpg\" alt=\"\" class=\"wp-image-195476 lazyload\" data-srcset=\"https:\/\/errr-magazine.com\/wp-content\/uploads\/2025\/12\/Periferias-685x1024.jpg 685w, https:\/\/errr-magazine.com\/wp-content\/uploads\/2025\/12\/Periferias-201x300.jpg 201w, https:\/\/errr-magazine.com\/wp-content\/uploads\/2025\/12\/Periferias-768x1148.jpg 768w, https:\/\/errr-magazine.com\/wp-content\/uploads\/2025\/12\/Periferias-1027x1536.jpg 1027w, https:\/\/errr-magazine.com\/wp-content\/uploads\/2025\/12\/Periferias-8x12.jpg 8w, https:\/\/errr-magazine.com\/wp-content\/uploads\/2025\/12\/Periferias.jpg 1200w\" data-sizes=\"(max-width: 685px) 100vw, 685px\" src=\"data:image\/svg+xml;base64,PHN2ZyB3aWR0aD0iMSIgaGVpZ2h0PSIxIiB4bWxucz0iaHR0cDovL3d3dy53My5vcmcvMjAwMC9zdmciPjwvc3ZnPg==\" style=\"--smush-placeholder-width: 685px; --smush-placeholder-aspect-ratio: 685\/1024;\" \/><\/figure>\n\n\n\n<p><strong>What words, ideas or emotions were going through your head?<\/strong>\u00a0<br>Creo que la palabra seria \u201corg\u00e1nico\u201d: me gustar\u00eda retratar el cuerpo humano como esta forma org\u00e1nica que converge con el espacio y naturaleza.<\/p>\n\n\n\n<figure class=\"wp-block-image size-large\"><img decoding=\"async\" width=\"686\" height=\"1024\" data-src=\"https:\/\/errr-magazine.com\/wp-content\/uploads\/2025\/12\/Utopico-686x1024.jpg\" alt=\"\" class=\"wp-image-195477 lazyload\" data-srcset=\"https:\/\/errr-magazine.com\/wp-content\/uploads\/2025\/12\/Utopico-686x1024.jpg 686w, https:\/\/errr-magazine.com\/wp-content\/uploads\/2025\/12\/Utopico-201x300.jpg 201w, https:\/\/errr-magazine.com\/wp-content\/uploads\/2025\/12\/Utopico-768x1146.jpg 768w, https:\/\/errr-magazine.com\/wp-content\/uploads\/2025\/12\/Utopico-1029x1536.jpg 1029w, https:\/\/errr-magazine.com\/wp-content\/uploads\/2025\/12\/Utopico-1372x2048.jpg 1372w, https:\/\/errr-magazine.com\/wp-content\/uploads\/2025\/12\/Utopico-8x12.jpg 8w, https:\/\/errr-magazine.com\/wp-content\/uploads\/2025\/12\/Utopico.jpg 1466w\" data-sizes=\"(max-width: 686px) 100vw, 686px\" src=\"data:image\/svg+xml;base64,PHN2ZyB3aWR0aD0iMSIgaGVpZ2h0PSIxIiB4bWxucz0iaHR0cDovL3d3dy53My5vcmcvMjAwMC9zdmciPjwvc3ZnPg==\" style=\"--smush-placeholder-width: 686px; --smush-placeholder-aspect-ratio: 686\/1024;\" \/><\/figure>\n\n\n\n<p><strong>Were there any conversations, movies, music, or books that made their way into that work?<\/strong>\u00a0<br>Yes, the story behind the photo series I titled \u201cThe Dance\u201d is indeed related to a song called \u201cDawn Chorus\u201d by Thom Yorke, which is part of his film \u201cAnima.\u201d I told my girlfriend about my fascination with hands, and she started moving them to the rhythm of the song. That's when I had this realization about the language of our bodies.<\/p>\n\n\n\n<figure class=\"wp-block-image size-large\"><img decoding=\"async\" width=\"682\" height=\"1024\" data-src=\"https:\/\/errr-magazine.com\/wp-content\/uploads\/2025\/12\/La-Danza2-682x1024.jpg\" alt=\"\" class=\"wp-image-195478 lazyload\" data-srcset=\"https:\/\/errr-magazine.com\/wp-content\/uploads\/2025\/12\/La-Danza2-682x1024.jpg 682w, https:\/\/errr-magazine.com\/wp-content\/uploads\/2025\/12\/La-Danza2-200x300.jpg 200w, https:\/\/errr-magazine.com\/wp-content\/uploads\/2025\/12\/La-Danza2-768x1153.jpg 768w, https:\/\/errr-magazine.com\/wp-content\/uploads\/2025\/12\/La-Danza2-1023x1536.jpg 1023w, https:\/\/errr-magazine.com\/wp-content\/uploads\/2025\/12\/La-Danza2-1364x2048.jpg 1364w, https:\/\/errr-magazine.com\/wp-content\/uploads\/2025\/12\/La-Danza2-8x12.jpg 8w, https:\/\/errr-magazine.com\/wp-content\/uploads\/2025\/12\/La-Danza2.jpg 1535w\" data-sizes=\"(max-width: 682px) 100vw, 682px\" src=\"data:image\/svg+xml;base64,PHN2ZyB3aWR0aD0iMSIgaGVpZ2h0PSIxIiB4bWxucz0iaHR0cDovL3d3dy53My5vcmcvMjAwMC9zdmciPjwvc3ZnPg==\" style=\"--smush-placeholder-width: 682px; --smush-placeholder-aspect-ratio: 682\/1024;\" \/><\/figure>\n\n\n\n<p><strong>What's been the most difficult thing you've faced recently in your creative process?<\/strong>\u00a0<br>Patience, and I think also a bit of comparison, as artists we often forget that the process is very different for each of us.<\/p>\n\n\n\n<p><strong>If you could have dinner at any restaurant in the city tonight, where would it be and what would you order?<\/strong>\u00a0<br>I think I'd like to go eat at \"La Chula\" tacos, especially at the branch on Revoluci\u00f3n. I'd order a \"La Jefa\" drink and an order of tacos al pastor.<\/p>\n\n\n\n<figure class=\"wp-block-image size-large\"><img decoding=\"async\" width=\"1024\" height=\"682\" data-src=\"https:\/\/errr-magazine.com\/wp-content\/uploads\/2025\/12\/Trenzas-1024x682.jpg\" alt=\"\" class=\"wp-image-195479 lazyload\" data-srcset=\"https:\/\/errr-magazine.com\/wp-content\/uploads\/2025\/12\/Trenzas-1024x682.jpg 1024w, https:\/\/errr-magazine.com\/wp-content\/uploads\/2025\/12\/Trenzas-300x200.jpg 300w, https:\/\/errr-magazine.com\/wp-content\/uploads\/2025\/12\/Trenzas-768x511.jpg 768w, https:\/\/errr-magazine.com\/wp-content\/uploads\/2025\/12\/Trenzas-1536x1023.jpg 1536w, https:\/\/errr-magazine.com\/wp-content\/uploads\/2025\/12\/Trenzas-2048x1364.jpg 2048w, https:\/\/errr-magazine.com\/wp-content\/uploads\/2025\/12\/Trenzas-18x12.jpg 18w\" data-sizes=\"(max-width: 1024px) 100vw, 1024px\" src=\"data:image\/svg+xml;base64,PHN2ZyB3aWR0aD0iMSIgaGVpZ2h0PSIxIiB4bWxucz0iaHR0cDovL3d3dy53My5vcmcvMjAwMC9zdmciPjwvc3ZnPg==\" style=\"--smush-placeholder-width: 1024px; --smush-placeholder-aspect-ratio: 1024\/682;\" \/><\/figure>\n\n\n\n<p><strong>If your life were a movie this month, what would it be called and who would write the soundtrack?<\/strong>\u00a0<br>It would be called \u201cCaminos\u201d and I would like Iv\u00e1n Cornejo to do the soundtrack.<\/p>\n\n\n\n<figure class=\"wp-block-image size-large\"><img decoding=\"async\" width=\"683\" height=\"1024\" data-src=\"https:\/\/errr-magazine.com\/wp-content\/uploads\/2025\/12\/La-danza-683x1024.jpg\" alt=\"\" class=\"wp-image-195480 lazyload\" data-srcset=\"https:\/\/errr-magazine.com\/wp-content\/uploads\/2025\/12\/La-danza-683x1024.jpg 683w, https:\/\/errr-magazine.com\/wp-content\/uploads\/2025\/12\/La-danza-200x300.jpg 200w, https:\/\/errr-magazine.com\/wp-content\/uploads\/2025\/12\/La-danza-768x1151.jpg 768w, https:\/\/errr-magazine.com\/wp-content\/uploads\/2025\/12\/La-danza-1025x1536.jpg 1025w, https:\/\/errr-magazine.com\/wp-content\/uploads\/2025\/12\/La-danza-1367x2048.jpg 1367w, https:\/\/errr-magazine.com\/wp-content\/uploads\/2025\/12\/La-danza-8x12.jpg 8w, https:\/\/errr-magazine.com\/wp-content\/uploads\/2025\/12\/La-danza.jpg 1534w\" data-sizes=\"(max-width: 683px) 100vw, 683px\" src=\"data:image\/svg+xml;base64,PHN2ZyB3aWR0aD0iMSIgaGVpZ2h0PSIxIiB4bWxucz0iaHR0cDovL3d3dy53My5vcmcvMjAwMC9zdmciPjwvc3ZnPg==\" style=\"--smush-placeholder-width: 683px; --smush-placeholder-aspect-ratio: 683\/1024;\" \/><\/figure>\n\n\n\n<p><strong>Recommend us an artist you follow who inspires you, and tell us what you like most about their work or their way of working.<\/strong>\u00a0<br>An artist I greatly admire is the photographer Sonia Madrigal; she is an artist whose work explores different territorial and identity narratives focused on the East of Mexico City.<\/p>","protected":false},"excerpt":{"rendered":"<p>I told my girlfriend about this fascination I had with hands, and she started moving them to the rhythm of the song. That's when I had this \"clarity\" about the language of our bodies.<\/p>","protected":false},"author":8031,"featured_media":195474,"comment_status":"closed","ping_status":"closed","sticky":false,"template":"","format":"standard","meta":{"_acf_changed":false,"cybocfi_hide_featured_image":"","_jetpack_memberships_contains_paid_content":false,"footnotes":""},"categories":[17856],"tags":[],"class_list":["post-195473","post","type-post","status-publish","format-standard","has-post-thumbnail","hentry","category-artes-visuales"],"acf":[],"mb":[],"yoast_head":"<!-- This site is optimized with the Yoast SEO plugin v27.2 - https:\/\/yoast.com\/product\/yoast-seo-wordpress\/ -->\n<title>La danza - ERRR MAGAZINE<\/title>\n<meta name=\"robots\" content=\"index, follow, max-snippet:-1, max-image-preview:large, max-video-preview:-1\" \/>\n<link rel=\"canonical\" href=\"https:\/\/errr-magazine.com\/english\/la-danza\/\" \/>\n<meta property=\"og:locale\" content=\"en_US\" \/>\n<meta property=\"og:type\" content=\"article\" \/>\n<meta property=\"og:title\" content=\"La danza - ERRR MAGAZINE\" \/>\n<meta property=\"og:description\" content=\"Le coment\u00e9 a mi novia acerca de esta fascinaci\u00f3n que ten\u00eda por las manos, ella comenz\u00f3 a moverlas al son de la canci\u00f3n. Fue ah\u00ed donde tuve esta \u201cclaridad\u201d acerca del lenguaje de nuestro cuerpo.\" \/>\n<meta property=\"og:url\" content=\"https:\/\/errr-magazine.com\/english\/la-danza\/\" \/>\n<meta property=\"og:site_name\" content=\"ERRR MAGAZINE\" \/>\n<meta property=\"article:published_time\" content=\"2025-12-10T18:14:12+00:00\" \/>\n<meta property=\"article:modified_time\" content=\"2025-12-10T18:28:03+00:00\" \/>\n<meta property=\"og:image\" content=\"https:\/\/errr-magazine.com\/wp-content\/uploads\/2025\/12\/Escalera-686x1024.jpg\" \/>\n\t<meta property=\"og:image:width\" content=\"686\" \/>\n\t<meta property=\"og:image:height\" content=\"1024\" \/>\n\t<meta property=\"og:image:type\" content=\"image\/jpeg\" \/>\n<meta name=\"author\" content=\"Jorge Segovia Cornejo\" \/>\n<meta name=\"twitter:card\" content=\"summary_large_image\" \/>\n<meta name=\"twitter:label1\" content=\"Written by\" \/>\n\t<meta name=\"twitter:data1\" content=\"Jorge Segovia Cornejo\" \/>\n\t<meta name=\"twitter:label2\" content=\"Est. reading time\" \/>\n\t<meta name=\"twitter:data2\" content=\"4 minutes\" \/>\n<script type=\"application\/ld+json\" class=\"yoast-schema-graph\">{\"@context\":\"https:\/\/schema.org\",\"@graph\":[{\"@type\":\"Article\",\"@id\":\"https:\/\/errr-magazine.com\/la-danza\/#article\",\"isPartOf\":{\"@id\":\"https:\/\/errr-magazine.com\/la-danza\/\"},\"author\":{\"name\":\"Jorge Segovia Cornejo\",\"@id\":\"https:\/\/errr-magazine.com\/#\/schema\/person\/f60e8cb212c21d020924f76cf8ab70bb\"},\"headline\":\"La danza\",\"datePublished\":\"2025-12-10T18:14:12+00:00\",\"dateModified\":\"2025-12-10T18:28:03+00:00\",\"mainEntityOfPage\":{\"@id\":\"https:\/\/errr-magazine.com\/la-danza\/\"},\"wordCount\":392,\"image\":{\"@id\":\"https:\/\/errr-magazine.com\/la-danza\/#primaryimage\"},\"thumbnailUrl\":\"https:\/\/errr-magazine.com\/wp-content\/uploads\/2025\/12\/Escalera.jpg\",\"articleSection\":[\"Artes visuales\"],\"inLanguage\":\"en-US\"},{\"@type\":\"WebPage\",\"@id\":\"https:\/\/errr-magazine.com\/la-danza\/\",\"url\":\"https:\/\/errr-magazine.com\/la-danza\/\",\"name\":\"La danza - ERRR MAGAZINE\",\"isPartOf\":{\"@id\":\"https:\/\/errr-magazine.com\/#website\"},\"primaryImageOfPage\":{\"@id\":\"https:\/\/errr-magazine.com\/la-danza\/#primaryimage\"},\"image\":{\"@id\":\"https:\/\/errr-magazine.com\/la-danza\/#primaryimage\"},\"thumbnailUrl\":\"https:\/\/errr-magazine.com\/wp-content\/uploads\/2025\/12\/Escalera.jpg\",\"datePublished\":\"2025-12-10T18:14:12+00:00\",\"dateModified\":\"2025-12-10T18:28:03+00:00\",\"author\":{\"@id\":\"https:\/\/errr-magazine.com\/#\/schema\/person\/f60e8cb212c21d020924f76cf8ab70bb\"},\"breadcrumb\":{\"@id\":\"https:\/\/errr-magazine.com\/la-danza\/#breadcrumb\"},\"inLanguage\":\"en-US\",\"potentialAction\":[{\"@type\":\"ReadAction\",\"target\":[\"https:\/\/errr-magazine.com\/la-danza\/\"]}]},{\"@type\":\"ImageObject\",\"inLanguage\":\"en-US\",\"@id\":\"https:\/\/errr-magazine.com\/la-danza\/#primaryimage\",\"url\":\"https:\/\/errr-magazine.com\/wp-content\/uploads\/2025\/12\/Escalera.jpg\",\"contentUrl\":\"https:\/\/errr-magazine.com\/wp-content\/uploads\/2025\/12\/Escalera.jpg\",\"width\":1478,\"height\":2205},{\"@type\":\"BreadcrumbList\",\"@id\":\"https:\/\/errr-magazine.com\/la-danza\/#breadcrumb\",\"itemListElement\":[{\"@type\":\"ListItem\",\"position\":1,\"name\":\"Portada\",\"item\":\"https:\/\/errr-magazine.com\/\"},{\"@type\":\"ListItem\",\"position\":2,\"name\":\"La danza\"}]},{\"@type\":\"WebSite\",\"@id\":\"https:\/\/errr-magazine.com\/#website\",\"url\":\"https:\/\/errr-magazine.com\/\",\"name\":\"ERRR MAGAZINE\",\"description\":\"\",\"potentialAction\":[{\"@type\":\"SearchAction\",\"target\":{\"@type\":\"EntryPoint\",\"urlTemplate\":\"https:\/\/errr-magazine.com\/?s={search_term_string}\"},\"query-input\":{\"@type\":\"PropertyValueSpecification\",\"valueRequired\":true,\"valueName\":\"search_term_string\"}}],\"inLanguage\":\"en-US\"},{\"@type\":\"Person\",\"@id\":\"https:\/\/errr-magazine.com\/#\/schema\/person\/f60e8cb212c21d020924f76cf8ab70bb\",\"name\":\"Jorge Segovia Cornejo\",\"image\":{\"@type\":\"ImageObject\",\"inLanguage\":\"en-US\",\"@id\":\"https:\/\/secure.gravatar.com\/avatar\/fe40556d8dc5992258a7459c71a6e781aa647f54721b0ac293c36963739a3842?s=96&d=identicon&r=g\",\"url\":\"https:\/\/secure.gravatar.com\/avatar\/fe40556d8dc5992258a7459c71a6e781aa647f54721b0ac293c36963739a3842?s=96&d=identicon&r=g\",\"contentUrl\":\"https:\/\/secure.gravatar.com\/avatar\/fe40556d8dc5992258a7459c71a6e781aa647f54721b0ac293c36963739a3842?s=96&d=identicon&r=g\",\"caption\":\"Jorge Segovia Cornejo\"},\"description\":\"Artista emergente nacido en la Ciudad de M\u00e9xico. El estudio, la vida y sus sue\u00f1os lo llevaron a Monterrey, lugar donde reside actualmente form\u00e1ndose como un artista visual. Explota diversos medios como fotograf\u00eda an\u00e1loga, tatuajes y collage medios mixtos.\",\"sameAs\":[\"https:\/\/www.instagram.com\/colinna_project\"],\"url\":\"https:\/\/errr-magazine.com\/english\/author\/jorgesegoviacornejo5\/\"}]}<\/script>\n<!-- \/ Yoast SEO plugin. -->","yoast_head_json":{"title":"La danza - ERRR MAGAZINE","robots":{"index":"index","follow":"follow","max-snippet":"max-snippet:-1","max-image-preview":"max-image-preview:large","max-video-preview":"max-video-preview:-1"},"canonical":"https:\/\/errr-magazine.com\/english\/la-danza\/","og_locale":"en_US","og_type":"article","og_title":"La danza - ERRR MAGAZINE","og_description":"Le coment\u00e9 a mi novia acerca de esta fascinaci\u00f3n que ten\u00eda por las manos, ella comenz\u00f3 a moverlas al son de la canci\u00f3n. Fue ah\u00ed donde tuve esta \u201cclaridad\u201d acerca del lenguaje de nuestro cuerpo.","og_url":"https:\/\/errr-magazine.com\/english\/la-danza\/","og_site_name":"ERRR MAGAZINE","article_published_time":"2025-12-10T18:14:12+00:00","article_modified_time":"2025-12-10T18:28:03+00:00","og_image":[{"width":686,"height":1024,"url":"https:\/\/errr-magazine.com\/wp-content\/uploads\/2025\/12\/Escalera-686x1024.jpg","type":"image\/jpeg"}],"author":"Jorge Segovia Cornejo","twitter_card":"summary_large_image","twitter_misc":{"Written by":"Jorge Segovia Cornejo","Est. reading time":"4 minutes"},"schema":{"@context":"https:\/\/schema.org","@graph":[{"@type":"Article","@id":"https:\/\/errr-magazine.com\/la-danza\/#article","isPartOf":{"@id":"https:\/\/errr-magazine.com\/la-danza\/"},"author":{"name":"Jorge Segovia Cornejo","@id":"https:\/\/errr-magazine.com\/#\/schema\/person\/f60e8cb212c21d020924f76cf8ab70bb"},"headline":"La danza","datePublished":"2025-12-10T18:14:12+00:00","dateModified":"2025-12-10T18:28:03+00:00","mainEntityOfPage":{"@id":"https:\/\/errr-magazine.com\/la-danza\/"},"wordCount":392,"image":{"@id":"https:\/\/errr-magazine.com\/la-danza\/#primaryimage"},"thumbnailUrl":"https:\/\/errr-magazine.com\/wp-content\/uploads\/2025\/12\/Escalera.jpg","articleSection":["Artes visuales"],"inLanguage":"en-US"},{"@type":"WebPage","@id":"https:\/\/errr-magazine.com\/la-danza\/","url":"https:\/\/errr-magazine.com\/la-danza\/","name":"La danza - ERRR MAGAZINE","isPartOf":{"@id":"https:\/\/errr-magazine.com\/#website"},"primaryImageOfPage":{"@id":"https:\/\/errr-magazine.com\/la-danza\/#primaryimage"},"image":{"@id":"https:\/\/errr-magazine.com\/la-danza\/#primaryimage"},"thumbnailUrl":"https:\/\/errr-magazine.com\/wp-content\/uploads\/2025\/12\/Escalera.jpg","datePublished":"2025-12-10T18:14:12+00:00","dateModified":"2025-12-10T18:28:03+00:00","author":{"@id":"https:\/\/errr-magazine.com\/#\/schema\/person\/f60e8cb212c21d020924f76cf8ab70bb"},"breadcrumb":{"@id":"https:\/\/errr-magazine.com\/la-danza\/#breadcrumb"},"inLanguage":"en-US","potentialAction":[{"@type":"ReadAction","target":["https:\/\/errr-magazine.com\/la-danza\/"]}]},{"@type":"ImageObject","inLanguage":"en-US","@id":"https:\/\/errr-magazine.com\/la-danza\/#primaryimage","url":"https:\/\/errr-magazine.com\/wp-content\/uploads\/2025\/12\/Escalera.jpg","contentUrl":"https:\/\/errr-magazine.com\/wp-content\/uploads\/2025\/12\/Escalera.jpg","width":1478,"height":2205},{"@type":"BreadcrumbList","@id":"https:\/\/errr-magazine.com\/la-danza\/#breadcrumb","itemListElement":[{"@type":"ListItem","position":1,"name":"Portada","item":"https:\/\/errr-magazine.com\/"},{"@type":"ListItem","position":2,"name":"La danza"}]},{"@type":"WebSite","@id":"https:\/\/errr-magazine.com\/#website","url":"https:\/\/errr-magazine.com\/","name":"ERRR MAGAZINE","description":"","potentialAction":[{"@type":"SearchAction","target":{"@type":"EntryPoint","urlTemplate":"https:\/\/errr-magazine.com\/?s={search_term_string}"},"query-input":{"@type":"PropertyValueSpecification","valueRequired":true,"valueName":"search_term_string"}}],"inLanguage":"en-US"},{"@type":"Person","@id":"https:\/\/errr-magazine.com\/#\/schema\/person\/f60e8cb212c21d020924f76cf8ab70bb","name":"Jorge Segovia Cornejo","image":{"@type":"ImageObject","inLanguage":"en-US","@id":"https:\/\/secure.gravatar.com\/avatar\/fe40556d8dc5992258a7459c71a6e781aa647f54721b0ac293c36963739a3842?s=96&d=identicon&r=g","url":"https:\/\/secure.gravatar.com\/avatar\/fe40556d8dc5992258a7459c71a6e781aa647f54721b0ac293c36963739a3842?s=96&d=identicon&r=g","contentUrl":"https:\/\/secure.gravatar.com\/avatar\/fe40556d8dc5992258a7459c71a6e781aa647f54721b0ac293c36963739a3842?s=96&d=identicon&r=g","caption":"Jorge Segovia Cornejo"},"description":"An emerging artist born in Mexico City. His studies, life, and dreams led him to Monterrey, where he currently resides and is developing as a visual artist. He explores various media, including analog photography, tattoos, and mixed media collage.","sameAs":["https:\/\/www.instagram.com\/colinna_project"],"url":"https:\/\/errr-magazine.com\/english\/author\/jorgesegoviacornejo5\/"}]}},"jetpack_featured_media_url":"https:\/\/errr-magazine.com\/wp-content\/uploads\/2025\/12\/Escalera.jpg","jetpack-related-posts":[{"id":202702,"url":"https:\/\/errr-magazine.com\/english\/memoria-de-lo-cotidiano\/","url_meta":{"origin":195473,"position":0},"title":"Memory of the Everyday","author":"Carlos Alejandro Pel\u00e1ez Rodr\u00edguez","date":"03\/20\/2026","format":false,"excerpt":"I aim to create a personal archive that allows me to show\u2014and show myself\u2014a vast and diverse Mexico, through spontaneous stories that emerge from the simplest moments of life.","rel":"","context":"In &quot;Artes visuales&quot;","block_context":{"text":"Artes visuales","link":"https:\/\/errr-magazine.com\/english\/category\/interviews\/artes-visuales\/"},"img":{"alt_text":"","src":"https:\/\/i0.wp.com\/errr-magazine.com\/wp-content\/uploads\/2026\/03\/IMG_3211.JPG-1.jpeg?resize=350%2C200&ssl=1","width":350,"height":200,"srcset":"https:\/\/i0.wp.com\/errr-magazine.com\/wp-content\/uploads\/2026\/03\/IMG_3211.JPG-1.jpeg?resize=350%2C200&ssl=1 1x, https:\/\/i0.wp.com\/errr-magazine.com\/wp-content\/uploads\/2026\/03\/IMG_3211.JPG-1.jpeg?resize=525%2C300&ssl=1 1.5x, https:\/\/i0.wp.com\/errr-magazine.com\/wp-content\/uploads\/2026\/03\/IMG_3211.JPG-1.jpeg?resize=700%2C400&ssl=1 2x, https:\/\/i0.wp.com\/errr-magazine.com\/wp-content\/uploads\/2026\/03\/IMG_3211.JPG-1.jpeg?resize=1050%2C600&ssl=1 3x, https:\/\/i0.wp.com\/errr-magazine.com\/wp-content\/uploads\/2026\/03\/IMG_3211.JPG-1.jpeg?resize=1400%2C800&ssl=1 4x"},"classes":[]},{"id":200041,"url":"https:\/\/errr-magazine.com\/english\/todo-se-desmorona\/","url_meta":{"origin":195473,"position":1},"title":"Things Fall Apart","author":"Isaac Hoddle","date":"02\/21\/2026","format":false,"excerpt":"I think a lot about anxiety. I mean, it\u2019s beautiful here but full of things that can kill you, like snakes, jellyfish, and crocodiles.","rel":"","context":"In &quot;Artes visuales&quot;","block_context":{"text":"Artes visuales","link":"https:\/\/errr-magazine.com\/english\/category\/interviews\/artes-visuales\/"},"img":{"alt_text":"","src":"https:\/\/i0.wp.com\/errr-magazine.com\/wp-content\/uploads\/2026\/02\/3-scaled.jpg?resize=350%2C200&ssl=1","width":350,"height":200,"srcset":"https:\/\/i0.wp.com\/errr-magazine.com\/wp-content\/uploads\/2026\/02\/3-scaled.jpg?resize=350%2C200&ssl=1 1x, https:\/\/i0.wp.com\/errr-magazine.com\/wp-content\/uploads\/2026\/02\/3-scaled.jpg?resize=525%2C300&ssl=1 1.5x, https:\/\/i0.wp.com\/errr-magazine.com\/wp-content\/uploads\/2026\/02\/3-scaled.jpg?resize=700%2C400&ssl=1 2x, https:\/\/i0.wp.com\/errr-magazine.com\/wp-content\/uploads\/2026\/02\/3-scaled.jpg?resize=1050%2C600&ssl=1 3x, https:\/\/i0.wp.com\/errr-magazine.com\/wp-content\/uploads\/2026\/02\/3-scaled.jpg?resize=1400%2C800&ssl=1 4x"},"classes":[]},{"id":197692,"url":"https:\/\/errr-magazine.com\/english\/intentos-de-permanencia\/","url_meta":{"origin":195473,"position":2},"title":"Attempts to remain","author":"Zel Padilla","date":"01\/15\/2026","format":false,"excerpt":"I don\u2019t draw inspiration from any single artist. Inspiration for me is fluid: some works resonate for a time and then fade. I\u2019m more interested in observing how perspectives shift, how languages evolve, and how creative processes transform over time.","rel":"","context":"In &quot;Artes visuales&quot;","block_context":{"text":"Artes visuales","link":"https:\/\/errr-magazine.com\/english\/category\/interviews\/artes-visuales\/"},"img":{"alt_text":"","src":"https:\/\/i0.wp.com\/errr-magazine.com\/wp-content\/uploads\/2026\/01\/00665a89-01ef-4533-bb41-e376913f0185.jpg?resize=350%2C200&ssl=1","width":350,"height":200,"srcset":"https:\/\/i0.wp.com\/errr-magazine.com\/wp-content\/uploads\/2026\/01\/00665a89-01ef-4533-bb41-e376913f0185.jpg?resize=350%2C200&ssl=1 1x, https:\/\/i0.wp.com\/errr-magazine.com\/wp-content\/uploads\/2026\/01\/00665a89-01ef-4533-bb41-e376913f0185.jpg?resize=525%2C300&ssl=1 1.5x, https:\/\/i0.wp.com\/errr-magazine.com\/wp-content\/uploads\/2026\/01\/00665a89-01ef-4533-bb41-e376913f0185.jpg?resize=700%2C400&ssl=1 2x"},"classes":[]},{"id":203320,"url":"https:\/\/errr-magazine.com\/english\/el-trafico-de-esta-ciudad\/","url_meta":{"origin":195473,"position":3},"title":"The Traffic of This City","author":"Elena Boils","date":"03\/29\/2026","format":false,"excerpt":"I spent the winter in Mexico City, and from there I drew inspiration for a series of images based on the traffic of this city. I\u2019m very interested in the contrast between speed, solid concrete, and natural forms\u2014how these three layers coexist.","rel":"","context":"In &quot;Artes visuales&quot;","block_context":{"text":"Artes visuales","link":"https:\/\/errr-magazine.com\/english\/category\/interviews\/artes-visuales\/"},"img":{"alt_text":"","src":"https:\/\/i0.wp.com\/errr-magazine.com\/wp-content\/uploads\/2026\/03\/Screenshot-2025-08-15-at-11.07.32.jpg?resize=350%2C200&ssl=1","width":350,"height":200,"srcset":"https:\/\/i0.wp.com\/errr-magazine.com\/wp-content\/uploads\/2026\/03\/Screenshot-2025-08-15-at-11.07.32.jpg?resize=350%2C200&ssl=1 1x, https:\/\/i0.wp.com\/errr-magazine.com\/wp-content\/uploads\/2026\/03\/Screenshot-2025-08-15-at-11.07.32.jpg?resize=525%2C300&ssl=1 1.5x, https:\/\/i0.wp.com\/errr-magazine.com\/wp-content\/uploads\/2026\/03\/Screenshot-2025-08-15-at-11.07.32.jpg?resize=700%2C400&ssl=1 2x, https:\/\/i0.wp.com\/errr-magazine.com\/wp-content\/uploads\/2026\/03\/Screenshot-2025-08-15-at-11.07.32.jpg?resize=1050%2C600&ssl=1 3x"},"classes":[]},{"id":189473,"url":"https:\/\/errr-magazine.com\/english\/sentimentalismo-nostalgico\/","url_meta":{"origin":195473,"position":4},"title":"Sentimentalismo nost\u00e1lgico","author":"Ivan Barrera","date":"05\/03\/2025","format":false,"excerpt":"Tambi\u00e9n pensaba en la libertad creativa que albergaba el salon de clases, cuando se abandonaban las repeticiones de letras o las matem\u00e1ticas y nos refugi\u00e1bamos en recortar y pegar, convirti\u00e9ndose en un propio lenguaje.","rel":"","context":"In &quot;Interview&quot;","block_context":{"text":"Interview","link":"https:\/\/errr-magazine.com\/english\/category\/interviews\/"},"img":{"alt_text":"","src":"https:\/\/i0.wp.com\/errr-magazine.com\/wp-content\/uploads\/2025\/05\/THE-LOVER.png?resize=350%2C200&ssl=1","width":350,"height":200,"srcset":"https:\/\/i0.wp.com\/errr-magazine.com\/wp-content\/uploads\/2025\/05\/THE-LOVER.png?resize=350%2C200&ssl=1 1x, https:\/\/i0.wp.com\/errr-magazine.com\/wp-content\/uploads\/2025\/05\/THE-LOVER.png?resize=525%2C300&ssl=1 1.5x, https:\/\/i0.wp.com\/errr-magazine.com\/wp-content\/uploads\/2025\/05\/THE-LOVER.png?resize=700%2C400&ssl=1 2x, https:\/\/i0.wp.com\/errr-magazine.com\/wp-content\/uploads\/2025\/05\/THE-LOVER.png?resize=1050%2C600&ssl=1 3x, https:\/\/i0.wp.com\/errr-magazine.com\/wp-content\/uploads\/2025\/05\/THE-LOVER.png?resize=1400%2C800&ssl=1 4x"},"classes":[]},{"id":194319,"url":"https:\/\/errr-magazine.com\/english\/un-lenguaje-silencioso-de-la-naturaleza\/","url_meta":{"origin":195473,"position":5},"title":"A silent language of nature","author":"Tanya Garc\u00eda","date":"10\/08\/2025","format":false,"excerpt":"I like to immerse myself in the smallest details, those textures and shapes that no one normally notices, but which, up close, become a silent language of nature. I love observing my surroundings, going for walks, and finding unexpected things to photograph.","rel":"","context":"In &quot;Artes visuales&quot;","block_context":{"text":"Artes visuales","link":"https:\/\/errr-magazine.com\/english\/category\/interviews\/artes-visuales\/"},"img":{"alt_text":"","src":"https:\/\/i0.wp.com\/errr-magazine.com\/wp-content\/uploads\/2025\/10\/Tanya_Garcia_8-scaled.jpg?resize=350%2C200&ssl=1","width":350,"height":200,"srcset":"https:\/\/i0.wp.com\/errr-magazine.com\/wp-content\/uploads\/2025\/10\/Tanya_Garcia_8-scaled.jpg?resize=350%2C200&ssl=1 1x, https:\/\/i0.wp.com\/errr-magazine.com\/wp-content\/uploads\/2025\/10\/Tanya_Garcia_8-scaled.jpg?resize=525%2C300&ssl=1 1.5x, https:\/\/i0.wp.com\/errr-magazine.com\/wp-content\/uploads\/2025\/10\/Tanya_Garcia_8-scaled.jpg?resize=700%2C400&ssl=1 2x, https:\/\/i0.wp.com\/errr-magazine.com\/wp-content\/uploads\/2025\/10\/Tanya_Garcia_8-scaled.jpg?resize=1050%2C600&ssl=1 3x, https:\/\/i0.wp.com\/errr-magazine.com\/wp-content\/uploads\/2025\/10\/Tanya_Garcia_8-scaled.jpg?resize=1400%2C800&ssl=1 4x"},"classes":[]}],"jetpack_sharing_enabled":true,"mfb_rest_fields":["title","yoast_head","yoast_head_json","jetpack_featured_media_url","jetpack-related-posts","jetpack_sharing_enabled"],"_links":{"self":[{"href":"https:\/\/errr-magazine.com\/english\/wp-json\/wp\/v2\/posts\/195473","targetHints":{"allow":["GET"]}}],"collection":[{"href":"https:\/\/errr-magazine.com\/english\/wp-json\/wp\/v2\/posts"}],"about":[{"href":"https:\/\/errr-magazine.com\/english\/wp-json\/wp\/v2\/types\/post"}],"author":[{"embeddable":true,"href":"https:\/\/errr-magazine.com\/english\/wp-json\/wp\/v2\/users\/8031"}],"replies":[{"embeddable":true,"href":"https:\/\/errr-magazine.com\/english\/wp-json\/wp\/v2\/comments?post=195473"}],"version-history":[{"count":4,"href":"https:\/\/errr-magazine.com\/english\/wp-json\/wp\/v2\/posts\/195473\/revisions"}],"predecessor-version":[{"id":195486,"href":"https:\/\/errr-magazine.com\/english\/wp-json\/wp\/v2\/posts\/195473\/revisions\/195486"}],"wp:featuredmedia":[{"embeddable":true,"href":"https:\/\/errr-magazine.com\/english\/wp-json\/wp\/v2\/media\/195474"}],"wp:attachment":[{"href":"https:\/\/errr-magazine.com\/english\/wp-json\/wp\/v2\/media?parent=195473"}],"wp:term":[{"taxonomy":"category","embeddable":true,"href":"https:\/\/errr-magazine.com\/english\/wp-json\/wp\/v2\/categories?post=195473"},{"taxonomy":"post_tag","embeddable":true,"href":"https:\/\/errr-magazine.com\/english\/wp-json\/wp\/v2\/tags?post=195473"}],"curies":[{"name":"wp","href":"https:\/\/api.w.org\/{rel}","templated":true}]}}