{"id":195392,"date":"2025-12-04T10:00:31","date_gmt":"2025-12-04T16:00:31","guid":{"rendered":"https:\/\/errr-magazine.com\/?p=195392"},"modified":"2025-12-04T10:00:35","modified_gmt":"2025-12-04T16:00:35","slug":"eme-laboratorio-de-arte","status":"publish","type":"post","link":"https:\/\/errr-magazine.com\/english\/eme-laboratorio-de-arte\/","title":{"rendered":"EME Art Laboratory"},"content":{"rendered":"<p><strong>How did this place come about and what made it different from the start?<br><\/strong>EME Laboratorio de Arte was born in August 2020, in the midst of the pandemic, at a time when everything seemed to be at a standstill. This space was formerly an art gallery, but the need to reinvent itself opened up a new possibility: discovering that photography and the reproduction of artwork could become a way to continue working with artists, even in the most uncertain times.<\/p>\n\n\n\n<figure class=\"wp-block-image size-large\"><img decoding=\"async\" width=\"768\" height=\"1024\" data-src=\"https:\/\/errr-magazine.com\/wp-content\/uploads\/2025\/12\/Laboratorio-2-copy-768x1024.jpg\" alt=\"\" class=\"wp-image-195394 lazyload\" data-srcset=\"https:\/\/errr-magazine.com\/wp-content\/uploads\/2025\/12\/Laboratorio-2-copy-768x1024.jpg 768w, https:\/\/errr-magazine.com\/wp-content\/uploads\/2025\/12\/Laboratorio-2-copy-225x300.jpg 225w, https:\/\/errr-magazine.com\/wp-content\/uploads\/2025\/12\/Laboratorio-2-copy-1152x1536.jpg 1152w, https:\/\/errr-magazine.com\/wp-content\/uploads\/2025\/12\/Laboratorio-2-copy-9x12.jpg 9w, https:\/\/errr-magazine.com\/wp-content\/uploads\/2025\/12\/Laboratorio-2-copy.jpg 1500w\" data-sizes=\"(max-width: 768px) 100vw, 768px\" src=\"data:image\/svg+xml;base64,PHN2ZyB3aWR0aD0iMSIgaGVpZ2h0PSIxIiB4bWxucz0iaHR0cDovL3d3dy53My5vcmcvMjAwMC9zdmciPjwvc3ZnPg==\" style=\"--smush-placeholder-width: 768px; --smush-placeholder-aspect-ratio: 768\/1024;\" \/><\/figure>\n\n\n\n<p><strong>If someone is coming in for the first time, what should they not miss?<br><\/strong>Anyone visiting for the first time shouldn't miss the wall where we display print proofs; it's like a collage of all the projects that have come through here. It's also worth taking a look at the collection of artworks we have in the office, most of them pieces by artists who collaborated with eMe art space. The space is tidy and serene, with well-defined work areas. We've created a very welcoming atmosphere, and that's usually what surprises first-time visitors the most.<\/p>\n\n\n\n<figure class=\"wp-block-image size-large\"><img decoding=\"async\" width=\"1024\" height=\"768\" data-src=\"https:\/\/errr-magazine.com\/wp-content\/uploads\/2025\/12\/Laboratorio-3-copy-1024x768.jpg\" alt=\"\" class=\"wp-image-195395 lazyload\" data-srcset=\"https:\/\/errr-magazine.com\/wp-content\/uploads\/2025\/12\/Laboratorio-3-copy-1024x768.jpg 1024w, https:\/\/errr-magazine.com\/wp-content\/uploads\/2025\/12\/Laboratorio-3-copy-300x225.jpg 300w, https:\/\/errr-magazine.com\/wp-content\/uploads\/2025\/12\/Laboratorio-3-copy-768x576.jpg 768w, https:\/\/errr-magazine.com\/wp-content\/uploads\/2025\/12\/Laboratorio-3-copy-16x12.jpg 16w, https:\/\/errr-magazine.com\/wp-content\/uploads\/2025\/12\/Laboratorio-3-copy.jpg 1500w\" data-sizes=\"(max-width: 1024px) 100vw, 1024px\" src=\"data:image\/svg+xml;base64,PHN2ZyB3aWR0aD0iMSIgaGVpZ2h0PSIxIiB4bWxucz0iaHR0cDovL3d3dy53My5vcmcvMjAwMC9zdmciPjwvc3ZnPg==\" style=\"--smush-placeholder-width: 1024px; --smush-placeholder-aspect-ratio: 1024\/768;\" \/><\/figure>\n\n\n\n<p><strong>What part of the day, space, or creative process do those who work here enjoy the most?<\/strong><br>What we enjoy most is the tranquility of the space, which allows each of us to find our own rhythm: sometimes with background music, sometimes amidst laughter and conversation when we're all together. The atmosphere is light, welcoming, and flexible, which allows the creative process to flow without pressure. More than a workplace, it's a space where it's easy to concentrate, collaborate, and enjoy what we do.<\/p>\n\n\n\n<figure class=\"wp-block-image size-large\"><img decoding=\"async\" width=\"768\" height=\"1024\" data-src=\"https:\/\/errr-magazine.com\/wp-content\/uploads\/2025\/12\/Laboratorio-4-copy-768x1024.jpg\" alt=\"\" class=\"wp-image-195396 lazyload\" data-srcset=\"https:\/\/errr-magazine.com\/wp-content\/uploads\/2025\/12\/Laboratorio-4-copy-768x1024.jpg 768w, https:\/\/errr-magazine.com\/wp-content\/uploads\/2025\/12\/Laboratorio-4-copy-225x300.jpg 225w, https:\/\/errr-magazine.com\/wp-content\/uploads\/2025\/12\/Laboratorio-4-copy-1152x1536.jpg 1152w, https:\/\/errr-magazine.com\/wp-content\/uploads\/2025\/12\/Laboratorio-4-copy-9x12.jpg 9w, https:\/\/errr-magazine.com\/wp-content\/uploads\/2025\/12\/Laboratorio-4-copy.jpg 1500w\" data-sizes=\"(max-width: 768px) 100vw, 768px\" src=\"data:image\/svg+xml;base64,PHN2ZyB3aWR0aD0iMSIgaGVpZ2h0PSIxIiB4bWxucz0iaHR0cDovL3d3dy53My5vcmcvMjAwMC9zdmciPjwvc3ZnPg==\" style=\"--smush-placeholder-width: 768px; --smush-placeholder-aspect-ratio: 768\/1024;\" \/><\/figure>\n\n\n\n<p><strong>What has been an interesting challenge that has made you rethink something about the project?<br><\/strong>We went through a period that forced us to rethink the project from the ground up: reorganizing processes, redefining priorities, and rethinking the way we worked. Over time, new people joined the team, and together with them, we learned to trust in rebuilding and to understand that reinventing ourselves can also be a way to grow.<\/p>\n\n\n\n<figure class=\"wp-block-image size-large\"><img decoding=\"async\" width=\"1024\" height=\"768\" data-src=\"https:\/\/errr-magazine.com\/wp-content\/uploads\/2025\/12\/Laboratorio-7-copy-1024x768.jpg\" alt=\"\" class=\"wp-image-195397 lazyload\" data-srcset=\"https:\/\/errr-magazine.com\/wp-content\/uploads\/2025\/12\/Laboratorio-7-copy-1024x768.jpg 1024w, https:\/\/errr-magazine.com\/wp-content\/uploads\/2025\/12\/Laboratorio-7-copy-300x225.jpg 300w, https:\/\/errr-magazine.com\/wp-content\/uploads\/2025\/12\/Laboratorio-7-copy-768x576.jpg 768w, https:\/\/errr-magazine.com\/wp-content\/uploads\/2025\/12\/Laboratorio-7-copy-16x12.jpg 16w, https:\/\/errr-magazine.com\/wp-content\/uploads\/2025\/12\/Laboratorio-7-copy.jpg 1500w\" data-sizes=\"(max-width: 1024px) 100vw, 1024px\" src=\"data:image\/svg+xml;base64,PHN2ZyB3aWR0aD0iMSIgaGVpZ2h0PSIxIiB4bWxucz0iaHR0cDovL3d3dy53My5vcmcvMjAwMC9zdmciPjwvc3ZnPg==\" style=\"--smush-placeholder-width: 1024px; --smush-placeholder-aspect-ratio: 1024\/768;\" \/><\/figure>\n\n\n\n<p><strong>What influence, idea, or reference continues to shape the way you work today?<br><\/strong>We continue to be guided by the idea of \u200b\u200bsupporting artists and creators in their creative processes. From the beginning, we have worked with the intention of attending to every detail and offering a space where image, technique, and collaboration feel close together. This pursuit of quality and a human touch is the benchmark we continue to use for decision-making and for our daily growth.<\/p>\n\n\n\n<figure class=\"wp-block-image size-large\"><img decoding=\"async\" width=\"1024\" height=\"768\" data-src=\"https:\/\/errr-magazine.com\/wp-content\/uploads\/2025\/12\/Laboratorio-Oficina-copy-1024x768.jpg\" alt=\"\" class=\"wp-image-195398 lazyload\" data-srcset=\"https:\/\/errr-magazine.com\/wp-content\/uploads\/2025\/12\/Laboratorio-Oficina-copy-1024x768.jpg 1024w, https:\/\/errr-magazine.com\/wp-content\/uploads\/2025\/12\/Laboratorio-Oficina-copy-300x225.jpg 300w, https:\/\/errr-magazine.com\/wp-content\/uploads\/2025\/12\/Laboratorio-Oficina-copy-768x576.jpg 768w, https:\/\/errr-magazine.com\/wp-content\/uploads\/2025\/12\/Laboratorio-Oficina-copy-16x12.jpg 16w, https:\/\/errr-magazine.com\/wp-content\/uploads\/2025\/12\/Laboratorio-Oficina-copy.jpg 1500w\" data-sizes=\"(max-width: 1024px) 100vw, 1024px\" src=\"data:image\/svg+xml;base64,PHN2ZyB3aWR0aD0iMSIgaGVpZ2h0PSIxIiB4bWxucz0iaHR0cDovL3d3dy53My5vcmcvMjAwMC9zdmciPjwvc3ZnPg==\" style=\"--smush-placeholder-width: 1024px; --smush-placeholder-aspect-ratio: 1024\/768;\" \/><\/figure>\n\n\n\n<p><strong>What place, project, or person has inspired you recently and why?<br><\/strong>Lately, we've been very inspired by the artists and students who come to us with their projects. When they come to review their work with us, a very creative exchange takes place: we can suggest ideas, work out details, and experiment together. This collaboration motivates us a lot because it reminds us why we do what we do and allows us to contribute something real to each project.<\/p>\n\n\n\n<figure class=\"wp-block-image size-large\"><img decoding=\"async\" width=\"1024\" height=\"768\" data-src=\"https:\/\/errr-magazine.com\/wp-content\/uploads\/2025\/12\/Laboratorio-1-copy-1024x768.jpg\" alt=\"\" class=\"wp-image-195399 lazyload\" data-srcset=\"https:\/\/errr-magazine.com\/wp-content\/uploads\/2025\/12\/Laboratorio-1-copy-1024x768.jpg 1024w, https:\/\/errr-magazine.com\/wp-content\/uploads\/2025\/12\/Laboratorio-1-copy-300x225.jpg 300w, https:\/\/errr-magazine.com\/wp-content\/uploads\/2025\/12\/Laboratorio-1-copy-768x576.jpg 768w, https:\/\/errr-magazine.com\/wp-content\/uploads\/2025\/12\/Laboratorio-1-copy-16x12.jpg 16w, https:\/\/errr-magazine.com\/wp-content\/uploads\/2025\/12\/Laboratorio-1-copy.jpg 1500w\" data-sizes=\"(max-width: 1024px) 100vw, 1024px\" src=\"data:image\/svg+xml;base64,PHN2ZyB3aWR0aD0iMSIgaGVpZ2h0PSIxIiB4bWxucz0iaHR0cDovL3d3dy53My5vcmcvMjAwMC9zdmciPjwvc3ZnPg==\" style=\"--smush-placeholder-width: 1024px; --smush-placeholder-aspect-ratio: 1024\/768;\" \/><\/figure>\n\n\n\n<p><strong>Is there an object, corner or detail of the place that has a story that few people know?<br><\/strong>The display case where we keep the portfolios of prints created by the artists in collaboration with La Trampa and Taller Gr\u00e1fica Bordes. It is a pleasure and a great source of pride for us to preserve them and share them with anyone interested. Each of these portfolios represents the care, skill, and dedication that went into the projects created at eMe art space.<\/p>\n\n\n\n<figure class=\"wp-block-image size-large\"><img decoding=\"async\" width=\"768\" height=\"1024\" data-src=\"https:\/\/errr-magazine.com\/wp-content\/uploads\/2025\/12\/Laboratorio-6-copy-768x1024.jpg\" alt=\"\" class=\"wp-image-195400 lazyload\" data-srcset=\"https:\/\/errr-magazine.com\/wp-content\/uploads\/2025\/12\/Laboratorio-6-copy-768x1024.jpg 768w, https:\/\/errr-magazine.com\/wp-content\/uploads\/2025\/12\/Laboratorio-6-copy-225x300.jpg 225w, https:\/\/errr-magazine.com\/wp-content\/uploads\/2025\/12\/Laboratorio-6-copy-1152x1536.jpg 1152w, https:\/\/errr-magazine.com\/wp-content\/uploads\/2025\/12\/Laboratorio-6-copy-9x12.jpg 9w, https:\/\/errr-magazine.com\/wp-content\/uploads\/2025\/12\/Laboratorio-6-copy.jpg 1500w\" data-sizes=\"(max-width: 768px) 100vw, 768px\" src=\"data:image\/svg+xml;base64,PHN2ZyB3aWR0aD0iMSIgaGVpZ2h0PSIxIiB4bWxucz0iaHR0cDovL3d3dy53My5vcmcvMjAwMC9zdmciPjwvc3ZnPg==\" style=\"--smush-placeholder-width: 768px; --smush-placeholder-aspect-ratio: 768\/1024;\" \/><\/figure>\n\n\n\n<p><strong>If this project were a city, a book, or a record, which would it be and why?<\/strong>We envisioned it as one of those small, creative, and peaceful towns, where everything moves at a relaxed pace, but there's always something interesting happening. A place with workshops, studios, quiet cafes, and a vibrant artistic scene. Because that's how we work here: unhurriedly, with a personal touch, and letting each project develop in its own time.<\/p>\n\n\n\n<figure class=\"wp-block-image size-large\"><img decoding=\"async\" width=\"768\" height=\"1024\" data-src=\"https:\/\/errr-magazine.com\/wp-content\/uploads\/2025\/12\/Laboratorio-mesa-de-trabajo-copy-768x1024.jpg\" alt=\"\" class=\"wp-image-195401 lazyload\" data-srcset=\"https:\/\/errr-magazine.com\/wp-content\/uploads\/2025\/12\/Laboratorio-mesa-de-trabajo-copy-768x1024.jpg 768w, https:\/\/errr-magazine.com\/wp-content\/uploads\/2025\/12\/Laboratorio-mesa-de-trabajo-copy-225x300.jpg 225w, https:\/\/errr-magazine.com\/wp-content\/uploads\/2025\/12\/Laboratorio-mesa-de-trabajo-copy-1152x1536.jpg 1152w, https:\/\/errr-magazine.com\/wp-content\/uploads\/2025\/12\/Laboratorio-mesa-de-trabajo-copy-9x12.jpg 9w, https:\/\/errr-magazine.com\/wp-content\/uploads\/2025\/12\/Laboratorio-mesa-de-trabajo-copy.jpg 1500w\" data-sizes=\"(max-width: 768px) 100vw, 768px\" src=\"data:image\/svg+xml;base64,PHN2ZyB3aWR0aD0iMSIgaGVpZ2h0PSIxIiB4bWxucz0iaHR0cDovL3d3dy53My5vcmcvMjAwMC9zdmciPjwvc3ZnPg==\" style=\"--smush-placeholder-width: 768px; --smush-placeholder-aspect-ratio: 768\/1024;\" \/><\/figure>\n\n\n\n<p><strong>If your space could invite someone to collaborate for a day, who would it be and what would you do together?<br><\/strong>We're interested in working with photographers who are passionate about analog photography. We'd love to collaborate with them on reviewing and producing their portfolios, experimenting with tests, sharing processes, and giving them a firsthand look at how an image is created from scratch. It would be a collaborative experience where everyone learns and creativity flows freely.<\/p>\n\n\n\n<p><strong>TEAM:<br>Min\u00fa Paredes<br><\/strong><em>Director of EME Laboratorio de arte<\/em><\/p>\n\n\n\n<p><strong>Laura Herrera<br><\/strong><em>Laboratory manager and assistant director<\/em><\/p>\n\n\n\n<p><strong>Patricio Malagon<br><\/strong><em>Head of editing, printing and analog lab<\/em><\/p>\n\n\n\n<p><strong>Alfonso Bezaury<br><\/strong><em>Editing and printing manager<\/em><\/p>\n\n\n\n<p><strong>Felipe Icaza<br><\/strong><em>Production assistant<\/em><\/p>","protected":false},"excerpt":{"rendered":"<p>We're interested in working with photographers who are passionate about analog photography. We'd love to collaborate with them on reviewing and producing their portfolios, experimenting with tests, sharing processes, and giving them a firsthand look at how an image is created from scratch. <\/p>","protected":false},"author":8027,"featured_media":195393,"comment_status":"closed","ping_status":"closed","sticky":false,"template":"","format":"standard","meta":{"_acf_changed":false,"cybocfi_hide_featured_image":"","_jetpack_memberships_contains_paid_content":false,"footnotes":""},"categories":[17850],"tags":[],"class_list":["post-195392","post","type-post","status-publish","format-standard","has-post-thumbnail","hentry","category-fotografia"],"acf":[],"mb":[],"yoast_head":"<!-- This site is optimized with the Yoast SEO plugin v27.2 - https:\/\/yoast.com\/product\/yoast-seo-wordpress\/ -->\n<title>EME Laboratorio de Arte - ERRR MAGAZINE<\/title>\n<meta name=\"robots\" content=\"index, follow, max-snippet:-1, max-image-preview:large, max-video-preview:-1\" \/>\n<link rel=\"canonical\" href=\"https:\/\/errr-magazine.com\/english\/eme-laboratorio-de-arte\/\" \/>\n<meta property=\"og:locale\" content=\"en_US\" \/>\n<meta property=\"og:type\" content=\"article\" \/>\n<meta property=\"og:title\" content=\"EME Laboratorio de Arte - ERRR MAGAZINE\" \/>\n<meta property=\"og:description\" content=\"Nos interesa trabajar con fot\u00f3grafos que est\u00e9n interesados en la fotograf\u00eda an\u00e1loga. Nos encantar\u00eda trabajar con ellos en la revisi\u00f3n y producci\u00f3n de sus portafolios, experimentar con pruebas, compartir procesos y abrir el espacio para que vivan de cerca c\u00f3mo se construye una imagen desde cero.\" \/>\n<meta property=\"og:url\" content=\"https:\/\/errr-magazine.com\/english\/eme-laboratorio-de-arte\/\" \/>\n<meta property=\"og:site_name\" content=\"ERRR MAGAZINE\" \/>\n<meta property=\"article:published_time\" content=\"2025-12-04T16:00:31+00:00\" \/>\n<meta property=\"article:modified_time\" content=\"2025-12-04T16:00:35+00:00\" \/>\n<meta property=\"og:image\" content=\"https:\/\/errr-magazine.com\/wp-content\/uploads\/2025\/12\/Laboratorio-5-copy-scaled.jpg\" \/>\n\t<meta property=\"og:image:width\" content=\"2560\" \/>\n\t<meta property=\"og:image:height\" content=\"1920\" \/>\n\t<meta property=\"og:image:type\" content=\"image\/jpeg\" \/>\n<meta name=\"author\" content=\"EME Laboratorio de arte\" \/>\n<meta name=\"twitter:card\" content=\"summary_large_image\" \/>\n<meta name=\"twitter:label1\" content=\"Written by\" \/>\n\t<meta name=\"twitter:data1\" content=\"EME Laboratorio de arte\" \/>\n\t<meta name=\"twitter:label2\" content=\"Est. reading time\" \/>\n\t<meta name=\"twitter:data2\" content=\"6 minutes\" \/>\n<script type=\"application\/ld+json\" class=\"yoast-schema-graph\">{\"@context\":\"https:\/\/schema.org\",\"@graph\":[{\"@type\":\"Article\",\"@id\":\"https:\/\/errr-magazine.com\/eme-laboratorio-de-arte\/#article\",\"isPartOf\":{\"@id\":\"https:\/\/errr-magazine.com\/eme-laboratorio-de-arte\/\"},\"author\":{\"name\":\"EME Laboratorio de arte\",\"@id\":\"https:\/\/errr-magazine.com\/#\/schema\/person\/784886b4146b34fabf5178a9debd6f46\"},\"headline\":\"EME Laboratorio de Arte\",\"datePublished\":\"2025-12-04T16:00:31+00:00\",\"dateModified\":\"2025-12-04T16:00:35+00:00\",\"mainEntityOfPage\":{\"@id\":\"https:\/\/errr-magazine.com\/eme-laboratorio-de-arte\/\"},\"wordCount\":822,\"image\":{\"@id\":\"https:\/\/errr-magazine.com\/eme-laboratorio-de-arte\/#primaryimage\"},\"thumbnailUrl\":\"https:\/\/errr-magazine.com\/wp-content\/uploads\/2025\/12\/Laboratorio-5-copy-scaled.jpg\",\"articleSection\":[\"Fotograf\u00eda\"],\"inLanguage\":\"en-US\"},{\"@type\":\"WebPage\",\"@id\":\"https:\/\/errr-magazine.com\/eme-laboratorio-de-arte\/\",\"url\":\"https:\/\/errr-magazine.com\/eme-laboratorio-de-arte\/\",\"name\":\"EME Laboratorio de Arte - ERRR MAGAZINE\",\"isPartOf\":{\"@id\":\"https:\/\/errr-magazine.com\/#website\"},\"primaryImageOfPage\":{\"@id\":\"https:\/\/errr-magazine.com\/eme-laboratorio-de-arte\/#primaryimage\"},\"image\":{\"@id\":\"https:\/\/errr-magazine.com\/eme-laboratorio-de-arte\/#primaryimage\"},\"thumbnailUrl\":\"https:\/\/errr-magazine.com\/wp-content\/uploads\/2025\/12\/Laboratorio-5-copy-scaled.jpg\",\"datePublished\":\"2025-12-04T16:00:31+00:00\",\"dateModified\":\"2025-12-04T16:00:35+00:00\",\"author\":{\"@id\":\"https:\/\/errr-magazine.com\/#\/schema\/person\/784886b4146b34fabf5178a9debd6f46\"},\"breadcrumb\":{\"@id\":\"https:\/\/errr-magazine.com\/eme-laboratorio-de-arte\/#breadcrumb\"},\"inLanguage\":\"en-US\",\"potentialAction\":[{\"@type\":\"ReadAction\",\"target\":[\"https:\/\/errr-magazine.com\/eme-laboratorio-de-arte\/\"]}]},{\"@type\":\"ImageObject\",\"inLanguage\":\"en-US\",\"@id\":\"https:\/\/errr-magazine.com\/eme-laboratorio-de-arte\/#primaryimage\",\"url\":\"https:\/\/errr-magazine.com\/wp-content\/uploads\/2025\/12\/Laboratorio-5-copy-scaled.jpg\",\"contentUrl\":\"https:\/\/errr-magazine.com\/wp-content\/uploads\/2025\/12\/Laboratorio-5-copy-scaled.jpg\",\"width\":2560,\"height\":1920},{\"@type\":\"BreadcrumbList\",\"@id\":\"https:\/\/errr-magazine.com\/eme-laboratorio-de-arte\/#breadcrumb\",\"itemListElement\":[{\"@type\":\"ListItem\",\"position\":1,\"name\":\"Portada\",\"item\":\"https:\/\/errr-magazine.com\/\"},{\"@type\":\"ListItem\",\"position\":2,\"name\":\"EME Laboratorio de Arte\"}]},{\"@type\":\"WebSite\",\"@id\":\"https:\/\/errr-magazine.com\/#website\",\"url\":\"https:\/\/errr-magazine.com\/\",\"name\":\"ERRR MAGAZINE\",\"description\":\"\",\"potentialAction\":[{\"@type\":\"SearchAction\",\"target\":{\"@type\":\"EntryPoint\",\"urlTemplate\":\"https:\/\/errr-magazine.com\/?s={search_term_string}\"},\"query-input\":{\"@type\":\"PropertyValueSpecification\",\"valueRequired\":true,\"valueName\":\"search_term_string\"}}],\"inLanguage\":\"en-US\"},{\"@type\":\"Person\",\"@id\":\"https:\/\/errr-magazine.com\/#\/schema\/person\/784886b4146b34fabf5178a9debd6f46\",\"name\":\"EME Laboratorio de arte\",\"image\":{\"@type\":\"ImageObject\",\"inLanguage\":\"en-US\",\"@id\":\"https:\/\/secure.gravatar.com\/avatar\/22220bcbf4b14ad9aab7c92840262b1ed2832463c60967e432c4e1639591501b?s=96&d=identicon&r=g\",\"url\":\"https:\/\/secure.gravatar.com\/avatar\/22220bcbf4b14ad9aab7c92840262b1ed2832463c60967e432c4e1639591501b?s=96&d=identicon&r=g\",\"contentUrl\":\"https:\/\/secure.gravatar.com\/avatar\/22220bcbf4b14ad9aab7c92840262b1ed2832463c60967e432c4e1639591501b?s=96&d=identicon&r=g\",\"caption\":\"EME Laboratorio de arte\"},\"description\":\"Laboratorio de impresi\u00f3n, revelado y digitalizaci\u00f3n de foto Prado Norte 135 PB, Lomas de Chapultepec CDMX, M\u00e9xico\",\"sameAs\":[\"https:\/\/www.eme-lab.com\"],\"url\":\"https:\/\/errr-magazine.com\/english\/author\/emelab\/\"}]}<\/script>\n<!-- \/ Yoast SEO plugin. -->","yoast_head_json":{"title":"EME Laboratorio de Arte - ERRR MAGAZINE","robots":{"index":"index","follow":"follow","max-snippet":"max-snippet:-1","max-image-preview":"max-image-preview:large","max-video-preview":"max-video-preview:-1"},"canonical":"https:\/\/errr-magazine.com\/english\/eme-laboratorio-de-arte\/","og_locale":"en_US","og_type":"article","og_title":"EME Laboratorio de Arte - ERRR MAGAZINE","og_description":"Nos interesa trabajar con fot\u00f3grafos que est\u00e9n interesados en la fotograf\u00eda an\u00e1loga. Nos encantar\u00eda trabajar con ellos en la revisi\u00f3n y producci\u00f3n de sus portafolios, experimentar con pruebas, compartir procesos y abrir el espacio para que vivan de cerca c\u00f3mo se construye una imagen desde cero.","og_url":"https:\/\/errr-magazine.com\/english\/eme-laboratorio-de-arte\/","og_site_name":"ERRR MAGAZINE","article_published_time":"2025-12-04T16:00:31+00:00","article_modified_time":"2025-12-04T16:00:35+00:00","og_image":[{"width":2560,"height":1920,"url":"https:\/\/errr-magazine.com\/wp-content\/uploads\/2025\/12\/Laboratorio-5-copy-scaled.jpg","type":"image\/jpeg"}],"author":"EME Laboratorio de arte","twitter_card":"summary_large_image","twitter_misc":{"Written by":"EME Laboratorio de arte","Est. reading time":"6 minutes"},"schema":{"@context":"https:\/\/schema.org","@graph":[{"@type":"Article","@id":"https:\/\/errr-magazine.com\/eme-laboratorio-de-arte\/#article","isPartOf":{"@id":"https:\/\/errr-magazine.com\/eme-laboratorio-de-arte\/"},"author":{"name":"EME Laboratorio de arte","@id":"https:\/\/errr-magazine.com\/#\/schema\/person\/784886b4146b34fabf5178a9debd6f46"},"headline":"EME Laboratorio de Arte","datePublished":"2025-12-04T16:00:31+00:00","dateModified":"2025-12-04T16:00:35+00:00","mainEntityOfPage":{"@id":"https:\/\/errr-magazine.com\/eme-laboratorio-de-arte\/"},"wordCount":822,"image":{"@id":"https:\/\/errr-magazine.com\/eme-laboratorio-de-arte\/#primaryimage"},"thumbnailUrl":"https:\/\/errr-magazine.com\/wp-content\/uploads\/2025\/12\/Laboratorio-5-copy-scaled.jpg","articleSection":["Fotograf\u00eda"],"inLanguage":"en-US"},{"@type":"WebPage","@id":"https:\/\/errr-magazine.com\/eme-laboratorio-de-arte\/","url":"https:\/\/errr-magazine.com\/eme-laboratorio-de-arte\/","name":"EME Laboratorio de Arte - ERRR MAGAZINE","isPartOf":{"@id":"https:\/\/errr-magazine.com\/#website"},"primaryImageOfPage":{"@id":"https:\/\/errr-magazine.com\/eme-laboratorio-de-arte\/#primaryimage"},"image":{"@id":"https:\/\/errr-magazine.com\/eme-laboratorio-de-arte\/#primaryimage"},"thumbnailUrl":"https:\/\/errr-magazine.com\/wp-content\/uploads\/2025\/12\/Laboratorio-5-copy-scaled.jpg","datePublished":"2025-12-04T16:00:31+00:00","dateModified":"2025-12-04T16:00:35+00:00","author":{"@id":"https:\/\/errr-magazine.com\/#\/schema\/person\/784886b4146b34fabf5178a9debd6f46"},"breadcrumb":{"@id":"https:\/\/errr-magazine.com\/eme-laboratorio-de-arte\/#breadcrumb"},"inLanguage":"en-US","potentialAction":[{"@type":"ReadAction","target":["https:\/\/errr-magazine.com\/eme-laboratorio-de-arte\/"]}]},{"@type":"ImageObject","inLanguage":"en-US","@id":"https:\/\/errr-magazine.com\/eme-laboratorio-de-arte\/#primaryimage","url":"https:\/\/errr-magazine.com\/wp-content\/uploads\/2025\/12\/Laboratorio-5-copy-scaled.jpg","contentUrl":"https:\/\/errr-magazine.com\/wp-content\/uploads\/2025\/12\/Laboratorio-5-copy-scaled.jpg","width":2560,"height":1920},{"@type":"BreadcrumbList","@id":"https:\/\/errr-magazine.com\/eme-laboratorio-de-arte\/#breadcrumb","itemListElement":[{"@type":"ListItem","position":1,"name":"Portada","item":"https:\/\/errr-magazine.com\/"},{"@type":"ListItem","position":2,"name":"EME Laboratorio de Arte"}]},{"@type":"WebSite","@id":"https:\/\/errr-magazine.com\/#website","url":"https:\/\/errr-magazine.com\/","name":"ERRR MAGAZINE","description":"","potentialAction":[{"@type":"SearchAction","target":{"@type":"EntryPoint","urlTemplate":"https:\/\/errr-magazine.com\/?s={search_term_string}"},"query-input":{"@type":"PropertyValueSpecification","valueRequired":true,"valueName":"search_term_string"}}],"inLanguage":"en-US"},{"@type":"Person","@id":"https:\/\/errr-magazine.com\/#\/schema\/person\/784886b4146b34fabf5178a9debd6f46","name":"EME Laboratorio de arte","image":{"@type":"ImageObject","inLanguage":"en-US","@id":"https:\/\/secure.gravatar.com\/avatar\/22220bcbf4b14ad9aab7c92840262b1ed2832463c60967e432c4e1639591501b?s=96&d=identicon&r=g","url":"https:\/\/secure.gravatar.com\/avatar\/22220bcbf4b14ad9aab7c92840262b1ed2832463c60967e432c4e1639591501b?s=96&d=identicon&r=g","contentUrl":"https:\/\/secure.gravatar.com\/avatar\/22220bcbf4b14ad9aab7c92840262b1ed2832463c60967e432c4e1639591501b?s=96&d=identicon&r=g","caption":"EME Laboratorio de arte"},"description":"Laboratorio de impresi\u00f3n, revelado y digitalizaci\u00f3n de foto Prado Norte 135 PB, Lomas de Chapultepec CDMX, M\u00e9xico","sameAs":["https:\/\/www.eme-lab.com"],"url":"https:\/\/errr-magazine.com\/english\/author\/emelab\/"}]}},"jetpack_featured_media_url":"https:\/\/errr-magazine.com\/wp-content\/uploads\/2025\/12\/Laboratorio-5-copy-scaled.jpg","jetpack-related-posts":[{"id":194865,"url":"https:\/\/errr-magazine.com\/english\/bengala\/","url_meta":{"origin":195392,"position":0},"title":"Bengala","author":"Bengala","date":"10\/27\/2025","format":false,"excerpt":"We always return to the idea that gave us our start: light as a form of expression. It is our creative beacon and what reminds us that each roll of film and each image is a different way of seeing and sharing the world.","rel":"","context":"In &quot;Fotograf\u00eda&quot;","block_context":{"text":"Fotograf\u00eda","link":"https:\/\/errr-magazine.com\/english\/category\/places\/fotografia\/"},"img":{"alt_text":"","src":"https:\/\/i0.wp.com\/errr-magazine.com\/wp-content\/uploads\/2025\/10\/Daniela-Villarreal-BENGALA-ERRATAIMG_4809-scaled.jpg?resize=350%2C200&ssl=1","width":350,"height":200,"srcset":"https:\/\/i0.wp.com\/errr-magazine.com\/wp-content\/uploads\/2025\/10\/Daniela-Villarreal-BENGALA-ERRATAIMG_4809-scaled.jpg?resize=350%2C200&ssl=1 1x, https:\/\/i0.wp.com\/errr-magazine.com\/wp-content\/uploads\/2025\/10\/Daniela-Villarreal-BENGALA-ERRATAIMG_4809-scaled.jpg?resize=525%2C300&ssl=1 1.5x, https:\/\/i0.wp.com\/errr-magazine.com\/wp-content\/uploads\/2025\/10\/Daniela-Villarreal-BENGALA-ERRATAIMG_4809-scaled.jpg?resize=700%2C400&ssl=1 2x, https:\/\/i0.wp.com\/errr-magazine.com\/wp-content\/uploads\/2025\/10\/Daniela-Villarreal-BENGALA-ERRATAIMG_4809-scaled.jpg?resize=1050%2C600&ssl=1 3x, https:\/\/i0.wp.com\/errr-magazine.com\/wp-content\/uploads\/2025\/10\/Daniela-Villarreal-BENGALA-ERRATAIMG_4809-scaled.jpg?resize=1400%2C800&ssl=1 4x"},"classes":[]},{"id":205543,"url":"https:\/\/errr-magazine.com\/english\/ajeno-cafeteria\/","url_meta":{"origin":195392,"position":1},"title":"Ajeno Cafeter\u00eda","author":"Ajeno Cafeter\u00eda","date":"04\/27\/2026","format":false,"excerpt":"We're greatly inspired by projects that manage to build identity from simplicity. Places where each element seems small on its own, but together they create something truly authentic. That coherence is something we constantly strive for.","rel":"","context":"In &quot;Cafeterias y panader\u00edas&quot;","block_context":{"text":"Cafeterias y panader\u00edas","link":"https:\/\/errr-magazine.com\/english\/category\/places\/cafeterias-y-panaderias\/"},"img":{"alt_text":"","src":"https:\/\/i0.wp.com\/errr-magazine.com\/wp-content\/uploads\/2026\/04\/IMG_1440-scaled.jpg?resize=350%2C200&ssl=1","width":350,"height":200,"srcset":"https:\/\/i0.wp.com\/errr-magazine.com\/wp-content\/uploads\/2026\/04\/IMG_1440-scaled.jpg?resize=350%2C200&ssl=1 1x, https:\/\/i0.wp.com\/errr-magazine.com\/wp-content\/uploads\/2026\/04\/IMG_1440-scaled.jpg?resize=525%2C300&ssl=1 1.5x, https:\/\/i0.wp.com\/errr-magazine.com\/wp-content\/uploads\/2026\/04\/IMG_1440-scaled.jpg?resize=700%2C400&ssl=1 2x, https:\/\/i0.wp.com\/errr-magazine.com\/wp-content\/uploads\/2026\/04\/IMG_1440-scaled.jpg?resize=1050%2C600&ssl=1 3x, https:\/\/i0.wp.com\/errr-magazine.com\/wp-content\/uploads\/2026\/04\/IMG_1440-scaled.jpg?resize=1400%2C800&ssl=1 4x"},"classes":[]},{"id":200814,"url":"https:\/\/errr-magazine.com\/english\/poki-cafe\/","url_meta":{"origin":195392,"position":2},"title":"Poki Caf\u00e9","author":"Poki Caf\u00e9","date":"02\/21\/2026","format":false,"excerpt":"The business grew and the need for a physical space became inevitable, one thing led to another. Poki Cookies didn\u2019t die; it transformed into the union of our passions: a poki-bit of cookies, coffee, and music.","rel":"","context":"In &quot;Cafeterias y panader\u00edas&quot;","block_context":{"text":"Cafeterias y panader\u00edas","link":"https:\/\/errr-magazine.com\/english\/category\/places\/cafeterias-y-panaderias\/"},"img":{"alt_text":"","src":"https:\/\/i0.wp.com\/errr-magazine.com\/wp-content\/uploads\/2026\/02\/DSC04096-scaled.jpeg?resize=350%2C200&ssl=1","width":350,"height":200,"srcset":"https:\/\/i0.wp.com\/errr-magazine.com\/wp-content\/uploads\/2026\/02\/DSC04096-scaled.jpeg?resize=350%2C200&ssl=1 1x, https:\/\/i0.wp.com\/errr-magazine.com\/wp-content\/uploads\/2026\/02\/DSC04096-scaled.jpeg?resize=525%2C300&ssl=1 1.5x, https:\/\/i0.wp.com\/errr-magazine.com\/wp-content\/uploads\/2026\/02\/DSC04096-scaled.jpeg?resize=700%2C400&ssl=1 2x, https:\/\/i0.wp.com\/errr-magazine.com\/wp-content\/uploads\/2026\/02\/DSC04096-scaled.jpeg?resize=1050%2C600&ssl=1 3x, https:\/\/i0.wp.com\/errr-magazine.com\/wp-content\/uploads\/2026\/02\/DSC04096-scaled.jpeg?resize=1400%2C800&ssl=1 4x"},"classes":[]},{"id":200513,"url":"https:\/\/errr-magazine.com\/english\/pasguato\/","url_meta":{"origin":195392,"position":3},"title":"Pasguato","author":"Pasguato","date":"02\/19\/2026","format":false,"excerpt":"El nombre viene de algo muy personal: mi abuelita nos dice \u201cpazguatos\u201d a sus nietos e hijos. Significa algo as\u00ed como \u201cmenso\u201d, pero en tono cari\u00f1oso. Me gust\u00f3 escribirlo con \u201cs\u201d en lugar de \u201cz\u201d; apropi\u00e1rmelo. El proyecto tambi\u00e9n tiene eso: no tomarse demasiado en serio las cosas, pero s\u00ed\u2026","rel":"","context":"In &quot;Cafeterias y panader\u00edas&quot;","block_context":{"text":"Cafeterias y panader\u00edas","link":"https:\/\/errr-magazine.com\/english\/category\/places\/cafeterias-y-panaderias\/"},"img":{"alt_text":"","src":"https:\/\/i0.wp.com\/errr-magazine.com\/wp-content\/uploads\/2026\/02\/1-5.jpg?resize=350%2C200&ssl=1","width":350,"height":200,"srcset":"https:\/\/i0.wp.com\/errr-magazine.com\/wp-content\/uploads\/2026\/02\/1-5.jpg?resize=350%2C200&ssl=1 1x, https:\/\/i0.wp.com\/errr-magazine.com\/wp-content\/uploads\/2026\/02\/1-5.jpg?resize=525%2C300&ssl=1 1.5x, https:\/\/i0.wp.com\/errr-magazine.com\/wp-content\/uploads\/2026\/02\/1-5.jpg?resize=700%2C400&ssl=1 2x, https:\/\/i0.wp.com\/errr-magazine.com\/wp-content\/uploads\/2026\/02\/1-5.jpg?resize=1050%2C600&ssl=1 3x, https:\/\/i0.wp.com\/errr-magazine.com\/wp-content\/uploads\/2026\/02\/1-5.jpg?resize=1400%2C800&ssl=1 4x"},"classes":[]},{"id":201110,"url":"https:\/\/errr-magazine.com\/english\/galerie-coffee\/","url_meta":{"origin":195392,"position":4},"title":"Galerie Coffee","author":"Galerie Coffee","date":"02\/25\/2026","format":false,"excerpt":"We began integrating art as an experience: canvases in different sizes, tote bags, cotton bags, mirrors, and various pieces to customize. Our mission has always been to support and give visibility to local artists and businesses.","rel":"","context":"In &quot;Cafeterias y panader\u00edas&quot;","block_context":{"text":"Cafeterias y panader\u00edas","link":"https:\/\/errr-magazine.com\/english\/category\/places\/cafeterias-y-panaderias\/"},"img":{"alt_text":"","src":"https:\/\/i0.wp.com\/errr-magazine.com\/wp-content\/uploads\/2026\/02\/2-8.jpg?resize=350%2C200&ssl=1","width":350,"height":200,"srcset":"https:\/\/i0.wp.com\/errr-magazine.com\/wp-content\/uploads\/2026\/02\/2-8.jpg?resize=350%2C200&ssl=1 1x, https:\/\/i0.wp.com\/errr-magazine.com\/wp-content\/uploads\/2026\/02\/2-8.jpg?resize=525%2C300&ssl=1 1.5x, https:\/\/i0.wp.com\/errr-magazine.com\/wp-content\/uploads\/2026\/02\/2-8.jpg?resize=700%2C400&ssl=1 2x"},"classes":[]},{"id":197380,"url":"https:\/\/errr-magazine.com\/english\/galeria-claroscuro\/","url_meta":{"origin":195392,"position":5},"title":"Claroscuro Gallery","author":"Galer\u00eda Claroscuro","date":"01\/12\/2026","format":false,"excerpt":"Creemos en este proyecto que naci\u00f3 y crece a partir de un concepto de resiliencia. Lo planteamos como algo mutante: cada vez va cambiando, pero tomando una misma forma, adapt\u00e1ndose a los cambios y necesidades de un mercado competitivo. Nuestro desaf\u00edo es no dejarlo en la monoton\u00eda; le ponemos mucho\u2026","rel":"","context":"In &quot;Fotograf\u00eda&quot;","block_context":{"text":"Fotograf\u00eda","link":"https:\/\/errr-magazine.com\/english\/category\/places\/fotografia\/"},"img":{"alt_text":"","src":"https:\/\/i0.wp.com\/errr-magazine.com\/wp-content\/uploads\/2026\/01\/Foto-expo.jpeg?resize=350%2C200&ssl=1","width":350,"height":200,"srcset":"https:\/\/i0.wp.com\/errr-magazine.com\/wp-content\/uploads\/2026\/01\/Foto-expo.jpeg?resize=350%2C200&ssl=1 1x, https:\/\/i0.wp.com\/errr-magazine.com\/wp-content\/uploads\/2026\/01\/Foto-expo.jpeg?resize=525%2C300&ssl=1 1.5x, https:\/\/i0.wp.com\/errr-magazine.com\/wp-content\/uploads\/2026\/01\/Foto-expo.jpeg?resize=700%2C400&ssl=1 2x, https:\/\/i0.wp.com\/errr-magazine.com\/wp-content\/uploads\/2026\/01\/Foto-expo.jpeg?resize=1050%2C600&ssl=1 3x, https:\/\/i0.wp.com\/errr-magazine.com\/wp-content\/uploads\/2026\/01\/Foto-expo.jpeg?resize=1400%2C800&ssl=1 4x"},"classes":[]}],"jetpack_sharing_enabled":true,"mfb_rest_fields":["title","yoast_head","yoast_head_json","jetpack_featured_media_url","jetpack-related-posts","jetpack_sharing_enabled"],"_links":{"self":[{"href":"https:\/\/errr-magazine.com\/english\/wp-json\/wp\/v2\/posts\/195392","targetHints":{"allow":["GET"]}}],"collection":[{"href":"https:\/\/errr-magazine.com\/english\/wp-json\/wp\/v2\/posts"}],"about":[{"href":"https:\/\/errr-magazine.com\/english\/wp-json\/wp\/v2\/types\/post"}],"author":[{"embeddable":true,"href":"https:\/\/errr-magazine.com\/english\/wp-json\/wp\/v2\/users\/8027"}],"replies":[{"embeddable":true,"href":"https:\/\/errr-magazine.com\/english\/wp-json\/wp\/v2\/comments?post=195392"}],"version-history":[{"count":1,"href":"https:\/\/errr-magazine.com\/english\/wp-json\/wp\/v2\/posts\/195392\/revisions"}],"predecessor-version":[{"id":195402,"href":"https:\/\/errr-magazine.com\/english\/wp-json\/wp\/v2\/posts\/195392\/revisions\/195402"}],"wp:featuredmedia":[{"embeddable":true,"href":"https:\/\/errr-magazine.com\/english\/wp-json\/wp\/v2\/media\/195393"}],"wp:attachment":[{"href":"https:\/\/errr-magazine.com\/english\/wp-json\/wp\/v2\/media?parent=195392"}],"wp:term":[{"taxonomy":"category","embeddable":true,"href":"https:\/\/errr-magazine.com\/english\/wp-json\/wp\/v2\/categories?post=195392"},{"taxonomy":"post_tag","embeddable":true,"href":"https:\/\/errr-magazine.com\/english\/wp-json\/wp\/v2\/tags?post=195392"}],"curies":[{"name":"wp","href":"https:\/\/api.w.org\/{rel}","templated":true}]}}