{"id":195381,"date":"2025-12-04T09:32:35","date_gmt":"2025-12-04T15:32:35","guid":{"rendered":"https:\/\/errr-magazine.com\/?p=195381"},"modified":"2025-12-04T09:32:39","modified_gmt":"2025-12-04T15:32:39","slug":"veo-cosas-hermosas-y-no-se-por-que","status":"publish","type":"post","link":"https:\/\/errr-magazine.com\/english\/veo-cosas-hermosas-y-no-se-por-que\/","title":{"rendered":"I see beautiful things and I don't know why"},"content":{"rendered":"<p><strong>What pieces or projects have you been working on lately?<br><\/strong>I'm currently working on some photos I took on a recent trip to England and Ireland. They were two completely new places for me, but very interesting.<\/p>\n\n\n\n<figure class=\"wp-block-image size-large\"><img decoding=\"async\" width=\"1024\" height=\"679\" data-src=\"https:\/\/errr-magazine.com\/wp-content\/uploads\/2025\/12\/Foto-4-1024x679.jpg\" alt=\"\" class=\"wp-image-195383 lazyload\" data-srcset=\"https:\/\/errr-magazine.com\/wp-content\/uploads\/2025\/12\/Foto-4-1024x679.jpg 1024w, https:\/\/errr-magazine.com\/wp-content\/uploads\/2025\/12\/Foto-4-300x199.jpg 300w, https:\/\/errr-magazine.com\/wp-content\/uploads\/2025\/12\/Foto-4-768x509.jpg 768w, https:\/\/errr-magazine.com\/wp-content\/uploads\/2025\/12\/Foto-4-1536x1019.jpg 1536w, https:\/\/errr-magazine.com\/wp-content\/uploads\/2025\/12\/Foto-4-18x12.jpg 18w, https:\/\/errr-magazine.com\/wp-content\/uploads\/2025\/12\/Foto-4.jpg 2048w\" data-sizes=\"(max-width: 1024px) 100vw, 1024px\" src=\"data:image\/svg+xml;base64,PHN2ZyB3aWR0aD0iMSIgaGVpZ2h0PSIxIiB4bWxucz0iaHR0cDovL3d3dy53My5vcmcvMjAwMC9zdmciPjwvc3ZnPg==\" style=\"--smush-placeholder-width: 1024px; --smush-placeholder-aspect-ratio: 1024\/679;\" \/><\/figure>\n\n\n\n<p><strong>What did you learn (or unlearn) while working on them?<br><\/strong>I've been experimenting with different types of film. Color is obviously a very important element, and I'm looking for ways to improve my handling of tones and saturations.<\/p>\n\n\n\n<figure class=\"wp-block-image size-large\"><img decoding=\"async\" width=\"1024\" height=\"679\" data-src=\"https:\/\/errr-magazine.com\/wp-content\/uploads\/2025\/12\/Foto-5-1024x679.jpg\" alt=\"\" class=\"wp-image-195384 lazyload\" data-srcset=\"https:\/\/errr-magazine.com\/wp-content\/uploads\/2025\/12\/Foto-5-1024x679.jpg 1024w, https:\/\/errr-magazine.com\/wp-content\/uploads\/2025\/12\/Foto-5-300x199.jpg 300w, https:\/\/errr-magazine.com\/wp-content\/uploads\/2025\/12\/Foto-5-768x509.jpg 768w, https:\/\/errr-magazine.com\/wp-content\/uploads\/2025\/12\/Foto-5-1536x1019.jpg 1536w, https:\/\/errr-magazine.com\/wp-content\/uploads\/2025\/12\/Foto-5-18x12.jpg 18w, https:\/\/errr-magazine.com\/wp-content\/uploads\/2025\/12\/Foto-5.jpg 2048w\" data-sizes=\"(max-width: 1024px) 100vw, 1024px\" src=\"data:image\/svg+xml;base64,PHN2ZyB3aWR0aD0iMSIgaGVpZ2h0PSIxIiB4bWxucz0iaHR0cDovL3d3dy53My5vcmcvMjAwMC9zdmciPjwvc3ZnPg==\" style=\"--smush-placeholder-width: 1024px; --smush-placeholder-aspect-ratio: 1024\/679;\" \/><\/figure>\n\n\n\n<p><strong>What words, ideas or emotions were going through your head?<br><\/strong>I think the main concept was contrasts. Contrasts both in the way of representing and in the content; going from the saturation of the city to the open spaces of nature represents a great opportunity to capture diverse moments.<\/p>\n\n\n\n<figure class=\"wp-block-image size-large\"><img decoding=\"async\" width=\"1024\" height=\"626\" data-src=\"https:\/\/errr-magazine.com\/wp-content\/uploads\/2025\/12\/Foto-18-1024x626.jpg\" alt=\"\" class=\"wp-image-195385 lazyload\" data-srcset=\"https:\/\/errr-magazine.com\/wp-content\/uploads\/2025\/12\/Foto-18-1024x626.jpg 1024w, https:\/\/errr-magazine.com\/wp-content\/uploads\/2025\/12\/Foto-18-300x183.jpg 300w, https:\/\/errr-magazine.com\/wp-content\/uploads\/2025\/12\/Foto-18-768x470.jpg 768w, https:\/\/errr-magazine.com\/wp-content\/uploads\/2025\/12\/Foto-18-1536x939.jpg 1536w, https:\/\/errr-magazine.com\/wp-content\/uploads\/2025\/12\/Foto-18-18x12.jpg 18w, https:\/\/errr-magazine.com\/wp-content\/uploads\/2025\/12\/Foto-18.jpg 2048w\" data-sizes=\"(max-width: 1024px) 100vw, 1024px\" src=\"data:image\/svg+xml;base64,PHN2ZyB3aWR0aD0iMSIgaGVpZ2h0PSIxIiB4bWxucz0iaHR0cDovL3d3dy53My5vcmcvMjAwMC9zdmciPjwvc3ZnPg==\" style=\"--smush-placeholder-width: 1024px; --smush-placeholder-aspect-ratio: 1024\/626;\" \/><\/figure>\n\n\n\n<p><strong>Were there any conversations, movies, music, or books that made their way into that work?<br><\/strong>As for the visuals, Wim Wenders' \"Paris, Texas\" has compositions I can't get out of my head, in addition to a heartbreaking story. Returning to the topic of color and contrast, I think it's a major influence and something that will surely seep into any work I produce.<\/p>\n\n\n\n<figure class=\"wp-block-image size-large\"><img decoding=\"async\" width=\"679\" height=\"1024\" data-src=\"https:\/\/errr-magazine.com\/wp-content\/uploads\/2025\/12\/Foto-21-679x1024.jpg\" alt=\"\" class=\"wp-image-195386 lazyload\" data-srcset=\"https:\/\/errr-magazine.com\/wp-content\/uploads\/2025\/12\/Foto-21-679x1024.jpg 679w, https:\/\/errr-magazine.com\/wp-content\/uploads\/2025\/12\/Foto-21-199x300.jpg 199w, https:\/\/errr-magazine.com\/wp-content\/uploads\/2025\/12\/Foto-21-768x1158.jpg 768w, https:\/\/errr-magazine.com\/wp-content\/uploads\/2025\/12\/Foto-21-1019x1536.jpg 1019w, https:\/\/errr-magazine.com\/wp-content\/uploads\/2025\/12\/Foto-21-8x12.jpg 8w, https:\/\/errr-magazine.com\/wp-content\/uploads\/2025\/12\/Foto-21.jpg 1358w\" data-sizes=\"(max-width: 679px) 100vw, 679px\" src=\"data:image\/svg+xml;base64,PHN2ZyB3aWR0aD0iMSIgaGVpZ2h0PSIxIiB4bWxucz0iaHR0cDovL3d3dy53My5vcmcvMjAwMC9zdmciPjwvc3ZnPg==\" style=\"--smush-placeholder-width: 679px; --smush-placeholder-aspect-ratio: 679\/1024;\" \/><\/figure>\n\n\n\n<p><strong>What's been the most difficult thing you've faced recently in your creative process?<br><\/strong>As an architect, my biggest challenge when taking photos is avoiding the habits I'm used to seeing in my profession. That's why, without meaning to, I seek out empty but perfect spaces and magazine-worthy compositions that are etched in my mind. Although I sometimes fall into the very trap I want to avoid, I'm surprised by the results when I manage to steer clear of it.<\/p>\n\n\n\n<figure class=\"wp-block-image size-large\"><img decoding=\"async\" width=\"1024\" height=\"679\" data-src=\"https:\/\/errr-magazine.com\/wp-content\/uploads\/2025\/12\/Foto-33-1024x679.jpg\" alt=\"\" class=\"wp-image-195387 lazyload\" data-srcset=\"https:\/\/errr-magazine.com\/wp-content\/uploads\/2025\/12\/Foto-33-1024x679.jpg 1024w, https:\/\/errr-magazine.com\/wp-content\/uploads\/2025\/12\/Foto-33-300x199.jpg 300w, https:\/\/errr-magazine.com\/wp-content\/uploads\/2025\/12\/Foto-33-768x509.jpg 768w, https:\/\/errr-magazine.com\/wp-content\/uploads\/2025\/12\/Foto-33-1536x1019.jpg 1536w, https:\/\/errr-magazine.com\/wp-content\/uploads\/2025\/12\/Foto-33-18x12.jpg 18w, https:\/\/errr-magazine.com\/wp-content\/uploads\/2025\/12\/Foto-33.jpg 2048w\" data-sizes=\"(max-width: 1024px) 100vw, 1024px\" src=\"data:image\/svg+xml;base64,PHN2ZyB3aWR0aD0iMSIgaGVpZ2h0PSIxIiB4bWxucz0iaHR0cDovL3d3dy53My5vcmcvMjAwMC9zdmciPjwvc3ZnPg==\" style=\"--smush-placeholder-width: 1024px; --smush-placeholder-aspect-ratio: 1024\/679;\" \/><\/figure>\n\n\n\n<p><strong>What is your favorite restaurant and what do you recommend we order?<br><\/strong>I recently tried the chocolate dessert at Vacaciones en la San Rafael with some friends, and it was delicious. Before that, we also had suadero tacos at El Paisa, just a block away; I don't know if this combination works for everyone, but we were all very satisfied.<\/p>\n\n\n\n<figure class=\"wp-block-image size-large\"><img decoding=\"async\" width=\"1024\" height=\"679\" data-src=\"https:\/\/errr-magazine.com\/wp-content\/uploads\/2025\/12\/Foto-35-1024x679.jpg\" alt=\"\" class=\"wp-image-195388 lazyload\" data-srcset=\"https:\/\/errr-magazine.com\/wp-content\/uploads\/2025\/12\/Foto-35-1024x679.jpg 1024w, https:\/\/errr-magazine.com\/wp-content\/uploads\/2025\/12\/Foto-35-300x199.jpg 300w, https:\/\/errr-magazine.com\/wp-content\/uploads\/2025\/12\/Foto-35-768x509.jpg 768w, https:\/\/errr-magazine.com\/wp-content\/uploads\/2025\/12\/Foto-35-1536x1019.jpg 1536w, https:\/\/errr-magazine.com\/wp-content\/uploads\/2025\/12\/Foto-35-18x12.jpg 18w, https:\/\/errr-magazine.com\/wp-content\/uploads\/2025\/12\/Foto-35.jpg 2048w\" data-sizes=\"(max-width: 1024px) 100vw, 1024px\" src=\"data:image\/svg+xml;base64,PHN2ZyB3aWR0aD0iMSIgaGVpZ2h0PSIxIiB4bWxucz0iaHR0cDovL3d3dy53My5vcmcvMjAwMC9zdmciPjwvc3ZnPg==\" style=\"--smush-placeholder-width: 1024px; --smush-placeholder-aspect-ratio: 1024\/679;\" \/><\/figure>\n\n\n\n<p><strong>If your life were a movie this month, what would it be called and who would write the soundtrack?<br><\/strong>There's a quote by David Lynch that I love, something like, \"Sometimes I see things that seem beautiful to me and I don't even know why.\" I think it sums up well how I'm trying to see things, not necessarily understand them. And as for a soundtrack, I don't know, maybe something by Sigur R\u00f3s that's really dramatic.<\/p>\n\n\n\n<figure class=\"wp-block-image size-large\"><img decoding=\"async\" width=\"1024\" height=\"679\" data-src=\"https:\/\/errr-magazine.com\/wp-content\/uploads\/2025\/12\/Foto-37-1024x679.jpg\" alt=\"\" class=\"wp-image-195389 lazyload\" data-srcset=\"https:\/\/errr-magazine.com\/wp-content\/uploads\/2025\/12\/Foto-37-1024x679.jpg 1024w, https:\/\/errr-magazine.com\/wp-content\/uploads\/2025\/12\/Foto-37-300x199.jpg 300w, https:\/\/errr-magazine.com\/wp-content\/uploads\/2025\/12\/Foto-37-768x509.jpg 768w, https:\/\/errr-magazine.com\/wp-content\/uploads\/2025\/12\/Foto-37-1536x1019.jpg 1536w, https:\/\/errr-magazine.com\/wp-content\/uploads\/2025\/12\/Foto-37-18x12.jpg 18w, https:\/\/errr-magazine.com\/wp-content\/uploads\/2025\/12\/Foto-37.jpg 2048w\" data-sizes=\"(max-width: 1024px) 100vw, 1024px\" src=\"data:image\/svg+xml;base64,PHN2ZyB3aWR0aD0iMSIgaGVpZ2h0PSIxIiB4bWxucz0iaHR0cDovL3d3dy53My5vcmcvMjAwMC9zdmciPjwvc3ZnPg==\" style=\"--smush-placeholder-width: 1024px; --smush-placeholder-aspect-ratio: 1024\/679;\" \/><\/figure>\n\n\n\n<p><strong>Recommend one or more artists you follow who inspire you, and tell us what you like most about their work or their way of working.<br><\/strong>I'm a big film buff, so if it's visuals you're after, anything by Terrence Malick or Paul Thomas Anderson is a great source of inspiration. When it comes to photographers, it's easy to always mention Ansel Adams for his use of black and white and landscapes, but I was recently recommended Hannah Starkey, and she has some pretty colorful and interesting work.<\/p>","protected":false},"excerpt":{"rendered":"<p>As an architect, my biggest challenge when taking photos is avoiding the habits I'm used to seeing in my profession. That's why I look for empty but perfect spaces and magazine-worthy compositions that I have imprinted in my mind. Although I sometimes fall into the very trap I want to avoid, I'm surprised by the results when I manage to steer clear of it.<\/p>","protected":false},"author":8026,"featured_media":195382,"comment_status":"closed","ping_status":"closed","sticky":false,"template":"","format":"standard","meta":{"_acf_changed":false,"cybocfi_hide_featured_image":"","_jetpack_memberships_contains_paid_content":false,"footnotes":""},"categories":[17856],"tags":[],"class_list":["post-195381","post","type-post","status-publish","format-standard","has-post-thumbnail","hentry","category-artes-visuales"],"acf":[],"mb":[],"yoast_head":"<!-- This site is optimized with the Yoast SEO plugin v27.2 - https:\/\/yoast.com\/product\/yoast-seo-wordpress\/ -->\n<title>Veo cosas hermosas y no s\u00e9 por qu\u00e9 - ERRR MAGAZINE<\/title>\n<meta name=\"robots\" content=\"index, follow, max-snippet:-1, max-image-preview:large, max-video-preview:-1\" \/>\n<link rel=\"canonical\" href=\"https:\/\/errr-magazine.com\/english\/veo-cosas-hermosas-y-no-se-por-que\/\" \/>\n<meta property=\"og:locale\" content=\"en_US\" \/>\n<meta property=\"og:type\" content=\"article\" \/>\n<meta property=\"og:title\" content=\"Veo cosas hermosas y no s\u00e9 por qu\u00e9 - ERRR MAGAZINE\" \/>\n<meta property=\"og:description\" content=\"Como arquitecto, mi gran reto al tomar fotos es evitar caer en las costumbres a las que vengo acostumbrado a ver en mi profesi\u00f3n. Por eso\u00a0busco espacios vac\u00edos pero perfectos y encuadres de revista que tengo impresos en mi mente. Aunque a veces caigo en lo que precisamente deseo evitar, me sorprende el resultado cuando\u00a0lo\u00a0esquivo.\" \/>\n<meta property=\"og:url\" content=\"https:\/\/errr-magazine.com\/english\/veo-cosas-hermosas-y-no-se-por-que\/\" \/>\n<meta property=\"og:site_name\" content=\"ERRR MAGAZINE\" \/>\n<meta property=\"article:published_time\" content=\"2025-12-04T15:32:35+00:00\" \/>\n<meta property=\"article:modified_time\" content=\"2025-12-04T15:32:39+00:00\" \/>\n<meta property=\"og:image\" content=\"https:\/\/errr-magazine.com\/wp-content\/uploads\/2025\/12\/Foto-3.jpg\" \/>\n\t<meta property=\"og:image:width\" content=\"2048\" \/>\n\t<meta property=\"og:image:height\" content=\"1358\" \/>\n\t<meta property=\"og:image:type\" content=\"image\/jpeg\" \/>\n<meta name=\"author\" content=\"Juan Miguel Vidal\" \/>\n<meta name=\"twitter:card\" content=\"summary_large_image\" \/>\n<meta name=\"twitter:label1\" content=\"Written by\" \/>\n\t<meta name=\"twitter:data1\" content=\"Juan Miguel Vidal\" \/>\n\t<meta name=\"twitter:label2\" content=\"Est. reading time\" \/>\n\t<meta name=\"twitter:data2\" content=\"4 minutes\" \/>\n<script type=\"application\/ld+json\" class=\"yoast-schema-graph\">{\"@context\":\"https:\/\/schema.org\",\"@graph\":[{\"@type\":\"Article\",\"@id\":\"https:\/\/errr-magazine.com\/veo-cosas-hermosas-y-no-se-por-que\/#article\",\"isPartOf\":{\"@id\":\"https:\/\/errr-magazine.com\/veo-cosas-hermosas-y-no-se-por-que\/\"},\"author\":{\"name\":\"Juan Miguel Vidal\",\"@id\":\"https:\/\/errr-magazine.com\/#\/schema\/person\/959f16354931831218e78c052394efec\"},\"headline\":\"Veo cosas hermosas y no s\u00e9 por qu\u00e9\",\"datePublished\":\"2025-12-04T15:32:35+00:00\",\"dateModified\":\"2025-12-04T15:32:39+00:00\",\"mainEntityOfPage\":{\"@id\":\"https:\/\/errr-magazine.com\/veo-cosas-hermosas-y-no-se-por-que\/\"},\"wordCount\":510,\"image\":{\"@id\":\"https:\/\/errr-magazine.com\/veo-cosas-hermosas-y-no-se-por-que\/#primaryimage\"},\"thumbnailUrl\":\"https:\/\/errr-magazine.com\/wp-content\/uploads\/2025\/12\/Foto-3.jpg\",\"articleSection\":[\"Artes visuales\"],\"inLanguage\":\"en-US\"},{\"@type\":\"WebPage\",\"@id\":\"https:\/\/errr-magazine.com\/veo-cosas-hermosas-y-no-se-por-que\/\",\"url\":\"https:\/\/errr-magazine.com\/veo-cosas-hermosas-y-no-se-por-que\/\",\"name\":\"Veo cosas hermosas y no s\u00e9 por qu\u00e9 - ERRR MAGAZINE\",\"isPartOf\":{\"@id\":\"https:\/\/errr-magazine.com\/#website\"},\"primaryImageOfPage\":{\"@id\":\"https:\/\/errr-magazine.com\/veo-cosas-hermosas-y-no-se-por-que\/#primaryimage\"},\"image\":{\"@id\":\"https:\/\/errr-magazine.com\/veo-cosas-hermosas-y-no-se-por-que\/#primaryimage\"},\"thumbnailUrl\":\"https:\/\/errr-magazine.com\/wp-content\/uploads\/2025\/12\/Foto-3.jpg\",\"datePublished\":\"2025-12-04T15:32:35+00:00\",\"dateModified\":\"2025-12-04T15:32:39+00:00\",\"author\":{\"@id\":\"https:\/\/errr-magazine.com\/#\/schema\/person\/959f16354931831218e78c052394efec\"},\"breadcrumb\":{\"@id\":\"https:\/\/errr-magazine.com\/veo-cosas-hermosas-y-no-se-por-que\/#breadcrumb\"},\"inLanguage\":\"en-US\",\"potentialAction\":[{\"@type\":\"ReadAction\",\"target\":[\"https:\/\/errr-magazine.com\/veo-cosas-hermosas-y-no-se-por-que\/\"]}]},{\"@type\":\"ImageObject\",\"inLanguage\":\"en-US\",\"@id\":\"https:\/\/errr-magazine.com\/veo-cosas-hermosas-y-no-se-por-que\/#primaryimage\",\"url\":\"https:\/\/errr-magazine.com\/wp-content\/uploads\/2025\/12\/Foto-3.jpg\",\"contentUrl\":\"https:\/\/errr-magazine.com\/wp-content\/uploads\/2025\/12\/Foto-3.jpg\",\"width\":2048,\"height\":1358},{\"@type\":\"BreadcrumbList\",\"@id\":\"https:\/\/errr-magazine.com\/veo-cosas-hermosas-y-no-se-por-que\/#breadcrumb\",\"itemListElement\":[{\"@type\":\"ListItem\",\"position\":1,\"name\":\"Portada\",\"item\":\"https:\/\/errr-magazine.com\/\"},{\"@type\":\"ListItem\",\"position\":2,\"name\":\"Veo cosas hermosas y no s\u00e9 por qu\u00e9\"}]},{\"@type\":\"WebSite\",\"@id\":\"https:\/\/errr-magazine.com\/#website\",\"url\":\"https:\/\/errr-magazine.com\/\",\"name\":\"ERRR MAGAZINE\",\"description\":\"\",\"potentialAction\":[{\"@type\":\"SearchAction\",\"target\":{\"@type\":\"EntryPoint\",\"urlTemplate\":\"https:\/\/errr-magazine.com\/?s={search_term_string}\"},\"query-input\":{\"@type\":\"PropertyValueSpecification\",\"valueRequired\":true,\"valueName\":\"search_term_string\"}}],\"inLanguage\":\"en-US\"},{\"@type\":\"Person\",\"@id\":\"https:\/\/errr-magazine.com\/#\/schema\/person\/959f16354931831218e78c052394efec\",\"name\":\"Juan Miguel Vidal\",\"image\":{\"@type\":\"ImageObject\",\"inLanguage\":\"en-US\",\"@id\":\"https:\/\/secure.gravatar.com\/avatar\/e2874e745797403d0d0d5e69c75b5988d67611f5fcfbc913c207af50218b71de?s=96&d=identicon&r=g\",\"url\":\"https:\/\/secure.gravatar.com\/avatar\/e2874e745797403d0d0d5e69c75b5988d67611f5fcfbc913c207af50218b71de?s=96&d=identicon&r=g\",\"contentUrl\":\"https:\/\/secure.gravatar.com\/avatar\/e2874e745797403d0d0d5e69c75b5988d67611f5fcfbc913c207af50218b71de?s=96&d=identicon&r=g\",\"caption\":\"Juan Miguel Vidal\"},\"description\":\"Arquitecto y fot\u00f3grafo\u00a0amateur colombiano radicado en la CDMX hace 4 a\u00f1os.\",\"sameAs\":[\"https:\/\/www.instagram.com\/jnmglvdl\"],\"url\":\"https:\/\/errr-magazine.com\/english\/author\/jmvidalmerino\/\"}]}<\/script>\n<!-- \/ Yoast SEO plugin. -->","yoast_head_json":{"title":"Veo cosas hermosas y no s\u00e9 por qu\u00e9 - ERRR MAGAZINE","robots":{"index":"index","follow":"follow","max-snippet":"max-snippet:-1","max-image-preview":"max-image-preview:large","max-video-preview":"max-video-preview:-1"},"canonical":"https:\/\/errr-magazine.com\/english\/veo-cosas-hermosas-y-no-se-por-que\/","og_locale":"en_US","og_type":"article","og_title":"Veo cosas hermosas y no s\u00e9 por qu\u00e9 - ERRR MAGAZINE","og_description":"Como arquitecto, mi gran reto al tomar fotos es evitar caer en las costumbres a las que vengo acostumbrado a ver en mi profesi\u00f3n. Por eso\u00a0busco espacios vac\u00edos pero perfectos y encuadres de revista que tengo impresos en mi mente. Aunque a veces caigo en lo que precisamente deseo evitar, me sorprende el resultado cuando\u00a0lo\u00a0esquivo.","og_url":"https:\/\/errr-magazine.com\/english\/veo-cosas-hermosas-y-no-se-por-que\/","og_site_name":"ERRR MAGAZINE","article_published_time":"2025-12-04T15:32:35+00:00","article_modified_time":"2025-12-04T15:32:39+00:00","og_image":[{"width":2048,"height":1358,"url":"https:\/\/errr-magazine.com\/wp-content\/uploads\/2025\/12\/Foto-3.jpg","type":"image\/jpeg"}],"author":"Juan Miguel Vidal","twitter_card":"summary_large_image","twitter_misc":{"Written by":"Juan Miguel Vidal","Est. reading time":"4 minutes"},"schema":{"@context":"https:\/\/schema.org","@graph":[{"@type":"Article","@id":"https:\/\/errr-magazine.com\/veo-cosas-hermosas-y-no-se-por-que\/#article","isPartOf":{"@id":"https:\/\/errr-magazine.com\/veo-cosas-hermosas-y-no-se-por-que\/"},"author":{"name":"Juan Miguel Vidal","@id":"https:\/\/errr-magazine.com\/#\/schema\/person\/959f16354931831218e78c052394efec"},"headline":"Veo cosas hermosas y no s\u00e9 por qu\u00e9","datePublished":"2025-12-04T15:32:35+00:00","dateModified":"2025-12-04T15:32:39+00:00","mainEntityOfPage":{"@id":"https:\/\/errr-magazine.com\/veo-cosas-hermosas-y-no-se-por-que\/"},"wordCount":510,"image":{"@id":"https:\/\/errr-magazine.com\/veo-cosas-hermosas-y-no-se-por-que\/#primaryimage"},"thumbnailUrl":"https:\/\/errr-magazine.com\/wp-content\/uploads\/2025\/12\/Foto-3.jpg","articleSection":["Artes visuales"],"inLanguage":"en-US"},{"@type":"WebPage","@id":"https:\/\/errr-magazine.com\/veo-cosas-hermosas-y-no-se-por-que\/","url":"https:\/\/errr-magazine.com\/veo-cosas-hermosas-y-no-se-por-que\/","name":"Veo cosas hermosas y no s\u00e9 por qu\u00e9 - ERRR MAGAZINE","isPartOf":{"@id":"https:\/\/errr-magazine.com\/#website"},"primaryImageOfPage":{"@id":"https:\/\/errr-magazine.com\/veo-cosas-hermosas-y-no-se-por-que\/#primaryimage"},"image":{"@id":"https:\/\/errr-magazine.com\/veo-cosas-hermosas-y-no-se-por-que\/#primaryimage"},"thumbnailUrl":"https:\/\/errr-magazine.com\/wp-content\/uploads\/2025\/12\/Foto-3.jpg","datePublished":"2025-12-04T15:32:35+00:00","dateModified":"2025-12-04T15:32:39+00:00","author":{"@id":"https:\/\/errr-magazine.com\/#\/schema\/person\/959f16354931831218e78c052394efec"},"breadcrumb":{"@id":"https:\/\/errr-magazine.com\/veo-cosas-hermosas-y-no-se-por-que\/#breadcrumb"},"inLanguage":"en-US","potentialAction":[{"@type":"ReadAction","target":["https:\/\/errr-magazine.com\/veo-cosas-hermosas-y-no-se-por-que\/"]}]},{"@type":"ImageObject","inLanguage":"en-US","@id":"https:\/\/errr-magazine.com\/veo-cosas-hermosas-y-no-se-por-que\/#primaryimage","url":"https:\/\/errr-magazine.com\/wp-content\/uploads\/2025\/12\/Foto-3.jpg","contentUrl":"https:\/\/errr-magazine.com\/wp-content\/uploads\/2025\/12\/Foto-3.jpg","width":2048,"height":1358},{"@type":"BreadcrumbList","@id":"https:\/\/errr-magazine.com\/veo-cosas-hermosas-y-no-se-por-que\/#breadcrumb","itemListElement":[{"@type":"ListItem","position":1,"name":"Portada","item":"https:\/\/errr-magazine.com\/"},{"@type":"ListItem","position":2,"name":"Veo cosas hermosas y no s\u00e9 por qu\u00e9"}]},{"@type":"WebSite","@id":"https:\/\/errr-magazine.com\/#website","url":"https:\/\/errr-magazine.com\/","name":"ERRR MAGAZINE","description":"","potentialAction":[{"@type":"SearchAction","target":{"@type":"EntryPoint","urlTemplate":"https:\/\/errr-magazine.com\/?s={search_term_string}"},"query-input":{"@type":"PropertyValueSpecification","valueRequired":true,"valueName":"search_term_string"}}],"inLanguage":"en-US"},{"@type":"Person","@id":"https:\/\/errr-magazine.com\/#\/schema\/person\/959f16354931831218e78c052394efec","name":"Juan Miguel Vidal","image":{"@type":"ImageObject","inLanguage":"en-US","@id":"https:\/\/secure.gravatar.com\/avatar\/e2874e745797403d0d0d5e69c75b5988d67611f5fcfbc913c207af50218b71de?s=96&d=identicon&r=g","url":"https:\/\/secure.gravatar.com\/avatar\/e2874e745797403d0d0d5e69c75b5988d67611f5fcfbc913c207af50218b71de?s=96&d=identicon&r=g","contentUrl":"https:\/\/secure.gravatar.com\/avatar\/e2874e745797403d0d0d5e69c75b5988d67611f5fcfbc913c207af50218b71de?s=96&d=identicon&r=g","caption":"Juan Miguel Vidal"},"description":"Colombian architect and amateur photographer based in Mexico City for 4 years.","sameAs":["https:\/\/www.instagram.com\/jnmglvdl"],"url":"https:\/\/errr-magazine.com\/english\/author\/jmvidalmerino\/"}]}},"jetpack_featured_media_url":"https:\/\/errr-magazine.com\/wp-content\/uploads\/2025\/12\/Foto-3.jpg","jetpack-related-posts":[{"id":203500,"url":"https:\/\/errr-magazine.com\/english\/cafe-ando\/","url_meta":{"origin":195381,"position":0},"title":"Caf\u00e9-ando","author":"Santiago P\u00e9rez Maldonado","date":"04\/02\/2026","format":false,"excerpt":"Comenc\u00e9 mi recorrido por los sitios de siempre, observando con m\u00e1s atenci\u00f3n a fin de no perderme nada, confiando en que mi memoria resistiera mejor que la de mi padre al paso del tiempo. Volver, despu\u00e9s de a\u00f1os, inevitablemente despierta nostalgia y la duda silenciosa de si uno tom\u00f3 la\u2026","rel":"","context":"In &quot;Narrativa&quot;","block_context":{"text":"Narrativa","link":"https:\/\/errr-magazine.com\/english\/category\/writing\/narrativa\/"},"img":{"alt_text":"","src":"https:\/\/i0.wp.com\/errr-magazine.com\/wp-content\/uploads\/2026\/04\/img022-Edit.jpg?resize=350%2C200&ssl=1","width":350,"height":200,"srcset":"https:\/\/i0.wp.com\/errr-magazine.com\/wp-content\/uploads\/2026\/04\/img022-Edit.jpg?resize=350%2C200&ssl=1 1x, https:\/\/i0.wp.com\/errr-magazine.com\/wp-content\/uploads\/2026\/04\/img022-Edit.jpg?resize=525%2C300&ssl=1 1.5x, https:\/\/i0.wp.com\/errr-magazine.com\/wp-content\/uploads\/2026\/04\/img022-Edit.jpg?resize=700%2C400&ssl=1 2x, https:\/\/i0.wp.com\/errr-magazine.com\/wp-content\/uploads\/2026\/04\/img022-Edit.jpg?resize=1050%2C600&ssl=1 3x"},"classes":[]},{"id":186917,"url":"https:\/\/errr-magazine.com\/english\/algun-tipo-de-secuencia\/","url_meta":{"origin":195381,"position":1},"title":"Alg\u00fan tipo de secuencia","author":"Jorge Guadarrama L\u00f3pez","date":"12\/10\/2023","format":false,"excerpt":"Paul Banks, vocalista de Interpol, hace unas fotos de arquitectura muy buenas, suelo tomar inspiraci\u00f3n de \u00e9l algunas veces. Santiago Arau, alg\u00fan d\u00eda me gustar\u00eda hacer fotos al estilo de Gunner Stahl o como los Neuderts.","rel":"","context":"In &quot;Interview&quot;","block_context":{"text":"Interview","link":"https:\/\/errr-magazine.com\/english\/category\/interviews\/"},"img":{"alt_text":"","src":"https:\/\/i0.wp.com\/errr-magazine.com\/wp-content\/uploads\/2023\/12\/Foto-20-1.jpg?resize=350%2C200&ssl=1","width":350,"height":200,"srcset":"https:\/\/i0.wp.com\/errr-magazine.com\/wp-content\/uploads\/2023\/12\/Foto-20-1.jpg?resize=350%2C200&ssl=1 1x, https:\/\/i0.wp.com\/errr-magazine.com\/wp-content\/uploads\/2023\/12\/Foto-20-1.jpg?resize=525%2C300&ssl=1 1.5x, https:\/\/i0.wp.com\/errr-magazine.com\/wp-content\/uploads\/2023\/12\/Foto-20-1.jpg?resize=700%2C400&ssl=1 2x, https:\/\/i0.wp.com\/errr-magazine.com\/wp-content\/uploads\/2023\/12\/Foto-20-1.jpg?resize=1050%2C600&ssl=1 3x, https:\/\/i0.wp.com\/errr-magazine.com\/wp-content\/uploads\/2023\/12\/Foto-20-1.jpg?resize=1400%2C800&ssl=1 4x"},"classes":[]},{"id":172218,"url":"https:\/\/errr-magazine.com\/english\/letargo\/","url_meta":{"origin":195381,"position":2},"title":"Letargo.","author":"ungatotriste","date":"07\/06\/2021","format":false,"excerpt":"Ando vagando entre dudas artilugios y cantares.Busc\u00e1ndole diez patas al gato y caminando para atr\u00e1s.Existiendo a trav\u00e9s de algoritmos,escurri\u00e9ndome por las coladeras Prendi\u00e9ndole una veladora al diablo para no volver a verte y trabajando en mejorar mi procrastinaci\u00f3n Ando con unos deseos inmensos de fallar y desilusionar Llevo d\u00edas escupiendo\u2026","rel":"","context":"In &quot;Textos&quot;","block_context":{"text":"Textos","link":"https:\/\/errr-magazine.com\/english\/category\/textos\/"},"img":{"alt_text":"","src":"","width":0,"height":0},"classes":[]},{"id":154551,"url":"https:\/\/errr-magazine.com\/english\/ando-en-la-cuerda-floja\/","url_meta":{"origin":195381,"position":3},"title":"Ando en la cuerda floja","author":"Hasumi","date":"02\/13\/2019","format":false,"excerpt":"He estado mejor cuando resido en el olvido. No todo lo que se destila te embriaga.\u00a0 No voy a llorar por la cerveza derramada. Fotograf\u00eda por Patricio Maldonado","rel":"","context":"In &quot;Textos&quot;","block_context":{"text":"Textos","link":"https:\/\/errr-magazine.com\/english\/category\/textos\/"},"img":{"alt_text":"","src":"","width":0,"height":0},"classes":[]},{"id":134662,"url":"https:\/\/errr-magazine.com\/english\/un-poco-roto\/","url_meta":{"origin":195381,"position":4},"title":"Un poco roto","author":"Mi6uel Nu\u00f1ez","date":"06\/02\/2018","format":false,"excerpt":"A veces es dificil andar asi por la vida, asi un poco roto. Cualquier cosa que haces, cualquier movimiento que realizas estas ahi pisando tus fragmentos que todavia no podes juntar. No se como rearmarme cuando todas las noches a las 22 pm muero un poco mas, me rompo un\u2026","rel":"","context":"In &quot;Textos&quot;","block_context":{"text":"Textos","link":"https:\/\/errr-magazine.com\/english\/category\/textos\/"},"img":{"alt_text":"","src":"https:\/\/i0.wp.com\/errr-magazine.com\/wp-content\/uploads\/2018\/06\/tumblr_o3bwr6WI601ugqsrco1_1280.jpg?resize=350%2C200&ssl=1","width":350,"height":200,"srcset":"https:\/\/i0.wp.com\/errr-magazine.com\/wp-content\/uploads\/2018\/06\/tumblr_o3bwr6WI601ugqsrco1_1280.jpg?resize=350%2C200&ssl=1 1x, https:\/\/i0.wp.com\/errr-magazine.com\/wp-content\/uploads\/2018\/06\/tumblr_o3bwr6WI601ugqsrco1_1280.jpg?resize=525%2C300&ssl=1 1.5x, https:\/\/i0.wp.com\/errr-magazine.com\/wp-content\/uploads\/2018\/06\/tumblr_o3bwr6WI601ugqsrco1_1280.jpg?resize=700%2C400&ssl=1 2x, https:\/\/i0.wp.com\/errr-magazine.com\/wp-content\/uploads\/2018\/06\/tumblr_o3bwr6WI601ugqsrco1_1280.jpg?resize=1050%2C600&ssl=1 3x"},"classes":[]},{"id":192367,"url":"https:\/\/errr-magazine.com\/english\/la-maleta-infinita\/","url_meta":{"origin":195381,"position":5},"title":"La maleta infinita","author":"Elena Cucarella Nadal","date":"08\/26\/2025","format":false,"excerpt":"Recuerdo de peque\u00f1a llevar yo misma los carretes a revelar cuando a\u00fan no llegaba al mostrador de la tienda de revelado. Yo misma enrollaba los carretes de la c\u00e1mara con la persiana totalmente bajada para asegurarme que no se velaran. Tendr\u00eda diez a\u00f1os.","rel":"","context":"In &quot;Artes visuales&quot;","block_context":{"text":"Artes visuales","link":"https:\/\/errr-magazine.com\/english\/category\/interviews\/artes-visuales\/"},"img":{"alt_text":"","src":"https:\/\/i0.wp.com\/errr-magazine.com\/wp-content\/uploads\/2025\/08\/IMG_5183.jpg?resize=350%2C200&ssl=1","width":350,"height":200,"srcset":"https:\/\/i0.wp.com\/errr-magazine.com\/wp-content\/uploads\/2025\/08\/IMG_5183.jpg?resize=350%2C200&ssl=1 1x, https:\/\/i0.wp.com\/errr-magazine.com\/wp-content\/uploads\/2025\/08\/IMG_5183.jpg?resize=525%2C300&ssl=1 1.5x, https:\/\/i0.wp.com\/errr-magazine.com\/wp-content\/uploads\/2025\/08\/IMG_5183.jpg?resize=700%2C400&ssl=1 2x, https:\/\/i0.wp.com\/errr-magazine.com\/wp-content\/uploads\/2025\/08\/IMG_5183.jpg?resize=1050%2C600&ssl=1 3x, https:\/\/i0.wp.com\/errr-magazine.com\/wp-content\/uploads\/2025\/08\/IMG_5183.jpg?resize=1400%2C800&ssl=1 4x"},"classes":[]}],"jetpack_sharing_enabled":true,"mfb_rest_fields":["title","yoast_head","yoast_head_json","jetpack_featured_media_url","jetpack-related-posts","jetpack_sharing_enabled"],"_links":{"self":[{"href":"https:\/\/errr-magazine.com\/english\/wp-json\/wp\/v2\/posts\/195381","targetHints":{"allow":["GET"]}}],"collection":[{"href":"https:\/\/errr-magazine.com\/english\/wp-json\/wp\/v2\/posts"}],"about":[{"href":"https:\/\/errr-magazine.com\/english\/wp-json\/wp\/v2\/types\/post"}],"author":[{"embeddable":true,"href":"https:\/\/errr-magazine.com\/english\/wp-json\/wp\/v2\/users\/8026"}],"replies":[{"embeddable":true,"href":"https:\/\/errr-magazine.com\/english\/wp-json\/wp\/v2\/comments?post=195381"}],"version-history":[{"count":1,"href":"https:\/\/errr-magazine.com\/english\/wp-json\/wp\/v2\/posts\/195381\/revisions"}],"predecessor-version":[{"id":195390,"href":"https:\/\/errr-magazine.com\/english\/wp-json\/wp\/v2\/posts\/195381\/revisions\/195390"}],"wp:featuredmedia":[{"embeddable":true,"href":"https:\/\/errr-magazine.com\/english\/wp-json\/wp\/v2\/media\/195382"}],"wp:attachment":[{"href":"https:\/\/errr-magazine.com\/english\/wp-json\/wp\/v2\/media?parent=195381"}],"wp:term":[{"taxonomy":"category","embeddable":true,"href":"https:\/\/errr-magazine.com\/english\/wp-json\/wp\/v2\/categories?post=195381"},{"taxonomy":"post_tag","embeddable":true,"href":"https:\/\/errr-magazine.com\/english\/wp-json\/wp\/v2\/tags?post=195381"}],"curies":[{"name":"wp","href":"https:\/\/api.w.org\/{rel}","templated":true}]}}