{"id":194437,"date":"2025-10-09T14:52:04","date_gmt":"2025-10-09T20:52:04","guid":{"rendered":"https:\/\/errr-magazine.com\/?p=194437"},"modified":"2025-10-09T22:18:47","modified_gmt":"2025-10-10T04:18:47","slug":"quiero-saber-de-ti","status":"publish","type":"post","link":"https:\/\/errr-magazine.com\/english\/quiero-saber-de-ti\/","title":{"rendered":"I want to know about you"},"content":{"rendered":"<p><strong>What pieces or projects have you been working on lately?<\/strong><br>A lo largo de los a\u00f1os he dedicado una gran parte de mi tiempo al registro fotogr\u00e1fico de la experiencia duranguense, el cual considero que es un proyecto en el que voy a trabajar toda mi vida. Me gusta llevar mi c\u00e1mara a todos esos lugares que representen las diferentes experiencias de vivir en Durango a trav\u00e9s de las distintas vertientes que esto significa, pasando por subculturas, deportes, eventos y cotidianidades. Todo aquello que ayude a resignificar los estereotipos de quienes vivimos por ac\u00e1. Es algo que tambi\u00e9n busco contar a trav\u00e9s del cine que hago.<\/p>\n\n\n\n<figure class=\"wp-block-image size-large\"><img decoding=\"async\" width=\"1024\" height=\"679\" data-src=\"https:\/\/errr-magazine.com\/wp-content\/uploads\/2025\/10\/Durango-21-1024x679.jpg\" alt=\"\" class=\"wp-image-194439 lazyload\" data-srcset=\"https:\/\/errr-magazine.com\/wp-content\/uploads\/2025\/10\/Durango-21-1024x679.jpg 1024w, https:\/\/errr-magazine.com\/wp-content\/uploads\/2025\/10\/Durango-21-300x199.jpg 300w, https:\/\/errr-magazine.com\/wp-content\/uploads\/2025\/10\/Durango-21-768x509.jpg 768w, https:\/\/errr-magazine.com\/wp-content\/uploads\/2025\/10\/Durango-21-1536x1018.jpg 1536w, https:\/\/errr-magazine.com\/wp-content\/uploads\/2025\/10\/Durango-21-2048x1358.jpg 2048w\" data-sizes=\"(max-width: 1024px) 100vw, 1024px\" src=\"data:image\/svg+xml;base64,PHN2ZyB3aWR0aD0iMSIgaGVpZ2h0PSIxIiB4bWxucz0iaHR0cDovL3d3dy53My5vcmcvMjAwMC9zdmciPjwvc3ZnPg==\" style=\"--smush-placeholder-width: 1024px; --smush-placeholder-aspect-ratio: 1024\/679;\" \/><\/figure>\n\n\n\n<p><strong>What did you learn (or unlearn) while working on them?<\/strong><br>Durango es demasiado gigante para englobarlo en un solo tipo de personas y vivencias; cada rinc\u00f3n es pr\u00e1cticamente otro mundo, con diferentes formas de manifestar su sensibilidad y de comprender su propia historia. El arte es uno de los pocos mecanismos de difusi\u00f3n inmediata que pueden ayudar a universalizar esa sensibilizaci\u00f3n y comprensi\u00f3n.<\/p>\n\n\n\n<div class=\"wp-block-columns is-layout-flex wp-container-core-columns-is-layout-28f84493 wp-block-columns-is-layout-flex\">\n<div class=\"wp-block-column is-layout-flow wp-block-column-is-layout-flow\">\n<figure class=\"wp-block-image size-large\"><img decoding=\"async\" width=\"1024\" height=\"683\" data-src=\"https:\/\/errr-magazine.com\/wp-content\/uploads\/2025\/10\/Durango-4-1024x683.jpg\" alt=\"\" class=\"wp-image-194516 lazyload\" data-srcset=\"https:\/\/errr-magazine.com\/wp-content\/uploads\/2025\/10\/Durango-4-1024x683.jpg 1024w, https:\/\/errr-magazine.com\/wp-content\/uploads\/2025\/10\/Durango-4-300x200.jpg 300w, https:\/\/errr-magazine.com\/wp-content\/uploads\/2025\/10\/Durango-4-768x512.jpg 768w, https:\/\/errr-magazine.com\/wp-content\/uploads\/2025\/10\/Durango-4-1536x1024.jpg 1536w, https:\/\/errr-magazine.com\/wp-content\/uploads\/2025\/10\/Durango-4.jpg 2048w\" data-sizes=\"(max-width: 1024px) 100vw, 1024px\" src=\"data:image\/svg+xml;base64,PHN2ZyB3aWR0aD0iMSIgaGVpZ2h0PSIxIiB4bWxucz0iaHR0cDovL3d3dy53My5vcmcvMjAwMC9zdmciPjwvc3ZnPg==\" style=\"--smush-placeholder-width: 1024px; --smush-placeholder-aspect-ratio: 1024\/683;\" \/><\/figure>\n<\/div>\n\n\n\n<div class=\"wp-block-column is-layout-flow wp-block-column-is-layout-flow\">\n<figure class=\"wp-block-image size-large\"><img decoding=\"async\" width=\"1024\" height=\"684\" data-src=\"https:\/\/errr-magazine.com\/wp-content\/uploads\/2025\/10\/Durango-5-1024x684.jpg\" alt=\"\" class=\"wp-image-194517 lazyload\" data-srcset=\"https:\/\/errr-magazine.com\/wp-content\/uploads\/2025\/10\/Durango-5-1024x684.jpg 1024w, https:\/\/errr-magazine.com\/wp-content\/uploads\/2025\/10\/Durango-5-300x200.jpg 300w, https:\/\/errr-magazine.com\/wp-content\/uploads\/2025\/10\/Durango-5-768x513.jpg 768w, https:\/\/errr-magazine.com\/wp-content\/uploads\/2025\/10\/Durango-5-1536x1026.jpg 1536w, https:\/\/errr-magazine.com\/wp-content\/uploads\/2025\/10\/Durango-5-2048x1368.jpg 2048w\" data-sizes=\"(max-width: 1024px) 100vw, 1024px\" src=\"data:image\/svg+xml;base64,PHN2ZyB3aWR0aD0iMSIgaGVpZ2h0PSIxIiB4bWxucz0iaHR0cDovL3d3dy53My5vcmcvMjAwMC9zdmciPjwvc3ZnPg==\" style=\"--smush-placeholder-width: 1024px; --smush-placeholder-aspect-ratio: 1024\/684;\" \/><\/figure>\n<\/div>\n<\/div>\n\n\n\n<p><strong>What words, ideas or emotions were going through your head?<\/strong><br>Amor, familia, nostalgia y pertenencia.<\/p>\n\n\n\n<figure class=\"wp-block-image size-large\"><img decoding=\"async\" width=\"1024\" height=\"684\" data-src=\"https:\/\/errr-magazine.com\/wp-content\/uploads\/2025\/10\/Durango-7-1024x684.jpg\" alt=\"\" class=\"wp-image-194518 lazyload\" data-srcset=\"https:\/\/errr-magazine.com\/wp-content\/uploads\/2025\/10\/Durango-7-1024x684.jpg 1024w, https:\/\/errr-magazine.com\/wp-content\/uploads\/2025\/10\/Durango-7-300x200.jpg 300w, https:\/\/errr-magazine.com\/wp-content\/uploads\/2025\/10\/Durango-7-768x513.jpg 768w, https:\/\/errr-magazine.com\/wp-content\/uploads\/2025\/10\/Durango-7-1536x1026.jpg 1536w, https:\/\/errr-magazine.com\/wp-content\/uploads\/2025\/10\/Durango-7-2048x1368.jpg 2048w\" data-sizes=\"(max-width: 1024px) 100vw, 1024px\" src=\"data:image\/svg+xml;base64,PHN2ZyB3aWR0aD0iMSIgaGVpZ2h0PSIxIiB4bWxucz0iaHR0cDovL3d3dy53My5vcmcvMjAwMC9zdmciPjwvc3ZnPg==\" style=\"--smush-placeholder-width: 1024px; --smush-placeholder-aspect-ratio: 1024\/684;\" \/><\/figure>\n\n\n\n<p><strong>Were there any conversations, movies, music, or books that made their way into that work?<\/strong><br>The movie <em><a href=\"https:\/\/www.youtube.com\/watch?v=kGa75Jup11s\">Vidas Errantes<\/a><\/em> from <strong><a href=\"https:\/\/mubi.com\/es\/cast\/juan-antonio-de-la-riva\">Juan Antonio de la Riva<\/a><\/strong>, el pasito duranguense, l<a href=\"https:\/\/open.spotify.com\/intl-es\/artist\/4XAsg7uclewySpdLcD81LJ\">os <\/a><strong><a href=\"https:\/\/open.spotify.com\/intl-es\/artist\/4XAsg7uclewySpdLcD81LJ\">Canelos de Durango<\/a> <\/strong>and <strong><a href=\"https:\/\/open.spotify.com\/intl-es\/track\/1OT1G66Lt9EpKFWkwK8i9z?si=ad0319bff2e941f4\"><em>Romance in Durango<\/em> <\/a>from <a href=\"https:\/\/open.spotify.com\/intl-es\/track\/1OT1G66Lt9EpKFWkwK8i9z?si=ad0319bff2e941f4\">Bob Dylan.<\/a><\/strong><\/p>\n\n\n\n<figure class=\"wp-block-image size-large\"><img decoding=\"async\" width=\"1024\" height=\"683\" data-src=\"https:\/\/errr-magazine.com\/wp-content\/uploads\/2025\/10\/Durango-18-1024x683.jpg\" alt=\"\" class=\"wp-image-194519 lazyload\" data-srcset=\"https:\/\/errr-magazine.com\/wp-content\/uploads\/2025\/10\/Durango-18-1024x683.jpg 1024w, https:\/\/errr-magazine.com\/wp-content\/uploads\/2025\/10\/Durango-18-300x200.jpg 300w, https:\/\/errr-magazine.com\/wp-content\/uploads\/2025\/10\/Durango-18-768x512.jpg 768w, https:\/\/errr-magazine.com\/wp-content\/uploads\/2025\/10\/Durango-18-1536x1024.jpg 1536w, https:\/\/errr-magazine.com\/wp-content\/uploads\/2025\/10\/Durango-18-2048x1365.jpg 2048w\" data-sizes=\"(max-width: 1024px) 100vw, 1024px\" src=\"data:image\/svg+xml;base64,PHN2ZyB3aWR0aD0iMSIgaGVpZ2h0PSIxIiB4bWxucz0iaHR0cDovL3d3dy53My5vcmcvMjAwMC9zdmciPjwvc3ZnPg==\" style=\"--smush-placeholder-width: 1024px; --smush-placeholder-aspect-ratio: 1024\/683;\" \/><\/figure>\n\n\n\n<p><strong>What's been the most difficult thing you've faced recently in your creative process?<\/strong><br>Throughout this time, the great challenge has always been to develop an observation technique that allows me to capture moments stealthily and without altering the reality of those involved. I've found more and more confidence and freedom in doing so.<\/p>\n\n\n\n<figure class=\"wp-block-image size-large\"><img decoding=\"async\" width=\"1024\" height=\"679\" data-src=\"https:\/\/errr-magazine.com\/wp-content\/uploads\/2025\/10\/Durango-19-1-1024x679.jpg\" alt=\"\" class=\"wp-image-194520 lazyload\" data-srcset=\"https:\/\/errr-magazine.com\/wp-content\/uploads\/2025\/10\/Durango-19-1-1024x679.jpg 1024w, https:\/\/errr-magazine.com\/wp-content\/uploads\/2025\/10\/Durango-19-1-300x199.jpg 300w, https:\/\/errr-magazine.com\/wp-content\/uploads\/2025\/10\/Durango-19-1-768x509.jpg 768w, https:\/\/errr-magazine.com\/wp-content\/uploads\/2025\/10\/Durango-19-1-1536x1018.jpg 1536w, https:\/\/errr-magazine.com\/wp-content\/uploads\/2025\/10\/Durango-19-1-2048x1358.jpg 2048w\" data-sizes=\"(max-width: 1024px) 100vw, 1024px\" src=\"data:image\/svg+xml;base64,PHN2ZyB3aWR0aD0iMSIgaGVpZ2h0PSIxIiB4bWxucz0iaHR0cDovL3d3dy53My5vcmcvMjAwMC9zdmciPjwvc3ZnPg==\" style=\"--smush-placeholder-width: 1024px; --smush-placeholder-aspect-ratio: 1024\/679;\" \/><\/figure>\n\n\n\n<p><strong>What is your favorite restaurant and what do you recommend we order?<\/strong><br>En Durango me gusta ir por gorditas a <a href=\"https:\/\/share.google\/3D0jaKFnfdWkSVyNN\"><strong>La Guacamaya<\/strong> <\/a>o por unos tacos de<a href=\"https:\/\/share.google\/F4wfxOIgk3mf6lrlf\"><strong> Los Farolitos<\/strong><\/a>; ambos lugares est\u00e1n en la misma calle del Centro Hist\u00f3rico.<\/p>\n\n\n\n<div class=\"wp-block-columns is-layout-flex wp-container-core-columns-is-layout-28f84493 wp-block-columns-is-layout-flex\">\n<div class=\"wp-block-column is-layout-flow wp-block-column-is-layout-flow\">\n<figure class=\"wp-block-image size-large\"><img decoding=\"async\" width=\"1024\" height=\"679\" data-src=\"https:\/\/errr-magazine.com\/wp-content\/uploads\/2025\/10\/Durango-1-1024x679.jpg\" alt=\"\" class=\"wp-image-194521 lazyload\" data-srcset=\"https:\/\/errr-magazine.com\/wp-content\/uploads\/2025\/10\/Durango-1-1024x679.jpg 1024w, https:\/\/errr-magazine.com\/wp-content\/uploads\/2025\/10\/Durango-1-300x199.jpg 300w, https:\/\/errr-magazine.com\/wp-content\/uploads\/2025\/10\/Durango-1-768x509.jpg 768w, https:\/\/errr-magazine.com\/wp-content\/uploads\/2025\/10\/Durango-1-1536x1018.jpg 1536w, https:\/\/errr-magazine.com\/wp-content\/uploads\/2025\/10\/Durango-1-2048x1358.jpg 2048w\" data-sizes=\"(max-width: 1024px) 100vw, 1024px\" src=\"data:image\/svg+xml;base64,PHN2ZyB3aWR0aD0iMSIgaGVpZ2h0PSIxIiB4bWxucz0iaHR0cDovL3d3dy53My5vcmcvMjAwMC9zdmciPjwvc3ZnPg==\" style=\"--smush-placeholder-width: 1024px; --smush-placeholder-aspect-ratio: 1024\/679;\" \/><\/figure>\n<\/div>\n\n\n\n<div class=\"wp-block-column is-layout-flow wp-block-column-is-layout-flow\">\n<figure class=\"wp-block-image size-large\"><img decoding=\"async\" width=\"1024\" height=\"679\" data-src=\"https:\/\/errr-magazine.com\/wp-content\/uploads\/2025\/10\/Durango-2-1024x679.jpg\" alt=\"\" class=\"wp-image-194446 lazyload\" data-srcset=\"https:\/\/errr-magazine.com\/wp-content\/uploads\/2025\/10\/Durango-2-1024x679.jpg 1024w, https:\/\/errr-magazine.com\/wp-content\/uploads\/2025\/10\/Durango-2-300x199.jpg 300w, https:\/\/errr-magazine.com\/wp-content\/uploads\/2025\/10\/Durango-2-768x509.jpg 768w, https:\/\/errr-magazine.com\/wp-content\/uploads\/2025\/10\/Durango-2-1536x1018.jpg 1536w, https:\/\/errr-magazine.com\/wp-content\/uploads\/2025\/10\/Durango-2-2048x1358.jpg 2048w\" data-sizes=\"(max-width: 1024px) 100vw, 1024px\" src=\"data:image\/svg+xml;base64,PHN2ZyB3aWR0aD0iMSIgaGVpZ2h0PSIxIiB4bWxucz0iaHR0cDovL3d3dy53My5vcmcvMjAwMC9zdmciPjwvc3ZnPg==\" style=\"--smush-placeholder-width: 1024px; --smush-placeholder-aspect-ratio: 1024\/679;\" \/><\/figure>\n<\/div>\n<\/div>\n\n\n\n<p><strong>If your life were a movie this month, what would it be called and who would write the soundtrack?<\/strong><br><em>Quiero Saber De Ti<\/em> with the soundtrack by <em><a href=\"https:\/\/open.spotify.com\/intl-es\/artist\/1i4xi4ramy5BPYr2Bhf6sc\">Mont\u00e9z de Durango.<\/a><\/em><\/p>\n\n\n\n<figure class=\"wp-block-image size-large\"><img decoding=\"async\" width=\"1024\" height=\"678\" data-src=\"https:\/\/errr-magazine.com\/wp-content\/uploads\/2025\/10\/Durango-14-1024x678.jpg\" alt=\"\" class=\"wp-image-194522 lazyload\" data-srcset=\"https:\/\/errr-magazine.com\/wp-content\/uploads\/2025\/10\/Durango-14-1024x678.jpg 1024w, https:\/\/errr-magazine.com\/wp-content\/uploads\/2025\/10\/Durango-14-300x199.jpg 300w, https:\/\/errr-magazine.com\/wp-content\/uploads\/2025\/10\/Durango-14-768x509.jpg 768w, https:\/\/errr-magazine.com\/wp-content\/uploads\/2025\/10\/Durango-14-1536x1017.jpg 1536w, https:\/\/errr-magazine.com\/wp-content\/uploads\/2025\/10\/Durango-14-2048x1356.jpg 2048w\" data-sizes=\"(max-width: 1024px) 100vw, 1024px\" src=\"data:image\/svg+xml;base64,PHN2ZyB3aWR0aD0iMSIgaGVpZ2h0PSIxIiB4bWxucz0iaHR0cDovL3d3dy53My5vcmcvMjAwMC9zdmciPjwvc3ZnPg==\" style=\"--smush-placeholder-width: 1024px; --smush-placeholder-aspect-ratio: 1024\/678;\" \/><\/figure>\n\n\n\n<p><strong>Recommend one or more artists you follow who inspire you, and tell us what you like most about their work or their way of working.<\/strong><br>Quisiera enlistar a algunos fot\u00f3grafos-cineastas duranguenses que admiro y aprecio, de los que me parece importante visitar sus miradas y aportes hacia el arte norte\u00f1o y nacional:<br><br><strong><a href=\"https:\/\/www.instagram.com\/alejandro_subia\/?hl=es\">Alejandro Subia<\/a>,<a href=\"https:\/\/www.instagram.com\/emanuelgerardo\/\"> Emanuel Gerardo<\/a>,<\/strong> Jazm\u00edn Ibarra, <strong><a href=\"https:\/\/www.instagram.com\/chicharo_maldonado\/\">Ch\u00edcharo Maldonado<\/a>, <a href=\"https:\/\/www.instagram.com\/femmescene\/\">Lluvia Goytia Argando\u00f1a<\/a>,<a href=\"https:\/\/www.instagram.com\/jmgussr\/?hl=es\"> Jos\u00e9 Mar\u00eda Gusi\u00f1er<\/a>, <\/strong>Matilde S\u00e1nchez<strong>, <\/strong>Luis Campos<strong>, <a href=\"https:\/\/www.instagram.com\/camigonza94\/\">Camila Gonz\u00e1lez Cano<\/a>, <a href=\"https:\/\/www.instagram.com\/jes.e.vazquez\/\">Jes\u00fas V\u00e1zquez<\/a>, <a href=\"https:\/\/www.instagram.com\/enriquegvenegas\/\">Enrique Guzm\u00e1n<\/a>, <a href=\"https:\/\/www.instagram.com\/felix.pz\/?hl=es\">Perla F\u00e9lix<\/a>, <a href=\"https:\/\/www.instagram.com\/emiliacarreon_\/\">Emilia Carre\u00f3n<\/a>, <a href=\"https:\/\/www.instagram.com\/flash_ficcion\/?hl=es\">Flash Ficci\u00f3n<\/a>, <a href=\"https:\/\/www.instagram.com\/diegonevarezl\/?hl=es\">Diego Nev\u00e1rez<\/a>, <a href=\"https:\/\/www.instagram.com\/filmbysofy\/?hl=es\">Sof\u00eda Porras<\/a><\/strong>, Anna Valdez, Ab Orozco,<strong> <\/strong>Gael Pizarro<strong>,<a href=\"https:\/\/www.instagram.com\/noriegaof\/\"> Francisco Noriega Ortega<\/a>, <a href=\"https:\/\/www.instagram.com\/melzarago\/?hl=es\">Melissa Zaragoza<\/a>, <a href=\"https:\/\/www.instagram.com\/adolfo.bdz\/\">Adolfo Berm\u00fadez<\/a>, <\/strong>Enrique Tenerria<strong>, <a href=\"https:\/\/www.instagram.com\/deniss.barreto\/\">Deniss Barreto<\/a><\/strong><a href=\"https:\/\/www.instagram.com\/deniss.barreto\/\"> <\/a>y Vivian RH.<\/p>","protected":false},"excerpt":{"rendered":"<p>Throughout this time, the great challenge has always been to develop an observation technique that allows me to capture moments stealthily and without altering the reality of those involved. I've found more and more confidence and freedom in doing so.<\/p>","protected":false},"author":7990,"featured_media":194515,"comment_status":"closed","ping_status":"closed","sticky":false,"template":"","format":"standard","meta":{"_acf_changed":false,"cybocfi_hide_featured_image":"","_jetpack_memberships_contains_paid_content":false,"footnotes":""},"categories":[17856],"tags":[],"class_list":["post-194437","post","type-post","status-publish","format-standard","has-post-thumbnail","hentry","category-artes-visuales"],"acf":[],"mb":[],"yoast_head":"<!-- This site is optimized with the Yoast SEO plugin v27.2 - https:\/\/yoast.com\/product\/yoast-seo-wordpress\/ -->\n<title>Quiero saber de ti - ERRR MAGAZINE<\/title>\n<meta name=\"robots\" content=\"index, follow, max-snippet:-1, max-image-preview:large, max-video-preview:-1\" \/>\n<link rel=\"canonical\" href=\"https:\/\/errr-magazine.com\/english\/quiero-saber-de-ti\/\" \/>\n<meta property=\"og:locale\" content=\"en_US\" \/>\n<meta property=\"og:type\" content=\"article\" \/>\n<meta property=\"og:title\" content=\"Quiero saber de ti - ERRR MAGAZINE\" \/>\n<meta property=\"og:description\" content=\"Durante todo este tiempo, el gran desaf\u00edo siempre ha sido desarrollar una t\u00e9cnica de observaci\u00f3n donde pueda capturar los momentos con sigilo y sin alterar la realidad de quienes los protagonizan. Cada vez he encontrado m\u00e1s confianza y libertad con ello.\" \/>\n<meta property=\"og:url\" content=\"https:\/\/errr-magazine.com\/english\/quiero-saber-de-ti\/\" \/>\n<meta property=\"og:site_name\" content=\"ERRR MAGAZINE\" \/>\n<meta property=\"article:published_time\" content=\"2025-10-09T20:52:04+00:00\" \/>\n<meta property=\"article:modified_time\" content=\"2025-10-10T04:18:47+00:00\" \/>\n<meta property=\"og:image\" content=\"https:\/\/errr-magazine.com\/wp-content\/uploads\/2025\/10\/Durango-3-1-scaled.jpg\" \/>\n\t<meta property=\"og:image:width\" content=\"2560\" \/>\n\t<meta property=\"og:image:height\" content=\"1828\" \/>\n\t<meta property=\"og:image:type\" content=\"image\/jpeg\" \/>\n<meta name=\"author\" content=\"Jos\u00e9 Luis Cano\" \/>\n<meta name=\"twitter:card\" content=\"summary_large_image\" \/>\n<meta name=\"twitter:label1\" content=\"Written by\" \/>\n\t<meta name=\"twitter:data1\" content=\"Jos\u00e9 Luis Cano\" \/>\n\t<meta name=\"twitter:label2\" content=\"Est. reading time\" \/>\n\t<meta name=\"twitter:data2\" content=\"5 minutes\" \/>\n<script type=\"application\/ld+json\" class=\"yoast-schema-graph\">{\"@context\":\"https:\/\/schema.org\",\"@graph\":[{\"@type\":\"Article\",\"@id\":\"https:\/\/errr-magazine.com\/quiero-saber-de-ti\/#article\",\"isPartOf\":{\"@id\":\"https:\/\/errr-magazine.com\/quiero-saber-de-ti\/\"},\"author\":{\"name\":\"Jos\u00e9 Luis Cano\",\"@id\":\"https:\/\/errr-magazine.com\/#\/schema\/person\/4119120f30e31a53a4a446c3d97da8dd\"},\"headline\":\"Quiero saber de ti\",\"datePublished\":\"2025-10-09T20:52:04+00:00\",\"dateModified\":\"2025-10-10T04:18:47+00:00\",\"mainEntityOfPage\":{\"@id\":\"https:\/\/errr-magazine.com\/quiero-saber-de-ti\/\"},\"wordCount\":503,\"image\":{\"@id\":\"https:\/\/errr-magazine.com\/quiero-saber-de-ti\/#primaryimage\"},\"thumbnailUrl\":\"https:\/\/errr-magazine.com\/wp-content\/uploads\/2025\/10\/Durango-3-1-scaled.jpg\",\"articleSection\":[\"Artes visuales\"],\"inLanguage\":\"en-US\"},{\"@type\":\"WebPage\",\"@id\":\"https:\/\/errr-magazine.com\/quiero-saber-de-ti\/\",\"url\":\"https:\/\/errr-magazine.com\/quiero-saber-de-ti\/\",\"name\":\"Quiero saber de ti - ERRR MAGAZINE\",\"isPartOf\":{\"@id\":\"https:\/\/errr-magazine.com\/#website\"},\"primaryImageOfPage\":{\"@id\":\"https:\/\/errr-magazine.com\/quiero-saber-de-ti\/#primaryimage\"},\"image\":{\"@id\":\"https:\/\/errr-magazine.com\/quiero-saber-de-ti\/#primaryimage\"},\"thumbnailUrl\":\"https:\/\/errr-magazine.com\/wp-content\/uploads\/2025\/10\/Durango-3-1-scaled.jpg\",\"datePublished\":\"2025-10-09T20:52:04+00:00\",\"dateModified\":\"2025-10-10T04:18:47+00:00\",\"author\":{\"@id\":\"https:\/\/errr-magazine.com\/#\/schema\/person\/4119120f30e31a53a4a446c3d97da8dd\"},\"breadcrumb\":{\"@id\":\"https:\/\/errr-magazine.com\/quiero-saber-de-ti\/#breadcrumb\"},\"inLanguage\":\"en-US\",\"potentialAction\":[{\"@type\":\"ReadAction\",\"target\":[\"https:\/\/errr-magazine.com\/quiero-saber-de-ti\/\"]}]},{\"@type\":\"ImageObject\",\"inLanguage\":\"en-US\",\"@id\":\"https:\/\/errr-magazine.com\/quiero-saber-de-ti\/#primaryimage\",\"url\":\"https:\/\/errr-magazine.com\/wp-content\/uploads\/2025\/10\/Durango-3-1-scaled.jpg\",\"contentUrl\":\"https:\/\/errr-magazine.com\/wp-content\/uploads\/2025\/10\/Durango-3-1-scaled.jpg\",\"width\":2560,\"height\":1828},{\"@type\":\"BreadcrumbList\",\"@id\":\"https:\/\/errr-magazine.com\/quiero-saber-de-ti\/#breadcrumb\",\"itemListElement\":[{\"@type\":\"ListItem\",\"position\":1,\"name\":\"Portada\",\"item\":\"https:\/\/errr-magazine.com\/\"},{\"@type\":\"ListItem\",\"position\":2,\"name\":\"Quiero saber de ti\"}]},{\"@type\":\"WebSite\",\"@id\":\"https:\/\/errr-magazine.com\/#website\",\"url\":\"https:\/\/errr-magazine.com\/\",\"name\":\"ERRR MAGAZINE\",\"description\":\"\",\"potentialAction\":[{\"@type\":\"SearchAction\",\"target\":{\"@type\":\"EntryPoint\",\"urlTemplate\":\"https:\/\/errr-magazine.com\/?s={search_term_string}\"},\"query-input\":{\"@type\":\"PropertyValueSpecification\",\"valueRequired\":true,\"valueName\":\"search_term_string\"}}],\"inLanguage\":\"en-US\"},{\"@type\":\"Person\",\"@id\":\"https:\/\/errr-magazine.com\/#\/schema\/person\/4119120f30e31a53a4a446c3d97da8dd\",\"name\":\"Jos\u00e9 Luis Cano\",\"image\":{\"@type\":\"ImageObject\",\"inLanguage\":\"en-US\",\"@id\":\"https:\/\/secure.gravatar.com\/avatar\/85ab7a28299bbb10494f9bb4dda60c8c9f52c35d03d5586133b8cec50435f356?s=96&d=identicon&r=g\",\"url\":\"https:\/\/secure.gravatar.com\/avatar\/85ab7a28299bbb10494f9bb4dda60c8c9f52c35d03d5586133b8cec50435f356?s=96&d=identicon&r=g\",\"contentUrl\":\"https:\/\/secure.gravatar.com\/avatar\/85ab7a28299bbb10494f9bb4dda60c8c9f52c35d03d5586133b8cec50435f356?s=96&d=identicon&r=g\",\"caption\":\"Jos\u00e9 Luis Cano\"},\"description\":\"Cineasta, fot\u00f3grafo y dibujante mexicano con enfoques descentralizados.\",\"sameAs\":[\"https:\/\/www.instagram.com\/jlcanoh\/\"],\"url\":\"https:\/\/errr-magazine.com\/english\/author\/joseluiscano\/\"}]}<\/script>\n<!-- \/ Yoast SEO plugin. -->","yoast_head_json":{"title":"Quiero saber de ti - ERRR MAGAZINE","robots":{"index":"index","follow":"follow","max-snippet":"max-snippet:-1","max-image-preview":"max-image-preview:large","max-video-preview":"max-video-preview:-1"},"canonical":"https:\/\/errr-magazine.com\/english\/quiero-saber-de-ti\/","og_locale":"en_US","og_type":"article","og_title":"Quiero saber de ti - ERRR MAGAZINE","og_description":"Durante todo este tiempo, el gran desaf\u00edo siempre ha sido desarrollar una t\u00e9cnica de observaci\u00f3n donde pueda capturar los momentos con sigilo y sin alterar la realidad de quienes los protagonizan. Cada vez he encontrado m\u00e1s confianza y libertad con ello.","og_url":"https:\/\/errr-magazine.com\/english\/quiero-saber-de-ti\/","og_site_name":"ERRR MAGAZINE","article_published_time":"2025-10-09T20:52:04+00:00","article_modified_time":"2025-10-10T04:18:47+00:00","og_image":[{"width":2560,"height":1828,"url":"https:\/\/errr-magazine.com\/wp-content\/uploads\/2025\/10\/Durango-3-1-scaled.jpg","type":"image\/jpeg"}],"author":"Jos\u00e9 Luis Cano","twitter_card":"summary_large_image","twitter_misc":{"Written by":"Jos\u00e9 Luis Cano","Est. reading time":"5 minutes"},"schema":{"@context":"https:\/\/schema.org","@graph":[{"@type":"Article","@id":"https:\/\/errr-magazine.com\/quiero-saber-de-ti\/#article","isPartOf":{"@id":"https:\/\/errr-magazine.com\/quiero-saber-de-ti\/"},"author":{"name":"Jos\u00e9 Luis Cano","@id":"https:\/\/errr-magazine.com\/#\/schema\/person\/4119120f30e31a53a4a446c3d97da8dd"},"headline":"Quiero saber de ti","datePublished":"2025-10-09T20:52:04+00:00","dateModified":"2025-10-10T04:18:47+00:00","mainEntityOfPage":{"@id":"https:\/\/errr-magazine.com\/quiero-saber-de-ti\/"},"wordCount":503,"image":{"@id":"https:\/\/errr-magazine.com\/quiero-saber-de-ti\/#primaryimage"},"thumbnailUrl":"https:\/\/errr-magazine.com\/wp-content\/uploads\/2025\/10\/Durango-3-1-scaled.jpg","articleSection":["Artes visuales"],"inLanguage":"en-US"},{"@type":"WebPage","@id":"https:\/\/errr-magazine.com\/quiero-saber-de-ti\/","url":"https:\/\/errr-magazine.com\/quiero-saber-de-ti\/","name":"Quiero saber de ti - ERRR MAGAZINE","isPartOf":{"@id":"https:\/\/errr-magazine.com\/#website"},"primaryImageOfPage":{"@id":"https:\/\/errr-magazine.com\/quiero-saber-de-ti\/#primaryimage"},"image":{"@id":"https:\/\/errr-magazine.com\/quiero-saber-de-ti\/#primaryimage"},"thumbnailUrl":"https:\/\/errr-magazine.com\/wp-content\/uploads\/2025\/10\/Durango-3-1-scaled.jpg","datePublished":"2025-10-09T20:52:04+00:00","dateModified":"2025-10-10T04:18:47+00:00","author":{"@id":"https:\/\/errr-magazine.com\/#\/schema\/person\/4119120f30e31a53a4a446c3d97da8dd"},"breadcrumb":{"@id":"https:\/\/errr-magazine.com\/quiero-saber-de-ti\/#breadcrumb"},"inLanguage":"en-US","potentialAction":[{"@type":"ReadAction","target":["https:\/\/errr-magazine.com\/quiero-saber-de-ti\/"]}]},{"@type":"ImageObject","inLanguage":"en-US","@id":"https:\/\/errr-magazine.com\/quiero-saber-de-ti\/#primaryimage","url":"https:\/\/errr-magazine.com\/wp-content\/uploads\/2025\/10\/Durango-3-1-scaled.jpg","contentUrl":"https:\/\/errr-magazine.com\/wp-content\/uploads\/2025\/10\/Durango-3-1-scaled.jpg","width":2560,"height":1828},{"@type":"BreadcrumbList","@id":"https:\/\/errr-magazine.com\/quiero-saber-de-ti\/#breadcrumb","itemListElement":[{"@type":"ListItem","position":1,"name":"Portada","item":"https:\/\/errr-magazine.com\/"},{"@type":"ListItem","position":2,"name":"Quiero saber de ti"}]},{"@type":"WebSite","@id":"https:\/\/errr-magazine.com\/#website","url":"https:\/\/errr-magazine.com\/","name":"ERRR MAGAZINE","description":"","potentialAction":[{"@type":"SearchAction","target":{"@type":"EntryPoint","urlTemplate":"https:\/\/errr-magazine.com\/?s={search_term_string}"},"query-input":{"@type":"PropertyValueSpecification","valueRequired":true,"valueName":"search_term_string"}}],"inLanguage":"en-US"},{"@type":"Person","@id":"https:\/\/errr-magazine.com\/#\/schema\/person\/4119120f30e31a53a4a446c3d97da8dd","name":"Jos\u00e9 Luis Cano","image":{"@type":"ImageObject","inLanguage":"en-US","@id":"https:\/\/secure.gravatar.com\/avatar\/85ab7a28299bbb10494f9bb4dda60c8c9f52c35d03d5586133b8cec50435f356?s=96&d=identicon&r=g","url":"https:\/\/secure.gravatar.com\/avatar\/85ab7a28299bbb10494f9bb4dda60c8c9f52c35d03d5586133b8cec50435f356?s=96&d=identicon&r=g","contentUrl":"https:\/\/secure.gravatar.com\/avatar\/85ab7a28299bbb10494f9bb4dda60c8c9f52c35d03d5586133b8cec50435f356?s=96&d=identicon&r=g","caption":"Jos\u00e9 Luis Cano"},"description":"Cineasta, fot\u00f3grafo y dibujante mexicano con enfoques descentralizados.","sameAs":["https:\/\/www.instagram.com\/jlcanoh\/"],"url":"https:\/\/errr-magazine.com\/english\/author\/joseluiscano\/"}]}},"jetpack_featured_media_url":"https:\/\/errr-magazine.com\/wp-content\/uploads\/2025\/10\/Durango-3-1-scaled.jpg","jetpack-related-posts":[{"id":202987,"url":"https:\/\/errr-magazine.com\/english\/adn\/","url_meta":{"origin":194437,"position":0},"title":"DNA","author":"Elina Nova","date":"03\/24\/2026","format":false,"excerpt":"I am planning to travel and document the lives of people who still live close to their traditions and to nature, and through this process, to understand them and myself more deeply.","rel":"","context":"In &quot;Artes visuales&quot;","block_context":{"text":"Artes visuales","link":"https:\/\/errr-magazine.com\/english\/category\/interviews\/artes-visuales\/"},"img":{"alt_text":"","src":"https:\/\/i0.wp.com\/errr-magazine.com\/wp-content\/uploads\/2026\/03\/Elina_Nova_5.jpg?resize=350%2C200&ssl=1","width":350,"height":200,"srcset":"https:\/\/i0.wp.com\/errr-magazine.com\/wp-content\/uploads\/2026\/03\/Elina_Nova_5.jpg?resize=350%2C200&ssl=1 1x, https:\/\/i0.wp.com\/errr-magazine.com\/wp-content\/uploads\/2026\/03\/Elina_Nova_5.jpg?resize=525%2C300&ssl=1 1.5x, https:\/\/i0.wp.com\/errr-magazine.com\/wp-content\/uploads\/2026\/03\/Elina_Nova_5.jpg?resize=700%2C400&ssl=1 2x, https:\/\/i0.wp.com\/errr-magazine.com\/wp-content\/uploads\/2026\/03\/Elina_Nova_5.jpg?resize=1050%2C600&ssl=1 3x"},"classes":[]},{"id":200908,"url":"https:\/\/errr-magazine.com\/english\/perdido-en-transito\/","url_meta":{"origin":194437,"position":1},"title":"Lost in Transit","author":"Luis Campbell","date":"02\/28\/2026","format":false,"excerpt":"Film photography was a way to develop how I depict a story and emotion, and that\u2019s since progressed into film directing work\u2014particularly in commercial, fashion, and documentary.","rel":"","context":"In &quot;Artes visuales&quot;","block_context":{"text":"Artes visuales","link":"https:\/\/errr-magazine.com\/english\/category\/interviews\/artes-visuales\/"},"img":{"alt_text":"","src":"https:\/\/i0.wp.com\/errr-magazine.com\/wp-content\/uploads\/2026\/02\/000007-2-1-scaled.jpeg?resize=350%2C200&ssl=1","width":350,"height":200,"srcset":"https:\/\/i0.wp.com\/errr-magazine.com\/wp-content\/uploads\/2026\/02\/000007-2-1-scaled.jpeg?resize=350%2C200&ssl=1 1x, https:\/\/i0.wp.com\/errr-magazine.com\/wp-content\/uploads\/2026\/02\/000007-2-1-scaled.jpeg?resize=525%2C300&ssl=1 1.5x, https:\/\/i0.wp.com\/errr-magazine.com\/wp-content\/uploads\/2026\/02\/000007-2-1-scaled.jpeg?resize=700%2C400&ssl=1 2x, https:\/\/i0.wp.com\/errr-magazine.com\/wp-content\/uploads\/2026\/02\/000007-2-1-scaled.jpeg?resize=1050%2C600&ssl=1 3x, https:\/\/i0.wp.com\/errr-magazine.com\/wp-content\/uploads\/2026\/02\/000007-2-1-scaled.jpeg?resize=1400%2C800&ssl=1 4x"},"classes":[]},{"id":200116,"url":"https:\/\/errr-magazine.com\/english\/la-grandeza-dentro-de-ti\/","url_meta":{"origin":194437,"position":2},"title":"The Greatness Within You","author":"Wendy Lupercio Garc\u00eda","date":"02\/21\/2026","format":false,"excerpt":"Every time I take a tool to shape an idea, it\u2019s a moment that makes me feel alive and aware of myself in the present. Also, dreaming of creating opens space for a world without limits, where perfection is precisely that because it is imperfect.","rel":"","context":"In &quot;Artes visuales&quot;","block_context":{"text":"Artes visuales","link":"https:\/\/errr-magazine.com\/english\/category\/interviews\/artes-visuales\/"},"img":{"alt_text":"","src":"https:\/\/i0.wp.com\/errr-magazine.com\/wp-content\/uploads\/2026\/02\/20251009_105705-scaled.jpg?resize=350%2C200&ssl=1","width":350,"height":200,"srcset":"https:\/\/i0.wp.com\/errr-magazine.com\/wp-content\/uploads\/2026\/02\/20251009_105705-scaled.jpg?resize=350%2C200&ssl=1 1x, https:\/\/i0.wp.com\/errr-magazine.com\/wp-content\/uploads\/2026\/02\/20251009_105705-scaled.jpg?resize=525%2C300&ssl=1 1.5x, https:\/\/i0.wp.com\/errr-magazine.com\/wp-content\/uploads\/2026\/02\/20251009_105705-scaled.jpg?resize=700%2C400&ssl=1 2x, https:\/\/i0.wp.com\/errr-magazine.com\/wp-content\/uploads\/2026\/02\/20251009_105705-scaled.jpg?resize=1050%2C600&ssl=1 3x, https:\/\/i0.wp.com\/errr-magazine.com\/wp-content\/uploads\/2026\/02\/20251009_105705-scaled.jpg?resize=1400%2C800&ssl=1 4x"},"classes":[]},{"id":203119,"url":"https:\/\/errr-magazine.com\/english\/furia-cafe\/","url_meta":{"origin":194437,"position":3},"title":"Furia Caf\u00e9","author":"Furia Caf\u00e9","date":"03\/25\/2026","format":false,"excerpt":"From the outset, the space was conceived as an exercise in curation, where coffee, matcha, pastry, kitchen, sound, and atmosphere all respond to the same logic and carry equal weight within the experience.","rel":"","context":"In &quot;Cafeterias y panader\u00edas&quot;","block_context":{"text":"Cafeterias y panader\u00edas","link":"https:\/\/errr-magazine.com\/english\/category\/places\/cafeterias-y-panaderias\/"},"img":{"alt_text":"","src":"https:\/\/i0.wp.com\/errr-magazine.com\/wp-content\/uploads\/2026\/03\/f1.jpeg?resize=350%2C200&ssl=1","width":350,"height":200,"srcset":"https:\/\/i0.wp.com\/errr-magazine.com\/wp-content\/uploads\/2026\/03\/f1.jpeg?resize=350%2C200&ssl=1 1x, https:\/\/i0.wp.com\/errr-magazine.com\/wp-content\/uploads\/2026\/03\/f1.jpeg?resize=525%2C300&ssl=1 1.5x, https:\/\/i0.wp.com\/errr-magazine.com\/wp-content\/uploads\/2026\/03\/f1.jpeg?resize=700%2C400&ssl=1 2x, https:\/\/i0.wp.com\/errr-magazine.com\/wp-content\/uploads\/2026\/03\/f1.jpeg?resize=1050%2C600&ssl=1 3x"},"classes":[]},{"id":201110,"url":"https:\/\/errr-magazine.com\/english\/galerie-coffee\/","url_meta":{"origin":194437,"position":4},"title":"Galerie Coffee","author":"Galerie Coffee","date":"02\/25\/2026","format":false,"excerpt":"We began integrating art as an experience: canvases in different sizes, tote bags, cotton bags, mirrors, and various pieces to customize. Our mission has always been to support and give visibility to local artists and businesses.","rel":"","context":"In &quot;Cafeterias y panader\u00edas&quot;","block_context":{"text":"Cafeterias y panader\u00edas","link":"https:\/\/errr-magazine.com\/english\/category\/places\/cafeterias-y-panaderias\/"},"img":{"alt_text":"","src":"https:\/\/i0.wp.com\/errr-magazine.com\/wp-content\/uploads\/2026\/02\/2-8.jpg?resize=350%2C200&ssl=1","width":350,"height":200,"srcset":"https:\/\/i0.wp.com\/errr-magazine.com\/wp-content\/uploads\/2026\/02\/2-8.jpg?resize=350%2C200&ssl=1 1x, https:\/\/i0.wp.com\/errr-magazine.com\/wp-content\/uploads\/2026\/02\/2-8.jpg?resize=525%2C300&ssl=1 1.5x, https:\/\/i0.wp.com\/errr-magazine.com\/wp-content\/uploads\/2026\/02\/2-8.jpg?resize=700%2C400&ssl=1 2x"},"classes":[]},{"id":202733,"url":"https:\/\/errr-magazine.com\/english\/invierno-britanico\/","url_meta":{"origin":194437,"position":5},"title":"British Winter","author":"Harry Stamatov","date":"03\/21\/2026","format":false,"excerpt":"I\u2019m drawn to the collaborative nature of lifestyle, portrait and brand projects, and the process of developing ideas together. Turning an idea into visuals that evoke feelings and tell a story is what I find most fulfilling.","rel":"","context":"In &quot;Artes visuales&quot;","block_context":{"text":"Artes visuales","link":"https:\/\/errr-magazine.com\/english\/category\/interviews\/artes-visuales\/"},"img":{"alt_text":"","src":"https:\/\/i0.wp.com\/errr-magazine.com\/wp-content\/uploads\/2026\/03\/Selin-Hinterland-living-21.01.25-.jpg?resize=350%2C200&ssl=1","width":350,"height":200,"srcset":"https:\/\/i0.wp.com\/errr-magazine.com\/wp-content\/uploads\/2026\/03\/Selin-Hinterland-living-21.01.25-.jpg?resize=350%2C200&ssl=1 1x, https:\/\/i0.wp.com\/errr-magazine.com\/wp-content\/uploads\/2026\/03\/Selin-Hinterland-living-21.01.25-.jpg?resize=525%2C300&ssl=1 1.5x, https:\/\/i0.wp.com\/errr-magazine.com\/wp-content\/uploads\/2026\/03\/Selin-Hinterland-living-21.01.25-.jpg?resize=700%2C400&ssl=1 2x, https:\/\/i0.wp.com\/errr-magazine.com\/wp-content\/uploads\/2026\/03\/Selin-Hinterland-living-21.01.25-.jpg?resize=1050%2C600&ssl=1 3x, https:\/\/i0.wp.com\/errr-magazine.com\/wp-content\/uploads\/2026\/03\/Selin-Hinterland-living-21.01.25-.jpg?resize=1400%2C800&ssl=1 4x"},"classes":[]}],"jetpack_sharing_enabled":true,"mfb_rest_fields":["title","yoast_head","yoast_head_json","jetpack_featured_media_url","jetpack-related-posts","jetpack_sharing_enabled"],"_links":{"self":[{"href":"https:\/\/errr-magazine.com\/english\/wp-json\/wp\/v2\/posts\/194437","targetHints":{"allow":["GET"]}}],"collection":[{"href":"https:\/\/errr-magazine.com\/english\/wp-json\/wp\/v2\/posts"}],"about":[{"href":"https:\/\/errr-magazine.com\/english\/wp-json\/wp\/v2\/types\/post"}],"author":[{"embeddable":true,"href":"https:\/\/errr-magazine.com\/english\/wp-json\/wp\/v2\/users\/7990"}],"replies":[{"embeddable":true,"href":"https:\/\/errr-magazine.com\/english\/wp-json\/wp\/v2\/comments?post=194437"}],"version-history":[{"count":6,"href":"https:\/\/errr-magazine.com\/english\/wp-json\/wp\/v2\/posts\/194437\/revisions"}],"predecessor-version":[{"id":194523,"href":"https:\/\/errr-magazine.com\/english\/wp-json\/wp\/v2\/posts\/194437\/revisions\/194523"}],"wp:featuredmedia":[{"embeddable":true,"href":"https:\/\/errr-magazine.com\/english\/wp-json\/wp\/v2\/media\/194515"}],"wp:attachment":[{"href":"https:\/\/errr-magazine.com\/english\/wp-json\/wp\/v2\/media?parent=194437"}],"wp:term":[{"taxonomy":"category","embeddable":true,"href":"https:\/\/errr-magazine.com\/english\/wp-json\/wp\/v2\/categories?post=194437"},{"taxonomy":"post_tag","embeddable":true,"href":"https:\/\/errr-magazine.com\/english\/wp-json\/wp\/v2\/tags?post=194437"}],"curies":[{"name":"wp","href":"https:\/\/api.w.org\/{rel}","templated":true}]}}