{"id":194304,"date":"2025-10-08T19:03:51","date_gmt":"2025-10-09T01:03:51","guid":{"rendered":"https:\/\/errr-magazine.com\/?p=194304"},"modified":"2025-10-09T22:31:47","modified_gmt":"2025-10-10T04:31:47","slug":"lo-unico-que-queda-para-recordar-tangiblemente","status":"publish","type":"post","link":"https:\/\/errr-magazine.com\/english\/lo-unico-que-queda-para-recordar-tangiblemente\/","title":{"rendered":"The only thing left to tangibly remember"},"content":{"rendered":"<p><strong>What pieces or projects have you been working on lately?<\/strong><br>Si bien mis piezas fotogr\u00e1ficas retratan distintos aspectos de la vida, \u00faltimamente he intentado enfocarme en capturar los paisajes que me inspiran a mirarlos por horas. \u00daltimamente mis fotos reflejan mi gusto por la contemplaci\u00f3n cotidiana.<\/p>\n\n\n\n<div class=\"wp-block-columns is-layout-flex wp-container-core-columns-is-layout-28f84493 wp-block-columns-is-layout-flex\">\n<div class=\"wp-block-column is-layout-flow wp-block-column-is-layout-flow\">\n<figure class=\"wp-block-image size-large\"><img decoding=\"async\" width=\"692\" height=\"1024\" data-src=\"https:\/\/errr-magazine.com\/wp-content\/uploads\/2025\/10\/IMG_8807-692x1024.jpg\" alt=\"\" class=\"wp-image-194529 lazyload\" data-srcset=\"https:\/\/errr-magazine.com\/wp-content\/uploads\/2025\/10\/IMG_8807-692x1024.jpg 692w, https:\/\/errr-magazine.com\/wp-content\/uploads\/2025\/10\/IMG_8807-203x300.jpg 203w, https:\/\/errr-magazine.com\/wp-content\/uploads\/2025\/10\/IMG_8807-768x1136.jpg 768w, https:\/\/errr-magazine.com\/wp-content\/uploads\/2025\/10\/IMG_8807-1038x1536.jpg 1038w, https:\/\/errr-magazine.com\/wp-content\/uploads\/2025\/10\/IMG_8807.jpg 1228w\" data-sizes=\"(max-width: 692px) 100vw, 692px\" src=\"data:image\/svg+xml;base64,PHN2ZyB3aWR0aD0iMSIgaGVpZ2h0PSIxIiB4bWxucz0iaHR0cDovL3d3dy53My5vcmcvMjAwMC9zdmciPjwvc3ZnPg==\" style=\"--smush-placeholder-width: 692px; --smush-placeholder-aspect-ratio: 692\/1024;\" \/><\/figure>\n<\/div>\n\n\n\n<div class=\"wp-block-column is-layout-flow wp-block-column-is-layout-flow\">\n<figure class=\"wp-block-image size-large\"><img decoding=\"async\" width=\"692\" height=\"1024\" data-src=\"https:\/\/errr-magazine.com\/wp-content\/uploads\/2025\/10\/IMG_8781-692x1024.jpg\" alt=\"\" class=\"wp-image-194308 lazyload\" data-srcset=\"https:\/\/errr-magazine.com\/wp-content\/uploads\/2025\/10\/IMG_8781-692x1024.jpg 692w, https:\/\/errr-magazine.com\/wp-content\/uploads\/2025\/10\/IMG_8781-203x300.jpg 203w, https:\/\/errr-magazine.com\/wp-content\/uploads\/2025\/10\/IMG_8781-768x1136.jpg 768w, https:\/\/errr-magazine.com\/wp-content\/uploads\/2025\/10\/IMG_8781-1038x1536.jpg 1038w, https:\/\/errr-magazine.com\/wp-content\/uploads\/2025\/10\/IMG_8781.jpg 1228w\" data-sizes=\"(max-width: 692px) 100vw, 692px\" src=\"data:image\/svg+xml;base64,PHN2ZyB3aWR0aD0iMSIgaGVpZ2h0PSIxIiB4bWxucz0iaHR0cDovL3d3dy53My5vcmcvMjAwMC9zdmciPjwvc3ZnPg==\" style=\"--smush-placeholder-width: 692px; --smush-placeholder-aspect-ratio: 692\/1024;\" \/><\/figure>\n<\/div>\n<\/div>\n\n\n\n<p><strong>What did you learn (or unlearn) while working on them?<\/strong><br>No tengo que tomar las fotos por tomarlas simplemente. Estamos en un mundo repleto de archivos digitales que no volvemos a ver nunca, y que se acumulan en lo profundo de los algoritmos o de nuestros dispositivos. He aprendido a tomar fotos con intenci\u00f3n y contemplaci\u00f3n, no solo para crear m\u00e1s contenido.<\/p>\n\n\n\n<figure class=\"wp-block-image size-large\"><img decoding=\"async\" width=\"1024\" height=\"692\" data-src=\"https:\/\/errr-magazine.com\/wp-content\/uploads\/2025\/10\/IMG_6263-1024x692.jpg\" alt=\"\" class=\"wp-image-194530 lazyload\" data-srcset=\"https:\/\/errr-magazine.com\/wp-content\/uploads\/2025\/10\/IMG_6263-1024x692.jpg 1024w, https:\/\/errr-magazine.com\/wp-content\/uploads\/2025\/10\/IMG_6263-300x203.jpg 300w, https:\/\/errr-magazine.com\/wp-content\/uploads\/2025\/10\/IMG_6263-768x519.jpg 768w, https:\/\/errr-magazine.com\/wp-content\/uploads\/2025\/10\/IMG_6263-1536x1038.jpg 1536w, https:\/\/errr-magazine.com\/wp-content\/uploads\/2025\/10\/IMG_6263.jpg 1818w\" data-sizes=\"(max-width: 1024px) 100vw, 1024px\" src=\"data:image\/svg+xml;base64,PHN2ZyB3aWR0aD0iMSIgaGVpZ2h0PSIxIiB4bWxucz0iaHR0cDovL3d3dy53My5vcmcvMjAwMC9zdmciPjwvc3ZnPg==\" style=\"--smush-placeholder-width: 1024px; --smush-placeholder-aspect-ratio: 1024\/692;\" \/><\/figure>\n\n\n\n<p><strong>What words, ideas or emotions were going through your head?<\/strong><br>Paciencia y contemplaci\u00f3n siempre ser\u00e1n palabras fundamentales para m\u00ed a la hora de tomar fotos. Pero en el arduo proceso de poder conseguir estas dos, habita en m\u00ed mucha desesperaci\u00f3n e incertidumbre de si mi trabajo fotogr\u00e1fico va a ser lo suficientemente \u201cbueno\u201d.<\/p>\n\n\n\n<div class=\"wp-block-columns is-layout-flex wp-container-core-columns-is-layout-28f84493 wp-block-columns-is-layout-flex\">\n<div class=\"wp-block-column is-layout-flow wp-block-column-is-layout-flow\">\n<figure class=\"wp-block-image size-large\"><img decoding=\"async\" width=\"692\" height=\"1024\" data-src=\"https:\/\/errr-magazine.com\/wp-content\/uploads\/2025\/10\/IMG_8713-1-692x1024.jpg\" alt=\"\" class=\"wp-image-194532 lazyload\" data-srcset=\"https:\/\/errr-magazine.com\/wp-content\/uploads\/2025\/10\/IMG_8713-1-692x1024.jpg 692w, https:\/\/errr-magazine.com\/wp-content\/uploads\/2025\/10\/IMG_8713-1-203x300.jpg 203w, https:\/\/errr-magazine.com\/wp-content\/uploads\/2025\/10\/IMG_8713-1-768x1136.jpg 768w, https:\/\/errr-magazine.com\/wp-content\/uploads\/2025\/10\/IMG_8713-1-1038x1536.jpg 1038w, https:\/\/errr-magazine.com\/wp-content\/uploads\/2025\/10\/IMG_8713-1.jpg 1228w\" data-sizes=\"(max-width: 692px) 100vw, 692px\" src=\"data:image\/svg+xml;base64,PHN2ZyB3aWR0aD0iMSIgaGVpZ2h0PSIxIiB4bWxucz0iaHR0cDovL3d3dy53My5vcmcvMjAwMC9zdmciPjwvc3ZnPg==\" style=\"--smush-placeholder-width: 692px; --smush-placeholder-aspect-ratio: 692\/1024;\" \/><\/figure>\n<\/div>\n\n\n\n<div class=\"wp-block-column is-layout-flow wp-block-column-is-layout-flow\">\n<figure class=\"wp-block-image size-large\"><img decoding=\"async\" width=\"691\" height=\"1024\" data-src=\"https:\/\/errr-magazine.com\/wp-content\/uploads\/2025\/10\/IMG_2183-691x1024.jpg\" alt=\"\" class=\"wp-image-194310 lazyload\" data-srcset=\"https:\/\/errr-magazine.com\/wp-content\/uploads\/2025\/10\/IMG_2183-691x1024.jpg 691w, https:\/\/errr-magazine.com\/wp-content\/uploads\/2025\/10\/IMG_2183-203x300.jpg 203w, https:\/\/errr-magazine.com\/wp-content\/uploads\/2025\/10\/IMG_2183-768x1137.jpg 768w, https:\/\/errr-magazine.com\/wp-content\/uploads\/2025\/10\/IMG_2183-1037x1536.jpg 1037w, https:\/\/errr-magazine.com\/wp-content\/uploads\/2025\/10\/IMG_2183.jpg 1227w\" data-sizes=\"(max-width: 691px) 100vw, 691px\" src=\"data:image\/svg+xml;base64,PHN2ZyB3aWR0aD0iMSIgaGVpZ2h0PSIxIiB4bWxucz0iaHR0cDovL3d3dy53My5vcmcvMjAwMC9zdmciPjwvc3ZnPg==\" style=\"--smush-placeholder-width: 691px; --smush-placeholder-aspect-ratio: 691\/1024;\" \/><\/figure>\n<\/div>\n<\/div>\n\n\n\n<p><strong>Were there any conversations, movies, music, or books that made their way into that work?<\/strong><br><em><a href=\"https:\/\/www.youtube.com\/watch?v=QzZBbX5A1FA\">Perfect Days<\/a><\/em> from <strong><a href=\"https:\/\/www.instagram.com\/wimwendersfoundation\/?hl=es\">Wim Wenders<\/a><\/strong> por siempre ser\u00e1 la pel\u00edcula que me hace conectar con el porqu\u00e9 hago, y me gusta, la fotograf\u00eda. Me recuerda la paciencia y el objetivo de tomar una sola fotograf\u00eda. Tambi\u00e9n me recuerda que la fotograf\u00eda, impresa sobre todo, es lo \u00fanico que queda para recordar tangiblemente algo.<\/p>\n\n\n\n<figure class=\"wp-block-image size-large\"><img decoding=\"async\" width=\"1024\" height=\"692\" data-src=\"https:\/\/errr-magazine.com\/wp-content\/uploads\/2025\/10\/IMG_0726-1024x692.jpg\" alt=\"\" class=\"wp-image-194533 lazyload\" data-srcset=\"https:\/\/errr-magazine.com\/wp-content\/uploads\/2025\/10\/IMG_0726-1024x692.jpg 1024w, https:\/\/errr-magazine.com\/wp-content\/uploads\/2025\/10\/IMG_0726-300x203.jpg 300w, https:\/\/errr-magazine.com\/wp-content\/uploads\/2025\/10\/IMG_0726-768x519.jpg 768w, https:\/\/errr-magazine.com\/wp-content\/uploads\/2025\/10\/IMG_0726-1536x1038.jpg 1536w, https:\/\/errr-magazine.com\/wp-content\/uploads\/2025\/10\/IMG_0726.jpg 1818w\" data-sizes=\"(max-width: 1024px) 100vw, 1024px\" src=\"data:image\/svg+xml;base64,PHN2ZyB3aWR0aD0iMSIgaGVpZ2h0PSIxIiB4bWxucz0iaHR0cDovL3d3dy53My5vcmcvMjAwMC9zdmciPjwvc3ZnPg==\" style=\"--smush-placeholder-width: 1024px; --smush-placeholder-aspect-ratio: 1024\/692;\" \/><\/figure>\n\n\n\n<p><strong>What's been the most difficult thing you've faced recently in your creative process?<\/strong><br>Finding motivation. I deeply believe that in order to give meaning to your photographic work, you need to let yourself feel, be surprised, observe, and even feel discomfort in the world around you. Sometimes I struggle to give myself that time, but I know that when I do, I feel the most motivated to take photos, and that\u2019s when I like the results the most.<\/p>\n\n\n\n<div class=\"wp-block-columns is-layout-flex wp-container-core-columns-is-layout-28f84493 wp-block-columns-is-layout-flex\">\n<div class=\"wp-block-column is-layout-flow wp-block-column-is-layout-flow\">\n<figure class=\"wp-block-image size-large\"><img decoding=\"async\" width=\"691\" height=\"1024\" data-src=\"https:\/\/errr-magazine.com\/wp-content\/uploads\/2025\/10\/IMG_3686-691x1024.jpg\" alt=\"\" class=\"wp-image-194312 lazyload\" data-srcset=\"https:\/\/errr-magazine.com\/wp-content\/uploads\/2025\/10\/IMG_3686-691x1024.jpg 691w, https:\/\/errr-magazine.com\/wp-content\/uploads\/2025\/10\/IMG_3686-203x300.jpg 203w, https:\/\/errr-magazine.com\/wp-content\/uploads\/2025\/10\/IMG_3686-768x1137.jpg 768w, https:\/\/errr-magazine.com\/wp-content\/uploads\/2025\/10\/IMG_3686-1037x1536.jpg 1037w, https:\/\/errr-magazine.com\/wp-content\/uploads\/2025\/10\/IMG_3686.jpg 1160w\" data-sizes=\"(max-width: 691px) 100vw, 691px\" src=\"data:image\/svg+xml;base64,PHN2ZyB3aWR0aD0iMSIgaGVpZ2h0PSIxIiB4bWxucz0iaHR0cDovL3d3dy53My5vcmcvMjAwMC9zdmciPjwvc3ZnPg==\" style=\"--smush-placeholder-width: 691px; --smush-placeholder-aspect-ratio: 691\/1024;\" \/><\/figure>\n<\/div>\n\n\n\n<div class=\"wp-block-column is-layout-flow wp-block-column-is-layout-flow\">\n<figure class=\"wp-block-image size-large\"><img decoding=\"async\" width=\"692\" height=\"1024\" data-src=\"https:\/\/errr-magazine.com\/wp-content\/uploads\/2025\/10\/IMG_8802-692x1024.jpg\" alt=\"\" class=\"wp-image-194313 lazyload\" data-srcset=\"https:\/\/errr-magazine.com\/wp-content\/uploads\/2025\/10\/IMG_8802-692x1024.jpg 692w, https:\/\/errr-magazine.com\/wp-content\/uploads\/2025\/10\/IMG_8802-203x300.jpg 203w, https:\/\/errr-magazine.com\/wp-content\/uploads\/2025\/10\/IMG_8802-768x1136.jpg 768w, https:\/\/errr-magazine.com\/wp-content\/uploads\/2025\/10\/IMG_8802-1038x1536.jpg 1038w, https:\/\/errr-magazine.com\/wp-content\/uploads\/2025\/10\/IMG_8802.jpg 1228w\" data-sizes=\"(max-width: 692px) 100vw, 692px\" src=\"data:image\/svg+xml;base64,PHN2ZyB3aWR0aD0iMSIgaGVpZ2h0PSIxIiB4bWxucz0iaHR0cDovL3d3dy53My5vcmcvMjAwMC9zdmciPjwvc3ZnPg==\" style=\"--smush-placeholder-width: 692px; --smush-placeholder-aspect-ratio: 692\/1024;\" \/><\/figure>\n<\/div>\n<\/div>\n\n\n\n<p><strong>What is your favorite restaurant and what do you recommend we order?<\/strong><br>It changes over time, but right now I\u2019d say my favorite is <a href=\"https:\/\/www.instagram.com\/nejayotemolino\/?hl=es\"><strong>Nejayote<\/strong> <strong>Molino<\/strong><\/a>. Te recomiendo ir los s\u00e1bados y pedir un taco surtido de carnitas.<\/p>\n\n\n\n<figure class=\"wp-block-image size-large\"><img decoding=\"async\" width=\"1024\" height=\"692\" data-src=\"https:\/\/errr-magazine.com\/wp-content\/uploads\/2025\/10\/IMG_1277-1024x692.jpg\" alt=\"\" class=\"wp-image-194534 lazyload\" data-srcset=\"https:\/\/errr-magazine.com\/wp-content\/uploads\/2025\/10\/IMG_1277-1024x692.jpg 1024w, https:\/\/errr-magazine.com\/wp-content\/uploads\/2025\/10\/IMG_1277-300x203.jpg 300w, https:\/\/errr-magazine.com\/wp-content\/uploads\/2025\/10\/IMG_1277-768x519.jpg 768w, https:\/\/errr-magazine.com\/wp-content\/uploads\/2025\/10\/IMG_1277-1536x1038.jpg 1536w, https:\/\/errr-magazine.com\/wp-content\/uploads\/2025\/10\/IMG_1277.jpg 1818w\" data-sizes=\"(max-width: 1024px) 100vw, 1024px\" src=\"data:image\/svg+xml;base64,PHN2ZyB3aWR0aD0iMSIgaGVpZ2h0PSIxIiB4bWxucz0iaHR0cDovL3d3dy53My5vcmcvMjAwMC9zdmciPjwvc3ZnPg==\" style=\"--smush-placeholder-width: 1024px; --smush-placeholder-aspect-ratio: 1024\/692;\" \/><\/figure>\n\n\n\n<p><strong>If your life were a movie this month, what would it be called and who would write the soundtrack?<\/strong><br>It would be called <em>\u201cHabitar los 20\u2019s en el siglo XXI\u201d<\/em>, and I\u2019d love for the soundtrack to be by <em><a href=\"https:\/\/open.spotify.com\/intl-es\/artist\/73mSg0dykFyhvU96tb5xQV\">Hermanos Guti\u00e9rrez<\/a>.<\/em> Creo que su m\u00fasica me da paz en momentos de incertidumbre, y me recuerda que puedo apreciar los momentos por m\u00e1s pesados que se sientan o se vivan.<\/p>\n\n\n\n<div class=\"wp-block-columns is-layout-flex wp-container-core-columns-is-layout-28f84493 wp-block-columns-is-layout-flex\">\n<div class=\"wp-block-column is-layout-flow wp-block-column-is-layout-flow\">\n<figure class=\"wp-block-image size-large\"><img decoding=\"async\" width=\"692\" height=\"1024\" data-src=\"https:\/\/errr-magazine.com\/wp-content\/uploads\/2025\/10\/IMG_0717-692x1024.jpg\" alt=\"\" class=\"wp-image-194314 lazyload\" data-srcset=\"https:\/\/errr-magazine.com\/wp-content\/uploads\/2025\/10\/IMG_0717-692x1024.jpg 692w, https:\/\/errr-magazine.com\/wp-content\/uploads\/2025\/10\/IMG_0717-203x300.jpg 203w, https:\/\/errr-magazine.com\/wp-content\/uploads\/2025\/10\/IMG_0717-768x1137.jpg 768w, https:\/\/errr-magazine.com\/wp-content\/uploads\/2025\/10\/IMG_0717-1038x1536.jpg 1038w, https:\/\/errr-magazine.com\/wp-content\/uploads\/2025\/10\/IMG_0717.jpg 1228w\" data-sizes=\"(max-width: 692px) 100vw, 692px\" src=\"data:image\/svg+xml;base64,PHN2ZyB3aWR0aD0iMSIgaGVpZ2h0PSIxIiB4bWxucz0iaHR0cDovL3d3dy53My5vcmcvMjAwMC9zdmciPjwvc3ZnPg==\" style=\"--smush-placeholder-width: 692px; --smush-placeholder-aspect-ratio: 692\/1024;\" \/><\/figure>\n<\/div>\n\n\n\n<div class=\"wp-block-column is-layout-flow wp-block-column-is-layout-flow\">\n<figure class=\"wp-block-image size-large\"><img decoding=\"async\" width=\"692\" height=\"1024\" data-src=\"https:\/\/errr-magazine.com\/wp-content\/uploads\/2025\/10\/85DD86E3-BA39-4038-B0DA-0DA3D248380E-692x1024.jpg\" alt=\"\" class=\"wp-image-194309 lazyload\" data-srcset=\"https:\/\/errr-magazine.com\/wp-content\/uploads\/2025\/10\/85DD86E3-BA39-4038-B0DA-0DA3D248380E-692x1024.jpg 692w, https:\/\/errr-magazine.com\/wp-content\/uploads\/2025\/10\/85DD86E3-BA39-4038-B0DA-0DA3D248380E-203x300.jpg 203w, https:\/\/errr-magazine.com\/wp-content\/uploads\/2025\/10\/85DD86E3-BA39-4038-B0DA-0DA3D248380E-768x1137.jpg 768w, https:\/\/errr-magazine.com\/wp-content\/uploads\/2025\/10\/85DD86E3-BA39-4038-B0DA-0DA3D248380E-1038x1536.jpg 1038w, https:\/\/errr-magazine.com\/wp-content\/uploads\/2025\/10\/85DD86E3-BA39-4038-B0DA-0DA3D248380E.jpg 1228w\" data-sizes=\"(max-width: 692px) 100vw, 692px\" src=\"data:image\/svg+xml;base64,PHN2ZyB3aWR0aD0iMSIgaGVpZ2h0PSIxIiB4bWxucz0iaHR0cDovL3d3dy53My5vcmcvMjAwMC9zdmciPjwvc3ZnPg==\" style=\"--smush-placeholder-width: 692px; --smush-placeholder-aspect-ratio: 692\/1024;\" \/><\/figure>\n<\/div>\n<\/div>\n\n\n\n<p><strong>Recommend us an artist you follow who inspires you, and tell us what you like most about their work or their way of working.<\/strong><br><strong><a href=\"https:\/\/www.instagram.com\/lamonaco_\/\">Marina M\u00f3naco<\/a>, <a href=\"https:\/\/www.instagram.com\/gracielaiturbide\/?hl=es\">Graciela Iturbide<\/a> <\/strong>and <strong><a href=\"https:\/\/www.instagram.com\/vivianmaierarchive\/?hl=es\">Vivian Maier<\/a>.<\/strong> Para m\u00ed es muy importante tener mujeres referentes que me evoquen inspiraci\u00f3n. A mi parecer, estas tres artistas retratan lo cotidiano y contemplativo de la vida. Sus fotograf\u00edas reflejan la vivacidad de los ambientes, pero al mismo tiempo me hacen sentir la nostalgia de lo retratado.<\/p>","protected":false},"excerpt":{"rendered":"<p>I don't have to take photos just for the sake of taking them. We live in a world filled with digital files that we never see again, accumulating deep within algorithms or our devices. I've learned to take photos with intention and contemplation.<\/p>","protected":false},"author":7984,"featured_media":194317,"comment_status":"closed","ping_status":"closed","sticky":false,"template":"","format":"standard","meta":{"_acf_changed":false,"cybocfi_hide_featured_image":"","_jetpack_memberships_contains_paid_content":false,"footnotes":""},"categories":[17856],"tags":[],"class_list":["post-194304","post","type-post","status-publish","format-standard","has-post-thumbnail","hentry","category-artes-visuales"],"acf":[],"mb":[],"yoast_head":"<!-- This site is optimized with the Yoast SEO plugin v27.2 - https:\/\/yoast.com\/product\/yoast-seo-wordpress\/ -->\n<title>Lo \u00fanico que queda para recordar tangiblemente - ERRR MAGAZINE<\/title>\n<meta name=\"robots\" content=\"index, follow, max-snippet:-1, max-image-preview:large, max-video-preview:-1\" \/>\n<link rel=\"canonical\" href=\"https:\/\/errr-magazine.com\/english\/lo-unico-que-queda-para-recordar-tangiblemente\/\" \/>\n<meta property=\"og:locale\" content=\"en_US\" \/>\n<meta property=\"og:type\" content=\"article\" \/>\n<meta property=\"og:title\" content=\"Lo \u00fanico que queda para recordar tangiblemente - ERRR MAGAZINE\" \/>\n<meta property=\"og:description\" content=\"No tengo que tomar las fotos por tomarlas simplemente. Estamos en un mundo repleto de archivos digitales que no volvemos a ver nunca, y que se acumulan en lo profundo de los algoritmos o de nuestros dispositivos. He aprendido a tomar fotos con intenci\u00f3n y contemplaci\u00f3n.\" \/>\n<meta property=\"og:url\" content=\"https:\/\/errr-magazine.com\/english\/lo-unico-que-queda-para-recordar-tangiblemente\/\" \/>\n<meta property=\"og:site_name\" content=\"ERRR MAGAZINE\" \/>\n<meta property=\"article:published_time\" content=\"2025-10-09T01:03:51+00:00\" \/>\n<meta property=\"article:modified_time\" content=\"2025-10-10T04:31:47+00:00\" \/>\n<meta property=\"og:image\" content=\"https:\/\/errr-magazine.com\/wp-content\/uploads\/2025\/10\/IMG_0708-1.jpg\" \/>\n\t<meta property=\"og:image:width\" content=\"1228\" \/>\n\t<meta property=\"og:image:height\" content=\"1818\" \/>\n\t<meta property=\"og:image:type\" content=\"image\/jpeg\" \/>\n<meta name=\"author\" content=\"Mariana Mart\u00ednez Manzano\" \/>\n<meta name=\"twitter:card\" content=\"summary_large_image\" \/>\n<meta name=\"twitter:label1\" content=\"Written by\" \/>\n\t<meta name=\"twitter:data1\" content=\"Mariana Mart\u00ednez Manzano\" \/>\n\t<meta name=\"twitter:label2\" content=\"Est. reading time\" \/>\n\t<meta name=\"twitter:data2\" content=\"5 minutes\" \/>\n<script type=\"application\/ld+json\" class=\"yoast-schema-graph\">{\"@context\":\"https:\/\/schema.org\",\"@graph\":[{\"@type\":\"Article\",\"@id\":\"https:\/\/errr-magazine.com\/lo-unico-que-queda-para-recordar-tangiblemente\/#article\",\"isPartOf\":{\"@id\":\"https:\/\/errr-magazine.com\/lo-unico-que-queda-para-recordar-tangiblemente\/\"},\"author\":{\"name\":\"Mariana Mart\u00ednez Manzano\",\"@id\":\"https:\/\/errr-magazine.com\/#\/schema\/person\/18e97cacefe27fe96bd8539fb4ea67b9\"},\"headline\":\"Lo \u00fanico que queda para recordar tangiblemente\",\"datePublished\":\"2025-10-09T01:03:51+00:00\",\"dateModified\":\"2025-10-10T04:31:47+00:00\",\"mainEntityOfPage\":{\"@id\":\"https:\/\/errr-magazine.com\/lo-unico-que-queda-para-recordar-tangiblemente\/\"},\"wordCount\":529,\"image\":{\"@id\":\"https:\/\/errr-magazine.com\/lo-unico-que-queda-para-recordar-tangiblemente\/#primaryimage\"},\"thumbnailUrl\":\"https:\/\/errr-magazine.com\/wp-content\/uploads\/2025\/10\/IMG_0708-1.jpg\",\"articleSection\":[\"Artes visuales\"],\"inLanguage\":\"en-US\"},{\"@type\":\"WebPage\",\"@id\":\"https:\/\/errr-magazine.com\/lo-unico-que-queda-para-recordar-tangiblemente\/\",\"url\":\"https:\/\/errr-magazine.com\/lo-unico-que-queda-para-recordar-tangiblemente\/\",\"name\":\"Lo \u00fanico que queda para recordar tangiblemente - ERRR MAGAZINE\",\"isPartOf\":{\"@id\":\"https:\/\/errr-magazine.com\/#website\"},\"primaryImageOfPage\":{\"@id\":\"https:\/\/errr-magazine.com\/lo-unico-que-queda-para-recordar-tangiblemente\/#primaryimage\"},\"image\":{\"@id\":\"https:\/\/errr-magazine.com\/lo-unico-que-queda-para-recordar-tangiblemente\/#primaryimage\"},\"thumbnailUrl\":\"https:\/\/errr-magazine.com\/wp-content\/uploads\/2025\/10\/IMG_0708-1.jpg\",\"datePublished\":\"2025-10-09T01:03:51+00:00\",\"dateModified\":\"2025-10-10T04:31:47+00:00\",\"author\":{\"@id\":\"https:\/\/errr-magazine.com\/#\/schema\/person\/18e97cacefe27fe96bd8539fb4ea67b9\"},\"breadcrumb\":{\"@id\":\"https:\/\/errr-magazine.com\/lo-unico-que-queda-para-recordar-tangiblemente\/#breadcrumb\"},\"inLanguage\":\"en-US\",\"potentialAction\":[{\"@type\":\"ReadAction\",\"target\":[\"https:\/\/errr-magazine.com\/lo-unico-que-queda-para-recordar-tangiblemente\/\"]}]},{\"@type\":\"ImageObject\",\"inLanguage\":\"en-US\",\"@id\":\"https:\/\/errr-magazine.com\/lo-unico-que-queda-para-recordar-tangiblemente\/#primaryimage\",\"url\":\"https:\/\/errr-magazine.com\/wp-content\/uploads\/2025\/10\/IMG_0708-1.jpg\",\"contentUrl\":\"https:\/\/errr-magazine.com\/wp-content\/uploads\/2025\/10\/IMG_0708-1.jpg\",\"width\":1228,\"height\":1818},{\"@type\":\"BreadcrumbList\",\"@id\":\"https:\/\/errr-magazine.com\/lo-unico-que-queda-para-recordar-tangiblemente\/#breadcrumb\",\"itemListElement\":[{\"@type\":\"ListItem\",\"position\":1,\"name\":\"Portada\",\"item\":\"https:\/\/errr-magazine.com\/\"},{\"@type\":\"ListItem\",\"position\":2,\"name\":\"Lo \u00fanico que queda para recordar tangiblemente\"}]},{\"@type\":\"WebSite\",\"@id\":\"https:\/\/errr-magazine.com\/#website\",\"url\":\"https:\/\/errr-magazine.com\/\",\"name\":\"ERRR MAGAZINE\",\"description\":\"\",\"potentialAction\":[{\"@type\":\"SearchAction\",\"target\":{\"@type\":\"EntryPoint\",\"urlTemplate\":\"https:\/\/errr-magazine.com\/?s={search_term_string}\"},\"query-input\":{\"@type\":\"PropertyValueSpecification\",\"valueRequired\":true,\"valueName\":\"search_term_string\"}}],\"inLanguage\":\"en-US\"},{\"@type\":\"Person\",\"@id\":\"https:\/\/errr-magazine.com\/#\/schema\/person\/18e97cacefe27fe96bd8539fb4ea67b9\",\"name\":\"Mariana Mart\u00ednez Manzano\",\"image\":{\"@type\":\"ImageObject\",\"inLanguage\":\"en-US\",\"@id\":\"https:\/\/secure.gravatar.com\/avatar\/2588637153c2ea7ca24a664c294f08e211cbcc3f10669b86cd186c6199b91453?s=96&d=identicon&r=g\",\"url\":\"https:\/\/secure.gravatar.com\/avatar\/2588637153c2ea7ca24a664c294f08e211cbcc3f10669b86cd186c6199b91453?s=96&d=identicon&r=g\",\"contentUrl\":\"https:\/\/secure.gravatar.com\/avatar\/2588637153c2ea7ca24a664c294f08e211cbcc3f10669b86cd186c6199b91453?s=96&d=identicon&r=g\",\"caption\":\"Mariana Mart\u00ednez Manzano\"},\"description\":\"Nacida en Guadalajara, Jalisco. Me apasiona con locura el crear recuerdos tangibles.\",\"sameAs\":[\"https:\/\/www.instagram.com\/marianamartinezmz\/\"],\"url\":\"https:\/\/errr-magazine.com\/english\/author\/marianamartinezmanzano\/\"}]}<\/script>\n<!-- \/ Yoast SEO plugin. -->","yoast_head_json":{"title":"Lo \u00fanico que queda para recordar tangiblemente - ERRR MAGAZINE","robots":{"index":"index","follow":"follow","max-snippet":"max-snippet:-1","max-image-preview":"max-image-preview:large","max-video-preview":"max-video-preview:-1"},"canonical":"https:\/\/errr-magazine.com\/english\/lo-unico-que-queda-para-recordar-tangiblemente\/","og_locale":"en_US","og_type":"article","og_title":"Lo \u00fanico que queda para recordar tangiblemente - ERRR MAGAZINE","og_description":"No tengo que tomar las fotos por tomarlas simplemente. Estamos en un mundo repleto de archivos digitales que no volvemos a ver nunca, y que se acumulan en lo profundo de los algoritmos o de nuestros dispositivos. He aprendido a tomar fotos con intenci\u00f3n y contemplaci\u00f3n.","og_url":"https:\/\/errr-magazine.com\/english\/lo-unico-que-queda-para-recordar-tangiblemente\/","og_site_name":"ERRR MAGAZINE","article_published_time":"2025-10-09T01:03:51+00:00","article_modified_time":"2025-10-10T04:31:47+00:00","og_image":[{"width":1228,"height":1818,"url":"https:\/\/errr-magazine.com\/wp-content\/uploads\/2025\/10\/IMG_0708-1.jpg","type":"image\/jpeg"}],"author":"Mariana Mart\u00ednez Manzano","twitter_card":"summary_large_image","twitter_misc":{"Written by":"Mariana Mart\u00ednez Manzano","Est. reading time":"5 minutes"},"schema":{"@context":"https:\/\/schema.org","@graph":[{"@type":"Article","@id":"https:\/\/errr-magazine.com\/lo-unico-que-queda-para-recordar-tangiblemente\/#article","isPartOf":{"@id":"https:\/\/errr-magazine.com\/lo-unico-que-queda-para-recordar-tangiblemente\/"},"author":{"name":"Mariana Mart\u00ednez Manzano","@id":"https:\/\/errr-magazine.com\/#\/schema\/person\/18e97cacefe27fe96bd8539fb4ea67b9"},"headline":"Lo \u00fanico que queda para recordar tangiblemente","datePublished":"2025-10-09T01:03:51+00:00","dateModified":"2025-10-10T04:31:47+00:00","mainEntityOfPage":{"@id":"https:\/\/errr-magazine.com\/lo-unico-que-queda-para-recordar-tangiblemente\/"},"wordCount":529,"image":{"@id":"https:\/\/errr-magazine.com\/lo-unico-que-queda-para-recordar-tangiblemente\/#primaryimage"},"thumbnailUrl":"https:\/\/errr-magazine.com\/wp-content\/uploads\/2025\/10\/IMG_0708-1.jpg","articleSection":["Artes visuales"],"inLanguage":"en-US"},{"@type":"WebPage","@id":"https:\/\/errr-magazine.com\/lo-unico-que-queda-para-recordar-tangiblemente\/","url":"https:\/\/errr-magazine.com\/lo-unico-que-queda-para-recordar-tangiblemente\/","name":"Lo \u00fanico que queda para recordar tangiblemente - ERRR MAGAZINE","isPartOf":{"@id":"https:\/\/errr-magazine.com\/#website"},"primaryImageOfPage":{"@id":"https:\/\/errr-magazine.com\/lo-unico-que-queda-para-recordar-tangiblemente\/#primaryimage"},"image":{"@id":"https:\/\/errr-magazine.com\/lo-unico-que-queda-para-recordar-tangiblemente\/#primaryimage"},"thumbnailUrl":"https:\/\/errr-magazine.com\/wp-content\/uploads\/2025\/10\/IMG_0708-1.jpg","datePublished":"2025-10-09T01:03:51+00:00","dateModified":"2025-10-10T04:31:47+00:00","author":{"@id":"https:\/\/errr-magazine.com\/#\/schema\/person\/18e97cacefe27fe96bd8539fb4ea67b9"},"breadcrumb":{"@id":"https:\/\/errr-magazine.com\/lo-unico-que-queda-para-recordar-tangiblemente\/#breadcrumb"},"inLanguage":"en-US","potentialAction":[{"@type":"ReadAction","target":["https:\/\/errr-magazine.com\/lo-unico-que-queda-para-recordar-tangiblemente\/"]}]},{"@type":"ImageObject","inLanguage":"en-US","@id":"https:\/\/errr-magazine.com\/lo-unico-que-queda-para-recordar-tangiblemente\/#primaryimage","url":"https:\/\/errr-magazine.com\/wp-content\/uploads\/2025\/10\/IMG_0708-1.jpg","contentUrl":"https:\/\/errr-magazine.com\/wp-content\/uploads\/2025\/10\/IMG_0708-1.jpg","width":1228,"height":1818},{"@type":"BreadcrumbList","@id":"https:\/\/errr-magazine.com\/lo-unico-que-queda-para-recordar-tangiblemente\/#breadcrumb","itemListElement":[{"@type":"ListItem","position":1,"name":"Portada","item":"https:\/\/errr-magazine.com\/"},{"@type":"ListItem","position":2,"name":"Lo \u00fanico que queda para recordar tangiblemente"}]},{"@type":"WebSite","@id":"https:\/\/errr-magazine.com\/#website","url":"https:\/\/errr-magazine.com\/","name":"ERRR MAGAZINE","description":"","potentialAction":[{"@type":"SearchAction","target":{"@type":"EntryPoint","urlTemplate":"https:\/\/errr-magazine.com\/?s={search_term_string}"},"query-input":{"@type":"PropertyValueSpecification","valueRequired":true,"valueName":"search_term_string"}}],"inLanguage":"en-US"},{"@type":"Person","@id":"https:\/\/errr-magazine.com\/#\/schema\/person\/18e97cacefe27fe96bd8539fb4ea67b9","name":"Mariana Mart\u00ednez Manzano","image":{"@type":"ImageObject","inLanguage":"en-US","@id":"https:\/\/secure.gravatar.com\/avatar\/2588637153c2ea7ca24a664c294f08e211cbcc3f10669b86cd186c6199b91453?s=96&d=identicon&r=g","url":"https:\/\/secure.gravatar.com\/avatar\/2588637153c2ea7ca24a664c294f08e211cbcc3f10669b86cd186c6199b91453?s=96&d=identicon&r=g","contentUrl":"https:\/\/secure.gravatar.com\/avatar\/2588637153c2ea7ca24a664c294f08e211cbcc3f10669b86cd186c6199b91453?s=96&d=identicon&r=g","caption":"Mariana Mart\u00ednez Manzano"},"description":"Born in Guadalajara, Jalisco. Passionately devoted to creating tangible memories.","sameAs":["https:\/\/www.instagram.com\/marianamartinezmz\/"],"url":"https:\/\/errr-magazine.com\/english\/author\/marianamartinezmanzano\/"}]}},"jetpack_featured_media_url":"https:\/\/errr-magazine.com\/wp-content\/uploads\/2025\/10\/IMG_0708-1.jpg","jetpack-related-posts":[{"id":196877,"url":"https:\/\/errr-magazine.com\/english\/contemplacion-cotidiana\/","url_meta":{"origin":194304,"position":0},"title":"Everyday contemplation","author":"Mariana Mart\u00ednez Manzano","date":"01\/06\/2026","format":false,"excerpt":"We live in a world overflowing with digital files that we never see again, files that accumulate deep within algorithms or on our devices. I've learned to take photos with intention and contemplation, not just to create more content.\u00a0","rel":"","context":"In &quot;Artes visuales&quot;","block_context":{"text":"Artes visuales","link":"https:\/\/errr-magazine.com\/english\/category\/interviews\/artes-visuales\/"},"img":{"alt_text":"","src":"https:\/\/i0.wp.com\/errr-magazine.com\/wp-content\/uploads\/2026\/01\/IMG_6263.jpg?resize=350%2C200&ssl=1","width":350,"height":200,"srcset":"https:\/\/i0.wp.com\/errr-magazine.com\/wp-content\/uploads\/2026\/01\/IMG_6263.jpg?resize=350%2C200&ssl=1 1x, https:\/\/i0.wp.com\/errr-magazine.com\/wp-content\/uploads\/2026\/01\/IMG_6263.jpg?resize=525%2C300&ssl=1 1.5x, https:\/\/i0.wp.com\/errr-magazine.com\/wp-content\/uploads\/2026\/01\/IMG_6263.jpg?resize=700%2C400&ssl=1 2x, https:\/\/i0.wp.com\/errr-magazine.com\/wp-content\/uploads\/2026\/01\/IMG_6263.jpg?resize=1050%2C600&ssl=1 3x, https:\/\/i0.wp.com\/errr-magazine.com\/wp-content\/uploads\/2026\/01\/IMG_6263.jpg?resize=1400%2C800&ssl=1 4x"},"classes":[]},{"id":197921,"url":"https:\/\/errr-magazine.com\/english\/camino-del-fenix\/","url_meta":{"origin":194304,"position":1},"title":"Path of the phoenix","author":"Teodoro Javier Rojas Torres","date":"01\/18\/2026","format":false,"excerpt":"Through these projects, I\u2019d say I learned to observe again with calm, through curiosity, contemplation, play, and a dialogue with my immediate surroundings.I still feel that same excitement when I pick up the camera and head out into the street without knowing what I\u2019ll find.","rel":"","context":"In &quot;Artes visuales&quot;","block_context":{"text":"Artes visuales","link":"https:\/\/errr-magazine.com\/english\/category\/interviews\/artes-visuales\/"},"img":{"alt_text":"","src":"https:\/\/i0.wp.com\/errr-magazine.com\/wp-content\/uploads\/2026\/01\/Foto-35-1-scaled.jpg?resize=350%2C200&ssl=1","width":350,"height":200,"srcset":"https:\/\/i0.wp.com\/errr-magazine.com\/wp-content\/uploads\/2026\/01\/Foto-35-1-scaled.jpg?resize=350%2C200&ssl=1 1x, https:\/\/i0.wp.com\/errr-magazine.com\/wp-content\/uploads\/2026\/01\/Foto-35-1-scaled.jpg?resize=525%2C300&ssl=1 1.5x, https:\/\/i0.wp.com\/errr-magazine.com\/wp-content\/uploads\/2026\/01\/Foto-35-1-scaled.jpg?resize=700%2C400&ssl=1 2x, https:\/\/i0.wp.com\/errr-magazine.com\/wp-content\/uploads\/2026\/01\/Foto-35-1-scaled.jpg?resize=1050%2C600&ssl=1 3x, https:\/\/i0.wp.com\/errr-magazine.com\/wp-content\/uploads\/2026\/01\/Foto-35-1-scaled.jpg?resize=1400%2C800&ssl=1 4x"},"classes":[]},{"id":192537,"url":"https:\/\/errr-magazine.com\/english\/umbral\/","url_meta":{"origin":194304,"position":2},"title":"Umbral","author":"Leticia Misaki Matsuda","date":"09\/02\/2025","format":false,"excerpt":"Soltar el miedo a que las fotograf\u00edas no salgan como uno espera y solo jugar con velocidades y movimientos, tanto de las personas como de la c\u00e1mara y a confiar en la intuici\u00f3n de uno mismo.","rel":"","context":"In &quot;Artes visuales&quot;","block_context":{"text":"Artes visuales","link":"https:\/\/errr-magazine.com\/english\/category\/interviews\/artes-visuales\/"},"img":{"alt_text":"","src":"https:\/\/i0.wp.com\/errr-magazine.com\/wp-content\/uploads\/2025\/09\/IMG_2833-rotated.jpg?resize=350%2C200&ssl=1","width":350,"height":200,"srcset":"https:\/\/i0.wp.com\/errr-magazine.com\/wp-content\/uploads\/2025\/09\/IMG_2833-rotated.jpg?resize=350%2C200&ssl=1 1x, https:\/\/i0.wp.com\/errr-magazine.com\/wp-content\/uploads\/2025\/09\/IMG_2833-rotated.jpg?resize=525%2C300&ssl=1 1.5x, https:\/\/i0.wp.com\/errr-magazine.com\/wp-content\/uploads\/2025\/09\/IMG_2833-rotated.jpg?resize=700%2C400&ssl=1 2x, https:\/\/i0.wp.com\/errr-magazine.com\/wp-content\/uploads\/2025\/09\/IMG_2833-rotated.jpg?resize=1050%2C600&ssl=1 3x, https:\/\/i0.wp.com\/errr-magazine.com\/wp-content\/uploads\/2025\/09\/IMG_2833-rotated.jpg?resize=1400%2C800&ssl=1 4x"},"classes":[]},{"id":203073,"url":"https:\/\/errr-magazine.com\/english\/abismo-de-terciopelo\/","url_meta":{"origin":194304,"position":3},"title":"Velvet Abyss","author":"Maria Dias","date":"03\/26\/2026","format":false,"excerpt":"I\u2019m interested in how images can inhabit space, how sequences are built, and how a book can function almost like a structure\u2014something you enter rather than scroll through.","rel":"","context":"In &quot;Artes visuales&quot;","block_context":{"text":"Artes visuales","link":"https:\/\/errr-magazine.com\/english\/category\/interviews\/artes-visuales\/"},"img":{"alt_text":"","src":"https:\/\/i0.wp.com\/errr-magazine.com\/wp-content\/uploads\/2026\/03\/Photo-03.02.2026-22-56-57-2-1-scaled.jpg?resize=350%2C200&ssl=1","width":350,"height":200,"srcset":"https:\/\/i0.wp.com\/errr-magazine.com\/wp-content\/uploads\/2026\/03\/Photo-03.02.2026-22-56-57-2-1-scaled.jpg?resize=350%2C200&ssl=1 1x, https:\/\/i0.wp.com\/errr-magazine.com\/wp-content\/uploads\/2026\/03\/Photo-03.02.2026-22-56-57-2-1-scaled.jpg?resize=525%2C300&ssl=1 1.5x, https:\/\/i0.wp.com\/errr-magazine.com\/wp-content\/uploads\/2026\/03\/Photo-03.02.2026-22-56-57-2-1-scaled.jpg?resize=700%2C400&ssl=1 2x, https:\/\/i0.wp.com\/errr-magazine.com\/wp-content\/uploads\/2026\/03\/Photo-03.02.2026-22-56-57-2-1-scaled.jpg?resize=1050%2C600&ssl=1 3x, https:\/\/i0.wp.com\/errr-magazine.com\/wp-content\/uploads\/2026\/03\/Photo-03.02.2026-22-56-57-2-1-scaled.jpg?resize=1400%2C800&ssl=1 4x"},"classes":[]},{"id":192462,"url":"https:\/\/errr-magazine.com\/english\/punto-de-quiebre\/","url_meta":{"origin":194304,"position":4},"title":"Punto de quiebre","author":"Juan Carlos Cordero Jarero","date":"08\/30\/2025","format":false,"excerpt":"Me interesa capturar los espacios, las texturas, la luz y los elementos arquitect\u00f3nicos cuentan historias por s\u00ed mismos. Busco que cada imagen refleje la atm\u00f3sfera del lugar y c\u00f3mo el contexto cotidiano puede transformarse en una narrativa visual.\u00a0","rel":"","context":"In &quot;Artes visuales&quot;","block_context":{"text":"Artes visuales","link":"https:\/\/errr-magazine.com\/english\/category\/interviews\/artes-visuales\/"},"img":{"alt_text":"","src":"https:\/\/i0.wp.com\/errr-magazine.com\/wp-content\/uploads\/2025\/08\/000037-scaled.jpg?resize=350%2C200&ssl=1","width":350,"height":200,"srcset":"https:\/\/i0.wp.com\/errr-magazine.com\/wp-content\/uploads\/2025\/08\/000037-scaled.jpg?resize=350%2C200&ssl=1 1x, https:\/\/i0.wp.com\/errr-magazine.com\/wp-content\/uploads\/2025\/08\/000037-scaled.jpg?resize=525%2C300&ssl=1 1.5x, https:\/\/i0.wp.com\/errr-magazine.com\/wp-content\/uploads\/2025\/08\/000037-scaled.jpg?resize=700%2C400&ssl=1 2x, https:\/\/i0.wp.com\/errr-magazine.com\/wp-content\/uploads\/2025\/08\/000037-scaled.jpg?resize=1050%2C600&ssl=1 3x, https:\/\/i0.wp.com\/errr-magazine.com\/wp-content\/uploads\/2025\/08\/000037-scaled.jpg?resize=1400%2C800&ssl=1 4x"},"classes":[]},{"id":204040,"url":"https:\/\/errr-magazine.com\/english\/entre-nubes-y-espirales\/","url_meta":{"origin":194304,"position":5},"title":"Between clouds and spirals","author":"Diana Robles","date":"04\/14\/2026","format":false,"excerpt":"Taking self-portraits is a practice that began without me even realizing it, and one I've never shared until now. It's been a way for me to get to know myself, in my most vulnerable and even playful moments. It's like looking back and realizing all the lives I've lived.","rel":"","context":"In &quot;Artes visuales&quot;","block_context":{"text":"Artes visuales","link":"https:\/\/errr-magazine.com\/english\/category\/interviews\/artes-visuales\/"},"img":{"alt_text":"","src":"https:\/\/i0.wp.com\/errr-magazine.com\/wp-content\/uploads\/2026\/04\/1-1.jpg?resize=350%2C200&ssl=1","width":350,"height":200,"srcset":"https:\/\/i0.wp.com\/errr-magazine.com\/wp-content\/uploads\/2026\/04\/1-1.jpg?resize=350%2C200&ssl=1 1x, https:\/\/i0.wp.com\/errr-magazine.com\/wp-content\/uploads\/2026\/04\/1-1.jpg?resize=525%2C300&ssl=1 1.5x, https:\/\/i0.wp.com\/errr-magazine.com\/wp-content\/uploads\/2026\/04\/1-1.jpg?resize=700%2C400&ssl=1 2x, https:\/\/i0.wp.com\/errr-magazine.com\/wp-content\/uploads\/2026\/04\/1-1.jpg?resize=1050%2C600&ssl=1 3x"},"classes":[]}],"jetpack_sharing_enabled":true,"mfb_rest_fields":["title","yoast_head","yoast_head_json","jetpack_featured_media_url","jetpack-related-posts","jetpack_sharing_enabled"],"_links":{"self":[{"href":"https:\/\/errr-magazine.com\/english\/wp-json\/wp\/v2\/posts\/194304","targetHints":{"allow":["GET"]}}],"collection":[{"href":"https:\/\/errr-magazine.com\/english\/wp-json\/wp\/v2\/posts"}],"about":[{"href":"https:\/\/errr-magazine.com\/english\/wp-json\/wp\/v2\/types\/post"}],"author":[{"embeddable":true,"href":"https:\/\/errr-magazine.com\/english\/wp-json\/wp\/v2\/users\/7984"}],"replies":[{"embeddable":true,"href":"https:\/\/errr-magazine.com\/english\/wp-json\/wp\/v2\/comments?post=194304"}],"version-history":[{"count":4,"href":"https:\/\/errr-magazine.com\/english\/wp-json\/wp\/v2\/posts\/194304\/revisions"}],"predecessor-version":[{"id":194536,"href":"https:\/\/errr-magazine.com\/english\/wp-json\/wp\/v2\/posts\/194304\/revisions\/194536"}],"wp:featuredmedia":[{"embeddable":true,"href":"https:\/\/errr-magazine.com\/english\/wp-json\/wp\/v2\/media\/194317"}],"wp:attachment":[{"href":"https:\/\/errr-magazine.com\/english\/wp-json\/wp\/v2\/media?parent=194304"}],"wp:term":[{"taxonomy":"category","embeddable":true,"href":"https:\/\/errr-magazine.com\/english\/wp-json\/wp\/v2\/categories?post=194304"},{"taxonomy":"post_tag","embeddable":true,"href":"https:\/\/errr-magazine.com\/english\/wp-json\/wp\/v2\/tags?post=194304"}],"curies":[{"name":"wp","href":"https:\/\/api.w.org\/{rel}","templated":true}]}}