{"id":193098,"date":"2025-09-17T18:05:18","date_gmt":"2025-09-18T00:05:18","guid":{"rendered":"https:\/\/errr-magazine.com\/?p=193098"},"modified":"2025-10-01T22:28:42","modified_gmt":"2025-10-02T04:28:42","slug":"radiografia-de-cuerpo-completo","status":"publish","type":"post","link":"https:\/\/errr-magazine.com\/english\/radiografia-de-cuerpo-completo\/","title":{"rendered":"Radiograf\u00eda\u00a0de cuerpo completo"},"content":{"rendered":"<p><strong>How did the idea for this book come about?<br><\/strong>Siempre he cre\u00eddo que la poes\u00eda habita en todos lados, inclusive en lo \u00ednfimo. Me cautiva la belleza que estas cosas esconden y, por ello, cuando <a href=\"https:\/\/www.instagram.com\/paginasalmon\/\"><strong>P\u00e1gina Salm\u00f3n<\/strong><\/a> me propuso colaborar con un poemario supe que quer\u00eda explorar nuestra relaci\u00f3n con los desechos del cuerpo. Me interesa ese lado escatol\u00f3gico e ignorado de la corporalidad y\u00a0<em>Radiograf\u00eda\u00a0de cuerpo completo\u00a0<\/em>es un intento por reivindicarlo como otra extensi\u00f3n m\u00e1s de nuestro ser que merece dignidad. Estas sustancias que el cuerpo segrega est\u00e1n estrechamente vinculadas con nuestros deseos, sentires e, incluso, con la historia personal. El lenguaje po\u00e9tico vuelve extra\u00f1o lo que nos rodea y eso nos obliga a ver nuestra realidad desde una nueva perspectiva. Cada poema busca revisitar un aspecto de este lado sucio para reconocernos y reconocer a los otros como seres iguales: material org\u00e1nico que se descompone con el tiempo.\u00a0<\/p>\n\n\n\n<figure class=\"wp-block-image size-large\"><img decoding=\"async\" width=\"1024\" height=\"609\" data-src=\"https:\/\/errr-magazine.com\/wp-content\/uploads\/2025\/09\/4-2-1024x609.jpg\" alt=\"\" class=\"wp-image-193100 lazyload\" data-srcset=\"https:\/\/errr-magazine.com\/wp-content\/uploads\/2025\/09\/4-2-1024x609.jpg 1024w, https:\/\/errr-magazine.com\/wp-content\/uploads\/2025\/09\/4-2-300x179.jpg 300w, https:\/\/errr-magazine.com\/wp-content\/uploads\/2025\/09\/4-2-768x457.jpg 768w, https:\/\/errr-magazine.com\/wp-content\/uploads\/2025\/09\/4-2-1536x914.jpg 1536w, https:\/\/errr-magazine.com\/wp-content\/uploads\/2025\/09\/4-2.jpg 1600w\" data-sizes=\"(max-width: 1024px) 100vw, 1024px\" src=\"data:image\/svg+xml;base64,PHN2ZyB3aWR0aD0iMSIgaGVpZ2h0PSIxIiB4bWxucz0iaHR0cDovL3d3dy53My5vcmcvMjAwMC9zdmciPjwvc3ZnPg==\" style=\"--smush-placeholder-width: 1024px; --smush-placeholder-aspect-ratio: 1024\/609;\" \/><\/figure>\n\n\n\n<p><strong>\u00bfQu\u00e9 descubriste en el proceso que no imaginabas al inicio?<br><\/strong>Descubr\u00ed que a\u00fan hay heridas que no cierran por completo y que quiz\u00e1 jam\u00e1s lo hagan. Con un tema tan personal y sensorial como es el cuerpo, era inevitable evocar experiencias personales. Me sorprendi\u00f3 mucho notar que me costaba hablar de ciertos temas, lo que dificult\u00f3 el desarrollo y la conclusi\u00f3n de algunos poemas. De este modo corrobor\u00e9 el poder cat\u00e1rtico de la escritura y su virtud como medio para intentar asimilar la realidad. A lo largo de la creaci\u00f3n del libro tuve que vulnerar partes de m\u00ed que permanec\u00edan agazapadas y la escritura ayud\u00f3 a comprenderlas y a asimilarlas. Quiz\u00e1 no fue la cura, pero s\u00ed una manera de reconocer\u00a0tierna y compasivamente las marcas que a\u00fan\u00a0duelen en silencio.<\/p>\n\n\n\n<p><strong>What parts had to be left out for the book to end up as it is?<br><\/strong>Justamente retir\u00e9 textos en los que toco asuntos a\u00fan incomprensibles para m\u00ed. Quise que todo el poemario fuera honesto, as\u00ed que trat\u00e9 de seleccionar \u00fanicamente las piezas que me inquietaban tanto en fondo como en forma. Si el texto no me obligaba a cuestionarme o no proven\u00eda de alg\u00fan pensamiento que me turbara, quedaba fuera.<\/p>\n\n\n\n<figure class=\"wp-block-image size-large\"><img decoding=\"async\" width=\"1024\" height=\"609\" data-src=\"https:\/\/errr-magazine.com\/wp-content\/uploads\/2025\/09\/3-2-1024x609.jpg\" alt=\"\" class=\"wp-image-193101 lazyload\" data-srcset=\"https:\/\/errr-magazine.com\/wp-content\/uploads\/2025\/09\/3-2-1024x609.jpg 1024w, https:\/\/errr-magazine.com\/wp-content\/uploads\/2025\/09\/3-2-300x179.jpg 300w, https:\/\/errr-magazine.com\/wp-content\/uploads\/2025\/09\/3-2-768x457.jpg 768w, https:\/\/errr-magazine.com\/wp-content\/uploads\/2025\/09\/3-2-1536x914.jpg 1536w, https:\/\/errr-magazine.com\/wp-content\/uploads\/2025\/09\/3-2.jpg 1600w\" data-sizes=\"(max-width: 1024px) 100vw, 1024px\" src=\"data:image\/svg+xml;base64,PHN2ZyB3aWR0aD0iMSIgaGVpZ2h0PSIxIiB4bWxucz0iaHR0cDovL3d3dy53My5vcmcvMjAwMC9zdmciPjwvc3ZnPg==\" style=\"--smush-placeholder-width: 1024px; --smush-placeholder-aspect-ratio: 1024\/609;\" \/><\/figure>\n\n\n\n<p><strong>What conversations, readings, images, or sounds came into play during the writing of this book?<br><\/strong><a href=\"https:\/\/www.goodreads.com\/book\/show\/18754769-sin-fines-de-lucro\"><strong><em>Sin fines de lucro<\/em>\u00a0de Martha C. Nussbaum<\/strong><\/a> me ayud\u00f3 mucho a aterrizar mis ideas\u00a0ya que es un libro que habla respecto a c\u00f3mo los desechos y segregaciones del cuerpo son un par\u00e1metro identitario y hasta discriminatorio. El libro propone erradicar el estigma hacia estas sustancias ya que es el fundamento de varios prejuicios racistas, clasistas y machistas. La m\u00fasica de <a href=\"https:\/\/open.spotify.com\/artist\/7nZ3e67Mo4DLU1RC81KX8H?si=Qqo89B4HRUW0vzY6aOLtpA\"><strong>La L\u00e1<\/strong><\/a> and <a href=\"https:\/\/open.spotify.com\/artist\/6mKqFxGMS5TGDZI3XkT5Rt?si=Grcn0RNaTpCcQN0AVz2SWg\"><strong>Angel\u00a0Olsen<\/strong><\/a> fueron grandes motivadores para la construcci\u00f3n l\u00edrica y m\u00e9trica de los textos. Y claro, <a href=\"https:\/\/www.poetryfoundation.org\/poets\/elizabeth-bishop\"><strong>Elizabeth Bishop<\/strong><\/a> siempre ser\u00e1 un espacio recurrente para m\u00ed, as\u00ed que no falt\u00f3 su relectura mientras escrib\u00eda el poemario.<\/p>\n\n\n\n<p><strong>Is there an emotion or question that runs through it from beginning to end?<br><\/strong>Quiz\u00e1 s\u00f3lo el deseo de normalizar los procesos org\u00e1nicos del cuerpo. Soy fiel creyente de que al insertar estos elementos en la cotidianidad poco a poco se har\u00e1n menos extra\u00f1os y su estigma ir\u00e1 desapareciendo. La poes\u00eda, que usualmente se relaciona con lo l\u00fagubre y sublime, es un gran lugar para cuestionar los juicios de valor que le asignamos a las cosas que nos rodean, inclu\u00eddo el cuerpo.\u00a0<\/p>\n\n\n\n<figure class=\"wp-block-image size-large\"><img decoding=\"async\" width=\"1024\" height=\"609\" data-src=\"https:\/\/errr-magazine.com\/wp-content\/uploads\/2025\/09\/5-1-1024x609.jpg\" alt=\"\" class=\"wp-image-193102 lazyload\" data-srcset=\"https:\/\/errr-magazine.com\/wp-content\/uploads\/2025\/09\/5-1-1024x609.jpg 1024w, https:\/\/errr-magazine.com\/wp-content\/uploads\/2025\/09\/5-1-300x179.jpg 300w, https:\/\/errr-magazine.com\/wp-content\/uploads\/2025\/09\/5-1-768x457.jpg 768w, https:\/\/errr-magazine.com\/wp-content\/uploads\/2025\/09\/5-1-1536x914.jpg 1536w, https:\/\/errr-magazine.com\/wp-content\/uploads\/2025\/09\/5-1.jpg 1600w\" data-sizes=\"(max-width: 1024px) 100vw, 1024px\" src=\"data:image\/svg+xml;base64,PHN2ZyB3aWR0aD0iMSIgaGVpZ2h0PSIxIiB4bWxucz0iaHR0cDovL3d3dy53My5vcmcvMjAwMC9zdmciPjwvc3ZnPg==\" style=\"--smush-placeholder-width: 1024px; --smush-placeholder-aspect-ratio: 1024\/609;\" \/><\/figure>\n\n\n\n<p><strong>Was there a moment when you felt the book changed direction?<br><\/strong>No de rumbo, pero s\u00ed siento que se complement\u00f3\u00a0con las ilustraciones de <a href=\"https:\/\/www.instagram.com\/manuellabroute\/\"><strong>Manuella\u00a0Cano Brout\u00e9<\/strong><\/a>. No quer\u00eda que lo escatol\u00f3gico fuera muy evidente en la lectura: me interesaba retratar los desechos desde otra mirada y el lenguaje po\u00e9tico me ayud\u00f3 a hacerlo; sin embargo, las ilustraciones de Manuella ayudaron a perfilar esas reconfiguraciones sin resolver el acertijo po\u00e9tico.<\/p>\n\n\n\n<p><strong>How did your way of reading or watching change after you finished it?<br><\/strong>Aprend\u00ed a ver(me) con m\u00e1s amabilidad y a no dejarme llevar por mis primeras reacciones ante las cosas. Tambi\u00e9n que la ternura es un posicionamiento pol\u00edtico que busca cambiar nuestra realidad desde la vulnerabilidad,\u00a0pues permite reconocernos como seres iguales a pesar nuestras diferencias. Otra cosa que me dej\u00f3 la escritura de este libro fue constatar las infinitas posibilidades del lenguaje po\u00e9tico: la fractura entre significado y significante permite reestructurar nuestro mundo, creando nuevas asociaciones entre palabras y objetos.<\/p>\n\n\n\n<figure class=\"wp-block-image size-large\"><img decoding=\"async\" width=\"1024\" height=\"1024\" data-src=\"https:\/\/errr-magazine.com\/wp-content\/uploads\/2025\/09\/1-2-1-1024x1024.jpg\" alt=\"\" class=\"wp-image-193103 lazyload\" data-srcset=\"https:\/\/errr-magazine.com\/wp-content\/uploads\/2025\/09\/1-2-1-1024x1024.jpg 1024w, https:\/\/errr-magazine.com\/wp-content\/uploads\/2025\/09\/1-2-1-300x300.jpg 300w, https:\/\/errr-magazine.com\/wp-content\/uploads\/2025\/09\/1-2-1-768x768.jpg 768w, https:\/\/errr-magazine.com\/wp-content\/uploads\/2025\/09\/1-2-1.jpg 1080w\" data-sizes=\"(max-width: 1024px) 100vw, 1024px\" src=\"data:image\/svg+xml;base64,PHN2ZyB3aWR0aD0iMSIgaGVpZ2h0PSIxIiB4bWxucz0iaHR0cDovL3d3dy53My5vcmcvMjAwMC9zdmciPjwvc3ZnPg==\" style=\"--smush-placeholder-width: 1024px; --smush-placeholder-aspect-ratio: 1024\/1024;\" \/><\/figure>\n\n\n\n<p><strong>Which authors have inspired you lately and what do you find in their writing style?<br><\/strong>La poes\u00eda de Bishop, de <a href=\"https:\/\/www.instagram.com\/villedita\/\"><strong>Karen Villeda<\/strong><\/a>, <a href=\"https:\/\/isabelfraire.com\/\"><strong>Isabel Fraire<\/strong><\/a> y La L\u00e1 siempre me inspiran porque encuentro en ellas nuevos lenguajes que me confrontan con mi realidad. Recientemente he estado leyendo mucha prosa decimon\u00f3nica mexicana, as\u00ed que <a href=\"http:\/\/elem.mx\/autor\/datos\/2967\"><strong>Jos\u00e9 Tom\u00e1s de Cu\u00e9llar<\/strong><\/a> me motiva a querer escribir cr\u00f3nica sobre cualquier cosa<\/p>\n\n\n\n<p><strong>What is your favorite restaurant and what do you recommend we order?<br><\/strong><a href=\"https:\/\/www.instagram.com\/fondamargarita\/\"><strong>Fonda Margarita<\/strong><\/a> en Tlacoquemecatl. Todo es delicioso y vale la pena, pero son imperdibles el huevo con frijol refrito y la longaniza en salsa.<\/p>\n\n\n\n<p>Todas las im\u00e1genes del libro\u00a0fueron creadas por <a href=\"https:\/\/www.instagram.com\/manuellabroute\/\"><strong>Manuella Cano Brout\u00e9<\/strong><\/a>.<\/p>","protected":false},"excerpt":{"rendered":"<p>Con un tema tan personal y sensorial como es el cuerpo, era inevitable evocar experiencias personales. Me sorprendi\u00f3 mucho notar que me costaba hablar de ciertos temas, lo que dificult\u00f3 el desarrollo y la conclusi\u00f3n de algunos poemas. <\/p>","protected":false},"author":7932,"featured_media":193099,"comment_status":"closed","ping_status":"closed","sticky":false,"template":"","format":"standard","meta":{"_acf_changed":false,"cybocfi_hide_featured_image":"","_jetpack_memberships_contains_paid_content":false,"footnotes":""},"categories":[17856],"tags":[],"class_list":["post-193098","post","type-post","status-publish","format-standard","has-post-thumbnail","hentry","category-artes-visuales"],"acf":[],"mb":[],"yoast_head":"<!-- This site is optimized with the Yoast SEO plugin v27.2 - https:\/\/yoast.com\/product\/yoast-seo-wordpress\/ -->\n<title>Radiograf\u00eda\u00a0de cuerpo completo - ERRR MAGAZINE<\/title>\n<meta name=\"robots\" content=\"index, follow, max-snippet:-1, max-image-preview:large, max-video-preview:-1\" \/>\n<link rel=\"canonical\" href=\"https:\/\/errr-magazine.com\/english\/radiografia-de-cuerpo-completo\/\" \/>\n<meta property=\"og:locale\" content=\"en_US\" \/>\n<meta property=\"og:type\" content=\"article\" \/>\n<meta property=\"og:title\" content=\"Radiograf\u00eda\u00a0de cuerpo completo - ERRR MAGAZINE\" \/>\n<meta property=\"og:description\" content=\"Con un tema tan personal y sensorial como es el cuerpo, era inevitable evocar experiencias personales. Me sorprendi\u00f3 mucho notar que me costaba hablar de ciertos temas, lo que dificult\u00f3 el desarrollo y la conclusi\u00f3n de algunos poemas.\" \/>\n<meta property=\"og:url\" content=\"https:\/\/errr-magazine.com\/english\/radiografia-de-cuerpo-completo\/\" \/>\n<meta property=\"og:site_name\" content=\"ERRR MAGAZINE\" \/>\n<meta property=\"article:published_time\" content=\"2025-09-18T00:05:18+00:00\" \/>\n<meta property=\"article:modified_time\" content=\"2025-10-02T04:28:42+00:00\" \/>\n<meta property=\"og:image\" content=\"https:\/\/errr-magazine.com\/wp-content\/uploads\/2025\/09\/2-2.jpg\" \/>\n\t<meta property=\"og:image:width\" content=\"1600\" \/>\n\t<meta property=\"og:image:height\" content=\"952\" \/>\n\t<meta property=\"og:image:type\" content=\"image\/jpeg\" \/>\n<meta name=\"author\" content=\"Olympia R. Oliv\u00e1rez\" \/>\n<meta name=\"twitter:card\" content=\"summary_large_image\" \/>\n<meta name=\"twitter:label1\" content=\"Written by\" \/>\n\t<meta name=\"twitter:data1\" content=\"Olympia R. Oliv\u00e1rez\" \/>\n\t<meta name=\"twitter:label2\" content=\"Est. reading time\" \/>\n\t<meta name=\"twitter:data2\" content=\"5 minutes\" \/>\n<script type=\"application\/ld+json\" class=\"yoast-schema-graph\">{\"@context\":\"https:\/\/schema.org\",\"@graph\":[{\"@type\":\"Article\",\"@id\":\"https:\/\/errr-magazine.com\/radiografia-de-cuerpo-completo\/#article\",\"isPartOf\":{\"@id\":\"https:\/\/errr-magazine.com\/radiografia-de-cuerpo-completo\/\"},\"author\":{\"name\":\"Olympia R. Oliv\u00e1rez\",\"@id\":\"https:\/\/errr-magazine.com\/#\/schema\/person\/6df3eed7a5c3a49ce05f2a93433bb65d\"},\"headline\":\"Radiograf\u00eda\u00a0de cuerpo completo\",\"datePublished\":\"2025-09-18T00:05:18+00:00\",\"dateModified\":\"2025-10-02T04:28:42+00:00\",\"mainEntityOfPage\":{\"@id\":\"https:\/\/errr-magazine.com\/radiografia-de-cuerpo-completo\/\"},\"wordCount\":878,\"image\":{\"@id\":\"https:\/\/errr-magazine.com\/radiografia-de-cuerpo-completo\/#primaryimage\"},\"thumbnailUrl\":\"https:\/\/errr-magazine.com\/wp-content\/uploads\/2025\/09\/2-2.jpg\",\"articleSection\":[\"Artes visuales\"],\"inLanguage\":\"en-US\"},{\"@type\":\"WebPage\",\"@id\":\"https:\/\/errr-magazine.com\/radiografia-de-cuerpo-completo\/\",\"url\":\"https:\/\/errr-magazine.com\/radiografia-de-cuerpo-completo\/\",\"name\":\"Radiograf\u00eda\u00a0de cuerpo completo - ERRR MAGAZINE\",\"isPartOf\":{\"@id\":\"https:\/\/errr-magazine.com\/#website\"},\"primaryImageOfPage\":{\"@id\":\"https:\/\/errr-magazine.com\/radiografia-de-cuerpo-completo\/#primaryimage\"},\"image\":{\"@id\":\"https:\/\/errr-magazine.com\/radiografia-de-cuerpo-completo\/#primaryimage\"},\"thumbnailUrl\":\"https:\/\/errr-magazine.com\/wp-content\/uploads\/2025\/09\/2-2.jpg\",\"datePublished\":\"2025-09-18T00:05:18+00:00\",\"dateModified\":\"2025-10-02T04:28:42+00:00\",\"author\":{\"@id\":\"https:\/\/errr-magazine.com\/#\/schema\/person\/6df3eed7a5c3a49ce05f2a93433bb65d\"},\"breadcrumb\":{\"@id\":\"https:\/\/errr-magazine.com\/radiografia-de-cuerpo-completo\/#breadcrumb\"},\"inLanguage\":\"en-US\",\"potentialAction\":[{\"@type\":\"ReadAction\",\"target\":[\"https:\/\/errr-magazine.com\/radiografia-de-cuerpo-completo\/\"]}]},{\"@type\":\"ImageObject\",\"inLanguage\":\"en-US\",\"@id\":\"https:\/\/errr-magazine.com\/radiografia-de-cuerpo-completo\/#primaryimage\",\"url\":\"https:\/\/errr-magazine.com\/wp-content\/uploads\/2025\/09\/2-2.jpg\",\"contentUrl\":\"https:\/\/errr-magazine.com\/wp-content\/uploads\/2025\/09\/2-2.jpg\",\"width\":1600,\"height\":952},{\"@type\":\"BreadcrumbList\",\"@id\":\"https:\/\/errr-magazine.com\/radiografia-de-cuerpo-completo\/#breadcrumb\",\"itemListElement\":[{\"@type\":\"ListItem\",\"position\":1,\"name\":\"Portada\",\"item\":\"https:\/\/errr-magazine.com\/\"},{\"@type\":\"ListItem\",\"position\":2,\"name\":\"Radiograf\u00eda\u00a0de cuerpo completo\"}]},{\"@type\":\"WebSite\",\"@id\":\"https:\/\/errr-magazine.com\/#website\",\"url\":\"https:\/\/errr-magazine.com\/\",\"name\":\"ERRR MAGAZINE\",\"description\":\"\",\"potentialAction\":[{\"@type\":\"SearchAction\",\"target\":{\"@type\":\"EntryPoint\",\"urlTemplate\":\"https:\/\/errr-magazine.com\/?s={search_term_string}\"},\"query-input\":{\"@type\":\"PropertyValueSpecification\",\"valueRequired\":true,\"valueName\":\"search_term_string\"}}],\"inLanguage\":\"en-US\"},{\"@type\":\"Person\",\"@id\":\"https:\/\/errr-magazine.com\/#\/schema\/person\/6df3eed7a5c3a49ce05f2a93433bb65d\",\"name\":\"Olympia R. Oliv\u00e1rez\",\"image\":{\"@type\":\"ImageObject\",\"inLanguage\":\"en-US\",\"@id\":\"https:\/\/secure.gravatar.com\/avatar\/d57e6e3f1f8575fe639e482ae886dd80b2b062048a7886fd3b031322e34650b8?s=96&d=identicon&r=g\",\"url\":\"https:\/\/secure.gravatar.com\/avatar\/d57e6e3f1f8575fe639e482ae886dd80b2b062048a7886fd3b031322e34650b8?s=96&d=identicon&r=g\",\"contentUrl\":\"https:\/\/secure.gravatar.com\/avatar\/d57e6e3f1f8575fe639e482ae886dd80b2b062048a7886fd3b031322e34650b8?s=96&d=identicon&r=g\",\"caption\":\"Olympia R. Oliv\u00e1rez\"},\"description\":\"Caminante y autora de Radiograf\u00eda de cuerpo completo (P\u00e1gina Salm\u00f3n, 2023). Publica\u00a0en diversos medios f\u00edsicos y digitales. Escribe poes\u00eda, ensayo y narrativa.\",\"sameAs\":[\"https:\/\/www.instagram.com\/oly_ramz\"],\"url\":\"https:\/\/errr-magazine.com\/english\/author\/olympiaramirezo\/\"}]}<\/script>\n<!-- \/ Yoast SEO plugin. -->","yoast_head_json":{"title":"Radiograf\u00eda\u00a0de cuerpo completo - ERRR MAGAZINE","robots":{"index":"index","follow":"follow","max-snippet":"max-snippet:-1","max-image-preview":"max-image-preview:large","max-video-preview":"max-video-preview:-1"},"canonical":"https:\/\/errr-magazine.com\/english\/radiografia-de-cuerpo-completo\/","og_locale":"en_US","og_type":"article","og_title":"Radiograf\u00eda\u00a0de cuerpo completo - ERRR MAGAZINE","og_description":"Con un tema tan personal y sensorial como es el cuerpo, era inevitable evocar experiencias personales. Me sorprendi\u00f3 mucho notar que me costaba hablar de ciertos temas, lo que dificult\u00f3 el desarrollo y la conclusi\u00f3n de algunos poemas.","og_url":"https:\/\/errr-magazine.com\/english\/radiografia-de-cuerpo-completo\/","og_site_name":"ERRR MAGAZINE","article_published_time":"2025-09-18T00:05:18+00:00","article_modified_time":"2025-10-02T04:28:42+00:00","og_image":[{"width":1600,"height":952,"url":"https:\/\/errr-magazine.com\/wp-content\/uploads\/2025\/09\/2-2.jpg","type":"image\/jpeg"}],"author":"Olympia R. Oliv\u00e1rez","twitter_card":"summary_large_image","twitter_misc":{"Written by":"Olympia R. Oliv\u00e1rez","Est. reading time":"5 minutes"},"schema":{"@context":"https:\/\/schema.org","@graph":[{"@type":"Article","@id":"https:\/\/errr-magazine.com\/radiografia-de-cuerpo-completo\/#article","isPartOf":{"@id":"https:\/\/errr-magazine.com\/radiografia-de-cuerpo-completo\/"},"author":{"name":"Olympia R. Oliv\u00e1rez","@id":"https:\/\/errr-magazine.com\/#\/schema\/person\/6df3eed7a5c3a49ce05f2a93433bb65d"},"headline":"Radiograf\u00eda\u00a0de cuerpo completo","datePublished":"2025-09-18T00:05:18+00:00","dateModified":"2025-10-02T04:28:42+00:00","mainEntityOfPage":{"@id":"https:\/\/errr-magazine.com\/radiografia-de-cuerpo-completo\/"},"wordCount":878,"image":{"@id":"https:\/\/errr-magazine.com\/radiografia-de-cuerpo-completo\/#primaryimage"},"thumbnailUrl":"https:\/\/errr-magazine.com\/wp-content\/uploads\/2025\/09\/2-2.jpg","articleSection":["Artes visuales"],"inLanguage":"en-US"},{"@type":"WebPage","@id":"https:\/\/errr-magazine.com\/radiografia-de-cuerpo-completo\/","url":"https:\/\/errr-magazine.com\/radiografia-de-cuerpo-completo\/","name":"Radiograf\u00eda\u00a0de cuerpo completo - ERRR MAGAZINE","isPartOf":{"@id":"https:\/\/errr-magazine.com\/#website"},"primaryImageOfPage":{"@id":"https:\/\/errr-magazine.com\/radiografia-de-cuerpo-completo\/#primaryimage"},"image":{"@id":"https:\/\/errr-magazine.com\/radiografia-de-cuerpo-completo\/#primaryimage"},"thumbnailUrl":"https:\/\/errr-magazine.com\/wp-content\/uploads\/2025\/09\/2-2.jpg","datePublished":"2025-09-18T00:05:18+00:00","dateModified":"2025-10-02T04:28:42+00:00","author":{"@id":"https:\/\/errr-magazine.com\/#\/schema\/person\/6df3eed7a5c3a49ce05f2a93433bb65d"},"breadcrumb":{"@id":"https:\/\/errr-magazine.com\/radiografia-de-cuerpo-completo\/#breadcrumb"},"inLanguage":"en-US","potentialAction":[{"@type":"ReadAction","target":["https:\/\/errr-magazine.com\/radiografia-de-cuerpo-completo\/"]}]},{"@type":"ImageObject","inLanguage":"en-US","@id":"https:\/\/errr-magazine.com\/radiografia-de-cuerpo-completo\/#primaryimage","url":"https:\/\/errr-magazine.com\/wp-content\/uploads\/2025\/09\/2-2.jpg","contentUrl":"https:\/\/errr-magazine.com\/wp-content\/uploads\/2025\/09\/2-2.jpg","width":1600,"height":952},{"@type":"BreadcrumbList","@id":"https:\/\/errr-magazine.com\/radiografia-de-cuerpo-completo\/#breadcrumb","itemListElement":[{"@type":"ListItem","position":1,"name":"Portada","item":"https:\/\/errr-magazine.com\/"},{"@type":"ListItem","position":2,"name":"Radiograf\u00eda\u00a0de cuerpo completo"}]},{"@type":"WebSite","@id":"https:\/\/errr-magazine.com\/#website","url":"https:\/\/errr-magazine.com\/","name":"ERRR MAGAZINE","description":"","potentialAction":[{"@type":"SearchAction","target":{"@type":"EntryPoint","urlTemplate":"https:\/\/errr-magazine.com\/?s={search_term_string}"},"query-input":{"@type":"PropertyValueSpecification","valueRequired":true,"valueName":"search_term_string"}}],"inLanguage":"en-US"},{"@type":"Person","@id":"https:\/\/errr-magazine.com\/#\/schema\/person\/6df3eed7a5c3a49ce05f2a93433bb65d","name":"Olympia R. Oliv\u00e1rez","image":{"@type":"ImageObject","inLanguage":"en-US","@id":"https:\/\/secure.gravatar.com\/avatar\/d57e6e3f1f8575fe639e482ae886dd80b2b062048a7886fd3b031322e34650b8?s=96&d=identicon&r=g","url":"https:\/\/secure.gravatar.com\/avatar\/d57e6e3f1f8575fe639e482ae886dd80b2b062048a7886fd3b031322e34650b8?s=96&d=identicon&r=g","contentUrl":"https:\/\/secure.gravatar.com\/avatar\/d57e6e3f1f8575fe639e482ae886dd80b2b062048a7886fd3b031322e34650b8?s=96&d=identicon&r=g","caption":"Olympia R. Oliv\u00e1rez"},"description":"Caminante y autora de Radiograf\u00eda de cuerpo completo (P\u00e1gina Salm\u00f3n, 2023). Publica\u00a0en diversos medios f\u00edsicos y digitales. Escribe poes\u00eda, ensayo y narrativa.","sameAs":["https:\/\/www.instagram.com\/oly_ramz"],"url":"https:\/\/errr-magazine.com\/english\/author\/olympiaramirezo\/"}]}},"jetpack_featured_media_url":"https:\/\/errr-magazine.com\/wp-content\/uploads\/2025\/09\/2-2.jpg","jetpack-related-posts":[{"id":154586,"url":"https:\/\/errr-magazine.com\/english\/pastillas\/","url_meta":{"origin":193098,"position":0},"title":"Tablets","author":"mviloriamviloriamviloria","date":"02\/09\/2019","format":false,"excerpt":"Tomo una pastilla que no hace efecto. Hace ya un a\u00f1o que la tomo, mi cuerpo est\u00e1 acostumbrado. La ansiedad se asienta de a poco pero sin hacer silencio. Primero siempre la mente. Pensamientos que van y vienen. Buenos y malos. Ganan los malos. Tomo otra pastilla. Ruego que haga\u2026","rel":"","context":"In &quot;Textos&quot;","block_context":{"text":"Textos","link":"https:\/\/errr-magazine.com\/english\/category\/textos\/"},"img":{"alt_text":"","src":"","width":0,"height":0},"classes":[]},{"id":127629,"url":"https:\/\/errr-magazine.com\/english\/algunas-noches-en-mi-cama\/","url_meta":{"origin":193098,"position":1},"title":"Algunas noches en mi cama","author":"Alejandro Liscano","date":"01\/19\/2018","format":false,"excerpt":"Vi\u00e9ndola con sus pies levantados, apoyados al marco de la ventana le digo que esta hermosa. Ella sonr\u00ede, mueve los delicados dedos de sus pies como si jugara con ellos y me regala una sonrisa coqueta. Sus dedos, sensualmente pintados de un rojo carmes\u00ed que resalta su piel morena generan\u2026","rel":"","context":"In &quot;Textos&quot;","block_context":{"text":"Textos","link":"https:\/\/errr-magazine.com\/english\/category\/textos\/"},"img":{"alt_text":"","src":"","width":0,"height":0},"classes":[]},{"id":198114,"url":"https:\/\/errr-magazine.com\/english\/un-ritmo-propio\/","url_meta":{"origin":193098,"position":2},"title":"Own pace","author":"Wendy S\u00e1nchez Aldana Islas","date":"01\/21\/2026","format":false,"excerpt":"Suddenly, every person walking beside me becomes the author of something important. I don\u2019t know exactly what, and I\u2019m not concerned with finding out. Some knowledge is spoiled the moment it is named.","rel":"","context":"In &quot;Narrativa&quot;","block_context":{"text":"Narrativa","link":"https:\/\/errr-magazine.com\/english\/category\/writing\/narrativa\/"},"img":{"alt_text":"","src":"https:\/\/i0.wp.com\/errr-magazine.com\/wp-content\/uploads\/2026\/01\/000115-036-VK.jpeg?resize=350%2C200&ssl=1","width":350,"height":200,"srcset":"https:\/\/i0.wp.com\/errr-magazine.com\/wp-content\/uploads\/2026\/01\/000115-036-VK.jpeg?resize=350%2C200&ssl=1 1x, https:\/\/i0.wp.com\/errr-magazine.com\/wp-content\/uploads\/2026\/01\/000115-036-VK.jpeg?resize=525%2C300&ssl=1 1.5x, https:\/\/i0.wp.com\/errr-magazine.com\/wp-content\/uploads\/2026\/01\/000115-036-VK.jpeg?resize=700%2C400&ssl=1 2x, https:\/\/i0.wp.com\/errr-magazine.com\/wp-content\/uploads\/2026\/01\/000115-036-VK.jpeg?resize=1050%2C600&ssl=1 3x, https:\/\/i0.wp.com\/errr-magazine.com\/wp-content\/uploads\/2026\/01\/000115-036-VK.jpeg?resize=1400%2C800&ssl=1 4x"},"classes":[]},{"id":158117,"url":"https:\/\/errr-magazine.com\/english\/me-duele-que-me-dueles\/","url_meta":{"origin":193098,"position":3},"title":"Me duele que me dueles","author":"Amarilis Acevedo","date":"04\/23\/2020","format":false,"excerpt":"Jam\u00e1s imagin\u00e9 que llegar\u00eda a sentir tanto por alguien y de repente aparece un tipo, un\u00a0desconocido, que logr\u00f3 que me encontrara en su\u00a0amor, un amor algo extra\u00f1o, un amor lejano. Despu\u00e9s de tantos meses de espera,\u00a0incertidumbre, te conoc\u00ed, lleg\u00f3 el d\u00eda en que nuestras almas se cruzaron, que te bes\u00e9,\u2026","rel":"","context":"In &quot;Textos&quot;","block_context":{"text":"Textos","link":"https:\/\/errr-magazine.com\/english\/category\/textos\/"},"img":{"alt_text":"","src":"","width":0,"height":0},"classes":[]},{"id":173207,"url":"https:\/\/errr-magazine.com\/english\/te-deje-de-querer-y-no-me-habia-dado-cuenta\/","url_meta":{"origin":193098,"position":4},"title":"Te deje de querer y no me hab\u00eda dado cuenta.","author":"Jessica Gir\u00f3n","date":"07\/08\/2021","format":false,"excerpt":"Reconoc\u00ed esa sensaci\u00f3n en mi cuerpo, hast\u00edo, falta de amor, carencia, me sent\u00eda desarmada y a la vez me invad\u00eda un poco de repugnancia por mi persona.\u00a0 La escena era una r\u00e9plica de mi vida,\u00a0 lo hab\u00eda vivido antes. Recuerdo bien, he estado en este mismo lugar, es una constante\u2026","rel":"","context":"In &quot;Textos&quot;","block_context":{"text":"Textos","link":"https:\/\/errr-magazine.com\/english\/category\/textos\/"},"img":{"alt_text":"","src":"","width":0,"height":0},"classes":[]},{"id":202654,"url":"https:\/\/errr-magazine.com\/english\/ese-verano\/","url_meta":{"origin":193098,"position":5},"title":"That Summer","author":"Mary Fer Garc\u00eda","date":"03\/18\/2026","format":false,"excerpt":"That summer we worked side by side, slowly learning each other\u2019s names, our stories, and the quiet ways our souls seemed to understand one another, even if our bodies never crossed that line.","rel":"","context":"In &quot;Narrativa&quot;","block_context":{"text":"Narrativa","link":"https:\/\/errr-magazine.com\/english\/category\/writing\/narrativa\/"},"img":{"alt_text":"","src":"https:\/\/i0.wp.com\/errr-magazine.com\/wp-content\/uploads\/2026\/03\/4-7-rotated.jpg?resize=350%2C200&ssl=1","width":350,"height":200,"srcset":"https:\/\/i0.wp.com\/errr-magazine.com\/wp-content\/uploads\/2026\/03\/4-7-rotated.jpg?resize=350%2C200&ssl=1 1x, https:\/\/i0.wp.com\/errr-magazine.com\/wp-content\/uploads\/2026\/03\/4-7-rotated.jpg?resize=525%2C300&ssl=1 1.5x, https:\/\/i0.wp.com\/errr-magazine.com\/wp-content\/uploads\/2026\/03\/4-7-rotated.jpg?resize=700%2C400&ssl=1 2x, https:\/\/i0.wp.com\/errr-magazine.com\/wp-content\/uploads\/2026\/03\/4-7-rotated.jpg?resize=1050%2C600&ssl=1 3x, https:\/\/i0.wp.com\/errr-magazine.com\/wp-content\/uploads\/2026\/03\/4-7-rotated.jpg?resize=1400%2C800&ssl=1 4x"},"classes":[]}],"jetpack_sharing_enabled":true,"mfb_rest_fields":["title","yoast_head","yoast_head_json","jetpack_featured_media_url","jetpack-related-posts","jetpack_sharing_enabled"],"_links":{"self":[{"href":"https:\/\/errr-magazine.com\/english\/wp-json\/wp\/v2\/posts\/193098","targetHints":{"allow":["GET"]}}],"collection":[{"href":"https:\/\/errr-magazine.com\/english\/wp-json\/wp\/v2\/posts"}],"about":[{"href":"https:\/\/errr-magazine.com\/english\/wp-json\/wp\/v2\/types\/post"}],"author":[{"embeddable":true,"href":"https:\/\/errr-magazine.com\/english\/wp-json\/wp\/v2\/users\/7932"}],"replies":[{"embeddable":true,"href":"https:\/\/errr-magazine.com\/english\/wp-json\/wp\/v2\/comments?post=193098"}],"version-history":[{"count":1,"href":"https:\/\/errr-magazine.com\/english\/wp-json\/wp\/v2\/posts\/193098\/revisions"}],"predecessor-version":[{"id":193104,"href":"https:\/\/errr-magazine.com\/english\/wp-json\/wp\/v2\/posts\/193098\/revisions\/193104"}],"wp:featuredmedia":[{"embeddable":true,"href":"https:\/\/errr-magazine.com\/english\/wp-json\/wp\/v2\/media\/193099"}],"wp:attachment":[{"href":"https:\/\/errr-magazine.com\/english\/wp-json\/wp\/v2\/media?parent=193098"}],"wp:term":[{"taxonomy":"category","embeddable":true,"href":"https:\/\/errr-magazine.com\/english\/wp-json\/wp\/v2\/categories?post=193098"},{"taxonomy":"post_tag","embeddable":true,"href":"https:\/\/errr-magazine.com\/english\/wp-json\/wp\/v2\/tags?post=193098"}],"curies":[{"name":"wp","href":"https:\/\/api.w.org\/{rel}","templated":true}]}}