{"id":192474,"date":"2025-08-30T17:14:05","date_gmt":"2025-08-30T23:14:05","guid":{"rendered":"https:\/\/errr-magazine.com\/?p=192474"},"modified":"2025-08-30T17:14:30","modified_gmt":"2025-08-30T23:14:30","slug":"la-indolencia","status":"publish","type":"post","link":"https:\/\/errr-magazine.com\/english\/la-indolencia\/","title":{"rendered":"La indolencia"},"content":{"rendered":"<p>Tu presencia tiene fallas geol\u00f3gicas.<br>Cada vez que aparece,<br>me desnivela.<\/p>\n\n\n\n<p>Est\u00e1s.<br>Y eso ya es un crimen menor<br>del que no quiero salvaci\u00f3n.<\/p>\n\n\n\n<p>Hoy pens\u00e9 que podr\u00edas ser<br>un mueble sin historia<br>o una palabra extraviada<br>en un idioma que a\u00fan no inventamos.<\/p>\n\n\n\n<p>A veces te quiero<br>desde el lugar donde no existes,<br>desde lo que no eres,<br>desde el error<br>de haberte imaginado.<\/p>\n\n\n\n<p><a href=\"https:\/\/www.flickr.com\/photos\/dancearoundaworldburningdown\/\">Fotograf\u00eda por Miguel Palhinha<\/a><\/p>","protected":false},"excerpt":{"rendered":"<p>Est\u00e1s. Y eso ya es un crimen menor del que no quiero salvaci\u00f3n. Hoy pens\u00e9 que podr\u00edas ser un mueble sin historia o una palabra extraviada en un idioma que a\u00fan no inventamos.<\/p>","protected":false},"author":7805,"featured_media":192476,"comment_status":"closed","ping_status":"closed","sticky":false,"template":"","format":"standard","meta":{"_acf_changed":false,"cybocfi_hide_featured_image":"","_jetpack_memberships_contains_paid_content":false,"footnotes":""},"categories":[17385],"tags":[],"class_list":["post-192474","post","type-post","status-publish","format-standard","has-post-thumbnail","hentry","category-writing"],"acf":[],"mb":[],"yoast_head":"<!-- This site is optimized with the Yoast SEO plugin v27.2 - https:\/\/yoast.com\/product\/yoast-seo-wordpress\/ -->\n<title>La indolencia - ERRR MAGAZINE<\/title>\n<meta name=\"robots\" content=\"index, follow, max-snippet:-1, max-image-preview:large, max-video-preview:-1\" \/>\n<link rel=\"canonical\" href=\"https:\/\/errr-magazine.com\/english\/la-indolencia\/\" \/>\n<meta property=\"og:locale\" content=\"en_US\" \/>\n<meta property=\"og:type\" content=\"article\" \/>\n<meta property=\"og:title\" content=\"La indolencia - ERRR MAGAZINE\" \/>\n<meta property=\"og:description\" content=\"Est\u00e1s. Y eso ya es un crimen menor del que no quiero salvaci\u00f3n. Hoy pens\u00e9 que podr\u00edas ser un mueble sin historia o una palabra extraviada en un idioma que a\u00fan no inventamos.\" \/>\n<meta property=\"og:url\" content=\"https:\/\/errr-magazine.com\/english\/la-indolencia\/\" \/>\n<meta property=\"og:site_name\" content=\"ERRR MAGAZINE\" \/>\n<meta property=\"article:published_time\" content=\"2025-08-30T23:14:05+00:00\" \/>\n<meta property=\"article:modified_time\" content=\"2025-08-30T23:14:30+00:00\" \/>\n<meta property=\"og:image\" content=\"https:\/\/errr-magazine.com\/wp-content\/uploads\/2025\/08\/24666385848_ec48eedd3a_k.jpg\" \/>\n\t<meta property=\"og:image:width\" content=\"2048\" \/>\n\t<meta property=\"og:image:height\" content=\"1392\" \/>\n\t<meta property=\"og:image:type\" content=\"image\/jpeg\" \/>\n<meta name=\"author\" content=\"Ana Victoria Guevara\" \/>\n<meta name=\"twitter:card\" content=\"summary_large_image\" \/>\n<meta name=\"twitter:label1\" content=\"Written by\" \/>\n\t<meta name=\"twitter:data1\" content=\"Ana Victoria Guevara\" \/>\n\t<meta name=\"twitter:label2\" content=\"Est. reading time\" \/>\n\t<meta name=\"twitter:data2\" content=\"1 minute\" \/>\n<script type=\"application\/ld+json\" class=\"yoast-schema-graph\">{\"@context\":\"https:\/\/schema.org\",\"@graph\":[{\"@type\":\"Article\",\"@id\":\"https:\/\/errr-magazine.com\/la-indolencia\/#article\",\"isPartOf\":{\"@id\":\"https:\/\/errr-magazine.com\/la-indolencia\/\"},\"author\":{\"name\":\"Ana Victoria Guevara\",\"@id\":\"https:\/\/errr-magazine.com\/#\/schema\/person\/2d1a27d3bebf6daf95a756fa53516f80\"},\"headline\":\"La indolencia\",\"datePublished\":\"2025-08-30T23:14:05+00:00\",\"dateModified\":\"2025-08-30T23:14:30+00:00\",\"mainEntityOfPage\":{\"@id\":\"https:\/\/errr-magazine.com\/la-indolencia\/\"},\"wordCount\":71,\"image\":{\"@id\":\"https:\/\/errr-magazine.com\/la-indolencia\/#primaryimage\"},\"thumbnailUrl\":\"https:\/\/errr-magazine.com\/wp-content\/uploads\/2025\/08\/24666385848_ec48eedd3a_k.jpg\",\"articleSection\":[\"Writing\"],\"inLanguage\":\"en-US\"},{\"@type\":\"WebPage\",\"@id\":\"https:\/\/errr-magazine.com\/la-indolencia\/\",\"url\":\"https:\/\/errr-magazine.com\/la-indolencia\/\",\"name\":\"La indolencia - ERRR MAGAZINE\",\"isPartOf\":{\"@id\":\"https:\/\/errr-magazine.com\/#website\"},\"primaryImageOfPage\":{\"@id\":\"https:\/\/errr-magazine.com\/la-indolencia\/#primaryimage\"},\"image\":{\"@id\":\"https:\/\/errr-magazine.com\/la-indolencia\/#primaryimage\"},\"thumbnailUrl\":\"https:\/\/errr-magazine.com\/wp-content\/uploads\/2025\/08\/24666385848_ec48eedd3a_k.jpg\",\"datePublished\":\"2025-08-30T23:14:05+00:00\",\"dateModified\":\"2025-08-30T23:14:30+00:00\",\"author\":{\"@id\":\"https:\/\/errr-magazine.com\/#\/schema\/person\/2d1a27d3bebf6daf95a756fa53516f80\"},\"breadcrumb\":{\"@id\":\"https:\/\/errr-magazine.com\/la-indolencia\/#breadcrumb\"},\"inLanguage\":\"en-US\",\"potentialAction\":[{\"@type\":\"ReadAction\",\"target\":[\"https:\/\/errr-magazine.com\/la-indolencia\/\"]}]},{\"@type\":\"ImageObject\",\"inLanguage\":\"en-US\",\"@id\":\"https:\/\/errr-magazine.com\/la-indolencia\/#primaryimage\",\"url\":\"https:\/\/errr-magazine.com\/wp-content\/uploads\/2025\/08\/24666385848_ec48eedd3a_k.jpg\",\"contentUrl\":\"https:\/\/errr-magazine.com\/wp-content\/uploads\/2025\/08\/24666385848_ec48eedd3a_k.jpg\",\"width\":2048,\"height\":1392},{\"@type\":\"BreadcrumbList\",\"@id\":\"https:\/\/errr-magazine.com\/la-indolencia\/#breadcrumb\",\"itemListElement\":[{\"@type\":\"ListItem\",\"position\":1,\"name\":\"Portada\",\"item\":\"https:\/\/errr-magazine.com\/\"},{\"@type\":\"ListItem\",\"position\":2,\"name\":\"La indolencia\"}]},{\"@type\":\"WebSite\",\"@id\":\"https:\/\/errr-magazine.com\/#website\",\"url\":\"https:\/\/errr-magazine.com\/\",\"name\":\"ERRR MAGAZINE\",\"description\":\"\",\"potentialAction\":[{\"@type\":\"SearchAction\",\"target\":{\"@type\":\"EntryPoint\",\"urlTemplate\":\"https:\/\/errr-magazine.com\/?s={search_term_string}\"},\"query-input\":{\"@type\":\"PropertyValueSpecification\",\"valueRequired\":true,\"valueName\":\"search_term_string\"}}],\"inLanguage\":\"en-US\"},{\"@type\":\"Person\",\"@id\":\"https:\/\/errr-magazine.com\/#\/schema\/person\/2d1a27d3bebf6daf95a756fa53516f80\",\"name\":\"Ana Victoria Guevara\",\"image\":{\"@type\":\"ImageObject\",\"inLanguage\":\"en-US\",\"@id\":\"https:\/\/secure.gravatar.com\/avatar\/efa6763cad10aeb82c692512d0c92fae9c190cd1e31ac781696baa4d4474b2fd?s=96&d=identicon&r=g\",\"url\":\"https:\/\/secure.gravatar.com\/avatar\/efa6763cad10aeb82c692512d0c92fae9c190cd1e31ac781696baa4d4474b2fd?s=96&d=identicon&r=g\",\"contentUrl\":\"https:\/\/secure.gravatar.com\/avatar\/efa6763cad10aeb82c692512d0c92fae9c190cd1e31ac781696baa4d4474b2fd?s=96&d=identicon&r=g\",\"caption\":\"Ana Victoria Guevara\"},\"description\":\"Naci\u00f3 en Los Mochis pero creci\u00f3 en la Ciudad de M\u00e9xico. Es abogada de profesi\u00f3n y como escritora, ha publicado art\u00edculos, ensayos y poes\u00eda en diversos medios. Le encantan las pel\u00edculas de Almod\u00f3var, la m\u00fasica electr\u00f3nica, los pasteles verdes, los poemas, la lluvia y que haga fr\u00edo.\",\"sameAs\":[\"https:\/\/www.instagram.com\/anbck___\"],\"url\":\"https:\/\/errr-magazine.com\/english\/author\/avguevara1\/\"}]}<\/script>\n<!-- \/ Yoast SEO plugin. -->","yoast_head_json":{"title":"La indolencia - ERRR MAGAZINE","robots":{"index":"index","follow":"follow","max-snippet":"max-snippet:-1","max-image-preview":"max-image-preview:large","max-video-preview":"max-video-preview:-1"},"canonical":"https:\/\/errr-magazine.com\/english\/la-indolencia\/","og_locale":"en_US","og_type":"article","og_title":"La indolencia - ERRR MAGAZINE","og_description":"Est\u00e1s. Y eso ya es un crimen menor del que no quiero salvaci\u00f3n. Hoy pens\u00e9 que podr\u00edas ser un mueble sin historia o una palabra extraviada en un idioma que a\u00fan no inventamos.","og_url":"https:\/\/errr-magazine.com\/english\/la-indolencia\/","og_site_name":"ERRR MAGAZINE","article_published_time":"2025-08-30T23:14:05+00:00","article_modified_time":"2025-08-30T23:14:30+00:00","og_image":[{"width":2048,"height":1392,"url":"https:\/\/errr-magazine.com\/wp-content\/uploads\/2025\/08\/24666385848_ec48eedd3a_k.jpg","type":"image\/jpeg"}],"author":"Ana Victoria Guevara","twitter_card":"summary_large_image","twitter_misc":{"Written by":"Ana Victoria Guevara","Est. reading time":"1 minute"},"schema":{"@context":"https:\/\/schema.org","@graph":[{"@type":"Article","@id":"https:\/\/errr-magazine.com\/la-indolencia\/#article","isPartOf":{"@id":"https:\/\/errr-magazine.com\/la-indolencia\/"},"author":{"name":"Ana Victoria Guevara","@id":"https:\/\/errr-magazine.com\/#\/schema\/person\/2d1a27d3bebf6daf95a756fa53516f80"},"headline":"La indolencia","datePublished":"2025-08-30T23:14:05+00:00","dateModified":"2025-08-30T23:14:30+00:00","mainEntityOfPage":{"@id":"https:\/\/errr-magazine.com\/la-indolencia\/"},"wordCount":71,"image":{"@id":"https:\/\/errr-magazine.com\/la-indolencia\/#primaryimage"},"thumbnailUrl":"https:\/\/errr-magazine.com\/wp-content\/uploads\/2025\/08\/24666385848_ec48eedd3a_k.jpg","articleSection":["Writing"],"inLanguage":"en-US"},{"@type":"WebPage","@id":"https:\/\/errr-magazine.com\/la-indolencia\/","url":"https:\/\/errr-magazine.com\/la-indolencia\/","name":"La indolencia - ERRR MAGAZINE","isPartOf":{"@id":"https:\/\/errr-magazine.com\/#website"},"primaryImageOfPage":{"@id":"https:\/\/errr-magazine.com\/la-indolencia\/#primaryimage"},"image":{"@id":"https:\/\/errr-magazine.com\/la-indolencia\/#primaryimage"},"thumbnailUrl":"https:\/\/errr-magazine.com\/wp-content\/uploads\/2025\/08\/24666385848_ec48eedd3a_k.jpg","datePublished":"2025-08-30T23:14:05+00:00","dateModified":"2025-08-30T23:14:30+00:00","author":{"@id":"https:\/\/errr-magazine.com\/#\/schema\/person\/2d1a27d3bebf6daf95a756fa53516f80"},"breadcrumb":{"@id":"https:\/\/errr-magazine.com\/la-indolencia\/#breadcrumb"},"inLanguage":"en-US","potentialAction":[{"@type":"ReadAction","target":["https:\/\/errr-magazine.com\/la-indolencia\/"]}]},{"@type":"ImageObject","inLanguage":"en-US","@id":"https:\/\/errr-magazine.com\/la-indolencia\/#primaryimage","url":"https:\/\/errr-magazine.com\/wp-content\/uploads\/2025\/08\/24666385848_ec48eedd3a_k.jpg","contentUrl":"https:\/\/errr-magazine.com\/wp-content\/uploads\/2025\/08\/24666385848_ec48eedd3a_k.jpg","width":2048,"height":1392},{"@type":"BreadcrumbList","@id":"https:\/\/errr-magazine.com\/la-indolencia\/#breadcrumb","itemListElement":[{"@type":"ListItem","position":1,"name":"Portada","item":"https:\/\/errr-magazine.com\/"},{"@type":"ListItem","position":2,"name":"La indolencia"}]},{"@type":"WebSite","@id":"https:\/\/errr-magazine.com\/#website","url":"https:\/\/errr-magazine.com\/","name":"ERRR MAGAZINE","description":"","potentialAction":[{"@type":"SearchAction","target":{"@type":"EntryPoint","urlTemplate":"https:\/\/errr-magazine.com\/?s={search_term_string}"},"query-input":{"@type":"PropertyValueSpecification","valueRequired":true,"valueName":"search_term_string"}}],"inLanguage":"en-US"},{"@type":"Person","@id":"https:\/\/errr-magazine.com\/#\/schema\/person\/2d1a27d3bebf6daf95a756fa53516f80","name":"Ana Victoria Guevara","image":{"@type":"ImageObject","inLanguage":"en-US","@id":"https:\/\/secure.gravatar.com\/avatar\/efa6763cad10aeb82c692512d0c92fae9c190cd1e31ac781696baa4d4474b2fd?s=96&d=identicon&r=g","url":"https:\/\/secure.gravatar.com\/avatar\/efa6763cad10aeb82c692512d0c92fae9c190cd1e31ac781696baa4d4474b2fd?s=96&d=identicon&r=g","contentUrl":"https:\/\/secure.gravatar.com\/avatar\/efa6763cad10aeb82c692512d0c92fae9c190cd1e31ac781696baa4d4474b2fd?s=96&d=identicon&r=g","caption":"Ana Victoria Guevara"},"description":"Naci\u00f3 en Los Mochis pero creci\u00f3 en la Ciudad de M\u00e9xico. Es abogada de profesi\u00f3n y como escritora, ha publicado art\u00edculos, ensayos y poes\u00eda en diversos medios. Le encantan las pel\u00edculas de Almod\u00f3var, la m\u00fasica electr\u00f3nica, los pasteles verdes, los poemas, la lluvia y que haga fr\u00edo.","sameAs":["https:\/\/www.instagram.com\/anbck___"],"url":"https:\/\/errr-magazine.com\/english\/author\/avguevara1\/"}]}},"jetpack_featured_media_url":"https:\/\/errr-magazine.com\/wp-content\/uploads\/2025\/08\/24666385848_ec48eedd3a_k.jpg","jetpack-related-posts":[{"id":203240,"url":"https:\/\/errr-magazine.com\/english\/aqui-dice-letras\/","url_meta":{"origin":192474,"position":0},"title":"It Says: Letters","author":"Gabriela Ram\u00edrez","date":"03\/27\/2026","format":false,"excerpt":"I\u2019ve written you many others with touches of madness, mixed with sweetness\u2014born from my fascination with Benedetti\u2014paradoxes because of Borges, or pieces that lack a bit of sense in the spirit of Sabines.","rel":"","context":"In &quot;Narrativa&quot;","block_context":{"text":"Narrativa","link":"https:\/\/errr-magazine.com\/english\/category\/writing\/narrativa\/"},"img":{"alt_text":"","src":"https:\/\/i0.wp.com\/errr-magazine.com\/wp-content\/uploads\/2026\/03\/Copia-de-2-scaled.jpg?resize=350%2C200&ssl=1","width":350,"height":200,"srcset":"https:\/\/i0.wp.com\/errr-magazine.com\/wp-content\/uploads\/2026\/03\/Copia-de-2-scaled.jpg?resize=350%2C200&ssl=1 1x, https:\/\/i0.wp.com\/errr-magazine.com\/wp-content\/uploads\/2026\/03\/Copia-de-2-scaled.jpg?resize=525%2C300&ssl=1 1.5x, https:\/\/i0.wp.com\/errr-magazine.com\/wp-content\/uploads\/2026\/03\/Copia-de-2-scaled.jpg?resize=700%2C400&ssl=1 2x, https:\/\/i0.wp.com\/errr-magazine.com\/wp-content\/uploads\/2026\/03\/Copia-de-2-scaled.jpg?resize=1050%2C600&ssl=1 3x, https:\/\/i0.wp.com\/errr-magazine.com\/wp-content\/uploads\/2026\/03\/Copia-de-2-scaled.jpg?resize=1400%2C800&ssl=1 4x"},"classes":[]},{"id":202039,"url":"https:\/\/errr-magazine.com\/english\/de-mi-idioma\/","url_meta":{"origin":192474,"position":1},"title":"From My Language","author":"Maria Ivanna","date":"03\/10\/2026","format":false,"excerpt":"My tongue holds me, and I hold it as my home and my eternal friend. We keep forever the answer to people\u2019s anxious doubt. I show it my cave, I perform an autopsy on myself, and it gives me the word\u2014the sacred word.","rel":"","context":"In &quot;Poes\u00eda&quot;","block_context":{"text":"Poes\u00eda","link":"https:\/\/errr-magazine.com\/english\/category\/writing\/poesia\/"},"img":{"alt_text":"","src":"https:\/\/i0.wp.com\/errr-magazine.com\/wp-content\/uploads\/2026\/03\/ScanImage398427-1-scaled.jpg?resize=350%2C200&ssl=1","width":350,"height":200,"srcset":"https:\/\/i0.wp.com\/errr-magazine.com\/wp-content\/uploads\/2026\/03\/ScanImage398427-1-scaled.jpg?resize=350%2C200&ssl=1 1x, https:\/\/i0.wp.com\/errr-magazine.com\/wp-content\/uploads\/2026\/03\/ScanImage398427-1-scaled.jpg?resize=525%2C300&ssl=1 1.5x, https:\/\/i0.wp.com\/errr-magazine.com\/wp-content\/uploads\/2026\/03\/ScanImage398427-1-scaled.jpg?resize=700%2C400&ssl=1 2x, https:\/\/i0.wp.com\/errr-magazine.com\/wp-content\/uploads\/2026\/03\/ScanImage398427-1-scaled.jpg?resize=1050%2C600&ssl=1 3x, https:\/\/i0.wp.com\/errr-magazine.com\/wp-content\/uploads\/2026\/03\/ScanImage398427-1-scaled.jpg?resize=1400%2C800&ssl=1 4x"},"classes":[]},{"id":186050,"url":"https:\/\/errr-magazine.com\/english\/un-dia-en-paris\/","url_meta":{"origin":192474,"position":2},"title":"Un d\u00eda en Par\u00eds","author":"Nora Silva","date":"10\/27\/2023","format":false,"excerpt":"Hab\u00eda llegado el fin de mi traves\u00eda que inici\u00f3 6 meses atr\u00e1s. Hui de mi realidad para enfrentarme a la aventura de viajar sola en un pa\u00eds extra\u00f1o. No pod\u00eda creer que tan r\u00e1pido hab\u00eda pasado el tiempo, no s\u00e9 en qu\u00e9 momento hab\u00eda terminado viviendo por 6 meses al\u2026","rel":"","context":"In &quot;Textos&quot;","block_context":{"text":"Textos","link":"https:\/\/errr-magazine.com\/english\/category\/textos\/"},"img":{"alt_text":"","src":"https:\/\/i0.wp.com\/errr-magazine.com\/wp-content\/uploads\/2023\/10\/51323673671_d38ca992b0_k.jpg?resize=350%2C200&ssl=1","width":350,"height":200,"srcset":"https:\/\/i0.wp.com\/errr-magazine.com\/wp-content\/uploads\/2023\/10\/51323673671_d38ca992b0_k.jpg?resize=350%2C200&ssl=1 1x, https:\/\/i0.wp.com\/errr-magazine.com\/wp-content\/uploads\/2023\/10\/51323673671_d38ca992b0_k.jpg?resize=525%2C300&ssl=1 1.5x, https:\/\/i0.wp.com\/errr-magazine.com\/wp-content\/uploads\/2023\/10\/51323673671_d38ca992b0_k.jpg?resize=700%2C400&ssl=1 2x, https:\/\/i0.wp.com\/errr-magazine.com\/wp-content\/uploads\/2023\/10\/51323673671_d38ca992b0_k.jpg?resize=1050%2C600&ssl=1 3x, https:\/\/i0.wp.com\/errr-magazine.com\/wp-content\/uploads\/2023\/10\/51323673671_d38ca992b0_k.jpg?resize=1400%2C800&ssl=1 4x"},"classes":[]},{"id":140365,"url":"https:\/\/errr-magazine.com\/english\/fungi\/","url_meta":{"origin":192474,"position":3},"title":"Fungi","author":"Mart\u00edn Avechuco","date":"01\/11\/2019","format":false,"excerpt":"\u201c\u2026\u201d: Tengo el ensayo en el que seres interdimensionales parafrasean a Chomsky. Los inventores inventando que inventan que la lengua se interpola con la diarrea de los pensadores m\u00e1s reconocidos en la actualidad; cacof\u00f3nico crecimiento en el pensar que sangra. Sangra, sangra, sangra. De pronto soy toda la basura que\u2026","rel":"","context":"In &quot;Textos&quot;","block_context":{"text":"Textos","link":"https:\/\/errr-magazine.com\/english\/category\/textos\/"},"img":{"alt_text":"","src":"","width":0,"height":0},"classes":[]},{"id":137432,"url":"https:\/\/errr-magazine.com\/english\/en-tu-cuerpo-o-en-el-mio\/","url_meta":{"origin":192474,"position":4},"title":"\u00bfEn tu cuerpo o en el m\u00edo?","author":"Mayahuel","date":"09\/08\/2018","format":false,"excerpt":"Nuestros cuerpos siempre buscan la forma de encontrarse \u00a0 Llenos de ansiedad, miedos y dolor nos buscamos entre la primera luz de la ma\u00f1ana o la oscuridad de la noche Entre tanta desgracia, vac\u00edo y tormento puedo mirar tu cara y saber que no todo est\u00e1 perdido Quiero tenerte toda\u2026","rel":"","context":"In &quot;Textos&quot;","block_context":{"text":"Textos","link":"https:\/\/errr-magazine.com\/english\/category\/textos\/"},"img":{"alt_text":"","src":"https:\/\/i0.wp.com\/errr-magazine.com\/wp-content\/uploads\/2018\/08\/Captura-de-pantalla-2018-09-08-a-las-13.01.15.png?resize=350%2C200&ssl=1","width":350,"height":200,"srcset":"https:\/\/i0.wp.com\/errr-magazine.com\/wp-content\/uploads\/2018\/08\/Captura-de-pantalla-2018-09-08-a-las-13.01.15.png?resize=350%2C200&ssl=1 1x, https:\/\/i0.wp.com\/errr-magazine.com\/wp-content\/uploads\/2018\/08\/Captura-de-pantalla-2018-09-08-a-las-13.01.15.png?resize=525%2C300&ssl=1 1.5x, https:\/\/i0.wp.com\/errr-magazine.com\/wp-content\/uploads\/2018\/08\/Captura-de-pantalla-2018-09-08-a-las-13.01.15.png?resize=700%2C400&ssl=1 2x"},"classes":[]},{"id":186715,"url":"https:\/\/errr-magazine.com\/english\/incordio\/","url_meta":{"origin":192474,"position":5},"title":"Incordio","author":"Joaqu\u00edn Garc\u00e9s","date":"12\/24\/2023","format":false,"excerpt":"Si el tiempo en verdad hablaraprobablemente no nos dir\u00eda nada,ni hablar\u00eda nuestros idiomas. Tampoco utilizar\u00eda palabras;esto puede dar pie a conjeturarque en realidad nos est\u00e1 hablandode una forma que s\u00f3lo \u00e9l puede hacerlo,mas sin embargo no comprendemos. Pero, si el tiempo en verdad existey no es una cosa m\u00e1sque inventamos\u2026","rel":"","context":"In &quot;Textos&quot;","block_context":{"text":"Textos","link":"https:\/\/errr-magazine.com\/english\/category\/textos\/"},"img":{"alt_text":"","src":"https:\/\/i0.wp.com\/errr-magazine.com\/wp-content\/uploads\/2023\/12\/000010460020.jpg?resize=350%2C200&ssl=1","width":350,"height":200,"srcset":"https:\/\/i0.wp.com\/errr-magazine.com\/wp-content\/uploads\/2023\/12\/000010460020.jpg?resize=350%2C200&ssl=1 1x, https:\/\/i0.wp.com\/errr-magazine.com\/wp-content\/uploads\/2023\/12\/000010460020.jpg?resize=525%2C300&ssl=1 1.5x, https:\/\/i0.wp.com\/errr-magazine.com\/wp-content\/uploads\/2023\/12\/000010460020.jpg?resize=700%2C400&ssl=1 2x"},"classes":[]}],"jetpack_sharing_enabled":true,"mfb_rest_fields":["title","yoast_head","yoast_head_json","jetpack_featured_media_url","jetpack-related-posts","jetpack_sharing_enabled"],"_links":{"self":[{"href":"https:\/\/errr-magazine.com\/english\/wp-json\/wp\/v2\/posts\/192474","targetHints":{"allow":["GET"]}}],"collection":[{"href":"https:\/\/errr-magazine.com\/english\/wp-json\/wp\/v2\/posts"}],"about":[{"href":"https:\/\/errr-magazine.com\/english\/wp-json\/wp\/v2\/types\/post"}],"author":[{"embeddable":true,"href":"https:\/\/errr-magazine.com\/english\/wp-json\/wp\/v2\/users\/7805"}],"replies":[{"embeddable":true,"href":"https:\/\/errr-magazine.com\/english\/wp-json\/wp\/v2\/comments?post=192474"}],"version-history":[{"count":1,"href":"https:\/\/errr-magazine.com\/english\/wp-json\/wp\/v2\/posts\/192474\/revisions"}],"predecessor-version":[{"id":192475,"href":"https:\/\/errr-magazine.com\/english\/wp-json\/wp\/v2\/posts\/192474\/revisions\/192475"}],"wp:featuredmedia":[{"embeddable":true,"href":"https:\/\/errr-magazine.com\/english\/wp-json\/wp\/v2\/media\/192476"}],"wp:attachment":[{"href":"https:\/\/errr-magazine.com\/english\/wp-json\/wp\/v2\/media?parent=192474"}],"wp:term":[{"taxonomy":"category","embeddable":true,"href":"https:\/\/errr-magazine.com\/english\/wp-json\/wp\/v2\/categories?post=192474"},{"taxonomy":"post_tag","embeddable":true,"href":"https:\/\/errr-magazine.com\/english\/wp-json\/wp\/v2\/tags?post=192474"}],"curies":[{"name":"wp","href":"https:\/\/api.w.org\/{rel}","templated":true}]}}