{"id":192074,"date":"2025-08-30T17:58:24","date_gmt":"2025-08-30T23:58:24","guid":{"rendered":"https:\/\/errr-magazine.com\/?p=192074"},"modified":"2025-08-30T18:04:42","modified_gmt":"2025-08-31T00:04:42","slug":"syot-indie-pop-desde-alemania-y-paises-bajos-que-te-atrapa","status":"publish","type":"post","link":"https:\/\/errr-magazine.com\/english\/syot-indie-pop-desde-alemania-y-paises-bajos-que-te-atrapa\/","title":{"rendered":"SYOT: indie pop desde Alemania y Pa\u00edses Bajos que te atrapa"},"content":{"rendered":"<p>Desde Alemania y los Pa\u00edses Bajos llega\u00a0<strong><a href=\"https:\/\/www.instagram.com\/syot.online\/\">SYOT<\/a><\/strong>, una banda de cuatro productores y cantautores que combina\u00a0<strong>indie pop, sintetizadores anal\u00f3gicos y guitarras al estilo Prince<\/strong>\u00a0con la energ\u00eda de una boy band. Kai (voz y bajo), Oscar (voz y teclados), Henri (guitarra) y Tino (bater\u00eda) presentan\u00a0<strong>\u201cADDICTED\u201d<\/strong>, un sencillo que explora la fascinaci\u00f3n de perderse en otra persona mientras disfrutas cada momento.<\/p>\n\n\n\n<p>Probably&nbsp;<strong>Yamaha DX7<\/strong>&nbsp;le da un aire nost\u00e1lgico y on\u00edrico a la canci\u00f3n, que mezcla coros en capas, cambios de tono y un estilo DIY que recuerda a Dijon, Steve Lacy y Blood Orange. La portada hace referencia a un eslogan ic\u00f3nico de los a\u00f1os ochenta que se convirti\u00f3 en un fen\u00f3meno de culto gracias a&nbsp;<em>Trainspotting<\/em>.<\/p>\n\n\n\n<p>Tras su debut radial con\u00a0<strong>\u201cEasy Lovin\u2019\u201d<\/strong>, SYOT prepara su primer\u00a0<strong>EP para este oto\u00f1o<\/strong>, acompa\u00f1ado de un universo visual donde la imperfecci\u00f3n, los sentimientos y la individualidad toman el centro del escenario. Hasta ahora, sus miembros trabajaban a distancia, pero a partir de agosto vivir\u00e1n juntos en Enschede, creando m\u00fasica como unidad creativa completa.<\/p>\n\n\n\n<p><strong>Escucha \u201cADDICTED\u201d<\/strong>\u00a0y d\u00e9jate atrapar por el indie pop que SYOT trae desde Europa.<\/p>\n\n\n\n<div class=\"wp-block-columns is-layout-flex wp-container-core-columns-is-layout-28f84493 wp-block-columns-is-layout-flex\">\n<div class=\"wp-block-column is-layout-flow wp-block-column-is-layout-flow\" style=\"flex-basis:100%\">\n<iframe data-testid=\"embed-iframe\" style=\"border-radius:12px\" data-src=\"https:\/\/open.spotify.com\/embed\/track\/2Zfc7xWv3QTPsfj7YrxiYc?utm_source=generator\" width=\"100%\" height=\"152\" frameborder=\"0\" allowfullscreen=\"\" allow=\"autoplay; clipboard-write; encrypted-media; fullscreen; picture-in-picture\" src=\"data:image\/svg+xml;base64,PHN2ZyB3aWR0aD0iMSIgaGVpZ2h0PSIxIiB4bWxucz0iaHR0cDovL3d3dy53My5vcmcvMjAwMC9zdmciPjwvc3ZnPg==\" class=\"lazyload\" data-load-mode=\"1\"><\/iframe>\n<\/div>\n<\/div>","protected":false},"excerpt":{"rendered":"<p>Desde Alemania y los Pa\u00edses Bajos llega\u00a0SYOT, una banda de cuatro productores y cantautores que combina\u00a0indie pop, sintetizadores anal\u00f3gicos y guitarras al estilo Prince\u00a0con la energ\u00eda de una boy band. Kai (voz y bajo), Oscar (voz y teclados), Henri (guitarra) y Tino (bater\u00eda) presentan\u00a0\u201cADDICTED\u201d, un sencillo que explora la fascinaci\u00f3n de perderse en otra persona [&hellip;]<\/p>\n","protected":false},"author":7815,"featured_media":192078,"comment_status":"closed","ping_status":"closed","sticky":false,"template":"","format":"standard","meta":{"_acf_changed":false,"cybocfi_hide_featured_image":"","_jetpack_memberships_contains_paid_content":false,"footnotes":""},"categories":[17462],"tags":[],"class_list":["post-192074","post","type-post","status-publish","format-standard","has-post-thumbnail","hentry","category-noticias"],"acf":[],"mb":[],"yoast_head":"<!-- This site is optimized with the Yoast SEO plugin v27.2 - https:\/\/yoast.com\/product\/yoast-seo-wordpress\/ -->\n<title>SYOT: indie pop desde Alemania y Pa\u00edses Bajos que te atrapa - ERRR MAGAZINE<\/title>\n<meta name=\"robots\" content=\"index, follow, max-snippet:-1, max-image-preview:large, max-video-preview:-1\" \/>\n<link rel=\"canonical\" href=\"https:\/\/errr-magazine.com\/english\/syot-indie-pop-desde-alemania-y-paises-bajos-que-te-atrapa\/\" \/>\n<meta property=\"og:locale\" content=\"en_US\" \/>\n<meta property=\"og:type\" content=\"article\" \/>\n<meta property=\"og:title\" content=\"SYOT: indie pop desde Alemania y Pa\u00edses Bajos que te atrapa - ERRR MAGAZINE\" \/>\n<meta property=\"og:description\" content=\"Desde Alemania y los Pa\u00edses Bajos llega\u00a0SYOT, una banda de cuatro productores y cantautores que combina\u00a0indie pop, sintetizadores anal\u00f3gicos y guitarras al estilo Prince\u00a0con la energ\u00eda de una boy band. Kai (voz y bajo), Oscar (voz y teclados), Henri (guitarra) y Tino (bater\u00eda) presentan\u00a0\u201cADDICTED\u201d, un sencillo que explora la fascinaci\u00f3n de perderse en otra persona [&hellip;]\" \/>\n<meta property=\"og:url\" content=\"https:\/\/errr-magazine.com\/english\/syot-indie-pop-desde-alemania-y-paises-bajos-que-te-atrapa\/\" \/>\n<meta property=\"og:site_name\" content=\"ERRR MAGAZINE\" \/>\n<meta property=\"article:published_time\" content=\"2025-08-30T23:58:24+00:00\" \/>\n<meta property=\"article:modified_time\" content=\"2025-08-31T00:04:42+00:00\" \/>\n<meta property=\"og:image\" content=\"https:\/\/errr-magazine.com\/wp-content\/uploads\/2025\/08\/Syot-PRESSPIC-3.jpg\" \/>\n\t<meta property=\"og:image:width\" content=\"1818\" \/>\n\t<meta property=\"og:image:height\" content=\"1228\" \/>\n\t<meta property=\"og:image:type\" content=\"image\/jpeg\" \/>\n<meta name=\"author\" content=\"Luc\u00eda Barrag\u00e1n\" \/>\n<meta name=\"twitter:card\" content=\"summary_large_image\" \/>\n<meta name=\"twitter:label1\" content=\"Written by\" \/>\n\t<meta name=\"twitter:data1\" content=\"Luc\u00eda Barrag\u00e1n\" \/>\n\t<meta name=\"twitter:label2\" content=\"Est. reading time\" \/>\n\t<meta name=\"twitter:data2\" content=\"2 minutes\" \/>\n<script type=\"application\/ld+json\" class=\"yoast-schema-graph\">{\"@context\":\"https:\/\/schema.org\",\"@graph\":[{\"@type\":\"Article\",\"@id\":\"https:\/\/errr-magazine.com\/syot-indie-pop-desde-alemania-y-paises-bajos-que-te-atrapa\/#article\",\"isPartOf\":{\"@id\":\"https:\/\/errr-magazine.com\/syot-indie-pop-desde-alemania-y-paises-bajos-que-te-atrapa\/\"},\"author\":{\"name\":\"Luc\u00eda Barrag\u00e1n\",\"@id\":\"https:\/\/errr-magazine.com\/#\/schema\/person\/ec207ef92272c377d0a49d4163f70bd8\"},\"headline\":\"SYOT: indie pop desde Alemania y Pa\u00edses Bajos que te atrapa\",\"datePublished\":\"2025-08-30T23:58:24+00:00\",\"dateModified\":\"2025-08-31T00:04:42+00:00\",\"mainEntityOfPage\":{\"@id\":\"https:\/\/errr-magazine.com\/syot-indie-pop-desde-alemania-y-paises-bajos-que-te-atrapa\/\"},\"wordCount\":221,\"image\":{\"@id\":\"https:\/\/errr-magazine.com\/syot-indie-pop-desde-alemania-y-paises-bajos-que-te-atrapa\/#primaryimage\"},\"thumbnailUrl\":\"https:\/\/errr-magazine.com\/wp-content\/uploads\/2025\/08\/Syot-PRESSPIC-3.jpg\",\"articleSection\":[\"Noticias\"],\"inLanguage\":\"en-US\"},{\"@type\":\"WebPage\",\"@id\":\"https:\/\/errr-magazine.com\/syot-indie-pop-desde-alemania-y-paises-bajos-que-te-atrapa\/\",\"url\":\"https:\/\/errr-magazine.com\/syot-indie-pop-desde-alemania-y-paises-bajos-que-te-atrapa\/\",\"name\":\"SYOT: indie pop desde Alemania y Pa\u00edses Bajos que te atrapa - ERRR MAGAZINE\",\"isPartOf\":{\"@id\":\"https:\/\/errr-magazine.com\/#website\"},\"primaryImageOfPage\":{\"@id\":\"https:\/\/errr-magazine.com\/syot-indie-pop-desde-alemania-y-paises-bajos-que-te-atrapa\/#primaryimage\"},\"image\":{\"@id\":\"https:\/\/errr-magazine.com\/syot-indie-pop-desde-alemania-y-paises-bajos-que-te-atrapa\/#primaryimage\"},\"thumbnailUrl\":\"https:\/\/errr-magazine.com\/wp-content\/uploads\/2025\/08\/Syot-PRESSPIC-3.jpg\",\"datePublished\":\"2025-08-30T23:58:24+00:00\",\"dateModified\":\"2025-08-31T00:04:42+00:00\",\"author\":{\"@id\":\"https:\/\/errr-magazine.com\/#\/schema\/person\/ec207ef92272c377d0a49d4163f70bd8\"},\"breadcrumb\":{\"@id\":\"https:\/\/errr-magazine.com\/syot-indie-pop-desde-alemania-y-paises-bajos-que-te-atrapa\/#breadcrumb\"},\"inLanguage\":\"en-US\",\"potentialAction\":[{\"@type\":\"ReadAction\",\"target\":[\"https:\/\/errr-magazine.com\/syot-indie-pop-desde-alemania-y-paises-bajos-que-te-atrapa\/\"]}]},{\"@type\":\"ImageObject\",\"inLanguage\":\"en-US\",\"@id\":\"https:\/\/errr-magazine.com\/syot-indie-pop-desde-alemania-y-paises-bajos-que-te-atrapa\/#primaryimage\",\"url\":\"https:\/\/errr-magazine.com\/wp-content\/uploads\/2025\/08\/Syot-PRESSPIC-3.jpg\",\"contentUrl\":\"https:\/\/errr-magazine.com\/wp-content\/uploads\/2025\/08\/Syot-PRESSPIC-3.jpg\",\"width\":1818,\"height\":1228},{\"@type\":\"BreadcrumbList\",\"@id\":\"https:\/\/errr-magazine.com\/syot-indie-pop-desde-alemania-y-paises-bajos-que-te-atrapa\/#breadcrumb\",\"itemListElement\":[{\"@type\":\"ListItem\",\"position\":1,\"name\":\"Portada\",\"item\":\"https:\/\/errr-magazine.com\/\"},{\"@type\":\"ListItem\",\"position\":2,\"name\":\"SYOT: indie pop desde Alemania y Pa\u00edses Bajos que te atrapa\"}]},{\"@type\":\"WebSite\",\"@id\":\"https:\/\/errr-magazine.com\/#website\",\"url\":\"https:\/\/errr-magazine.com\/\",\"name\":\"ERRR MAGAZINE\",\"description\":\"\",\"potentialAction\":[{\"@type\":\"SearchAction\",\"target\":{\"@type\":\"EntryPoint\",\"urlTemplate\":\"https:\/\/errr-magazine.com\/?s={search_term_string}\"},\"query-input\":{\"@type\":\"PropertyValueSpecification\",\"valueRequired\":true,\"valueName\":\"search_term_string\"}}],\"inLanguage\":\"en-US\"},{\"@type\":\"Person\",\"@id\":\"https:\/\/errr-magazine.com\/#\/schema\/person\/ec207ef92272c377d0a49d4163f70bd8\",\"name\":\"Luc\u00eda Barrag\u00e1n\",\"image\":{\"@type\":\"ImageObject\",\"inLanguage\":\"en-US\",\"@id\":\"https:\/\/secure.gravatar.com\/avatar\/faa64f51d0815fa06733b8bee4ca574d373604f2c235bc0975c751e8ed74db4c?s=96&d=identicon&r=g\",\"url\":\"https:\/\/secure.gravatar.com\/avatar\/faa64f51d0815fa06733b8bee4ca574d373604f2c235bc0975c751e8ed74db4c?s=96&d=identicon&r=g\",\"contentUrl\":\"https:\/\/secure.gravatar.com\/avatar\/faa64f51d0815fa06733b8bee4ca574d373604f2c235bc0975c751e8ed74db4c?s=96&d=identicon&r=g\",\"caption\":\"Luc\u00eda Barrag\u00e1n\"},\"description\":\"Periodista musical y escritora de la Ciudad de M\u00e9xico.\",\"url\":\"https:\/\/errr-magazine.com\/english\/author\/luciabarragan\/\"}]}<\/script>\n<!-- \/ Yoast SEO plugin. -->","yoast_head_json":{"title":"SYOT: indie pop desde Alemania y Pa\u00edses Bajos que te atrapa - ERRR MAGAZINE","robots":{"index":"index","follow":"follow","max-snippet":"max-snippet:-1","max-image-preview":"max-image-preview:large","max-video-preview":"max-video-preview:-1"},"canonical":"https:\/\/errr-magazine.com\/english\/syot-indie-pop-desde-alemania-y-paises-bajos-que-te-atrapa\/","og_locale":"en_US","og_type":"article","og_title":"SYOT: indie pop desde Alemania y Pa\u00edses Bajos que te atrapa - ERRR MAGAZINE","og_description":"Desde Alemania y los Pa\u00edses Bajos llega\u00a0SYOT, una banda de cuatro productores y cantautores que combina\u00a0indie pop, sintetizadores anal\u00f3gicos y guitarras al estilo Prince\u00a0con la energ\u00eda de una boy band. Kai (voz y bajo), Oscar (voz y teclados), Henri (guitarra) y Tino (bater\u00eda) presentan\u00a0\u201cADDICTED\u201d, un sencillo que explora la fascinaci\u00f3n de perderse en otra persona [&hellip;]","og_url":"https:\/\/errr-magazine.com\/english\/syot-indie-pop-desde-alemania-y-paises-bajos-que-te-atrapa\/","og_site_name":"ERRR MAGAZINE","article_published_time":"2025-08-30T23:58:24+00:00","article_modified_time":"2025-08-31T00:04:42+00:00","og_image":[{"width":1818,"height":1228,"url":"https:\/\/errr-magazine.com\/wp-content\/uploads\/2025\/08\/Syot-PRESSPIC-3.jpg","type":"image\/jpeg"}],"author":"Luc\u00eda Barrag\u00e1n","twitter_card":"summary_large_image","twitter_misc":{"Written by":"Luc\u00eda Barrag\u00e1n","Est. reading time":"2 minutes"},"schema":{"@context":"https:\/\/schema.org","@graph":[{"@type":"Article","@id":"https:\/\/errr-magazine.com\/syot-indie-pop-desde-alemania-y-paises-bajos-que-te-atrapa\/#article","isPartOf":{"@id":"https:\/\/errr-magazine.com\/syot-indie-pop-desde-alemania-y-paises-bajos-que-te-atrapa\/"},"author":{"name":"Luc\u00eda Barrag\u00e1n","@id":"https:\/\/errr-magazine.com\/#\/schema\/person\/ec207ef92272c377d0a49d4163f70bd8"},"headline":"SYOT: indie pop desde Alemania y Pa\u00edses Bajos que te atrapa","datePublished":"2025-08-30T23:58:24+00:00","dateModified":"2025-08-31T00:04:42+00:00","mainEntityOfPage":{"@id":"https:\/\/errr-magazine.com\/syot-indie-pop-desde-alemania-y-paises-bajos-que-te-atrapa\/"},"wordCount":221,"image":{"@id":"https:\/\/errr-magazine.com\/syot-indie-pop-desde-alemania-y-paises-bajos-que-te-atrapa\/#primaryimage"},"thumbnailUrl":"https:\/\/errr-magazine.com\/wp-content\/uploads\/2025\/08\/Syot-PRESSPIC-3.jpg","articleSection":["Noticias"],"inLanguage":"en-US"},{"@type":"WebPage","@id":"https:\/\/errr-magazine.com\/syot-indie-pop-desde-alemania-y-paises-bajos-que-te-atrapa\/","url":"https:\/\/errr-magazine.com\/syot-indie-pop-desde-alemania-y-paises-bajos-que-te-atrapa\/","name":"SYOT: indie pop desde Alemania y Pa\u00edses Bajos que te atrapa - ERRR MAGAZINE","isPartOf":{"@id":"https:\/\/errr-magazine.com\/#website"},"primaryImageOfPage":{"@id":"https:\/\/errr-magazine.com\/syot-indie-pop-desde-alemania-y-paises-bajos-que-te-atrapa\/#primaryimage"},"image":{"@id":"https:\/\/errr-magazine.com\/syot-indie-pop-desde-alemania-y-paises-bajos-que-te-atrapa\/#primaryimage"},"thumbnailUrl":"https:\/\/errr-magazine.com\/wp-content\/uploads\/2025\/08\/Syot-PRESSPIC-3.jpg","datePublished":"2025-08-30T23:58:24+00:00","dateModified":"2025-08-31T00:04:42+00:00","author":{"@id":"https:\/\/errr-magazine.com\/#\/schema\/person\/ec207ef92272c377d0a49d4163f70bd8"},"breadcrumb":{"@id":"https:\/\/errr-magazine.com\/syot-indie-pop-desde-alemania-y-paises-bajos-que-te-atrapa\/#breadcrumb"},"inLanguage":"en-US","potentialAction":[{"@type":"ReadAction","target":["https:\/\/errr-magazine.com\/syot-indie-pop-desde-alemania-y-paises-bajos-que-te-atrapa\/"]}]},{"@type":"ImageObject","inLanguage":"en-US","@id":"https:\/\/errr-magazine.com\/syot-indie-pop-desde-alemania-y-paises-bajos-que-te-atrapa\/#primaryimage","url":"https:\/\/errr-magazine.com\/wp-content\/uploads\/2025\/08\/Syot-PRESSPIC-3.jpg","contentUrl":"https:\/\/errr-magazine.com\/wp-content\/uploads\/2025\/08\/Syot-PRESSPIC-3.jpg","width":1818,"height":1228},{"@type":"BreadcrumbList","@id":"https:\/\/errr-magazine.com\/syot-indie-pop-desde-alemania-y-paises-bajos-que-te-atrapa\/#breadcrumb","itemListElement":[{"@type":"ListItem","position":1,"name":"Portada","item":"https:\/\/errr-magazine.com\/"},{"@type":"ListItem","position":2,"name":"SYOT: indie pop desde Alemania y Pa\u00edses Bajos que te atrapa"}]},{"@type":"WebSite","@id":"https:\/\/errr-magazine.com\/#website","url":"https:\/\/errr-magazine.com\/","name":"ERRR MAGAZINE","description":"","potentialAction":[{"@type":"SearchAction","target":{"@type":"EntryPoint","urlTemplate":"https:\/\/errr-magazine.com\/?s={search_term_string}"},"query-input":{"@type":"PropertyValueSpecification","valueRequired":true,"valueName":"search_term_string"}}],"inLanguage":"en-US"},{"@type":"Person","@id":"https:\/\/errr-magazine.com\/#\/schema\/person\/ec207ef92272c377d0a49d4163f70bd8","name":"Luc\u00eda Barrag\u00e1n","image":{"@type":"ImageObject","inLanguage":"en-US","@id":"https:\/\/secure.gravatar.com\/avatar\/faa64f51d0815fa06733b8bee4ca574d373604f2c235bc0975c751e8ed74db4c?s=96&d=identicon&r=g","url":"https:\/\/secure.gravatar.com\/avatar\/faa64f51d0815fa06733b8bee4ca574d373604f2c235bc0975c751e8ed74db4c?s=96&d=identicon&r=g","contentUrl":"https:\/\/secure.gravatar.com\/avatar\/faa64f51d0815fa06733b8bee4ca574d373604f2c235bc0975c751e8ed74db4c?s=96&d=identicon&r=g","caption":"Luc\u00eda Barrag\u00e1n"},"description":"Periodista musical y escritora de la Ciudad de M\u00e9xico.","url":"https:\/\/errr-magazine.com\/english\/author\/luciabarragan\/"}]}},"jetpack_featured_media_url":"https:\/\/errr-magazine.com\/wp-content\/uploads\/2025\/08\/Syot-PRESSPIC-3.jpg","jetpack-related-posts":[{"id":184853,"url":"https:\/\/errr-magazine.com\/english\/miercoles-31-de-mayo\/","url_meta":{"origin":192074,"position":0},"title":"Mi\u00e9rcoles 31 de mayo","author":"Iv\u00e1n Guti\u00e9rrez","date":"06\/22\/2023","format":false,"excerpt":"Mi\u00e9rcoles 31 de mayo, Foro Indie Rocks. Es la primera vez que estoy en este escenario importante de la escena musical independiente. En \u00e9l se han presentado bandas y m\u00fasicos de gran trascendencia. La alineaci\u00f3n musical de esta noche la forman Abel Ib\u00e1\u00f1ez G., Amapola y Madame R\u00e9camier, tres proyectos\u2026","rel":"","context":"In &quot;Writing&quot;","block_context":{"text":"Writing","link":"https:\/\/errr-magazine.com\/english\/category\/writing\/"},"img":{"alt_text":"","src":"https:\/\/i0.wp.com\/errr-magazine.com\/wp-content\/uploads\/2023\/06\/DSC_2390-scaled.jpg?resize=350%2C200&ssl=1","width":350,"height":200,"srcset":"https:\/\/i0.wp.com\/errr-magazine.com\/wp-content\/uploads\/2023\/06\/DSC_2390-scaled.jpg?resize=350%2C200&ssl=1 1x, https:\/\/i0.wp.com\/errr-magazine.com\/wp-content\/uploads\/2023\/06\/DSC_2390-scaled.jpg?resize=525%2C300&ssl=1 1.5x, https:\/\/i0.wp.com\/errr-magazine.com\/wp-content\/uploads\/2023\/06\/DSC_2390-scaled.jpg?resize=700%2C400&ssl=1 2x, https:\/\/i0.wp.com\/errr-magazine.com\/wp-content\/uploads\/2023\/06\/DSC_2390-scaled.jpg?resize=1050%2C600&ssl=1 3x, https:\/\/i0.wp.com\/errr-magazine.com\/wp-content\/uploads\/2023\/06\/DSC_2390-scaled.jpg?resize=1400%2C800&ssl=1 4x"},"classes":[]},{"id":202475,"url":"https:\/\/errr-magazine.com\/english\/aniversari-felic\/","url_meta":{"origin":192074,"position":1},"title":"Aniversari feli\u00e7","author":"Ferran Palau","date":"03\/16\/2026","format":false,"excerpt":"The entire recording flowed as if every gesture we made had already been predetermined. I think it has been one of the most peaceful recordings of my life. Every stage of the album\u2014mixing, design, and videos\u2014felt completely natural.","rel":"","context":"In &quot;M\u00fasica&quot;","block_context":{"text":"M\u00fasica","link":"https:\/\/errr-magazine.com\/english\/category\/interviews\/musica\/"},"img":{"alt_text":"","src":"https:\/\/i0.wp.com\/errr-magazine.com\/wp-content\/uploads\/2026\/03\/Ferran-Palau-x-Louise-Sansom_esquena-scaled.jpg?resize=350%2C200&ssl=1","width":350,"height":200,"srcset":"https:\/\/i0.wp.com\/errr-magazine.com\/wp-content\/uploads\/2026\/03\/Ferran-Palau-x-Louise-Sansom_esquena-scaled.jpg?resize=350%2C200&ssl=1 1x, https:\/\/i0.wp.com\/errr-magazine.com\/wp-content\/uploads\/2026\/03\/Ferran-Palau-x-Louise-Sansom_esquena-scaled.jpg?resize=525%2C300&ssl=1 1.5x, https:\/\/i0.wp.com\/errr-magazine.com\/wp-content\/uploads\/2026\/03\/Ferran-Palau-x-Louise-Sansom_esquena-scaled.jpg?resize=700%2C400&ssl=1 2x, https:\/\/i0.wp.com\/errr-magazine.com\/wp-content\/uploads\/2026\/03\/Ferran-Palau-x-Louise-Sansom_esquena-scaled.jpg?resize=1050%2C600&ssl=1 3x, https:\/\/i0.wp.com\/errr-magazine.com\/wp-content\/uploads\/2026\/03\/Ferran-Palau-x-Louise-Sansom_esquena-scaled.jpg?resize=1400%2C800&ssl=1 4x"},"classes":[]},{"id":183510,"url":"https:\/\/errr-magazine.com\/english\/noche-estelar\/","url_meta":{"origin":192074,"position":2},"title":"Noche Estelar","author":"Cora Yako","date":"03\/13\/2023","format":false,"excerpt":"Nos hubiese encantado colaborar en esta canci\u00f3n con Bestia Bebe, un grupo argentino que nos mola bastante y que adem\u00e1s, por lo que vemos en Instagram, son bastante futboleros. Esta canci\u00f3n no habla sobre el futbol pero s\u00ed que lo utiliza para expresar otras cosas as\u00ed que hubiese sido guay\u2026","rel":"","context":"In &quot;Interview&quot;","block_context":{"text":"Interview","link":"https:\/\/errr-magazine.com\/english\/category\/interviews\/"},"img":{"alt_text":"","src":"https:\/\/i0.wp.com\/errr-magazine.com\/wp-content\/uploads\/2023\/03\/cora.png?resize=350%2C200&ssl=1","width":350,"height":200,"srcset":"https:\/\/i0.wp.com\/errr-magazine.com\/wp-content\/uploads\/2023\/03\/cora.png?resize=350%2C200&ssl=1 1x, https:\/\/i0.wp.com\/errr-magazine.com\/wp-content\/uploads\/2023\/03\/cora.png?resize=525%2C300&ssl=1 1.5x, https:\/\/i0.wp.com\/errr-magazine.com\/wp-content\/uploads\/2023\/03\/cora.png?resize=700%2C400&ssl=1 2x, https:\/\/i0.wp.com\/errr-magazine.com\/wp-content\/uploads\/2023\/03\/cora.png?resize=1050%2C600&ssl=1 3x"},"classes":[]},{"id":187142,"url":"https:\/\/errr-magazine.com\/english\/duelo-2\/","url_meta":{"origin":192074,"position":3},"title":"Duelo","author":"Medalla","date":"12\/26\/2023","format":false,"excerpt":"Nace de una conversaci\u00f3n privada concreta y busca trasladar y comunicar ese dolor con el que todas y todos alguna vez hemos vivido o seguimos viviendo.","rel":"","context":"In &quot;Interview&quot;","block_context":{"text":"Interview","link":"https:\/\/errr-magazine.com\/english\/category\/interviews\/"},"img":{"alt_text":"","src":"https:\/\/i0.wp.com\/errr-magazine.com\/wp-content\/uploads\/2023\/12\/Medalla-2023-Lidia-Arruego-01.jpg?resize=350%2C200&ssl=1","width":350,"height":200,"srcset":"https:\/\/i0.wp.com\/errr-magazine.com\/wp-content\/uploads\/2023\/12\/Medalla-2023-Lidia-Arruego-01.jpg?resize=350%2C200&ssl=1 1x, https:\/\/i0.wp.com\/errr-magazine.com\/wp-content\/uploads\/2023\/12\/Medalla-2023-Lidia-Arruego-01.jpg?resize=525%2C300&ssl=1 1.5x, https:\/\/i0.wp.com\/errr-magazine.com\/wp-content\/uploads\/2023\/12\/Medalla-2023-Lidia-Arruego-01.jpg?resize=700%2C400&ssl=1 2x, https:\/\/i0.wp.com\/errr-magazine.com\/wp-content\/uploads\/2023\/12\/Medalla-2023-Lidia-Arruego-01.jpg?resize=1050%2C600&ssl=1 3x"},"classes":[]},{"id":177598,"url":"https:\/\/errr-magazine.com\/english\/como-quejarme\/","url_meta":{"origin":192074,"position":4},"title":"C\u00f3mo quejarme","author":"Paracaidistas","date":"05\/25\/2022","format":false,"excerpt":"Lo \u00fanico que quer\u00eda era encontrar un buen trabajo para poder irme a vivir solo, sin embargo, era imposible. Todos los trabajos que consegu\u00eda eran p\u00e9simos, mal pagados, infelices y poco relacionados a la carrera de literatura que estudi\u00e9...","rel":"","context":"In &quot;Interview&quot;","block_context":{"text":"Interview","link":"https:\/\/errr-magazine.com\/english\/category\/interviews\/"},"img":{"alt_text":"","src":"https:\/\/i0.wp.com\/errr-magazine.com\/wp-content\/uploads\/2022\/05\/2.jpg?resize=350%2C200&ssl=1","width":350,"height":200,"srcset":"https:\/\/i0.wp.com\/errr-magazine.com\/wp-content\/uploads\/2022\/05\/2.jpg?resize=350%2C200&ssl=1 1x, https:\/\/i0.wp.com\/errr-magazine.com\/wp-content\/uploads\/2022\/05\/2.jpg?resize=525%2C300&ssl=1 1.5x, https:\/\/i0.wp.com\/errr-magazine.com\/wp-content\/uploads\/2022\/05\/2.jpg?resize=700%2C400&ssl=1 2x"},"classes":[]},{"id":190607,"url":"https:\/\/errr-magazine.com\/english\/duelo-barrio-y-catarsis\/","url_meta":{"origin":192074,"position":5},"title":"Duelo, barrio y catarsis","author":"Luc\u00eda Barrag\u00e1n","date":"06\/18\/2025","format":false,"excerpt":"Con su nuevo \u00e1lbum,\u00a0Llamas Llamas Llamas, Belafonte Sensacional vuelve a prender el fuego en el indie mexicano.","rel":"","context":"In &quot;Noticias&quot;","block_context":{"text":"Noticias","link":"https:\/\/errr-magazine.com\/english\/category\/noticias\/"},"img":{"alt_text":"","src":"https:\/\/i0.wp.com\/errr-magazine.com\/wp-content\/uploads\/2025\/06\/llamas.png?resize=350%2C200&ssl=1","width":350,"height":200,"srcset":"https:\/\/i0.wp.com\/errr-magazine.com\/wp-content\/uploads\/2025\/06\/llamas.png?resize=350%2C200&ssl=1 1x, https:\/\/i0.wp.com\/errr-magazine.com\/wp-content\/uploads\/2025\/06\/llamas.png?resize=525%2C300&ssl=1 1.5x, https:\/\/i0.wp.com\/errr-magazine.com\/wp-content\/uploads\/2025\/06\/llamas.png?resize=700%2C400&ssl=1 2x, https:\/\/i0.wp.com\/errr-magazine.com\/wp-content\/uploads\/2025\/06\/llamas.png?resize=1050%2C600&ssl=1 3x"},"classes":[]}],"jetpack_sharing_enabled":true,"mfb_rest_fields":["title","yoast_head","yoast_head_json","jetpack_featured_media_url","jetpack-related-posts","jetpack_sharing_enabled"],"_links":{"self":[{"href":"https:\/\/errr-magazine.com\/english\/wp-json\/wp\/v2\/posts\/192074","targetHints":{"allow":["GET"]}}],"collection":[{"href":"https:\/\/errr-magazine.com\/english\/wp-json\/wp\/v2\/posts"}],"about":[{"href":"https:\/\/errr-magazine.com\/english\/wp-json\/wp\/v2\/types\/post"}],"author":[{"embeddable":true,"href":"https:\/\/errr-magazine.com\/english\/wp-json\/wp\/v2\/users\/7815"}],"replies":[{"embeddable":true,"href":"https:\/\/errr-magazine.com\/english\/wp-json\/wp\/v2\/comments?post=192074"}],"version-history":[{"count":6,"href":"https:\/\/errr-magazine.com\/english\/wp-json\/wp\/v2\/posts\/192074\/revisions"}],"predecessor-version":[{"id":192481,"href":"https:\/\/errr-magazine.com\/english\/wp-json\/wp\/v2\/posts\/192074\/revisions\/192481"}],"wp:featuredmedia":[{"embeddable":true,"href":"https:\/\/errr-magazine.com\/english\/wp-json\/wp\/v2\/media\/192078"}],"wp:attachment":[{"href":"https:\/\/errr-magazine.com\/english\/wp-json\/wp\/v2\/media?parent=192074"}],"wp:term":[{"taxonomy":"category","embeddable":true,"href":"https:\/\/errr-magazine.com\/english\/wp-json\/wp\/v2\/categories?post=192074"},{"taxonomy":"post_tag","embeddable":true,"href":"https:\/\/errr-magazine.com\/english\/wp-json\/wp\/v2\/tags?post=192074"}],"curies":[{"name":"wp","href":"https:\/\/api.w.org\/{rel}","templated":true}]}}