{"id":191100,"date":"2025-07-23T15:41:15","date_gmt":"2025-07-23T21:41:15","guid":{"rendered":"https:\/\/errr-magazine.com\/?p=191100"},"modified":"2025-08-01T23:11:09","modified_gmt":"2025-08-02T05:11:09","slug":"little-jesus-en-el-palacio-de-los-deportes-10-canciones-que-quiero-escuchar-en-vivo","status":"publish","type":"post","link":"https:\/\/errr-magazine.com\/english\/little-jesus-en-el-palacio-de-los-deportes-10-canciones-que-quiero-escuchar-en-vivo\/","title":{"rendered":"Little Jesus en el Palacio de los Deportes: 10 canciones que quiero escuchar en vivo"},"content":{"rendered":"<p>Este s\u00e1bado 26 de julio, <a href=\"https:\/\/open.spotify.com\/artist\/5p1ARDx76hnOXoeigLIKit?si=JlnWc8dFRHe0fzBxSp1IXw\">Little Jesus<\/a> toca en el Palacio de los Deportes. Nunca los he visto en un venue tan grande \u2013adem\u00e1s es mi venue favorito en CDMX\u2013 y, aunque ya tienen la trayectoria y los discos para llenarlo, sigo sintiendo que esta banda vive en una esquina muy \u00edntima del coraz\u00f3n de quienes la seguimos desde hace a\u00f1os. \u00a1Verlos en el Palacio me emociona mucho! <\/p>\n\n\n\n<p>Desde\u00a0<em><a href=\"https:\/\/open.spotify.com\/album\/7I2F6vmsx0y0tevvFi6Luo?si=4Pn1RZPTRrSD9D-mXy1TGg\">Norte<\/a><\/em>\u00a0to\u00a0<em><a href=\"https:\/\/open.spotify.com\/album\/2hAufwA5GwxAcZ6mQkgQai?si=rqFU2ciVSC6GLhCgj3pkkw\">El show debe continuar<\/a><\/em>, la historia de Little Jesus ha sido tambi\u00e9n la de una generaci\u00f3n que se permiti\u00f3 dejar de hacerse el fuerte, que baila mientras se le rompe el coraz\u00f3n, y que no necesita grandes met\u00e1foras para decir cosas que duelen.<br><br>Aqu\u00ed van 10 canciones que quisiera escuchar esa noche y por qu\u00e9 :D<\/p>\n\n\n\n<p><strong>1.\u00a0Norte<\/strong><\/p>\n\n\n\n<p>Mi favorita de ellos :) No es su canci\u00f3n m\u00e1s popular, pero para m\u00ed es de las m\u00e1s potentes. Es una postal completa de un momento de desorientaci\u00f3n, de no saber a d\u00f3nde ir y, al mismo tiempo, querer irse a toda costa, con lo cual me identifico bastante.  <\/p>\n\n\n\n<div class=\"wp-block-columns is-layout-flex wp-container-core-columns-is-layout-28f84493 wp-block-columns-is-layout-flex\">\n<div class=\"wp-block-column is-layout-flow wp-block-column-is-layout-flow\" style=\"flex-basis:100%\">\n<iframe style=\"border-radius:12px\" data-src=\"https:\/\/open.spotify.com\/embed\/track\/0q78AOChXaZc2esoLmhSiW?utm_source=generator\" width=\"100%\" height=\"152\" frameborder=\"0\" allowfullscreen=\"\" allow=\"autoplay; clipboard-write; encrypted-media; fullscreen; picture-in-picture\" src=\"data:image\/svg+xml;base64,PHN2ZyB3aWR0aD0iMSIgaGVpZ2h0PSIxIiB4bWxucz0iaHR0cDovL3d3dy53My5vcmcvMjAwMC9zdmciPjwvc3ZnPg==\" class=\"lazyload\" data-load-mode=\"1\"><\/iframe>\n<\/div>\n<\/div>\n\n\n\n<hr class=\"wp-block-separator has-alpha-channel-opacity\"\/>\n\n\n\n<p><strong>2.\u00a0Azul<\/strong><\/p>\n\n\n\n<p>Es un cl\u00e1sico. Me parece que el coro es s\u00faper sencillo y efectivo. En vivo suele detonar algo especial: todo el mundo la canta, pero nadie se grita encima: como una peque\u00f1a ceremonia.<\/p>\n\n\n\n<div class=\"wp-block-columns is-layout-flex wp-container-core-columns-is-layout-28f84493 wp-block-columns-is-layout-flex\">\n<div class=\"wp-block-column is-layout-flow wp-block-column-is-layout-flow\" style=\"flex-basis:100%\">\n<iframe style=\"border-radius:12px\" data-src=\"https:\/\/open.spotify.com\/embed\/track\/3V4TnrGeVCxB2TLZ2pZQYO?utm_source=generator\" width=\"100%\" height=\"152\" frameborder=\"0\" allowfullscreen=\"\" allow=\"autoplay; clipboard-write; encrypted-media; fullscreen; picture-in-picture\" src=\"data:image\/svg+xml;base64,PHN2ZyB3aWR0aD0iMSIgaGVpZ2h0PSIxIiB4bWxucz0iaHR0cDovL3d3dy53My5vcmcvMjAwMC9zdmciPjwvc3ZnPg==\" class=\"lazyload\" data-load-mode=\"1\"><\/iframe>\n<\/div>\n<\/div>\n\n\n\n<hr class=\"wp-block-separator has-alpha-channel-opacity\"\/>\n\n\n\n<p><strong>3.\u00a0Fuera de lugar<\/strong><\/p>\n\n\n\n<p>Siento que con esta canci\u00f3n entraron a una zona m\u00e1s nocturna. Buen\u00edsima colaboraci\u00f3n con <a href=\"https:\/\/www.instagram.com\/girlultra\/\">Girl Ultra<\/a>. Es una canci\u00f3n triste que se baila: justo es ah\u00ed donde me parece que donde Little Jesus m\u00e1s brilla.<\/p>\n\n\n\n<div class=\"wp-block-columns is-layout-flex wp-container-core-columns-is-layout-28f84493 wp-block-columns-is-layout-flex\">\n<div class=\"wp-block-column is-layout-flow wp-block-column-is-layout-flow\" style=\"flex-basis:100%\">\n<iframe style=\"border-radius:12px\" data-src=\"https:\/\/open.spotify.com\/embed\/track\/2BWTYAiWbBGCJeKbQ6rpFA?utm_source=generator\" width=\"100%\" height=\"152\" frameborder=\"0\" allowfullscreen=\"\" allow=\"autoplay; clipboard-write; encrypted-media; fullscreen; picture-in-picture\" src=\"data:image\/svg+xml;base64,PHN2ZyB3aWR0aD0iMSIgaGVpZ2h0PSIxIiB4bWxucz0iaHR0cDovL3d3dy53My5vcmcvMjAwMC9zdmciPjwvc3ZnPg==\" class=\"lazyload\" data-load-mode=\"1\"><\/iframe>\n<\/div>\n<\/div>\n\n\n\n<hr class=\"wp-block-separator has-alpha-channel-opacity\"\/>\n\n\n\n<p><strong>4.\u00a0La Magia<\/strong><\/p>\n\n\n\n<p>No hay forma de que no la toquen. Es una canci\u00f3n que les abri\u00f3 muchas puertas, o\u00eddos y corazones. Una gran, gran rola: una canci\u00f3n que empieza sabiendo que va a terminar mal. Y eso la hace brillar m\u00e1s. Como cuando sabes que te vas a enamorar de alguien que no se va a quedar :(<\/p>\n\n\n\n<div class=\"wp-block-columns is-layout-flex wp-container-core-columns-is-layout-28f84493 wp-block-columns-is-layout-flex\">\n<div class=\"wp-block-column is-layout-flow wp-block-column-is-layout-flow\" style=\"flex-basis:100%\">\n<iframe style=\"border-radius:12px\" data-src=\"https:\/\/open.spotify.com\/embed\/track\/3XJmD5suzFUBHJ7sizBAiy?utm_source=generator\" width=\"100%\" height=\"152\" frameborder=\"0\" allowfullscreen=\"\" allow=\"autoplay; clipboard-write; encrypted-media; fullscreen; picture-in-picture\" src=\"data:image\/svg+xml;base64,PHN2ZyB3aWR0aD0iMSIgaGVpZ2h0PSIxIiB4bWxucz0iaHR0cDovL3d3dy53My5vcmcvMjAwMC9zdmciPjwvc3ZnPg==\" class=\"lazyload\" data-load-mode=\"1\"><\/iframe>\n<\/div>\n<\/div>\n\n\n\n<hr class=\"wp-block-separator has-alpha-channel-opacity\"\/>\n\n\n\n<p><strong>5.\u00a0TQM<\/strong><\/p>\n\n\n\n<p>Esta canci\u00f3n me hace pensar en ciertos momentos de Pink Floyd. Creo que es perfecta para un concierto de rock en el Palazzo! Y buena oportunidad para invitar a <a href=\"https:\/\/www.instagram.com\/ximenamusic\/\">Ximena<\/a> y a <a href=\"https:\/\/www.instagram.com\/elsayelmar\/\">Elsa<\/a> al escenario :D<\/p>\n\n\n\n<div class=\"wp-block-columns is-layout-flex wp-container-core-columns-is-layout-28f84493 wp-block-columns-is-layout-flex\">\n<div class=\"wp-block-column is-layout-flow wp-block-column-is-layout-flow\" style=\"flex-basis:100%\">\n<iframe style=\"border-radius:12px\" data-src=\"https:\/\/open.spotify.com\/embed\/track\/3ugSNE8PdPr2sfRWSNfCtX?utm_source=generator\" width=\"100%\" height=\"152\" frameborder=\"0\" allowfullscreen=\"\" allow=\"autoplay; clipboard-write; encrypted-media; fullscreen; picture-in-picture\" src=\"data:image\/svg+xml;base64,PHN2ZyB3aWR0aD0iMSIgaGVpZ2h0PSIxIiB4bWxucz0iaHR0cDovL3d3dy53My5vcmcvMjAwMC9zdmciPjwvc3ZnPg==\" class=\"lazyload\" data-load-mode=\"1\"><\/iframe>\n<\/div>\n<\/div>\n\n\n\n<hr class=\"wp-block-separator has-alpha-channel-opacity\"\/>\n\n\n\n<p><strong>6.\u00a0El Show Debe Continuar<\/strong><\/p>\n\n\n\n<p>Del disco m\u00e1s reciente, esta es una de las canciones que m\u00e1s me interesan en vivo (aunque mi favorita del disco es <a href=\"https:\/\/open.spotify.com\/track\/1g5uc4FHURtQ0ekMVSdmhI?si=fb661e73809c419c\">Con C de Casa<\/a>). Hay algo de madurez, pero sin perder frescura. Me intriga saber c\u00f3mo se escucha esto con miles de personas alrededor.<\/p>\n\n\n\n<div class=\"wp-block-columns is-layout-flex wp-container-core-columns-is-layout-28f84493 wp-block-columns-is-layout-flex\">\n<div class=\"wp-block-column is-layout-flow wp-block-column-is-layout-flow\" style=\"flex-basis:100%\">\n<iframe style=\"border-radius:12px\" data-src=\"https:\/\/open.spotify.com\/embed\/track\/6iLSUEdHyRZmsWPzLJLBRj?utm_source=generator\" width=\"100%\" height=\"152\" frameborder=\"0\" allowfullscreen=\"\" allow=\"autoplay; clipboard-write; encrypted-media; fullscreen; picture-in-picture\" src=\"data:image\/svg+xml;base64,PHN2ZyB3aWR0aD0iMSIgaGVpZ2h0PSIxIiB4bWxucz0iaHR0cDovL3d3dy53My5vcmcvMjAwMC9zdmciPjwvc3ZnPg==\" class=\"lazyload\" data-load-mode=\"1\"><\/iframe>\n<\/div>\n<\/div>\n\n\n\n<hr class=\"wp-block-separator has-alpha-channel-opacity\"\/>\n\n\n\n<p><strong>7.\u00a0Los a\u00f1os maravillosos<\/strong><\/p>\n\n\n\n<p>M\u00e1s que nostalgia, esta canci\u00f3n es aceptaci\u00f3n. No todo lo que vivimos fue incre\u00edble, pero nos dej\u00f3 algo. Me gusta que no sea dram\u00e1tica ni \u00e9pica: simplemente suena a un recuerdo que vuelve sin avisar. En el Palacio, quiero verla como un gui\u00f1o a quienes los escuchamos desde&nbsp;<em>Norte<\/em>.<\/p>\n\n\n\n<div class=\"wp-block-columns is-layout-flex wp-container-core-columns-is-layout-28f84493 wp-block-columns-is-layout-flex\">\n<div class=\"wp-block-column is-layout-flow wp-block-column-is-layout-flow\" style=\"flex-basis:100%\">\n<iframe style=\"border-radius:12px\" data-src=\"https:\/\/open.spotify.com\/embed\/track\/1996GjeJ5X2eekrXatFiYF?utm_source=generator\" width=\"100%\" height=\"152\" frameborder=\"0\" allowfullscreen=\"\" allow=\"autoplay; clipboard-write; encrypted-media; fullscreen; picture-in-picture\" src=\"data:image\/svg+xml;base64,PHN2ZyB3aWR0aD0iMSIgaGVpZ2h0PSIxIiB4bWxucz0iaHR0cDovL3d3dy53My5vcmcvMjAwMC9zdmciPjwvc3ZnPg==\" class=\"lazyload\" data-load-mode=\"1\"><\/iframe>\n<\/div>\n<\/div>\n\n\n\n<hr class=\"wp-block-separator has-alpha-channel-opacity\"\/>\n\n\n\n<p><strong>8.\u00a0Presente<\/strong><\/p>\n\n\n\n<p>Esta canci\u00f3n es como una r\u00e1faga. Tiene algo de urgencia, de querer quedarse quieto pero no poder. Su ritmo hace que parezca liviana, pero la letra tiene un filo escondido. Es de las que podr\u00edan crecer much\u00edsimo en vivo si la tocan con el tempo justo.<\/p>\n\n\n\n<div class=\"wp-block-columns is-layout-flex wp-container-core-columns-is-layout-28f84493 wp-block-columns-is-layout-flex\">\n<div class=\"wp-block-column is-layout-flow wp-block-column-is-layout-flow\" style=\"flex-basis:100%\">\n<iframe style=\"border-radius:12px\" data-src=\"https:\/\/open.spotify.com\/embed\/track\/1CEySvaIp9SkDg4Kni0tb9?utm_source=generator\" width=\"100%\" height=\"152\" frameborder=\"0\" allowfullscreen=\"\" allow=\"autoplay; clipboard-write; encrypted-media; fullscreen; picture-in-picture\" src=\"data:image\/svg+xml;base64,PHN2ZyB3aWR0aD0iMSIgaGVpZ2h0PSIxIiB4bWxucz0iaHR0cDovL3d3dy53My5vcmcvMjAwMC9zdmciPjwvc3ZnPg==\" class=\"lazyload\" data-load-mode=\"1\"><\/iframe>\n<\/div>\n<\/div>\n\n\n\n<hr class=\"wp-block-separator has-alpha-channel-opacity\"\/>\n\n\n\n<p><strong>9.\u00a0Carretera internacional<\/strong><\/p>\n\n\n\n<p>Esta canci\u00f3n tiene una energ\u00eda distinta, casi cinematogr\u00e1fica. Me acompa\u00f1o durante la pandemia, le tengo mucho cari\u00f1o por eso. Tambi\u00e9n me gusta porque tiene algo \u00e9pico, pero sin alardear. Es una canci\u00f3n de escape, pero no de huida. Ojal\u00e1 la toquen con visuales que acompa\u00f1en ese impulso de largarse.<\/p>\n\n\n\n<div class=\"wp-block-columns is-layout-flex wp-container-core-columns-is-layout-28f84493 wp-block-columns-is-layout-flex\">\n<div class=\"wp-block-column is-layout-flow wp-block-column-is-layout-flow\" style=\"flex-basis:100%\">\n<iframe style=\"border-radius:12px\" data-src=\"https:\/\/open.spotify.com\/embed\/track\/0HIk8Bo0yu6bwaDQxk5wWp?utm_source=generator\" width=\"100%\" height=\"152\" frameborder=\"0\" allowfullscreen=\"\" allow=\"autoplay; clipboard-write; encrypted-media; fullscreen; picture-in-picture\" src=\"data:image\/svg+xml;base64,PHN2ZyB3aWR0aD0iMSIgaGVpZ2h0PSIxIiB4bWxucz0iaHR0cDovL3d3dy53My5vcmcvMjAwMC9zdmciPjwvc3ZnPg==\" class=\"lazyload\" data-load-mode=\"1\"><\/iframe>\n<\/div>\n<\/div>\n\n\n\n<hr class=\"wp-block-separator has-alpha-channel-opacity\"\/>\n\n\n\n<p><strong>10.\u00a0Llorandoenelclub_100625_v2<\/strong><\/p>\n\n\n\n<p>La versi\u00f3n en piano y voz que lanzaron hace poco me conmovi\u00f3 mucho, me hizo pensar en <a href=\"https:\/\/open.spotify.com\/track\/1L0C3xvOtzHSOSZ5T59n0L?si=740618ce412346b2\"><em>I&#8217;ll try anything once<\/em><\/a> de los Strokes. Hay una vulnerabilidad casi brutal. No s\u00e9 si la vayan a tocar en el Palacio, pero me gustar\u00eda que se dieran ese lujo. Apagar todo, dejar las luces bajas, y cantar algo que no busca entretener a nadie, solo compartirse.<\/p>\n\n\n\n<div class=\"wp-block-columns is-layout-flex wp-container-core-columns-is-layout-28f84493 wp-block-columns-is-layout-flex\">\n<div class=\"wp-block-column is-layout-flow wp-block-column-is-layout-flow\" style=\"flex-basis:100%\">\n<iframe style=\"border-radius:12px\" data-src=\"https:\/\/open.spotify.com\/embed\/track\/4a122VZ6nteagEdv1pVwGV?utm_source=generator\" width=\"100%\" height=\"152\" frameborder=\"0\" allowfullscreen=\"\" allow=\"autoplay; clipboard-write; encrypted-media; fullscreen; picture-in-picture\" src=\"data:image\/svg+xml;base64,PHN2ZyB3aWR0aD0iMSIgaGVpZ2h0PSIxIiB4bWxucz0iaHR0cDovL3d3dy53My5vcmcvMjAwMC9zdmciPjwvc3ZnPg==\" class=\"lazyload\" data-load-mode=\"1\"><\/iframe>\n<\/div>\n<\/div>\n\n\n\n<hr class=\"wp-block-separator has-alpha-channel-opacity\"\/>\n\n\n\n<p>Ojal\u00e1 sea un concierto largo. Ojal\u00e1 toquen canciones raras. Ojal\u00e1 toquen canciones nuevas (del disco que estrenar\u00e1n pronto). Ojal\u00e1 mucha m\u00e1s gente los descubra. <a href=\"https:\/\/www.ticketmaster.com.mx\/little-jesus-ciudad-de-mexico-26-07-2025\/event\/1400627496B51461\">Todav\u00eda quedan algunos boletos, los puedes conseguir aqu\u00ed.<\/a><\/p>\n\n\n\n<p><a href=\"https:\/\/www.instagram.com\/rocioaguirrev\">Fotograf\u00eda por Rocio Aguirre Venegas<\/a><\/p>","protected":false},"excerpt":{"rendered":"<p>La historia de Little Jesus ha sido tambi\u00e9n la de una generaci\u00f3n que se permiti\u00f3 dejar de hacerse el fuerte, que baila mientras se le rompe el coraz\u00f3n, y que no necesita grandes met\u00e1foras para decir cosas que duelen.<\/p>","protected":false},"author":7815,"featured_media":191101,"comment_status":"closed","ping_status":"closed","sticky":false,"template":"","format":"standard","meta":{"_acf_changed":false,"cybocfi_hide_featured_image":"","_jetpack_memberships_contains_paid_content":false,"footnotes":""},"categories":[17462],"tags":[],"class_list":["post-191100","post","type-post","status-publish","format-standard","has-post-thumbnail","hentry","category-noticias"],"acf":[],"mb":[],"yoast_head":"<!-- This site is optimized with the Yoast SEO plugin v27.2 - https:\/\/yoast.com\/product\/yoast-seo-wordpress\/ -->\n<title>Little Jesus en el Palacio de los Deportes: 10 canciones que quiero escuchar en vivo - ERRR MAGAZINE<\/title>\n<meta name=\"robots\" content=\"index, follow, max-snippet:-1, max-image-preview:large, max-video-preview:-1\" \/>\n<link rel=\"canonical\" href=\"https:\/\/errr-magazine.com\/english\/little-jesus-en-el-palacio-de-los-deportes-10-canciones-que-quiero-escuchar-en-vivo\/\" \/>\n<meta property=\"og:locale\" content=\"en_US\" \/>\n<meta property=\"og:type\" content=\"article\" \/>\n<meta property=\"og:title\" content=\"Little Jesus en el Palacio de los Deportes: 10 canciones que quiero escuchar en vivo - ERRR MAGAZINE\" \/>\n<meta property=\"og:description\" content=\"La historia de Little Jesus ha sido tambi\u00e9n la de una generaci\u00f3n que se permiti\u00f3 dejar de hacerse el fuerte, que baila mientras se le rompe el coraz\u00f3n, y que no necesita grandes met\u00e1foras para decir cosas que duelen.\" \/>\n<meta property=\"og:url\" content=\"https:\/\/errr-magazine.com\/english\/little-jesus-en-el-palacio-de-los-deportes-10-canciones-que-quiero-escuchar-en-vivo\/\" \/>\n<meta property=\"og:site_name\" content=\"ERRR MAGAZINE\" \/>\n<meta property=\"article:published_time\" content=\"2025-07-23T21:41:15+00:00\" \/>\n<meta property=\"article:modified_time\" content=\"2025-08-02T05:11:09+00:00\" \/>\n<meta property=\"og:image\" content=\"https:\/\/errr-magazine.com\/wp-content\/uploads\/2025\/07\/LITTLE_J-185-scaled.jpg\" \/>\n\t<meta property=\"og:image:width\" content=\"1713\" \/>\n\t<meta property=\"og:image:height\" content=\"2560\" \/>\n\t<meta property=\"og:image:type\" content=\"image\/jpeg\" \/>\n<meta name=\"author\" content=\"Luc\u00eda Barrag\u00e1n\" \/>\n<meta name=\"twitter:card\" content=\"summary_large_image\" \/>\n<meta name=\"twitter:label1\" content=\"Written by\" \/>\n\t<meta name=\"twitter:data1\" content=\"Luc\u00eda Barrag\u00e1n\" \/>\n\t<meta name=\"twitter:label2\" content=\"Est. reading time\" \/>\n\t<meta name=\"twitter:data2\" content=\"4 minutes\" \/>\n<script type=\"application\/ld+json\" class=\"yoast-schema-graph\">{\"@context\":\"https:\/\/schema.org\",\"@graph\":[{\"@type\":\"Article\",\"@id\":\"https:\/\/errr-magazine.com\/little-jesus-en-el-palacio-de-los-deportes-10-canciones-que-quiero-escuchar-en-vivo\/#article\",\"isPartOf\":{\"@id\":\"https:\/\/errr-magazine.com\/little-jesus-en-el-palacio-de-los-deportes-10-canciones-que-quiero-escuchar-en-vivo\/\"},\"author\":{\"name\":\"Luc\u00eda Barrag\u00e1n\",\"@id\":\"https:\/\/errr-magazine.com\/#\/schema\/person\/ec207ef92272c377d0a49d4163f70bd8\"},\"headline\":\"Little Jesus en el Palacio de los Deportes: 10 canciones que quiero escuchar en vivo\",\"datePublished\":\"2025-07-23T21:41:15+00:00\",\"dateModified\":\"2025-08-02T05:11:09+00:00\",\"mainEntityOfPage\":{\"@id\":\"https:\/\/errr-magazine.com\/little-jesus-en-el-palacio-de-los-deportes-10-canciones-que-quiero-escuchar-en-vivo\/\"},\"wordCount\":714,\"image\":{\"@id\":\"https:\/\/errr-magazine.com\/little-jesus-en-el-palacio-de-los-deportes-10-canciones-que-quiero-escuchar-en-vivo\/#primaryimage\"},\"thumbnailUrl\":\"https:\/\/errr-magazine.com\/wp-content\/uploads\/2025\/07\/LITTLE_J-185-scaled.jpg\",\"articleSection\":[\"Noticias\"],\"inLanguage\":\"en-US\"},{\"@type\":\"WebPage\",\"@id\":\"https:\/\/errr-magazine.com\/little-jesus-en-el-palacio-de-los-deportes-10-canciones-que-quiero-escuchar-en-vivo\/\",\"url\":\"https:\/\/errr-magazine.com\/little-jesus-en-el-palacio-de-los-deportes-10-canciones-que-quiero-escuchar-en-vivo\/\",\"name\":\"Little Jesus en el Palacio de los Deportes: 10 canciones que quiero escuchar en vivo - ERRR MAGAZINE\",\"isPartOf\":{\"@id\":\"https:\/\/errr-magazine.com\/#website\"},\"primaryImageOfPage\":{\"@id\":\"https:\/\/errr-magazine.com\/little-jesus-en-el-palacio-de-los-deportes-10-canciones-que-quiero-escuchar-en-vivo\/#primaryimage\"},\"image\":{\"@id\":\"https:\/\/errr-magazine.com\/little-jesus-en-el-palacio-de-los-deportes-10-canciones-que-quiero-escuchar-en-vivo\/#primaryimage\"},\"thumbnailUrl\":\"https:\/\/errr-magazine.com\/wp-content\/uploads\/2025\/07\/LITTLE_J-185-scaled.jpg\",\"datePublished\":\"2025-07-23T21:41:15+00:00\",\"dateModified\":\"2025-08-02T05:11:09+00:00\",\"author\":{\"@id\":\"https:\/\/errr-magazine.com\/#\/schema\/person\/ec207ef92272c377d0a49d4163f70bd8\"},\"breadcrumb\":{\"@id\":\"https:\/\/errr-magazine.com\/little-jesus-en-el-palacio-de-los-deportes-10-canciones-que-quiero-escuchar-en-vivo\/#breadcrumb\"},\"inLanguage\":\"en-US\",\"potentialAction\":[{\"@type\":\"ReadAction\",\"target\":[\"https:\/\/errr-magazine.com\/little-jesus-en-el-palacio-de-los-deportes-10-canciones-que-quiero-escuchar-en-vivo\/\"]}]},{\"@type\":\"ImageObject\",\"inLanguage\":\"en-US\",\"@id\":\"https:\/\/errr-magazine.com\/little-jesus-en-el-palacio-de-los-deportes-10-canciones-que-quiero-escuchar-en-vivo\/#primaryimage\",\"url\":\"https:\/\/errr-magazine.com\/wp-content\/uploads\/2025\/07\/LITTLE_J-185-scaled.jpg\",\"contentUrl\":\"https:\/\/errr-magazine.com\/wp-content\/uploads\/2025\/07\/LITTLE_J-185-scaled.jpg\",\"width\":1713,\"height\":2560},{\"@type\":\"BreadcrumbList\",\"@id\":\"https:\/\/errr-magazine.com\/little-jesus-en-el-palacio-de-los-deportes-10-canciones-que-quiero-escuchar-en-vivo\/#breadcrumb\",\"itemListElement\":[{\"@type\":\"ListItem\",\"position\":1,\"name\":\"Portada\",\"item\":\"https:\/\/errr-magazine.com\/\"},{\"@type\":\"ListItem\",\"position\":2,\"name\":\"Little Jesus en el Palacio de los Deportes: 10 canciones que quiero escuchar en vivo\"}]},{\"@type\":\"WebSite\",\"@id\":\"https:\/\/errr-magazine.com\/#website\",\"url\":\"https:\/\/errr-magazine.com\/\",\"name\":\"ERRR MAGAZINE\",\"description\":\"\",\"potentialAction\":[{\"@type\":\"SearchAction\",\"target\":{\"@type\":\"EntryPoint\",\"urlTemplate\":\"https:\/\/errr-magazine.com\/?s={search_term_string}\"},\"query-input\":{\"@type\":\"PropertyValueSpecification\",\"valueRequired\":true,\"valueName\":\"search_term_string\"}}],\"inLanguage\":\"en-US\"},{\"@type\":\"Person\",\"@id\":\"https:\/\/errr-magazine.com\/#\/schema\/person\/ec207ef92272c377d0a49d4163f70bd8\",\"name\":\"Luc\u00eda Barrag\u00e1n\",\"image\":{\"@type\":\"ImageObject\",\"inLanguage\":\"en-US\",\"@id\":\"https:\/\/secure.gravatar.com\/avatar\/faa64f51d0815fa06733b8bee4ca574d373604f2c235bc0975c751e8ed74db4c?s=96&d=identicon&r=g\",\"url\":\"https:\/\/secure.gravatar.com\/avatar\/faa64f51d0815fa06733b8bee4ca574d373604f2c235bc0975c751e8ed74db4c?s=96&d=identicon&r=g\",\"contentUrl\":\"https:\/\/secure.gravatar.com\/avatar\/faa64f51d0815fa06733b8bee4ca574d373604f2c235bc0975c751e8ed74db4c?s=96&d=identicon&r=g\",\"caption\":\"Luc\u00eda Barrag\u00e1n\"},\"description\":\"Periodista musical y escritora de la Ciudad de M\u00e9xico.\",\"url\":\"https:\/\/errr-magazine.com\/english\/author\/luciabarragan\/\"}]}<\/script>\n<!-- \/ Yoast SEO plugin. -->","yoast_head_json":{"title":"Little Jesus en el Palacio de los Deportes: 10 canciones que quiero escuchar en vivo - ERRR MAGAZINE","robots":{"index":"index","follow":"follow","max-snippet":"max-snippet:-1","max-image-preview":"max-image-preview:large","max-video-preview":"max-video-preview:-1"},"canonical":"https:\/\/errr-magazine.com\/english\/little-jesus-en-el-palacio-de-los-deportes-10-canciones-que-quiero-escuchar-en-vivo\/","og_locale":"en_US","og_type":"article","og_title":"Little Jesus en el Palacio de los Deportes: 10 canciones que quiero escuchar en vivo - ERRR MAGAZINE","og_description":"La historia de Little Jesus ha sido tambi\u00e9n la de una generaci\u00f3n que se permiti\u00f3 dejar de hacerse el fuerte, que baila mientras se le rompe el coraz\u00f3n, y que no necesita grandes met\u00e1foras para decir cosas que duelen.","og_url":"https:\/\/errr-magazine.com\/english\/little-jesus-en-el-palacio-de-los-deportes-10-canciones-que-quiero-escuchar-en-vivo\/","og_site_name":"ERRR MAGAZINE","article_published_time":"2025-07-23T21:41:15+00:00","article_modified_time":"2025-08-02T05:11:09+00:00","og_image":[{"width":1713,"height":2560,"url":"https:\/\/errr-magazine.com\/wp-content\/uploads\/2025\/07\/LITTLE_J-185-scaled.jpg","type":"image\/jpeg"}],"author":"Luc\u00eda Barrag\u00e1n","twitter_card":"summary_large_image","twitter_misc":{"Written by":"Luc\u00eda Barrag\u00e1n","Est. reading time":"4 minutes"},"schema":{"@context":"https:\/\/schema.org","@graph":[{"@type":"Article","@id":"https:\/\/errr-magazine.com\/little-jesus-en-el-palacio-de-los-deportes-10-canciones-que-quiero-escuchar-en-vivo\/#article","isPartOf":{"@id":"https:\/\/errr-magazine.com\/little-jesus-en-el-palacio-de-los-deportes-10-canciones-que-quiero-escuchar-en-vivo\/"},"author":{"name":"Luc\u00eda Barrag\u00e1n","@id":"https:\/\/errr-magazine.com\/#\/schema\/person\/ec207ef92272c377d0a49d4163f70bd8"},"headline":"Little Jesus en el Palacio de los Deportes: 10 canciones que quiero escuchar en vivo","datePublished":"2025-07-23T21:41:15+00:00","dateModified":"2025-08-02T05:11:09+00:00","mainEntityOfPage":{"@id":"https:\/\/errr-magazine.com\/little-jesus-en-el-palacio-de-los-deportes-10-canciones-que-quiero-escuchar-en-vivo\/"},"wordCount":714,"image":{"@id":"https:\/\/errr-magazine.com\/little-jesus-en-el-palacio-de-los-deportes-10-canciones-que-quiero-escuchar-en-vivo\/#primaryimage"},"thumbnailUrl":"https:\/\/errr-magazine.com\/wp-content\/uploads\/2025\/07\/LITTLE_J-185-scaled.jpg","articleSection":["Noticias"],"inLanguage":"en-US"},{"@type":"WebPage","@id":"https:\/\/errr-magazine.com\/little-jesus-en-el-palacio-de-los-deportes-10-canciones-que-quiero-escuchar-en-vivo\/","url":"https:\/\/errr-magazine.com\/little-jesus-en-el-palacio-de-los-deportes-10-canciones-que-quiero-escuchar-en-vivo\/","name":"Little Jesus en el Palacio de los Deportes: 10 canciones que quiero escuchar en vivo - ERRR MAGAZINE","isPartOf":{"@id":"https:\/\/errr-magazine.com\/#website"},"primaryImageOfPage":{"@id":"https:\/\/errr-magazine.com\/little-jesus-en-el-palacio-de-los-deportes-10-canciones-que-quiero-escuchar-en-vivo\/#primaryimage"},"image":{"@id":"https:\/\/errr-magazine.com\/little-jesus-en-el-palacio-de-los-deportes-10-canciones-que-quiero-escuchar-en-vivo\/#primaryimage"},"thumbnailUrl":"https:\/\/errr-magazine.com\/wp-content\/uploads\/2025\/07\/LITTLE_J-185-scaled.jpg","datePublished":"2025-07-23T21:41:15+00:00","dateModified":"2025-08-02T05:11:09+00:00","author":{"@id":"https:\/\/errr-magazine.com\/#\/schema\/person\/ec207ef92272c377d0a49d4163f70bd8"},"breadcrumb":{"@id":"https:\/\/errr-magazine.com\/little-jesus-en-el-palacio-de-los-deportes-10-canciones-que-quiero-escuchar-en-vivo\/#breadcrumb"},"inLanguage":"en-US","potentialAction":[{"@type":"ReadAction","target":["https:\/\/errr-magazine.com\/little-jesus-en-el-palacio-de-los-deportes-10-canciones-que-quiero-escuchar-en-vivo\/"]}]},{"@type":"ImageObject","inLanguage":"en-US","@id":"https:\/\/errr-magazine.com\/little-jesus-en-el-palacio-de-los-deportes-10-canciones-que-quiero-escuchar-en-vivo\/#primaryimage","url":"https:\/\/errr-magazine.com\/wp-content\/uploads\/2025\/07\/LITTLE_J-185-scaled.jpg","contentUrl":"https:\/\/errr-magazine.com\/wp-content\/uploads\/2025\/07\/LITTLE_J-185-scaled.jpg","width":1713,"height":2560},{"@type":"BreadcrumbList","@id":"https:\/\/errr-magazine.com\/little-jesus-en-el-palacio-de-los-deportes-10-canciones-que-quiero-escuchar-en-vivo\/#breadcrumb","itemListElement":[{"@type":"ListItem","position":1,"name":"Portada","item":"https:\/\/errr-magazine.com\/"},{"@type":"ListItem","position":2,"name":"Little Jesus en el Palacio de los Deportes: 10 canciones que quiero escuchar en vivo"}]},{"@type":"WebSite","@id":"https:\/\/errr-magazine.com\/#website","url":"https:\/\/errr-magazine.com\/","name":"ERRR MAGAZINE","description":"","potentialAction":[{"@type":"SearchAction","target":{"@type":"EntryPoint","urlTemplate":"https:\/\/errr-magazine.com\/?s={search_term_string}"},"query-input":{"@type":"PropertyValueSpecification","valueRequired":true,"valueName":"search_term_string"}}],"inLanguage":"en-US"},{"@type":"Person","@id":"https:\/\/errr-magazine.com\/#\/schema\/person\/ec207ef92272c377d0a49d4163f70bd8","name":"Luc\u00eda Barrag\u00e1n","image":{"@type":"ImageObject","inLanguage":"en-US","@id":"https:\/\/secure.gravatar.com\/avatar\/faa64f51d0815fa06733b8bee4ca574d373604f2c235bc0975c751e8ed74db4c?s=96&d=identicon&r=g","url":"https:\/\/secure.gravatar.com\/avatar\/faa64f51d0815fa06733b8bee4ca574d373604f2c235bc0975c751e8ed74db4c?s=96&d=identicon&r=g","contentUrl":"https:\/\/secure.gravatar.com\/avatar\/faa64f51d0815fa06733b8bee4ca574d373604f2c235bc0975c751e8ed74db4c?s=96&d=identicon&r=g","caption":"Luc\u00eda Barrag\u00e1n"},"description":"Periodista musical y escritora de la Ciudad de M\u00e9xico.","url":"https:\/\/errr-magazine.com\/english\/author\/luciabarragan\/"}]}},"jetpack_featured_media_url":"https:\/\/errr-magazine.com\/wp-content\/uploads\/2025\/07\/LITTLE_J-185-scaled.jpg","jetpack-related-posts":[{"id":197138,"url":"https:\/\/errr-magazine.com\/english\/nada-como-vivir\/","url_meta":{"origin":191100,"position":0},"title":"Nothing like living","author":"Roman Lopez Lopez","date":"01\/08\/2026","format":false,"excerpt":"Insecurity: that feeling of not being good enough or of overconsuming what you create. On platforms like TikTok or YouTube, there are so many creative people, and it's inevitable to compare yourself; sometimes that's discouraging.","rel":"","context":"In &quot;Artes visuales&quot;","block_context":{"text":"Artes visuales","link":"https:\/\/errr-magazine.com\/english\/category\/interviews\/artes-visuales\/"},"img":{"alt_text":"","src":"https:\/\/i0.wp.com\/errr-magazine.com\/wp-content\/uploads\/2026\/01\/R1-04494-0006-scaled.jpg?resize=350%2C200&ssl=1","width":350,"height":200,"srcset":"https:\/\/i0.wp.com\/errr-magazine.com\/wp-content\/uploads\/2026\/01\/R1-04494-0006-scaled.jpg?resize=350%2C200&ssl=1 1x, https:\/\/i0.wp.com\/errr-magazine.com\/wp-content\/uploads\/2026\/01\/R1-04494-0006-scaled.jpg?resize=525%2C300&ssl=1 1.5x, https:\/\/i0.wp.com\/errr-magazine.com\/wp-content\/uploads\/2026\/01\/R1-04494-0006-scaled.jpg?resize=700%2C400&ssl=1 2x, https:\/\/i0.wp.com\/errr-magazine.com\/wp-content\/uploads\/2026\/01\/R1-04494-0006-scaled.jpg?resize=1050%2C600&ssl=1 3x, https:\/\/i0.wp.com\/errr-magazine.com\/wp-content\/uploads\/2026\/01\/R1-04494-0006-scaled.jpg?resize=1400%2C800&ssl=1 4x"},"classes":[]},{"id":168397,"url":"https:\/\/errr-magazine.com\/english\/aviones-de-papel-2\/","url_meta":{"origin":191100,"position":1},"title":"Aviones de papel","author":"Israel Hern\u00e1ndez","date":"03\/07\/2021","format":false,"excerpt":"Acapulco 2006 Esta ilustraci\u00f3n es del 2019, la hice inspirado en una canci\u00f3n de Little Jesus, despu\u00e9s form\u00f3 parte de una propuesta de merch para el concierto que dieron en la Ciudad de M\u00e9xico ese mismo a\u00f1o, quer\u00eda representar lo bello de una playa vac\u00eda con tu persona favorita. Tiene\u2026","rel":"","context":"In &quot;Textos&quot;","block_context":{"text":"Textos","link":"https:\/\/errr-magazine.com\/english\/category\/textos\/"},"img":{"alt_text":"","src":"https:\/\/i0.wp.com\/errr-magazine.com\/wp-content\/uploads\/2021\/03\/Irene.png?resize=350%2C200&ssl=1","width":350,"height":200,"srcset":"https:\/\/i0.wp.com\/errr-magazine.com\/wp-content\/uploads\/2021\/03\/Irene.png?resize=350%2C200&ssl=1 1x, https:\/\/i0.wp.com\/errr-magazine.com\/wp-content\/uploads\/2021\/03\/Irene.png?resize=525%2C300&ssl=1 1.5x, https:\/\/i0.wp.com\/errr-magazine.com\/wp-content\/uploads\/2021\/03\/Irene.png?resize=700%2C400&ssl=1 2x, https:\/\/i0.wp.com\/errr-magazine.com\/wp-content\/uploads\/2021\/03\/Irene.png?resize=1050%2C600&ssl=1 3x, https:\/\/i0.wp.com\/errr-magazine.com\/wp-content\/uploads\/2021\/03\/Irene.png?resize=1400%2C800&ssl=1 4x"},"classes":[]},{"id":166125,"url":"https:\/\/errr-magazine.com\/english\/todavia-no-te-vayas\/","url_meta":{"origin":191100,"position":2},"title":"Todav\u00eda no te vayas","author":"Tan Uranga","date":"01\/30\/2021","format":false,"excerpt":"Espacio t.4, 2020 D\u00eda de recolecci\u00f3n de flores bajo el sol, espalda quemada y una caminata por el campo. Dep\u00f3sito de recuerdos, 2019 Esta fotograf\u00eda la tom\u00e9 un d\u00eda que fuimos al bosque. Nos sentamos a platicar y abrazarnos, mientras mi cabeza descansaba en tu hombro, me cuestionaba c\u00f3mo se\u2026","rel":"","context":"In &quot;Textos&quot;","block_context":{"text":"Textos","link":"https:\/\/errr-magazine.com\/english\/category\/textos\/"},"img":{"alt_text":"","src":"https:\/\/i0.wp.com\/errr-magazine.com\/wp-content\/uploads\/2021\/01\/000020.jpeg?resize=350%2C200&ssl=1","width":350,"height":200,"srcset":"https:\/\/i0.wp.com\/errr-magazine.com\/wp-content\/uploads\/2021\/01\/000020.jpeg?resize=350%2C200&ssl=1 1x, https:\/\/i0.wp.com\/errr-magazine.com\/wp-content\/uploads\/2021\/01\/000020.jpeg?resize=525%2C300&ssl=1 1.5x, https:\/\/i0.wp.com\/errr-magazine.com\/wp-content\/uploads\/2021\/01\/000020.jpeg?resize=700%2C400&ssl=1 2x, https:\/\/i0.wp.com\/errr-magazine.com\/wp-content\/uploads\/2021\/01\/000020.jpeg?resize=1050%2C600&ssl=1 3x, https:\/\/i0.wp.com\/errr-magazine.com\/wp-content\/uploads\/2021\/01\/000020.jpeg?resize=1400%2C800&ssl=1 4x"},"classes":[]},{"id":186804,"url":"https:\/\/errr-magazine.com\/english\/vuelve-a-casa\/","url_meta":{"origin":191100,"position":3},"title":"Vuelve a Casa","author":"Suerte Campe\u00f3n","date":"12\/05\/2023","format":false,"excerpt":"La sensaci\u00f3n de extra\u00f1ar a alguien de manera tan desgarradora e intensa ha sido retratada en esta canci\u00f3n.","rel":"","context":"In &quot;Interview&quot;","block_context":{"text":"Interview","link":"https:\/\/errr-magazine.com\/english\/category\/interviews\/"},"img":{"alt_text":"","src":"https:\/\/i0.wp.com\/errr-magazine.com\/wp-content\/uploads\/2023\/12\/326423706_482284880757874_7663930356180003340_n.jpg?resize=350%2C200&ssl=1","width":350,"height":200,"srcset":"https:\/\/i0.wp.com\/errr-magazine.com\/wp-content\/uploads\/2023\/12\/326423706_482284880757874_7663930356180003340_n.jpg?resize=350%2C200&ssl=1 1x, https:\/\/i0.wp.com\/errr-magazine.com\/wp-content\/uploads\/2023\/12\/326423706_482284880757874_7663930356180003340_n.jpg?resize=525%2C300&ssl=1 1.5x, https:\/\/i0.wp.com\/errr-magazine.com\/wp-content\/uploads\/2023\/12\/326423706_482284880757874_7663930356180003340_n.jpg?resize=700%2C400&ssl=1 2x, https:\/\/i0.wp.com\/errr-magazine.com\/wp-content\/uploads\/2023\/12\/326423706_482284880757874_7663930356180003340_n.jpg?resize=1050%2C600&ssl=1 3x, https:\/\/i0.wp.com\/errr-magazine.com\/wp-content\/uploads\/2023\/12\/326423706_482284880757874_7663930356180003340_n.jpg?resize=1400%2C800&ssl=1 4x"},"classes":[]},{"id":183398,"url":"https:\/\/errr-magazine.com\/english\/hola-lola\/","url_meta":{"origin":191100,"position":4},"title":"Hola Lola","author":"Andru","date":"03\/01\/2023","format":false,"excerpt":"Quer\u00eda inmortalizar mi relaci\u00f3n con Lola para recordar que siempre ha estado ah\u00ed para m\u00ed, siempre con ganas de sacarme una sonrisa, y que no importa que las cosas no est\u00e9n del todo bien, habr\u00e1 d\u00edas mejores...","rel":"","context":"In &quot;Interview&quot;","block_context":{"text":"Interview","link":"https:\/\/errr-magazine.com\/english\/category\/interviews\/"},"img":{"alt_text":"","src":"https:\/\/i0.wp.com\/errr-magazine.com\/wp-content\/uploads\/2023\/03\/Captura-de-pantalla-2023-03-02-a-las-08.45.57.png?resize=350%2C200&ssl=1","width":350,"height":200,"srcset":"https:\/\/i0.wp.com\/errr-magazine.com\/wp-content\/uploads\/2023\/03\/Captura-de-pantalla-2023-03-02-a-las-08.45.57.png?resize=350%2C200&ssl=1 1x, https:\/\/i0.wp.com\/errr-magazine.com\/wp-content\/uploads\/2023\/03\/Captura-de-pantalla-2023-03-02-a-las-08.45.57.png?resize=525%2C300&ssl=1 1.5x, https:\/\/i0.wp.com\/errr-magazine.com\/wp-content\/uploads\/2023\/03\/Captura-de-pantalla-2023-03-02-a-las-08.45.57.png?resize=700%2C400&ssl=1 2x"},"classes":[]},{"id":201130,"url":"https:\/\/errr-magazine.com\/english\/bengala-2\/","url_meta":{"origin":191100,"position":5},"title":"Bengala","author":"Bengala","date":"02\/25\/2026","format":false,"excerpt":"Bengala was born from a philosophy and a lifestyle. We\u2019re a couple from Acapulco who share habits like exercising, taking care of what we eat, what we watch, what we think (what we are), and of course, a love for coffee. That\u2019s why we say it was born from a philosophy: it\u2019s not just about looking good, but feeling good.","rel":"","context":"In &quot;Cafeterias y panader\u00edas&quot;","block_context":{"text":"Cafeterias y panader\u00edas","link":"https:\/\/errr-magazine.com\/english\/category\/places\/cafeterias-y-panaderias\/"},"img":{"alt_text":"","src":"https:\/\/i0.wp.com\/errr-magazine.com\/wp-content\/uploads\/2026\/02\/DSC08701-scaled.jpg?resize=350%2C200&ssl=1","width":350,"height":200,"srcset":"https:\/\/i0.wp.com\/errr-magazine.com\/wp-content\/uploads\/2026\/02\/DSC08701-scaled.jpg?resize=350%2C200&ssl=1 1x, https:\/\/i0.wp.com\/errr-magazine.com\/wp-content\/uploads\/2026\/02\/DSC08701-scaled.jpg?resize=525%2C300&ssl=1 1.5x, https:\/\/i0.wp.com\/errr-magazine.com\/wp-content\/uploads\/2026\/02\/DSC08701-scaled.jpg?resize=700%2C400&ssl=1 2x, https:\/\/i0.wp.com\/errr-magazine.com\/wp-content\/uploads\/2026\/02\/DSC08701-scaled.jpg?resize=1050%2C600&ssl=1 3x, https:\/\/i0.wp.com\/errr-magazine.com\/wp-content\/uploads\/2026\/02\/DSC08701-scaled.jpg?resize=1400%2C800&ssl=1 4x"},"classes":[]}],"jetpack_sharing_enabled":true,"mfb_rest_fields":["title","yoast_head","yoast_head_json","jetpack_featured_media_url","jetpack-related-posts","jetpack_sharing_enabled"],"_links":{"self":[{"href":"https:\/\/errr-magazine.com\/english\/wp-json\/wp\/v2\/posts\/191100","targetHints":{"allow":["GET"]}}],"collection":[{"href":"https:\/\/errr-magazine.com\/english\/wp-json\/wp\/v2\/posts"}],"about":[{"href":"https:\/\/errr-magazine.com\/english\/wp-json\/wp\/v2\/types\/post"}],"author":[{"embeddable":true,"href":"https:\/\/errr-magazine.com\/english\/wp-json\/wp\/v2\/users\/7815"}],"replies":[{"embeddable":true,"href":"https:\/\/errr-magazine.com\/english\/wp-json\/wp\/v2\/comments?post=191100"}],"version-history":[{"count":15,"href":"https:\/\/errr-magazine.com\/english\/wp-json\/wp\/v2\/posts\/191100\/revisions"}],"predecessor-version":[{"id":191124,"href":"https:\/\/errr-magazine.com\/english\/wp-json\/wp\/v2\/posts\/191100\/revisions\/191124"}],"wp:featuredmedia":[{"embeddable":true,"href":"https:\/\/errr-magazine.com\/english\/wp-json\/wp\/v2\/media\/191101"}],"wp:attachment":[{"href":"https:\/\/errr-magazine.com\/english\/wp-json\/wp\/v2\/media?parent=191100"}],"wp:term":[{"taxonomy":"category","embeddable":true,"href":"https:\/\/errr-magazine.com\/english\/wp-json\/wp\/v2\/categories?post=191100"},{"taxonomy":"post_tag","embeddable":true,"href":"https:\/\/errr-magazine.com\/english\/wp-json\/wp\/v2\/tags?post=191100"}],"curies":[{"name":"wp","href":"https:\/\/api.w.org\/{rel}","templated":true}]}}