{"id":191052,"date":"2025-07-21T16:01:07","date_gmt":"2025-07-21T22:01:07","guid":{"rendered":"https:\/\/errr-magazine.com\/?p=191052"},"modified":"2025-07-21T16:01:10","modified_gmt":"2025-07-21T22:01:10","slug":"el-lazo-de-petra","status":"publish","type":"post","link":"https:\/\/errr-magazine.com\/english\/el-lazo-de-petra\/","title":{"rendered":"El Lazo de Petra"},"content":{"rendered":"<p>Apple M\u00e9xico estren\u00f3 una nueva pel\u00edcula grabada completamente con iPhone 16 Pro. Se llama\u00a0<em>El lazo de Petra<\/em>\u00a0y est\u00e1 escrita y dirigida por <a href=\"https:\/\/www.instagram.com\/horrorguerrero\/\">Gigi Saul Guerrero<\/a>, cineasta y actriz mexicana que ahora se mete de lleno en el western, pero con criaturas del folclore y una charra como protagonista.<\/p>\n\n\n\n<p>El corto, grabado en M\u00e9xico y con la fotograf\u00eda de Alexis Zab\u00e9, no solo homenajea la figura femenina dentro de la cultura nacional, tambi\u00e9n propone una est\u00e9tica inspirada en los videojuegos. La simulaci\u00f3n y el pixel art corren por cuenta de Halberd Studios, quienes usaron el esc\u00e1ner LiDAR del iPhone para capturar datos de motion capture y convertirlos en animaci\u00f3n.<\/p>\n\n\n\n<p>\u201cUtilizamos la c\u00e1mara y el esc\u00e1ner LiDAR del iPhone 16 Pro para crear una secuencia interactiva de videojuego. Sin esta tecnolog\u00eda, habr\u00eda sido muy dif\u00edcil lograrlo, ya que normalmente necesitar\u00edamos equipos costosos y dif\u00edciles de transportar\u201d, explica Miguel Hasson, CEO de Halberd.<\/p>\n\n\n\n<div class=\"wp-block-columns is-layout-flex wp-container-core-columns-is-layout-28f84493 wp-block-columns-is-layout-flex\">\n<div class=\"wp-block-column is-layout-flow wp-block-column-is-layout-flow\" style=\"flex-basis:100%\">\n<iframe width=\"560\" height=\"315\" data-src=\"https:\/\/www.youtube.com\/embed\/-Ip2BiXcrMw?si=KWXJYDEpW0-1wb2R\" title=\"YouTube video player\" frameborder=\"0\" allow=\"accelerometer; autoplay; clipboard-write; encrypted-media; gyroscope; picture-in-picture; web-share\" referrerpolicy=\"strict-origin-when-cross-origin\" allowfullscreen src=\"data:image\/svg+xml;base64,PHN2ZyB3aWR0aD0iMSIgaGVpZ2h0PSIxIiB4bWxucz0iaHR0cDovL3d3dy53My5vcmcvMjAwMC9zdmciPjwvc3ZnPg==\" class=\"lazyload\" data-load-mode=\"1\"><\/iframe>\n<\/div>\n<\/div>\n\n\n\n<p>Seg\u00fan la directora, la portabilidad y calidad del dispositivo fueron clave para lograr la historia que quer\u00eda contar: \u201cGrabar con el iPhone 16 Pro ha sido una experiencia incre\u00edble. Como directora, me ha inspirado a crear historias en cualquier momento. La accesibilidad del dispositivo, junto con su tama\u00f1o, nos permite explorar puntos de vista de los personajes que nunca habr\u00edamos imaginado\u201d.<\/p>\n\n\n\n<p>La pel\u00edcula se estren\u00f3 el 10 de julio a trav\u00e9s del canal de YouTube de Apple M\u00e9xico. Para acompa\u00f1ar el lanzamiento, la fot\u00f3grafa Ana Joaquina realiz\u00f3 una serie de im\u00e1genes con iPhone 16 Pro, capturando suertes charras en distintos puntos del pa\u00eds.<\/p>\n\n\n\n<p><em>El lazo de Petra<\/em>&nbsp;forma parte de la serie&nbsp;<em>Filmado con iPhone<\/em>, en la que Apple invita a cineastas de todo el mundo a experimentar con sus nuevas c\u00e1maras. En este caso, la apuesta combina la potencia t\u00e9cnica del chip A18 Pro, grabaci\u00f3n en 4K Dolby Vision a 120fps, estabilizaci\u00f3n autom\u00e1tica y correcci\u00f3n de color cuadro por cuadro, con una historia mexicana que celebra a las mujeres que luchan por los suyos.<\/p>","protected":false},"excerpt":{"rendered":"<p>Apple M\u00e9xico estren\u00f3 una nueva pel\u00edcula grabada completamente con iPhone 16 Pro. Escrita y dirigida por Gigi Saul Guerrero, cineasta y actriz mexicana que ahora se mete de lleno en el western.<\/p>","protected":false},"author":7791,"featured_media":191053,"comment_status":"closed","ping_status":"closed","sticky":false,"template":"","format":"standard","meta":{"_acf_changed":false,"cybocfi_hide_featured_image":"","_jetpack_memberships_contains_paid_content":false,"footnotes":""},"categories":[17462],"tags":[],"class_list":["post-191052","post","type-post","status-publish","format-standard","has-post-thumbnail","hentry","category-noticias"],"acf":[],"mb":[],"yoast_head":"<!-- This site is optimized with the Yoast SEO plugin v27.2 - https:\/\/yoast.com\/product\/yoast-seo-wordpress\/ -->\n<title>El Lazo de Petra - ERRR MAGAZINE<\/title>\n<meta name=\"robots\" content=\"index, follow, max-snippet:-1, max-image-preview:large, max-video-preview:-1\" \/>\n<link rel=\"canonical\" href=\"https:\/\/errr-magazine.com\/english\/el-lazo-de-petra\/\" \/>\n<meta property=\"og:locale\" content=\"en_US\" \/>\n<meta property=\"og:type\" content=\"article\" \/>\n<meta property=\"og:title\" content=\"El Lazo de Petra - ERRR MAGAZINE\" \/>\n<meta property=\"og:description\" content=\"Apple M\u00e9xico estren\u00f3 una nueva pel\u00edcula grabada completamente con iPhone 16 Pro. Escrita y dirigida por Gigi Saul Guerrero, cineasta y actriz mexicana que ahora se mete de lleno en el western.\" \/>\n<meta property=\"og:url\" content=\"https:\/\/errr-magazine.com\/english\/el-lazo-de-petra\/\" \/>\n<meta property=\"og:site_name\" content=\"ERRR MAGAZINE\" \/>\n<meta property=\"article:published_time\" content=\"2025-07-21T22:01:07+00:00\" \/>\n<meta property=\"article:modified_time\" content=\"2025-07-21T22:01:10+00:00\" \/>\n<meta property=\"og:image\" content=\"https:\/\/errr-magazine.com\/wp-content\/uploads\/2025\/07\/1-3-scaled.jpg\" \/>\n\t<meta property=\"og:image:width\" content=\"2560\" \/>\n\t<meta property=\"og:image:height\" content=\"1920\" \/>\n\t<meta property=\"og:image:type\" content=\"image\/jpeg\" \/>\n<meta name=\"author\" content=\"Marina V\u00e9lez\" \/>\n<meta name=\"twitter:card\" content=\"summary_large_image\" \/>\n<meta name=\"twitter:label1\" content=\"Written by\" \/>\n\t<meta name=\"twitter:data1\" content=\"Marina V\u00e9lez\" \/>\n\t<meta name=\"twitter:label2\" content=\"Est. reading time\" \/>\n\t<meta name=\"twitter:data2\" content=\"2 minutes\" \/>\n<script type=\"application\/ld+json\" class=\"yoast-schema-graph\">{\"@context\":\"https:\/\/schema.org\",\"@graph\":[{\"@type\":\"Article\",\"@id\":\"https:\/\/errr-magazine.com\/el-lazo-de-petra\/#article\",\"isPartOf\":{\"@id\":\"https:\/\/errr-magazine.com\/el-lazo-de-petra\/\"},\"author\":{\"name\":\"Marina V\u00e9lez\",\"@id\":\"https:\/\/errr-magazine.com\/#\/schema\/person\/dc795a3be43d63e4ff57a800db5ccb96\"},\"headline\":\"El Lazo de Petra\",\"datePublished\":\"2025-07-21T22:01:07+00:00\",\"dateModified\":\"2025-07-21T22:01:10+00:00\",\"mainEntityOfPage\":{\"@id\":\"https:\/\/errr-magazine.com\/el-lazo-de-petra\/\"},\"wordCount\":362,\"image\":{\"@id\":\"https:\/\/errr-magazine.com\/el-lazo-de-petra\/#primaryimage\"},\"thumbnailUrl\":\"https:\/\/errr-magazine.com\/wp-content\/uploads\/2025\/07\/1-3-scaled.jpg\",\"articleSection\":[\"Noticias\"],\"inLanguage\":\"en-US\"},{\"@type\":\"WebPage\",\"@id\":\"https:\/\/errr-magazine.com\/el-lazo-de-petra\/\",\"url\":\"https:\/\/errr-magazine.com\/el-lazo-de-petra\/\",\"name\":\"El Lazo de Petra - ERRR MAGAZINE\",\"isPartOf\":{\"@id\":\"https:\/\/errr-magazine.com\/#website\"},\"primaryImageOfPage\":{\"@id\":\"https:\/\/errr-magazine.com\/el-lazo-de-petra\/#primaryimage\"},\"image\":{\"@id\":\"https:\/\/errr-magazine.com\/el-lazo-de-petra\/#primaryimage\"},\"thumbnailUrl\":\"https:\/\/errr-magazine.com\/wp-content\/uploads\/2025\/07\/1-3-scaled.jpg\",\"datePublished\":\"2025-07-21T22:01:07+00:00\",\"dateModified\":\"2025-07-21T22:01:10+00:00\",\"author\":{\"@id\":\"https:\/\/errr-magazine.com\/#\/schema\/person\/dc795a3be43d63e4ff57a800db5ccb96\"},\"breadcrumb\":{\"@id\":\"https:\/\/errr-magazine.com\/el-lazo-de-petra\/#breadcrumb\"},\"inLanguage\":\"en-US\",\"potentialAction\":[{\"@type\":\"ReadAction\",\"target\":[\"https:\/\/errr-magazine.com\/el-lazo-de-petra\/\"]}]},{\"@type\":\"ImageObject\",\"inLanguage\":\"en-US\",\"@id\":\"https:\/\/errr-magazine.com\/el-lazo-de-petra\/#primaryimage\",\"url\":\"https:\/\/errr-magazine.com\/wp-content\/uploads\/2025\/07\/1-3-scaled.jpg\",\"contentUrl\":\"https:\/\/errr-magazine.com\/wp-content\/uploads\/2025\/07\/1-3-scaled.jpg\",\"width\":2560,\"height\":1920},{\"@type\":\"BreadcrumbList\",\"@id\":\"https:\/\/errr-magazine.com\/el-lazo-de-petra\/#breadcrumb\",\"itemListElement\":[{\"@type\":\"ListItem\",\"position\":1,\"name\":\"Portada\",\"item\":\"https:\/\/errr-magazine.com\/\"},{\"@type\":\"ListItem\",\"position\":2,\"name\":\"El Lazo de Petra\"}]},{\"@type\":\"WebSite\",\"@id\":\"https:\/\/errr-magazine.com\/#website\",\"url\":\"https:\/\/errr-magazine.com\/\",\"name\":\"ERRR MAGAZINE\",\"description\":\"\",\"potentialAction\":[{\"@type\":\"SearchAction\",\"target\":{\"@type\":\"EntryPoint\",\"urlTemplate\":\"https:\/\/errr-magazine.com\/?s={search_term_string}\"},\"query-input\":{\"@type\":\"PropertyValueSpecification\",\"valueRequired\":true,\"valueName\":\"search_term_string\"}}],\"inLanguage\":\"en-US\"},{\"@type\":\"Person\",\"@id\":\"https:\/\/errr-magazine.com\/#\/schema\/person\/dc795a3be43d63e4ff57a800db5ccb96\",\"name\":\"Marina V\u00e9lez\",\"image\":{\"@type\":\"ImageObject\",\"inLanguage\":\"en-US\",\"@id\":\"https:\/\/secure.gravatar.com\/avatar\/65e688e2caaa095e04a02896c8ab84085efffd1dba991b9675904323ee1bfd39?s=96&d=identicon&r=g\",\"url\":\"https:\/\/secure.gravatar.com\/avatar\/65e688e2caaa095e04a02896c8ab84085efffd1dba991b9675904323ee1bfd39?s=96&d=identicon&r=g\",\"contentUrl\":\"https:\/\/secure.gravatar.com\/avatar\/65e688e2caaa095e04a02896c8ab84085efffd1dba991b9675904323ee1bfd39?s=96&d=identicon&r=g\",\"caption\":\"Marina V\u00e9lez\"},\"description\":\"Periodista y editora cultural especializada en m\u00fasica y arte contempor\u00e1neo.\",\"url\":\"https:\/\/errr-magazine.com\/english\/author\/marina-velez\/\"}]}<\/script>\n<!-- \/ Yoast SEO plugin. -->","yoast_head_json":{"title":"El Lazo de Petra - ERRR MAGAZINE","robots":{"index":"index","follow":"follow","max-snippet":"max-snippet:-1","max-image-preview":"max-image-preview:large","max-video-preview":"max-video-preview:-1"},"canonical":"https:\/\/errr-magazine.com\/english\/el-lazo-de-petra\/","og_locale":"en_US","og_type":"article","og_title":"El Lazo de Petra - ERRR MAGAZINE","og_description":"Apple M\u00e9xico estren\u00f3 una nueva pel\u00edcula grabada completamente con iPhone 16 Pro. Escrita y dirigida por Gigi Saul Guerrero, cineasta y actriz mexicana que ahora se mete de lleno en el western.","og_url":"https:\/\/errr-magazine.com\/english\/el-lazo-de-petra\/","og_site_name":"ERRR MAGAZINE","article_published_time":"2025-07-21T22:01:07+00:00","article_modified_time":"2025-07-21T22:01:10+00:00","og_image":[{"width":2560,"height":1920,"url":"https:\/\/errr-magazine.com\/wp-content\/uploads\/2025\/07\/1-3-scaled.jpg","type":"image\/jpeg"}],"author":"Marina V\u00e9lez","twitter_card":"summary_large_image","twitter_misc":{"Written by":"Marina V\u00e9lez","Est. reading time":"2 minutes"},"schema":{"@context":"https:\/\/schema.org","@graph":[{"@type":"Article","@id":"https:\/\/errr-magazine.com\/el-lazo-de-petra\/#article","isPartOf":{"@id":"https:\/\/errr-magazine.com\/el-lazo-de-petra\/"},"author":{"name":"Marina V\u00e9lez","@id":"https:\/\/errr-magazine.com\/#\/schema\/person\/dc795a3be43d63e4ff57a800db5ccb96"},"headline":"El Lazo de Petra","datePublished":"2025-07-21T22:01:07+00:00","dateModified":"2025-07-21T22:01:10+00:00","mainEntityOfPage":{"@id":"https:\/\/errr-magazine.com\/el-lazo-de-petra\/"},"wordCount":362,"image":{"@id":"https:\/\/errr-magazine.com\/el-lazo-de-petra\/#primaryimage"},"thumbnailUrl":"https:\/\/errr-magazine.com\/wp-content\/uploads\/2025\/07\/1-3-scaled.jpg","articleSection":["Noticias"],"inLanguage":"en-US"},{"@type":"WebPage","@id":"https:\/\/errr-magazine.com\/el-lazo-de-petra\/","url":"https:\/\/errr-magazine.com\/el-lazo-de-petra\/","name":"El Lazo de Petra - ERRR MAGAZINE","isPartOf":{"@id":"https:\/\/errr-magazine.com\/#website"},"primaryImageOfPage":{"@id":"https:\/\/errr-magazine.com\/el-lazo-de-petra\/#primaryimage"},"image":{"@id":"https:\/\/errr-magazine.com\/el-lazo-de-petra\/#primaryimage"},"thumbnailUrl":"https:\/\/errr-magazine.com\/wp-content\/uploads\/2025\/07\/1-3-scaled.jpg","datePublished":"2025-07-21T22:01:07+00:00","dateModified":"2025-07-21T22:01:10+00:00","author":{"@id":"https:\/\/errr-magazine.com\/#\/schema\/person\/dc795a3be43d63e4ff57a800db5ccb96"},"breadcrumb":{"@id":"https:\/\/errr-magazine.com\/el-lazo-de-petra\/#breadcrumb"},"inLanguage":"en-US","potentialAction":[{"@type":"ReadAction","target":["https:\/\/errr-magazine.com\/el-lazo-de-petra\/"]}]},{"@type":"ImageObject","inLanguage":"en-US","@id":"https:\/\/errr-magazine.com\/el-lazo-de-petra\/#primaryimage","url":"https:\/\/errr-magazine.com\/wp-content\/uploads\/2025\/07\/1-3-scaled.jpg","contentUrl":"https:\/\/errr-magazine.com\/wp-content\/uploads\/2025\/07\/1-3-scaled.jpg","width":2560,"height":1920},{"@type":"BreadcrumbList","@id":"https:\/\/errr-magazine.com\/el-lazo-de-petra\/#breadcrumb","itemListElement":[{"@type":"ListItem","position":1,"name":"Portada","item":"https:\/\/errr-magazine.com\/"},{"@type":"ListItem","position":2,"name":"El Lazo de Petra"}]},{"@type":"WebSite","@id":"https:\/\/errr-magazine.com\/#website","url":"https:\/\/errr-magazine.com\/","name":"ERRR MAGAZINE","description":"","potentialAction":[{"@type":"SearchAction","target":{"@type":"EntryPoint","urlTemplate":"https:\/\/errr-magazine.com\/?s={search_term_string}"},"query-input":{"@type":"PropertyValueSpecification","valueRequired":true,"valueName":"search_term_string"}}],"inLanguage":"en-US"},{"@type":"Person","@id":"https:\/\/errr-magazine.com\/#\/schema\/person\/dc795a3be43d63e4ff57a800db5ccb96","name":"Marina Velez","image":{"@type":"ImageObject","inLanguage":"en-US","@id":"https:\/\/secure.gravatar.com\/avatar\/65e688e2caaa095e04a02896c8ab84085efffd1dba991b9675904323ee1bfd39?s=96&d=identicon&r=g","url":"https:\/\/secure.gravatar.com\/avatar\/65e688e2caaa095e04a02896c8ab84085efffd1dba991b9675904323ee1bfd39?s=96&d=identicon&r=g","contentUrl":"https:\/\/secure.gravatar.com\/avatar\/65e688e2caaa095e04a02896c8ab84085efffd1dba991b9675904323ee1bfd39?s=96&d=identicon&r=g","caption":"Marina V\u00e9lez"},"description":"Journalist and cultural editor specializing in contemporary music and art.","url":"https:\/\/errr-magazine.com\/english\/author\/marina-velez\/"}]}},"jetpack_featured_media_url":"https:\/\/errr-magazine.com\/wp-content\/uploads\/2025\/07\/1-3-scaled.jpg","jetpack-related-posts":[{"id":180889,"url":"https:\/\/errr-magazine.com\/english\/fill-the-mold\/","url_meta":{"origin":191052,"position":0},"title":"Fill The Mold","author":"Annabelle McEwen","date":"07\/14\/2021","format":false,"excerpt":"I really enjoy the experience of seeing an iPhone photo become a physical object...","rel":"","context":"In &quot;Interview&quot;","block_context":{"text":"Interview","link":"https:\/\/errr-magazine.com\/english\/category\/interviews\/"},"img":{"alt_text":"","src":"https:\/\/i0.wp.com\/errr-magazine.com\/wp-content\/uploads\/2022\/07\/Fill-The-Mold-Annabelle-McEwen-1.jpg?resize=350%2C200&ssl=1","width":350,"height":200,"srcset":"https:\/\/i0.wp.com\/errr-magazine.com\/wp-content\/uploads\/2022\/07\/Fill-The-Mold-Annabelle-McEwen-1.jpg?resize=350%2C200&ssl=1 1x, https:\/\/i0.wp.com\/errr-magazine.com\/wp-content\/uploads\/2022\/07\/Fill-The-Mold-Annabelle-McEwen-1.jpg?resize=525%2C300&ssl=1 1.5x, https:\/\/i0.wp.com\/errr-magazine.com\/wp-content\/uploads\/2022\/07\/Fill-The-Mold-Annabelle-McEwen-1.jpg?resize=700%2C400&ssl=1 2x, https:\/\/i0.wp.com\/errr-magazine.com\/wp-content\/uploads\/2022\/07\/Fill-The-Mold-Annabelle-McEwen-1.jpg?resize=1050%2C600&ssl=1 3x, https:\/\/i0.wp.com\/errr-magazine.com\/wp-content\/uploads\/2022\/07\/Fill-The-Mold-Annabelle-McEwen-1.jpg?resize=1400%2C800&ssl=1 4x"},"classes":[]},{"id":185907,"url":"https:\/\/errr-magazine.com\/english\/ahi-esta-la-magia\/","url_meta":{"origin":191052,"position":1},"title":"Ah\u00ed est\u00e1 la magia","author":"Katt Galvan","date":"10\/15\/2023","format":false,"excerpt":"Observar es parte de mi proceso creativo, me inspira encontrar buenos encuadres. Al hacer mis fotos no planeo mucho las tomas m\u00e1s bien observo, escucho qu\u00e9 es lo que pasa en el lugar para poder capturar algo de esos momentos.","rel":"","context":"In &quot;Interview&quot;","block_context":{"text":"Interview","link":"https:\/\/errr-magazine.com\/english\/category\/interviews\/"},"img":{"alt_text":"","src":"https:\/\/i0.wp.com\/errr-magazine.com\/wp-content\/uploads\/2023\/10\/DSC05103.jpg?resize=350%2C200&ssl=1","width":350,"height":200,"srcset":"https:\/\/i0.wp.com\/errr-magazine.com\/wp-content\/uploads\/2023\/10\/DSC05103.jpg?resize=350%2C200&ssl=1 1x, https:\/\/i0.wp.com\/errr-magazine.com\/wp-content\/uploads\/2023\/10\/DSC05103.jpg?resize=525%2C300&ssl=1 1.5x, https:\/\/i0.wp.com\/errr-magazine.com\/wp-content\/uploads\/2023\/10\/DSC05103.jpg?resize=700%2C400&ssl=1 2x, https:\/\/i0.wp.com\/errr-magazine.com\/wp-content\/uploads\/2023\/10\/DSC05103.jpg?resize=1050%2C600&ssl=1 3x, https:\/\/i0.wp.com\/errr-magazine.com\/wp-content\/uploads\/2023\/10\/DSC05103.jpg?resize=1400%2C800&ssl=1 4x"},"classes":[]},{"id":145943,"url":"https:\/\/errr-magazine.com\/english\/amigo-macri\/","url_meta":{"origin":191052,"position":2},"title":"Amigo Macri","author":"Iris Mullard","date":"07\/22\/2019","format":false,"excerpt":"Pasando por la casa rosada, He advertido (lo hemos hecho todos) La imagen de las pisadas del hombre en la Luna, Progreso dec\u00eds, orgullo. \u00bfQu\u00e9 pensar\u00e1 la gente? El argentino no ha de complicarse para saber, Lo que otro argentino piensa, Basta leerte en Instagram. Dicen que viv\u00eds con los\u2026","rel":"","context":"In &quot;Textos&quot;","block_context":{"text":"Textos","link":"https:\/\/errr-magazine.com\/english\/category\/textos\/"},"img":{"alt_text":"","src":"https:\/\/i0.wp.com\/errr-magazine.com\/wp-content\/uploads\/2019\/07\/25.png?resize=350%2C200&ssl=1","width":350,"height":200,"srcset":"https:\/\/i0.wp.com\/errr-magazine.com\/wp-content\/uploads\/2019\/07\/25.png?resize=350%2C200&ssl=1 1x, https:\/\/i0.wp.com\/errr-magazine.com\/wp-content\/uploads\/2019\/07\/25.png?resize=525%2C300&ssl=1 1.5x, https:\/\/i0.wp.com\/errr-magazine.com\/wp-content\/uploads\/2019\/07\/25.png?resize=700%2C400&ssl=1 2x"},"classes":[]},{"id":180850,"url":"https:\/\/errr-magazine.com\/english\/lineasformasysombras\/","url_meta":{"origin":191052,"position":3},"title":"#l\u00edneasformasysombras","author":"Caro Alanis","date":"07\/10\/2022","format":false,"excerpt":"San Antonio, TX. Ibamos sobre una avenida, yo de copiloto. Normalmente siempre voy observando c\u00f3mo cae la luz en los edificios para encontrarme algo que retratar y justo eso pas\u00f3...","rel":"","context":"In &quot;Interview&quot;","block_context":{"text":"Interview","link":"https:\/\/errr-magazine.com\/english\/category\/interviews\/"},"img":{"alt_text":"","src":"https:\/\/i0.wp.com\/errr-magazine.com\/wp-content\/uploads\/2022\/07\/lineasformasysombras-01-Carolina-Alanis-scaled.jpg?resize=350%2C200&ssl=1","width":350,"height":200,"srcset":"https:\/\/i0.wp.com\/errr-magazine.com\/wp-content\/uploads\/2022\/07\/lineasformasysombras-01-Carolina-Alanis-scaled.jpg?resize=350%2C200&ssl=1 1x, https:\/\/i0.wp.com\/errr-magazine.com\/wp-content\/uploads\/2022\/07\/lineasformasysombras-01-Carolina-Alanis-scaled.jpg?resize=525%2C300&ssl=1 1.5x, https:\/\/i0.wp.com\/errr-magazine.com\/wp-content\/uploads\/2022\/07\/lineasformasysombras-01-Carolina-Alanis-scaled.jpg?resize=700%2C400&ssl=1 2x, https:\/\/i0.wp.com\/errr-magazine.com\/wp-content\/uploads\/2022\/07\/lineasformasysombras-01-Carolina-Alanis-scaled.jpg?resize=1050%2C600&ssl=1 3x, https:\/\/i0.wp.com\/errr-magazine.com\/wp-content\/uploads\/2022\/07\/lineasformasysombras-01-Carolina-Alanis-scaled.jpg?resize=1400%2C800&ssl=1 4x"},"classes":[]},{"id":193239,"url":"https:\/\/errr-magazine.com\/english\/alarm-clock-beeps\/","url_meta":{"origin":191052,"position":4},"title":"Alarm clock beeps","author":"GORSAD.KYIV","date":"09\/21\/2025","format":false,"excerpt":"Once again, I was reminded that you don\u2019t need perfect equipment or the perfect moment. We shot everything on iPhones \u2014 and you know what? The strongest photos came when I stopped worrying \u2014 about film, about technique, about how things \"should\" be. Sometimes, real magic lies in spontaneity.","rel":"","context":"In &quot;Artes visuales&quot;","block_context":{"text":"Artes visuales","link":"https:\/\/errr-magazine.com\/english\/category\/interviews\/artes-visuales\/"},"img":{"alt_text":"","src":"https:\/\/i0.wp.com\/errr-magazine.com\/wp-content\/uploads\/2025\/09\/grsd-2.jpg?resize=350%2C200&ssl=1","width":350,"height":200,"srcset":"https:\/\/i0.wp.com\/errr-magazine.com\/wp-content\/uploads\/2025\/09\/grsd-2.jpg?resize=350%2C200&ssl=1 1x, https:\/\/i0.wp.com\/errr-magazine.com\/wp-content\/uploads\/2025\/09\/grsd-2.jpg?resize=525%2C300&ssl=1 1.5x, https:\/\/i0.wp.com\/errr-magazine.com\/wp-content\/uploads\/2025\/09\/grsd-2.jpg?resize=700%2C400&ssl=1 2x, https:\/\/i0.wp.com\/errr-magazine.com\/wp-content\/uploads\/2025\/09\/grsd-2.jpg?resize=1050%2C600&ssl=1 3x, https:\/\/i0.wp.com\/errr-magazine.com\/wp-content\/uploads\/2025\/09\/grsd-2.jpg?resize=1400%2C800&ssl=1 4x"},"classes":[]},{"id":189602,"url":"https:\/\/errr-magazine.com\/english\/estar-presente\/","url_meta":{"origin":191052,"position":5},"title":"Estar presente","author":"Andrea Ibarra","date":"05\/06\/2025","format":false,"excerpt":"El consejo m\u00e1s valioso que me han dado vino de Graciela Iturbide, una fot\u00f3grafa que admiro profundamente. Ella me dijo: \"Toma fotos, y si quieres ser fot\u00f3grafa, s\u00e9 fot\u00f3grafa.\"","rel":"","context":"In &quot;Interview&quot;","block_context":{"text":"Interview","link":"https:\/\/errr-magazine.com\/english\/category\/interviews\/"},"img":{"alt_text":"","src":"https:\/\/i0.wp.com\/errr-magazine.com\/wp-content\/uploads\/2025\/05\/c5c9a17d-3305-4152-9036-e97b104fdb13_rw_1920.jpeg?resize=350%2C200&ssl=1","width":350,"height":200,"srcset":"https:\/\/i0.wp.com\/errr-magazine.com\/wp-content\/uploads\/2025\/05\/c5c9a17d-3305-4152-9036-e97b104fdb13_rw_1920.jpeg?resize=350%2C200&ssl=1 1x, https:\/\/i0.wp.com\/errr-magazine.com\/wp-content\/uploads\/2025\/05\/c5c9a17d-3305-4152-9036-e97b104fdb13_rw_1920.jpeg?resize=525%2C300&ssl=1 1.5x, https:\/\/i0.wp.com\/errr-magazine.com\/wp-content\/uploads\/2025\/05\/c5c9a17d-3305-4152-9036-e97b104fdb13_rw_1920.jpeg?resize=700%2C400&ssl=1 2x, https:\/\/i0.wp.com\/errr-magazine.com\/wp-content\/uploads\/2025\/05\/c5c9a17d-3305-4152-9036-e97b104fdb13_rw_1920.jpeg?resize=1050%2C600&ssl=1 3x"},"classes":[]}],"jetpack_sharing_enabled":true,"mfb_rest_fields":["title","yoast_head","yoast_head_json","jetpack_featured_media_url","jetpack-related-posts","jetpack_sharing_enabled"],"_links":{"self":[{"href":"https:\/\/errr-magazine.com\/english\/wp-json\/wp\/v2\/posts\/191052","targetHints":{"allow":["GET"]}}],"collection":[{"href":"https:\/\/errr-magazine.com\/english\/wp-json\/wp\/v2\/posts"}],"about":[{"href":"https:\/\/errr-magazine.com\/english\/wp-json\/wp\/v2\/types\/post"}],"author":[{"embeddable":true,"href":"https:\/\/errr-magazine.com\/english\/wp-json\/wp\/v2\/users\/7791"}],"replies":[{"embeddable":true,"href":"https:\/\/errr-magazine.com\/english\/wp-json\/wp\/v2\/comments?post=191052"}],"version-history":[{"count":1,"href":"https:\/\/errr-magazine.com\/english\/wp-json\/wp\/v2\/posts\/191052\/revisions"}],"predecessor-version":[{"id":191054,"href":"https:\/\/errr-magazine.com\/english\/wp-json\/wp\/v2\/posts\/191052\/revisions\/191054"}],"wp:featuredmedia":[{"embeddable":true,"href":"https:\/\/errr-magazine.com\/english\/wp-json\/wp\/v2\/media\/191053"}],"wp:attachment":[{"href":"https:\/\/errr-magazine.com\/english\/wp-json\/wp\/v2\/media?parent=191052"}],"wp:term":[{"taxonomy":"category","embeddable":true,"href":"https:\/\/errr-magazine.com\/english\/wp-json\/wp\/v2\/categories?post=191052"},{"taxonomy":"post_tag","embeddable":true,"href":"https:\/\/errr-magazine.com\/english\/wp-json\/wp\/v2\/tags?post=191052"}],"curies":[{"name":"wp","href":"https:\/\/api.w.org\/{rel}","templated":true}]}}