{"id":190460,"date":"2025-06-13T08:21:11","date_gmt":"2025-06-13T14:21:11","guid":{"rendered":"https:\/\/errr-magazine.com\/?p=190460"},"modified":"2025-08-15T10:55:42","modified_gmt":"2025-08-15T16:55:42","slug":"imagined-order","status":"publish","type":"post","link":"https:\/\/errr-magazine.com\/english\/imagined-order\/","title":{"rendered":"Imagined order"},"content":{"rendered":"<p><strong>What pieces or projects have you been working on lately?<\/strong><br>\u00daltimamente sigo trabajando para ampliar mi serie \u201cImagined Order\u201d. Es un cuerpo de trabajo que me ha acompa\u00f1ado en mi b\u00fasqueda espiritual desde la familiaridad, origen y cultura caribe\u00f1a.<\/p>\n\n\n\n<p>Me interesa retratar objetos, animales y situaciones que muchas veces cargan con significados heredados \u2014 s\u00edmbolos que, en distintas culturas, han representado advertencias, protecci\u00f3n, deseo o peligro. Cosas peque\u00f1as que hemos convertido en se\u00f1ales, a veces por necesidad, otras por intuici\u00f3n.<\/p>\n\n\n\n<p>Esta serie sigue en proceso porque, de alguna manera, tambi\u00e9n sigo transitando ese orden imaginado. Encontrar en ellas una forma de supervivencia personal, emocional y espiritual. Fotografiar estos signos es, para m\u00ed, una manera de reclamar el derecho a reinterpretar lo cotidiano, de escuchar lo invisible y de hacerle espacio a lo que no siempre puede decirse con palabras.<\/p>\n\n\n\n<figure class=\"wp-block-image size-large\"><img decoding=\"async\" width=\"1024\" height=\"742\" data-src=\"https:\/\/errr-magazine.com\/wp-content\/uploads\/2025\/06\/Bizcocho-Y-Mariposa_KR-1024x742.jpg\" alt=\"\" class=\"wp-image-190462 lazyload\" data-srcset=\"https:\/\/errr-magazine.com\/wp-content\/uploads\/2025\/06\/Bizcocho-Y-Mariposa_KR-1024x742.jpg 1024w, https:\/\/errr-magazine.com\/wp-content\/uploads\/2025\/06\/Bizcocho-Y-Mariposa_KR-300x218.jpg 300w, https:\/\/errr-magazine.com\/wp-content\/uploads\/2025\/06\/Bizcocho-Y-Mariposa_KR-768x557.jpg 768w, https:\/\/errr-magazine.com\/wp-content\/uploads\/2025\/06\/Bizcocho-Y-Mariposa_KR-1536x1114.jpg 1536w, https:\/\/errr-magazine.com\/wp-content\/uploads\/2025\/06\/Bizcocho-Y-Mariposa_KR.jpg 2000w\" data-sizes=\"(max-width: 1024px) 100vw, 1024px\" src=\"data:image\/svg+xml;base64,PHN2ZyB3aWR0aD0iMSIgaGVpZ2h0PSIxIiB4bWxucz0iaHR0cDovL3d3dy53My5vcmcvMjAwMC9zdmciPjwvc3ZnPg==\" style=\"--smush-placeholder-width: 1024px; --smush-placeholder-aspect-ratio: 1024\/742;\" \/><\/figure>\n\n\n\n<p><strong>What did you learn (or unlearn) while working on them?<\/strong><br>Creo que es la primera serie donde valido de forma consciente el no trabajar necesariamente de forma lineal. Donde me di el permiso de trabajar las im\u00e1genes como islas que responden cada una a un momento o necesidad diferente pero que recorren un mismo camino.<\/p>\n\n\n\n<p>Fue la primera vez que valid\u00e9 la posibilidad de que cada imagen pudiera ser aut\u00f3noma, como una isla. Que no necesariamente todas tuvieran que responder a una narrativa preestablecida, sino que pod\u00edan nacer desde momentos distintos, desde estados emocionales diferentes o incluso desde preguntas nuevas que iban apareciendo.<\/p>\n\n\n\n<p>Aun as\u00ed, aunque las im\u00e1genes surgen de necesidades independientes, comparten un mismo cauce. Todas recorren un camino com\u00fan que tiene m\u00e1s que ver con la intuici\u00f3n, el cuerpo y lo simb\u00f3lico que con una cronolog\u00eda.<\/p>\n\n\n\n<figure class=\"wp-block-image size-large\"><img decoding=\"async\" width=\"901\" height=\"1024\" data-src=\"https:\/\/errr-magazine.com\/wp-content\/uploads\/2025\/06\/Flor-y-Pelo_KR--901x1024.jpg\" alt=\"\" class=\"wp-image-190463 lazyload\" data-srcset=\"https:\/\/errr-magazine.com\/wp-content\/uploads\/2025\/06\/Flor-y-Pelo_KR--901x1024.jpg 901w, https:\/\/errr-magazine.com\/wp-content\/uploads\/2025\/06\/Flor-y-Pelo_KR--264x300.jpg 264w, https:\/\/errr-magazine.com\/wp-content\/uploads\/2025\/06\/Flor-y-Pelo_KR--768x873.jpg 768w, https:\/\/errr-magazine.com\/wp-content\/uploads\/2025\/06\/Flor-y-Pelo_KR--1352x1536.jpg 1352w, https:\/\/errr-magazine.com\/wp-content\/uploads\/2025\/06\/Flor-y-Pelo_KR--1802x2048.jpg 1802w, https:\/\/errr-magazine.com\/wp-content\/uploads\/2025\/06\/Flor-y-Pelo_KR-.jpg 2000w\" data-sizes=\"(max-width: 901px) 100vw, 901px\" src=\"data:image\/svg+xml;base64,PHN2ZyB3aWR0aD0iMSIgaGVpZ2h0PSIxIiB4bWxucz0iaHR0cDovL3d3dy53My5vcmcvMjAwMC9zdmciPjwvc3ZnPg==\" style=\"--smush-placeholder-width: 901px; --smush-placeholder-aspect-ratio: 901\/1024;\" \/><\/figure>\n\n\n\n<p><strong>What words, ideas or emotions were going through your head?<\/strong><br>No s\u00e9 si haya una emoci\u00f3n o palabra en particular, sino m\u00e1s bien el simple hecho de estar viva y buscar sentido a la experiencia humana. Hay una semi\u00f3tica cotidiana que una vive sin conciencia muchas veces, esta serie es una especie de despertar.<\/p>\n\n\n\n<p>Estas fotos son una b\u00fasqueda del milagro en lo diario. Un intento por atrapar esa chispa rara que a veces se esconde en lo m\u00e1s simple.<\/p>\n\n\n\n<p>No estoy tratando de explicar nada; estoy tratando de sentir. De captar ese momento en que lo ordinario se disloca, se vuelve s\u00edmbolo, se transforma en algo que me recuerda que hay algo m\u00e1s \u2014algo invisible, pero presente.<\/p>\n\n\n\n<figure class=\"wp-block-image size-large\"><img decoding=\"async\" width=\"660\" height=\"1024\" data-src=\"https:\/\/errr-magazine.com\/wp-content\/uploads\/2025\/06\/kevinypajarito-660x1024.png\" alt=\"\" class=\"wp-image-190466 lazyload\" data-srcset=\"https:\/\/errr-magazine.com\/wp-content\/uploads\/2025\/06\/kevinypajarito-660x1024.png 660w, https:\/\/errr-magazine.com\/wp-content\/uploads\/2025\/06\/kevinypajarito-193x300.png 193w, https:\/\/errr-magazine.com\/wp-content\/uploads\/2025\/06\/kevinypajarito-768x1192.png 768w, https:\/\/errr-magazine.com\/wp-content\/uploads\/2025\/06\/kevinypajarito-990x1536.png 990w, https:\/\/errr-magazine.com\/wp-content\/uploads\/2025\/06\/kevinypajarito.png 1048w\" data-sizes=\"(max-width: 660px) 100vw, 660px\" src=\"data:image\/svg+xml;base64,PHN2ZyB3aWR0aD0iMSIgaGVpZ2h0PSIxIiB4bWxucz0iaHR0cDovL3d3dy53My5vcmcvMjAwMC9zdmciPjwvc3ZnPg==\" style=\"--smush-placeholder-width: 660px; --smush-placeholder-aspect-ratio: 660\/1024;\" \/><\/figure>\n\n\n\n<p><strong>Were there any conversations, movies, music, or books that made their way into that work?<\/strong><br>Lo que me viene a la cabeza es el libro <a href=\"https:\/\/www.goodreads.com\/book\/show\/7815.The_Year_of_Magical_Thinking\" target=\"_blank\" rel=\"noreferrer noopener\">The Year of Magical Thinking<\/a>, de Joan Didion.<\/p>\n\n\n\n<p>Me hizo pensar c\u00f3mo el pensamiento m\u00e1gico es una anestesia, una especie de salvavidas.<\/p>\n\n\n\n<p>Ese libro me hizo entender, de una manera muy cruda pero tambi\u00e9n liberadora, c\u00f3mo el pensamiento m\u00e1gico puede actuar como una especie de anestesia emocional, un recurso de la mente y del alma para no colapsar ante lo que no podemos controlar. En el caso de Didion, esa anestesia ven\u00eda del duelo; en mi caso, se volvi\u00f3 una forma de supervivencia espiritual y simb\u00f3lica frente al caos, la incertidumbre o incluso la belleza abrumadora. Me ayud\u00f3 a validar la idea de que creer en signos, en presagios, en se\u00f1ales no es ingenuo. Es profundamente humano.<\/p>\n\n\n\n<figure class=\"wp-block-image size-large\"><img decoding=\"async\" width=\"1024\" height=\"708\" data-src=\"https:\/\/errr-magazine.com\/wp-content\/uploads\/2025\/06\/mano-y-serpiente-1024x708.jpg\" alt=\"\" class=\"wp-image-190465 lazyload\" data-srcset=\"https:\/\/errr-magazine.com\/wp-content\/uploads\/2025\/06\/mano-y-serpiente-1024x708.jpg 1024w, https:\/\/errr-magazine.com\/wp-content\/uploads\/2025\/06\/mano-y-serpiente-300x207.jpg 300w, https:\/\/errr-magazine.com\/wp-content\/uploads\/2025\/06\/mano-y-serpiente-768x531.jpg 768w, https:\/\/errr-magazine.com\/wp-content\/uploads\/2025\/06\/mano-y-serpiente-1536x1061.jpg 1536w, https:\/\/errr-magazine.com\/wp-content\/uploads\/2025\/06\/mano-y-serpiente.jpg 2048w\" data-sizes=\"(max-width: 1024px) 100vw, 1024px\" src=\"data:image\/svg+xml;base64,PHN2ZyB3aWR0aD0iMSIgaGVpZ2h0PSIxIiB4bWxucz0iaHR0cDovL3d3dy53My5vcmcvMjAwMC9zdmciPjwvc3ZnPg==\" style=\"--smush-placeholder-width: 1024px; --smush-placeholder-aspect-ratio: 1024\/708;\" \/><\/figure>\n\n\n\n<p><strong>Which visual artists inspired you and what attracted you to their way of working?<\/strong><br><a href=\"https:\/\/www.instagram.com\/rodland.jpg\/\" target=\"_blank\" rel=\"noreferrer noopener\">Torbj\u00f8rn R\u00f8dland<\/a> siempre ha sido un fot\u00f3grafo a quien he admirado un mont\u00f3n y fue una referencia muy acertada en este caso. Su trabajo gira alrededor de los s\u00edmbolos populares y siempre me ha parecido muy inteligente c\u00f3mo los presenta y c\u00f3mo puede resignificarlos. Hay una especie de sencillez enga\u00f1osa en su obra que me intriga; logra que im\u00e1genes aparentemente simples carguen con una tensi\u00f3n extra\u00f1a, casi m\u00edstica.<\/p>\n\n\n\n<p>Las im\u00e1genes religiosas, tambi\u00e9n fueron y son una gran referencia. Ahora que resido en M\u00e9xico, me motiva mucho descubrir nuevas representaciones.<\/p>\n\n\n\n<p>Los exvotos, en particular, me fascinan. Me atrae esa mezcla entre lo ingenuo y lo profundo, esa manera tan directa de contar una historia personal con tanta devoci\u00f3n. Los relaciono con esta serie porque siento que comparten una dimensi\u00f3n l\u00fadica y simb\u00f3lica.<\/p>\n\n\n\n<figure class=\"wp-block-image size-large\"><img decoding=\"async\" width=\"683\" height=\"1024\" data-src=\"https:\/\/errr-magazine.com\/wp-content\/uploads\/2025\/06\/Karla-Read_PamelaDonald-1-683x1024.jpg\" alt=\"\" class=\"wp-image-190470 lazyload\" data-srcset=\"https:\/\/errr-magazine.com\/wp-content\/uploads\/2025\/06\/Karla-Read_PamelaDonald-1-683x1024.jpg 683w, https:\/\/errr-magazine.com\/wp-content\/uploads\/2025\/06\/Karla-Read_PamelaDonald-1-200x300.jpg 200w, https:\/\/errr-magazine.com\/wp-content\/uploads\/2025\/06\/Karla-Read_PamelaDonald-1-768x1152.jpg 768w, https:\/\/errr-magazine.com\/wp-content\/uploads\/2025\/06\/Karla-Read_PamelaDonald-1-1024x1536.jpg 1024w, https:\/\/errr-magazine.com\/wp-content\/uploads\/2025\/06\/Karla-Read_PamelaDonald-1-1365x2048.jpg 1365w, https:\/\/errr-magazine.com\/wp-content\/uploads\/2025\/06\/Karla-Read_PamelaDonald-1-scaled.jpg 1707w\" data-sizes=\"(max-width: 683px) 100vw, 683px\" src=\"data:image\/svg+xml;base64,PHN2ZyB3aWR0aD0iMSIgaGVpZ2h0PSIxIiB4bWxucz0iaHR0cDovL3d3dy53My5vcmcvMjAwMC9zdmciPjwvc3ZnPg==\" style=\"--smush-placeholder-width: 683px; --smush-placeholder-aspect-ratio: 683\/1024;\" \/><\/figure>\n\n\n\n<p>Hay algo en esa forma de narrar desde lo \u00edntimo, con un gesto visual que parece peque\u00f1o pero que en realidad dice mucho, que conecta profundamente con lo que estoy buscando en mi trabajo.<\/p>","protected":false},"excerpt":{"rendered":"<p>No estoy tratando de explicar nada; estoy tratando de sentir. De captar ese momento en que lo ordinario se disloca, se vuelve s\u00edmbolo, se transforma en algo que me recuerda que hay algo m\u00e1s \u2014algo invisible, pero presente.<\/p>","protected":false},"author":7816,"featured_media":190461,"comment_status":"closed","ping_status":"closed","sticky":false,"template":"","format":"standard","meta":{"_acf_changed":false,"cybocfi_hide_featured_image":"","_jetpack_memberships_contains_paid_content":false,"footnotes":""},"categories":[17849],"tags":[],"class_list":["post-190460","post","type-post","status-publish","format-standard","has-post-thumbnail","hentry","category-interviews"],"acf":[],"mb":[],"yoast_head":"<!-- This site is optimized with the Yoast SEO plugin v27.2 - https:\/\/yoast.com\/product\/yoast-seo-wordpress\/ -->\n<title>Imagined order - ERRR MAGAZINE<\/title>\n<meta name=\"robots\" content=\"index, follow, max-snippet:-1, max-image-preview:large, max-video-preview:-1\" \/>\n<link rel=\"canonical\" href=\"https:\/\/errr-magazine.com\/english\/imagined-order\/\" \/>\n<meta property=\"og:locale\" content=\"en_US\" \/>\n<meta property=\"og:type\" content=\"article\" \/>\n<meta property=\"og:title\" content=\"Imagined order - ERRR MAGAZINE\" \/>\n<meta property=\"og:description\" content=\"No estoy tratando de explicar nada; estoy tratando de sentir. De captar ese momento en que lo ordinario se disloca, se vuelve s\u00edmbolo, se transforma en algo que me recuerda que hay algo m\u00e1s \u2014algo invisible, pero presente.\" \/>\n<meta property=\"og:url\" content=\"https:\/\/errr-magazine.com\/english\/imagined-order\/\" \/>\n<meta property=\"og:site_name\" content=\"ERRR MAGAZINE\" \/>\n<meta property=\"article:published_time\" content=\"2025-06-13T14:21:11+00:00\" \/>\n<meta property=\"article:modified_time\" content=\"2025-08-15T16:55:42+00:00\" \/>\n<meta property=\"og:image\" content=\"https:\/\/errr-magazine.com\/wp-content\/uploads\/2025\/06\/Karla-Read-Piedra-y-Huevo.jpg\" \/>\n\t<meta property=\"og:image:width\" content=\"2400\" \/>\n\t<meta property=\"og:image:height\" content=\"2194\" \/>\n\t<meta property=\"og:image:type\" content=\"image\/jpeg\" \/>\n<meta name=\"author\" content=\"Karla Read\" \/>\n<meta name=\"twitter:card\" content=\"summary_large_image\" \/>\n<meta name=\"twitter:label1\" content=\"Written by\" \/>\n\t<meta name=\"twitter:data1\" content=\"Karla Read\" \/>\n\t<meta name=\"twitter:label2\" content=\"Est. reading time\" \/>\n\t<meta name=\"twitter:data2\" content=\"5 minutes\" \/>\n<script type=\"application\/ld+json\" class=\"yoast-schema-graph\">{\"@context\":\"https:\/\/schema.org\",\"@graph\":[{\"@type\":\"Article\",\"@id\":\"https:\/\/errr-magazine.com\/imagined-order\/#article\",\"isPartOf\":{\"@id\":\"https:\/\/errr-magazine.com\/imagined-order\/\"},\"author\":{\"name\":\"Karla Read\",\"@id\":\"https:\/\/errr-magazine.com\/#\/schema\/person\/6c39a6776611daf8c1bc8070db3f947c\"},\"headline\":\"Imagined order\",\"datePublished\":\"2025-06-13T14:21:11+00:00\",\"dateModified\":\"2025-08-15T16:55:42+00:00\",\"mainEntityOfPage\":{\"@id\":\"https:\/\/errr-magazine.com\/imagined-order\/\"},\"wordCount\":768,\"image\":{\"@id\":\"https:\/\/errr-magazine.com\/imagined-order\/#primaryimage\"},\"thumbnailUrl\":\"https:\/\/errr-magazine.com\/wp-content\/uploads\/2025\/06\/Karla-Read-Piedra-y-Huevo.jpg\",\"articleSection\":[\"Interview\"],\"inLanguage\":\"en-US\"},{\"@type\":\"WebPage\",\"@id\":\"https:\/\/errr-magazine.com\/imagined-order\/\",\"url\":\"https:\/\/errr-magazine.com\/imagined-order\/\",\"name\":\"Imagined order - ERRR MAGAZINE\",\"isPartOf\":{\"@id\":\"https:\/\/errr-magazine.com\/#website\"},\"primaryImageOfPage\":{\"@id\":\"https:\/\/errr-magazine.com\/imagined-order\/#primaryimage\"},\"image\":{\"@id\":\"https:\/\/errr-magazine.com\/imagined-order\/#primaryimage\"},\"thumbnailUrl\":\"https:\/\/errr-magazine.com\/wp-content\/uploads\/2025\/06\/Karla-Read-Piedra-y-Huevo.jpg\",\"datePublished\":\"2025-06-13T14:21:11+00:00\",\"dateModified\":\"2025-08-15T16:55:42+00:00\",\"author\":{\"@id\":\"https:\/\/errr-magazine.com\/#\/schema\/person\/6c39a6776611daf8c1bc8070db3f947c\"},\"breadcrumb\":{\"@id\":\"https:\/\/errr-magazine.com\/imagined-order\/#breadcrumb\"},\"inLanguage\":\"en-US\",\"potentialAction\":[{\"@type\":\"ReadAction\",\"target\":[\"https:\/\/errr-magazine.com\/imagined-order\/\"]}]},{\"@type\":\"ImageObject\",\"inLanguage\":\"en-US\",\"@id\":\"https:\/\/errr-magazine.com\/imagined-order\/#primaryimage\",\"url\":\"https:\/\/errr-magazine.com\/wp-content\/uploads\/2025\/06\/Karla-Read-Piedra-y-Huevo.jpg\",\"contentUrl\":\"https:\/\/errr-magazine.com\/wp-content\/uploads\/2025\/06\/Karla-Read-Piedra-y-Huevo.jpg\",\"width\":2400,\"height\":2194},{\"@type\":\"BreadcrumbList\",\"@id\":\"https:\/\/errr-magazine.com\/imagined-order\/#breadcrumb\",\"itemListElement\":[{\"@type\":\"ListItem\",\"position\":1,\"name\":\"Portada\",\"item\":\"https:\/\/errr-magazine.com\/\"},{\"@type\":\"ListItem\",\"position\":2,\"name\":\"Imagined order\"}]},{\"@type\":\"WebSite\",\"@id\":\"https:\/\/errr-magazine.com\/#website\",\"url\":\"https:\/\/errr-magazine.com\/\",\"name\":\"ERRR MAGAZINE\",\"description\":\"\",\"potentialAction\":[{\"@type\":\"SearchAction\",\"target\":{\"@type\":\"EntryPoint\",\"urlTemplate\":\"https:\/\/errr-magazine.com\/?s={search_term_string}\"},\"query-input\":{\"@type\":\"PropertyValueSpecification\",\"valueRequired\":true,\"valueName\":\"search_term_string\"}}],\"inLanguage\":\"en-US\"},{\"@type\":\"Person\",\"@id\":\"https:\/\/errr-magazine.com\/#\/schema\/person\/6c39a6776611daf8c1bc8070db3f947c\",\"name\":\"Karla Read\",\"image\":{\"@type\":\"ImageObject\",\"inLanguage\":\"en-US\",\"@id\":\"https:\/\/secure.gravatar.com\/avatar\/e5cb85e57080a6feeaa6131729b49b68458d824d1cb24794de8c08219e235882?s=96&d=identicon&r=g\",\"url\":\"https:\/\/secure.gravatar.com\/avatar\/e5cb85e57080a6feeaa6131729b49b68458d824d1cb24794de8c08219e235882?s=96&d=identicon&r=g\",\"contentUrl\":\"https:\/\/secure.gravatar.com\/avatar\/e5cb85e57080a6feeaa6131729b49b68458d824d1cb24794de8c08219e235882?s=96&d=identicon&r=g\",\"caption\":\"Karla Read\"},\"description\":\"Fot\u00f3grafa y directora dominicana radicada en Ciudad de M\u00e9xico. Su trabajo explora el cuerpo en el paisaje como s\u00edmbolo para conectar con su herencia afrocaribe\u00f1a y con una verdad m\u00e1s profunda.\",\"sameAs\":[\"https:\/\/www.karlaread.com\/\"],\"url\":\"https:\/\/errr-magazine.com\/english\/author\/karlaread\/\"}]}<\/script>\n<!-- \/ Yoast SEO plugin. -->","yoast_head_json":{"title":"Imagined order - ERRR MAGAZINE","robots":{"index":"index","follow":"follow","max-snippet":"max-snippet:-1","max-image-preview":"max-image-preview:large","max-video-preview":"max-video-preview:-1"},"canonical":"https:\/\/errr-magazine.com\/english\/imagined-order\/","og_locale":"en_US","og_type":"article","og_title":"Imagined order - ERRR MAGAZINE","og_description":"No estoy tratando de explicar nada; estoy tratando de sentir. De captar ese momento en que lo ordinario se disloca, se vuelve s\u00edmbolo, se transforma en algo que me recuerda que hay algo m\u00e1s \u2014algo invisible, pero presente.","og_url":"https:\/\/errr-magazine.com\/english\/imagined-order\/","og_site_name":"ERRR MAGAZINE","article_published_time":"2025-06-13T14:21:11+00:00","article_modified_time":"2025-08-15T16:55:42+00:00","og_image":[{"width":2400,"height":2194,"url":"https:\/\/errr-magazine.com\/wp-content\/uploads\/2025\/06\/Karla-Read-Piedra-y-Huevo.jpg","type":"image\/jpeg"}],"author":"Karla Read","twitter_card":"summary_large_image","twitter_misc":{"Written by":"Karla Read","Est. reading time":"5 minutes"},"schema":{"@context":"https:\/\/schema.org","@graph":[{"@type":"Article","@id":"https:\/\/errr-magazine.com\/imagined-order\/#article","isPartOf":{"@id":"https:\/\/errr-magazine.com\/imagined-order\/"},"author":{"name":"Karla Read","@id":"https:\/\/errr-magazine.com\/#\/schema\/person\/6c39a6776611daf8c1bc8070db3f947c"},"headline":"Imagined order","datePublished":"2025-06-13T14:21:11+00:00","dateModified":"2025-08-15T16:55:42+00:00","mainEntityOfPage":{"@id":"https:\/\/errr-magazine.com\/imagined-order\/"},"wordCount":768,"image":{"@id":"https:\/\/errr-magazine.com\/imagined-order\/#primaryimage"},"thumbnailUrl":"https:\/\/errr-magazine.com\/wp-content\/uploads\/2025\/06\/Karla-Read-Piedra-y-Huevo.jpg","articleSection":["Interview"],"inLanguage":"en-US"},{"@type":"WebPage","@id":"https:\/\/errr-magazine.com\/imagined-order\/","url":"https:\/\/errr-magazine.com\/imagined-order\/","name":"Imagined order - ERRR MAGAZINE","isPartOf":{"@id":"https:\/\/errr-magazine.com\/#website"},"primaryImageOfPage":{"@id":"https:\/\/errr-magazine.com\/imagined-order\/#primaryimage"},"image":{"@id":"https:\/\/errr-magazine.com\/imagined-order\/#primaryimage"},"thumbnailUrl":"https:\/\/errr-magazine.com\/wp-content\/uploads\/2025\/06\/Karla-Read-Piedra-y-Huevo.jpg","datePublished":"2025-06-13T14:21:11+00:00","dateModified":"2025-08-15T16:55:42+00:00","author":{"@id":"https:\/\/errr-magazine.com\/#\/schema\/person\/6c39a6776611daf8c1bc8070db3f947c"},"breadcrumb":{"@id":"https:\/\/errr-magazine.com\/imagined-order\/#breadcrumb"},"inLanguage":"en-US","potentialAction":[{"@type":"ReadAction","target":["https:\/\/errr-magazine.com\/imagined-order\/"]}]},{"@type":"ImageObject","inLanguage":"en-US","@id":"https:\/\/errr-magazine.com\/imagined-order\/#primaryimage","url":"https:\/\/errr-magazine.com\/wp-content\/uploads\/2025\/06\/Karla-Read-Piedra-y-Huevo.jpg","contentUrl":"https:\/\/errr-magazine.com\/wp-content\/uploads\/2025\/06\/Karla-Read-Piedra-y-Huevo.jpg","width":2400,"height":2194},{"@type":"BreadcrumbList","@id":"https:\/\/errr-magazine.com\/imagined-order\/#breadcrumb","itemListElement":[{"@type":"ListItem","position":1,"name":"Portada","item":"https:\/\/errr-magazine.com\/"},{"@type":"ListItem","position":2,"name":"Imagined order"}]},{"@type":"WebSite","@id":"https:\/\/errr-magazine.com\/#website","url":"https:\/\/errr-magazine.com\/","name":"ERRR MAGAZINE","description":"","potentialAction":[{"@type":"SearchAction","target":{"@type":"EntryPoint","urlTemplate":"https:\/\/errr-magazine.com\/?s={search_term_string}"},"query-input":{"@type":"PropertyValueSpecification","valueRequired":true,"valueName":"search_term_string"}}],"inLanguage":"en-US"},{"@type":"Person","@id":"https:\/\/errr-magazine.com\/#\/schema\/person\/6c39a6776611daf8c1bc8070db3f947c","name":"Karla Read","image":{"@type":"ImageObject","inLanguage":"en-US","@id":"https:\/\/secure.gravatar.com\/avatar\/e5cb85e57080a6feeaa6131729b49b68458d824d1cb24794de8c08219e235882?s=96&d=identicon&r=g","url":"https:\/\/secure.gravatar.com\/avatar\/e5cb85e57080a6feeaa6131729b49b68458d824d1cb24794de8c08219e235882?s=96&d=identicon&r=g","contentUrl":"https:\/\/secure.gravatar.com\/avatar\/e5cb85e57080a6feeaa6131729b49b68458d824d1cb24794de8c08219e235882?s=96&d=identicon&r=g","caption":"Karla Read"},"description":"Fot\u00f3grafa y directora dominicana radicada en Ciudad de M\u00e9xico. Su trabajo explora el cuerpo en el paisaje como s\u00edmbolo para conectar con su herencia afrocaribe\u00f1a y con una verdad m\u00e1s profunda.","sameAs":["https:\/\/www.karlaread.com\/"],"url":"https:\/\/errr-magazine.com\/english\/author\/karlaread\/"}]}},"jetpack_featured_media_url":"https:\/\/errr-magazine.com\/wp-content\/uploads\/2025\/06\/Karla-Read-Piedra-y-Huevo.jpg","jetpack-related-posts":[{"id":201213,"url":"https:\/\/errr-magazine.com\/english\/tetlan\/","url_meta":{"origin":190460,"position":0},"title":"Tetl\u00e1n","author":"Tetl\u00e1n","date":"02\/26\/2026","format":false,"excerpt":"Well-made coffee is rigorous and technical, but making it accessible is our job. Language matters, but it\u2019s just as important to remember that it exists to help us understand one another, not to restrict us. We\u2019d like to remove the air of exclusivity that sometimes surrounds coffee culture.\u00a0","rel":"","context":"In &quot;Cafeterias y panader\u00edas&quot;","block_context":{"text":"Cafeterias y panader\u00edas","link":"https:\/\/errr-magazine.com\/english\/category\/places\/cafeterias-y-panaderias\/"},"img":{"alt_text":"","src":"https:\/\/i0.wp.com\/errr-magazine.com\/wp-content\/uploads\/2026\/02\/8-5.jpg?resize=350%2C200&ssl=1","width":350,"height":200,"srcset":"https:\/\/i0.wp.com\/errr-magazine.com\/wp-content\/uploads\/2026\/02\/8-5.jpg?resize=350%2C200&ssl=1 1x, https:\/\/i0.wp.com\/errr-magazine.com\/wp-content\/uploads\/2026\/02\/8-5.jpg?resize=525%2C300&ssl=1 1.5x, https:\/\/i0.wp.com\/errr-magazine.com\/wp-content\/uploads\/2026\/02\/8-5.jpg?resize=700%2C400&ssl=1 2x, https:\/\/i0.wp.com\/errr-magazine.com\/wp-content\/uploads\/2026\/02\/8-5.jpg?resize=1050%2C600&ssl=1 3x, https:\/\/i0.wp.com\/errr-magazine.com\/wp-content\/uploads\/2026\/02\/8-5.jpg?resize=1400%2C800&ssl=1 4x"},"classes":[]},{"id":201494,"url":"https:\/\/errr-magazine.com\/english\/mas-recuerdos\/","url_meta":{"origin":190460,"position":1},"title":"More Memories","author":"Jade Ellis","date":"03\/06\/2026","format":false,"excerpt":"For me, film is very personal \u2014 I love taking photos of people. I use film to capture everyday moments: weekends with friends and getaways to different places where a touch of landscape photography sneaks in.","rel":"","context":"In &quot;Artes visuales&quot;","block_context":{"text":"Artes visuales","link":"https:\/\/errr-magazine.com\/english\/category\/interviews\/artes-visuales\/"},"img":{"alt_text":"","src":"https:\/\/i0.wp.com\/errr-magazine.com\/wp-content\/uploads\/2026\/03\/ERRR-magazine-byJadeEllis-lowres-23-scaled.jpg?resize=350%2C200&ssl=1","width":350,"height":200,"srcset":"https:\/\/i0.wp.com\/errr-magazine.com\/wp-content\/uploads\/2026\/03\/ERRR-magazine-byJadeEllis-lowres-23-scaled.jpg?resize=350%2C200&ssl=1 1x, https:\/\/i0.wp.com\/errr-magazine.com\/wp-content\/uploads\/2026\/03\/ERRR-magazine-byJadeEllis-lowres-23-scaled.jpg?resize=525%2C300&ssl=1 1.5x, https:\/\/i0.wp.com\/errr-magazine.com\/wp-content\/uploads\/2026\/03\/ERRR-magazine-byJadeEllis-lowres-23-scaled.jpg?resize=700%2C400&ssl=1 2x, https:\/\/i0.wp.com\/errr-magazine.com\/wp-content\/uploads\/2026\/03\/ERRR-magazine-byJadeEllis-lowres-23-scaled.jpg?resize=1050%2C600&ssl=1 3x, https:\/\/i0.wp.com\/errr-magazine.com\/wp-content\/uploads\/2026\/03\/ERRR-magazine-byJadeEllis-lowres-23-scaled.jpg?resize=1400%2C800&ssl=1 4x"},"classes":[]},{"id":203167,"url":"https:\/\/errr-magazine.com\/english\/modulor-nostalgico\/","url_meta":{"origin":190460,"position":2},"title":"Nostalgic Modulor","author":"Juan Cano L\u00f3pez","date":"03\/27\/2026","format":false,"excerpt":"My recent work has been somewhat introspective. I want to represent how humanity dissolves into spaces, what traces it leaves behind; that process between interacting with a space and no longer being in it has occupied much of my thinking, and now I direct my eye toward that.","rel":"","context":"In &quot;Artes visuales&quot;","block_context":{"text":"Artes visuales","link":"https:\/\/errr-magazine.com\/english\/category\/interviews\/artes-visuales\/"},"img":{"alt_text":"","src":"https:\/\/i0.wp.com\/errr-magazine.com\/wp-content\/uploads\/2026\/03\/3-7.jpg?resize=350%2C200&ssl=1","width":350,"height":200,"srcset":"https:\/\/i0.wp.com\/errr-magazine.com\/wp-content\/uploads\/2026\/03\/3-7.jpg?resize=350%2C200&ssl=1 1x, https:\/\/i0.wp.com\/errr-magazine.com\/wp-content\/uploads\/2026\/03\/3-7.jpg?resize=525%2C300&ssl=1 1.5x, https:\/\/i0.wp.com\/errr-magazine.com\/wp-content\/uploads\/2026\/03\/3-7.jpg?resize=700%2C400&ssl=1 2x, https:\/\/i0.wp.com\/errr-magazine.com\/wp-content\/uploads\/2026\/03\/3-7.jpg?resize=1050%2C600&ssl=1 3x, https:\/\/i0.wp.com\/errr-magazine.com\/wp-content\/uploads\/2026\/03\/3-7.jpg?resize=1400%2C800&ssl=1 4x"},"classes":[]},{"id":205216,"url":"https:\/\/errr-magazine.com\/english\/duro-de-matar-1000\/","url_meta":{"origin":190460,"position":3},"title":"Die Hard 1000","author":"Bruno Esp\u00ednola","date":"04\/23\/2026","format":false,"excerpt":"What I continually learn each time I immerse myself in a project with new materials is to accept uncertainty and not cling so tightly to the outcome I imagined. And patience.","rel":"","context":"In &quot;Artes visuales&quot;","block_context":{"text":"Artes visuales","link":"https:\/\/errr-magazine.com\/english\/category\/interviews\/artes-visuales\/"},"img":{"alt_text":"","src":"https:\/\/i0.wp.com\/errr-magazine.com\/wp-content\/uploads\/2026\/04\/riso-MR1-scaled.jpg?resize=350%2C200&ssl=1","width":350,"height":200,"srcset":"https:\/\/i0.wp.com\/errr-magazine.com\/wp-content\/uploads\/2026\/04\/riso-MR1-scaled.jpg?resize=350%2C200&ssl=1 1x, https:\/\/i0.wp.com\/errr-magazine.com\/wp-content\/uploads\/2026\/04\/riso-MR1-scaled.jpg?resize=525%2C300&ssl=1 1.5x, https:\/\/i0.wp.com\/errr-magazine.com\/wp-content\/uploads\/2026\/04\/riso-MR1-scaled.jpg?resize=700%2C400&ssl=1 2x, https:\/\/i0.wp.com\/errr-magazine.com\/wp-content\/uploads\/2026\/04\/riso-MR1-scaled.jpg?resize=1050%2C600&ssl=1 3x, https:\/\/i0.wp.com\/errr-magazine.com\/wp-content\/uploads\/2026\/04\/riso-MR1-scaled.jpg?resize=1400%2C800&ssl=1 4x"},"classes":[]},{"id":205558,"url":"https:\/\/errr-magazine.com\/english\/rojo-verde-y-azul\/","url_meta":{"origin":190460,"position":4},"title":"Red, green, and blue","author":"C\u00e9sar Adrian","date":"04\/27\/2026","format":false,"excerpt":"There are things or scenes that seem very normal in my daily life or context, but from the outside they can seem more interesting. We never know who might be watching out there and be intrigued by what's happening here.","rel":"","context":"In &quot;Artes visuales&quot;","block_context":{"text":"Artes visuales","link":"https:\/\/errr-magazine.com\/english\/category\/interviews\/artes-visuales\/"},"img":{"alt_text":"","src":"https:\/\/i0.wp.com\/errr-magazine.com\/wp-content\/uploads\/2026\/04\/IMG_5965-2.jpg?resize=350%2C200&ssl=1","width":350,"height":200,"srcset":"https:\/\/i0.wp.com\/errr-magazine.com\/wp-content\/uploads\/2026\/04\/IMG_5965-2.jpg?resize=350%2C200&ssl=1 1x, https:\/\/i0.wp.com\/errr-magazine.com\/wp-content\/uploads\/2026\/04\/IMG_5965-2.jpg?resize=525%2C300&ssl=1 1.5x, https:\/\/i0.wp.com\/errr-magazine.com\/wp-content\/uploads\/2026\/04\/IMG_5965-2.jpg?resize=700%2C400&ssl=1 2x"},"classes":[]},{"id":196921,"url":"https:\/\/errr-magazine.com\/english\/anoranza-2\/","url_meta":{"origin":190460,"position":5},"title":"Longing","author":"Francisco Macia","date":"01\/06\/2026","format":false,"excerpt":"Aprendo mucho de verme y reverme, de reeditar material. Hoy, \"material viejo\" puede ser de algunos meses; es una locura, todo va demasiado r\u00e1pido. Parar a mirar lo que se hizo antes, tener la posibilidad de tenerle aprecio y ver en qu\u00e9 puede o no mutar con una nueva edici\u00f3n.","rel":"","context":"In &quot;Artes visuales&quot;","block_context":{"text":"Artes visuales","link":"https:\/\/errr-magazine.com\/english\/category\/interviews\/artes-visuales\/"},"img":{"alt_text":"","src":"https:\/\/i0.wp.com\/errr-magazine.com\/wp-content\/uploads\/2026\/01\/no-0-e1767563305989.png?resize=350%2C200&ssl=1","width":350,"height":200,"srcset":"https:\/\/i0.wp.com\/errr-magazine.com\/wp-content\/uploads\/2026\/01\/no-0-e1767563305989.png?resize=350%2C200&ssl=1 1x, https:\/\/i0.wp.com\/errr-magazine.com\/wp-content\/uploads\/2026\/01\/no-0-e1767563305989.png?resize=525%2C300&ssl=1 1.5x, https:\/\/i0.wp.com\/errr-magazine.com\/wp-content\/uploads\/2026\/01\/no-0-e1767563305989.png?resize=700%2C400&ssl=1 2x, https:\/\/i0.wp.com\/errr-magazine.com\/wp-content\/uploads\/2026\/01\/no-0-e1767563305989.png?resize=1050%2C600&ssl=1 3x, https:\/\/i0.wp.com\/errr-magazine.com\/wp-content\/uploads\/2026\/01\/no-0-e1767563305989.png?resize=1400%2C800&ssl=1 4x"},"classes":[]}],"jetpack_sharing_enabled":true,"mfb_rest_fields":["title","yoast_head","yoast_head_json","jetpack_featured_media_url","jetpack-related-posts","jetpack_sharing_enabled"],"_links":{"self":[{"href":"https:\/\/errr-magazine.com\/english\/wp-json\/wp\/v2\/posts\/190460","targetHints":{"allow":["GET"]}}],"collection":[{"href":"https:\/\/errr-magazine.com\/english\/wp-json\/wp\/v2\/posts"}],"about":[{"href":"https:\/\/errr-magazine.com\/english\/wp-json\/wp\/v2\/types\/post"}],"author":[{"embeddable":true,"href":"https:\/\/errr-magazine.com\/english\/wp-json\/wp\/v2\/users\/7816"}],"replies":[{"embeddable":true,"href":"https:\/\/errr-magazine.com\/english\/wp-json\/wp\/v2\/comments?post=190460"}],"version-history":[{"count":3,"href":"https:\/\/errr-magazine.com\/english\/wp-json\/wp\/v2\/posts\/190460\/revisions"}],"predecessor-version":[{"id":190473,"href":"https:\/\/errr-magazine.com\/english\/wp-json\/wp\/v2\/posts\/190460\/revisions\/190473"}],"wp:featuredmedia":[{"embeddable":true,"href":"https:\/\/errr-magazine.com\/english\/wp-json\/wp\/v2\/media\/190461"}],"wp:attachment":[{"href":"https:\/\/errr-magazine.com\/english\/wp-json\/wp\/v2\/media?parent=190460"}],"wp:term":[{"taxonomy":"category","embeddable":true,"href":"https:\/\/errr-magazine.com\/english\/wp-json\/wp\/v2\/categories?post=190460"},{"taxonomy":"post_tag","embeddable":true,"href":"https:\/\/errr-magazine.com\/english\/wp-json\/wp\/v2\/tags?post=190460"}],"curies":[{"name":"wp","href":"https:\/\/api.w.org\/{rel}","templated":true}]}}