{"id":189849,"date":"2025-05-14T08:35:42","date_gmt":"2025-05-14T14:35:42","guid":{"rendered":"https:\/\/errr-magazine.com\/?p=189849"},"modified":"2025-08-15T10:55:46","modified_gmt":"2025-08-15T16:55:46","slug":"slave-of-nostalgia","status":"publish","type":"post","link":"https:\/\/errr-magazine.com\/english\/esclava-de-la-nostalgia\/","title":{"rendered":"Slave to nostalgia"},"content":{"rendered":"<p><strong>Tell us a little about yourself and how you got started in photography. What inspired you to start taking pictures?<\/strong><br>I don't know if there was an exact moment when I \u201cstarted\u201d photography, and if there was, I don't remember it. All my life I have liked to portray and document my daily life through photos, I think it is thanks to my mom, because she has always been in charge of having even the smallest record of our existence through photography and not in a professional way or anything like that, just any moment whether it was special or not, there was documentation of our experiences. What I do know is that relatively recently I started to do analog photography, I discovered that it is the purest and most sincere way to portray my own nostalgia. I also love digital to be freer in terms of experimentation, but the immediacy of getting a single photo on a digital camera is so simple (which is not a bad thing at all) but that kind of simplicity is not something I'm looking for. I love the thrill I feel when I send the rolls I've had in storage for a while to be developed, and seeing the photos I've taken on them is reliving every moment. That's right, I'm a slave to nostalgia, I don't know how to exist if something doesn't move me.<\/p>\n\n\n\n<figure class=\"wp-block-image size-large\"><img decoding=\"async\" width=\"905\" height=\"1024\" data-src=\"https:\/\/errr-magazine.com\/wp-content\/uploads\/2025\/05\/alina5-905x1024.png\" alt=\"\" class=\"wp-image-189853 lazyload\" data-srcset=\"https:\/\/errr-magazine.com\/wp-content\/uploads\/2025\/05\/alina5-905x1024.png 905w, https:\/\/errr-magazine.com\/wp-content\/uploads\/2025\/05\/alina5-265x300.png 265w, https:\/\/errr-magazine.com\/wp-content\/uploads\/2025\/05\/alina5-768x869.png 768w, https:\/\/errr-magazine.com\/wp-content\/uploads\/2025\/05\/alina5.png 1338w\" data-sizes=\"(max-width: 905px) 100vw, 905px\" src=\"data:image\/svg+xml;base64,PHN2ZyB3aWR0aD0iMSIgaGVpZ2h0PSIxIiB4bWxucz0iaHR0cDovL3d3dy53My5vcmcvMjAwMC9zdmciPjwvc3ZnPg==\" style=\"--smush-placeholder-width: 905px; --smush-placeholder-aspect-ratio: 905\/1024;\" \/><\/figure>\n\n\n\n<p><strong>Can you tell us about the techniques and equipment that you consider essential to do your photographic work?<\/strong><br>One thing I really like about doing the kind of photography I do, is that I don't try too hard for a \u201cgood picture\u201d. I mean, if I have to move around or move away or crouch down to get a good photo, to me it means that I don't like what I'm seeing enough, if I do, why am I trying too hard? It may sound a bit sucky, sorry, but my photos are all about portraying my everyday! The perfect frame is what my eyes see, it's when I'm sitting at a table with my friends and we are all living together being ourselves, it's when I see my mom watering her pine trees in the garden, it's when I see my dogs playing with each other, the perfect frame is the simple everyday!<\/p>\n\n\n\n<figure class=\"wp-block-image size-large\"><img decoding=\"async\" width=\"1024\" height=\"727\" data-src=\"https:\/\/errr-magazine.com\/wp-content\/uploads\/2025\/05\/alina4-1024x727.png\" alt=\"\" class=\"wp-image-189854 lazyload\" data-srcset=\"https:\/\/errr-magazine.com\/wp-content\/uploads\/2025\/05\/alina4-1024x727.png 1024w, https:\/\/errr-magazine.com\/wp-content\/uploads\/2025\/05\/alina4-300x213.png 300w, https:\/\/errr-magazine.com\/wp-content\/uploads\/2025\/05\/alina4-768x545.png 768w, https:\/\/errr-magazine.com\/wp-content\/uploads\/2025\/05\/alina4-1536x1090.png 1536w, https:\/\/errr-magazine.com\/wp-content\/uploads\/2025\/05\/alina4.png 1598w\" data-sizes=\"(max-width: 1024px) 100vw, 1024px\" src=\"data:image\/svg+xml;base64,PHN2ZyB3aWR0aD0iMSIgaGVpZ2h0PSIxIiB4bWxucz0iaHR0cDovL3d3dy53My5vcmcvMjAwMC9zdmciPjwvc3ZnPg==\" style=\"--smush-placeholder-width: 1024px; --smush-placeholder-aspect-ratio: 1024\/727;\" \/><\/figure>\n\n\n\n<p><strong>What inspires you when creating new images? Do you have any rituals or creative processes that you follow to find inspiration?<\/strong><br>I love to find inspiration in the photos that my mom has stored in a trunk, they are those photos that no one remembered that when you are looking at them everyone gathers to see them while we listen to my mom telling us what was going on in those photos. I find it so beautiful how the photos become memories and topics of conversation. I WANT THAT! I live for my photos to be remembered and for others to assume the emotion and feeling I felt when I took them!<\/p>\n\n\n\n<figure class=\"wp-block-image size-large\"><img decoding=\"async\" width=\"1024\" height=\"688\" data-src=\"https:\/\/errr-magazine.com\/wp-content\/uploads\/2025\/05\/alina2-1024x688.png\" alt=\"\" class=\"wp-image-189855 lazyload\" data-srcset=\"https:\/\/errr-magazine.com\/wp-content\/uploads\/2025\/05\/alina2-1024x688.png 1024w, https:\/\/errr-magazine.com\/wp-content\/uploads\/2025\/05\/alina2-300x201.png 300w, https:\/\/errr-magazine.com\/wp-content\/uploads\/2025\/05\/alina2-768x516.png 768w, https:\/\/errr-magazine.com\/wp-content\/uploads\/2025\/05\/alina2.png 1516w\" data-sizes=\"(max-width: 1024px) 100vw, 1024px\" src=\"data:image\/svg+xml;base64,PHN2ZyB3aWR0aD0iMSIgaGVpZ2h0PSIxIiB4bWxucz0iaHR0cDovL3d3dy53My5vcmcvMjAwMC9zdmciPjwvc3ZnPg==\" style=\"--smush-placeholder-width: 1024px; --smush-placeholder-aspect-ratio: 1024\/688;\" \/><\/figure>\n\n\n\n<p><strong>What is the most valuable piece of advice you have received in your career in photography?<\/strong><br>Find inspiration anywhere in anything and soak it in.<\/p>\n\n\n\n<figure class=\"wp-block-image size-large\"><img decoding=\"async\" width=\"1024\" height=\"713\" data-src=\"https:\/\/errr-magazine.com\/wp-content\/uploads\/2025\/05\/alina3-1024x713.png\" alt=\"\" class=\"wp-image-189856 lazyload\" data-srcset=\"https:\/\/errr-magazine.com\/wp-content\/uploads\/2025\/05\/alina3-1024x713.png 1024w, https:\/\/errr-magazine.com\/wp-content\/uploads\/2025\/05\/alina3-300x209.png 300w, https:\/\/errr-magazine.com\/wp-content\/uploads\/2025\/05\/alina3-768x534.png 768w, https:\/\/errr-magazine.com\/wp-content\/uploads\/2025\/05\/alina3.png 1526w\" data-sizes=\"(max-width: 1024px) 100vw, 1024px\" src=\"data:image\/svg+xml;base64,PHN2ZyB3aWR0aD0iMSIgaGVpZ2h0PSIxIiB4bWxucz0iaHR0cDovL3d3dy53My5vcmcvMjAwMC9zdmciPjwvc3ZnPg==\" style=\"--smush-placeholder-width: 1024px; --smush-placeholder-aspect-ratio: 1024\/713;\" \/><\/figure>\n\n\n\n<p><strong>Recommend us the Instagram account of an artist you follow and tell us what you like most about their work.<\/strong><br>Great space to recommend to <a href=\"https:\/\/www.instagram.com\/saramethystt\">@saramethystt<\/a> and her beautiful photography so warm and sensitive that makes you want to feel free in your own skin &lt;33<\/p>","protected":false},"excerpt":{"rendered":"<p>I love the emotion I feel when I send to develop the rolls that I had kept for a while, and seeing the photos I took on them is to relive every moment. That's right, I'm a slave to nostalgia, I don't know how to exist if something doesn't move me.<\/p>","protected":false},"author":7774,"featured_media":189851,"comment_status":"closed","ping_status":"closed","sticky":false,"template":"","format":"standard","meta":{"_acf_changed":false,"cybocfi_hide_featured_image":"","_jetpack_memberships_contains_paid_content":false,"footnotes":""},"categories":[17849],"tags":[],"class_list":["post-189849","post","type-post","status-publish","format-standard","has-post-thumbnail","hentry","category-interviews"],"acf":[],"mb":[],"yoast_head":"<!-- This site is optimized with the Yoast SEO plugin v27.2 - https:\/\/yoast.com\/product\/yoast-seo-wordpress\/ -->\n<title>Esclava de la nostalgia - ERRR MAGAZINE<\/title>\n<meta name=\"robots\" content=\"index, follow, max-snippet:-1, max-image-preview:large, max-video-preview:-1\" \/>\n<link rel=\"canonical\" href=\"https:\/\/errr-magazine.com\/english\/slave-of-nostalgia\/\" \/>\n<meta property=\"og:locale\" content=\"en_US\" \/>\n<meta property=\"og:type\" content=\"article\" \/>\n<meta property=\"og:title\" content=\"Esclava de la nostalgia - ERRR MAGAZINE\" \/>\n<meta property=\"og:description\" content=\"Me encanta la emoci\u00f3n que siento cuando mando a revelar los rollos que ten\u00eda guardados por un tiempo, y ver las fotos que tom\u00e9 en ellos es volver a vivir cada momento. As\u00ed es, soy una esclava de la nostalgia, no s\u00e9 existir si algo no me conmueve.\" \/>\n<meta property=\"og:url\" content=\"https:\/\/errr-magazine.com\/english\/slave-of-nostalgia\/\" \/>\n<meta property=\"og:site_name\" content=\"ERRR MAGAZINE\" \/>\n<meta property=\"article:published_time\" content=\"2025-05-14T14:35:42+00:00\" \/>\n<meta property=\"article:modified_time\" content=\"2025-08-15T16:55:46+00:00\" \/>\n<meta property=\"og:image\" content=\"https:\/\/errr-magazine.com\/wp-content\/uploads\/2025\/05\/alina7-820x1024.png\" \/>\n\t<meta property=\"og:image:width\" content=\"820\" \/>\n\t<meta property=\"og:image:height\" content=\"1024\" \/>\n\t<meta property=\"og:image:type\" content=\"image\/png\" \/>\n<meta name=\"author\" content=\"Alina Maya\" \/>\n<meta name=\"twitter:card\" content=\"summary_large_image\" \/>\n<meta name=\"twitter:label1\" content=\"Written by\" \/>\n\t<meta name=\"twitter:data1\" content=\"Alina Maya\" \/>\n\t<meta name=\"twitter:label2\" content=\"Est. reading time\" \/>\n\t<meta name=\"twitter:data2\" content=\"4 minutes\" \/>\n<script type=\"application\/ld+json\" class=\"yoast-schema-graph\">{\"@context\":\"https:\/\/schema.org\",\"@graph\":[{\"@type\":\"Article\",\"@id\":\"https:\/\/errr-magazine.com\/esclava-de-la-nostalgia\/#article\",\"isPartOf\":{\"@id\":\"https:\/\/errr-magazine.com\/esclava-de-la-nostalgia\/\"},\"author\":{\"name\":\"Alina Maya\",\"@id\":\"https:\/\/errr-magazine.com\/#\/schema\/person\/4d79cee017747b9d80dac81310c0bb84\"},\"headline\":\"Esclava de la nostalgia\",\"datePublished\":\"2025-05-14T14:35:42+00:00\",\"dateModified\":\"2025-08-15T16:55:46+00:00\",\"mainEntityOfPage\":{\"@id\":\"https:\/\/errr-magazine.com\/esclava-de-la-nostalgia\/\"},\"wordCount\":608,\"image\":{\"@id\":\"https:\/\/errr-magazine.com\/esclava-de-la-nostalgia\/#primaryimage\"},\"thumbnailUrl\":\"https:\/\/errr-magazine.com\/wp-content\/uploads\/2025\/05\/alina7.png\",\"articleSection\":[\"Interview\"],\"inLanguage\":\"en-US\"},{\"@type\":\"WebPage\",\"@id\":\"https:\/\/errr-magazine.com\/esclava-de-la-nostalgia\/\",\"url\":\"https:\/\/errr-magazine.com\/esclava-de-la-nostalgia\/\",\"name\":\"Esclava de la nostalgia - ERRR MAGAZINE\",\"isPartOf\":{\"@id\":\"https:\/\/errr-magazine.com\/#website\"},\"primaryImageOfPage\":{\"@id\":\"https:\/\/errr-magazine.com\/esclava-de-la-nostalgia\/#primaryimage\"},\"image\":{\"@id\":\"https:\/\/errr-magazine.com\/esclava-de-la-nostalgia\/#primaryimage\"},\"thumbnailUrl\":\"https:\/\/errr-magazine.com\/wp-content\/uploads\/2025\/05\/alina7.png\",\"datePublished\":\"2025-05-14T14:35:42+00:00\",\"dateModified\":\"2025-08-15T16:55:46+00:00\",\"author\":{\"@id\":\"https:\/\/errr-magazine.com\/#\/schema\/person\/4d79cee017747b9d80dac81310c0bb84\"},\"breadcrumb\":{\"@id\":\"https:\/\/errr-magazine.com\/esclava-de-la-nostalgia\/#breadcrumb\"},\"inLanguage\":\"en-US\",\"potentialAction\":[{\"@type\":\"ReadAction\",\"target\":[\"https:\/\/errr-magazine.com\/esclava-de-la-nostalgia\/\"]}]},{\"@type\":\"ImageObject\",\"inLanguage\":\"en-US\",\"@id\":\"https:\/\/errr-magazine.com\/esclava-de-la-nostalgia\/#primaryimage\",\"url\":\"https:\/\/errr-magazine.com\/wp-content\/uploads\/2025\/05\/alina7.png\",\"contentUrl\":\"https:\/\/errr-magazine.com\/wp-content\/uploads\/2025\/05\/alina7.png\",\"width\":1276,\"height\":1594},{\"@type\":\"BreadcrumbList\",\"@id\":\"https:\/\/errr-magazine.com\/esclava-de-la-nostalgia\/#breadcrumb\",\"itemListElement\":[{\"@type\":\"ListItem\",\"position\":1,\"name\":\"Portada\",\"item\":\"https:\/\/errr-magazine.com\/\"},{\"@type\":\"ListItem\",\"position\":2,\"name\":\"Esclava de la nostalgia\"}]},{\"@type\":\"WebSite\",\"@id\":\"https:\/\/errr-magazine.com\/#website\",\"url\":\"https:\/\/errr-magazine.com\/\",\"name\":\"ERRR MAGAZINE\",\"description\":\"\",\"potentialAction\":[{\"@type\":\"SearchAction\",\"target\":{\"@type\":\"EntryPoint\",\"urlTemplate\":\"https:\/\/errr-magazine.com\/?s={search_term_string}\"},\"query-input\":{\"@type\":\"PropertyValueSpecification\",\"valueRequired\":true,\"valueName\":\"search_term_string\"}}],\"inLanguage\":\"en-US\"},{\"@type\":\"Person\",\"@id\":\"https:\/\/errr-magazine.com\/#\/schema\/person\/4d79cee017747b9d80dac81310c0bb84\",\"name\":\"Alina Maya\",\"image\":{\"@type\":\"ImageObject\",\"inLanguage\":\"en-US\",\"@id\":\"https:\/\/secure.gravatar.com\/avatar\/fa9ff361794d91e4f5a9e5da3431fdf0a17bf2d10533e7db930d2b88fa654ff8?s=96&d=identicon&r=g\",\"url\":\"https:\/\/secure.gravatar.com\/avatar\/fa9ff361794d91e4f5a9e5da3431fdf0a17bf2d10533e7db930d2b88fa654ff8?s=96&d=identicon&r=g\",\"contentUrl\":\"https:\/\/secure.gravatar.com\/avatar\/fa9ff361794d91e4f5a9e5da3431fdf0a17bf2d10533e7db930d2b88fa654ff8?s=96&d=identicon&r=g\",\"caption\":\"Alina Maya\"},\"description\":\"Photographer.\",\"sameAs\":[\"https:\/\/www.instagram.com\/alina.mayaa\"],\"url\":\"https:\/\/errr-magazine.com\/english\/author\/alina-mayaa\/\"}]}<\/script>\n<!-- \/ Yoast SEO plugin. -->","yoast_head_json":{"title":"Slave of nostalgia - ERRR MAGAZINE","robots":{"index":"index","follow":"follow","max-snippet":"max-snippet:-1","max-image-preview":"max-image-preview:large","max-video-preview":"max-video-preview:-1"},"canonical":"https:\/\/errr-magazine.com\/english\/slave-of-nostalgia\/","og_locale":"en_US","og_type":"article","og_title":"Esclava de la nostalgia - ERRR MAGAZINE","og_description":"Me encanta la emoci\u00f3n que siento cuando mando a revelar los rollos que ten\u00eda guardados por un tiempo, y ver las fotos que tom\u00e9 en ellos es volver a vivir cada momento. As\u00ed es, soy una esclava de la nostalgia, no s\u00e9 existir si algo no me conmueve.","og_url":"https:\/\/errr-magazine.com\/english\/slave-of-nostalgia\/","og_site_name":"ERRR MAGAZINE","article_published_time":"2025-05-14T14:35:42+00:00","article_modified_time":"2025-08-15T16:55:46+00:00","og_image":[{"width":820,"height":1024,"url":"https:\/\/errr-magazine.com\/wp-content\/uploads\/2025\/05\/alina7-820x1024.png","type":"image\/png"}],"author":"Alina Maya","twitter_card":"summary_large_image","twitter_misc":{"Written by":"Alina Maya","Est. reading time":"4 minutes"},"schema":{"@context":"https:\/\/schema.org","@graph":[{"@type":"Article","@id":"https:\/\/errr-magazine.com\/esclava-de-la-nostalgia\/#article","isPartOf":{"@id":"https:\/\/errr-magazine.com\/esclava-de-la-nostalgia\/"},"author":{"name":"Alina Maya","@id":"https:\/\/errr-magazine.com\/#\/schema\/person\/4d79cee017747b9d80dac81310c0bb84"},"headline":"Esclava de la nostalgia","datePublished":"2025-05-14T14:35:42+00:00","dateModified":"2025-08-15T16:55:46+00:00","mainEntityOfPage":{"@id":"https:\/\/errr-magazine.com\/esclava-de-la-nostalgia\/"},"wordCount":608,"image":{"@id":"https:\/\/errr-magazine.com\/esclava-de-la-nostalgia\/#primaryimage"},"thumbnailUrl":"https:\/\/errr-magazine.com\/wp-content\/uploads\/2025\/05\/alina7.png","articleSection":["Interview"],"inLanguage":"en-US"},{"@type":"WebPage","@id":"https:\/\/errr-magazine.com\/esclava-de-la-nostalgia\/","url":"https:\/\/errr-magazine.com\/esclava-de-la-nostalgia\/","name":"Slave of nostalgia - ERRR MAGAZINE","isPartOf":{"@id":"https:\/\/errr-magazine.com\/#website"},"primaryImageOfPage":{"@id":"https:\/\/errr-magazine.com\/esclava-de-la-nostalgia\/#primaryimage"},"image":{"@id":"https:\/\/errr-magazine.com\/esclava-de-la-nostalgia\/#primaryimage"},"thumbnailUrl":"https:\/\/errr-magazine.com\/wp-content\/uploads\/2025\/05\/alina7.png","datePublished":"2025-05-14T14:35:42+00:00","dateModified":"2025-08-15T16:55:46+00:00","author":{"@id":"https:\/\/errr-magazine.com\/#\/schema\/person\/4d79cee017747b9d80dac81310c0bb84"},"breadcrumb":{"@id":"https:\/\/errr-magazine.com\/esclava-de-la-nostalgia\/#breadcrumb"},"inLanguage":"en-US","potentialAction":[{"@type":"ReadAction","target":["https:\/\/errr-magazine.com\/esclava-de-la-nostalgia\/"]}]},{"@type":"ImageObject","inLanguage":"en-US","@id":"https:\/\/errr-magazine.com\/esclava-de-la-nostalgia\/#primaryimage","url":"https:\/\/errr-magazine.com\/wp-content\/uploads\/2025\/05\/alina7.png","contentUrl":"https:\/\/errr-magazine.com\/wp-content\/uploads\/2025\/05\/alina7.png","width":1276,"height":1594},{"@type":"BreadcrumbList","@id":"https:\/\/errr-magazine.com\/esclava-de-la-nostalgia\/#breadcrumb","itemListElement":[{"@type":"ListItem","position":1,"name":"Portada","item":"https:\/\/errr-magazine.com\/"},{"@type":"ListItem","position":2,"name":"Esclava de la nostalgia"}]},{"@type":"WebSite","@id":"https:\/\/errr-magazine.com\/#website","url":"https:\/\/errr-magazine.com\/","name":"ERRR MAGAZINE","description":"","potentialAction":[{"@type":"SearchAction","target":{"@type":"EntryPoint","urlTemplate":"https:\/\/errr-magazine.com\/?s={search_term_string}"},"query-input":{"@type":"PropertyValueSpecification","valueRequired":true,"valueName":"search_term_string"}}],"inLanguage":"en-US"},{"@type":"Person","@id":"https:\/\/errr-magazine.com\/#\/schema\/person\/4d79cee017747b9d80dac81310c0bb84","name":"Alina Maya","image":{"@type":"ImageObject","inLanguage":"en-US","@id":"https:\/\/secure.gravatar.com\/avatar\/fa9ff361794d91e4f5a9e5da3431fdf0a17bf2d10533e7db930d2b88fa654ff8?s=96&d=identicon&r=g","url":"https:\/\/secure.gravatar.com\/avatar\/fa9ff361794d91e4f5a9e5da3431fdf0a17bf2d10533e7db930d2b88fa654ff8?s=96&d=identicon&r=g","contentUrl":"https:\/\/secure.gravatar.com\/avatar\/fa9ff361794d91e4f5a9e5da3431fdf0a17bf2d10533e7db930d2b88fa654ff8?s=96&d=identicon&r=g","caption":"Alina Maya"},"description":"Photographer.","sameAs":["https:\/\/www.instagram.com\/alina.mayaa"],"url":"https:\/\/errr-magazine.com\/english\/author\/alina-mayaa\/"}]}},"jetpack_featured_media_url":"https:\/\/errr-magazine.com\/wp-content\/uploads\/2025\/05\/alina7.png","jetpack-related-posts":[{"id":201494,"url":"https:\/\/errr-magazine.com\/english\/mas-recuerdos\/","url_meta":{"origin":189849,"position":0},"title":"More Memories","author":"Jade Ellis","date":"03\/06\/2026","format":false,"excerpt":"For me, film is very personal \u2014 I love taking photos of people. I use film to capture everyday moments: weekends with friends and getaways to different places where a touch of landscape photography sneaks in.","rel":"","context":"In &quot;Artes visuales&quot;","block_context":{"text":"Artes visuales","link":"https:\/\/errr-magazine.com\/english\/category\/interviews\/artes-visuales\/"},"img":{"alt_text":"","src":"https:\/\/i0.wp.com\/errr-magazine.com\/wp-content\/uploads\/2026\/03\/ERRR-magazine-byJadeEllis-lowres-23-scaled.jpg?resize=350%2C200&ssl=1","width":350,"height":200,"srcset":"https:\/\/i0.wp.com\/errr-magazine.com\/wp-content\/uploads\/2026\/03\/ERRR-magazine-byJadeEllis-lowres-23-scaled.jpg?resize=350%2C200&ssl=1 1x, https:\/\/i0.wp.com\/errr-magazine.com\/wp-content\/uploads\/2026\/03\/ERRR-magazine-byJadeEllis-lowres-23-scaled.jpg?resize=525%2C300&ssl=1 1.5x, https:\/\/i0.wp.com\/errr-magazine.com\/wp-content\/uploads\/2026\/03\/ERRR-magazine-byJadeEllis-lowres-23-scaled.jpg?resize=700%2C400&ssl=1 2x, https:\/\/i0.wp.com\/errr-magazine.com\/wp-content\/uploads\/2026\/03\/ERRR-magazine-byJadeEllis-lowres-23-scaled.jpg?resize=1050%2C600&ssl=1 3x, https:\/\/i0.wp.com\/errr-magazine.com\/wp-content\/uploads\/2026\/03\/ERRR-magazine-byJadeEllis-lowres-23-scaled.jpg?resize=1400%2C800&ssl=1 4x"},"classes":[]},{"id":178136,"url":"https:\/\/errr-magazine.com\/english\/domingo-4\/","url_meta":{"origin":189849,"position":1},"title":"Domingo","author":"Carolina Ortiz Garcia","date":"06\/06\/2022","format":false,"excerpt":"En general me gusta retratar momentos o espacios cotidianos porque conforme pasa el tiempo esa cotidianidad se transforma en nostalgia, pertenec\u00eda, distancia....","rel":"","context":"In &quot;Interview&quot;","block_context":{"text":"Interview","link":"https:\/\/errr-magazine.com\/english\/category\/interviews\/"},"img":{"alt_text":"","src":"https:\/\/i0.wp.com\/errr-magazine.com\/wp-content\/uploads\/2022\/06\/Carolina-Ortiz.jpeg?resize=350%2C200&ssl=1","width":350,"height":200,"srcset":"https:\/\/i0.wp.com\/errr-magazine.com\/wp-content\/uploads\/2022\/06\/Carolina-Ortiz.jpeg?resize=350%2C200&ssl=1 1x, https:\/\/i0.wp.com\/errr-magazine.com\/wp-content\/uploads\/2022\/06\/Carolina-Ortiz.jpeg?resize=525%2C300&ssl=1 1.5x, https:\/\/i0.wp.com\/errr-magazine.com\/wp-content\/uploads\/2022\/06\/Carolina-Ortiz.jpeg?resize=700%2C400&ssl=1 2x"},"classes":[]},{"id":202074,"url":"https:\/\/errr-magazine.com\/english\/cuentale-tus-planes\/","url_meta":{"origin":189849,"position":2},"title":"Tell Him Your Plans","author":"Andr\u00e9s Escalante","date":"03\/12\/2026","format":false,"excerpt":"I went out with my family\u2014whom I hadn\u2019t seen in 15 years\u2014to deliver large water jugs to the farming fields in Patole, Sinaloa, and I brought my analog camera with me to photograph life in the fields.","rel":"","context":"In &quot;Artes visuales&quot;","block_context":{"text":"Artes visuales","link":"https:\/\/errr-magazine.com\/english\/category\/interviews\/artes-visuales\/"},"img":{"alt_text":"","src":"https:\/\/i0.wp.com\/errr-magazine.com\/wp-content\/uploads\/2026\/03\/000041540022.jpg?resize=350%2C200&ssl=1","width":350,"height":200,"srcset":"https:\/\/i0.wp.com\/errr-magazine.com\/wp-content\/uploads\/2026\/03\/000041540022.jpg?resize=350%2C200&ssl=1 1x, https:\/\/i0.wp.com\/errr-magazine.com\/wp-content\/uploads\/2026\/03\/000041540022.jpg?resize=525%2C300&ssl=1 1.5x, https:\/\/i0.wp.com\/errr-magazine.com\/wp-content\/uploads\/2026\/03\/000041540022.jpg?resize=700%2C400&ssl=1 2x, https:\/\/i0.wp.com\/errr-magazine.com\/wp-content\/uploads\/2026\/03\/000041540022.jpg?resize=1050%2C600&ssl=1 3x, https:\/\/i0.wp.com\/errr-magazine.com\/wp-content\/uploads\/2026\/03\/000041540022.jpg?resize=1400%2C800&ssl=1 4x"},"classes":[]},{"id":201295,"url":"https:\/\/errr-magazine.com\/english\/nostalgia-6\/","url_meta":{"origin":189849,"position":3},"title":"Nostalgia","author":"Jessica Scott","date":"03\/03\/2026","format":false,"excerpt":"It\u2019s often not until after the film is developed that I start to see a pattern in what I must have been feeling and where the idea was going. Nostalgia is an emotion that always leaves a heavy impression on me.","rel":"","context":"In &quot;Artes visuales&quot;","block_context":{"text":"Artes visuales","link":"https:\/\/errr-magazine.com\/english\/category\/interviews\/artes-visuales\/"},"img":{"alt_text":"","src":"https:\/\/i0.wp.com\/errr-magazine.com\/wp-content\/uploads\/2026\/02\/000026180021_5A-scaled.jpg?resize=350%2C200&ssl=1","width":350,"height":200,"srcset":"https:\/\/i0.wp.com\/errr-magazine.com\/wp-content\/uploads\/2026\/02\/000026180021_5A-scaled.jpg?resize=350%2C200&ssl=1 1x, https:\/\/i0.wp.com\/errr-magazine.com\/wp-content\/uploads\/2026\/02\/000026180021_5A-scaled.jpg?resize=525%2C300&ssl=1 1.5x, https:\/\/i0.wp.com\/errr-magazine.com\/wp-content\/uploads\/2026\/02\/000026180021_5A-scaled.jpg?resize=700%2C400&ssl=1 2x, https:\/\/i0.wp.com\/errr-magazine.com\/wp-content\/uploads\/2026\/02\/000026180021_5A-scaled.jpg?resize=1050%2C600&ssl=1 3x, https:\/\/i0.wp.com\/errr-magazine.com\/wp-content\/uploads\/2026\/02\/000026180021_5A-scaled.jpg?resize=1400%2C800&ssl=1 4x"},"classes":[]},{"id":194304,"url":"https:\/\/errr-magazine.com\/english\/lo-unico-que-queda-para-recordar-tangiblemente\/","url_meta":{"origin":189849,"position":4},"title":"The only thing left to tangibly remember","author":"Mariana Mart\u00ednez Manzano","date":"10\/08\/2025","format":false,"excerpt":"I don't have to take photos just for the sake of taking them. We live in a world filled with digital files that we never see again, accumulating deep within algorithms or our devices. I've learned to take photos with intention and contemplation.","rel":"","context":"In &quot;Artes visuales&quot;","block_context":{"text":"Artes visuales","link":"https:\/\/errr-magazine.com\/english\/category\/interviews\/artes-visuales\/"},"img":{"alt_text":"","src":"https:\/\/i0.wp.com\/errr-magazine.com\/wp-content\/uploads\/2025\/10\/IMG_0708-1.jpg?resize=350%2C200&ssl=1","width":350,"height":200,"srcset":"https:\/\/i0.wp.com\/errr-magazine.com\/wp-content\/uploads\/2025\/10\/IMG_0708-1.jpg?resize=350%2C200&ssl=1 1x, https:\/\/i0.wp.com\/errr-magazine.com\/wp-content\/uploads\/2025\/10\/IMG_0708-1.jpg?resize=525%2C300&ssl=1 1.5x, https:\/\/i0.wp.com\/errr-magazine.com\/wp-content\/uploads\/2025\/10\/IMG_0708-1.jpg?resize=700%2C400&ssl=1 2x, https:\/\/i0.wp.com\/errr-magazine.com\/wp-content\/uploads\/2025\/10\/IMG_0708-1.jpg?resize=1050%2C600&ssl=1 3x"},"classes":[]},{"id":196877,"url":"https:\/\/errr-magazine.com\/english\/contemplacion-cotidiana\/","url_meta":{"origin":189849,"position":5},"title":"Everyday contemplation","author":"Mariana Mart\u00ednez Manzano","date":"01\/06\/2026","format":false,"excerpt":"We live in a world overflowing with digital files that we never see again, files that accumulate deep within algorithms or on our devices. I've learned to take photos with intention and contemplation, not just to create more content.\u00a0","rel":"","context":"In &quot;Artes visuales&quot;","block_context":{"text":"Artes visuales","link":"https:\/\/errr-magazine.com\/english\/category\/interviews\/artes-visuales\/"},"img":{"alt_text":"","src":"https:\/\/i0.wp.com\/errr-magazine.com\/wp-content\/uploads\/2026\/01\/IMG_6263.jpg?resize=350%2C200&ssl=1","width":350,"height":200,"srcset":"https:\/\/i0.wp.com\/errr-magazine.com\/wp-content\/uploads\/2026\/01\/IMG_6263.jpg?resize=350%2C200&ssl=1 1x, https:\/\/i0.wp.com\/errr-magazine.com\/wp-content\/uploads\/2026\/01\/IMG_6263.jpg?resize=525%2C300&ssl=1 1.5x, https:\/\/i0.wp.com\/errr-magazine.com\/wp-content\/uploads\/2026\/01\/IMG_6263.jpg?resize=700%2C400&ssl=1 2x, https:\/\/i0.wp.com\/errr-magazine.com\/wp-content\/uploads\/2026\/01\/IMG_6263.jpg?resize=1050%2C600&ssl=1 3x, https:\/\/i0.wp.com\/errr-magazine.com\/wp-content\/uploads\/2026\/01\/IMG_6263.jpg?resize=1400%2C800&ssl=1 4x"},"classes":[]}],"jetpack_sharing_enabled":true,"mfb_rest_fields":["title","yoast_head","yoast_head_json","jetpack_featured_media_url","jetpack-related-posts","jetpack_sharing_enabled"],"_links":{"self":[{"href":"https:\/\/errr-magazine.com\/english\/wp-json\/wp\/v2\/posts\/189849","targetHints":{"allow":["GET"]}}],"collection":[{"href":"https:\/\/errr-magazine.com\/english\/wp-json\/wp\/v2\/posts"}],"about":[{"href":"https:\/\/errr-magazine.com\/english\/wp-json\/wp\/v2\/types\/post"}],"author":[{"embeddable":true,"href":"https:\/\/errr-magazine.com\/english\/wp-json\/wp\/v2\/users\/7774"}],"replies":[{"embeddable":true,"href":"https:\/\/errr-magazine.com\/english\/wp-json\/wp\/v2\/comments?post=189849"}],"version-history":[{"count":2,"href":"https:\/\/errr-magazine.com\/english\/wp-json\/wp\/v2\/posts\/189849\/revisions"}],"predecessor-version":[{"id":189857,"href":"https:\/\/errr-magazine.com\/english\/wp-json\/wp\/v2\/posts\/189849\/revisions\/189857"}],"wp:featuredmedia":[{"embeddable":true,"href":"https:\/\/errr-magazine.com\/english\/wp-json\/wp\/v2\/media\/189851"}],"wp:attachment":[{"href":"https:\/\/errr-magazine.com\/english\/wp-json\/wp\/v2\/media?parent=189849"}],"wp:term":[{"taxonomy":"category","embeddable":true,"href":"https:\/\/errr-magazine.com\/english\/wp-json\/wp\/v2\/categories?post=189849"},{"taxonomy":"post_tag","embeddable":true,"href":"https:\/\/errr-magazine.com\/english\/wp-json\/wp\/v2\/tags?post=189849"}],"curies":[{"name":"wp","href":"https:\/\/api.w.org\/{rel}","templated":true}]}}