{"id":187158,"date":"2023-12-26T22:27:15","date_gmt":"2023-12-27T04:27:15","guid":{"rendered":"https:\/\/errr-magazine.com\/?p=187158"},"modified":"2025-05-09T17:55:37","modified_gmt":"2025-05-09T23:55:37","slug":"nobody-loves-you","status":"publish","type":"post","link":"https:\/\/errr-magazine.com\/english\/nobody-loves-you\/","title":{"rendered":"Nobody Loves You"},"content":{"rendered":"<p>T\u00fa te has sentido triste, yo me he sentido triste y todxs hemos experimentado la tristeza. \u00bfNo? La tristeza es un sentimiento universal as\u00ed como el amor y si es normal que nos sintamos tristes \u00bfPor qu\u00e9 nos apena tanto compartir nuestra tristeza? Y, \u00bfpor qu\u00e9 si en nuestra experiencia personal lo hemos sentido, tampoco sabemos tratar con alguien cuando est\u00e1 triste? Todas estas fueron mis inc\u00f3gnitas al momento de escribir esta canci\u00f3n. M\u00e1s que nada porque estaba viviendo una etapa en mi vida que me tenia muy deprimido y pod\u00eda ver como era muy dif\u00edcil para mi, llegar a platicar como si nada con otras personas y tambi\u00e9n pod\u00eda ver como las personas reaccionaban a mi estado de animo. Me sent\u00eda muy alienado de mi entorno principalmente por como me estaba sintiendo.<\/p>\n\n\n\n<p>Trabajo con el incre\u00edble y talentoso productor y musico, Joel Silva (@joeldgs_ en instagram), lo conozco desde que est\u00e1bamos en la prepa. Ah\u00ed and\u00e1bamos de morrillos tocando con nuestras bandas de covers en La Paz, B.C.S.y nos tocaba frecuentarnos bastante, hasta que llegamos los dos a GDL a estudiar musica. Ahi ya fue donde nos empezamos a conocernos m\u00e1s y de el no me he separado. Hasta parece historia de amor o como si estuviera destinado a ser, porque entiende completamente mis referencias e ideas que quiero plasmar, mas aparte, es un musico completo a m\u00e1s no poder, no tengo m\u00e1s que flores para \u00e9l. La manera en la que trabajamos es super efectiva para mi porque yo llego con la canci\u00f3n ya lista, me refiero, yo escribo la letra y pongo los acordes. Hago un ligero demo para que Joel tenga una idea de lo que quiero plasmar junto con varias referencias y \u00a1listo! Manos a la obra. Joel solito ya sabe qu\u00e9 grabar y qu\u00e9 tocar (porque \u00e9l toca casi todos los instrumentos de la canci\u00f3n a excepci\u00f3n de la bater\u00eda). Una verdadera eminencia el Joel. En verdad que no ser\u00eda Eirotomeiro sin Joel. Tambi\u00e9n, nom\u00e1s como dato curioso, tengo la buena fortuna de conocer a otra gran artista emergente, &#8216;KNYA&#8217;. Igual que Joel, la conozco desde la adolescencia. Entonces para m\u00ed fue un honor que me ayudara con su voz para los coros finales. Que desde que empezamos a grabar voces para la canci\u00f3n ya la ten\u00eda en mente para esta parte y \u00a1qued\u00f3 de maravilla!<br><br>Me encanta lo que Joel pudo hacer con los sintetizadores y teclados. Esos sonidos tan llenos de aire, suenan como si fueran estrellas fugaces. Me encanta porque esos teclados del inicio y el final te hacen sentir como si todo fuera un sue\u00f1o.<\/p>\n\n\n\n<div class=\"wp-block-columns are-vertically-aligned-center is-layout-flex wp-container-core-columns-is-layout-28f84493 wp-block-columns-is-layout-flex\">\n<div class=\"wp-block-column is-vertically-aligned-center is-layout-flow wp-block-column-is-layout-flow\" style=\"flex-basis:100%\">\n<iframe style=\"border-radius:12px\" data-src=\"https:\/\/open.spotify.com\/embed\/track\/2voWWdmBuL7zPA9yrOE7q8?utm_source=generator\" width=\"100%\" height=\"152\" frameborder=\"0\" allowfullscreen=\"\" allow=\"autoplay; clipboard-write; encrypted-media; fullscreen; picture-in-picture\" src=\"data:image\/svg+xml;base64,PHN2ZyB3aWR0aD0iMSIgaGVpZ2h0PSIxIiB4bWxucz0iaHR0cDovL3d3dy53My5vcmcvMjAwMC9zdmciPjwvc3ZnPg==\" class=\"lazyload\" data-load-mode=\"1\"><\/iframe>\n<\/div>\n<\/div>\n\n\n\n<p><br>Cada vez que compongo o produzco algo, siempre intento hacer algo que no hab\u00eda hecho anteriormente. Ya sea en g\u00e9nero, en estilo a lo mejor intentar hacer una canci\u00f3n con diferente orden en su estructura, etc&#8230; pero siempre algo que sea diferente a lo dem\u00e1s. M\u00e1s que nada porque hay tanta m\u00fasica que me gusta y quiero intentar, al menos, comprender mis canciones favoritas y saber por qu\u00e9 me cautivan tanto, \u00bfsabes? Entonces al componer como que hago esta ingenier\u00eda a la inversa con las canciones, muy clavado de mi parte pero quiero saber. Tambi\u00e9n el estilo y el enfoque cambia un chorro dependiendo de qu\u00e9 este escuchando en ese momento. Por ejemplo esta canci\u00f3n al inicio la compuse con la idea de que fuera un tipo folk-rock muy a la onda de Sharon Van Etten o Angel Olsen, pero cuando la compuse fue hace a\u00f1os, como entre 2018 y 2019 y ya cuando tuve la oportunidad de darle vida pues ya tra\u00eda otra m\u00fasica en mi cabeza, no era lo mismo pero siento que fue el tiempo indicado porque la canci\u00f3n se transform\u00f3 de una manera incre\u00edble y estoy muy contento con el resultado. Estoy orgulloso de mis mis canciones.<\/p>\n\n\n\n<p>Mi influencia m\u00e1s importante fue la canci\u00f3n de &#8216;The Whole of the Moon&#8217;, interpretada por Kirin J Callinan. Si escuchas mi canci\u00f3n con la que acabo de mencionar van a haber MUY CLARAS referencias. Hubo una temporada que no dejaba de escuchar esa canci\u00f3n, tampoco al artista, pero principalmente esa canci\u00f3n. Como comente anteriormente, mi idea era folk-rock para esta canci\u00f3n, pero The Whole of the Moon no sal\u00eda de mi cabeza, me hacia sentir con esperanza y eso era justo lo que necesitaba en ese momento. Entonces, como honor a ese momento de bienestar que estaba sintiendo pues dije, \u00bfy si cambio el sonido completamente? y woooow, no me esperaba que fuera a embonar TAN bien.<br><br>Otra gran inspiraci\u00f3n fue Kate Bush. Principalmente con la canci\u00f3n &#8216;Running up the Hill&#8217;. Entonces m\u00e1s o menos con esas dos canciones y con esos dos artistas fuimos transformando la canci\u00f3n para que se sintiera como una especie de sue\u00f1o, como neblinoso, pero con el cielo despejado permitiendo ver las estrellas y escuchar sus melod\u00edas. En pocas palabras, con la canci\u00f3n quise hacerme sentir esperanzado a pesar de los obst\u00e1culos que se presentan. Ser resiliente.<\/p>\n\n\n\n<p>Lamentablemente no he tenido la oportunidad de interpretarla en vivo ya que apenas la estoy estrenando. Las personas s\u00ed me han hecho saber su parecer con la canci\u00f3n y se siente muy bonito porque siempre son reacciones muy positivas, muy alegres y con mucho sentimiento, entonces yo me siento en el cielo. M\u00e1s que nada porque es una canci\u00f3n triste con m\u00fasica feliz entonces puede haber momentos de confusi\u00f3n, cosa que es con toda la intensi\u00f3n del mundo, pero siempre la reciben con mucho cari\u00f1o. Si alguien quiere invitarme a interpretarlas en vivo, aqu\u00ed andamos disponibles.<\/p>\n\n\n\n<p>No se dejen intimidar por los artistas j\u00f3venes que todos conocemos, que porque Lorde tuvo \u00e9xito ya teniendo 15 o 18 no significa que ya se nos fue el avi\u00f3n, cada quien a sus tiempo y eso es algo que me ha tocado vivir a la mala porque soy bien desesperado. Entonces m\u00e1s que nada paciencia y el quererlo mas que todos. Porque hacer m\u00fasica cuesta tanto en tiempo como en dinero entonces, todo a su tiempo pero siempre con el objetivo en la mira. Que a m\u00ed todav\u00eda me falta mucho, pero lo importante es que ya estamos en el camino.<\/p>","protected":false},"excerpt":{"rendered":"<p>\u00bfPor qu\u00e9 nos apena tanto compartir nuestra tristeza? Y, \u00bfpor qu\u00e9 si en nuestra experiencia personal lo hemos sentido, tampoco sabemos tratar con alguien cuando est\u00e1 triste? <\/p>","protected":false},"author":7745,"featured_media":187157,"comment_status":"closed","ping_status":"closed","sticky":false,"template":"","format":"standard","meta":{"_acf_changed":false,"cybocfi_hide_featured_image":"","_jetpack_memberships_contains_paid_content":false,"footnotes":""},"categories":[7997],"tags":[],"class_list":["post-187158","post","type-post","status-publish","format-standard","has-post-thumbnail","hentry","category-textos"],"acf":[],"mb":[],"yoast_head":"<!-- This site is optimized with the Yoast SEO plugin v27.2 - https:\/\/yoast.com\/product\/yoast-seo-wordpress\/ -->\n<title>Nobody Loves You - ERRR MAGAZINE<\/title>\n<meta name=\"robots\" content=\"index, follow, max-snippet:-1, max-image-preview:large, max-video-preview:-1\" \/>\n<link rel=\"canonical\" href=\"https:\/\/errr-magazine.com\/english\/nobody-loves-you\/\" \/>\n<meta property=\"og:locale\" content=\"en_US\" \/>\n<meta property=\"og:type\" content=\"article\" \/>\n<meta property=\"og:title\" content=\"Nobody Loves You - ERRR MAGAZINE\" \/>\n<meta property=\"og:description\" content=\"\u00bfPor qu\u00e9 nos apena tanto compartir nuestra tristeza? Y, \u00bfpor qu\u00e9 si en nuestra experiencia personal lo hemos sentido, tampoco sabemos tratar con alguien cuando est\u00e1 triste?\" \/>\n<meta property=\"og:url\" content=\"https:\/\/errr-magazine.com\/english\/nobody-loves-you\/\" \/>\n<meta property=\"og:site_name\" content=\"ERRR MAGAZINE\" \/>\n<meta property=\"article:published_time\" content=\"2023-12-27T04:27:15+00:00\" \/>\n<meta property=\"article:modified_time\" content=\"2025-05-09T23:55:37+00:00\" \/>\n<meta property=\"og:image\" content=\"https:\/\/errr-magazine.com\/wp-content\/uploads\/2023\/12\/Foto-por-Isabel-Cruz-2.jpg\" \/>\n\t<meta property=\"og:image:width\" content=\"1280\" \/>\n\t<meta property=\"og:image:height\" content=\"1920\" \/>\n\t<meta property=\"og:image:type\" content=\"image\/jpeg\" \/>\n<meta name=\"author\" content=\"Eirotomeiro\" \/>\n<meta name=\"twitter:card\" content=\"summary_large_image\" \/>\n<meta name=\"twitter:label1\" content=\"Written by\" \/>\n\t<meta name=\"twitter:data1\" content=\"Eirotomeiro\" \/>\n\t<meta name=\"twitter:label2\" content=\"Est. reading time\" \/>\n\t<meta name=\"twitter:data2\" content=\"5 minutes\" \/>\n<script type=\"application\/ld+json\" class=\"yoast-schema-graph\">{\"@context\":\"https:\/\/schema.org\",\"@graph\":[{\"@type\":\"Article\",\"@id\":\"https:\/\/errr-magazine.com\/nobody-loves-you\/#article\",\"isPartOf\":{\"@id\":\"https:\/\/errr-magazine.com\/nobody-loves-you\/\"},\"author\":{\"name\":\"Eirotomeiro\",\"@id\":\"https:\/\/errr-magazine.com\/#\/schema\/person\/76dba8d5d9c92e4665194a8077a3876b\"},\"headline\":\"Nobody Loves You\",\"datePublished\":\"2023-12-27T04:27:15+00:00\",\"dateModified\":\"2025-05-09T23:55:37+00:00\",\"mainEntityOfPage\":{\"@id\":\"https:\/\/errr-magazine.com\/nobody-loves-you\/\"},\"wordCount\":1093,\"image\":{\"@id\":\"https:\/\/errr-magazine.com\/nobody-loves-you\/#primaryimage\"},\"thumbnailUrl\":\"https:\/\/errr-magazine.com\/wp-content\/uploads\/2023\/12\/Foto-por-Isabel-Cruz-2.jpg\",\"articleSection\":[\"Textos\"],\"inLanguage\":\"en-US\"},{\"@type\":\"WebPage\",\"@id\":\"https:\/\/errr-magazine.com\/nobody-loves-you\/\",\"url\":\"https:\/\/errr-magazine.com\/nobody-loves-you\/\",\"name\":\"Nobody Loves You - ERRR MAGAZINE\",\"isPartOf\":{\"@id\":\"https:\/\/errr-magazine.com\/#website\"},\"primaryImageOfPage\":{\"@id\":\"https:\/\/errr-magazine.com\/nobody-loves-you\/#primaryimage\"},\"image\":{\"@id\":\"https:\/\/errr-magazine.com\/nobody-loves-you\/#primaryimage\"},\"thumbnailUrl\":\"https:\/\/errr-magazine.com\/wp-content\/uploads\/2023\/12\/Foto-por-Isabel-Cruz-2.jpg\",\"datePublished\":\"2023-12-27T04:27:15+00:00\",\"dateModified\":\"2025-05-09T23:55:37+00:00\",\"author\":{\"@id\":\"https:\/\/errr-magazine.com\/#\/schema\/person\/76dba8d5d9c92e4665194a8077a3876b\"},\"breadcrumb\":{\"@id\":\"https:\/\/errr-magazine.com\/nobody-loves-you\/#breadcrumb\"},\"inLanguage\":\"en-US\",\"potentialAction\":[{\"@type\":\"ReadAction\",\"target\":[\"https:\/\/errr-magazine.com\/nobody-loves-you\/\"]}]},{\"@type\":\"ImageObject\",\"inLanguage\":\"en-US\",\"@id\":\"https:\/\/errr-magazine.com\/nobody-loves-you\/#primaryimage\",\"url\":\"https:\/\/errr-magazine.com\/wp-content\/uploads\/2023\/12\/Foto-por-Isabel-Cruz-2.jpg\",\"contentUrl\":\"https:\/\/errr-magazine.com\/wp-content\/uploads\/2023\/12\/Foto-por-Isabel-Cruz-2.jpg\",\"width\":1280,\"height\":1920,\"caption\":\"Foto por Isabel Cruz\"},{\"@type\":\"BreadcrumbList\",\"@id\":\"https:\/\/errr-magazine.com\/nobody-loves-you\/#breadcrumb\",\"itemListElement\":[{\"@type\":\"ListItem\",\"position\":1,\"name\":\"Portada\",\"item\":\"https:\/\/errr-magazine.com\/\"},{\"@type\":\"ListItem\",\"position\":2,\"name\":\"Nobody Loves You\"}]},{\"@type\":\"WebSite\",\"@id\":\"https:\/\/errr-magazine.com\/#website\",\"url\":\"https:\/\/errr-magazine.com\/\",\"name\":\"ERRR MAGAZINE\",\"description\":\"\",\"potentialAction\":[{\"@type\":\"SearchAction\",\"target\":{\"@type\":\"EntryPoint\",\"urlTemplate\":\"https:\/\/errr-magazine.com\/?s={search_term_string}\"},\"query-input\":{\"@type\":\"PropertyValueSpecification\",\"valueRequired\":true,\"valueName\":\"search_term_string\"}}],\"inLanguage\":\"en-US\"},{\"@type\":\"Person\",\"@id\":\"https:\/\/errr-magazine.com\/#\/schema\/person\/76dba8d5d9c92e4665194a8077a3876b\",\"name\":\"Eirotomeiro\",\"image\":{\"@type\":\"ImageObject\",\"inLanguage\":\"en-US\",\"@id\":\"https:\/\/secure.gravatar.com\/avatar\/cd73acd63d86f265004547f138dc13f22b88407acf742942641aac15d5a0071d?s=96&d=identicon&r=g\",\"url\":\"https:\/\/secure.gravatar.com\/avatar\/cd73acd63d86f265004547f138dc13f22b88407acf742942641aac15d5a0071d?s=96&d=identicon&r=g\",\"contentUrl\":\"https:\/\/secure.gravatar.com\/avatar\/cd73acd63d86f265004547f138dc13f22b88407acf742942641aac15d5a0071d?s=96&d=identicon&r=g\",\"caption\":\"Eirotomeiro\"},\"description\":\"Nacido en Hermosillo, Sonora, Eiro Castellanos comienza con su proyecto musical en el 2020 bajo su nombre art\u00edstico \u201cEirotomeiro\u201d, creando as\u00ed un gran tributo al tomate.\",\"sameAs\":[\"https:\/\/www.instagram.com\/eirotomeiro\"],\"url\":\"https:\/\/errr-magazine.com\/english\/author\/eirocass\/\"}]}<\/script>\n<!-- \/ Yoast SEO plugin. -->","yoast_head_json":{"title":"Nobody Loves You - ERRR MAGAZINE","robots":{"index":"index","follow":"follow","max-snippet":"max-snippet:-1","max-image-preview":"max-image-preview:large","max-video-preview":"max-video-preview:-1"},"canonical":"https:\/\/errr-magazine.com\/english\/nobody-loves-you\/","og_locale":"en_US","og_type":"article","og_title":"Nobody Loves You - ERRR MAGAZINE","og_description":"\u00bfPor qu\u00e9 nos apena tanto compartir nuestra tristeza? Y, \u00bfpor qu\u00e9 si en nuestra experiencia personal lo hemos sentido, tampoco sabemos tratar con alguien cuando est\u00e1 triste?","og_url":"https:\/\/errr-magazine.com\/english\/nobody-loves-you\/","og_site_name":"ERRR MAGAZINE","article_published_time":"2023-12-27T04:27:15+00:00","article_modified_time":"2025-05-09T23:55:37+00:00","og_image":[{"width":1280,"height":1920,"url":"https:\/\/errr-magazine.com\/wp-content\/uploads\/2023\/12\/Foto-por-Isabel-Cruz-2.jpg","type":"image\/jpeg"}],"author":"Eirotomeiro","twitter_card":"summary_large_image","twitter_misc":{"Written by":"Eirotomeiro","Est. reading time":"5 minutes"},"schema":{"@context":"https:\/\/schema.org","@graph":[{"@type":"Article","@id":"https:\/\/errr-magazine.com\/nobody-loves-you\/#article","isPartOf":{"@id":"https:\/\/errr-magazine.com\/nobody-loves-you\/"},"author":{"name":"Eirotomeiro","@id":"https:\/\/errr-magazine.com\/#\/schema\/person\/76dba8d5d9c92e4665194a8077a3876b"},"headline":"Nobody Loves You","datePublished":"2023-12-27T04:27:15+00:00","dateModified":"2025-05-09T23:55:37+00:00","mainEntityOfPage":{"@id":"https:\/\/errr-magazine.com\/nobody-loves-you\/"},"wordCount":1093,"image":{"@id":"https:\/\/errr-magazine.com\/nobody-loves-you\/#primaryimage"},"thumbnailUrl":"https:\/\/errr-magazine.com\/wp-content\/uploads\/2023\/12\/Foto-por-Isabel-Cruz-2.jpg","articleSection":["Textos"],"inLanguage":"en-US"},{"@type":"WebPage","@id":"https:\/\/errr-magazine.com\/nobody-loves-you\/","url":"https:\/\/errr-magazine.com\/nobody-loves-you\/","name":"Nobody Loves You - ERRR MAGAZINE","isPartOf":{"@id":"https:\/\/errr-magazine.com\/#website"},"primaryImageOfPage":{"@id":"https:\/\/errr-magazine.com\/nobody-loves-you\/#primaryimage"},"image":{"@id":"https:\/\/errr-magazine.com\/nobody-loves-you\/#primaryimage"},"thumbnailUrl":"https:\/\/errr-magazine.com\/wp-content\/uploads\/2023\/12\/Foto-por-Isabel-Cruz-2.jpg","datePublished":"2023-12-27T04:27:15+00:00","dateModified":"2025-05-09T23:55:37+00:00","author":{"@id":"https:\/\/errr-magazine.com\/#\/schema\/person\/76dba8d5d9c92e4665194a8077a3876b"},"breadcrumb":{"@id":"https:\/\/errr-magazine.com\/nobody-loves-you\/#breadcrumb"},"inLanguage":"en-US","potentialAction":[{"@type":"ReadAction","target":["https:\/\/errr-magazine.com\/nobody-loves-you\/"]}]},{"@type":"ImageObject","inLanguage":"en-US","@id":"https:\/\/errr-magazine.com\/nobody-loves-you\/#primaryimage","url":"https:\/\/errr-magazine.com\/wp-content\/uploads\/2023\/12\/Foto-por-Isabel-Cruz-2.jpg","contentUrl":"https:\/\/errr-magazine.com\/wp-content\/uploads\/2023\/12\/Foto-por-Isabel-Cruz-2.jpg","width":1280,"height":1920,"caption":"Foto por Isabel Cruz"},{"@type":"BreadcrumbList","@id":"https:\/\/errr-magazine.com\/nobody-loves-you\/#breadcrumb","itemListElement":[{"@type":"ListItem","position":1,"name":"Portada","item":"https:\/\/errr-magazine.com\/"},{"@type":"ListItem","position":2,"name":"Nobody Loves You"}]},{"@type":"WebSite","@id":"https:\/\/errr-magazine.com\/#website","url":"https:\/\/errr-magazine.com\/","name":"ERRR MAGAZINE","description":"","potentialAction":[{"@type":"SearchAction","target":{"@type":"EntryPoint","urlTemplate":"https:\/\/errr-magazine.com\/?s={search_term_string}"},"query-input":{"@type":"PropertyValueSpecification","valueRequired":true,"valueName":"search_term_string"}}],"inLanguage":"en-US"},{"@type":"Person","@id":"https:\/\/errr-magazine.com\/#\/schema\/person\/76dba8d5d9c92e4665194a8077a3876b","name":"Eirotomeiro","image":{"@type":"ImageObject","inLanguage":"en-US","@id":"https:\/\/secure.gravatar.com\/avatar\/cd73acd63d86f265004547f138dc13f22b88407acf742942641aac15d5a0071d?s=96&d=identicon&r=g","url":"https:\/\/secure.gravatar.com\/avatar\/cd73acd63d86f265004547f138dc13f22b88407acf742942641aac15d5a0071d?s=96&d=identicon&r=g","contentUrl":"https:\/\/secure.gravatar.com\/avatar\/cd73acd63d86f265004547f138dc13f22b88407acf742942641aac15d5a0071d?s=96&d=identicon&r=g","caption":"Eirotomeiro"},"description":"Nacido en Hermosillo, Sonora, Eiro Castellanos comienza con su proyecto musical en el 2020 bajo su nombre art\u00edstico \u201cEirotomeiro\u201d, creando as\u00ed un gran tributo al tomate.","sameAs":["https:\/\/www.instagram.com\/eirotomeiro"],"url":"https:\/\/errr-magazine.com\/english\/author\/eirocass\/"}]}},"jetpack_featured_media_url":"https:\/\/errr-magazine.com\/wp-content\/uploads\/2023\/12\/Foto-por-Isabel-Cruz-2.jpg","jetpack-related-posts":[{"id":187100,"url":"https:\/\/errr-magazine.com\/english\/el-vaquero-triste\/","url_meta":{"origin":187158,"position":0},"title":"El Vaquero Triste","author":"Herbolaria","date":"12\/24\/2023","format":false,"excerpt":"El Vaquero Triste, es una historia de mi cabeza inspirada en un vaquero homosexual que le rompieron el coraz\u00f3n, en donde decide ir a una cantina a sacar su tristeza y su ir\u00e1 con sus mejores pasos de baile.","rel":"","context":"In &quot;Interview&quot;","block_context":{"text":"Interview","link":"https:\/\/errr-magazine.com\/english\/category\/interviews\/"},"img":{"alt_text":"","src":"https:\/\/i0.wp.com\/errr-magazine.com\/wp-content\/uploads\/2023\/12\/FOTO-X-SOFIA-RON1.jpg?resize=350%2C200&ssl=1","width":350,"height":200,"srcset":"https:\/\/i0.wp.com\/errr-magazine.com\/wp-content\/uploads\/2023\/12\/FOTO-X-SOFIA-RON1.jpg?resize=350%2C200&ssl=1 1x, https:\/\/i0.wp.com\/errr-magazine.com\/wp-content\/uploads\/2023\/12\/FOTO-X-SOFIA-RON1.jpg?resize=525%2C300&ssl=1 1.5x, https:\/\/i0.wp.com\/errr-magazine.com\/wp-content\/uploads\/2023\/12\/FOTO-X-SOFIA-RON1.jpg?resize=700%2C400&ssl=1 2x, https:\/\/i0.wp.com\/errr-magazine.com\/wp-content\/uploads\/2023\/12\/FOTO-X-SOFIA-RON1.jpg?resize=1050%2C600&ssl=1 3x"},"classes":[]},{"id":202491,"url":"https:\/\/errr-magazine.com\/english\/tiempos-de-sequia\/","url_meta":{"origin":187158,"position":1},"title":"Drought Times","author":"Azul Mv\u00e1","date":"03\/16\/2026","format":false,"excerpt":"I allowed myself to wither in times of drought, when your words were not constant, and I stretched out my hands to see if I could reach a little of your attention, like someone searching for something in a drawer that has been stirred up over time, knowing they will never find it.","rel":"","context":"In &quot;Narrativa&quot;","block_context":{"text":"Narrativa","link":"https:\/\/errr-magazine.com\/english\/category\/writing\/narrativa\/"},"img":{"alt_text":"","src":"https:\/\/i0.wp.com\/errr-magazine.com\/wp-content\/uploads\/2026\/03\/Copia-de-IMG_7212.jpg?resize=350%2C200&ssl=1","width":350,"height":200,"srcset":"https:\/\/i0.wp.com\/errr-magazine.com\/wp-content\/uploads\/2026\/03\/Copia-de-IMG_7212.jpg?resize=350%2C200&ssl=1 1x, https:\/\/i0.wp.com\/errr-magazine.com\/wp-content\/uploads\/2026\/03\/Copia-de-IMG_7212.jpg?resize=525%2C300&ssl=1 1.5x, https:\/\/i0.wp.com\/errr-magazine.com\/wp-content\/uploads\/2026\/03\/Copia-de-IMG_7212.jpg?resize=700%2C400&ssl=1 2x, https:\/\/i0.wp.com\/errr-magazine.com\/wp-content\/uploads\/2026\/03\/Copia-de-IMG_7212.jpg?resize=1050%2C600&ssl=1 3x"},"classes":[]},{"id":159985,"url":"https:\/\/errr-magazine.com\/english\/la-lamentabilidad-de-las-cosas\/","url_meta":{"origin":187158,"position":2},"title":"La lamentabilidad de las cosas","author":"jyakkura","date":"06\/06\/2020","format":false,"excerpt":"Al parecer tengo problemas para concentrarme. Desde hace mucho tiempo sab\u00eda que era algo normal, pero, parece ser que cada vez me cuesta m\u00e1s y m\u00e1s. Ya no recuerdo cu\u00e1ndo fue la \u00faltima vez que tuve un solo pensamiento en la cabeza. Es dif\u00edcil. Justo ahora estoy escuchando una canci\u00f3n\u2026","rel":"","context":"In &quot;Textos&quot;","block_context":{"text":"Textos","link":"https:\/\/errr-magazine.com\/english\/category\/textos\/"},"img":{"alt_text":"","src":"","width":0,"height":0},"classes":[]},{"id":128909,"url":"https:\/\/errr-magazine.com\/english\/teoria-de-los-viajes-en-el-tiempo\/","url_meta":{"origin":187158,"position":3},"title":"Teor\u00eda de los Viajes en el Tiempo","author":"Aram Castillo","date":"01\/29\/2018","format":false,"excerpt":"Un d\u00eda est\u00e1s caminando por la calle pensando en lo que tienes que hacer, sin duda quedas sumergido en tus pensamientos in\u00fatiles, tratas de buscarle el sentido para no sentirte m\u00e1s triste y por un segundo piensas que nada vale la pena. Al d\u00eda siguiente no puedes dejar de pensar\u2026","rel":"","context":"In &quot;Textos&quot;","block_context":{"text":"Textos","link":"https:\/\/errr-magazine.com\/english\/category\/textos\/"},"img":{"alt_text":"","src":"","width":0,"height":0},"classes":[]},{"id":159256,"url":"https:\/\/errr-magazine.com\/english\/cancion-triste\/","url_meta":{"origin":187158,"position":4},"title":"Cancion Triste","author":"Emanuel Pablo Ernesto Vivas","date":"05\/20\/2020","format":false,"excerpt":"Nos conocimos en 2015 durante una tarde noche de Oto\u00f1o patagonica, la ciudad ol\u00eda a humo y nafta quemada, mis anteojos estaban sucios de modo que lo que pod\u00eda o no ver a mi alrededor era algo difuso, las luces, los autos, las personas que pasaban a mi lado mientras\u2026","rel":"","context":"In &quot;Textos&quot;","block_context":{"text":"Textos","link":"https:\/\/errr-magazine.com\/english\/category\/textos\/"},"img":{"alt_text":"","src":"","width":0,"height":0},"classes":[]},{"id":159340,"url":"https:\/\/errr-magazine.com\/english\/texto-triste-de-cuarentena\/","url_meta":{"origin":187158,"position":5},"title":"Texto triste de cuarentena","author":"Diana Monta\u00f1a","date":"05\/20\/2020","format":false,"excerpt":"A veces siento que sale tinta de mis dedos y se me desbordan las palabras. Tengo un mill\u00f3n de ideas revoloteando en mi mente y no logran tener orden ni coherencia. Pero no hay nada, esta vez no hay nada; creo que la \u00fanica forma en la que escribo es\u2026","rel":"","context":"In &quot;Textos&quot;","block_context":{"text":"Textos","link":"https:\/\/errr-magazine.com\/english\/category\/textos\/"},"img":{"alt_text":"","src":"","width":0,"height":0},"classes":[]}],"jetpack_sharing_enabled":true,"mfb_rest_fields":["title","yoast_head","yoast_head_json","jetpack_featured_media_url","jetpack-related-posts","jetpack_sharing_enabled"],"_links":{"self":[{"href":"https:\/\/errr-magazine.com\/english\/wp-json\/wp\/v2\/posts\/187158","targetHints":{"allow":["GET"]}}],"collection":[{"href":"https:\/\/errr-magazine.com\/english\/wp-json\/wp\/v2\/posts"}],"about":[{"href":"https:\/\/errr-magazine.com\/english\/wp-json\/wp\/v2\/types\/post"}],"author":[{"embeddable":true,"href":"https:\/\/errr-magazine.com\/english\/wp-json\/wp\/v2\/users\/7745"}],"replies":[{"embeddable":true,"href":"https:\/\/errr-magazine.com\/english\/wp-json\/wp\/v2\/comments?post=187158"}],"version-history":[{"count":5,"href":"https:\/\/errr-magazine.com\/english\/wp-json\/wp\/v2\/posts\/187158\/revisions"}],"predecessor-version":[{"id":188328,"href":"https:\/\/errr-magazine.com\/english\/wp-json\/wp\/v2\/posts\/187158\/revisions\/188328"}],"wp:featuredmedia":[{"embeddable":true,"href":"https:\/\/errr-magazine.com\/english\/wp-json\/wp\/v2\/media\/187157"}],"wp:attachment":[{"href":"https:\/\/errr-magazine.com\/english\/wp-json\/wp\/v2\/media?parent=187158"}],"wp:term":[{"taxonomy":"category","embeddable":true,"href":"https:\/\/errr-magazine.com\/english\/wp-json\/wp\/v2\/categories?post=187158"},{"taxonomy":"post_tag","embeddable":true,"href":"https:\/\/errr-magazine.com\/english\/wp-json\/wp\/v2\/tags?post=187158"}],"curies":[{"name":"wp","href":"https:\/\/api.w.org\/{rel}","templated":true}]}}