{"id":186886,"date":"2023-12-08T16:28:42","date_gmt":"2023-12-08T22:28:42","guid":{"rendered":"https:\/\/errr-magazine.com\/?p=186886"},"modified":"2025-08-15T10:55:50","modified_gmt":"2025-08-15T16:55:50","slug":"brincar-sobre-el-momento","status":"publish","type":"post","link":"https:\/\/errr-magazine.com\/english\/brincar-sobre-el-momento\/","title":{"rendered":"Brincar sobre el momento"},"content":{"rendered":"<p><strong>Tell us a little about yourself and how you got started in photography. What inspired you to start taking pictures?<\/strong><br>Empec\u00e9 a tomar fotos en 2016, mi primo y mentor, el gran fot\u00f3grafo Adolfo Doring, me regal\u00f3 mi primera c\u00e1mara (Nikon FM2) y me alent\u00f3 a desarrollar mi ojo est\u00e9tico. \u00c9l me tomaba fotos y me hablaba de fotograf\u00eda mientras me serv\u00eda t\u00e9 verde y chocolate con almendras en su departamento en Brooklyn. Adolfo falleci\u00f3 y para m\u00ed tomar fotos es seguir conviviendo con \u00e9l.<\/p>\n\n\n\n<p><strong>Everyone has a unique style, can you describe how you would define your style and what visual or conceptual elements characterize it?<\/strong><br>Es dif\u00edcil describir el estilo propio, creo que es casi imposible, como saber a qu\u00e9 huele uno. Trabajo sobre todo con pel\u00edcula en blanco y negro, y con lentes de 50 y 35 mm.<\/p>\n\n\n\n<figure class=\"wp-block-image size-large\"><img decoding=\"async\" width=\"681\" height=\"1024\" data-src=\"https:\/\/errr-magazine.com\/wp-content\/uploads\/2023\/12\/IMG_0005-681x1024.jpg\" alt=\"\" class=\"wp-image-186888 lazyload\" data-srcset=\"https:\/\/errr-magazine.com\/wp-content\/uploads\/2023\/12\/IMG_0005-681x1024.jpg 681w, https:\/\/errr-magazine.com\/wp-content\/uploads\/2023\/12\/IMG_0005-199x300.jpg 199w, https:\/\/errr-magazine.com\/wp-content\/uploads\/2023\/12\/IMG_0005-768x1156.jpg 768w, https:\/\/errr-magazine.com\/wp-content\/uploads\/2023\/12\/IMG_0005-1021x1536.jpg 1021w, https:\/\/errr-magazine.com\/wp-content\/uploads\/2023\/12\/IMG_0005.jpg 1276w\" data-sizes=\"(max-width: 681px) 100vw, 681px\" src=\"data:image\/svg+xml;base64,PHN2ZyB3aWR0aD0iMSIgaGVpZ2h0PSIxIiB4bWxucz0iaHR0cDovL3d3dy53My5vcmcvMjAwMC9zdmciPjwvc3ZnPg==\" style=\"--smush-placeholder-width: 681px; --smush-placeholder-aspect-ratio: 681\/1024;\" \/><\/figure>\n\n\n\n<p><strong>Photography has the power to tell stories and convey emotions. Can you share an experience where one of your photographs has had a significant impact on people or yourself?<\/strong><br>Todo mi camino con la fotograf\u00eda ha sido significativo, ha sido una manera para m\u00ed de salirme de m\u00ed misma y de interactuar con la belleza del mundo.<\/p>\n\n\n\n<p><strong>What has been your most challenging photography project to date and why?<\/strong><br>Armar mi primera exposici\u00f3n de foto, con la Galeria En Blanco en Cabo (Oct 2023) pensar en y construir el concepto y que hubiera una unidad en la obra. Los panaderos de Santa Maria la Ribera y yo nos despertamos de madrugada para hacer nuestra labor creativa.<\/p>\n\n\n\n<p><strong>Technology and photo editing tools are constantly evolving, can you tell us about the techniques and equipment you consider essential to your work?<\/strong><br>Soy muy an\u00e1loga y nada t\u00e9cnica. Tengo ciertos par\u00e1metros dentro de los cuales creo pero mi t\u00e9cnica es la intuici\u00f3n y la sensibilidad a la luz.<\/p>\n\n\n\n<figure class=\"wp-block-image size-large\"><img decoding=\"async\" width=\"1024\" height=\"678\" data-src=\"https:\/\/errr-magazine.com\/wp-content\/uploads\/2023\/12\/IMG_7673-1024x678.jpg\" alt=\"\" class=\"wp-image-186889 lazyload\" data-srcset=\"https:\/\/errr-magazine.com\/wp-content\/uploads\/2023\/12\/IMG_7673-1024x678.jpg 1024w, https:\/\/errr-magazine.com\/wp-content\/uploads\/2023\/12\/IMG_7673-300x199.jpg 300w, https:\/\/errr-magazine.com\/wp-content\/uploads\/2023\/12\/IMG_7673-768x509.jpg 768w, https:\/\/errr-magazine.com\/wp-content\/uploads\/2023\/12\/IMG_7673-1536x1018.jpg 1536w, https:\/\/errr-magazine.com\/wp-content\/uploads\/2023\/12\/IMG_7673.jpg 1920w\" data-sizes=\"(max-width: 1024px) 100vw, 1024px\" src=\"data:image\/svg+xml;base64,PHN2ZyB3aWR0aD0iMSIgaGVpZ2h0PSIxIiB4bWxucz0iaHR0cDovL3d3dy53My5vcmcvMjAwMC9zdmciPjwvc3ZnPg==\" style=\"--smush-placeholder-width: 1024px; --smush-placeholder-aspect-ratio: 1024\/678;\" \/><\/figure>\n\n\n\n<p><strong>There are many genres in photography, from portraits to nature photography. Do you have a favorite genre that you are most comfortable with or enjoy shooting? Why?<\/strong><br>Me encanta hacer street photography, caminar la cuerda floja de qu\u00e9 tanto te acercas al sujeto o no, brincar sobre el momento para no perderlo, etc. Tambi\u00e9n los retratos.<\/p>\n\n\n\n<p><strong>Can you share an interesting or unusual anecdote you experienced while taking photographs?<\/strong><br>Un homeless en Paris pens\u00f3 que le estaba tomando una foto a \u00e9l y me atac\u00f3!<\/p>\n\n\n\n<p><strong>Many photographers find inspiration in other visual artists or in everyday life. What are some of your sources of inspiration?<\/strong><br>Adolfo Doring, Larry Towell, Saul Leiter, Graciela Iturbide.<\/p>\n\n\n\n<figure class=\"wp-block-image size-large\"><img decoding=\"async\" width=\"669\" height=\"1024\" data-src=\"https:\/\/errr-magazine.com\/wp-content\/uploads\/2023\/12\/IMG_5207-669x1024.jpg\" alt=\"\" class=\"wp-image-186890 lazyload\" data-srcset=\"https:\/\/errr-magazine.com\/wp-content\/uploads\/2023\/12\/IMG_5207-669x1024.jpg 669w, https:\/\/errr-magazine.com\/wp-content\/uploads\/2023\/12\/IMG_5207-196x300.jpg 196w, https:\/\/errr-magazine.com\/wp-content\/uploads\/2023\/12\/IMG_5207.jpg 694w\" data-sizes=\"(max-width: 669px) 100vw, 669px\" src=\"data:image\/svg+xml;base64,PHN2ZyB3aWR0aD0iMSIgaGVpZ2h0PSIxIiB4bWxucz0iaHR0cDovL3d3dy53My5vcmcvMjAwMC9zdmciPjwvc3ZnPg==\" style=\"--smush-placeholder-width: 669px; --smush-placeholder-aspect-ratio: 669\/1024;\" \/><\/figure>\n\n\n\n<p><strong>Photography is a visual medium, but it often has a conceptual background as well. Have you worked on photographic projects that address specific themes or concepts? Can you share information about one of those projects?<\/strong><br>Justamente para mi exposici\u00f3n &#8220;Primeras Impresiones&#8221; me enfoqu\u00e9 en lo que fueron mis primeras impresiones del barrio de Santa Maria la Ribera. Trat\u00e9 que capturar la esencia del lugar y mi lugar en \u00e9l. Fuera de eso he visto que tengo elementos recurrentes en mi obra: la gente de espaldas, la gente comiendo helado, la infancia, y un par m\u00e1s. Son temas que han salido por s\u00ed solos. Con la fotograf\u00eda me interesa no controlar de m\u00e1s.<\/p>\n\n\n\n<p><strong>What inspires you when creating new images? Do you have any rituals or creative processes that you follow to find inspiration?<\/strong><br>Me encanta despertarme temprano a tomar fotos. Me inspira la luz y c\u00f3mo va cambiando a lo largo del d\u00eda y a lo largo del a\u00f1o. Me gusta volver a mirar la obra de mis fot\u00f3grafos favoritos y tratar de emularlos. Nada es original en la vida excepto cada uno de nosotros, entonces incluso cuando robas, si robas honestamente, se vuelve propio.<\/p>\n\n\n\n<figure class=\"wp-block-image size-full\"><img decoding=\"async\" width=\"666\" height=\"836\" data-src=\"https:\/\/errr-magazine.com\/wp-content\/uploads\/2023\/12\/dd.jpg\" alt=\"\" class=\"wp-image-186891 lazyload\" data-srcset=\"https:\/\/errr-magazine.com\/wp-content\/uploads\/2023\/12\/dd.jpg 666w, https:\/\/errr-magazine.com\/wp-content\/uploads\/2023\/12\/dd-239x300.jpg 239w\" data-sizes=\"(max-width: 666px) 100vw, 666px\" src=\"data:image\/svg+xml;base64,PHN2ZyB3aWR0aD0iMSIgaGVpZ2h0PSIxIiB4bWxucz0iaHR0cDovL3d3dy53My5vcmcvMjAwMC9zdmciPjwvc3ZnPg==\" style=\"--smush-placeholder-width: 666px; --smush-placeholder-aspect-ratio: 666\/836;\" \/><\/figure>\n\n\n\n<p><strong>For aspiring photographers who may be reading this interview, what is the most valuable piece of advice you have received in your career or would like to share with them?<\/strong><br>Si el inter\u00e9s no es el color mismo, mejor toma en blanco y negro. La foto te tiene que ya sea deslumbrar por su belleza est\u00e9tica, o contar una historia, o hablar de un contexto.<\/p>\n\n\n\n<p><strong>Recommend us the Instagram account of an artist whose work you like.<\/strong><br><a href=\"https:\/\/www.instagram.com\/paolo_abate\/\">@paolo_abate<\/a><\/p>","protected":false},"excerpt":{"rendered":"<p>Tengo ciertos par\u00e1metros dentro de los cuales creo pero mi t\u00e9cnica es la intuici\u00f3n y la sensibilidad a la luz.<\/p>","protected":false},"author":7730,"featured_media":186887,"comment_status":"closed","ping_status":"closed","sticky":false,"template":"","format":"standard","meta":{"_acf_changed":false,"cybocfi_hide_featured_image":"","_jetpack_memberships_contains_paid_content":false,"footnotes":""},"categories":[17849],"tags":[],"class_list":["post-186886","post","type-post","status-publish","format-standard","has-post-thumbnail","hentry","category-interviews"],"acf":[],"mb":[],"yoast_head":"<!-- This site is optimized with the Yoast SEO plugin v27.2 - https:\/\/yoast.com\/product\/yoast-seo-wordpress\/ -->\n<title>Brincar sobre el momento - ERRR MAGAZINE<\/title>\n<meta name=\"robots\" content=\"index, follow, max-snippet:-1, max-image-preview:large, max-video-preview:-1\" \/>\n<link rel=\"canonical\" href=\"https:\/\/errr-magazine.com\/english\/brincar-sobre-el-momento\/\" \/>\n<meta property=\"og:locale\" content=\"en_US\" \/>\n<meta property=\"og:type\" content=\"article\" \/>\n<meta property=\"og:title\" content=\"Brincar sobre el momento - ERRR MAGAZINE\" \/>\n<meta property=\"og:description\" content=\"Tengo ciertos par\u00e1metros dentro de los cuales creo pero mi t\u00e9cnica es la intuici\u00f3n y la sensibilidad a la luz.\" \/>\n<meta property=\"og:url\" content=\"https:\/\/errr-magazine.com\/english\/brincar-sobre-el-momento\/\" \/>\n<meta property=\"og:site_name\" content=\"ERRR MAGAZINE\" \/>\n<meta property=\"article:published_time\" content=\"2023-12-08T22:28:42+00:00\" \/>\n<meta property=\"article:modified_time\" content=\"2025-08-15T16:55:50+00:00\" \/>\n<meta property=\"og:image\" content=\"https:\/\/errr-magazine.com\/wp-content\/uploads\/2023\/12\/IMG_5206.jpg\" \/>\n\t<meta property=\"og:image:width\" content=\"694\" \/>\n\t<meta property=\"og:image:height\" content=\"1063\" \/>\n\t<meta property=\"og:image:type\" content=\"image\/jpeg\" \/>\n<meta name=\"author\" content=\"Naian Gonz\u00e1lez Norvind\" \/>\n<meta name=\"twitter:card\" content=\"summary_large_image\" \/>\n<meta name=\"twitter:label1\" content=\"Written by\" \/>\n\t<meta name=\"twitter:data1\" content=\"Naian Gonz\u00e1lez Norvind\" \/>\n\t<meta name=\"twitter:label2\" content=\"Est. reading time\" \/>\n\t<meta name=\"twitter:data2\" content=\"5 minutes\" \/>\n<script type=\"application\/ld+json\" class=\"yoast-schema-graph\">{\"@context\":\"https:\/\/schema.org\",\"@graph\":[{\"@type\":\"Article\",\"@id\":\"https:\/\/errr-magazine.com\/brincar-sobre-el-momento\/#article\",\"isPartOf\":{\"@id\":\"https:\/\/errr-magazine.com\/brincar-sobre-el-momento\/\"},\"author\":{\"name\":\"Naian Gonz\u00e1lez Norvind\",\"@id\":\"https:\/\/errr-magazine.com\/#\/schema\/person\/46a603cf381b1117f02f9ae2fdb8e00e\"},\"headline\":\"Brincar sobre el momento\",\"datePublished\":\"2023-12-08T22:28:42+00:00\",\"dateModified\":\"2025-08-15T16:55:50+00:00\",\"mainEntityOfPage\":{\"@id\":\"https:\/\/errr-magazine.com\/brincar-sobre-el-momento\/\"},\"wordCount\":772,\"image\":{\"@id\":\"https:\/\/errr-magazine.com\/brincar-sobre-el-momento\/#primaryimage\"},\"thumbnailUrl\":\"https:\/\/errr-magazine.com\/wp-content\/uploads\/2023\/12\/IMG_5206.jpg\",\"articleSection\":[\"Interview\"],\"inLanguage\":\"en-US\"},{\"@type\":\"WebPage\",\"@id\":\"https:\/\/errr-magazine.com\/brincar-sobre-el-momento\/\",\"url\":\"https:\/\/errr-magazine.com\/brincar-sobre-el-momento\/\",\"name\":\"Brincar sobre el momento - ERRR MAGAZINE\",\"isPartOf\":{\"@id\":\"https:\/\/errr-magazine.com\/#website\"},\"primaryImageOfPage\":{\"@id\":\"https:\/\/errr-magazine.com\/brincar-sobre-el-momento\/#primaryimage\"},\"image\":{\"@id\":\"https:\/\/errr-magazine.com\/brincar-sobre-el-momento\/#primaryimage\"},\"thumbnailUrl\":\"https:\/\/errr-magazine.com\/wp-content\/uploads\/2023\/12\/IMG_5206.jpg\",\"datePublished\":\"2023-12-08T22:28:42+00:00\",\"dateModified\":\"2025-08-15T16:55:50+00:00\",\"author\":{\"@id\":\"https:\/\/errr-magazine.com\/#\/schema\/person\/46a603cf381b1117f02f9ae2fdb8e00e\"},\"breadcrumb\":{\"@id\":\"https:\/\/errr-magazine.com\/brincar-sobre-el-momento\/#breadcrumb\"},\"inLanguage\":\"en-US\",\"potentialAction\":[{\"@type\":\"ReadAction\",\"target\":[\"https:\/\/errr-magazine.com\/brincar-sobre-el-momento\/\"]}]},{\"@type\":\"ImageObject\",\"inLanguage\":\"en-US\",\"@id\":\"https:\/\/errr-magazine.com\/brincar-sobre-el-momento\/#primaryimage\",\"url\":\"https:\/\/errr-magazine.com\/wp-content\/uploads\/2023\/12\/IMG_5206.jpg\",\"contentUrl\":\"https:\/\/errr-magazine.com\/wp-content\/uploads\/2023\/12\/IMG_5206.jpg\",\"width\":694,\"height\":1063,\"caption\":\"Fotograf\u00edas por Naian Gonz\u00e1lez Norvind\"},{\"@type\":\"BreadcrumbList\",\"@id\":\"https:\/\/errr-magazine.com\/brincar-sobre-el-momento\/#breadcrumb\",\"itemListElement\":[{\"@type\":\"ListItem\",\"position\":1,\"name\":\"Portada\",\"item\":\"https:\/\/errr-magazine.com\/\"},{\"@type\":\"ListItem\",\"position\":2,\"name\":\"Brincar sobre el momento\"}]},{\"@type\":\"WebSite\",\"@id\":\"https:\/\/errr-magazine.com\/#website\",\"url\":\"https:\/\/errr-magazine.com\/\",\"name\":\"ERRR MAGAZINE\",\"description\":\"\",\"potentialAction\":[{\"@type\":\"SearchAction\",\"target\":{\"@type\":\"EntryPoint\",\"urlTemplate\":\"https:\/\/errr-magazine.com\/?s={search_term_string}\"},\"query-input\":{\"@type\":\"PropertyValueSpecification\",\"valueRequired\":true,\"valueName\":\"search_term_string\"}}],\"inLanguage\":\"en-US\"},{\"@type\":\"Person\",\"@id\":\"https:\/\/errr-magazine.com\/#\/schema\/person\/46a603cf381b1117f02f9ae2fdb8e00e\",\"name\":\"Naian Gonz\u00e1lez Norvind\",\"image\":{\"@type\":\"ImageObject\",\"inLanguage\":\"en-US\",\"@id\":\"https:\/\/secure.gravatar.com\/avatar\/3724a3a5c38eb907572c33d98b87d40196e0d0a271abb7754a7853f3aa546bda?s=96&d=identicon&r=g\",\"url\":\"https:\/\/secure.gravatar.com\/avatar\/3724a3a5c38eb907572c33d98b87d40196e0d0a271abb7754a7853f3aa546bda?s=96&d=identicon&r=g\",\"contentUrl\":\"https:\/\/secure.gravatar.com\/avatar\/3724a3a5c38eb907572c33d98b87d40196e0d0a271abb7754a7853f3aa546bda?s=96&d=identicon&r=g\",\"caption\":\"Naian Gonz\u00e1lez Norvind\"},\"description\":\"Naian Gonz\u00e1lez Norvind es una multi-premiada actriz de cine\/teatro\/televisi\u00f3n as\u00ed como escritora\/guionista. Ahora su fotograf\u00eda, durante a\u00f1os personal, est\u00e1 abri\u00e9ndose a los ojos del mundo.\",\"sameAs\":[\"https:\/\/www.instagram.com\/naianaianaian\"],\"url\":\"https:\/\/errr-magazine.com\/english\/author\/naian_ia\/\"}]}<\/script>\n<!-- \/ Yoast SEO plugin. -->","yoast_head_json":{"title":"Brincar sobre el momento - ERRR MAGAZINE","robots":{"index":"index","follow":"follow","max-snippet":"max-snippet:-1","max-image-preview":"max-image-preview:large","max-video-preview":"max-video-preview:-1"},"canonical":"https:\/\/errr-magazine.com\/english\/brincar-sobre-el-momento\/","og_locale":"en_US","og_type":"article","og_title":"Brincar sobre el momento - ERRR MAGAZINE","og_description":"Tengo ciertos par\u00e1metros dentro de los cuales creo pero mi t\u00e9cnica es la intuici\u00f3n y la sensibilidad a la luz.","og_url":"https:\/\/errr-magazine.com\/english\/brincar-sobre-el-momento\/","og_site_name":"ERRR MAGAZINE","article_published_time":"2023-12-08T22:28:42+00:00","article_modified_time":"2025-08-15T16:55:50+00:00","og_image":[{"width":694,"height":1063,"url":"https:\/\/errr-magazine.com\/wp-content\/uploads\/2023\/12\/IMG_5206.jpg","type":"image\/jpeg"}],"author":"Naian Gonz\u00e1lez Norvind","twitter_card":"summary_large_image","twitter_misc":{"Written by":"Naian Gonz\u00e1lez Norvind","Est. reading time":"5 minutes"},"schema":{"@context":"https:\/\/schema.org","@graph":[{"@type":"Article","@id":"https:\/\/errr-magazine.com\/brincar-sobre-el-momento\/#article","isPartOf":{"@id":"https:\/\/errr-magazine.com\/brincar-sobre-el-momento\/"},"author":{"name":"Naian Gonz\u00e1lez Norvind","@id":"https:\/\/errr-magazine.com\/#\/schema\/person\/46a603cf381b1117f02f9ae2fdb8e00e"},"headline":"Brincar sobre el momento","datePublished":"2023-12-08T22:28:42+00:00","dateModified":"2025-08-15T16:55:50+00:00","mainEntityOfPage":{"@id":"https:\/\/errr-magazine.com\/brincar-sobre-el-momento\/"},"wordCount":772,"image":{"@id":"https:\/\/errr-magazine.com\/brincar-sobre-el-momento\/#primaryimage"},"thumbnailUrl":"https:\/\/errr-magazine.com\/wp-content\/uploads\/2023\/12\/IMG_5206.jpg","articleSection":["Interview"],"inLanguage":"en-US"},{"@type":"WebPage","@id":"https:\/\/errr-magazine.com\/brincar-sobre-el-momento\/","url":"https:\/\/errr-magazine.com\/brincar-sobre-el-momento\/","name":"Brincar sobre el momento - ERRR MAGAZINE","isPartOf":{"@id":"https:\/\/errr-magazine.com\/#website"},"primaryImageOfPage":{"@id":"https:\/\/errr-magazine.com\/brincar-sobre-el-momento\/#primaryimage"},"image":{"@id":"https:\/\/errr-magazine.com\/brincar-sobre-el-momento\/#primaryimage"},"thumbnailUrl":"https:\/\/errr-magazine.com\/wp-content\/uploads\/2023\/12\/IMG_5206.jpg","datePublished":"2023-12-08T22:28:42+00:00","dateModified":"2025-08-15T16:55:50+00:00","author":{"@id":"https:\/\/errr-magazine.com\/#\/schema\/person\/46a603cf381b1117f02f9ae2fdb8e00e"},"breadcrumb":{"@id":"https:\/\/errr-magazine.com\/brincar-sobre-el-momento\/#breadcrumb"},"inLanguage":"en-US","potentialAction":[{"@type":"ReadAction","target":["https:\/\/errr-magazine.com\/brincar-sobre-el-momento\/"]}]},{"@type":"ImageObject","inLanguage":"en-US","@id":"https:\/\/errr-magazine.com\/brincar-sobre-el-momento\/#primaryimage","url":"https:\/\/errr-magazine.com\/wp-content\/uploads\/2023\/12\/IMG_5206.jpg","contentUrl":"https:\/\/errr-magazine.com\/wp-content\/uploads\/2023\/12\/IMG_5206.jpg","width":694,"height":1063,"caption":"Fotograf\u00edas por Naian Gonz\u00e1lez Norvind"},{"@type":"BreadcrumbList","@id":"https:\/\/errr-magazine.com\/brincar-sobre-el-momento\/#breadcrumb","itemListElement":[{"@type":"ListItem","position":1,"name":"Portada","item":"https:\/\/errr-magazine.com\/"},{"@type":"ListItem","position":2,"name":"Brincar sobre el momento"}]},{"@type":"WebSite","@id":"https:\/\/errr-magazine.com\/#website","url":"https:\/\/errr-magazine.com\/","name":"ERRR MAGAZINE","description":"","potentialAction":[{"@type":"SearchAction","target":{"@type":"EntryPoint","urlTemplate":"https:\/\/errr-magazine.com\/?s={search_term_string}"},"query-input":{"@type":"PropertyValueSpecification","valueRequired":true,"valueName":"search_term_string"}}],"inLanguage":"en-US"},{"@type":"Person","@id":"https:\/\/errr-magazine.com\/#\/schema\/person\/46a603cf381b1117f02f9ae2fdb8e00e","name":"Naian Gonz\u00e1lez Norvind","image":{"@type":"ImageObject","inLanguage":"en-US","@id":"https:\/\/secure.gravatar.com\/avatar\/3724a3a5c38eb907572c33d98b87d40196e0d0a271abb7754a7853f3aa546bda?s=96&d=identicon&r=g","url":"https:\/\/secure.gravatar.com\/avatar\/3724a3a5c38eb907572c33d98b87d40196e0d0a271abb7754a7853f3aa546bda?s=96&d=identicon&r=g","contentUrl":"https:\/\/secure.gravatar.com\/avatar\/3724a3a5c38eb907572c33d98b87d40196e0d0a271abb7754a7853f3aa546bda?s=96&d=identicon&r=g","caption":"Naian Gonz\u00e1lez Norvind"},"description":"Naian Gonz\u00e1lez Norvind es una multi-premiada actriz de cine\/teatro\/televisi\u00f3n as\u00ed como escritora\/guionista. Ahora su fotograf\u00eda, durante a\u00f1os personal, est\u00e1 abri\u00e9ndose a los ojos del mundo.","sameAs":["https:\/\/www.instagram.com\/naianaianaian"],"url":"https:\/\/errr-magazine.com\/english\/author\/naian_ia\/"}]}},"jetpack_featured_media_url":"https:\/\/errr-magazine.com\/wp-content\/uploads\/2023\/12\/IMG_5206.jpg","jetpack-related-posts":[{"id":186917,"url":"https:\/\/errr-magazine.com\/english\/algun-tipo-de-secuencia\/","url_meta":{"origin":186886,"position":0},"title":"Alg\u00fan tipo de secuencia","author":"Jorge Guadarrama L\u00f3pez","date":"12\/10\/2023","format":false,"excerpt":"Paul Banks, vocalista de Interpol, hace unas fotos de arquitectura muy buenas, suelo tomar inspiraci\u00f3n de \u00e9l algunas veces. Santiago Arau, alg\u00fan d\u00eda me gustar\u00eda hacer fotos al estilo de Gunner Stahl o como los Neuderts.","rel":"","context":"In &quot;Interview&quot;","block_context":{"text":"Interview","link":"https:\/\/errr-magazine.com\/english\/category\/interviews\/"},"img":{"alt_text":"","src":"https:\/\/i0.wp.com\/errr-magazine.com\/wp-content\/uploads\/2023\/12\/Foto-20-1.jpg?resize=350%2C200&ssl=1","width":350,"height":200,"srcset":"https:\/\/i0.wp.com\/errr-magazine.com\/wp-content\/uploads\/2023\/12\/Foto-20-1.jpg?resize=350%2C200&ssl=1 1x, https:\/\/i0.wp.com\/errr-magazine.com\/wp-content\/uploads\/2023\/12\/Foto-20-1.jpg?resize=525%2C300&ssl=1 1.5x, https:\/\/i0.wp.com\/errr-magazine.com\/wp-content\/uploads\/2023\/12\/Foto-20-1.jpg?resize=700%2C400&ssl=1 2x, https:\/\/i0.wp.com\/errr-magazine.com\/wp-content\/uploads\/2023\/12\/Foto-20-1.jpg?resize=1050%2C600&ssl=1 3x, https:\/\/i0.wp.com\/errr-magazine.com\/wp-content\/uploads\/2023\/12\/Foto-20-1.jpg?resize=1400%2C800&ssl=1 4x"},"classes":[]},{"id":186268,"url":"https:\/\/errr-magazine.com\/english\/carreteras-y-momentos-no-planeados\/","url_meta":{"origin":186886,"position":1},"title":"Carreteras y momentos no planeados","author":"Priscilla Orfanos","date":"10\/29\/2023","format":false,"excerpt":"Un amigo fot\u00f3grafo una vez me dijo, lo padre de la fotograf\u00eda anal\u00f3ga es que no hay errores. T\u00fa creas tu propia visi\u00f3n y es v\u00e1lida. Eso me ayud\u00f3 mucho a tomar fotos sin miedo e ir aprendiendo que el proceso creativo de cada quien es muy diferente.","rel":"","context":"In &quot;Interview&quot;","block_context":{"text":"Interview","link":"https:\/\/errr-magazine.com\/english\/category\/interviews\/"},"img":{"alt_text":"","src":"https:\/\/i0.wp.com\/errr-magazine.com\/wp-content\/uploads\/2023\/10\/Captura-de-pantalla-2023-10-30-a-las-07.34.09.jpg?resize=350%2C200&ssl=1","width":350,"height":200,"srcset":"https:\/\/i0.wp.com\/errr-magazine.com\/wp-content\/uploads\/2023\/10\/Captura-de-pantalla-2023-10-30-a-las-07.34.09.jpg?resize=350%2C200&ssl=1 1x, https:\/\/i0.wp.com\/errr-magazine.com\/wp-content\/uploads\/2023\/10\/Captura-de-pantalla-2023-10-30-a-las-07.34.09.jpg?resize=525%2C300&ssl=1 1.5x, https:\/\/i0.wp.com\/errr-magazine.com\/wp-content\/uploads\/2023\/10\/Captura-de-pantalla-2023-10-30-a-las-07.34.09.jpg?resize=700%2C400&ssl=1 2x"},"classes":[]},{"id":186937,"url":"https:\/\/errr-magazine.com\/english\/quietud-hasta-en-los-lugares-mas-habitados\/","url_meta":{"origin":186886,"position":2},"title":"Quietud hasta en los lugares m\u00e1s habitados","author":"Marina Figueroa","date":"12\/10\/2023","format":false,"excerpt":"Alec Soth dio un consejo muy bueno en una entrevista: probar todos los caminos posibles al aprender foto.","rel":"","context":"In &quot;Interview&quot;","block_context":{"text":"Interview","link":"https:\/\/errr-magazine.com\/english\/category\/interviews\/"},"img":{"alt_text":"","src":"https:\/\/i0.wp.com\/errr-magazine.com\/wp-content\/uploads\/2023\/12\/Flores.jpg?resize=350%2C200&ssl=1","width":350,"height":200,"srcset":"https:\/\/i0.wp.com\/errr-magazine.com\/wp-content\/uploads\/2023\/12\/Flores.jpg?resize=350%2C200&ssl=1 1x, https:\/\/i0.wp.com\/errr-magazine.com\/wp-content\/uploads\/2023\/12\/Flores.jpg?resize=525%2C300&ssl=1 1.5x, https:\/\/i0.wp.com\/errr-magazine.com\/wp-content\/uploads\/2023\/12\/Flores.jpg?resize=700%2C400&ssl=1 2x, https:\/\/i0.wp.com\/errr-magazine.com\/wp-content\/uploads\/2023\/12\/Flores.jpg?resize=1050%2C600&ssl=1 3x"},"classes":[]},{"id":186727,"url":"https:\/\/errr-magazine.com\/english\/leyendas\/","url_meta":{"origin":186886,"position":3},"title":"Leyendas","author":"Ale Cen","date":"12\/02\/2023","format":false,"excerpt":"Me gusta mucho el cine de Xavier Dolan, Wong Kar-wai y Yorgos Lanthinos. Su forma de contar historias, el color que usan y la direcci\u00f3n que hacen son mi mayor fuente de inspiraci\u00f3n.","rel":"","context":"In &quot;Interview&quot;","block_context":{"text":"Interview","link":"https:\/\/errr-magazine.com\/english\/category\/interviews\/"},"img":{"alt_text":"","src":"https:\/\/i0.wp.com\/errr-magazine.com\/wp-content\/uploads\/2023\/12\/R1-01926-036A.jpg?resize=350%2C200&ssl=1","width":350,"height":200,"srcset":"https:\/\/i0.wp.com\/errr-magazine.com\/wp-content\/uploads\/2023\/12\/R1-01926-036A.jpg?resize=350%2C200&ssl=1 1x, https:\/\/i0.wp.com\/errr-magazine.com\/wp-content\/uploads\/2023\/12\/R1-01926-036A.jpg?resize=525%2C300&ssl=1 1.5x, https:\/\/i0.wp.com\/errr-magazine.com\/wp-content\/uploads\/2023\/12\/R1-01926-036A.jpg?resize=700%2C400&ssl=1 2x"},"classes":[]},{"id":186864,"url":"https:\/\/errr-magazine.com\/english\/sigue-al-ojo\/","url_meta":{"origin":186886,"position":4},"title":"Sigue al ojo","author":"Ist\u00e1n Guzm\u00e1n","date":"12\/08\/2023","format":false,"excerpt":"Por cada foto incre\u00edble que ves en el feed de alguien, seguro hubieron cincuenta muy malas fotos. Cree en ti, si t\u00fa no lo haces, nadie lo va a hacer.","rel":"","context":"In &quot;Interview&quot;","block_context":{"text":"Interview","link":"https:\/\/errr-magazine.com\/english\/category\/interviews\/"},"img":{"alt_text":"","src":"https:\/\/i0.wp.com\/errr-magazine.com\/wp-content\/uploads\/2023\/12\/2.jpg?resize=350%2C200&ssl=1","width":350,"height":200,"srcset":"https:\/\/i0.wp.com\/errr-magazine.com\/wp-content\/uploads\/2023\/12\/2.jpg?resize=350%2C200&ssl=1 1x, https:\/\/i0.wp.com\/errr-magazine.com\/wp-content\/uploads\/2023\/12\/2.jpg?resize=525%2C300&ssl=1 1.5x"},"classes":[]},{"id":187263,"url":"https:\/\/errr-magazine.com\/english\/todo-es-efimero\/","url_meta":{"origin":186886,"position":5},"title":"Todo es ef\u00edmero","author":"Ritta Trejo","date":"02\/03\/2024","format":false,"excerpt":"Mi trabajo explora el pasado, la nostalgia y mi percepci\u00f3n del espacio y el tiempo.","rel":"","context":"In &quot;Interview&quot;","block_context":{"text":"Interview","link":"https:\/\/errr-magazine.com\/english\/category\/interviews\/"},"img":{"alt_text":"","src":"https:\/\/i0.wp.com\/errr-magazine.com\/wp-content\/uploads\/2024\/02\/07-ritta-trejo-film-photography-blackandwhite-pinhole-selfportrait.jpg?resize=350%2C200&ssl=1","width":350,"height":200,"srcset":"https:\/\/i0.wp.com\/errr-magazine.com\/wp-content\/uploads\/2024\/02\/07-ritta-trejo-film-photography-blackandwhite-pinhole-selfportrait.jpg?resize=350%2C200&ssl=1 1x, https:\/\/i0.wp.com\/errr-magazine.com\/wp-content\/uploads\/2024\/02\/07-ritta-trejo-film-photography-blackandwhite-pinhole-selfportrait.jpg?resize=525%2C300&ssl=1 1.5x, https:\/\/i0.wp.com\/errr-magazine.com\/wp-content\/uploads\/2024\/02\/07-ritta-trejo-film-photography-blackandwhite-pinhole-selfportrait.jpg?resize=700%2C400&ssl=1 2x, https:\/\/i0.wp.com\/errr-magazine.com\/wp-content\/uploads\/2024\/02\/07-ritta-trejo-film-photography-blackandwhite-pinhole-selfportrait.jpg?resize=1050%2C600&ssl=1 3x, https:\/\/i0.wp.com\/errr-magazine.com\/wp-content\/uploads\/2024\/02\/07-ritta-trejo-film-photography-blackandwhite-pinhole-selfportrait.jpg?resize=1400%2C800&ssl=1 4x"},"classes":[]}],"jetpack_sharing_enabled":true,"mfb_rest_fields":["title","yoast_head","yoast_head_json","jetpack_featured_media_url","jetpack-related-posts","jetpack_sharing_enabled"],"_links":{"self":[{"href":"https:\/\/errr-magazine.com\/english\/wp-json\/wp\/v2\/posts\/186886","targetHints":{"allow":["GET"]}}],"collection":[{"href":"https:\/\/errr-magazine.com\/english\/wp-json\/wp\/v2\/posts"}],"about":[{"href":"https:\/\/errr-magazine.com\/english\/wp-json\/wp\/v2\/types\/post"}],"author":[{"embeddable":true,"href":"https:\/\/errr-magazine.com\/english\/wp-json\/wp\/v2\/users\/7730"}],"replies":[{"embeddable":true,"href":"https:\/\/errr-magazine.com\/english\/wp-json\/wp\/v2\/comments?post=186886"}],"version-history":[{"count":2,"href":"https:\/\/errr-magazine.com\/english\/wp-json\/wp\/v2\/posts\/186886\/revisions"}],"predecessor-version":[{"id":186893,"href":"https:\/\/errr-magazine.com\/english\/wp-json\/wp\/v2\/posts\/186886\/revisions\/186893"}],"wp:featuredmedia":[{"embeddable":true,"href":"https:\/\/errr-magazine.com\/english\/wp-json\/wp\/v2\/media\/186887"}],"wp:attachment":[{"href":"https:\/\/errr-magazine.com\/english\/wp-json\/wp\/v2\/media?parent=186886"}],"wp:term":[{"taxonomy":"category","embeddable":true,"href":"https:\/\/errr-magazine.com\/english\/wp-json\/wp\/v2\/categories?post=186886"},{"taxonomy":"post_tag","embeddable":true,"href":"https:\/\/errr-magazine.com\/english\/wp-json\/wp\/v2\/tags?post=186886"}],"curies":[{"name":"wp","href":"https:\/\/api.w.org\/{rel}","templated":true}]}}