{"id":186876,"date":"2023-12-08T15:55:03","date_gmt":"2023-12-08T21:55:03","guid":{"rendered":"https:\/\/errr-magazine.com\/?p=186876"},"modified":"2025-08-15T10:55:50","modified_gmt":"2025-08-15T16:55:50","slug":"el-recuerdo-borroso","status":"publish","type":"post","link":"https:\/\/errr-magazine.com\/english\/el-recuerdo-borroso\/","title":{"rendered":"El recuerdo borroso"},"content":{"rendered":"<p><strong>Tell us a little about yourself and how you got started in photography. What inspired you to start taking pictures?<\/strong><br>Me dicen Ron, tengo 25 a\u00f1os y soy de Guadalajara. Comenc\u00e9 a tomar fotos a los 14 a\u00f1os, cuando entr\u00e9 por error a un taller de revelado pensando que era de fotograf\u00eda digital. El proceso de hacer las fotograf\u00edas y solo tener la imagen vagamente en tu memoria hasta el momento de tener la hoja de contacto, cuando el recuerdo borroso pasa a ser algo tangible, fue lo que me inspir\u00f3 a seguir haciendo fotos hasta el d\u00eda de hoy.<\/p>\n\n\n\n<p><strong>Everyone has a unique style, can you describe how you would define your style and what visual or conceptual elements characterize it?<\/strong><br>Me gusta observar y plasmar lo que veo, lo que conozco, lo cercano, lo que me interpela. Me gusta pensar que mi estilo no es distinguible pero tampoco pretendo que lo sea, me gustar\u00eda que la gente vea mis fotograf\u00edas y parezca un recuerdo, algo que ya han visto antes, algo cotidiano. Me gustan los errores y las fotos imperfectas.<\/p>\n\n\n\n<figure class=\"wp-block-image size-large\"><img decoding=\"async\" width=\"1024\" height=\"687\" data-src=\"https:\/\/errr-magazine.com\/wp-content\/uploads\/2023\/12\/27-1024x687.jpeg\" alt=\"\" class=\"wp-image-186878 lazyload\" data-srcset=\"https:\/\/errr-magazine.com\/wp-content\/uploads\/2023\/12\/27-1024x687.jpeg 1024w, https:\/\/errr-magazine.com\/wp-content\/uploads\/2023\/12\/27-300x201.jpeg 300w, https:\/\/errr-magazine.com\/wp-content\/uploads\/2023\/12\/27-768x516.jpeg 768w, https:\/\/errr-magazine.com\/wp-content\/uploads\/2023\/12\/27-1536x1031.jpeg 1536w, https:\/\/errr-magazine.com\/wp-content\/uploads\/2023\/12\/27.jpeg 1895w\" data-sizes=\"(max-width: 1024px) 100vw, 1024px\" src=\"data:image\/svg+xml;base64,PHN2ZyB3aWR0aD0iMSIgaGVpZ2h0PSIxIiB4bWxucz0iaHR0cDovL3d3dy53My5vcmcvMjAwMC9zdmciPjwvc3ZnPg==\" style=\"--smush-placeholder-width: 1024px; --smush-placeholder-aspect-ratio: 1024\/687;\" \/><\/figure>\n\n\n\n<p><strong>Photography has the power to tell stories and convey emotions. Can you share an experience where one of your photographs has had a significant impact on people or yourself?<\/strong><br>Una de las cosas m\u00e1s lindas que me ha pasado fue cuando una chica se acerc\u00f3 a m\u00ed en un evento para decirme que le gustaban mucho mis fotos y que despu\u00e9s de seguirme un rato decidi\u00f3 comprarse una c\u00e1mara. Me encanta que la gente cree im\u00e1genes y se refleje un poquito de s\u00ed mismas en ellas, me encanta la acci\u00f3n de compartir y que constantemente las personas a nuestro alrededor nos puedan inspirar. <br><br>Este \u00faltimo a\u00f1o he pensado ya no dedicarme a esto, pero siento que para m\u00ed la foto es algo imprescindible, no me imagino haciendo cualquier otra cosa. Siempre he tenido el h\u00e1bito de querer recordar, de dejar peque\u00f1os souvenirs de mis recuerdos para revisitarlos y asegurarme de que alguna vez existieron, es un recordatorio de que yo existo.<\/p>\n\n\n\n<p><strong>What has been your most challenging photography project to date and why?<\/strong><br>Los \u00faltimos a\u00f1os comenc\u00e9 a hacer peque\u00f1as series fotogr\u00e1ficas en donde inclu\u00eda pedacitos de textos, como si fueran un diario. Esos proyectos fueron un parteaguas porque muchas veces tomo las fotograf\u00edas sin m\u00e1s, dej\u00e1ndome llevar \u00fanicamente por la emoci\u00f3n o la belleza del momento que capta mi atenci\u00f3n. Tener que racionalizar en escritos que acompa\u00f1an las im\u00e1genes implic\u00f3 ahondar m\u00e1s en mis pensamientos y sentires, tener que abrirme para que mis proyectos fueran m\u00e1s personales. Estas peque\u00f1as series me condujeron a mi proyecto fotogr\u00e1fico actual, que posiblemente es el m\u00e1s desafiante hasta la fecha, habla de mi abuela y la casa en la que viv\u00ed toda mi vida, es dif\u00edcil trabajar desde la memoria y desde lo \u00edntimo pero yo no encuentro otra manera de existir.<\/p>\n\n\n\n<figure class=\"wp-block-image size-large\"><img decoding=\"async\" width=\"1024\" height=\"691\" data-src=\"https:\/\/errr-magazine.com\/wp-content\/uploads\/2023\/12\/Sofia-Ron-002-1024x691.jpg\" alt=\"\" class=\"wp-image-186879 lazyload\" data-srcset=\"https:\/\/errr-magazine.com\/wp-content\/uploads\/2023\/12\/Sofia-Ron-002-1024x691.jpg 1024w, https:\/\/errr-magazine.com\/wp-content\/uploads\/2023\/12\/Sofia-Ron-002-300x202.jpg 300w, https:\/\/errr-magazine.com\/wp-content\/uploads\/2023\/12\/Sofia-Ron-002-768x518.jpg 768w, https:\/\/errr-magazine.com\/wp-content\/uploads\/2023\/12\/Sofia-Ron-002.jpg 1500w\" data-sizes=\"(max-width: 1024px) 100vw, 1024px\" src=\"data:image\/svg+xml;base64,PHN2ZyB3aWR0aD0iMSIgaGVpZ2h0PSIxIiB4bWxucz0iaHR0cDovL3d3dy53My5vcmcvMjAwMC9zdmciPjwvc3ZnPg==\" style=\"--smush-placeholder-width: 1024px; --smush-placeholder-aspect-ratio: 1024\/691;\" \/><\/figure>\n\n\n\n<p><strong>Technology and photo editing tools are constantly evolving, can you tell us about the techniques and equipment you consider essential to your work?<\/strong><br>Casi todo mi trabajo es an\u00e1logo utilizando pocas herramientas de edici\u00f3n para hacer que las fotos sean lo m\u00e1s parecidas a mis recuerdos. Algunas veces utilizo el scanner de mi casa para juntarlas con escritos de mi libreta con crayola o crear collages con otros medios impresos. Considero que mi equipo esencial es mi c\u00e1mara point and shoot que siempre est\u00e1 en mi bolsa.<\/p>\n\n\n\n<p><strong>There are many genres in photography, from portraits to nature photography. Do you have a favorite genre that you are most comfortable with or enjoy shooting? Why?<\/strong><br>Me gusta mucho el g\u00e9nero de la fotograf\u00eda callejera porque no me deja muchas responsabilidades m\u00e1s que observar la belleza dentro de lo cotidiano y retratar lo que ya existe all\u00e1 afuera. Tambi\u00e9n me gustan los retratos editoriales por la raz\u00f3n opuesta, porque tienes el control de todo lo que aparece, porque permite crear concepto y un peque\u00f1o mundo ficticio.<\/p>\n\n\n\n<figure class=\"wp-block-image size-large\"><img decoding=\"async\" width=\"1024\" height=\"684\" data-src=\"https:\/\/errr-magazine.com\/wp-content\/uploads\/2023\/12\/Sofia_Ron_1-1024x684.jpg\" alt=\"\" class=\"wp-image-186880 lazyload\" data-srcset=\"https:\/\/errr-magazine.com\/wp-content\/uploads\/2023\/12\/Sofia_Ron_1-1024x684.jpg 1024w, https:\/\/errr-magazine.com\/wp-content\/uploads\/2023\/12\/Sofia_Ron_1-300x200.jpg 300w, https:\/\/errr-magazine.com\/wp-content\/uploads\/2023\/12\/Sofia_Ron_1-768x513.jpg 768w, https:\/\/errr-magazine.com\/wp-content\/uploads\/2023\/12\/Sofia_Ron_1-1536x1026.jpg 1536w, https:\/\/errr-magazine.com\/wp-content\/uploads\/2023\/12\/Sofia_Ron_1.jpg 1920w\" data-sizes=\"(max-width: 1024px) 100vw, 1024px\" src=\"data:image\/svg+xml;base64,PHN2ZyB3aWR0aD0iMSIgaGVpZ2h0PSIxIiB4bWxucz0iaHR0cDovL3d3dy53My5vcmcvMjAwMC9zdmciPjwvc3ZnPg==\" style=\"--smush-placeholder-width: 1024px; --smush-placeholder-aspect-ratio: 1024\/684;\" \/><\/figure>\n\n\n\n<p><strong>Can you share an interesting or unusual anecdote you experienced while taking photographs?<\/strong><br>Siempre se me hace interesante cuando le tomo una foto a una persona en la calle y se queda hablando conmigo un rato, platic\u00e1ndome un poquito de su historia.<\/p>\n\n\n\n<p><strong>Many photographers find inspiration in other visual artists or in everyday life. What are some of your sources of inspiration?<\/strong><br>Me gusta mucho ver pel\u00edculas, escuchar m\u00fasica, salir a caminar sin rumbo. Siento que puedes sacar inspiraci\u00f3n de todas partes si las miras con suficiente detenimiento. Algo que me inspira mucho son los libros de fotograf\u00eda, porque todo el tiempo estoy siendo bombardeada por im\u00e1genes bonitas y a veces pierdo la noci\u00f3n de pensar en la foto como un proyecto completo, como algo que conlleva una direcci\u00f3n, una voz, una investigaci\u00f3n, una creaci\u00f3n de un lenguaje que te permite dar un paso m\u00e1s.<\/p>\n\n\n\n<figure class=\"wp-block-image size-full\"><img decoding=\"async\" width=\"832\" height=\"838\" data-src=\"https:\/\/errr-magazine.com\/wp-content\/uploads\/2023\/12\/qew-1.jpg\" alt=\"\" class=\"wp-image-186883 lazyload\" data-srcset=\"https:\/\/errr-magazine.com\/wp-content\/uploads\/2023\/12\/qew-1.jpg 832w, https:\/\/errr-magazine.com\/wp-content\/uploads\/2023\/12\/qew-1-298x300.jpg 298w, https:\/\/errr-magazine.com\/wp-content\/uploads\/2023\/12\/qew-1-768x774.jpg 768w\" data-sizes=\"(max-width: 832px) 100vw, 832px\" src=\"data:image\/svg+xml;base64,PHN2ZyB3aWR0aD0iMSIgaGVpZ2h0PSIxIiB4bWxucz0iaHR0cDovL3d3dy53My5vcmcvMjAwMC9zdmciPjwvc3ZnPg==\" style=\"--smush-placeholder-width: 832px; --smush-placeholder-aspect-ratio: 832\/838;\" \/><\/figure>\n\n\n\n<p><strong>Photography is a visual medium, but it often has a conceptual background as well. Have you worked on photographic projects that address specific themes or concepts? Can you share information about one of those projects?<\/strong><br>Dentro de todos mis proyectos se mantiene esta desesperaci\u00f3n por querer documentar, por querer recordar todo lo que me rodea antes de que desaparezca. Actualmente tengo un proyecto que se llama <a href=\"https:\/\/www.instagram.com\/ge.de.ele\/\">ge.de.ele<\/a>, en donde busco mirar y documentar Guadalajara, la ciudad en donde nac\u00ed y crec\u00ed antes de que ya no exista de la misma manera en la que yo alguna vez la mir\u00e9.<\/p>\n\n\n\n<p><strong>What inspires you when creating new images? Do you have any rituals or creative processes that you follow to find inspiration?<\/strong><br>Un maestro en la universidad una vez me dijo que ten\u00eda una libretita en donde todos los d\u00edas hac\u00eda un ejercicio de memoria y escrib\u00eda alg\u00fan recuerdo que ten\u00eda, el primero que le llegara a la mente. Entre m\u00e1s usaba la libretita mejor recordaba su pasado. Me gusta hacer este mismo ejercicio y sacar inspiraci\u00f3n de ah\u00ed.<\/p>\n\n\n\n<figure class=\"wp-block-image size-full\"><img decoding=\"async\" width=\"834\" height=\"557\" data-src=\"https:\/\/errr-magazine.com\/wp-content\/uploads\/2023\/12\/asdfasdvczx.jpg\" alt=\"\" class=\"wp-image-186882 lazyload\" data-srcset=\"https:\/\/errr-magazine.com\/wp-content\/uploads\/2023\/12\/asdfasdvczx.jpg 834w, https:\/\/errr-magazine.com\/wp-content\/uploads\/2023\/12\/asdfasdvczx-300x200.jpg 300w, https:\/\/errr-magazine.com\/wp-content\/uploads\/2023\/12\/asdfasdvczx-768x513.jpg 768w\" data-sizes=\"(max-width: 834px) 100vw, 834px\" src=\"data:image\/svg+xml;base64,PHN2ZyB3aWR0aD0iMSIgaGVpZ2h0PSIxIiB4bWxucz0iaHR0cDovL3d3dy53My5vcmcvMjAwMC9zdmciPjwvc3ZnPg==\" style=\"--smush-placeholder-width: 834px; --smush-placeholder-aspect-ratio: 834\/557;\" \/><\/figure>\n\n\n\n<p><strong>For aspiring photographers who may be reading this interview, what is the most valuable piece of advice you have received in your career or would like to share with them?<\/strong><br>No pasa nada con experimentando y equivoc\u00e1ndote seguido. A m\u00ed me cuesta mucho dejar atr\u00e1s el miedo porque no me salieran las cosas o por probar cosas nuevas.<\/p>\n\n\n\n<p><strong>Recommend us the Instagram account of an artist whose work you like.<\/strong><br><a href=\"https:\/\/www.instagram.com\/_________lllllllllllllll__\">@_________lllllllllllllll__<\/a><\/p>","protected":false},"excerpt":{"rendered":"<p>El proceso de hacer las fotograf\u00edas y solo tener la imagen vagamente en tu memoria hasta el momento de tener la hoja de contacto, cuando el recuerdo borroso pasa a ser algo tangible, fue lo que me inspir\u00f3 a seguir haciendo fotos hasta el d\u00eda de hoy.<\/p>","protected":false},"author":7729,"featured_media":186877,"comment_status":"closed","ping_status":"closed","sticky":false,"template":"","format":"standard","meta":{"_acf_changed":false,"cybocfi_hide_featured_image":"","_jetpack_memberships_contains_paid_content":false,"footnotes":""},"categories":[17849],"tags":[],"class_list":["post-186876","post","type-post","status-publish","format-standard","has-post-thumbnail","hentry","category-interviews"],"acf":[],"mb":[],"yoast_head":"<!-- This site is optimized with the Yoast SEO plugin v27.2 - https:\/\/yoast.com\/product\/yoast-seo-wordpress\/ -->\n<title>El recuerdo borroso - ERRR MAGAZINE<\/title>\n<meta name=\"robots\" content=\"index, follow, max-snippet:-1, max-image-preview:large, max-video-preview:-1\" \/>\n<link rel=\"canonical\" href=\"https:\/\/errr-magazine.com\/english\/el-recuerdo-borroso\/\" \/>\n<meta property=\"og:locale\" content=\"en_US\" \/>\n<meta property=\"og:type\" content=\"article\" \/>\n<meta property=\"og:title\" content=\"El recuerdo borroso - ERRR MAGAZINE\" \/>\n<meta property=\"og:description\" content=\"El proceso de hacer las fotograf\u00edas y solo tener la imagen vagamente en tu memoria hasta el momento de tener la hoja de contacto, cuando el recuerdo borroso pasa a ser algo tangible, fue lo que me inspir\u00f3 a seguir haciendo fotos hasta el d\u00eda de hoy.\" \/>\n<meta property=\"og:url\" content=\"https:\/\/errr-magazine.com\/english\/el-recuerdo-borroso\/\" \/>\n<meta property=\"og:site_name\" content=\"ERRR MAGAZINE\" \/>\n<meta property=\"article:published_time\" content=\"2023-12-08T21:55:03+00:00\" \/>\n<meta property=\"article:modified_time\" content=\"2025-08-15T16:55:50+00:00\" \/>\n<meta property=\"og:image\" content=\"https:\/\/errr-magazine.com\/wp-content\/uploads\/2023\/12\/Photo40_36A-2.jpg\" \/>\n\t<meta property=\"og:image:width\" content=\"1895\" \/>\n\t<meta property=\"og:image:height\" content=\"1272\" \/>\n\t<meta property=\"og:image:type\" content=\"image\/jpeg\" \/>\n<meta name=\"author\" content=\"Sof\u00eda Ron\" \/>\n<meta name=\"twitter:card\" content=\"summary_large_image\" \/>\n<meta name=\"twitter:label1\" content=\"Written by\" \/>\n\t<meta name=\"twitter:data1\" content=\"Sof\u00eda Ron\" \/>\n\t<meta name=\"twitter:label2\" content=\"Est. reading time\" \/>\n\t<meta name=\"twitter:data2\" content=\"6 minutes\" \/>\n<script type=\"application\/ld+json\" class=\"yoast-schema-graph\">{\"@context\":\"https:\/\/schema.org\",\"@graph\":[{\"@type\":\"Article\",\"@id\":\"https:\/\/errr-magazine.com\/el-recuerdo-borroso\/#article\",\"isPartOf\":{\"@id\":\"https:\/\/errr-magazine.com\/el-recuerdo-borroso\/\"},\"author\":{\"name\":\"Sof\u00eda Ron\",\"@id\":\"https:\/\/errr-magazine.com\/#\/schema\/person\/17608a9a4f8a3faa6ff7b3b609442d18\"},\"headline\":\"El recuerdo borroso\",\"datePublished\":\"2023-12-08T21:55:03+00:00\",\"dateModified\":\"2025-08-15T16:55:50+00:00\",\"mainEntityOfPage\":{\"@id\":\"https:\/\/errr-magazine.com\/el-recuerdo-borroso\/\"},\"wordCount\":1169,\"image\":{\"@id\":\"https:\/\/errr-magazine.com\/el-recuerdo-borroso\/#primaryimage\"},\"thumbnailUrl\":\"https:\/\/errr-magazine.com\/wp-content\/uploads\/2023\/12\/Photo40_36A-2.jpg\",\"articleSection\":[\"Interview\"],\"inLanguage\":\"en-US\"},{\"@type\":\"WebPage\",\"@id\":\"https:\/\/errr-magazine.com\/el-recuerdo-borroso\/\",\"url\":\"https:\/\/errr-magazine.com\/el-recuerdo-borroso\/\",\"name\":\"El recuerdo borroso - ERRR MAGAZINE\",\"isPartOf\":{\"@id\":\"https:\/\/errr-magazine.com\/#website\"},\"primaryImageOfPage\":{\"@id\":\"https:\/\/errr-magazine.com\/el-recuerdo-borroso\/#primaryimage\"},\"image\":{\"@id\":\"https:\/\/errr-magazine.com\/el-recuerdo-borroso\/#primaryimage\"},\"thumbnailUrl\":\"https:\/\/errr-magazine.com\/wp-content\/uploads\/2023\/12\/Photo40_36A-2.jpg\",\"datePublished\":\"2023-12-08T21:55:03+00:00\",\"dateModified\":\"2025-08-15T16:55:50+00:00\",\"author\":{\"@id\":\"https:\/\/errr-magazine.com\/#\/schema\/person\/17608a9a4f8a3faa6ff7b3b609442d18\"},\"breadcrumb\":{\"@id\":\"https:\/\/errr-magazine.com\/el-recuerdo-borroso\/#breadcrumb\"},\"inLanguage\":\"en-US\",\"potentialAction\":[{\"@type\":\"ReadAction\",\"target\":[\"https:\/\/errr-magazine.com\/el-recuerdo-borroso\/\"]}]},{\"@type\":\"ImageObject\",\"inLanguage\":\"en-US\",\"@id\":\"https:\/\/errr-magazine.com\/el-recuerdo-borroso\/#primaryimage\",\"url\":\"https:\/\/errr-magazine.com\/wp-content\/uploads\/2023\/12\/Photo40_36A-2.jpg\",\"contentUrl\":\"https:\/\/errr-magazine.com\/wp-content\/uploads\/2023\/12\/Photo40_36A-2.jpg\",\"width\":1895,\"height\":1272,\"caption\":\"Fotograf\u00edas por Sof\u00eda Ron\"},{\"@type\":\"BreadcrumbList\",\"@id\":\"https:\/\/errr-magazine.com\/el-recuerdo-borroso\/#breadcrumb\",\"itemListElement\":[{\"@type\":\"ListItem\",\"position\":1,\"name\":\"Portada\",\"item\":\"https:\/\/errr-magazine.com\/\"},{\"@type\":\"ListItem\",\"position\":2,\"name\":\"El recuerdo borroso\"}]},{\"@type\":\"WebSite\",\"@id\":\"https:\/\/errr-magazine.com\/#website\",\"url\":\"https:\/\/errr-magazine.com\/\",\"name\":\"ERRR MAGAZINE\",\"description\":\"\",\"potentialAction\":[{\"@type\":\"SearchAction\",\"target\":{\"@type\":\"EntryPoint\",\"urlTemplate\":\"https:\/\/errr-magazine.com\/?s={search_term_string}\"},\"query-input\":{\"@type\":\"PropertyValueSpecification\",\"valueRequired\":true,\"valueName\":\"search_term_string\"}}],\"inLanguage\":\"en-US\"},{\"@type\":\"Person\",\"@id\":\"https:\/\/errr-magazine.com\/#\/schema\/person\/17608a9a4f8a3faa6ff7b3b609442d18\",\"name\":\"Sof\u00eda Ron\",\"image\":{\"@type\":\"ImageObject\",\"inLanguage\":\"en-US\",\"@id\":\"https:\/\/secure.gravatar.com\/avatar\/9c3a24d8dc3fbd750043ebbb37bb77b9b0e31acc803b44377a7731d69144139a?s=96&d=identicon&r=g\",\"url\":\"https:\/\/secure.gravatar.com\/avatar\/9c3a24d8dc3fbd750043ebbb37bb77b9b0e31acc803b44377a7731d69144139a?s=96&d=identicon&r=g\",\"contentUrl\":\"https:\/\/secure.gravatar.com\/avatar\/9c3a24d8dc3fbd750043ebbb37bb77b9b0e31acc803b44377a7731d69144139a?s=96&d=identicon&r=g\",\"caption\":\"Sof\u00eda Ron\"},\"description\":\"Tapat\u00eda. Me gustan las fotos malas, las c\u00e1maras desechables y GDL.\",\"sameAs\":[\"https:\/\/www.instagram.com\/ronchasss\"],\"url\":\"https:\/\/errr-magazine.com\/english\/author\/sofiaronw\/\"}]}<\/script>\n<!-- \/ Yoast SEO plugin. -->","yoast_head_json":{"title":"El recuerdo borroso - ERRR MAGAZINE","robots":{"index":"index","follow":"follow","max-snippet":"max-snippet:-1","max-image-preview":"max-image-preview:large","max-video-preview":"max-video-preview:-1"},"canonical":"https:\/\/errr-magazine.com\/english\/el-recuerdo-borroso\/","og_locale":"en_US","og_type":"article","og_title":"El recuerdo borroso - ERRR MAGAZINE","og_description":"El proceso de hacer las fotograf\u00edas y solo tener la imagen vagamente en tu memoria hasta el momento de tener la hoja de contacto, cuando el recuerdo borroso pasa a ser algo tangible, fue lo que me inspir\u00f3 a seguir haciendo fotos hasta el d\u00eda de hoy.","og_url":"https:\/\/errr-magazine.com\/english\/el-recuerdo-borroso\/","og_site_name":"ERRR MAGAZINE","article_published_time":"2023-12-08T21:55:03+00:00","article_modified_time":"2025-08-15T16:55:50+00:00","og_image":[{"width":1895,"height":1272,"url":"https:\/\/errr-magazine.com\/wp-content\/uploads\/2023\/12\/Photo40_36A-2.jpg","type":"image\/jpeg"}],"author":"Sof\u00eda Ron","twitter_card":"summary_large_image","twitter_misc":{"Written by":"Sof\u00eda Ron","Est. reading time":"6 minutes"},"schema":{"@context":"https:\/\/schema.org","@graph":[{"@type":"Article","@id":"https:\/\/errr-magazine.com\/el-recuerdo-borroso\/#article","isPartOf":{"@id":"https:\/\/errr-magazine.com\/el-recuerdo-borroso\/"},"author":{"name":"Sof\u00eda Ron","@id":"https:\/\/errr-magazine.com\/#\/schema\/person\/17608a9a4f8a3faa6ff7b3b609442d18"},"headline":"El recuerdo borroso","datePublished":"2023-12-08T21:55:03+00:00","dateModified":"2025-08-15T16:55:50+00:00","mainEntityOfPage":{"@id":"https:\/\/errr-magazine.com\/el-recuerdo-borroso\/"},"wordCount":1169,"image":{"@id":"https:\/\/errr-magazine.com\/el-recuerdo-borroso\/#primaryimage"},"thumbnailUrl":"https:\/\/errr-magazine.com\/wp-content\/uploads\/2023\/12\/Photo40_36A-2.jpg","articleSection":["Interview"],"inLanguage":"en-US"},{"@type":"WebPage","@id":"https:\/\/errr-magazine.com\/el-recuerdo-borroso\/","url":"https:\/\/errr-magazine.com\/el-recuerdo-borroso\/","name":"El recuerdo borroso - ERRR MAGAZINE","isPartOf":{"@id":"https:\/\/errr-magazine.com\/#website"},"primaryImageOfPage":{"@id":"https:\/\/errr-magazine.com\/el-recuerdo-borroso\/#primaryimage"},"image":{"@id":"https:\/\/errr-magazine.com\/el-recuerdo-borroso\/#primaryimage"},"thumbnailUrl":"https:\/\/errr-magazine.com\/wp-content\/uploads\/2023\/12\/Photo40_36A-2.jpg","datePublished":"2023-12-08T21:55:03+00:00","dateModified":"2025-08-15T16:55:50+00:00","author":{"@id":"https:\/\/errr-magazine.com\/#\/schema\/person\/17608a9a4f8a3faa6ff7b3b609442d18"},"breadcrumb":{"@id":"https:\/\/errr-magazine.com\/el-recuerdo-borroso\/#breadcrumb"},"inLanguage":"en-US","potentialAction":[{"@type":"ReadAction","target":["https:\/\/errr-magazine.com\/el-recuerdo-borroso\/"]}]},{"@type":"ImageObject","inLanguage":"en-US","@id":"https:\/\/errr-magazine.com\/el-recuerdo-borroso\/#primaryimage","url":"https:\/\/errr-magazine.com\/wp-content\/uploads\/2023\/12\/Photo40_36A-2.jpg","contentUrl":"https:\/\/errr-magazine.com\/wp-content\/uploads\/2023\/12\/Photo40_36A-2.jpg","width":1895,"height":1272,"caption":"Fotograf\u00edas por Sof\u00eda Ron"},{"@type":"BreadcrumbList","@id":"https:\/\/errr-magazine.com\/el-recuerdo-borroso\/#breadcrumb","itemListElement":[{"@type":"ListItem","position":1,"name":"Portada","item":"https:\/\/errr-magazine.com\/"},{"@type":"ListItem","position":2,"name":"El recuerdo borroso"}]},{"@type":"WebSite","@id":"https:\/\/errr-magazine.com\/#website","url":"https:\/\/errr-magazine.com\/","name":"ERRR MAGAZINE","description":"","potentialAction":[{"@type":"SearchAction","target":{"@type":"EntryPoint","urlTemplate":"https:\/\/errr-magazine.com\/?s={search_term_string}"},"query-input":{"@type":"PropertyValueSpecification","valueRequired":true,"valueName":"search_term_string"}}],"inLanguage":"en-US"},{"@type":"Person","@id":"https:\/\/errr-magazine.com\/#\/schema\/person\/17608a9a4f8a3faa6ff7b3b609442d18","name":"Sofia Ron","image":{"@type":"ImageObject","inLanguage":"en-US","@id":"https:\/\/secure.gravatar.com\/avatar\/9c3a24d8dc3fbd750043ebbb37bb77b9b0e31acc803b44377a7731d69144139a?s=96&d=identicon&r=g","url":"https:\/\/secure.gravatar.com\/avatar\/9c3a24d8dc3fbd750043ebbb37bb77b9b0e31acc803b44377a7731d69144139a?s=96&d=identicon&r=g","contentUrl":"https:\/\/secure.gravatar.com\/avatar\/9c3a24d8dc3fbd750043ebbb37bb77b9b0e31acc803b44377a7731d69144139a?s=96&d=identicon&r=g","caption":"Sof\u00eda Ron"},"description":"Tapat\u00eda. Me gustan las fotos malas, las c\u00e1maras desechables y GDL.","sameAs":["https:\/\/www.instagram.com\/ronchasss"],"url":"https:\/\/errr-magazine.com\/english\/author\/sofiaronw\/"}]}},"jetpack_featured_media_url":"https:\/\/errr-magazine.com\/wp-content\/uploads\/2023\/12\/Photo40_36A-2.jpg","jetpack-related-posts":[{"id":190174,"url":"https:\/\/errr-magazine.com\/english\/mis-ganas-de-jugar\/","url_meta":{"origin":186876,"position":0},"title":"Mis ganas de jugar","author":"Fernanda Parra","date":"06\/01\/2025","format":false,"excerpt":"Despu\u00e9s de a\u00f1os de hacer foto llega un momento donde sobrepiensas m\u00e1s que antes y te dejas de atrever a jugar. Intento nunca perder eso, mis ganas de jugar en la fotograf\u00eda.","rel":"","context":"In &quot;Interview&quot;","block_context":{"text":"Interview","link":"https:\/\/errr-magazine.com\/english\/category\/interviews\/"},"img":{"alt_text":"","src":"https:\/\/i0.wp.com\/errr-magazine.com\/wp-content\/uploads\/2025\/06\/fernandaparra2.png?resize=350%2C200&ssl=1","width":350,"height":200,"srcset":"https:\/\/i0.wp.com\/errr-magazine.com\/wp-content\/uploads\/2025\/06\/fernandaparra2.png?resize=350%2C200&ssl=1 1x, https:\/\/i0.wp.com\/errr-magazine.com\/wp-content\/uploads\/2025\/06\/fernandaparra2.png?resize=525%2C300&ssl=1 1.5x, https:\/\/i0.wp.com\/errr-magazine.com\/wp-content\/uploads\/2025\/06\/fernandaparra2.png?resize=700%2C400&ssl=1 2x, https:\/\/i0.wp.com\/errr-magazine.com\/wp-content\/uploads\/2025\/06\/fernandaparra2.png?resize=1050%2C600&ssl=1 3x"},"classes":[]},{"id":185907,"url":"https:\/\/errr-magazine.com\/english\/ahi-esta-la-magia\/","url_meta":{"origin":186876,"position":1},"title":"Ah\u00ed est\u00e1 la magia","author":"Katt Galvan","date":"10\/15\/2023","format":false,"excerpt":"Observar es parte de mi proceso creativo, me inspira encontrar buenos encuadres. Al hacer mis fotos no planeo mucho las tomas m\u00e1s bien observo, escucho qu\u00e9 es lo que pasa en el lugar para poder capturar algo de esos momentos.","rel":"","context":"In &quot;Interview&quot;","block_context":{"text":"Interview","link":"https:\/\/errr-magazine.com\/english\/category\/interviews\/"},"img":{"alt_text":"","src":"https:\/\/i0.wp.com\/errr-magazine.com\/wp-content\/uploads\/2023\/10\/DSC05103.jpg?resize=350%2C200&ssl=1","width":350,"height":200,"srcset":"https:\/\/i0.wp.com\/errr-magazine.com\/wp-content\/uploads\/2023\/10\/DSC05103.jpg?resize=350%2C200&ssl=1 1x, https:\/\/i0.wp.com\/errr-magazine.com\/wp-content\/uploads\/2023\/10\/DSC05103.jpg?resize=525%2C300&ssl=1 1.5x, https:\/\/i0.wp.com\/errr-magazine.com\/wp-content\/uploads\/2023\/10\/DSC05103.jpg?resize=700%2C400&ssl=1 2x, https:\/\/i0.wp.com\/errr-magazine.com\/wp-content\/uploads\/2023\/10\/DSC05103.jpg?resize=1050%2C600&ssl=1 3x, https:\/\/i0.wp.com\/errr-magazine.com\/wp-content\/uploads\/2023\/10\/DSC05103.jpg?resize=1400%2C800&ssl=1 4x"},"classes":[]},{"id":186770,"url":"https:\/\/errr-magazine.com\/english\/casi-todo-esta-destruido\/","url_meta":{"origin":186876,"position":2},"title":"Casi todo est\u00e1 destruido","author":"Susana Moyaho","date":"12\/02\/2023","format":false,"excerpt":"Pienso en mis im\u00e1genes como en los sue\u00f1os que tengo o en lo que recuerdo, que no es muy claro ni tan n\u00edtido. No me interesa la cantidad de pixeles en una c\u00e1mara, entre menos tenga mejor para m\u00ed, ni siquiera tengo la vista al cien para apreciar tanto detalle.","rel":"","context":"In &quot;Interview&quot;","block_context":{"text":"Interview","link":"https:\/\/errr-magazine.com\/english\/category\/interviews\/"},"img":{"alt_text":"","src":"https:\/\/i0.wp.com\/errr-magazine.com\/wp-content\/uploads\/2023\/12\/sm2.gif?resize=350%2C200&ssl=1","width":350,"height":200,"srcset":"https:\/\/i0.wp.com\/errr-magazine.com\/wp-content\/uploads\/2023\/12\/sm2.gif?resize=350%2C200&ssl=1 1x, https:\/\/i0.wp.com\/errr-magazine.com\/wp-content\/uploads\/2023\/12\/sm2.gif?resize=525%2C300&ssl=1 1.5x"},"classes":[]},{"id":186619,"url":"https:\/\/errr-magazine.com\/english\/alguien-que-desayuna-o-que-rie\/","url_meta":{"origin":186876,"position":3},"title":"Alguien que desayuna o que r\u00ede","author":"N\u00e9stor Mart\u00ednez","date":"11\/20\/2023","format":false,"excerpt":"Pensar en fotos como cuentos que suceden o tal vez poemas que no se escriben pero se ven.","rel":"","context":"In &quot;Interview&quot;","block_context":{"text":"Interview","link":"https:\/\/errr-magazine.com\/english\/category\/interviews\/"},"img":{"alt_text":"","src":"https:\/\/i0.wp.com\/errr-magazine.com\/wp-content\/uploads\/2023\/11\/NES_400TX_1600_-30.jpg?resize=350%2C200&ssl=1","width":350,"height":200,"srcset":"https:\/\/i0.wp.com\/errr-magazine.com\/wp-content\/uploads\/2023\/11\/NES_400TX_1600_-30.jpg?resize=350%2C200&ssl=1 1x, https:\/\/i0.wp.com\/errr-magazine.com\/wp-content\/uploads\/2023\/11\/NES_400TX_1600_-30.jpg?resize=525%2C300&ssl=1 1.5x, https:\/\/i0.wp.com\/errr-magazine.com\/wp-content\/uploads\/2023\/11\/NES_400TX_1600_-30.jpg?resize=700%2C400&ssl=1 2x, https:\/\/i0.wp.com\/errr-magazine.com\/wp-content\/uploads\/2023\/11\/NES_400TX_1600_-30.jpg?resize=1050%2C600&ssl=1 3x, https:\/\/i0.wp.com\/errr-magazine.com\/wp-content\/uploads\/2023\/11\/NES_400TX_1600_-30.jpg?resize=1400%2C800&ssl=1 4x"},"classes":[]},{"id":185963,"url":"https:\/\/errr-magazine.com\/english\/abrir-las-puertas\/","url_meta":{"origin":186876,"position":4},"title":"Abrir las puertas","author":"Rodrigo Solano","date":"10\/21\/2023","format":false,"excerpt":"Una experiencia que sucedi\u00f3 hace poco, fue que una amiga con la que ya hab\u00eda hecho fotos me propuso hacer fotos por segunda ocasi\u00f3n. Acept\u00e9. Pero la propuesta de ella era que fueran retratos frente a su espejo de su habitaci\u00f3n sobre su cama, pero ella quer\u00eda que yo tambi\u00e9n\u2026","rel":"","context":"In &quot;Interview&quot;","block_context":{"text":"Interview","link":"https:\/\/errr-magazine.com\/english\/category\/interviews\/"},"img":{"alt_text":"","src":"https:\/\/i0.wp.com\/errr-magazine.com\/wp-content\/uploads\/2023\/10\/IMG_1147.jpg?resize=350%2C200&ssl=1","width":350,"height":200,"srcset":"https:\/\/i0.wp.com\/errr-magazine.com\/wp-content\/uploads\/2023\/10\/IMG_1147.jpg?resize=350%2C200&ssl=1 1x, https:\/\/i0.wp.com\/errr-magazine.com\/wp-content\/uploads\/2023\/10\/IMG_1147.jpg?resize=525%2C300&ssl=1 1.5x, https:\/\/i0.wp.com\/errr-magazine.com\/wp-content\/uploads\/2023\/10\/IMG_1147.jpg?resize=700%2C400&ssl=1 2x, https:\/\/i0.wp.com\/errr-magazine.com\/wp-content\/uploads\/2023\/10\/IMG_1147.jpg?resize=1050%2C600&ssl=1 3x"},"classes":[]},{"id":191299,"url":"https:\/\/errr-magazine.com\/english\/una-trampa\/","url_meta":{"origin":186876,"position":5},"title":"A trap","author":"Hiram Yauri","date":"08\/11\/2025","format":false,"excerpt":"Blurred faces, cigarette smoke, crossed stories. But there is something else. The photos. Those photos that ten years from now someone will look at and say: I was there. Although in reality they were not. Although in reality we were all lost.","rel":"","context":"In &quot;Artes visuales&quot;","block_context":{"text":"Artes visuales","link":"https:\/\/errr-magazine.com\/english\/category\/interviews\/artes-visuales\/"},"img":{"alt_text":"","src":"https:\/\/i0.wp.com\/errr-magazine.com\/wp-content\/uploads\/2025\/08\/IMG_8399-scaled.jpg?resize=350%2C200&ssl=1","width":350,"height":200,"srcset":"https:\/\/i0.wp.com\/errr-magazine.com\/wp-content\/uploads\/2025\/08\/IMG_8399-scaled.jpg?resize=350%2C200&ssl=1 1x, https:\/\/i0.wp.com\/errr-magazine.com\/wp-content\/uploads\/2025\/08\/IMG_8399-scaled.jpg?resize=525%2C300&ssl=1 1.5x, https:\/\/i0.wp.com\/errr-magazine.com\/wp-content\/uploads\/2025\/08\/IMG_8399-scaled.jpg?resize=700%2C400&ssl=1 2x, https:\/\/i0.wp.com\/errr-magazine.com\/wp-content\/uploads\/2025\/08\/IMG_8399-scaled.jpg?resize=1050%2C600&ssl=1 3x, https:\/\/i0.wp.com\/errr-magazine.com\/wp-content\/uploads\/2025\/08\/IMG_8399-scaled.jpg?resize=1400%2C800&ssl=1 4x"},"classes":[]}],"jetpack_sharing_enabled":true,"mfb_rest_fields":["title","yoast_head","yoast_head_json","jetpack_featured_media_url","jetpack-related-posts","jetpack_sharing_enabled"],"_links":{"self":[{"href":"https:\/\/errr-magazine.com\/english\/wp-json\/wp\/v2\/posts\/186876","targetHints":{"allow":["GET"]}}],"collection":[{"href":"https:\/\/errr-magazine.com\/english\/wp-json\/wp\/v2\/posts"}],"about":[{"href":"https:\/\/errr-magazine.com\/english\/wp-json\/wp\/v2\/types\/post"}],"author":[{"embeddable":true,"href":"https:\/\/errr-magazine.com\/english\/wp-json\/wp\/v2\/users\/7729"}],"replies":[{"embeddable":true,"href":"https:\/\/errr-magazine.com\/english\/wp-json\/wp\/v2\/comments?post=186876"}],"version-history":[{"count":1,"href":"https:\/\/errr-magazine.com\/english\/wp-json\/wp\/v2\/posts\/186876\/revisions"}],"predecessor-version":[{"id":186884,"href":"https:\/\/errr-magazine.com\/english\/wp-json\/wp\/v2\/posts\/186876\/revisions\/186884"}],"wp:featuredmedia":[{"embeddable":true,"href":"https:\/\/errr-magazine.com\/english\/wp-json\/wp\/v2\/media\/186877"}],"wp:attachment":[{"href":"https:\/\/errr-magazine.com\/english\/wp-json\/wp\/v2\/media?parent=186876"}],"wp:term":[{"taxonomy":"category","embeddable":true,"href":"https:\/\/errr-magazine.com\/english\/wp-json\/wp\/v2\/categories?post=186876"},{"taxonomy":"post_tag","embeddable":true,"href":"https:\/\/errr-magazine.com\/english\/wp-json\/wp\/v2\/tags?post=186876"}],"curies":[{"name":"wp","href":"https:\/\/api.w.org\/{rel}","templated":true}]}}