{"id":186864,"date":"2023-12-08T15:31:09","date_gmt":"2023-12-08T21:31:09","guid":{"rendered":"https:\/\/errr-magazine.com\/?p=186864"},"modified":"2025-08-15T10:55:50","modified_gmt":"2025-08-15T16:55:50","slug":"sigue-al-ojo","status":"publish","type":"post","link":"https:\/\/errr-magazine.com\/english\/sigue-al-ojo\/","title":{"rendered":"Sigue al ojo"},"content":{"rendered":"<p><strong>Tell us a little about yourself and how you got started in photography. What inspired you to start taking pictures?<\/strong><br>Desde chico siempre me llamaron la atenci\u00f3n las c\u00e1maras y muy espor\u00e1dicamente usaba las c\u00e1maras de mis padres. Pero hasta que estaba estudiando la carrera (Ciencias de la Comunicaci\u00f3n), fue que por fin pude tener una c\u00e1mara propia y entender toda la teor\u00eda detr\u00e1s de ella. Y creo que eso, llevado de la mano que siempre he sido una persona muy observadora y que consume much\u00edsimo material audiovisual, hizo que mi pasi\u00f3n y amor por la fotograf\u00eda creciera exponencialmente.<\/p>\n\n\n\n<p><strong>Everyone has a unique style, can you describe how you would define your style and what visual or conceptual elements characterize it?<\/strong><br>No s\u00e9 realmente si tengo un estilo como tal, hay veces que unos meses hago las cosas de cierta manera y despu\u00e9s hago cosas completamente diferentes, no s\u00e9 c\u00f3mo podr\u00eda definirlo realmente. Cuando le pregunt\u00e9 a una amiga, me dijo que su texto curatorial para mi fotograf\u00eda ser\u00eda: &#8220;Es una fotograf\u00eda que sigue al ojo, \u00edntima y orientada a los detalles. Principalmente nost\u00e1lgica, con intenciones narrativas sutiles, como cuando encuentras el \u00e1lbum viejo de la familia&#8221;. Lo que s\u00ed, me encanta mucho usar una iluminaci\u00f3n muy contrastante, tener sombras muy marcadas. Me encantan los autos, los conciertos, salir a la calle nada m\u00e1s a ver qu\u00e9 me encuentro y tambi\u00e9n me gusta mucho retratar gente e intentar plasmar su esencia en ese momento.<\/p>\n\n\n\n<figure class=\"wp-block-image size-full\"><img decoding=\"async\" width=\"666\" height=\"836\" data-src=\"https:\/\/errr-magazine.com\/wp-content\/uploads\/2023\/12\/zxcv.jpg\" alt=\"\" class=\"wp-image-186866 lazyload\" data-srcset=\"https:\/\/errr-magazine.com\/wp-content\/uploads\/2023\/12\/zxcv.jpg 666w, https:\/\/errr-magazine.com\/wp-content\/uploads\/2023\/12\/zxcv-239x300.jpg 239w\" data-sizes=\"(max-width: 666px) 100vw, 666px\" src=\"data:image\/svg+xml;base64,PHN2ZyB3aWR0aD0iMSIgaGVpZ2h0PSIxIiB4bWxucz0iaHR0cDovL3d3dy53My5vcmcvMjAwMC9zdmciPjwvc3ZnPg==\" style=\"--smush-placeholder-width: 666px; --smush-placeholder-aspect-ratio: 666\/836;\" \/><\/figure>\n\n\n\n<p><strong>Photography has the power to tell stories and convey emotions. Can you share an experience where one of your photographs has had a significant impact on people or yourself?<\/strong><br>Hace unos 4 a\u00f1os empec\u00e9 a tirar principalmente film y al inicio los resultados que obten\u00eda, no eran mucho de mi agrado, a tal grado de perder un poco la confianza en m\u00ed mismo. De manera muy espont\u00e1nea y sorpresiva en 2022 tuve la oportunidad de fotografiar a una de mis bandas favoritas (Boy Pablo), as\u00ed que fu\u00ed decidido, pero a la vez nervioso y un poco inseguro. Si bien la mayor\u00eda de las fotos no fueron para nada de mi agrado, una fotograf\u00eda bast\u00f3 para regresarme esa confianza y esas ganas de hacer fotograf\u00eda. Con esa foto podr\u00eda marcar un antes y un despu\u00e9s de manera personal como fot\u00f3grafo, me ense\u00f1\u00f3 que mi camino es este y voy bien, a mi paso, pero seguro.<\/p>\n\n\n\n<p><strong>What has been your most challenging photography project to date and why?<\/strong><br>En 2019 tuve la oportunidad de cubrir el festival Domination M\u00e9xico y era la primera vez que cubr\u00eda algo as\u00ed de manera profesional y como parte del equipo del festival. Hay que planear y pensar muy bien en qu\u00e9 equipo usar en ese tipo de eventos, para no perderte los momentos m\u00e1s importantes, adem\u00e1s de que son jornadas pesadas, pelearte un poco con la gente para poder encontrar un buen spot para tomar la foto, estar al tanto de tu equipo, correr de escenario a escenario, etc. Creo que al momento ha sido el proyecto m\u00e1s demandante en el que he estado.<\/p>\n\n\n\n<figure class=\"wp-block-image size-full\"><img decoding=\"async\" width=\"671\" height=\"836\" data-src=\"https:\/\/errr-magazine.com\/wp-content\/uploads\/2023\/12\/scbvcbv.jpg\" alt=\"\" class=\"wp-image-186867 lazyload\" data-srcset=\"https:\/\/errr-magazine.com\/wp-content\/uploads\/2023\/12\/scbvcbv.jpg 671w, https:\/\/errr-magazine.com\/wp-content\/uploads\/2023\/12\/scbvcbv-241x300.jpg 241w\" data-sizes=\"(max-width: 671px) 100vw, 671px\" src=\"data:image\/svg+xml;base64,PHN2ZyB3aWR0aD0iMSIgaGVpZ2h0PSIxIiB4bWxucz0iaHR0cDovL3d3dy53My5vcmcvMjAwMC9zdmciPjwvc3ZnPg==\" style=\"--smush-placeholder-width: 671px; --smush-placeholder-aspect-ratio: 671\/836;\" \/><\/figure>\n\n\n\n<p><strong>Technology and photo editing tools are constantly evolving, can you tell us about the techniques and equipment you consider essential to your work?<\/strong><br>\u00daltimamente lo que m\u00e1s hago es fotograf\u00eda an\u00e1loga, pero a pesar de que el laboratorio se encarga de revelar y escanear, siempre pido mis scans en TIF, por si algo no sali\u00f3 como yo esperaba, poder editar un poco la fotograf\u00eda en Lightroom. Y a\u00fan con las fotos digitales, igual siempre uso Lightroom en mi computadora para editarlas. No soy fan de editar las fotos en el celular o una tablet, me gusta darme el tiempo y espacio para poderme sentar y dedicarme enteramente a esa tarea.<\/p>\n\n\n\n<p><strong>There are many genres in photography, from portraits to nature photography. Do you have a favorite genre that you are most comfortable with or enjoy shooting? Why?<\/strong><br>Me gusta mucho la foto callejera, porque en realidad uno sale sin saber qu\u00e9 fotos vas a obtener. Es salir a conectar con tu entorno y cazar momentos que para ti pueden significar algo. Adem\u00e1s este tipo de fotograf\u00eda requiere que est\u00e9s m\u00e1s alerta y que observes demasiado, cosa que en lo personal siento que hemos perdido mucho siempre vamos al tanto de nuestros tel\u00e9fonos e ignoramos las cosas que suceden a nuestro alrededor. De alguna forma dejamos de vivir en el mundo f\u00edsico, para vivir principalmente en el mundo digital y de alguna forma siento que la fotograf\u00eda callejera te da la oportunidad de estar AQU\u00cd.<\/p>\n\n\n\n<figure class=\"wp-block-image size-full\"><img decoding=\"async\" width=\"663\" height=\"831\" data-src=\"https:\/\/errr-magazine.com\/wp-content\/uploads\/2023\/12\/qwergsfd.jpg\" alt=\"\" class=\"wp-image-186868 lazyload\" data-srcset=\"https:\/\/errr-magazine.com\/wp-content\/uploads\/2023\/12\/qwergsfd.jpg 663w, https:\/\/errr-magazine.com\/wp-content\/uploads\/2023\/12\/qwergsfd-239x300.jpg 239w\" data-sizes=\"(max-width: 663px) 100vw, 663px\" src=\"data:image\/svg+xml;base64,PHN2ZyB3aWR0aD0iMSIgaGVpZ2h0PSIxIiB4bWxucz0iaHR0cDovL3d3dy53My5vcmcvMjAwMC9zdmciPjwvc3ZnPg==\" style=\"--smush-placeholder-width: 663px; --smush-placeholder-aspect-ratio: 663\/831;\" \/><\/figure>\n\n\n\n<p><strong>Can you share an interesting or unusual anecdote you experienced while taking photographs?<\/strong><br>Creo que lo m\u00e1s curioso de la fotograf\u00eda y hablando en espec\u00edfico de la fotograf\u00eda an\u00e1loga, es que traer una c\u00e1mara contigo, generalmente siempre se vuelve un tema de conversaci\u00f3n. Me ha pasado muchas veces que alg\u00fan se\u00f1or se me acerca y me comenta que \u00e9l hace muchos a\u00f1os sol\u00eda tomar fotos con una c\u00e1mara como la m\u00eda, por ejemplo. Y he tenido la oportunidad de conocer a mucha gente, su historia de vida y hasta su trabajo como fot\u00f3grafos, a partir de una c\u00e1mara.<\/p>\n\n\n\n<p><strong>Many photographers find inspiration in other visual artists or in everyday life. What are some of your sources of inspiration?<\/strong><br>Siempre estoy consumiendo material audiovisual, ya sea en revistas, pel\u00edculas, pinturas, esculturas, YouTube, Instagram. A pesar de que \u00faltimamente el contenido en Instagram ya no s\u00f3lo es un tema de fotograf\u00edas y se ha diversificado un poco, a\u00fan es uno de mis espacios favoritos para buscar un poco de inspiraci\u00f3n. Encuentras trabajo de much\u00edsima gente, de todas partes del mundo, con herramientas diferentes y creo que siguiendo a las cuentas adecuadas o sabiendo c\u00f3mo buscar, es una fuente interminable de contenido, para poder inspirarse.<\/p>\n\n\n\n<figure class=\"wp-block-image size-large\"><img decoding=\"async\" width=\"1024\" height=\"683\" data-src=\"https:\/\/errr-magazine.com\/wp-content\/uploads\/2023\/12\/F1000038-1024x683.jpg\" alt=\"\" class=\"wp-image-186869 lazyload\" data-srcset=\"https:\/\/errr-magazine.com\/wp-content\/uploads\/2023\/12\/F1000038-1024x683.jpg 1024w, https:\/\/errr-magazine.com\/wp-content\/uploads\/2023\/12\/F1000038-300x200.jpg 300w, https:\/\/errr-magazine.com\/wp-content\/uploads\/2023\/12\/F1000038-768x512.jpg 768w, https:\/\/errr-magazine.com\/wp-content\/uploads\/2023\/12\/F1000038-1536x1024.jpg 1536w, https:\/\/errr-magazine.com\/wp-content\/uploads\/2023\/12\/F1000038.jpg 1920w\" data-sizes=\"(max-width: 1024px) 100vw, 1024px\" src=\"data:image\/svg+xml;base64,PHN2ZyB3aWR0aD0iMSIgaGVpZ2h0PSIxIiB4bWxucz0iaHR0cDovL3d3dy53My5vcmcvMjAwMC9zdmciPjwvc3ZnPg==\" style=\"--smush-placeholder-width: 1024px; --smush-placeholder-aspect-ratio: 1024\/683;\" \/><\/figure>\n\n\n\n<p><strong>Photography is a visual medium, but it often has a conceptual background as well. Have you worked on photographic projects that address specific themes or concepts? Can you share information about one of those projects?<\/strong><br>Me ha tocado hacer un par de trabajos con m\u00fasicos y es muy interesante conceptualizar en im\u00e1genes, las ideas de sus canciones o de sus discos. Siempre es tener juntas previas para que el artista de plantee lo que quiere decir o proyectar, para despu\u00e9s uno como fot\u00f3grafo, poder hacer una propuesta de c\u00f3mo nosotros interpretamos eso mismo, pero de una manera visual. Y as\u00ed como pueden ser proyectos muy conceptuales o elaborados, puede haber tambi\u00e9n proyectos m\u00e1s sencillos. Por ejemplo, hace un a\u00f1o realic\u00e9 una sesi\u00f3n fotogr\u00e1fica para una banda, que b\u00e1sicamente consist\u00eda en tomar en film, un par de retratos de cada miembro como si fueran fotograf\u00edas de anuario gringo en los 80&#8217;s y listo.<\/p>\n\n\n\n<p><strong>For aspiring photographers who may be reading this interview, what is the most valuable piece of advice you have received in your career or would like to share with them?<\/strong><br>Arri\u00e9sgate a probar cosas nuevas y no le temas al fracaso. Deja de compararte con los dem\u00e1s, todos tienen su proceso y cada uno avanza a su paso y con su estilo propio. Deja de creer todo lo que ves en redes sociales, cr\u00e9eme que por cada foto incre\u00edble que ves en el feed de alguien, seguro hubieron cincuenta muy malas fotos. Cree en ti, si t\u00fa no lo haces, nadie lo va a hacer.<\/p>\n\n\n\n<figure class=\"wp-block-image size-full\"><img decoding=\"async\" width=\"666\" height=\"834\" data-src=\"https:\/\/errr-magazine.com\/wp-content\/uploads\/2023\/12\/tqrg.jpg\" alt=\"\" class=\"wp-image-186870 lazyload\" data-srcset=\"https:\/\/errr-magazine.com\/wp-content\/uploads\/2023\/12\/tqrg.jpg 666w, https:\/\/errr-magazine.com\/wp-content\/uploads\/2023\/12\/tqrg-240x300.jpg 240w\" data-sizes=\"(max-width: 666px) 100vw, 666px\" src=\"data:image\/svg+xml;base64,PHN2ZyB3aWR0aD0iMSIgaGVpZ2h0PSIxIiB4bWxucz0iaHR0cDovL3d3dy53My5vcmcvMjAwMC9zdmciPjwvc3ZnPg==\" style=\"--smush-placeholder-width: 666px; --smush-placeholder-aspect-ratio: 666\/834;\" \/><\/figure>\n\n\n\n<p><strong>Recommend us the Instagram account of an artist whose work you like.<\/strong><br><a href=\"https:\/\/www.instagram.com\/brainbuster_\">@brainbuster_<\/a><\/p>","protected":false},"excerpt":{"rendered":"<p>Por cada foto incre\u00edble que ves en el feed de alguien, seguro hubieron cincuenta muy malas fotos. Cree en ti, si t\u00fa no lo haces, nadie lo va a hacer.<\/p>","protected":false},"author":7728,"featured_media":186865,"comment_status":"closed","ping_status":"closed","sticky":false,"template":"","format":"standard","meta":{"_acf_changed":false,"cybocfi_hide_featured_image":"","_jetpack_memberships_contains_paid_content":false,"footnotes":""},"categories":[17849],"tags":[],"class_list":["post-186864","post","type-post","status-publish","format-standard","has-post-thumbnail","hentry","category-interviews"],"acf":[],"mb":[],"yoast_head":"<!-- This site is optimized with the Yoast SEO plugin v27.2 - https:\/\/yoast.com\/product\/yoast-seo-wordpress\/ -->\n<title>Sigue al ojo - ERRR MAGAZINE<\/title>\n<meta name=\"robots\" content=\"index, follow, max-snippet:-1, max-image-preview:large, max-video-preview:-1\" \/>\n<link rel=\"canonical\" href=\"https:\/\/errr-magazine.com\/english\/sigue-al-ojo\/\" \/>\n<meta property=\"og:locale\" content=\"en_US\" \/>\n<meta property=\"og:type\" content=\"article\" \/>\n<meta property=\"og:title\" content=\"Sigue al ojo - ERRR MAGAZINE\" \/>\n<meta property=\"og:description\" content=\"Por cada foto incre\u00edble que ves en el feed de alguien, seguro hubieron cincuenta muy malas fotos. Cree en ti, si t\u00fa no lo haces, nadie lo va a hacer.\" \/>\n<meta property=\"og:url\" content=\"https:\/\/errr-magazine.com\/english\/sigue-al-ojo\/\" \/>\n<meta property=\"og:site_name\" content=\"ERRR MAGAZINE\" \/>\n<meta property=\"article:published_time\" content=\"2023-12-08T21:31:09+00:00\" \/>\n<meta property=\"article:modified_time\" content=\"2025-08-15T16:55:50+00:00\" \/>\n<meta property=\"og:image\" content=\"https:\/\/errr-magazine.com\/wp-content\/uploads\/2023\/12\/2.jpg\" \/>\n\t<meta property=\"og:image:width\" content=\"670\" \/>\n\t<meta property=\"og:image:height\" content=\"839\" \/>\n\t<meta property=\"og:image:type\" content=\"image\/jpeg\" \/>\n<meta name=\"author\" content=\"Ist\u00e1n Guzm\u00e1n\" \/>\n<meta name=\"twitter:card\" content=\"summary_large_image\" \/>\n<meta name=\"twitter:label1\" content=\"Written by\" \/>\n\t<meta name=\"twitter:data1\" content=\"Ist\u00e1n Guzm\u00e1n\" \/>\n\t<meta name=\"twitter:label2\" content=\"Est. reading time\" \/>\n\t<meta name=\"twitter:data2\" content=\"7 minutes\" \/>\n<script type=\"application\/ld+json\" class=\"yoast-schema-graph\">{\"@context\":\"https:\/\/schema.org\",\"@graph\":[{\"@type\":\"Article\",\"@id\":\"https:\/\/errr-magazine.com\/sigue-al-ojo\/#article\",\"isPartOf\":{\"@id\":\"https:\/\/errr-magazine.com\/sigue-al-ojo\/\"},\"author\":{\"name\":\"Ist\u00e1n Guzm\u00e1n\",\"@id\":\"https:\/\/errr-magazine.com\/#\/schema\/person\/26d3fe4fbfaf26194bdbb6e425599ff0\"},\"headline\":\"Sigue al ojo\",\"datePublished\":\"2023-12-08T21:31:09+00:00\",\"dateModified\":\"2025-08-15T16:55:50+00:00\",\"mainEntityOfPage\":{\"@id\":\"https:\/\/errr-magazine.com\/sigue-al-ojo\/\"},\"wordCount\":1365,\"image\":{\"@id\":\"https:\/\/errr-magazine.com\/sigue-al-ojo\/#primaryimage\"},\"thumbnailUrl\":\"https:\/\/errr-magazine.com\/wp-content\/uploads\/2023\/12\/2.jpg\",\"articleSection\":[\"Interview\"],\"inLanguage\":\"en-US\"},{\"@type\":\"WebPage\",\"@id\":\"https:\/\/errr-magazine.com\/sigue-al-ojo\/\",\"url\":\"https:\/\/errr-magazine.com\/sigue-al-ojo\/\",\"name\":\"Sigue al ojo - ERRR MAGAZINE\",\"isPartOf\":{\"@id\":\"https:\/\/errr-magazine.com\/#website\"},\"primaryImageOfPage\":{\"@id\":\"https:\/\/errr-magazine.com\/sigue-al-ojo\/#primaryimage\"},\"image\":{\"@id\":\"https:\/\/errr-magazine.com\/sigue-al-ojo\/#primaryimage\"},\"thumbnailUrl\":\"https:\/\/errr-magazine.com\/wp-content\/uploads\/2023\/12\/2.jpg\",\"datePublished\":\"2023-12-08T21:31:09+00:00\",\"dateModified\":\"2025-08-15T16:55:50+00:00\",\"author\":{\"@id\":\"https:\/\/errr-magazine.com\/#\/schema\/person\/26d3fe4fbfaf26194bdbb6e425599ff0\"},\"breadcrumb\":{\"@id\":\"https:\/\/errr-magazine.com\/sigue-al-ojo\/#breadcrumb\"},\"inLanguage\":\"en-US\",\"potentialAction\":[{\"@type\":\"ReadAction\",\"target\":[\"https:\/\/errr-magazine.com\/sigue-al-ojo\/\"]}]},{\"@type\":\"ImageObject\",\"inLanguage\":\"en-US\",\"@id\":\"https:\/\/errr-magazine.com\/sigue-al-ojo\/#primaryimage\",\"url\":\"https:\/\/errr-magazine.com\/wp-content\/uploads\/2023\/12\/2.jpg\",\"contentUrl\":\"https:\/\/errr-magazine.com\/wp-content\/uploads\/2023\/12\/2.jpg\",\"width\":670,\"height\":839,\"caption\":\"Fotograf\u00edas por Ist\u00e1n Guzm\u00e1n\"},{\"@type\":\"BreadcrumbList\",\"@id\":\"https:\/\/errr-magazine.com\/sigue-al-ojo\/#breadcrumb\",\"itemListElement\":[{\"@type\":\"ListItem\",\"position\":1,\"name\":\"Portada\",\"item\":\"https:\/\/errr-magazine.com\/\"},{\"@type\":\"ListItem\",\"position\":2,\"name\":\"Sigue al ojo\"}]},{\"@type\":\"WebSite\",\"@id\":\"https:\/\/errr-magazine.com\/#website\",\"url\":\"https:\/\/errr-magazine.com\/\",\"name\":\"ERRR MAGAZINE\",\"description\":\"\",\"potentialAction\":[{\"@type\":\"SearchAction\",\"target\":{\"@type\":\"EntryPoint\",\"urlTemplate\":\"https:\/\/errr-magazine.com\/?s={search_term_string}\"},\"query-input\":{\"@type\":\"PropertyValueSpecification\",\"valueRequired\":true,\"valueName\":\"search_term_string\"}}],\"inLanguage\":\"en-US\"},{\"@type\":\"Person\",\"@id\":\"https:\/\/errr-magazine.com\/#\/schema\/person\/26d3fe4fbfaf26194bdbb6e425599ff0\",\"name\":\"Ist\u00e1n Guzm\u00e1n\",\"image\":{\"@type\":\"ImageObject\",\"inLanguage\":\"en-US\",\"@id\":\"https:\/\/secure.gravatar.com\/avatar\/dc67c3f38d8dc59bae1f643c246181954bce32d6206df9fcb2a83a779f486967?s=96&d=identicon&r=g\",\"url\":\"https:\/\/secure.gravatar.com\/avatar\/dc67c3f38d8dc59bae1f643c246181954bce32d6206df9fcb2a83a779f486967?s=96&d=identicon&r=g\",\"contentUrl\":\"https:\/\/secure.gravatar.com\/avatar\/dc67c3f38d8dc59bae1f643c246181954bce32d6206df9fcb2a83a779f486967?s=96&d=identicon&r=g\",\"caption\":\"Ist\u00e1n Guzm\u00e1n\"},\"description\":\"Fot\u00f3grafo oficial de la vida cotidiana, amante de la nostalgia y coleccionista de momentos valiosos.\",\"sameAs\":[\"https:\/\/www.instagram.com\/istangm\"],\"url\":\"https:\/\/errr-magazine.com\/english\/author\/istangm\/\"}]}<\/script>\n<!-- \/ Yoast SEO plugin. -->","yoast_head_json":{"title":"Sigue al ojo - ERRR MAGAZINE","robots":{"index":"index","follow":"follow","max-snippet":"max-snippet:-1","max-image-preview":"max-image-preview:large","max-video-preview":"max-video-preview:-1"},"canonical":"https:\/\/errr-magazine.com\/english\/sigue-al-ojo\/","og_locale":"en_US","og_type":"article","og_title":"Sigue al ojo - ERRR MAGAZINE","og_description":"Por cada foto incre\u00edble que ves en el feed de alguien, seguro hubieron cincuenta muy malas fotos. Cree en ti, si t\u00fa no lo haces, nadie lo va a hacer.","og_url":"https:\/\/errr-magazine.com\/english\/sigue-al-ojo\/","og_site_name":"ERRR MAGAZINE","article_published_time":"2023-12-08T21:31:09+00:00","article_modified_time":"2025-08-15T16:55:50+00:00","og_image":[{"width":670,"height":839,"url":"https:\/\/errr-magazine.com\/wp-content\/uploads\/2023\/12\/2.jpg","type":"image\/jpeg"}],"author":"Ist\u00e1n Guzm\u00e1n","twitter_card":"summary_large_image","twitter_misc":{"Written by":"Ist\u00e1n Guzm\u00e1n","Est. reading time":"7 minutes"},"schema":{"@context":"https:\/\/schema.org","@graph":[{"@type":"Article","@id":"https:\/\/errr-magazine.com\/sigue-al-ojo\/#article","isPartOf":{"@id":"https:\/\/errr-magazine.com\/sigue-al-ojo\/"},"author":{"name":"Ist\u00e1n Guzm\u00e1n","@id":"https:\/\/errr-magazine.com\/#\/schema\/person\/26d3fe4fbfaf26194bdbb6e425599ff0"},"headline":"Sigue al ojo","datePublished":"2023-12-08T21:31:09+00:00","dateModified":"2025-08-15T16:55:50+00:00","mainEntityOfPage":{"@id":"https:\/\/errr-magazine.com\/sigue-al-ojo\/"},"wordCount":1365,"image":{"@id":"https:\/\/errr-magazine.com\/sigue-al-ojo\/#primaryimage"},"thumbnailUrl":"https:\/\/errr-magazine.com\/wp-content\/uploads\/2023\/12\/2.jpg","articleSection":["Interview"],"inLanguage":"en-US"},{"@type":"WebPage","@id":"https:\/\/errr-magazine.com\/sigue-al-ojo\/","url":"https:\/\/errr-magazine.com\/sigue-al-ojo\/","name":"Sigue al ojo - ERRR MAGAZINE","isPartOf":{"@id":"https:\/\/errr-magazine.com\/#website"},"primaryImageOfPage":{"@id":"https:\/\/errr-magazine.com\/sigue-al-ojo\/#primaryimage"},"image":{"@id":"https:\/\/errr-magazine.com\/sigue-al-ojo\/#primaryimage"},"thumbnailUrl":"https:\/\/errr-magazine.com\/wp-content\/uploads\/2023\/12\/2.jpg","datePublished":"2023-12-08T21:31:09+00:00","dateModified":"2025-08-15T16:55:50+00:00","author":{"@id":"https:\/\/errr-magazine.com\/#\/schema\/person\/26d3fe4fbfaf26194bdbb6e425599ff0"},"breadcrumb":{"@id":"https:\/\/errr-magazine.com\/sigue-al-ojo\/#breadcrumb"},"inLanguage":"en-US","potentialAction":[{"@type":"ReadAction","target":["https:\/\/errr-magazine.com\/sigue-al-ojo\/"]}]},{"@type":"ImageObject","inLanguage":"en-US","@id":"https:\/\/errr-magazine.com\/sigue-al-ojo\/#primaryimage","url":"https:\/\/errr-magazine.com\/wp-content\/uploads\/2023\/12\/2.jpg","contentUrl":"https:\/\/errr-magazine.com\/wp-content\/uploads\/2023\/12\/2.jpg","width":670,"height":839,"caption":"Fotograf\u00edas por Ist\u00e1n Guzm\u00e1n"},{"@type":"BreadcrumbList","@id":"https:\/\/errr-magazine.com\/sigue-al-ojo\/#breadcrumb","itemListElement":[{"@type":"ListItem","position":1,"name":"Portada","item":"https:\/\/errr-magazine.com\/"},{"@type":"ListItem","position":2,"name":"Sigue al ojo"}]},{"@type":"WebSite","@id":"https:\/\/errr-magazine.com\/#website","url":"https:\/\/errr-magazine.com\/","name":"ERRR MAGAZINE","description":"","potentialAction":[{"@type":"SearchAction","target":{"@type":"EntryPoint","urlTemplate":"https:\/\/errr-magazine.com\/?s={search_term_string}"},"query-input":{"@type":"PropertyValueSpecification","valueRequired":true,"valueName":"search_term_string"}}],"inLanguage":"en-US"},{"@type":"Person","@id":"https:\/\/errr-magazine.com\/#\/schema\/person\/26d3fe4fbfaf26194bdbb6e425599ff0","name":"Ist\u00e1n Guzm\u00e1n","image":{"@type":"ImageObject","inLanguage":"en-US","@id":"https:\/\/secure.gravatar.com\/avatar\/dc67c3f38d8dc59bae1f643c246181954bce32d6206df9fcb2a83a779f486967?s=96&d=identicon&r=g","url":"https:\/\/secure.gravatar.com\/avatar\/dc67c3f38d8dc59bae1f643c246181954bce32d6206df9fcb2a83a779f486967?s=96&d=identicon&r=g","contentUrl":"https:\/\/secure.gravatar.com\/avatar\/dc67c3f38d8dc59bae1f643c246181954bce32d6206df9fcb2a83a779f486967?s=96&d=identicon&r=g","caption":"Ist\u00e1n Guzm\u00e1n"},"description":"Fot\u00f3grafo oficial de la vida cotidiana, amante de la nostalgia y coleccionista de momentos valiosos.","sameAs":["https:\/\/www.instagram.com\/istangm"],"url":"https:\/\/errr-magazine.com\/english\/author\/istangm\/"}]}},"jetpack_featured_media_url":"https:\/\/errr-magazine.com\/wp-content\/uploads\/2023\/12\/2.jpg","jetpack-related-posts":[{"id":187263,"url":"https:\/\/errr-magazine.com\/english\/todo-es-efimero\/","url_meta":{"origin":186864,"position":0},"title":"Todo es ef\u00edmero","author":"Ritta Trejo","date":"02\/03\/2024","format":false,"excerpt":"Mi trabajo explora el pasado, la nostalgia y mi percepci\u00f3n del espacio y el tiempo.","rel":"","context":"In &quot;Interview&quot;","block_context":{"text":"Interview","link":"https:\/\/errr-magazine.com\/english\/category\/interviews\/"},"img":{"alt_text":"","src":"https:\/\/i0.wp.com\/errr-magazine.com\/wp-content\/uploads\/2024\/02\/07-ritta-trejo-film-photography-blackandwhite-pinhole-selfportrait.jpg?resize=350%2C200&ssl=1","width":350,"height":200,"srcset":"https:\/\/i0.wp.com\/errr-magazine.com\/wp-content\/uploads\/2024\/02\/07-ritta-trejo-film-photography-blackandwhite-pinhole-selfportrait.jpg?resize=350%2C200&ssl=1 1x, https:\/\/i0.wp.com\/errr-magazine.com\/wp-content\/uploads\/2024\/02\/07-ritta-trejo-film-photography-blackandwhite-pinhole-selfportrait.jpg?resize=525%2C300&ssl=1 1.5x, https:\/\/i0.wp.com\/errr-magazine.com\/wp-content\/uploads\/2024\/02\/07-ritta-trejo-film-photography-blackandwhite-pinhole-selfportrait.jpg?resize=700%2C400&ssl=1 2x, https:\/\/i0.wp.com\/errr-magazine.com\/wp-content\/uploads\/2024\/02\/07-ritta-trejo-film-photography-blackandwhite-pinhole-selfportrait.jpg?resize=1050%2C600&ssl=1 3x, https:\/\/i0.wp.com\/errr-magazine.com\/wp-content\/uploads\/2024\/02\/07-ritta-trejo-film-photography-blackandwhite-pinhole-selfportrait.jpg?resize=1400%2C800&ssl=1 4x"},"classes":[]},{"id":186457,"url":"https:\/\/errr-magazine.com\/english\/un-sin-fin-de-abrir-de-ojos\/","url_meta":{"origin":186864,"position":1},"title":"Un sin fin de abrir de ojos","author":"Daniela Garza","date":"11\/10\/2023","format":false,"excerpt":"Tras una serie de eventos rom\u00e1nticos desafortunados y un sin fin de abrir de ojos, me percat\u00e9 de que muchas veces nos perdemos de mucho por estar buscando un poco.","rel":"","context":"In &quot;Interview&quot;","block_context":{"text":"Interview","link":"https:\/\/errr-magazine.com\/english\/category\/interviews\/"},"img":{"alt_text":"","src":"https:\/\/i0.wp.com\/errr-magazine.com\/wp-content\/uploads\/2023\/11\/mirror_daniela.jpg?resize=350%2C200&ssl=1","width":350,"height":200,"srcset":"https:\/\/i0.wp.com\/errr-magazine.com\/wp-content\/uploads\/2023\/11\/mirror_daniela.jpg?resize=350%2C200&ssl=1 1x, https:\/\/i0.wp.com\/errr-magazine.com\/wp-content\/uploads\/2023\/11\/mirror_daniela.jpg?resize=525%2C300&ssl=1 1.5x, https:\/\/i0.wp.com\/errr-magazine.com\/wp-content\/uploads\/2023\/11\/mirror_daniela.jpg?resize=700%2C400&ssl=1 2x, https:\/\/i0.wp.com\/errr-magazine.com\/wp-content\/uploads\/2023\/11\/mirror_daniela.jpg?resize=1050%2C600&ssl=1 3x"},"classes":[]},{"id":186902,"url":"https:\/\/errr-magazine.com\/english\/calido\/","url_meta":{"origin":186864,"position":2},"title":"C\u00e1lido","author":"Julio Guti\u00e9rrez","date":"12\/09\/2023","format":false,"excerpt":"La constante comparaci\u00f3n con lo que hacen los dem\u00e1s o lo que est\u00e1 de moda, mata un poco la autenticidad de uno, en vez de ver para adentro y experimentar nos dejamos llevar por lo que hacen todos en ese momento.","rel":"","context":"In &quot;Interview&quot;","block_context":{"text":"Interview","link":"https:\/\/errr-magazine.com\/english\/category\/interviews\/"},"img":{"alt_text":"","src":"https:\/\/i0.wp.com\/errr-magazine.com\/wp-content\/uploads\/2023\/12\/gadfgadf.jpg?resize=350%2C200&ssl=1","width":350,"height":200,"srcset":"https:\/\/i0.wp.com\/errr-magazine.com\/wp-content\/uploads\/2023\/12\/gadfgadf.jpg?resize=350%2C200&ssl=1 1x, https:\/\/i0.wp.com\/errr-magazine.com\/wp-content\/uploads\/2023\/12\/gadfgadf.jpg?resize=525%2C300&ssl=1 1.5x"},"classes":[]},{"id":186619,"url":"https:\/\/errr-magazine.com\/english\/alguien-que-desayuna-o-que-rie\/","url_meta":{"origin":186864,"position":3},"title":"Alguien que desayuna o que r\u00ede","author":"N\u00e9stor Mart\u00ednez","date":"11\/20\/2023","format":false,"excerpt":"Pensar en fotos como cuentos que suceden o tal vez poemas que no se escriben pero se ven.","rel":"","context":"In &quot;Interview&quot;","block_context":{"text":"Interview","link":"https:\/\/errr-magazine.com\/english\/category\/interviews\/"},"img":{"alt_text":"","src":"https:\/\/i0.wp.com\/errr-magazine.com\/wp-content\/uploads\/2023\/11\/NES_400TX_1600_-30.jpg?resize=350%2C200&ssl=1","width":350,"height":200,"srcset":"https:\/\/i0.wp.com\/errr-magazine.com\/wp-content\/uploads\/2023\/11\/NES_400TX_1600_-30.jpg?resize=350%2C200&ssl=1 1x, https:\/\/i0.wp.com\/errr-magazine.com\/wp-content\/uploads\/2023\/11\/NES_400TX_1600_-30.jpg?resize=525%2C300&ssl=1 1.5x, https:\/\/i0.wp.com\/errr-magazine.com\/wp-content\/uploads\/2023\/11\/NES_400TX_1600_-30.jpg?resize=700%2C400&ssl=1 2x, https:\/\/i0.wp.com\/errr-magazine.com\/wp-content\/uploads\/2023\/11\/NES_400TX_1600_-30.jpg?resize=1050%2C600&ssl=1 3x, https:\/\/i0.wp.com\/errr-magazine.com\/wp-content\/uploads\/2023\/11\/NES_400TX_1600_-30.jpg?resize=1400%2C800&ssl=1 4x"},"classes":[]},{"id":186268,"url":"https:\/\/errr-magazine.com\/english\/carreteras-y-momentos-no-planeados\/","url_meta":{"origin":186864,"position":4},"title":"Carreteras y momentos no planeados","author":"Priscilla Orfanos","date":"10\/29\/2023","format":false,"excerpt":"Un amigo fot\u00f3grafo una vez me dijo, lo padre de la fotograf\u00eda anal\u00f3ga es que no hay errores. T\u00fa creas tu propia visi\u00f3n y es v\u00e1lida. Eso me ayud\u00f3 mucho a tomar fotos sin miedo e ir aprendiendo que el proceso creativo de cada quien es muy diferente.","rel":"","context":"In &quot;Interview&quot;","block_context":{"text":"Interview","link":"https:\/\/errr-magazine.com\/english\/category\/interviews\/"},"img":{"alt_text":"","src":"https:\/\/i0.wp.com\/errr-magazine.com\/wp-content\/uploads\/2023\/10\/Captura-de-pantalla-2023-10-30-a-las-07.34.09.jpg?resize=350%2C200&ssl=1","width":350,"height":200,"srcset":"https:\/\/i0.wp.com\/errr-magazine.com\/wp-content\/uploads\/2023\/10\/Captura-de-pantalla-2023-10-30-a-las-07.34.09.jpg?resize=350%2C200&ssl=1 1x, https:\/\/i0.wp.com\/errr-magazine.com\/wp-content\/uploads\/2023\/10\/Captura-de-pantalla-2023-10-30-a-las-07.34.09.jpg?resize=525%2C300&ssl=1 1.5x, https:\/\/i0.wp.com\/errr-magazine.com\/wp-content\/uploads\/2023\/10\/Captura-de-pantalla-2023-10-30-a-las-07.34.09.jpg?resize=700%2C400&ssl=1 2x"},"classes":[]},{"id":187288,"url":"https:\/\/errr-magazine.com\/english\/que-magia-sucedio\/","url_meta":{"origin":186864,"position":5},"title":"Qu\u00e9 magia sucedi\u00f3","author":"Kenia Carre\u00f3n","date":"02\/09\/2024","format":false,"excerpt":"Los retratos que hago suelen ser en paisajes donde la naturaleza es la que manda, no s\u00f3lo el rostro del retratado.","rel":"","context":"In &quot;Interview&quot;","block_context":{"text":"Interview","link":"https:\/\/errr-magazine.com\/english\/category\/interviews\/"},"img":{"alt_text":"","src":"https:\/\/i0.wp.com\/errr-magazine.com\/wp-content\/uploads\/2024\/02\/retrato1.jpg?resize=350%2C200&ssl=1","width":350,"height":200,"srcset":"https:\/\/i0.wp.com\/errr-magazine.com\/wp-content\/uploads\/2024\/02\/retrato1.jpg?resize=350%2C200&ssl=1 1x, https:\/\/i0.wp.com\/errr-magazine.com\/wp-content\/uploads\/2024\/02\/retrato1.jpg?resize=525%2C300&ssl=1 1.5x, https:\/\/i0.wp.com\/errr-magazine.com\/wp-content\/uploads\/2024\/02\/retrato1.jpg?resize=700%2C400&ssl=1 2x, https:\/\/i0.wp.com\/errr-magazine.com\/wp-content\/uploads\/2024\/02\/retrato1.jpg?resize=1050%2C600&ssl=1 3x, https:\/\/i0.wp.com\/errr-magazine.com\/wp-content\/uploads\/2024\/02\/retrato1.jpg?resize=1400%2C800&ssl=1 4x"},"classes":[]}],"jetpack_sharing_enabled":true,"mfb_rest_fields":["title","yoast_head","yoast_head_json","jetpack_featured_media_url","jetpack-related-posts","jetpack_sharing_enabled"],"_links":{"self":[{"href":"https:\/\/errr-magazine.com\/english\/wp-json\/wp\/v2\/posts\/186864","targetHints":{"allow":["GET"]}}],"collection":[{"href":"https:\/\/errr-magazine.com\/english\/wp-json\/wp\/v2\/posts"}],"about":[{"href":"https:\/\/errr-magazine.com\/english\/wp-json\/wp\/v2\/types\/post"}],"author":[{"embeddable":true,"href":"https:\/\/errr-magazine.com\/english\/wp-json\/wp\/v2\/users\/7728"}],"replies":[{"embeddable":true,"href":"https:\/\/errr-magazine.com\/english\/wp-json\/wp\/v2\/comments?post=186864"}],"version-history":[{"count":4,"href":"https:\/\/errr-magazine.com\/english\/wp-json\/wp\/v2\/posts\/186864\/revisions"}],"predecessor-version":[{"id":188320,"href":"https:\/\/errr-magazine.com\/english\/wp-json\/wp\/v2\/posts\/186864\/revisions\/188320"}],"wp:featuredmedia":[{"embeddable":true,"href":"https:\/\/errr-magazine.com\/english\/wp-json\/wp\/v2\/media\/186865"}],"wp:attachment":[{"href":"https:\/\/errr-magazine.com\/english\/wp-json\/wp\/v2\/media?parent=186864"}],"wp:term":[{"taxonomy":"category","embeddable":true,"href":"https:\/\/errr-magazine.com\/english\/wp-json\/wp\/v2\/categories?post=186864"},{"taxonomy":"post_tag","embeddable":true,"href":"https:\/\/errr-magazine.com\/english\/wp-json\/wp\/v2\/tags?post=186864"}],"curies":[{"name":"wp","href":"https:\/\/api.w.org\/{rel}","templated":true}]}}