{"id":186848,"date":"2023-12-08T15:00:31","date_gmt":"2023-12-08T21:00:31","guid":{"rendered":"https:\/\/errr-magazine.com\/?p=186848"},"modified":"2025-08-15T10:55:50","modified_gmt":"2025-08-15T16:55:50","slug":"anclas","status":"publish","type":"post","link":"https:\/\/errr-magazine.com\/english\/anclas\/","title":{"rendered":"Anclas"},"content":{"rendered":"<p><strong>Tell us a little about yourself and how you got started in photography. What inspired you to start taking pictures?<\/strong><br>Comenc\u00e9 con la fotograf\u00eda con una P&amp;S que me regalaron mis abuelos, cuando ten\u00eda unos 11 a\u00f1os. Una de las cosas que m\u00e1s me inspir\u00f3 a tomar fotograf\u00edas fue el darme cuenta que pod\u00eda capturar momentos y retomarlos despu\u00e9s al ver im\u00e1genes impresas. Varios a\u00f1os despu\u00e9s se reforz\u00f3 este sentimiento, con los a\u00f1os me he vuelto m\u00e1s consciente del paso del tiempo, la maleabilidad de la memoria y la capacidad de una imagen de funcionar como un &#8220;ancla&#8221; para ciertos sentimientos.<\/p>\n\n\n\n<p><strong>Everyone has a unique style, can you describe how you would define your style and what visual or conceptual elements characterize it?<\/strong><br>Abstracci\u00f3n, elementos distinguibles que dan contexto a la imagen pero no muestran claramente d\u00f3nde se tom\u00f3 o qu\u00e9 es el objeto fotografiado. Buscar &#8220;imperfecciones&#8221; en las cosas que aporten a la composici\u00f3n y tomar de la memoria como algo imperfecto, que cambia con el paso del tiempo y forma parte de nuestra visi\u00f3n personal.<\/p>\n\n\n\n<figure class=\"wp-block-image size-full\"><img decoding=\"async\" width=\"671\" height=\"836\" data-src=\"https:\/\/errr-magazine.com\/wp-content\/uploads\/2023\/12\/dsaf.jpg\" alt=\"\" class=\"wp-image-186850 lazyload\" data-srcset=\"https:\/\/errr-magazine.com\/wp-content\/uploads\/2023\/12\/dsaf.jpg 671w, https:\/\/errr-magazine.com\/wp-content\/uploads\/2023\/12\/dsaf-241x300.jpg 241w\" data-sizes=\"(max-width: 671px) 100vw, 671px\" src=\"data:image\/svg+xml;base64,PHN2ZyB3aWR0aD0iMSIgaGVpZ2h0PSIxIiB4bWxucz0iaHR0cDovL3d3dy53My5vcmcvMjAwMC9zdmciPjwvc3ZnPg==\" style=\"--smush-placeholder-width: 671px; --smush-placeholder-aspect-ratio: 671\/836;\" \/><\/figure>\n\n\n\n<p><strong>Photography has the power to tell stories and convey emotions. Can you share an experience where one of your photographs has had a significant impact on people or yourself?<\/strong><br>Alguna vez me puse a buscar fotograf\u00edas en casas de mis familiares, con la intenci\u00f3n de armar un archivo familiar, muchas de las fotograf\u00edas estaban en cajas con otras cosas, entre libros, total desorden y olvido. El haber ordenado las fotograf\u00edas de diferentes casas con la intenci\u00f3n de hacer un archivo familiar \u00fanico para verlo nos dio la oportunidad de recordar juntos. Para m\u00ed fue muy enriquecedor y emotivo.<\/p>\n\n\n\n<p><strong>What has been your most challenging photography project to date and why?<\/strong><br>El reflejo del cielo, porque el proceso de realizaci\u00f3n me tom\u00f3 mucho tiempo de revisi\u00f3n de archivo, selecci\u00f3n de im\u00e1genes y el definir un proceso que fuera coherente, pudiera ejecutar y me permitiera materializar de la mejor manera mis pensamientos y sentimientos. Adem\u00e1s de haber realizado una mezcla de procesos digitales y qu\u00edmicos que me obligaron a desarrollar nuevas habilidades y combinar t\u00e9cnicas. Estoy acostumbrado a llevar c\u00e1mara a todos lados, no suelo planear muchas de mis fotograf\u00edas y el tener qu\u00e9 justificar la mayor cantidad de decisiones creativas fue dif\u00edcil para m\u00ed.<\/p>\n\n\n\n<figure class=\"wp-block-image size-full\"><img decoding=\"async\" width=\"834\" height=\"835\" data-src=\"https:\/\/errr-magazine.com\/wp-content\/uploads\/2023\/12\/s.jpg\" alt=\"\" class=\"wp-image-186851 lazyload\" data-srcset=\"https:\/\/errr-magazine.com\/wp-content\/uploads\/2023\/12\/s.jpg 834w, https:\/\/errr-magazine.com\/wp-content\/uploads\/2023\/12\/s-300x300.jpg 300w, https:\/\/errr-magazine.com\/wp-content\/uploads\/2023\/12\/s-768x769.jpg 768w\" data-sizes=\"(max-width: 834px) 100vw, 834px\" src=\"data:image\/svg+xml;base64,PHN2ZyB3aWR0aD0iMSIgaGVpZ2h0PSIxIiB4bWxucz0iaHR0cDovL3d3dy53My5vcmcvMjAwMC9zdmciPjwvc3ZnPg==\" style=\"--smush-placeholder-width: 834px; --smush-placeholder-aspect-ratio: 834\/835;\" \/><\/figure>\n\n\n\n<p><strong>Technology and photo editing tools are constantly evolving, can you tell us about the techniques and equipment you consider essential to your work?<\/strong><br>Mi computadora, el software de edici\u00f3n de im\u00e1genes como Lightroom, Photoshop y software de escaneo son parte importante de mi proceso de creaci\u00f3n. El poder aprovechar el potencial que tiene la informaci\u00f3n contenida en un archivo digital o en la pel\u00edcula es la mayor ventaja que me ofrece la tecnolog\u00eda.<\/p>\n\n\n\n<p><strong>There are many genres in photography, from portraits to nature photography. Do you have a favorite genre that you are most comfortable with or enjoy shooting? Why?<\/strong><br>Viajar y tomar fotograf\u00edas en la naturaleza es de las cosas que m\u00e1s disfruto en mi vida. Caminar, estar atento a mis alrededores en silencio y deteni\u00e9ndome con mucha calma para encuadrar o esperar que el viento, el agua o las nubes formen una imagen que quiera conservar. Para m\u00ed la experiencia se vuelve m\u00e1s completa, desde la oportunidad de conocer nuevos lugares hasta el revelado en casa, donde puedo \u201cregresar\u201d a ese lugar, a trav\u00e9s de la fotograf\u00eda.<\/p>\n\n\n\n<figure class=\"wp-block-image size-full\"><img decoding=\"async\" width=\"788\" height=\"833\" data-src=\"https:\/\/errr-magazine.com\/wp-content\/uploads\/2023\/12\/afsd-1.png\" alt=\"\" class=\"wp-image-186860 lazyload\" data-srcset=\"https:\/\/errr-magazine.com\/wp-content\/uploads\/2023\/12\/afsd-1.png 788w, https:\/\/errr-magazine.com\/wp-content\/uploads\/2023\/12\/afsd-1-284x300.png 284w, https:\/\/errr-magazine.com\/wp-content\/uploads\/2023\/12\/afsd-1-768x812.png 768w\" data-sizes=\"(max-width: 788px) 100vw, 788px\" src=\"data:image\/svg+xml;base64,PHN2ZyB3aWR0aD0iMSIgaGVpZ2h0PSIxIiB4bWxucz0iaHR0cDovL3d3dy53My5vcmcvMjAwMC9zdmciPjwvc3ZnPg==\" style=\"--smush-placeholder-width: 788px; --smush-placeholder-aspect-ratio: 788\/833;\" \/><\/figure>\n\n\n\n<p><strong>Can you share an interesting or unusual anecdote you experienced while taking photographs?<\/strong><br>Recientemente tuve la oportunidad de bucear para tomar fotograf\u00eda y video en un \u00e1rea donde hab\u00eda mucha vida marina, sobre todo m\u00f3bulas. Nunca hab\u00eda visto tanta vida marina en un solo lugar. Este tipo de experiencias son las que me motivan a explorar nuevas \u00e1reas de la fotograf\u00eda.<\/p>\n\n\n\n<p><strong>Many photographers find inspiration in other visual artists or in everyday life. What are some of your sources of inspiration?<\/strong><br>Una de mis mayores fuentes de inspiraci\u00f3n es la m\u00fasica. Al igual que las im\u00e1genes es algo que est\u00e1 presente en todos lados, solo hay que acomodar los componentes en la secuencia adecuada para que tenga una estructura de graves agudos y medios, como el blanco el negro y el gris.<\/p>\n\n\n\n<figure class=\"wp-block-image size-full\"><img decoding=\"async\" width=\"830\" height=\"555\" data-src=\"https:\/\/errr-magazine.com\/wp-content\/uploads\/2023\/12\/ass.jpg\" alt=\"\" class=\"wp-image-186853 lazyload\" data-srcset=\"https:\/\/errr-magazine.com\/wp-content\/uploads\/2023\/12\/ass.jpg 830w, https:\/\/errr-magazine.com\/wp-content\/uploads\/2023\/12\/ass-300x201.jpg 300w, https:\/\/errr-magazine.com\/wp-content\/uploads\/2023\/12\/ass-768x514.jpg 768w\" data-sizes=\"(max-width: 830px) 100vw, 830px\" src=\"data:image\/svg+xml;base64,PHN2ZyB3aWR0aD0iMSIgaGVpZ2h0PSIxIiB4bWxucz0iaHR0cDovL3d3dy53My5vcmcvMjAwMC9zdmciPjwvc3ZnPg==\" style=\"--smush-placeholder-width: 830px; --smush-placeholder-aspect-ratio: 830\/555;\" \/><\/figure>\n\n\n\n<p><strong>Photography is a visual medium, but it often has a conceptual background as well. Have you worked on photographic projects that address specific themes or concepts? Can you share information about one of those projects?<\/strong><br>S\u00ed, el proyecto que mencion\u00e9 anteriormente, el reflejo del cielo tiene como principal objetivo hablar de \u201cla memoria de la imagen\u201d, es decir, la memoria que se tiene de la imagen de cierta persona, en cierta \u00e9poca, tomando como referencia una fotograf\u00eda. \u00bfQu\u00e9 tan precisa es esa imagen al momento de representar la realidad de la persona que se encuentra en ella? A veces lo \u00fanico que nos queda de una \u00e9poca o de una persona son las im\u00e1genes que dejan, y por lo tanto es eso lo que podemos recordar.<\/p>\n\n\n\n<p><strong>What inspires you when creating new images? Do you have any rituals or creative processes that you follow to find inspiration?<\/strong><br>Me gusta aprender nuevas cosas y procesos, usualmente en el proceso de aprendizaje se van creando conexiones entre una cosa y la otra que te dan mucho material para experimentar. \u00a1No dejes de aprender!<\/p>\n\n\n\n<figure class=\"wp-block-image size-full\"><img decoding=\"async\" width=\"831\" height=\"557\" data-src=\"https:\/\/errr-magazine.com\/wp-content\/uploads\/2023\/12\/dkp.jpg\" alt=\"\" class=\"wp-image-186854 lazyload\" data-srcset=\"https:\/\/errr-magazine.com\/wp-content\/uploads\/2023\/12\/dkp.jpg 831w, https:\/\/errr-magazine.com\/wp-content\/uploads\/2023\/12\/dkp-300x201.jpg 300w, https:\/\/errr-magazine.com\/wp-content\/uploads\/2023\/12\/dkp-768x515.jpg 768w\" data-sizes=\"(max-width: 831px) 100vw, 831px\" src=\"data:image\/svg+xml;base64,PHN2ZyB3aWR0aD0iMSIgaGVpZ2h0PSIxIiB4bWxucz0iaHR0cDovL3d3dy53My5vcmcvMjAwMC9zdmciPjwvc3ZnPg==\" style=\"--smush-placeholder-width: 831px; --smush-placeholder-aspect-ratio: 831\/557;\" \/><\/figure>\n\n\n\n<p><strong>Recommend us the Instagram account of an artist whose work you like.<\/strong><br><a href=\"https:\/\/www.instagram.com\/kevinmcgloughlin_gram\/\">kevinmcgloughlin_gram<\/a><\/p>","protected":false},"excerpt":{"rendered":"<p>A veces lo \u00fanico que nos queda de una \u00e9poca o de una persona son las im\u00e1genes que dejan, y por lo tanto es eso lo que podemos recordar.<\/p>","protected":false},"author":7727,"featured_media":186849,"comment_status":"closed","ping_status":"closed","sticky":false,"template":"","format":"standard","meta":{"_acf_changed":false,"cybocfi_hide_featured_image":"","_jetpack_memberships_contains_paid_content":false,"footnotes":""},"categories":[17849],"tags":[],"class_list":["post-186848","post","type-post","status-publish","format-standard","has-post-thumbnail","hentry","category-interviews"],"acf":[],"mb":[],"yoast_head":"<!-- This site is optimized with the Yoast SEO plugin v27.2 - https:\/\/yoast.com\/product\/yoast-seo-wordpress\/ -->\n<title>Anclas - ERRR MAGAZINE<\/title>\n<meta name=\"robots\" content=\"index, follow, max-snippet:-1, max-image-preview:large, max-video-preview:-1\" \/>\n<link rel=\"canonical\" href=\"https:\/\/errr-magazine.com\/english\/anclas\/\" \/>\n<meta property=\"og:locale\" content=\"en_US\" \/>\n<meta property=\"og:type\" content=\"article\" \/>\n<meta property=\"og:title\" content=\"Anclas - ERRR MAGAZINE\" \/>\n<meta property=\"og:description\" content=\"A veces lo \u00fanico que nos queda de una \u00e9poca o de una persona son las im\u00e1genes que dejan, y por lo tanto es eso lo que podemos recordar.\" \/>\n<meta property=\"og:url\" content=\"https:\/\/errr-magazine.com\/english\/anclas\/\" \/>\n<meta property=\"og:site_name\" content=\"ERRR MAGAZINE\" \/>\n<meta property=\"article:published_time\" content=\"2023-12-08T21:00:31+00:00\" \/>\n<meta property=\"article:modified_time\" content=\"2025-08-15T16:55:50+00:00\" \/>\n<meta property=\"og:image\" content=\"https:\/\/errr-magazine.com\/wp-content\/uploads\/2023\/12\/ss.jpg\" \/>\n\t<meta property=\"og:image:width\" content=\"669\" \/>\n\t<meta property=\"og:image:height\" content=\"835\" \/>\n\t<meta property=\"og:image:type\" content=\"image\/jpeg\" \/>\n<meta name=\"author\" content=\"Pedro V\u00e1zquez G\u00fc\u00e9mez\" \/>\n<meta name=\"twitter:card\" content=\"summary_large_image\" \/>\n<meta name=\"twitter:label1\" content=\"Written by\" \/>\n\t<meta name=\"twitter:data1\" content=\"Pedro V\u00e1zquez G\u00fc\u00e9mez\" \/>\n\t<meta name=\"twitter:label2\" content=\"Est. reading time\" \/>\n\t<meta name=\"twitter:data2\" content=\"6 minutes\" \/>\n<script type=\"application\/ld+json\" class=\"yoast-schema-graph\">{\"@context\":\"https:\/\/schema.org\",\"@graph\":[{\"@type\":\"Article\",\"@id\":\"https:\/\/errr-magazine.com\/anclas\/#article\",\"isPartOf\":{\"@id\":\"https:\/\/errr-magazine.com\/anclas\/\"},\"author\":{\"name\":\"Pedro V\u00e1zquez G\u00fc\u00e9mez\",\"@id\":\"https:\/\/errr-magazine.com\/#\/schema\/person\/3e6d955f78ccdc367c624b88637a7503\"},\"headline\":\"Anclas\",\"datePublished\":\"2023-12-08T21:00:31+00:00\",\"dateModified\":\"2025-08-15T16:55:50+00:00\",\"mainEntityOfPage\":{\"@id\":\"https:\/\/errr-magazine.com\/anclas\/\"},\"wordCount\":991,\"image\":{\"@id\":\"https:\/\/errr-magazine.com\/anclas\/#primaryimage\"},\"thumbnailUrl\":\"https:\/\/errr-magazine.com\/wp-content\/uploads\/2023\/12\/ss.jpg\",\"articleSection\":[\"Interview\"],\"inLanguage\":\"en-US\"},{\"@type\":\"WebPage\",\"@id\":\"https:\/\/errr-magazine.com\/anclas\/\",\"url\":\"https:\/\/errr-magazine.com\/anclas\/\",\"name\":\"Anclas - ERRR MAGAZINE\",\"isPartOf\":{\"@id\":\"https:\/\/errr-magazine.com\/#website\"},\"primaryImageOfPage\":{\"@id\":\"https:\/\/errr-magazine.com\/anclas\/#primaryimage\"},\"image\":{\"@id\":\"https:\/\/errr-magazine.com\/anclas\/#primaryimage\"},\"thumbnailUrl\":\"https:\/\/errr-magazine.com\/wp-content\/uploads\/2023\/12\/ss.jpg\",\"datePublished\":\"2023-12-08T21:00:31+00:00\",\"dateModified\":\"2025-08-15T16:55:50+00:00\",\"author\":{\"@id\":\"https:\/\/errr-magazine.com\/#\/schema\/person\/3e6d955f78ccdc367c624b88637a7503\"},\"breadcrumb\":{\"@id\":\"https:\/\/errr-magazine.com\/anclas\/#breadcrumb\"},\"inLanguage\":\"en-US\",\"potentialAction\":[{\"@type\":\"ReadAction\",\"target\":[\"https:\/\/errr-magazine.com\/anclas\/\"]}]},{\"@type\":\"ImageObject\",\"inLanguage\":\"en-US\",\"@id\":\"https:\/\/errr-magazine.com\/anclas\/#primaryimage\",\"url\":\"https:\/\/errr-magazine.com\/wp-content\/uploads\/2023\/12\/ss.jpg\",\"contentUrl\":\"https:\/\/errr-magazine.com\/wp-content\/uploads\/2023\/12\/ss.jpg\",\"width\":669,\"height\":835,\"caption\":\"Fotograf\u00edas por Pedro V\u00e1zquez\"},{\"@type\":\"BreadcrumbList\",\"@id\":\"https:\/\/errr-magazine.com\/anclas\/#breadcrumb\",\"itemListElement\":[{\"@type\":\"ListItem\",\"position\":1,\"name\":\"Portada\",\"item\":\"https:\/\/errr-magazine.com\/\"},{\"@type\":\"ListItem\",\"position\":2,\"name\":\"Anclas\"}]},{\"@type\":\"WebSite\",\"@id\":\"https:\/\/errr-magazine.com\/#website\",\"url\":\"https:\/\/errr-magazine.com\/\",\"name\":\"ERRR MAGAZINE\",\"description\":\"\",\"potentialAction\":[{\"@type\":\"SearchAction\",\"target\":{\"@type\":\"EntryPoint\",\"urlTemplate\":\"https:\/\/errr-magazine.com\/?s={search_term_string}\"},\"query-input\":{\"@type\":\"PropertyValueSpecification\",\"valueRequired\":true,\"valueName\":\"search_term_string\"}}],\"inLanguage\":\"en-US\"},{\"@type\":\"Person\",\"@id\":\"https:\/\/errr-magazine.com\/#\/schema\/person\/3e6d955f78ccdc367c624b88637a7503\",\"name\":\"Pedro V\u00e1zquez G\u00fc\u00e9mez\",\"image\":{\"@type\":\"ImageObject\",\"inLanguage\":\"en-US\",\"@id\":\"https:\/\/secure.gravatar.com\/avatar\/e3c13e87831c2bebe0fa55922720f3899ad3fec4806ea968ad5d4ab3abe9c513?s=96&d=identicon&r=g\",\"url\":\"https:\/\/secure.gravatar.com\/avatar\/e3c13e87831c2bebe0fa55922720f3899ad3fec4806ea968ad5d4ab3abe9c513?s=96&d=identicon&r=g\",\"contentUrl\":\"https:\/\/secure.gravatar.com\/avatar\/e3c13e87831c2bebe0fa55922720f3899ad3fec4806ea968ad5d4ab3abe9c513?s=96&d=identicon&r=g\",\"caption\":\"Pedro V\u00e1zquez G\u00fc\u00e9mez\"},\"description\":\"Nac\u00ed en Salamanca, Guanajuato, M\u00e9xico. Estudi\u00e9 Mercadotecnia y despu\u00e9s una especialidad en Fotograf\u00eda. Actualmente vivo en la Ciudad de M\u00e9xico.\",\"sameAs\":[\"https:\/\/www.instagram.com\/pevagu_\"],\"url\":\"https:\/\/errr-magazine.com\/english\/author\/pevagu53\/\"}]}<\/script>\n<!-- \/ Yoast SEO plugin. -->","yoast_head_json":{"title":"Anclas - ERRR MAGAZINE","robots":{"index":"index","follow":"follow","max-snippet":"max-snippet:-1","max-image-preview":"max-image-preview:large","max-video-preview":"max-video-preview:-1"},"canonical":"https:\/\/errr-magazine.com\/english\/anclas\/","og_locale":"en_US","og_type":"article","og_title":"Anclas - ERRR MAGAZINE","og_description":"A veces lo \u00fanico que nos queda de una \u00e9poca o de una persona son las im\u00e1genes que dejan, y por lo tanto es eso lo que podemos recordar.","og_url":"https:\/\/errr-magazine.com\/english\/anclas\/","og_site_name":"ERRR MAGAZINE","article_published_time":"2023-12-08T21:00:31+00:00","article_modified_time":"2025-08-15T16:55:50+00:00","og_image":[{"width":669,"height":835,"url":"https:\/\/errr-magazine.com\/wp-content\/uploads\/2023\/12\/ss.jpg","type":"image\/jpeg"}],"author":"Pedro V\u00e1zquez G\u00fc\u00e9mez","twitter_card":"summary_large_image","twitter_misc":{"Written by":"Pedro V\u00e1zquez G\u00fc\u00e9mez","Est. reading time":"6 minutes"},"schema":{"@context":"https:\/\/schema.org","@graph":[{"@type":"Article","@id":"https:\/\/errr-magazine.com\/anclas\/#article","isPartOf":{"@id":"https:\/\/errr-magazine.com\/anclas\/"},"author":{"name":"Pedro V\u00e1zquez G\u00fc\u00e9mez","@id":"https:\/\/errr-magazine.com\/#\/schema\/person\/3e6d955f78ccdc367c624b88637a7503"},"headline":"Anclas","datePublished":"2023-12-08T21:00:31+00:00","dateModified":"2025-08-15T16:55:50+00:00","mainEntityOfPage":{"@id":"https:\/\/errr-magazine.com\/anclas\/"},"wordCount":991,"image":{"@id":"https:\/\/errr-magazine.com\/anclas\/#primaryimage"},"thumbnailUrl":"https:\/\/errr-magazine.com\/wp-content\/uploads\/2023\/12\/ss.jpg","articleSection":["Interview"],"inLanguage":"en-US"},{"@type":"WebPage","@id":"https:\/\/errr-magazine.com\/anclas\/","url":"https:\/\/errr-magazine.com\/anclas\/","name":"Anclas - ERRR MAGAZINE","isPartOf":{"@id":"https:\/\/errr-magazine.com\/#website"},"primaryImageOfPage":{"@id":"https:\/\/errr-magazine.com\/anclas\/#primaryimage"},"image":{"@id":"https:\/\/errr-magazine.com\/anclas\/#primaryimage"},"thumbnailUrl":"https:\/\/errr-magazine.com\/wp-content\/uploads\/2023\/12\/ss.jpg","datePublished":"2023-12-08T21:00:31+00:00","dateModified":"2025-08-15T16:55:50+00:00","author":{"@id":"https:\/\/errr-magazine.com\/#\/schema\/person\/3e6d955f78ccdc367c624b88637a7503"},"breadcrumb":{"@id":"https:\/\/errr-magazine.com\/anclas\/#breadcrumb"},"inLanguage":"en-US","potentialAction":[{"@type":"ReadAction","target":["https:\/\/errr-magazine.com\/anclas\/"]}]},{"@type":"ImageObject","inLanguage":"en-US","@id":"https:\/\/errr-magazine.com\/anclas\/#primaryimage","url":"https:\/\/errr-magazine.com\/wp-content\/uploads\/2023\/12\/ss.jpg","contentUrl":"https:\/\/errr-magazine.com\/wp-content\/uploads\/2023\/12\/ss.jpg","width":669,"height":835,"caption":"Fotograf\u00edas por Pedro V\u00e1zquez"},{"@type":"BreadcrumbList","@id":"https:\/\/errr-magazine.com\/anclas\/#breadcrumb","itemListElement":[{"@type":"ListItem","position":1,"name":"Portada","item":"https:\/\/errr-magazine.com\/"},{"@type":"ListItem","position":2,"name":"Anclas"}]},{"@type":"WebSite","@id":"https:\/\/errr-magazine.com\/#website","url":"https:\/\/errr-magazine.com\/","name":"ERRR MAGAZINE","description":"","potentialAction":[{"@type":"SearchAction","target":{"@type":"EntryPoint","urlTemplate":"https:\/\/errr-magazine.com\/?s={search_term_string}"},"query-input":{"@type":"PropertyValueSpecification","valueRequired":true,"valueName":"search_term_string"}}],"inLanguage":"en-US"},{"@type":"Person","@id":"https:\/\/errr-magazine.com\/#\/schema\/person\/3e6d955f78ccdc367c624b88637a7503","name":"Pedro V\u00e1zquez G\u00fc\u00e9mez","image":{"@type":"ImageObject","inLanguage":"en-US","@id":"https:\/\/secure.gravatar.com\/avatar\/e3c13e87831c2bebe0fa55922720f3899ad3fec4806ea968ad5d4ab3abe9c513?s=96&d=identicon&r=g","url":"https:\/\/secure.gravatar.com\/avatar\/e3c13e87831c2bebe0fa55922720f3899ad3fec4806ea968ad5d4ab3abe9c513?s=96&d=identicon&r=g","contentUrl":"https:\/\/secure.gravatar.com\/avatar\/e3c13e87831c2bebe0fa55922720f3899ad3fec4806ea968ad5d4ab3abe9c513?s=96&d=identicon&r=g","caption":"Pedro V\u00e1zquez G\u00fc\u00e9mez"},"description":"Nac\u00ed en Salamanca, Guanajuato, M\u00e9xico. Estudi\u00e9 Mercadotecnia y despu\u00e9s una especialidad en Fotograf\u00eda. Actualmente vivo en la Ciudad de M\u00e9xico.","sameAs":["https:\/\/www.instagram.com\/pevagu_"],"url":"https:\/\/errr-magazine.com\/english\/author\/pevagu53\/"}]}},"jetpack_featured_media_url":"https:\/\/errr-magazine.com\/wp-content\/uploads\/2023\/12\/ss.jpg","jetpack-related-posts":[{"id":200978,"url":"https:\/\/errr-magazine.com\/english\/free-treasure\/","url_meta":{"origin":186848,"position":0},"title":"Free Treasure","author":"Jayden Davidson","date":"03\/02\/2026","format":false,"excerpt":"This approach has benefitted from the fact that I\u2019ve been to a lot of interesting places in the last few years. I\u2019ve visited Scandinavia, been to weddings in places I\u2019d never been, and I\u2019ve been exploring my city through the lens of a new camera.","rel":"","context":"In &quot;Artes visuales&quot;","block_context":{"text":"Artes visuales","link":"https:\/\/errr-magazine.com\/english\/category\/interviews\/artes-visuales\/"},"img":{"alt_text":"","src":"https:\/\/i0.wp.com\/errr-magazine.com\/wp-content\/uploads\/2026\/02\/1-19-scaled.jpg?resize=350%2C200&ssl=1","width":350,"height":200,"srcset":"https:\/\/i0.wp.com\/errr-magazine.com\/wp-content\/uploads\/2026\/02\/1-19-scaled.jpg?resize=350%2C200&ssl=1 1x, https:\/\/i0.wp.com\/errr-magazine.com\/wp-content\/uploads\/2026\/02\/1-19-scaled.jpg?resize=525%2C300&ssl=1 1.5x, https:\/\/i0.wp.com\/errr-magazine.com\/wp-content\/uploads\/2026\/02\/1-19-scaled.jpg?resize=700%2C400&ssl=1 2x, https:\/\/i0.wp.com\/errr-magazine.com\/wp-content\/uploads\/2026\/02\/1-19-scaled.jpg?resize=1050%2C600&ssl=1 3x, https:\/\/i0.wp.com\/errr-magazine.com\/wp-content\/uploads\/2026\/02\/1-19-scaled.jpg?resize=1400%2C800&ssl=1 4x"},"classes":[]},{"id":201306,"url":"https:\/\/errr-magazine.com\/english\/notas-de-campo\/","url_meta":{"origin":186848,"position":1},"title":"Field Notes","author":"Annabelle Reidy","date":"03\/03\/2026","format":false,"excerpt":"The project explores the many emotions experienced during and after a turbulent career in the military documented in a journal, accompanied by imagery taken in Iceland and the Lofoten Islands.","rel":"","context":"In &quot;Artes visuales&quot;","block_context":{"text":"Artes visuales","link":"https:\/\/errr-magazine.com\/english\/category\/interviews\/artes-visuales\/"},"img":{"alt_text":"","src":"https:\/\/i0.wp.com\/errr-magazine.com\/wp-content\/uploads\/2026\/02\/44205DBB-AA31-4652-8467-2C8FF0991F98.webp?resize=350%2C200&ssl=1","width":350,"height":200,"srcset":"https:\/\/i0.wp.com\/errr-magazine.com\/wp-content\/uploads\/2026\/02\/44205DBB-AA31-4652-8467-2C8FF0991F98.webp?resize=350%2C200&ssl=1 1x, https:\/\/i0.wp.com\/errr-magazine.com\/wp-content\/uploads\/2026\/02\/44205DBB-AA31-4652-8467-2C8FF0991F98.webp?resize=525%2C300&ssl=1 1.5x, https:\/\/i0.wp.com\/errr-magazine.com\/wp-content\/uploads\/2026\/02\/44205DBB-AA31-4652-8467-2C8FF0991F98.webp?resize=700%2C400&ssl=1 2x, https:\/\/i0.wp.com\/errr-magazine.com\/wp-content\/uploads\/2026\/02\/44205DBB-AA31-4652-8467-2C8FF0991F98.webp?resize=1050%2C600&ssl=1 3x, https:\/\/i0.wp.com\/errr-magazine.com\/wp-content\/uploads\/2026\/02\/44205DBB-AA31-4652-8467-2C8FF0991F98.webp?resize=1400%2C800&ssl=1 4x"},"classes":[]},{"id":202230,"url":"https:\/\/errr-magazine.com\/english\/dias-tranquilos\/","url_meta":{"origin":186848,"position":2},"title":"Quiet Days","author":"Hazel Noxpanco","date":"03\/13\/2026","format":false,"excerpt":"Sometimes a good photograph appears when I stop looking for it so desperately. I\u2019ve also learned that I don\u2019t always have to be creating something new to feel like I\u2019m moving forward.","rel":"","context":"In &quot;Artes visuales&quot;","block_context":{"text":"Artes visuales","link":"https:\/\/errr-magazine.com\/english\/category\/interviews\/artes-visuales\/"},"img":{"alt_text":"","src":"https:\/\/i0.wp.com\/errr-magazine.com\/wp-content\/uploads\/2026\/03\/11-4.jpg?resize=350%2C200&ssl=1","width":350,"height":200,"srcset":"https:\/\/i0.wp.com\/errr-magazine.com\/wp-content\/uploads\/2026\/03\/11-4.jpg?resize=350%2C200&ssl=1 1x, https:\/\/i0.wp.com\/errr-magazine.com\/wp-content\/uploads\/2026\/03\/11-4.jpg?resize=525%2C300&ssl=1 1.5x, https:\/\/i0.wp.com\/errr-magazine.com\/wp-content\/uploads\/2026\/03\/11-4.jpg?resize=700%2C400&ssl=1 2x"},"classes":[]},{"id":186819,"url":"https:\/\/errr-magazine.com\/english\/trenzar-y-coser-fotos\/","url_meta":{"origin":186848,"position":3},"title":"Trenzar y coser fotos","author":"Andrea Garca","date":"12\/05\/2023","format":false,"excerpt":"El proyecto m\u00e1s desafiante hasta la fecha es en el que estoy trabajando actualmente porque consiste en trenzar y coser fotos para crear una imagen nueva, y el proceso ha sido m\u00e1s largo y complejo de lo que me esperaba.","rel":"","context":"In &quot;Interview&quot;","block_context":{"text":"Interview","link":"https:\/\/errr-magazine.com\/english\/category\/interviews\/"},"img":{"alt_text":"","src":"https:\/\/i0.wp.com\/errr-magazine.com\/wp-content\/uploads\/2023\/12\/029387-R1-060-28A.jpg?resize=350%2C200&ssl=1","width":350,"height":200,"srcset":"https:\/\/i0.wp.com\/errr-magazine.com\/wp-content\/uploads\/2023\/12\/029387-R1-060-28A.jpg?resize=350%2C200&ssl=1 1x, https:\/\/i0.wp.com\/errr-magazine.com\/wp-content\/uploads\/2023\/12\/029387-R1-060-28A.jpg?resize=525%2C300&ssl=1 1.5x, https:\/\/i0.wp.com\/errr-magazine.com\/wp-content\/uploads\/2023\/12\/029387-R1-060-28A.jpg?resize=700%2C400&ssl=1 2x, https:\/\/i0.wp.com\/errr-magazine.com\/wp-content\/uploads\/2023\/12\/029387-R1-060-28A.jpg?resize=1050%2C600&ssl=1 3x, https:\/\/i0.wp.com\/errr-magazine.com\/wp-content\/uploads\/2023\/12\/029387-R1-060-28A.jpg?resize=1400%2C800&ssl=1 4x"},"classes":[]},{"id":203436,"url":"https:\/\/errr-magazine.com\/english\/ampliar-mis-horizontes\/","url_meta":{"origin":186848,"position":4},"title":"Expanding My Horizons","author":"Keila Farias Jaque","date":"03\/31\/2026","format":false,"excerpt":"Analog photography is a back-and-forth of emotions and frustrations. Patience is the greatest virtue in this learning process. Through so many mistakes, you begin to understand more about how it works, and honestly, it\u2019s such an enriching feeling\u2014even though it can also be discouraging at times.","rel":"","context":"In &quot;Artes visuales&quot;","block_context":{"text":"Artes visuales","link":"https:\/\/errr-magazine.com\/english\/category\/interviews\/artes-visuales\/"},"img":{"alt_text":"","src":"https:\/\/i0.wp.com\/errr-magazine.com\/wp-content\/uploads\/2026\/03\/3B144F0C-66CD-4A30-86B8-68E904819542.jpg?resize=350%2C200&ssl=1","width":350,"height":200,"srcset":"https:\/\/i0.wp.com\/errr-magazine.com\/wp-content\/uploads\/2026\/03\/3B144F0C-66CD-4A30-86B8-68E904819542.jpg?resize=350%2C200&ssl=1 1x, https:\/\/i0.wp.com\/errr-magazine.com\/wp-content\/uploads\/2026\/03\/3B144F0C-66CD-4A30-86B8-68E904819542.jpg?resize=525%2C300&ssl=1 1.5x, https:\/\/i0.wp.com\/errr-magazine.com\/wp-content\/uploads\/2026\/03\/3B144F0C-66CD-4A30-86B8-68E904819542.jpg?resize=700%2C400&ssl=1 2x, https:\/\/i0.wp.com\/errr-magazine.com\/wp-content\/uploads\/2026\/03\/3B144F0C-66CD-4A30-86B8-68E904819542.jpg?resize=1050%2C600&ssl=1 3x, https:\/\/i0.wp.com\/errr-magazine.com\/wp-content\/uploads\/2026\/03\/3B144F0C-66CD-4A30-86B8-68E904819542.jpg?resize=1400%2C800&ssl=1 4x"},"classes":[]},{"id":205558,"url":"https:\/\/errr-magazine.com\/english\/rojo-verde-y-azul\/","url_meta":{"origin":186848,"position":5},"title":"Red, green, and blue","author":"C\u00e9sar Adrian","date":"04\/27\/2026","format":false,"excerpt":"There are things or scenes that seem very normal in my daily life or context, but from the outside they can seem more interesting. We never know who might be watching out there and be intrigued by what's happening here.","rel":"","context":"In &quot;Artes visuales&quot;","block_context":{"text":"Artes visuales","link":"https:\/\/errr-magazine.com\/english\/category\/interviews\/artes-visuales\/"},"img":{"alt_text":"","src":"https:\/\/i0.wp.com\/errr-magazine.com\/wp-content\/uploads\/2026\/04\/IMG_5965-2.jpg?resize=350%2C200&ssl=1","width":350,"height":200,"srcset":"https:\/\/i0.wp.com\/errr-magazine.com\/wp-content\/uploads\/2026\/04\/IMG_5965-2.jpg?resize=350%2C200&ssl=1 1x, https:\/\/i0.wp.com\/errr-magazine.com\/wp-content\/uploads\/2026\/04\/IMG_5965-2.jpg?resize=525%2C300&ssl=1 1.5x, https:\/\/i0.wp.com\/errr-magazine.com\/wp-content\/uploads\/2026\/04\/IMG_5965-2.jpg?resize=700%2C400&ssl=1 2x"},"classes":[]}],"jetpack_sharing_enabled":true,"mfb_rest_fields":["title","yoast_head","yoast_head_json","jetpack_featured_media_url","jetpack-related-posts","jetpack_sharing_enabled"],"_links":{"self":[{"href":"https:\/\/errr-magazine.com\/english\/wp-json\/wp\/v2\/posts\/186848","targetHints":{"allow":["GET"]}}],"collection":[{"href":"https:\/\/errr-magazine.com\/english\/wp-json\/wp\/v2\/posts"}],"about":[{"href":"https:\/\/errr-magazine.com\/english\/wp-json\/wp\/v2\/types\/post"}],"author":[{"embeddable":true,"href":"https:\/\/errr-magazine.com\/english\/wp-json\/wp\/v2\/users\/7727"}],"replies":[{"embeddable":true,"href":"https:\/\/errr-magazine.com\/english\/wp-json\/wp\/v2\/comments?post=186848"}],"version-history":[{"count":4,"href":"https:\/\/errr-magazine.com\/english\/wp-json\/wp\/v2\/posts\/186848\/revisions"}],"predecessor-version":[{"id":186861,"href":"https:\/\/errr-magazine.com\/english\/wp-json\/wp\/v2\/posts\/186848\/revisions\/186861"}],"wp:featuredmedia":[{"embeddable":true,"href":"https:\/\/errr-magazine.com\/english\/wp-json\/wp\/v2\/media\/186849"}],"wp:attachment":[{"href":"https:\/\/errr-magazine.com\/english\/wp-json\/wp\/v2\/media?parent=186848"}],"wp:term":[{"taxonomy":"category","embeddable":true,"href":"https:\/\/errr-magazine.com\/english\/wp-json\/wp\/v2\/categories?post=186848"},{"taxonomy":"post_tag","embeddable":true,"href":"https:\/\/errr-magazine.com\/english\/wp-json\/wp\/v2\/tags?post=186848"}],"curies":[{"name":"wp","href":"https:\/\/api.w.org\/{rel}","templated":true}]}}