{"id":185963,"date":"2023-10-21T20:24:57","date_gmt":"2023-10-22T01:24:57","guid":{"rendered":"https:\/\/errr-magazine.com\/?p=185963"},"modified":"2025-08-15T10:55:57","modified_gmt":"2025-08-15T16:55:57","slug":"abrir-las-puertas","status":"publish","type":"post","link":"https:\/\/errr-magazine.com\/english\/abrir-las-puertas\/","title":{"rendered":"Abrir las puertas"},"content":{"rendered":"<p><strong>Tell us a little about yourself and how you got started in photography. What inspired you to start taking pictures?<\/strong><br>Hola soy Rodrigo Solano y soy artista visual. Principalmente hago fotograf\u00eda y llevo haci\u00e9ndolo aproximadamente hace siete a\u00f1os. La inspiraci\u00f3n de hacer fotos vino de un momento negativo de mi vida, mentalmente la foto me ayud\u00f3 a sobrellevar malas situaciones emocionales y fue una fuente creativa de ayuda para mi salud mental y emocional.<\/p>\n\n\n\n<p><strong>Everyone has a unique style, can you describe how you would define your style and what visual or conceptual elements characterize it?<\/strong><br>Defino mi estilo como muy natural y espont\u00e1neo, sin mucha producci\u00f3n y equipo detr\u00e1s. Busco escenarios org\u00e1nicos que me ayudan a ser lo m\u00e1s fiel quien estoy retratando en el escenario pensado para las fotos. Siempre uso luz natural en lugares abiertos y llenos de naturaleza. Y uso flash en escenarios m\u00e1s \u00edntimos, en lugares de interior.<\/p>\n\n\n\n<figure class=\"wp-block-image size-large\"><img decoding=\"async\" width=\"683\" height=\"1024\" data-src=\"https:\/\/errr-magazine.com\/wp-content\/uploads\/2023\/10\/20230129172325_IMG_1118-01-683x1024.jpeg\" alt=\"\" class=\"wp-image-185966 lazyload\" data-srcset=\"https:\/\/errr-magazine.com\/wp-content\/uploads\/2023\/10\/20230129172325_IMG_1118-01-683x1024.jpeg 683w, https:\/\/errr-magazine.com\/wp-content\/uploads\/2023\/10\/20230129172325_IMG_1118-01-200x300.jpeg 200w, https:\/\/errr-magazine.com\/wp-content\/uploads\/2023\/10\/20230129172325_IMG_1118-01-768x1152.jpeg 768w, https:\/\/errr-magazine.com\/wp-content\/uploads\/2023\/10\/20230129172325_IMG_1118-01-1024x1536.jpeg 1024w, https:\/\/errr-magazine.com\/wp-content\/uploads\/2023\/10\/20230129172325_IMG_1118-01.jpeg 1280w\" data-sizes=\"(max-width: 683px) 100vw, 683px\" src=\"data:image\/svg+xml;base64,PHN2ZyB3aWR0aD0iMSIgaGVpZ2h0PSIxIiB4bWxucz0iaHR0cDovL3d3dy53My5vcmcvMjAwMC9zdmciPjwvc3ZnPg==\" style=\"--smush-placeholder-width: 683px; --smush-placeholder-aspect-ratio: 683\/1024;\" \/><\/figure>\n\n\n\n<p><strong>Photography has the power to tell stories and convey emotions. Can you share an experience where one of your photographs has had a significant impact on people or yourself?<\/strong><br>El impacto que a tenido en m\u00ed mismo ha sido gradual, nunca pens\u00e9 que desde el d\u00eda uno cuando empec\u00e9 a tomar fotos ser\u00eda algo que seguir\u00eda haciendo hasta la actualidad. La foto me abri\u00f3 puertas y me permiti\u00f3 conocer personas incre\u00edbles que han tenido un impacto en m\u00ed de manera personal y profesional.<\/p>\n\n\n\n<p><strong>What has been your most challenging photography project to date and why?<\/strong><br>La primera exposici\u00f3n en solitario que hice en octubre del 2022. Fue dif\u00edcil en cuanto a saber qu\u00e9 mostrar al p\u00fablico y hacer una curadur\u00eda de aproximadamente doscientas cincuenta fotos para exhibir solamente quince. Quise conceptualizar la exposici\u00f3n pero me di cuenta que meramente era una muestra de trabajo y no necesariamente ten\u00eda que estar bajo la condici\u00f3n de un concepto para mostrar la obra.<\/p>\n\n\n\n<figure class=\"wp-block-image size-large\"><img decoding=\"async\" width=\"683\" height=\"1024\" data-src=\"https:\/\/errr-magazine.com\/wp-content\/uploads\/2023\/10\/IMG_1086-683x1024.jpg\" alt=\"\" class=\"wp-image-185968 lazyload\" data-srcset=\"https:\/\/errr-magazine.com\/wp-content\/uploads\/2023\/10\/IMG_1086-683x1024.jpg 683w, https:\/\/errr-magazine.com\/wp-content\/uploads\/2023\/10\/IMG_1086-200x300.jpg 200w, https:\/\/errr-magazine.com\/wp-content\/uploads\/2023\/10\/IMG_1086-768x1152.jpg 768w, https:\/\/errr-magazine.com\/wp-content\/uploads\/2023\/10\/IMG_1086-1024x1536.jpg 1024w, https:\/\/errr-magazine.com\/wp-content\/uploads\/2023\/10\/IMG_1086.jpg 1280w\" data-sizes=\"(max-width: 683px) 100vw, 683px\" src=\"data:image\/svg+xml;base64,PHN2ZyB3aWR0aD0iMSIgaGVpZ2h0PSIxIiB4bWxucz0iaHR0cDovL3d3dy53My5vcmcvMjAwMC9zdmciPjwvc3ZnPg==\" style=\"--smush-placeholder-width: 683px; --smush-placeholder-aspect-ratio: 683\/1024;\" \/><\/figure>\n\n\n\n<p><strong>La tecnolog\u00eda y las herramientas de edici\u00f3n de fotos est\u00e1n en constante evoluci\u00f3n. \u00bfPuedes hablarnos sobre las t\u00e9cnicas o equipos que consideras esenciales para tu trabajo?<\/strong><br>En la actualidad todas las fotos que hago son en formato digital. Uso una Canon Rebel T6. No me gusta complicarme la vida con equipo muy sofisticado.<\/p>\n\n\n\n<p><strong>There are many genres in photography, from portraits to nature photography. Do you have a favorite genre that you are most comfortable with or enjoy shooting? Why?<\/strong><br>Definitivamente el retrato femenino es el que disfruto m\u00e1s. Disfruto mucho la interacci\u00f3n y conocer a las modelos. Me gusta mucho la belleza femenina y pienso que todas las chicas tienen el deseo de ser vistas y retratadas de manera que ni ellas mismas pensar\u00edan que podr\u00edan lucir, saliendo de su zona de confort, y resaltando su lado sensual, su lado m\u00e1s \u00edntimo y m\u00e1s cercano, abrazando su f\u00edsico con el que la mayor\u00eda del tiempo tienen inseguridades como casi todos. Me gusta lograr empatizar con ello y poderle dar un giro de ciento ochenta grados y tener un resultado bell\u00edsimo de ellas mismas.<\/p>\n\n\n\n<figure class=\"wp-block-image size-large\"><img decoding=\"async\" width=\"683\" height=\"1024\" data-src=\"https:\/\/errr-magazine.com\/wp-content\/uploads\/2023\/10\/IMG_1133-683x1024.jpg\" alt=\"\" class=\"wp-image-185965 lazyload\" data-srcset=\"https:\/\/errr-magazine.com\/wp-content\/uploads\/2023\/10\/IMG_1133-683x1024.jpg 683w, https:\/\/errr-magazine.com\/wp-content\/uploads\/2023\/10\/IMG_1133-200x300.jpg 200w, https:\/\/errr-magazine.com\/wp-content\/uploads\/2023\/10\/IMG_1133-768x1152.jpg 768w, https:\/\/errr-magazine.com\/wp-content\/uploads\/2023\/10\/IMG_1133-1024x1536.jpg 1024w, https:\/\/errr-magazine.com\/wp-content\/uploads\/2023\/10\/IMG_1133.jpg 1280w\" data-sizes=\"(max-width: 683px) 100vw, 683px\" src=\"data:image\/svg+xml;base64,PHN2ZyB3aWR0aD0iMSIgaGVpZ2h0PSIxIiB4bWxucz0iaHR0cDovL3d3dy53My5vcmcvMjAwMC9zdmciPjwvc3ZnPg==\" style=\"--smush-placeholder-width: 683px; --smush-placeholder-aspect-ratio: 683\/1024;\" \/><\/figure>\n\n\n\n<p><strong>Can you share an interesting or unusual anecdote you experienced while taking photographs?<\/strong><br>Una experiencia que sucedi\u00f3 hace poco, fue que una amiga con la que ya hab\u00eda trabajao me propuso hacer fotos por segunda ocasi\u00f3n. Acept\u00e9. Su propuesta era que fueran retratos frente al espejo de su habitaci\u00f3n sobre la cama, pero ella quer\u00eda que yo tambi\u00e9n saliera en la toma a modo de autorretrato. Ella ten\u00eda la intenci\u00f3n de sacarme de mi zona de confort, ya que usualmente nunca salgo en la toma y estoy fuera de cuadro como fot\u00f3grafo. Pero ella quer\u00eda que fuera una interacci\u00f3n amistosa en \u00edntima entrega ella y yo frente al espejo, con poses divertidas y de forma que ambos luci\u00e9ramos bien. Como si fuera un retrato familiar entre ella, su gatito y yo. Estuve muy nervioso y fue algo tan inesperado para m\u00ed pero sin duda lo volver\u00eda a hacer, aunque por el momento solo con ella. Siento que llegar a ese escenario y confianza es algo que no se da de la noche a la ma\u00f1ana con cualquier modelo.<\/p>\n\n\n\n<p><strong>Many photographers find inspiration in other visual artists or in everyday life. What are some of your sources of inspiration?<\/strong><br>Me inspira desde salir, salir por la ciudad y tener una rutina de observaci\u00f3n cotidiana, ir a un museo, ir por un caf\u00e9, tener una conversaci\u00f3n relacionada con alg\u00fan amixe. Tambi\u00e9n ver revistas y fotolibros de otrxs artistas, no necesariamente del \u00e1mbito fotogr\u00e1fico. Y tambi\u00e9n los videos musicales de artistas qu\u00e9 me gustan me llenan de inspiraci\u00f3n.<\/p>\n\n\n\n<figure class=\"wp-block-image size-large\"><img decoding=\"async\" width=\"683\" height=\"1024\" data-src=\"https:\/\/errr-magazine.com\/wp-content\/uploads\/2023\/10\/IMG_2010-683x1024.jpg\" alt=\"\" class=\"wp-image-185969 lazyload\" data-srcset=\"https:\/\/errr-magazine.com\/wp-content\/uploads\/2023\/10\/IMG_2010-683x1024.jpg 683w, https:\/\/errr-magazine.com\/wp-content\/uploads\/2023\/10\/IMG_2010-200x300.jpg 200w, https:\/\/errr-magazine.com\/wp-content\/uploads\/2023\/10\/IMG_2010-768x1152.jpg 768w, https:\/\/errr-magazine.com\/wp-content\/uploads\/2023\/10\/IMG_2010-1024x1536.jpg 1024w, https:\/\/errr-magazine.com\/wp-content\/uploads\/2023\/10\/IMG_2010.jpg 1280w\" data-sizes=\"(max-width: 683px) 100vw, 683px\" src=\"data:image\/svg+xml;base64,PHN2ZyB3aWR0aD0iMSIgaGVpZ2h0PSIxIiB4bWxucz0iaHR0cDovL3d3dy53My5vcmcvMjAwMC9zdmciPjwvc3ZnPg==\" style=\"--smush-placeholder-width: 683px; --smush-placeholder-aspect-ratio: 683\/1024;\" \/><\/figure>\n\n\n\n<p><strong>Photography is a visual medium, but it often has a conceptual background as well. Have you worked on photographic projects that address specific themes or concepts? Can you share information about one of those projects?<\/strong><br>Honestamente conceptualizar la foto es un nicho del cu\u00e1l no me he metido. Me ha costado tener la visi\u00f3n de foto a trav\u00e9s de ello y por eso es que no he tenido interacci\u00f3n con alg\u00fan proyecto.<\/p>\n\n\n\n<p><strong>What inspires you when creating new images? Do you have any rituals or creative processes that you follow to find inspiration?<\/strong><br>Me inspira much\u00edsimo el lugar en donde ser\u00e1n las fotos. Desde un lugar natural que ya conozca y pensar en nuevas tomas y \u00e1ngulos para aprovecharlo al m\u00e1ximo, hasta la habitaci\u00f3n de la modelo. Observar el entorno y me motiva para trabajar.<\/p>\n\n\n\n<figure class=\"wp-block-image size-large\"><img decoding=\"async\" width=\"683\" height=\"1024\" data-src=\"https:\/\/errr-magazine.com\/wp-content\/uploads\/2023\/10\/IMG_4581-683x1024.jpg\" alt=\"\" class=\"wp-image-185970 lazyload\" data-srcset=\"https:\/\/errr-magazine.com\/wp-content\/uploads\/2023\/10\/IMG_4581-683x1024.jpg 683w, https:\/\/errr-magazine.com\/wp-content\/uploads\/2023\/10\/IMG_4581-200x300.jpg 200w, https:\/\/errr-magazine.com\/wp-content\/uploads\/2023\/10\/IMG_4581-768x1152.jpg 768w, https:\/\/errr-magazine.com\/wp-content\/uploads\/2023\/10\/IMG_4581-1024x1536.jpg 1024w, https:\/\/errr-magazine.com\/wp-content\/uploads\/2023\/10\/IMG_4581.jpg 1280w\" data-sizes=\"(max-width: 683px) 100vw, 683px\" src=\"data:image\/svg+xml;base64,PHN2ZyB3aWR0aD0iMSIgaGVpZ2h0PSIxIiB4bWxucz0iaHR0cDovL3d3dy53My5vcmcvMjAwMC9zdmciPjwvc3ZnPg==\" style=\"--smush-placeholder-width: 683px; --smush-placeholder-aspect-ratio: 683\/1024;\" \/><\/figure>\n\n\n\n<p><strong>La edici\u00f3n y el postprocesamiento son partes esenciales de la fotograf\u00eda. \u00bfTienes un enfoque particular en la postproducci\u00f3n de tus im\u00e1genes?<\/strong><br>Realmente intento ser muy simple. Hacer una liger\u00edsima correcci\u00f3n de color y darle una textura de granulado a las fotos. As\u00ed sin m\u00e1s. Odio la post producci\u00f3n complicada y estar detr\u00e1s de una computadora editando. Si puedo hacerlo con el iPhone me acomoda m\u00e1s.<\/p>\n\n\n\n<p><strong>For aspiring photographers who may be reading this interview, what is the most valuable piece of advice you have received in your career or would like to share with them?<\/strong><br>Sin duda les dir\u00eda que capturen lo que m\u00e1s les llame la atenci\u00f3n. Que sigan su impulso y tomen lo que sientan que es necesario capturar para ellxs. Que se llenen del nicho de arte que les haga sentir c\u00f3modxs y segurxs y se apoyen de m\u00e1s artistas para expandir su visi\u00f3n y su ojo. No piensen en si hay fotos buenas o fotos malas. Solo hagan fotos sin miedo y restricciones a s\u00ed mismxs.<\/p>\n\n\n\n<p><strong>Recommend us the Instagram account of an artist whose work you like.<\/strong><br><a href=\"https:\/\/instagram.com\/lunaparamiranda\" target=\"_blank\" rel=\"noreferrer noopener\">@lunaparamiranda<\/a><\/p>","protected":false},"excerpt":{"rendered":"<p>Una experiencia que sucedi\u00f3 hace poco, fue que una amiga con la que ya hab\u00eda hecho fotos me propuso hacer fotos por segunda ocasi\u00f3n. Acept\u00e9. Pero la propuesta de ella era que fueran retratos frente a su espejo de su habitaci\u00f3n sobre su cama, pero ella quer\u00eda que yo tambi\u00e9n saliera en la toma a modo de autorretrato.<\/p>","protected":false},"author":7323,"featured_media":185964,"comment_status":"closed","ping_status":"closed","sticky":false,"template":"","format":"standard","meta":{"_acf_changed":false,"cybocfi_hide_featured_image":"","_jetpack_memberships_contains_paid_content":false,"footnotes":""},"categories":[17849],"tags":[],"class_list":["post-185963","post","type-post","status-publish","format-standard","has-post-thumbnail","hentry","category-interviews"],"acf":[],"mb":[],"yoast_head":"<!-- This site is optimized with the Yoast SEO plugin v27.2 - https:\/\/yoast.com\/product\/yoast-seo-wordpress\/ -->\n<title>Abrir las puertas - ERRR MAGAZINE<\/title>\n<meta name=\"robots\" content=\"index, follow, max-snippet:-1, max-image-preview:large, max-video-preview:-1\" \/>\n<link rel=\"canonical\" href=\"https:\/\/errr-magazine.com\/english\/abrir-las-puertas\/\" \/>\n<meta property=\"og:locale\" content=\"en_US\" \/>\n<meta property=\"og:type\" content=\"article\" \/>\n<meta property=\"og:title\" content=\"Abrir las puertas - ERRR MAGAZINE\" \/>\n<meta property=\"og:description\" content=\"Una experiencia que sucedi\u00f3 hace poco, fue que una amiga con la que ya hab\u00eda hecho fotos me propuso hacer fotos por segunda ocasi\u00f3n. Acept\u00e9. Pero la propuesta de ella era que fueran retratos frente a su espejo de su habitaci\u00f3n sobre su cama, pero ella quer\u00eda que yo tambi\u00e9n saliera en la toma a modo de autorretrato.\" \/>\n<meta property=\"og:url\" content=\"https:\/\/errr-magazine.com\/english\/abrir-las-puertas\/\" \/>\n<meta property=\"og:site_name\" content=\"ERRR MAGAZINE\" \/>\n<meta property=\"article:published_time\" content=\"2023-10-22T01:24:57+00:00\" \/>\n<meta property=\"article:modified_time\" content=\"2025-08-15T16:55:57+00:00\" \/>\n<meta property=\"og:image\" content=\"https:\/\/errr-magazine.com\/wp-content\/uploads\/2023\/10\/IMG_1147-683x1024.jpg\" \/>\n\t<meta property=\"og:image:width\" content=\"683\" \/>\n\t<meta property=\"og:image:height\" content=\"1024\" \/>\n\t<meta property=\"og:image:type\" content=\"image\/jpeg\" \/>\n<meta name=\"author\" content=\"Rodrigo Solano\" \/>\n<meta name=\"twitter:card\" content=\"summary_large_image\" \/>\n<meta name=\"twitter:label1\" content=\"Written by\" \/>\n\t<meta name=\"twitter:data1\" content=\"Rodrigo Solano\" \/>\n\t<meta name=\"twitter:label2\" content=\"Est. reading time\" \/>\n\t<meta name=\"twitter:data2\" content=\"6 minutes\" \/>\n<script type=\"application\/ld+json\" class=\"yoast-schema-graph\">{\"@context\":\"https:\/\/schema.org\",\"@graph\":[{\"@type\":\"Article\",\"@id\":\"https:\/\/errr-magazine.com\/abrir-las-puertas\/#article\",\"isPartOf\":{\"@id\":\"https:\/\/errr-magazine.com\/abrir-las-puertas\/\"},\"author\":{\"name\":\"Rodrigo Solano\",\"@id\":\"https:\/\/errr-magazine.com\/#\/schema\/person\/054bc51160e7df45348900896403ff2c\"},\"headline\":\"Abrir las puertas\",\"datePublished\":\"2023-10-22T01:24:57+00:00\",\"dateModified\":\"2025-08-15T16:55:57+00:00\",\"mainEntityOfPage\":{\"@id\":\"https:\/\/errr-magazine.com\/abrir-las-puertas\/\"},\"wordCount\":1198,\"image\":{\"@id\":\"https:\/\/errr-magazine.com\/abrir-las-puertas\/#primaryimage\"},\"thumbnailUrl\":\"https:\/\/errr-magazine.com\/wp-content\/uploads\/2023\/10\/IMG_1147.jpg\",\"articleSection\":[\"Interview\"],\"inLanguage\":\"en-US\"},{\"@type\":\"WebPage\",\"@id\":\"https:\/\/errr-magazine.com\/abrir-las-puertas\/\",\"url\":\"https:\/\/errr-magazine.com\/abrir-las-puertas\/\",\"name\":\"Abrir las puertas - ERRR MAGAZINE\",\"isPartOf\":{\"@id\":\"https:\/\/errr-magazine.com\/#website\"},\"primaryImageOfPage\":{\"@id\":\"https:\/\/errr-magazine.com\/abrir-las-puertas\/#primaryimage\"},\"image\":{\"@id\":\"https:\/\/errr-magazine.com\/abrir-las-puertas\/#primaryimage\"},\"thumbnailUrl\":\"https:\/\/errr-magazine.com\/wp-content\/uploads\/2023\/10\/IMG_1147.jpg\",\"datePublished\":\"2023-10-22T01:24:57+00:00\",\"dateModified\":\"2025-08-15T16:55:57+00:00\",\"author\":{\"@id\":\"https:\/\/errr-magazine.com\/#\/schema\/person\/054bc51160e7df45348900896403ff2c\"},\"breadcrumb\":{\"@id\":\"https:\/\/errr-magazine.com\/abrir-las-puertas\/#breadcrumb\"},\"inLanguage\":\"en-US\",\"potentialAction\":[{\"@type\":\"ReadAction\",\"target\":[\"https:\/\/errr-magazine.com\/abrir-las-puertas\/\"]}]},{\"@type\":\"ImageObject\",\"inLanguage\":\"en-US\",\"@id\":\"https:\/\/errr-magazine.com\/abrir-las-puertas\/#primaryimage\",\"url\":\"https:\/\/errr-magazine.com\/wp-content\/uploads\/2023\/10\/IMG_1147.jpg\",\"contentUrl\":\"https:\/\/errr-magazine.com\/wp-content\/uploads\/2023\/10\/IMG_1147.jpg\",\"width\":1280,\"height\":1920,\"caption\":\"Fotograf\u00edas por Rodrigo Solano\"},{\"@type\":\"BreadcrumbList\",\"@id\":\"https:\/\/errr-magazine.com\/abrir-las-puertas\/#breadcrumb\",\"itemListElement\":[{\"@type\":\"ListItem\",\"position\":1,\"name\":\"Portada\",\"item\":\"https:\/\/errr-magazine.com\/\"},{\"@type\":\"ListItem\",\"position\":2,\"name\":\"Abrir las puertas\"}]},{\"@type\":\"WebSite\",\"@id\":\"https:\/\/errr-magazine.com\/#website\",\"url\":\"https:\/\/errr-magazine.com\/\",\"name\":\"ERRR MAGAZINE\",\"description\":\"\",\"potentialAction\":[{\"@type\":\"SearchAction\",\"target\":{\"@type\":\"EntryPoint\",\"urlTemplate\":\"https:\/\/errr-magazine.com\/?s={search_term_string}\"},\"query-input\":{\"@type\":\"PropertyValueSpecification\",\"valueRequired\":true,\"valueName\":\"search_term_string\"}}],\"inLanguage\":\"en-US\"},{\"@type\":\"Person\",\"@id\":\"https:\/\/errr-magazine.com\/#\/schema\/person\/054bc51160e7df45348900896403ff2c\",\"name\":\"Rodrigo Solano\",\"image\":{\"@type\":\"ImageObject\",\"inLanguage\":\"en-US\",\"@id\":\"https:\/\/secure.gravatar.com\/avatar\/28a265c84707fa1edf5b0da38c4193cb7335fe56f7cfe6e459a52c7f0961fb1c?s=96&d=identicon&r=g\",\"url\":\"https:\/\/secure.gravatar.com\/avatar\/28a265c84707fa1edf5b0da38c4193cb7335fe56f7cfe6e459a52c7f0961fb1c?s=96&d=identicon&r=g\",\"contentUrl\":\"https:\/\/secure.gravatar.com\/avatar\/28a265c84707fa1edf5b0da38c4193cb7335fe56f7cfe6e459a52c7f0961fb1c?s=96&d=identicon&r=g\",\"caption\":\"Rodrigo Solano\"},\"description\":\"Rodrigo Solano tambi\u00e9n conocido como Rodrigo Sic. Nacido en la Ciudad de M\u00e9xico. Busca hacer fotos antes del fin del mundo y su meta ahora es tener su primer fotolibro.\",\"sameAs\":[\"https:\/\/www.instagram.com\/rrodrigotequieromucho\/\"],\"url\":\"https:\/\/errr-magazine.com\/english\/author\/sisoyalgosoyviolencia\/\"}]}<\/script>\n<!-- \/ Yoast SEO plugin. -->","yoast_head_json":{"title":"Abrir las puertas - ERRR MAGAZINE","robots":{"index":"index","follow":"follow","max-snippet":"max-snippet:-1","max-image-preview":"max-image-preview:large","max-video-preview":"max-video-preview:-1"},"canonical":"https:\/\/errr-magazine.com\/english\/abrir-las-puertas\/","og_locale":"en_US","og_type":"article","og_title":"Abrir las puertas - ERRR MAGAZINE","og_description":"Una experiencia que sucedi\u00f3 hace poco, fue que una amiga con la que ya hab\u00eda hecho fotos me propuso hacer fotos por segunda ocasi\u00f3n. Acept\u00e9. Pero la propuesta de ella era que fueran retratos frente a su espejo de su habitaci\u00f3n sobre su cama, pero ella quer\u00eda que yo tambi\u00e9n saliera en la toma a modo de autorretrato.","og_url":"https:\/\/errr-magazine.com\/english\/abrir-las-puertas\/","og_site_name":"ERRR MAGAZINE","article_published_time":"2023-10-22T01:24:57+00:00","article_modified_time":"2025-08-15T16:55:57+00:00","og_image":[{"width":683,"height":1024,"url":"https:\/\/errr-magazine.com\/wp-content\/uploads\/2023\/10\/IMG_1147-683x1024.jpg","type":"image\/jpeg"}],"author":"Rodrigo Solano","twitter_card":"summary_large_image","twitter_misc":{"Written by":"Rodrigo Solano","Est. reading time":"6 minutes"},"schema":{"@context":"https:\/\/schema.org","@graph":[{"@type":"Article","@id":"https:\/\/errr-magazine.com\/abrir-las-puertas\/#article","isPartOf":{"@id":"https:\/\/errr-magazine.com\/abrir-las-puertas\/"},"author":{"name":"Rodrigo Solano","@id":"https:\/\/errr-magazine.com\/#\/schema\/person\/054bc51160e7df45348900896403ff2c"},"headline":"Abrir las puertas","datePublished":"2023-10-22T01:24:57+00:00","dateModified":"2025-08-15T16:55:57+00:00","mainEntityOfPage":{"@id":"https:\/\/errr-magazine.com\/abrir-las-puertas\/"},"wordCount":1198,"image":{"@id":"https:\/\/errr-magazine.com\/abrir-las-puertas\/#primaryimage"},"thumbnailUrl":"https:\/\/errr-magazine.com\/wp-content\/uploads\/2023\/10\/IMG_1147.jpg","articleSection":["Interview"],"inLanguage":"en-US"},{"@type":"WebPage","@id":"https:\/\/errr-magazine.com\/abrir-las-puertas\/","url":"https:\/\/errr-magazine.com\/abrir-las-puertas\/","name":"Abrir las puertas - ERRR MAGAZINE","isPartOf":{"@id":"https:\/\/errr-magazine.com\/#website"},"primaryImageOfPage":{"@id":"https:\/\/errr-magazine.com\/abrir-las-puertas\/#primaryimage"},"image":{"@id":"https:\/\/errr-magazine.com\/abrir-las-puertas\/#primaryimage"},"thumbnailUrl":"https:\/\/errr-magazine.com\/wp-content\/uploads\/2023\/10\/IMG_1147.jpg","datePublished":"2023-10-22T01:24:57+00:00","dateModified":"2025-08-15T16:55:57+00:00","author":{"@id":"https:\/\/errr-magazine.com\/#\/schema\/person\/054bc51160e7df45348900896403ff2c"},"breadcrumb":{"@id":"https:\/\/errr-magazine.com\/abrir-las-puertas\/#breadcrumb"},"inLanguage":"en-US","potentialAction":[{"@type":"ReadAction","target":["https:\/\/errr-magazine.com\/abrir-las-puertas\/"]}]},{"@type":"ImageObject","inLanguage":"en-US","@id":"https:\/\/errr-magazine.com\/abrir-las-puertas\/#primaryimage","url":"https:\/\/errr-magazine.com\/wp-content\/uploads\/2023\/10\/IMG_1147.jpg","contentUrl":"https:\/\/errr-magazine.com\/wp-content\/uploads\/2023\/10\/IMG_1147.jpg","width":1280,"height":1920,"caption":"Fotograf\u00edas por Rodrigo Solano"},{"@type":"BreadcrumbList","@id":"https:\/\/errr-magazine.com\/abrir-las-puertas\/#breadcrumb","itemListElement":[{"@type":"ListItem","position":1,"name":"Portada","item":"https:\/\/errr-magazine.com\/"},{"@type":"ListItem","position":2,"name":"Abrir las puertas"}]},{"@type":"WebSite","@id":"https:\/\/errr-magazine.com\/#website","url":"https:\/\/errr-magazine.com\/","name":"ERRR MAGAZINE","description":"","potentialAction":[{"@type":"SearchAction","target":{"@type":"EntryPoint","urlTemplate":"https:\/\/errr-magazine.com\/?s={search_term_string}"},"query-input":{"@type":"PropertyValueSpecification","valueRequired":true,"valueName":"search_term_string"}}],"inLanguage":"en-US"},{"@type":"Person","@id":"https:\/\/errr-magazine.com\/#\/schema\/person\/054bc51160e7df45348900896403ff2c","name":"Rodrigo Solano","image":{"@type":"ImageObject","inLanguage":"en-US","@id":"https:\/\/secure.gravatar.com\/avatar\/28a265c84707fa1edf5b0da38c4193cb7335fe56f7cfe6e459a52c7f0961fb1c?s=96&d=identicon&r=g","url":"https:\/\/secure.gravatar.com\/avatar\/28a265c84707fa1edf5b0da38c4193cb7335fe56f7cfe6e459a52c7f0961fb1c?s=96&d=identicon&r=g","contentUrl":"https:\/\/secure.gravatar.com\/avatar\/28a265c84707fa1edf5b0da38c4193cb7335fe56f7cfe6e459a52c7f0961fb1c?s=96&d=identicon&r=g","caption":"Rodrigo Solano"},"description":"Rodrigo Solano tambi\u00e9n conocido como Rodrigo Sic. Nacido en la Ciudad de M\u00e9xico. Busca hacer fotos antes del fin del mundo y su meta ahora es tener su primer fotolibro.","sameAs":["https:\/\/www.instagram.com\/rrodrigotequieromucho\/"],"url":"https:\/\/errr-magazine.com\/english\/author\/sisoyalgosoyviolencia\/"}]}},"jetpack_featured_media_url":"https:\/\/errr-magazine.com\/wp-content\/uploads\/2023\/10\/IMG_1147.jpg","jetpack-related-posts":[{"id":186418,"url":"https:\/\/errr-magazine.com\/english\/poemas-visuales\/","url_meta":{"origin":185963,"position":0},"title":"Poemas visuales","author":"Daniela Barrios Jimenez","date":"11\/07\/2023","format":false,"excerpt":"Estaba ense\u00f1ando una fotograf\u00eda muy fuerte para m\u00ed por la carga emocional que supone. Al mostrarla se me fueron las palabras y la persona a la que ense\u00f1aba se qued\u00f3 helada, se le enchin\u00f3 el cuerpo. Me dijo d\u00edas despu\u00e9s que hab\u00eda so\u00f1ado con ella.","rel":"","context":"In &quot;Interview&quot;","block_context":{"text":"Interview","link":"https:\/\/errr-magazine.com\/english\/category\/interviews\/"},"img":{"alt_text":"","src":"https:\/\/i0.wp.com\/errr-magazine.com\/wp-content\/uploads\/2023\/11\/8err.jpg?resize=350%2C200&ssl=1","width":350,"height":200,"srcset":"https:\/\/i0.wp.com\/errr-magazine.com\/wp-content\/uploads\/2023\/11\/8err.jpg?resize=350%2C200&ssl=1 1x, https:\/\/i0.wp.com\/errr-magazine.com\/wp-content\/uploads\/2023\/11\/8err.jpg?resize=525%2C300&ssl=1 1.5x, https:\/\/i0.wp.com\/errr-magazine.com\/wp-content\/uploads\/2023\/11\/8err.jpg?resize=700%2C400&ssl=1 2x"},"classes":[]},{"id":197765,"url":"https:\/\/errr-magazine.com\/english\/solicitud\/","url_meta":{"origin":185963,"position":1},"title":"Solitude","author":"Juli\u00e1n Camacho","date":"01\/16\/2026","format":false,"excerpt":"Many times I feel that my work isn\u2019t good enough. Over the years I\u2019ve learned to recognize those thoughts and not give them too much weight. Going out to take photos has become a form of rebellion against them: not taking everything so seriously and simply showing real moments.","rel":"","context":"In &quot;Artes visuales&quot;","block_context":{"text":"Artes visuales","link":"https:\/\/errr-magazine.com\/english\/category\/interviews\/artes-visuales\/"},"img":{"alt_text":"","src":"https:\/\/i0.wp.com\/errr-magazine.com\/wp-content\/uploads\/2026\/01\/R0001879-scaled.png?resize=350%2C200&ssl=1","width":350,"height":200,"srcset":"https:\/\/i0.wp.com\/errr-magazine.com\/wp-content\/uploads\/2026\/01\/R0001879-scaled.png?resize=350%2C200&ssl=1 1x, https:\/\/i0.wp.com\/errr-magazine.com\/wp-content\/uploads\/2026\/01\/R0001879-scaled.png?resize=525%2C300&ssl=1 1.5x, https:\/\/i0.wp.com\/errr-magazine.com\/wp-content\/uploads\/2026\/01\/R0001879-scaled.png?resize=700%2C400&ssl=1 2x, https:\/\/i0.wp.com\/errr-magazine.com\/wp-content\/uploads\/2026\/01\/R0001879-scaled.png?resize=1050%2C600&ssl=1 3x, https:\/\/i0.wp.com\/errr-magazine.com\/wp-content\/uploads\/2026\/01\/R0001879-scaled.png?resize=1400%2C800&ssl=1 4x"},"classes":[]},{"id":186783,"url":"https:\/\/errr-magazine.com\/english\/marcos-naturales\/","url_meta":{"origin":185963,"position":2},"title":"Marcos naturales","author":"Karina Flores","date":"12\/05\/2023","format":false,"excerpt":"En la naturaleza me gustan los detalles que est\u00e1n ah\u00ed, que pudieran pasar desapercibidos para muchos pero que sin ellos el entorno no ser\u00eda el mismo, los marcos naturales.","rel":"","context":"In &quot;Interview&quot;","block_context":{"text":"Interview","link":"https:\/\/errr-magazine.com\/english\/category\/interviews\/"},"img":{"alt_text":"","src":"https:\/\/i0.wp.com\/errr-magazine.com\/wp-content\/uploads\/2023\/12\/Photo05_2.jpg?resize=350%2C200&ssl=1","width":350,"height":200,"srcset":"https:\/\/i0.wp.com\/errr-magazine.com\/wp-content\/uploads\/2023\/12\/Photo05_2.jpg?resize=350%2C200&ssl=1 1x, https:\/\/i0.wp.com\/errr-magazine.com\/wp-content\/uploads\/2023\/12\/Photo05_2.jpg?resize=525%2C300&ssl=1 1.5x, https:\/\/i0.wp.com\/errr-magazine.com\/wp-content\/uploads\/2023\/12\/Photo05_2.jpg?resize=700%2C400&ssl=1 2x"},"classes":[]},{"id":190174,"url":"https:\/\/errr-magazine.com\/english\/mis-ganas-de-jugar\/","url_meta":{"origin":185963,"position":3},"title":"Mis ganas de jugar","author":"Fernanda Parra","date":"06\/01\/2025","format":false,"excerpt":"Despu\u00e9s de a\u00f1os de hacer foto llega un momento donde sobrepiensas m\u00e1s que antes y te dejas de atrever a jugar. Intento nunca perder eso, mis ganas de jugar en la fotograf\u00eda.","rel":"","context":"In &quot;Interview&quot;","block_context":{"text":"Interview","link":"https:\/\/errr-magazine.com\/english\/category\/interviews\/"},"img":{"alt_text":"","src":"https:\/\/i0.wp.com\/errr-magazine.com\/wp-content\/uploads\/2025\/06\/fernandaparra2.png?resize=350%2C200&ssl=1","width":350,"height":200,"srcset":"https:\/\/i0.wp.com\/errr-magazine.com\/wp-content\/uploads\/2025\/06\/fernandaparra2.png?resize=350%2C200&ssl=1 1x, https:\/\/i0.wp.com\/errr-magazine.com\/wp-content\/uploads\/2025\/06\/fernandaparra2.png?resize=525%2C300&ssl=1 1.5x, https:\/\/i0.wp.com\/errr-magazine.com\/wp-content\/uploads\/2025\/06\/fernandaparra2.png?resize=700%2C400&ssl=1 2x, https:\/\/i0.wp.com\/errr-magazine.com\/wp-content\/uploads\/2025\/06\/fernandaparra2.png?resize=1050%2C600&ssl=1 3x"},"classes":[]},{"id":186864,"url":"https:\/\/errr-magazine.com\/english\/sigue-al-ojo\/","url_meta":{"origin":185963,"position":4},"title":"Sigue al ojo","author":"Ist\u00e1n Guzm\u00e1n","date":"12\/08\/2023","format":false,"excerpt":"Por cada foto incre\u00edble que ves en el feed de alguien, seguro hubieron cincuenta muy malas fotos. Cree en ti, si t\u00fa no lo haces, nadie lo va a hacer.","rel":"","context":"In &quot;Interview&quot;","block_context":{"text":"Interview","link":"https:\/\/errr-magazine.com\/english\/category\/interviews\/"},"img":{"alt_text":"","src":"https:\/\/i0.wp.com\/errr-magazine.com\/wp-content\/uploads\/2023\/12\/2.jpg?resize=350%2C200&ssl=1","width":350,"height":200,"srcset":"https:\/\/i0.wp.com\/errr-magazine.com\/wp-content\/uploads\/2023\/12\/2.jpg?resize=350%2C200&ssl=1 1x, https:\/\/i0.wp.com\/errr-magazine.com\/wp-content\/uploads\/2023\/12\/2.jpg?resize=525%2C300&ssl=1 1.5x"},"classes":[]},{"id":186902,"url":"https:\/\/errr-magazine.com\/english\/calido\/","url_meta":{"origin":185963,"position":5},"title":"C\u00e1lido","author":"Julio Guti\u00e9rrez","date":"12\/09\/2023","format":false,"excerpt":"La constante comparaci\u00f3n con lo que hacen los dem\u00e1s o lo que est\u00e1 de moda, mata un poco la autenticidad de uno, en vez de ver para adentro y experimentar nos dejamos llevar por lo que hacen todos en ese momento.","rel":"","context":"In &quot;Interview&quot;","block_context":{"text":"Interview","link":"https:\/\/errr-magazine.com\/english\/category\/interviews\/"},"img":{"alt_text":"","src":"https:\/\/i0.wp.com\/errr-magazine.com\/wp-content\/uploads\/2023\/12\/gadfgadf.jpg?resize=350%2C200&ssl=1","width":350,"height":200,"srcset":"https:\/\/i0.wp.com\/errr-magazine.com\/wp-content\/uploads\/2023\/12\/gadfgadf.jpg?resize=350%2C200&ssl=1 1x, https:\/\/i0.wp.com\/errr-magazine.com\/wp-content\/uploads\/2023\/12\/gadfgadf.jpg?resize=525%2C300&ssl=1 1.5x"},"classes":[]}],"jetpack_sharing_enabled":true,"mfb_rest_fields":["title","yoast_head","yoast_head_json","jetpack_featured_media_url","jetpack-related-posts","jetpack_sharing_enabled"],"_links":{"self":[{"href":"https:\/\/errr-magazine.com\/english\/wp-json\/wp\/v2\/posts\/185963","targetHints":{"allow":["GET"]}}],"collection":[{"href":"https:\/\/errr-magazine.com\/english\/wp-json\/wp\/v2\/posts"}],"about":[{"href":"https:\/\/errr-magazine.com\/english\/wp-json\/wp\/v2\/types\/post"}],"author":[{"embeddable":true,"href":"https:\/\/errr-magazine.com\/english\/wp-json\/wp\/v2\/users\/7323"}],"replies":[{"embeddable":true,"href":"https:\/\/errr-magazine.com\/english\/wp-json\/wp\/v2\/comments?post=185963"}],"version-history":[{"count":3,"href":"https:\/\/errr-magazine.com\/english\/wp-json\/wp\/v2\/posts\/185963\/revisions"}],"predecessor-version":[{"id":191736,"href":"https:\/\/errr-magazine.com\/english\/wp-json\/wp\/v2\/posts\/185963\/revisions\/191736"}],"wp:featuredmedia":[{"embeddable":true,"href":"https:\/\/errr-magazine.com\/english\/wp-json\/wp\/v2\/media\/185964"}],"wp:attachment":[{"href":"https:\/\/errr-magazine.com\/english\/wp-json\/wp\/v2\/media?parent=185963"}],"wp:term":[{"taxonomy":"category","embeddable":true,"href":"https:\/\/errr-magazine.com\/english\/wp-json\/wp\/v2\/categories?post=185963"},{"taxonomy":"post_tag","embeddable":true,"href":"https:\/\/errr-magazine.com\/english\/wp-json\/wp\/v2\/tags?post=185963"}],"curies":[{"name":"wp","href":"https:\/\/api.w.org\/{rel}","templated":true}]}}