{"id":185903,"date":"2023-10-15T16:13:08","date_gmt":"2023-10-15T21:13:08","guid":{"rendered":"https:\/\/errr-magazine.com\/?p=185903"},"modified":"2025-05-09T18:08:36","modified_gmt":"2025-05-10T00:08:36","slug":"y-si-se-me-olvida-tu-cara","status":"publish","type":"post","link":"https:\/\/errr-magazine.com\/english\/y-si-se-me-olvida-tu-cara\/","title":{"rendered":"\u00bfy si se me olvida tu cara?"},"content":{"rendered":"<p><strong>\u00bfCu\u00e1l es el origen de la canci\u00f3n?<\/strong><br>Es una emotiva canci\u00f3n dirigida para aquellos que buscan liberar sus emociones tras una dolorosa separaci\u00f3n. Explora el temor que inunda el coraz\u00f3n cuando te das cuenta de que la imagen de la persona que sol\u00eda ser tan importante para ti podr\u00eda desvanecerse con el tiempo, al alejarse de tu vida diaria.<\/p>\n\n\n\n<p><strong>\u00bfC\u00f3mo fue la sesi\u00f3n de grabaci\u00f3n?<\/strong><br>Maqueteamos en nuestras casas y nos mandamos nuestras ideas por Wetransfer, rebotamos varias veces y ya que nos gust\u00f3 el resultado, quedamos para vernos y grabar las voces finales en el home studio de youyousolo. Las grabamos y youyousolo la mezcl\u00f3 junto con willer khale y la masteriz\u00f3 Javier G\u00f3mez.<\/p>\n\n\n\n<p><strong>\u00bfCu\u00e1les fueron las referencias, influencias o inspiraciones musicales?<\/strong><br>Realmente no tuvimos una canci\u00f3n espec\u00edfica como referencia, fue m\u00e1s bien estructurada conforme a la melod\u00eda y a la letra, creemos que tienen mucha coherencia y la m\u00fasica y la letra van acompa\u00f1\u00e1ndose todo el tiempo.<\/p>\n\n\n\n<div class=\"wp-block-columns are-vertically-aligned-center is-layout-flex wp-container-core-columns-is-layout-28f84493 wp-block-columns-is-layout-flex\">\n<div class=\"wp-block-column is-vertically-aligned-center is-layout-flow wp-block-column-is-layout-flow\" style=\"flex-basis:100%\">\n<iframe style=\"border-radius:12px\" data-src=\"https:\/\/open.spotify.com\/embed\/track\/2H2Y0NIQcStHip1k26o1nv?utm_source=generator\" width=\"100%\" height=\"152\" frameborder=\"0\" allowfullscreen=\"\" allow=\"autoplay; clipboard-write; encrypted-media; fullscreen; picture-in-picture\" src=\"data:image\/svg+xml;base64,PHN2ZyB3aWR0aD0iMSIgaGVpZ2h0PSIxIiB4bWxucz0iaHR0cDovL3d3dy53My5vcmcvMjAwMC9zdmciPjwvc3ZnPg==\" class=\"lazyload\" data-load-mode=\"1\"><\/iframe>\n<\/div>\n<\/div>\n\n\n\n<p><strong>\u00bfQu\u00e9 es lo que m\u00e1s te gusta de la canci\u00f3n y por qu\u00e9?<\/strong><br>Nos gusta la mezcla de g\u00e9neros que logramos hacer y c\u00f3mo pudimos respetar y lograr meter lo hyper que queremos que prevalezca. Lograr una canci\u00f3n que podamos bailar pero que si te detienes a escuchar la letra es s\u00faper triste, era nuestro objetivo.<\/p>\n\n\n\n<p><strong>\u00bfQu\u00e9 fue lo m\u00e1s disfrutable del proceso de escritura, producci\u00f3n y grabaci\u00f3n?<\/strong><br>El desahogo, creo que poder expresar lo que necesitaba decir en ese momento fue super liberador y nos aliger\u00f3. En cuanto a la producci\u00f3n es muy divertido esperar el Wetransfer de la otra persona y ver qu\u00e9 otra cosa se le ocurri\u00f3 y c\u00f3mo complementa la canci\u00f3n. Y en grabaci\u00f3n, siempre la pasamos muy bien, normalmente juntamos unas cuatro o cinco canciones nuevas, porque vivimos un poco lejos de la otra, entonces as\u00ed grabamos varias en un viaje y nos tomamos casi todo el d\u00eda para hacerlo. Es un ambiente s\u00faper tranquilo, agradable y nos tomamos el tiempo que necesitemos.<\/p>\n\n\n\n<p><strong>\u00bfCu\u00e1l fue la parte m\u00e1s dif\u00edcil del proceso creativo y c\u00f3mo se super\u00f3?<\/strong><br>La verdad es que con esta canci\u00f3n todo fluy\u00f3 much\u00edsimo, no tuvimos alg\u00fan momento en que nos frustrara y que no nos gustara algo, sali\u00f3 muy f\u00e1cil y org\u00e1nico y logramos fusionar bien nuestras ideas.<\/p>\n\n\n\n<p><strong>Si hubieras podido invitar a cualquier otra persona a colaborar, \u00bfqui\u00e9n hubiera sido y por qu\u00e9?<\/strong><br>A luna ki o mar\u00eda escarmiento, son las mejores, nos urge hacer m\u00fasica con ellas, inspiran cada respiro que damos<\/p>\n\n\n\n<p><strong>\u00bfCu\u00e1l es el mayor reto para presentar esta canci\u00f3n en vivo y c\u00f3mo se ha resuelto?<\/strong><br>Cantarla en vivo es un tema, es una canci\u00f3n que no se hizo pensando en cantarla en vivo porque se nos apag\u00f3 el cerebro, pero es compleja de cantar en vivo porque es un poco aguda y no hay muchos espacios para respirar y descansar. Se ha resuelto con clases de canto y yendo al gym honestamente.<\/p>\n\n\n\n<p><strong>Recomi\u00e9ndanos alguna canci\u00f3n que hayas escuchado \u00faltimamente.<\/strong><br><em>La partida<\/em> de luna ki.<\/p>","protected":false},"excerpt":{"rendered":"<p>Es una emotiva canci\u00f3n dirigida para aquellos que buscan liberar sus emociones tras una dolorosa separaci\u00f3n. Explora el temor que inunda el coraz\u00f3n cuando te das cuenta de que la imagen de la persona que sol\u00eda ser tan importante para ti podr\u00eda desvanecerse con el tiempo, al alejarse de tu vida diaria.<\/p>","protected":false},"author":7676,"featured_media":185902,"comment_status":"closed","ping_status":"closed","sticky":false,"template":"","format":"standard","meta":{"_acf_changed":false,"cybocfi_hide_featured_image":"","_jetpack_memberships_contains_paid_content":false,"footnotes":""},"categories":[7997],"tags":[],"class_list":["post-185903","post","type-post","status-publish","format-standard","has-post-thumbnail","hentry","category-textos"],"acf":[],"mb":[],"yoast_head":"<!-- This site is optimized with the Yoast SEO plugin v27.2 - https:\/\/yoast.com\/product\/yoast-seo-wordpress\/ -->\n<title>\u00bfy si se me olvida tu cara? - ERRR MAGAZINE<\/title>\n<meta name=\"robots\" content=\"index, follow, max-snippet:-1, max-image-preview:large, max-video-preview:-1\" \/>\n<link rel=\"canonical\" href=\"https:\/\/errr-magazine.com\/english\/y-si-se-me-olvida-tu-cara\/\" \/>\n<meta property=\"og:locale\" content=\"en_US\" \/>\n<meta property=\"og:type\" content=\"article\" \/>\n<meta property=\"og:title\" content=\"\u00bfy si se me olvida tu cara? - ERRR MAGAZINE\" \/>\n<meta property=\"og:description\" content=\"Es una emotiva canci\u00f3n dirigida para aquellos que buscan liberar sus emociones tras una dolorosa separaci\u00f3n. Explora el temor que inunda el coraz\u00f3n cuando te das cuenta de que la imagen de la persona que sol\u00eda ser tan importante para ti podr\u00eda desvanecerse con el tiempo, al alejarse de tu vida diaria.\" \/>\n<meta property=\"og:url\" content=\"https:\/\/errr-magazine.com\/english\/y-si-se-me-olvida-tu-cara\/\" \/>\n<meta property=\"og:site_name\" content=\"ERRR MAGAZINE\" \/>\n<meta property=\"article:published_time\" content=\"2023-10-15T21:13:08+00:00\" \/>\n<meta property=\"article:modified_time\" content=\"2025-05-10T00:08:36+00:00\" \/>\n<meta property=\"og:image\" content=\"https:\/\/errr-magazine.com\/wp-content\/uploads\/2023\/10\/9Cr0wCllyAe3-Photo23_20-copia-3.jpg\" \/>\n\t<meta property=\"og:image:width\" content=\"1920\" \/>\n\t<meta property=\"og:image:height\" content=\"1289\" \/>\n\t<meta property=\"og:image:type\" content=\"image\/jpeg\" \/>\n<meta name=\"author\" content=\"canal de miramontes x youyousolo\" \/>\n<meta name=\"twitter:card\" content=\"summary_large_image\" \/>\n<meta name=\"twitter:label1\" content=\"Written by\" \/>\n\t<meta name=\"twitter:data1\" content=\"canal de miramontes x youyousolo\" \/>\n\t<meta name=\"twitter:label2\" content=\"Est. reading time\" \/>\n\t<meta name=\"twitter:data2\" content=\"3 minutes\" \/>\n<script type=\"application\/ld+json\" class=\"yoast-schema-graph\">{\"@context\":\"https:\/\/schema.org\",\"@graph\":[{\"@type\":\"Article\",\"@id\":\"https:\/\/errr-magazine.com\/y-si-se-me-olvida-tu-cara\/#article\",\"isPartOf\":{\"@id\":\"https:\/\/errr-magazine.com\/y-si-se-me-olvida-tu-cara\/\"},\"author\":{\"name\":\"canal de miramontes x youyousolo\",\"@id\":\"https:\/\/errr-magazine.com\/#\/schema\/person\/515ef39e69141890f7a9bea1a4d980c9\"},\"headline\":\"\u00bfy si se me olvida tu cara?\",\"datePublished\":\"2023-10-15T21:13:08+00:00\",\"dateModified\":\"2025-05-10T00:08:36+00:00\",\"mainEntityOfPage\":{\"@id\":\"https:\/\/errr-magazine.com\/y-si-se-me-olvida-tu-cara\/\"},\"wordCount\":554,\"image\":{\"@id\":\"https:\/\/errr-magazine.com\/y-si-se-me-olvida-tu-cara\/#primaryimage\"},\"thumbnailUrl\":\"https:\/\/errr-magazine.com\/wp-content\/uploads\/2023\/10\/9Cr0wCllyAe3-Photo23_20-copia-3.jpg\",\"articleSection\":[\"Textos\"],\"inLanguage\":\"en-US\"},{\"@type\":\"WebPage\",\"@id\":\"https:\/\/errr-magazine.com\/y-si-se-me-olvida-tu-cara\/\",\"url\":\"https:\/\/errr-magazine.com\/y-si-se-me-olvida-tu-cara\/\",\"name\":\"\u00bfy si se me olvida tu cara? - ERRR MAGAZINE\",\"isPartOf\":{\"@id\":\"https:\/\/errr-magazine.com\/#website\"},\"primaryImageOfPage\":{\"@id\":\"https:\/\/errr-magazine.com\/y-si-se-me-olvida-tu-cara\/#primaryimage\"},\"image\":{\"@id\":\"https:\/\/errr-magazine.com\/y-si-se-me-olvida-tu-cara\/#primaryimage\"},\"thumbnailUrl\":\"https:\/\/errr-magazine.com\/wp-content\/uploads\/2023\/10\/9Cr0wCllyAe3-Photo23_20-copia-3.jpg\",\"datePublished\":\"2023-10-15T21:13:08+00:00\",\"dateModified\":\"2025-05-10T00:08:36+00:00\",\"author\":{\"@id\":\"https:\/\/errr-magazine.com\/#\/schema\/person\/515ef39e69141890f7a9bea1a4d980c9\"},\"breadcrumb\":{\"@id\":\"https:\/\/errr-magazine.com\/y-si-se-me-olvida-tu-cara\/#breadcrumb\"},\"inLanguage\":\"en-US\",\"potentialAction\":[{\"@type\":\"ReadAction\",\"target\":[\"https:\/\/errr-magazine.com\/y-si-se-me-olvida-tu-cara\/\"]}]},{\"@type\":\"ImageObject\",\"inLanguage\":\"en-US\",\"@id\":\"https:\/\/errr-magazine.com\/y-si-se-me-olvida-tu-cara\/#primaryimage\",\"url\":\"https:\/\/errr-magazine.com\/wp-content\/uploads\/2023\/10\/9Cr0wCllyAe3-Photo23_20-copia-3.jpg\",\"contentUrl\":\"https:\/\/errr-magazine.com\/wp-content\/uploads\/2023\/10\/9Cr0wCllyAe3-Photo23_20-copia-3.jpg\",\"width\":1920,\"height\":1289,\"caption\":\"Fotograf\u00eda por Sof\u00eda Ron\"},{\"@type\":\"BreadcrumbList\",\"@id\":\"https:\/\/errr-magazine.com\/y-si-se-me-olvida-tu-cara\/#breadcrumb\",\"itemListElement\":[{\"@type\":\"ListItem\",\"position\":1,\"name\":\"Portada\",\"item\":\"https:\/\/errr-magazine.com\/\"},{\"@type\":\"ListItem\",\"position\":2,\"name\":\"\u00bfy si se me olvida tu cara?\"}]},{\"@type\":\"WebSite\",\"@id\":\"https:\/\/errr-magazine.com\/#website\",\"url\":\"https:\/\/errr-magazine.com\/\",\"name\":\"ERRR MAGAZINE\",\"description\":\"\",\"potentialAction\":[{\"@type\":\"SearchAction\",\"target\":{\"@type\":\"EntryPoint\",\"urlTemplate\":\"https:\/\/errr-magazine.com\/?s={search_term_string}\"},\"query-input\":{\"@type\":\"PropertyValueSpecification\",\"valueRequired\":true,\"valueName\":\"search_term_string\"}}],\"inLanguage\":\"en-US\"},{\"@type\":\"Person\",\"@id\":\"https:\/\/errr-magazine.com\/#\/schema\/person\/515ef39e69141890f7a9bea1a4d980c9\",\"name\":\"canal de miramontes x youyousolo\",\"image\":{\"@type\":\"ImageObject\",\"inLanguage\":\"en-US\",\"@id\":\"https:\/\/secure.gravatar.com\/avatar\/fddd199589028a8884152c4e2b5fecb03330bfcb17a0dedf61102c632f8732a5?s=96&d=identicon&r=g\",\"url\":\"https:\/\/secure.gravatar.com\/avatar\/fddd199589028a8884152c4e2b5fecb03330bfcb17a0dedf61102c632f8732a5?s=96&d=identicon&r=g\",\"contentUrl\":\"https:\/\/secure.gravatar.com\/avatar\/fddd199589028a8884152c4e2b5fecb03330bfcb17a0dedf61102c632f8732a5?s=96&d=identicon&r=g\",\"caption\":\"canal de miramontes x youyousolo\"},\"description\":\"canal de miramontes y youyousolo son un proyecto colaborativo que hace post-hyperpop, m\u00fasica para bailar mientras lloras.\",\"sameAs\":[\"https:\/\/hypeddit.com\/77uqw1\"],\"url\":\"https:\/\/errr-magazine.com\/english\/author\/canal-de-miramontes-x-youyousolo\/\"}]}<\/script>\n<!-- \/ Yoast SEO plugin. -->","yoast_head_json":{"title":"\u00bfy si se me olvida tu cara? - ERRR MAGAZINE","robots":{"index":"index","follow":"follow","max-snippet":"max-snippet:-1","max-image-preview":"max-image-preview:large","max-video-preview":"max-video-preview:-1"},"canonical":"https:\/\/errr-magazine.com\/english\/y-si-se-me-olvida-tu-cara\/","og_locale":"en_US","og_type":"article","og_title":"\u00bfy si se me olvida tu cara? - ERRR MAGAZINE","og_description":"Es una emotiva canci\u00f3n dirigida para aquellos que buscan liberar sus emociones tras una dolorosa separaci\u00f3n. Explora el temor que inunda el coraz\u00f3n cuando te das cuenta de que la imagen de la persona que sol\u00eda ser tan importante para ti podr\u00eda desvanecerse con el tiempo, al alejarse de tu vida diaria.","og_url":"https:\/\/errr-magazine.com\/english\/y-si-se-me-olvida-tu-cara\/","og_site_name":"ERRR MAGAZINE","article_published_time":"2023-10-15T21:13:08+00:00","article_modified_time":"2025-05-10T00:08:36+00:00","og_image":[{"width":1920,"height":1289,"url":"https:\/\/errr-magazine.com\/wp-content\/uploads\/2023\/10\/9Cr0wCllyAe3-Photo23_20-copia-3.jpg","type":"image\/jpeg"}],"author":"canal de miramontes x youyousolo","twitter_card":"summary_large_image","twitter_misc":{"Written by":"canal de miramontes x youyousolo","Est. reading time":"3 minutes"},"schema":{"@context":"https:\/\/schema.org","@graph":[{"@type":"Article","@id":"https:\/\/errr-magazine.com\/y-si-se-me-olvida-tu-cara\/#article","isPartOf":{"@id":"https:\/\/errr-magazine.com\/y-si-se-me-olvida-tu-cara\/"},"author":{"name":"canal de miramontes x youyousolo","@id":"https:\/\/errr-magazine.com\/#\/schema\/person\/515ef39e69141890f7a9bea1a4d980c9"},"headline":"\u00bfy si se me olvida tu cara?","datePublished":"2023-10-15T21:13:08+00:00","dateModified":"2025-05-10T00:08:36+00:00","mainEntityOfPage":{"@id":"https:\/\/errr-magazine.com\/y-si-se-me-olvida-tu-cara\/"},"wordCount":554,"image":{"@id":"https:\/\/errr-magazine.com\/y-si-se-me-olvida-tu-cara\/#primaryimage"},"thumbnailUrl":"https:\/\/errr-magazine.com\/wp-content\/uploads\/2023\/10\/9Cr0wCllyAe3-Photo23_20-copia-3.jpg","articleSection":["Textos"],"inLanguage":"en-US"},{"@type":"WebPage","@id":"https:\/\/errr-magazine.com\/y-si-se-me-olvida-tu-cara\/","url":"https:\/\/errr-magazine.com\/y-si-se-me-olvida-tu-cara\/","name":"\u00bfy si se me olvida tu cara? - ERRR MAGAZINE","isPartOf":{"@id":"https:\/\/errr-magazine.com\/#website"},"primaryImageOfPage":{"@id":"https:\/\/errr-magazine.com\/y-si-se-me-olvida-tu-cara\/#primaryimage"},"image":{"@id":"https:\/\/errr-magazine.com\/y-si-se-me-olvida-tu-cara\/#primaryimage"},"thumbnailUrl":"https:\/\/errr-magazine.com\/wp-content\/uploads\/2023\/10\/9Cr0wCllyAe3-Photo23_20-copia-3.jpg","datePublished":"2023-10-15T21:13:08+00:00","dateModified":"2025-05-10T00:08:36+00:00","author":{"@id":"https:\/\/errr-magazine.com\/#\/schema\/person\/515ef39e69141890f7a9bea1a4d980c9"},"breadcrumb":{"@id":"https:\/\/errr-magazine.com\/y-si-se-me-olvida-tu-cara\/#breadcrumb"},"inLanguage":"en-US","potentialAction":[{"@type":"ReadAction","target":["https:\/\/errr-magazine.com\/y-si-se-me-olvida-tu-cara\/"]}]},{"@type":"ImageObject","inLanguage":"en-US","@id":"https:\/\/errr-magazine.com\/y-si-se-me-olvida-tu-cara\/#primaryimage","url":"https:\/\/errr-magazine.com\/wp-content\/uploads\/2023\/10\/9Cr0wCllyAe3-Photo23_20-copia-3.jpg","contentUrl":"https:\/\/errr-magazine.com\/wp-content\/uploads\/2023\/10\/9Cr0wCllyAe3-Photo23_20-copia-3.jpg","width":1920,"height":1289,"caption":"Fotograf\u00eda por Sof\u00eda Ron"},{"@type":"BreadcrumbList","@id":"https:\/\/errr-magazine.com\/y-si-se-me-olvida-tu-cara\/#breadcrumb","itemListElement":[{"@type":"ListItem","position":1,"name":"Portada","item":"https:\/\/errr-magazine.com\/"},{"@type":"ListItem","position":2,"name":"\u00bfy si se me olvida tu cara?"}]},{"@type":"WebSite","@id":"https:\/\/errr-magazine.com\/#website","url":"https:\/\/errr-magazine.com\/","name":"ERRR MAGAZINE","description":"","potentialAction":[{"@type":"SearchAction","target":{"@type":"EntryPoint","urlTemplate":"https:\/\/errr-magazine.com\/?s={search_term_string}"},"query-input":{"@type":"PropertyValueSpecification","valueRequired":true,"valueName":"search_term_string"}}],"inLanguage":"en-US"},{"@type":"Person","@id":"https:\/\/errr-magazine.com\/#\/schema\/person\/515ef39e69141890f7a9bea1a4d980c9","name":"canal de miramontes x youyousolo","image":{"@type":"ImageObject","inLanguage":"en-US","@id":"https:\/\/secure.gravatar.com\/avatar\/fddd199589028a8884152c4e2b5fecb03330bfcb17a0dedf61102c632f8732a5?s=96&d=identicon&r=g","url":"https:\/\/secure.gravatar.com\/avatar\/fddd199589028a8884152c4e2b5fecb03330bfcb17a0dedf61102c632f8732a5?s=96&d=identicon&r=g","contentUrl":"https:\/\/secure.gravatar.com\/avatar\/fddd199589028a8884152c4e2b5fecb03330bfcb17a0dedf61102c632f8732a5?s=96&d=identicon&r=g","caption":"canal de miramontes x youyousolo"},"description":"canal de miramontes y youyousolo son un proyecto colaborativo que hace post-hyperpop, m\u00fasica para bailar mientras lloras.","sameAs":["https:\/\/hypeddit.com\/77uqw1"],"url":"https:\/\/errr-magazine.com\/english\/author\/canal-de-miramontes-x-youyousolo\/"}]}},"jetpack_featured_media_url":"https:\/\/errr-magazine.com\/wp-content\/uploads\/2023\/10\/9Cr0wCllyAe3-Photo23_20-copia-3.jpg","jetpack-related-posts":[{"id":200752,"url":"https:\/\/errr-magazine.com\/english\/garage\/","url_meta":{"origin":185903,"position":0},"title":"Garage","author":"Casablanca Drivers","date":"02\/27\/2026","format":false,"excerpt":"Garage was born in the studio, our laboratory; it\u2019s like an in vitro song. Nit, our producer, came up with those chords he took from an old demo of his, and we built it together quite fast!","rel":"","context":"In &quot;M\u00fasica&quot;","block_context":{"text":"M\u00fasica","link":"https:\/\/errr-magazine.com\/english\/category\/interviews\/musica\/"},"img":{"alt_text":"","src":"https:\/\/i0.wp.com\/errr-magazine.com\/wp-content\/uploads\/2026\/02\/PRINCIPAL_GARAGE_121-scaled.jpg?resize=350%2C200&ssl=1","width":350,"height":200,"srcset":"https:\/\/i0.wp.com\/errr-magazine.com\/wp-content\/uploads\/2026\/02\/PRINCIPAL_GARAGE_121-scaled.jpg?resize=350%2C200&ssl=1 1x, https:\/\/i0.wp.com\/errr-magazine.com\/wp-content\/uploads\/2026\/02\/PRINCIPAL_GARAGE_121-scaled.jpg?resize=525%2C300&ssl=1 1.5x, https:\/\/i0.wp.com\/errr-magazine.com\/wp-content\/uploads\/2026\/02\/PRINCIPAL_GARAGE_121-scaled.jpg?resize=700%2C400&ssl=1 2x, https:\/\/i0.wp.com\/errr-magazine.com\/wp-content\/uploads\/2026\/02\/PRINCIPAL_GARAGE_121-scaled.jpg?resize=1050%2C600&ssl=1 3x, https:\/\/i0.wp.com\/errr-magazine.com\/wp-content\/uploads\/2026\/02\/PRINCIPAL_GARAGE_121-scaled.jpg?resize=1400%2C800&ssl=1 4x"},"classes":[]},{"id":202390,"url":"https:\/\/errr-magazine.com\/english\/entonces-las-cenizas-flotan\/","url_meta":{"origin":185903,"position":1},"title":"Entonces las cenizas flotan","author":"ni\u00f1o flor","date":"03\/15\/2026","format":false,"excerpt":"Extra\u00f1amente, algo le dice que tiene que ir a donde est\u00e1. Intentando perseguirla, se enfrenta a varios peligros que tiene que saltar y \u201cvolar\u201d sobre ellos; tiene que dejar sus miedos, ver hacia atr\u00e1s con amor y darse cuenta de lo ef\u00edmero que es el pasado, para as\u00ed ir con\u2026","rel":"","context":"In &quot;M\u00fasica&quot;","block_context":{"text":"M\u00fasica","link":"https:\/\/errr-magazine.com\/english\/category\/interviews\/musica\/"},"img":{"alt_text":"","src":"https:\/\/i0.wp.com\/errr-magazine.com\/wp-content\/uploads\/2026\/03\/Nino_Flor-Portada_Alta.jpg?resize=350%2C200&ssl=1","width":350,"height":200,"srcset":"https:\/\/i0.wp.com\/errr-magazine.com\/wp-content\/uploads\/2026\/03\/Nino_Flor-Portada_Alta.jpg?resize=350%2C200&ssl=1 1x, https:\/\/i0.wp.com\/errr-magazine.com\/wp-content\/uploads\/2026\/03\/Nino_Flor-Portada_Alta.jpg?resize=525%2C300&ssl=1 1.5x, https:\/\/i0.wp.com\/errr-magazine.com\/wp-content\/uploads\/2026\/03\/Nino_Flor-Portada_Alta.jpg?resize=700%2C400&ssl=1 2x, https:\/\/i0.wp.com\/errr-magazine.com\/wp-content\/uploads\/2026\/03\/Nino_Flor-Portada_Alta.jpg?resize=1050%2C600&ssl=1 3x, https:\/\/i0.wp.com\/errr-magazine.com\/wp-content\/uploads\/2026\/03\/Nino_Flor-Portada_Alta.jpg?resize=1400%2C800&ssl=1 4x"},"classes":[]},{"id":181397,"url":"https:\/\/errr-magazine.com\/english\/sobre-el-parquet-infinito\/","url_meta":{"origin":185903,"position":2},"title":"Sobre El Parquet Infinito","author":"Sim\u00f3n Campusano","date":"08\/05\/2022","format":false,"excerpt":"Ten\u00eda que grabar las voces y terminar el disco para entregarlo en una fecha que ya estaba fijada. Ese tipo de est\u00edmulos siempre me ayudan a...","rel":"","context":"In &quot;Interview&quot;","block_context":{"text":"Interview","link":"https:\/\/errr-magazine.com\/english\/category\/interviews\/"},"img":{"alt_text":"","src":"https:\/\/i0.wp.com\/errr-magazine.com\/wp-content\/uploads\/2022\/08\/m929.jpg?resize=350%2C200&ssl=1","width":350,"height":200,"srcset":"https:\/\/i0.wp.com\/errr-magazine.com\/wp-content\/uploads\/2022\/08\/m929.jpg?resize=350%2C200&ssl=1 1x, https:\/\/i0.wp.com\/errr-magazine.com\/wp-content\/uploads\/2022\/08\/m929.jpg?resize=525%2C300&ssl=1 1.5x, https:\/\/i0.wp.com\/errr-magazine.com\/wp-content\/uploads\/2022\/08\/m929.jpg?resize=700%2C400&ssl=1 2x, https:\/\/i0.wp.com\/errr-magazine.com\/wp-content\/uploads\/2022\/08\/m929.jpg?resize=1050%2C600&ssl=1 3x, https:\/\/i0.wp.com\/errr-magazine.com\/wp-content\/uploads\/2022\/08\/m929.jpg?resize=1400%2C800&ssl=1 4x"},"classes":[]},{"id":200441,"url":"https:\/\/errr-magazine.com\/english\/para-aleph\/","url_meta":{"origin":185903,"position":3},"title":"Para Aleph","author":"Fuensanta","date":"02\/17\/2026","format":false,"excerpt":"It's an intimate experience where each artist's first song is played while wearing blindfolds, inviting you to connect from a different perspective, without distractions, solely through listening. Plus, there's always a surprise artist who is revealed on the day of the event.","rel":"","context":"In &quot;M\u00fasica&quot;","block_context":{"text":"M\u00fasica","link":"https:\/\/errr-magazine.com\/english\/category\/interviews\/musica\/"},"img":{"alt_text":"","src":"https:\/\/i0.wp.com\/errr-magazine.com\/wp-content\/uploads\/2026\/02\/Felipe-Pipi2.jpg?resize=350%2C200&ssl=1","width":350,"height":200,"srcset":"https:\/\/i0.wp.com\/errr-magazine.com\/wp-content\/uploads\/2026\/02\/Felipe-Pipi2.jpg?resize=350%2C200&ssl=1 1x, https:\/\/i0.wp.com\/errr-magazine.com\/wp-content\/uploads\/2026\/02\/Felipe-Pipi2.jpg?resize=525%2C300&ssl=1 1.5x, https:\/\/i0.wp.com\/errr-magazine.com\/wp-content\/uploads\/2026\/02\/Felipe-Pipi2.jpg?resize=700%2C400&ssl=1 2x, https:\/\/i0.wp.com\/errr-magazine.com\/wp-content\/uploads\/2026\/02\/Felipe-Pipi2.jpg?resize=1050%2C600&ssl=1 3x, https:\/\/i0.wp.com\/errr-magazine.com\/wp-content\/uploads\/2026\/02\/Felipe-Pipi2.jpg?resize=1400%2C800&ssl=1 4x"},"classes":[]},{"id":190847,"url":"https:\/\/errr-magazine.com\/english\/te-vas-lejos\/","url_meta":{"origin":185903,"position":4},"title":"Te vas lejos","author":"Dormitorio","date":"07\/01\/2025","format":false,"excerpt":"Quise crear un sonido que no fuera com\u00fan de escuchar en el folk, pero tampoco sab\u00eda a qu\u00e9 quer\u00eda sonar, simplemente hicimos un experimento que termin\u00f3 siendo el debut de mi proyecto solista.","rel":"","context":"In &quot;Interview&quot;","block_context":{"text":"Interview","link":"https:\/\/errr-magazine.com\/english\/category\/interviews\/"},"img":{"alt_text":"","src":"https:\/\/i0.wp.com\/errr-magazine.com\/wp-content\/uploads\/2025\/07\/Foto-por-Jeison-Santana.jpg?resize=350%2C200&ssl=1","width":350,"height":200,"srcset":"https:\/\/i0.wp.com\/errr-magazine.com\/wp-content\/uploads\/2025\/07\/Foto-por-Jeison-Santana.jpg?resize=350%2C200&ssl=1 1x, https:\/\/i0.wp.com\/errr-magazine.com\/wp-content\/uploads\/2025\/07\/Foto-por-Jeison-Santana.jpg?resize=525%2C300&ssl=1 1.5x, https:\/\/i0.wp.com\/errr-magazine.com\/wp-content\/uploads\/2025\/07\/Foto-por-Jeison-Santana.jpg?resize=700%2C400&ssl=1 2x"},"classes":[]},{"id":202926,"url":"https:\/\/errr-magazine.com\/english\/corre-y-suelta-a-los-perros\/","url_meta":{"origin":185903,"position":5},"title":"Corre y suelta a los perros","author":"C\u00e9sar y su Jard\u00edn","date":"03\/23\/2026","format":false,"excerpt":"I observed how the music settled into people\u2019s hearts and understood what the most compelling order was\u2014so they wouldn\u2019t let go of our hands and could move lightly and effortlessly through the journey of Corre y suelta a los perros.","rel":"","context":"In &quot;M\u00fasica&quot;","block_context":{"text":"M\u00fasica","link":"https:\/\/errr-magazine.com\/english\/category\/interviews\/musica\/"},"img":{"alt_text":"","src":"https:\/\/i0.wp.com\/errr-magazine.com\/wp-content\/uploads\/2026\/03\/Foto-34-scaled.jpeg?resize=350%2C200&ssl=1","width":350,"height":200,"srcset":"https:\/\/i0.wp.com\/errr-magazine.com\/wp-content\/uploads\/2026\/03\/Foto-34-scaled.jpeg?resize=350%2C200&ssl=1 1x, https:\/\/i0.wp.com\/errr-magazine.com\/wp-content\/uploads\/2026\/03\/Foto-34-scaled.jpeg?resize=525%2C300&ssl=1 1.5x, https:\/\/i0.wp.com\/errr-magazine.com\/wp-content\/uploads\/2026\/03\/Foto-34-scaled.jpeg?resize=700%2C400&ssl=1 2x, https:\/\/i0.wp.com\/errr-magazine.com\/wp-content\/uploads\/2026\/03\/Foto-34-scaled.jpeg?resize=1050%2C600&ssl=1 3x, https:\/\/i0.wp.com\/errr-magazine.com\/wp-content\/uploads\/2026\/03\/Foto-34-scaled.jpeg?resize=1400%2C800&ssl=1 4x"},"classes":[]}],"jetpack_sharing_enabled":true,"mfb_rest_fields":["title","yoast_head","yoast_head_json","jetpack_featured_media_url","jetpack-related-posts","jetpack_sharing_enabled"],"_links":{"self":[{"href":"https:\/\/errr-magazine.com\/english\/wp-json\/wp\/v2\/posts\/185903","targetHints":{"allow":["GET"]}}],"collection":[{"href":"https:\/\/errr-magazine.com\/english\/wp-json\/wp\/v2\/posts"}],"about":[{"href":"https:\/\/errr-magazine.com\/english\/wp-json\/wp\/v2\/types\/post"}],"author":[{"embeddable":true,"href":"https:\/\/errr-magazine.com\/english\/wp-json\/wp\/v2\/users\/7676"}],"replies":[{"embeddable":true,"href":"https:\/\/errr-magazine.com\/english\/wp-json\/wp\/v2\/comments?post=185903"}],"version-history":[{"count":2,"href":"https:\/\/errr-magazine.com\/english\/wp-json\/wp\/v2\/posts\/185903\/revisions"}],"predecessor-version":[{"id":185905,"href":"https:\/\/errr-magazine.com\/english\/wp-json\/wp\/v2\/posts\/185903\/revisions\/185905"}],"wp:featuredmedia":[{"embeddable":true,"href":"https:\/\/errr-magazine.com\/english\/wp-json\/wp\/v2\/media\/185902"}],"wp:attachment":[{"href":"https:\/\/errr-magazine.com\/english\/wp-json\/wp\/v2\/media?parent=185903"}],"wp:term":[{"taxonomy":"category","embeddable":true,"href":"https:\/\/errr-magazine.com\/english\/wp-json\/wp\/v2\/categories?post=185903"},{"taxonomy":"post_tag","embeddable":true,"href":"https:\/\/errr-magazine.com\/english\/wp-json\/wp\/v2\/tags?post=185903"}],"curies":[{"name":"wp","href":"https:\/\/api.w.org\/{rel}","templated":true}]}}