{"id":185865,"date":"2023-10-12T20:53:11","date_gmt":"2023-10-13T01:53:11","guid":{"rendered":"https:\/\/errr-magazine.com\/?p=185865"},"modified":"2025-05-09T18:08:39","modified_gmt":"2025-05-10T00:08:39","slug":"la-naturaleza-rizomatica-del-micelio","status":"publish","type":"post","link":"https:\/\/errr-magazine.com\/english\/la-naturaleza-rizomatica-del-micelio\/","title":{"rendered":"La naturaleza rizom\u00e1tica del micelio"},"content":{"rendered":"<p><strong>\u00bfQu\u00e9 es m\u00e1s divertido para ustedes, guiar a otros para que participen en su m\u00fasica de manera individual, o contribuir de manera colectiva para que una idea o canci\u00f3n suceda?&nbsp;<\/strong><\/p>\n\n\n\n<p>Lo verdaderamente divertido es desprenderse de los lugares comunes en los que uno cae cada vez que crea. A lo largo de los a\u00f1os uno encuentra f\u00f3rmulas que esconden un inter\u00e9s preconsciente. Cuando trabajamos en grupo, esas f\u00f3rmulas se disuelven, el suelo creativo cambia de sitio y se generan nuevas conexiones, nuevas formas de crear. En resumen: lo que m\u00e1s nos divierte es ya no poder reconocernos en lo que creamos colectivamente.&nbsp;<\/p>\n\n\n\n<p><strong>\u00bfC\u00f3mo manejan el ego al momento de tejer y crear un ensamble con distintas visiones e ideas?<\/strong>&nbsp;<\/p>\n\n\n\n<p>Tenemos la suerte de admirarnos entre nosotros lo cual impide que el ego se manifieste.&nbsp;<\/p>\n\n\n\n<p><strong>\u00bfQu\u00e9 sentimientos o paisajes buscan transmitir al p\u00fablico del Mutek el pr\u00f3ximo s\u00e1bado?<\/strong>&nbsp;<\/p>\n\n\n\n<p>Quisi\u00e9ramos que el p\u00fablico resuene con lo que nos inspir\u00f3 desde el principio: la naturaleza rizom\u00e1tica del micelio. La forma intrincada en que se interconectan las colonias de hongos y tambi\u00e9n las diferentes culturas y microculturas en todo el mundo globalizado. El internet es un rizoma tambi\u00e9n y las personas somos brotes.&nbsp;<\/p>\n\n\n\n<p><strong>El individualismo en lo creativo versus el ensamble, \u00bftienen para ustedes una diferencia abismal o es simplemente una decisi\u00f3n creativa?&nbsp;<\/strong><\/p>\n\n\n\n<p>Creemos que la naturaleza del arte (en el que nosotros creemos) es movilizar estructuras arcaicas y generar lo nuevo. Trabajar en ensamble es una forma de movilizar nuestras propias estructuras creativas.<\/p>\n\n\n\n<p><strong>\u00bfC\u00f3mo definir\u00edan la belleza en lo sonoro\/audiovisual?&nbsp;<\/strong><\/p>\n\n\n\n<p>Lo bello para nosotros es una de los elementos estructurales que hay que movilizar. La palabra \u201cbelleza\u201d es un campo de batalla y si el imperialismo cultural la quiere, se la puede quedar. Nosotros preferimos lo pr\u00e1ctico, lo que funciona, lo que genera, lo intensivo y lo m\u00faltiple. \u00bfPodemos decir que mucha de la m\u00fasica que se presenta en Mutek es bella? Controversial. Lo importante es que movilice.<\/p>\n\n\n\n<p><strong>\u00bfQu\u00e9 significa para ustedes que una \u201ccosa sea fluida\u201d hoy que la palabra \u201cfluir\u201d es tan com\u00fan, new age, de moda?&nbsp;<\/strong><\/p>\n\n\n\n<p>Tenemos una visi\u00f3n del mundo en donde el deseo es creador. No solo deseamos satisfacer necesidades personales sino que tambi\u00e9n deseamos colectivamente estructuras sociales, econ\u00f3micas, art\u00edsticas y cient\u00edficas. El deseo es un flujo que se escurre en todo lo que hacemos. Los flujos pueden ser bloqueados, manejados, amplificados y retroalimentados. Que la \u201ccosa sea fluida\u201d significa, para nosotros, que el flujo del deseo no sea bloqueado por el ego: miedos, inseguridades, dudas y sobre todo el \u201c\u00bfqu\u00e9 dir\u00e1n?\u201d. Que la cosa fluya es igual a la creaci\u00f3n liberada y m\u00faltiple.&nbsp;<\/p>\n\n\n\n<p><strong>\u00bfCu\u00e1l es la importancia para ustedes de la poes\u00eda y la contemplaci\u00f3n en la m\u00fasica?&nbsp;<\/strong><\/p>\n\n\n\n<p>Las tres (la poes\u00eda, la contemplaci\u00f3n y la m\u00fasica) son facetas de una y la misma cosa. Cuando uno poetiza, contempla y canta, moviliza y ya no deviene el mismo. Las cosas cambian.<\/p>","protected":false},"excerpt":{"rendered":"<p>\u00bfQu\u00e9 es m\u00e1s divertido para ustedes, guiar a otros para que participen en su m\u00fasica de manera individual, o contribuir de manera colectiva para que una idea o canci\u00f3n suceda?&nbsp; Lo verdaderamente divertido es desprenderse de los lugares comunes en los que uno cae cada vez que crea. A lo largo de los a\u00f1os uno [&hellip;]<\/p>\n","protected":false},"author":7675,"featured_media":185864,"comment_status":"closed","ping_status":"closed","sticky":false,"template":"","format":"standard","meta":{"_acf_changed":false,"cybocfi_hide_featured_image":"","_jetpack_memberships_contains_paid_content":false,"footnotes":""},"categories":[7997],"tags":[],"class_list":["post-185865","post","type-post","status-publish","format-standard","has-post-thumbnail","hentry","category-textos"],"acf":[],"mb":[],"yoast_head":"<!-- This site is optimized with the Yoast SEO plugin v27.2 - https:\/\/yoast.com\/product\/yoast-seo-wordpress\/ -->\n<title>La naturaleza rizom\u00e1tica del micelio - ERRR MAGAZINE<\/title>\n<meta name=\"robots\" content=\"index, follow, max-snippet:-1, max-image-preview:large, max-video-preview:-1\" \/>\n<link rel=\"canonical\" href=\"https:\/\/errr-magazine.com\/english\/la-naturaleza-rizomatica-del-micelio\/\" \/>\n<meta property=\"og:locale\" content=\"en_US\" \/>\n<meta property=\"og:type\" content=\"article\" \/>\n<meta property=\"og:title\" content=\"La naturaleza rizom\u00e1tica del micelio - ERRR MAGAZINE\" \/>\n<meta property=\"og:description\" content=\"\u00bfQu\u00e9 es m\u00e1s divertido para ustedes, guiar a otros para que participen en su m\u00fasica de manera individual, o contribuir de manera colectiva para que una idea o canci\u00f3n suceda?&nbsp; Lo verdaderamente divertido es desprenderse de los lugares comunes en los que uno cae cada vez que crea. A lo largo de los a\u00f1os uno [&hellip;]\" \/>\n<meta property=\"og:url\" content=\"https:\/\/errr-magazine.com\/english\/la-naturaleza-rizomatica-del-micelio\/\" \/>\n<meta property=\"og:site_name\" content=\"ERRR MAGAZINE\" \/>\n<meta property=\"article:published_time\" content=\"2023-10-13T01:53:11+00:00\" \/>\n<meta property=\"article:modified_time\" content=\"2025-05-10T00:08:39+00:00\" \/>\n<meta property=\"og:image\" content=\"https:\/\/errr-magazine.com\/wp-content\/uploads\/2023\/10\/tejidos.jpg\" \/>\n\t<meta property=\"og:image:width\" content=\"1472\" \/>\n\t<meta property=\"og:image:height\" content=\"974\" \/>\n\t<meta property=\"og:image:type\" content=\"image\/jpeg\" \/>\n<meta name=\"author\" content=\"Tejidos Digitales\" \/>\n<meta name=\"twitter:card\" content=\"summary_large_image\" \/>\n<meta name=\"twitter:label1\" content=\"Written by\" \/>\n\t<meta name=\"twitter:data1\" content=\"Tejidos Digitales\" \/>\n\t<meta name=\"twitter:label2\" content=\"Est. reading time\" \/>\n\t<meta name=\"twitter:data2\" content=\"3 minutes\" \/>\n<script type=\"application\/ld+json\" class=\"yoast-schema-graph\">{\"@context\":\"https:\/\/schema.org\",\"@graph\":[{\"@type\":\"Article\",\"@id\":\"https:\/\/errr-magazine.com\/la-naturaleza-rizomatica-del-micelio\/#article\",\"isPartOf\":{\"@id\":\"https:\/\/errr-magazine.com\/la-naturaleza-rizomatica-del-micelio\/\"},\"author\":{\"name\":\"Tejidos Digitales\",\"@id\":\"https:\/\/errr-magazine.com\/#\/schema\/person\/96f34c6322d12d4940d651b2f455247a\"},\"headline\":\"La naturaleza rizom\u00e1tica del micelio\",\"datePublished\":\"2023-10-13T01:53:11+00:00\",\"dateModified\":\"2025-05-10T00:08:39+00:00\",\"mainEntityOfPage\":{\"@id\":\"https:\/\/errr-magazine.com\/la-naturaleza-rizomatica-del-micelio\/\"},\"wordCount\":541,\"image\":{\"@id\":\"https:\/\/errr-magazine.com\/la-naturaleza-rizomatica-del-micelio\/#primaryimage\"},\"thumbnailUrl\":\"https:\/\/errr-magazine.com\/wp-content\/uploads\/2023\/10\/tejidos.jpg\",\"articleSection\":[\"Textos\"],\"inLanguage\":\"en-US\"},{\"@type\":\"WebPage\",\"@id\":\"https:\/\/errr-magazine.com\/la-naturaleza-rizomatica-del-micelio\/\",\"url\":\"https:\/\/errr-magazine.com\/la-naturaleza-rizomatica-del-micelio\/\",\"name\":\"La naturaleza rizom\u00e1tica del micelio - ERRR MAGAZINE\",\"isPartOf\":{\"@id\":\"https:\/\/errr-magazine.com\/#website\"},\"primaryImageOfPage\":{\"@id\":\"https:\/\/errr-magazine.com\/la-naturaleza-rizomatica-del-micelio\/#primaryimage\"},\"image\":{\"@id\":\"https:\/\/errr-magazine.com\/la-naturaleza-rizomatica-del-micelio\/#primaryimage\"},\"thumbnailUrl\":\"https:\/\/errr-magazine.com\/wp-content\/uploads\/2023\/10\/tejidos.jpg\",\"datePublished\":\"2023-10-13T01:53:11+00:00\",\"dateModified\":\"2025-05-10T00:08:39+00:00\",\"author\":{\"@id\":\"https:\/\/errr-magazine.com\/#\/schema\/person\/96f34c6322d12d4940d651b2f455247a\"},\"breadcrumb\":{\"@id\":\"https:\/\/errr-magazine.com\/la-naturaleza-rizomatica-del-micelio\/#breadcrumb\"},\"inLanguage\":\"en-US\",\"potentialAction\":[{\"@type\":\"ReadAction\",\"target\":[\"https:\/\/errr-magazine.com\/la-naturaleza-rizomatica-del-micelio\/\"]}]},{\"@type\":\"ImageObject\",\"inLanguage\":\"en-US\",\"@id\":\"https:\/\/errr-magazine.com\/la-naturaleza-rizomatica-del-micelio\/#primaryimage\",\"url\":\"https:\/\/errr-magazine.com\/wp-content\/uploads\/2023\/10\/tejidos.jpg\",\"contentUrl\":\"https:\/\/errr-magazine.com\/wp-content\/uploads\/2023\/10\/tejidos.jpg\",\"width\":1472,\"height\":974,\"caption\":\"Fotograf\u00eda por Pablo E. Pe\u00f1a P.\"},{\"@type\":\"BreadcrumbList\",\"@id\":\"https:\/\/errr-magazine.com\/la-naturaleza-rizomatica-del-micelio\/#breadcrumb\",\"itemListElement\":[{\"@type\":\"ListItem\",\"position\":1,\"name\":\"Portada\",\"item\":\"https:\/\/errr-magazine.com\/\"},{\"@type\":\"ListItem\",\"position\":2,\"name\":\"La naturaleza rizom\u00e1tica del micelio\"}]},{\"@type\":\"WebSite\",\"@id\":\"https:\/\/errr-magazine.com\/#website\",\"url\":\"https:\/\/errr-magazine.com\/\",\"name\":\"ERRR MAGAZINE\",\"description\":\"\",\"potentialAction\":[{\"@type\":\"SearchAction\",\"target\":{\"@type\":\"EntryPoint\",\"urlTemplate\":\"https:\/\/errr-magazine.com\/?s={search_term_string}\"},\"query-input\":{\"@type\":\"PropertyValueSpecification\",\"valueRequired\":true,\"valueName\":\"search_term_string\"}}],\"inLanguage\":\"en-US\"},{\"@type\":\"Person\",\"@id\":\"https:\/\/errr-magazine.com\/#\/schema\/person\/96f34c6322d12d4940d651b2f455247a\",\"name\":\"Tejidos Digitales\",\"image\":{\"@type\":\"ImageObject\",\"inLanguage\":\"en-US\",\"@id\":\"https:\/\/secure.gravatar.com\/avatar\/1cd1929b435189d3b1a98f08dfc82601abc3def6b31b4a93747acaeef0dcbc70?s=96&d=identicon&r=g\",\"url\":\"https:\/\/secure.gravatar.com\/avatar\/1cd1929b435189d3b1a98f08dfc82601abc3def6b31b4a93747acaeef0dcbc70?s=96&d=identicon&r=g\",\"contentUrl\":\"https:\/\/secure.gravatar.com\/avatar\/1cd1929b435189d3b1a98f08dfc82601abc3def6b31b4a93747acaeef0dcbc70?s=96&d=identicon&r=g\",\"caption\":\"Tejidos Digitales\"},\"description\":\"Tejidos Digitales es un proyecto audiovisual conformado por Camil Camil + Rafael Durand + P3P510 que vincula a la comunicaci\u00f3n creativa como un mapa o tejido donde un sonido interpela e inerva un campo de informaci\u00f3n y experiencias que devienen en el acto creativo.\",\"sameAs\":[\"https:\/\/mexico.mutek.org\/es\/artistas\/camil-camil-p3p510-rafael-durand\"],\"url\":\"https:\/\/errr-magazine.com\/english\/author\/tejidos\/\"}]}<\/script>\n<!-- \/ Yoast SEO plugin. -->","yoast_head_json":{"title":"La naturaleza rizom\u00e1tica del micelio - ERRR MAGAZINE","robots":{"index":"index","follow":"follow","max-snippet":"max-snippet:-1","max-image-preview":"max-image-preview:large","max-video-preview":"max-video-preview:-1"},"canonical":"https:\/\/errr-magazine.com\/english\/la-naturaleza-rizomatica-del-micelio\/","og_locale":"en_US","og_type":"article","og_title":"La naturaleza rizom\u00e1tica del micelio - ERRR MAGAZINE","og_description":"\u00bfQu\u00e9 es m\u00e1s divertido para ustedes, guiar a otros para que participen en su m\u00fasica de manera individual, o contribuir de manera colectiva para que una idea o canci\u00f3n suceda?&nbsp; Lo verdaderamente divertido es desprenderse de los lugares comunes en los que uno cae cada vez que crea. A lo largo de los a\u00f1os uno [&hellip;]","og_url":"https:\/\/errr-magazine.com\/english\/la-naturaleza-rizomatica-del-micelio\/","og_site_name":"ERRR MAGAZINE","article_published_time":"2023-10-13T01:53:11+00:00","article_modified_time":"2025-05-10T00:08:39+00:00","og_image":[{"width":1472,"height":974,"url":"https:\/\/errr-magazine.com\/wp-content\/uploads\/2023\/10\/tejidos.jpg","type":"image\/jpeg"}],"author":"Tejidos Digitales","twitter_card":"summary_large_image","twitter_misc":{"Written by":"Tejidos Digitales","Est. reading time":"3 minutes"},"schema":{"@context":"https:\/\/schema.org","@graph":[{"@type":"Article","@id":"https:\/\/errr-magazine.com\/la-naturaleza-rizomatica-del-micelio\/#article","isPartOf":{"@id":"https:\/\/errr-magazine.com\/la-naturaleza-rizomatica-del-micelio\/"},"author":{"name":"Tejidos Digitales","@id":"https:\/\/errr-magazine.com\/#\/schema\/person\/96f34c6322d12d4940d651b2f455247a"},"headline":"La naturaleza rizom\u00e1tica del micelio","datePublished":"2023-10-13T01:53:11+00:00","dateModified":"2025-05-10T00:08:39+00:00","mainEntityOfPage":{"@id":"https:\/\/errr-magazine.com\/la-naturaleza-rizomatica-del-micelio\/"},"wordCount":541,"image":{"@id":"https:\/\/errr-magazine.com\/la-naturaleza-rizomatica-del-micelio\/#primaryimage"},"thumbnailUrl":"https:\/\/errr-magazine.com\/wp-content\/uploads\/2023\/10\/tejidos.jpg","articleSection":["Textos"],"inLanguage":"en-US"},{"@type":"WebPage","@id":"https:\/\/errr-magazine.com\/la-naturaleza-rizomatica-del-micelio\/","url":"https:\/\/errr-magazine.com\/la-naturaleza-rizomatica-del-micelio\/","name":"La naturaleza rizom\u00e1tica del micelio - ERRR MAGAZINE","isPartOf":{"@id":"https:\/\/errr-magazine.com\/#website"},"primaryImageOfPage":{"@id":"https:\/\/errr-magazine.com\/la-naturaleza-rizomatica-del-micelio\/#primaryimage"},"image":{"@id":"https:\/\/errr-magazine.com\/la-naturaleza-rizomatica-del-micelio\/#primaryimage"},"thumbnailUrl":"https:\/\/errr-magazine.com\/wp-content\/uploads\/2023\/10\/tejidos.jpg","datePublished":"2023-10-13T01:53:11+00:00","dateModified":"2025-05-10T00:08:39+00:00","author":{"@id":"https:\/\/errr-magazine.com\/#\/schema\/person\/96f34c6322d12d4940d651b2f455247a"},"breadcrumb":{"@id":"https:\/\/errr-magazine.com\/la-naturaleza-rizomatica-del-micelio\/#breadcrumb"},"inLanguage":"en-US","potentialAction":[{"@type":"ReadAction","target":["https:\/\/errr-magazine.com\/la-naturaleza-rizomatica-del-micelio\/"]}]},{"@type":"ImageObject","inLanguage":"en-US","@id":"https:\/\/errr-magazine.com\/la-naturaleza-rizomatica-del-micelio\/#primaryimage","url":"https:\/\/errr-magazine.com\/wp-content\/uploads\/2023\/10\/tejidos.jpg","contentUrl":"https:\/\/errr-magazine.com\/wp-content\/uploads\/2023\/10\/tejidos.jpg","width":1472,"height":974,"caption":"Fotograf\u00eda por Pablo E. Pe\u00f1a P."},{"@type":"BreadcrumbList","@id":"https:\/\/errr-magazine.com\/la-naturaleza-rizomatica-del-micelio\/#breadcrumb","itemListElement":[{"@type":"ListItem","position":1,"name":"Portada","item":"https:\/\/errr-magazine.com\/"},{"@type":"ListItem","position":2,"name":"La naturaleza rizom\u00e1tica del micelio"}]},{"@type":"WebSite","@id":"https:\/\/errr-magazine.com\/#website","url":"https:\/\/errr-magazine.com\/","name":"ERRR MAGAZINE","description":"","potentialAction":[{"@type":"SearchAction","target":{"@type":"EntryPoint","urlTemplate":"https:\/\/errr-magazine.com\/?s={search_term_string}"},"query-input":{"@type":"PropertyValueSpecification","valueRequired":true,"valueName":"search_term_string"}}],"inLanguage":"en-US"},{"@type":"Person","@id":"https:\/\/errr-magazine.com\/#\/schema\/person\/96f34c6322d12d4940d651b2f455247a","name":"Tejidos Digitales","image":{"@type":"ImageObject","inLanguage":"en-US","@id":"https:\/\/secure.gravatar.com\/avatar\/1cd1929b435189d3b1a98f08dfc82601abc3def6b31b4a93747acaeef0dcbc70?s=96&d=identicon&r=g","url":"https:\/\/secure.gravatar.com\/avatar\/1cd1929b435189d3b1a98f08dfc82601abc3def6b31b4a93747acaeef0dcbc70?s=96&d=identicon&r=g","contentUrl":"https:\/\/secure.gravatar.com\/avatar\/1cd1929b435189d3b1a98f08dfc82601abc3def6b31b4a93747acaeef0dcbc70?s=96&d=identicon&r=g","caption":"Tejidos Digitales"},"description":"Tejidos Digitales es un proyecto audiovisual conformado por Camil Camil + Rafael Durand + P3P510 que vincula a la comunicaci\u00f3n creativa como un mapa o tejido donde un sonido interpela e inerva un campo de informaci\u00f3n y experiencias que devienen en el acto creativo.","sameAs":["https:\/\/mexico.mutek.org\/es\/artistas\/camil-camil-p3p510-rafael-durand"],"url":"https:\/\/errr-magazine.com\/english\/author\/tejidos\/"}]}},"jetpack_featured_media_url":"https:\/\/errr-magazine.com\/wp-content\/uploads\/2023\/10\/tejidos.jpg","jetpack-related-posts":[{"id":203035,"url":"https:\/\/errr-magazine.com\/english\/good-time\/","url_meta":{"origin":185865,"position":0},"title":"Good Time","author":"Giulia Boggio","date":"03\/25\/2026","format":false,"excerpt":"I think each project can be a great teacher if you listen carefully. Working with large-scale entities is always something I find enlightening, as you do get to see the inner workings and behind the scenes of companies that shape the current discourse and economy.","rel":"","context":"In &quot;Artes visuales&quot;","block_context":{"text":"Artes visuales","link":"https:\/\/errr-magazine.com\/english\/category\/interviews\/artes-visuales\/"},"img":{"alt_text":"","src":"https:\/\/i0.wp.com\/errr-magazine.com\/wp-content\/uploads\/2026\/03\/Screenshot-2025-06-17-at-14.42.43-scaled.jpg?resize=350%2C200&ssl=1","width":350,"height":200,"srcset":"https:\/\/i0.wp.com\/errr-magazine.com\/wp-content\/uploads\/2026\/03\/Screenshot-2025-06-17-at-14.42.43-scaled.jpg?resize=350%2C200&ssl=1 1x, https:\/\/i0.wp.com\/errr-magazine.com\/wp-content\/uploads\/2026\/03\/Screenshot-2025-06-17-at-14.42.43-scaled.jpg?resize=525%2C300&ssl=1 1.5x, https:\/\/i0.wp.com\/errr-magazine.com\/wp-content\/uploads\/2026\/03\/Screenshot-2025-06-17-at-14.42.43-scaled.jpg?resize=700%2C400&ssl=1 2x, https:\/\/i0.wp.com\/errr-magazine.com\/wp-content\/uploads\/2026\/03\/Screenshot-2025-06-17-at-14.42.43-scaled.jpg?resize=1050%2C600&ssl=1 3x, https:\/\/i0.wp.com\/errr-magazine.com\/wp-content\/uploads\/2026\/03\/Screenshot-2025-06-17-at-14.42.43-scaled.jpg?resize=1400%2C800&ssl=1 4x"},"classes":[]},{"id":203073,"url":"https:\/\/errr-magazine.com\/english\/abismo-de-terciopelo\/","url_meta":{"origin":185865,"position":1},"title":"Velvet Abyss","author":"Maria Dias","date":"03\/26\/2026","format":false,"excerpt":"I\u2019m interested in how images can inhabit space, how sequences are built, and how a book can function almost like a structure\u2014something you enter rather than scroll through.","rel":"","context":"In &quot;Artes visuales&quot;","block_context":{"text":"Artes visuales","link":"https:\/\/errr-magazine.com\/english\/category\/interviews\/artes-visuales\/"},"img":{"alt_text":"","src":"https:\/\/i0.wp.com\/errr-magazine.com\/wp-content\/uploads\/2026\/03\/Photo-03.02.2026-22-56-57-2-1-scaled.jpg?resize=350%2C200&ssl=1","width":350,"height":200,"srcset":"https:\/\/i0.wp.com\/errr-magazine.com\/wp-content\/uploads\/2026\/03\/Photo-03.02.2026-22-56-57-2-1-scaled.jpg?resize=350%2C200&ssl=1 1x, https:\/\/i0.wp.com\/errr-magazine.com\/wp-content\/uploads\/2026\/03\/Photo-03.02.2026-22-56-57-2-1-scaled.jpg?resize=525%2C300&ssl=1 1.5x, https:\/\/i0.wp.com\/errr-magazine.com\/wp-content\/uploads\/2026\/03\/Photo-03.02.2026-22-56-57-2-1-scaled.jpg?resize=700%2C400&ssl=1 2x, https:\/\/i0.wp.com\/errr-magazine.com\/wp-content\/uploads\/2026\/03\/Photo-03.02.2026-22-56-57-2-1-scaled.jpg?resize=1050%2C600&ssl=1 3x, https:\/\/i0.wp.com\/errr-magazine.com\/wp-content\/uploads\/2026\/03\/Photo-03.02.2026-22-56-57-2-1-scaled.jpg?resize=1400%2C800&ssl=1 4x"},"classes":[]},{"id":155870,"url":"https:\/\/errr-magazine.com\/english\/encuentros-cercanos-con-la-muerte\/","url_meta":{"origin":185865,"position":2},"title":"Encuentros cercanos con la muerte","author":"jyakkura","date":"03\/03\/2020","format":false,"excerpt":"\u00bfDe qu\u00e9 te sirve el conocimiento cuando no eres responsable de compartirlo? Aprend\u00ed que, de nada, muy a la mala. He dedicado mi vida entera a aprender cosas que a nadie le interesan y de las que nadie quiere hablar porque siempre hay mejores cosas de las cuales hablar y\u2026","rel":"","context":"In &quot;Textos&quot;","block_context":{"text":"Textos","link":"https:\/\/errr-magazine.com\/english\/category\/textos\/"},"img":{"alt_text":"","src":"","width":0,"height":0},"classes":[]},{"id":204904,"url":"https:\/\/errr-magazine.com\/english\/alboroto\/","url_meta":{"origin":185865,"position":3},"title":"Alboroto","author":"Alboroto","date":"04\/21\/2026","format":false,"excerpt":"The place feels like a hug: the windows, the colors, the booths, the music, the second floor with its fireplace\u2026 everything is designed to make you stay and forget about the outside world, like being at your grandmother's house but with a contemporary touch.","rel":"","context":"In &quot;Restaurantes y bares&quot;","block_context":{"text":"Restaurantes y bares","link":"https:\/\/errr-magazine.com\/english\/category\/places\/restaurantes-y-bares\/"},"img":{"alt_text":"","src":"https:\/\/i0.wp.com\/errr-magazine.com\/wp-content\/uploads\/2026\/04\/Capture-One-Catalog0032-scaled.jpg?resize=350%2C200&ssl=1","width":350,"height":200,"srcset":"https:\/\/i0.wp.com\/errr-magazine.com\/wp-content\/uploads\/2026\/04\/Capture-One-Catalog0032-scaled.jpg?resize=350%2C200&ssl=1 1x, https:\/\/i0.wp.com\/errr-magazine.com\/wp-content\/uploads\/2026\/04\/Capture-One-Catalog0032-scaled.jpg?resize=525%2C300&ssl=1 1.5x, https:\/\/i0.wp.com\/errr-magazine.com\/wp-content\/uploads\/2026\/04\/Capture-One-Catalog0032-scaled.jpg?resize=700%2C400&ssl=1 2x, https:\/\/i0.wp.com\/errr-magazine.com\/wp-content\/uploads\/2026\/04\/Capture-One-Catalog0032-scaled.jpg?resize=1050%2C600&ssl=1 3x, https:\/\/i0.wp.com\/errr-magazine.com\/wp-content\/uploads\/2026\/04\/Capture-One-Catalog0032-scaled.jpg?resize=1400%2C800&ssl=1 4x"},"classes":[]},{"id":202475,"url":"https:\/\/errr-magazine.com\/english\/aniversari-felic\/","url_meta":{"origin":185865,"position":4},"title":"Aniversari feli\u00e7","author":"Ferran Palau","date":"03\/16\/2026","format":false,"excerpt":"The entire recording flowed as if every gesture we made had already been predetermined. I think it has been one of the most peaceful recordings of my life. Every stage of the album\u2014mixing, design, and videos\u2014felt completely natural.","rel":"","context":"In &quot;M\u00fasica&quot;","block_context":{"text":"M\u00fasica","link":"https:\/\/errr-magazine.com\/english\/category\/interviews\/musica\/"},"img":{"alt_text":"","src":"https:\/\/i0.wp.com\/errr-magazine.com\/wp-content\/uploads\/2026\/03\/Ferran-Palau-x-Louise-Sansom_esquena-scaled.jpg?resize=350%2C200&ssl=1","width":350,"height":200,"srcset":"https:\/\/i0.wp.com\/errr-magazine.com\/wp-content\/uploads\/2026\/03\/Ferran-Palau-x-Louise-Sansom_esquena-scaled.jpg?resize=350%2C200&ssl=1 1x, https:\/\/i0.wp.com\/errr-magazine.com\/wp-content\/uploads\/2026\/03\/Ferran-Palau-x-Louise-Sansom_esquena-scaled.jpg?resize=525%2C300&ssl=1 1.5x, https:\/\/i0.wp.com\/errr-magazine.com\/wp-content\/uploads\/2026\/03\/Ferran-Palau-x-Louise-Sansom_esquena-scaled.jpg?resize=700%2C400&ssl=1 2x, https:\/\/i0.wp.com\/errr-magazine.com\/wp-content\/uploads\/2026\/03\/Ferran-Palau-x-Louise-Sansom_esquena-scaled.jpg?resize=1050%2C600&ssl=1 3x, https:\/\/i0.wp.com\/errr-magazine.com\/wp-content\/uploads\/2026\/03\/Ferran-Palau-x-Louise-Sansom_esquena-scaled.jpg?resize=1400%2C800&ssl=1 4x"},"classes":[]},{"id":202977,"url":"https:\/\/errr-magazine.com\/english\/contengo-multitudes\/","url_meta":{"origin":185865,"position":5},"title":"I Contain Multitudes","author":"Sebasti\u00e1n Curi","date":"03\/24\/2026","format":false,"excerpt":"These specific works\u2014the pencil drawings and the woodblocks\u2014carry more texture. They are more labor-intensive and require patience, repetition, and resilience.","rel":"","context":"In &quot;Artes visuales&quot;","block_context":{"text":"Artes visuales","link":"https:\/\/errr-magazine.com\/english\/category\/interviews\/artes-visuales\/"},"img":{"alt_text":"","src":"https:\/\/i0.wp.com\/errr-magazine.com\/wp-content\/uploads\/2026\/03\/DSCF9736.jpg?resize=350%2C200&ssl=1","width":350,"height":200,"srcset":"https:\/\/i0.wp.com\/errr-magazine.com\/wp-content\/uploads\/2026\/03\/DSCF9736.jpg?resize=350%2C200&ssl=1 1x, https:\/\/i0.wp.com\/errr-magazine.com\/wp-content\/uploads\/2026\/03\/DSCF9736.jpg?resize=525%2C300&ssl=1 1.5x, https:\/\/i0.wp.com\/errr-magazine.com\/wp-content\/uploads\/2026\/03\/DSCF9736.jpg?resize=700%2C400&ssl=1 2x, https:\/\/i0.wp.com\/errr-magazine.com\/wp-content\/uploads\/2026\/03\/DSCF9736.jpg?resize=1050%2C600&ssl=1 3x, https:\/\/i0.wp.com\/errr-magazine.com\/wp-content\/uploads\/2026\/03\/DSCF9736.jpg?resize=1400%2C800&ssl=1 4x"},"classes":[]}],"jetpack_sharing_enabled":true,"mfb_rest_fields":["title","yoast_head","yoast_head_json","jetpack_featured_media_url","jetpack-related-posts","jetpack_sharing_enabled"],"_links":{"self":[{"href":"https:\/\/errr-magazine.com\/english\/wp-json\/wp\/v2\/posts\/185865","targetHints":{"allow":["GET"]}}],"collection":[{"href":"https:\/\/errr-magazine.com\/english\/wp-json\/wp\/v2\/posts"}],"about":[{"href":"https:\/\/errr-magazine.com\/english\/wp-json\/wp\/v2\/types\/post"}],"author":[{"embeddable":true,"href":"https:\/\/errr-magazine.com\/english\/wp-json\/wp\/v2\/users\/7675"}],"replies":[{"embeddable":true,"href":"https:\/\/errr-magazine.com\/english\/wp-json\/wp\/v2\/comments?post=185865"}],"version-history":[{"count":2,"href":"https:\/\/errr-magazine.com\/english\/wp-json\/wp\/v2\/posts\/185865\/revisions"}],"predecessor-version":[{"id":185867,"href":"https:\/\/errr-magazine.com\/english\/wp-json\/wp\/v2\/posts\/185865\/revisions\/185867"}],"wp:featuredmedia":[{"embeddable":true,"href":"https:\/\/errr-magazine.com\/english\/wp-json\/wp\/v2\/media\/185864"}],"wp:attachment":[{"href":"https:\/\/errr-magazine.com\/english\/wp-json\/wp\/v2\/media?parent=185865"}],"wp:term":[{"taxonomy":"category","embeddable":true,"href":"https:\/\/errr-magazine.com\/english\/wp-json\/wp\/v2\/categories?post=185865"},{"taxonomy":"post_tag","embeddable":true,"href":"https:\/\/errr-magazine.com\/english\/wp-json\/wp\/v2\/tags?post=185865"}],"curies":[{"name":"wp","href":"https:\/\/api.w.org\/{rel}","templated":true}]}}