{"id":185282,"date":"2023-09-09T21:16:05","date_gmt":"2023-09-10T02:16:05","guid":{"rendered":"https:\/\/errr-magazine.com\/?p=185282"},"modified":"2023-09-09T21:20:46","modified_gmt":"2023-09-10T02:20:46","slug":"la-perversion-de-los-medios","status":"publish","type":"post","link":"https:\/\/errr-magazine.com\/english\/la-perversion-de-los-medios\/","title":{"rendered":"La perversi\u00f3n de los medios"},"content":{"rendered":"<p>Mi sobrino cay\u00f3 en el fentanilo. Est\u00e1 hospitalizado. Va a perder el a\u00f1o escolar. Mi cu\u00f1ada est\u00e1 muy mal. Responsabilizo a los medios y demando una indemnizaci\u00f3n. Las noticias sobre el consumo de esta droga, su poder de adicci\u00f3n y los da\u00f1os a la salud que conlleva no tienen como objetivo prevenirte de que lo pruebes ni mucho menos: son un anzuelo, una invitaci\u00f3n. Son unos cabrones. Hacerle mala publicidad a algo es, estrategia paradojal, hacerle buena publicidad. \u00bfVoy a creer que de no ser por los medios mi sobrino y sus amiguitos se hubieran enterado si quiera de la existencia de esta madre? Por supuesto que no.<\/p>\n<p>Despu\u00e9s de sus campa\u00f1as para \u00abgenerar conciencia\u00bb, fue que la organizaci\u00f3n verdaderamente comenz\u00f3 a generar ganancias. Los due\u00f1os de los medios forman parte de la organizaci\u00f3n. Son los encargados de promocionar el producto para que llegue a o\u00eddos de todos (incluidos los o\u00eddos de menores de edad). Tambi\u00e9n est\u00e1n los que lo fabrican. Y quienes lo distribuyen. Los que lo consumen representan, aunque no les guste, el \u00faltimo eslab\u00f3n de la organizaci\u00f3n.<\/p>\n<p>Ahora todos sabemos del fentanilo, anda de boca en boca, de fiesta en fiesta, de seso en seso. Punto para los medios. S\u00f3lo les falta poner un n\u00famero de contacto y decir: \u00abCuidado con marcar este n\u00famero porque ah\u00ed te pueden dar informes y vender lo que quieras. Dale la vuelta a las drogas. Qui\u00e9rete m\u00e1s\u00bb.<\/p>\n<p>Ellos (la organizaci\u00f3n) saben del efecto de la prohibici\u00f3n, de tu innata curiosidad, de tu pulsi\u00f3n de fiesta y de tu pulsi\u00f3n de muerte.<\/p>\n<p>Mientras tanto, mi sobrino sigue en el hospital. Est\u00e1 estable. No les voy a pedir donativos ni sangre. S\u00f3lo les voy a pedir que no lo juzguen ni a \u00e9l ni a sus padres, que le manden toda la buena vibra y lo tengan presente en sus oraciones.<\/p>","protected":false},"excerpt":{"rendered":"<p>Mi sobrino cay\u00f3 en el fentanilo. Est\u00e1 hospitalizado. Va a perder el a\u00f1o escolar. Mi cu\u00f1ada est\u00e1 muy mal. Responsabilizo a los medios y demando una indemnizaci\u00f3n. Las noticias sobre el consumo de esta droga, su poder de adicci\u00f3n y los da\u00f1os a la salud que conlleva no tienen como objetivo prevenirte de que lo [&hellip;]<\/p>\n","protected":false},"author":7422,"featured_media":185657,"comment_status":"closed","ping_status":"closed","sticky":false,"template":"","format":"standard","meta":{"_acf_changed":false,"cybocfi_hide_featured_image":"","_jetpack_memberships_contains_paid_content":false,"footnotes":""},"categories":[7997],"tags":[],"class_list":["post-185282","post","type-post","status-publish","format-standard","has-post-thumbnail","hentry","category-textos"],"acf":[],"mb":[],"yoast_head":"<!-- This site is optimized with the Yoast SEO plugin v27.2 - https:\/\/yoast.com\/product\/yoast-seo-wordpress\/ -->\n<title>La perversi\u00f3n de los medios - ERRR MAGAZINE<\/title>\n<meta name=\"robots\" content=\"index, follow, max-snippet:-1, max-image-preview:large, max-video-preview:-1\" \/>\n<link rel=\"canonical\" href=\"https:\/\/errr-magazine.com\/english\/la-perversion-de-los-medios\/\" \/>\n<meta property=\"og:locale\" content=\"en_US\" \/>\n<meta property=\"og:type\" content=\"article\" \/>\n<meta property=\"og:title\" content=\"La perversi\u00f3n de los medios - ERRR MAGAZINE\" \/>\n<meta property=\"og:description\" content=\"Mi sobrino cay\u00f3 en el fentanilo. Est\u00e1 hospitalizado. Va a perder el a\u00f1o escolar. Mi cu\u00f1ada est\u00e1 muy mal. Responsabilizo a los medios y demando una indemnizaci\u00f3n. Las noticias sobre el consumo de esta droga, su poder de adicci\u00f3n y los da\u00f1os a la salud que conlleva no tienen como objetivo prevenirte de que lo [&hellip;]\" \/>\n<meta property=\"og:url\" content=\"https:\/\/errr-magazine.com\/english\/la-perversion-de-los-medios\/\" \/>\n<meta property=\"og:site_name\" content=\"ERRR MAGAZINE\" \/>\n<meta property=\"article:published_time\" content=\"2023-09-10T02:16:05+00:00\" \/>\n<meta property=\"article:modified_time\" content=\"2023-09-10T02:20:46+00:00\" \/>\n<meta property=\"og:image\" content=\"https:\/\/errr-magazine.com\/wp-content\/uploads\/2023\/09\/40743453573_73f48d552d_o.jpg\" \/>\n\t<meta property=\"og:image:width\" content=\"1840\" \/>\n\t<meta property=\"og:image:height\" content=\"1232\" \/>\n\t<meta property=\"og:image:type\" content=\"image\/jpeg\" \/>\n<meta name=\"author\" content=\"Felfema Mreosi\" \/>\n<meta name=\"twitter:card\" content=\"summary_large_image\" \/>\n<meta name=\"twitter:label1\" content=\"Written by\" \/>\n\t<meta name=\"twitter:data1\" content=\"Felfema Mreosi\" \/>\n\t<meta name=\"twitter:label2\" content=\"Est. reading time\" \/>\n\t<meta name=\"twitter:data2\" content=\"2 minutes\" \/>\n<script type=\"application\/ld+json\" class=\"yoast-schema-graph\">{\"@context\":\"https:\/\/schema.org\",\"@graph\":[{\"@type\":\"Article\",\"@id\":\"https:\/\/errr-magazine.com\/la-perversion-de-los-medios\/#article\",\"isPartOf\":{\"@id\":\"https:\/\/errr-magazine.com\/la-perversion-de-los-medios\/\"},\"author\":{\"name\":\"Felfema Mreosi\",\"@id\":\"https:\/\/errr-magazine.com\/#\/schema\/person\/6b5aeefa95289a7189e84d50f99c66ef\"},\"headline\":\"La perversi\u00f3n de los medios\",\"datePublished\":\"2023-09-10T02:16:05+00:00\",\"dateModified\":\"2023-09-10T02:20:46+00:00\",\"mainEntityOfPage\":{\"@id\":\"https:\/\/errr-magazine.com\/la-perversion-de-los-medios\/\"},\"wordCount\":341,\"image\":{\"@id\":\"https:\/\/errr-magazine.com\/la-perversion-de-los-medios\/#primaryimage\"},\"thumbnailUrl\":\"https:\/\/errr-magazine.com\/wp-content\/uploads\/2023\/09\/40743453573_73f48d552d_o.jpg\",\"articleSection\":[\"Textos\"],\"inLanguage\":\"en-US\"},{\"@type\":\"WebPage\",\"@id\":\"https:\/\/errr-magazine.com\/la-perversion-de-los-medios\/\",\"url\":\"https:\/\/errr-magazine.com\/la-perversion-de-los-medios\/\",\"name\":\"La perversi\u00f3n de los medios - ERRR MAGAZINE\",\"isPartOf\":{\"@id\":\"https:\/\/errr-magazine.com\/#website\"},\"primaryImageOfPage\":{\"@id\":\"https:\/\/errr-magazine.com\/la-perversion-de-los-medios\/#primaryimage\"},\"image\":{\"@id\":\"https:\/\/errr-magazine.com\/la-perversion-de-los-medios\/#primaryimage\"},\"thumbnailUrl\":\"https:\/\/errr-magazine.com\/wp-content\/uploads\/2023\/09\/40743453573_73f48d552d_o.jpg\",\"datePublished\":\"2023-09-10T02:16:05+00:00\",\"dateModified\":\"2023-09-10T02:20:46+00:00\",\"author\":{\"@id\":\"https:\/\/errr-magazine.com\/#\/schema\/person\/6b5aeefa95289a7189e84d50f99c66ef\"},\"breadcrumb\":{\"@id\":\"https:\/\/errr-magazine.com\/la-perversion-de-los-medios\/#breadcrumb\"},\"inLanguage\":\"en-US\",\"potentialAction\":[{\"@type\":\"ReadAction\",\"target\":[\"https:\/\/errr-magazine.com\/la-perversion-de-los-medios\/\"]}]},{\"@type\":\"ImageObject\",\"inLanguage\":\"en-US\",\"@id\":\"https:\/\/errr-magazine.com\/la-perversion-de-los-medios\/#primaryimage\",\"url\":\"https:\/\/errr-magazine.com\/wp-content\/uploads\/2023\/09\/40743453573_73f48d552d_o.jpg\",\"contentUrl\":\"https:\/\/errr-magazine.com\/wp-content\/uploads\/2023\/09\/40743453573_73f48d552d_o.jpg\",\"width\":1840,\"height\":1232,\"caption\":\"Foto por Fernando Sarano\"},{\"@type\":\"BreadcrumbList\",\"@id\":\"https:\/\/errr-magazine.com\/la-perversion-de-los-medios\/#breadcrumb\",\"itemListElement\":[{\"@type\":\"ListItem\",\"position\":1,\"name\":\"Portada\",\"item\":\"https:\/\/errr-magazine.com\/\"},{\"@type\":\"ListItem\",\"position\":2,\"name\":\"La perversi\u00f3n de los medios\"}]},{\"@type\":\"WebSite\",\"@id\":\"https:\/\/errr-magazine.com\/#website\",\"url\":\"https:\/\/errr-magazine.com\/\",\"name\":\"ERRR MAGAZINE\",\"description\":\"\",\"potentialAction\":[{\"@type\":\"SearchAction\",\"target\":{\"@type\":\"EntryPoint\",\"urlTemplate\":\"https:\/\/errr-magazine.com\/?s={search_term_string}\"},\"query-input\":{\"@type\":\"PropertyValueSpecification\",\"valueRequired\":true,\"valueName\":\"search_term_string\"}}],\"inLanguage\":\"en-US\"},{\"@type\":\"Person\",\"@id\":\"https:\/\/errr-magazine.com\/#\/schema\/person\/6b5aeefa95289a7189e84d50f99c66ef\",\"name\":\"Felfema Mreosi\",\"image\":{\"@type\":\"ImageObject\",\"inLanguage\":\"en-US\",\"@id\":\"https:\/\/secure.gravatar.com\/avatar\/e41e190c703bb979d7df5e93c4c68cf4a5eade35c7316cd3f6782549a777df56?s=96&d=identicon&r=g\",\"url\":\"https:\/\/secure.gravatar.com\/avatar\/e41e190c703bb979d7df5e93c4c68cf4a5eade35c7316cd3f6782549a777df56?s=96&d=identicon&r=g\",\"contentUrl\":\"https:\/\/secure.gravatar.com\/avatar\/e41e190c703bb979d7df5e93c4c68cf4a5eade35c7316cd3f6782549a777df56?s=96&d=identicon&r=g\",\"caption\":\"Felfema Mreosi\"},\"description\":\"Felfema Mreosi\u00a0(chileno radicado en M\u00e9xico) estudi\u00f3 Filosof\u00eda en la FES Acatl\u00e1n. Dedic\u00f3 sus primeros a\u00f1os de experiencia profesional a la docencia (Filosof\u00eda, Literatura y Redacci\u00f3n). Ha publicado en algunas revistas en formato an\u00e1logo y digital como\u00a0Monolito, ERRR Magazine\u00a0y\u00a0Marvin. Colabor\u00f3 en el proyecto Delet\u00e9reo (shots de literatura ilustrada).\",\"sameAs\":[\"https:\/\/nocturnario.com.mx\/revista\/tag\/felfema-mreosi\"],\"url\":\"https:\/\/errr-magazine.com\/english\/author\/mreos_\/\"}]}<\/script>\n<!-- \/ Yoast SEO plugin. -->","yoast_head_json":{"title":"La perversi\u00f3n de los medios - ERRR MAGAZINE","robots":{"index":"index","follow":"follow","max-snippet":"max-snippet:-1","max-image-preview":"max-image-preview:large","max-video-preview":"max-video-preview:-1"},"canonical":"https:\/\/errr-magazine.com\/english\/la-perversion-de-los-medios\/","og_locale":"en_US","og_type":"article","og_title":"La perversi\u00f3n de los medios - ERRR MAGAZINE","og_description":"Mi sobrino cay\u00f3 en el fentanilo. Est\u00e1 hospitalizado. Va a perder el a\u00f1o escolar. Mi cu\u00f1ada est\u00e1 muy mal. Responsabilizo a los medios y demando una indemnizaci\u00f3n. Las noticias sobre el consumo de esta droga, su poder de adicci\u00f3n y los da\u00f1os a la salud que conlleva no tienen como objetivo prevenirte de que lo [&hellip;]","og_url":"https:\/\/errr-magazine.com\/english\/la-perversion-de-los-medios\/","og_site_name":"ERRR MAGAZINE","article_published_time":"2023-09-10T02:16:05+00:00","article_modified_time":"2023-09-10T02:20:46+00:00","og_image":[{"width":1840,"height":1232,"url":"https:\/\/errr-magazine.com\/wp-content\/uploads\/2023\/09\/40743453573_73f48d552d_o.jpg","type":"image\/jpeg"}],"author":"Felfema Mreosi","twitter_card":"summary_large_image","twitter_misc":{"Written by":"Felfema Mreosi","Est. reading time":"2 minutes"},"schema":{"@context":"https:\/\/schema.org","@graph":[{"@type":"Article","@id":"https:\/\/errr-magazine.com\/la-perversion-de-los-medios\/#article","isPartOf":{"@id":"https:\/\/errr-magazine.com\/la-perversion-de-los-medios\/"},"author":{"name":"Felfema Mreosi","@id":"https:\/\/errr-magazine.com\/#\/schema\/person\/6b5aeefa95289a7189e84d50f99c66ef"},"headline":"La perversi\u00f3n de los medios","datePublished":"2023-09-10T02:16:05+00:00","dateModified":"2023-09-10T02:20:46+00:00","mainEntityOfPage":{"@id":"https:\/\/errr-magazine.com\/la-perversion-de-los-medios\/"},"wordCount":341,"image":{"@id":"https:\/\/errr-magazine.com\/la-perversion-de-los-medios\/#primaryimage"},"thumbnailUrl":"https:\/\/errr-magazine.com\/wp-content\/uploads\/2023\/09\/40743453573_73f48d552d_o.jpg","articleSection":["Textos"],"inLanguage":"en-US"},{"@type":"WebPage","@id":"https:\/\/errr-magazine.com\/la-perversion-de-los-medios\/","url":"https:\/\/errr-magazine.com\/la-perversion-de-los-medios\/","name":"La perversi\u00f3n de los medios - ERRR MAGAZINE","isPartOf":{"@id":"https:\/\/errr-magazine.com\/#website"},"primaryImageOfPage":{"@id":"https:\/\/errr-magazine.com\/la-perversion-de-los-medios\/#primaryimage"},"image":{"@id":"https:\/\/errr-magazine.com\/la-perversion-de-los-medios\/#primaryimage"},"thumbnailUrl":"https:\/\/errr-magazine.com\/wp-content\/uploads\/2023\/09\/40743453573_73f48d552d_o.jpg","datePublished":"2023-09-10T02:16:05+00:00","dateModified":"2023-09-10T02:20:46+00:00","author":{"@id":"https:\/\/errr-magazine.com\/#\/schema\/person\/6b5aeefa95289a7189e84d50f99c66ef"},"breadcrumb":{"@id":"https:\/\/errr-magazine.com\/la-perversion-de-los-medios\/#breadcrumb"},"inLanguage":"en-US","potentialAction":[{"@type":"ReadAction","target":["https:\/\/errr-magazine.com\/la-perversion-de-los-medios\/"]}]},{"@type":"ImageObject","inLanguage":"en-US","@id":"https:\/\/errr-magazine.com\/la-perversion-de-los-medios\/#primaryimage","url":"https:\/\/errr-magazine.com\/wp-content\/uploads\/2023\/09\/40743453573_73f48d552d_o.jpg","contentUrl":"https:\/\/errr-magazine.com\/wp-content\/uploads\/2023\/09\/40743453573_73f48d552d_o.jpg","width":1840,"height":1232,"caption":"Foto por Fernando Sarano"},{"@type":"BreadcrumbList","@id":"https:\/\/errr-magazine.com\/la-perversion-de-los-medios\/#breadcrumb","itemListElement":[{"@type":"ListItem","position":1,"name":"Portada","item":"https:\/\/errr-magazine.com\/"},{"@type":"ListItem","position":2,"name":"La perversi\u00f3n de los medios"}]},{"@type":"WebSite","@id":"https:\/\/errr-magazine.com\/#website","url":"https:\/\/errr-magazine.com\/","name":"ERRR MAGAZINE","description":"","potentialAction":[{"@type":"SearchAction","target":{"@type":"EntryPoint","urlTemplate":"https:\/\/errr-magazine.com\/?s={search_term_string}"},"query-input":{"@type":"PropertyValueSpecification","valueRequired":true,"valueName":"search_term_string"}}],"inLanguage":"en-US"},{"@type":"Person","@id":"https:\/\/errr-magazine.com\/#\/schema\/person\/6b5aeefa95289a7189e84d50f99c66ef","name":"Felfema Mreosi","image":{"@type":"ImageObject","inLanguage":"en-US","@id":"https:\/\/secure.gravatar.com\/avatar\/e41e190c703bb979d7df5e93c4c68cf4a5eade35c7316cd3f6782549a777df56?s=96&d=identicon&r=g","url":"https:\/\/secure.gravatar.com\/avatar\/e41e190c703bb979d7df5e93c4c68cf4a5eade35c7316cd3f6782549a777df56?s=96&d=identicon&r=g","contentUrl":"https:\/\/secure.gravatar.com\/avatar\/e41e190c703bb979d7df5e93c4c68cf4a5eade35c7316cd3f6782549a777df56?s=96&d=identicon&r=g","caption":"Felfema Mreosi"},"description":"Felfema Mreosi (Chilean living in Mexico) studied Philosophy at FES Acatl\u00e1n. He dedicated his first years of professional experience to teaching (Philosophy, Literature and Writing). He has published in several magazines in analog and digital format such as Monolito, ERRR Magazine and Marvin. He collaborated in the Delet\u00e9reo project (shots of illustrated literature).","sameAs":["https:\/\/nocturnario.com.mx\/revista\/tag\/felfema-mreosi"],"url":"https:\/\/errr-magazine.com\/english\/author\/mreos_\/"}]}},"jetpack_featured_media_url":"https:\/\/errr-magazine.com\/wp-content\/uploads\/2023\/09\/40743453573_73f48d552d_o.jpg","jetpack-related-posts":[{"id":200132,"url":"https:\/\/errr-magazine.com\/english\/la-nebulosa\/","url_meta":{"origin":185282,"position":0},"title":"La Nebulosa","author":"La Nebulosa","date":"02\/14\/2026","format":false,"excerpt":"If La Nebulosa were a city, it would be the city of Mos Eisley, on the planet Tatooine, within the Star Wars universe. You don\u2019t come here just for coffee\u2026 you come to begin your next adventure.","rel":"","context":"In &quot;Cafeterias y panader\u00edas&quot;","block_context":{"text":"Cafeterias y panader\u00edas","link":"https:\/\/errr-magazine.com\/english\/category\/places\/cafeterias-y-panaderias\/"},"img":{"alt_text":"","src":"https:\/\/i0.wp.com\/errr-magazine.com\/wp-content\/uploads\/2026\/02\/IMG_1940.jpeg?resize=350%2C200&ssl=1","width":350,"height":200,"srcset":"https:\/\/i0.wp.com\/errr-magazine.com\/wp-content\/uploads\/2026\/02\/IMG_1940.jpeg?resize=350%2C200&ssl=1 1x, https:\/\/i0.wp.com\/errr-magazine.com\/wp-content\/uploads\/2026\/02\/IMG_1940.jpeg?resize=525%2C300&ssl=1 1.5x, https:\/\/i0.wp.com\/errr-magazine.com\/wp-content\/uploads\/2026\/02\/IMG_1940.jpeg?resize=700%2C400&ssl=1 2x, https:\/\/i0.wp.com\/errr-magazine.com\/wp-content\/uploads\/2026\/02\/IMG_1940.jpeg?resize=1050%2C600&ssl=1 3x, https:\/\/i0.wp.com\/errr-magazine.com\/wp-content\/uploads\/2026\/02\/IMG_1940.jpeg?resize=1400%2C800&ssl=1 4x"},"classes":[]},{"id":157540,"url":"https:\/\/errr-magazine.com\/english\/huella\/","url_meta":{"origin":185282,"position":1},"title":"Huella","author":"Benjam\u00edn Su\u00e1rez","date":"04\/12\/2020","format":false,"excerpt":"1. \u00bfCu\u00e1l es tu palabra favorita? Serendipia. 2. \u00bfQu\u00e9 so\u00f1aste anoche? So\u00f1\u00e9 que estaba con mis amigos cercanos y la chava con la que estoy saliendo, pero algo curioso pasaba, estaba celosa porque hab\u00eda escuchado cosas sobre m\u00ed y as\u00ed. Nuestra amiga en com\u00fan me estaba ayudando a hacer que\u2026","rel":"","context":"In &quot;Textos&quot;","block_context":{"text":"Textos","link":"https:\/\/errr-magazine.com\/english\/category\/textos\/"},"img":{"alt_text":"","src":"","width":0,"height":0},"classes":[]},{"id":202750,"url":"https:\/\/errr-magazine.com\/english\/ser-tia\/","url_meta":{"origin":185282,"position":2},"title":"Being an Aunt","author":"Ceila Itandehuilt Mortera V\u00e1squez","date":"03\/20\/2026","format":false,"excerpt":"There is something in that small voice that disarms you, that cleanses you, that reminds you that love can be simple and absolute.","rel":"","context":"In &quot;Poes\u00eda&quot;","block_context":{"text":"Poes\u00eda","link":"https:\/\/errr-magazine.com\/english\/category\/writing\/poesia\/"},"img":{"alt_text":"","src":"https:\/\/i0.wp.com\/errr-magazine.com\/wp-content\/uploads\/2026\/03\/ScanImage451731.jpg?resize=350%2C200&ssl=1","width":350,"height":200,"srcset":"https:\/\/i0.wp.com\/errr-magazine.com\/wp-content\/uploads\/2026\/03\/ScanImage451731.jpg?resize=350%2C200&ssl=1 1x, https:\/\/i0.wp.com\/errr-magazine.com\/wp-content\/uploads\/2026\/03\/ScanImage451731.jpg?resize=525%2C300&ssl=1 1.5x, https:\/\/i0.wp.com\/errr-magazine.com\/wp-content\/uploads\/2026\/03\/ScanImage451731.jpg?resize=700%2C400&ssl=1 2x"},"classes":[]},{"id":164027,"url":"https:\/\/errr-magazine.com\/english\/la-tia-sin-nombre\/","url_meta":{"origin":185282,"position":3},"title":"La t\u00eda sin nombre","author":"MAL","date":"12\/19\/2020","format":false,"excerpt":"Tuve una t\u00eda de apellido Cardoso. Su nombre no lo s\u00e9, creo que no ten\u00eda. Todos se refer\u00edan a ella como \"la t\u00eda Cardoso\", incluso los que no eran sus sobrinos. En la familia nadie recuerda su nombre, s\u00f3lo su apellido porque era diferente. Con ella la progenie Cardoso se\u2026","rel":"","context":"In &quot;Textos&quot;","block_context":{"text":"Textos","link":"https:\/\/errr-magazine.com\/english\/category\/textos\/"},"img":{"alt_text":"","src":"https:\/\/i0.wp.com\/errr-magazine.com\/wp-content\/uploads\/2020\/12\/Captura-de-pantalla-2020-12-19-a-las-14.12.38.png?resize=350%2C200&ssl=1","width":350,"height":200,"srcset":"https:\/\/i0.wp.com\/errr-magazine.com\/wp-content\/uploads\/2020\/12\/Captura-de-pantalla-2020-12-19-a-las-14.12.38.png?resize=350%2C200&ssl=1 1x, https:\/\/i0.wp.com\/errr-magazine.com\/wp-content\/uploads\/2020\/12\/Captura-de-pantalla-2020-12-19-a-las-14.12.38.png?resize=525%2C300&ssl=1 1.5x, https:\/\/i0.wp.com\/errr-magazine.com\/wp-content\/uploads\/2020\/12\/Captura-de-pantalla-2020-12-19-a-las-14.12.38.png?resize=700%2C400&ssl=1 2x"},"classes":[]},{"id":195310,"url":"https:\/\/errr-magazine.com\/english\/el-jardin-de-mi-madre\/","url_meta":{"origin":185282,"position":4},"title":"My mother's garden","author":"Perla Tamez","date":"12\/02\/2025","format":false,"excerpt":"Walking among bees, I accompany my father on his field explorations; I rummage through the family album rescuing photographic images of the incipient work in beekeeping, and through writing I recover anecdotes from the memories of my parents and my sisters.","rel":"","context":"In &quot;Artes visuales&quot;","block_context":{"text":"Artes visuales","link":"https:\/\/errr-magazine.com\/english\/category\/interviews\/artes-visuales\/"},"img":{"alt_text":"","src":"https:\/\/i0.wp.com\/errr-magazine.com\/wp-content\/uploads\/2025\/12\/COLMENA_09.jpg?resize=350%2C200&ssl=1","width":350,"height":200,"srcset":"https:\/\/i0.wp.com\/errr-magazine.com\/wp-content\/uploads\/2025\/12\/COLMENA_09.jpg?resize=350%2C200&ssl=1 1x, https:\/\/i0.wp.com\/errr-magazine.com\/wp-content\/uploads\/2025\/12\/COLMENA_09.jpg?resize=525%2C300&ssl=1 1.5x, https:\/\/i0.wp.com\/errr-magazine.com\/wp-content\/uploads\/2025\/12\/COLMENA_09.jpg?resize=700%2C400&ssl=1 2x, https:\/\/i0.wp.com\/errr-magazine.com\/wp-content\/uploads\/2025\/12\/COLMENA_09.jpg?resize=1050%2C600&ssl=1 3x"},"classes":[]},{"id":200851,"url":"https:\/\/errr-magazine.com\/english\/la-valiente\/","url_meta":{"origin":185282,"position":5},"title":"La Valiente","author":"La Valiente","date":"02\/22\/2026","format":false,"excerpt":"We are a space that wants to invite everyone to look inward, to recognize their inner child amid all the noise, and to applaud themselves\u2014because yes, every day we are all brave.","rel":"","context":"In &quot;Cafeterias y panader\u00edas&quot;","block_context":{"text":"Cafeterias y panader\u00edas","link":"https:\/\/errr-magazine.com\/english\/category\/places\/cafeterias-y-panaderias\/"},"img":{"alt_text":"","src":"https:\/\/i0.wp.com\/errr-magazine.com\/wp-content\/uploads\/2026\/02\/5-8.jpg?resize=350%2C200&ssl=1","width":350,"height":200,"srcset":"https:\/\/i0.wp.com\/errr-magazine.com\/wp-content\/uploads\/2026\/02\/5-8.jpg?resize=350%2C200&ssl=1 1x, https:\/\/i0.wp.com\/errr-magazine.com\/wp-content\/uploads\/2026\/02\/5-8.jpg?resize=525%2C300&ssl=1 1.5x, https:\/\/i0.wp.com\/errr-magazine.com\/wp-content\/uploads\/2026\/02\/5-8.jpg?resize=700%2C400&ssl=1 2x"},"classes":[]}],"jetpack_sharing_enabled":true,"mfb_rest_fields":["title","yoast_head","yoast_head_json","jetpack_featured_media_url","jetpack-related-posts","jetpack_sharing_enabled"],"_links":{"self":[{"href":"https:\/\/errr-magazine.com\/english\/wp-json\/wp\/v2\/posts\/185282","targetHints":{"allow":["GET"]}}],"collection":[{"href":"https:\/\/errr-magazine.com\/english\/wp-json\/wp\/v2\/posts"}],"about":[{"href":"https:\/\/errr-magazine.com\/english\/wp-json\/wp\/v2\/types\/post"}],"author":[{"embeddable":true,"href":"https:\/\/errr-magazine.com\/english\/wp-json\/wp\/v2\/users\/7422"}],"replies":[{"embeddable":true,"href":"https:\/\/errr-magazine.com\/english\/wp-json\/wp\/v2\/comments?post=185282"}],"version-history":[{"count":6,"href":"https:\/\/errr-magazine.com\/english\/wp-json\/wp\/v2\/posts\/185282\/revisions"}],"predecessor-version":[{"id":185660,"href":"https:\/\/errr-magazine.com\/english\/wp-json\/wp\/v2\/posts\/185282\/revisions\/185660"}],"wp:featuredmedia":[{"embeddable":true,"href":"https:\/\/errr-magazine.com\/english\/wp-json\/wp\/v2\/media\/185657"}],"wp:attachment":[{"href":"https:\/\/errr-magazine.com\/english\/wp-json\/wp\/v2\/media?parent=185282"}],"wp:term":[{"taxonomy":"category","embeddable":true,"href":"https:\/\/errr-magazine.com\/english\/wp-json\/wp\/v2\/categories?post=185282"},{"taxonomy":"post_tag","embeddable":true,"href":"https:\/\/errr-magazine.com\/english\/wp-json\/wp\/v2\/tags?post=185282"}],"curies":[{"name":"wp","href":"https:\/\/api.w.org\/{rel}","templated":true}]}}