{"id":183860,"date":"2023-04-02T23:04:44","date_gmt":"2023-04-03T04:04:44","guid":{"rendered":"https:\/\/errr-magazine.com\/?p=183860"},"modified":"2025-08-15T10:59:53","modified_gmt":"2025-08-15T16:59:53","slug":"olvidate-de-mi","status":"publish","type":"post","link":"https:\/\/errr-magazine.com\/english\/olvidate-de-mi\/","title":{"rendered":"Olv\u00eddate de M\u00ed"},"content":{"rendered":"<p><strong>\u00bfCu\u00e1l es el origen de la canci\u00f3n?<\/strong><br \/>\nComo la totalidad de las canciones, esta se gest\u00f3 a trav\u00e9s del Logic en el ordenador de mi cuarto, en mi intimidad y a ra\u00edz de vivencias reales. La letra de la canci\u00f3n surgi\u00f3 por un amor que se fue a estudiar fuera, concretamente a Holanda. Puesto que era inevitable la partida, sent\u00ed que lo mejor ser\u00eda sugerir que nos olvid\u00e1ramos el uno del otro. Le mand\u00e9 la demo y finalmente nuestros caminos se separaron.<\/p>\n<p><strong>\u00bfC\u00f3mo fue la sesi\u00f3n de grabaci\u00f3n?<\/strong><br \/>\nLa grabaci\u00f3n del tema se hizo conjuntamente con Alavedra en los estudios Arc Voltaic de quien Pol, nuestro bater\u00eda y productor, es due\u00f1o. La sesi\u00f3n se desarroll\u00f3 a lo largo de un d\u00eda y gracias a alg\u00fan ensayo previo, la mayor\u00eda de los detalles ya estaban listos, aunque acabaron de perfilarse in situ. Lo maravilloso lleg\u00f3 justo antes de cerrar el proyecto: Xiri, guitarrista de Alavedra, record\u00f3 que en alguno de sus temas se quedaron con las ganas de a\u00f1adir un estribillo potente. Fue entones cuando decidimos cantar en la parte de \u201colv\u00eddate de mi, olv\u00edda-te-de-mi\u201d, que en un principio no estaba prevista.<\/p>\n<p><strong>\u00bfCu\u00e1les fueron las referencias, influencias o inspiraciones musicales?<\/strong><br \/>\nProbablemente sea una mezcla inconsciente de bandas pero s\u00ed me ocurri\u00f3 algo gracioso el otro d\u00eda escuchando Jay Reatard, que me encanta: en su canci\u00f3n Don\u2019t Let Him Come Back la progresi\u00f3n del verso es muy parecida a &#8220;Olvidate de M\u00ed&#8221; y justamente fue una canci\u00f3n tuve en bucle durante bastante tiempo.<\/p>\n<p><iframe style=\"border-radius: 12px;\" data-src=\"https:\/\/open.spotify.com\/embed\/track\/1hYrQQwl2kgxjTmq4uJyHd?utm_source=generator\" width=\"100%\" height=\"152\" frameborder=\"0\" allowfullscreen=\"allowfullscreen\" src=\"data:image\/svg+xml;base64,PHN2ZyB3aWR0aD0iMSIgaGVpZ2h0PSIxIiB4bWxucz0iaHR0cDovL3d3dy53My5vcmcvMjAwMC9zdmciPjwvc3ZnPg==\" class=\"lazyload\" data-load-mode=\"1\"><\/iframe><\/p>\n<p><strong>\u00bfQu\u00e9 es lo que m\u00e1s te gusta de la canci\u00f3n y por qu\u00e9?<\/strong><br \/>\nLo que m\u00e1s me gusta es la parte del puente donde se canta \u201csi solo fuera por eso hubiera optado por querer, si no perdiera tus besos aprenderia holand\u00e9s\u201d. No solo porque es un muy buen estribillo coreable, sino porque en la grabaci\u00f3n de las voces participaron nuestros respectivos managers N\u00faria y Miguel.<\/p>\n<p><strong>\u00bfQu\u00e9 fue lo m\u00e1s disfrutable del proceso de escritura, producci\u00f3n y grabaci\u00f3n?<\/strong><br \/>\nDurante la composici\u00f3n recuerdo pasarlo muy bien a\u00f1adiendo \u201cbendings\u201d de guitarra bastante alocados que luego en la grabaci\u00f3n final perdieron algo de importancia. Durante la sesi\u00f3n en el estudio recuerdo que cantar todos los amigos juntos fue muy bonito.<\/p>\n<p><strong>\u00bfCu\u00e1l fue la parte m\u00e1s dif\u00edcil del proceso y c\u00f3mo se super\u00f3?<\/strong><br \/>\nEn un principio la primera parte del verso en la qu\u00e9 se canta fue objeto de debate porque daba la sensaci\u00f3n de que sonaba mal aparentemente por el tipo de m\u00e9trica de la letra y nos pasamos perfectamente media hora intentando modificarlo para que encajara. Grabamos una toma \u201cfinal\u201d sin estar demasiado convencidos pero habl\u00e1ndolo conseguimos reconducir una situaci\u00f3n algo inc\u00f3moda. Dado que se hizo a medio gas, decidimos volver otro d\u00eda al estudio para regrabar voces y quedamos satisfechos.<\/p>\n<p><strong>Si hubieran podido invitar a cualquier otra persona a colaborar, \u00bfqui\u00e9n hubiera sido y por qu\u00e9?<\/strong><br \/>\nEsta canci\u00f3n fue en colaboraci\u00f3n con Alavedra y realmente no tiene sentido con nadie m\u00e1s.<\/p>\n<p><strong>\u00bfCu\u00e1l es el mayor reto para presentar esta canci\u00f3n en vivo y c\u00f3mo se ha resuelto?<\/strong><br \/>\nDe hecho a\u00fan no la hemos presentado oficialmente. A principios de febrero 2023 Pantocrator nos invitaron a tocar en una fiesta y tocamos medio sin ensayar el tema con Carlos, de Ciudad Celeste. Tal vez el hecho de no tener a Lucas, nuestro bajista, ya fue suficiente reto. En cualquier caso, la parte en la que se canta \u201colv\u00eddate de m\u00ed, olv\u00edda-te-de-m\u00ed\u201d fue complicada dado que nunca llegamos a ensayar juntos esa parte, que se hizo exclusivamente en el estudio.<\/p>\n<p><strong>Recomi\u00e9ndenos alguna canci\u00f3n que hayas escuchado ultimamente y que te guste.<\/strong><br \/>\n\u201cRonaldinho\u201d de 1111, 9ckles, Armas, Fedra, ru0001<\/p>","protected":false},"excerpt":{"rendered":"<p>La letra de la canci\u00f3n surgi\u00f3 por un amor que se fue a estudiar fuera, concretamente a Holanda. Puesto que era inevitable la partida, sent\u00ed que lo mejor ser\u00eda sugerir que nos olvid\u00e1ramos el uno del otro. Le mand\u00e9 la demo y finalmente nuestros caminos se separaron&#8230;<\/p>","protected":false},"author":7655,"featured_media":183859,"comment_status":"closed","ping_status":"closed","sticky":false,"template":"","format":"standard","meta":{"_acf_changed":false,"cybocfi_hide_featured_image":"","_jetpack_memberships_contains_paid_content":false,"footnotes":""},"categories":[17849],"tags":[],"class_list":["post-183860","post","type-post","status-publish","format-standard","has-post-thumbnail","hentry","category-interviews"],"acf":[],"mb":[],"yoast_head":"<!-- This site is optimized with the Yoast SEO plugin v27.2 - https:\/\/yoast.com\/product\/yoast-seo-wordpress\/ -->\n<title>Olv\u00eddate de M\u00ed - ERRR MAGAZINE<\/title>\n<meta name=\"robots\" content=\"index, follow, max-snippet:-1, max-image-preview:large, max-video-preview:-1\" \/>\n<link rel=\"canonical\" href=\"https:\/\/errr-magazine.com\/english\/olvidate-de-mi\/\" \/>\n<meta property=\"og:locale\" content=\"en_US\" \/>\n<meta property=\"og:type\" content=\"article\" \/>\n<meta property=\"og:title\" content=\"Olv\u00eddate de M\u00ed - ERRR MAGAZINE\" \/>\n<meta property=\"og:description\" content=\"La letra de la canci\u00f3n surgi\u00f3 por un amor que se fue a estudiar fuera, concretamente a Holanda. Puesto que era inevitable la partida, sent\u00ed que lo mejor ser\u00eda sugerir que nos olvid\u00e1ramos el uno del otro. Le mand\u00e9 la demo y finalmente nuestros caminos se separaron...\" \/>\n<meta property=\"og:url\" content=\"https:\/\/errr-magazine.com\/english\/olvidate-de-mi\/\" \/>\n<meta property=\"og:site_name\" content=\"ERRR MAGAZINE\" \/>\n<meta property=\"article:published_time\" content=\"2023-04-03T04:04:44+00:00\" \/>\n<meta property=\"article:modified_time\" content=\"2025-08-15T16:59:53+00:00\" \/>\n<meta property=\"og:image\" content=\"https:\/\/errr-magazine.com\/wp-content\/uploads\/2023\/04\/Captura-de-pantalla-2023-04-03-a-las-13.59.15.png\" \/>\n\t<meta property=\"og:image:width\" content=\"1054\" \/>\n\t<meta property=\"og:image:height\" content=\"707\" \/>\n\t<meta property=\"og:image:type\" content=\"image\/png\" \/>\n<meta name=\"author\" content=\"Diamante Negro\" \/>\n<meta name=\"twitter:card\" content=\"summary_large_image\" \/>\n<meta name=\"twitter:label1\" content=\"Written by\" \/>\n\t<meta name=\"twitter:data1\" content=\"Diamante Negro\" \/>\n\t<meta name=\"twitter:label2\" content=\"Est. reading time\" \/>\n\t<meta name=\"twitter:data2\" content=\"3 minutes\" \/>\n<script type=\"application\/ld+json\" class=\"yoast-schema-graph\">{\"@context\":\"https:\/\/schema.org\",\"@graph\":[{\"@type\":\"Article\",\"@id\":\"https:\/\/errr-magazine.com\/olvidate-de-mi\/#article\",\"isPartOf\":{\"@id\":\"https:\/\/errr-magazine.com\/olvidate-de-mi\/\"},\"author\":{\"name\":\"Diamante Negro\",\"@id\":\"https:\/\/errr-magazine.com\/#\/schema\/person\/e649a70c9d02619bcdc0f7748c00c412\"},\"headline\":\"Olv\u00eddate de M\u00ed\",\"datePublished\":\"2023-04-03T04:04:44+00:00\",\"dateModified\":\"2025-08-15T16:59:53+00:00\",\"mainEntityOfPage\":{\"@id\":\"https:\/\/errr-magazine.com\/olvidate-de-mi\/\"},\"wordCount\":668,\"image\":{\"@id\":\"https:\/\/errr-magazine.com\/olvidate-de-mi\/#primaryimage\"},\"thumbnailUrl\":\"https:\/\/errr-magazine.com\/wp-content\/uploads\/2023\/04\/Captura-de-pantalla-2023-04-03-a-las-13.59.15.png\",\"articleSection\":[\"Interview\"],\"inLanguage\":\"en-US\"},{\"@type\":\"WebPage\",\"@id\":\"https:\/\/errr-magazine.com\/olvidate-de-mi\/\",\"url\":\"https:\/\/errr-magazine.com\/olvidate-de-mi\/\",\"name\":\"Olv\u00eddate de M\u00ed - ERRR MAGAZINE\",\"isPartOf\":{\"@id\":\"https:\/\/errr-magazine.com\/#website\"},\"primaryImageOfPage\":{\"@id\":\"https:\/\/errr-magazine.com\/olvidate-de-mi\/#primaryimage\"},\"image\":{\"@id\":\"https:\/\/errr-magazine.com\/olvidate-de-mi\/#primaryimage\"},\"thumbnailUrl\":\"https:\/\/errr-magazine.com\/wp-content\/uploads\/2023\/04\/Captura-de-pantalla-2023-04-03-a-las-13.59.15.png\",\"datePublished\":\"2023-04-03T04:04:44+00:00\",\"dateModified\":\"2025-08-15T16:59:53+00:00\",\"author\":{\"@id\":\"https:\/\/errr-magazine.com\/#\/schema\/person\/e649a70c9d02619bcdc0f7748c00c412\"},\"breadcrumb\":{\"@id\":\"https:\/\/errr-magazine.com\/olvidate-de-mi\/#breadcrumb\"},\"inLanguage\":\"en-US\",\"potentialAction\":[{\"@type\":\"ReadAction\",\"target\":[\"https:\/\/errr-magazine.com\/olvidate-de-mi\/\"]}]},{\"@type\":\"ImageObject\",\"inLanguage\":\"en-US\",\"@id\":\"https:\/\/errr-magazine.com\/olvidate-de-mi\/#primaryimage\",\"url\":\"https:\/\/errr-magazine.com\/wp-content\/uploads\/2023\/04\/Captura-de-pantalla-2023-04-03-a-las-13.59.15.png\",\"contentUrl\":\"https:\/\/errr-magazine.com\/wp-content\/uploads\/2023\/04\/Captura-de-pantalla-2023-04-03-a-las-13.59.15.png\",\"width\":1054,\"height\":707,\"caption\":\"Fotograf\u00eda por Ana\u00efs Rivas\"},{\"@type\":\"BreadcrumbList\",\"@id\":\"https:\/\/errr-magazine.com\/olvidate-de-mi\/#breadcrumb\",\"itemListElement\":[{\"@type\":\"ListItem\",\"position\":1,\"name\":\"Portada\",\"item\":\"https:\/\/errr-magazine.com\/\"},{\"@type\":\"ListItem\",\"position\":2,\"name\":\"Olv\u00eddate de M\u00ed\"}]},{\"@type\":\"WebSite\",\"@id\":\"https:\/\/errr-magazine.com\/#website\",\"url\":\"https:\/\/errr-magazine.com\/\",\"name\":\"ERRR MAGAZINE\",\"description\":\"\",\"potentialAction\":[{\"@type\":\"SearchAction\",\"target\":{\"@type\":\"EntryPoint\",\"urlTemplate\":\"https:\/\/errr-magazine.com\/?s={search_term_string}\"},\"query-input\":{\"@type\":\"PropertyValueSpecification\",\"valueRequired\":true,\"valueName\":\"search_term_string\"}}],\"inLanguage\":\"en-US\"},{\"@type\":\"Person\",\"@id\":\"https:\/\/errr-magazine.com\/#\/schema\/person\/e649a70c9d02619bcdc0f7748c00c412\",\"name\":\"Diamante Negro\",\"image\":{\"@type\":\"ImageObject\",\"inLanguage\":\"en-US\",\"@id\":\"https:\/\/secure.gravatar.com\/avatar\/c1aba488f6b0cf454eb67e716cf558785d489402261348bd984b189419e078a7?s=96&d=identicon&r=g\",\"url\":\"https:\/\/secure.gravatar.com\/avatar\/c1aba488f6b0cf454eb67e716cf558785d489402261348bd984b189419e078a7?s=96&d=identicon&r=g\",\"contentUrl\":\"https:\/\/secure.gravatar.com\/avatar\/c1aba488f6b0cf454eb67e716cf558785d489402261348bd984b189419e078a7?s=96&d=identicon&r=g\",\"caption\":\"Diamante Negro\"},\"description\":\"Tres amigos que se escuchan y tambi\u00e9n disfrutan de tocar juntos. Definir su m\u00fasica es tan complejo como intentar definir su v\u00ednculo. Sus directos son divertidos y salvajes y tiernos, tal vez porque es as\u00ed como son por dentro. Esc\u00fachalos y decide qu\u00e9 te hacen sentir a ti.\",\"sameAs\":[\"https:\/\/www.instagram.com\/diamantenegroband\"],\"url\":\"https:\/\/errr-magazine.com\/english\/author\/diamante-negro\/\"}]}<\/script>\n<!-- \/ Yoast SEO plugin. -->","yoast_head_json":{"title":"Olv\u00eddate de M\u00ed - ERRR MAGAZINE","robots":{"index":"index","follow":"follow","max-snippet":"max-snippet:-1","max-image-preview":"max-image-preview:large","max-video-preview":"max-video-preview:-1"},"canonical":"https:\/\/errr-magazine.com\/english\/olvidate-de-mi\/","og_locale":"en_US","og_type":"article","og_title":"Olv\u00eddate de M\u00ed - ERRR MAGAZINE","og_description":"La letra de la canci\u00f3n surgi\u00f3 por un amor que se fue a estudiar fuera, concretamente a Holanda. Puesto que era inevitable la partida, sent\u00ed que lo mejor ser\u00eda sugerir que nos olvid\u00e1ramos el uno del otro. Le mand\u00e9 la demo y finalmente nuestros caminos se separaron...","og_url":"https:\/\/errr-magazine.com\/english\/olvidate-de-mi\/","og_site_name":"ERRR MAGAZINE","article_published_time":"2023-04-03T04:04:44+00:00","article_modified_time":"2025-08-15T16:59:53+00:00","og_image":[{"width":1054,"height":707,"url":"https:\/\/errr-magazine.com\/wp-content\/uploads\/2023\/04\/Captura-de-pantalla-2023-04-03-a-las-13.59.15.png","type":"image\/png"}],"author":"Diamante Negro","twitter_card":"summary_large_image","twitter_misc":{"Written by":"Diamante Negro","Est. reading time":"3 minutes"},"schema":{"@context":"https:\/\/schema.org","@graph":[{"@type":"Article","@id":"https:\/\/errr-magazine.com\/olvidate-de-mi\/#article","isPartOf":{"@id":"https:\/\/errr-magazine.com\/olvidate-de-mi\/"},"author":{"name":"Diamante Negro","@id":"https:\/\/errr-magazine.com\/#\/schema\/person\/e649a70c9d02619bcdc0f7748c00c412"},"headline":"Olv\u00eddate de M\u00ed","datePublished":"2023-04-03T04:04:44+00:00","dateModified":"2025-08-15T16:59:53+00:00","mainEntityOfPage":{"@id":"https:\/\/errr-magazine.com\/olvidate-de-mi\/"},"wordCount":668,"image":{"@id":"https:\/\/errr-magazine.com\/olvidate-de-mi\/#primaryimage"},"thumbnailUrl":"https:\/\/errr-magazine.com\/wp-content\/uploads\/2023\/04\/Captura-de-pantalla-2023-04-03-a-las-13.59.15.png","articleSection":["Interview"],"inLanguage":"en-US"},{"@type":"WebPage","@id":"https:\/\/errr-magazine.com\/olvidate-de-mi\/","url":"https:\/\/errr-magazine.com\/olvidate-de-mi\/","name":"Olv\u00eddate de M\u00ed - ERRR MAGAZINE","isPartOf":{"@id":"https:\/\/errr-magazine.com\/#website"},"primaryImageOfPage":{"@id":"https:\/\/errr-magazine.com\/olvidate-de-mi\/#primaryimage"},"image":{"@id":"https:\/\/errr-magazine.com\/olvidate-de-mi\/#primaryimage"},"thumbnailUrl":"https:\/\/errr-magazine.com\/wp-content\/uploads\/2023\/04\/Captura-de-pantalla-2023-04-03-a-las-13.59.15.png","datePublished":"2023-04-03T04:04:44+00:00","dateModified":"2025-08-15T16:59:53+00:00","author":{"@id":"https:\/\/errr-magazine.com\/#\/schema\/person\/e649a70c9d02619bcdc0f7748c00c412"},"breadcrumb":{"@id":"https:\/\/errr-magazine.com\/olvidate-de-mi\/#breadcrumb"},"inLanguage":"en-US","potentialAction":[{"@type":"ReadAction","target":["https:\/\/errr-magazine.com\/olvidate-de-mi\/"]}]},{"@type":"ImageObject","inLanguage":"en-US","@id":"https:\/\/errr-magazine.com\/olvidate-de-mi\/#primaryimage","url":"https:\/\/errr-magazine.com\/wp-content\/uploads\/2023\/04\/Captura-de-pantalla-2023-04-03-a-las-13.59.15.png","contentUrl":"https:\/\/errr-magazine.com\/wp-content\/uploads\/2023\/04\/Captura-de-pantalla-2023-04-03-a-las-13.59.15.png","width":1054,"height":707,"caption":"Fotograf\u00eda por Ana\u00efs Rivas"},{"@type":"BreadcrumbList","@id":"https:\/\/errr-magazine.com\/olvidate-de-mi\/#breadcrumb","itemListElement":[{"@type":"ListItem","position":1,"name":"Portada","item":"https:\/\/errr-magazine.com\/"},{"@type":"ListItem","position":2,"name":"Olv\u00eddate de M\u00ed"}]},{"@type":"WebSite","@id":"https:\/\/errr-magazine.com\/#website","url":"https:\/\/errr-magazine.com\/","name":"ERRR MAGAZINE","description":"","potentialAction":[{"@type":"SearchAction","target":{"@type":"EntryPoint","urlTemplate":"https:\/\/errr-magazine.com\/?s={search_term_string}"},"query-input":{"@type":"PropertyValueSpecification","valueRequired":true,"valueName":"search_term_string"}}],"inLanguage":"en-US"},{"@type":"Person","@id":"https:\/\/errr-magazine.com\/#\/schema\/person\/e649a70c9d02619bcdc0f7748c00c412","name":"Diamante Negro","image":{"@type":"ImageObject","inLanguage":"en-US","@id":"https:\/\/secure.gravatar.com\/avatar\/c1aba488f6b0cf454eb67e716cf558785d489402261348bd984b189419e078a7?s=96&d=identicon&r=g","url":"https:\/\/secure.gravatar.com\/avatar\/c1aba488f6b0cf454eb67e716cf558785d489402261348bd984b189419e078a7?s=96&d=identicon&r=g","contentUrl":"https:\/\/secure.gravatar.com\/avatar\/c1aba488f6b0cf454eb67e716cf558785d489402261348bd984b189419e078a7?s=96&d=identicon&r=g","caption":"Diamante Negro"},"description":"Tres amigos que se escuchan y tambi\u00e9n disfrutan de tocar juntos. Definir su m\u00fasica es tan complejo como intentar definir su v\u00ednculo. Sus directos son divertidos y salvajes y tiernos, tal vez porque es as\u00ed como son por dentro. Esc\u00fachalos y decide qu\u00e9 te hacen sentir a ti.","sameAs":["https:\/\/www.instagram.com\/diamantenegroband"],"url":"https:\/\/errr-magazine.com\/english\/author\/diamante-negro\/"}]}},"jetpack_featured_media_url":"https:\/\/errr-magazine.com\/wp-content\/uploads\/2023\/04\/Captura-de-pantalla-2023-04-03-a-las-13.59.15.png","jetpack-related-posts":[{"id":182816,"url":"https:\/\/errr-magazine.com\/english\/fogones-nocturnos\/","url_meta":{"origin":183860,"position":0},"title":"Fogones Nocturnos","author":"Sol Bassa","date":"09\/24\/2022","format":false,"excerpt":"La canci\u00f3n est\u00e1 influenciada por Wilco y por Bob Dylan. Me inspir\u00e9 en un sue\u00f1o que tuve, en la naturaleza y en el trabajo colectivo que transitamos d\u00eda a d\u00eda...","rel":"","context":"In &quot;Interview&quot;","block_context":{"text":"Interview","link":"https:\/\/errr-magazine.com\/english\/category\/interviews\/"},"img":{"alt_text":"","src":"https:\/\/i0.wp.com\/errr-magazine.com\/wp-content\/uploads\/2022\/09\/4A5A6981.jpg?resize=350%2C200&ssl=1","width":350,"height":200,"srcset":"https:\/\/i0.wp.com\/errr-magazine.com\/wp-content\/uploads\/2022\/09\/4A5A6981.jpg?resize=350%2C200&ssl=1 1x, https:\/\/i0.wp.com\/errr-magazine.com\/wp-content\/uploads\/2022\/09\/4A5A6981.jpg?resize=525%2C300&ssl=1 1.5x, https:\/\/i0.wp.com\/errr-magazine.com\/wp-content\/uploads\/2022\/09\/4A5A6981.jpg?resize=700%2C400&ssl=1 2x, https:\/\/i0.wp.com\/errr-magazine.com\/wp-content\/uploads\/2022\/09\/4A5A6981.jpg?resize=1050%2C600&ssl=1 3x, https:\/\/i0.wp.com\/errr-magazine.com\/wp-content\/uploads\/2022\/09\/4A5A6981.jpg?resize=1400%2C800&ssl=1 4x"},"classes":[]},{"id":183341,"url":"https:\/\/errr-magazine.com\/english\/el-primero\/","url_meta":{"origin":183860,"position":1},"title":"El Primero","author":"Apartamentos Acapulco","date":"02\/07\/2023","format":false,"excerpt":"Nuestras referencias desde que comenzamos siempre han estado bastante claras, siempre nos ha gustado mirar hacia el indie de los 90 con grupos como J&MC o Dinosaur Jr...","rel":"","context":"In &quot;Interview&quot;","block_context":{"text":"Interview","link":"https:\/\/errr-magazine.com\/english\/category\/interviews\/"},"img":{"alt_text":"","src":"https:\/\/i0.wp.com\/errr-magazine.com\/wp-content\/uploads\/2023\/02\/37F4F2D2-9FF5-4568-8679-44DC3ED60435-1-scaled.jpeg?resize=350%2C200&ssl=1","width":350,"height":200,"srcset":"https:\/\/i0.wp.com\/errr-magazine.com\/wp-content\/uploads\/2023\/02\/37F4F2D2-9FF5-4568-8679-44DC3ED60435-1-scaled.jpeg?resize=350%2C200&ssl=1 1x, https:\/\/i0.wp.com\/errr-magazine.com\/wp-content\/uploads\/2023\/02\/37F4F2D2-9FF5-4568-8679-44DC3ED60435-1-scaled.jpeg?resize=525%2C300&ssl=1 1.5x, https:\/\/i0.wp.com\/errr-magazine.com\/wp-content\/uploads\/2023\/02\/37F4F2D2-9FF5-4568-8679-44DC3ED60435-1-scaled.jpeg?resize=700%2C400&ssl=1 2x, https:\/\/i0.wp.com\/errr-magazine.com\/wp-content\/uploads\/2023\/02\/37F4F2D2-9FF5-4568-8679-44DC3ED60435-1-scaled.jpeg?resize=1050%2C600&ssl=1 3x, https:\/\/i0.wp.com\/errr-magazine.com\/wp-content\/uploads\/2023\/02\/37F4F2D2-9FF5-4568-8679-44DC3ED60435-1-scaled.jpeg?resize=1400%2C800&ssl=1 4x"},"classes":[]},{"id":178909,"url":"https:\/\/errr-magazine.com\/english\/un-lloc-que-no-recordi\/","url_meta":{"origin":183860,"position":2},"title":"Un lloc que no recordi","author":"Mishima","date":"07\/17\/2022","format":false,"excerpt":"A la vuelta de la primera sesi\u00f3n tuve la sensaci\u00f3n, por primera vez en veinte a\u00f1os de carrera, y nueve discos de estudio, que hab\u00edamos grabado una mierda de disco. A la vuelta de la segunda sesi\u00f3n, con el disco ya terminado, pens\u00e9 que era el mejor que hemos hecho\u2026","rel":"","context":"In &quot;Interview&quot;","block_context":{"text":"Interview","link":"https:\/\/errr-magazine.com\/english\/category\/interviews\/"},"img":{"alt_text":"","src":"https:\/\/i0.wp.com\/errr-magazine.com\/wp-content\/uploads\/2022\/07\/edit-mishima.jpeg?resize=350%2C200&ssl=1","width":350,"height":200,"srcset":"https:\/\/i0.wp.com\/errr-magazine.com\/wp-content\/uploads\/2022\/07\/edit-mishima.jpeg?resize=350%2C200&ssl=1 1x, https:\/\/i0.wp.com\/errr-magazine.com\/wp-content\/uploads\/2022\/07\/edit-mishima.jpeg?resize=525%2C300&ssl=1 1.5x, https:\/\/i0.wp.com\/errr-magazine.com\/wp-content\/uploads\/2022\/07\/edit-mishima.jpeg?resize=700%2C400&ssl=1 2x, https:\/\/i0.wp.com\/errr-magazine.com\/wp-content\/uploads\/2022\/07\/edit-mishima.jpeg?resize=1050%2C600&ssl=1 3x, https:\/\/i0.wp.com\/errr-magazine.com\/wp-content\/uploads\/2022\/07\/edit-mishima.jpeg?resize=1400%2C800&ssl=1 4x"},"classes":[]},{"id":178911,"url":"https:\/\/errr-magazine.com\/english\/13\/","url_meta":{"origin":183860,"position":3},"title":"13","author":"Neptuna","date":"07\/20\/2022","format":false,"excerpt":"Hubo un suceso que fue la inspiraci\u00f3n principal de esa canci\u00f3n, Ana, la bajista ten\u00eda un gato llamado 13 al que mataron entre cuatro perros y fue en el momento en que est\u00e1bamos en el proceso de composici\u00f3n entonces sirvi\u00f3 como catarsis de esta p\u00e9rdida...","rel":"","context":"In &quot;Interview&quot;","block_context":{"text":"Interview","link":"https:\/\/errr-magazine.com\/english\/category\/interviews\/"},"img":{"alt_text":"","src":"https:\/\/i0.wp.com\/errr-magazine.com\/wp-content\/uploads\/2022\/07\/edit-eptuna.jpg?resize=350%2C200&ssl=1","width":350,"height":200,"srcset":"https:\/\/i0.wp.com\/errr-magazine.com\/wp-content\/uploads\/2022\/07\/edit-eptuna.jpg?resize=350%2C200&ssl=1 1x, https:\/\/i0.wp.com\/errr-magazine.com\/wp-content\/uploads\/2022\/07\/edit-eptuna.jpg?resize=525%2C300&ssl=1 1.5x, https:\/\/i0.wp.com\/errr-magazine.com\/wp-content\/uploads\/2022\/07\/edit-eptuna.jpg?resize=700%2C400&ssl=1 2x, https:\/\/i0.wp.com\/errr-magazine.com\/wp-content\/uploads\/2022\/07\/edit-eptuna.jpg?resize=1050%2C600&ssl=1 3x, https:\/\/i0.wp.com\/errr-magazine.com\/wp-content\/uploads\/2022\/07\/edit-eptuna.jpg?resize=1400%2C800&ssl=1 4x"},"classes":[]},{"id":178258,"url":"https:\/\/errr-magazine.com\/english\/otra-derrota\/","url_meta":{"origin":183860,"position":4},"title":"Another Defeat","author":"Srta. Trueno Negro","date":"06\/11\/2022","format":false,"excerpt":"Ya de por s\u00ed el proceso de grabaci\u00f3n fue extra\u00f1o por c\u00f3mo se di\u00f3, en pocas sesiones de juntarnos con Jordan grabamos las cuatro canciones y la verdad estuvimos m\u00e1s tiempo fumando porro que tocando las canciones...","rel":"","context":"In &quot;Interview&quot;","block_context":{"text":"Interview","link":"https:\/\/errr-magazine.com\/english\/category\/interviews\/"},"img":{"alt_text":"","src":"https:\/\/i0.wp.com\/errr-magazine.com\/wp-content\/uploads\/2022\/06\/srta-trueno.jpg?resize=350%2C200&ssl=1","width":350,"height":200,"srcset":"https:\/\/i0.wp.com\/errr-magazine.com\/wp-content\/uploads\/2022\/06\/srta-trueno.jpg?resize=350%2C200&ssl=1 1x, https:\/\/i0.wp.com\/errr-magazine.com\/wp-content\/uploads\/2022\/06\/srta-trueno.jpg?resize=525%2C300&ssl=1 1.5x, https:\/\/i0.wp.com\/errr-magazine.com\/wp-content\/uploads\/2022\/06\/srta-trueno.jpg?resize=700%2C400&ssl=1 2x"},"classes":[]},{"id":178901,"url":"https:\/\/errr-magazine.com\/english\/montreal\/","url_meta":{"origin":183860,"position":5},"title":"Montreal","author":"McEnroe","date":"07\/22\/2022","format":false,"excerpt":"Es una canci\u00f3n antigua, de nuestro primer disco. La compuse yo hace m\u00e1s de veinte a\u00f1os. En Montreal se celebraron los mundiales de nataci\u00f3n durante aquella \u00e9poca. En esta nueva versi\u00f3n ha participado todo el grupo incluido Jaime Limousin que es quien ha llevado todo el peso...","rel":"","context":"In &quot;Interview&quot;","block_context":{"text":"Interview","link":"https:\/\/errr-magazine.com\/english\/category\/interviews\/"},"img":{"alt_text":"","src":"https:\/\/i0.wp.com\/errr-magazine.com\/wp-content\/uploads\/2022\/06\/asdf.jpg?resize=350%2C200&ssl=1","width":350,"height":200,"srcset":"https:\/\/i0.wp.com\/errr-magazine.com\/wp-content\/uploads\/2022\/06\/asdf.jpg?resize=350%2C200&ssl=1 1x, https:\/\/i0.wp.com\/errr-magazine.com\/wp-content\/uploads\/2022\/06\/asdf.jpg?resize=525%2C300&ssl=1 1.5x, https:\/\/i0.wp.com\/errr-magazine.com\/wp-content\/uploads\/2022\/06\/asdf.jpg?resize=700%2C400&ssl=1 2x, https:\/\/i0.wp.com\/errr-magazine.com\/wp-content\/uploads\/2022\/06\/asdf.jpg?resize=1050%2C600&ssl=1 3x, https:\/\/i0.wp.com\/errr-magazine.com\/wp-content\/uploads\/2022\/06\/asdf.jpg?resize=1400%2C800&ssl=1 4x"},"classes":[]}],"jetpack_sharing_enabled":true,"mfb_rest_fields":["title","yoast_head","yoast_head_json","jetpack_featured_media_url","jetpack-related-posts","jetpack_sharing_enabled"],"_links":{"self":[{"href":"https:\/\/errr-magazine.com\/english\/wp-json\/wp\/v2\/posts\/183860","targetHints":{"allow":["GET"]}}],"collection":[{"href":"https:\/\/errr-magazine.com\/english\/wp-json\/wp\/v2\/posts"}],"about":[{"href":"https:\/\/errr-magazine.com\/english\/wp-json\/wp\/v2\/types\/post"}],"author":[{"embeddable":true,"href":"https:\/\/errr-magazine.com\/english\/wp-json\/wp\/v2\/users\/7655"}],"replies":[{"embeddable":true,"href":"https:\/\/errr-magazine.com\/english\/wp-json\/wp\/v2\/comments?post=183860"}],"version-history":[{"count":1,"href":"https:\/\/errr-magazine.com\/english\/wp-json\/wp\/v2\/posts\/183860\/revisions"}],"predecessor-version":[{"id":183861,"href":"https:\/\/errr-magazine.com\/english\/wp-json\/wp\/v2\/posts\/183860\/revisions\/183861"}],"wp:featuredmedia":[{"embeddable":true,"href":"https:\/\/errr-magazine.com\/english\/wp-json\/wp\/v2\/media\/183859"}],"wp:attachment":[{"href":"https:\/\/errr-magazine.com\/english\/wp-json\/wp\/v2\/media?parent=183860"}],"wp:term":[{"taxonomy":"category","embeddable":true,"href":"https:\/\/errr-magazine.com\/english\/wp-json\/wp\/v2\/categories?post=183860"},{"taxonomy":"post_tag","embeddable":true,"href":"https:\/\/errr-magazine.com\/english\/wp-json\/wp\/v2\/tags?post=183860"}],"curies":[{"name":"wp","href":"https:\/\/api.w.org\/{rel}","templated":true}]}}