{"id":183844,"date":"2023-04-02T22:31:34","date_gmt":"2023-04-03T03:31:34","guid":{"rendered":"https:\/\/errr-magazine.com\/?p=183844"},"modified":"2025-08-15T10:59:55","modified_gmt":"2025-08-15T16:59:55","slug":"colombia-86","status":"publish","type":"post","link":"https:\/\/errr-magazine.com\/english\/colombia-86\/","title":{"rendered":"Colombia 86\u2019"},"content":{"rendered":"<p><strong>\u00bfCu\u00e1l es el origen de la canci\u00f3n?<\/strong><br \/>\nUno de mis amigos andaba con una chica, pero al final solo quedaron como un \u201ccasi algo\u201d y yo le escrib\u00ed esa canci\u00f3n a mi amigo en forma de \u201cburla\u201d o \u201cmufa\u201d porque nos llevamos muy pesado.<\/p>\n<p><strong>\u00bfC\u00f3mo fue la sesi\u00f3n de grabaci\u00f3n?<\/strong><br \/>\nFue divertida, nos la pasamos tirando mentadas y remates, aunque fue muy tardada, casi siete meses para completar esta canci\u00f3n, de mis favoritas. Quisimos dar lo mejor de cada uno del equipo, para m\u00ed es mi mejor canci\u00f3n hasta el momento.<\/p>\n<p><strong>\u00bfCu\u00e1les fueron las referencias, influencias o inspiraciones musicales?<\/strong><br \/>\nLos Blenders, Bratty y Berlinos.<\/p>\n<p><iframe style=\"border-radius: 12px;\" data-src=\"https:\/\/open.spotify.com\/embed\/track\/3NXOaYvOXVDZUqovkGMEi1?utm_source=generator\" width=\"100%\" height=\"152\" frameborder=\"0\" allowfullscreen=\"allowfullscreen\" src=\"data:image\/svg+xml;base64,PHN2ZyB3aWR0aD0iMSIgaGVpZ2h0PSIxIiB4bWxucz0iaHR0cDovL3d3dy53My5vcmcvMjAwMC9zdmciPjwvc3ZnPg==\" class=\"lazyload\" data-load-mode=\"1\"><\/iframe><\/p>\n<p><strong>\u00bfQu\u00e9 es lo que m\u00e1s te gusta de la canci\u00f3n y por qu\u00e9?<\/strong><br \/>\nMe gusta mucho los arreglos de guitarra y el bajo, pero en especial la letra, porque la escrib\u00ed en un momento muy especial de mi corta vida.<\/p>\n<p><strong>\u00bfQu\u00e9 fue lo m\u00e1s disfrutable del proceso de escritura, producci\u00f3n y grabaci\u00f3n?<\/strong><br \/>\nDisfrut\u00e9 hacer enojar a mi amigo, al principio no le gustaba la canci\u00f3n, pero al final le termin\u00f3 gustando demasiado, lo bonito era cantarla y que \u00e9l se riera o se enojara.<\/p>\n<p><strong>\u00bfCu\u00e1l fue la parte m\u00e1s dif\u00edcil del proceso y c\u00f3mo se super\u00f3?<\/strong><br \/>\nEl bloqueo y la procrastinaci\u00f3n, me cuesta mucho no auto-sabotearme, y me cost\u00f3 mucho no sobre-pensar la canci\u00f3n.<\/p>\n<p><strong>Si hubieras podido invitar a cualquier otra persona a colaborar, \u00bfqui\u00e9n hubiera sido y por qu\u00e9?<\/strong><br \/>\nA Archundia de Los Blenders.<\/p>\n<p><strong>\u00bfCu\u00e1l es el mayor reto para presentar esta canci\u00f3n en vivo y c\u00f3mo se ha resuelto?<\/strong><br \/>\nEl mayor reto es no re\u00edrme, esta canci\u00f3n aun me hace recordar ese mame, y me es dif\u00edcil no re\u00edrme al cantarla.<\/p>\n<p><strong>Recomi\u00e9ndanos alguna canci\u00f3n que hayas escuchado ultimamente.<\/strong><br \/>\nT\u00edpico de Aries &#8211; Berlinos<\/p>","protected":false},"excerpt":{"rendered":"<p>Es una de la canciones mas especiales que tengo, porque representa ese brillo que hay entre amigos, ese momento que sientes para alegrar la vida, te da esa energ\u00eda para iniciar todas las ma\u00f1anas&#8230;<\/p>","protected":false},"author":7650,"featured_media":183843,"comment_status":"closed","ping_status":"closed","sticky":false,"template":"","format":"standard","meta":{"_acf_changed":false,"cybocfi_hide_featured_image":"","_jetpack_memberships_contains_paid_content":false,"footnotes":""},"categories":[17849],"tags":[],"class_list":["post-183844","post","type-post","status-publish","format-standard","has-post-thumbnail","hentry","category-interviews"],"acf":[],"mb":[],"yoast_head":"<!-- This site is optimized with the Yoast SEO plugin v27.2 - https:\/\/yoast.com\/product\/yoast-seo-wordpress\/ -->\n<title>Colombia 86\u2019 - ERRR MAGAZINE<\/title>\n<meta name=\"robots\" content=\"index, follow, max-snippet:-1, max-image-preview:large, max-video-preview:-1\" \/>\n<link rel=\"canonical\" href=\"https:\/\/errr-magazine.com\/english\/colombia-86\/\" \/>\n<meta property=\"og:locale\" content=\"en_US\" \/>\n<meta property=\"og:type\" content=\"article\" \/>\n<meta property=\"og:title\" content=\"Colombia 86\u2019 - ERRR MAGAZINE\" \/>\n<meta property=\"og:description\" content=\"Es una de la canciones mas especiales que tengo, porque representa ese brillo que hay entre amigos, ese momento que sientes para alegrar la vida, te da esa energ\u00eda para iniciar todas las ma\u00f1anas...\" \/>\n<meta property=\"og:url\" content=\"https:\/\/errr-magazine.com\/english\/colombia-86\/\" \/>\n<meta property=\"og:site_name\" content=\"ERRR MAGAZINE\" \/>\n<meta property=\"article:published_time\" content=\"2023-04-03T03:31:34+00:00\" \/>\n<meta property=\"article:modified_time\" content=\"2025-08-15T16:59:55+00:00\" \/>\n<meta property=\"og:image\" content=\"https:\/\/errr-magazine.com\/wp-content\/uploads\/2023\/04\/3-scaled.jpeg\" \/>\n\t<meta property=\"og:image:width\" content=\"2560\" \/>\n\t<meta property=\"og:image:height\" content=\"1705\" \/>\n\t<meta property=\"og:image:type\" content=\"image\/jpeg\" \/>\n<meta name=\"author\" content=\"Ara de la Luna\" \/>\n<meta name=\"twitter:card\" content=\"summary_large_image\" \/>\n<meta name=\"twitter:label1\" content=\"Written by\" \/>\n\t<meta name=\"twitter:data1\" content=\"Ara de la Luna\" \/>\n\t<meta name=\"twitter:label2\" content=\"Est. reading time\" \/>\n\t<meta name=\"twitter:data2\" content=\"2 minutes\" \/>\n<script type=\"application\/ld+json\" class=\"yoast-schema-graph\">{\"@context\":\"https:\/\/schema.org\",\"@graph\":[{\"@type\":\"Article\",\"@id\":\"https:\/\/errr-magazine.com\/colombia-86\/#article\",\"isPartOf\":{\"@id\":\"https:\/\/errr-magazine.com\/colombia-86\/\"},\"author\":{\"name\":\"Ara de la Luna\",\"@id\":\"https:\/\/errr-magazine.com\/#\/schema\/person\/4e2f9ed4c9b8743f7c99b1831d47fd91\"},\"headline\":\"Colombia 86\u2019\",\"datePublished\":\"2023-04-03T03:31:34+00:00\",\"dateModified\":\"2025-08-15T16:59:55+00:00\",\"mainEntityOfPage\":{\"@id\":\"https:\/\/errr-magazine.com\/colombia-86\/\"},\"wordCount\":322,\"image\":{\"@id\":\"https:\/\/errr-magazine.com\/colombia-86\/#primaryimage\"},\"thumbnailUrl\":\"https:\/\/errr-magazine.com\/wp-content\/uploads\/2023\/04\/3-scaled.jpeg\",\"articleSection\":[\"Interview\"],\"inLanguage\":\"en-US\"},{\"@type\":\"WebPage\",\"@id\":\"https:\/\/errr-magazine.com\/colombia-86\/\",\"url\":\"https:\/\/errr-magazine.com\/colombia-86\/\",\"name\":\"Colombia 86\u2019 - ERRR MAGAZINE\",\"isPartOf\":{\"@id\":\"https:\/\/errr-magazine.com\/#website\"},\"primaryImageOfPage\":{\"@id\":\"https:\/\/errr-magazine.com\/colombia-86\/#primaryimage\"},\"image\":{\"@id\":\"https:\/\/errr-magazine.com\/colombia-86\/#primaryimage\"},\"thumbnailUrl\":\"https:\/\/errr-magazine.com\/wp-content\/uploads\/2023\/04\/3-scaled.jpeg\",\"datePublished\":\"2023-04-03T03:31:34+00:00\",\"dateModified\":\"2025-08-15T16:59:55+00:00\",\"author\":{\"@id\":\"https:\/\/errr-magazine.com\/#\/schema\/person\/4e2f9ed4c9b8743f7c99b1831d47fd91\"},\"breadcrumb\":{\"@id\":\"https:\/\/errr-magazine.com\/colombia-86\/#breadcrumb\"},\"inLanguage\":\"en-US\",\"potentialAction\":[{\"@type\":\"ReadAction\",\"target\":[\"https:\/\/errr-magazine.com\/colombia-86\/\"]}]},{\"@type\":\"ImageObject\",\"inLanguage\":\"en-US\",\"@id\":\"https:\/\/errr-magazine.com\/colombia-86\/#primaryimage\",\"url\":\"https:\/\/errr-magazine.com\/wp-content\/uploads\/2023\/04\/3-scaled.jpeg\",\"contentUrl\":\"https:\/\/errr-magazine.com\/wp-content\/uploads\/2023\/04\/3-scaled.jpeg\",\"width\":2560,\"height\":1705,\"caption\":\"Fotograf\u00eda por Jaziel.wav\"},{\"@type\":\"BreadcrumbList\",\"@id\":\"https:\/\/errr-magazine.com\/colombia-86\/#breadcrumb\",\"itemListElement\":[{\"@type\":\"ListItem\",\"position\":1,\"name\":\"Portada\",\"item\":\"https:\/\/errr-magazine.com\/\"},{\"@type\":\"ListItem\",\"position\":2,\"name\":\"Colombia 86\u2019\"}]},{\"@type\":\"WebSite\",\"@id\":\"https:\/\/errr-magazine.com\/#website\",\"url\":\"https:\/\/errr-magazine.com\/\",\"name\":\"ERRR MAGAZINE\",\"description\":\"\",\"potentialAction\":[{\"@type\":\"SearchAction\",\"target\":{\"@type\":\"EntryPoint\",\"urlTemplate\":\"https:\/\/errr-magazine.com\/?s={search_term_string}\"},\"query-input\":{\"@type\":\"PropertyValueSpecification\",\"valueRequired\":true,\"valueName\":\"search_term_string\"}}],\"inLanguage\":\"en-US\"},{\"@type\":\"Person\",\"@id\":\"https:\/\/errr-magazine.com\/#\/schema\/person\/4e2f9ed4c9b8743f7c99b1831d47fd91\",\"name\":\"Ara de la Luna\",\"image\":{\"@type\":\"ImageObject\",\"inLanguage\":\"en-US\",\"@id\":\"https:\/\/secure.gravatar.com\/avatar\/a29f8e47ed7c069b74685616ac7257bb2a4b9026c8131504e25e84fd58892982?s=96&d=identicon&r=g\",\"url\":\"https:\/\/secure.gravatar.com\/avatar\/a29f8e47ed7c069b74685616ac7257bb2a4b9026c8131504e25e84fd58892982?s=96&d=identicon&r=g\",\"contentUrl\":\"https:\/\/secure.gravatar.com\/avatar\/a29f8e47ed7c069b74685616ac7257bb2a4b9026c8131504e25e84fd58892982?s=96&d=identicon&r=g\",\"caption\":\"Ara de la Luna\"},\"description\":\"Ara de la Luna es el proyecto solista del guitarrista Aramis Rojo, de 18 a\u00f1os, originario de Pachuca, Hidalgo.\",\"sameAs\":[\"https:\/\/linktr.ee\/aradelaluna\"],\"url\":\"https:\/\/errr-magazine.com\/english\/author\/ara-de-la-luna\/\"}]}<\/script>\n<!-- \/ Yoast SEO plugin. -->","yoast_head_json":{"title":"Colombia 86\u2019 - ERRR MAGAZINE","robots":{"index":"index","follow":"follow","max-snippet":"max-snippet:-1","max-image-preview":"max-image-preview:large","max-video-preview":"max-video-preview:-1"},"canonical":"https:\/\/errr-magazine.com\/english\/colombia-86\/","og_locale":"en_US","og_type":"article","og_title":"Colombia 86\u2019 - ERRR MAGAZINE","og_description":"Es una de la canciones mas especiales que tengo, porque representa ese brillo que hay entre amigos, ese momento que sientes para alegrar la vida, te da esa energ\u00eda para iniciar todas las ma\u00f1anas...","og_url":"https:\/\/errr-magazine.com\/english\/colombia-86\/","og_site_name":"ERRR MAGAZINE","article_published_time":"2023-04-03T03:31:34+00:00","article_modified_time":"2025-08-15T16:59:55+00:00","og_image":[{"width":2560,"height":1705,"url":"https:\/\/errr-magazine.com\/wp-content\/uploads\/2023\/04\/3-scaled.jpeg","type":"image\/jpeg"}],"author":"Ara de la Luna","twitter_card":"summary_large_image","twitter_misc":{"Written by":"Ara de la Luna","Est. reading time":"2 minutes"},"schema":{"@context":"https:\/\/schema.org","@graph":[{"@type":"Article","@id":"https:\/\/errr-magazine.com\/colombia-86\/#article","isPartOf":{"@id":"https:\/\/errr-magazine.com\/colombia-86\/"},"author":{"name":"Ara de la Luna","@id":"https:\/\/errr-magazine.com\/#\/schema\/person\/4e2f9ed4c9b8743f7c99b1831d47fd91"},"headline":"Colombia 86\u2019","datePublished":"2023-04-03T03:31:34+00:00","dateModified":"2025-08-15T16:59:55+00:00","mainEntityOfPage":{"@id":"https:\/\/errr-magazine.com\/colombia-86\/"},"wordCount":322,"image":{"@id":"https:\/\/errr-magazine.com\/colombia-86\/#primaryimage"},"thumbnailUrl":"https:\/\/errr-magazine.com\/wp-content\/uploads\/2023\/04\/3-scaled.jpeg","articleSection":["Interview"],"inLanguage":"en-US"},{"@type":"WebPage","@id":"https:\/\/errr-magazine.com\/colombia-86\/","url":"https:\/\/errr-magazine.com\/colombia-86\/","name":"Colombia 86\u2019 - ERRR MAGAZINE","isPartOf":{"@id":"https:\/\/errr-magazine.com\/#website"},"primaryImageOfPage":{"@id":"https:\/\/errr-magazine.com\/colombia-86\/#primaryimage"},"image":{"@id":"https:\/\/errr-magazine.com\/colombia-86\/#primaryimage"},"thumbnailUrl":"https:\/\/errr-magazine.com\/wp-content\/uploads\/2023\/04\/3-scaled.jpeg","datePublished":"2023-04-03T03:31:34+00:00","dateModified":"2025-08-15T16:59:55+00:00","author":{"@id":"https:\/\/errr-magazine.com\/#\/schema\/person\/4e2f9ed4c9b8743f7c99b1831d47fd91"},"breadcrumb":{"@id":"https:\/\/errr-magazine.com\/colombia-86\/#breadcrumb"},"inLanguage":"en-US","potentialAction":[{"@type":"ReadAction","target":["https:\/\/errr-magazine.com\/colombia-86\/"]}]},{"@type":"ImageObject","inLanguage":"en-US","@id":"https:\/\/errr-magazine.com\/colombia-86\/#primaryimage","url":"https:\/\/errr-magazine.com\/wp-content\/uploads\/2023\/04\/3-scaled.jpeg","contentUrl":"https:\/\/errr-magazine.com\/wp-content\/uploads\/2023\/04\/3-scaled.jpeg","width":2560,"height":1705,"caption":"Fotograf\u00eda por Jaziel.wav"},{"@type":"BreadcrumbList","@id":"https:\/\/errr-magazine.com\/colombia-86\/#breadcrumb","itemListElement":[{"@type":"ListItem","position":1,"name":"Portada","item":"https:\/\/errr-magazine.com\/"},{"@type":"ListItem","position":2,"name":"Colombia 86\u2019"}]},{"@type":"WebSite","@id":"https:\/\/errr-magazine.com\/#website","url":"https:\/\/errr-magazine.com\/","name":"ERRR MAGAZINE","description":"","potentialAction":[{"@type":"SearchAction","target":{"@type":"EntryPoint","urlTemplate":"https:\/\/errr-magazine.com\/?s={search_term_string}"},"query-input":{"@type":"PropertyValueSpecification","valueRequired":true,"valueName":"search_term_string"}}],"inLanguage":"en-US"},{"@type":"Person","@id":"https:\/\/errr-magazine.com\/#\/schema\/person\/4e2f9ed4c9b8743f7c99b1831d47fd91","name":"Ara de la Luna","image":{"@type":"ImageObject","inLanguage":"en-US","@id":"https:\/\/secure.gravatar.com\/avatar\/a29f8e47ed7c069b74685616ac7257bb2a4b9026c8131504e25e84fd58892982?s=96&d=identicon&r=g","url":"https:\/\/secure.gravatar.com\/avatar\/a29f8e47ed7c069b74685616ac7257bb2a4b9026c8131504e25e84fd58892982?s=96&d=identicon&r=g","contentUrl":"https:\/\/secure.gravatar.com\/avatar\/a29f8e47ed7c069b74685616ac7257bb2a4b9026c8131504e25e84fd58892982?s=96&d=identicon&r=g","caption":"Ara de la Luna"},"description":"Ara de la Luna es el proyecto solista del guitarrista Aramis Rojo, de 18 a\u00f1os, originario de Pachuca, Hidalgo.","sameAs":["https:\/\/linktr.ee\/aradelaluna"],"url":"https:\/\/errr-magazine.com\/english\/author\/ara-de-la-luna\/"}]}},"jetpack_featured_media_url":"https:\/\/errr-magazine.com\/wp-content\/uploads\/2023\/04\/3-scaled.jpeg","jetpack-related-posts":[{"id":200441,"url":"https:\/\/errr-magazine.com\/english\/para-aleph\/","url_meta":{"origin":183844,"position":0},"title":"Para Aleph","author":"Fuensanta","date":"02\/17\/2026","format":false,"excerpt":"It's an intimate experience where each artist's first song is played while wearing blindfolds, inviting you to connect from a different perspective, without distractions, solely through listening. Plus, there's always a surprise artist who is revealed on the day of the event.","rel":"","context":"In &quot;M\u00fasica&quot;","block_context":{"text":"M\u00fasica","link":"https:\/\/errr-magazine.com\/english\/category\/interviews\/musica\/"},"img":{"alt_text":"","src":"https:\/\/i0.wp.com\/errr-magazine.com\/wp-content\/uploads\/2026\/02\/Felipe-Pipi2.jpg?resize=350%2C200&ssl=1","width":350,"height":200,"srcset":"https:\/\/i0.wp.com\/errr-magazine.com\/wp-content\/uploads\/2026\/02\/Felipe-Pipi2.jpg?resize=350%2C200&ssl=1 1x, https:\/\/i0.wp.com\/errr-magazine.com\/wp-content\/uploads\/2026\/02\/Felipe-Pipi2.jpg?resize=525%2C300&ssl=1 1.5x, https:\/\/i0.wp.com\/errr-magazine.com\/wp-content\/uploads\/2026\/02\/Felipe-Pipi2.jpg?resize=700%2C400&ssl=1 2x, https:\/\/i0.wp.com\/errr-magazine.com\/wp-content\/uploads\/2026\/02\/Felipe-Pipi2.jpg?resize=1050%2C600&ssl=1 3x, https:\/\/i0.wp.com\/errr-magazine.com\/wp-content\/uploads\/2026\/02\/Felipe-Pipi2.jpg?resize=1400%2C800&ssl=1 4x"},"classes":[]},{"id":200428,"url":"https:\/\/errr-magazine.com\/english\/metamorfosis-ambulante\/","url_meta":{"origin":183844,"position":1},"title":"Walking Metamorphosis","author":"Gian Maitelli","date":"02\/21\/2026","format":false,"excerpt":"Life is long and has so much to offer to stay the same. As Brazilian musician Raul Seixas wrote in one of his classic tunes: \u201cI\u2019d rather be this walking metamorphosis, than have the same old opinion about everything.\u201d","rel":"","context":"In &quot;Personas&quot;","block_context":{"text":"Personas","link":"https:\/\/errr-magazine.com\/english\/category\/interviews\/personas\/"},"img":{"alt_text":"","src":"https:\/\/i0.wp.com\/errr-magazine.com\/wp-content\/uploads\/2026\/02\/000022930007-scaled.jpg?resize=350%2C200&ssl=1","width":350,"height":200,"srcset":"https:\/\/i0.wp.com\/errr-magazine.com\/wp-content\/uploads\/2026\/02\/000022930007-scaled.jpg?resize=350%2C200&ssl=1 1x, https:\/\/i0.wp.com\/errr-magazine.com\/wp-content\/uploads\/2026\/02\/000022930007-scaled.jpg?resize=525%2C300&ssl=1 1.5x, https:\/\/i0.wp.com\/errr-magazine.com\/wp-content\/uploads\/2026\/02\/000022930007-scaled.jpg?resize=700%2C400&ssl=1 2x, https:\/\/i0.wp.com\/errr-magazine.com\/wp-content\/uploads\/2026\/02\/000022930007-scaled.jpg?resize=1050%2C600&ssl=1 3x, https:\/\/i0.wp.com\/errr-magazine.com\/wp-content\/uploads\/2026\/02\/000022930007-scaled.jpg?resize=1400%2C800&ssl=1 4x"},"classes":[]},{"id":202534,"url":"https:\/\/errr-magazine.com\/english\/201-2\/","url_meta":{"origin":183844,"position":2},"title":"201","author":"Repion","date":"03\/18\/2026","format":false,"excerpt":"Unlike other albums, this one deals with topics that still hurt or worry us. The process was very fast, and the album reflects our lives, which never stop and are always changing. The songs are like that too.","rel":"","context":"In &quot;M\u00fasica&quot;","block_context":{"text":"M\u00fasica","link":"https:\/\/errr-magazine.com\/english\/category\/interviews\/musica\/"},"img":{"alt_text":"","src":"https:\/\/i0.wp.com\/errr-magazine.com\/wp-content\/uploads\/2026\/03\/Repion_Paz-Vallejo_04-scaled.jpg?resize=350%2C200&ssl=1","width":350,"height":200,"srcset":"https:\/\/i0.wp.com\/errr-magazine.com\/wp-content\/uploads\/2026\/03\/Repion_Paz-Vallejo_04-scaled.jpg?resize=350%2C200&ssl=1 1x, https:\/\/i0.wp.com\/errr-magazine.com\/wp-content\/uploads\/2026\/03\/Repion_Paz-Vallejo_04-scaled.jpg?resize=525%2C300&ssl=1 1.5x, https:\/\/i0.wp.com\/errr-magazine.com\/wp-content\/uploads\/2026\/03\/Repion_Paz-Vallejo_04-scaled.jpg?resize=700%2C400&ssl=1 2x, https:\/\/i0.wp.com\/errr-magazine.com\/wp-content\/uploads\/2026\/03\/Repion_Paz-Vallejo_04-scaled.jpg?resize=1050%2C600&ssl=1 3x, https:\/\/i0.wp.com\/errr-magazine.com\/wp-content\/uploads\/2026\/03\/Repion_Paz-Vallejo_04-scaled.jpg?resize=1400%2C800&ssl=1 4x"},"classes":[]},{"id":202669,"url":"https:\/\/errr-magazine.com\/english\/sami\/","url_meta":{"origin":183844,"position":3},"title":"SAMI","author":"Flor y Trol","date":"03\/20\/2026","format":false,"excerpt":"In general, since I produce and create every detail myself, I\u2019ve gotten used to not depending creatively on anyone. It\u2019s something that\u2019s hard for me to let go of, but I\u2019m learning little by little.","rel":"","context":"In &quot;M\u00fasica&quot;","block_context":{"text":"M\u00fasica","link":"https:\/\/errr-magazine.com\/english\/category\/interviews\/musica\/"},"img":{"alt_text":"","src":"https:\/\/i0.wp.com\/errr-magazine.com\/wp-content\/uploads\/2026\/03\/IMG_0007.jpeg?resize=350%2C200&ssl=1","width":350,"height":200,"srcset":"https:\/\/i0.wp.com\/errr-magazine.com\/wp-content\/uploads\/2026\/03\/IMG_0007.jpeg?resize=350%2C200&ssl=1 1x, https:\/\/i0.wp.com\/errr-magazine.com\/wp-content\/uploads\/2026\/03\/IMG_0007.jpeg?resize=525%2C300&ssl=1 1.5x, https:\/\/i0.wp.com\/errr-magazine.com\/wp-content\/uploads\/2026\/03\/IMG_0007.jpeg?resize=700%2C400&ssl=1 2x, https:\/\/i0.wp.com\/errr-magazine.com\/wp-content\/uploads\/2026\/03\/IMG_0007.jpeg?resize=1050%2C600&ssl=1 3x, https:\/\/i0.wp.com\/errr-magazine.com\/wp-content\/uploads\/2026\/03\/IMG_0007.jpeg?resize=1400%2C800&ssl=1 4x"},"classes":[]},{"id":202688,"url":"https:\/\/errr-magazine.com\/english\/unbloom-el-regreso-de-gretel-hanlyn-a-la-escena-musical\/","url_meta":{"origin":183844,"position":4},"title":"Unbloom: Gretel H\u00e4nlyn\u2019s Return to the Music Scene","author":"Cecilia Gabriela Vel\u00e1zquez","date":"03\/19\/2026","format":false,"excerpt":"The artist invites us into her unblooming, untidy garden to embrace our flaws and our nature: to love lazy days, unclean looks, and sleepless nights.","rel":"","context":"In &quot;Rese\u00f1as&quot;","block_context":{"text":"Rese\u00f1as","link":"https:\/\/errr-magazine.com\/english\/category\/writing\/resenas\/"},"img":{"alt_text":"","src":"https:\/\/i0.wp.com\/errr-magazine.com\/wp-content\/uploads\/2026\/03\/1-1-3-rotated.jpg?resize=350%2C200&ssl=1","width":350,"height":200,"srcset":"https:\/\/i0.wp.com\/errr-magazine.com\/wp-content\/uploads\/2026\/03\/1-1-3-rotated.jpg?resize=350%2C200&ssl=1 1x, https:\/\/i0.wp.com\/errr-magazine.com\/wp-content\/uploads\/2026\/03\/1-1-3-rotated.jpg?resize=525%2C300&ssl=1 1.5x, https:\/\/i0.wp.com\/errr-magazine.com\/wp-content\/uploads\/2026\/03\/1-1-3-rotated.jpg?resize=700%2C400&ssl=1 2x, https:\/\/i0.wp.com\/errr-magazine.com\/wp-content\/uploads\/2026\/03\/1-1-3-rotated.jpg?resize=1050%2C600&ssl=1 3x, https:\/\/i0.wp.com\/errr-magazine.com\/wp-content\/uploads\/2026\/03\/1-1-3-rotated.jpg?resize=1400%2C800&ssl=1 4x"},"classes":[]},{"id":202475,"url":"https:\/\/errr-magazine.com\/english\/aniversari-felic\/","url_meta":{"origin":183844,"position":5},"title":"Aniversari feli\u00e7","author":"Ferran Palau","date":"03\/16\/2026","format":false,"excerpt":"The entire recording flowed as if every gesture we made had already been predetermined. I think it has been one of the most peaceful recordings of my life. Every stage of the album\u2014mixing, design, and videos\u2014felt completely natural.","rel":"","context":"In &quot;M\u00fasica&quot;","block_context":{"text":"M\u00fasica","link":"https:\/\/errr-magazine.com\/english\/category\/interviews\/musica\/"},"img":{"alt_text":"","src":"https:\/\/i0.wp.com\/errr-magazine.com\/wp-content\/uploads\/2026\/03\/Ferran-Palau-x-Louise-Sansom_esquena-scaled.jpg?resize=350%2C200&ssl=1","width":350,"height":200,"srcset":"https:\/\/i0.wp.com\/errr-magazine.com\/wp-content\/uploads\/2026\/03\/Ferran-Palau-x-Louise-Sansom_esquena-scaled.jpg?resize=350%2C200&ssl=1 1x, https:\/\/i0.wp.com\/errr-magazine.com\/wp-content\/uploads\/2026\/03\/Ferran-Palau-x-Louise-Sansom_esquena-scaled.jpg?resize=525%2C300&ssl=1 1.5x, https:\/\/i0.wp.com\/errr-magazine.com\/wp-content\/uploads\/2026\/03\/Ferran-Palau-x-Louise-Sansom_esquena-scaled.jpg?resize=700%2C400&ssl=1 2x, https:\/\/i0.wp.com\/errr-magazine.com\/wp-content\/uploads\/2026\/03\/Ferran-Palau-x-Louise-Sansom_esquena-scaled.jpg?resize=1050%2C600&ssl=1 3x, https:\/\/i0.wp.com\/errr-magazine.com\/wp-content\/uploads\/2026\/03\/Ferran-Palau-x-Louise-Sansom_esquena-scaled.jpg?resize=1400%2C800&ssl=1 4x"},"classes":[]}],"jetpack_sharing_enabled":true,"mfb_rest_fields":["title","yoast_head","yoast_head_json","jetpack_featured_media_url","jetpack-related-posts","jetpack_sharing_enabled"],"_links":{"self":[{"href":"https:\/\/errr-magazine.com\/english\/wp-json\/wp\/v2\/posts\/183844","targetHints":{"allow":["GET"]}}],"collection":[{"href":"https:\/\/errr-magazine.com\/english\/wp-json\/wp\/v2\/posts"}],"about":[{"href":"https:\/\/errr-magazine.com\/english\/wp-json\/wp\/v2\/types\/post"}],"author":[{"embeddable":true,"href":"https:\/\/errr-magazine.com\/english\/wp-json\/wp\/v2\/users\/7650"}],"replies":[{"embeddable":true,"href":"https:\/\/errr-magazine.com\/english\/wp-json\/wp\/v2\/comments?post=183844"}],"version-history":[{"count":1,"href":"https:\/\/errr-magazine.com\/english\/wp-json\/wp\/v2\/posts\/183844\/revisions"}],"predecessor-version":[{"id":183845,"href":"https:\/\/errr-magazine.com\/english\/wp-json\/wp\/v2\/posts\/183844\/revisions\/183845"}],"wp:featuredmedia":[{"embeddable":true,"href":"https:\/\/errr-magazine.com\/english\/wp-json\/wp\/v2\/media\/183843"}],"wp:attachment":[{"href":"https:\/\/errr-magazine.com\/english\/wp-json\/wp\/v2\/media?parent=183844"}],"wp:term":[{"taxonomy":"category","embeddable":true,"href":"https:\/\/errr-magazine.com\/english\/wp-json\/wp\/v2\/categories?post=183844"},{"taxonomy":"post_tag","embeddable":true,"href":"https:\/\/errr-magazine.com\/english\/wp-json\/wp\/v2\/tags?post=183844"}],"curies":[{"name":"wp","href":"https:\/\/api.w.org\/{rel}","templated":true}]}}