{"id":183830,"date":"2023-04-02T21:58:23","date_gmt":"2023-04-03T02:58:23","guid":{"rendered":"https:\/\/errr-magazine.com\/?p=183830"},"modified":"2025-08-15T10:59:55","modified_gmt":"2025-08-15T16:59:55","slug":"en-el-vagon","status":"publish","type":"post","link":"https:\/\/errr-magazine.com\/english\/en-el-vagon\/","title":{"rendered":"En El Vag\u00f3n"},"content":{"rendered":"<p><strong>\u00bfCu\u00e1l es el origen de la canci\u00f3n?<\/strong><br \/>\nDurante la pandemia del 2020, estuve haciendo y grabando versiones caseras de cl\u00e1sicos norteamericanos de los a\u00f1os cincuenta y sesenta pero traducidas al espa\u00f1ol argentino. Las grabaciones quedaron mejor de lo que esperaba, entonces decid\u00ed grabarlas en un estudio de mejor calidad y con mayor producci\u00f3n para que formen parte de un disco: \u201cEl Golpe Dorado\u201d. Como no quer\u00eda que fuesen solo covers, compuse algunos temas para el disco, tratando de que sigan el mismo estilo.<\/p>\n<p><strong>\u00bfC\u00f3mo fue la sesi\u00f3n de grabaci\u00f3n?<\/strong><br \/>\nLa grab\u00e9 en el estudio que tengo con mi hermano Felipe en Boedo. Se llama Resto del Mundo. La verdad es que es como grabar en mi casa. Est\u00e1 bueno no tener un l\u00edmite de tiempo, eso te permite probar un mont\u00f3n de cosas para la canci\u00f3n.<\/p>\n<p><strong>\u00bfCu\u00e1les fueron las referencias, influencias o inspiraciones musicales?<\/strong><br \/>\nLas influencias son todos estos artistas norteamericanos de los 50 y 60, como por ejemplo: Ricky Nelson, The Everly Brothers, The Cascades, Tom T. Hall, y m\u00e1s<\/p>\n<p><iframe style=\"border-radius: 12px;\" data-src=\"https:\/\/open.spotify.com\/embed\/track\/1GUetNIP3mjbHw1CVQTjLH?utm_source=generator\" width=\"100%\" height=\"152\" frameborder=\"0\" allowfullscreen=\"allowfullscreen\" src=\"data:image\/svg+xml;base64,PHN2ZyB3aWR0aD0iMSIgaGVpZ2h0PSIxIiB4bWxucz0iaHR0cDovL3d3dy53My5vcmcvMjAwMC9zdmciPjwvc3ZnPg==\" class=\"lazyload\" data-load-mode=\"1\"><\/iframe><\/p>\n<p><strong>\u00bfQu\u00e9 es lo que m\u00e1s te gusta de la canci\u00f3n y por qu\u00e9?<\/strong><br \/>\nLo que m\u00e1s me gusta es como qued\u00f3 la instrumentaci\u00f3n, una onda medio Beach Boys. Los arreglos que van apareciendo a medida que va avanzando el tema.<\/p>\n<p><strong>\u00bfQu\u00e9 fue lo m\u00e1s disfrutable del proceso de escritura, producci\u00f3n y grabaci\u00f3n?<\/strong><br \/>\nMe gust\u00f3 el desaf\u00edo de componer algo diferente a lo que suelo hacer para Bestia Beb\u00e9. Tratar de imitar el estilo de las canciones que version\u00e9 intentando hacer algo que tambi\u00e9n tenga un toque personal.<\/p>\n<p><strong>\u00bfCu\u00e1l fue la parte m\u00e1s dif\u00edcil del proceso creativo y c\u00f3mo se super\u00f3?<\/strong><br \/>\nTratar de acordar con mi hermano los horarios para grabar. La verdad que fue todo muy f\u00e1cil.<\/p>\n<p><strong>Si hubieras podido invitar a cualquier otra persona a colaborar, \u00bfqui\u00e9n hubiera sido y por qu\u00e9?<\/strong><br \/>\nA Tom T. Hall. Porque es un cantante de country incre\u00edble.<\/p>\n<p><strong>Recomi\u00e9ndanos alguna canci\u00f3n que hayas escuchado \u00faltimamente.<\/strong><br \/>\n&#8220;Middle Age Crazy&#8221; de Jerry Lee Lewis.<\/p>","protected":false},"excerpt":{"rendered":"<p>Durante la pandemia del 2020, estuve haciendo y grabando versiones caseras de cl\u00e1sicos norteamericanos de los a\u00f1os cincuenta y sesenta pero traducidas al espa\u00f1ol argentino&#8230;<\/p>","protected":false},"author":7646,"featured_media":183829,"comment_status":"closed","ping_status":"closed","sticky":false,"template":"","format":"standard","meta":{"_acf_changed":false,"cybocfi_hide_featured_image":"","_jetpack_memberships_contains_paid_content":false,"footnotes":""},"categories":[17849],"tags":[],"class_list":["post-183830","post","type-post","status-publish","format-standard","has-post-thumbnail","hentry","category-interviews"],"acf":[],"mb":[],"yoast_head":"<!-- This site is optimized with the Yoast SEO plugin v27.2 - https:\/\/yoast.com\/product\/yoast-seo-wordpress\/ -->\n<title>En El Vag\u00f3n - ERRR MAGAZINE<\/title>\n<meta name=\"robots\" content=\"index, follow, max-snippet:-1, max-image-preview:large, max-video-preview:-1\" \/>\n<link rel=\"canonical\" href=\"https:\/\/errr-magazine.com\/english\/en-el-vagon\/\" \/>\n<meta property=\"og:locale\" content=\"en_US\" \/>\n<meta property=\"og:type\" content=\"article\" \/>\n<meta property=\"og:title\" content=\"En El Vag\u00f3n - ERRR MAGAZINE\" \/>\n<meta property=\"og:description\" content=\"Durante la pandemia del 2020, estuve haciendo y grabando versiones caseras de cl\u00e1sicos norteamericanos de los a\u00f1os cincuenta y sesenta pero traducidas al espa\u00f1ol argentino...\" \/>\n<meta property=\"og:url\" content=\"https:\/\/errr-magazine.com\/english\/en-el-vagon\/\" \/>\n<meta property=\"og:site_name\" content=\"ERRR MAGAZINE\" \/>\n<meta property=\"article:published_time\" content=\"2023-04-03T02:58:23+00:00\" \/>\n<meta property=\"article:modified_time\" content=\"2025-08-15T16:59:55+00:00\" \/>\n<meta property=\"og:image\" content=\"https:\/\/errr-magazine.com\/wp-content\/uploads\/2023\/04\/IMG_3619-scaled.jpeg\" \/>\n\t<meta property=\"og:image:width\" content=\"1682\" \/>\n\t<meta property=\"og:image:height\" content=\"2560\" \/>\n\t<meta property=\"og:image:type\" content=\"image\/jpeg\" \/>\n<meta name=\"author\" content=\"Tom Quintans\" \/>\n<meta name=\"twitter:card\" content=\"summary_large_image\" \/>\n<meta name=\"twitter:label1\" content=\"Written by\" \/>\n\t<meta name=\"twitter:data1\" content=\"Tom Quintans\" \/>\n\t<meta name=\"twitter:label2\" content=\"Est. reading time\" \/>\n\t<meta name=\"twitter:data2\" content=\"2 minutes\" \/>\n<script type=\"application\/ld+json\" class=\"yoast-schema-graph\">{\"@context\":\"https:\/\/schema.org\",\"@graph\":[{\"@type\":\"Article\",\"@id\":\"https:\/\/errr-magazine.com\/en-el-vagon\/#article\",\"isPartOf\":{\"@id\":\"https:\/\/errr-magazine.com\/en-el-vagon\/\"},\"author\":{\"name\":\"Tom Quintans\",\"@id\":\"https:\/\/errr-magazine.com\/#\/schema\/person\/95908f01531048e11d26c54489dde1e9\"},\"headline\":\"En El Vag\u00f3n\",\"datePublished\":\"2023-04-03T02:58:23+00:00\",\"dateModified\":\"2025-08-15T16:59:55+00:00\",\"mainEntityOfPage\":{\"@id\":\"https:\/\/errr-magazine.com\/en-el-vagon\/\"},\"wordCount\":363,\"image\":{\"@id\":\"https:\/\/errr-magazine.com\/en-el-vagon\/#primaryimage\"},\"thumbnailUrl\":\"https:\/\/errr-magazine.com\/wp-content\/uploads\/2023\/04\/IMG_3619-scaled.jpeg\",\"articleSection\":[\"Interview\"],\"inLanguage\":\"en-US\"},{\"@type\":\"WebPage\",\"@id\":\"https:\/\/errr-magazine.com\/en-el-vagon\/\",\"url\":\"https:\/\/errr-magazine.com\/en-el-vagon\/\",\"name\":\"En El Vag\u00f3n - ERRR MAGAZINE\",\"isPartOf\":{\"@id\":\"https:\/\/errr-magazine.com\/#website\"},\"primaryImageOfPage\":{\"@id\":\"https:\/\/errr-magazine.com\/en-el-vagon\/#primaryimage\"},\"image\":{\"@id\":\"https:\/\/errr-magazine.com\/en-el-vagon\/#primaryimage\"},\"thumbnailUrl\":\"https:\/\/errr-magazine.com\/wp-content\/uploads\/2023\/04\/IMG_3619-scaled.jpeg\",\"datePublished\":\"2023-04-03T02:58:23+00:00\",\"dateModified\":\"2025-08-15T16:59:55+00:00\",\"author\":{\"@id\":\"https:\/\/errr-magazine.com\/#\/schema\/person\/95908f01531048e11d26c54489dde1e9\"},\"breadcrumb\":{\"@id\":\"https:\/\/errr-magazine.com\/en-el-vagon\/#breadcrumb\"},\"inLanguage\":\"en-US\",\"potentialAction\":[{\"@type\":\"ReadAction\",\"target\":[\"https:\/\/errr-magazine.com\/en-el-vagon\/\"]}]},{\"@type\":\"ImageObject\",\"inLanguage\":\"en-US\",\"@id\":\"https:\/\/errr-magazine.com\/en-el-vagon\/#primaryimage\",\"url\":\"https:\/\/errr-magazine.com\/wp-content\/uploads\/2023\/04\/IMG_3619-scaled.jpeg\",\"contentUrl\":\"https:\/\/errr-magazine.com\/wp-content\/uploads\/2023\/04\/IMG_3619-scaled.jpeg\",\"width\":1682,\"height\":2560,\"caption\":\"Fotograf\u00eda por Nalia con muchas a\"},{\"@type\":\"BreadcrumbList\",\"@id\":\"https:\/\/errr-magazine.com\/en-el-vagon\/#breadcrumb\",\"itemListElement\":[{\"@type\":\"ListItem\",\"position\":1,\"name\":\"Portada\",\"item\":\"https:\/\/errr-magazine.com\/\"},{\"@type\":\"ListItem\",\"position\":2,\"name\":\"En El Vag\u00f3n\"}]},{\"@type\":\"WebSite\",\"@id\":\"https:\/\/errr-magazine.com\/#website\",\"url\":\"https:\/\/errr-magazine.com\/\",\"name\":\"ERRR MAGAZINE\",\"description\":\"\",\"potentialAction\":[{\"@type\":\"SearchAction\",\"target\":{\"@type\":\"EntryPoint\",\"urlTemplate\":\"https:\/\/errr-magazine.com\/?s={search_term_string}\"},\"query-input\":{\"@type\":\"PropertyValueSpecification\",\"valueRequired\":true,\"valueName\":\"search_term_string\"}}],\"inLanguage\":\"en-US\"},{\"@type\":\"Person\",\"@id\":\"https:\/\/errr-magazine.com\/#\/schema\/person\/95908f01531048e11d26c54489dde1e9\",\"name\":\"Tom Quintans\",\"image\":{\"@type\":\"ImageObject\",\"inLanguage\":\"en-US\",\"@id\":\"https:\/\/secure.gravatar.com\/avatar\/3bf85c79d70287ed546c70b9aa4757d13532ecd67e6f5517e7b08190338378f3?s=96&d=identicon&r=g\",\"url\":\"https:\/\/secure.gravatar.com\/avatar\/3bf85c79d70287ed546c70b9aa4757d13532ecd67e6f5517e7b08190338378f3?s=96&d=identicon&r=g\",\"contentUrl\":\"https:\/\/secure.gravatar.com\/avatar\/3bf85c79d70287ed546c70b9aa4757d13532ecd67e6f5517e7b08190338378f3?s=96&d=identicon&r=g\",\"caption\":\"Tom Quintans\"},\"description\":\"Tom Quintans es el cantante, guitarrista y compositor de la banda argentina Bestia Beb\u00e9. Nacido en Agosto de 1988 en el barrio de Boedo, en la ciudad de Buenos Aires. Desde los 11 a\u00f1os compone canciones con la guitarra, toca la bater\u00eda y produce discos.\",\"sameAs\":[\"https:\/\/www.instagram.com\/tomquintans\"],\"url\":\"https:\/\/errr-magazine.com\/english\/author\/tom-quintans\/\"}]}<\/script>\n<!-- \/ Yoast SEO plugin. -->","yoast_head_json":{"title":"En El Vag\u00f3n - ERRR MAGAZINE","robots":{"index":"index","follow":"follow","max-snippet":"max-snippet:-1","max-image-preview":"max-image-preview:large","max-video-preview":"max-video-preview:-1"},"canonical":"https:\/\/errr-magazine.com\/english\/en-el-vagon\/","og_locale":"en_US","og_type":"article","og_title":"En El Vag\u00f3n - ERRR MAGAZINE","og_description":"Durante la pandemia del 2020, estuve haciendo y grabando versiones caseras de cl\u00e1sicos norteamericanos de los a\u00f1os cincuenta y sesenta pero traducidas al espa\u00f1ol argentino...","og_url":"https:\/\/errr-magazine.com\/english\/en-el-vagon\/","og_site_name":"ERRR MAGAZINE","article_published_time":"2023-04-03T02:58:23+00:00","article_modified_time":"2025-08-15T16:59:55+00:00","og_image":[{"width":1682,"height":2560,"url":"https:\/\/errr-magazine.com\/wp-content\/uploads\/2023\/04\/IMG_3619-scaled.jpeg","type":"image\/jpeg"}],"author":"Tom Quintans","twitter_card":"summary_large_image","twitter_misc":{"Written by":"Tom Quintans","Est. reading time":"2 minutes"},"schema":{"@context":"https:\/\/schema.org","@graph":[{"@type":"Article","@id":"https:\/\/errr-magazine.com\/en-el-vagon\/#article","isPartOf":{"@id":"https:\/\/errr-magazine.com\/en-el-vagon\/"},"author":{"name":"Tom Quintans","@id":"https:\/\/errr-magazine.com\/#\/schema\/person\/95908f01531048e11d26c54489dde1e9"},"headline":"En El Vag\u00f3n","datePublished":"2023-04-03T02:58:23+00:00","dateModified":"2025-08-15T16:59:55+00:00","mainEntityOfPage":{"@id":"https:\/\/errr-magazine.com\/en-el-vagon\/"},"wordCount":363,"image":{"@id":"https:\/\/errr-magazine.com\/en-el-vagon\/#primaryimage"},"thumbnailUrl":"https:\/\/errr-magazine.com\/wp-content\/uploads\/2023\/04\/IMG_3619-scaled.jpeg","articleSection":["Interview"],"inLanguage":"en-US"},{"@type":"WebPage","@id":"https:\/\/errr-magazine.com\/en-el-vagon\/","url":"https:\/\/errr-magazine.com\/en-el-vagon\/","name":"En El Vag\u00f3n - ERRR MAGAZINE","isPartOf":{"@id":"https:\/\/errr-magazine.com\/#website"},"primaryImageOfPage":{"@id":"https:\/\/errr-magazine.com\/en-el-vagon\/#primaryimage"},"image":{"@id":"https:\/\/errr-magazine.com\/en-el-vagon\/#primaryimage"},"thumbnailUrl":"https:\/\/errr-magazine.com\/wp-content\/uploads\/2023\/04\/IMG_3619-scaled.jpeg","datePublished":"2023-04-03T02:58:23+00:00","dateModified":"2025-08-15T16:59:55+00:00","author":{"@id":"https:\/\/errr-magazine.com\/#\/schema\/person\/95908f01531048e11d26c54489dde1e9"},"breadcrumb":{"@id":"https:\/\/errr-magazine.com\/en-el-vagon\/#breadcrumb"},"inLanguage":"en-US","potentialAction":[{"@type":"ReadAction","target":["https:\/\/errr-magazine.com\/en-el-vagon\/"]}]},{"@type":"ImageObject","inLanguage":"en-US","@id":"https:\/\/errr-magazine.com\/en-el-vagon\/#primaryimage","url":"https:\/\/errr-magazine.com\/wp-content\/uploads\/2023\/04\/IMG_3619-scaled.jpeg","contentUrl":"https:\/\/errr-magazine.com\/wp-content\/uploads\/2023\/04\/IMG_3619-scaled.jpeg","width":1682,"height":2560,"caption":"Fotograf\u00eda por Nalia con muchas a"},{"@type":"BreadcrumbList","@id":"https:\/\/errr-magazine.com\/en-el-vagon\/#breadcrumb","itemListElement":[{"@type":"ListItem","position":1,"name":"Portada","item":"https:\/\/errr-magazine.com\/"},{"@type":"ListItem","position":2,"name":"En El Vag\u00f3n"}]},{"@type":"WebSite","@id":"https:\/\/errr-magazine.com\/#website","url":"https:\/\/errr-magazine.com\/","name":"ERRR MAGAZINE","description":"","potentialAction":[{"@type":"SearchAction","target":{"@type":"EntryPoint","urlTemplate":"https:\/\/errr-magazine.com\/?s={search_term_string}"},"query-input":{"@type":"PropertyValueSpecification","valueRequired":true,"valueName":"search_term_string"}}],"inLanguage":"en-US"},{"@type":"Person","@id":"https:\/\/errr-magazine.com\/#\/schema\/person\/95908f01531048e11d26c54489dde1e9","name":"Tom Quintans","image":{"@type":"ImageObject","inLanguage":"en-US","@id":"https:\/\/secure.gravatar.com\/avatar\/3bf85c79d70287ed546c70b9aa4757d13532ecd67e6f5517e7b08190338378f3?s=96&d=identicon&r=g","url":"https:\/\/secure.gravatar.com\/avatar\/3bf85c79d70287ed546c70b9aa4757d13532ecd67e6f5517e7b08190338378f3?s=96&d=identicon&r=g","contentUrl":"https:\/\/secure.gravatar.com\/avatar\/3bf85c79d70287ed546c70b9aa4757d13532ecd67e6f5517e7b08190338378f3?s=96&d=identicon&r=g","caption":"Tom Quintans"},"description":"Tom Quintans es el cantante, guitarrista y compositor de la banda argentina Bestia Beb\u00e9. Nacido en Agosto de 1988 en el barrio de Boedo, en la ciudad de Buenos Aires. Desde los 11 a\u00f1os compone canciones con la guitarra, toca la bater\u00eda y produce discos.","sameAs":["https:\/\/www.instagram.com\/tomquintans"],"url":"https:\/\/errr-magazine.com\/english\/author\/tom-quintans\/"}]}},"jetpack_featured_media_url":"https:\/\/errr-magazine.com\/wp-content\/uploads\/2023\/04\/IMG_3619-scaled.jpeg","jetpack-related-posts":[{"id":178186,"url":"https:\/\/errr-magazine.com\/english\/ropa-mal-colgada\/","url_meta":{"origin":183830,"position":0},"title":"Poorly hung clothes","author":"The New Raemon","date":"06\/08\/2022","format":false,"excerpt":"Siempre trabajo sobre las demos que grabo en mi home studio, no me gusta grabar mis partes en estudios profesionales, es muy cansino y la frescura del momento en el que te inventas la canci\u00f3n desaparece...","rel":"","context":"In &quot;Interview&quot;","block_context":{"text":"Interview","link":"https:\/\/errr-magazine.com\/english\/category\/interviews\/"},"img":{"alt_text":"","src":"https:\/\/i0.wp.com\/errr-magazine.com\/wp-content\/uploads\/2022\/06\/the-new-raemon.jpg?resize=350%2C200&ssl=1","width":350,"height":200,"srcset":"https:\/\/i0.wp.com\/errr-magazine.com\/wp-content\/uploads\/2022\/06\/the-new-raemon.jpg?resize=350%2C200&ssl=1 1x, https:\/\/i0.wp.com\/errr-magazine.com\/wp-content\/uploads\/2022\/06\/the-new-raemon.jpg?resize=525%2C300&ssl=1 1.5x, https:\/\/i0.wp.com\/errr-magazine.com\/wp-content\/uploads\/2022\/06\/the-new-raemon.jpg?resize=700%2C400&ssl=1 2x"},"classes":[]},{"id":177585,"url":"https:\/\/errr-magazine.com\/english\/bb\/","url_meta":{"origin":183830,"position":1},"title":"BB","author":"Riel","date":"05\/23\/2022","format":false,"excerpt":"La letra est\u00e1 inspirada en esa mezcla de sensaciones que puede llegar a causar el amor rom\u00e1ntico, desde el sentimiento m\u00e1s bello hasta el lado m\u00e1s oscuro, posesivo o t\u00f3xico de una relaci\u00f3n amorosa...","rel":"","context":"In &quot;Interview&quot;","block_context":{"text":"Interview","link":"https:\/\/errr-magazine.com\/english\/category\/interviews\/"},"img":{"alt_text":"","src":"https:\/\/i0.wp.com\/errr-magazine.com\/wp-content\/uploads\/2022\/05\/Riel-por-Martin-Pisotti-Mora-Riel.jpg?resize=350%2C200&ssl=1","width":350,"height":200,"srcset":"https:\/\/i0.wp.com\/errr-magazine.com\/wp-content\/uploads\/2022\/05\/Riel-por-Martin-Pisotti-Mora-Riel.jpg?resize=350%2C200&ssl=1 1x, https:\/\/i0.wp.com\/errr-magazine.com\/wp-content\/uploads\/2022\/05\/Riel-por-Martin-Pisotti-Mora-Riel.jpg?resize=525%2C300&ssl=1 1.5x, https:\/\/i0.wp.com\/errr-magazine.com\/wp-content\/uploads\/2022\/05\/Riel-por-Martin-Pisotti-Mora-Riel.jpg?resize=700%2C400&ssl=1 2x"},"classes":[]},{"id":177635,"url":"https:\/\/errr-magazine.com\/english\/dreamykraut\/","url_meta":{"origin":183830,"position":2},"title":"Dreamykraut","author":"Ex-Colorado","date":"05\/26\/2022","format":false,"excerpt":"Desde lo musical est\u00e1 la influencia y la inspiraci\u00f3n de la bandas instrumentales alemanas de la d\u00e9cada del 70 como Neu! y Harmonia, que junto a Stereolab son los pilares sobre los cuales se cimienta este track...","rel":"","context":"In &quot;Interview&quot;","block_context":{"text":"Interview","link":"https:\/\/errr-magazine.com\/english\/category\/interviews\/"},"img":{"alt_text":"","src":"https:\/\/i0.wp.com\/errr-magazine.com\/wp-content\/uploads\/2022\/05\/exc-banda-invierno-excolorado.jpg?resize=350%2C200&ssl=1","width":350,"height":200,"srcset":"https:\/\/i0.wp.com\/errr-magazine.com\/wp-content\/uploads\/2022\/05\/exc-banda-invierno-excolorado.jpg?resize=350%2C200&ssl=1 1x, https:\/\/i0.wp.com\/errr-magazine.com\/wp-content\/uploads\/2022\/05\/exc-banda-invierno-excolorado.jpg?resize=525%2C300&ssl=1 1.5x, https:\/\/i0.wp.com\/errr-magazine.com\/wp-content\/uploads\/2022\/05\/exc-banda-invierno-excolorado.jpg?resize=700%2C400&ssl=1 2x"},"classes":[]},{"id":183306,"url":"https:\/\/errr-magazine.com\/english\/cada-musculo\/","url_meta":{"origin":183830,"position":3},"title":"Cada M\u00fasculo","author":"Mabe Fratti","date":"02\/01\/2023","format":false,"excerpt":"Casi toda la canci\u00f3n fue grabada en mi casa. Grab\u00e9 inicialmente los chelos y alrededor de eso empezamos a buscar qu\u00e9 lo complementar\u00eda. Grabamos luego sintetizadores en PROGRESO NACIONAL de Hugo Quezada, un estudio en CDMX que tiene una buen\u00edsima selecci\u00f3n de sintetizadores...","rel":"","context":"In &quot;Interview&quot;","block_context":{"text":"Interview","link":"https:\/\/errr-magazine.com\/english\/category\/interviews\/"},"img":{"alt_text":"","src":"https:\/\/i0.wp.com\/errr-magazine.com\/wp-content\/uploads\/2023\/02\/MEDIANA3-scaled.jpg?resize=350%2C200&ssl=1","width":350,"height":200,"srcset":"https:\/\/i0.wp.com\/errr-magazine.com\/wp-content\/uploads\/2023\/02\/MEDIANA3-scaled.jpg?resize=350%2C200&ssl=1 1x, https:\/\/i0.wp.com\/errr-magazine.com\/wp-content\/uploads\/2023\/02\/MEDIANA3-scaled.jpg?resize=525%2C300&ssl=1 1.5x, https:\/\/i0.wp.com\/errr-magazine.com\/wp-content\/uploads\/2023\/02\/MEDIANA3-scaled.jpg?resize=700%2C400&ssl=1 2x, https:\/\/i0.wp.com\/errr-magazine.com\/wp-content\/uploads\/2023\/02\/MEDIANA3-scaled.jpg?resize=1050%2C600&ssl=1 3x, https:\/\/i0.wp.com\/errr-magazine.com\/wp-content\/uploads\/2023\/02\/MEDIANA3-scaled.jpg?resize=1400%2C800&ssl=1 4x"},"classes":[]},{"id":178901,"url":"https:\/\/errr-magazine.com\/english\/montreal\/","url_meta":{"origin":183830,"position":4},"title":"Montreal","author":"McEnroe","date":"07\/22\/2022","format":false,"excerpt":"Es una canci\u00f3n antigua, de nuestro primer disco. La compuse yo hace m\u00e1s de veinte a\u00f1os. En Montreal se celebraron los mundiales de nataci\u00f3n durante aquella \u00e9poca. En esta nueva versi\u00f3n ha participado todo el grupo incluido Jaime Limousin que es quien ha llevado todo el peso...","rel":"","context":"In &quot;Interview&quot;","block_context":{"text":"Interview","link":"https:\/\/errr-magazine.com\/english\/category\/interviews\/"},"img":{"alt_text":"","src":"https:\/\/i0.wp.com\/errr-magazine.com\/wp-content\/uploads\/2022\/06\/asdf.jpg?resize=350%2C200&ssl=1","width":350,"height":200,"srcset":"https:\/\/i0.wp.com\/errr-magazine.com\/wp-content\/uploads\/2022\/06\/asdf.jpg?resize=350%2C200&ssl=1 1x, https:\/\/i0.wp.com\/errr-magazine.com\/wp-content\/uploads\/2022\/06\/asdf.jpg?resize=525%2C300&ssl=1 1.5x, https:\/\/i0.wp.com\/errr-magazine.com\/wp-content\/uploads\/2022\/06\/asdf.jpg?resize=700%2C400&ssl=1 2x, https:\/\/i0.wp.com\/errr-magazine.com\/wp-content\/uploads\/2022\/06\/asdf.jpg?resize=1050%2C600&ssl=1 3x, https:\/\/i0.wp.com\/errr-magazine.com\/wp-content\/uploads\/2022\/06\/asdf.jpg?resize=1400%2C800&ssl=1 4x"},"classes":[]},{"id":178203,"url":"https:\/\/errr-magazine.com\/english\/postales-blancas-del-extranjero\/","url_meta":{"origin":183830,"position":5},"title":"White Postcards (From Abroad)","author":"Tigre Ulli","date":"06\/09\/2022","format":false,"excerpt":"Hac\u00eda poco hab\u00eda terminado de leer la autobiograf\u00eda de Dean Wareham que se llama Postales Negras\u00a0d\u00f3nde relata el quiebre con sus compa\u00f1eros de banda. Creo que ese fue el punto de partida para escribir la canci\u00f3n...","rel":"","context":"In &quot;Interview&quot;","block_context":{"text":"Interview","link":"https:\/\/errr-magazine.com\/english\/category\/interviews\/"},"img":{"alt_text":"","src":"https:\/\/i0.wp.com\/errr-magazine.com\/wp-content\/uploads\/2022\/06\/tigre-ulli.jpg?resize=350%2C200&ssl=1","width":350,"height":200,"srcset":"https:\/\/i0.wp.com\/errr-magazine.com\/wp-content\/uploads\/2022\/06\/tigre-ulli.jpg?resize=350%2C200&ssl=1 1x, https:\/\/i0.wp.com\/errr-magazine.com\/wp-content\/uploads\/2022\/06\/tigre-ulli.jpg?resize=525%2C300&ssl=1 1.5x, https:\/\/i0.wp.com\/errr-magazine.com\/wp-content\/uploads\/2022\/06\/tigre-ulli.jpg?resize=700%2C400&ssl=1 2x, https:\/\/i0.wp.com\/errr-magazine.com\/wp-content\/uploads\/2022\/06\/tigre-ulli.jpg?resize=1050%2C600&ssl=1 3x, https:\/\/i0.wp.com\/errr-magazine.com\/wp-content\/uploads\/2022\/06\/tigre-ulli.jpg?resize=1400%2C800&ssl=1 4x"},"classes":[]}],"jetpack_sharing_enabled":true,"mfb_rest_fields":["title","yoast_head","yoast_head_json","jetpack_featured_media_url","jetpack-related-posts","jetpack_sharing_enabled"],"_links":{"self":[{"href":"https:\/\/errr-magazine.com\/english\/wp-json\/wp\/v2\/posts\/183830","targetHints":{"allow":["GET"]}}],"collection":[{"href":"https:\/\/errr-magazine.com\/english\/wp-json\/wp\/v2\/posts"}],"about":[{"href":"https:\/\/errr-magazine.com\/english\/wp-json\/wp\/v2\/types\/post"}],"author":[{"embeddable":true,"href":"https:\/\/errr-magazine.com\/english\/wp-json\/wp\/v2\/users\/7646"}],"replies":[{"embeddable":true,"href":"https:\/\/errr-magazine.com\/english\/wp-json\/wp\/v2\/comments?post=183830"}],"version-history":[{"count":2,"href":"https:\/\/errr-magazine.com\/english\/wp-json\/wp\/v2\/posts\/183830\/revisions"}],"predecessor-version":[{"id":183833,"href":"https:\/\/errr-magazine.com\/english\/wp-json\/wp\/v2\/posts\/183830\/revisions\/183833"}],"wp:featuredmedia":[{"embeddable":true,"href":"https:\/\/errr-magazine.com\/english\/wp-json\/wp\/v2\/media\/183829"}],"wp:attachment":[{"href":"https:\/\/errr-magazine.com\/english\/wp-json\/wp\/v2\/media?parent=183830"}],"wp:term":[{"taxonomy":"category","embeddable":true,"href":"https:\/\/errr-magazine.com\/english\/wp-json\/wp\/v2\/categories?post=183830"},{"taxonomy":"post_tag","embeddable":true,"href":"https:\/\/errr-magazine.com\/english\/wp-json\/wp\/v2\/tags?post=183830"}],"curies":[{"name":"wp","href":"https:\/\/api.w.org\/{rel}","templated":true}]}}