{"id":183673,"date":"2023-03-21T16:48:19","date_gmt":"2023-03-21T22:48:19","guid":{"rendered":"https:\/\/errr-magazine.com\/?p=183673"},"modified":"2025-08-15T10:59:56","modified_gmt":"2025-08-15T16:59:56","slug":"coloco-los-pies","status":"publish","type":"post","link":"https:\/\/errr-magazine.com\/english\/coloco-los-pies\/","title":{"rendered":"Coloco los pies"},"content":{"rendered":"<p><strong>\u00bfCu\u00e1l es el origen de la canci\u00f3n?<\/strong><br \/>\nSurgi\u00f3 despu\u00e9s de escuchar la canci\u00f3n de El Buen Hijo \u2018Aunque Pene\u2019, porque ten\u00eda ganas de escribir una canci\u00f3n musicalmente alegre, movida y bailable. La demo inicial ten\u00eda unos sintetizadores bastante \u201cpituferos\u201d \/ hiperpop que no nos convenc\u00edan demasiado. M\u00e1s adelante, cuando el grupo se junt\u00f3 en el local, surgi\u00f3 de manera bastante natural tirar hacia un lado m\u00e1s oscuro y guitarrero, d\u00e1ndole as\u00ed el sonido m\u00e1s sucio que actualmente tiene la canci\u00f3n. El t\u00edtulo de la canci\u00f3n \u2018Coloco los pies\u2019 hace referencia al programa de \u2018Ahora Caigo\u2019 presentado por Arturo Valls. En el programa cuando los concursantes fallan una pregunta y son expulsados, el suelo sobre el que est\u00e1n se abre y \u00e9stos caen al \u201cvac\u00edo\u201d. Antes de que eso ocurra Arturo les recuerda que coloquen bien los pies sobre las marcas que est\u00e1n en el suelo para que al caer no se hagan da\u00f1o. En este caso, \u201csin saber de qu\u00e9 va todo muy bien yo ya coloco los pies\u201d hace referencia a que sin conocer qu\u00e9 puede pasar con una situaci\u00f3n que nos preocupa nos adelantemos y pensemos en lo peor que puede pasar o demos por hecho qu\u00e9 es lo que va a ocurrir y nos preparemos para ello.<\/p>\n<p><strong>\u00bfC\u00f3mo fue la sesi\u00f3n de grabaci\u00f3n?<\/strong><br \/>\nLa sesi\u00f3n de grabaci\u00f3n fue bastante divertida porque, a pesar de que tuvi\u00e9ramos la idea general del tema bastante trabajada y desarrollada en cuanto a sonido, arreglos, etc., desde un principio jugamos mucho con los efectos de delay y reverb automatiz\u00e1ndolos en vivo ajustando a mano sus par\u00e1metros desde los propios pedales o racks tal y como suponemos que se hac\u00eda antes.<\/p>\n<p><strong>\u00bfCu\u00e1les fueron las referencias, influencias o inspiraciones musicales?<\/strong><br \/>\nEn este caso no pusimos ninguna referencia espec\u00edfica a la hora de componer o de grabar la canci\u00f3n, as\u00ed que las influencias supongo que han acabado siendo la m\u00fasica que estaba consumiendo cada una en ese momento. Aunque s\u00ed que es cierto que fue la canci\u00f3n &#8220;Aunque Pene&#8221; de El Buen Hijo la que nos motiv\u00f3 a hacer una canci\u00f3n algo m\u00e1s movida en comparaci\u00f3n a lo que hemos estado haciendo hasta el momento.<\/p>\n<p><iframe style=\"border-radius: 12px;\" data-src=\"https:\/\/open.spotify.com\/embed\/track\/6ZehTc1rtxV0wVwomEiIoc?utm_source=generator\" width=\"100%\" height=\"152\" frameborder=\"0\" allowfullscreen=\"allowfullscreen\" src=\"data:image\/svg+xml;base64,PHN2ZyB3aWR0aD0iMSIgaGVpZ2h0PSIxIiB4bWxucz0iaHR0cDovL3d3dy53My5vcmcvMjAwMC9zdmciPjwvc3ZnPg==\" class=\"lazyload\" data-load-mode=\"1\"><\/iframe><\/p>\n<p><strong>\u00bfQu\u00e9 es lo que m\u00e1s les gusta de la canci\u00f3n y por qu\u00e9?<\/strong><br \/>\nA pesar de que la letra sea un tanto pesimista creo que lo mejor es que musicalmente transmite buen rollo y ganas de bailar y motivarse. Me gustan mucho las guitarras de las estrofas y c\u00f3mo acaba la canci\u00f3n con un giro hacia otra direcci\u00f3n que la eleva m\u00e1s.<\/p>\n<p><strong>\u00bfQu\u00e9 fue lo m\u00e1s disfrutable del proceso de escritura, producci\u00f3n y grabaci\u00f3n?<\/strong><br \/>\nEl proceso de escritura fue super r\u00e1pido y sencillo porque inicialmente no me estaba tomando la canci\u00f3n demasiado en serio, as\u00ed que no me preocupaba no estar completamente satisfecha con la letra por ejemplo. Tambi\u00e9n fue divertido pasar la canci\u00f3n de una demo m\u00e1s tranquila y friendly a una versi\u00f3n en banda con m\u00e1s fuerza, guitarras distorsionadas y una bater\u00eda m\u00e1s acorde al producto final. En cuanto a la grabaci\u00f3n o producci\u00f3n no tuvimos muchas dudas porque las tres ten\u00edamos muy claro cu\u00e1l quer\u00edamos que fuese el sonido de la canci\u00f3n.<\/p>\n<p><strong>\u00bfCu\u00e1l fue la parte m\u00e1s dif\u00edcil del proceso creativo y c\u00f3mo se super\u00f3?<\/strong><br \/>\nMientras que con otras canciones hemos tenido m\u00e1s dudas en torno a hacia d\u00f3nde dirigirnos o desacuerdos en cuanto a qu\u00e9 arreglos meter, en este caso no ha habido ninguna parte dif\u00edcil a destacar. Creemos que todo fluy\u00f3 de manera natural y r\u00e1pida.<\/p>\n<p><strong>Si hubieran podido invitar a cualquier otra persona a colaborar, \u00bfqui\u00e9n hubiera sido y por qu\u00e9?<\/strong><br \/>\nEn plan guiri invitar\u00edamos a Nil\u00fcfer Yanya porque todo lo que hace nos encanta y nacional quiz\u00e1s a alguien como VVV, La Plata o Luz Futuro sobre todo por c\u00f3mo creemos que quedar\u00edan sus voces.<\/p>\n<p><strong>\u00bfCu\u00e1l es el mayor reto para presentar esta canci\u00f3n en vivo y c\u00f3mo se ha resuelto?<\/strong><br \/>\nEl reto principal de llevar esta canci\u00f3n al directo creemos que es ejecutar fluidamente la transici\u00f3n entre la primera mitad y segunda del tema; pasar desde una parte m\u00e1s garajera y ruidosa a otra m\u00e1s fina y post-punkera, porque a nivel de efectos hay muchos cambios y porque la interpretaci\u00f3n creemos que tiene que ser m\u00e1s comedida y limpia que la de la parte anterior.<\/p>\n<p><strong>Recomienden alguna canci\u00f3n que hayan escuchado \u00faltimamente.<\/strong><br \/>\n&#8220;It\u2019s Been a Little Heavy Lately&#8221; de Joesef.<\/p>","protected":false},"excerpt":{"rendered":"<p>El t\u00edtulo de la canci\u00f3n \u2018Coloco los pies\u2019 hace referencia al programa de \u2018Ahora Caigo\u2019 presentado por Arturo Valls. En el programa cuando los concursantes fallan una pregunta y son expulsados, el suelo sobre el que est\u00e1n se abre y \u00e9stos caen al \u201cvac\u00edo\u201d&#8230;<\/p>","protected":false},"author":7641,"featured_media":183672,"comment_status":"closed","ping_status":"closed","sticky":false,"template":"","format":"standard","meta":{"_acf_changed":false,"cybocfi_hide_featured_image":"","_jetpack_memberships_contains_paid_content":false,"footnotes":""},"categories":[17849],"tags":[],"class_list":["post-183673","post","type-post","status-publish","format-standard","has-post-thumbnail","hentry","category-interviews"],"acf":[],"mb":[],"yoast_head":"<!-- This site is optimized with the Yoast SEO plugin v27.2 - https:\/\/yoast.com\/product\/yoast-seo-wordpress\/ -->\n<title>Coloco los pies - ERRR MAGAZINE<\/title>\n<meta name=\"robots\" content=\"index, follow, max-snippet:-1, max-image-preview:large, max-video-preview:-1\" \/>\n<link rel=\"canonical\" href=\"https:\/\/errr-magazine.com\/english\/coloco-los-pies\/\" \/>\n<meta property=\"og:locale\" content=\"en_US\" \/>\n<meta property=\"og:type\" content=\"article\" \/>\n<meta property=\"og:title\" content=\"Coloco los pies - ERRR MAGAZINE\" \/>\n<meta property=\"og:description\" content=\"El t\u00edtulo de la canci\u00f3n \u2018Coloco los pies\u2019 hace referencia al programa de \u2018Ahora Caigo\u2019 presentado por Arturo Valls. En el programa cuando los concursantes fallan una pregunta y son expulsados, el suelo sobre el que est\u00e1n se abre y \u00e9stos caen al \u201cvac\u00edo\u201d...\" \/>\n<meta property=\"og:url\" content=\"https:\/\/errr-magazine.com\/english\/coloco-los-pies\/\" \/>\n<meta property=\"og:site_name\" content=\"ERRR MAGAZINE\" \/>\n<meta property=\"article:published_time\" content=\"2023-03-21T22:48:19+00:00\" \/>\n<meta property=\"article:modified_time\" content=\"2025-08-15T16:59:56+00:00\" \/>\n<meta property=\"og:image\" content=\"https:\/\/errr-magazine.com\/wp-content\/uploads\/2023\/03\/Captura-de-pantalla-2023-03-22-a-las-09.40.41.png\" \/>\n\t<meta property=\"og:image:width\" content=\"902\" \/>\n\t<meta property=\"og:image:height\" content=\"931\" \/>\n\t<meta property=\"og:image:type\" content=\"image\/png\" \/>\n<meta name=\"author\" content=\"airu\" \/>\n<meta name=\"twitter:card\" content=\"summary_large_image\" \/>\n<meta name=\"twitter:label1\" content=\"Written by\" \/>\n\t<meta name=\"twitter:data1\" content=\"airu\" \/>\n\t<meta name=\"twitter:label2\" content=\"Est. reading time\" \/>\n\t<meta name=\"twitter:data2\" content=\"4 minutes\" \/>\n<script type=\"application\/ld+json\" class=\"yoast-schema-graph\">{\"@context\":\"https:\/\/schema.org\",\"@graph\":[{\"@type\":\"Article\",\"@id\":\"https:\/\/errr-magazine.com\/coloco-los-pies\/#article\",\"isPartOf\":{\"@id\":\"https:\/\/errr-magazine.com\/coloco-los-pies\/\"},\"author\":{\"name\":\"airu\",\"@id\":\"https:\/\/errr-magazine.com\/#\/schema\/person\/d5d5a5c44d260a66d11e841ac696d556\"},\"headline\":\"Coloco los pies\",\"datePublished\":\"2023-03-21T22:48:19+00:00\",\"dateModified\":\"2025-08-15T16:59:56+00:00\",\"mainEntityOfPage\":{\"@id\":\"https:\/\/errr-magazine.com\/coloco-los-pies\/\"},\"wordCount\":816,\"image\":{\"@id\":\"https:\/\/errr-magazine.com\/coloco-los-pies\/#primaryimage\"},\"thumbnailUrl\":\"https:\/\/errr-magazine.com\/wp-content\/uploads\/2023\/03\/Captura-de-pantalla-2023-03-22-a-las-09.40.41.png\",\"articleSection\":[\"Interview\"],\"inLanguage\":\"en-US\"},{\"@type\":\"WebPage\",\"@id\":\"https:\/\/errr-magazine.com\/coloco-los-pies\/\",\"url\":\"https:\/\/errr-magazine.com\/coloco-los-pies\/\",\"name\":\"Coloco los pies - ERRR MAGAZINE\",\"isPartOf\":{\"@id\":\"https:\/\/errr-magazine.com\/#website\"},\"primaryImageOfPage\":{\"@id\":\"https:\/\/errr-magazine.com\/coloco-los-pies\/#primaryimage\"},\"image\":{\"@id\":\"https:\/\/errr-magazine.com\/coloco-los-pies\/#primaryimage\"},\"thumbnailUrl\":\"https:\/\/errr-magazine.com\/wp-content\/uploads\/2023\/03\/Captura-de-pantalla-2023-03-22-a-las-09.40.41.png\",\"datePublished\":\"2023-03-21T22:48:19+00:00\",\"dateModified\":\"2025-08-15T16:59:56+00:00\",\"author\":{\"@id\":\"https:\/\/errr-magazine.com\/#\/schema\/person\/d5d5a5c44d260a66d11e841ac696d556\"},\"breadcrumb\":{\"@id\":\"https:\/\/errr-magazine.com\/coloco-los-pies\/#breadcrumb\"},\"inLanguage\":\"en-US\",\"potentialAction\":[{\"@type\":\"ReadAction\",\"target\":[\"https:\/\/errr-magazine.com\/coloco-los-pies\/\"]}]},{\"@type\":\"ImageObject\",\"inLanguage\":\"en-US\",\"@id\":\"https:\/\/errr-magazine.com\/coloco-los-pies\/#primaryimage\",\"url\":\"https:\/\/errr-magazine.com\/wp-content\/uploads\/2023\/03\/Captura-de-pantalla-2023-03-22-a-las-09.40.41.png\",\"contentUrl\":\"https:\/\/errr-magazine.com\/wp-content\/uploads\/2023\/03\/Captura-de-pantalla-2023-03-22-a-las-09.40.41.png\",\"width\":902,\"height\":931,\"caption\":\"Fotograf\u00eda por Haizea Ogueta\"},{\"@type\":\"BreadcrumbList\",\"@id\":\"https:\/\/errr-magazine.com\/coloco-los-pies\/#breadcrumb\",\"itemListElement\":[{\"@type\":\"ListItem\",\"position\":1,\"name\":\"Portada\",\"item\":\"https:\/\/errr-magazine.com\/\"},{\"@type\":\"ListItem\",\"position\":2,\"name\":\"Coloco los pies\"}]},{\"@type\":\"WebSite\",\"@id\":\"https:\/\/errr-magazine.com\/#website\",\"url\":\"https:\/\/errr-magazine.com\/\",\"name\":\"ERRR MAGAZINE\",\"description\":\"\",\"potentialAction\":[{\"@type\":\"SearchAction\",\"target\":{\"@type\":\"EntryPoint\",\"urlTemplate\":\"https:\/\/errr-magazine.com\/?s={search_term_string}\"},\"query-input\":{\"@type\":\"PropertyValueSpecification\",\"valueRequired\":true,\"valueName\":\"search_term_string\"}}],\"inLanguage\":\"en-US\"},{\"@type\":\"Person\",\"@id\":\"https:\/\/errr-magazine.com\/#\/schema\/person\/d5d5a5c44d260a66d11e841ac696d556\",\"name\":\"airu\",\"image\":{\"@type\":\"ImageObject\",\"inLanguage\":\"en-US\",\"@id\":\"https:\/\/secure.gravatar.com\/avatar\/b6542701867e9c62fc20d896729dfd07a3e0dde18c448ea077d38bb29a94a4d3?s=96&d=identicon&r=g\",\"url\":\"https:\/\/secure.gravatar.com\/avatar\/b6542701867e9c62fc20d896729dfd07a3e0dde18c448ea077d38bb29a94a4d3?s=96&d=identicon&r=g\",\"contentUrl\":\"https:\/\/secure.gravatar.com\/avatar\/b6542701867e9c62fc20d896729dfd07a3e0dde18c448ea077d38bb29a94a4d3?s=96&d=identicon&r=g\",\"caption\":\"airu\"},\"description\":\"Sentimentalismo, melod\u00edas pegadizas y una profunda voz son los tres pilares de la banda de corte indie pop airu. Afincada en Bilbao, se interesa por el significado oculto tras el lenguaje.\",\"sameAs\":[\"https:\/\/www.instagram.com\/airu.cove\"],\"url\":\"https:\/\/errr-magazine.com\/english\/author\/airu\/\"}]}<\/script>\n<!-- \/ Yoast SEO plugin. -->","yoast_head_json":{"title":"Coloco los pies - ERRR MAGAZINE","robots":{"index":"index","follow":"follow","max-snippet":"max-snippet:-1","max-image-preview":"max-image-preview:large","max-video-preview":"max-video-preview:-1"},"canonical":"https:\/\/errr-magazine.com\/english\/coloco-los-pies\/","og_locale":"en_US","og_type":"article","og_title":"Coloco los pies - ERRR MAGAZINE","og_description":"El t\u00edtulo de la canci\u00f3n \u2018Coloco los pies\u2019 hace referencia al programa de \u2018Ahora Caigo\u2019 presentado por Arturo Valls. En el programa cuando los concursantes fallan una pregunta y son expulsados, el suelo sobre el que est\u00e1n se abre y \u00e9stos caen al \u201cvac\u00edo\u201d...","og_url":"https:\/\/errr-magazine.com\/english\/coloco-los-pies\/","og_site_name":"ERRR MAGAZINE","article_published_time":"2023-03-21T22:48:19+00:00","article_modified_time":"2025-08-15T16:59:56+00:00","og_image":[{"width":902,"height":931,"url":"https:\/\/errr-magazine.com\/wp-content\/uploads\/2023\/03\/Captura-de-pantalla-2023-03-22-a-las-09.40.41.png","type":"image\/png"}],"author":"airu","twitter_card":"summary_large_image","twitter_misc":{"Written by":"airu","Est. reading time":"4 minutes"},"schema":{"@context":"https:\/\/schema.org","@graph":[{"@type":"Article","@id":"https:\/\/errr-magazine.com\/coloco-los-pies\/#article","isPartOf":{"@id":"https:\/\/errr-magazine.com\/coloco-los-pies\/"},"author":{"name":"airu","@id":"https:\/\/errr-magazine.com\/#\/schema\/person\/d5d5a5c44d260a66d11e841ac696d556"},"headline":"Coloco los pies","datePublished":"2023-03-21T22:48:19+00:00","dateModified":"2025-08-15T16:59:56+00:00","mainEntityOfPage":{"@id":"https:\/\/errr-magazine.com\/coloco-los-pies\/"},"wordCount":816,"image":{"@id":"https:\/\/errr-magazine.com\/coloco-los-pies\/#primaryimage"},"thumbnailUrl":"https:\/\/errr-magazine.com\/wp-content\/uploads\/2023\/03\/Captura-de-pantalla-2023-03-22-a-las-09.40.41.png","articleSection":["Interview"],"inLanguage":"en-US"},{"@type":"WebPage","@id":"https:\/\/errr-magazine.com\/coloco-los-pies\/","url":"https:\/\/errr-magazine.com\/coloco-los-pies\/","name":"Coloco los pies - ERRR MAGAZINE","isPartOf":{"@id":"https:\/\/errr-magazine.com\/#website"},"primaryImageOfPage":{"@id":"https:\/\/errr-magazine.com\/coloco-los-pies\/#primaryimage"},"image":{"@id":"https:\/\/errr-magazine.com\/coloco-los-pies\/#primaryimage"},"thumbnailUrl":"https:\/\/errr-magazine.com\/wp-content\/uploads\/2023\/03\/Captura-de-pantalla-2023-03-22-a-las-09.40.41.png","datePublished":"2023-03-21T22:48:19+00:00","dateModified":"2025-08-15T16:59:56+00:00","author":{"@id":"https:\/\/errr-magazine.com\/#\/schema\/person\/d5d5a5c44d260a66d11e841ac696d556"},"breadcrumb":{"@id":"https:\/\/errr-magazine.com\/coloco-los-pies\/#breadcrumb"},"inLanguage":"en-US","potentialAction":[{"@type":"ReadAction","target":["https:\/\/errr-magazine.com\/coloco-los-pies\/"]}]},{"@type":"ImageObject","inLanguage":"en-US","@id":"https:\/\/errr-magazine.com\/coloco-los-pies\/#primaryimage","url":"https:\/\/errr-magazine.com\/wp-content\/uploads\/2023\/03\/Captura-de-pantalla-2023-03-22-a-las-09.40.41.png","contentUrl":"https:\/\/errr-magazine.com\/wp-content\/uploads\/2023\/03\/Captura-de-pantalla-2023-03-22-a-las-09.40.41.png","width":902,"height":931,"caption":"Fotograf\u00eda por Haizea Ogueta"},{"@type":"BreadcrumbList","@id":"https:\/\/errr-magazine.com\/coloco-los-pies\/#breadcrumb","itemListElement":[{"@type":"ListItem","position":1,"name":"Portada","item":"https:\/\/errr-magazine.com\/"},{"@type":"ListItem","position":2,"name":"Coloco los pies"}]},{"@type":"WebSite","@id":"https:\/\/errr-magazine.com\/#website","url":"https:\/\/errr-magazine.com\/","name":"ERRR MAGAZINE","description":"","potentialAction":[{"@type":"SearchAction","target":{"@type":"EntryPoint","urlTemplate":"https:\/\/errr-magazine.com\/?s={search_term_string}"},"query-input":{"@type":"PropertyValueSpecification","valueRequired":true,"valueName":"search_term_string"}}],"inLanguage":"en-US"},{"@type":"Person","@id":"https:\/\/errr-magazine.com\/#\/schema\/person\/d5d5a5c44d260a66d11e841ac696d556","name":"airu","image":{"@type":"ImageObject","inLanguage":"en-US","@id":"https:\/\/secure.gravatar.com\/avatar\/b6542701867e9c62fc20d896729dfd07a3e0dde18c448ea077d38bb29a94a4d3?s=96&d=identicon&r=g","url":"https:\/\/secure.gravatar.com\/avatar\/b6542701867e9c62fc20d896729dfd07a3e0dde18c448ea077d38bb29a94a4d3?s=96&d=identicon&r=g","contentUrl":"https:\/\/secure.gravatar.com\/avatar\/b6542701867e9c62fc20d896729dfd07a3e0dde18c448ea077d38bb29a94a4d3?s=96&d=identicon&r=g","caption":"airu"},"description":"Sentimentalismo, melod\u00edas pegadizas y una profunda voz son los tres pilares de la banda de corte indie pop airu. Afincada en Bilbao, se interesa por el significado oculto tras el lenguaje.","sameAs":["https:\/\/www.instagram.com\/airu.cove"],"url":"https:\/\/errr-magazine.com\/english\/author\/airu\/"}]}},"jetpack_featured_media_url":"https:\/\/errr-magazine.com\/wp-content\/uploads\/2023\/03\/Captura-de-pantalla-2023-03-22-a-las-09.40.41.png","jetpack-related-posts":[{"id":202534,"url":"https:\/\/errr-magazine.com\/english\/201-2\/","url_meta":{"origin":183673,"position":0},"title":"201","author":"Repion","date":"03\/18\/2026","format":false,"excerpt":"Unlike other albums, this one deals with topics that still hurt or worry us. The process was very fast, and the album reflects our lives, which never stop and are always changing. The songs are like that too.","rel":"","context":"In &quot;M\u00fasica&quot;","block_context":{"text":"M\u00fasica","link":"https:\/\/errr-magazine.com\/english\/category\/interviews\/musica\/"},"img":{"alt_text":"","src":"https:\/\/i0.wp.com\/errr-magazine.com\/wp-content\/uploads\/2026\/03\/Repion_Paz-Vallejo_04-scaled.jpg?resize=350%2C200&ssl=1","width":350,"height":200,"srcset":"https:\/\/i0.wp.com\/errr-magazine.com\/wp-content\/uploads\/2026\/03\/Repion_Paz-Vallejo_04-scaled.jpg?resize=350%2C200&ssl=1 1x, https:\/\/i0.wp.com\/errr-magazine.com\/wp-content\/uploads\/2026\/03\/Repion_Paz-Vallejo_04-scaled.jpg?resize=525%2C300&ssl=1 1.5x, https:\/\/i0.wp.com\/errr-magazine.com\/wp-content\/uploads\/2026\/03\/Repion_Paz-Vallejo_04-scaled.jpg?resize=700%2C400&ssl=1 2x, https:\/\/i0.wp.com\/errr-magazine.com\/wp-content\/uploads\/2026\/03\/Repion_Paz-Vallejo_04-scaled.jpg?resize=1050%2C600&ssl=1 3x, https:\/\/i0.wp.com\/errr-magazine.com\/wp-content\/uploads\/2026\/03\/Repion_Paz-Vallejo_04-scaled.jpg?resize=1400%2C800&ssl=1 4x"},"classes":[]},{"id":200752,"url":"https:\/\/errr-magazine.com\/english\/garage\/","url_meta":{"origin":183673,"position":1},"title":"Garage","author":"Casablanca Drivers","date":"02\/27\/2026","format":false,"excerpt":"Garage was born in the studio, our laboratory; it\u2019s like an in vitro song. Nit, our producer, came up with those chords he took from an old demo of his, and we built it together quite fast!","rel":"","context":"In &quot;M\u00fasica&quot;","block_context":{"text":"M\u00fasica","link":"https:\/\/errr-magazine.com\/english\/category\/interviews\/musica\/"},"img":{"alt_text":"","src":"https:\/\/i0.wp.com\/errr-magazine.com\/wp-content\/uploads\/2026\/02\/PRINCIPAL_GARAGE_121-scaled.jpg?resize=350%2C200&ssl=1","width":350,"height":200,"srcset":"https:\/\/i0.wp.com\/errr-magazine.com\/wp-content\/uploads\/2026\/02\/PRINCIPAL_GARAGE_121-scaled.jpg?resize=350%2C200&ssl=1 1x, https:\/\/i0.wp.com\/errr-magazine.com\/wp-content\/uploads\/2026\/02\/PRINCIPAL_GARAGE_121-scaled.jpg?resize=525%2C300&ssl=1 1.5x, https:\/\/i0.wp.com\/errr-magazine.com\/wp-content\/uploads\/2026\/02\/PRINCIPAL_GARAGE_121-scaled.jpg?resize=700%2C400&ssl=1 2x, https:\/\/i0.wp.com\/errr-magazine.com\/wp-content\/uploads\/2026\/02\/PRINCIPAL_GARAGE_121-scaled.jpg?resize=1050%2C600&ssl=1 3x, https:\/\/i0.wp.com\/errr-magazine.com\/wp-content\/uploads\/2026\/02\/PRINCIPAL_GARAGE_121-scaled.jpg?resize=1400%2C800&ssl=1 4x"},"classes":[]},{"id":180606,"url":"https:\/\/errr-magazine.com\/english\/palos\/","url_meta":{"origin":183673,"position":2},"title":"Palos","author":"La Paloma","date":"06\/30\/2022","format":false,"excerpt":"Como fue una canci\u00f3n que sali\u00f3 de la nada no nos dio casi tiempo a pensarlo. Influencias seguro que tiene, pero nosotros no sabemos cuales son...","rel":"","context":"In &quot;Interview&quot;","block_context":{"text":"Interview","link":"https:\/\/errr-magazine.com\/english\/category\/interviews\/"},"img":{"alt_text":"","src":"https:\/\/i0.wp.com\/errr-magazine.com\/wp-content\/uploads\/2022\/07\/000004470006-La-Paloma.jpg?resize=350%2C200&ssl=1","width":350,"height":200,"srcset":"https:\/\/i0.wp.com\/errr-magazine.com\/wp-content\/uploads\/2022\/07\/000004470006-La-Paloma.jpg?resize=350%2C200&ssl=1 1x, https:\/\/i0.wp.com\/errr-magazine.com\/wp-content\/uploads\/2022\/07\/000004470006-La-Paloma.jpg?resize=525%2C300&ssl=1 1.5x, https:\/\/i0.wp.com\/errr-magazine.com\/wp-content\/uploads\/2022\/07\/000004470006-La-Paloma.jpg?resize=700%2C400&ssl=1 2x, https:\/\/i0.wp.com\/errr-magazine.com\/wp-content\/uploads\/2022\/07\/000004470006-La-Paloma.jpg?resize=1050%2C600&ssl=1 3x, https:\/\/i0.wp.com\/errr-magazine.com\/wp-content\/uploads\/2022\/07\/000004470006-La-Paloma.jpg?resize=1400%2C800&ssl=1 4x"},"classes":[]},{"id":202475,"url":"https:\/\/errr-magazine.com\/english\/aniversari-felic\/","url_meta":{"origin":183673,"position":3},"title":"Aniversari feli\u00e7","author":"Ferran Palau","date":"03\/16\/2026","format":false,"excerpt":"The entire recording flowed as if every gesture we made had already been predetermined. I think it has been one of the most peaceful recordings of my life. Every stage of the album\u2014mixing, design, and videos\u2014felt completely natural.","rel":"","context":"In &quot;M\u00fasica&quot;","block_context":{"text":"M\u00fasica","link":"https:\/\/errr-magazine.com\/english\/category\/interviews\/musica\/"},"img":{"alt_text":"","src":"https:\/\/i0.wp.com\/errr-magazine.com\/wp-content\/uploads\/2026\/03\/Ferran-Palau-x-Louise-Sansom_esquena-scaled.jpg?resize=350%2C200&ssl=1","width":350,"height":200,"srcset":"https:\/\/i0.wp.com\/errr-magazine.com\/wp-content\/uploads\/2026\/03\/Ferran-Palau-x-Louise-Sansom_esquena-scaled.jpg?resize=350%2C200&ssl=1 1x, https:\/\/i0.wp.com\/errr-magazine.com\/wp-content\/uploads\/2026\/03\/Ferran-Palau-x-Louise-Sansom_esquena-scaled.jpg?resize=525%2C300&ssl=1 1.5x, https:\/\/i0.wp.com\/errr-magazine.com\/wp-content\/uploads\/2026\/03\/Ferran-Palau-x-Louise-Sansom_esquena-scaled.jpg?resize=700%2C400&ssl=1 2x, https:\/\/i0.wp.com\/errr-magazine.com\/wp-content\/uploads\/2026\/03\/Ferran-Palau-x-Louise-Sansom_esquena-scaled.jpg?resize=1050%2C600&ssl=1 3x, https:\/\/i0.wp.com\/errr-magazine.com\/wp-content\/uploads\/2026\/03\/Ferran-Palau-x-Louise-Sansom_esquena-scaled.jpg?resize=1400%2C800&ssl=1 4x"},"classes":[]},{"id":200441,"url":"https:\/\/errr-magazine.com\/english\/para-aleph\/","url_meta":{"origin":183673,"position":4},"title":"Para Aleph","author":"Fuensanta","date":"02\/17\/2026","format":false,"excerpt":"It's an intimate experience where each artist's first song is played while wearing blindfolds, inviting you to connect from a different perspective, without distractions, solely through listening. Plus, there's always a surprise artist who is revealed on the day of the event.","rel":"","context":"In &quot;M\u00fasica&quot;","block_context":{"text":"M\u00fasica","link":"https:\/\/errr-magazine.com\/english\/category\/interviews\/musica\/"},"img":{"alt_text":"","src":"https:\/\/i0.wp.com\/errr-magazine.com\/wp-content\/uploads\/2026\/02\/Felipe-Pipi2.jpg?resize=350%2C200&ssl=1","width":350,"height":200,"srcset":"https:\/\/i0.wp.com\/errr-magazine.com\/wp-content\/uploads\/2026\/02\/Felipe-Pipi2.jpg?resize=350%2C200&ssl=1 1x, https:\/\/i0.wp.com\/errr-magazine.com\/wp-content\/uploads\/2026\/02\/Felipe-Pipi2.jpg?resize=525%2C300&ssl=1 1.5x, https:\/\/i0.wp.com\/errr-magazine.com\/wp-content\/uploads\/2026\/02\/Felipe-Pipi2.jpg?resize=700%2C400&ssl=1 2x, https:\/\/i0.wp.com\/errr-magazine.com\/wp-content\/uploads\/2026\/02\/Felipe-Pipi2.jpg?resize=1050%2C600&ssl=1 3x, https:\/\/i0.wp.com\/errr-magazine.com\/wp-content\/uploads\/2026\/02\/Felipe-Pipi2.jpg?resize=1400%2C800&ssl=1 4x"},"classes":[]},{"id":182123,"url":"https:\/\/errr-magazine.com\/english\/laurel\/","url_meta":{"origin":183673,"position":5},"title":"Laurel","author":"Chini.png","date":"08\/17\/2022","format":false,"excerpt":"Espero que, si bien es una canci\u00f3n un poco triste, se queden m\u00e1s bien con una sensaci\u00f3n de triunfo, de c\u00f3mo la rabia a veces nos protege, nos ayuda a querernos y valorarnos, cuando nos damos cuenta de ciertas injusticias. Est\u00e1 como pa empezar el d\u00eda...","rel":"","context":"In &quot;Interview&quot;","block_context":{"text":"Interview","link":"https:\/\/errr-magazine.com\/english\/category\/interviews\/"},"img":{"alt_text":"","src":"https:\/\/i0.wp.com\/errr-magazine.com\/wp-content\/uploads\/2022\/08\/chini.jpg?resize=350%2C200&ssl=1","width":350,"height":200,"srcset":"https:\/\/i0.wp.com\/errr-magazine.com\/wp-content\/uploads\/2022\/08\/chini.jpg?resize=350%2C200&ssl=1 1x, https:\/\/i0.wp.com\/errr-magazine.com\/wp-content\/uploads\/2022\/08\/chini.jpg?resize=525%2C300&ssl=1 1.5x, https:\/\/i0.wp.com\/errr-magazine.com\/wp-content\/uploads\/2022\/08\/chini.jpg?resize=700%2C400&ssl=1 2x, https:\/\/i0.wp.com\/errr-magazine.com\/wp-content\/uploads\/2022\/08\/chini.jpg?resize=1050%2C600&ssl=1 3x, https:\/\/i0.wp.com\/errr-magazine.com\/wp-content\/uploads\/2022\/08\/chini.jpg?resize=1400%2C800&ssl=1 4x"},"classes":[]}],"jetpack_sharing_enabled":true,"mfb_rest_fields":["title","yoast_head","yoast_head_json","jetpack_featured_media_url","jetpack-related-posts","jetpack_sharing_enabled"],"_links":{"self":[{"href":"https:\/\/errr-magazine.com\/english\/wp-json\/wp\/v2\/posts\/183673","targetHints":{"allow":["GET"]}}],"collection":[{"href":"https:\/\/errr-magazine.com\/english\/wp-json\/wp\/v2\/posts"}],"about":[{"href":"https:\/\/errr-magazine.com\/english\/wp-json\/wp\/v2\/types\/post"}],"author":[{"embeddable":true,"href":"https:\/\/errr-magazine.com\/english\/wp-json\/wp\/v2\/users\/7641"}],"replies":[{"embeddable":true,"href":"https:\/\/errr-magazine.com\/english\/wp-json\/wp\/v2\/comments?post=183673"}],"version-history":[{"count":2,"href":"https:\/\/errr-magazine.com\/english\/wp-json\/wp\/v2\/posts\/183673\/revisions"}],"predecessor-version":[{"id":183681,"href":"https:\/\/errr-magazine.com\/english\/wp-json\/wp\/v2\/posts\/183673\/revisions\/183681"}],"wp:featuredmedia":[{"embeddable":true,"href":"https:\/\/errr-magazine.com\/english\/wp-json\/wp\/v2\/media\/183672"}],"wp:attachment":[{"href":"https:\/\/errr-magazine.com\/english\/wp-json\/wp\/v2\/media?parent=183673"}],"wp:term":[{"taxonomy":"category","embeddable":true,"href":"https:\/\/errr-magazine.com\/english\/wp-json\/wp\/v2\/categories?post=183673"},{"taxonomy":"post_tag","embeddable":true,"href":"https:\/\/errr-magazine.com\/english\/wp-json\/wp\/v2\/tags?post=183673"}],"curies":[{"name":"wp","href":"https:\/\/api.w.org\/{rel}","templated":true}]}}