{"id":183306,"date":"2023-02-01T21:12:16","date_gmt":"2023-02-02T03:12:16","guid":{"rendered":"https:\/\/errr-magazine.com\/?p=183306"},"modified":"2025-08-15T11:00:04","modified_gmt":"2025-08-15T17:00:04","slug":"cada-musculo","status":"publish","type":"post","link":"https:\/\/errr-magazine.com\/english\/cada-musculo\/","title":{"rendered":"Cada M\u00fasculo"},"content":{"rendered":"<p><strong>\u00bfCu\u00e1l es el origen de la canci\u00f3n?<\/strong><br \/>\nTodo este disco tiene un origen en com\u00fan, tratar de hablar del motor que nos mueve a intentar hacer algo, o cambiar algo. Esta canci\u00f3n empez\u00f3 con una serie de acordes que ten\u00eda en el chelo, y luego I. la Cat\u00f3lica (co-productor del disco) sugiri\u00f3, sabiendo que a m\u00ed me gusta hacer ruido con el chelo, que metiera esos ruidos entre los acordes. Esto me hizo pensar en el descontrol y el balance de lo que podr\u00eda ser una melod\u00eda con algo que es m\u00e1s descontrolado, ruidoso, o atonal. A partir de eso pens\u00e9 en hablar en todas las variables que limitan la intenci\u00f3n de hacer algo y surgi\u00f3 la frase &#8216;Cada m\u00fasculo tiene una voz&#8217;.<\/p>\n<p><strong>\u00bfC\u00f3mo fue la sesi\u00f3n de grabaci\u00f3n?<\/strong><br \/>\nCasi toda la canci\u00f3n fue grabada en mi casa. Grab\u00e9 inicialmente los chelos y alrededor de eso empezamos a buscar qu\u00e9 lo complementar\u00eda. Grabamos luego sintetizadores en PROGRESO NACIONAL de Hugo Quezada, un estudio en CDMX que tiene una buen\u00edsima selecci\u00f3n de sintetizadores. Invitada s\u00faper especial en esta grabaci\u00f3n fue Alina Maldonado, violinista que improvis\u00f3 buen\u00edsimo a lo largo de la canci\u00f3n. Cuando ella estaba en casa grabando, a I.la Cat\u00f3lica de repente se le ocurri\u00f3 un arreglo de violines &#8216;Steve Reichoso&#8217; que se puede escuchar llegando al final de la canci\u00f3n: una cama de arpegios buen\u00edsima.<\/p>\n<p><strong>\u00bfCu\u00e1les fueron las referencias, influencias o inspiraciones musicales?<\/strong><br \/>\nLa principal idea era crear un balance de algo mel\u00f3dico y lo ruidoso, entonces fue un punto de referencia muy claro durante la composici\u00f3n. En el movimiento de mi cuerpo durante la grabaci\u00f3n tambi\u00e9n me refer\u00ed a la idea de perder el control de mi cuerpo mientras tocaba, como si una fuerza exterior me moviera. Creo que una inspiraci\u00f3n definitiva era Steve Reich en ese final, por un momento me imagin\u00e9 a Caroline Polachek, Laurie Anderson y a Vanessa Amara. Luego algo que me di cuenta cuando ya estabamos a media grabaci\u00f3n fue que el coro me recordaba a &#8216;Seven Wonders&#8217; de Fleetwood Mac.<\/p>\n<p><iframe style=\"border-radius:12px\" data-src=\"https:\/\/open.spotify.com\/embed\/track\/02qIktWnxfDB4n1kNJ2Q0e?utm_source=generator\" width=\"100%\" height=\"152\" frameborder=\"0\" allowfullscreen=\"\" allow=\"autoplay; clipboard-write; encrypted-media; fullscreen; picture-in-picture\" src=\"data:image\/svg+xml;base64,PHN2ZyB3aWR0aD0iMSIgaGVpZ2h0PSIxIiB4bWxucz0iaHR0cDovL3d3dy53My5vcmcvMjAwMC9zdmciPjwvc3ZnPg==\" class=\"lazyload\" data-load-mode=\"1\"><\/iframe><\/p>\n<p><strong>\u00bfQu\u00e9 es lo que m\u00e1s te gusta de la canci\u00f3n y por qu\u00e9?<\/strong><br \/>\nVarias cosas!!! Pero podr\u00eda decir que el coro porque se me hizo muy divertido hacer esa pausa antes de que empezase y crear una expectativa cuando digo &#8216;Cada, cada&#8217; y luego revienta. Tambi\u00e9n me encant\u00f3 el solo de Alina al final de la canci\u00f3n, siento que arm\u00f3nica se va a un lugar extraordinario.<\/p>\n<p><strong>\u00bfQu\u00e9 fue lo m\u00e1s disfrutable del proceso de escritura, producci\u00f3n y grabaci\u00f3n?<\/strong><br \/>\nCreo que grabar los sintetizadores fue muy divertido as\u00ed como los chelos porque se trataba de hacer ruidos y eso a m\u00ed me emociona mucho. Estar grabando con Alina es demasiado divertido tambi\u00e9n, y ese momento que I. la Cat\u00f3lica vino con el arreglo de violines tambi\u00e9n fue divertido porque fue un momento que parec\u00eda una epifan\u00eda. Cuando se me ocurri\u00f3 el coro fue muy divertido porque se sinti\u00f3 como epifan\u00eda tambi\u00e9n. Y como me encanta armonizar voces, eso igual se me hizo s\u00faper divertido.<\/p>\n<p><strong>\u00bfCu\u00e1l fue la parte m\u00e1s dif\u00edcil del proceso y c\u00f3mo se super\u00f3?<\/strong><br \/>\nLa parte m\u00e1s dif\u00edcil fue la melod\u00eda de los versos. Durante la grabaci\u00f3n del disco en general, tom\u00e9 una disciplina de levantarme, hacer el ejercicio, desayunar y directo al estudio. El tema es que porque el estudio est\u00e1 en mi casa era una cuesti\u00f3n de directamente lanzarme a trabajar a un cuarto de distancia. Tuve muchos momentos de crisis de autocr\u00edtica muy dura y en ese momento I. la Cat\u00f3lica (tambi\u00e9n mi pareja) vi\u00f3 c\u00f3mo yo no pod\u00eda aterrizar una melod\u00eda convincente para los versos que le hicieran justicia a la melod\u00eda ya existente del coro. As\u00ed que nos sentamos, y ah\u00ed es donde estar con otro productor es s\u00faper constructivo: tener una conversaci\u00f3n con esa persona exterior y elegir juntos ayud\u00f3 a llegar a la melod\u00eda final del verso en una tarde.<\/p>\n<p><strong>Si hubieras podido invitar a cualquier otra persona a colaborar, \u00bfqui\u00e9n hubiera sido y por qu\u00e9?<\/strong><br \/>\nNo se me ocurre! Creo que tuve el privilegio de invitar a la gente s\u00faper adecuada.<\/p>\n<p><strong>\u00bfCu\u00e1l es el mayor reto para presentar esta canci\u00f3n en vivo y c\u00f3mo se ha resuelto?<\/strong><br \/>\nNo la he presentado en vivo, pero creo que el reto va a ser conseguir hacer todas las capas de violines, o las capas de sintetizadores con menos manos. No tengo problema que las canciones grabadas suenen diferente en vivo, eso s\u00ed.<\/p>\n<p><strong>Recomi\u00e9ndanos alguna canci\u00f3n que hayas escuchado ultimamente y que te guste.<\/strong><br \/>\n<em>Alifib<\/em> de Robert Wyatt.<\/p>","protected":false},"excerpt":{"rendered":"<p>Casi toda la canci\u00f3n fue grabada en mi casa. Grab\u00e9 inicialmente los chelos y alrededor de eso empezamos a buscar qu\u00e9 lo complementar\u00eda. Grabamos luego sintetizadores en PROGRESO NACIONAL de Hugo Quezada, un estudio en CDMX que tiene una buen\u00edsima selecci\u00f3n de sintetizadores&#8230;<\/p>","protected":false},"author":7616,"featured_media":183305,"comment_status":"closed","ping_status":"closed","sticky":false,"template":"","format":"standard","meta":{"_acf_changed":false,"cybocfi_hide_featured_image":"","_jetpack_memberships_contains_paid_content":false,"footnotes":""},"categories":[17849],"tags":[],"class_list":["post-183306","post","type-post","status-publish","format-standard","has-post-thumbnail","hentry","category-interviews"],"acf":[],"mb":[],"yoast_head":"<!-- This site is optimized with the Yoast SEO plugin v27.2 - https:\/\/yoast.com\/product\/yoast-seo-wordpress\/ -->\n<title>Cada M\u00fasculo - ERRR MAGAZINE<\/title>\n<meta name=\"robots\" content=\"index, follow, max-snippet:-1, max-image-preview:large, max-video-preview:-1\" \/>\n<link rel=\"canonical\" href=\"https:\/\/errr-magazine.com\/english\/cada-musculo\/\" \/>\n<meta property=\"og:locale\" content=\"en_US\" \/>\n<meta property=\"og:type\" content=\"article\" \/>\n<meta property=\"og:title\" content=\"Cada M\u00fasculo - ERRR MAGAZINE\" \/>\n<meta property=\"og:description\" content=\"Casi toda la canci\u00f3n fue grabada en mi casa. Grab\u00e9 inicialmente los chelos y alrededor de eso empezamos a buscar qu\u00e9 lo complementar\u00eda. Grabamos luego sintetizadores en PROGRESO NACIONAL de Hugo Quezada, un estudio en CDMX que tiene una buen\u00edsima selecci\u00f3n de sintetizadores...\" \/>\n<meta property=\"og:url\" content=\"https:\/\/errr-magazine.com\/english\/cada-musculo\/\" \/>\n<meta property=\"og:site_name\" content=\"ERRR MAGAZINE\" \/>\n<meta property=\"article:published_time\" content=\"2023-02-02T03:12:16+00:00\" \/>\n<meta property=\"article:modified_time\" content=\"2025-08-15T17:00:04+00:00\" \/>\n<meta property=\"og:image\" content=\"https:\/\/errr-magazine.com\/wp-content\/uploads\/2023\/02\/MEDIANA3-scaled.jpg\" \/>\n\t<meta property=\"og:image:width\" content=\"1707\" \/>\n\t<meta property=\"og:image:height\" content=\"2560\" \/>\n\t<meta property=\"og:image:type\" content=\"image\/jpeg\" \/>\n<meta name=\"author\" content=\"Mabe Fratti\" \/>\n<meta name=\"twitter:card\" content=\"summary_large_image\" \/>\n<meta name=\"twitter:label1\" content=\"Written by\" \/>\n\t<meta name=\"twitter:data1\" content=\"Mabe Fratti\" \/>\n\t<meta name=\"twitter:label2\" content=\"Est. reading time\" \/>\n\t<meta name=\"twitter:data2\" content=\"4 minutes\" \/>\n<script type=\"application\/ld+json\" class=\"yoast-schema-graph\">{\"@context\":\"https:\/\/schema.org\",\"@graph\":[{\"@type\":\"Article\",\"@id\":\"https:\/\/errr-magazine.com\/cada-musculo\/#article\",\"isPartOf\":{\"@id\":\"https:\/\/errr-magazine.com\/cada-musculo\/\"},\"author\":{\"name\":\"Mabe Fratti\",\"@id\":\"https:\/\/errr-magazine.com\/#\/schema\/person\/45071f577d52455d3976472dd579fd86\"},\"headline\":\"Cada M\u00fasculo\",\"datePublished\":\"2023-02-02T03:12:16+00:00\",\"dateModified\":\"2025-08-15T17:00:04+00:00\",\"mainEntityOfPage\":{\"@id\":\"https:\/\/errr-magazine.com\/cada-musculo\/\"},\"wordCount\":830,\"image\":{\"@id\":\"https:\/\/errr-magazine.com\/cada-musculo\/#primaryimage\"},\"thumbnailUrl\":\"https:\/\/errr-magazine.com\/wp-content\/uploads\/2023\/02\/MEDIANA3-scaled.jpg\",\"articleSection\":[\"Interview\"],\"inLanguage\":\"en-US\"},{\"@type\":\"WebPage\",\"@id\":\"https:\/\/errr-magazine.com\/cada-musculo\/\",\"url\":\"https:\/\/errr-magazine.com\/cada-musculo\/\",\"name\":\"Cada M\u00fasculo - ERRR MAGAZINE\",\"isPartOf\":{\"@id\":\"https:\/\/errr-magazine.com\/#website\"},\"primaryImageOfPage\":{\"@id\":\"https:\/\/errr-magazine.com\/cada-musculo\/#primaryimage\"},\"image\":{\"@id\":\"https:\/\/errr-magazine.com\/cada-musculo\/#primaryimage\"},\"thumbnailUrl\":\"https:\/\/errr-magazine.com\/wp-content\/uploads\/2023\/02\/MEDIANA3-scaled.jpg\",\"datePublished\":\"2023-02-02T03:12:16+00:00\",\"dateModified\":\"2025-08-15T17:00:04+00:00\",\"author\":{\"@id\":\"https:\/\/errr-magazine.com\/#\/schema\/person\/45071f577d52455d3976472dd579fd86\"},\"breadcrumb\":{\"@id\":\"https:\/\/errr-magazine.com\/cada-musculo\/#breadcrumb\"},\"inLanguage\":\"en-US\",\"potentialAction\":[{\"@type\":\"ReadAction\",\"target\":[\"https:\/\/errr-magazine.com\/cada-musculo\/\"]}]},{\"@type\":\"ImageObject\",\"inLanguage\":\"en-US\",\"@id\":\"https:\/\/errr-magazine.com\/cada-musculo\/#primaryimage\",\"url\":\"https:\/\/errr-magazine.com\/wp-content\/uploads\/2023\/02\/MEDIANA3-scaled.jpg\",\"contentUrl\":\"https:\/\/errr-magazine.com\/wp-content\/uploads\/2023\/02\/MEDIANA3-scaled.jpg\",\"width\":1707,\"height\":2560,\"caption\":\"Fotograf\u00eda por Melissa Lunar\"},{\"@type\":\"BreadcrumbList\",\"@id\":\"https:\/\/errr-magazine.com\/cada-musculo\/#breadcrumb\",\"itemListElement\":[{\"@type\":\"ListItem\",\"position\":1,\"name\":\"Portada\",\"item\":\"https:\/\/errr-magazine.com\/\"},{\"@type\":\"ListItem\",\"position\":2,\"name\":\"Cada M\u00fasculo\"}]},{\"@type\":\"WebSite\",\"@id\":\"https:\/\/errr-magazine.com\/#website\",\"url\":\"https:\/\/errr-magazine.com\/\",\"name\":\"ERRR MAGAZINE\",\"description\":\"\",\"potentialAction\":[{\"@type\":\"SearchAction\",\"target\":{\"@type\":\"EntryPoint\",\"urlTemplate\":\"https:\/\/errr-magazine.com\/?s={search_term_string}\"},\"query-input\":{\"@type\":\"PropertyValueSpecification\",\"valueRequired\":true,\"valueName\":\"search_term_string\"}}],\"inLanguage\":\"en-US\"},{\"@type\":\"Person\",\"@id\":\"https:\/\/errr-magazine.com\/#\/schema\/person\/45071f577d52455d3976472dd579fd86\",\"name\":\"Mabe Fratti\",\"image\":{\"@type\":\"ImageObject\",\"inLanguage\":\"en-US\",\"@id\":\"https:\/\/secure.gravatar.com\/avatar\/ba333b4867e7abe0b7b9b7248502f74e5ca8fd0ba81140d351c41d43c6cecba0?s=96&d=identicon&r=g\",\"url\":\"https:\/\/secure.gravatar.com\/avatar\/ba333b4867e7abe0b7b9b7248502f74e5ca8fd0ba81140d351c41d43c6cecba0?s=96&d=identicon&r=g\",\"contentUrl\":\"https:\/\/secure.gravatar.com\/avatar\/ba333b4867e7abe0b7b9b7248502f74e5ca8fd0ba81140d351c41d43c6cecba0?s=96&d=identicon&r=g\",\"caption\":\"Mabe Fratti\"},\"description\":\"Uso mi voz, violonchelo, sintetizadores, y a veces grabaciones de campo para hacer m\u00fasica. Me gusta combinar sonidos 'indigeribles y ruidosos' con los m\u00e1s digeribles.\",\"sameAs\":[\"https:\/\/www.instagram.com\/mabefs\"],\"url\":\"https:\/\/errr-magazine.com\/english\/author\/mabe-fratti\/\"}]}<\/script>\n<!-- \/ Yoast SEO plugin. -->","yoast_head_json":{"title":"Cada M\u00fasculo - ERRR MAGAZINE","robots":{"index":"index","follow":"follow","max-snippet":"max-snippet:-1","max-image-preview":"max-image-preview:large","max-video-preview":"max-video-preview:-1"},"canonical":"https:\/\/errr-magazine.com\/english\/cada-musculo\/","og_locale":"en_US","og_type":"article","og_title":"Cada M\u00fasculo - ERRR MAGAZINE","og_description":"Casi toda la canci\u00f3n fue grabada en mi casa. Grab\u00e9 inicialmente los chelos y alrededor de eso empezamos a buscar qu\u00e9 lo complementar\u00eda. Grabamos luego sintetizadores en PROGRESO NACIONAL de Hugo Quezada, un estudio en CDMX que tiene una buen\u00edsima selecci\u00f3n de sintetizadores...","og_url":"https:\/\/errr-magazine.com\/english\/cada-musculo\/","og_site_name":"ERRR MAGAZINE","article_published_time":"2023-02-02T03:12:16+00:00","article_modified_time":"2025-08-15T17:00:04+00:00","og_image":[{"width":1707,"height":2560,"url":"https:\/\/errr-magazine.com\/wp-content\/uploads\/2023\/02\/MEDIANA3-scaled.jpg","type":"image\/jpeg"}],"author":"Mabe Fratti","twitter_card":"summary_large_image","twitter_misc":{"Written by":"Mabe Fratti","Est. reading time":"4 minutes"},"schema":{"@context":"https:\/\/schema.org","@graph":[{"@type":"Article","@id":"https:\/\/errr-magazine.com\/cada-musculo\/#article","isPartOf":{"@id":"https:\/\/errr-magazine.com\/cada-musculo\/"},"author":{"name":"Mabe Fratti","@id":"https:\/\/errr-magazine.com\/#\/schema\/person\/45071f577d52455d3976472dd579fd86"},"headline":"Cada M\u00fasculo","datePublished":"2023-02-02T03:12:16+00:00","dateModified":"2025-08-15T17:00:04+00:00","mainEntityOfPage":{"@id":"https:\/\/errr-magazine.com\/cada-musculo\/"},"wordCount":830,"image":{"@id":"https:\/\/errr-magazine.com\/cada-musculo\/#primaryimage"},"thumbnailUrl":"https:\/\/errr-magazine.com\/wp-content\/uploads\/2023\/02\/MEDIANA3-scaled.jpg","articleSection":["Interview"],"inLanguage":"en-US"},{"@type":"WebPage","@id":"https:\/\/errr-magazine.com\/cada-musculo\/","url":"https:\/\/errr-magazine.com\/cada-musculo\/","name":"Cada M\u00fasculo - ERRR MAGAZINE","isPartOf":{"@id":"https:\/\/errr-magazine.com\/#website"},"primaryImageOfPage":{"@id":"https:\/\/errr-magazine.com\/cada-musculo\/#primaryimage"},"image":{"@id":"https:\/\/errr-magazine.com\/cada-musculo\/#primaryimage"},"thumbnailUrl":"https:\/\/errr-magazine.com\/wp-content\/uploads\/2023\/02\/MEDIANA3-scaled.jpg","datePublished":"2023-02-02T03:12:16+00:00","dateModified":"2025-08-15T17:00:04+00:00","author":{"@id":"https:\/\/errr-magazine.com\/#\/schema\/person\/45071f577d52455d3976472dd579fd86"},"breadcrumb":{"@id":"https:\/\/errr-magazine.com\/cada-musculo\/#breadcrumb"},"inLanguage":"en-US","potentialAction":[{"@type":"ReadAction","target":["https:\/\/errr-magazine.com\/cada-musculo\/"]}]},{"@type":"ImageObject","inLanguage":"en-US","@id":"https:\/\/errr-magazine.com\/cada-musculo\/#primaryimage","url":"https:\/\/errr-magazine.com\/wp-content\/uploads\/2023\/02\/MEDIANA3-scaled.jpg","contentUrl":"https:\/\/errr-magazine.com\/wp-content\/uploads\/2023\/02\/MEDIANA3-scaled.jpg","width":1707,"height":2560,"caption":"Fotograf\u00eda por Melissa Lunar"},{"@type":"BreadcrumbList","@id":"https:\/\/errr-magazine.com\/cada-musculo\/#breadcrumb","itemListElement":[{"@type":"ListItem","position":1,"name":"Portada","item":"https:\/\/errr-magazine.com\/"},{"@type":"ListItem","position":2,"name":"Cada M\u00fasculo"}]},{"@type":"WebSite","@id":"https:\/\/errr-magazine.com\/#website","url":"https:\/\/errr-magazine.com\/","name":"ERRR MAGAZINE","description":"","potentialAction":[{"@type":"SearchAction","target":{"@type":"EntryPoint","urlTemplate":"https:\/\/errr-magazine.com\/?s={search_term_string}"},"query-input":{"@type":"PropertyValueSpecification","valueRequired":true,"valueName":"search_term_string"}}],"inLanguage":"en-US"},{"@type":"Person","@id":"https:\/\/errr-magazine.com\/#\/schema\/person\/45071f577d52455d3976472dd579fd86","name":"Mabe Fratti","image":{"@type":"ImageObject","inLanguage":"en-US","@id":"https:\/\/secure.gravatar.com\/avatar\/ba333b4867e7abe0b7b9b7248502f74e5ca8fd0ba81140d351c41d43c6cecba0?s=96&d=identicon&r=g","url":"https:\/\/secure.gravatar.com\/avatar\/ba333b4867e7abe0b7b9b7248502f74e5ca8fd0ba81140d351c41d43c6cecba0?s=96&d=identicon&r=g","contentUrl":"https:\/\/secure.gravatar.com\/avatar\/ba333b4867e7abe0b7b9b7248502f74e5ca8fd0ba81140d351c41d43c6cecba0?s=96&d=identicon&r=g","caption":"Mabe Fratti"},"description":"Uso mi voz, violonchelo, sintetizadores, y a veces grabaciones de campo para hacer m\u00fasica. Me gusta combinar sonidos 'indigeribles y ruidosos' con los m\u00e1s digeribles.","sameAs":["https:\/\/www.instagram.com\/mabefs"],"url":"https:\/\/errr-magazine.com\/english\/author\/mabe-fratti\/"}]}},"jetpack_featured_media_url":"https:\/\/errr-magazine.com\/wp-content\/uploads\/2023\/02\/MEDIANA3-scaled.jpg","jetpack-related-posts":[{"id":202926,"url":"https:\/\/errr-magazine.com\/english\/corre-y-suelta-a-los-perros\/","url_meta":{"origin":183306,"position":0},"title":"Corre y suelta a los perros","author":"C\u00e9sar y su Jard\u00edn","date":"03\/23\/2026","format":false,"excerpt":"I observed how the music settled into people\u2019s hearts and understood what the most compelling order was\u2014so they wouldn\u2019t let go of our hands and could move lightly and effortlessly through the journey of Corre y suelta a los perros.","rel":"","context":"In &quot;M\u00fasica&quot;","block_context":{"text":"M\u00fasica","link":"https:\/\/errr-magazine.com\/english\/category\/interviews\/musica\/"},"img":{"alt_text":"","src":"https:\/\/i0.wp.com\/errr-magazine.com\/wp-content\/uploads\/2026\/03\/Foto-34-scaled.jpeg?resize=350%2C200&ssl=1","width":350,"height":200,"srcset":"https:\/\/i0.wp.com\/errr-magazine.com\/wp-content\/uploads\/2026\/03\/Foto-34-scaled.jpeg?resize=350%2C200&ssl=1 1x, https:\/\/i0.wp.com\/errr-magazine.com\/wp-content\/uploads\/2026\/03\/Foto-34-scaled.jpeg?resize=525%2C300&ssl=1 1.5x, https:\/\/i0.wp.com\/errr-magazine.com\/wp-content\/uploads\/2026\/03\/Foto-34-scaled.jpeg?resize=700%2C400&ssl=1 2x, https:\/\/i0.wp.com\/errr-magazine.com\/wp-content\/uploads\/2026\/03\/Foto-34-scaled.jpeg?resize=1050%2C600&ssl=1 3x, https:\/\/i0.wp.com\/errr-magazine.com\/wp-content\/uploads\/2026\/03\/Foto-34-scaled.jpeg?resize=1400%2C800&ssl=1 4x"},"classes":[]},{"id":179005,"url":"https:\/\/errr-magazine.com\/english\/1986\/","url_meta":{"origin":183306,"position":1},"title":"1986","author":"La Habitaci\u00f3n Roja","date":"06\/23\/2022","format":false,"excerpt":"Sal a la pista de la vida, d\u00e9jate llevar por su m\u00fasica y vive como sientes. Que no te importe que te puedan juzgar e infravalorar. S\u00e9 t\u00fa misma y deja que esa luz que posees te gu\u00ede y se manifieste en todo su esplendor...","rel":"","context":"In &quot;Interview&quot;","block_context":{"text":"Interview","link":"https:\/\/errr-magazine.com\/english\/category\/interviews\/"},"img":{"alt_text":"","src":"https:\/\/i0.wp.com\/errr-magazine.com\/wp-content\/uploads\/2022\/06\/lhr.jpg?resize=350%2C200&ssl=1","width":350,"height":200,"srcset":"https:\/\/i0.wp.com\/errr-magazine.com\/wp-content\/uploads\/2022\/06\/lhr.jpg?resize=350%2C200&ssl=1 1x, https:\/\/i0.wp.com\/errr-magazine.com\/wp-content\/uploads\/2022\/06\/lhr.jpg?resize=525%2C300&ssl=1 1.5x, https:\/\/i0.wp.com\/errr-magazine.com\/wp-content\/uploads\/2022\/06\/lhr.jpg?resize=700%2C400&ssl=1 2x, https:\/\/i0.wp.com\/errr-magazine.com\/wp-content\/uploads\/2022\/06\/lhr.jpg?resize=1050%2C600&ssl=1 3x, https:\/\/i0.wp.com\/errr-magazine.com\/wp-content\/uploads\/2022\/06\/lhr.jpg?resize=1400%2C800&ssl=1 4x"},"classes":[]},{"id":203547,"url":"https:\/\/errr-magazine.com\/english\/me-da-miedo-ser-feliz\/","url_meta":{"origin":183306,"position":2},"title":"me da miedo ser feliz","author":"bpuntito","date":"04\/03\/2026","format":false,"excerpt":"Mistakes are key to finding the right sound or feeling; making mistakes is the most fun part. Sometimes mistakes stay in the final version because they add a different touch. But trial and error is the only way to get there.\u00a0","rel":"","context":"In &quot;M\u00fasica&quot;","block_context":{"text":"M\u00fasica","link":"https:\/\/errr-magazine.com\/english\/category\/interviews\/musica\/"},"img":{"alt_text":"","src":"https:\/\/i0.wp.com\/errr-magazine.com\/wp-content\/uploads\/2026\/04\/9-copy-1.jpg?resize=350%2C200&ssl=1","width":350,"height":200,"srcset":"https:\/\/i0.wp.com\/errr-magazine.com\/wp-content\/uploads\/2026\/04\/9-copy-1.jpg?resize=350%2C200&ssl=1 1x, https:\/\/i0.wp.com\/errr-magazine.com\/wp-content\/uploads\/2026\/04\/9-copy-1.jpg?resize=525%2C300&ssl=1 1.5x, https:\/\/i0.wp.com\/errr-magazine.com\/wp-content\/uploads\/2026\/04\/9-copy-1.jpg?resize=700%2C400&ssl=1 2x"},"classes":[]},{"id":190103,"url":"https:\/\/errr-magazine.com\/english\/la-funcion\/","url_meta":{"origin":183306,"position":3},"title":"La funci\u00f3n","author":"Apache O'Raspi","date":"05\/28\/2025","format":false,"excerpt":"Siempre he sido un m\u00fasico que busca la colaboraci\u00f3n para lograr nutridos resultados. De hecho creo que uno de los grandes prop\u00f3sitos de la m\u00fasica es unir cabezas.","rel":"","context":"In &quot;Interview&quot;","block_context":{"text":"Interview","link":"https:\/\/errr-magazine.com\/english\/category\/interviews\/"},"img":{"alt_text":"","src":"https:\/\/i0.wp.com\/errr-magazine.com\/wp-content\/uploads\/2025\/05\/Foto-24.jpg?resize=350%2C200&ssl=1","width":350,"height":200,"srcset":"https:\/\/i0.wp.com\/errr-magazine.com\/wp-content\/uploads\/2025\/05\/Foto-24.jpg?resize=350%2C200&ssl=1 1x, https:\/\/i0.wp.com\/errr-magazine.com\/wp-content\/uploads\/2025\/05\/Foto-24.jpg?resize=525%2C300&ssl=1 1.5x, https:\/\/i0.wp.com\/errr-magazine.com\/wp-content\/uploads\/2025\/05\/Foto-24.jpg?resize=700%2C400&ssl=1 2x, https:\/\/i0.wp.com\/errr-magazine.com\/wp-content\/uploads\/2025\/05\/Foto-24.jpg?resize=1050%2C600&ssl=1 3x"},"classes":[]},{"id":202475,"url":"https:\/\/errr-magazine.com\/english\/aniversari-felic\/","url_meta":{"origin":183306,"position":4},"title":"Aniversari feli\u00e7","author":"Ferran Palau","date":"03\/16\/2026","format":false,"excerpt":"The entire recording flowed as if every gesture we made had already been predetermined. I think it has been one of the most peaceful recordings of my life. Every stage of the album\u2014mixing, design, and videos\u2014felt completely natural.","rel":"","context":"In &quot;M\u00fasica&quot;","block_context":{"text":"M\u00fasica","link":"https:\/\/errr-magazine.com\/english\/category\/interviews\/musica\/"},"img":{"alt_text":"","src":"https:\/\/i0.wp.com\/errr-magazine.com\/wp-content\/uploads\/2026\/03\/Ferran-Palau-x-Louise-Sansom_esquena-scaled.jpg?resize=350%2C200&ssl=1","width":350,"height":200,"srcset":"https:\/\/i0.wp.com\/errr-magazine.com\/wp-content\/uploads\/2026\/03\/Ferran-Palau-x-Louise-Sansom_esquena-scaled.jpg?resize=350%2C200&ssl=1 1x, https:\/\/i0.wp.com\/errr-magazine.com\/wp-content\/uploads\/2026\/03\/Ferran-Palau-x-Louise-Sansom_esquena-scaled.jpg?resize=525%2C300&ssl=1 1.5x, https:\/\/i0.wp.com\/errr-magazine.com\/wp-content\/uploads\/2026\/03\/Ferran-Palau-x-Louise-Sansom_esquena-scaled.jpg?resize=700%2C400&ssl=1 2x, https:\/\/i0.wp.com\/errr-magazine.com\/wp-content\/uploads\/2026\/03\/Ferran-Palau-x-Louise-Sansom_esquena-scaled.jpg?resize=1050%2C600&ssl=1 3x, https:\/\/i0.wp.com\/errr-magazine.com\/wp-content\/uploads\/2026\/03\/Ferran-Palau-x-Louise-Sansom_esquena-scaled.jpg?resize=1400%2C800&ssl=1 4x"},"classes":[]},{"id":202534,"url":"https:\/\/errr-magazine.com\/english\/201-2\/","url_meta":{"origin":183306,"position":5},"title":"201","author":"Repion","date":"03\/18\/2026","format":false,"excerpt":"Unlike other albums, this one deals with topics that still hurt or worry us. The process was very fast, and the album reflects our lives, which never stop and are always changing. The songs are like that too.","rel":"","context":"In &quot;M\u00fasica&quot;","block_context":{"text":"M\u00fasica","link":"https:\/\/errr-magazine.com\/english\/category\/interviews\/musica\/"},"img":{"alt_text":"","src":"https:\/\/i0.wp.com\/errr-magazine.com\/wp-content\/uploads\/2026\/03\/Repion_Paz-Vallejo_04-scaled.jpg?resize=350%2C200&ssl=1","width":350,"height":200,"srcset":"https:\/\/i0.wp.com\/errr-magazine.com\/wp-content\/uploads\/2026\/03\/Repion_Paz-Vallejo_04-scaled.jpg?resize=350%2C200&ssl=1 1x, https:\/\/i0.wp.com\/errr-magazine.com\/wp-content\/uploads\/2026\/03\/Repion_Paz-Vallejo_04-scaled.jpg?resize=525%2C300&ssl=1 1.5x, https:\/\/i0.wp.com\/errr-magazine.com\/wp-content\/uploads\/2026\/03\/Repion_Paz-Vallejo_04-scaled.jpg?resize=700%2C400&ssl=1 2x, https:\/\/i0.wp.com\/errr-magazine.com\/wp-content\/uploads\/2026\/03\/Repion_Paz-Vallejo_04-scaled.jpg?resize=1050%2C600&ssl=1 3x, https:\/\/i0.wp.com\/errr-magazine.com\/wp-content\/uploads\/2026\/03\/Repion_Paz-Vallejo_04-scaled.jpg?resize=1400%2C800&ssl=1 4x"},"classes":[]}],"jetpack_sharing_enabled":true,"mfb_rest_fields":["title","yoast_head","yoast_head_json","jetpack_featured_media_url","jetpack-related-posts","jetpack_sharing_enabled"],"_links":{"self":[{"href":"https:\/\/errr-magazine.com\/english\/wp-json\/wp\/v2\/posts\/183306","targetHints":{"allow":["GET"]}}],"collection":[{"href":"https:\/\/errr-magazine.com\/english\/wp-json\/wp\/v2\/posts"}],"about":[{"href":"https:\/\/errr-magazine.com\/english\/wp-json\/wp\/v2\/types\/post"}],"author":[{"embeddable":true,"href":"https:\/\/errr-magazine.com\/english\/wp-json\/wp\/v2\/users\/7616"}],"replies":[{"embeddable":true,"href":"https:\/\/errr-magazine.com\/english\/wp-json\/wp\/v2\/comments?post=183306"}],"version-history":[{"count":5,"href":"https:\/\/errr-magazine.com\/english\/wp-json\/wp\/v2\/posts\/183306\/revisions"}],"predecessor-version":[{"id":183312,"href":"https:\/\/errr-magazine.com\/english\/wp-json\/wp\/v2\/posts\/183306\/revisions\/183312"}],"wp:featuredmedia":[{"embeddable":true,"href":"https:\/\/errr-magazine.com\/english\/wp-json\/wp\/v2\/media\/183305"}],"wp:attachment":[{"href":"https:\/\/errr-magazine.com\/english\/wp-json\/wp\/v2\/media?parent=183306"}],"wp:term":[{"taxonomy":"category","embeddable":true,"href":"https:\/\/errr-magazine.com\/english\/wp-json\/wp\/v2\/categories?post=183306"},{"taxonomy":"post_tag","embeddable":true,"href":"https:\/\/errr-magazine.com\/english\/wp-json\/wp\/v2\/tags?post=183306"}],"curies":[{"name":"wp","href":"https:\/\/api.w.org\/{rel}","templated":true}]}}