{"id":182820,"date":"2022-09-24T17:54:13","date_gmt":"2022-09-24T22:54:13","guid":{"rendered":"https:\/\/errr-magazine.com\/?p=182820"},"modified":"2025-08-15T10:55:58","modified_gmt":"2025-08-15T16:55:58","slug":"el-sonido-amarillo-del-bosque","status":"publish","type":"post","link":"https:\/\/errr-magazine.com\/english\/el-sonido-amarillo-del-bosque\/","title":{"rendered":"El sonido amarillo del bosque"},"content":{"rendered":"<p><strong>\u00bfQu\u00e9 herramientas utilizaste para crear esta pieza?<\/strong><br \/>\nTinta china, tinta india, marcador arquitect\u00f3nico sobre papel algod\u00f3n de 160 gr.<\/p>\n<p><strong>\u00bfC\u00f3mo fue tu proceso creativo?<\/strong><br \/>\nTodos mis procesos son lentos, muy lentos. Casi todo lo que hago toma mucho tiempo en sentirse terminado y salir a la luz, espec\u00edficamente considero mi trabajo en papel como un ejercicio perennemente <em>procesual<\/em> en el aspecto que va tomando forma tras procesos de otra \u00edndole que no es pl\u00e1stica: puede ser resultado de lo experimentado en la danza, alguna frase literaria, el coro de una canci\u00f3n o un relato on\u00edrico.<\/p>\n<p>En mi trabajo pl\u00e1stico, lo figurativo surge sorpresivamente tras la atenta observaci\u00f3n de lo abstracto. Me gusta esconder personajes y sucesos en las distintas capas del proceso, por eso cada \u201cescena\u201d puede tomar meses o incluso a\u00f1os. Esta tinta la comenc\u00e9 por ah\u00ed del 2015 y apenas en 2021 la termin\u00e9. Las fechas, si las recuerdo, las pongo al \u00faltimo, cuando no hay nada m\u00e1s que decir en esa superficie, sin importar mucho cu\u00e1ntos a\u00f1os tom\u00f3 terminarla o en qu\u00e9 a\u00f1o se comenz\u00f3 exactamente.<\/p>\n<p class=\"pull-left\">&#8220;Me gusta esconder personajes y sucesos en las distintas capas del proceso, por eso cada \u201cescena\u201d puede tomar meses o incluso a\u00f1os.&#8221;<\/p>\n<p>Cargo un peque\u00f1o cuaderno y unas acuarelas de viaje a donde sea que voy, ah\u00ed hago apuntes de sensaciones y experiencias a modo de peque\u00f1as abstracciones de color que me remiten a ese punto espec\u00edfico del camino. Algo as\u00ed como tomar fotos cuando se est\u00e1 medio ciego. Luego se quedan ah\u00ed guardadas reposando, como en un \u00e1lbum de fotos familiares despu\u00e9s de un gran viaje. Un d\u00eda, algo sucede que me regresa a ese momento, entonces busco en esos trozos de proceso y contin\u00fao, tal vez un sue\u00f1o se suma a una caminata, o una canci\u00f3n se une a un cuento y se va formando una historia que con mucha paciencia, se va relatando. Es una peque\u00f1a danza en la meditaci\u00f3n propia del uso de la tinta sobre papel.<\/p>\n<p><strong>\u00bfQu\u00e9 sentimientos te llegan cuando miras la pieza terminada?<\/strong><br \/>\nMe remite olores, sensaciones musicales, una cierta luz de X d\u00eda o Y a\u00f1o. Me alegra que alguien m\u00e1s descubra la aparici\u00f3n de alg\u00fan personaje que se asoma entre manchas y trazos, s\u00f3lo para ellxs.<\/p>\n<p><strong>\u00bfQu\u00e9 es lo que m\u00e1s te gusta de esta pieza y por qu\u00e9?<\/strong><br \/>\nQue es chiquita e intrincada, es discreta pero con mucha informaci\u00f3n para qui\u00e9n la nota. Me hace sonre\u00edr, porque me divierte su movimiento y su sonido. En las capas hay peque\u00f1os seres y escenas que se asoman entre la tinta y el fondo del papel, a veces desaparecen y llegan otros nuevos. En el sonido amarillo del bosque, siento que hay un movimiento muy bonito en el caminar de este esp\u00edritu viejo y divertido, a veces siento que va silbando o tarareando un canci\u00f3n que viene de muy atr\u00e1s en su memoria y que todo aquel que la escucha, la conoce.<\/p>\n<p><strong>\u00bfCu\u00e1les fueron tus referencias, influencias o inspiraciones durante tu proceso creativo?<\/strong><br \/>\nSiento que esta pieza tiene un esp\u00edritu muy antiguo, heredado por la cultura profunda del conocimiento y el amor por la naturaleza, de la comprensi\u00f3n del ser uno con ella. Es un poco teatral. Tambi\u00e9n hay humor. Es como la ilustraci\u00f3n de un cuento japon\u00e9s para ni\u00f1os muy viejo. Es un pedazo de papel con una idea muy oriental en el trazo, tiene algo muy propio de la meditaci\u00f3n, del budismo zen y de la danza butoh.<\/p>\n<p class=\"pull-right\">&#8220;Constantemente me pregunto si es una necedad regresar a un trabajo que comenc\u00e9 a\u00f1os antes, pero la certeza del proceso interminable y del acto de caminar, me responde.&#8221;<\/p>\n<p><strong>\u00bfQu\u00e9 es lo que m\u00e1s disfrutaste del proceso?<\/strong><br \/>\nLa tinta y el papel son agua y madera, juntos tambi\u00e9n expresan los ciclos de la tierra. Para m\u00ed fue muy bonito c\u00f3mo algo de mi bosque se retrat\u00f3 en este pedacito de papel y c\u00f3mo se fue revelando con el tiempo muy lentamente, poco a poquito.<\/p>\n<p><strong>\u00bfQu\u00e9 fue lo que m\u00e1s trabajo te cost\u00f3 y c\u00f3mo lo resolviste?<\/strong><br \/>\nSacar la imagen del \u00e1lbum de las memorias y estar segura que hay que continuar contando una historia ah\u00ed en esa superficie, o hay que dejarla ser, darla por terminada o regresar a esperar otra intervenci\u00f3n en otro momento en el 2050. Al final sab\u00eda que ten\u00eda que seguirla trabajando. Constantemente me pregunto si es una necedad regresar a un trabajo que comenc\u00e9 a\u00f1os antes, pero la certeza del proceso interminable y del acto de caminar, me responde.<\/p>\n<p><strong>\u00bfEn d\u00f3nde te gustar\u00eda ver esta pieza exhibida?<\/strong><br \/>\nEn un peque\u00f1o altar dedicado a los sonidos sin testigos, bajo un \u00e1rbol muy grande y viejo en medio del bosque.<\/p>","protected":false},"excerpt":{"rendered":"<p>Me gusta esconder personajes y sucesos en las distintas capas del proceso, por eso cada \u201cescena\u201d puede tomar meses o incluso a\u00f1os&#8230;<\/p>","protected":false},"author":7605,"featured_media":182821,"comment_status":"closed","ping_status":"closed","sticky":false,"template":"","format":"standard","meta":{"_acf_changed":false,"cybocfi_hide_featured_image":"","_jetpack_memberships_contains_paid_content":false,"footnotes":""},"categories":[17849],"tags":[],"class_list":["post-182820","post","type-post","status-publish","format-standard","has-post-thumbnail","hentry","category-interviews"],"acf":[],"mb":[],"yoast_head":"<!-- This site is optimized with the Yoast SEO plugin v27.2 - https:\/\/yoast.com\/product\/yoast-seo-wordpress\/ -->\n<title>El sonido amarillo del bosque - ERRR MAGAZINE<\/title>\n<meta name=\"robots\" content=\"index, follow, max-snippet:-1, max-image-preview:large, max-video-preview:-1\" \/>\n<link rel=\"canonical\" href=\"https:\/\/errr-magazine.com\/english\/el-sonido-amarillo-del-bosque\/\" \/>\n<meta property=\"og:locale\" content=\"en_US\" \/>\n<meta property=\"og:type\" content=\"article\" \/>\n<meta property=\"og:title\" content=\"El sonido amarillo del bosque - ERRR MAGAZINE\" \/>\n<meta property=\"og:description\" content=\"Me gusta esconder personajes y sucesos en las distintas capas del proceso, por eso cada \u201cescena\u201d puede tomar meses o incluso a\u00f1os...\" \/>\n<meta property=\"og:url\" content=\"https:\/\/errr-magazine.com\/english\/el-sonido-amarillo-del-bosque\/\" \/>\n<meta property=\"og:site_name\" content=\"ERRR MAGAZINE\" \/>\n<meta property=\"article:published_time\" content=\"2022-09-24T22:54:13+00:00\" \/>\n<meta property=\"article:modified_time\" content=\"2025-08-15T16:55:58+00:00\" \/>\n<meta property=\"og:image\" content=\"https:\/\/errr-magazine.com\/wp-content\/uploads\/2022\/09\/ESAB_DQV-768x1024.jpg\" \/>\n\t<meta property=\"og:image:width\" content=\"768\" \/>\n\t<meta property=\"og:image:height\" content=\"1024\" \/>\n\t<meta property=\"og:image:type\" content=\"image\/jpeg\" \/>\n<meta name=\"author\" content=\"Diana Quintero Vallejo\" \/>\n<meta name=\"twitter:card\" content=\"summary_large_image\" \/>\n<meta name=\"twitter:label1\" content=\"Written by\" \/>\n\t<meta name=\"twitter:data1\" content=\"Diana Quintero Vallejo\" \/>\n\t<meta name=\"twitter:label2\" content=\"Est. reading time\" \/>\n\t<meta name=\"twitter:data2\" content=\"4 minutes\" \/>\n<script type=\"application\/ld+json\" class=\"yoast-schema-graph\">{\"@context\":\"https:\/\/schema.org\",\"@graph\":[{\"@type\":\"Article\",\"@id\":\"https:\/\/errr-magazine.com\/el-sonido-amarillo-del-bosque\/#article\",\"isPartOf\":{\"@id\":\"https:\/\/errr-magazine.com\/el-sonido-amarillo-del-bosque\/\"},\"author\":{\"name\":\"Diana Quintero Vallejo\",\"@id\":\"https:\/\/errr-magazine.com\/#\/schema\/person\/a7347c0fc0887e0ea992dbeafce2f2b9\"},\"headline\":\"El sonido amarillo del bosque\",\"datePublished\":\"2022-09-24T22:54:13+00:00\",\"dateModified\":\"2025-08-15T16:55:58+00:00\",\"mainEntityOfPage\":{\"@id\":\"https:\/\/errr-magazine.com\/el-sonido-amarillo-del-bosque\/\"},\"wordCount\":840,\"image\":{\"@id\":\"https:\/\/errr-magazine.com\/el-sonido-amarillo-del-bosque\/#primaryimage\"},\"thumbnailUrl\":\"https:\/\/errr-magazine.com\/wp-content\/uploads\/2022\/09\/ESAB_DQV.jpg\",\"articleSection\":[\"Interview\"],\"inLanguage\":\"en-US\"},{\"@type\":\"WebPage\",\"@id\":\"https:\/\/errr-magazine.com\/el-sonido-amarillo-del-bosque\/\",\"url\":\"https:\/\/errr-magazine.com\/el-sonido-amarillo-del-bosque\/\",\"name\":\"El sonido amarillo del bosque - ERRR MAGAZINE\",\"isPartOf\":{\"@id\":\"https:\/\/errr-magazine.com\/#website\"},\"primaryImageOfPage\":{\"@id\":\"https:\/\/errr-magazine.com\/el-sonido-amarillo-del-bosque\/#primaryimage\"},\"image\":{\"@id\":\"https:\/\/errr-magazine.com\/el-sonido-amarillo-del-bosque\/#primaryimage\"},\"thumbnailUrl\":\"https:\/\/errr-magazine.com\/wp-content\/uploads\/2022\/09\/ESAB_DQV.jpg\",\"datePublished\":\"2022-09-24T22:54:13+00:00\",\"dateModified\":\"2025-08-15T16:55:58+00:00\",\"author\":{\"@id\":\"https:\/\/errr-magazine.com\/#\/schema\/person\/a7347c0fc0887e0ea992dbeafce2f2b9\"},\"breadcrumb\":{\"@id\":\"https:\/\/errr-magazine.com\/el-sonido-amarillo-del-bosque\/#breadcrumb\"},\"inLanguage\":\"en-US\",\"potentialAction\":[{\"@type\":\"ReadAction\",\"target\":[\"https:\/\/errr-magazine.com\/el-sonido-amarillo-del-bosque\/\"]}]},{\"@type\":\"ImageObject\",\"inLanguage\":\"en-US\",\"@id\":\"https:\/\/errr-magazine.com\/el-sonido-amarillo-del-bosque\/#primaryimage\",\"url\":\"https:\/\/errr-magazine.com\/wp-content\/uploads\/2022\/09\/ESAB_DQV.jpg\",\"contentUrl\":\"https:\/\/errr-magazine.com\/wp-content\/uploads\/2022\/09\/ESAB_DQV.jpg\",\"width\":1500,\"height\":2000,\"caption\":\"Arte por Diana Quintero Vallejo (17 x 24.5 cm)\"},{\"@type\":\"BreadcrumbList\",\"@id\":\"https:\/\/errr-magazine.com\/el-sonido-amarillo-del-bosque\/#breadcrumb\",\"itemListElement\":[{\"@type\":\"ListItem\",\"position\":1,\"name\":\"Portada\",\"item\":\"https:\/\/errr-magazine.com\/\"},{\"@type\":\"ListItem\",\"position\":2,\"name\":\"El sonido amarillo del bosque\"}]},{\"@type\":\"WebSite\",\"@id\":\"https:\/\/errr-magazine.com\/#website\",\"url\":\"https:\/\/errr-magazine.com\/\",\"name\":\"ERRR MAGAZINE\",\"description\":\"\",\"potentialAction\":[{\"@type\":\"SearchAction\",\"target\":{\"@type\":\"EntryPoint\",\"urlTemplate\":\"https:\/\/errr-magazine.com\/?s={search_term_string}\"},\"query-input\":{\"@type\":\"PropertyValueSpecification\",\"valueRequired\":true,\"valueName\":\"search_term_string\"}}],\"inLanguage\":\"en-US\"},{\"@type\":\"Person\",\"@id\":\"https:\/\/errr-magazine.com\/#\/schema\/person\/a7347c0fc0887e0ea992dbeafce2f2b9\",\"name\":\"Diana Quintero Vallejo\",\"image\":{\"@type\":\"ImageObject\",\"inLanguage\":\"en-US\",\"@id\":\"https:\/\/secure.gravatar.com\/avatar\/9a94a70fc01e1065b1c709bd2f4efdd8d6dfb4e4c6ea7c2fef37d75347f1ecf2?s=96&d=identicon&r=g\",\"url\":\"https:\/\/secure.gravatar.com\/avatar\/9a94a70fc01e1065b1c709bd2f4efdd8d6dfb4e4c6ea7c2fef37d75347f1ecf2?s=96&d=identicon&r=g\",\"contentUrl\":\"https:\/\/secure.gravatar.com\/avatar\/9a94a70fc01e1065b1c709bd2f4efdd8d6dfb4e4c6ea7c2fef37d75347f1ecf2?s=96&d=identicon&r=g\",\"caption\":\"Diana Quintero Vallejo\"},\"description\":\"Soy Diana, mujer latina, artista transdisciplinar, creadora de apodos profesional y dise\u00f1adora de ideas cursil\u00edneas. Danzo con el esp\u00edritu de la m\u00fasica todos los d\u00edas. Fumo mucho.\",\"sameAs\":[\"https:\/\/instagram.com\/dianidivx\"],\"url\":\"https:\/\/errr-magazine.com\/english\/author\/diana-quintero-vallejo\/\"}]}<\/script>\n<!-- \/ Yoast SEO plugin. -->","yoast_head_json":{"title":"El sonido amarillo del bosque - ERRR MAGAZINE","robots":{"index":"index","follow":"follow","max-snippet":"max-snippet:-1","max-image-preview":"max-image-preview:large","max-video-preview":"max-video-preview:-1"},"canonical":"https:\/\/errr-magazine.com\/english\/el-sonido-amarillo-del-bosque\/","og_locale":"en_US","og_type":"article","og_title":"El sonido amarillo del bosque - ERRR MAGAZINE","og_description":"Me gusta esconder personajes y sucesos en las distintas capas del proceso, por eso cada \u201cescena\u201d puede tomar meses o incluso a\u00f1os...","og_url":"https:\/\/errr-magazine.com\/english\/el-sonido-amarillo-del-bosque\/","og_site_name":"ERRR MAGAZINE","article_published_time":"2022-09-24T22:54:13+00:00","article_modified_time":"2025-08-15T16:55:58+00:00","og_image":[{"width":768,"height":1024,"url":"https:\/\/errr-magazine.com\/wp-content\/uploads\/2022\/09\/ESAB_DQV-768x1024.jpg","type":"image\/jpeg"}],"author":"Diana Quintero Vallejo","twitter_card":"summary_large_image","twitter_misc":{"Written by":"Diana Quintero Vallejo","Est. reading time":"4 minutes"},"schema":{"@context":"https:\/\/schema.org","@graph":[{"@type":"Article","@id":"https:\/\/errr-magazine.com\/el-sonido-amarillo-del-bosque\/#article","isPartOf":{"@id":"https:\/\/errr-magazine.com\/el-sonido-amarillo-del-bosque\/"},"author":{"name":"Diana Quintero Vallejo","@id":"https:\/\/errr-magazine.com\/#\/schema\/person\/a7347c0fc0887e0ea992dbeafce2f2b9"},"headline":"El sonido amarillo del bosque","datePublished":"2022-09-24T22:54:13+00:00","dateModified":"2025-08-15T16:55:58+00:00","mainEntityOfPage":{"@id":"https:\/\/errr-magazine.com\/el-sonido-amarillo-del-bosque\/"},"wordCount":840,"image":{"@id":"https:\/\/errr-magazine.com\/el-sonido-amarillo-del-bosque\/#primaryimage"},"thumbnailUrl":"https:\/\/errr-magazine.com\/wp-content\/uploads\/2022\/09\/ESAB_DQV.jpg","articleSection":["Interview"],"inLanguage":"en-US"},{"@type":"WebPage","@id":"https:\/\/errr-magazine.com\/el-sonido-amarillo-del-bosque\/","url":"https:\/\/errr-magazine.com\/el-sonido-amarillo-del-bosque\/","name":"El sonido amarillo del bosque - ERRR MAGAZINE","isPartOf":{"@id":"https:\/\/errr-magazine.com\/#website"},"primaryImageOfPage":{"@id":"https:\/\/errr-magazine.com\/el-sonido-amarillo-del-bosque\/#primaryimage"},"image":{"@id":"https:\/\/errr-magazine.com\/el-sonido-amarillo-del-bosque\/#primaryimage"},"thumbnailUrl":"https:\/\/errr-magazine.com\/wp-content\/uploads\/2022\/09\/ESAB_DQV.jpg","datePublished":"2022-09-24T22:54:13+00:00","dateModified":"2025-08-15T16:55:58+00:00","author":{"@id":"https:\/\/errr-magazine.com\/#\/schema\/person\/a7347c0fc0887e0ea992dbeafce2f2b9"},"breadcrumb":{"@id":"https:\/\/errr-magazine.com\/el-sonido-amarillo-del-bosque\/#breadcrumb"},"inLanguage":"en-US","potentialAction":[{"@type":"ReadAction","target":["https:\/\/errr-magazine.com\/el-sonido-amarillo-del-bosque\/"]}]},{"@type":"ImageObject","inLanguage":"en-US","@id":"https:\/\/errr-magazine.com\/el-sonido-amarillo-del-bosque\/#primaryimage","url":"https:\/\/errr-magazine.com\/wp-content\/uploads\/2022\/09\/ESAB_DQV.jpg","contentUrl":"https:\/\/errr-magazine.com\/wp-content\/uploads\/2022\/09\/ESAB_DQV.jpg","width":1500,"height":2000,"caption":"Arte por Diana Quintero Vallejo (17 x 24.5 cm)"},{"@type":"BreadcrumbList","@id":"https:\/\/errr-magazine.com\/el-sonido-amarillo-del-bosque\/#breadcrumb","itemListElement":[{"@type":"ListItem","position":1,"name":"Portada","item":"https:\/\/errr-magazine.com\/"},{"@type":"ListItem","position":2,"name":"El sonido amarillo del bosque"}]},{"@type":"WebSite","@id":"https:\/\/errr-magazine.com\/#website","url":"https:\/\/errr-magazine.com\/","name":"ERRR MAGAZINE","description":"","potentialAction":[{"@type":"SearchAction","target":{"@type":"EntryPoint","urlTemplate":"https:\/\/errr-magazine.com\/?s={search_term_string}"},"query-input":{"@type":"PropertyValueSpecification","valueRequired":true,"valueName":"search_term_string"}}],"inLanguage":"en-US"},{"@type":"Person","@id":"https:\/\/errr-magazine.com\/#\/schema\/person\/a7347c0fc0887e0ea992dbeafce2f2b9","name":"Diana Quintero Vallejo","image":{"@type":"ImageObject","inLanguage":"en-US","@id":"https:\/\/secure.gravatar.com\/avatar\/9a94a70fc01e1065b1c709bd2f4efdd8d6dfb4e4c6ea7c2fef37d75347f1ecf2?s=96&d=identicon&r=g","url":"https:\/\/secure.gravatar.com\/avatar\/9a94a70fc01e1065b1c709bd2f4efdd8d6dfb4e4c6ea7c2fef37d75347f1ecf2?s=96&d=identicon&r=g","contentUrl":"https:\/\/secure.gravatar.com\/avatar\/9a94a70fc01e1065b1c709bd2f4efdd8d6dfb4e4c6ea7c2fef37d75347f1ecf2?s=96&d=identicon&r=g","caption":"Diana Quintero Vallejo"},"description":"Soy Diana, mujer latina, artista transdisciplinar, creadora de apodos profesional y dise\u00f1adora de ideas cursil\u00edneas. Danzo con el esp\u00edritu de la m\u00fasica todos los d\u00edas. Fumo mucho.","sameAs":["https:\/\/instagram.com\/dianidivx"],"url":"https:\/\/errr-magazine.com\/english\/author\/diana-quintero-vallejo\/"}]}},"jetpack_featured_media_url":"https:\/\/errr-magazine.com\/wp-content\/uploads\/2022\/09\/ESAB_DQV.jpg","jetpack-related-posts":[{"id":202824,"url":"https:\/\/errr-magazine.com\/english\/otra-ciudad-para-otra-vida\/","url_meta":{"origin":182820,"position":0},"title":"Another City for Another Life","author":"Martin Lacreuse","date":"03\/22\/2026","format":false,"excerpt":"I don\u2019t have a conceptual approach to art. Almost provocatively, I would say I have no ideas. In reality, I try not to have any. I would like to simply make a image randomly, throwing pieces of paper onto a blank sheet.","rel":"","context":"In &quot;Artes visuales&quot;","block_context":{"text":"Artes visuales","link":"https:\/\/errr-magazine.com\/english\/category\/interviews\/artes-visuales\/"},"img":{"alt_text":"","src":"https:\/\/i0.wp.com\/errr-magazine.com\/wp-content\/uploads\/2026\/03\/Feuilles04.jpg?resize=350%2C200&ssl=1","width":350,"height":200,"srcset":"https:\/\/i0.wp.com\/errr-magazine.com\/wp-content\/uploads\/2026\/03\/Feuilles04.jpg?resize=350%2C200&ssl=1 1x, https:\/\/i0.wp.com\/errr-magazine.com\/wp-content\/uploads\/2026\/03\/Feuilles04.jpg?resize=525%2C300&ssl=1 1.5x, https:\/\/i0.wp.com\/errr-magazine.com\/wp-content\/uploads\/2026\/03\/Feuilles04.jpg?resize=700%2C400&ssl=1 2x, https:\/\/i0.wp.com\/errr-magazine.com\/wp-content\/uploads\/2026\/03\/Feuilles04.jpg?resize=1050%2C600&ssl=1 3x"},"classes":[]},{"id":180930,"url":"https:\/\/errr-magazine.com\/english\/el-brujo\/","url_meta":{"origin":182820,"position":1},"title":"El Brujo","author":"ZOOT","date":"07\/21\/2022","format":false,"excerpt":"Somos una banda que compone con cierta tranquilidad, que a veces puede confundirse con lentitud, pero lo disfrutamos a este proceso por lo tanto, \u00bfqui\u00e9n nos apura? Nadie, eso es lo lindo...","rel":"","context":"In &quot;Interview&quot;","block_context":{"text":"Interview","link":"https:\/\/errr-magazine.com\/english\/category\/interviews\/"},"img":{"alt_text":"","src":"https:\/\/i0.wp.com\/errr-magazine.com\/wp-content\/uploads\/2022\/07\/Zoot-8edit.jpg?resize=350%2C200&ssl=1","width":350,"height":200,"srcset":"https:\/\/i0.wp.com\/errr-magazine.com\/wp-content\/uploads\/2022\/07\/Zoot-8edit.jpg?resize=350%2C200&ssl=1 1x, https:\/\/i0.wp.com\/errr-magazine.com\/wp-content\/uploads\/2022\/07\/Zoot-8edit.jpg?resize=525%2C300&ssl=1 1.5x, https:\/\/i0.wp.com\/errr-magazine.com\/wp-content\/uploads\/2022\/07\/Zoot-8edit.jpg?resize=700%2C400&ssl=1 2x, https:\/\/i0.wp.com\/errr-magazine.com\/wp-content\/uploads\/2022\/07\/Zoot-8edit.jpg?resize=1050%2C600&ssl=1 3x, https:\/\/i0.wp.com\/errr-magazine.com\/wp-content\/uploads\/2022\/07\/Zoot-8edit.jpg?resize=1400%2C800&ssl=1 4x"},"classes":[]},{"id":153783,"url":"https:\/\/errr-magazine.com\/english\/mordidas\/","url_meta":{"origin":182820,"position":2},"title":"Mordidas","author":"Brend_azul","date":"01\/06\/2019","format":false,"excerpt":"He tenido cicatrices por dem\u00e1s. Unas grandes y otras sin importancia. Se han esfumado todas sin da\u00f1ar. Las manos en la pierna. Las miradas con conversaciones inmensas. Los golpes de lado con los hombros. Las caminatas tomados de las manos. El dolor en las mejillas calientes. Mordidas. En su lugar.\u2026","rel":"","context":"In &quot;Textos&quot;","block_context":{"text":"Textos","link":"https:\/\/errr-magazine.com\/english\/category\/textos\/"},"img":{"alt_text":"","src":"","width":0,"height":0},"classes":[]},{"id":201973,"url":"https:\/\/errr-magazine.com\/english\/un-fenix-despierta\/","url_meta":{"origin":182820,"position":3},"title":"A Phoenix Awakens","author":"Sean Smith","date":"03\/10\/2026","format":false,"excerpt":"Despite usually engaging in street photography and photojournalism, I've been slowly formulating an idea for a photographic book on the art form and culture surrounding tattooing.","rel":"","context":"In &quot;Artes visuales&quot;","block_context":{"text":"Artes visuales","link":"https:\/\/errr-magazine.com\/english\/category\/interviews\/artes-visuales\/"},"img":{"alt_text":"","src":"https:\/\/i0.wp.com\/errr-magazine.com\/wp-content\/uploads\/2026\/03\/Selfie_0000940007_.jpg?resize=350%2C200&ssl=1","width":350,"height":200,"srcset":"https:\/\/i0.wp.com\/errr-magazine.com\/wp-content\/uploads\/2026\/03\/Selfie_0000940007_.jpg?resize=350%2C200&ssl=1 1x, https:\/\/i0.wp.com\/errr-magazine.com\/wp-content\/uploads\/2026\/03\/Selfie_0000940007_.jpg?resize=525%2C300&ssl=1 1.5x, https:\/\/i0.wp.com\/errr-magazine.com\/wp-content\/uploads\/2026\/03\/Selfie_0000940007_.jpg?resize=700%2C400&ssl=1 2x, https:\/\/i0.wp.com\/errr-magazine.com\/wp-content\/uploads\/2026\/03\/Selfie_0000940007_.jpg?resize=1050%2C600&ssl=1 3x, https:\/\/i0.wp.com\/errr-magazine.com\/wp-content\/uploads\/2026\/03\/Selfie_0000940007_.jpg?resize=1400%2C800&ssl=1 4x"},"classes":[]},{"id":189964,"url":"https:\/\/errr-magazine.com\/english\/conectar-con-el-lugar\/","url_meta":{"origin":182820,"position":4},"title":"Conectar con el lugar","author":"Nuria Casamira Ruiz","date":"05\/28\/2025","format":false,"excerpt":"Pasar tiempo contemplando la naturaleza hermosa, las olas, las mareas y los animalitos en la selva me ayuda a cultivar nuevas ideas, que trato de anotar en una libreta, para que no se escapen.","rel":"","context":"In &quot;Interview&quot;","block_context":{"text":"Interview","link":"https:\/\/errr-magazine.com\/english\/category\/interviews\/"},"img":{"alt_text":"","src":"https:\/\/i0.wp.com\/errr-magazine.com\/wp-content\/uploads\/2025\/05\/nuria5.png?resize=350%2C200&ssl=1","width":350,"height":200,"srcset":"https:\/\/i0.wp.com\/errr-magazine.com\/wp-content\/uploads\/2025\/05\/nuria5.png?resize=350%2C200&ssl=1 1x, https:\/\/i0.wp.com\/errr-magazine.com\/wp-content\/uploads\/2025\/05\/nuria5.png?resize=525%2C300&ssl=1 1.5x, https:\/\/i0.wp.com\/errr-magazine.com\/wp-content\/uploads\/2025\/05\/nuria5.png?resize=700%2C400&ssl=1 2x, https:\/\/i0.wp.com\/errr-magazine.com\/wp-content\/uploads\/2025\/05\/nuria5.png?resize=1050%2C600&ssl=1 3x"},"classes":[]},{"id":183625,"url":"https:\/\/errr-magazine.com\/english\/no-eras-tu\/","url_meta":{"origin":182820,"position":5},"title":"No eras t\u00fa","author":"Hasumi","date":"03\/20\/2023","format":false,"excerpt":"la sensaci\u00f3n de caer en picada entre finas hojas de papel y tinta derramada ante tu nombre tu pecho es firme y provocas en m\u00ed una sed de eterno recuerdo al tenerte...","rel":"","context":"In &quot;Writing&quot;","block_context":{"text":"Writing","link":"https:\/\/errr-magazine.com\/english\/category\/writing\/"},"img":{"alt_text":"","src":"https:\/\/i0.wp.com\/errr-magazine.com\/wp-content\/uploads\/2023\/03\/9021541024_1e2cd604a2_o.jpg?resize=350%2C200&ssl=1","width":350,"height":200,"srcset":"https:\/\/i0.wp.com\/errr-magazine.com\/wp-content\/uploads\/2023\/03\/9021541024_1e2cd604a2_o.jpg?resize=350%2C200&ssl=1 1x, https:\/\/i0.wp.com\/errr-magazine.com\/wp-content\/uploads\/2023\/03\/9021541024_1e2cd604a2_o.jpg?resize=525%2C300&ssl=1 1.5x, https:\/\/i0.wp.com\/errr-magazine.com\/wp-content\/uploads\/2023\/03\/9021541024_1e2cd604a2_o.jpg?resize=700%2C400&ssl=1 2x, https:\/\/i0.wp.com\/errr-magazine.com\/wp-content\/uploads\/2023\/03\/9021541024_1e2cd604a2_o.jpg?resize=1050%2C600&ssl=1 3x, https:\/\/i0.wp.com\/errr-magazine.com\/wp-content\/uploads\/2023\/03\/9021541024_1e2cd604a2_o.jpg?resize=1400%2C800&ssl=1 4x"},"classes":[]}],"jetpack_sharing_enabled":true,"mfb_rest_fields":["title","yoast_head","yoast_head_json","jetpack_featured_media_url","jetpack-related-posts","jetpack_sharing_enabled"],"_links":{"self":[{"href":"https:\/\/errr-magazine.com\/english\/wp-json\/wp\/v2\/posts\/182820","targetHints":{"allow":["GET"]}}],"collection":[{"href":"https:\/\/errr-magazine.com\/english\/wp-json\/wp\/v2\/posts"}],"about":[{"href":"https:\/\/errr-magazine.com\/english\/wp-json\/wp\/v2\/types\/post"}],"author":[{"embeddable":true,"href":"https:\/\/errr-magazine.com\/english\/wp-json\/wp\/v2\/users\/7605"}],"replies":[{"embeddable":true,"href":"https:\/\/errr-magazine.com\/english\/wp-json\/wp\/v2\/comments?post=182820"}],"version-history":[{"count":4,"href":"https:\/\/errr-magazine.com\/english\/wp-json\/wp\/v2\/posts\/182820\/revisions"}],"predecessor-version":[{"id":182826,"href":"https:\/\/errr-magazine.com\/english\/wp-json\/wp\/v2\/posts\/182820\/revisions\/182826"}],"wp:featuredmedia":[{"embeddable":true,"href":"https:\/\/errr-magazine.com\/english\/wp-json\/wp\/v2\/media\/182821"}],"wp:attachment":[{"href":"https:\/\/errr-magazine.com\/english\/wp-json\/wp\/v2\/media?parent=182820"}],"wp:term":[{"taxonomy":"category","embeddable":true,"href":"https:\/\/errr-magazine.com\/english\/wp-json\/wp\/v2\/categories?post=182820"},{"taxonomy":"post_tag","embeddable":true,"href":"https:\/\/errr-magazine.com\/english\/wp-json\/wp\/v2\/tags?post=182820"}],"curies":[{"name":"wp","href":"https:\/\/api.w.org\/{rel}","templated":true}]}}