{"id":182638,"date":"2022-08-30T02:05:12","date_gmt":"2022-08-30T07:05:12","guid":{"rendered":"https:\/\/errr-magazine.com\/?p=182638"},"modified":"2025-08-15T10:55:58","modified_gmt":"2025-08-15T16:55:58","slug":"el-pau-no-quiere","status":"publish","type":"post","link":"https:\/\/errr-magazine.com\/english\/el-pau-no-quiere\/","title":{"rendered":"El Pau no quiere"},"content":{"rendered":"<p><strong>\u00bfQu\u00e9 c\u00e1mara utilizaste para hacer esta fotograf\u00eda?<\/strong><br \/>\nCanon 5d mkII.<\/p>\n<p><strong>\u00bfC\u00f3mo fue el proceso de editarla?<\/strong><br \/>\nNormalmente disparo en anal\u00f3gico, pero desde que los precios se han disparado, estoy migrando cada vez m\u00e1s hacia digital. A\u00fan as\u00ed intento editar del mismo modo que hago fotos en pel\u00edcula. Lightroom\/photoshop y ajustes m\u00ednimos de contraste y niveles.<\/p>\n<p class=\"pull-left\">&#8220;Desde hace un tiempo hasta ahora, me he dado cuenta que lo que m\u00e1s me importa en las fotos son las personas. Y, en concreto, personas que quiero o que me importan. La gente random que sale de tanto en tanto, con el tiempo se desvanece. Los importantes se quedan&#8221;.<\/p>\n<p><strong>\u00bfQu\u00e9 recuerdas del d\u00eda en que la tomaste?<\/strong><br \/>\nEstaba muy cansado despu\u00e9s del trabajo, pero el Pau trajo birras y levant\u00f3 la tarde. Pusimos unos discos y preparamos la sesi\u00f3n. Amigos, m\u00fasica y fotos siempre es un combo ganador.<\/p>\n<p><strong>\u00bfQu\u00e9 es lo que m\u00e1s te gusta de esta fotograf\u00eda y por qu\u00e9?<\/strong><br \/>\nLa sinceridad de la mirada, no hay trampa ni cart\u00f3n.<\/p>\n<p><strong>\u00bfCu\u00e1les fueron tus referencias, influencias o inspiraciones durante tu proceso creativo?<\/strong><br \/>\nMe gustan los retratos sinceros, sin florituras. Por eso no uso props ni filtros ni cosas que distraigan de lo verdaderamente importante, el sujeto.<\/p>\n<p><strong>\u00bfQu\u00e9 es lo que m\u00e1s disfrutaste del proceso?<\/strong><br \/>\nEl rato que echamos juntos hablando de esto y aquello. Luego revisar las fotos juntos y editarlas mano a mano. Me gusta recibir feedback directo, una de las ventajas de disparar en digital.<\/p>\n<p><strong>\u00bfQu\u00e9 fue lo que m\u00e1s trabajo te cost\u00f3 y c\u00f3mo lo resolviste?<\/strong><br \/>\nEl Pau no estaba c\u00f3modo al principio, pero a la que empezamos, entre conversaci\u00f3n y m\u00fasica, se relaj\u00f3 y solt\u00f3.<\/p>\n<p><strong>\u00bfEn qu\u00e9 formato y en d\u00f3nde te gustar\u00eda verla expuesta?<\/strong><br \/>\nEstar\u00eda bien alg\u00fan d\u00eda hacer una exposici\u00f3n con retratos de gente que en alg\u00fan momento ha hecho mella en mi vida. Me gustar\u00eda verla ah\u00ed expuesta entre otras tantas de mi gente.<\/p>","protected":false},"excerpt":{"rendered":"<p>Desde hace un tiempo hasta ahora, me he dado cuenta que lo que m\u00e1s me importa en las fotos son las personas. Y, en concreto, personas que quiero o que me importan&#8230;<\/p>","protected":false},"author":7591,"featured_media":182639,"comment_status":"closed","ping_status":"closed","sticky":false,"template":"","format":"standard","meta":{"_acf_changed":false,"cybocfi_hide_featured_image":"","_jetpack_memberships_contains_paid_content":false,"footnotes":""},"categories":[17849],"tags":[],"class_list":["post-182638","post","type-post","status-publish","format-standard","has-post-thumbnail","hentry","category-interviews"],"acf":[],"mb":[],"yoast_head":"<!-- This site is optimized with the Yoast SEO plugin v27.2 - https:\/\/yoast.com\/product\/yoast-seo-wordpress\/ -->\n<title>El Pau no quiere - ERRR MAGAZINE<\/title>\n<meta name=\"robots\" content=\"index, follow, max-snippet:-1, max-image-preview:large, max-video-preview:-1\" \/>\n<link rel=\"canonical\" href=\"https:\/\/errr-magazine.com\/english\/el-pau-no-quiere\/\" \/>\n<meta property=\"og:locale\" content=\"en_US\" \/>\n<meta property=\"og:type\" content=\"article\" \/>\n<meta property=\"og:title\" content=\"El Pau no quiere - ERRR MAGAZINE\" \/>\n<meta property=\"og:description\" content=\"Desde hace un tiempo hasta ahora, me he dado cuenta que lo que m\u00e1s me importa en las fotos son las personas. Y, en concreto, personas que quiero o que me importan...\" \/>\n<meta property=\"og:url\" content=\"https:\/\/errr-magazine.com\/english\/el-pau-no-quiere\/\" \/>\n<meta property=\"og:site_name\" content=\"ERRR MAGAZINE\" \/>\n<meta property=\"article:published_time\" content=\"2022-08-30T07:05:12+00:00\" \/>\n<meta property=\"article:modified_time\" content=\"2025-08-15T16:55:58+00:00\" \/>\n<meta property=\"og:image\" content=\"https:\/\/errr-magazine.com\/wp-content\/uploads\/2022\/08\/6B403012-1856-48AB-B405-12EE4E21837F-1.jpeg\" \/>\n\t<meta property=\"og:image:width\" content=\"1500\" \/>\n\t<meta property=\"og:image:height\" content=\"2181\" \/>\n\t<meta property=\"og:image:type\" content=\"image\/jpeg\" \/>\n<meta name=\"author\" content=\"Jose Trias\" \/>\n<meta name=\"twitter:card\" content=\"summary_large_image\" \/>\n<meta name=\"twitter:label1\" content=\"Written by\" \/>\n\t<meta name=\"twitter:data1\" content=\"Jose Trias\" \/>\n\t<meta name=\"twitter:label2\" content=\"Est. reading time\" \/>\n\t<meta name=\"twitter:data2\" content=\"2 minutes\" \/>\n<script type=\"application\/ld+json\" class=\"yoast-schema-graph\">{\"@context\":\"https:\/\/schema.org\",\"@graph\":[{\"@type\":\"Article\",\"@id\":\"https:\/\/errr-magazine.com\/el-pau-no-quiere\/#article\",\"isPartOf\":{\"@id\":\"https:\/\/errr-magazine.com\/el-pau-no-quiere\/\"},\"author\":{\"name\":\"Jose Trias\",\"@id\":\"https:\/\/errr-magazine.com\/#\/schema\/person\/ed172c56f08336703cd469436c501607\"},\"headline\":\"El Pau no quiere\",\"datePublished\":\"2022-08-30T07:05:12+00:00\",\"dateModified\":\"2025-08-15T16:55:58+00:00\",\"mainEntityOfPage\":{\"@id\":\"https:\/\/errr-magazine.com\/el-pau-no-quiere\/\"},\"wordCount\":353,\"image\":{\"@id\":\"https:\/\/errr-magazine.com\/el-pau-no-quiere\/#primaryimage\"},\"thumbnailUrl\":\"https:\/\/errr-magazine.com\/wp-content\/uploads\/2022\/08\/6B403012-1856-48AB-B405-12EE4E21837F-1.jpeg\",\"articleSection\":[\"Interview\"],\"inLanguage\":\"en-US\"},{\"@type\":\"WebPage\",\"@id\":\"https:\/\/errr-magazine.com\/el-pau-no-quiere\/\",\"url\":\"https:\/\/errr-magazine.com\/el-pau-no-quiere\/\",\"name\":\"El Pau no quiere - ERRR MAGAZINE\",\"isPartOf\":{\"@id\":\"https:\/\/errr-magazine.com\/#website\"},\"primaryImageOfPage\":{\"@id\":\"https:\/\/errr-magazine.com\/el-pau-no-quiere\/#primaryimage\"},\"image\":{\"@id\":\"https:\/\/errr-magazine.com\/el-pau-no-quiere\/#primaryimage\"},\"thumbnailUrl\":\"https:\/\/errr-magazine.com\/wp-content\/uploads\/2022\/08\/6B403012-1856-48AB-B405-12EE4E21837F-1.jpeg\",\"datePublished\":\"2022-08-30T07:05:12+00:00\",\"dateModified\":\"2025-08-15T16:55:58+00:00\",\"author\":{\"@id\":\"https:\/\/errr-magazine.com\/#\/schema\/person\/ed172c56f08336703cd469436c501607\"},\"breadcrumb\":{\"@id\":\"https:\/\/errr-magazine.com\/el-pau-no-quiere\/#breadcrumb\"},\"inLanguage\":\"en-US\",\"potentialAction\":[{\"@type\":\"ReadAction\",\"target\":[\"https:\/\/errr-magazine.com\/el-pau-no-quiere\/\"]}]},{\"@type\":\"ImageObject\",\"inLanguage\":\"en-US\",\"@id\":\"https:\/\/errr-magazine.com\/el-pau-no-quiere\/#primaryimage\",\"url\":\"https:\/\/errr-magazine.com\/wp-content\/uploads\/2022\/08\/6B403012-1856-48AB-B405-12EE4E21837F-1.jpeg\",\"contentUrl\":\"https:\/\/errr-magazine.com\/wp-content\/uploads\/2022\/08\/6B403012-1856-48AB-B405-12EE4E21837F-1.jpeg\",\"width\":1500,\"height\":2181,\"caption\":\"Fotograf\u00eda por Jose Trias\"},{\"@type\":\"BreadcrumbList\",\"@id\":\"https:\/\/errr-magazine.com\/el-pau-no-quiere\/#breadcrumb\",\"itemListElement\":[{\"@type\":\"ListItem\",\"position\":1,\"name\":\"Portada\",\"item\":\"https:\/\/errr-magazine.com\/\"},{\"@type\":\"ListItem\",\"position\":2,\"name\":\"El Pau no quiere\"}]},{\"@type\":\"WebSite\",\"@id\":\"https:\/\/errr-magazine.com\/#website\",\"url\":\"https:\/\/errr-magazine.com\/\",\"name\":\"ERRR MAGAZINE\",\"description\":\"\",\"potentialAction\":[{\"@type\":\"SearchAction\",\"target\":{\"@type\":\"EntryPoint\",\"urlTemplate\":\"https:\/\/errr-magazine.com\/?s={search_term_string}\"},\"query-input\":{\"@type\":\"PropertyValueSpecification\",\"valueRequired\":true,\"valueName\":\"search_term_string\"}}],\"inLanguage\":\"en-US\"},{\"@type\":\"Person\",\"@id\":\"https:\/\/errr-magazine.com\/#\/schema\/person\/ed172c56f08336703cd469436c501607\",\"name\":\"Jose Trias\",\"image\":{\"@type\":\"ImageObject\",\"inLanguage\":\"en-US\",\"@id\":\"https:\/\/secure.gravatar.com\/avatar\/251051203d4380c3c1df469870367e4694b6c1c6a7333fe08e38fe70c6587354?s=96&d=identicon&r=g\",\"url\":\"https:\/\/secure.gravatar.com\/avatar\/251051203d4380c3c1df469870367e4694b6c1c6a7333fe08e38fe70c6587354?s=96&d=identicon&r=g\",\"contentUrl\":\"https:\/\/secure.gravatar.com\/avatar\/251051203d4380c3c1df469870367e4694b6c1c6a7333fe08e38fe70c6587354?s=96&d=identicon&r=g\",\"caption\":\"Jose Trias\"},\"description\":\"Jose Trias es un fot\u00f3grafo nacido en Sevilla, afianzado en Berl\u00edn. Su foco est\u00e1 en lo \u00edntimo, lo que est\u00e1 detr\u00e1s. Lo que muchos no quieren ver.\",\"sameAs\":[\"https:\/\/www.instagram.com\/Josetrias_\"],\"url\":\"https:\/\/errr-magazine.com\/english\/author\/jose-trias\/\"}]}<\/script>\n<!-- \/ Yoast SEO plugin. -->","yoast_head_json":{"title":"El Pau no quiere - ERRR MAGAZINE","robots":{"index":"index","follow":"follow","max-snippet":"max-snippet:-1","max-image-preview":"max-image-preview:large","max-video-preview":"max-video-preview:-1"},"canonical":"https:\/\/errr-magazine.com\/english\/el-pau-no-quiere\/","og_locale":"en_US","og_type":"article","og_title":"El Pau no quiere - ERRR MAGAZINE","og_description":"Desde hace un tiempo hasta ahora, me he dado cuenta que lo que m\u00e1s me importa en las fotos son las personas. Y, en concreto, personas que quiero o que me importan...","og_url":"https:\/\/errr-magazine.com\/english\/el-pau-no-quiere\/","og_site_name":"ERRR MAGAZINE","article_published_time":"2022-08-30T07:05:12+00:00","article_modified_time":"2025-08-15T16:55:58+00:00","og_image":[{"width":1500,"height":2181,"url":"https:\/\/errr-magazine.com\/wp-content\/uploads\/2022\/08\/6B403012-1856-48AB-B405-12EE4E21837F-1.jpeg","type":"image\/jpeg"}],"author":"Jose Trias","twitter_card":"summary_large_image","twitter_misc":{"Written by":"Jose Trias","Est. reading time":"2 minutes"},"schema":{"@context":"https:\/\/schema.org","@graph":[{"@type":"Article","@id":"https:\/\/errr-magazine.com\/el-pau-no-quiere\/#article","isPartOf":{"@id":"https:\/\/errr-magazine.com\/el-pau-no-quiere\/"},"author":{"name":"Jose Trias","@id":"https:\/\/errr-magazine.com\/#\/schema\/person\/ed172c56f08336703cd469436c501607"},"headline":"El Pau no quiere","datePublished":"2022-08-30T07:05:12+00:00","dateModified":"2025-08-15T16:55:58+00:00","mainEntityOfPage":{"@id":"https:\/\/errr-magazine.com\/el-pau-no-quiere\/"},"wordCount":353,"image":{"@id":"https:\/\/errr-magazine.com\/el-pau-no-quiere\/#primaryimage"},"thumbnailUrl":"https:\/\/errr-magazine.com\/wp-content\/uploads\/2022\/08\/6B403012-1856-48AB-B405-12EE4E21837F-1.jpeg","articleSection":["Interview"],"inLanguage":"en-US"},{"@type":"WebPage","@id":"https:\/\/errr-magazine.com\/el-pau-no-quiere\/","url":"https:\/\/errr-magazine.com\/el-pau-no-quiere\/","name":"El Pau no quiere - ERRR MAGAZINE","isPartOf":{"@id":"https:\/\/errr-magazine.com\/#website"},"primaryImageOfPage":{"@id":"https:\/\/errr-magazine.com\/el-pau-no-quiere\/#primaryimage"},"image":{"@id":"https:\/\/errr-magazine.com\/el-pau-no-quiere\/#primaryimage"},"thumbnailUrl":"https:\/\/errr-magazine.com\/wp-content\/uploads\/2022\/08\/6B403012-1856-48AB-B405-12EE4E21837F-1.jpeg","datePublished":"2022-08-30T07:05:12+00:00","dateModified":"2025-08-15T16:55:58+00:00","author":{"@id":"https:\/\/errr-magazine.com\/#\/schema\/person\/ed172c56f08336703cd469436c501607"},"breadcrumb":{"@id":"https:\/\/errr-magazine.com\/el-pau-no-quiere\/#breadcrumb"},"inLanguage":"en-US","potentialAction":[{"@type":"ReadAction","target":["https:\/\/errr-magazine.com\/el-pau-no-quiere\/"]}]},{"@type":"ImageObject","inLanguage":"en-US","@id":"https:\/\/errr-magazine.com\/el-pau-no-quiere\/#primaryimage","url":"https:\/\/errr-magazine.com\/wp-content\/uploads\/2022\/08\/6B403012-1856-48AB-B405-12EE4E21837F-1.jpeg","contentUrl":"https:\/\/errr-magazine.com\/wp-content\/uploads\/2022\/08\/6B403012-1856-48AB-B405-12EE4E21837F-1.jpeg","width":1500,"height":2181,"caption":"Fotograf\u00eda por Jose Trias"},{"@type":"BreadcrumbList","@id":"https:\/\/errr-magazine.com\/el-pau-no-quiere\/#breadcrumb","itemListElement":[{"@type":"ListItem","position":1,"name":"Portada","item":"https:\/\/errr-magazine.com\/"},{"@type":"ListItem","position":2,"name":"El Pau no quiere"}]},{"@type":"WebSite","@id":"https:\/\/errr-magazine.com\/#website","url":"https:\/\/errr-magazine.com\/","name":"ERRR MAGAZINE","description":"","potentialAction":[{"@type":"SearchAction","target":{"@type":"EntryPoint","urlTemplate":"https:\/\/errr-magazine.com\/?s={search_term_string}"},"query-input":{"@type":"PropertyValueSpecification","valueRequired":true,"valueName":"search_term_string"}}],"inLanguage":"en-US"},{"@type":"Person","@id":"https:\/\/errr-magazine.com\/#\/schema\/person\/ed172c56f08336703cd469436c501607","name":"Jose Trias","image":{"@type":"ImageObject","inLanguage":"en-US","@id":"https:\/\/secure.gravatar.com\/avatar\/251051203d4380c3c1df469870367e4694b6c1c6a7333fe08e38fe70c6587354?s=96&d=identicon&r=g","url":"https:\/\/secure.gravatar.com\/avatar\/251051203d4380c3c1df469870367e4694b6c1c6a7333fe08e38fe70c6587354?s=96&d=identicon&r=g","contentUrl":"https:\/\/secure.gravatar.com\/avatar\/251051203d4380c3c1df469870367e4694b6c1c6a7333fe08e38fe70c6587354?s=96&d=identicon&r=g","caption":"Jose Trias"},"description":"Jose Trias es un fot\u00f3grafo nacido en Sevilla, afianzado en Berl\u00edn. Su foco est\u00e1 en lo \u00edntimo, lo que est\u00e1 detr\u00e1s. Lo que muchos no quieren ver.","sameAs":["https:\/\/www.instagram.com\/Josetrias_"],"url":"https:\/\/errr-magazine.com\/english\/author\/jose-trias\/"}]}},"jetpack_featured_media_url":"https:\/\/errr-magazine.com\/wp-content\/uploads\/2022\/08\/6B403012-1856-48AB-B405-12EE4E21837F-1.jpeg","jetpack-related-posts":[{"id":181538,"url":"https:\/\/errr-magazine.com\/english\/dame-un-beso-idiota\/","url_meta":{"origin":182638,"position":0},"title":"Dame un beso, idiota","author":"\u00cd\u00f1igo Soler","date":"08\/08\/2022","format":false,"excerpt":"Nunca hab\u00eda sacado una canci\u00f3n as\u00ed, suelo trabajar con otra densidad. Y creo que sac\u00e1ndola me he quitado algunos complejos...","rel":"","context":"In &quot;Interview&quot;","block_context":{"text":"Interview","link":"https:\/\/errr-magazine.com\/english\/category\/interviews\/"},"img":{"alt_text":"","src":"https:\/\/i0.wp.com\/errr-magazine.com\/wp-content\/uploads\/2022\/08\/inigo-soler.jpg?resize=350%2C200&ssl=1","width":350,"height":200,"srcset":"https:\/\/i0.wp.com\/errr-magazine.com\/wp-content\/uploads\/2022\/08\/inigo-soler.jpg?resize=350%2C200&ssl=1 1x, https:\/\/i0.wp.com\/errr-magazine.com\/wp-content\/uploads\/2022\/08\/inigo-soler.jpg?resize=525%2C300&ssl=1 1.5x, https:\/\/i0.wp.com\/errr-magazine.com\/wp-content\/uploads\/2022\/08\/inigo-soler.jpg?resize=700%2C400&ssl=1 2x, https:\/\/i0.wp.com\/errr-magazine.com\/wp-content\/uploads\/2022\/08\/inigo-soler.jpg?resize=1050%2C600&ssl=1 3x, https:\/\/i0.wp.com\/errr-magazine.com\/wp-content\/uploads\/2022\/08\/inigo-soler.jpg?resize=1400%2C800&ssl=1 4x"},"classes":[]},{"id":179005,"url":"https:\/\/errr-magazine.com\/english\/1986\/","url_meta":{"origin":182638,"position":1},"title":"1986","author":"La Habitaci\u00f3n Roja","date":"06\/23\/2022","format":false,"excerpt":"Sal a la pista de la vida, d\u00e9jate llevar por su m\u00fasica y vive como sientes. Que no te importe que te puedan juzgar e infravalorar. S\u00e9 t\u00fa misma y deja que esa luz que posees te gu\u00ede y se manifieste en todo su esplendor...","rel":"","context":"In &quot;Interview&quot;","block_context":{"text":"Interview","link":"https:\/\/errr-magazine.com\/english\/category\/interviews\/"},"img":{"alt_text":"","src":"https:\/\/i0.wp.com\/errr-magazine.com\/wp-content\/uploads\/2022\/06\/lhr.jpg?resize=350%2C200&ssl=1","width":350,"height":200,"srcset":"https:\/\/i0.wp.com\/errr-magazine.com\/wp-content\/uploads\/2022\/06\/lhr.jpg?resize=350%2C200&ssl=1 1x, https:\/\/i0.wp.com\/errr-magazine.com\/wp-content\/uploads\/2022\/06\/lhr.jpg?resize=525%2C300&ssl=1 1.5x, https:\/\/i0.wp.com\/errr-magazine.com\/wp-content\/uploads\/2022\/06\/lhr.jpg?resize=700%2C400&ssl=1 2x, https:\/\/i0.wp.com\/errr-magazine.com\/wp-content\/uploads\/2022\/06\/lhr.jpg?resize=1050%2C600&ssl=1 3x, https:\/\/i0.wp.com\/errr-magazine.com\/wp-content\/uploads\/2022\/06\/lhr.jpg?resize=1400%2C800&ssl=1 4x"},"classes":[]},{"id":189682,"url":"https:\/\/errr-magazine.com\/english\/entre-la-multitud\/","url_meta":{"origin":182638,"position":2},"title":"Entre la multitud","author":"Isaac Camacho","date":"05\/09\/2025","format":false,"excerpt":"Me inspira la calle, las personas y los medios de transporte. Un ritual que suelo hacer es caminar, ponerme entre la multitud y tratar de disparar sin que nadie se d\u00e9 cuenta.","rel":"","context":"In &quot;Interview&quot;","block_context":{"text":"Interview","link":"https:\/\/errr-magazine.com\/english\/category\/interviews\/"},"img":{"alt_text":"","src":"https:\/\/i0.wp.com\/errr-magazine.com\/wp-content\/uploads\/2025\/05\/isaac9.png?resize=350%2C200&ssl=1","width":350,"height":200,"srcset":"https:\/\/i0.wp.com\/errr-magazine.com\/wp-content\/uploads\/2025\/05\/isaac9.png?resize=350%2C200&ssl=1 1x, https:\/\/i0.wp.com\/errr-magazine.com\/wp-content\/uploads\/2025\/05\/isaac9.png?resize=525%2C300&ssl=1 1.5x, https:\/\/i0.wp.com\/errr-magazine.com\/wp-content\/uploads\/2025\/05\/isaac9.png?resize=700%2C400&ssl=1 2x, https:\/\/i0.wp.com\/errr-magazine.com\/wp-content\/uploads\/2025\/05\/isaac9.png?resize=1050%2C600&ssl=1 3x"},"classes":[]},{"id":193674,"url":"https:\/\/errr-magazine.com\/english\/amaria-bakery\/","url_meta":{"origin":182638,"position":3},"title":"Amaria Bakery","author":"Amar\u00eda Bakery","date":"09\/30\/2025","format":false,"excerpt":"What we enjoy most is creating seasonal menus. Each season, we add extra drinks and desserts to the classics we already sell. And finding processes that make them more natural and authentic is truly a challenge for us.","rel":"","context":"In &quot;Cafeterias y panader\u00edas&quot;","block_context":{"text":"Cafeterias y panader\u00edas","link":"https:\/\/errr-magazine.com\/english\/category\/places\/cafeterias-y-panaderias\/"},"img":{"alt_text":"","src":"https:\/\/i0.wp.com\/errr-magazine.com\/wp-content\/uploads\/2025\/09\/P1270523-scaled.jpg?resize=350%2C200&ssl=1","width":350,"height":200,"srcset":"https:\/\/i0.wp.com\/errr-magazine.com\/wp-content\/uploads\/2025\/09\/P1270523-scaled.jpg?resize=350%2C200&ssl=1 1x, https:\/\/i0.wp.com\/errr-magazine.com\/wp-content\/uploads\/2025\/09\/P1270523-scaled.jpg?resize=525%2C300&ssl=1 1.5x, https:\/\/i0.wp.com\/errr-magazine.com\/wp-content\/uploads\/2025\/09\/P1270523-scaled.jpg?resize=700%2C400&ssl=1 2x, https:\/\/i0.wp.com\/errr-magazine.com\/wp-content\/uploads\/2025\/09\/P1270523-scaled.jpg?resize=1050%2C600&ssl=1 3x, https:\/\/i0.wp.com\/errr-magazine.com\/wp-content\/uploads\/2025\/09\/P1270523-scaled.jpg?resize=1400%2C800&ssl=1 4x"},"classes":[]},{"id":180437,"url":"https:\/\/errr-magazine.com\/english\/cementerio\/","url_meta":{"origin":182638,"position":4},"title":"Cementerio","author":"Irving Cabrera Torres","date":"07\/18\/2022","format":false,"excerpt":"Recordaba mucho la pel\u00edcula de Macario y algunas im\u00e1genes que hac\u00eda Gabriel Figueroa, tambi\u00e9n pasaba por mi mente Pedro P\u00e1ramo, estuve bastante tiempo esperando el atardecer para pensar en distintas cosas...","rel":"","context":"In &quot;Interview&quot;","block_context":{"text":"Interview","link":"https:\/\/errr-magazine.com\/english\/category\/interviews\/"},"img":{"alt_text":"","src":"https:\/\/i0.wp.com\/errr-magazine.com\/wp-content\/uploads\/2022\/07\/CEmenterio-IRVING-CABRERA-TORRES.jpg?resize=350%2C200&ssl=1","width":350,"height":200,"srcset":"https:\/\/i0.wp.com\/errr-magazine.com\/wp-content\/uploads\/2022\/07\/CEmenterio-IRVING-CABRERA-TORRES.jpg?resize=350%2C200&ssl=1 1x, https:\/\/i0.wp.com\/errr-magazine.com\/wp-content\/uploads\/2022\/07\/CEmenterio-IRVING-CABRERA-TORRES.jpg?resize=525%2C300&ssl=1 1.5x, https:\/\/i0.wp.com\/errr-magazine.com\/wp-content\/uploads\/2022\/07\/CEmenterio-IRVING-CABRERA-TORRES.jpg?resize=700%2C400&ssl=1 2x, https:\/\/i0.wp.com\/errr-magazine.com\/wp-content\/uploads\/2022\/07\/CEmenterio-IRVING-CABRERA-TORRES.jpg?resize=1050%2C600&ssl=1 3x, https:\/\/i0.wp.com\/errr-magazine.com\/wp-content\/uploads\/2022\/07\/CEmenterio-IRVING-CABRERA-TORRES.jpg?resize=1400%2C800&ssl=1 4x"},"classes":[]},{"id":190193,"url":"https:\/\/errr-magazine.com\/english\/el-abrazo-mas-fuerte\/","url_meta":{"origin":182638,"position":5},"title":"El abrazo m\u00e1s fuerte","author":"Frank Vela","date":"06\/03\/2025","format":false,"excerpt":"Encontraron al ni\u00f1o y cuando la abuela y el nieto se reencontraron dispar\u00e9 en r\u00e1faga. Creo es uno de los abrazos m\u00e1s fuertes que he visto.","rel":"","context":"In &quot;Interview&quot;","block_context":{"text":"Interview","link":"https:\/\/errr-magazine.com\/english\/category\/interviews\/"},"img":{"alt_text":"","src":"https:\/\/i0.wp.com\/errr-magazine.com\/wp-content\/uploads\/2025\/06\/frank7.png?resize=350%2C200&ssl=1","width":350,"height":200,"srcset":"https:\/\/i0.wp.com\/errr-magazine.com\/wp-content\/uploads\/2025\/06\/frank7.png?resize=350%2C200&ssl=1 1x, https:\/\/i0.wp.com\/errr-magazine.com\/wp-content\/uploads\/2025\/06\/frank7.png?resize=525%2C300&ssl=1 1.5x, https:\/\/i0.wp.com\/errr-magazine.com\/wp-content\/uploads\/2025\/06\/frank7.png?resize=700%2C400&ssl=1 2x, https:\/\/i0.wp.com\/errr-magazine.com\/wp-content\/uploads\/2025\/06\/frank7.png?resize=1050%2C600&ssl=1 3x"},"classes":[]}],"jetpack_sharing_enabled":true,"mfb_rest_fields":["title","yoast_head","yoast_head_json","jetpack_featured_media_url","jetpack-related-posts","jetpack_sharing_enabled"],"_links":{"self":[{"href":"https:\/\/errr-magazine.com\/english\/wp-json\/wp\/v2\/posts\/182638","targetHints":{"allow":["GET"]}}],"collection":[{"href":"https:\/\/errr-magazine.com\/english\/wp-json\/wp\/v2\/posts"}],"about":[{"href":"https:\/\/errr-magazine.com\/english\/wp-json\/wp\/v2\/types\/post"}],"author":[{"embeddable":true,"href":"https:\/\/errr-magazine.com\/english\/wp-json\/wp\/v2\/users\/7591"}],"replies":[{"embeddable":true,"href":"https:\/\/errr-magazine.com\/english\/wp-json\/wp\/v2\/comments?post=182638"}],"version-history":[{"count":1,"href":"https:\/\/errr-magazine.com\/english\/wp-json\/wp\/v2\/posts\/182638\/revisions"}],"predecessor-version":[{"id":182640,"href":"https:\/\/errr-magazine.com\/english\/wp-json\/wp\/v2\/posts\/182638\/revisions\/182640"}],"wp:featuredmedia":[{"embeddable":true,"href":"https:\/\/errr-magazine.com\/english\/wp-json\/wp\/v2\/media\/182639"}],"wp:attachment":[{"href":"https:\/\/errr-magazine.com\/english\/wp-json\/wp\/v2\/media?parent=182638"}],"wp:term":[{"taxonomy":"category","embeddable":true,"href":"https:\/\/errr-magazine.com\/english\/wp-json\/wp\/v2\/categories?post=182638"},{"taxonomy":"post_tag","embeddable":true,"href":"https:\/\/errr-magazine.com\/english\/wp-json\/wp\/v2\/tags?post=182638"}],"curies":[{"name":"wp","href":"https:\/\/api.w.org\/{rel}","templated":true}]}}