{"id":182614,"date":"2022-08-24T07:47:39","date_gmt":"2022-08-24T12:47:39","guid":{"rendered":"https:\/\/errr-magazine.com\/?p=182614"},"modified":"2025-08-15T11:00:06","modified_gmt":"2025-08-15T17:00:06","slug":"alice-et-moi","status":"publish","type":"post","link":"https:\/\/errr-magazine.com\/english\/alice-et-moi\/","title":{"rendered":"Alice Et Moi"},"content":{"rendered":"<p><strong>\u00bfCu\u00e1l es el origen de la canci\u00f3n?<\/strong><br \/>\nTen\u00eda un audio en el tel\u00e9fono con la melod\u00eda y parte de letra. Esto me suele pasar mucho, voy grabando ideas hasta que me animo a darles forma. Cuando tuve m\u00e1s claro de lo que quer\u00eda ir, la letra me pareci\u00f3 perfecta para colaborar con Teresa (Ganges). Somos muy amigas y hac\u00eda tiempo que quer\u00edamos sacar algo juntas. Una tarde le ense\u00f1\u00e9 lo que ten\u00eda y ya la acabamos juntas. Ella es una compositora maravillosa y para m\u00ed era importante que estuviera en el proceso. Aport\u00f3 cambios en la armon\u00eda que son preciosos y acabamos parte de la letra juntas. Nos re\u00edmos mucho, nos encanta bailar y cantar \u2013evidentemente\u2013 y creo que esta canci\u00f3n nos representa bastante.<\/p>\n<p><strong>\u00bfC\u00f3mo fue la sesi\u00f3n de grabaci\u00f3n?<\/strong><br \/>\nGrabamos con Dani Belenguer (Bearoid). Siempre es muy f\u00e1cil grabar con \u00e9l porque somos muy amigos, de Tere tambi\u00e9n y fluimos f\u00e1cilmente.<\/p>\n<p><iframe style=\"border-radius: 12px;\" data-src=\"https:\/\/open.spotify.com\/embed\/track\/7hOUPkIU1qDG6RnqPrBrLB?utm_source=generator\" width=\"100%\" height=\"80\" frameborder=\"0\" allowfullscreen=\"allowfullscreen\" src=\"data:image\/svg+xml;base64,PHN2ZyB3aWR0aD0iMSIgaGVpZ2h0PSIxIiB4bWxucz0iaHR0cDovL3d3dy53My5vcmcvMjAwMC9zdmciPjwvc3ZnPg==\" class=\"lazyload\" data-load-mode=\"1\"><\/iframe><\/p>\n<p><strong>\u00bfCu\u00e1les fueron las referencias, influencias o inspiraciones musicales?<\/strong><br \/>\nEl t\u00edtulo de la canci\u00f3n es el nombre de una artista francesa Alice Et Moi&gt;. A Tere y a m\u00ed nos encanta su canci\u00f3n <em>Filme Moi<\/em>\u2019, que tambi\u00e9n nombramos en la letra. Part\u00edamos un poco de esta referencia, incluso algo m\u00e1s disco, pero al final nos fue inspirando otra cosa y nos decantamos por algo m\u00e1s guitarrero y surfero.<\/p>\n<p><strong>\u00bfQu\u00e9 fue lo m\u00e1s disfrutable del proceso?<\/strong><br \/>\nCreo que el d\u00eda que qued\u00e9 con Teresa para terminar de darle forma a la letra y armon\u00eda. Fue muy f\u00e1cil entendernos, nos re\u00edmos mucho y la verdad que fluy\u00f3 todo muy f\u00e1cil y r\u00e1pido.<\/p>\n<p class=\"pull-right\">&#8220;Nos re\u00edmos mucho, nos encanta bailar y cantar \u2013evidentemente\u2013 y creo que esta canci\u00f3n nos representa bastante&#8221;.<\/p>\n<p><strong>\u00bfCu\u00e1l fue el mayor obst\u00e1culo y c\u00f3mo se super\u00f3?<\/strong><br \/>\nEl d\u00eda que terminamos Tere y yo la canci\u00f3n grabamos una maqueta muy surfer\/rock con la guitarra, bajo y sintes. Pero al llegar al estudio pensamos con Dani la posibilidad de hacerla algo m\u00e1s disco. Cuando salimos de esa sesi\u00f3n nos entr\u00f3 un poco de <em>maquetitis<\/em> (muy t\u00edpico) y vimos necesario rescatar un poco lo que ten\u00edamos antes. Nos sent\u00edamos m\u00e1s identificadas y en este caso creo que favorec\u00eda a la canci\u00f3n. As\u00ed que cuando volvimos a quedar con Dani casi que le hicimos empezar de cero. Pero se resolvi\u00f3 r\u00e1pido.<\/p>\n<p><strong>Si hubieran podido invitar a cualquier otra persona a colaborar, \u00bfqui\u00e9n hubiera sido y por qu\u00e9?<\/strong><br \/>\nTen\u00edamos muy claro que esta canci\u00f3n la quer\u00edamos hacer las dos solas. Pero de pensar en alguien, habr\u00eda sido genial tener a la aut\u00e9ntica Alice Et Moi cantando con nosotras, \u00bfno?<\/p>\n<p><strong>\u00bfCu\u00e1l es el mayor reto para presentar esta canci\u00f3n en vivo y c\u00f3mo se ha resuelto?<\/strong><br \/>\nDe momento no la hemos tocado en directo. Es probable que suceda en el Festival Brillante. All\u00ed acompa\u00f1o a Tere en su proyecto y es muy probable que caiga en el repertorio. Si no, s\u00ed que seguro en un concierto que hacemos GangesxBearoidxMirapaula con Mazo el 6 de octubre en Madrid. Nos estaremos acompa\u00f1ando un poco mutuamente en nuestros proyectos, haciendo pi\u00f1a y va a ser muy especial. Ah\u00ed surgir\u00e1n los retos, de momento no te puedo decir.<\/p>","protected":false},"excerpt":{"rendered":"<p>Ten\u00eda un audio en el tel\u00e9fono con la melod\u00eda y parte de letra. Esto me suele pasar mucho, voy grabando ideas hasta que me animo a darles forma. Cuando tuve m\u00e1s claro de lo que quer\u00eda ir, la letra me pareci\u00f3 perfecta para colaborar con Ganges&#8230;<\/p>","protected":false},"author":7588,"featured_media":182613,"comment_status":"closed","ping_status":"closed","sticky":false,"template":"","format":"standard","meta":{"_acf_changed":false,"cybocfi_hide_featured_image":"","_jetpack_memberships_contains_paid_content":false,"footnotes":""},"categories":[17849],"tags":[],"class_list":["post-182614","post","type-post","status-publish","format-standard","has-post-thumbnail","hentry","category-interviews"],"acf":[],"mb":[],"yoast_head":"<!-- This site is optimized with the Yoast SEO plugin v27.2 - https:\/\/yoast.com\/product\/yoast-seo-wordpress\/ -->\n<title>Alice Et Moi - ERRR MAGAZINE<\/title>\n<meta name=\"robots\" content=\"index, follow, max-snippet:-1, max-image-preview:large, max-video-preview:-1\" \/>\n<link rel=\"canonical\" href=\"https:\/\/errr-magazine.com\/english\/alice-et-moi\/\" \/>\n<meta property=\"og:locale\" content=\"en_US\" \/>\n<meta property=\"og:type\" content=\"article\" \/>\n<meta property=\"og:title\" content=\"Alice Et Moi - ERRR MAGAZINE\" \/>\n<meta property=\"og:description\" content=\"Ten\u00eda un audio en el tel\u00e9fono con la melod\u00eda y parte de letra. Esto me suele pasar mucho, voy grabando ideas hasta que me animo a darles forma. Cuando tuve m\u00e1s claro de lo que quer\u00eda ir, la letra me pareci\u00f3 perfecta para colaborar con Ganges...\" \/>\n<meta property=\"og:url\" content=\"https:\/\/errr-magazine.com\/english\/alice-et-moi\/\" \/>\n<meta property=\"og:site_name\" content=\"ERRR MAGAZINE\" \/>\n<meta property=\"article:published_time\" content=\"2022-08-24T12:47:39+00:00\" \/>\n<meta property=\"article:modified_time\" content=\"2025-08-15T17:00:06+00:00\" \/>\n<meta property=\"og:image\" content=\"https:\/\/errr-magazine.com\/wp-content\/uploads\/2022\/08\/image.jpg\" \/>\n\t<meta property=\"og:image:width\" content=\"1968\" \/>\n\t<meta property=\"og:image:height\" content=\"1312\" \/>\n\t<meta property=\"og:image:type\" content=\"image\/jpeg\" \/>\n<meta name=\"author\" content=\"Mira Paula\" \/>\n<meta name=\"twitter:card\" content=\"summary_large_image\" \/>\n<meta name=\"twitter:label1\" content=\"Written by\" \/>\n\t<meta name=\"twitter:data1\" content=\"Mira Paula\" \/>\n\t<meta name=\"twitter:label2\" content=\"Est. reading time\" \/>\n\t<meta name=\"twitter:data2\" content=\"3 minutes\" \/>\n<script type=\"application\/ld+json\" class=\"yoast-schema-graph\">{\"@context\":\"https:\/\/schema.org\",\"@graph\":[{\"@type\":\"Article\",\"@id\":\"https:\/\/errr-magazine.com\/alice-et-moi\/#article\",\"isPartOf\":{\"@id\":\"https:\/\/errr-magazine.com\/alice-et-moi\/\"},\"author\":{\"name\":\"Mira Paula\",\"@id\":\"https:\/\/errr-magazine.com\/#\/schema\/person\/2527ca9c86a8b1421b939f194856fe6c\"},\"headline\":\"Alice Et Moi\",\"datePublished\":\"2022-08-24T12:47:39+00:00\",\"dateModified\":\"2025-08-15T17:00:06+00:00\",\"mainEntityOfPage\":{\"@id\":\"https:\/\/errr-magazine.com\/alice-et-moi\/\"},\"wordCount\":586,\"image\":{\"@id\":\"https:\/\/errr-magazine.com\/alice-et-moi\/#primaryimage\"},\"thumbnailUrl\":\"https:\/\/errr-magazine.com\/wp-content\/uploads\/2022\/08\/image.jpg\",\"articleSection\":[\"Interview\"],\"inLanguage\":\"en-US\"},{\"@type\":\"WebPage\",\"@id\":\"https:\/\/errr-magazine.com\/alice-et-moi\/\",\"url\":\"https:\/\/errr-magazine.com\/alice-et-moi\/\",\"name\":\"Alice Et Moi - ERRR MAGAZINE\",\"isPartOf\":{\"@id\":\"https:\/\/errr-magazine.com\/#website\"},\"primaryImageOfPage\":{\"@id\":\"https:\/\/errr-magazine.com\/alice-et-moi\/#primaryimage\"},\"image\":{\"@id\":\"https:\/\/errr-magazine.com\/alice-et-moi\/#primaryimage\"},\"thumbnailUrl\":\"https:\/\/errr-magazine.com\/wp-content\/uploads\/2022\/08\/image.jpg\",\"datePublished\":\"2022-08-24T12:47:39+00:00\",\"dateModified\":\"2025-08-15T17:00:06+00:00\",\"author\":{\"@id\":\"https:\/\/errr-magazine.com\/#\/schema\/person\/2527ca9c86a8b1421b939f194856fe6c\"},\"breadcrumb\":{\"@id\":\"https:\/\/errr-magazine.com\/alice-et-moi\/#breadcrumb\"},\"inLanguage\":\"en-US\",\"potentialAction\":[{\"@type\":\"ReadAction\",\"target\":[\"https:\/\/errr-magazine.com\/alice-et-moi\/\"]}]},{\"@type\":\"ImageObject\",\"inLanguage\":\"en-US\",\"@id\":\"https:\/\/errr-magazine.com\/alice-et-moi\/#primaryimage\",\"url\":\"https:\/\/errr-magazine.com\/wp-content\/uploads\/2022\/08\/image.jpg\",\"contentUrl\":\"https:\/\/errr-magazine.com\/wp-content\/uploads\/2022\/08\/image.jpg\",\"width\":1968,\"height\":1312,\"caption\":\"Fotograf\u00eda por Juanjo Marbai\"},{\"@type\":\"BreadcrumbList\",\"@id\":\"https:\/\/errr-magazine.com\/alice-et-moi\/#breadcrumb\",\"itemListElement\":[{\"@type\":\"ListItem\",\"position\":1,\"name\":\"Portada\",\"item\":\"https:\/\/errr-magazine.com\/\"},{\"@type\":\"ListItem\",\"position\":2,\"name\":\"Alice Et Moi\"}]},{\"@type\":\"WebSite\",\"@id\":\"https:\/\/errr-magazine.com\/#website\",\"url\":\"https:\/\/errr-magazine.com\/\",\"name\":\"ERRR MAGAZINE\",\"description\":\"\",\"potentialAction\":[{\"@type\":\"SearchAction\",\"target\":{\"@type\":\"EntryPoint\",\"urlTemplate\":\"https:\/\/errr-magazine.com\/?s={search_term_string}\"},\"query-input\":{\"@type\":\"PropertyValueSpecification\",\"valueRequired\":true,\"valueName\":\"search_term_string\"}}],\"inLanguage\":\"en-US\"},{\"@type\":\"Person\",\"@id\":\"https:\/\/errr-magazine.com\/#\/schema\/person\/2527ca9c86a8b1421b939f194856fe6c\",\"name\":\"Mira Paula\",\"image\":{\"@type\":\"ImageObject\",\"inLanguage\":\"en-US\",\"@id\":\"https:\/\/secure.gravatar.com\/avatar\/aef894fed8a72dd9d4cfa6b52e7252180a0be4ca960c3ae54c7ee9f157861d00?s=96&d=identicon&r=g\",\"url\":\"https:\/\/secure.gravatar.com\/avatar\/aef894fed8a72dd9d4cfa6b52e7252180a0be4ca960c3ae54c7ee9f157861d00?s=96&d=identicon&r=g\",\"contentUrl\":\"https:\/\/secure.gravatar.com\/avatar\/aef894fed8a72dd9d4cfa6b52e7252180a0be4ca960c3ae54c7ee9f157861d00?s=96&d=identicon&r=g\",\"caption\":\"Mira Paula\"},\"description\":\"Mira Paula es el nuevo proyecto de pop electr\u00f3nico de Paula Ruiz, artista multidisciplinar nacida.\",\"sameAs\":[\"https:\/\/www.instagram.com\/mira_paula_\"],\"url\":\"https:\/\/errr-magazine.com\/english\/author\/mira-paula\/\"}]}<\/script>\n<!-- \/ Yoast SEO plugin. -->","yoast_head_json":{"title":"Alice Et Moi - ERRR MAGAZINE","robots":{"index":"index","follow":"follow","max-snippet":"max-snippet:-1","max-image-preview":"max-image-preview:large","max-video-preview":"max-video-preview:-1"},"canonical":"https:\/\/errr-magazine.com\/english\/alice-et-moi\/","og_locale":"en_US","og_type":"article","og_title":"Alice Et Moi - ERRR MAGAZINE","og_description":"Ten\u00eda un audio en el tel\u00e9fono con la melod\u00eda y parte de letra. Esto me suele pasar mucho, voy grabando ideas hasta que me animo a darles forma. Cuando tuve m\u00e1s claro de lo que quer\u00eda ir, la letra me pareci\u00f3 perfecta para colaborar con Ganges...","og_url":"https:\/\/errr-magazine.com\/english\/alice-et-moi\/","og_site_name":"ERRR MAGAZINE","article_published_time":"2022-08-24T12:47:39+00:00","article_modified_time":"2025-08-15T17:00:06+00:00","og_image":[{"width":1968,"height":1312,"url":"https:\/\/errr-magazine.com\/wp-content\/uploads\/2022\/08\/image.jpg","type":"image\/jpeg"}],"author":"Mira Paula","twitter_card":"summary_large_image","twitter_misc":{"Written by":"Mira Paula","Est. reading time":"3 minutes"},"schema":{"@context":"https:\/\/schema.org","@graph":[{"@type":"Article","@id":"https:\/\/errr-magazine.com\/alice-et-moi\/#article","isPartOf":{"@id":"https:\/\/errr-magazine.com\/alice-et-moi\/"},"author":{"name":"Mira Paula","@id":"https:\/\/errr-magazine.com\/#\/schema\/person\/2527ca9c86a8b1421b939f194856fe6c"},"headline":"Alice Et Moi","datePublished":"2022-08-24T12:47:39+00:00","dateModified":"2025-08-15T17:00:06+00:00","mainEntityOfPage":{"@id":"https:\/\/errr-magazine.com\/alice-et-moi\/"},"wordCount":586,"image":{"@id":"https:\/\/errr-magazine.com\/alice-et-moi\/#primaryimage"},"thumbnailUrl":"https:\/\/errr-magazine.com\/wp-content\/uploads\/2022\/08\/image.jpg","articleSection":["Interview"],"inLanguage":"en-US"},{"@type":"WebPage","@id":"https:\/\/errr-magazine.com\/alice-et-moi\/","url":"https:\/\/errr-magazine.com\/alice-et-moi\/","name":"Alice Et Moi - ERRR MAGAZINE","isPartOf":{"@id":"https:\/\/errr-magazine.com\/#website"},"primaryImageOfPage":{"@id":"https:\/\/errr-magazine.com\/alice-et-moi\/#primaryimage"},"image":{"@id":"https:\/\/errr-magazine.com\/alice-et-moi\/#primaryimage"},"thumbnailUrl":"https:\/\/errr-magazine.com\/wp-content\/uploads\/2022\/08\/image.jpg","datePublished":"2022-08-24T12:47:39+00:00","dateModified":"2025-08-15T17:00:06+00:00","author":{"@id":"https:\/\/errr-magazine.com\/#\/schema\/person\/2527ca9c86a8b1421b939f194856fe6c"},"breadcrumb":{"@id":"https:\/\/errr-magazine.com\/alice-et-moi\/#breadcrumb"},"inLanguage":"en-US","potentialAction":[{"@type":"ReadAction","target":["https:\/\/errr-magazine.com\/alice-et-moi\/"]}]},{"@type":"ImageObject","inLanguage":"en-US","@id":"https:\/\/errr-magazine.com\/alice-et-moi\/#primaryimage","url":"https:\/\/errr-magazine.com\/wp-content\/uploads\/2022\/08\/image.jpg","contentUrl":"https:\/\/errr-magazine.com\/wp-content\/uploads\/2022\/08\/image.jpg","width":1968,"height":1312,"caption":"Fotograf\u00eda por Juanjo Marbai"},{"@type":"BreadcrumbList","@id":"https:\/\/errr-magazine.com\/alice-et-moi\/#breadcrumb","itemListElement":[{"@type":"ListItem","position":1,"name":"Portada","item":"https:\/\/errr-magazine.com\/"},{"@type":"ListItem","position":2,"name":"Alice Et Moi"}]},{"@type":"WebSite","@id":"https:\/\/errr-magazine.com\/#website","url":"https:\/\/errr-magazine.com\/","name":"ERRR MAGAZINE","description":"","potentialAction":[{"@type":"SearchAction","target":{"@type":"EntryPoint","urlTemplate":"https:\/\/errr-magazine.com\/?s={search_term_string}"},"query-input":{"@type":"PropertyValueSpecification","valueRequired":true,"valueName":"search_term_string"}}],"inLanguage":"en-US"},{"@type":"Person","@id":"https:\/\/errr-magazine.com\/#\/schema\/person\/2527ca9c86a8b1421b939f194856fe6c","name":"Mira Paula","image":{"@type":"ImageObject","inLanguage":"en-US","@id":"https:\/\/secure.gravatar.com\/avatar\/aef894fed8a72dd9d4cfa6b52e7252180a0be4ca960c3ae54c7ee9f157861d00?s=96&d=identicon&r=g","url":"https:\/\/secure.gravatar.com\/avatar\/aef894fed8a72dd9d4cfa6b52e7252180a0be4ca960c3ae54c7ee9f157861d00?s=96&d=identicon&r=g","contentUrl":"https:\/\/secure.gravatar.com\/avatar\/aef894fed8a72dd9d4cfa6b52e7252180a0be4ca960c3ae54c7ee9f157861d00?s=96&d=identicon&r=g","caption":"Mira Paula"},"description":"Mira Paula es el nuevo proyecto de pop electr\u00f3nico de Paula Ruiz, artista multidisciplinar nacida.","sameAs":["https:\/\/www.instagram.com\/mira_paula_"],"url":"https:\/\/errr-magazine.com\/english\/author\/mira-paula\/"}]}},"jetpack_featured_media_url":"https:\/\/errr-magazine.com\/wp-content\/uploads\/2022\/08\/image.jpg","jetpack-related-posts":[{"id":190533,"url":"https:\/\/errr-magazine.com\/english\/eril-eril-eril\/","url_meta":{"origin":182614,"position":0},"title":"ERIL ERIL ERIL ERIL","author":"El Petit de Cal Eril","date":"06\/15\/2025","format":false,"excerpt":"The lyrics are an important factor in deciding which songs go on the album. Musically we have to like them too, but it's easier for us to work on a song if the lyrics are right.","rel":"","context":"In &quot;Interview&quot;","block_context":{"text":"Interview","link":"https:\/\/errr-magazine.com\/english\/category\/interviews\/"},"img":{"alt_text":"","src":"https:\/\/i0.wp.com\/errr-magazine.com\/wp-content\/uploads\/2025\/06\/El-Petit-de-Cal-Eril-scaled.jpg?resize=350%2C200&ssl=1","width":350,"height":200,"srcset":"https:\/\/i0.wp.com\/errr-magazine.com\/wp-content\/uploads\/2025\/06\/El-Petit-de-Cal-Eril-scaled.jpg?resize=350%2C200&ssl=1 1x, https:\/\/i0.wp.com\/errr-magazine.com\/wp-content\/uploads\/2025\/06\/El-Petit-de-Cal-Eril-scaled.jpg?resize=525%2C300&ssl=1 1.5x, https:\/\/i0.wp.com\/errr-magazine.com\/wp-content\/uploads\/2025\/06\/El-Petit-de-Cal-Eril-scaled.jpg?resize=700%2C400&ssl=1 2x, https:\/\/i0.wp.com\/errr-magazine.com\/wp-content\/uploads\/2025\/06\/El-Petit-de-Cal-Eril-scaled.jpg?resize=1050%2C600&ssl=1 3x, https:\/\/i0.wp.com\/errr-magazine.com\/wp-content\/uploads\/2025\/06\/El-Petit-de-Cal-Eril-scaled.jpg?resize=1400%2C800&ssl=1 4x"},"classes":[]},{"id":178938,"url":"https:\/\/errr-magazine.com\/english\/en-el-tunel-de-lavado\/","url_meta":{"origin":182614,"position":1},"title":"En El T\u00fanel de Lavado","author":"Maren","date":"06\/21\/2022","format":false,"excerpt":"Quer\u00eda hacer una canci\u00f3n para los festivales que tenemos este verano. Algo divertido pero con mala leche. Creo que la referencia para eso ser\u00edan los Strokes, \u00bfno?...","rel":"","context":"In &quot;Interview&quot;","block_context":{"text":"Interview","link":"https:\/\/errr-magazine.com\/english\/category\/interviews\/"},"img":{"alt_text":"","src":"https:\/\/i0.wp.com\/errr-magazine.com\/wp-content\/uploads\/2022\/06\/Maren14-MAREN-OFICIAL1.jpg?resize=350%2C200&ssl=1","width":350,"height":200,"srcset":"https:\/\/i0.wp.com\/errr-magazine.com\/wp-content\/uploads\/2022\/06\/Maren14-MAREN-OFICIAL1.jpg?resize=350%2C200&ssl=1 1x, https:\/\/i0.wp.com\/errr-magazine.com\/wp-content\/uploads\/2022\/06\/Maren14-MAREN-OFICIAL1.jpg?resize=525%2C300&ssl=1 1.5x, https:\/\/i0.wp.com\/errr-magazine.com\/wp-content\/uploads\/2022\/06\/Maren14-MAREN-OFICIAL1.jpg?resize=700%2C400&ssl=1 2x"},"classes":[]},{"id":182646,"url":"https:\/\/errr-magazine.com\/english\/el-final-de-mi-felicidad\/","url_meta":{"origin":182614,"position":2},"title":"The end of my happiness","author":"Puzzles y Dragones","date":"08\/30\/2022","format":false,"excerpt":"Lo mejor es que por primera vez ten\u00edamos control absoluto sobre la canci\u00f3n. La escribimos, grabamos y mezclamos nosotros. Pod\u00edamos regrabar y retocar hasta que quedase exactamente como quer\u00edamos...","rel":"","context":"In &quot;Interview&quot;","block_context":{"text":"Interview","link":"https:\/\/errr-magazine.com\/english\/category\/interviews\/"},"img":{"alt_text":"","src":"https:\/\/i0.wp.com\/errr-magazine.com\/wp-content\/uploads\/2022\/08\/a1526962274_10.jpeg?resize=350%2C200&ssl=1","width":350,"height":200,"srcset":"https:\/\/i0.wp.com\/errr-magazine.com\/wp-content\/uploads\/2022\/08\/a1526962274_10.jpeg?resize=350%2C200&ssl=1 1x, https:\/\/i0.wp.com\/errr-magazine.com\/wp-content\/uploads\/2022\/08\/a1526962274_10.jpeg?resize=525%2C300&ssl=1 1.5x, https:\/\/i0.wp.com\/errr-magazine.com\/wp-content\/uploads\/2022\/08\/a1526962274_10.jpeg?resize=700%2C400&ssl=1 2x, https:\/\/i0.wp.com\/errr-magazine.com\/wp-content\/uploads\/2022\/08\/a1526962274_10.jpeg?resize=1050%2C600&ssl=1 3x, https:\/\/i0.wp.com\/errr-magazine.com\/wp-content\/uploads\/2022\/08\/a1526962274_10.jpeg?resize=1400%2C800&ssl=1 4x"},"classes":[]},{"id":180836,"url":"https:\/\/errr-magazine.com\/english\/xiki-yokse\/","url_meta":{"origin":182614,"position":3},"title":"Xiki Yokse","author":"Teleclub","date":"07\/09\/2022","format":false,"excerpt":"Siempre nos apoyamos en referencias para hacer nuestras canciones, admiramos a muchos artistas y nos inspiran mucho a la hora de componer. Nos gusta componer letras desenfadadas...","rel":"","context":"In &quot;Interview&quot;","block_context":{"text":"Interview","link":"https:\/\/errr-magazine.com\/english\/category\/interviews\/"},"img":{"alt_text":"","src":"https:\/\/i0.wp.com\/errr-magazine.com\/wp-content\/uploads\/2022\/07\/2022-teleclub-crush-autobus-santi-capuz-04-Dani-Diez.jpg?resize=350%2C200&ssl=1","width":350,"height":200,"srcset":"https:\/\/i0.wp.com\/errr-magazine.com\/wp-content\/uploads\/2022\/07\/2022-teleclub-crush-autobus-santi-capuz-04-Dani-Diez.jpg?resize=350%2C200&ssl=1 1x, https:\/\/i0.wp.com\/errr-magazine.com\/wp-content\/uploads\/2022\/07\/2022-teleclub-crush-autobus-santi-capuz-04-Dani-Diez.jpg?resize=525%2C300&ssl=1 1.5x, https:\/\/i0.wp.com\/errr-magazine.com\/wp-content\/uploads\/2022\/07\/2022-teleclub-crush-autobus-santi-capuz-04-Dani-Diez.jpg?resize=700%2C400&ssl=1 2x, https:\/\/i0.wp.com\/errr-magazine.com\/wp-content\/uploads\/2022\/07\/2022-teleclub-crush-autobus-santi-capuz-04-Dani-Diez.jpg?resize=1050%2C600&ssl=1 3x, https:\/\/i0.wp.com\/errr-magazine.com\/wp-content\/uploads\/2022\/07\/2022-teleclub-crush-autobus-santi-capuz-04-Dani-Diez.jpg?resize=1400%2C800&ssl=1 4x"},"classes":[]},{"id":179005,"url":"https:\/\/errr-magazine.com\/english\/1986\/","url_meta":{"origin":182614,"position":4},"title":"1986","author":"La Habitaci\u00f3n Roja","date":"06\/23\/2022","format":false,"excerpt":"Sal a la pista de la vida, d\u00e9jate llevar por su m\u00fasica y vive como sientes. Que no te importe que te puedan juzgar e infravalorar. S\u00e9 t\u00fa misma y deja que esa luz que posees te gu\u00ede y se manifieste en todo su esplendor...","rel":"","context":"In &quot;Interview&quot;","block_context":{"text":"Interview","link":"https:\/\/errr-magazine.com\/english\/category\/interviews\/"},"img":{"alt_text":"","src":"https:\/\/i0.wp.com\/errr-magazine.com\/wp-content\/uploads\/2022\/06\/lhr.jpg?resize=350%2C200&ssl=1","width":350,"height":200,"srcset":"https:\/\/i0.wp.com\/errr-magazine.com\/wp-content\/uploads\/2022\/06\/lhr.jpg?resize=350%2C200&ssl=1 1x, https:\/\/i0.wp.com\/errr-magazine.com\/wp-content\/uploads\/2022\/06\/lhr.jpg?resize=525%2C300&ssl=1 1.5x, https:\/\/i0.wp.com\/errr-magazine.com\/wp-content\/uploads\/2022\/06\/lhr.jpg?resize=700%2C400&ssl=1 2x, https:\/\/i0.wp.com\/errr-magazine.com\/wp-content\/uploads\/2022\/06\/lhr.jpg?resize=1050%2C600&ssl=1 3x, https:\/\/i0.wp.com\/errr-magazine.com\/wp-content\/uploads\/2022\/06\/lhr.jpg?resize=1400%2C800&ssl=1 4x"},"classes":[]},{"id":177598,"url":"https:\/\/errr-magazine.com\/english\/como-quejarme\/","url_meta":{"origin":182614,"position":5},"title":"C\u00f3mo quejarme","author":"Paracaidistas","date":"05\/25\/2022","format":false,"excerpt":"Lo \u00fanico que quer\u00eda era encontrar un buen trabajo para poder irme a vivir solo, sin embargo, era imposible. Todos los trabajos que consegu\u00eda eran p\u00e9simos, mal pagados, infelices y poco relacionados a la carrera de literatura que estudi\u00e9...","rel":"","context":"In &quot;Interview&quot;","block_context":{"text":"Interview","link":"https:\/\/errr-magazine.com\/english\/category\/interviews\/"},"img":{"alt_text":"","src":"https:\/\/i0.wp.com\/errr-magazine.com\/wp-content\/uploads\/2022\/05\/2.jpg?resize=350%2C200&ssl=1","width":350,"height":200,"srcset":"https:\/\/i0.wp.com\/errr-magazine.com\/wp-content\/uploads\/2022\/05\/2.jpg?resize=350%2C200&ssl=1 1x, https:\/\/i0.wp.com\/errr-magazine.com\/wp-content\/uploads\/2022\/05\/2.jpg?resize=525%2C300&ssl=1 1.5x, https:\/\/i0.wp.com\/errr-magazine.com\/wp-content\/uploads\/2022\/05\/2.jpg?resize=700%2C400&ssl=1 2x"},"classes":[]}],"jetpack_sharing_enabled":true,"mfb_rest_fields":["title","yoast_head","yoast_head_json","jetpack_featured_media_url","jetpack-related-posts","jetpack_sharing_enabled"],"_links":{"self":[{"href":"https:\/\/errr-magazine.com\/english\/wp-json\/wp\/v2\/posts\/182614","targetHints":{"allow":["GET"]}}],"collection":[{"href":"https:\/\/errr-magazine.com\/english\/wp-json\/wp\/v2\/posts"}],"about":[{"href":"https:\/\/errr-magazine.com\/english\/wp-json\/wp\/v2\/types\/post"}],"author":[{"embeddable":true,"href":"https:\/\/errr-magazine.com\/english\/wp-json\/wp\/v2\/users\/7588"}],"replies":[{"embeddable":true,"href":"https:\/\/errr-magazine.com\/english\/wp-json\/wp\/v2\/comments?post=182614"}],"version-history":[{"count":3,"href":"https:\/\/errr-magazine.com\/english\/wp-json\/wp\/v2\/posts\/182614\/revisions"}],"predecessor-version":[{"id":182618,"href":"https:\/\/errr-magazine.com\/english\/wp-json\/wp\/v2\/posts\/182614\/revisions\/182618"}],"wp:featuredmedia":[{"embeddable":true,"href":"https:\/\/errr-magazine.com\/english\/wp-json\/wp\/v2\/media\/182613"}],"wp:attachment":[{"href":"https:\/\/errr-magazine.com\/english\/wp-json\/wp\/v2\/media?parent=182614"}],"wp:term":[{"taxonomy":"category","embeddable":true,"href":"https:\/\/errr-magazine.com\/english\/wp-json\/wp\/v2\/categories?post=182614"},{"taxonomy":"post_tag","embeddable":true,"href":"https:\/\/errr-magazine.com\/english\/wp-json\/wp\/v2\/tags?post=182614"}],"curies":[{"name":"wp","href":"https:\/\/api.w.org\/{rel}","templated":true}]}}