{"id":180854,"date":"2022-07-11T20:37:01","date_gmt":"2022-07-12T01:37:01","guid":{"rendered":"https:\/\/errr-magazine.com\/?p=180854"},"modified":"2025-08-15T10:56:04","modified_gmt":"2025-08-15T16:56:04","slug":"el-abismo-2","status":"publish","type":"post","link":"https:\/\/errr-magazine.com\/english\/el-abismo-2\/","title":{"rendered":"El abismo"},"content":{"rendered":"<p><strong>Entrevista a Dante Montich<\/strong><br \/>\nby Abel Ib\u00e1\u00f1ez G.<\/p>\n<p><strong>\u00bfQu\u00e9 herramientas utilizaste para crear esta pieza?<\/strong><br \/>\nAcuarela y l\u00e1piz sobre papel Canson.<\/p>\n<p><strong>\u00bfCu\u00e1l fue el proceso creativo de esta pieza, desde el origen hasta que qued\u00f3 terminada?<\/strong><br \/>\nEncontr\u00e9 una fotograf\u00eda de la figura de un pintor que me gust\u00f3 y cre\u00ed posible hacer una serie de trabajos a partir de esa imagen, siempre dudando de los resultados y sabiendo que afrontar\u00eda el conflictivo juego de resolver ciertos cuestionamientos como idea y estrategias formales. La obra queda <em>terminada<\/em> cuando creo que all\u00ed sucedi\u00f3 algo, cuando se logr\u00f3 un tipo de acontecimiento, cuando algo me perturba, cuando se dio un gesto que da cuenta de que el espacio del artista es un espacio alterado. No s\u00e9 si la imagen result\u00f3 bella, bien compuesta o en el peor de los casos, vendible.<\/p>\n<p class=\"pull-left\">Lo que m\u00e1s se disfruta es afrontar el riesgo de todo lo que se nos cruza en la cabeza en ese peque\u00f1o espacio de tiempo que dura la realizaci\u00f3n de la obra: las formas, lo crom\u00e1tico, el espacio, los signos, los desacuerdos, el abismo.<\/p>\n<p><strong>\u00bfCu\u00e1les fueron tus referencias o inspiraciones?<\/strong><br \/>\nLa obra es una pieza de una serie de trabajos que ensayan, de alguna forma, esa posibilidad a la que se enfrenta el pintor, o lo que crea el pintor. En la serie siempre aparece la misma figura, la del artista, frente a un signo, forma o acci\u00f3n que acaba de realizar, pensar o proponer. El espacio y su hacer siguen siendo ideas abiertas, cuestiones. La referencia o inspiraciones ya est\u00e1n presentes en mi trabajo anterior, y tiene que ver con mi mirada de un espacio conflictivo (posiblemente el mundo o nuestro mundo), el juego de las contradicciones y el de un territorio al que no podemos terminar de acceder.<\/p>\n<figure id=\"attachment_180859\" aria-describedby=\"caption-attachment-180859\" style=\"width: 1500px\" class=\"wp-caption aligncenter\"><img decoding=\"async\" data-src=\"https:\/\/errr-magazine.com\/wp-content\/uploads\/2022\/07\/IMG_20220723_114728.jpg\" alt=\"\" width=\"1500\" height=\"509\" class=\"size-full wp-image-180859 lazyload\" data-srcset=\"https:\/\/errr-magazine.com\/wp-content\/uploads\/2022\/07\/IMG_20220723_114728.jpg 1500w, https:\/\/errr-magazine.com\/wp-content\/uploads\/2022\/07\/IMG_20220723_114728-300x102.jpg 300w, https:\/\/errr-magazine.com\/wp-content\/uploads\/2022\/07\/IMG_20220723_114728-1024x347.jpg 1024w, https:\/\/errr-magazine.com\/wp-content\/uploads\/2022\/07\/IMG_20220723_114728-768x261.jpg 768w, https:\/\/errr-magazine.com\/wp-content\/uploads\/2022\/07\/IMG_20220723_114728-18x6.jpg 18w, https:\/\/errr-magazine.com\/wp-content\/uploads\/2022\/07\/IMG_20220723_114728-660x224.jpg 660w, https:\/\/errr-magazine.com\/wp-content\/uploads\/2022\/07\/IMG_20220723_114728-1000x339.jpg 1000w\" data-sizes=\"(max-width: 1500px) 100vw, 1500px\" src=\"data:image\/svg+xml;base64,PHN2ZyB3aWR0aD0iMSIgaGVpZ2h0PSIxIiB4bWxucz0iaHR0cDovL3d3dy53My5vcmcvMjAwMC9zdmciPjwvc3ZnPg==\" style=\"--smush-placeholder-width: 1500px; --smush-placeholder-aspect-ratio: 1500\/509;\" \/><figcaption id=\"caption-attachment-180859\" class=\"wp-caption-text\">Dibujos por Dante Montich<\/figcaption><\/figure>\n<p><strong>\u00bfQu\u00e9 fue lo que m\u00e1s trabajo te cost\u00f3 y c\u00f3mo lo resolviste?<\/strong><br \/>\nCreo que el mayor trabajo es siempre conceptual, dotar a la imagen de un soporte significante fuerte: que lo que all\u00ed se mira, exceda lo que el ojo ve en la superficie del papel, mirar la serie y sentir que all\u00ed algo sucede o algo se esta gestando.<\/p>\n<p><strong>\u00bfHay algo m\u00e1s que quieras agregar respecto a esta pieza?<\/strong><br \/>\nLa pieza se completa, se complementa o se desplaza en relaci\u00f3n a las dem\u00e1s piezas que conforman la serie.<\/p>","protected":false},"excerpt":{"rendered":"<p>Lo que m\u00e1s se disfruta es afrontar el riesgo de todo lo que se nos cruza en la cabeza en ese peque\u00f1o espacio de tiempo que dura la realizaci\u00f3n de la obra: las formas, lo crom\u00e1tico, el espacio, los signos, los desacuerdos, el abismo&#8230;<\/p>","protected":false},"author":7528,"featured_media":180855,"comment_status":"closed","ping_status":"closed","sticky":false,"template":"","format":"standard","meta":{"_acf_changed":false,"cybocfi_hide_featured_image":"","_jetpack_memberships_contains_paid_content":false,"footnotes":""},"categories":[17849],"tags":[],"class_list":["post-180854","post","type-post","status-publish","format-standard","has-post-thumbnail","hentry","category-interviews"],"acf":[],"mb":[],"yoast_head":"<!-- This site is optimized with the Yoast SEO plugin v27.2 - https:\/\/yoast.com\/product\/yoast-seo-wordpress\/ -->\n<title>El abismo - ERRR MAGAZINE<\/title>\n<meta name=\"robots\" content=\"index, follow, max-snippet:-1, max-image-preview:large, max-video-preview:-1\" \/>\n<link rel=\"canonical\" href=\"https:\/\/errr-magazine.com\/english\/el-abismo-2\/\" \/>\n<meta property=\"og:locale\" content=\"en_US\" \/>\n<meta property=\"og:type\" content=\"article\" \/>\n<meta property=\"og:title\" content=\"El abismo - ERRR MAGAZINE\" \/>\n<meta property=\"og:description\" content=\"Lo que m\u00e1s se disfruta es afrontar el riesgo de todo lo que se nos cruza en la cabeza en ese peque\u00f1o espacio de tiempo que dura la realizaci\u00f3n de la obra: las formas, lo crom\u00e1tico, el espacio, los signos, los desacuerdos, el abismo...\" \/>\n<meta property=\"og:url\" content=\"https:\/\/errr-magazine.com\/english\/el-abismo-2\/\" \/>\n<meta property=\"og:site_name\" content=\"ERRR MAGAZINE\" \/>\n<meta property=\"article:published_time\" content=\"2022-07-12T01:37:01+00:00\" \/>\n<meta property=\"article:modified_time\" content=\"2025-08-15T16:56:04+00:00\" \/>\n<meta property=\"og:image\" content=\"https:\/\/errr-magazine.com\/wp-content\/uploads\/2022\/07\/IMG_20220723_094059_2.jpg\" \/>\n\t<meta property=\"og:image:width\" content=\"1500\" \/>\n\t<meta property=\"og:image:height\" content=\"1999\" \/>\n\t<meta property=\"og:image:type\" content=\"image\/jpeg\" \/>\n<meta name=\"author\" content=\"Dante Montich\" \/>\n<meta name=\"twitter:card\" content=\"summary_large_image\" \/>\n<meta name=\"twitter:image\" content=\"https:\/\/errr-magazine.com\/wp-content\/uploads\/2022\/07\/IMG_20220723_094059_2.jpg\" \/>\n<meta name=\"twitter:label1\" content=\"Written by\" \/>\n\t<meta name=\"twitter:data1\" content=\"Dante Montich\" \/>\n\t<meta name=\"twitter:label2\" content=\"Est. reading time\" \/>\n\t<meta name=\"twitter:data2\" content=\"2 minutes\" \/>\n<script type=\"application\/ld+json\" class=\"yoast-schema-graph\">{\"@context\":\"https:\/\/schema.org\",\"@graph\":[{\"@type\":\"Article\",\"@id\":\"https:\/\/errr-magazine.com\/el-abismo-2\/#article\",\"isPartOf\":{\"@id\":\"https:\/\/errr-magazine.com\/el-abismo-2\/\"},\"author\":{\"name\":\"Dante Montich\",\"@id\":\"https:\/\/errr-magazine.com\/#\/schema\/person\/dce126c4d467a5cfc5e388123cc3e5bd\"},\"headline\":\"El abismo\",\"datePublished\":\"2022-07-12T01:37:01+00:00\",\"dateModified\":\"2025-08-15T16:56:04+00:00\",\"mainEntityOfPage\":{\"@id\":\"https:\/\/errr-magazine.com\/el-abismo-2\/\"},\"wordCount\":417,\"image\":{\"@id\":\"https:\/\/errr-magazine.com\/el-abismo-2\/#primaryimage\"},\"thumbnailUrl\":\"https:\/\/errr-magazine.com\/wp-content\/uploads\/2022\/07\/IMG_20220723_094059_2.jpg\",\"articleSection\":[\"Interview\"],\"inLanguage\":\"en-US\"},{\"@type\":\"WebPage\",\"@id\":\"https:\/\/errr-magazine.com\/el-abismo-2\/\",\"url\":\"https:\/\/errr-magazine.com\/el-abismo-2\/\",\"name\":\"El abismo - ERRR MAGAZINE\",\"isPartOf\":{\"@id\":\"https:\/\/errr-magazine.com\/#website\"},\"primaryImageOfPage\":{\"@id\":\"https:\/\/errr-magazine.com\/el-abismo-2\/#primaryimage\"},\"image\":{\"@id\":\"https:\/\/errr-magazine.com\/el-abismo-2\/#primaryimage\"},\"thumbnailUrl\":\"https:\/\/errr-magazine.com\/wp-content\/uploads\/2022\/07\/IMG_20220723_094059_2.jpg\",\"datePublished\":\"2022-07-12T01:37:01+00:00\",\"dateModified\":\"2025-08-15T16:56:04+00:00\",\"author\":{\"@id\":\"https:\/\/errr-magazine.com\/#\/schema\/person\/dce126c4d467a5cfc5e388123cc3e5bd\"},\"breadcrumb\":{\"@id\":\"https:\/\/errr-magazine.com\/el-abismo-2\/#breadcrumb\"},\"inLanguage\":\"en-US\",\"potentialAction\":[{\"@type\":\"ReadAction\",\"target\":[\"https:\/\/errr-magazine.com\/el-abismo-2\/\"]}]},{\"@type\":\"ImageObject\",\"inLanguage\":\"en-US\",\"@id\":\"https:\/\/errr-magazine.com\/el-abismo-2\/#primaryimage\",\"url\":\"https:\/\/errr-magazine.com\/wp-content\/uploads\/2022\/07\/IMG_20220723_094059_2.jpg\",\"contentUrl\":\"https:\/\/errr-magazine.com\/wp-content\/uploads\/2022\/07\/IMG_20220723_094059_2.jpg\",\"width\":1500,\"height\":1999,\"caption\":\"Dibujo por Dante Montich\"},{\"@type\":\"BreadcrumbList\",\"@id\":\"https:\/\/errr-magazine.com\/el-abismo-2\/#breadcrumb\",\"itemListElement\":[{\"@type\":\"ListItem\",\"position\":1,\"name\":\"Portada\",\"item\":\"https:\/\/errr-magazine.com\/\"},{\"@type\":\"ListItem\",\"position\":2,\"name\":\"El abismo\"}]},{\"@type\":\"WebSite\",\"@id\":\"https:\/\/errr-magazine.com\/#website\",\"url\":\"https:\/\/errr-magazine.com\/\",\"name\":\"ERRR MAGAZINE\",\"description\":\"\",\"potentialAction\":[{\"@type\":\"SearchAction\",\"target\":{\"@type\":\"EntryPoint\",\"urlTemplate\":\"https:\/\/errr-magazine.com\/?s={search_term_string}\"},\"query-input\":{\"@type\":\"PropertyValueSpecification\",\"valueRequired\":true,\"valueName\":\"search_term_string\"}}],\"inLanguage\":\"en-US\"},{\"@type\":\"Person\",\"@id\":\"https:\/\/errr-magazine.com\/#\/schema\/person\/dce126c4d467a5cfc5e388123cc3e5bd\",\"name\":\"Dante Montich\",\"image\":{\"@type\":\"ImageObject\",\"inLanguage\":\"en-US\",\"@id\":\"https:\/\/secure.gravatar.com\/avatar\/99d446586fd41c708db0deaead30d019b740f396774336221f4aff2c146a161d?s=96&d=identicon&r=g\",\"url\":\"https:\/\/secure.gravatar.com\/avatar\/99d446586fd41c708db0deaead30d019b740f396774336221f4aff2c146a161d?s=96&d=identicon&r=g\",\"contentUrl\":\"https:\/\/secure.gravatar.com\/avatar\/99d446586fd41c708db0deaead30d019b740f396774336221f4aff2c146a161d?s=96&d=identicon&r=g\",\"caption\":\"Dante Montich\"},\"description\":\"Pintor por, sobre todo. \u00daltimamente se concentr\u00f3 en el dibujo y en diversos proyectos curatoriales. Las \u00faltimas reflexiones lo pusieron en un terreno incierto y contradictorio. Como si toda su obra fuera el resultado de una dificultad, \u00e9sta siempre se construy\u00f3 desde una acci\u00f3n, desde un juego de relaciones que no termin\u00f3 de acordar: posibilidad visual de un interrogante o de una sospecha.\",\"sameAs\":[\"https:\/\/www.instagram.com\/dantemontich\"],\"url\":\"https:\/\/errr-magazine.com\/english\/author\/dante-montich\/\"}]}<\/script>\n<!-- \/ Yoast SEO plugin. -->","yoast_head_json":{"title":"El abismo - ERRR MAGAZINE","robots":{"index":"index","follow":"follow","max-snippet":"max-snippet:-1","max-image-preview":"max-image-preview:large","max-video-preview":"max-video-preview:-1"},"canonical":"https:\/\/errr-magazine.com\/english\/el-abismo-2\/","og_locale":"en_US","og_type":"article","og_title":"El abismo - ERRR MAGAZINE","og_description":"Lo que m\u00e1s se disfruta es afrontar el riesgo de todo lo que se nos cruza en la cabeza en ese peque\u00f1o espacio de tiempo que dura la realizaci\u00f3n de la obra: las formas, lo crom\u00e1tico, el espacio, los signos, los desacuerdos, el abismo...","og_url":"https:\/\/errr-magazine.com\/english\/el-abismo-2\/","og_site_name":"ERRR MAGAZINE","article_published_time":"2022-07-12T01:37:01+00:00","article_modified_time":"2025-08-15T16:56:04+00:00","og_image":[{"width":1500,"height":1999,"url":"https:\/\/errr-magazine.com\/wp-content\/uploads\/2022\/07\/IMG_20220723_094059_2.jpg","type":"image\/jpeg"}],"author":"Dante Montich","twitter_card":"summary_large_image","twitter_image":"https:\/\/errr-magazine.com\/wp-content\/uploads\/2022\/07\/IMG_20220723_094059_2.jpg","twitter_misc":{"Written by":"Dante Montich","Est. reading time":"2 minutes"},"schema":{"@context":"https:\/\/schema.org","@graph":[{"@type":"Article","@id":"https:\/\/errr-magazine.com\/el-abismo-2\/#article","isPartOf":{"@id":"https:\/\/errr-magazine.com\/el-abismo-2\/"},"author":{"name":"Dante Montich","@id":"https:\/\/errr-magazine.com\/#\/schema\/person\/dce126c4d467a5cfc5e388123cc3e5bd"},"headline":"El abismo","datePublished":"2022-07-12T01:37:01+00:00","dateModified":"2025-08-15T16:56:04+00:00","mainEntityOfPage":{"@id":"https:\/\/errr-magazine.com\/el-abismo-2\/"},"wordCount":417,"image":{"@id":"https:\/\/errr-magazine.com\/el-abismo-2\/#primaryimage"},"thumbnailUrl":"https:\/\/errr-magazine.com\/wp-content\/uploads\/2022\/07\/IMG_20220723_094059_2.jpg","articleSection":["Interview"],"inLanguage":"en-US"},{"@type":"WebPage","@id":"https:\/\/errr-magazine.com\/el-abismo-2\/","url":"https:\/\/errr-magazine.com\/el-abismo-2\/","name":"El abismo - ERRR MAGAZINE","isPartOf":{"@id":"https:\/\/errr-magazine.com\/#website"},"primaryImageOfPage":{"@id":"https:\/\/errr-magazine.com\/el-abismo-2\/#primaryimage"},"image":{"@id":"https:\/\/errr-magazine.com\/el-abismo-2\/#primaryimage"},"thumbnailUrl":"https:\/\/errr-magazine.com\/wp-content\/uploads\/2022\/07\/IMG_20220723_094059_2.jpg","datePublished":"2022-07-12T01:37:01+00:00","dateModified":"2025-08-15T16:56:04+00:00","author":{"@id":"https:\/\/errr-magazine.com\/#\/schema\/person\/dce126c4d467a5cfc5e388123cc3e5bd"},"breadcrumb":{"@id":"https:\/\/errr-magazine.com\/el-abismo-2\/#breadcrumb"},"inLanguage":"en-US","potentialAction":[{"@type":"ReadAction","target":["https:\/\/errr-magazine.com\/el-abismo-2\/"]}]},{"@type":"ImageObject","inLanguage":"en-US","@id":"https:\/\/errr-magazine.com\/el-abismo-2\/#primaryimage","url":"https:\/\/errr-magazine.com\/wp-content\/uploads\/2022\/07\/IMG_20220723_094059_2.jpg","contentUrl":"https:\/\/errr-magazine.com\/wp-content\/uploads\/2022\/07\/IMG_20220723_094059_2.jpg","width":1500,"height":1999,"caption":"Dibujo por Dante Montich"},{"@type":"BreadcrumbList","@id":"https:\/\/errr-magazine.com\/el-abismo-2\/#breadcrumb","itemListElement":[{"@type":"ListItem","position":1,"name":"Portada","item":"https:\/\/errr-magazine.com\/"},{"@type":"ListItem","position":2,"name":"El abismo"}]},{"@type":"WebSite","@id":"https:\/\/errr-magazine.com\/#website","url":"https:\/\/errr-magazine.com\/","name":"ERRR MAGAZINE","description":"","potentialAction":[{"@type":"SearchAction","target":{"@type":"EntryPoint","urlTemplate":"https:\/\/errr-magazine.com\/?s={search_term_string}"},"query-input":{"@type":"PropertyValueSpecification","valueRequired":true,"valueName":"search_term_string"}}],"inLanguage":"en-US"},{"@type":"Person","@id":"https:\/\/errr-magazine.com\/#\/schema\/person\/dce126c4d467a5cfc5e388123cc3e5bd","name":"Dante Montich","image":{"@type":"ImageObject","inLanguage":"en-US","@id":"https:\/\/secure.gravatar.com\/avatar\/99d446586fd41c708db0deaead30d019b740f396774336221f4aff2c146a161d?s=96&d=identicon&r=g","url":"https:\/\/secure.gravatar.com\/avatar\/99d446586fd41c708db0deaead30d019b740f396774336221f4aff2c146a161d?s=96&d=identicon&r=g","contentUrl":"https:\/\/secure.gravatar.com\/avatar\/99d446586fd41c708db0deaead30d019b740f396774336221f4aff2c146a161d?s=96&d=identicon&r=g","caption":"Dante Montich"},"description":"Pintor por, sobre todo. \u00daltimamente se concentr\u00f3 en el dibujo y en diversos proyectos curatoriales. Las \u00faltimas reflexiones lo pusieron en un terreno incierto y contradictorio. Como si toda su obra fuera el resultado de una dificultad, \u00e9sta siempre se construy\u00f3 desde una acci\u00f3n, desde un juego de relaciones que no termin\u00f3 de acordar: posibilidad visual de un interrogante o de una sospecha.","sameAs":["https:\/\/www.instagram.com\/dantemontich"],"url":"https:\/\/errr-magazine.com\/english\/author\/dante-montich\/"}]}},"jetpack_featured_media_url":"https:\/\/errr-magazine.com\/wp-content\/uploads\/2022\/07\/IMG_20220723_094059_2.jpg","jetpack-related-posts":[{"id":181073,"url":"https:\/\/errr-magazine.com\/english\/now-im-living-in-ecstasy\/","url_meta":{"origin":180854,"position":0},"title":"Now I&#8217;m living in ecstasy","author":"Surreal Nightmares","date":"07\/23\/2022","format":false,"excerpt":"Me gusta pensar en qu\u00e9 elementos podr\u00edan funcionar, pienso en colores, formas y tambi\u00e9n en c\u00f3mo pueden contrastar y vivir bien con la obra...","rel":"","context":"In &quot;Interview&quot;","block_context":{"text":"Interview","link":"https:\/\/errr-magazine.com\/english\/category\/interviews\/"},"img":{"alt_text":"","src":"https:\/\/i0.wp.com\/errr-magazine.com\/wp-content\/uploads\/2022\/08\/ILUSTRACION_SURREALNIGHTMSRES.jpg?resize=350%2C200&ssl=1","width":350,"height":200,"srcset":"https:\/\/i0.wp.com\/errr-magazine.com\/wp-content\/uploads\/2022\/08\/ILUSTRACION_SURREALNIGHTMSRES.jpg?resize=350%2C200&ssl=1 1x, https:\/\/i0.wp.com\/errr-magazine.com\/wp-content\/uploads\/2022\/08\/ILUSTRACION_SURREALNIGHTMSRES.jpg?resize=525%2C300&ssl=1 1.5x, https:\/\/i0.wp.com\/errr-magazine.com\/wp-content\/uploads\/2022\/08\/ILUSTRACION_SURREALNIGHTMSRES.jpg?resize=700%2C400&ssl=1 2x, https:\/\/i0.wp.com\/errr-magazine.com\/wp-content\/uploads\/2022\/08\/ILUSTRACION_SURREALNIGHTMSRES.jpg?resize=1050%2C600&ssl=1 3x, https:\/\/i0.wp.com\/errr-magazine.com\/wp-content\/uploads\/2022\/08\/ILUSTRACION_SURREALNIGHTMSRES.jpg?resize=1400%2C800&ssl=1 4x"},"classes":[]},{"id":180572,"url":"https:\/\/errr-magazine.com\/english\/in-our-wildest-moments\/","url_meta":{"origin":180854,"position":1},"title":"In Our Wildest Moments","author":"\u00c1ngel Hern\u00e1ndez","date":"06\/24\/2022","format":false,"excerpt":"Luego de un boceto inicial, la parte abstracta es lo primero que hago porque suele ser la parte cr\u00edtica de la composici\u00f3n, determina si el resto quedar\u00e1 bien o no. Una vez terminada esa parte, pinto el rostro y como fase final est\u00e1n los detalles en una \u00faltima capa que\u2026","rel":"","context":"In &quot;Interview&quot;","block_context":{"text":"Interview","link":"https:\/\/errr-magazine.com\/english\/category\/interviews\/"},"img":{"alt_text":"","src":"https:\/\/i0.wp.com\/errr-magazine.com\/wp-content\/uploads\/2022\/07\/edit-angel-hernandez.jpg?resize=350%2C200&ssl=1","width":350,"height":200,"srcset":"https:\/\/i0.wp.com\/errr-magazine.com\/wp-content\/uploads\/2022\/07\/edit-angel-hernandez.jpg?resize=350%2C200&ssl=1 1x, https:\/\/i0.wp.com\/errr-magazine.com\/wp-content\/uploads\/2022\/07\/edit-angel-hernandez.jpg?resize=525%2C300&ssl=1 1.5x, https:\/\/i0.wp.com\/errr-magazine.com\/wp-content\/uploads\/2022\/07\/edit-angel-hernandez.jpg?resize=700%2C400&ssl=1 2x, https:\/\/i0.wp.com\/errr-magazine.com\/wp-content\/uploads\/2022\/07\/edit-angel-hernandez.jpg?resize=1050%2C600&ssl=1 3x, https:\/\/i0.wp.com\/errr-magazine.com\/wp-content\/uploads\/2022\/07\/edit-angel-hernandez.jpg?resize=1400%2C800&ssl=1 4x"},"classes":[]},{"id":197151,"url":"https:\/\/errr-magazine.com\/english\/tiempos-como-estos\/","url_meta":{"origin":180854,"position":2},"title":"Times like these","author":"Pasguato","date":"01\/09\/2026","format":false,"excerpt":"The hardest part has been finding the perfect moment to create. I love doing it, but I often wonder why I can\u2019t be creating all the time. Sometimes I have so many ideas in my head that they turn into noise, making it hard to bring them to life.","rel":"","context":"In &quot;Artes visuales&quot;","block_context":{"text":"Artes visuales","link":"https:\/\/errr-magazine.com\/english\/category\/interviews\/artes-visuales\/"},"img":{"alt_text":"","src":"https:\/\/i0.wp.com\/errr-magazine.com\/wp-content\/uploads\/2026\/01\/nueva-scaled.jpg?resize=350%2C200&ssl=1","width":350,"height":200,"srcset":"https:\/\/i0.wp.com\/errr-magazine.com\/wp-content\/uploads\/2026\/01\/nueva-scaled.jpg?resize=350%2C200&ssl=1 1x, https:\/\/i0.wp.com\/errr-magazine.com\/wp-content\/uploads\/2026\/01\/nueva-scaled.jpg?resize=525%2C300&ssl=1 1.5x, https:\/\/i0.wp.com\/errr-magazine.com\/wp-content\/uploads\/2026\/01\/nueva-scaled.jpg?resize=700%2C400&ssl=1 2x, https:\/\/i0.wp.com\/errr-magazine.com\/wp-content\/uploads\/2026\/01\/nueva-scaled.jpg?resize=1050%2C600&ssl=1 3x, https:\/\/i0.wp.com\/errr-magazine.com\/wp-content\/uploads\/2026\/01\/nueva-scaled.jpg?resize=1400%2C800&ssl=1 4x"},"classes":[]},{"id":190941,"url":"https:\/\/errr-magazine.com\/english\/como-me-siento\/","url_meta":{"origin":180854,"position":3},"title":"Como me siento","author":"Triste Domingo","date":"07\/14\/2025","format":false,"excerpt":"Todo el \u00e1lbum gira en torno a c\u00f3mo me siento o c\u00f3mo\u00a0nos sentimos, reconociendo que cada proceso individual es igual de complejo. Quer\u00eda hacer un disco donde cada emoci\u00f3n tuviera su espacio, sin filtros ni poses.","rel":"","context":"In &quot;Interview&quot;","block_context":{"text":"Interview","link":"https:\/\/errr-magazine.com\/english\/category\/interviews\/"},"img":{"alt_text":"","src":"https:\/\/i0.wp.com\/errr-magazine.com\/wp-content\/uploads\/2025\/07\/triste.png?resize=350%2C200&ssl=1","width":350,"height":200,"srcset":"https:\/\/i0.wp.com\/errr-magazine.com\/wp-content\/uploads\/2025\/07\/triste.png?resize=350%2C200&ssl=1 1x, https:\/\/i0.wp.com\/errr-magazine.com\/wp-content\/uploads\/2025\/07\/triste.png?resize=525%2C300&ssl=1 1.5x, https:\/\/i0.wp.com\/errr-magazine.com\/wp-content\/uploads\/2025\/07\/triste.png?resize=700%2C400&ssl=1 2x, https:\/\/i0.wp.com\/errr-magazine.com\/wp-content\/uploads\/2025\/07\/triste.png?resize=1050%2C600&ssl=1 3x, https:\/\/i0.wp.com\/errr-magazine.com\/wp-content\/uploads\/2025\/07\/triste.png?resize=1400%2C800&ssl=1 4x"},"classes":[]},{"id":182820,"url":"https:\/\/errr-magazine.com\/english\/el-sonido-amarillo-del-bosque\/","url_meta":{"origin":180854,"position":4},"title":"El sonido amarillo del bosque","author":"Diana Quintero Vallejo","date":"09\/24\/2022","format":false,"excerpt":"Me gusta esconder personajes y sucesos en las distintas capas del proceso, por eso cada \u201cescena\u201d puede tomar meses o incluso a\u00f1os...","rel":"","context":"In &quot;Interview&quot;","block_context":{"text":"Interview","link":"https:\/\/errr-magazine.com\/english\/category\/interviews\/"},"img":{"alt_text":"","src":"https:\/\/i0.wp.com\/errr-magazine.com\/wp-content\/uploads\/2022\/09\/ESAB_DQV.jpg?resize=350%2C200&ssl=1","width":350,"height":200,"srcset":"https:\/\/i0.wp.com\/errr-magazine.com\/wp-content\/uploads\/2022\/09\/ESAB_DQV.jpg?resize=350%2C200&ssl=1 1x, https:\/\/i0.wp.com\/errr-magazine.com\/wp-content\/uploads\/2022\/09\/ESAB_DQV.jpg?resize=525%2C300&ssl=1 1.5x, https:\/\/i0.wp.com\/errr-magazine.com\/wp-content\/uploads\/2022\/09\/ESAB_DQV.jpg?resize=700%2C400&ssl=1 2x, https:\/\/i0.wp.com\/errr-magazine.com\/wp-content\/uploads\/2022\/09\/ESAB_DQV.jpg?resize=1050%2C600&ssl=1 3x, https:\/\/i0.wp.com\/errr-magazine.com\/wp-content\/uploads\/2022\/09\/ESAB_DQV.jpg?resize=1400%2C800&ssl=1 4x"},"classes":[]},{"id":180693,"url":"https:\/\/errr-magazine.com\/english\/domingo-5\/","url_meta":{"origin":180854,"position":5},"title":"Domingo","author":"La Puga Mar\u00eda","date":"07\/05\/2022","format":false,"excerpt":"Domingo es el nombre de mi perrito, el fue toda la inspiraci\u00f3n de esta pieza, en ese momento viv\u00edamos en un departamento donde s\u00f3lo entraba poco de sol por la ventana en la ma\u00f1ana...","rel":"","context":"In &quot;Interview&quot;","block_context":{"text":"Interview","link":"https:\/\/errr-magazine.com\/english\/category\/interviews\/"},"img":{"alt_text":"","src":"https:\/\/i0.wp.com\/errr-magazine.com\/wp-content\/uploads\/2022\/07\/DomingoAcuarela.jpeg?resize=350%2C200&ssl=1","width":350,"height":200,"srcset":"https:\/\/i0.wp.com\/errr-magazine.com\/wp-content\/uploads\/2022\/07\/DomingoAcuarela.jpeg?resize=350%2C200&ssl=1 1x, https:\/\/i0.wp.com\/errr-magazine.com\/wp-content\/uploads\/2022\/07\/DomingoAcuarela.jpeg?resize=525%2C300&ssl=1 1.5x, https:\/\/i0.wp.com\/errr-magazine.com\/wp-content\/uploads\/2022\/07\/DomingoAcuarela.jpeg?resize=700%2C400&ssl=1 2x, https:\/\/i0.wp.com\/errr-magazine.com\/wp-content\/uploads\/2022\/07\/DomingoAcuarela.jpeg?resize=1050%2C600&ssl=1 3x, https:\/\/i0.wp.com\/errr-magazine.com\/wp-content\/uploads\/2022\/07\/DomingoAcuarela.jpeg?resize=1400%2C800&ssl=1 4x"},"classes":[]}],"jetpack_sharing_enabled":true,"mfb_rest_fields":["title","yoast_head","yoast_head_json","jetpack_featured_media_url","jetpack-related-posts","jetpack_sharing_enabled"],"_links":{"self":[{"href":"https:\/\/errr-magazine.com\/english\/wp-json\/wp\/v2\/posts\/180854","targetHints":{"allow":["GET"]}}],"collection":[{"href":"https:\/\/errr-magazine.com\/english\/wp-json\/wp\/v2\/posts"}],"about":[{"href":"https:\/\/errr-magazine.com\/english\/wp-json\/wp\/v2\/types\/post"}],"author":[{"embeddable":true,"href":"https:\/\/errr-magazine.com\/english\/wp-json\/wp\/v2\/users\/7528"}],"replies":[{"embeddable":true,"href":"https:\/\/errr-magazine.com\/english\/wp-json\/wp\/v2\/comments?post=180854"}],"version-history":[{"count":4,"href":"https:\/\/errr-magazine.com\/english\/wp-json\/wp\/v2\/posts\/180854\/revisions"}],"predecessor-version":[{"id":180861,"href":"https:\/\/errr-magazine.com\/english\/wp-json\/wp\/v2\/posts\/180854\/revisions\/180861"}],"wp:featuredmedia":[{"embeddable":true,"href":"https:\/\/errr-magazine.com\/english\/wp-json\/wp\/v2\/media\/180855"}],"wp:attachment":[{"href":"https:\/\/errr-magazine.com\/english\/wp-json\/wp\/v2\/media?parent=180854"}],"wp:term":[{"taxonomy":"category","embeddable":true,"href":"https:\/\/errr-magazine.com\/english\/wp-json\/wp\/v2\/categories?post=180854"},{"taxonomy":"post_tag","embeddable":true,"href":"https:\/\/errr-magazine.com\/english\/wp-json\/wp\/v2\/tags?post=180854"}],"curies":[{"name":"wp","href":"https:\/\/api.w.org\/{rel}","templated":true}]}}