{"id":178466,"date":"2022-06-15T19:39:21","date_gmt":"2022-06-16T00:39:21","guid":{"rendered":"https:\/\/errr-magazine.com\/?p=178466"},"modified":"2025-08-15T10:56:08","modified_gmt":"2025-08-15T16:56:08","slug":"despues-del-cielo-viene-la-calma","status":"publish","type":"post","link":"https:\/\/errr-magazine.com\/english\/despues-del-cielo-viene-la-calma\/","title":{"rendered":"After the sky comes the calm"},"content":{"rendered":"<p><strong>What camera and other tools did you use to make this photograph?<\/strong><br \/>\nLa realic\u00e9 con una c\u00e1mara Sony a6000.<\/p>\n<p><strong>Cu\u00e9ntanos del lugar en donde se tom\u00f3 esta fotograf\u00eda. \u00bfQu\u00e9 hac\u00edas ah\u00ed ese d\u00eda?<\/strong><br \/>\nEse d\u00eda, llegu\u00e9 a casa agotado en todos los sentidos. As\u00ed que para despejarme, tom\u00e9 mi c\u00e1mara y me fui a la azotea de casa a contemplar el cielo. Me relaj\u00e9 mucho y decid\u00ed inmortalizar el momento con una foto para recordar la calma que encontr\u00e9 en aquel cielo.<\/p>\n<p><strong>\u00bfQu\u00e9 es lo que m\u00e1s te gusta de esta fotograf\u00eda y por qu\u00e9?<\/strong><br \/>\nMe gusta el toque an\u00e1logo que pude darle, el grano, la escala de grises. A pesar que amo hacer fotos con carrete, ese d\u00eda decid\u00ed hacerlo con digital, me gusta el toque melanc\u00f3lico que obtuve en su edici\u00f3n.<\/p>\n<p><strong>\u00bfLleva alg\u00fan t\u00edtulo esta foto? \u00bfPor qu\u00e9 se escogi\u00f3 este t\u00edtulo? Si no lleva, \u00bfqu\u00e9 t\u00edtulo le pondr\u00edas y por qu\u00e9?<\/strong><br \/>\nNo le di un t\u00edtulo pero le pondr\u00eda <em>After the sky comes the calm<\/em>.<\/p>\n<p><strong>Was there anything consciously that could be considered an influence or an inspiration within your creative process to make this image?<\/strong><br \/>\nCada fotograf\u00eda que realizo lleva un sentimiento, o un pensamiento detr\u00e1s de s\u00ed mismas. A\u00fan as\u00ed me gusta que el resto de las personas se sientan libremente tras observar cada foto que presento.<\/p>\n<p><strong>In this photograph did you do something totally different from what you normally do for other photos?<\/strong><br \/>\nS\u00ed, mi estilo fotogr\u00e1fico es totalmente street: lo urbano, la gente, siluetas y dem\u00e1s. As\u00ed que el protagonismo aqu\u00ed se lo llevan las nubes y el cielo con su escala de grises.<\/p>\n<p><strong>If you could have collaborated with anyone for this photo, who would it have been and why?<\/strong><br \/>\nHannah Salnaitis, una mujer y fot\u00f3grafa encantadora, con un ojo talentoso para capturar el entorno.<\/p>\n<p><strong>Where and in what format would you like to see this image displayed?<\/strong><br \/>\nEn un museo, es mi mayor deseo, llegar a ser expuesto mi material en m\u00e1s de alg\u00fan museo de cualquier pa\u00eds o nacionales. En Guadalajara, puedo mencionar el MUSA, claro que s\u00ed.<\/p>","protected":false},"excerpt":{"rendered":"<p>I like the analog touch I was able to give it, the grain, the grayscale. Although I love taking pictures with film, that day I decided to do it with digital, I like the melancholic touch that I got in its edition...<\/p>","protected":false},"author":7446,"featured_media":178467,"comment_status":"closed","ping_status":"closed","sticky":false,"template":"","format":"standard","meta":{"_acf_changed":false,"cybocfi_hide_featured_image":"","_jetpack_memberships_contains_paid_content":false,"footnotes":""},"categories":[17849],"tags":[],"class_list":["post-178466","post","type-post","status-publish","format-standard","has-post-thumbnail","hentry","category-interviews"],"acf":[],"mb":[],"yoast_head":"<!-- This site is optimized with the Yoast SEO plugin v27.2 - https:\/\/yoast.com\/product\/yoast-seo-wordpress\/ -->\n<title>Despu\u00e9s del cielo viene la calma - ERRR MAGAZINE<\/title>\n<meta name=\"robots\" content=\"index, follow, max-snippet:-1, max-image-preview:large, max-video-preview:-1\" \/>\n<link rel=\"canonical\" href=\"https:\/\/errr-magazine.com\/english\/despues-del-cielo-viene-la-calma\/\" \/>\n<meta property=\"og:locale\" content=\"en_US\" \/>\n<meta property=\"og:type\" content=\"article\" \/>\n<meta property=\"og:title\" content=\"Despu\u00e9s del cielo viene la calma - ERRR MAGAZINE\" \/>\n<meta property=\"og:description\" content=\"Me gusta el toque an\u00e1logo que pude darle, el grano, la escala de grises. A pesar que amo hacer fotos con carrete, ese d\u00eda decid\u00ed hacerlo con digital, me gusta el toque melanc\u00f3lico que obtuve en su edici\u00f3n...\" \/>\n<meta property=\"og:url\" content=\"https:\/\/errr-magazine.com\/english\/despues-del-cielo-viene-la-calma\/\" \/>\n<meta property=\"og:site_name\" content=\"ERRR MAGAZINE\" \/>\n<meta property=\"article:published_time\" content=\"2022-06-16T00:39:21+00:00\" \/>\n<meta property=\"article:modified_time\" content=\"2025-08-15T16:56:08+00:00\" \/>\n<meta property=\"og:image\" content=\"https:\/\/errr-magazine.com\/wp-content\/uploads\/2022\/06\/oscar-scaled.jpg\" \/>\n\t<meta property=\"og:image:width\" content=\"1707\" \/>\n\t<meta property=\"og:image:height\" content=\"2560\" \/>\n\t<meta property=\"og:image:type\" content=\"image\/jpeg\" \/>\n<meta name=\"author\" content=\"\u00d3scar Wisdom\" \/>\n<meta name=\"twitter:card\" content=\"summary_large_image\" \/>\n<meta name=\"twitter:label1\" content=\"Written by\" \/>\n\t<meta name=\"twitter:data1\" content=\"\u00d3scar Wisdom\" \/>\n\t<meta name=\"twitter:label2\" content=\"Est. reading time\" \/>\n\t<meta name=\"twitter:data2\" content=\"2 minutes\" \/>\n<script type=\"application\/ld+json\" class=\"yoast-schema-graph\">{\"@context\":\"https:\/\/schema.org\",\"@graph\":[{\"@type\":\"Article\",\"@id\":\"https:\/\/errr-magazine.com\/despues-del-cielo-viene-la-calma\/#article\",\"isPartOf\":{\"@id\":\"https:\/\/errr-magazine.com\/despues-del-cielo-viene-la-calma\/\"},\"author\":{\"name\":\"\u00d3scar Wisdom\",\"@id\":\"https:\/\/errr-magazine.com\/#\/schema\/person\/ac9ebef06b3396ff63de0d9a9cda8db0\"},\"headline\":\"Despu\u00e9s del cielo viene la calma\",\"datePublished\":\"2022-06-16T00:39:21+00:00\",\"dateModified\":\"2025-08-15T16:56:08+00:00\",\"mainEntityOfPage\":{\"@id\":\"https:\/\/errr-magazine.com\/despues-del-cielo-viene-la-calma\/\"},\"wordCount\":390,\"image\":{\"@id\":\"https:\/\/errr-magazine.com\/despues-del-cielo-viene-la-calma\/#primaryimage\"},\"thumbnailUrl\":\"https:\/\/errr-magazine.com\/wp-content\/uploads\/2022\/06\/oscar-scaled.jpg\",\"articleSection\":[\"Interview\"],\"inLanguage\":\"en-US\"},{\"@type\":\"WebPage\",\"@id\":\"https:\/\/errr-magazine.com\/despues-del-cielo-viene-la-calma\/\",\"url\":\"https:\/\/errr-magazine.com\/despues-del-cielo-viene-la-calma\/\",\"name\":\"Despu\u00e9s del cielo viene la calma - ERRR MAGAZINE\",\"isPartOf\":{\"@id\":\"https:\/\/errr-magazine.com\/#website\"},\"primaryImageOfPage\":{\"@id\":\"https:\/\/errr-magazine.com\/despues-del-cielo-viene-la-calma\/#primaryimage\"},\"image\":{\"@id\":\"https:\/\/errr-magazine.com\/despues-del-cielo-viene-la-calma\/#primaryimage\"},\"thumbnailUrl\":\"https:\/\/errr-magazine.com\/wp-content\/uploads\/2022\/06\/oscar-scaled.jpg\",\"datePublished\":\"2022-06-16T00:39:21+00:00\",\"dateModified\":\"2025-08-15T16:56:08+00:00\",\"author\":{\"@id\":\"https:\/\/errr-magazine.com\/#\/schema\/person\/ac9ebef06b3396ff63de0d9a9cda8db0\"},\"breadcrumb\":{\"@id\":\"https:\/\/errr-magazine.com\/despues-del-cielo-viene-la-calma\/#breadcrumb\"},\"inLanguage\":\"en-US\",\"potentialAction\":[{\"@type\":\"ReadAction\",\"target\":[\"https:\/\/errr-magazine.com\/despues-del-cielo-viene-la-calma\/\"]}]},{\"@type\":\"ImageObject\",\"inLanguage\":\"en-US\",\"@id\":\"https:\/\/errr-magazine.com\/despues-del-cielo-viene-la-calma\/#primaryimage\",\"url\":\"https:\/\/errr-magazine.com\/wp-content\/uploads\/2022\/06\/oscar-scaled.jpg\",\"contentUrl\":\"https:\/\/errr-magazine.com\/wp-content\/uploads\/2022\/06\/oscar-scaled.jpg\",\"width\":1707,\"height\":2560,\"caption\":\"Fotograf\u00eda por \u00d3scar Wisdom\"},{\"@type\":\"BreadcrumbList\",\"@id\":\"https:\/\/errr-magazine.com\/despues-del-cielo-viene-la-calma\/#breadcrumb\",\"itemListElement\":[{\"@type\":\"ListItem\",\"position\":1,\"name\":\"Portada\",\"item\":\"https:\/\/errr-magazine.com\/\"},{\"@type\":\"ListItem\",\"position\":2,\"name\":\"Despu\u00e9s del cielo viene la calma\"}]},{\"@type\":\"WebSite\",\"@id\":\"https:\/\/errr-magazine.com\/#website\",\"url\":\"https:\/\/errr-magazine.com\/\",\"name\":\"ERRR MAGAZINE\",\"description\":\"\",\"potentialAction\":[{\"@type\":\"SearchAction\",\"target\":{\"@type\":\"EntryPoint\",\"urlTemplate\":\"https:\/\/errr-magazine.com\/?s={search_term_string}\"},\"query-input\":{\"@type\":\"PropertyValueSpecification\",\"valueRequired\":true,\"valueName\":\"search_term_string\"}}],\"inLanguage\":\"en-US\"},{\"@type\":\"Person\",\"@id\":\"https:\/\/errr-magazine.com\/#\/schema\/person\/ac9ebef06b3396ff63de0d9a9cda8db0\",\"name\":\"\u00d3scar Wisdom\",\"image\":{\"@type\":\"ImageObject\",\"inLanguage\":\"en-US\",\"@id\":\"https:\/\/secure.gravatar.com\/avatar\/9b551eb5e7857de7719b75d6a47e4c7ee5c4ec03010c2dea88b0364347cce76f?s=96&d=identicon&r=g\",\"url\":\"https:\/\/secure.gravatar.com\/avatar\/9b551eb5e7857de7719b75d6a47e4c7ee5c4ec03010c2dea88b0364347cce76f?s=96&d=identicon&r=g\",\"contentUrl\":\"https:\/\/secure.gravatar.com\/avatar\/9b551eb5e7857de7719b75d6a47e4c7ee5c4ec03010c2dea88b0364347cce76f?s=96&d=identicon&r=g\",\"caption\":\"\u00d3scar Wisdom\"},\"description\":\"Fotograf\u00eda M\u00f3vil y Film.\",\"sameAs\":[\"https:\/\/www.instagram.com\/oscarhwisdom\/\"],\"url\":\"https:\/\/errr-magazine.com\/english\/author\/oscar_wisdom\/\"}]}<\/script>\n<!-- \/ Yoast SEO plugin. -->","yoast_head_json":{"title":"Despu\u00e9s del cielo viene la calma - ERRR MAGAZINE","robots":{"index":"index","follow":"follow","max-snippet":"max-snippet:-1","max-image-preview":"max-image-preview:large","max-video-preview":"max-video-preview:-1"},"canonical":"https:\/\/errr-magazine.com\/english\/despues-del-cielo-viene-la-calma\/","og_locale":"en_US","og_type":"article","og_title":"Despu\u00e9s del cielo viene la calma - ERRR MAGAZINE","og_description":"Me gusta el toque an\u00e1logo que pude darle, el grano, la escala de grises. A pesar que amo hacer fotos con carrete, ese d\u00eda decid\u00ed hacerlo con digital, me gusta el toque melanc\u00f3lico que obtuve en su edici\u00f3n...","og_url":"https:\/\/errr-magazine.com\/english\/despues-del-cielo-viene-la-calma\/","og_site_name":"ERRR MAGAZINE","article_published_time":"2022-06-16T00:39:21+00:00","article_modified_time":"2025-08-15T16:56:08+00:00","og_image":[{"width":1707,"height":2560,"url":"https:\/\/errr-magazine.com\/wp-content\/uploads\/2022\/06\/oscar-scaled.jpg","type":"image\/jpeg"}],"author":"\u00d3scar Wisdom","twitter_card":"summary_large_image","twitter_misc":{"Written by":"\u00d3scar Wisdom","Est. reading time":"2 minutes"},"schema":{"@context":"https:\/\/schema.org","@graph":[{"@type":"Article","@id":"https:\/\/errr-magazine.com\/despues-del-cielo-viene-la-calma\/#article","isPartOf":{"@id":"https:\/\/errr-magazine.com\/despues-del-cielo-viene-la-calma\/"},"author":{"name":"\u00d3scar Wisdom","@id":"https:\/\/errr-magazine.com\/#\/schema\/person\/ac9ebef06b3396ff63de0d9a9cda8db0"},"headline":"Despu\u00e9s del cielo viene la calma","datePublished":"2022-06-16T00:39:21+00:00","dateModified":"2025-08-15T16:56:08+00:00","mainEntityOfPage":{"@id":"https:\/\/errr-magazine.com\/despues-del-cielo-viene-la-calma\/"},"wordCount":390,"image":{"@id":"https:\/\/errr-magazine.com\/despues-del-cielo-viene-la-calma\/#primaryimage"},"thumbnailUrl":"https:\/\/errr-magazine.com\/wp-content\/uploads\/2022\/06\/oscar-scaled.jpg","articleSection":["Interview"],"inLanguage":"en-US"},{"@type":"WebPage","@id":"https:\/\/errr-magazine.com\/despues-del-cielo-viene-la-calma\/","url":"https:\/\/errr-magazine.com\/despues-del-cielo-viene-la-calma\/","name":"Despu\u00e9s del cielo viene la calma - ERRR MAGAZINE","isPartOf":{"@id":"https:\/\/errr-magazine.com\/#website"},"primaryImageOfPage":{"@id":"https:\/\/errr-magazine.com\/despues-del-cielo-viene-la-calma\/#primaryimage"},"image":{"@id":"https:\/\/errr-magazine.com\/despues-del-cielo-viene-la-calma\/#primaryimage"},"thumbnailUrl":"https:\/\/errr-magazine.com\/wp-content\/uploads\/2022\/06\/oscar-scaled.jpg","datePublished":"2022-06-16T00:39:21+00:00","dateModified":"2025-08-15T16:56:08+00:00","author":{"@id":"https:\/\/errr-magazine.com\/#\/schema\/person\/ac9ebef06b3396ff63de0d9a9cda8db0"},"breadcrumb":{"@id":"https:\/\/errr-magazine.com\/despues-del-cielo-viene-la-calma\/#breadcrumb"},"inLanguage":"en-US","potentialAction":[{"@type":"ReadAction","target":["https:\/\/errr-magazine.com\/despues-del-cielo-viene-la-calma\/"]}]},{"@type":"ImageObject","inLanguage":"en-US","@id":"https:\/\/errr-magazine.com\/despues-del-cielo-viene-la-calma\/#primaryimage","url":"https:\/\/errr-magazine.com\/wp-content\/uploads\/2022\/06\/oscar-scaled.jpg","contentUrl":"https:\/\/errr-magazine.com\/wp-content\/uploads\/2022\/06\/oscar-scaled.jpg","width":1707,"height":2560,"caption":"Fotograf\u00eda por \u00d3scar Wisdom"},{"@type":"BreadcrumbList","@id":"https:\/\/errr-magazine.com\/despues-del-cielo-viene-la-calma\/#breadcrumb","itemListElement":[{"@type":"ListItem","position":1,"name":"Portada","item":"https:\/\/errr-magazine.com\/"},{"@type":"ListItem","position":2,"name":"Despu\u00e9s del cielo viene la calma"}]},{"@type":"WebSite","@id":"https:\/\/errr-magazine.com\/#website","url":"https:\/\/errr-magazine.com\/","name":"ERRR MAGAZINE","description":"","potentialAction":[{"@type":"SearchAction","target":{"@type":"EntryPoint","urlTemplate":"https:\/\/errr-magazine.com\/?s={search_term_string}"},"query-input":{"@type":"PropertyValueSpecification","valueRequired":true,"valueName":"search_term_string"}}],"inLanguage":"en-US"},{"@type":"Person","@id":"https:\/\/errr-magazine.com\/#\/schema\/person\/ac9ebef06b3396ff63de0d9a9cda8db0","name":"Oscar Wisdom","image":{"@type":"ImageObject","inLanguage":"en-US","@id":"https:\/\/secure.gravatar.com\/avatar\/9b551eb5e7857de7719b75d6a47e4c7ee5c4ec03010c2dea88b0364347cce76f?s=96&d=identicon&r=g","url":"https:\/\/secure.gravatar.com\/avatar\/9b551eb5e7857de7719b75d6a47e4c7ee5c4ec03010c2dea88b0364347cce76f?s=96&d=identicon&r=g","contentUrl":"https:\/\/secure.gravatar.com\/avatar\/9b551eb5e7857de7719b75d6a47e4c7ee5c4ec03010c2dea88b0364347cce76f?s=96&d=identicon&r=g","caption":"\u00d3scar Wisdom"},"description":"Fotograf\u00eda M\u00f3vil y Film.","sameAs":["https:\/\/www.instagram.com\/oscarhwisdom\/"],"url":"https:\/\/errr-magazine.com\/english\/author\/oscar_wisdom\/"}]}},"jetpack_featured_media_url":"https:\/\/errr-magazine.com\/wp-content\/uploads\/2022\/06\/oscar-scaled.jpg","jetpack-related-posts":[{"id":177817,"url":"https:\/\/errr-magazine.com\/english\/el-cielo-y-un-edificio\/","url_meta":{"origin":178466,"position":0},"title":"El cielo y un edificio","author":"Malo de Luna","date":"06\/03\/2022","format":false,"excerpt":"Llevo tres a\u00f1os trabajando como editora de fotograf\u00eda de arquitectura, eso ha generado en m\u00ed un amor y aprecio a los edificios y su historia...","rel":"","context":"In &quot;Interview&quot;","block_context":{"text":"Interview","link":"https:\/\/errr-magazine.com\/english\/category\/interviews\/"},"img":{"alt_text":"","src":"https:\/\/i0.wp.com\/errr-magazine.com\/wp-content\/uploads\/2022\/06\/0179B4B6-4FA2-419C-ACC5-93DB273FA553-Laura-Malo.jpeg?resize=350%2C200&ssl=1","width":350,"height":200,"srcset":"https:\/\/i0.wp.com\/errr-magazine.com\/wp-content\/uploads\/2022\/06\/0179B4B6-4FA2-419C-ACC5-93DB273FA553-Laura-Malo.jpeg?resize=350%2C200&ssl=1 1x, https:\/\/i0.wp.com\/errr-magazine.com\/wp-content\/uploads\/2022\/06\/0179B4B6-4FA2-419C-ACC5-93DB273FA553-Laura-Malo.jpeg?resize=525%2C300&ssl=1 1.5x, https:\/\/i0.wp.com\/errr-magazine.com\/wp-content\/uploads\/2022\/06\/0179B4B6-4FA2-419C-ACC5-93DB273FA553-Laura-Malo.jpeg?resize=700%2C400&ssl=1 2x"},"classes":[]},{"id":180578,"url":"https:\/\/errr-magazine.com\/english\/letreros-neon-por-siempre\/","url_meta":{"origin":178466,"position":1},"title":"Letreros ne\u00f3n por siempre","author":"Kina Callejas","date":"06\/25\/2022","format":false,"excerpt":"Siempre estoy influenciada por fot\u00f3grafos de street y en cuanto a letreros ne\u00f3n, creo que todxs tenemos un gusto por fotografiarlos. Pero el proceso creativo de cada qui\u00e9n es diferente y ah\u00ed radica lo genuino de la fotograf\u00eda...","rel":"","context":"In &quot;Interview&quot;","block_context":{"text":"Interview","link":"https:\/\/errr-magazine.com\/english\/category\/interviews\/"},"img":{"alt_text":"","src":"https:\/\/i0.wp.com\/errr-magazine.com\/wp-content\/uploads\/2022\/07\/edit-kina.jpg?resize=350%2C200&ssl=1","width":350,"height":200,"srcset":"https:\/\/i0.wp.com\/errr-magazine.com\/wp-content\/uploads\/2022\/07\/edit-kina.jpg?resize=350%2C200&ssl=1 1x, https:\/\/i0.wp.com\/errr-magazine.com\/wp-content\/uploads\/2022\/07\/edit-kina.jpg?resize=525%2C300&ssl=1 1.5x, https:\/\/i0.wp.com\/errr-magazine.com\/wp-content\/uploads\/2022\/07\/edit-kina.jpg?resize=700%2C400&ssl=1 2x, https:\/\/i0.wp.com\/errr-magazine.com\/wp-content\/uploads\/2022\/07\/edit-kina.jpg?resize=1050%2C600&ssl=1 3x, https:\/\/i0.wp.com\/errr-magazine.com\/wp-content\/uploads\/2022\/07\/edit-kina.jpg?resize=1400%2C800&ssl=1 4x"},"classes":[]},{"id":180484,"url":"https:\/\/errr-magazine.com\/english\/personalidad-amorfa\/","url_meta":{"origin":178466,"position":2},"title":"Personalidad amorfa","author":"Oscar Zueck Ramos","date":"07\/20\/2022","format":false,"excerpt":"Una de mis principales influencias en la realizaci\u00f3n de esta imagen es la serie fotograf\u00eda Equivalents del gran Alfred Stieglitz...","rel":"","context":"In &quot;Interview&quot;","block_context":{"text":"Interview","link":"https:\/\/errr-magazine.com\/english\/category\/interviews\/"},"img":{"alt_text":"","src":"https:\/\/i0.wp.com\/errr-magazine.com\/wp-content\/uploads\/2022\/07\/foto-Oscar-Zueck.jpeg?resize=350%2C200&ssl=1","width":350,"height":200,"srcset":"https:\/\/i0.wp.com\/errr-magazine.com\/wp-content\/uploads\/2022\/07\/foto-Oscar-Zueck.jpeg?resize=350%2C200&ssl=1 1x, https:\/\/i0.wp.com\/errr-magazine.com\/wp-content\/uploads\/2022\/07\/foto-Oscar-Zueck.jpeg?resize=525%2C300&ssl=1 1.5x, https:\/\/i0.wp.com\/errr-magazine.com\/wp-content\/uploads\/2022\/07\/foto-Oscar-Zueck.jpeg?resize=700%2C400&ssl=1 2x, https:\/\/i0.wp.com\/errr-magazine.com\/wp-content\/uploads\/2022\/07\/foto-Oscar-Zueck.jpeg?resize=1050%2C600&ssl=1 3x"},"classes":[]},{"id":177761,"url":"https:\/\/errr-magazine.com\/english\/almuerzo-a-mediodia\/","url_meta":{"origin":178466,"position":3},"title":"Almuerzo a mediod\u00eda","author":"Lul\u00fa Aguilar","date":"05\/31\/2022","format":false,"excerpt":"Vi muchas referencias y conjunto sali\u00f3 esta idea. La luz dura tambi\u00e9n me gusta en mis retratos...","rel":"","context":"In &quot;Interview&quot;","block_context":{"text":"Interview","link":"https:\/\/errr-magazine.com\/english\/category\/interviews\/"},"img":{"alt_text":"","src":"https:\/\/i0.wp.com\/errr-magazine.com\/wp-content\/uploads\/2022\/05\/EE97B140-6D00-45E7-95FC-8218AF2FECD0-Lourdes-Apillos.jpeg?resize=350%2C200&ssl=1","width":350,"height":200,"srcset":"https:\/\/i0.wp.com\/errr-magazine.com\/wp-content\/uploads\/2022\/05\/EE97B140-6D00-45E7-95FC-8218AF2FECD0-Lourdes-Apillos.jpeg?resize=350%2C200&ssl=1 1x, https:\/\/i0.wp.com\/errr-magazine.com\/wp-content\/uploads\/2022\/05\/EE97B140-6D00-45E7-95FC-8218AF2FECD0-Lourdes-Apillos.jpeg?resize=525%2C300&ssl=1 1.5x, https:\/\/i0.wp.com\/errr-magazine.com\/wp-content\/uploads\/2022\/05\/EE97B140-6D00-45E7-95FC-8218AF2FECD0-Lourdes-Apillos.jpeg?resize=700%2C400&ssl=1 2x"},"classes":[]},{"id":178178,"url":"https:\/\/errr-magazine.com\/english\/ya-no-patinamos\/","url_meta":{"origin":178466,"position":4},"title":"We no longer skate","author":"Daniela Ruiz de Esparza","date":"06\/07\/2022","format":false,"excerpt":"Tom\u00e9 otra foto antes pero no me gust\u00f3 que el encuadre fuera tan lejos...","rel":"","context":"In &quot;Interview&quot;","block_context":{"text":"Interview","link":"https:\/\/errr-magazine.com\/english\/category\/interviews\/"},"img":{"alt_text":"","src":"https:\/\/i0.wp.com\/errr-magazine.com\/wp-content\/uploads\/2022\/06\/Captura-de-pantalla-2022-06-08-a-las-10.54.34.png?resize=350%2C200&ssl=1","width":350,"height":200,"srcset":"https:\/\/i0.wp.com\/errr-magazine.com\/wp-content\/uploads\/2022\/06\/Captura-de-pantalla-2022-06-08-a-las-10.54.34.png?resize=350%2C200&ssl=1 1x, https:\/\/i0.wp.com\/errr-magazine.com\/wp-content\/uploads\/2022\/06\/Captura-de-pantalla-2022-06-08-a-las-10.54.34.png?resize=525%2C300&ssl=1 1.5x"},"classes":[]},{"id":177808,"url":"https:\/\/errr-magazine.com\/english\/venus\/","url_meta":{"origin":178466,"position":5},"title":"Venus","author":"Brisa Vega","date":"06\/02\/2022","format":false,"excerpt":"Ese d\u00eda al revelar se pas\u00f3 casi medio minuto el revelador y estaba muy nerviosa de que se arruinara el rollo entero, pero mi sorpresa fue que todo sali\u00f3 perfecto, incluso parece que los colores mejoraron considerando que era un rollo caduco...","rel":"","context":"In &quot;Interview&quot;","block_context":{"text":"Interview","link":"https:\/\/errr-magazine.com\/english\/category\/interviews\/"},"img":{"alt_text":"","src":"https:\/\/i0.wp.com\/errr-magazine.com\/wp-content\/uploads\/2022\/06\/c200mayo2021016-4-Brisa-Vega.jpg?resize=350%2C200&ssl=1","width":350,"height":200,"srcset":"https:\/\/i0.wp.com\/errr-magazine.com\/wp-content\/uploads\/2022\/06\/c200mayo2021016-4-Brisa-Vega.jpg?resize=350%2C200&ssl=1 1x, https:\/\/i0.wp.com\/errr-magazine.com\/wp-content\/uploads\/2022\/06\/c200mayo2021016-4-Brisa-Vega.jpg?resize=525%2C300&ssl=1 1.5x, https:\/\/i0.wp.com\/errr-magazine.com\/wp-content\/uploads\/2022\/06\/c200mayo2021016-4-Brisa-Vega.jpg?resize=700%2C400&ssl=1 2x"},"classes":[]}],"jetpack_sharing_enabled":true,"mfb_rest_fields":["title","yoast_head","yoast_head_json","jetpack_featured_media_url","jetpack-related-posts","jetpack_sharing_enabled"],"_links":{"self":[{"href":"https:\/\/errr-magazine.com\/english\/wp-json\/wp\/v2\/posts\/178466","targetHints":{"allow":["GET"]}}],"collection":[{"href":"https:\/\/errr-magazine.com\/english\/wp-json\/wp\/v2\/posts"}],"about":[{"href":"https:\/\/errr-magazine.com\/english\/wp-json\/wp\/v2\/types\/post"}],"author":[{"embeddable":true,"href":"https:\/\/errr-magazine.com\/english\/wp-json\/wp\/v2\/users\/7446"}],"replies":[{"embeddable":true,"href":"https:\/\/errr-magazine.com\/english\/wp-json\/wp\/v2\/comments?post=178466"}],"version-history":[{"count":6,"href":"https:\/\/errr-magazine.com\/english\/wp-json\/wp\/v2\/posts\/178466\/revisions"}],"predecessor-version":[{"id":178701,"href":"https:\/\/errr-magazine.com\/english\/wp-json\/wp\/v2\/posts\/178466\/revisions\/178701"}],"wp:featuredmedia":[{"embeddable":true,"href":"https:\/\/errr-magazine.com\/english\/wp-json\/wp\/v2\/media\/178467"}],"wp:attachment":[{"href":"https:\/\/errr-magazine.com\/english\/wp-json\/wp\/v2\/media?parent=178466"}],"wp:term":[{"taxonomy":"category","embeddable":true,"href":"https:\/\/errr-magazine.com\/english\/wp-json\/wp\/v2\/categories?post=178466"},{"taxonomy":"post_tag","embeddable":true,"href":"https:\/\/errr-magazine.com\/english\/wp-json\/wp\/v2\/tags?post=178466"}],"curies":[{"name":"wp","href":"https:\/\/api.w.org\/{rel}","templated":true}]}}