{"id":175694,"date":"2021-10-21T20:48:55","date_gmt":"2021-10-22T01:48:55","guid":{"rendered":"https:\/\/errr-magazine.com\/?p=175694"},"modified":"2022-08-30T23:52:46","modified_gmt":"2022-08-31T04:52:46","slug":"filofobia","status":"publish","type":"post","link":"https:\/\/errr-magazine.com\/english\/filofobia\/","title":{"rendered":"Filofobia"},"content":{"rendered":"<p>Todo empez\u00f3 por un motivo <br \/>Aprend\u00ed lo que me ense\u00f1aron,<br \/>fui lo que predeterminaron.<br \/>Yo desaprend\u00ed, para no sufrir tanto. <br \/>Baj\u00e9 de la luna <br \/>donde sol\u00eda vivir con mi madre.<br \/>En ese momento sent\u00ed que me humillaba.<br \/>Prend\u00ed fuego a todos mis recuerdos,<br \/>lo acontecido despu\u00e9s fue el camino <br \/>que deb\u00ed recorrer para saber m\u00e1s.<br \/>Me absuelvo por supuestamente haberme movido <br \/>hacia la direcci\u00f3n incorrecta.<br \/><br \/>Cre\u00e9 con mis afectos enfermos aquel monstruo cotidiano.<br \/>No me ense\u00f1aron a amarme. <br \/><br \/>Insist\u00ed.<br \/><br \/>Hice lo que pude, por miedo o por orgullo, <br \/>nunca quise hablar. <br \/>Me qued\u00e9 con aquel que no me respetaba.<br \/>Recib\u00ed gente que no me merec\u00eda.<br \/>Hice todo lo que inconscientemente me permit\u00ed.<br \/>Yo me perdon\u00e9,<br \/>te perdon\u00e9.<br \/>La culpa no fue tuya, dejo de odiarte.<br \/>Regres\u00e9 yo, <br \/>ser fant\u00e1stico que fui.<br \/><br \/>Mi piel se envolvi\u00f3 en auroras boreales. <br \/><strong>Sigo<\/strong> <br \/><strong>Creo<\/strong> <br \/><strong>Conf\u00edo.<\/strong><br \/><br \/><br \/><br \/><br \/><\/p>","protected":false},"excerpt":{"rendered":"<p>Todo empez\u00f3 por un motivo Aprend\u00ed lo que me ense\u00f1aron,fui lo que predeterminaron.Yo desaprend\u00ed, para no sufrir tanto. Baj\u00e9 de la luna donde sol\u00eda vivir con mi madre.En ese momento sent\u00ed que me humillaba.Prend\u00ed fuego a todos mis recuerdos,lo acontecido despu\u00e9s fue el camino que deb\u00ed recorrer para saber m\u00e1s.Me absuelvo por supuestamente haberme movido [&hellip;]<\/p>\n","protected":false},"author":2302,"featured_media":0,"comment_status":"closed","ping_status":"closed","sticky":false,"template":"","format":"standard","meta":{"_acf_changed":false,"cybocfi_hide_featured_image":"","_jetpack_memberships_contains_paid_content":false,"footnotes":""},"categories":[7997],"tags":[5536],"class_list":["post-175694","post","type-post","status-publish","format-standard","hentry","category-textos","tag-esperanza"],"acf":[],"mb":[],"yoast_head":"<!-- This site is optimized with the Yoast SEO plugin v27.2 - https:\/\/yoast.com\/product\/yoast-seo-wordpress\/ -->\n<title>Filofobia - ERRR MAGAZINE<\/title>\n<meta name=\"robots\" content=\"index, follow, max-snippet:-1, max-image-preview:large, max-video-preview:-1\" \/>\n<link rel=\"canonical\" href=\"https:\/\/errr-magazine.com\/english\/filofobia\/\" \/>\n<meta property=\"og:locale\" content=\"en_US\" \/>\n<meta property=\"og:type\" content=\"article\" \/>\n<meta property=\"og:title\" content=\"Filofobia - ERRR MAGAZINE\" \/>\n<meta property=\"og:description\" content=\"Todo empez\u00f3 por un motivo Aprend\u00ed lo que me ense\u00f1aron,fui lo que predeterminaron.Yo desaprend\u00ed, para no sufrir tanto. Baj\u00e9 de la luna donde sol\u00eda vivir con mi madre.En ese momento sent\u00ed que me humillaba.Prend\u00ed fuego a todos mis recuerdos,lo acontecido despu\u00e9s fue el camino que deb\u00ed recorrer para saber m\u00e1s.Me absuelvo por supuestamente haberme movido [&hellip;]\" \/>\n<meta property=\"og:url\" content=\"https:\/\/errr-magazine.com\/english\/filofobia\/\" \/>\n<meta property=\"og:site_name\" content=\"ERRR MAGAZINE\" \/>\n<meta property=\"article:published_time\" content=\"2021-10-22T01:48:55+00:00\" \/>\n<meta property=\"article:modified_time\" content=\"2022-08-31T04:52:46+00:00\" \/>\n<meta name=\"author\" content=\"Andrez Reyna\" \/>\n<meta name=\"twitter:card\" content=\"summary_large_image\" \/>\n<meta name=\"twitter:label1\" content=\"Written by\" \/>\n\t<meta name=\"twitter:data1\" content=\"Andrez Reyna\" \/>\n\t<meta name=\"twitter:label2\" content=\"Est. reading time\" \/>\n\t<meta name=\"twitter:data2\" content=\"1 minute\" \/>\n<script type=\"application\/ld+json\" class=\"yoast-schema-graph\">{\"@context\":\"https:\/\/schema.org\",\"@graph\":[{\"@type\":\"Article\",\"@id\":\"https:\/\/errr-magazine.com\/filofobia\/#article\",\"isPartOf\":{\"@id\":\"https:\/\/errr-magazine.com\/filofobia\/\"},\"author\":{\"name\":\"Andrez Reyna\",\"@id\":\"https:\/\/errr-magazine.com\/#\/schema\/person\/90e34d6b151659e50edafacdf099594b\"},\"headline\":\"Filofobia\",\"datePublished\":\"2021-10-22T01:48:55+00:00\",\"dateModified\":\"2022-08-31T04:52:46+00:00\",\"mainEntityOfPage\":{\"@id\":\"https:\/\/errr-magazine.com\/filofobia\/\"},\"wordCount\":151,\"keywords\":[\"esperanza\"],\"articleSection\":[\"Textos\"],\"inLanguage\":\"en-US\"},{\"@type\":\"WebPage\",\"@id\":\"https:\/\/errr-magazine.com\/filofobia\/\",\"url\":\"https:\/\/errr-magazine.com\/filofobia\/\",\"name\":\"Filofobia - ERRR MAGAZINE\",\"isPartOf\":{\"@id\":\"https:\/\/errr-magazine.com\/#website\"},\"datePublished\":\"2021-10-22T01:48:55+00:00\",\"dateModified\":\"2022-08-31T04:52:46+00:00\",\"author\":{\"@id\":\"https:\/\/errr-magazine.com\/#\/schema\/person\/90e34d6b151659e50edafacdf099594b\"},\"breadcrumb\":{\"@id\":\"https:\/\/errr-magazine.com\/filofobia\/#breadcrumb\"},\"inLanguage\":\"en-US\",\"potentialAction\":[{\"@type\":\"ReadAction\",\"target\":[\"https:\/\/errr-magazine.com\/filofobia\/\"]}]},{\"@type\":\"BreadcrumbList\",\"@id\":\"https:\/\/errr-magazine.com\/filofobia\/#breadcrumb\",\"itemListElement\":[{\"@type\":\"ListItem\",\"position\":1,\"name\":\"Portada\",\"item\":\"https:\/\/errr-magazine.com\/\"},{\"@type\":\"ListItem\",\"position\":2,\"name\":\"Filofobia\"}]},{\"@type\":\"WebSite\",\"@id\":\"https:\/\/errr-magazine.com\/#website\",\"url\":\"https:\/\/errr-magazine.com\/\",\"name\":\"ERRR MAGAZINE\",\"description\":\"\",\"potentialAction\":[{\"@type\":\"SearchAction\",\"target\":{\"@type\":\"EntryPoint\",\"urlTemplate\":\"https:\/\/errr-magazine.com\/?s={search_term_string}\"},\"query-input\":{\"@type\":\"PropertyValueSpecification\",\"valueRequired\":true,\"valueName\":\"search_term_string\"}}],\"inLanguage\":\"en-US\"},{\"@type\":\"Person\",\"@id\":\"https:\/\/errr-magazine.com\/#\/schema\/person\/90e34d6b151659e50edafacdf099594b\",\"name\":\"Andrez Reyna\",\"image\":{\"@type\":\"ImageObject\",\"inLanguage\":\"en-US\",\"@id\":\"https:\/\/secure.gravatar.com\/avatar\/7104a533b0cb66ba8299d5178dd838bcfabab0b368665222dbecb4259f320a2e?s=96&d=identicon&r=g\",\"url\":\"https:\/\/secure.gravatar.com\/avatar\/7104a533b0cb66ba8299d5178dd838bcfabab0b368665222dbecb4259f320a2e?s=96&d=identicon&r=g\",\"contentUrl\":\"https:\/\/secure.gravatar.com\/avatar\/7104a533b0cb66ba8299d5178dd838bcfabab0b368665222dbecb4259f320a2e?s=96&d=identicon&r=g\",\"caption\":\"Andrez Reyna\"},\"description\":\"Nacida en cautiverio corporal. Artista pl\u00e1stico, Dise\u00f1ador de Moda.\",\"sameAs\":[\"https:\/\/m.facebook.com\/andrezreynaarte\/\"],\"url\":\"https:\/\/errr-magazine.com\/english\/author\/paryzreyna\/\"}]}<\/script>\n<!-- \/ Yoast SEO plugin. -->","yoast_head_json":{"title":"Filofobia - ERRR MAGAZINE","robots":{"index":"index","follow":"follow","max-snippet":"max-snippet:-1","max-image-preview":"max-image-preview:large","max-video-preview":"max-video-preview:-1"},"canonical":"https:\/\/errr-magazine.com\/english\/filofobia\/","og_locale":"en_US","og_type":"article","og_title":"Filofobia - ERRR MAGAZINE","og_description":"Todo empez\u00f3 por un motivo Aprend\u00ed lo que me ense\u00f1aron,fui lo que predeterminaron.Yo desaprend\u00ed, para no sufrir tanto. Baj\u00e9 de la luna donde sol\u00eda vivir con mi madre.En ese momento sent\u00ed que me humillaba.Prend\u00ed fuego a todos mis recuerdos,lo acontecido despu\u00e9s fue el camino que deb\u00ed recorrer para saber m\u00e1s.Me absuelvo por supuestamente haberme movido [&hellip;]","og_url":"https:\/\/errr-magazine.com\/english\/filofobia\/","og_site_name":"ERRR MAGAZINE","article_published_time":"2021-10-22T01:48:55+00:00","article_modified_time":"2022-08-31T04:52:46+00:00","author":"Andrez Reyna","twitter_card":"summary_large_image","twitter_misc":{"Written by":"Andrez Reyna","Est. reading time":"1 minute"},"schema":{"@context":"https:\/\/schema.org","@graph":[{"@type":"Article","@id":"https:\/\/errr-magazine.com\/filofobia\/#article","isPartOf":{"@id":"https:\/\/errr-magazine.com\/filofobia\/"},"author":{"name":"Andrez Reyna","@id":"https:\/\/errr-magazine.com\/#\/schema\/person\/90e34d6b151659e50edafacdf099594b"},"headline":"Filofobia","datePublished":"2021-10-22T01:48:55+00:00","dateModified":"2022-08-31T04:52:46+00:00","mainEntityOfPage":{"@id":"https:\/\/errr-magazine.com\/filofobia\/"},"wordCount":151,"keywords":["esperanza"],"articleSection":["Textos"],"inLanguage":"en-US"},{"@type":"WebPage","@id":"https:\/\/errr-magazine.com\/filofobia\/","url":"https:\/\/errr-magazine.com\/filofobia\/","name":"Filofobia - ERRR MAGAZINE","isPartOf":{"@id":"https:\/\/errr-magazine.com\/#website"},"datePublished":"2021-10-22T01:48:55+00:00","dateModified":"2022-08-31T04:52:46+00:00","author":{"@id":"https:\/\/errr-magazine.com\/#\/schema\/person\/90e34d6b151659e50edafacdf099594b"},"breadcrumb":{"@id":"https:\/\/errr-magazine.com\/filofobia\/#breadcrumb"},"inLanguage":"en-US","potentialAction":[{"@type":"ReadAction","target":["https:\/\/errr-magazine.com\/filofobia\/"]}]},{"@type":"BreadcrumbList","@id":"https:\/\/errr-magazine.com\/filofobia\/#breadcrumb","itemListElement":[{"@type":"ListItem","position":1,"name":"Portada","item":"https:\/\/errr-magazine.com\/"},{"@type":"ListItem","position":2,"name":"Filofobia"}]},{"@type":"WebSite","@id":"https:\/\/errr-magazine.com\/#website","url":"https:\/\/errr-magazine.com\/","name":"ERRR MAGAZINE","description":"","potentialAction":[{"@type":"SearchAction","target":{"@type":"EntryPoint","urlTemplate":"https:\/\/errr-magazine.com\/?s={search_term_string}"},"query-input":{"@type":"PropertyValueSpecification","valueRequired":true,"valueName":"search_term_string"}}],"inLanguage":"en-US"},{"@type":"Person","@id":"https:\/\/errr-magazine.com\/#\/schema\/person\/90e34d6b151659e50edafacdf099594b","name":"Andrez Reyna","image":{"@type":"ImageObject","inLanguage":"en-US","@id":"https:\/\/secure.gravatar.com\/avatar\/7104a533b0cb66ba8299d5178dd838bcfabab0b368665222dbecb4259f320a2e?s=96&d=identicon&r=g","url":"https:\/\/secure.gravatar.com\/avatar\/7104a533b0cb66ba8299d5178dd838bcfabab0b368665222dbecb4259f320a2e?s=96&d=identicon&r=g","contentUrl":"https:\/\/secure.gravatar.com\/avatar\/7104a533b0cb66ba8299d5178dd838bcfabab0b368665222dbecb4259f320a2e?s=96&d=identicon&r=g","caption":"Andrez Reyna"},"description":"Born in corporeal captivity. Plastic Artist, Fashion Designer.","sameAs":["https:\/\/m.facebook.com\/andrezreynaarte\/"],"url":"https:\/\/errr-magazine.com\/english\/author\/paryzreyna\/"}]}},"jetpack_featured_media_url":"","jetpack-related-posts":[{"id":147179,"url":"https:\/\/errr-magazine.com\/english\/astronauta\/","url_meta":{"origin":175694,"position":0},"title":"Astronauta","author":"Diana Monta\u00f1a","date":"09\/03\/2019","format":false,"excerpt":"\u00bfC\u00f3mo quieres que hable si me has ense\u00f1ado a callar? \u00bfC\u00f3mo esperas que te platique mi alma si siempre reaccionas con gritos sin cesar? Me silencias el cuerpo y ya no tengo un hogar. No pertenezco a nada No pertenezco a nadie No pertenezco a ning\u00fan lugar Soy una astronauta\u2026","rel":"","context":"In &quot;Textos&quot;","block_context":{"text":"Textos","link":"https:\/\/errr-magazine.com\/english\/category\/textos\/"},"img":{"alt_text":"","src":"https:\/\/i0.wp.com\/errr-magazine.com\/wp-content\/uploads\/2019\/08\/15-3.png?resize=350%2C200&ssl=1","width":350,"height":200,"srcset":"https:\/\/i0.wp.com\/errr-magazine.com\/wp-content\/uploads\/2019\/08\/15-3.png?resize=350%2C200&ssl=1 1x, https:\/\/i0.wp.com\/errr-magazine.com\/wp-content\/uploads\/2019\/08\/15-3.png?resize=525%2C300&ssl=1 1.5x, https:\/\/i0.wp.com\/errr-magazine.com\/wp-content\/uploads\/2019\/08\/15-3.png?resize=700%2C400&ssl=1 2x"},"classes":[]},{"id":142397,"url":"https:\/\/errr-magazine.com\/english\/candelaria\/","url_meta":{"origin":175694,"position":1},"title":"Candelaria","author":"solaris","date":"04\/01\/2019","format":false,"excerpt":"Me gustabas m\u00e1s que la teor\u00eda matem\u00e1tica de conjuntos. El debate que creo que a\u00fan no termina. Yo bloqueada y t\u00fa siendo et\u00e9rea. Somos el debate de aquel segundo semestre que qued\u00f3 inconcluso. Somos las notas en nuestros cuadernos. Somos las canciones que nos pas\u00e1bamos. Somos los besos dados en\u2026","rel":"","context":"In &quot;Textos&quot;","block_context":{"text":"Textos","link":"https:\/\/errr-magazine.com\/english\/category\/textos\/"},"img":{"alt_text":"","src":"https:\/\/i0.wp.com\/errr-magazine.com\/wp-content\/uploads\/2019\/03\/1-3.png?resize=350%2C200&ssl=1","width":350,"height":200,"srcset":"https:\/\/i0.wp.com\/errr-magazine.com\/wp-content\/uploads\/2019\/03\/1-3.png?resize=350%2C200&ssl=1 1x, https:\/\/i0.wp.com\/errr-magazine.com\/wp-content\/uploads\/2019\/03\/1-3.png?resize=525%2C300&ssl=1 1.5x, https:\/\/i0.wp.com\/errr-magazine.com\/wp-content\/uploads\/2019\/03\/1-3.png?resize=700%2C400&ssl=1 2x"},"classes":[]},{"id":127645,"url":"https:\/\/errr-magazine.com\/english\/infame\/","url_meta":{"origin":175694,"position":2},"title":"Infame","author":"Gato Kaizer","date":"01\/21\/2018","format":false,"excerpt":"Me he dejado caer al mundo como una pluma. Me he dejado acariciar por la brisa fr\u00eda y la r\u00e1faga del infierno. Soy un esclavo, soy invisible, un olvidado. Cuando tengo todo quiero m\u00e1s, y cuando no tengo nada me conformo con tan poco. De pronto, entre el cielo y\u2026","rel":"","context":"In &quot;Textos&quot;","block_context":{"text":"Textos","link":"https:\/\/errr-magazine.com\/english\/category\/textos\/"},"img":{"alt_text":"","src":"","width":0,"height":0},"classes":[]},{"id":146403,"url":"https:\/\/errr-magazine.com\/english\/primavera-cero\/","url_meta":{"origin":175694,"position":3},"title":"Primavera Cero","author":"Vrturo","date":"08\/12\/2019","format":false,"excerpt":"Poema a Gustavo Cerati: Esta tarde de sol me puse a recordar a CERATI. Escuche su m\u00fasica hasta el anochecer bajo la LUNA ROJA. Mir\u00e9 a trav\u00e9s de la PERSIANA AMERICANA aquel CACTUS que florece s\u00f3lo una vez. CERATI el mismo que nos ense\u00f1\u00f3 que el lenguaje es OTRA PIEL\u2026","rel":"","context":"In &quot;Textos&quot;","block_context":{"text":"Textos","link":"https:\/\/errr-magazine.com\/english\/category\/textos\/"},"img":{"alt_text":"","src":"https:\/\/i0.wp.com\/errr-magazine.com\/wp-content\/uploads\/2019\/08\/18.png?resize=350%2C200&ssl=1","width":350,"height":200,"srcset":"https:\/\/i0.wp.com\/errr-magazine.com\/wp-content\/uploads\/2019\/08\/18.png?resize=350%2C200&ssl=1 1x, https:\/\/i0.wp.com\/errr-magazine.com\/wp-content\/uploads\/2019\/08\/18.png?resize=525%2C300&ssl=1 1.5x, https:\/\/i0.wp.com\/errr-magazine.com\/wp-content\/uploads\/2019\/08\/18.png?resize=700%2C400&ssl=1 2x"},"classes":[]},{"id":156571,"url":"https:\/\/errr-magazine.com\/english\/platicas-nortenas\/","url_meta":{"origin":175694,"position":4},"title":"Pl\u00e1ticas norte\u00f1as","author":"sujetopromedio","date":"03\/22\/2020","format":false,"excerpt":"Recuerdas a las se\u00f1oritas de la barra del sombrero, un viejo bar motel en alguna ciudad norte, una de ellas me cont\u00f3 por el costo de media hora de su tiempo esta historia: Ella creci\u00f3 en un rancho en Sinaloa, cerca de aquel rancho av\u00eda un peque\u00f1o pueblo, ella asisti\u00f3\u2026","rel":"","context":"In &quot;Textos&quot;","block_context":{"text":"Textos","link":"https:\/\/errr-magazine.com\/english\/category\/textos\/"},"img":{"alt_text":"","src":"","width":0,"height":0},"classes":[]},{"id":172428,"url":"https:\/\/errr-magazine.com\/english\/tres-mujeres\/","url_meta":{"origin":175694,"position":5},"title":"Tres mujeres.","author":"Sierra Contreras","date":"07\/06\/2021","format":false,"excerpt":"\"Vas a convivir con tus propios demonios\" Palabras de mi mam\u00e1 al enterarse que me independizaba. 24 a\u00f1os. Veinticuatro a\u00f1os de mi vida mal vivida, veinticuatro a\u00f1os d\u00f3nde he pasado de todo,he vivido casi de todo y he visto casi\u00a0 todo, alcohol, excesos, aventuras muy chingonas , he conocido gente\u2026","rel":"","context":"In &quot;Textos&quot;","block_context":{"text":"Textos","link":"https:\/\/errr-magazine.com\/english\/category\/textos\/"},"img":{"alt_text":"","src":"","width":0,"height":0},"classes":[]}],"jetpack_sharing_enabled":true,"mfb_rest_fields":["title","yoast_head","yoast_head_json","jetpack_featured_media_url","jetpack-related-posts","jetpack_sharing_enabled"],"_links":{"self":[{"href":"https:\/\/errr-magazine.com\/english\/wp-json\/wp\/v2\/posts\/175694","targetHints":{"allow":["GET"]}}],"collection":[{"href":"https:\/\/errr-magazine.com\/english\/wp-json\/wp\/v2\/posts"}],"about":[{"href":"https:\/\/errr-magazine.com\/english\/wp-json\/wp\/v2\/types\/post"}],"author":[{"embeddable":true,"href":"https:\/\/errr-magazine.com\/english\/wp-json\/wp\/v2\/users\/2302"}],"replies":[{"embeddable":true,"href":"https:\/\/errr-magazine.com\/english\/wp-json\/wp\/v2\/comments?post=175694"}],"version-history":[{"count":4,"href":"https:\/\/errr-magazine.com\/english\/wp-json\/wp\/v2\/posts\/175694\/revisions"}],"predecessor-version":[{"id":175842,"href":"https:\/\/errr-magazine.com\/english\/wp-json\/wp\/v2\/posts\/175694\/revisions\/175842"}],"wp:attachment":[{"href":"https:\/\/errr-magazine.com\/english\/wp-json\/wp\/v2\/media?parent=175694"}],"wp:term":[{"taxonomy":"category","embeddable":true,"href":"https:\/\/errr-magazine.com\/english\/wp-json\/wp\/v2\/categories?post=175694"},{"taxonomy":"post_tag","embeddable":true,"href":"https:\/\/errr-magazine.com\/english\/wp-json\/wp\/v2\/tags?post=175694"}],"curies":[{"name":"wp","href":"https:\/\/api.w.org\/{rel}","templated":true}]}}