{"id":175617,"date":"2021-10-17T19:04:42","date_gmt":"2021-10-18T00:04:42","guid":{"rendered":"https:\/\/errr-magazine.com\/?p=175617"},"modified":"2022-08-30T23:52:50","modified_gmt":"2022-08-31T04:52:50","slug":"apaga-la-luz","status":"publish","type":"post","link":"https:\/\/errr-magazine.com\/english\/apaga-la-luz\/","title":{"rendered":"Apaga la luz"},"content":{"rendered":"<p style=\"text-align: left;\">Una vez cubierto por las s\u00e1banas, con los pies ya protegidos de las manos de la noche, apaga la luz e in\u00fandate del negro nocturno, ah\u00f3gate en la oscuridad; dibuja su rostro debajo de tus p\u00e1rpados, marca sus l\u00edneas en el infinito de tu mente, sue\u00f1a con sus ojos y teme, una vez m\u00e1s, el no volver a verle.<\/p>","protected":false},"excerpt":{"rendered":"<p>Una vez cubierto por las s\u00e1banas, con los pies ya protegidos de las manos de la noche, apaga la luz e in\u00fandate del negro nocturno, ah\u00f3gate en la oscuridad; dibuja su rostro debajo de tus p\u00e1rpados, marca sus l\u00edneas en el infinito de tu mente, sue\u00f1a con sus ojos y teme, una vez m\u00e1s, el [&hellip;]<\/p>\n","protected":false},"author":7428,"featured_media":0,"comment_status":"closed","ping_status":"closed","sticky":false,"template":"","format":"standard","meta":{"_acf_changed":false,"cybocfi_hide_featured_image":"","_jetpack_memberships_contains_paid_content":false,"footnotes":""},"categories":[7997],"tags":[],"class_list":["post-175617","post","type-post","status-publish","format-standard","hentry","category-textos"],"acf":[],"mb":[],"yoast_head":"<!-- This site is optimized with the Yoast SEO plugin v27.2 - https:\/\/yoast.com\/product\/yoast-seo-wordpress\/ -->\n<title>Apaga la luz - ERRR MAGAZINE<\/title>\n<meta name=\"robots\" content=\"index, follow, max-snippet:-1, max-image-preview:large, max-video-preview:-1\" \/>\n<link rel=\"canonical\" href=\"https:\/\/errr-magazine.com\/english\/apaga-la-luz\/\" \/>\n<meta property=\"og:locale\" content=\"en_US\" \/>\n<meta property=\"og:type\" content=\"article\" \/>\n<meta property=\"og:title\" content=\"Apaga la luz - ERRR MAGAZINE\" \/>\n<meta property=\"og:description\" content=\"Una vez cubierto por las s\u00e1banas, con los pies ya protegidos de las manos de la noche, apaga la luz e in\u00fandate del negro nocturno, ah\u00f3gate en la oscuridad; dibuja su rostro debajo de tus p\u00e1rpados, marca sus l\u00edneas en el infinito de tu mente, sue\u00f1a con sus ojos y teme, una vez m\u00e1s, el [&hellip;]\" \/>\n<meta property=\"og:url\" content=\"https:\/\/errr-magazine.com\/english\/apaga-la-luz\/\" \/>\n<meta property=\"og:site_name\" content=\"ERRR MAGAZINE\" \/>\n<meta property=\"article:published_time\" content=\"2021-10-18T00:04:42+00:00\" \/>\n<meta property=\"article:modified_time\" content=\"2022-08-31T04:52:50+00:00\" \/>\n<meta name=\"author\" content=\"Alonso Garc\u00eda Islas\" \/>\n<meta name=\"twitter:card\" content=\"summary_large_image\" \/>\n<meta name=\"twitter:creator\" content=\"@ASilent_One\" \/>\n<meta name=\"twitter:label1\" content=\"Written by\" \/>\n\t<meta name=\"twitter:data1\" content=\"Alonso Garc\u00eda Islas\" \/>\n<script type=\"application\/ld+json\" class=\"yoast-schema-graph\">{\"@context\":\"https:\/\/schema.org\",\"@graph\":[{\"@type\":\"Article\",\"@id\":\"https:\/\/errr-magazine.com\/apaga-la-luz\/#article\",\"isPartOf\":{\"@id\":\"https:\/\/errr-magazine.com\/apaga-la-luz\/\"},\"author\":{\"name\":\"Alonso Garc\u00eda Islas\",\"@id\":\"https:\/\/errr-magazine.com\/#\/schema\/person\/d83c0c29c602d08f7edc5451d49574e7\"},\"headline\":\"Apaga la luz\",\"datePublished\":\"2021-10-18T00:04:42+00:00\",\"dateModified\":\"2022-08-31T04:52:50+00:00\",\"mainEntityOfPage\":{\"@id\":\"https:\/\/errr-magazine.com\/apaga-la-luz\/\"},\"wordCount\":69,\"articleSection\":[\"Textos\"],\"inLanguage\":\"en-US\"},{\"@type\":\"WebPage\",\"@id\":\"https:\/\/errr-magazine.com\/apaga-la-luz\/\",\"url\":\"https:\/\/errr-magazine.com\/apaga-la-luz\/\",\"name\":\"Apaga la luz - ERRR MAGAZINE\",\"isPartOf\":{\"@id\":\"https:\/\/errr-magazine.com\/#website\"},\"datePublished\":\"2021-10-18T00:04:42+00:00\",\"dateModified\":\"2022-08-31T04:52:50+00:00\",\"author\":{\"@id\":\"https:\/\/errr-magazine.com\/#\/schema\/person\/d83c0c29c602d08f7edc5451d49574e7\"},\"breadcrumb\":{\"@id\":\"https:\/\/errr-magazine.com\/apaga-la-luz\/#breadcrumb\"},\"inLanguage\":\"en-US\",\"potentialAction\":[{\"@type\":\"ReadAction\",\"target\":[\"https:\/\/errr-magazine.com\/apaga-la-luz\/\"]}]},{\"@type\":\"BreadcrumbList\",\"@id\":\"https:\/\/errr-magazine.com\/apaga-la-luz\/#breadcrumb\",\"itemListElement\":[{\"@type\":\"ListItem\",\"position\":1,\"name\":\"Portada\",\"item\":\"https:\/\/errr-magazine.com\/\"},{\"@type\":\"ListItem\",\"position\":2,\"name\":\"Apaga la luz\"}]},{\"@type\":\"WebSite\",\"@id\":\"https:\/\/errr-magazine.com\/#website\",\"url\":\"https:\/\/errr-magazine.com\/\",\"name\":\"ERRR MAGAZINE\",\"description\":\"\",\"potentialAction\":[{\"@type\":\"SearchAction\",\"target\":{\"@type\":\"EntryPoint\",\"urlTemplate\":\"https:\/\/errr-magazine.com\/?s={search_term_string}\"},\"query-input\":{\"@type\":\"PropertyValueSpecification\",\"valueRequired\":true,\"valueName\":\"search_term_string\"}}],\"inLanguage\":\"en-US\"},{\"@type\":\"Person\",\"@id\":\"https:\/\/errr-magazine.com\/#\/schema\/person\/d83c0c29c602d08f7edc5451d49574e7\",\"name\":\"Alonso Garc\u00eda Islas\",\"image\":{\"@type\":\"ImageObject\",\"inLanguage\":\"en-US\",\"@id\":\"https:\/\/secure.gravatar.com\/avatar\/b379c8a3bfa5a9cc9afce99cca8e7b385b0f3a59f7f9267ee3fd81b61022c17b?s=96&d=identicon&r=g\",\"url\":\"https:\/\/secure.gravatar.com\/avatar\/b379c8a3bfa5a9cc9afce99cca8e7b385b0f3a59f7f9267ee3fd81b61022c17b?s=96&d=identicon&r=g\",\"contentUrl\":\"https:\/\/secure.gravatar.com\/avatar\/b379c8a3bfa5a9cc9afce99cca8e7b385b0f3a59f7f9267ee3fd81b61022c17b?s=96&d=identicon&r=g\",\"caption\":\"Alonso Garc\u00eda Islas\"},\"description\":\"12 de agosto, 1998. CDMX Medico Veterinario Zootecnista | Facultad de Estudios Superiores Cuautitl\u00e1n Creador de m\u00faltiples universos y de uno \u00fanico. Aspirante a blandir la pluma como un eterno mancebo guerrero. Creador del joven proyecto Profundo el Silencio. @asilent_one | @profundoelsilencio\",\"sameAs\":[\"https:\/\/www.instagram.com\/asilent_one\/\",\"https:\/\/instagram.com\/asilent_one?igshid=YmMyMTA2M2Y=\",\"https:\/\/x.com\/ASilent_One\"],\"url\":\"https:\/\/errr-magazine.com\/english\/author\/alonsoalonsogarcia\/\"}]}<\/script>\n<!-- \/ Yoast SEO plugin. -->","yoast_head_json":{"title":"Apaga la luz - ERRR MAGAZINE","robots":{"index":"index","follow":"follow","max-snippet":"max-snippet:-1","max-image-preview":"max-image-preview:large","max-video-preview":"max-video-preview:-1"},"canonical":"https:\/\/errr-magazine.com\/english\/apaga-la-luz\/","og_locale":"en_US","og_type":"article","og_title":"Apaga la luz - ERRR MAGAZINE","og_description":"Una vez cubierto por las s\u00e1banas, con los pies ya protegidos de las manos de la noche, apaga la luz e in\u00fandate del negro nocturno, ah\u00f3gate en la oscuridad; dibuja su rostro debajo de tus p\u00e1rpados, marca sus l\u00edneas en el infinito de tu mente, sue\u00f1a con sus ojos y teme, una vez m\u00e1s, el [&hellip;]","og_url":"https:\/\/errr-magazine.com\/english\/apaga-la-luz\/","og_site_name":"ERRR MAGAZINE","article_published_time":"2021-10-18T00:04:42+00:00","article_modified_time":"2022-08-31T04:52:50+00:00","author":"Alonso Garc\u00eda Islas","twitter_card":"summary_large_image","twitter_creator":"@ASilent_One","twitter_misc":{"Written by":"Alonso Garc\u00eda Islas"},"schema":{"@context":"https:\/\/schema.org","@graph":[{"@type":"Article","@id":"https:\/\/errr-magazine.com\/apaga-la-luz\/#article","isPartOf":{"@id":"https:\/\/errr-magazine.com\/apaga-la-luz\/"},"author":{"name":"Alonso Garc\u00eda Islas","@id":"https:\/\/errr-magazine.com\/#\/schema\/person\/d83c0c29c602d08f7edc5451d49574e7"},"headline":"Apaga la luz","datePublished":"2021-10-18T00:04:42+00:00","dateModified":"2022-08-31T04:52:50+00:00","mainEntityOfPage":{"@id":"https:\/\/errr-magazine.com\/apaga-la-luz\/"},"wordCount":69,"articleSection":["Textos"],"inLanguage":"en-US"},{"@type":"WebPage","@id":"https:\/\/errr-magazine.com\/apaga-la-luz\/","url":"https:\/\/errr-magazine.com\/apaga-la-luz\/","name":"Apaga la luz - ERRR MAGAZINE","isPartOf":{"@id":"https:\/\/errr-magazine.com\/#website"},"datePublished":"2021-10-18T00:04:42+00:00","dateModified":"2022-08-31T04:52:50+00:00","author":{"@id":"https:\/\/errr-magazine.com\/#\/schema\/person\/d83c0c29c602d08f7edc5451d49574e7"},"breadcrumb":{"@id":"https:\/\/errr-magazine.com\/apaga-la-luz\/#breadcrumb"},"inLanguage":"en-US","potentialAction":[{"@type":"ReadAction","target":["https:\/\/errr-magazine.com\/apaga-la-luz\/"]}]},{"@type":"BreadcrumbList","@id":"https:\/\/errr-magazine.com\/apaga-la-luz\/#breadcrumb","itemListElement":[{"@type":"ListItem","position":1,"name":"Portada","item":"https:\/\/errr-magazine.com\/"},{"@type":"ListItem","position":2,"name":"Apaga la luz"}]},{"@type":"WebSite","@id":"https:\/\/errr-magazine.com\/#website","url":"https:\/\/errr-magazine.com\/","name":"ERRR MAGAZINE","description":"","potentialAction":[{"@type":"SearchAction","target":{"@type":"EntryPoint","urlTemplate":"https:\/\/errr-magazine.com\/?s={search_term_string}"},"query-input":{"@type":"PropertyValueSpecification","valueRequired":true,"valueName":"search_term_string"}}],"inLanguage":"en-US"},{"@type":"Person","@id":"https:\/\/errr-magazine.com\/#\/schema\/person\/d83c0c29c602d08f7edc5451d49574e7","name":"Alonso Garc\u00eda Islas","image":{"@type":"ImageObject","inLanguage":"en-US","@id":"https:\/\/secure.gravatar.com\/avatar\/b379c8a3bfa5a9cc9afce99cca8e7b385b0f3a59f7f9267ee3fd81b61022c17b?s=96&d=identicon&r=g","url":"https:\/\/secure.gravatar.com\/avatar\/b379c8a3bfa5a9cc9afce99cca8e7b385b0f3a59f7f9267ee3fd81b61022c17b?s=96&d=identicon&r=g","contentUrl":"https:\/\/secure.gravatar.com\/avatar\/b379c8a3bfa5a9cc9afce99cca8e7b385b0f3a59f7f9267ee3fd81b61022c17b?s=96&d=identicon&r=g","caption":"Alonso Garc\u00eda Islas"},"description":"August 12, 1998. CDMX Medico Veterinarian Zootechnician | Facultad de Estudios Superiores Cuautitl\u00e1n Creator of multiple universes and a single one. Aspirant to wield the pen as an eternal warrior mancebo. Creator of the young project Profundo el Silencio. @asilent_one | @profundoelsilencio","sameAs":["https:\/\/www.instagram.com\/asilent_one\/","https:\/\/instagram.com\/asilent_one?igshid=YmMyMTA2M2Y=","https:\/\/x.com\/ASilent_One"],"url":"https:\/\/errr-magazine.com\/english\/author\/alonsoalonsogarcia\/"}]}},"jetpack_featured_media_url":"","jetpack-related-posts":[{"id":147090,"url":"https:\/\/errr-magazine.com\/english\/soledad\/","url_meta":{"origin":175617,"position":0},"title":"Soledad","author":"Geovani Santillan Gonz\u00e1lez","date":"08\/30\/2019","format":false,"excerpt":"Soledad, mi amor Amor de d\u00edas y largas noches Invades en mi lo peor T\u00fa eres la luz Luz inalcanzable A la sombra te encuentro Tal vez nunca est\u00e9s en mi Apag\u00f3 el sentimiento Qu\u00e9 nunca ser\u00e1 para m\u00ed Te vas. Te olvidas. Apaga el detalle de tus ojos. Este\u2026","rel":"","context":"In &quot;Textos&quot;","block_context":{"text":"Textos","link":"https:\/\/errr-magazine.com\/english\/category\/textos\/"},"img":{"alt_text":"","src":"https:\/\/i0.wp.com\/errr-magazine.com\/wp-content\/uploads\/2019\/08\/5-3.png?resize=350%2C200&ssl=1","width":350,"height":200,"srcset":"https:\/\/i0.wp.com\/errr-magazine.com\/wp-content\/uploads\/2019\/08\/5-3.png?resize=350%2C200&ssl=1 1x, https:\/\/i0.wp.com\/errr-magazine.com\/wp-content\/uploads\/2019\/08\/5-3.png?resize=525%2C300&ssl=1 1.5x, https:\/\/i0.wp.com\/errr-magazine.com\/wp-content\/uploads\/2019\/08\/5-3.png?resize=700%2C400&ssl=1 2x"},"classes":[]},{"id":135309,"url":"https:\/\/errr-magazine.com\/english\/tal-vez-alla-nos-recuerdan-tambien\/","url_meta":{"origin":175617,"position":1},"title":"(Tal vez) all\u00e1 nos recuerdan tambi\u00e9n","author":"Guillermo Alvarado","date":"06\/21\/2018","format":false,"excerpt":"6:17 marca el reloj, una hora com\u00fan en un mundo com\u00fan. Las aves buscan fren\u00e9ticamente donde pasar la noche, las aves son amantes provisorios, es parte de su naturaleza el cambiar de nido constantemente, cambiar la rutina, un d\u00eda est\u00e1n en un parque y al siguiente en otro, y as\u00ed,\u2026","rel":"","context":"In &quot;Textos&quot;","block_context":{"text":"Textos","link":"https:\/\/errr-magazine.com\/english\/category\/textos\/"},"img":{"alt_text":"","src":"https:\/\/i0.wp.com\/errr-magazine.com\/wp-content\/uploads\/2018\/06\/barcpillow.jpg?resize=350%2C200&ssl=1","width":350,"height":200,"srcset":"https:\/\/i0.wp.com\/errr-magazine.com\/wp-content\/uploads\/2018\/06\/barcpillow.jpg?resize=350%2C200&ssl=1 1x, https:\/\/i0.wp.com\/errr-magazine.com\/wp-content\/uploads\/2018\/06\/barcpillow.jpg?resize=525%2C300&ssl=1 1.5x, https:\/\/i0.wp.com\/errr-magazine.com\/wp-content\/uploads\/2018\/06\/barcpillow.jpg?resize=700%2C400&ssl=1 2x"},"classes":[]},{"id":144611,"url":"https:\/\/errr-magazine.com\/english\/breversos-2\/","url_meta":{"origin":175617,"position":2},"title":"BreVerSos","author":"Paco Carre\u00f3n","date":"06\/14\/2019","format":false,"excerpt":"2 Mi voz no es, mi voz no fu\u00e9, no ser\u00e1, una llama que se apagar\u00e1. Sino luz, que iluminar\u00e1 mi obscuridad. Fotograf\u00eda por Stanley Bloom","rel":"","context":"In &quot;Textos&quot;","block_context":{"text":"Textos","link":"https:\/\/errr-magazine.com\/english\/category\/textos\/"},"img":{"alt_text":"","src":"https:\/\/i0.wp.com\/errr-magazine.com\/wp-content\/uploads\/2019\/06\/15591182975_e57a63755e_o.jpg?resize=350%2C200&ssl=1","width":350,"height":200,"srcset":"https:\/\/i0.wp.com\/errr-magazine.com\/wp-content\/uploads\/2019\/06\/15591182975_e57a63755e_o.jpg?resize=350%2C200&ssl=1 1x, https:\/\/i0.wp.com\/errr-magazine.com\/wp-content\/uploads\/2019\/06\/15591182975_e57a63755e_o.jpg?resize=525%2C300&ssl=1 1.5x, https:\/\/i0.wp.com\/errr-magazine.com\/wp-content\/uploads\/2019\/06\/15591182975_e57a63755e_o.jpg?resize=700%2C400&ssl=1 2x"},"classes":[]},{"id":136148,"url":"https:\/\/errr-magazine.com\/english\/la-historia-de-tu-adios\/","url_meta":{"origin":175617,"position":3},"title":"La historia de tu adi\u00f3s","author":"RetoGr","date":"07\/07\/2018","format":false,"excerpt":"Me recuerdo bien el d\u00eda, de la hora no me acuerdo. S\u00e9 que no somos los mismos, que tal vez ya no te siento. Ahora, olvidarte es m\u00e1s sencillo. Es mejor decir adi\u00f3s que permanecer juntos por siempre, nos puede el habla, nos tienta el viento. \u00bfEs correcto decir adi\u00f3s\u2026","rel":"","context":"In &quot;Textos&quot;","block_context":{"text":"Textos","link":"https:\/\/errr-magazine.com\/english\/category\/textos\/"},"img":{"alt_text":"","src":"https:\/\/i0.wp.com\/errr-magazine.com\/wp-content\/uploads\/2018\/07\/tumblr_p8xiqpPjUr1qa2k9co1_1280.jpg?resize=350%2C200&ssl=1","width":350,"height":200,"srcset":"https:\/\/i0.wp.com\/errr-magazine.com\/wp-content\/uploads\/2018\/07\/tumblr_p8xiqpPjUr1qa2k9co1_1280.jpg?resize=350%2C200&ssl=1 1x, https:\/\/i0.wp.com\/errr-magazine.com\/wp-content\/uploads\/2018\/07\/tumblr_p8xiqpPjUr1qa2k9co1_1280.jpg?resize=525%2C300&ssl=1 1.5x, https:\/\/i0.wp.com\/errr-magazine.com\/wp-content\/uploads\/2018\/07\/tumblr_p8xiqpPjUr1qa2k9co1_1280.jpg?resize=700%2C400&ssl=1 2x, https:\/\/i0.wp.com\/errr-magazine.com\/wp-content\/uploads\/2018\/07\/tumblr_p8xiqpPjUr1qa2k9co1_1280.jpg?resize=1050%2C600&ssl=1 3x"},"classes":[]},{"id":128642,"url":"https:\/\/errr-magazine.com\/english\/explosiones\/","url_meta":{"origin":175617,"position":4},"title":"Explosiones","author":"Nadha","date":"01\/29\/2018","format":false,"excerpt":"Hay explosiones dentro de mi pecho; mi mejor idea para apagar ese fuego es bebiendo cerveza hasta que pierda la conciencia y ma\u00f1ana tenga un dolor en el alma por hacer lo mismo cada fin de semana. Perd\u00f3n por llamarte a esta hora, solo pasa que me siento un poco\u2026","rel":"","context":"In &quot;Textos&quot;","block_context":{"text":"Textos","link":"https:\/\/errr-magazine.com\/english\/category\/textos\/"},"img":{"alt_text":"","src":"","width":0,"height":0},"classes":[]},{"id":156374,"url":"https:\/\/errr-magazine.com\/english\/2008-2\/","url_meta":{"origin":175617,"position":5},"title":"2008","author":"Edgar Gil","date":"03\/22\/2020","format":false,"excerpt":"Aquella tarde nos acostamos en la cama de tu hermana, recuerdo que no par\u00e1bamos de re\u00edr y eran esos primeros momentos donde nuestra relaci\u00f3n comenzaba a hacerse real. Yo no lo pod\u00eda creer, estaba con la morra m\u00e1s bonita de la escuela (as\u00ed te vi siempre) tirados boca arriba, con\u2026","rel":"","context":"In &quot;Textos&quot;","block_context":{"text":"Textos","link":"https:\/\/errr-magazine.com\/english\/category\/textos\/"},"img":{"alt_text":"","src":"","width":0,"height":0},"classes":[]}],"jetpack_sharing_enabled":true,"mfb_rest_fields":["title","yoast_head","yoast_head_json","jetpack_featured_media_url","jetpack-related-posts","jetpack_sharing_enabled"],"_links":{"self":[{"href":"https:\/\/errr-magazine.com\/english\/wp-json\/wp\/v2\/posts\/175617","targetHints":{"allow":["GET"]}}],"collection":[{"href":"https:\/\/errr-magazine.com\/english\/wp-json\/wp\/v2\/posts"}],"about":[{"href":"https:\/\/errr-magazine.com\/english\/wp-json\/wp\/v2\/types\/post"}],"author":[{"embeddable":true,"href":"https:\/\/errr-magazine.com\/english\/wp-json\/wp\/v2\/users\/7428"}],"replies":[{"embeddable":true,"href":"https:\/\/errr-magazine.com\/english\/wp-json\/wp\/v2\/comments?post=175617"}],"version-history":[{"count":7,"href":"https:\/\/errr-magazine.com\/english\/wp-json\/wp\/v2\/posts\/175617\/revisions"}],"predecessor-version":[{"id":175798,"href":"https:\/\/errr-magazine.com\/english\/wp-json\/wp\/v2\/posts\/175617\/revisions\/175798"}],"wp:attachment":[{"href":"https:\/\/errr-magazine.com\/english\/wp-json\/wp\/v2\/media?parent=175617"}],"wp:term":[{"taxonomy":"category","embeddable":true,"href":"https:\/\/errr-magazine.com\/english\/wp-json\/wp\/v2\/categories?post=175617"},{"taxonomy":"post_tag","embeddable":true,"href":"https:\/\/errr-magazine.com\/english\/wp-json\/wp\/v2\/tags?post=175617"}],"curies":[{"name":"wp","href":"https:\/\/api.w.org\/{rel}","templated":true}]}}