{"id":171858,"date":"2021-05-26T08:00:27","date_gmt":"2021-05-26T13:00:27","guid":{"rendered":"https:\/\/errr-magazine.com\/?p=171858"},"modified":"2022-08-30T23:56:44","modified_gmt":"2022-08-31T04:56:44","slug":"jorge","status":"publish","type":"post","link":"https:\/\/errr-magazine.com\/english\/jorge\/","title":{"rendered":"Jorge"},"content":{"rendered":"<p><img decoding=\"async\" data-src=\"https:\/\/errr-magazine.com\/wp-content\/uploads\/2021\/05\/errr-magazine-karla-guerrero-jorge-1.jpg\" alt=\"\" width=\"1414\" height=\"2000\" class=\"alignnone size-full wp-image-171859 lazyload\" data-srcset=\"https:\/\/errr-magazine.com\/wp-content\/uploads\/2021\/05\/errr-magazine-karla-guerrero-jorge-1.jpg 1414w, https:\/\/errr-magazine.com\/wp-content\/uploads\/2021\/05\/errr-magazine-karla-guerrero-jorge-1-660x934.jpg 660w, https:\/\/errr-magazine.com\/wp-content\/uploads\/2021\/05\/errr-magazine-karla-guerrero-jorge-1-212x300.jpg 212w, https:\/\/errr-magazine.com\/wp-content\/uploads\/2021\/05\/errr-magazine-karla-guerrero-jorge-1-724x1024.jpg 724w, https:\/\/errr-magazine.com\/wp-content\/uploads\/2021\/05\/errr-magazine-karla-guerrero-jorge-1-768x1086.jpg 768w, https:\/\/errr-magazine.com\/wp-content\/uploads\/2021\/05\/errr-magazine-karla-guerrero-jorge-1-1086x1536.jpg 1086w, https:\/\/errr-magazine.com\/wp-content\/uploads\/2021\/05\/errr-magazine-karla-guerrero-jorge-1-1000x1414.jpg 1000w, https:\/\/errr-magazine.com\/wp-content\/uploads\/2021\/05\/errr-magazine-karla-guerrero-jorge-1-1320x1867.jpg 1320w\" data-sizes=\"(max-width: 1414px) 100vw, 1414px\" src=\"data:image\/svg+xml;base64,PHN2ZyB3aWR0aD0iMSIgaGVpZ2h0PSIxIiB4bWxucz0iaHR0cDovL3d3dy53My5vcmcvMjAwMC9zdmciPjwvc3ZnPg==\" style=\"--smush-placeholder-width: 1414px; --smush-placeholder-aspect-ratio: 1414\/2000;\" \/><br \/>\nDesde peque\u00f1a he tenido una conexi\u00f3n inexplicable con las fotograf\u00edas de mi archivo familiar. Creo esa fue mi primera relaci\u00f3n con la imagen fotogr\u00e1fica y fue a trav\u00e9s de las fotos que mi abuelo Jorge hizo con su instant\u00e1nea. <\/p>\n<p><img decoding=\"async\" data-src=\"https:\/\/errr-magazine.com\/wp-content\/uploads\/2021\/05\/errr-magazine-karla-guerrero-jorge-2.jpg\" alt=\"\" width=\"2000\" height=\"1414\" class=\"alignnone size-full wp-image-171860 lazyload\" data-srcset=\"https:\/\/errr-magazine.com\/wp-content\/uploads\/2021\/05\/errr-magazine-karla-guerrero-jorge-2.jpg 2000w, https:\/\/errr-magazine.com\/wp-content\/uploads\/2021\/05\/errr-magazine-karla-guerrero-jorge-2-660x467.jpg 660w, https:\/\/errr-magazine.com\/wp-content\/uploads\/2021\/05\/errr-magazine-karla-guerrero-jorge-2-300x212.jpg 300w, https:\/\/errr-magazine.com\/wp-content\/uploads\/2021\/05\/errr-magazine-karla-guerrero-jorge-2-1024x724.jpg 1024w, https:\/\/errr-magazine.com\/wp-content\/uploads\/2021\/05\/errr-magazine-karla-guerrero-jorge-2-768x543.jpg 768w, https:\/\/errr-magazine.com\/wp-content\/uploads\/2021\/05\/errr-magazine-karla-guerrero-jorge-2-1536x1086.jpg 1536w, https:\/\/errr-magazine.com\/wp-content\/uploads\/2021\/05\/errr-magazine-karla-guerrero-jorge-2-1000x707.jpg 1000w, https:\/\/errr-magazine.com\/wp-content\/uploads\/2021\/05\/errr-magazine-karla-guerrero-jorge-2-1320x933.jpg 1320w\" data-sizes=\"(max-width: 2000px) 100vw, 2000px\" src=\"data:image\/svg+xml;base64,PHN2ZyB3aWR0aD0iMSIgaGVpZ2h0PSIxIiB4bWxucz0iaHR0cDovL3d3dy53My5vcmcvMjAwMC9zdmciPjwvc3ZnPg==\" style=\"--smush-placeholder-width: 2000px; --smush-placeholder-aspect-ratio: 2000\/1414;\" \/><br \/>\nDe joven, mi abuelo hizo muchos viajes de carretera mostrando as\u00ed, elementos de naturaleza y paisajes. Cuando empec\u00e9 esta peque\u00f1a serie, fue mucho en relaci\u00f3n a conservar est\u00e1s im\u00e1genes, tras el da\u00f1o cerebral que tuvo en 2010. Despu\u00e9s de tanto observar sus im\u00e1genes, pensaba en que mi abuelo segu\u00eda en ese viaje interminable de carretera y que de alguna manera, quer\u00eda acompa\u00f1arle. <\/p>\n<p><img decoding=\"async\" data-src=\"https:\/\/errr-magazine.com\/wp-content\/uploads\/2021\/05\/errr-magazine-karla-guerrero-jorge-3.jpg\" alt=\"\" width=\"2000\" height=\"1414\" class=\"alignnone size-full wp-image-171861 lazyload\" data-srcset=\"https:\/\/errr-magazine.com\/wp-content\/uploads\/2021\/05\/errr-magazine-karla-guerrero-jorge-3.jpg 2000w, https:\/\/errr-magazine.com\/wp-content\/uploads\/2021\/05\/errr-magazine-karla-guerrero-jorge-3-660x467.jpg 660w, https:\/\/errr-magazine.com\/wp-content\/uploads\/2021\/05\/errr-magazine-karla-guerrero-jorge-3-300x212.jpg 300w, https:\/\/errr-magazine.com\/wp-content\/uploads\/2021\/05\/errr-magazine-karla-guerrero-jorge-3-1024x724.jpg 1024w, https:\/\/errr-magazine.com\/wp-content\/uploads\/2021\/05\/errr-magazine-karla-guerrero-jorge-3-768x543.jpg 768w, https:\/\/errr-magazine.com\/wp-content\/uploads\/2021\/05\/errr-magazine-karla-guerrero-jorge-3-1536x1086.jpg 1536w, https:\/\/errr-magazine.com\/wp-content\/uploads\/2021\/05\/errr-magazine-karla-guerrero-jorge-3-1000x707.jpg 1000w, https:\/\/errr-magazine.com\/wp-content\/uploads\/2021\/05\/errr-magazine-karla-guerrero-jorge-3-1320x933.jpg 1320w\" data-sizes=\"(max-width: 2000px) 100vw, 2000px\" src=\"data:image\/svg+xml;base64,PHN2ZyB3aWR0aD0iMSIgaGVpZ2h0PSIxIiB4bWxucz0iaHR0cDovL3d3dy53My5vcmcvMjAwMC9zdmciPjwvc3ZnPg==\" style=\"--smush-placeholder-width: 2000px; --smush-placeholder-aspect-ratio: 2000\/1414;\" \/><br \/>\nPor lo que, termin\u00e9 por construir im\u00e1genes  que respondieran est\u00e9ticamente a esos elementos de naturaleza perceptibles en las instant\u00e1neas. <\/p>\n<p><img decoding=\"async\" data-src=\"https:\/\/errr-magazine.com\/wp-content\/uploads\/2021\/05\/errr-magazine-karla-guerrero-jorge-4.jpg\" alt=\"\" width=\"2000\" height=\"1414\" class=\"alignnone size-full wp-image-171862 lazyload\" data-srcset=\"https:\/\/errr-magazine.com\/wp-content\/uploads\/2021\/05\/errr-magazine-karla-guerrero-jorge-4.jpg 2000w, https:\/\/errr-magazine.com\/wp-content\/uploads\/2021\/05\/errr-magazine-karla-guerrero-jorge-4-660x467.jpg 660w, https:\/\/errr-magazine.com\/wp-content\/uploads\/2021\/05\/errr-magazine-karla-guerrero-jorge-4-300x212.jpg 300w, https:\/\/errr-magazine.com\/wp-content\/uploads\/2021\/05\/errr-magazine-karla-guerrero-jorge-4-1024x724.jpg 1024w, https:\/\/errr-magazine.com\/wp-content\/uploads\/2021\/05\/errr-magazine-karla-guerrero-jorge-4-768x543.jpg 768w, https:\/\/errr-magazine.com\/wp-content\/uploads\/2021\/05\/errr-magazine-karla-guerrero-jorge-4-1536x1086.jpg 1536w, https:\/\/errr-magazine.com\/wp-content\/uploads\/2021\/05\/errr-magazine-karla-guerrero-jorge-4-1000x707.jpg 1000w, https:\/\/errr-magazine.com\/wp-content\/uploads\/2021\/05\/errr-magazine-karla-guerrero-jorge-4-1320x933.jpg 1320w\" data-sizes=\"(max-width: 2000px) 100vw, 2000px\" src=\"data:image\/svg+xml;base64,PHN2ZyB3aWR0aD0iMSIgaGVpZ2h0PSIxIiB4bWxucz0iaHR0cDovL3d3dy53My5vcmcvMjAwMC9zdmciPjwvc3ZnPg==\" style=\"--smush-placeholder-width: 2000px; --smush-placeholder-aspect-ratio: 2000\/1414;\" \/><br \/>\nDigitalic\u00e9 e hice nuevas composiciones, a modo de collage digital y con fotograf\u00edas de paisajes que hab\u00eda hecho en diferentes momentos, como lugares. En algunas im\u00e1genes, retom\u00e9 sus lecturas de terapia, borr\u00e9 algunos rostros, pero la mirada tras la ventana permaneci\u00f3, se pod\u00eda ver el horizonte y el atardecer. <\/p>\n<p><img decoding=\"async\" data-src=\"https:\/\/errr-magazine.com\/wp-content\/uploads\/2021\/05\/errr-magazine-karla-guerrero-jorge-5.jpg\" alt=\"\" width=\"2000\" height=\"1414\" class=\"alignnone size-full wp-image-171863 lazyload\" data-srcset=\"https:\/\/errr-magazine.com\/wp-content\/uploads\/2021\/05\/errr-magazine-karla-guerrero-jorge-5.jpg 2000w, https:\/\/errr-magazine.com\/wp-content\/uploads\/2021\/05\/errr-magazine-karla-guerrero-jorge-5-660x467.jpg 660w, https:\/\/errr-magazine.com\/wp-content\/uploads\/2021\/05\/errr-magazine-karla-guerrero-jorge-5-300x212.jpg 300w, https:\/\/errr-magazine.com\/wp-content\/uploads\/2021\/05\/errr-magazine-karla-guerrero-jorge-5-1024x724.jpg 1024w, https:\/\/errr-magazine.com\/wp-content\/uploads\/2021\/05\/errr-magazine-karla-guerrero-jorge-5-768x543.jpg 768w, https:\/\/errr-magazine.com\/wp-content\/uploads\/2021\/05\/errr-magazine-karla-guerrero-jorge-5-1536x1086.jpg 1536w, https:\/\/errr-magazine.com\/wp-content\/uploads\/2021\/05\/errr-magazine-karla-guerrero-jorge-5-1000x707.jpg 1000w, https:\/\/errr-magazine.com\/wp-content\/uploads\/2021\/05\/errr-magazine-karla-guerrero-jorge-5-1320x933.jpg 1320w\" data-sizes=\"(max-width: 2000px) 100vw, 2000px\" src=\"data:image\/svg+xml;base64,PHN2ZyB3aWR0aD0iMSIgaGVpZ2h0PSIxIiB4bWxucz0iaHR0cDovL3d3dy53My5vcmcvMjAwMC9zdmciPjwvc3ZnPg==\" style=\"--smush-placeholder-width: 2000px; --smush-placeholder-aspect-ratio: 2000\/1414;\" \/><br \/>\nAl final, pens\u00e9 en lo mucho que puede significar el concepto de \u201cfamilia\u201d en su misterio o fantas\u00eda. En la carga de memoria que una imagen sostiene, justo como el tronco de un \u00e1rbol. <\/p>","protected":false},"excerpt":{"rendered":"<p>Desde peque\u00f1a he tenido una conexi\u00f3n inexplicable con las fotograf\u00edas de mi archivo familiar. Creo esa fue mi primera relaci\u00f3n con la imagen fotogr\u00e1fica y fue a trav\u00e9s de las fotos que mi abuelo Jorge hizo con su instant\u00e1nea. De joven, mi abuelo hizo muchos viajes de carretera mostrando as\u00ed, elementos de naturaleza y paisajes. [&hellip;]<\/p>\n","protected":false},"author":7396,"featured_media":171859,"comment_status":"closed","ping_status":"closed","sticky":false,"template":"","format":"standard","meta":{"_acf_changed":false,"cybocfi_hide_featured_image":"yes","_jetpack_memberships_contains_paid_content":false,"footnotes":""},"categories":[7997],"tags":[],"class_list":["post-171858","post","type-post","status-publish","format-standard","has-post-thumbnail","hentry","category-textos"],"acf":[],"mb":[],"yoast_head":"<!-- This site is optimized with the Yoast SEO plugin v27.2 - https:\/\/yoast.com\/product\/yoast-seo-wordpress\/ -->\n<title>Jorge - ERRR MAGAZINE<\/title>\n<meta name=\"robots\" content=\"index, follow, max-snippet:-1, max-image-preview:large, max-video-preview:-1\" \/>\n<link rel=\"canonical\" href=\"https:\/\/errr-magazine.com\/english\/jorge\/\" \/>\n<meta property=\"og:locale\" content=\"en_US\" \/>\n<meta property=\"og:type\" content=\"article\" \/>\n<meta property=\"og:title\" content=\"Jorge - ERRR MAGAZINE\" \/>\n<meta property=\"og:description\" content=\"Desde peque\u00f1a he tenido una conexi\u00f3n inexplicable con las fotograf\u00edas de mi archivo familiar. Creo esa fue mi primera relaci\u00f3n con la imagen fotogr\u00e1fica y fue a trav\u00e9s de las fotos que mi abuelo Jorge hizo con su instant\u00e1nea. De joven, mi abuelo hizo muchos viajes de carretera mostrando as\u00ed, elementos de naturaleza y paisajes. [&hellip;]\" \/>\n<meta property=\"og:url\" content=\"https:\/\/errr-magazine.com\/english\/jorge\/\" \/>\n<meta property=\"og:site_name\" content=\"ERRR MAGAZINE\" \/>\n<meta property=\"article:published_time\" content=\"2021-05-26T13:00:27+00:00\" \/>\n<meta property=\"article:modified_time\" content=\"2022-08-31T04:56:44+00:00\" \/>\n<meta property=\"og:image\" content=\"https:\/\/errr-magazine.com\/wp-content\/uploads\/2021\/05\/errr-magazine-karla-guerrero-jorge-1.jpg\" \/>\n\t<meta property=\"og:image:width\" content=\"1414\" \/>\n\t<meta property=\"og:image:height\" content=\"2000\" \/>\n\t<meta property=\"og:image:type\" content=\"image\/jpeg\" \/>\n<meta name=\"author\" content=\"Karla Guerrero\" \/>\n<meta name=\"twitter:card\" content=\"summary_large_image\" \/>\n<meta name=\"twitter:label1\" content=\"Written by\" \/>\n\t<meta name=\"twitter:data1\" content=\"Karla Guerrero\" \/>\n\t<meta name=\"twitter:label2\" content=\"Est. reading time\" \/>\n\t<meta name=\"twitter:data2\" content=\"1 minute\" \/>\n<script type=\"application\/ld+json\" class=\"yoast-schema-graph\">{\"@context\":\"https:\/\/schema.org\",\"@graph\":[{\"@type\":\"Article\",\"@id\":\"https:\/\/errr-magazine.com\/jorge\/#article\",\"isPartOf\":{\"@id\":\"https:\/\/errr-magazine.com\/jorge\/\"},\"author\":{\"name\":\"Karla Guerrero\",\"@id\":\"https:\/\/errr-magazine.com\/#\/schema\/person\/4ea1d95b429d69250da28558267e769b\"},\"headline\":\"Jorge\",\"datePublished\":\"2021-05-26T13:00:27+00:00\",\"dateModified\":\"2022-08-31T04:56:44+00:00\",\"mainEntityOfPage\":{\"@id\":\"https:\/\/errr-magazine.com\/jorge\/\"},\"wordCount\":228,\"image\":{\"@id\":\"https:\/\/errr-magazine.com\/jorge\/#primaryimage\"},\"thumbnailUrl\":\"https:\/\/errr-magazine.com\/wp-content\/uploads\/2021\/05\/errr-magazine-karla-guerrero-jorge-1.jpg\",\"articleSection\":[\"Textos\"],\"inLanguage\":\"en-US\"},{\"@type\":\"WebPage\",\"@id\":\"https:\/\/errr-magazine.com\/jorge\/\",\"url\":\"https:\/\/errr-magazine.com\/jorge\/\",\"name\":\"Jorge - ERRR MAGAZINE\",\"isPartOf\":{\"@id\":\"https:\/\/errr-magazine.com\/#website\"},\"primaryImageOfPage\":{\"@id\":\"https:\/\/errr-magazine.com\/jorge\/#primaryimage\"},\"image\":{\"@id\":\"https:\/\/errr-magazine.com\/jorge\/#primaryimage\"},\"thumbnailUrl\":\"https:\/\/errr-magazine.com\/wp-content\/uploads\/2021\/05\/errr-magazine-karla-guerrero-jorge-1.jpg\",\"datePublished\":\"2021-05-26T13:00:27+00:00\",\"dateModified\":\"2022-08-31T04:56:44+00:00\",\"author\":{\"@id\":\"https:\/\/errr-magazine.com\/#\/schema\/person\/4ea1d95b429d69250da28558267e769b\"},\"breadcrumb\":{\"@id\":\"https:\/\/errr-magazine.com\/jorge\/#breadcrumb\"},\"inLanguage\":\"en-US\",\"potentialAction\":[{\"@type\":\"ReadAction\",\"target\":[\"https:\/\/errr-magazine.com\/jorge\/\"]}]},{\"@type\":\"BreadcrumbList\",\"@id\":\"https:\/\/errr-magazine.com\/jorge\/#breadcrumb\",\"itemListElement\":[{\"@type\":\"ListItem\",\"position\":1,\"name\":\"Portada\",\"item\":\"https:\/\/errr-magazine.com\/\"},{\"@type\":\"ListItem\",\"position\":2,\"name\":\"Jorge\"}]},{\"@type\":\"WebSite\",\"@id\":\"https:\/\/errr-magazine.com\/#website\",\"url\":\"https:\/\/errr-magazine.com\/\",\"name\":\"ERRR MAGAZINE\",\"description\":\"\",\"potentialAction\":[{\"@type\":\"SearchAction\",\"target\":{\"@type\":\"EntryPoint\",\"urlTemplate\":\"https:\/\/errr-magazine.com\/?s={search_term_string}\"},\"query-input\":{\"@type\":\"PropertyValueSpecification\",\"valueRequired\":true,\"valueName\":\"search_term_string\"}}],\"inLanguage\":\"en-US\"},{\"@type\":\"Person\",\"@id\":\"https:\/\/errr-magazine.com\/#\/schema\/person\/4ea1d95b429d69250da28558267e769b\",\"name\":\"Karla Guerrero\",\"image\":{\"@type\":\"ImageObject\",\"inLanguage\":\"en-US\",\"@id\":\"https:\/\/secure.gravatar.com\/avatar\/1151bbe15ba94b42a597b33b773f88f8dfbff47b8eaf0d48df7191619f7ea9b9?s=96&d=identicon&r=g\",\"url\":\"https:\/\/secure.gravatar.com\/avatar\/1151bbe15ba94b42a597b33b773f88f8dfbff47b8eaf0d48df7191619f7ea9b9?s=96&d=identicon&r=g\",\"contentUrl\":\"https:\/\/secure.gravatar.com\/avatar\/1151bbe15ba94b42a597b33b773f88f8dfbff47b8eaf0d48df7191619f7ea9b9?s=96&d=identicon&r=g\",\"caption\":\"Karla Guerrero\"},\"description\":\"Fot\u00f3grafa y gestora cultural. Su trabajo es influenciado por la corriente filos\u00f3fica de la fenomenolog\u00eda, en la que crea sus im\u00e1genes, a trav\u00e9s de abstracciones y experiencias directas con el espacio u objetos. Estudia fotograf\u00eda en la Fundaci\u00f3n Pedro Meyer (2016) y en AAVI (2013 \u2013 2014), obtiene su M\u00e1ster en Desarrollos Sociales de la Cultura Art\u00edstica, por la UMA, Espa\u00f1a (2019-2020). Su obra ha sido expuesta, publicada y premiada internacionalmente. Desde 2017 ha participado como escritora, revisora de portafolios y curadora, en un escenario internacional con mayor alcance y representaci\u00f3n de la fotograf\u00eda latinoamericana contempor\u00e1nea. En 2019 crea Femgraf\u00eda, plataforma para fot\u00f3grafas en Latinoam\u00e9rica y Espa\u00f1a. Recientemente fue seleccionada como una de las \u201c30 fot\u00f3grafas menores de 30\u201d por Artpil.\",\"sameAs\":[\"https:\/\/www.instagram.com\/karlagtfoto\/\"],\"url\":\"https:\/\/errr-magazine.com\/english\/author\/karlaguerrerotrejo\/\"}]}<\/script>\n<!-- \/ Yoast SEO plugin. -->","yoast_head_json":{"title":"Jorge - ERRR MAGAZINE","robots":{"index":"index","follow":"follow","max-snippet":"max-snippet:-1","max-image-preview":"max-image-preview:large","max-video-preview":"max-video-preview:-1"},"canonical":"https:\/\/errr-magazine.com\/english\/jorge\/","og_locale":"en_US","og_type":"article","og_title":"Jorge - ERRR MAGAZINE","og_description":"Desde peque\u00f1a he tenido una conexi\u00f3n inexplicable con las fotograf\u00edas de mi archivo familiar. Creo esa fue mi primera relaci\u00f3n con la imagen fotogr\u00e1fica y fue a trav\u00e9s de las fotos que mi abuelo Jorge hizo con su instant\u00e1nea. De joven, mi abuelo hizo muchos viajes de carretera mostrando as\u00ed, elementos de naturaleza y paisajes. [&hellip;]","og_url":"https:\/\/errr-magazine.com\/english\/jorge\/","og_site_name":"ERRR MAGAZINE","article_published_time":"2021-05-26T13:00:27+00:00","article_modified_time":"2022-08-31T04:56:44+00:00","og_image":[{"width":1414,"height":2000,"url":"https:\/\/errr-magazine.com\/wp-content\/uploads\/2021\/05\/errr-magazine-karla-guerrero-jorge-1.jpg","type":"image\/jpeg"}],"author":"Karla Guerrero","twitter_card":"summary_large_image","twitter_misc":{"Written by":"Karla Guerrero","Est. reading time":"1 minute"},"schema":{"@context":"https:\/\/schema.org","@graph":[{"@type":"Article","@id":"https:\/\/errr-magazine.com\/jorge\/#article","isPartOf":{"@id":"https:\/\/errr-magazine.com\/jorge\/"},"author":{"name":"Karla Guerrero","@id":"https:\/\/errr-magazine.com\/#\/schema\/person\/4ea1d95b429d69250da28558267e769b"},"headline":"Jorge","datePublished":"2021-05-26T13:00:27+00:00","dateModified":"2022-08-31T04:56:44+00:00","mainEntityOfPage":{"@id":"https:\/\/errr-magazine.com\/jorge\/"},"wordCount":228,"image":{"@id":"https:\/\/errr-magazine.com\/jorge\/#primaryimage"},"thumbnailUrl":"https:\/\/errr-magazine.com\/wp-content\/uploads\/2021\/05\/errr-magazine-karla-guerrero-jorge-1.jpg","articleSection":["Textos"],"inLanguage":"en-US"},{"@type":"WebPage","@id":"https:\/\/errr-magazine.com\/jorge\/","url":"https:\/\/errr-magazine.com\/jorge\/","name":"Jorge - ERRR MAGAZINE","isPartOf":{"@id":"https:\/\/errr-magazine.com\/#website"},"primaryImageOfPage":{"@id":"https:\/\/errr-magazine.com\/jorge\/#primaryimage"},"image":{"@id":"https:\/\/errr-magazine.com\/jorge\/#primaryimage"},"thumbnailUrl":"https:\/\/errr-magazine.com\/wp-content\/uploads\/2021\/05\/errr-magazine-karla-guerrero-jorge-1.jpg","datePublished":"2021-05-26T13:00:27+00:00","dateModified":"2022-08-31T04:56:44+00:00","author":{"@id":"https:\/\/errr-magazine.com\/#\/schema\/person\/4ea1d95b429d69250da28558267e769b"},"breadcrumb":{"@id":"https:\/\/errr-magazine.com\/jorge\/#breadcrumb"},"inLanguage":"en-US","potentialAction":[{"@type":"ReadAction","target":["https:\/\/errr-magazine.com\/jorge\/"]}]},{"@type":"BreadcrumbList","@id":"https:\/\/errr-magazine.com\/jorge\/#breadcrumb","itemListElement":[{"@type":"ListItem","position":1,"name":"Portada","item":"https:\/\/errr-magazine.com\/"},{"@type":"ListItem","position":2,"name":"Jorge"}]},{"@type":"WebSite","@id":"https:\/\/errr-magazine.com\/#website","url":"https:\/\/errr-magazine.com\/","name":"ERRR MAGAZINE","description":"","potentialAction":[{"@type":"SearchAction","target":{"@type":"EntryPoint","urlTemplate":"https:\/\/errr-magazine.com\/?s={search_term_string}"},"query-input":{"@type":"PropertyValueSpecification","valueRequired":true,"valueName":"search_term_string"}}],"inLanguage":"en-US"},{"@type":"Person","@id":"https:\/\/errr-magazine.com\/#\/schema\/person\/4ea1d95b429d69250da28558267e769b","name":"Karla Guerrero","image":{"@type":"ImageObject","inLanguage":"en-US","@id":"https:\/\/secure.gravatar.com\/avatar\/1151bbe15ba94b42a597b33b773f88f8dfbff47b8eaf0d48df7191619f7ea9b9?s=96&d=identicon&r=g","url":"https:\/\/secure.gravatar.com\/avatar\/1151bbe15ba94b42a597b33b773f88f8dfbff47b8eaf0d48df7191619f7ea9b9?s=96&d=identicon&r=g","contentUrl":"https:\/\/secure.gravatar.com\/avatar\/1151bbe15ba94b42a597b33b773f88f8dfbff47b8eaf0d48df7191619f7ea9b9?s=96&d=identicon&r=g","caption":"Karla Guerrero"},"description":"Fot\u00f3grafa y gestora cultural. Su trabajo es influenciado por la corriente filos\u00f3fica de la fenomenolog\u00eda, en la que crea sus im\u00e1genes, a trav\u00e9s de abstracciones y experiencias directas con el espacio u objetos. Estudia fotograf\u00eda en la Fundaci\u00f3n Pedro Meyer (2016) y en AAVI (2013 \u2013 2014), obtiene su M\u00e1ster en Desarrollos Sociales de la Cultura Art\u00edstica, por la UMA, Espa\u00f1a (2019-2020). Su obra ha sido expuesta, publicada y premiada internacionalmente. Desde 2017 ha participado como escritora, revisora de portafolios y curadora, en un escenario internacional con mayor alcance y representaci\u00f3n de la fotograf\u00eda latinoamericana contempor\u00e1nea. En 2019 crea Femgraf\u00eda, plataforma para fot\u00f3grafas en Latinoam\u00e9rica y Espa\u00f1a. Recientemente fue seleccionada como una de las \u201c30 fot\u00f3grafas menores de 30\u201d por Artpil.","sameAs":["https:\/\/www.instagram.com\/karlagtfoto\/"],"url":"https:\/\/errr-magazine.com\/english\/author\/karlaguerrerotrejo\/"}]}},"jetpack_featured_media_url":"https:\/\/errr-magazine.com\/wp-content\/uploads\/2021\/05\/errr-magazine-karla-guerrero-jorge-1.jpg","jetpack-related-posts":[{"id":158574,"url":"https:\/\/errr-magazine.com\/english\/158574-2\/","url_meta":{"origin":171858,"position":0},"title":"Punctum","author":"Arizbeth Arizbeth","date":"04\/25\/2020","format":false,"excerpt":"1. \u00bfCu\u00e1l es tu palabra favorita?: \"Punctum\", es un termino de Barthes sobre fotograf\u00eda, b\u00e1sicamente es lo que uno agrega a la foto, pero que sin embargo ya se encuentra en ella, es el detalle min\u00fasculo, o lo mas impactante, lo que uno quiera, lo que uno encuentre, o se\u2026","rel":"","context":"In &quot;Textos&quot;","block_context":{"text":"Textos","link":"https:\/\/errr-magazine.com\/english\/category\/textos\/"},"img":{"alt_text":"","src":"https:\/\/i0.wp.com\/errr-magazine.com\/wp-content\/uploads\/2020\/04\/Captura-de-pantalla-2020-11-12-a-las-13.51.19.png?resize=350%2C200&ssl=1","width":350,"height":200,"srcset":"https:\/\/i0.wp.com\/errr-magazine.com\/wp-content\/uploads\/2020\/04\/Captura-de-pantalla-2020-11-12-a-las-13.51.19.png?resize=350%2C200&ssl=1 1x, https:\/\/i0.wp.com\/errr-magazine.com\/wp-content\/uploads\/2020\/04\/Captura-de-pantalla-2020-11-12-a-las-13.51.19.png?resize=525%2C300&ssl=1 1.5x, https:\/\/i0.wp.com\/errr-magazine.com\/wp-content\/uploads\/2020\/04\/Captura-de-pantalla-2020-11-12-a-las-13.51.19.png?resize=700%2C400&ssl=1 2x, https:\/\/i0.wp.com\/errr-magazine.com\/wp-content\/uploads\/2020\/04\/Captura-de-pantalla-2020-11-12-a-las-13.51.19.png?resize=1050%2C600&ssl=1 3x"},"classes":[]},{"id":192752,"url":"https:\/\/errr-magazine.com\/english\/temporada-de-peras\/","url_meta":{"origin":171858,"position":1},"title":"Pear season","author":"Carla Sant\u00e1ngelo L\u00e1zaro","date":"09\/06\/2025","format":false,"excerpt":"The collection of poems began to emerge in the day-to-day life of our lives, from the notes I took in my notebook, brief notes that had no other intention than to record my daily life, but which gradually transformed into poems because the images persisted.","rel":"","context":"In &quot;Libros&quot;","block_context":{"text":"Libros","link":"https:\/\/errr-magazine.com\/english\/category\/interviews\/libros\/"},"img":{"alt_text":"","src":"https:\/\/i0.wp.com\/errr-magazine.com\/wp-content\/uploads\/2025\/09\/1704758365482.jpeg?resize=350%2C200&ssl=1","width":350,"height":200,"srcset":"https:\/\/i0.wp.com\/errr-magazine.com\/wp-content\/uploads\/2025\/09\/1704758365482.jpeg?resize=350%2C200&ssl=1 1x, https:\/\/i0.wp.com\/errr-magazine.com\/wp-content\/uploads\/2025\/09\/1704758365482.jpeg?resize=525%2C300&ssl=1 1.5x, https:\/\/i0.wp.com\/errr-magazine.com\/wp-content\/uploads\/2025\/09\/1704758365482.jpeg?resize=700%2C400&ssl=1 2x"},"classes":[]},{"id":204380,"url":"https:\/\/errr-magazine.com\/english\/kati-horna-y-sus-amigos\/","url_meta":{"origin":171858,"position":2},"title":"Kati Horna and her friends","author":"Kati Horna","date":"04\/17\/2026","format":false,"excerpt":"Some artists seem to have been seen before they were experienced. In the case of Kati Horna, her granddaughter Kati Polgovsky Horna remembers her through the everyday: her home, her presence, her way of being. The exhibition \u201cKati Horna and Her Friends\u201d at the Georgina Pounds Gallery offers a shifted interpretation of life in images.","rel":"","context":"In &quot;Artes visuales&quot;","block_context":{"text":"Artes visuales","link":"https:\/\/errr-magazine.com\/english\/category\/interviews\/artes-visuales\/"},"img":{"alt_text":"","src":"https:\/\/i0.wp.com\/errr-magazine.com\/wp-content\/uploads\/2026\/04\/6-scaled.jpeg?resize=350%2C200&ssl=1","width":350,"height":200,"srcset":"https:\/\/i0.wp.com\/errr-magazine.com\/wp-content\/uploads\/2026\/04\/6-scaled.jpeg?resize=350%2C200&ssl=1 1x, https:\/\/i0.wp.com\/errr-magazine.com\/wp-content\/uploads\/2026\/04\/6-scaled.jpeg?resize=525%2C300&ssl=1 1.5x, https:\/\/i0.wp.com\/errr-magazine.com\/wp-content\/uploads\/2026\/04\/6-scaled.jpeg?resize=700%2C400&ssl=1 2x, https:\/\/i0.wp.com\/errr-magazine.com\/wp-content\/uploads\/2026\/04\/6-scaled.jpeg?resize=1050%2C600&ssl=1 3x, https:\/\/i0.wp.com\/errr-magazine.com\/wp-content\/uploads\/2026\/04\/6-scaled.jpeg?resize=1400%2C800&ssl=1 4x"},"classes":[]},{"id":167681,"url":"https:\/\/errr-magazine.com\/english\/chilean-electric\/","url_meta":{"origin":171858,"position":3},"title":"Chilean electric","author":"Polilla Librer\u00eda","date":"02\/22\/2021","format":false,"excerpt":"La escritura de Nona incomoda desde la espontaneidad y claridad con la que retrata la vida en los a\u00f1os de la Junta Militar. Entre hiperrealismo y ficci\u00f3n, la autora accede al conocimiento hist\u00f3rico a trav\u00e9s de la literatura. Chilean Electric, una de sus novelas cumbre, es un ensayo personal de\u2026","rel":"","context":"In &quot;Textos&quot;","block_context":{"text":"Textos","link":"https:\/\/errr-magazine.com\/english\/category\/textos\/"},"img":{"alt_text":"","src":"https:\/\/i0.wp.com\/errr-magazine.com\/wp-content\/uploads\/2021\/02\/50909515737_e56eb9a643_k.jpg?resize=350%2C200&ssl=1","width":350,"height":200,"srcset":"https:\/\/i0.wp.com\/errr-magazine.com\/wp-content\/uploads\/2021\/02\/50909515737_e56eb9a643_k.jpg?resize=350%2C200&ssl=1 1x, https:\/\/i0.wp.com\/errr-magazine.com\/wp-content\/uploads\/2021\/02\/50909515737_e56eb9a643_k.jpg?resize=525%2C300&ssl=1 1.5x, https:\/\/i0.wp.com\/errr-magazine.com\/wp-content\/uploads\/2021\/02\/50909515737_e56eb9a643_k.jpg?resize=700%2C400&ssl=1 2x, https:\/\/i0.wp.com\/errr-magazine.com\/wp-content\/uploads\/2021\/02\/50909515737_e56eb9a643_k.jpg?resize=1050%2C600&ssl=1 3x, https:\/\/i0.wp.com\/errr-magazine.com\/wp-content\/uploads\/2021\/02\/50909515737_e56eb9a643_k.jpg?resize=1400%2C800&ssl=1 4x"},"classes":[]},{"id":204904,"url":"https:\/\/errr-magazine.com\/english\/alboroto\/","url_meta":{"origin":171858,"position":4},"title":"Alboroto","author":"Alboroto","date":"04\/21\/2026","format":false,"excerpt":"The place feels like a hug: the windows, the colors, the booths, the music, the second floor with its fireplace\u2026 everything is designed to make you stay and forget about the outside world, like being at your grandmother's house but with a contemporary touch.","rel":"","context":"In &quot;Restaurantes y bares&quot;","block_context":{"text":"Restaurantes y bares","link":"https:\/\/errr-magazine.com\/english\/category\/places\/restaurantes-y-bares\/"},"img":{"alt_text":"","src":"https:\/\/i0.wp.com\/errr-magazine.com\/wp-content\/uploads\/2026\/04\/Capture-One-Catalog0032-scaled.jpg?resize=350%2C200&ssl=1","width":350,"height":200,"srcset":"https:\/\/i0.wp.com\/errr-magazine.com\/wp-content\/uploads\/2026\/04\/Capture-One-Catalog0032-scaled.jpg?resize=350%2C200&ssl=1 1x, https:\/\/i0.wp.com\/errr-magazine.com\/wp-content\/uploads\/2026\/04\/Capture-One-Catalog0032-scaled.jpg?resize=525%2C300&ssl=1 1.5x, https:\/\/i0.wp.com\/errr-magazine.com\/wp-content\/uploads\/2026\/04\/Capture-One-Catalog0032-scaled.jpg?resize=700%2C400&ssl=1 2x, https:\/\/i0.wp.com\/errr-magazine.com\/wp-content\/uploads\/2026\/04\/Capture-One-Catalog0032-scaled.jpg?resize=1050%2C600&ssl=1 3x, https:\/\/i0.wp.com\/errr-magazine.com\/wp-content\/uploads\/2026\/04\/Capture-One-Catalog0032-scaled.jpg?resize=1400%2C800&ssl=1 4x"},"classes":[]},{"id":154094,"url":"https:\/\/errr-magazine.com\/english\/los-ninos-del-ayer-y-de-hoy-sin-espacios-publicos\/","url_meta":{"origin":171858,"position":5},"title":"Los ni\u00f1os del ayer y de hoy (sin espacios p\u00fablicos)","author":"Ana\u00edd L\u00f3pez","date":"01\/23\/2019","format":false,"excerpt":"[01]La hoja de pl\u00e1tano me recuerda a mi abuela. Un poco de masa, carne y salsa. Cuando la visito, es un deleite verla colocar en la vaporera los paquetitos envueltos uno por uno. Lo que m\u00e1s disfruto son los noventa minutos a espera de su platillo predilecto. Es en ese\u2026","rel":"","context":"In &quot;Textos&quot;","block_context":{"text":"Textos","link":"https:\/\/errr-magazine.com\/english\/category\/textos\/"},"img":{"alt_text":"","src":"https:\/\/i0.wp.com\/errr-magazine.com\/wp-content\/uploads\/2019\/01\/dclassic-2025-05-03-183258.324-scaled.jpg?resize=350%2C200&ssl=1","width":350,"height":200,"srcset":"https:\/\/i0.wp.com\/errr-magazine.com\/wp-content\/uploads\/2019\/01\/dclassic-2025-05-03-183258.324-scaled.jpg?resize=350%2C200&ssl=1 1x, https:\/\/i0.wp.com\/errr-magazine.com\/wp-content\/uploads\/2019\/01\/dclassic-2025-05-03-183258.324-scaled.jpg?resize=525%2C300&ssl=1 1.5x, https:\/\/i0.wp.com\/errr-magazine.com\/wp-content\/uploads\/2019\/01\/dclassic-2025-05-03-183258.324-scaled.jpg?resize=700%2C400&ssl=1 2x, https:\/\/i0.wp.com\/errr-magazine.com\/wp-content\/uploads\/2019\/01\/dclassic-2025-05-03-183258.324-scaled.jpg?resize=1050%2C600&ssl=1 3x, https:\/\/i0.wp.com\/errr-magazine.com\/wp-content\/uploads\/2019\/01\/dclassic-2025-05-03-183258.324-scaled.jpg?resize=1400%2C800&ssl=1 4x"},"classes":[]}],"jetpack_sharing_enabled":true,"mfb_rest_fields":["title","yoast_head","yoast_head_json","jetpack_featured_media_url","jetpack-related-posts","jetpack_sharing_enabled"],"_links":{"self":[{"href":"https:\/\/errr-magazine.com\/english\/wp-json\/wp\/v2\/posts\/171858","targetHints":{"allow":["GET"]}}],"collection":[{"href":"https:\/\/errr-magazine.com\/english\/wp-json\/wp\/v2\/posts"}],"about":[{"href":"https:\/\/errr-magazine.com\/english\/wp-json\/wp\/v2\/types\/post"}],"author":[{"embeddable":true,"href":"https:\/\/errr-magazine.com\/english\/wp-json\/wp\/v2\/users\/7396"}],"replies":[{"embeddable":true,"href":"https:\/\/errr-magazine.com\/english\/wp-json\/wp\/v2\/comments?post=171858"}],"version-history":[{"count":2,"href":"https:\/\/errr-magazine.com\/english\/wp-json\/wp\/v2\/posts\/171858\/revisions"}],"predecessor-version":[{"id":171865,"href":"https:\/\/errr-magazine.com\/english\/wp-json\/wp\/v2\/posts\/171858\/revisions\/171865"}],"wp:featuredmedia":[{"embeddable":true,"href":"https:\/\/errr-magazine.com\/english\/wp-json\/wp\/v2\/media\/171859"}],"wp:attachment":[{"href":"https:\/\/errr-magazine.com\/english\/wp-json\/wp\/v2\/media?parent=171858"}],"wp:term":[{"taxonomy":"category","embeddable":true,"href":"https:\/\/errr-magazine.com\/english\/wp-json\/wp\/v2\/categories?post=171858"},{"taxonomy":"post_tag","embeddable":true,"href":"https:\/\/errr-magazine.com\/english\/wp-json\/wp\/v2\/tags?post=171858"}],"curies":[{"name":"wp","href":"https:\/\/api.w.org\/{rel}","templated":true}]}}