{"id":171639,"date":"2021-07-06T19:57:24","date_gmt":"2021-07-07T00:57:24","guid":{"rendered":"https:\/\/errr-magazine.com\/?p=171639"},"modified":"2022-08-30T23:55:18","modified_gmt":"2022-08-31T04:55:18","slug":"tregua-con-el-dolor-pero-rehen-de-un-sentimiento","status":"publish","type":"post","link":"https:\/\/errr-magazine.com\/english\/tregua-con-el-dolor-pero-rehen-de-un-sentimiento\/","title":{"rendered":"Tregua con el dolor, pero reh\u00e9n de un sentimiento"},"content":{"rendered":"<p>Creo que este escrito ya no se trata sobre ti, ahora escribo sobre las dolorosas (pero necesarias) ense\u00f1anzas que me dej\u00f3 tu partir, escribo desde m\u00ed y para m\u00ed, para poder entender y aceptar todo lo que siento y pienso desde que tu existencia se volvi\u00f3 una sombra borrosa en mi mente.<\/p>\n<p>No he vuelto a amar como amaba entonces.<\/p>\n<p>Y es que ahora me cuesta recordar aquel dolor que me hizo mantenerme lejos de ti tantos meses despu\u00e9s de tu adi\u00f3s, para no pensarte desde el cari\u00f1o y la ternura, aquel dolor\u2026 esa sensaci\u00f3n el pecho que, en mi mente de manera simb\u00f3lica, visualizaba como un sujetar de cuerdas que por negarme a soltarlas, terminaban haci\u00e9ndome mucho da\u00f1o por el constante rozar; lo que si recuerdo es c\u00f3mo ese dolor lleg\u00f3 poco a poco, herida por herida, un peque\u00f1o rasp\u00f3n aqu\u00ed, un peque\u00f1o -pero severo- roce por ac\u00e1\u2026 as\u00ed se sintieron las \u00faltimas cuarenta noches cerca de ti. Pero ahora cada d\u00eda que pasa desvanece lo poco que qued\u00f3 de ese dolor y yo solo puedo pensar en aquella vez acostados en tu cama mirando al techo mientras me dedicabas esa canci\u00f3n tan precisa a nuestra historia que parec\u00eda escrita por ti, incluso ahora podr\u00eda afirmar que escucharla ya no pesa en lo absoluto.<\/p>\n<p>Recuerdo haber estado tan enamorada, tan inmersa en ti, que presiento que en cualquier realidad y en cualquier plano en el que podamos ser y existir, volver\u00eda a quererte con todas mis fuerzas. As\u00ed como si en la pr\u00f3xima vida Dios dictara que a m\u00ed me corresponde ser brisa y a ti mar, despertar\u00eda justo al amanecer con el m\u00e1s s\u00f3lido viento, dejar\u00eda de ser suave aire y ondear\u00eda con todas mis fuerzas para que nunca te falte quien te apoye a crear las m\u00e1s inmensas y bellas olas. Porque yo soy as\u00ed\u2026 bueno, en realidad no, porque yo soy as\u00ed contigo nada m\u00e1s.<\/p>\n<p>Ahora solo espero pacientemente y deseo con todas mis fuerzas que llegue la fecha en que vuelva a amar as\u00ed, diferente pero as\u00ed, t\u00fa me entiendes c\u00f3mo, \u00bfno? Mientras tanto solo soy reh\u00e9n de mis pensamientos y de los \u201cquiz\u00e1s\u201d o \u201csi tan solo hubiera\u201d, reh\u00e9n de un molde curvo y sin salida, dando vueltas y vueltas, esperando diariamente cualquier ocasi\u00f3n que me haga salir de m\u00ed.<\/p>\n<p>Al final este escrito s\u00ed se trat\u00f3 (un poco) sobre ti.<\/p>","protected":false},"excerpt":{"rendered":"<p>Creo que este escrito ya no se trata sobre ti, ahora escribo sobre las dolorosas (pero necesarias) ense\u00f1anzas que me dej\u00f3 tu partir, escribo desde m\u00ed y para m\u00ed, para poder entender y aceptar todo lo que siento y pienso desde que tu existencia se volvi\u00f3 una sombra borrosa en mi mente. No he vuelto [&hellip;]<\/p>\n","protected":false},"author":7371,"featured_media":0,"comment_status":"closed","ping_status":"closed","sticky":false,"template":"","format":"standard","meta":{"_acf_changed":false,"cybocfi_hide_featured_image":"","_jetpack_memberships_contains_paid_content":false,"footnotes":""},"categories":[7997],"tags":[],"class_list":["post-171639","post","type-post","status-publish","format-standard","hentry","category-textos"],"acf":[],"mb":[],"yoast_head":"<!-- This site is optimized with the Yoast SEO plugin v27.2 - https:\/\/yoast.com\/product\/yoast-seo-wordpress\/ -->\n<title>Tregua con el dolor, pero reh\u00e9n de un sentimiento - ERRR MAGAZINE<\/title>\n<meta name=\"robots\" content=\"index, follow, max-snippet:-1, max-image-preview:large, max-video-preview:-1\" \/>\n<link rel=\"canonical\" href=\"https:\/\/errr-magazine.com\/english\/tregua-con-el-dolor-pero-rehen-de-un-sentimiento\/\" \/>\n<meta property=\"og:locale\" content=\"en_US\" \/>\n<meta property=\"og:type\" content=\"article\" \/>\n<meta property=\"og:title\" content=\"Tregua con el dolor, pero reh\u00e9n de un sentimiento - ERRR MAGAZINE\" \/>\n<meta property=\"og:description\" content=\"Creo que este escrito ya no se trata sobre ti, ahora escribo sobre las dolorosas (pero necesarias) ense\u00f1anzas que me dej\u00f3 tu partir, escribo desde m\u00ed y para m\u00ed, para poder entender y aceptar todo lo que siento y pienso desde que tu existencia se volvi\u00f3 una sombra borrosa en mi mente. No he vuelto [&hellip;]\" \/>\n<meta property=\"og:url\" content=\"https:\/\/errr-magazine.com\/english\/tregua-con-el-dolor-pero-rehen-de-un-sentimiento\/\" \/>\n<meta property=\"og:site_name\" content=\"ERRR MAGAZINE\" \/>\n<meta property=\"article:published_time\" content=\"2021-07-07T00:57:24+00:00\" \/>\n<meta property=\"article:modified_time\" content=\"2022-08-31T04:55:18+00:00\" \/>\n<meta name=\"author\" content=\"Mar\u00eda Jos\u00e9 Palomo\" \/>\n<meta name=\"twitter:card\" content=\"summary_large_image\" \/>\n<meta name=\"twitter:label1\" content=\"Written by\" \/>\n\t<meta name=\"twitter:data1\" content=\"Mar\u00eda Jos\u00e9 Palomo\" \/>\n\t<meta name=\"twitter:label2\" content=\"Est. reading time\" \/>\n\t<meta name=\"twitter:data2\" content=\"2 minutes\" \/>\n<script type=\"application\/ld+json\" class=\"yoast-schema-graph\">{\"@context\":\"https:\/\/schema.org\",\"@graph\":[{\"@type\":\"Article\",\"@id\":\"https:\/\/errr-magazine.com\/tregua-con-el-dolor-pero-rehen-de-un-sentimiento\/#article\",\"isPartOf\":{\"@id\":\"https:\/\/errr-magazine.com\/tregua-con-el-dolor-pero-rehen-de-un-sentimiento\/\"},\"author\":{\"name\":\"Mar\u00eda Jos\u00e9 Palomo\",\"@id\":\"https:\/\/errr-magazine.com\/#\/schema\/person\/bdb9572e466ac3a6285381693597a529\"},\"headline\":\"Tregua con el dolor, pero reh\u00e9n de un sentimiento\",\"datePublished\":\"2021-07-07T00:57:24+00:00\",\"dateModified\":\"2022-08-31T04:55:18+00:00\",\"mainEntityOfPage\":{\"@id\":\"https:\/\/errr-magazine.com\/tregua-con-el-dolor-pero-rehen-de-un-sentimiento\/\"},\"wordCount\":437,\"articleSection\":[\"Textos\"],\"inLanguage\":\"en-US\"},{\"@type\":\"WebPage\",\"@id\":\"https:\/\/errr-magazine.com\/tregua-con-el-dolor-pero-rehen-de-un-sentimiento\/\",\"url\":\"https:\/\/errr-magazine.com\/tregua-con-el-dolor-pero-rehen-de-un-sentimiento\/\",\"name\":\"Tregua con el dolor, pero reh\u00e9n de un sentimiento - ERRR MAGAZINE\",\"isPartOf\":{\"@id\":\"https:\/\/errr-magazine.com\/#website\"},\"datePublished\":\"2021-07-07T00:57:24+00:00\",\"dateModified\":\"2022-08-31T04:55:18+00:00\",\"author\":{\"@id\":\"https:\/\/errr-magazine.com\/#\/schema\/person\/bdb9572e466ac3a6285381693597a529\"},\"breadcrumb\":{\"@id\":\"https:\/\/errr-magazine.com\/tregua-con-el-dolor-pero-rehen-de-un-sentimiento\/#breadcrumb\"},\"inLanguage\":\"en-US\",\"potentialAction\":[{\"@type\":\"ReadAction\",\"target\":[\"https:\/\/errr-magazine.com\/tregua-con-el-dolor-pero-rehen-de-un-sentimiento\/\"]}]},{\"@type\":\"BreadcrumbList\",\"@id\":\"https:\/\/errr-magazine.com\/tregua-con-el-dolor-pero-rehen-de-un-sentimiento\/#breadcrumb\",\"itemListElement\":[{\"@type\":\"ListItem\",\"position\":1,\"name\":\"Portada\",\"item\":\"https:\/\/errr-magazine.com\/\"},{\"@type\":\"ListItem\",\"position\":2,\"name\":\"Tregua con el dolor, pero reh\u00e9n de un sentimiento\"}]},{\"@type\":\"WebSite\",\"@id\":\"https:\/\/errr-magazine.com\/#website\",\"url\":\"https:\/\/errr-magazine.com\/\",\"name\":\"ERRR MAGAZINE\",\"description\":\"\",\"potentialAction\":[{\"@type\":\"SearchAction\",\"target\":{\"@type\":\"EntryPoint\",\"urlTemplate\":\"https:\/\/errr-magazine.com\/?s={search_term_string}\"},\"query-input\":{\"@type\":\"PropertyValueSpecification\",\"valueRequired\":true,\"valueName\":\"search_term_string\"}}],\"inLanguage\":\"en-US\"},{\"@type\":\"Person\",\"@id\":\"https:\/\/errr-magazine.com\/#\/schema\/person\/bdb9572e466ac3a6285381693597a529\",\"name\":\"Mar\u00eda Jos\u00e9 Palomo\",\"image\":{\"@type\":\"ImageObject\",\"inLanguage\":\"en-US\",\"@id\":\"https:\/\/secure.gravatar.com\/avatar\/5e4c1c84250609b86b67db03fb23d5a95d9715407092a920db9a8ca257b6d1d2?s=96&d=identicon&r=g\",\"url\":\"https:\/\/secure.gravatar.com\/avatar\/5e4c1c84250609b86b67db03fb23d5a95d9715407092a920db9a8ca257b6d1d2?s=96&d=identicon&r=g\",\"contentUrl\":\"https:\/\/secure.gravatar.com\/avatar\/5e4c1c84250609b86b67db03fb23d5a95d9715407092a920db9a8ca257b6d1d2?s=96&d=identicon&r=g\",\"caption\":\"Mar\u00eda Jos\u00e9 Palomo\"},\"description\":\"Empec\u00e9 a escribir a los 16 a\u00f1os, solo que antes era un secreto. Ahora tengo 22 a\u00f1os y contin\u00fao sintiendo a trav\u00e9s de la escritura. Que se sepa que todo lo que plasmo viene de lo vivido, internalizado, encarnado y sufrido. Partes de mi siguen vivas gracias a mis textos y poemas. Residiendo en la CDMX.\",\"sameAs\":[\"https:\/\/www.instagram.com\/majo.palomo\/\"],\"url\":\"https:\/\/errr-magazine.com\/english\/author\/majo-palomom\/\"}]}<\/script>\n<!-- \/ Yoast SEO plugin. -->","yoast_head_json":{"title":"Tregua con el dolor, pero reh\u00e9n de un sentimiento - ERRR MAGAZINE","robots":{"index":"index","follow":"follow","max-snippet":"max-snippet:-1","max-image-preview":"max-image-preview:large","max-video-preview":"max-video-preview:-1"},"canonical":"https:\/\/errr-magazine.com\/english\/tregua-con-el-dolor-pero-rehen-de-un-sentimiento\/","og_locale":"en_US","og_type":"article","og_title":"Tregua con el dolor, pero reh\u00e9n de un sentimiento - ERRR MAGAZINE","og_description":"Creo que este escrito ya no se trata sobre ti, ahora escribo sobre las dolorosas (pero necesarias) ense\u00f1anzas que me dej\u00f3 tu partir, escribo desde m\u00ed y para m\u00ed, para poder entender y aceptar todo lo que siento y pienso desde que tu existencia se volvi\u00f3 una sombra borrosa en mi mente. No he vuelto [&hellip;]","og_url":"https:\/\/errr-magazine.com\/english\/tregua-con-el-dolor-pero-rehen-de-un-sentimiento\/","og_site_name":"ERRR MAGAZINE","article_published_time":"2021-07-07T00:57:24+00:00","article_modified_time":"2022-08-31T04:55:18+00:00","author":"Mar\u00eda Jos\u00e9 Palomo","twitter_card":"summary_large_image","twitter_misc":{"Written by":"Mar\u00eda Jos\u00e9 Palomo","Est. reading time":"2 minutes"},"schema":{"@context":"https:\/\/schema.org","@graph":[{"@type":"Article","@id":"https:\/\/errr-magazine.com\/tregua-con-el-dolor-pero-rehen-de-un-sentimiento\/#article","isPartOf":{"@id":"https:\/\/errr-magazine.com\/tregua-con-el-dolor-pero-rehen-de-un-sentimiento\/"},"author":{"name":"Mar\u00eda Jos\u00e9 Palomo","@id":"https:\/\/errr-magazine.com\/#\/schema\/person\/bdb9572e466ac3a6285381693597a529"},"headline":"Tregua con el dolor, pero reh\u00e9n de un sentimiento","datePublished":"2021-07-07T00:57:24+00:00","dateModified":"2022-08-31T04:55:18+00:00","mainEntityOfPage":{"@id":"https:\/\/errr-magazine.com\/tregua-con-el-dolor-pero-rehen-de-un-sentimiento\/"},"wordCount":437,"articleSection":["Textos"],"inLanguage":"en-US"},{"@type":"WebPage","@id":"https:\/\/errr-magazine.com\/tregua-con-el-dolor-pero-rehen-de-un-sentimiento\/","url":"https:\/\/errr-magazine.com\/tregua-con-el-dolor-pero-rehen-de-un-sentimiento\/","name":"Tregua con el dolor, pero reh\u00e9n de un sentimiento - ERRR MAGAZINE","isPartOf":{"@id":"https:\/\/errr-magazine.com\/#website"},"datePublished":"2021-07-07T00:57:24+00:00","dateModified":"2022-08-31T04:55:18+00:00","author":{"@id":"https:\/\/errr-magazine.com\/#\/schema\/person\/bdb9572e466ac3a6285381693597a529"},"breadcrumb":{"@id":"https:\/\/errr-magazine.com\/tregua-con-el-dolor-pero-rehen-de-un-sentimiento\/#breadcrumb"},"inLanguage":"en-US","potentialAction":[{"@type":"ReadAction","target":["https:\/\/errr-magazine.com\/tregua-con-el-dolor-pero-rehen-de-un-sentimiento\/"]}]},{"@type":"BreadcrumbList","@id":"https:\/\/errr-magazine.com\/tregua-con-el-dolor-pero-rehen-de-un-sentimiento\/#breadcrumb","itemListElement":[{"@type":"ListItem","position":1,"name":"Portada","item":"https:\/\/errr-magazine.com\/"},{"@type":"ListItem","position":2,"name":"Tregua con el dolor, pero reh\u00e9n de un sentimiento"}]},{"@type":"WebSite","@id":"https:\/\/errr-magazine.com\/#website","url":"https:\/\/errr-magazine.com\/","name":"ERRR MAGAZINE","description":"","potentialAction":[{"@type":"SearchAction","target":{"@type":"EntryPoint","urlTemplate":"https:\/\/errr-magazine.com\/?s={search_term_string}"},"query-input":{"@type":"PropertyValueSpecification","valueRequired":true,"valueName":"search_term_string"}}],"inLanguage":"en-US"},{"@type":"Person","@id":"https:\/\/errr-magazine.com\/#\/schema\/person\/bdb9572e466ac3a6285381693597a529","name":"Mar\u00eda Jos\u00e9 Palomo","image":{"@type":"ImageObject","inLanguage":"en-US","@id":"https:\/\/secure.gravatar.com\/avatar\/5e4c1c84250609b86b67db03fb23d5a95d9715407092a920db9a8ca257b6d1d2?s=96&d=identicon&r=g","url":"https:\/\/secure.gravatar.com\/avatar\/5e4c1c84250609b86b67db03fb23d5a95d9715407092a920db9a8ca257b6d1d2?s=96&d=identicon&r=g","contentUrl":"https:\/\/secure.gravatar.com\/avatar\/5e4c1c84250609b86b67db03fb23d5a95d9715407092a920db9a8ca257b6d1d2?s=96&d=identicon&r=g","caption":"Mar\u00eda Jos\u00e9 Palomo"},"description":"Empec\u00e9 a escribir a los 16 a\u00f1os, solo que antes era un secreto. Ahora tengo 22 a\u00f1os y contin\u00fao sintiendo a trav\u00e9s de la escritura. Que se sepa que todo lo que plasmo viene de lo vivido, internalizado, encarnado y sufrido. Partes de mi siguen vivas gracias a mis textos y poemas. Residiendo en la CDMX.","sameAs":["https:\/\/www.instagram.com\/majo.palomo\/"],"url":"https:\/\/errr-magazine.com\/english\/author\/majo-palomom\/"}]}},"jetpack_featured_media_url":"","jetpack-related-posts":[{"id":144019,"url":"https:\/\/errr-magazine.com\/english\/caminitos-de-palabras\/","url_meta":{"origin":171639,"position":0},"title":"Caminitos de palabras","author":"Gema Mateo","date":"05\/24\/2019","format":false,"excerpt":"Empec\u00e9 a escribir nombres en estado somnoliento, creyendo que pod\u00eda dar con el tuyo. Que alg\u00fan misterioso golpe de suerte me llevar\u00eda a encontrarme de nuevo con el nombramiento de mi nacimiento. Porque perd\u00ed la memoria en aquel accidente, y ahora solo hay vagos recuerdos de flores contra el piso,\u2026","rel":"","context":"In &quot;Textos&quot;","block_context":{"text":"Textos","link":"https:\/\/errr-magazine.com\/english\/category\/textos\/"},"img":{"alt_text":"","src":"https:\/\/i0.wp.com\/errr-magazine.com\/wp-content\/uploads\/2019\/05\/7.png?resize=350%2C200&ssl=1","width":350,"height":200,"srcset":"https:\/\/i0.wp.com\/errr-magazine.com\/wp-content\/uploads\/2019\/05\/7.png?resize=350%2C200&ssl=1 1x, https:\/\/i0.wp.com\/errr-magazine.com\/wp-content\/uploads\/2019\/05\/7.png?resize=525%2C300&ssl=1 1.5x, https:\/\/i0.wp.com\/errr-magazine.com\/wp-content\/uploads\/2019\/05\/7.png?resize=700%2C400&ssl=1 2x"},"classes":[]},{"id":127413,"url":"https:\/\/errr-magazine.com\/english\/apocatastasis-o-de-como-me-he-perdido-entre-los-kalpas\/","url_meta":{"origin":171639,"position":1},"title":"Apocat\u00e1stasis o de c\u00f3mo me he perdido entre los kalpas","author":"Guillermo Orma","date":"01\/19\/2018","format":false,"excerpt":"No recuerdo ni quiero recordar nombres para ahuyentar la nostalgia. Al entrar en el bar aquella noche, advert\u00ed que todos los sucios habitantes de aquel oscuro recinto me miraban como a un intruso. Como una mancha de caf\u00e9 en un libro nuevo, como un le\u00f1o mojado en un fuego a\u2026","rel":"","context":"In &quot;Textos&quot;","block_context":{"text":"Textos","link":"https:\/\/errr-magazine.com\/english\/category\/textos\/"},"img":{"alt_text":"","src":"","width":0,"height":0},"classes":[]},{"id":140676,"url":"https:\/\/errr-magazine.com\/english\/feliz-nuevo-ciclo\/","url_meta":{"origin":171639,"position":2},"title":"Happy new cycle","author":"Sha Lugo","date":"01\/30\/2019","format":false,"excerpt":"No se nada de la vida m\u00e1s que vivirla. Soy una mente compleja por no decir enredada. Mujer que respira sentimientos y se alimenta de cuentos.\u00a0Me s\u00e9 abstracta y dif\u00edcil de leer. Aprend\u00ed a ceder y a aceptar mi momentaneidad; vivir con mis errores como consecuencias de vivir siempre en\u2026","rel":"","context":"In &quot;Textos&quot;","block_context":{"text":"Textos","link":"https:\/\/errr-magazine.com\/english\/category\/textos\/"},"img":{"alt_text":"","src":"https:\/\/i0.wp.com\/errr-magazine.com\/wp-content\/uploads\/2019\/01\/8117109754_78e882a2f0_o.jpg?resize=350%2C200&ssl=1","width":350,"height":200,"srcset":"https:\/\/i0.wp.com\/errr-magazine.com\/wp-content\/uploads\/2019\/01\/8117109754_78e882a2f0_o.jpg?resize=350%2C200&ssl=1 1x, https:\/\/i0.wp.com\/errr-magazine.com\/wp-content\/uploads\/2019\/01\/8117109754_78e882a2f0_o.jpg?resize=525%2C300&ssl=1 1.5x, https:\/\/i0.wp.com\/errr-magazine.com\/wp-content\/uploads\/2019\/01\/8117109754_78e882a2f0_o.jpg?resize=700%2C400&ssl=1 2x"},"classes":[]},{"id":147619,"url":"https:\/\/errr-magazine.com\/english\/cartas-a-lucia-6\/","url_meta":{"origin":171639,"position":3},"title":"Cartas a Lucia (6)","author":"Geovani Santillan Gonz\u00e1lez","date":"09\/10\/2019","format":false,"excerpt":"Guanajuato septiembre 2018. Querida : He estado aqu\u00ed pensando en todas las cosas por las que quiero disculparme, por todo el dolor que nos causamos mutuamente, de todo por lo que te culpe , todo lo que necesitaba que fueras o dijeras. Por los d\u00edas nublados donde nuestro dolor era\u2026","rel":"","context":"In &quot;Textos&quot;","block_context":{"text":"Textos","link":"https:\/\/errr-magazine.com\/english\/category\/textos\/"},"img":{"alt_text":"","src":"https:\/\/i0.wp.com\/errr-magazine.com\/wp-content\/uploads\/2019\/09\/31.png?resize=350%2C200&ssl=1","width":350,"height":200,"srcset":"https:\/\/i0.wp.com\/errr-magazine.com\/wp-content\/uploads\/2019\/09\/31.png?resize=350%2C200&ssl=1 1x, https:\/\/i0.wp.com\/errr-magazine.com\/wp-content\/uploads\/2019\/09\/31.png?resize=525%2C300&ssl=1 1.5x, https:\/\/i0.wp.com\/errr-magazine.com\/wp-content\/uploads\/2019\/09\/31.png?resize=700%2C400&ssl=1 2x"},"classes":[]},{"id":157425,"url":"https:\/\/errr-magazine.com\/english\/a-los-veinte\/","url_meta":{"origin":171639,"position":4},"title":"A los veinte","author":"Alexis Reyees","date":"04\/11\/2020","format":false,"excerpt":"Creo que he sido destinado a perder, me miro al espejo y me doy cuenta de lo mal nacido que soy al haber ca\u00eddo tan bajo, tengo setenta y dos a\u00f1os y no he conocido el amor, el \u00fanico cari\u00f1o que he tenido ha sido el que he pagado cada\u2026","rel":"","context":"In &quot;Textos&quot;","block_context":{"text":"Textos","link":"https:\/\/errr-magazine.com\/english\/category\/textos\/"},"img":{"alt_text":"","src":"","width":0,"height":0},"classes":[]},{"id":168797,"url":"https:\/\/errr-magazine.com\/english\/mesa-para-dos\/","url_meta":{"origin":171639,"position":5},"title":"Mesa para dos","author":"Laurentkino","date":"04\/15\/2021","format":false,"excerpt":"No puedo seguir so\u00f1ando en las sombras de mi penumbra, la locura ronda mi cordura, las promesas igual a cadenas que condenan. Comprend\u00ed el camino que eleg\u00ed un d\u00eda cualquiera, no lo olvid\u00e9. Como se olvidan las llaves, los recuerdos, las promesas. S\u00f3lo lo coloqu\u00e9 a mi lado. Como el\u2026","rel":"","context":"In &quot;Textos&quot;","block_context":{"text":"Textos","link":"https:\/\/errr-magazine.com\/english\/category\/textos\/"},"img":{"alt_text":"","src":"https:\/\/i0.wp.com\/errr-magazine.com\/wp-content\/uploads\/2021\/04\/8241130039_a410d3625d_o1.jpg?resize=350%2C200&ssl=1","width":350,"height":200,"srcset":"https:\/\/i0.wp.com\/errr-magazine.com\/wp-content\/uploads\/2021\/04\/8241130039_a410d3625d_o1.jpg?resize=350%2C200&ssl=1 1x, https:\/\/i0.wp.com\/errr-magazine.com\/wp-content\/uploads\/2021\/04\/8241130039_a410d3625d_o1.jpg?resize=525%2C300&ssl=1 1.5x, https:\/\/i0.wp.com\/errr-magazine.com\/wp-content\/uploads\/2021\/04\/8241130039_a410d3625d_o1.jpg?resize=700%2C400&ssl=1 2x, https:\/\/i0.wp.com\/errr-magazine.com\/wp-content\/uploads\/2021\/04\/8241130039_a410d3625d_o1.jpg?resize=1050%2C600&ssl=1 3x, https:\/\/i0.wp.com\/errr-magazine.com\/wp-content\/uploads\/2021\/04\/8241130039_a410d3625d_o1.jpg?resize=1400%2C800&ssl=1 4x"},"classes":[]}],"jetpack_sharing_enabled":true,"mfb_rest_fields":["title","yoast_head","yoast_head_json","jetpack_featured_media_url","jetpack-related-posts","jetpack_sharing_enabled"],"_links":{"self":[{"href":"https:\/\/errr-magazine.com\/english\/wp-json\/wp\/v2\/posts\/171639","targetHints":{"allow":["GET"]}}],"collection":[{"href":"https:\/\/errr-magazine.com\/english\/wp-json\/wp\/v2\/posts"}],"about":[{"href":"https:\/\/errr-magazine.com\/english\/wp-json\/wp\/v2\/types\/post"}],"author":[{"embeddable":true,"href":"https:\/\/errr-magazine.com\/english\/wp-json\/wp\/v2\/users\/7371"}],"replies":[{"embeddable":true,"href":"https:\/\/errr-magazine.com\/english\/wp-json\/wp\/v2\/comments?post=171639"}],"version-history":[{"count":4,"href":"https:\/\/errr-magazine.com\/english\/wp-json\/wp\/v2\/posts\/171639\/revisions"}],"predecessor-version":[{"id":171875,"href":"https:\/\/errr-magazine.com\/english\/wp-json\/wp\/v2\/posts\/171639\/revisions\/171875"}],"wp:attachment":[{"href":"https:\/\/errr-magazine.com\/english\/wp-json\/wp\/v2\/media?parent=171639"}],"wp:term":[{"taxonomy":"category","embeddable":true,"href":"https:\/\/errr-magazine.com\/english\/wp-json\/wp\/v2\/categories?post=171639"},{"taxonomy":"post_tag","embeddable":true,"href":"https:\/\/errr-magazine.com\/english\/wp-json\/wp\/v2\/tags?post=171639"}],"curies":[{"name":"wp","href":"https:\/\/api.w.org\/{rel}","templated":true}]}}