{"id":170772,"date":"2021-07-06T19:57:43","date_gmt":"2021-07-07T00:57:43","guid":{"rendered":"https:\/\/errr-magazine.com\/?p=170772"},"modified":"2022-08-30T23:54:55","modified_gmt":"2022-08-31T04:54:55","slug":"de-ti-cuando-mi-mente-profundizaba-demasiado-mi-sentir","status":"publish","type":"post","link":"https:\/\/errr-magazine.com\/english\/de-ti-cuando-mi-mente-profundizaba-demasiado-mi-sentir\/","title":{"rendered":"De ti cuando mi mente profundizaba demasiado mi sentir"},"content":{"rendered":"<p>Anhelo d\u00eda tras d\u00eda poder despertar en la ma\u00f1ana d\u00e1ndome cuenta que ya no me importas m\u00e1s, pero no es as\u00ed&#8230; y me desequilibra saber que est\u00e1s en mi mente a cada minuto que me es posible recordarte, no logro comprender como es que \u00fanicamente vienen a mi cabeza los momentos buenos y de afecto, pura felicidad. \u00bfPor qu\u00e9 no puedo recordar las razones por las que nos dejamos ir? Los gritos, la ira, la desesperaci\u00f3n, no puedo ya sentir pena por esa desilusi\u00f3n que lleg\u00f3 a hacerse presente en mi coraz\u00f3n alguna vez, ahora lo \u00fanico que tengo conmigo es el recuerdo de mis manos acariciando despreocupadamente tu cara, mi man\u00eda a veces loca por saberlo todo de ti, el re\u00edrnos por cosas que solo nosotros dos entend\u00edamos&#8230; \u00bfY qu\u00e9 hago ahora con todo eso? \u00bfC\u00f3mo olvido, si el \u00fanico arma que tengo para hacerlo, son las fotograf\u00edas que mis ojos tomaron a los momentos buenos y los detalles que a\u00fan conservo?<\/p>\n<p>De todas mis ocultas y bastas debilidades t\u00fa eres la peor, eres esa espina encarnada que me obliga a escribir sobre mi incierta y tal vez err\u00f3nea idea sobre lo que es no poder dejar de amar, pero que m\u00e1s da, pura experiencia propia.<\/p>\n<p>Y ahora lo entiendo y lo vivo, es cierto eso que dicen, el amor si no libera es eterna condena, y me duele ser parte de ello. Y ahora te vas porque a mi lado crees que s\u00f3lo ser\u00eda marchitar, adelante si crees que es lo correcto, yo tampoco quiero compartir mis horas con alguien que no ve las flores que abundan en mi, pero, por favor, no dejes que tu manera de amar se transforme en com\u00fan, d\u00e9bil y corriente romanticismo, eso que todas las parejas poseen y conmigo jam\u00e1s pudiste obtener, porque conmigo no es as\u00ed.<\/p>\n<p>Y me pregunto d\u00eda tras d\u00eda si deb\u00ed haberme entregado m\u00e1s a ti, en cuerpo, sudor y cansancio, m\u00e1s abrazos, m\u00e1s besos, un poco de sexo y todo lo dem\u00e1s, tal vez est\u00e9 mal, pero siempre le di prioridad al sentir del alma, no al de mi piel o de mis labios. Eso que se dice siempre sobre entregarte en cuerpo a quien verdaderamente ames&#8230; \u00a1Por favor! Si lo m\u00e1s dif\u00edcil es ofrecer tu coraz\u00f3n con todo y riesgos, entregar tu alma y despu\u00e9s llegar a esto, a escribir en la soledad porque ya no est\u00e1 m\u00e1s a tu lado aquella persona a la que le diste esa parte de ti tan inalcanzable; el cuerpo se le puede otorgar a cualquiera, pero las palabras desde lo profundo de los sentimientos&#8230; No. Y jam\u00e1s tuve la obligatoria necesidad de tocarte para sentir algo, y que si algunas veces llegamos a hacerlo fue por necesidad carnal y humana, la que con cualquiera se posee, pero cr\u00e9eme, en el acto de tocarse no se demuestran por completo los verdaderos sentimientos, tal vez solamente sea mientras te sientes vulnerable al desnudarte, y al confiar en que el otro proteger\u00e1 y venerar\u00e1 tu cuerpo como t\u00fa el suyo.<\/p>\n<p>Ahora no me queda m\u00e1s que pensar en esto una y otra y otra vez hasta hartarme y querer despejarme con estupideces, no me queda m\u00e1s que aceptarlo y vivirlo, y que venga lo que tenga que ser.<br \/>\nPiensa en mi y recuerda mis palabras, aunque no ser\u00e1 para siempre y espero no por mucho.<\/p>","protected":false},"excerpt":{"rendered":"<p>Anhelo d\u00eda tras d\u00eda poder despertar en la ma\u00f1ana d\u00e1ndome cuenta que ya no me importas m\u00e1s, pero no es as\u00ed&#8230; y me desequilibra saber que est\u00e1s en mi mente a cada minuto que me es posible recordarte, no logro comprender como es que \u00fanicamente vienen a mi cabeza los momentos buenos y de afecto, [&hellip;]<\/p>\n","protected":false},"author":7371,"featured_media":0,"comment_status":"closed","ping_status":"closed","sticky":false,"template":"","format":"standard","meta":{"_acf_changed":false,"cybocfi_hide_featured_image":"","_jetpack_memberships_contains_paid_content":false,"footnotes":""},"categories":[7997],"tags":[],"class_list":["post-170772","post","type-post","status-publish","format-standard","hentry","category-textos"],"acf":[],"mb":[],"yoast_head":"<!-- This site is optimized with the Yoast SEO plugin v27.2 - https:\/\/yoast.com\/product\/yoast-seo-wordpress\/ -->\n<title>De ti cuando mi mente profundizaba demasiado mi sentir - ERRR MAGAZINE<\/title>\n<meta name=\"robots\" content=\"index, follow, max-snippet:-1, max-image-preview:large, max-video-preview:-1\" \/>\n<link rel=\"canonical\" href=\"https:\/\/errr-magazine.com\/english\/de-ti-cuando-mi-mente-profundizaba-demasiado-mi-sentir\/\" \/>\n<meta property=\"og:locale\" content=\"en_US\" \/>\n<meta property=\"og:type\" content=\"article\" \/>\n<meta property=\"og:title\" content=\"De ti cuando mi mente profundizaba demasiado mi sentir - ERRR MAGAZINE\" \/>\n<meta property=\"og:description\" content=\"Anhelo d\u00eda tras d\u00eda poder despertar en la ma\u00f1ana d\u00e1ndome cuenta que ya no me importas m\u00e1s, pero no es as\u00ed&#8230; y me desequilibra saber que est\u00e1s en mi mente a cada minuto que me es posible recordarte, no logro comprender como es que \u00fanicamente vienen a mi cabeza los momentos buenos y de afecto, [&hellip;]\" \/>\n<meta property=\"og:url\" content=\"https:\/\/errr-magazine.com\/english\/de-ti-cuando-mi-mente-profundizaba-demasiado-mi-sentir\/\" \/>\n<meta property=\"og:site_name\" content=\"ERRR MAGAZINE\" \/>\n<meta property=\"article:published_time\" content=\"2021-07-07T00:57:43+00:00\" \/>\n<meta property=\"article:modified_time\" content=\"2022-08-31T04:54:55+00:00\" \/>\n<meta name=\"author\" content=\"Mar\u00eda Jos\u00e9 Palomo\" \/>\n<meta name=\"twitter:card\" content=\"summary_large_image\" \/>\n<meta name=\"twitter:label1\" content=\"Written by\" \/>\n\t<meta name=\"twitter:data1\" content=\"Mar\u00eda Jos\u00e9 Palomo\" \/>\n\t<meta name=\"twitter:label2\" content=\"Est. reading time\" \/>\n\t<meta name=\"twitter:data2\" content=\"3 minutes\" \/>\n<script type=\"application\/ld+json\" class=\"yoast-schema-graph\">{\"@context\":\"https:\/\/schema.org\",\"@graph\":[{\"@type\":\"Article\",\"@id\":\"https:\/\/errr-magazine.com\/de-ti-cuando-mi-mente-profundizaba-demasiado-mi-sentir\/#article\",\"isPartOf\":{\"@id\":\"https:\/\/errr-magazine.com\/de-ti-cuando-mi-mente-profundizaba-demasiado-mi-sentir\/\"},\"author\":{\"name\":\"Mar\u00eda Jos\u00e9 Palomo\",\"@id\":\"https:\/\/errr-magazine.com\/#\/schema\/person\/bdb9572e466ac3a6285381693597a529\"},\"headline\":\"De ti cuando mi mente profundizaba demasiado mi sentir\",\"datePublished\":\"2021-07-07T00:57:43+00:00\",\"dateModified\":\"2022-08-31T04:54:55+00:00\",\"mainEntityOfPage\":{\"@id\":\"https:\/\/errr-magazine.com\/de-ti-cuando-mi-mente-profundizaba-demasiado-mi-sentir\/\"},\"wordCount\":609,\"articleSection\":[\"Textos\"],\"inLanguage\":\"en-US\"},{\"@type\":\"WebPage\",\"@id\":\"https:\/\/errr-magazine.com\/de-ti-cuando-mi-mente-profundizaba-demasiado-mi-sentir\/\",\"url\":\"https:\/\/errr-magazine.com\/de-ti-cuando-mi-mente-profundizaba-demasiado-mi-sentir\/\",\"name\":\"De ti cuando mi mente profundizaba demasiado mi sentir - ERRR MAGAZINE\",\"isPartOf\":{\"@id\":\"https:\/\/errr-magazine.com\/#website\"},\"datePublished\":\"2021-07-07T00:57:43+00:00\",\"dateModified\":\"2022-08-31T04:54:55+00:00\",\"author\":{\"@id\":\"https:\/\/errr-magazine.com\/#\/schema\/person\/bdb9572e466ac3a6285381693597a529\"},\"breadcrumb\":{\"@id\":\"https:\/\/errr-magazine.com\/de-ti-cuando-mi-mente-profundizaba-demasiado-mi-sentir\/#breadcrumb\"},\"inLanguage\":\"en-US\",\"potentialAction\":[{\"@type\":\"ReadAction\",\"target\":[\"https:\/\/errr-magazine.com\/de-ti-cuando-mi-mente-profundizaba-demasiado-mi-sentir\/\"]}]},{\"@type\":\"BreadcrumbList\",\"@id\":\"https:\/\/errr-magazine.com\/de-ti-cuando-mi-mente-profundizaba-demasiado-mi-sentir\/#breadcrumb\",\"itemListElement\":[{\"@type\":\"ListItem\",\"position\":1,\"name\":\"Portada\",\"item\":\"https:\/\/errr-magazine.com\/\"},{\"@type\":\"ListItem\",\"position\":2,\"name\":\"De ti cuando mi mente profundizaba demasiado mi sentir\"}]},{\"@type\":\"WebSite\",\"@id\":\"https:\/\/errr-magazine.com\/#website\",\"url\":\"https:\/\/errr-magazine.com\/\",\"name\":\"ERRR MAGAZINE\",\"description\":\"\",\"potentialAction\":[{\"@type\":\"SearchAction\",\"target\":{\"@type\":\"EntryPoint\",\"urlTemplate\":\"https:\/\/errr-magazine.com\/?s={search_term_string}\"},\"query-input\":{\"@type\":\"PropertyValueSpecification\",\"valueRequired\":true,\"valueName\":\"search_term_string\"}}],\"inLanguage\":\"en-US\"},{\"@type\":\"Person\",\"@id\":\"https:\/\/errr-magazine.com\/#\/schema\/person\/bdb9572e466ac3a6285381693597a529\",\"name\":\"Mar\u00eda Jos\u00e9 Palomo\",\"image\":{\"@type\":\"ImageObject\",\"inLanguage\":\"en-US\",\"@id\":\"https:\/\/secure.gravatar.com\/avatar\/5e4c1c84250609b86b67db03fb23d5a95d9715407092a920db9a8ca257b6d1d2?s=96&d=identicon&r=g\",\"url\":\"https:\/\/secure.gravatar.com\/avatar\/5e4c1c84250609b86b67db03fb23d5a95d9715407092a920db9a8ca257b6d1d2?s=96&d=identicon&r=g\",\"contentUrl\":\"https:\/\/secure.gravatar.com\/avatar\/5e4c1c84250609b86b67db03fb23d5a95d9715407092a920db9a8ca257b6d1d2?s=96&d=identicon&r=g\",\"caption\":\"Mar\u00eda Jos\u00e9 Palomo\"},\"description\":\"Empec\u00e9 a escribir a los 16 a\u00f1os, solo que antes era un secreto. Ahora tengo 22 a\u00f1os y contin\u00fao sintiendo a trav\u00e9s de la escritura. Que se sepa que todo lo que plasmo viene de lo vivido, internalizado, encarnado y sufrido. Partes de mi siguen vivas gracias a mis textos y poemas. Residiendo en la CDMX.\",\"sameAs\":[\"https:\/\/www.instagram.com\/majo.palomo\/\"],\"url\":\"https:\/\/errr-magazine.com\/english\/author\/majo-palomom\/\"}]}<\/script>\n<!-- \/ Yoast SEO plugin. -->","yoast_head_json":{"title":"De ti cuando mi mente profundizaba demasiado mi sentir - ERRR MAGAZINE","robots":{"index":"index","follow":"follow","max-snippet":"max-snippet:-1","max-image-preview":"max-image-preview:large","max-video-preview":"max-video-preview:-1"},"canonical":"https:\/\/errr-magazine.com\/english\/de-ti-cuando-mi-mente-profundizaba-demasiado-mi-sentir\/","og_locale":"en_US","og_type":"article","og_title":"De ti cuando mi mente profundizaba demasiado mi sentir - ERRR MAGAZINE","og_description":"Anhelo d\u00eda tras d\u00eda poder despertar en la ma\u00f1ana d\u00e1ndome cuenta que ya no me importas m\u00e1s, pero no es as\u00ed&#8230; y me desequilibra saber que est\u00e1s en mi mente a cada minuto que me es posible recordarte, no logro comprender como es que \u00fanicamente vienen a mi cabeza los momentos buenos y de afecto, [&hellip;]","og_url":"https:\/\/errr-magazine.com\/english\/de-ti-cuando-mi-mente-profundizaba-demasiado-mi-sentir\/","og_site_name":"ERRR MAGAZINE","article_published_time":"2021-07-07T00:57:43+00:00","article_modified_time":"2022-08-31T04:54:55+00:00","author":"Mar\u00eda Jos\u00e9 Palomo","twitter_card":"summary_large_image","twitter_misc":{"Written by":"Mar\u00eda Jos\u00e9 Palomo","Est. reading time":"3 minutes"},"schema":{"@context":"https:\/\/schema.org","@graph":[{"@type":"Article","@id":"https:\/\/errr-magazine.com\/de-ti-cuando-mi-mente-profundizaba-demasiado-mi-sentir\/#article","isPartOf":{"@id":"https:\/\/errr-magazine.com\/de-ti-cuando-mi-mente-profundizaba-demasiado-mi-sentir\/"},"author":{"name":"Mar\u00eda Jos\u00e9 Palomo","@id":"https:\/\/errr-magazine.com\/#\/schema\/person\/bdb9572e466ac3a6285381693597a529"},"headline":"De ti cuando mi mente profundizaba demasiado mi sentir","datePublished":"2021-07-07T00:57:43+00:00","dateModified":"2022-08-31T04:54:55+00:00","mainEntityOfPage":{"@id":"https:\/\/errr-magazine.com\/de-ti-cuando-mi-mente-profundizaba-demasiado-mi-sentir\/"},"wordCount":609,"articleSection":["Textos"],"inLanguage":"en-US"},{"@type":"WebPage","@id":"https:\/\/errr-magazine.com\/de-ti-cuando-mi-mente-profundizaba-demasiado-mi-sentir\/","url":"https:\/\/errr-magazine.com\/de-ti-cuando-mi-mente-profundizaba-demasiado-mi-sentir\/","name":"De ti cuando mi mente profundizaba demasiado mi sentir - ERRR MAGAZINE","isPartOf":{"@id":"https:\/\/errr-magazine.com\/#website"},"datePublished":"2021-07-07T00:57:43+00:00","dateModified":"2022-08-31T04:54:55+00:00","author":{"@id":"https:\/\/errr-magazine.com\/#\/schema\/person\/bdb9572e466ac3a6285381693597a529"},"breadcrumb":{"@id":"https:\/\/errr-magazine.com\/de-ti-cuando-mi-mente-profundizaba-demasiado-mi-sentir\/#breadcrumb"},"inLanguage":"en-US","potentialAction":[{"@type":"ReadAction","target":["https:\/\/errr-magazine.com\/de-ti-cuando-mi-mente-profundizaba-demasiado-mi-sentir\/"]}]},{"@type":"BreadcrumbList","@id":"https:\/\/errr-magazine.com\/de-ti-cuando-mi-mente-profundizaba-demasiado-mi-sentir\/#breadcrumb","itemListElement":[{"@type":"ListItem","position":1,"name":"Portada","item":"https:\/\/errr-magazine.com\/"},{"@type":"ListItem","position":2,"name":"De ti cuando mi mente profundizaba demasiado mi sentir"}]},{"@type":"WebSite","@id":"https:\/\/errr-magazine.com\/#website","url":"https:\/\/errr-magazine.com\/","name":"ERRR MAGAZINE","description":"","potentialAction":[{"@type":"SearchAction","target":{"@type":"EntryPoint","urlTemplate":"https:\/\/errr-magazine.com\/?s={search_term_string}"},"query-input":{"@type":"PropertyValueSpecification","valueRequired":true,"valueName":"search_term_string"}}],"inLanguage":"en-US"},{"@type":"Person","@id":"https:\/\/errr-magazine.com\/#\/schema\/person\/bdb9572e466ac3a6285381693597a529","name":"Mar\u00eda Jos\u00e9 Palomo","image":{"@type":"ImageObject","inLanguage":"en-US","@id":"https:\/\/secure.gravatar.com\/avatar\/5e4c1c84250609b86b67db03fb23d5a95d9715407092a920db9a8ca257b6d1d2?s=96&d=identicon&r=g","url":"https:\/\/secure.gravatar.com\/avatar\/5e4c1c84250609b86b67db03fb23d5a95d9715407092a920db9a8ca257b6d1d2?s=96&d=identicon&r=g","contentUrl":"https:\/\/secure.gravatar.com\/avatar\/5e4c1c84250609b86b67db03fb23d5a95d9715407092a920db9a8ca257b6d1d2?s=96&d=identicon&r=g","caption":"Mar\u00eda Jos\u00e9 Palomo"},"description":"Empec\u00e9 a escribir a los 16 a\u00f1os, solo que antes era un secreto. Ahora tengo 22 a\u00f1os y contin\u00fao sintiendo a trav\u00e9s de la escritura. Que se sepa que todo lo que plasmo viene de lo vivido, internalizado, encarnado y sufrido. Partes de mi siguen vivas gracias a mis textos y poemas. Residiendo en la CDMX.","sameAs":["https:\/\/www.instagram.com\/majo.palomo\/"],"url":"https:\/\/errr-magazine.com\/english\/author\/majo-palomom\/"}]}},"jetpack_featured_media_url":"","jetpack-related-posts":[{"id":139854,"url":"https:\/\/errr-magazine.com\/english\/dia-5-sin-ti-para-ti\/","url_meta":{"origin":170772,"position":0},"title":"D\u00eda 5 sin ti: Para ti","author":"Aritzel Pi\u00f1a","date":"12\/04\/2018","format":false,"excerpt":"Al final recordar\u00e9 aquel beso, el abrazo y te quiero sin saber que ser\u00eda el \u00faltimo; aunque, si lo piensas, en realidad es algo que nunca sabes, llega sin avisar, de sopet\u00f3n. Eso \u00faltimo lo guardar\u00e9 en mi mente a modo de recuerdo para no olvidarlo, estar\u00e1 cerca de las\u2026","rel":"","context":"In &quot;Textos&quot;","block_context":{"text":"Textos","link":"https:\/\/errr-magazine.com\/english\/category\/textos\/"},"img":{"alt_text":"","src":"","width":0,"height":0},"classes":[]},{"id":153771,"url":"https:\/\/errr-magazine.com\/english\/de-repente-sane\/","url_meta":{"origin":170772,"position":1},"title":"De repente san\u00e9","author":"Adriana Balderas","date":"01\/06\/2020","format":false,"excerpt":"Todo el tiempo mi mente como taladro, cansada y enojada conmigo por truncar mi propio camino, cansada de autosabotearme por vivir con miedos. Lleg\u00f3 el d\u00eda en que tuve que dejar de creer que estaba convaleciente, dejar de creer que viv\u00eda enferma y comenc\u00e9 a sanar, dej\u00e9 a un lado\u2026","rel":"","context":"In &quot;Textos&quot;","block_context":{"text":"Textos","link":"https:\/\/errr-magazine.com\/english\/category\/textos\/"},"img":{"alt_text":"","src":"https:\/\/i0.wp.com\/errr-magazine.com\/wp-content\/uploads\/2020\/01\/45613077212_998f6f6d6c_o.jpg?resize=350%2C200&ssl=1","width":350,"height":200,"srcset":"https:\/\/i0.wp.com\/errr-magazine.com\/wp-content\/uploads\/2020\/01\/45613077212_998f6f6d6c_o.jpg?resize=350%2C200&ssl=1 1x, https:\/\/i0.wp.com\/errr-magazine.com\/wp-content\/uploads\/2020\/01\/45613077212_998f6f6d6c_o.jpg?resize=525%2C300&ssl=1 1.5x, https:\/\/i0.wp.com\/errr-magazine.com\/wp-content\/uploads\/2020\/01\/45613077212_998f6f6d6c_o.jpg?resize=700%2C400&ssl=1 2x"},"classes":[]},{"id":201508,"url":"https:\/\/errr-magazine.com\/english\/la-primera-taza-de-cafe\/","url_meta":{"origin":170772,"position":2},"title":"The First Cup of Coffee","author":"Anna Holodna","date":"03\/06\/2026","format":false,"excerpt":"It\u2019s hard to feel like you belong when you\u2019re constantly changing cities, apartments, jobs, and circles of people.","rel":"","context":"In &quot;Personas&quot;","block_context":{"text":"Personas","link":"https:\/\/errr-magazine.com\/english\/category\/interviews\/personas\/"},"img":{"alt_text":"","src":"https:\/\/i0.wp.com\/errr-magazine.com\/wp-content\/uploads\/2026\/03\/104801240038-scaled.jpg?resize=350%2C200&ssl=1","width":350,"height":200,"srcset":"https:\/\/i0.wp.com\/errr-magazine.com\/wp-content\/uploads\/2026\/03\/104801240038-scaled.jpg?resize=350%2C200&ssl=1 1x, https:\/\/i0.wp.com\/errr-magazine.com\/wp-content\/uploads\/2026\/03\/104801240038-scaled.jpg?resize=525%2C300&ssl=1 1.5x, https:\/\/i0.wp.com\/errr-magazine.com\/wp-content\/uploads\/2026\/03\/104801240038-scaled.jpg?resize=700%2C400&ssl=1 2x, https:\/\/i0.wp.com\/errr-magazine.com\/wp-content\/uploads\/2026\/03\/104801240038-scaled.jpg?resize=1050%2C600&ssl=1 3x, https:\/\/i0.wp.com\/errr-magazine.com\/wp-content\/uploads\/2026\/03\/104801240038-scaled.jpg?resize=1400%2C800&ssl=1 4x"},"classes":[]},{"id":203132,"url":"https:\/\/errr-magazine.com\/english\/la-provost-baila-para-demostrar-algo-que-ni-siquiera-ella-sabe\/","url_meta":{"origin":170772,"position":3},"title":"The Provost Dances to Prove Something Even She Doesn\u2019t Know","author":"Carlos Jos\u00e9 P\u00e9rez S\u00e1mano","date":"03\/26\/2026","format":false,"excerpt":"May those who lack the courage to remain silent transcend in their own way. May we find the way to share what is necessary. May my best poems be lost among lost pages.","rel":"","context":"In &quot;Poes\u00eda&quot;","block_context":{"text":"Poes\u00eda","link":"https:\/\/errr-magazine.com\/english\/category\/writing\/poesia\/"},"img":{"alt_text":"","src":"https:\/\/i0.wp.com\/errr-magazine.com\/wp-content\/uploads\/2026\/03\/Foto-3.jpg?resize=350%2C200&ssl=1","width":350,"height":200,"srcset":"https:\/\/i0.wp.com\/errr-magazine.com\/wp-content\/uploads\/2026\/03\/Foto-3.jpg?resize=350%2C200&ssl=1 1x, https:\/\/i0.wp.com\/errr-magazine.com\/wp-content\/uploads\/2026\/03\/Foto-3.jpg?resize=525%2C300&ssl=1 1.5x, https:\/\/i0.wp.com\/errr-magazine.com\/wp-content\/uploads\/2026\/03\/Foto-3.jpg?resize=700%2C400&ssl=1 2x, https:\/\/i0.wp.com\/errr-magazine.com\/wp-content\/uploads\/2026\/03\/Foto-3.jpg?resize=1050%2C600&ssl=1 3x, https:\/\/i0.wp.com\/errr-magazine.com\/wp-content\/uploads\/2026\/03\/Foto-3.jpg?resize=1400%2C800&ssl=1 4x"},"classes":[]},{"id":202949,"url":"https:\/\/errr-magazine.com\/english\/sonreir-a-desconocidos\/","url_meta":{"origin":170772,"position":4},"title":"Smiling at Strangers","author":"Katja Apfelbaum","date":"03\/23\/2026","format":false,"excerpt":"Every time I hear that someone used to be vegan but gave up, I lose a bit more faith in humanity.","rel":"","context":"In &quot;Personas&quot;","block_context":{"text":"Personas","link":"https:\/\/errr-magazine.com\/english\/category\/interviews\/personas\/"},"img":{"alt_text":"","src":"https:\/\/i0.wp.com\/errr-magazine.com\/wp-content\/uploads\/2026\/03\/R1-06163-0025-scaled.jpg?resize=350%2C200&ssl=1","width":350,"height":200,"srcset":"https:\/\/i0.wp.com\/errr-magazine.com\/wp-content\/uploads\/2026\/03\/R1-06163-0025-scaled.jpg?resize=350%2C200&ssl=1 1x, https:\/\/i0.wp.com\/errr-magazine.com\/wp-content\/uploads\/2026\/03\/R1-06163-0025-scaled.jpg?resize=525%2C300&ssl=1 1.5x, https:\/\/i0.wp.com\/errr-magazine.com\/wp-content\/uploads\/2026\/03\/R1-06163-0025-scaled.jpg?resize=700%2C400&ssl=1 2x, https:\/\/i0.wp.com\/errr-magazine.com\/wp-content\/uploads\/2026\/03\/R1-06163-0025-scaled.jpg?resize=1050%2C600&ssl=1 3x, https:\/\/i0.wp.com\/errr-magazine.com\/wp-content\/uploads\/2026\/03\/R1-06163-0025-scaled.jpg?resize=1400%2C800&ssl=1 4x"},"classes":[]},{"id":153378,"url":"https:\/\/errr-magazine.com\/english\/aquella-mirada\/","url_meta":{"origin":170772,"position":5},"title":"Aquella mirada","author":"Mariana Ethuina","date":"12\/17\/2019","format":false,"excerpt":"Ese d\u00eda sent\u00ed como si una fuerza golpeara con tanto fervor mi pecho, como la fuerza de una ola, al mismo tiempo que est\u00e1 golpeaba sent\u00ed como si est\u00e1 fuerza se llevar\u00e1 todos mis pesares incluso los que ya hab\u00eda olvidado. Tu me miraste, de entre tantas miradas con la\u2026","rel":"","context":"In &quot;Textos&quot;","block_context":{"text":"Textos","link":"https:\/\/errr-magazine.com\/english\/category\/textos\/"},"img":{"alt_text":"","src":"","width":0,"height":0},"classes":[]}],"jetpack_sharing_enabled":true,"mfb_rest_fields":["title","yoast_head","yoast_head_json","jetpack_featured_media_url","jetpack-related-posts","jetpack_sharing_enabled"],"_links":{"self":[{"href":"https:\/\/errr-magazine.com\/english\/wp-json\/wp\/v2\/posts\/170772","targetHints":{"allow":["GET"]}}],"collection":[{"href":"https:\/\/errr-magazine.com\/english\/wp-json\/wp\/v2\/posts"}],"about":[{"href":"https:\/\/errr-magazine.com\/english\/wp-json\/wp\/v2\/types\/post"}],"author":[{"embeddable":true,"href":"https:\/\/errr-magazine.com\/english\/wp-json\/wp\/v2\/users\/7371"}],"replies":[{"embeddable":true,"href":"https:\/\/errr-magazine.com\/english\/wp-json\/wp\/v2\/comments?post=170772"}],"version-history":[{"count":5,"href":"https:\/\/errr-magazine.com\/english\/wp-json\/wp\/v2\/posts\/170772\/revisions"}],"predecessor-version":[{"id":172226,"href":"https:\/\/errr-magazine.com\/english\/wp-json\/wp\/v2\/posts\/170772\/revisions\/172226"}],"wp:attachment":[{"href":"https:\/\/errr-magazine.com\/english\/wp-json\/wp\/v2\/media?parent=170772"}],"wp:term":[{"taxonomy":"category","embeddable":true,"href":"https:\/\/errr-magazine.com\/english\/wp-json\/wp\/v2\/categories?post=170772"},{"taxonomy":"post_tag","embeddable":true,"href":"https:\/\/errr-magazine.com\/english\/wp-json\/wp\/v2\/tags?post=170772"}],"curies":[{"name":"wp","href":"https:\/\/api.w.org\/{rel}","templated":true}]}}