{"id":170629,"date":"2021-07-06T19:57:27","date_gmt":"2021-07-07T00:57:27","guid":{"rendered":"https:\/\/errr-magazine.com\/?p=170629"},"modified":"2025-08-21T11:52:32","modified_gmt":"2025-08-21T17:52:32","slug":"caminatas-tristes-en-abril","status":"publish","type":"post","link":"https:\/\/errr-magazine.com\/english\/caminatas-tristes-en-abril\/","title":{"rendered":"Caminatas tristes en abril"},"content":{"rendered":"<p>Soy ese maleducado que tiene los dedos chuecos y la mente retorcida.<br>Soy ese idiota, soso, bobo, aburrido, que&nbsp;lleva veintitr\u00e9s a\u00f1os pregunt\u00e1ndose cu\u00e1l es el sentido de est\u00e1 vida.<br>Soy tambi\u00e9n un miedoso, medroso, t\u00edmido, temeroso, pusil\u00e1nime que vive atemorizado, opacado ante las injusticias del d\u00eda a d\u00eda.<br>Soy ese irresoluto, amilanado, gallina, cag\u00f3n y segueta que huye de todos los amaneceres.<br>Soy mi propia pesadilla.<br>Tengo malos h\u00e1bitos y apesto a desgracias.<br>Soy un pat\u00e1n, tosco, basto, ordinario y grosero que muri\u00f3 en el olvido.<br>En pocas palabras y por \u00faltimas, soy un completo desastre.<\/p>\n\n\n\n<p><a href=\"https:\/\/www.flickr.com\/photos\/korymatthew\/\">Fotograf\u00eda por Kory Westerhold<\/a>\u00a0<\/p>","protected":false},"excerpt":{"rendered":"<p>Soy ese maleducado que tiene los dedos chuecos y la mente retorcida. Soy ese idiota, soso, bobo, aburrido, que\u00a0lleva veintitr\u00e9s a\u00f1os pregunt\u00e1ndose cu\u00e1l es el sentido de est\u00e1 vida.<\/p>","protected":false},"author":7225,"featured_media":192054,"comment_status":"closed","ping_status":"closed","sticky":false,"template":"","format":"standard","meta":{"_acf_changed":false,"cybocfi_hide_featured_image":"","_jetpack_memberships_contains_paid_content":false,"footnotes":""},"categories":[7997],"tags":[],"class_list":["post-170629","post","type-post","status-publish","format-standard","has-post-thumbnail","hentry","category-textos"],"acf":[],"mb":[],"yoast_head":"<!-- This site is optimized with the Yoast SEO plugin v27.2 - https:\/\/yoast.com\/product\/yoast-seo-wordpress\/ -->\n<title>Caminatas tristes en abril - ERRR MAGAZINE<\/title>\n<meta name=\"robots\" content=\"index, follow, max-snippet:-1, max-image-preview:large, max-video-preview:-1\" \/>\n<link rel=\"canonical\" href=\"https:\/\/errr-magazine.com\/english\/caminatas-tristes-en-abril\/\" \/>\n<meta property=\"og:locale\" content=\"en_US\" \/>\n<meta property=\"og:type\" content=\"article\" \/>\n<meta property=\"og:title\" content=\"Caminatas tristes en abril - ERRR MAGAZINE\" \/>\n<meta property=\"og:description\" content=\"Soy ese maleducado que tiene los dedos chuecos y la mente retorcida. Soy ese idiota, soso, bobo, aburrido, que\u00a0lleva veintitr\u00e9s a\u00f1os pregunt\u00e1ndose cu\u00e1l es el sentido de est\u00e1 vida.\" \/>\n<meta property=\"og:url\" content=\"https:\/\/errr-magazine.com\/english\/caminatas-tristes-en-abril\/\" \/>\n<meta property=\"og:site_name\" content=\"ERRR MAGAZINE\" \/>\n<meta property=\"article:published_time\" content=\"2021-07-07T00:57:27+00:00\" \/>\n<meta property=\"article:modified_time\" content=\"2025-08-21T17:52:32+00:00\" \/>\n<meta property=\"og:image\" content=\"https:\/\/errr-magazine.com\/wp-content\/uploads\/2021\/07\/24120514775_35864616f0_k.jpg\" \/>\n\t<meta property=\"og:image:width\" content=\"2048\" \/>\n\t<meta property=\"og:image:height\" content=\"879\" \/>\n\t<meta property=\"og:image:type\" content=\"image\/jpeg\" \/>\n<meta name=\"author\" content=\"Jes\u00fas Ferrer\" \/>\n<meta name=\"twitter:card\" content=\"summary_large_image\" \/>\n<meta name=\"twitter:label1\" content=\"Written by\" \/>\n\t<meta name=\"twitter:data1\" content=\"Jes\u00fas Ferrer\" \/>\n\t<meta name=\"twitter:label2\" content=\"Est. reading time\" \/>\n\t<meta name=\"twitter:data2\" content=\"1 minute\" \/>\n<script type=\"application\/ld+json\" class=\"yoast-schema-graph\">{\"@context\":\"https:\/\/schema.org\",\"@graph\":[{\"@type\":\"Article\",\"@id\":\"https:\/\/errr-magazine.com\/caminatas-tristes-en-abril\/#article\",\"isPartOf\":{\"@id\":\"https:\/\/errr-magazine.com\/caminatas-tristes-en-abril\/\"},\"author\":{\"name\":\"Jes\u00fas Ferrer\",\"@id\":\"https:\/\/errr-magazine.com\/#\/schema\/person\/48c2895b3f3360646121db604b115937\"},\"headline\":\"Caminatas tristes en abril\",\"datePublished\":\"2021-07-07T00:57:27+00:00\",\"dateModified\":\"2025-08-21T17:52:32+00:00\",\"mainEntityOfPage\":{\"@id\":\"https:\/\/errr-magazine.com\/caminatas-tristes-en-abril\/\"},\"wordCount\":119,\"image\":{\"@id\":\"https:\/\/errr-magazine.com\/caminatas-tristes-en-abril\/#primaryimage\"},\"thumbnailUrl\":\"https:\/\/errr-magazine.com\/wp-content\/uploads\/2021\/07\/24120514775_35864616f0_k.jpg\",\"articleSection\":[\"Textos\"],\"inLanguage\":\"en-US\"},{\"@type\":\"WebPage\",\"@id\":\"https:\/\/errr-magazine.com\/caminatas-tristes-en-abril\/\",\"url\":\"https:\/\/errr-magazine.com\/caminatas-tristes-en-abril\/\",\"name\":\"Caminatas tristes en abril - ERRR MAGAZINE\",\"isPartOf\":{\"@id\":\"https:\/\/errr-magazine.com\/#website\"},\"primaryImageOfPage\":{\"@id\":\"https:\/\/errr-magazine.com\/caminatas-tristes-en-abril\/#primaryimage\"},\"image\":{\"@id\":\"https:\/\/errr-magazine.com\/caminatas-tristes-en-abril\/#primaryimage\"},\"thumbnailUrl\":\"https:\/\/errr-magazine.com\/wp-content\/uploads\/2021\/07\/24120514775_35864616f0_k.jpg\",\"datePublished\":\"2021-07-07T00:57:27+00:00\",\"dateModified\":\"2025-08-21T17:52:32+00:00\",\"author\":{\"@id\":\"https:\/\/errr-magazine.com\/#\/schema\/person\/48c2895b3f3360646121db604b115937\"},\"breadcrumb\":{\"@id\":\"https:\/\/errr-magazine.com\/caminatas-tristes-en-abril\/#breadcrumb\"},\"inLanguage\":\"en-US\",\"potentialAction\":[{\"@type\":\"ReadAction\",\"target\":[\"https:\/\/errr-magazine.com\/caminatas-tristes-en-abril\/\"]}]},{\"@type\":\"ImageObject\",\"inLanguage\":\"en-US\",\"@id\":\"https:\/\/errr-magazine.com\/caminatas-tristes-en-abril\/#primaryimage\",\"url\":\"https:\/\/errr-magazine.com\/wp-content\/uploads\/2021\/07\/24120514775_35864616f0_k.jpg\",\"contentUrl\":\"https:\/\/errr-magazine.com\/wp-content\/uploads\/2021\/07\/24120514775_35864616f0_k.jpg\",\"width\":2048,\"height\":879},{\"@type\":\"BreadcrumbList\",\"@id\":\"https:\/\/errr-magazine.com\/caminatas-tristes-en-abril\/#breadcrumb\",\"itemListElement\":[{\"@type\":\"ListItem\",\"position\":1,\"name\":\"Portada\",\"item\":\"https:\/\/errr-magazine.com\/\"},{\"@type\":\"ListItem\",\"position\":2,\"name\":\"Caminatas tristes en abril\"}]},{\"@type\":\"WebSite\",\"@id\":\"https:\/\/errr-magazine.com\/#website\",\"url\":\"https:\/\/errr-magazine.com\/\",\"name\":\"ERRR MAGAZINE\",\"description\":\"\",\"potentialAction\":[{\"@type\":\"SearchAction\",\"target\":{\"@type\":\"EntryPoint\",\"urlTemplate\":\"https:\/\/errr-magazine.com\/?s={search_term_string}\"},\"query-input\":{\"@type\":\"PropertyValueSpecification\",\"valueRequired\":true,\"valueName\":\"search_term_string\"}}],\"inLanguage\":\"en-US\"},{\"@type\":\"Person\",\"@id\":\"https:\/\/errr-magazine.com\/#\/schema\/person\/48c2895b3f3360646121db604b115937\",\"name\":\"Jes\u00fas Ferrer\",\"image\":{\"@type\":\"ImageObject\",\"inLanguage\":\"en-US\",\"@id\":\"https:\/\/secure.gravatar.com\/avatar\/da15e3650fca9c62d8f12507d0c23502ef1d161bfb0bd6a81a26124d0d27823b?s=96&d=identicon&r=g\",\"url\":\"https:\/\/secure.gravatar.com\/avatar\/da15e3650fca9c62d8f12507d0c23502ef1d161bfb0bd6a81a26124d0d27823b?s=96&d=identicon&r=g\",\"contentUrl\":\"https:\/\/secure.gravatar.com\/avatar\/da15e3650fca9c62d8f12507d0c23502ef1d161bfb0bd6a81a26124d0d27823b?s=96&d=identicon&r=g\",\"caption\":\"Jes\u00fas Ferrer\"},\"description\":\"Personaje ficticio.\",\"sameAs\":[\"https:\/\/www.instagram.com\/saludmentaldejesus\/\"],\"url\":\"https:\/\/errr-magazine.com\/english\/author\/alekslml\/\"}]}<\/script>\n<!-- \/ Yoast SEO plugin. -->","yoast_head_json":{"title":"Caminatas tristes en abril - ERRR MAGAZINE","robots":{"index":"index","follow":"follow","max-snippet":"max-snippet:-1","max-image-preview":"max-image-preview:large","max-video-preview":"max-video-preview:-1"},"canonical":"https:\/\/errr-magazine.com\/english\/caminatas-tristes-en-abril\/","og_locale":"en_US","og_type":"article","og_title":"Caminatas tristes en abril - ERRR MAGAZINE","og_description":"Soy ese maleducado que tiene los dedos chuecos y la mente retorcida. Soy ese idiota, soso, bobo, aburrido, que\u00a0lleva veintitr\u00e9s a\u00f1os pregunt\u00e1ndose cu\u00e1l es el sentido de est\u00e1 vida.","og_url":"https:\/\/errr-magazine.com\/english\/caminatas-tristes-en-abril\/","og_site_name":"ERRR MAGAZINE","article_published_time":"2021-07-07T00:57:27+00:00","article_modified_time":"2025-08-21T17:52:32+00:00","og_image":[{"width":2048,"height":879,"url":"https:\/\/errr-magazine.com\/wp-content\/uploads\/2021\/07\/24120514775_35864616f0_k.jpg","type":"image\/jpeg"}],"author":"Jes\u00fas Ferrer","twitter_card":"summary_large_image","twitter_misc":{"Written by":"Jes\u00fas Ferrer","Est. reading time":"1 minute"},"schema":{"@context":"https:\/\/schema.org","@graph":[{"@type":"Article","@id":"https:\/\/errr-magazine.com\/caminatas-tristes-en-abril\/#article","isPartOf":{"@id":"https:\/\/errr-magazine.com\/caminatas-tristes-en-abril\/"},"author":{"name":"Jes\u00fas Ferrer","@id":"https:\/\/errr-magazine.com\/#\/schema\/person\/48c2895b3f3360646121db604b115937"},"headline":"Caminatas tristes en abril","datePublished":"2021-07-07T00:57:27+00:00","dateModified":"2025-08-21T17:52:32+00:00","mainEntityOfPage":{"@id":"https:\/\/errr-magazine.com\/caminatas-tristes-en-abril\/"},"wordCount":119,"image":{"@id":"https:\/\/errr-magazine.com\/caminatas-tristes-en-abril\/#primaryimage"},"thumbnailUrl":"https:\/\/errr-magazine.com\/wp-content\/uploads\/2021\/07\/24120514775_35864616f0_k.jpg","articleSection":["Textos"],"inLanguage":"en-US"},{"@type":"WebPage","@id":"https:\/\/errr-magazine.com\/caminatas-tristes-en-abril\/","url":"https:\/\/errr-magazine.com\/caminatas-tristes-en-abril\/","name":"Caminatas tristes en abril - ERRR MAGAZINE","isPartOf":{"@id":"https:\/\/errr-magazine.com\/#website"},"primaryImageOfPage":{"@id":"https:\/\/errr-magazine.com\/caminatas-tristes-en-abril\/#primaryimage"},"image":{"@id":"https:\/\/errr-magazine.com\/caminatas-tristes-en-abril\/#primaryimage"},"thumbnailUrl":"https:\/\/errr-magazine.com\/wp-content\/uploads\/2021\/07\/24120514775_35864616f0_k.jpg","datePublished":"2021-07-07T00:57:27+00:00","dateModified":"2025-08-21T17:52:32+00:00","author":{"@id":"https:\/\/errr-magazine.com\/#\/schema\/person\/48c2895b3f3360646121db604b115937"},"breadcrumb":{"@id":"https:\/\/errr-magazine.com\/caminatas-tristes-en-abril\/#breadcrumb"},"inLanguage":"en-US","potentialAction":[{"@type":"ReadAction","target":["https:\/\/errr-magazine.com\/caminatas-tristes-en-abril\/"]}]},{"@type":"ImageObject","inLanguage":"en-US","@id":"https:\/\/errr-magazine.com\/caminatas-tristes-en-abril\/#primaryimage","url":"https:\/\/errr-magazine.com\/wp-content\/uploads\/2021\/07\/24120514775_35864616f0_k.jpg","contentUrl":"https:\/\/errr-magazine.com\/wp-content\/uploads\/2021\/07\/24120514775_35864616f0_k.jpg","width":2048,"height":879},{"@type":"BreadcrumbList","@id":"https:\/\/errr-magazine.com\/caminatas-tristes-en-abril\/#breadcrumb","itemListElement":[{"@type":"ListItem","position":1,"name":"Portada","item":"https:\/\/errr-magazine.com\/"},{"@type":"ListItem","position":2,"name":"Caminatas tristes en abril"}]},{"@type":"WebSite","@id":"https:\/\/errr-magazine.com\/#website","url":"https:\/\/errr-magazine.com\/","name":"ERRR MAGAZINE","description":"","potentialAction":[{"@type":"SearchAction","target":{"@type":"EntryPoint","urlTemplate":"https:\/\/errr-magazine.com\/?s={search_term_string}"},"query-input":{"@type":"PropertyValueSpecification","valueRequired":true,"valueName":"search_term_string"}}],"inLanguage":"en-US"},{"@type":"Person","@id":"https:\/\/errr-magazine.com\/#\/schema\/person\/48c2895b3f3360646121db604b115937","name":"Jes\u00fas Ferrer","image":{"@type":"ImageObject","inLanguage":"en-US","@id":"https:\/\/secure.gravatar.com\/avatar\/da15e3650fca9c62d8f12507d0c23502ef1d161bfb0bd6a81a26124d0d27823b?s=96&d=identicon&r=g","url":"https:\/\/secure.gravatar.com\/avatar\/da15e3650fca9c62d8f12507d0c23502ef1d161bfb0bd6a81a26124d0d27823b?s=96&d=identicon&r=g","contentUrl":"https:\/\/secure.gravatar.com\/avatar\/da15e3650fca9c62d8f12507d0c23502ef1d161bfb0bd6a81a26124d0d27823b?s=96&d=identicon&r=g","caption":"Jes\u00fas Ferrer"},"description":"Personaje ficticio.","sameAs":["https:\/\/www.instagram.com\/saludmentaldejesus\/"],"url":"https:\/\/errr-magazine.com\/english\/author\/alekslml\/"}]}},"jetpack_featured_media_url":"https:\/\/errr-magazine.com\/wp-content\/uploads\/2021\/07\/24120514775_35864616f0_k.jpg","jetpack-related-posts":[{"id":141967,"url":"https:\/\/errr-magazine.com\/english\/macarena\/","url_meta":{"origin":170629,"position":0},"title":"Macarena","author":"Miriam Carre\u00f3n Zoeller","date":"03\/22\/2019","format":false,"excerpt":"Durante cinco a\u00f1os perfeccione la apolog\u00eda de mi andar y proceder, ahora soy como un ciego que hace malabares con aguja, hilo y dedal. Soy justo el punto inc\u00f3modo que se\u00f1al\u00e9 sin remordimiento con el dedo de creaci\u00f3n, y aplaste bajo mi u\u00f1a a esas personas ahogadas en aburrimiento que\u2026","rel":"","context":"In &quot;Textos&quot;","block_context":{"text":"Textos","link":"https:\/\/errr-magazine.com\/english\/category\/textos\/"},"img":{"alt_text":"","src":"https:\/\/i0.wp.com\/errr-magazine.com\/wp-content\/uploads\/2019\/03\/39819963303_4f24cb686e_h.jpg?resize=350%2C200&ssl=1","width":350,"height":200,"srcset":"https:\/\/i0.wp.com\/errr-magazine.com\/wp-content\/uploads\/2019\/03\/39819963303_4f24cb686e_h.jpg?resize=350%2C200&ssl=1 1x, https:\/\/i0.wp.com\/errr-magazine.com\/wp-content\/uploads\/2019\/03\/39819963303_4f24cb686e_h.jpg?resize=525%2C300&ssl=1 1.5x, https:\/\/i0.wp.com\/errr-magazine.com\/wp-content\/uploads\/2019\/03\/39819963303_4f24cb686e_h.jpg?resize=700%2C400&ssl=1 2x, https:\/\/i0.wp.com\/errr-magazine.com\/wp-content\/uploads\/2019\/03\/39819963303_4f24cb686e_h.jpg?resize=1050%2C600&ssl=1 3x, https:\/\/i0.wp.com\/errr-magazine.com\/wp-content\/uploads\/2019\/03\/39819963303_4f24cb686e_h.jpg?resize=1400%2C800&ssl=1 4x"},"classes":[]},{"id":134449,"url":"https:\/\/errr-magazine.com\/english\/nostalgia-2\/","url_meta":{"origin":170629,"position":1},"title":"Nostalgia","author":"Edson Tacam","date":"05\/28\/2018","format":false,"excerpt":"Sos ese \u00faltimo aliento de felicidad que me dio vida tu aliento alimenta a otra alma tus manos reconfortan a otras tristezas tus palabras destruyen a otros miedos tus labios inspiran a otros pecados... Me qued\u00e9 solo en un bar, con un \u00a0cigarrillo, un vaso de whisky barato y veintitr\u00e9s\u2026","rel":"","context":"In &quot;Textos&quot;","block_context":{"text":"Textos","link":"https:\/\/errr-magazine.com\/english\/category\/textos\/"},"img":{"alt_text":"","src":"https:\/\/i0.wp.com\/errr-magazine.com\/wp-content\/uploads\/2018\/05\/2.jpg?resize=350%2C200&ssl=1","width":350,"height":200,"srcset":"https:\/\/i0.wp.com\/errr-magazine.com\/wp-content\/uploads\/2018\/05\/2.jpg?resize=350%2C200&ssl=1 1x, https:\/\/i0.wp.com\/errr-magazine.com\/wp-content\/uploads\/2018\/05\/2.jpg?resize=525%2C300&ssl=1 1.5x, https:\/\/i0.wp.com\/errr-magazine.com\/wp-content\/uploads\/2018\/05\/2.jpg?resize=700%2C400&ssl=1 2x"},"classes":[]},{"id":134878,"url":"https:\/\/errr-magazine.com\/english\/en-el-futuro-quiero-ser-marty-mcfly\/","url_meta":{"origin":170629,"position":2},"title":"In the future, I want to be Marty McFly.","author":"monicamonica","date":"06\/09\/2018","format":false,"excerpt":"doce del cinco del dos mil dieciocho,a las diez y veintitr\u00e9s; hoy es s\u00e1bado, medio mill\u00f3n de beb\u00e9s y yo fuimos paridos en s\u00e1bado, pero eso no era lo que quer\u00eda decir, quer\u00eda decir en realidad que si pudi\u00e9ramos medirnos a trav\u00e9s del tiempo y del espacio y pudi\u00e9ramos dibujar\u2026","rel":"","context":"In &quot;Textos&quot;","block_context":{"text":"Textos","link":"https:\/\/errr-magazine.com\/english\/category\/textos\/"},"img":{"alt_text":"","src":"https:\/\/i0.wp.com\/errr-magazine.com\/wp-content\/uploads\/2018\/06\/00630036_981.jpg?resize=350%2C200&ssl=1","width":350,"height":200,"srcset":"https:\/\/i0.wp.com\/errr-magazine.com\/wp-content\/uploads\/2018\/06\/00630036_981.jpg?resize=350%2C200&ssl=1 1x, https:\/\/i0.wp.com\/errr-magazine.com\/wp-content\/uploads\/2018\/06\/00630036_981.jpg?resize=525%2C300&ssl=1 1.5x, https:\/\/i0.wp.com\/errr-magazine.com\/wp-content\/uploads\/2018\/06\/00630036_981.jpg?resize=700%2C400&ssl=1 2x"},"classes":[]},{"id":168216,"url":"https:\/\/errr-magazine.com\/english\/confesion-de-un-joven-suicida\/","url_meta":{"origin":170629,"position":3},"title":"Confesi\u00f3n de un joven suicida","author":"\u00c1ngel Hern\u00e1ndez","date":"03\/17\/2021","format":false,"excerpt":"Andrea, dir\u00eda que no fue un accidente. Tropezar al bajar las escaleras, lo es. Me pregunto si la vida ser\u00eda m\u00e1s sencilla, sin tantos recuerdos en nuestra mente. Hoy no fui a trabajar. Tal vez porque me levant\u00e9 un poco triste. Es 23 de Marzo, tu cumplea\u00f1os. Tom\u00e9 el tren\u2026","rel":"","context":"In &quot;Textos&quot;","block_context":{"text":"Textos","link":"https:\/\/errr-magazine.com\/english\/category\/textos\/"},"img":{"alt_text":"","src":"https:\/\/i0.wp.com\/errr-magazine.com\/wp-content\/uploads\/2021\/03\/28914716090_09027a3467_o1.jpg?resize=350%2C200&ssl=1","width":350,"height":200,"srcset":"https:\/\/i0.wp.com\/errr-magazine.com\/wp-content\/uploads\/2021\/03\/28914716090_09027a3467_o1.jpg?resize=350%2C200&ssl=1 1x, https:\/\/i0.wp.com\/errr-magazine.com\/wp-content\/uploads\/2021\/03\/28914716090_09027a3467_o1.jpg?resize=525%2C300&ssl=1 1.5x, https:\/\/i0.wp.com\/errr-magazine.com\/wp-content\/uploads\/2021\/03\/28914716090_09027a3467_o1.jpg?resize=700%2C400&ssl=1 2x, https:\/\/i0.wp.com\/errr-magazine.com\/wp-content\/uploads\/2021\/03\/28914716090_09027a3467_o1.jpg?resize=1050%2C600&ssl=1 3x, https:\/\/i0.wp.com\/errr-magazine.com\/wp-content\/uploads\/2021\/03\/28914716090_09027a3467_o1.jpg?resize=1400%2C800&ssl=1 4x"},"classes":[]},{"id":200877,"url":"https:\/\/errr-magazine.com\/english\/tanuki-coffee-lab\/","url_meta":{"origin":170629,"position":4},"title":"Tanuki Coffee Lab","author":"Tanuki Coffee Lab","date":"02\/22\/2026","format":false,"excerpt":"A place to create, experiment, and connect. Just like in life, coffee is balance, it\u2019s slowing down and learning to enjoy every moment.","rel":"","context":"In &quot;Cafeterias y panader\u00edas&quot;","block_context":{"text":"Cafeterias y panader\u00edas","link":"https:\/\/errr-magazine.com\/english\/category\/places\/cafeterias-y-panaderias\/"},"img":{"alt_text":"","src":"https:\/\/i0.wp.com\/errr-magazine.com\/wp-content\/uploads\/2026\/02\/TanukixERRRMagazine6.jpg?resize=350%2C200&ssl=1","width":350,"height":200,"srcset":"https:\/\/i0.wp.com\/errr-magazine.com\/wp-content\/uploads\/2026\/02\/TanukixERRRMagazine6.jpg?resize=350%2C200&ssl=1 1x, https:\/\/i0.wp.com\/errr-magazine.com\/wp-content\/uploads\/2026\/02\/TanukixERRRMagazine6.jpg?resize=525%2C300&ssl=1 1.5x, https:\/\/i0.wp.com\/errr-magazine.com\/wp-content\/uploads\/2026\/02\/TanukixERRRMagazine6.jpg?resize=700%2C400&ssl=1 2x, https:\/\/i0.wp.com\/errr-magazine.com\/wp-content\/uploads\/2026\/02\/TanukixERRRMagazine6.jpg?resize=1050%2C600&ssl=1 3x"},"classes":[]},{"id":161356,"url":"https:\/\/errr-magazine.com\/english\/mi-hermano-idiota\/","url_meta":{"origin":170629,"position":5},"title":"Mi Hermano Idiota","author":"Emanuel Pablo Ernesto Vivas","date":"05\/23\/2020","format":false,"excerpt":"Cuando era cr\u00edo sol\u00eda pensar que la vida era \u00fanica y especificamente lo que construiamos a partir de ella, por ejemplo si sos unx mentirosx entonces lo que construis no tendr\u00eda valor alguno y se caer\u00eda a pedazos eventualmente. Con el tiempo empece a ver que esto no era as\u00ed,\u2026","rel":"","context":"In &quot;Textos&quot;","block_context":{"text":"Textos","link":"https:\/\/errr-magazine.com\/english\/category\/textos\/"},"img":{"alt_text":"","src":"","width":0,"height":0},"classes":[]}],"jetpack_sharing_enabled":true,"mfb_rest_fields":["title","yoast_head","yoast_head_json","jetpack_featured_media_url","jetpack-related-posts","jetpack_sharing_enabled"],"_links":{"self":[{"href":"https:\/\/errr-magazine.com\/english\/wp-json\/wp\/v2\/posts\/170629","targetHints":{"allow":["GET"]}}],"collection":[{"href":"https:\/\/errr-magazine.com\/english\/wp-json\/wp\/v2\/posts"}],"about":[{"href":"https:\/\/errr-magazine.com\/english\/wp-json\/wp\/v2\/types\/post"}],"author":[{"embeddable":true,"href":"https:\/\/errr-magazine.com\/english\/wp-json\/wp\/v2\/users\/7225"}],"replies":[{"embeddable":true,"href":"https:\/\/errr-magazine.com\/english\/wp-json\/wp\/v2\/comments?post=170629"}],"version-history":[{"count":3,"href":"https:\/\/errr-magazine.com\/english\/wp-json\/wp\/v2\/posts\/170629\/revisions"}],"predecessor-version":[{"id":192055,"href":"https:\/\/errr-magazine.com\/english\/wp-json\/wp\/v2\/posts\/170629\/revisions\/192055"}],"wp:featuredmedia":[{"embeddable":true,"href":"https:\/\/errr-magazine.com\/english\/wp-json\/wp\/v2\/media\/192054"}],"wp:attachment":[{"href":"https:\/\/errr-magazine.com\/english\/wp-json\/wp\/v2\/media?parent=170629"}],"wp:term":[{"taxonomy":"category","embeddable":true,"href":"https:\/\/errr-magazine.com\/english\/wp-json\/wp\/v2\/categories?post=170629"},{"taxonomy":"post_tag","embeddable":true,"href":"https:\/\/errr-magazine.com\/english\/wp-json\/wp\/v2\/tags?post=170629"}],"curies":[{"name":"wp","href":"https:\/\/api.w.org\/{rel}","templated":true}]}}