{"id":169609,"date":"2021-04-01T08:00:40","date_gmt":"2021-04-01T14:00:40","guid":{"rendered":"https:\/\/errr-magazine.com\/?p=169609"},"modified":"2025-08-15T10:56:26","modified_gmt":"2025-08-15T16:56:26","slug":"assuming-existence-beyond-the-way-it-presents-itself","status":"publish","type":"post","link":"https:\/\/errr-magazine.com\/english\/asumiendo-la-existencia-mas-alla-de-como-se-presenta\/","title":{"rendered":"Assuming existence beyond how it presents itself"},"content":{"rendered":"<p><img decoding=\"async\" class=\"alignnone size-full wp-image-169610 lazyload\" data-src=\"https:\/\/errr-magazine.com\/wp-content\/uploads\/2021\/03\/01.png\" alt=\"\" width=\"2000\" height=\"1300\" data-srcset=\"https:\/\/errr-magazine.com\/wp-content\/uploads\/2021\/03\/01.png 2000w, https:\/\/errr-magazine.com\/wp-content\/uploads\/2021\/03\/01-660x429.png 660w, https:\/\/errr-magazine.com\/wp-content\/uploads\/2021\/03\/01-300x195.png 300w, https:\/\/errr-magazine.com\/wp-content\/uploads\/2021\/03\/01-1024x666.png 1024w, https:\/\/errr-magazine.com\/wp-content\/uploads\/2021\/03\/01-768x499.png 768w, https:\/\/errr-magazine.com\/wp-content\/uploads\/2021\/03\/01-1536x998.png 1536w, https:\/\/errr-magazine.com\/wp-content\/uploads\/2021\/03\/01-1000x650.png 1000w, https:\/\/errr-magazine.com\/wp-content\/uploads\/2021\/03\/01-1320x858.png 1320w\" data-sizes=\"(max-width: 2000px) 100vw, 2000px\" src=\"data:image\/svg+xml;base64,PHN2ZyB3aWR0aD0iMSIgaGVpZ2h0PSIxIiB4bWxucz0iaHR0cDovL3d3dy53My5vcmcvMjAwMC9zdmciPjwvc3ZnPg==\" style=\"--smush-placeholder-width: 2000px; --smush-placeholder-aspect-ratio: 2000\/1300;\" \/><br \/>\nI am trying, like many people, to assume existence beyond how it presents itself to me. This was possible thanks to an experience with LSD, which I consider as a second birth. From then on I try to relate to everything around me with respect and love.<br \/>\nExistence does not discriminate or categorize, everything in it has the same importance. The image speaks about differences not mattering, everything deserves to be treated with empathy. It is possible to unlearn and remove the filters that create the feeling that we are isolated events and not part of a whole.<\/p>\n<p><img decoding=\"async\" class=\"alignnone size-full wp-image-169611 lazyload\" data-src=\"https:\/\/errr-magazine.com\/wp-content\/uploads\/2021\/03\/02.png\" alt=\"\" width=\"1200\" height=\"942\" data-srcset=\"https:\/\/errr-magazine.com\/wp-content\/uploads\/2021\/03\/02.png 1200w, https:\/\/errr-magazine.com\/wp-content\/uploads\/2021\/03\/02-660x518.png 660w, https:\/\/errr-magazine.com\/wp-content\/uploads\/2021\/03\/02-300x236.png 300w, https:\/\/errr-magazine.com\/wp-content\/uploads\/2021\/03\/02-1024x804.png 1024w, https:\/\/errr-magazine.com\/wp-content\/uploads\/2021\/03\/02-768x603.png 768w, https:\/\/errr-magazine.com\/wp-content\/uploads\/2021\/03\/02-1000x785.png 1000w\" data-sizes=\"(max-width: 1200px) 100vw, 1200px\" src=\"data:image\/svg+xml;base64,PHN2ZyB3aWR0aD0iMSIgaGVpZ2h0PSIxIiB4bWxucz0iaHR0cDovL3d3dy53My5vcmcvMjAwMC9zdmciPjwvc3ZnPg==\" style=\"--smush-placeholder-width: 1200px; --smush-placeholder-aspect-ratio: 1200\/942;\" \/><br \/>\nThis image allows me to talk about change. The person I am now, no longer thinks the same as the person I was when I made this collage. This image is imperative and I have no right to tell anyone how to lead their life, even if it is through something I posted on a social network. We are all learning at our own pace.<\/p>\n<p><img decoding=\"async\" class=\"alignnone size-full wp-image-169612 lazyload\" data-src=\"https:\/\/errr-magazine.com\/wp-content\/uploads\/2021\/03\/03.png\" alt=\"\" width=\"2000\" height=\"2421\" data-srcset=\"https:\/\/errr-magazine.com\/wp-content\/uploads\/2021\/03\/03.png 2000w, https:\/\/errr-magazine.com\/wp-content\/uploads\/2021\/03\/03-660x799.png 660w, https:\/\/errr-magazine.com\/wp-content\/uploads\/2021\/03\/03-248x300.png 248w, https:\/\/errr-magazine.com\/wp-content\/uploads\/2021\/03\/03-846x1024.png 846w, https:\/\/errr-magazine.com\/wp-content\/uploads\/2021\/03\/03-768x930.png 768w, https:\/\/errr-magazine.com\/wp-content\/uploads\/2021\/03\/03-1269x1536.png 1269w, https:\/\/errr-magazine.com\/wp-content\/uploads\/2021\/03\/03-1692x2048.png 1692w, https:\/\/errr-magazine.com\/wp-content\/uploads\/2021\/03\/03-1000x1211.png 1000w, https:\/\/errr-magazine.com\/wp-content\/uploads\/2021\/03\/03-1320x1598.png 1320w\" data-sizes=\"(max-width: 2000px) 100vw, 2000px\" src=\"data:image\/svg+xml;base64,PHN2ZyB3aWR0aD0iMSIgaGVpZ2h0PSIxIiB4bWxucz0iaHR0cDovL3d3dy53My5vcmcvMjAwMC9zdmciPjwvc3ZnPg==\" style=\"--smush-placeholder-width: 2000px; --smush-placeholder-aspect-ratio: 2000\/2421;\" \/><br \/>\nFor this image I put the fragment of a text written by Chris Pauling.<br \/>\n\u201cWe are often at the mercy of our instinctive and unconscious impulses. Only if we know, in a clear way, what is going on in our mind and heart will we stop behaving as victims of our past conditioning and our present external circumstances.\u201d.<\/p>\n<p><img decoding=\"async\" class=\"alignnone size-full wp-image-169613 lazyload\" data-src=\"https:\/\/errr-magazine.com\/wp-content\/uploads\/2021\/03\/04.png\" alt=\"\" width=\"2000\" height=\"2472\" data-srcset=\"https:\/\/errr-magazine.com\/wp-content\/uploads\/2021\/03\/04.png 2000w, https:\/\/errr-magazine.com\/wp-content\/uploads\/2021\/03\/04-660x816.png 660w, https:\/\/errr-magazine.com\/wp-content\/uploads\/2021\/03\/04-243x300.png 243w, https:\/\/errr-magazine.com\/wp-content\/uploads\/2021\/03\/04-828x1024.png 828w, https:\/\/errr-magazine.com\/wp-content\/uploads\/2021\/03\/04-768x949.png 768w, https:\/\/errr-magazine.com\/wp-content\/uploads\/2021\/03\/04-1243x1536.png 1243w, https:\/\/errr-magazine.com\/wp-content\/uploads\/2021\/03\/04-1657x2048.png 1657w, https:\/\/errr-magazine.com\/wp-content\/uploads\/2021\/03\/04-1000x1236.png 1000w, https:\/\/errr-magazine.com\/wp-content\/uploads\/2021\/03\/04-1320x1632.png 1320w\" data-sizes=\"(max-width: 2000px) 100vw, 2000px\" src=\"data:image\/svg+xml;base64,PHN2ZyB3aWR0aD0iMSIgaGVpZ2h0PSIxIiB4bWxucz0iaHR0cDovL3d3dy53My5vcmcvMjAwMC9zdmciPjwvc3ZnPg==\" style=\"--smush-placeholder-width: 2000px; --smush-placeholder-aspect-ratio: 2000\/2472;\" \/><br \/>\nIf you don't see the system that systematically oppresses and discriminates against women every day in every part of the world, you may be part of it. Recognize who we are, recognize the problem and change.<\/p>\n<p><img decoding=\"async\" class=\"alignnone size-full wp-image-169614 lazyload\" data-src=\"https:\/\/errr-magazine.com\/wp-content\/uploads\/2021\/03\/05.png\" alt=\"\" width=\"1588\" height=\"1513\" data-srcset=\"https:\/\/errr-magazine.com\/wp-content\/uploads\/2021\/03\/05.png 1588w, https:\/\/errr-magazine.com\/wp-content\/uploads\/2021\/03\/05-660x629.png 660w, https:\/\/errr-magazine.com\/wp-content\/uploads\/2021\/03\/05-300x286.png 300w, https:\/\/errr-magazine.com\/wp-content\/uploads\/2021\/03\/05-1024x976.png 1024w, https:\/\/errr-magazine.com\/wp-content\/uploads\/2021\/03\/05-768x732.png 768w, https:\/\/errr-magazine.com\/wp-content\/uploads\/2021\/03\/05-1536x1463.png 1536w, https:\/\/errr-magazine.com\/wp-content\/uploads\/2021\/03\/05-1000x953.png 1000w, https:\/\/errr-magazine.com\/wp-content\/uploads\/2021\/03\/05-1320x1258.png 1320w\" data-sizes=\"(max-width: 1588px) 100vw, 1588px\" src=\"data:image\/svg+xml;base64,PHN2ZyB3aWR0aD0iMSIgaGVpZ2h0PSIxIiB4bWxucz0iaHR0cDovL3d3dy53My5vcmcvMjAwMC9zdmciPjwvc3ZnPg==\" style=\"--smush-placeholder-width: 1588px; --smush-placeholder-aspect-ratio: 1588\/1513;\" \/><br \/>\nSuddenly I just like to build images for their aesthetic sense and this is the case :).<\/p>","protected":false},"excerpt":{"rendered":"<p>If you don't see the system that systematically oppresses and discriminates against women every day in every part of the world, you may be part of it. Recognizing who we are, recognizing the problem and changing...<\/p>","protected":false},"author":7346,"featured_media":169614,"comment_status":"closed","ping_status":"closed","sticky":false,"template":"","format":"standard","meta":{"_acf_changed":false,"cybocfi_hide_featured_image":"yes","_jetpack_memberships_contains_paid_content":false,"footnotes":""},"categories":[17849],"tags":[],"class_list":["post-169609","post","type-post","status-publish","format-standard","has-post-thumbnail","hentry","category-interviews"],"acf":[],"mb":[],"yoast_head":"<!-- This site is optimized with the Yoast SEO plugin v27.2 - https:\/\/yoast.com\/product\/yoast-seo-wordpress\/ -->\n<title>Asumiendo la existencia m\u00e1s all\u00e1 de c\u00f3mo se presenta - ERRR MAGAZINE<\/title>\n<meta name=\"robots\" content=\"index, follow, max-snippet:-1, max-image-preview:large, max-video-preview:-1\" \/>\n<link rel=\"canonical\" href=\"https:\/\/errr-magazine.com\/english\/assuming-existence-beyond-the-way-it-presents-itself\/\" \/>\n<meta property=\"og:locale\" content=\"en_US\" \/>\n<meta property=\"og:type\" content=\"article\" \/>\n<meta property=\"og:title\" content=\"Asumiendo la existencia m\u00e1s all\u00e1 de c\u00f3mo se presenta - ERRR MAGAZINE\" \/>\n<meta property=\"og:description\" content=\"Si no ves al sistema que oprime y discrimina sistem\u00e1ticamente a las mujeres todos los d\u00edas en todos los lugares del mundo, es posible que seas parte de \u00e9l. Reconocer quienes somos, reconocer el problema y cambiar...\" \/>\n<meta property=\"og:url\" content=\"https:\/\/errr-magazine.com\/english\/assuming-existence-beyond-the-way-it-presents-itself\/\" \/>\n<meta property=\"og:site_name\" content=\"ERRR MAGAZINE\" \/>\n<meta property=\"article:published_time\" content=\"2021-04-01T14:00:40+00:00\" \/>\n<meta property=\"article:modified_time\" content=\"2025-08-15T16:56:26+00:00\" \/>\n<meta property=\"og:image\" content=\"https:\/\/errr-magazine.com\/wp-content\/uploads\/2021\/03\/05-768x732.png\" \/>\n\t<meta property=\"og:image:width\" content=\"768\" \/>\n\t<meta property=\"og:image:height\" content=\"732\" \/>\n\t<meta property=\"og:image:type\" content=\"image\/png\" \/>\n<meta name=\"author\" content=\"Oscar Rodr\u00edguez Amado\" \/>\n<meta name=\"twitter:card\" content=\"summary_large_image\" \/>\n<meta name=\"twitter:label1\" content=\"Written by\" \/>\n\t<meta name=\"twitter:data1\" content=\"Oscar Rodr\u00edguez Amado\" \/>\n\t<meta name=\"twitter:label2\" content=\"Est. reading time\" \/>\n\t<meta name=\"twitter:data2\" content=\"3 minutes\" \/>\n<script type=\"application\/ld+json\" class=\"yoast-schema-graph\">{\"@context\":\"https:\/\/schema.org\",\"@graph\":[{\"@type\":\"Article\",\"@id\":\"https:\/\/errr-magazine.com\/asumiendo-la-existencia-mas-alla-de-como-se-presenta\/#article\",\"isPartOf\":{\"@id\":\"https:\/\/errr-magazine.com\/asumiendo-la-existencia-mas-alla-de-como-se-presenta\/\"},\"author\":{\"name\":\"Oscar Rodr\u00edguez Amado\",\"@id\":\"https:\/\/errr-magazine.com\/#\/schema\/person\/c9a7bb65d94c979126024decbfb8e98e\"},\"headline\":\"Asumiendo la existencia m\u00e1s all\u00e1 de c\u00f3mo se presenta\",\"datePublished\":\"2021-04-01T14:00:40+00:00\",\"dateModified\":\"2025-08-15T16:56:26+00:00\",\"mainEntityOfPage\":{\"@id\":\"https:\/\/errr-magazine.com\/asumiendo-la-existencia-mas-alla-de-como-se-presenta\/\"},\"wordCount\":298,\"image\":{\"@id\":\"https:\/\/errr-magazine.com\/asumiendo-la-existencia-mas-alla-de-como-se-presenta\/#primaryimage\"},\"thumbnailUrl\":\"https:\/\/errr-magazine.com\/wp-content\/uploads\/2021\/03\/05.png\",\"articleSection\":[\"Interview\"],\"inLanguage\":\"en-US\"},{\"@type\":\"WebPage\",\"@id\":\"https:\/\/errr-magazine.com\/asumiendo-la-existencia-mas-alla-de-como-se-presenta\/\",\"url\":\"https:\/\/errr-magazine.com\/asumiendo-la-existencia-mas-alla-de-como-se-presenta\/\",\"name\":\"Asumiendo la existencia m\u00e1s all\u00e1 de c\u00f3mo se presenta - ERRR MAGAZINE\",\"isPartOf\":{\"@id\":\"https:\/\/errr-magazine.com\/#website\"},\"primaryImageOfPage\":{\"@id\":\"https:\/\/errr-magazine.com\/asumiendo-la-existencia-mas-alla-de-como-se-presenta\/#primaryimage\"},\"image\":{\"@id\":\"https:\/\/errr-magazine.com\/asumiendo-la-existencia-mas-alla-de-como-se-presenta\/#primaryimage\"},\"thumbnailUrl\":\"https:\/\/errr-magazine.com\/wp-content\/uploads\/2021\/03\/05.png\",\"datePublished\":\"2021-04-01T14:00:40+00:00\",\"dateModified\":\"2025-08-15T16:56:26+00:00\",\"author\":{\"@id\":\"https:\/\/errr-magazine.com\/#\/schema\/person\/c9a7bb65d94c979126024decbfb8e98e\"},\"breadcrumb\":{\"@id\":\"https:\/\/errr-magazine.com\/asumiendo-la-existencia-mas-alla-de-como-se-presenta\/#breadcrumb\"},\"inLanguage\":\"en-US\",\"potentialAction\":[{\"@type\":\"ReadAction\",\"target\":[\"https:\/\/errr-magazine.com\/asumiendo-la-existencia-mas-alla-de-como-se-presenta\/\"]}]},{\"@type\":\"BreadcrumbList\",\"@id\":\"https:\/\/errr-magazine.com\/asumiendo-la-existencia-mas-alla-de-como-se-presenta\/#breadcrumb\",\"itemListElement\":[{\"@type\":\"ListItem\",\"position\":1,\"name\":\"Portada\",\"item\":\"https:\/\/errr-magazine.com\/\"},{\"@type\":\"ListItem\",\"position\":2,\"name\":\"Asumiendo la existencia m\u00e1s all\u00e1 de c\u00f3mo se presenta\"}]},{\"@type\":\"WebSite\",\"@id\":\"https:\/\/errr-magazine.com\/#website\",\"url\":\"https:\/\/errr-magazine.com\/\",\"name\":\"ERRR MAGAZINE\",\"description\":\"\",\"potentialAction\":[{\"@type\":\"SearchAction\",\"target\":{\"@type\":\"EntryPoint\",\"urlTemplate\":\"https:\/\/errr-magazine.com\/?s={search_term_string}\"},\"query-input\":{\"@type\":\"PropertyValueSpecification\",\"valueRequired\":true,\"valueName\":\"search_term_string\"}}],\"inLanguage\":\"en-US\"},{\"@type\":\"Person\",\"@id\":\"https:\/\/errr-magazine.com\/#\/schema\/person\/c9a7bb65d94c979126024decbfb8e98e\",\"name\":\"Oscar Rodr\u00edguez Amado\",\"image\":{\"@type\":\"ImageObject\",\"inLanguage\":\"en-US\",\"@id\":\"https:\/\/secure.gravatar.com\/avatar\/10a1fb88317ec3467b219252767942603ac56a1b0db3df0d1c4d5f5f9dd731af?s=96&d=identicon&r=g\",\"url\":\"https:\/\/secure.gravatar.com\/avatar\/10a1fb88317ec3467b219252767942603ac56a1b0db3df0d1c4d5f5f9dd731af?s=96&d=identicon&r=g\",\"contentUrl\":\"https:\/\/secure.gravatar.com\/avatar\/10a1fb88317ec3467b219252767942603ac56a1b0db3df0d1c4d5f5f9dd731af?s=96&d=identicon&r=g\",\"caption\":\"Oscar Rodr\u00edguez Amado\"},\"description\":\"Nac\u00ed en la Ciudad de M\u00e9xico en donde estudi\u00e9 Dise\u00f1o y Comunicaci\u00f3n Visual en la Facultad de Artes y Dise\u00f1o de la UNAM con especialidad en Dise\u00f1o Editorial. Durante 9 a\u00f1os trabaj\u00e9 en la revista Picnic en donde me desempe\u00f1e como director editorial y editor gr\u00e1fico. Actualmente soy Talent Research en Domestika, formo parte del comit\u00e9 fundador de la Bienal de Ilustraci\u00f3n organizada por Pictoline, asi como dealer una Feria de ilustraci\u00f3n y dise\u00f1o en la CDMX.\",\"sameAs\":[\"https:\/\/www.instagram.com\/portamalmar\/\"],\"url\":\"https:\/\/errr-magazine.com\/english\/author\/cosmicamexico\/\"}]}<\/script>\n<!-- \/ Yoast SEO plugin. -->","yoast_head_json":{"title":"Assuming existence beyond how it appears - ERRR MAGAZINE","robots":{"index":"index","follow":"follow","max-snippet":"max-snippet:-1","max-image-preview":"max-image-preview:large","max-video-preview":"max-video-preview:-1"},"canonical":"https:\/\/errr-magazine.com\/english\/assuming-existence-beyond-the-way-it-presents-itself\/","og_locale":"en_US","og_type":"article","og_title":"Asumiendo la existencia m\u00e1s all\u00e1 de c\u00f3mo se presenta - ERRR MAGAZINE","og_description":"Si no ves al sistema que oprime y discrimina sistem\u00e1ticamente a las mujeres todos los d\u00edas en todos los lugares del mundo, es posible que seas parte de \u00e9l. Reconocer quienes somos, reconocer el problema y cambiar...","og_url":"https:\/\/errr-magazine.com\/english\/assuming-existence-beyond-the-way-it-presents-itself\/","og_site_name":"ERRR MAGAZINE","article_published_time":"2021-04-01T14:00:40+00:00","article_modified_time":"2025-08-15T16:56:26+00:00","og_image":[{"width":768,"height":732,"url":"https:\/\/errr-magazine.com\/wp-content\/uploads\/2021\/03\/05-768x732.png","type":"image\/png"}],"author":"Oscar Rodr\u00edguez Amado","twitter_card":"summary_large_image","twitter_misc":{"Written by":"Oscar Rodr\u00edguez Amado","Est. reading time":"3 minutes"},"schema":{"@context":"https:\/\/schema.org","@graph":[{"@type":"Article","@id":"https:\/\/errr-magazine.com\/asumiendo-la-existencia-mas-alla-de-como-se-presenta\/#article","isPartOf":{"@id":"https:\/\/errr-magazine.com\/asumiendo-la-existencia-mas-alla-de-como-se-presenta\/"},"author":{"name":"Oscar Rodr\u00edguez Amado","@id":"https:\/\/errr-magazine.com\/#\/schema\/person\/c9a7bb65d94c979126024decbfb8e98e"},"headline":"Asumiendo la existencia m\u00e1s all\u00e1 de c\u00f3mo se presenta","datePublished":"2021-04-01T14:00:40+00:00","dateModified":"2025-08-15T16:56:26+00:00","mainEntityOfPage":{"@id":"https:\/\/errr-magazine.com\/asumiendo-la-existencia-mas-alla-de-como-se-presenta\/"},"wordCount":298,"image":{"@id":"https:\/\/errr-magazine.com\/asumiendo-la-existencia-mas-alla-de-como-se-presenta\/#primaryimage"},"thumbnailUrl":"https:\/\/errr-magazine.com\/wp-content\/uploads\/2021\/03\/05.png","articleSection":["Interview"],"inLanguage":"en-US"},{"@type":"WebPage","@id":"https:\/\/errr-magazine.com\/asumiendo-la-existencia-mas-alla-de-como-se-presenta\/","url":"https:\/\/errr-magazine.com\/asumiendo-la-existencia-mas-alla-de-como-se-presenta\/","name":"Assuming existence beyond how it appears - ERRR MAGAZINE","isPartOf":{"@id":"https:\/\/errr-magazine.com\/#website"},"primaryImageOfPage":{"@id":"https:\/\/errr-magazine.com\/asumiendo-la-existencia-mas-alla-de-como-se-presenta\/#primaryimage"},"image":{"@id":"https:\/\/errr-magazine.com\/asumiendo-la-existencia-mas-alla-de-como-se-presenta\/#primaryimage"},"thumbnailUrl":"https:\/\/errr-magazine.com\/wp-content\/uploads\/2021\/03\/05.png","datePublished":"2021-04-01T14:00:40+00:00","dateModified":"2025-08-15T16:56:26+00:00","author":{"@id":"https:\/\/errr-magazine.com\/#\/schema\/person\/c9a7bb65d94c979126024decbfb8e98e"},"breadcrumb":{"@id":"https:\/\/errr-magazine.com\/asumiendo-la-existencia-mas-alla-de-como-se-presenta\/#breadcrumb"},"inLanguage":"en-US","potentialAction":[{"@type":"ReadAction","target":["https:\/\/errr-magazine.com\/asumiendo-la-existencia-mas-alla-de-como-se-presenta\/"]}]},{"@type":"BreadcrumbList","@id":"https:\/\/errr-magazine.com\/asumiendo-la-existencia-mas-alla-de-como-se-presenta\/#breadcrumb","itemListElement":[{"@type":"ListItem","position":1,"name":"Portada","item":"https:\/\/errr-magazine.com\/"},{"@type":"ListItem","position":2,"name":"Asumiendo la existencia m\u00e1s all\u00e1 de c\u00f3mo se presenta"}]},{"@type":"WebSite","@id":"https:\/\/errr-magazine.com\/#website","url":"https:\/\/errr-magazine.com\/","name":"ERRR MAGAZINE","description":"","potentialAction":[{"@type":"SearchAction","target":{"@type":"EntryPoint","urlTemplate":"https:\/\/errr-magazine.com\/?s={search_term_string}"},"query-input":{"@type":"PropertyValueSpecification","valueRequired":true,"valueName":"search_term_string"}}],"inLanguage":"en-US"},{"@type":"Person","@id":"https:\/\/errr-magazine.com\/#\/schema\/person\/c9a7bb65d94c979126024decbfb8e98e","name":"Oscar Rodr\u00edguez Amado","image":{"@type":"ImageObject","inLanguage":"en-US","@id":"https:\/\/secure.gravatar.com\/avatar\/10a1fb88317ec3467b219252767942603ac56a1b0db3df0d1c4d5f5f9dd731af?s=96&d=identicon&r=g","url":"https:\/\/secure.gravatar.com\/avatar\/10a1fb88317ec3467b219252767942603ac56a1b0db3df0d1c4d5f5f9dd731af?s=96&d=identicon&r=g","contentUrl":"https:\/\/secure.gravatar.com\/avatar\/10a1fb88317ec3467b219252767942603ac56a1b0db3df0d1c4d5f5f9dd731af?s=96&d=identicon&r=g","caption":"Oscar Rodr\u00edguez Amado"},"description":"I was born in Mexico City where I studied Design and Visual Communication at the Faculty of Arts and Design of the UNAM, specializing in Editorial Design. For 9 years I worked at Picnic magazine where I served as editorial director and graphic editor. Currently I am Talent Research at Domestika, I am part of the founding committee of the Illustration Biennial organized by Pictoline, as well as dealer of an illustration and design fair in the CDMX.","sameAs":["https:\/\/www.instagram.com\/portamalmar\/"],"url":"https:\/\/errr-magazine.com\/english\/author\/cosmicamexico\/"}]}},"jetpack_featured_media_url":"https:\/\/errr-magazine.com\/wp-content\/uploads\/2021\/03\/05.png","jetpack-related-posts":[{"id":203135,"url":"https:\/\/errr-magazine.com\/english\/la-vida-es-un-teatro\/","url_meta":{"origin":169609,"position":0},"title":"Life Is a Theater","author":"Jes\u00fas Eduardo Bernal Loeza","date":"03\/26\/2026","format":false,"excerpt":"On the other hand, the phrase that reality surpasses fiction reveals a fundamental aspect of human nature: our unsurpassable inclination to interpret and to construct fictions around chaos and randomness.","rel":"","context":"In &quot;Ensayo&quot;","block_context":{"text":"Ensayo","link":"https:\/\/errr-magazine.com\/english\/category\/writing\/ensayo\/"},"img":{"alt_text":"","src":"https:\/\/i0.wp.com\/errr-magazine.com\/wp-content\/uploads\/2026\/03\/image1-1.jpeg?resize=350%2C200&ssl=1","width":350,"height":200,"srcset":"https:\/\/i0.wp.com\/errr-magazine.com\/wp-content\/uploads\/2026\/03\/image1-1.jpeg?resize=350%2C200&ssl=1 1x, https:\/\/i0.wp.com\/errr-magazine.com\/wp-content\/uploads\/2026\/03\/image1-1.jpeg?resize=525%2C300&ssl=1 1.5x, https:\/\/i0.wp.com\/errr-magazine.com\/wp-content\/uploads\/2026\/03\/image1-1.jpeg?resize=700%2C400&ssl=1 2x, https:\/\/i0.wp.com\/errr-magazine.com\/wp-content\/uploads\/2026\/03\/image1-1.jpeg?resize=1050%2C600&ssl=1 3x, https:\/\/i0.wp.com\/errr-magazine.com\/wp-content\/uploads\/2026\/03\/image1-1.jpeg?resize=1400%2C800&ssl=1 4x"},"classes":[]},{"id":201531,"url":"https:\/\/errr-magazine.com\/english\/las-cenizas-vuelan\/","url_meta":{"origin":169609,"position":1},"title":"The Ashes Fly","author":"Karla Villag\u00f3mez","date":"03\/07\/2026","format":false,"excerpt":"Once I began working with analog photography, I gave my work a sense of pursuit. Everything I photographed became a constant questioning of belonging, identity, and the simple act of existing and \u201cbeing.\u201d","rel":"","context":"In &quot;Artes visuales&quot;","block_context":{"text":"Artes visuales","link":"https:\/\/errr-magazine.com\/english\/category\/interviews\/artes-visuales\/"},"img":{"alt_text":"","src":"https:\/\/i0.wp.com\/errr-magazine.com\/wp-content\/uploads\/2026\/03\/Foto-29-01-26-10-31-30-pm-1.jpg?resize=350%2C200&ssl=1","width":350,"height":200,"srcset":"https:\/\/i0.wp.com\/errr-magazine.com\/wp-content\/uploads\/2026\/03\/Foto-29-01-26-10-31-30-pm-1.jpg?resize=350%2C200&ssl=1 1x, https:\/\/i0.wp.com\/errr-magazine.com\/wp-content\/uploads\/2026\/03\/Foto-29-01-26-10-31-30-pm-1.jpg?resize=525%2C300&ssl=1 1.5x, https:\/\/i0.wp.com\/errr-magazine.com\/wp-content\/uploads\/2026\/03\/Foto-29-01-26-10-31-30-pm-1.jpg?resize=700%2C400&ssl=1 2x, https:\/\/i0.wp.com\/errr-magazine.com\/wp-content\/uploads\/2026\/03\/Foto-29-01-26-10-31-30-pm-1.jpg?resize=1050%2C600&ssl=1 3x, https:\/\/i0.wp.com\/errr-magazine.com\/wp-content\/uploads\/2026\/03\/Foto-29-01-26-10-31-30-pm-1.jpg?resize=1400%2C800&ssl=1 4x"},"classes":[]},{"id":177152,"url":"https:\/\/errr-magazine.com\/english\/que-pasa-despues\/","url_meta":{"origin":169609,"position":2},"title":"\u00bfQu\u00e9 pasa despu\u00e9s?","author":"Judit","date":"05\/09\/2022","format":false,"excerpt":"Me parece curioso c\u00f3mo funciona la vida, como hoy est\u00e1s y despu\u00e9s ya no. Como hoy lo eres todo, y despu\u00e9s ya no. Desde muy chica he tratado de entender y verle el lado bueno a las cosas para evitar un tipo de tristeza inconsolable, y a pesar de que\u2026","rel":"","context":"In &quot;Textos&quot;","block_context":{"text":"Textos","link":"https:\/\/errr-magazine.com\/english\/category\/textos\/"},"img":{"alt_text":"","src":"https:\/\/i0.wp.com\/errr-magazine.com\/wp-content\/uploads\/2022\/03\/ct2f-2022-03-22-135501.820-scaled.jpg?resize=350%2C200&ssl=1","width":350,"height":200,"srcset":"https:\/\/i0.wp.com\/errr-magazine.com\/wp-content\/uploads\/2022\/03\/ct2f-2022-03-22-135501.820-scaled.jpg?resize=350%2C200&ssl=1 1x, https:\/\/i0.wp.com\/errr-magazine.com\/wp-content\/uploads\/2022\/03\/ct2f-2022-03-22-135501.820-scaled.jpg?resize=525%2C300&ssl=1 1.5x, https:\/\/i0.wp.com\/errr-magazine.com\/wp-content\/uploads\/2022\/03\/ct2f-2022-03-22-135501.820-scaled.jpg?resize=700%2C400&ssl=1 2x, https:\/\/i0.wp.com\/errr-magazine.com\/wp-content\/uploads\/2022\/03\/ct2f-2022-03-22-135501.820-scaled.jpg?resize=1050%2C600&ssl=1 3x, https:\/\/i0.wp.com\/errr-magazine.com\/wp-content\/uploads\/2022\/03\/ct2f-2022-03-22-135501.820-scaled.jpg?resize=1400%2C800&ssl=1 4x"},"classes":[]},{"id":203023,"url":"https:\/\/errr-magazine.com\/english\/un-lugar-al-que-volver\/","url_meta":{"origin":169609,"position":3},"title":"A Place to Return To","author":"Angela Dias","date":"03\/25\/2026","format":false,"excerpt":"I enjoy working with error, with time, and with chance\u2014slower, more experimental processes where each image becomes almost an event.","rel":"","context":"In &quot;Artes visuales&quot;","block_context":{"text":"Artes visuales","link":"https:\/\/errr-magazine.com\/english\/category\/interviews\/artes-visuales\/"},"img":{"alt_text":"","src":"https:\/\/i0.wp.com\/errr-magazine.com\/wp-content\/uploads\/2026\/03\/000033-7-scaled.jpg?resize=350%2C200&ssl=1","width":350,"height":200,"srcset":"https:\/\/i0.wp.com\/errr-magazine.com\/wp-content\/uploads\/2026\/03\/000033-7-scaled.jpg?resize=350%2C200&ssl=1 1x, https:\/\/i0.wp.com\/errr-magazine.com\/wp-content\/uploads\/2026\/03\/000033-7-scaled.jpg?resize=525%2C300&ssl=1 1.5x, https:\/\/i0.wp.com\/errr-magazine.com\/wp-content\/uploads\/2026\/03\/000033-7-scaled.jpg?resize=700%2C400&ssl=1 2x, https:\/\/i0.wp.com\/errr-magazine.com\/wp-content\/uploads\/2026\/03\/000033-7-scaled.jpg?resize=1050%2C600&ssl=1 3x, https:\/\/i0.wp.com\/errr-magazine.com\/wp-content\/uploads\/2026\/03\/000033-7-scaled.jpg?resize=1400%2C800&ssl=1 4x"},"classes":[]},{"id":197598,"url":"https:\/\/errr-magazine.com\/english\/espectros-de-una-memoria\/","url_meta":{"origin":169609,"position":4},"title":"Specters of a memory","author":"Alejandra Sobrevilla","date":"01\/14\/2026","format":false,"excerpt":"I think it is important to know how to distinguish between what is being lived and what is being recorded, and to feel confident that beyond the image there is also an enduring memory that will ultimately become the true symbol of the photograph.","rel":"","context":"In &quot;Artes visuales&quot;","block_context":{"text":"Artes visuales","link":"https:\/\/errr-magazine.com\/english\/category\/interviews\/artes-visuales\/"},"img":{"alt_text":"","src":"https:\/\/i0.wp.com\/errr-magazine.com\/wp-content\/uploads\/2026\/01\/R1-04824-026A-1-edited-1-scaled.jpg?resize=350%2C200&ssl=1","width":350,"height":200,"srcset":"https:\/\/i0.wp.com\/errr-magazine.com\/wp-content\/uploads\/2026\/01\/R1-04824-026A-1-edited-1-scaled.jpg?resize=350%2C200&ssl=1 1x, https:\/\/i0.wp.com\/errr-magazine.com\/wp-content\/uploads\/2026\/01\/R1-04824-026A-1-edited-1-scaled.jpg?resize=525%2C300&ssl=1 1.5x, https:\/\/i0.wp.com\/errr-magazine.com\/wp-content\/uploads\/2026\/01\/R1-04824-026A-1-edited-1-scaled.jpg?resize=700%2C400&ssl=1 2x, https:\/\/i0.wp.com\/errr-magazine.com\/wp-content\/uploads\/2026\/01\/R1-04824-026A-1-edited-1-scaled.jpg?resize=1050%2C600&ssl=1 3x, https:\/\/i0.wp.com\/errr-magazine.com\/wp-content\/uploads\/2026\/01\/R1-04824-026A-1-edited-1-scaled.jpg?resize=1400%2C800&ssl=1 4x"},"classes":[]},{"id":126969,"url":"https:\/\/errr-magazine.com\/english\/hijos-de-la-noche\/","url_meta":{"origin":169609,"position":5},"title":"Hijos de la noche","author":"Noe Brisco","date":"01\/19\/2018","format":false,"excerpt":"Sonaba Stirb nicht vor mir y la imagen de Nosferatu me recordaba aquella madrugada en que con tus largos dedos blancos tocaste mi ser.","rel":"","context":"In &quot;Textos&quot;","block_context":{"text":"Textos","link":"https:\/\/errr-magazine.com\/english\/category\/textos\/"},"img":{"alt_text":"","src":"https:\/\/i0.wp.com\/errr-magazine.com\/wp-content\/uploads\/2018\/01\/000010460019-scaled.jpeg?resize=350%2C200&ssl=1","width":350,"height":200,"srcset":"https:\/\/i0.wp.com\/errr-magazine.com\/wp-content\/uploads\/2018\/01\/000010460019-scaled.jpeg?resize=350%2C200&ssl=1 1x, https:\/\/i0.wp.com\/errr-magazine.com\/wp-content\/uploads\/2018\/01\/000010460019-scaled.jpeg?resize=525%2C300&ssl=1 1.5x, https:\/\/i0.wp.com\/errr-magazine.com\/wp-content\/uploads\/2018\/01\/000010460019-scaled.jpeg?resize=700%2C400&ssl=1 2x, https:\/\/i0.wp.com\/errr-magazine.com\/wp-content\/uploads\/2018\/01\/000010460019-scaled.jpeg?resize=1050%2C600&ssl=1 3x, https:\/\/i0.wp.com\/errr-magazine.com\/wp-content\/uploads\/2018\/01\/000010460019-scaled.jpeg?resize=1400%2C800&ssl=1 4x"},"classes":[]}],"jetpack_sharing_enabled":true,"mfb_rest_fields":["title","yoast_head","yoast_head_json","jetpack_featured_media_url","jetpack-related-posts","jetpack_sharing_enabled"],"_links":{"self":[{"href":"https:\/\/errr-magazine.com\/english\/wp-json\/wp\/v2\/posts\/169609","targetHints":{"allow":["GET"]}}],"collection":[{"href":"https:\/\/errr-magazine.com\/english\/wp-json\/wp\/v2\/posts"}],"about":[{"href":"https:\/\/errr-magazine.com\/english\/wp-json\/wp\/v2\/types\/post"}],"author":[{"embeddable":true,"href":"https:\/\/errr-magazine.com\/english\/wp-json\/wp\/v2\/users\/7346"}],"replies":[{"embeddable":true,"href":"https:\/\/errr-magazine.com\/english\/wp-json\/wp\/v2\/comments?post=169609"}],"version-history":[{"count":5,"href":"https:\/\/errr-magazine.com\/english\/wp-json\/wp\/v2\/posts\/169609\/revisions"}],"predecessor-version":[{"id":182421,"href":"https:\/\/errr-magazine.com\/english\/wp-json\/wp\/v2\/posts\/169609\/revisions\/182421"}],"wp:featuredmedia":[{"embeddable":true,"href":"https:\/\/errr-magazine.com\/english\/wp-json\/wp\/v2\/media\/169614"}],"wp:attachment":[{"href":"https:\/\/errr-magazine.com\/english\/wp-json\/wp\/v2\/media?parent=169609"}],"wp:term":[{"taxonomy":"category","embeddable":true,"href":"https:\/\/errr-magazine.com\/english\/wp-json\/wp\/v2\/categories?post=169609"},{"taxonomy":"post_tag","embeddable":true,"href":"https:\/\/errr-magazine.com\/english\/wp-json\/wp\/v2\/tags?post=169609"}],"curies":[{"name":"wp","href":"https:\/\/api.w.org\/{rel}","templated":true}]}}